{"id":10713,"date":"2020-11-08T14:05:16","date_gmt":"2020-11-08T14:05:16","guid":{"rendered":"https:\/\/loclilala-vacances.com\/le-marche-de-royan\/"},"modified":"2026-04-05T11:28:25","modified_gmt":"2026-04-05T09:28:25","slug":"marsch-von-royan","status":"publish","type":"post","link":"https:\/\/cparici.com\/de\/marche-de-royan\/","title":{"rendered":"Der Markt in Royan"},"content":{"rendered":"\t\t<div data-elementor-type=\"wp-post\" data-elementor-id=\"10713\" class=\"elementor elementor-10713\" data-elementor-post-type=\"post\">\n\t\t\t\t<div class=\"elementor-element elementor-element-193fb41 e-con-full e-flex e-con e-parent\" data-id=\"193fb41\" data-element_type=\"container\" data-e-type=\"container\">\n\t\t\t\t<div class=\"elementor-element elementor-element-dbdfec8 elementor-widget elementor-widget-image\" data-id=\"dbdfec8\" data-element_type=\"widget\" data-e-type=\"widget\" data-widget_type=\"image.default\">\n\t\t\t\t\t\t\t\t\t\t\t\t\t\t\t<img decoding=\"async\" width=\"1530\" height=\"648\" src=\"https:\/\/cparici.com\/wp-content\/uploads\/2020\/11\/marche-de-royan.jpg\" class=\"attachment-full size-full wp-image-49704\" alt=\"march\u00e9 de royan\" srcset=\"https:\/\/cparici.com\/wp-content\/uploads\/2020\/11\/marche-de-royan.jpg 1530w, https:\/\/cparici.com\/wp-content\/uploads\/2020\/11\/marche-de-royan-300x127.jpg 300w, https:\/\/cparici.com\/wp-content\/uploads\/2020\/11\/marche-de-royan-1024x434.jpg 1024w, https:\/\/cparici.com\/wp-content\/uploads\/2020\/11\/marche-de-royan-768x325.jpg 768w, https:\/\/cparici.com\/wp-content\/uploads\/2020\/11\/marche-de-royan-590x250.jpg 590w, https:\/\/cparici.com\/wp-content\/uploads\/2020\/11\/marche-de-royan-1200x508.jpg 1200w, https:\/\/cparici.com\/wp-content\/uploads\/2020\/11\/marche-de-royan-577x244.jpg 577w, https:\/\/cparici.com\/wp-content\/uploads\/2020\/11\/marche-de-royan-600x254.jpg 600w\" sizes=\"(max-width: 1530px) 100vw, 1530px\" \/>\t\t\t\t\t\t\t\t\t\t\t\t\t\t\t<\/div>\n\t\t\t\t<\/div>\n\t\t<aside class=\"elementor-element elementor-element-15d57f2 e-flex e-con-boxed e-con e-parent\" data-id=\"15d57f2\" data-element_type=\"container\" data-e-type=\"container\">\n\t\t\t\t\t<div class=\"e-con-inner\">\n\t\t\t\t<div class=\"elementor-element elementor-element-12fcbaf elementor-widget elementor-widget-global elementor-global-62046 elementor-widget-eael-advanced-search\" data-id=\"12fcbaf\" data-element_type=\"widget\" data-e-type=\"widget\" data-widget_type=\"eael-advanced-search.default\">\n\t\t\t\t\t        <div class=\"eael-adv-search-wrapper\">\n            <div id=\"eael-advanced-search-widget-12fcbaf\" class=\"eael-advanced-search-widget\">\n                <form data-settings=\"{&quot;post_per_page&quot;:5,&quot;search_among_taxonomies&quot;:&quot;&quot;,&quot;search_among_sku&quot;:&quot;no&quot;,&quot;show_popular_keyword&quot;:0,&quot;show_category&quot;:0,&quot;show_content_image&quot;:1,&quot;show_search_result_all_results&quot;:0,&quot;result_on_new_tab&quot;:&quot;no&quot;,&quot;show_product_price&quot;:&quot;no&quot;,&quot;include_current_page&quot;:&quot;no&quot;,&quot;current_post_id&quot;:10713,&quot;post_type&quot;:[&quot;post&quot;,&quot;listing&quot;]}\" method=\"POST\" name=\"eael-advanced-search-form-12fcbaf\" class=\"eael-advanced-search-form eael-advanced-search-form-style-2\">\n                    <div class=\"eael-advanced-search-wrap\">\n                        <span class=\"eael-adv-search-loader\"><\/span>\n                        <span class=\"eael-adv-search-close\"><i class=\"fas fa-times\"><\/i><\/span>\n                        <span class=\"icon \"><i class=\"fas fa-search\"><\/i><\/span>\n\n                        <input type=\"text\"\n                               placeholder=\"Votre destination\"\n                               class=\"eael-advanced-search\" autocomplete=\"off\" name=\"eael_advanced_search\">\n                    <\/div>\n\t\t\t\t\t                                    <\/form>\n\n\t\t\t\t\n\t\t\t\t        <div class=\"eael-advanced-search-result\">\n            <div class=\"eael-advanced-search-popular-keyword\">\n\t\t\t\t<h4 class=\"eael-advanced-search-popular-keyword-text\">Recherches populaires<\/h4>                <div class=\"eael-popular-keyword-content\"><\/div>\n            <\/div>\n            <div class=\"eael-advanced-search-category\">\n\t\t\t\t<h4 class=\"eael-advanced-search-category-text\">Categories<\/h4>                <div class=\"eael-popular-category-content\"><\/div>\n            <\/div>\n\t\t\t<div class=\"eael-advanced-search-total-results-section\">\n\t\t\t\t\t\t\t<\/div>\n            <div class=\"eael-advanced-search-content eael-item-style-3\">\n            <\/div>\n            <div class=\"eael-advanced-search-not-found\">\n                <p>Pas de r\u00e9sultats<\/p><\/div>\n            <div class=\"eael-advanced-search-load-more\">\n\t\t\t\t<a \tclass=\"eael-advanced-search-load-more-button\"\n                \thref=\"#\">Voir tous les r\u00e9sultats<\/a>\n            <\/div>\n        <\/div>\n\n\t\t            <\/div>\n        <\/div>\n\n\t\t\t\t\t\t<\/div>\n\t\t\t\t\t<\/div>\n\t\t\t\t<\/aside>\n\t\t<div class=\"elementor-element elementor-element-bbf8fee e-flex e-con-boxed e-con e-parent\" data-id=\"bbf8fee\" data-element_type=\"container\" data-e-type=\"container\">\n\t\t\t\t\t<div class=\"e-con-inner\">\n\t\t\t\t<div class=\"elementor-element elementor-element-4368943 elementor-widget elementor-widget-text-editor\" data-id=\"4368943\" data-element_type=\"widget\" data-e-type=\"widget\" data-widget_type=\"text-editor.default\">\n\t\t\t\t\t\t\t\t\t<h1 class=\"\" style=\"text-align: center;\" data-start=\"151\" data-end=\"226\"><span style=\"font-size: 18pt;\">March\u00e9 de Royan<\/span><\/h1><h2 data-start=\"151\" data-end=\"226\"><span style=\"font-size: 14pt;\">Pourquoi le march\u00e9 de Royan est un incontournable de la Charente-Maritime<\/span><\/h2><p class=\"\" data-start=\"228\" data-end=\"781\">Situ\u00e9 au c\u0153ur d\u2019une station baln\u00e9aire r\u00e9put\u00e9e de la c\u00f4te Atlantique, le <strong data-start=\"300\" data-end=\"319\">march\u00e9 de Royan<\/strong> est bien plus qu\u2019un simple lieu de commerce : c\u2019est un v\u00e9ritable symbole de la ville et un passage oblig\u00e9 pour tout visiteur en qu\u00eate d\u2019authenticit\u00e9, de d\u00e9couvertes culinaires et d\u2019\u00e9change avec les producteurs locaux. \u00c0 travers son <strong data-start=\"552\" data-end=\"575\">architecture unique<\/strong>, son <strong data-start=\"581\" data-end=\"600\">ambiance anim\u00e9e<\/strong>, ses <strong data-start=\"606\" data-end=\"625\">produits locaux<\/strong> d\u2019exception et son <strong data-start=\"645\" data-end=\"663\">histoire riche<\/strong>, ce march\u00e9 repr\u00e9sente une porte d\u2019entr\u00e9e id\u00e9ale pour explorer les saveurs, les traditions et la culture <strong data-start=\"768\" data-end=\"779\">du pays<\/strong>.<\/p>\t\t\t\t\t\t\t\t<\/div>\n\t\t\t\t\t<\/div>\n\t\t\t\t<\/div>\n\t\t<aside class=\"elementor-element elementor-element-61aa966c e-flex e-con-boxed e-con e-parent\" data-id=\"61aa966c\" data-element_type=\"container\" data-e-type=\"container\" data-settings=\"{&quot;background_background&quot;:&quot;classic&quot;}\">\n\t\t\t\t\t<div class=\"e-con-inner\">\n\t\t\t\t<div class=\"elementor-element elementor-element-3067ae5e elementor-widget elementor-widget-spacer\" data-id=\"3067ae5e\" data-element_type=\"widget\" data-e-type=\"widget\" data-widget_type=\"spacer.default\">\n\t\t\t\t\t\t\t<div class=\"elementor-spacer\">\n\t\t\t<div class=\"elementor-spacer-inner\"><\/div>\n\t\t<\/div>\n\t\t\t\t\t\t<\/div>\n\t\t\t\t<div class=\"elementor-element elementor-element-755e4d7a elementor-widget elementor-widget-heading\" data-id=\"755e4d7a\" data-element_type=\"widget\" data-e-type=\"widget\" data-widget_type=\"heading.default\">\n\t\t\t\t\t<h3 class=\"elementor-heading-title elementor-size-default\">Locations de Vacances Royan en direct<\/h3>\t\t\t\t<\/div>\n\t\t\t\t<div class=\"elementor-element elementor-element-3430581f elementor-widget elementor-widget-listeo-listings-carousel\" data-id=\"3430581f\" data-element_type=\"widget\" data-e-type=\"widget\" data-widget_type=\"listeo-listings-carousel.default\">\n\t\t\t\t<div class=\"elementor-widget-container\">\n\t\t\t\t\t        <!-- Carousel \/ Start -->\n        \t<div class=\"simple-slick-carousel dots-nav\" data-slick='{&quot;autoplay&quot;:true,&quot;autoplaySpeed&quot;:3000,&quot;slidesToShow&quot;:3,&quot;slidesToScroll&quot;:1,&quot;responsive&quot;:[{&quot;breakpoint&quot;:1024,&quot;settings&quot;:{&quot;slidesToShow&quot;:2,&quot;slidesToScroll&quot;:1}},{&quot;breakpoint&quot;:768,&quot;settings&quot;:{&quot;slidesToShow&quot;:1,&quot;slidesToScroll&quot;:1}}]}'>\n                            <div class=\"fw-carousel-item\">                    \n                        <!-- Listing Item -->\r\n            <div class=\"col-lg-6 col-md-12\">\r\n                <a href=\"https:\/\/cparici.com\/de\/annonce\/villa-lucas-2-7-piscine-spa\/\"  class=\"listing-item-container listing-geo-data compact\" \r\n\t\tdata-title=\"Villa Lucas 2-7 Piscine-spa, Meschers sur Gironde\"\r\n\t\tdata-listing-type=\"rental\"\r\n\t\tdata-classifieds-price=\"\u20ac\"\r\n\t\tdata-friendly-address=\"Boulevard de la Falaise\"\r\n\t\tdata-address=\"Boulevard de la Falaise\"\r\n\t\tdata-image=\"https:\/\/cparici.com\/wp-content\/uploads\/2025\/01\/20200519_141942_01-1-edit-20230321171015-520x397.jpg\"\r\n\t\tdata-longitude=\"-0.9543354999999999\"\r\n\t\tdata-latitude=\"45.5547399\"\r\n\t\t\t\t\tdata-rating=\"5\"\r\n\t\t\tdata-reviews=\"12\"\r\n\t\t\t\tdata-icon=\"<svg xmlns=&quot;http:\/\/www.w3.org\/2000\/svg&quot; width=&quot;800px&quot; height=&quot;800px&quot; viewBox=&quot;0 0 45 45&quot; fill=&quot;none&quot;>\n<path d=&quot;M24.155 8.78099L24.33 8.94499L37.402 21.787L36 23.213L34.2 21.445L34.201 35C34.201 36.054 33.385 36.918 32.35 36.994L32.201 37H12.201C11.147 37 10.283 36.184 10.206 35.149L10.201 35L10.2 21.446L8.402 23.213L7 21.787L20.058 8.95799C21.171 7.82199 22.966 7.75899 24.155 8.78099ZM21.569 10.285L21.473 10.372L12.2 19.481L12.201 35L17.2 34.999L17.201 25C17.201 23.946 18.017 23.082 19.052 23.005L19.201 23H25.201C26.255 23 27.119 23.816 27.196 24.851L27.201 25L27.2 34.999L32.201 35L32.2 19.48L22.901 10.344C22.537 9.98699 21.969 9.96499 21.569 10.285ZM25.201 25H19.201L19.2 34.999H25.2L25.201 25Z&quot; fill=&quot;#3C3C3C&quot;\/>\n<\/svg>\"\r\n\r\n\t>\r\n            <div class=\"listing-item  \">\r\n                <div class=\"listing-small-badges-container\">\r\n                                                                <div class=\"listing-small-badge pricing-badge\"><i class=\"fa fa-tag\"><\/i>370,00\u20ac - 370,00\u20ac<\/div>\r\n                                                            \r\n                                        \r\n                                        \r\n                <\/div>\r\n                <img decoding=\"async\" src=\"https:\/\/cparici.com\/wp-content\/uploads\/2025\/01\/20200519_141942_01-1-edit-20230321171015-520x397.jpg\" alt=\"Villa Lucas 2-7 Piscine-spa, Meschers sur Gironde\" class=\"listing-thumbnail\">\r\n                \r\n\r\n                <div class=\"listing-item-content\">\r\n                                                <div class=\"numerical-rating\" data-rating=\"5.0\"><\/div>\r\n                    \r\n                    <h3> Villa Lucas 2-7 Piscine-spa, Meschers sur Gironde <\/h3>\r\n                    <span>Boulevard de la Falaise<\/span>\r\n                <\/div>\r\n                                        <span class=\"save like-icon tooltip left\" title=\"Login To Bookmark Items\"><\/span>\r\n                                                <\/div>\r\n        <\/a>\r\n                    <\/div>\r\n        \r\n\r\n        <!-- Listing Item \/ End -->\n                    <\/div>\n                                      <div class=\"fw-carousel-item\">                    \n                        <!-- Listing Item -->\r\n            <div class=\"col-lg-6 col-md-12\">\r\n                <a href=\"https:\/\/cparici.com\/de\/annonce\/appartement-face-mer\/\"  class=\"listing-item-container listing-geo-data compact\" \r\n\t\tdata-title=\"La Perrini\u00e8re Appartement face mer Royan\"\r\n\t\tdata-listing-type=\"rental\"\r\n\t\tdata-classifieds-price=\"\u20ac\"\r\n\t\tdata-friendly-address=\"royan\"\r\n\t\tdata-address=\"royan\"\r\n\t\tdata-image=\"https:\/\/cparici.com\/wp-content\/uploads\/2025\/05\/366880516.jpg\"\r\n\t\tdata-longitude=\"-1.0197084\"\r\n\t\tdata-latitude=\"45.6217724\"\r\n\t\t\t\t\tdata-rating=\"0\"\r\n\t\t\tdata-reviews=\"0\"\r\n\t\t\t\tdata-icon=\"<svg xmlns=&quot;http:\/\/www.w3.org\/2000\/svg&quot; width=&quot;800px&quot; height=&quot;800px&quot; viewBox=&quot;0 0 45 45&quot; fill=&quot;none&quot;>\n<path d=&quot;M24.155 8.78099L24.33 8.94499L37.402 21.787L36 23.213L34.2 21.445L34.201 35C34.201 36.054 33.385 36.918 32.35 36.994L32.201 37H12.201C11.147 37 10.283 36.184 10.206 35.149L10.201 35L10.2 21.446L8.402 23.213L7 21.787L20.058 8.95799C21.171 7.82199 22.966 7.75899 24.155 8.78099ZM21.569 10.285L21.473 10.372L12.2 19.481L12.201 35L17.2 34.999L17.201 25C17.201 23.946 18.017 23.082 19.052 23.005L19.201 23H25.201C26.255 23 27.119 23.816 27.196 24.851L27.201 25L27.2 34.999L32.201 35L32.2 19.48L22.901 10.344C22.537 9.98699 21.969 9.96499 21.569 10.285ZM25.201 25H19.201L19.2 34.999H25.2L25.201 25Z&quot; fill=&quot;#3C3C3C&quot;\/>\n<\/svg>\"\r\n\r\n\t>\r\n            <div class=\"listing-item  featured-listing\">\r\n                <div class=\"listing-small-badges-container\">\r\n                                            <div class=\"listing-small-badge featured-badge\"><i class=\"fa fa-star\"><\/i> Featured<\/div>\r\n                                                                <div class=\"listing-small-badge pricing-badge\"><i class=\"fa fa-tag\"><\/i>260,00\u20ac - 390,00\u20ac<\/div>\r\n                                                            \r\n                                        \r\n                                        \r\n                <\/div>\r\n                <img decoding=\"async\" src=\"https:\/\/cparici.com\/wp-content\/uploads\/2025\/05\/366880516.jpg\" alt=\"La Perrini\u00e8re Appartement face mer Royan\" class=\"listing-thumbnail\">\r\n                                \r\n\r\n                <div class=\"listing-item-content\">\r\n                    \r\n                    <h3> La Perrini\u00e8re Appartement face mer Royan <\/h3>\r\n                    <span>royan<\/span>\r\n                <\/div>\r\n                                        <span class=\"save like-icon tooltip left\" title=\"Login To Bookmark Items\"><\/span>\r\n                                                <\/div>\r\n        <\/a>\r\n                    <\/div>\r\n        \r\n\r\n        <!-- Listing Item \/ End -->\n                    <\/div>\n                                      <div class=\"fw-carousel-item\">                    \n                        <!-- Listing Item -->\r\n            <div class=\"col-lg-6 col-md-12\">\r\n                <a href=\"https:\/\/cparici.com\/de\/annonce\/le-douze\/\"  class=\"listing-item-container listing-geo-data compact\" \r\n\t\tdata-title=\"LE DOUZE\"\r\n\t\tdata-listing-type=\"rental\"\r\n\t\tdata-classifieds-price=\"\u20ac\"\r\n\t\tdata-friendly-address=\"41 ter rue de paradis\"\r\n\t\tdata-address=\"41 ter rue de paradis\"\r\n\t\tdata-image=\"https:\/\/cparici.com\/wp-content\/uploads\/2025\/03\/DSC06292-HDR-520x397.jpg\"\r\n\t\tdata-longitude=\"-1.1430937\"\r\n\t\tdata-latitude=\"45.7162024\"\r\n\t\t\t\t\tdata-rating=\"5\"\r\n\t\t\tdata-reviews=\"4\"\r\n\t\t\t\tdata-icon=\"<svg xmlns=&quot;http:\/\/www.w3.org\/2000\/svg&quot; width=&quot;800px&quot; height=&quot;800px&quot; viewBox=&quot;0 0 45 45&quot; fill=&quot;none&quot;>\n<path d=&quot;M24.155 8.78099L24.33 8.94499L37.402 21.787L36 23.213L34.2 21.445L34.201 35C34.201 36.054 33.385 36.918 32.35 36.994L32.201 37H12.201C11.147 37 10.283 36.184 10.206 35.149L10.201 35L10.2 21.446L8.402 23.213L7 21.787L20.058 8.95799C21.171 7.82199 22.966 7.75899 24.155 8.78099ZM21.569 10.285L21.473 10.372L12.2 19.481L12.201 35L17.2 34.999L17.201 25C17.201 23.946 18.017 23.082 19.052 23.005L19.201 23H25.201C26.255 23 27.119 23.816 27.196 24.851L27.201 25L27.2 34.999L32.201 35L32.2 19.48L22.901 10.344C22.537 9.98699 21.969 9.96499 21.569 10.285ZM25.201 25H19.201L19.2 34.999H25.2L25.201 25Z&quot; fill=&quot;#3C3C3C&quot;\/>\n<\/svg>\"\r\n\r\n\t>\r\n            <div class=\"listing-item  featured-listing\">\r\n                <div class=\"listing-small-badges-container\">\r\n                                            <div class=\"listing-small-badge featured-badge\"><i class=\"fa fa-star\"><\/i> Featured<\/div>\r\n                                                                <div class=\"listing-small-badge pricing-badge\"><i class=\"fa fa-tag\"><\/i>150,00\u20ac - 171,00\u20ac<\/div>\r\n                                                            \r\n                                        \r\n                                        \r\n                <\/div>\r\n                <img decoding=\"async\" src=\"https:\/\/cparici.com\/wp-content\/uploads\/2025\/03\/DSC06292-HDR-520x397.jpg\" alt=\"LE DOUZE\" class=\"listing-thumbnail\">\r\n                                \r\n\r\n                <div class=\"listing-item-content\">\r\n                                                <div class=\"numerical-rating\" data-rating=\"5.0\"><\/div>\r\n                    \r\n                    <h3> LE DOUZE <i class=\"verified-icon\"><\/i><\/h3>\r\n                    <span>41 ter rue de paradis<\/span>\r\n                <\/div>\r\n                                        <span class=\"save like-icon tooltip left\" title=\"Login To Bookmark Items\"><\/span>\r\n                                                <\/div>\r\n        <\/a>\r\n                    <\/div>\r\n        \r\n\r\n        <!-- Listing Item \/ End -->\n                    <\/div>\n                                      <div class=\"fw-carousel-item\">                    \n                        <!-- Listing Item -->\r\n            <div class=\"col-lg-6 col-md-12\">\r\n                <a href=\"https:\/\/cparici.com\/de\/annonce\/bicoque-de-sophie\/\"  class=\"listing-item-container listing-geo-data compact\" \r\n\t\tdata-title=\"Bicoque de Sophie\"\r\n\t\tdata-listing-type=\"rental\"\r\n\t\tdata-classifieds-price=\"\u20ac\"\r\n\t\tdata-friendly-address=\"Hyper centre Saint-Georges-de-Didonne\"\r\n\t\tdata-address=\"Hyper centre Saint-Georges-de-Didonne\"\r\n\t\tdata-image=\"https:\/\/cparici.com\/wp-content\/uploads\/2025\/01\/20220601_133451-edit-20230319213149-520x397.jpg\"\r\n\t\tdata-longitude=\"-0.9977845\"\r\n\t\tdata-latitude=\"45.6029549\"\r\n\t\t\t\t\tdata-rating=\"3.7\"\r\n\t\t\tdata-reviews=\"3\"\r\n\t\t\t\tdata-icon=\"<svg xmlns=&quot;http:\/\/www.w3.org\/2000\/svg&quot; width=&quot;800px&quot; height=&quot;800px&quot; viewBox=&quot;0 0 45 45&quot; fill=&quot;none&quot;>\n<path d=&quot;M24.155 8.78099L24.33 8.94499L37.402 21.787L36 23.213L34.2 21.445L34.201 35C34.201 36.054 33.385 36.918 32.35 36.994L32.201 37H12.201C11.147 37 10.283 36.184 10.206 35.149L10.201 35L10.2 21.446L8.402 23.213L7 21.787L20.058 8.95799C21.171 7.82199 22.966 7.75899 24.155 8.78099ZM21.569 10.285L21.473 10.372L12.2 19.481L12.201 35L17.2 34.999L17.201 25C17.201 23.946 18.017 23.082 19.052 23.005L19.201 23H25.201C26.255 23 27.119 23.816 27.196 24.851L27.201 25L27.2 34.999L32.201 35L32.2 19.48L22.901 10.344C22.537 9.98699 21.969 9.96499 21.569 10.285ZM25.201 25H19.201L19.2 34.999H25.2L25.201 25Z&quot; fill=&quot;#3C3C3C&quot;\/>\n<\/svg>\"\r\n\r\n\t>\r\n            <div class=\"listing-item  \">\r\n                <div class=\"listing-small-badges-container\">\r\n                                                                <div class=\"listing-small-badge pricing-badge\"><i class=\"fa fa-tag\"><\/i>120,00\u20ac - 140,00\u20ac<\/div>\r\n                                                            \r\n                                        \r\n                                        \r\n                <\/div>\r\n                <img decoding=\"async\" src=\"https:\/\/cparici.com\/wp-content\/uploads\/2025\/01\/20220601_133451-edit-20230319213149-520x397.jpg\" alt=\"Bicoque de Sophie\" class=\"listing-thumbnail\">\r\n                \r\n\r\n                <div class=\"listing-item-content\">\r\n                                                <div class=\"numerical-rating\" data-rating=\"3.7\"><\/div>\r\n                    \r\n                    <h3> Bicoque de Sophie <\/h3>\r\n                    <span>Hyper centre Saint-Georges-de-Didonne<\/span>\r\n                <\/div>\r\n                                        <span class=\"save like-icon tooltip left\" title=\"Login To Bookmark Items\"><\/span>\r\n                                                <\/div>\r\n        <\/a>\r\n                    <\/div>\r\n        \r\n\r\n        <!-- Listing Item \/ End -->\n                    <\/div>\n                          <\/div>\n        \t\t\t\t<\/div>\n\t\t\t\t<\/div>\n\t\t\t\t\t<\/div>\n\t\t\t\t<\/aside>\n\t\t<div class=\"elementor-element elementor-element-30d1574 e-flex e-con-boxed e-con e-parent\" data-id=\"30d1574\" data-element_type=\"container\" data-e-type=\"container\">\n\t\t\t\t\t<div class=\"e-con-inner\">\n\t\t\t\t<div class=\"elementor-element elementor-element-02f4292 elementor-widget elementor-widget-text-editor\" data-id=\"02f4292\" data-element_type=\"widget\" data-e-type=\"widget\" data-widget_type=\"text-editor.default\">\n\t\t\t\t\t\t\t\t\t<h2 class=\"\" data-start=\"788\" data-end=\"833\">Une architecture iconique au c\u0153ur de Royan<\/h2><p class=\"\" data-start=\"835\" data-end=\"1308\">Le <strong data-start=\"838\" data-end=\"857\">march\u00e9 de Royan<\/strong> est imm\u00e9diatement reconnaissable \u00e0 son architecture audacieuse en forme de coquillage ou de soucoupe, selon l\u2019interpr\u00e9tation. Construit en <strong data-start=\"997\" data-end=\"1005\">1957<\/strong> apr\u00e8s la destruction de la ville pendant la Seconde Guerre mondiale, le b\u00e2timent est un chef-d\u2019\u0153uvre de <strong data-start=\"1110\" data-end=\"1139\">l\u2019architecture moderniste<\/strong> d\u2019apr\u00e8s-guerre. R\u00e9alis\u00e9 par les architectes Louis Simon et Andr\u00e9 Morisseau, il se distingue par sa structure en b\u00e9ton arm\u00e9 et son toit autoportant, sans pilier central.<\/p><p class=\"\" data-start=\"1310\" data-end=\"1771\">Ce b\u00e2timent circulaire de 52 m\u00e8tres de diam\u00e8tre constitue un <strong data-start=\"1371\" data-end=\"1408\">symbole fort de la reconstruction<\/strong> de Royan, ville d\u00e9truite \u00e0 85 % en 1945. Il est aujourd\u2019hui class\u00e9 <strong data-start=\"1476\" data-end=\"1499\">Monument Historique<\/strong> depuis 2002, ce qui t\u00e9moigne de son importance architecturale. Le style rappelle les \u00e9glises modernistes ou les formes organiques de Gaud\u00ed, faisant du <strong data-start=\"1651\" data-end=\"1670\">march\u00e9 de Royan<\/strong> une attraction \u00e0 part enti\u00e8re, autant pour les passionn\u00e9s de design que pour les curieux de passage.<\/p>\t\t\t\t\t\t\t\t<\/div>\n\t\t\t\t\t<\/div>\n\t\t\t\t<\/div>\n\t\t<aside class=\"elementor-element elementor-element-240a7805 e-flex e-con-boxed e-con e-parent\" data-id=\"240a7805\" data-element_type=\"container\" data-e-type=\"container\" data-settings=\"{&quot;background_background&quot;:&quot;classic&quot;}\">\n\t\t\t\t\t<div class=\"e-con-inner\">\n\t\t\t\t<div class=\"elementor-element elementor-element-280d9d1e elementor-widget elementor-widget-spacer\" data-id=\"280d9d1e\" data-element_type=\"widget\" data-e-type=\"widget\" data-widget_type=\"spacer.default\">\n\t\t\t\t\t\t\t<div class=\"elementor-spacer\">\n\t\t\t<div class=\"elementor-spacer-inner\"><\/div>\n\t\t<\/div>\n\t\t\t\t\t\t<\/div>\n\t\t\t\t<div class=\"elementor-element elementor-element-2d0076d9 elementor-widget elementor-widget-heading\" data-id=\"2d0076d9\" data-element_type=\"widget\" data-e-type=\"widget\" data-widget_type=\"heading.default\">\n\t\t\t\t\t<span class=\"elementor-heading-title elementor-size-default\">D\u00e9couverte et Activit\u00e9s<\/span>\t\t\t\t<\/div>\n\t\t\t\t<div class=\"elementor-element elementor-element-6ea970d0 elementor-widget elementor-widget-listeo-listings-carousel\" data-id=\"6ea970d0\" data-element_type=\"widget\" data-e-type=\"widget\" data-widget_type=\"listeo-listings-carousel.default\">\n\t\t\t\t<div class=\"elementor-widget-container\">\n\t\t\t\t\t        <!-- Carousel \/ Start -->\n        \t<div class=\"simple-slick-carousel dots-nav\" data-slick='{&quot;autoplay&quot;:true,&quot;autoplaySpeed&quot;:3000,&quot;slidesToShow&quot;:3,&quot;slidesToScroll&quot;:1,&quot;responsive&quot;:[{&quot;breakpoint&quot;:1024,&quot;settings&quot;:{&quot;slidesToShow&quot;:2,&quot;slidesToScroll&quot;:1}},{&quot;breakpoint&quot;:768,&quot;settings&quot;:{&quot;slidesToShow&quot;:1,&quot;slidesToScroll&quot;:1}}]}'>\n                <\/div>\n        \t\t\t\t<\/div>\n\t\t\t\t<\/div>\n\t\t\t\t\t<\/div>\n\t\t\t\t<\/aside>\n\t\t<div class=\"elementor-element elementor-element-95e3d99 e-flex e-con-boxed e-con e-parent\" data-id=\"95e3d99\" data-element_type=\"container\" data-e-type=\"container\">\n\t\t\t\t\t<div class=\"e-con-inner\">\n\t\t\t\t<div class=\"elementor-element elementor-element-b6f658b elementor-widget elementor-widget-text-editor\" data-id=\"b6f658b\" data-element_type=\"widget\" data-e-type=\"widget\" data-widget_type=\"text-editor.default\">\n\t\t\t\t\t\t\t\t\t<h2 class=\"\" data-start=\"1778\" data-end=\"1812\">Une ambiance vivante et color\u00e9e<\/h2><p class=\"\" data-start=\"1814\" data-end=\"2178\">Au-del\u00e0 de sa forme, c\u2019est surtout <strong data-start=\"1849\" data-end=\"1863\">l\u2019ambiance<\/strong> qui donne au <strong data-start=\"1877\" data-end=\"1896\">march\u00e9 de Royan<\/strong> son caract\u00e8re unique. D\u00e8s l\u2019entr\u00e9e, les visiteurs sont saisis par une explosion de <strong data-start=\"1980\" data-end=\"1992\">couleurs<\/strong>, de <strong data-start=\"1997\" data-end=\"2005\">sons<\/strong> et de <strong data-start=\"2012\" data-end=\"2023\">parfums<\/strong>. Les \u00e9tals d\u00e9bordent de <strong data-start=\"2048\" data-end=\"2079\">fruits et l\u00e9gumes de saison<\/strong>, de <strong data-start=\"2084\" data-end=\"2115\">poissons fra\u00eechement p\u00each\u00e9s<\/strong>, de <strong data-start=\"2120\" data-end=\"2140\">fromages affin\u00e9s<\/strong> et d\u2019autres sp\u00e9cialit\u00e9s charentaises.<\/p><p class=\"\" data-start=\"2180\" data-end=\"2547\">Les commer\u00e7ants, pour la plupart locaux, accueillent les clients avec sourire et conseils, parfois m\u00eame avec un accent charentais bien typique. L\u2019ambiance est <strong data-start=\"2339\" data-end=\"2368\">conviviale et chaleureuse<\/strong>, fid\u00e8le \u00e0 l\u2019esprit du sud-ouest atlantique. Le brouhaha des \u00e9changes, les appels des vendeurs et l\u2019odeur du pain frais et des \u00e9pices cr\u00e9ent un v\u00e9ritable th\u00e9\u00e2tre de la vie locale.<\/p><figure id=\"attachment_60421\" aria-describedby=\"caption-attachment-60421\" style=\"width: 800px\" class=\"wp-caption aligncenter\"><a href=\"https:\/\/cparici.com\/wp-content\/uploads\/2020\/11\/halles-royan-loclilala-6-1.jpg\"><img decoding=\"async\" class=\"wp-image-60421 size-full\" src=\"https:\/\/cparici.com\/wp-content\/uploads\/2020\/11\/halles-royan-loclilala-6-1.jpg\" alt=\"march\u00e9 central de royan\" width=\"800\" height=\"533\" srcset=\"https:\/\/cparici.com\/wp-content\/uploads\/2020\/11\/halles-royan-loclilala-6-1.jpg 800w, https:\/\/cparici.com\/wp-content\/uploads\/2020\/11\/halles-royan-loclilala-6-1-300x200.jpg 300w, https:\/\/cparici.com\/wp-content\/uploads\/2020\/11\/halles-royan-loclilala-6-1-768x512.jpg 768w, https:\/\/cparici.com\/wp-content\/uploads\/2020\/11\/halles-royan-loclilala-6-1-18x12.jpg 18w, https:\/\/cparici.com\/wp-content\/uploads\/2020\/11\/halles-royan-loclilala-6-1-590x393.jpg 590w, https:\/\/cparici.com\/wp-content\/uploads\/2020\/11\/halles-royan-loclilala-6-1-577x384.jpg 577w, https:\/\/cparici.com\/wp-content\/uploads\/2020\/11\/halles-royan-loclilala-6-1-600x400.jpg 600w\" sizes=\"(max-width: 800px) 100vw, 800px\" \/><\/a><figcaption id=\"caption-attachment-60421\" class=\"wp-caption-text\">march\u00e9 central de royan<\/figcaption><\/figure><h2 class=\"\" data-start=\"2554\" data-end=\"2597\">Les jours et horaires du march\u00e9 de Royan<\/h2><p class=\"\" data-start=\"2599\" data-end=\"2815\">Le <strong data-start=\"2602\" data-end=\"2621\">march\u00e9 de Royan<\/strong> est ouvert <strong data-start=\"2633\" data-end=\"2673\">tous les matins du mardi au dimanche<\/strong>, de 7h \u00e0 13h, toute l\u2019ann\u00e9e. En haute saison (juillet et ao\u00fbt), il est \u00e9galement ouvert le lundi, ce qui en fait un march\u00e9 presque quotidien.<\/p><p class=\"\" data-start=\"2817\" data-end=\"2866\">On distingue plusieurs types de march\u00e9s \u00e0 Royan :<\/p><ul data-start=\"2868\" data-end=\"3223\"><li class=\"\" data-start=\"2868\" data-end=\"2988\"><p class=\"\" data-start=\"2870\" data-end=\"2988\"><strong data-start=\"2870\" data-end=\"2899\">Le march\u00e9 central couvert<\/strong> (dans la halle monumentale) : situ\u00e9 place Charles de Gaulle, c\u2019est le plus embl\u00e9matique.<\/p><\/li><li class=\"\" data-start=\"2989\" data-end=\"3102\"><p class=\"\" data-start=\"2991\" data-end=\"3102\"><strong data-start=\"2991\" data-end=\"3019\">Les march\u00e9s de quartiers<\/strong> : \u00e0 Pontaillac, au Parc ou \u00e0 Saint-Pierre, organis\u00e9s certains jours de la semaine.<\/p><\/li><li class=\"\" data-start=\"3103\" data-end=\"3223\"><p class=\"\" data-start=\"3105\" data-end=\"3223\"><strong data-start=\"3105\" data-end=\"3132\">March\u00e9s nocturnes d\u2019\u00e9t\u00e9<\/strong> : g\u00e9n\u00e9ralement en juillet et ao\u00fbt, sur le front de mer, id\u00e9als pour fl\u00e2ner apr\u00e8s la plage.<\/p><\/li><\/ul><p class=\"\" data-start=\"3225\" data-end=\"3384\">Ces diff\u00e9rents march\u00e9s permettent aux visiteurs de d\u00e9couvrir <strong data-start=\"3286\" data-end=\"3313\">divers visages de Royan<\/strong> et de go\u00fbter aux richesses locales \u00e0 diff\u00e9rents moments de la semaine.<\/p><h2 class=\"\" data-start=\"3391\" data-end=\"3431\">Les produits stars du march\u00e9 de Royan<\/h2><p class=\"\" data-start=\"3433\" data-end=\"3606\">Le <strong data-start=\"3436\" data-end=\"3455\">march\u00e9 de Royan<\/strong> est un paradis pour les gourmets. Il rassemble une multitude de <strong data-start=\"3520\" data-end=\"3539\">produits locaux<\/strong>, souvent issus de <strong data-start=\"3558\" data-end=\"3577\">circuits courts<\/strong>. Parmi les incontournables :<\/p><h3 class=\"\" data-start=\"3608\" data-end=\"3637\">Fruits de mer et poissons<\/h3><p class=\"\" data-start=\"3639\" data-end=\"3915\">Royan \u00e9tant un port de p\u00eache, les <strong data-start=\"3673\" data-end=\"3714\">\u00e9tals regorgent de produits de la mer<\/strong> : soles, bars, seiches, sardines, et bien s\u00fbr les <strong data-start=\"3765\" data-end=\"3795\">hu\u00eetres de Marennes-Ol\u00e9ron<\/strong>, \u00e9lev\u00e9es \u00e0 quelques kilom\u00e8tres seulement. Ces hu\u00eetres sont r\u00e9put\u00e9es pour leur <strong data-start=\"3874\" data-end=\"3890\">saveur iod\u00e9e<\/strong> et leur chair g\u00e9n\u00e9reuse.<\/p><h3 class=\"\" data-start=\"3917\" data-end=\"3944\">Charcuterie et fromages<\/h3><p class=\"\" data-start=\"3946\" data-end=\"4164\">La r\u00e9gion propose de savoureuses <strong data-start=\"3979\" data-end=\"4002\">rillettes de canard<\/strong>, du <strong data-start=\"4007\" data-end=\"4032\">jambon sec charentais<\/strong>, et des <strong data-start=\"4041\" data-end=\"4063\">fromages de ch\u00e8vre<\/strong> fermiers comme le Chabichou. Ne manquez pas le beurre local, souvent fabriqu\u00e9 de mani\u00e8re artisanale.<\/p><h3 class=\"\" data-start=\"4166\" data-end=\"4194\">Sp\u00e9cialit\u00e9s charentaises<\/h3><p class=\"\" data-start=\"4196\" data-end=\"4516\">Impossible de visiter le <strong data-start=\"4221\" data-end=\"4240\">march\u00e9 de Royan<\/strong> sans go\u00fbter au <strong data-start=\"4256\" data-end=\"4280\">pineau des Charentes<\/strong>, ap\u00e9ritif doux \u00e0 base de mo\u00fbt de raisin et de cognac. Autres d\u00e9lices : la <strong data-start=\"4355\" data-end=\"4378\">galette charentaise<\/strong> parfum\u00e9e \u00e0 l\u2019ang\u00e9lique, les <strong data-start=\"4407\" data-end=\"4434\">caramels au beurre sal\u00e9<\/strong>, et le fameux <strong data-start=\"4449\" data-end=\"4470\">tourteau fromager<\/strong>, un g\u00e2teau de ch\u00e8vre sucr\u00e9 \u00e0 la cro\u00fbte noire.<\/p><h2 class=\"\" data-start=\"4523\" data-end=\"4558\">Focus sur les producteurs locaux<\/h2><p class=\"\" data-start=\"4560\" data-end=\"4937\">Ce qui fait la force du <strong data-start=\"4584\" data-end=\"4603\">march\u00e9 de Royan<\/strong>, c\u2019est la proximit\u00e9 avec les producteurs. Ici, pas de produits industriels ou import\u00e9s en masse : on privil\u00e9gie les <strong data-start=\"4720\" data-end=\"4743\">agriculteurs locaux<\/strong>, les <strong data-start=\"4749\" data-end=\"4771\">p\u00eacheurs royannais<\/strong>, les <strong data-start=\"4777\" data-end=\"4800\">\u00e9leveurs charentais<\/strong>. Beaucoup sont engag\u00e9s dans une d\u00e9marche <strong data-start=\"4842\" data-end=\"4849\">bio<\/strong> ou <strong data-start=\"4853\" data-end=\"4866\">raisonn\u00e9e<\/strong>, garantissant des produits de qualit\u00e9 et une faible empreinte carbone.<\/p><p class=\"\" data-start=\"4939\" data-end=\"5246\">Certains stands sont tenus depuis plusieurs g\u00e9n\u00e9rations, perp\u00e9tuant un <strong data-start=\"5010\" data-end=\"5039\">savoir-faire traditionnel<\/strong>. On peut y discuter des m\u00e9thodes de culture, d\u00e9couvrir de nouvelles vari\u00e9t\u00e9s ou m\u00eame r\u00e9server son panier \u00e0 l\u2019avance. Cette <strong data-start=\"5163\" data-end=\"5183\">relation directe<\/strong> avec le producteur donne une autre dimension \u00e0 l\u2019acte d\u2019achat.<\/p><h2 class=\"\" data-start=\"5253\" data-end=\"5283\">Histoire du march\u00e9 de Royan<\/h2><p>Le march\u00e9 de Royan, aussi appel\u00e9 march\u00e9 central de Royan, a \u00e9t\u00e9 reconstruit apr\u00e8s la seconde guerre mondiale, et remplace le pr\u00e9c\u00e9dent b\u00e2timent, construit en 1913.<\/p><p>L\u2019architecture en fait un b\u00e2timent embl\u00e9matique de la reconstruction de l\u2019apr\u00e8s-guerre et des Trente Glorieuses. Ce sont les architectes Louis Simon et Andr\u00e9 Morisseau, sous la direction de Claude Ferret, nomm\u00e9 en 1945 architecte urbaniste responsable de la reconstruction de Royan, et accompagn\u00e9s par l\u2019Ing\u00e9nieur Bernard Lafaille, qui imaginent cet impressionnant \u00e9difice en b\u00e9ton de forme circulaire, de 50m de diam\u00e8tre, constitu\u00e9 de vo\u00fbtes et d\u2019auvents, qui ressemblent \u00e0 des vagues.<\/p><p>Le march\u00e9 est class\u00e9 monument historique depuis 2002. Il fut certainement inspir\u00e9, comme d\u2019autres b\u00e2timents \u00e0 Royan, de courant architectural br\u00e9silien.<\/p><p class=\"\" data-start=\"5285\" data-end=\"5609\">Le <strong data-start=\"5288\" data-end=\"5307\">march\u00e9 de Royan<\/strong> trouve ses racines au XIXe si\u00e8cle, lorsque la ville devient une station baln\u00e9aire pris\u00e9e. \u00c0 l\u2019\u00e9poque, les produits frais sont d\u00e9j\u00e0 tr\u00e8s recherch\u00e9s par les vacanciers venus de Paris ou de Bordeaux. Mais c\u2019est apr\u00e8s la <strong data-start=\"5525\" data-end=\"5570\">destruction quasi totale de Royan en 1945<\/strong> que le march\u00e9 prend son visage actuel.<\/p><p class=\"\" data-start=\"5611\" data-end=\"5950\">En 1957, la halle moderne est construite comme symbole de renouveau. \u00c0 l\u2019\u00e9poque, elle fait scandale par son style avant-gardiste, mais est aujourd\u2019hui salu\u00e9e pour sa <strong data-start=\"5777\" data-end=\"5802\">modernit\u00e9 visionnaire<\/strong>. Elle incarne le mouvement de l\u2019<strong data-start=\"5835\" data-end=\"5861\">architecture organique<\/strong>, et t\u00e9moigne de la volont\u00e9 de faire de Royan une ville r\u00e9solument tourn\u00e9e vers l\u2019avenir.<\/p><h2 class=\"\" data-start=\"5957\" data-end=\"6003\">Activit\u00e9s \u00e0 faire autour du march\u00e9 de Royan<\/h2><p class=\"\" data-start=\"6005\" data-end=\"6092\">Visiter le <strong data-start=\"6016\" data-end=\"6035\">march\u00e9 de Royan<\/strong>, c\u2019est aussi l\u2019occasion de d\u00e9couvrir les <strong data-start=\"6077\" data-end=\"6090\">alentours<\/strong> :<\/p><ul data-start=\"6094\" data-end=\"6349\"><li class=\"\" data-start=\"6094\" data-end=\"6166\"><p class=\"\" data-start=\"6096\" data-end=\"6166\">Le <strong data-start=\"6099\" data-end=\"6115\">front de mer<\/strong>, \u00e0 deux pas, invite \u00e0 la balade apr\u00e8s les courses.<\/p><\/li><li class=\"\" data-start=\"6167\" data-end=\"6240\"><p class=\"\" data-start=\"6169\" data-end=\"6240\">Le quartier commer\u00e7ant propose de nombreuses <strong data-start=\"6214\" data-end=\"6239\">boutiques artisanales<\/strong>.<\/p><\/li><li class=\"\" data-start=\"6241\" data-end=\"6349\"><p class=\"\" data-start=\"6243\" data-end=\"6349\">Les terrasses de caf\u00e9s et restaurants permettent de <strong data-start=\"6295\" data-end=\"6317\">d\u00e9guster sur place<\/strong> les produits achet\u00e9s au march\u00e9.<\/p><\/li><\/ul><p class=\"\" data-start=\"6351\" data-end=\"6485\">Pour une d\u00e9couverte compl\u00e8te, vous pouvez consulter notre article : \ud83d\udc49 <a target=\"_new\" rel=\"noopener\" data-start=\"6422\" data-end=\"6485\">Que faire \u00e0 Royan ?<\/a><\/p><h2 style=\"text-align: center;\">D\u00e9couvrez en famille le march\u00e9 de Royan (march\u00e9 central) en Charente maritime<\/h2><p><strong>Le march\u00e9 de Royan \u2013 aussi appel\u00e9 march\u00e9 central de Royan<\/strong> est un <a href=\"https:\/\/cparici.com\/fr\/royan-informations-pratiques-et-decouverte\/\">lieu bien connu situ\u00e9 a Royan en Charente Maritime<\/a> et connu pour son architecture, son histoire, et ses produits frais. Vous le trouverez \u00e0 l\u2019adresse suivante : 72 rue Pierre Loti, situ\u00e9 en centre-ville, et non loin du front de mer.<\/p><p>Ce march\u00e9 est ouvert toute l\u2019ann\u00e9e, et vous appr\u00e9cierez l\u2019architecture des ann\u00e9es 50. Vous pouvez m\u00eame vous perdre apr\u00e8s quelques minutes \u00e0 tourner autour de ce lieu vivant, dans les all\u00e9es o\u00f9 se trouvent les marchands.<\/p><p>Vous pourrez prendre un caf\u00e9 \u00e0 proximit\u00e9 ou faire du shopping tout autour du boulevard Aristide Briand. Non loin du march\u00e9 de Royan, se trouve <a href=\"https:\/\/cparici.com\/fr\/plage-de-royan\/\">royan plage \u2013 la plage principale de Royan<\/a>, sur laquelle vous pourrez profiter du soleil en famille. Rendez- vous aussi \u00e0 <a href=\"https:\/\/cparici.com\/fr\/eglise-notre-dame-de-royan\/\">l\u2019\u00e9glise Notre-Dame de Royan<\/a>, incontournable, et dont la silhouette de b\u00e9ton se voit de loin.<\/p><p>Non loin du march\u00e9 se trouvent la galerie d\u2019art Louis Simon, \u00a0le mus\u00e9e de Royan, la chapelle Notre-Dame-des-Anges, le casino de Pontaillac et sa belle plage familiale.<\/p><h2 class=\"\" data-start=\"6492\" data-end=\"6544\">Pourquoi les visiteurs adorent le march\u00e9 de Royan<\/h2><p class=\"\" data-start=\"6546\" data-end=\"6790\">Les avis sont unanimes : le <strong data-start=\"6574\" data-end=\"6593\">march\u00e9 de Royan<\/strong> s\u00e9duit par sa <strong data-start=\"6608\" data-end=\"6621\">diversit\u00e9<\/strong>, son <strong data-start=\"6627\" data-end=\"6643\">authenticit\u00e9<\/strong> et son <strong data-start=\"6651\" data-end=\"6673\">cadre exceptionnel<\/strong>. Sur TripAdvisor, il figure parmi les premi\u00e8res attractions de la ville, avec des milliers de commentaires positifs.<\/p><p class=\"\" data-start=\"6792\" data-end=\"6835\">Les touristes appr\u00e9cient particuli\u00e8rement :<\/p><ul data-start=\"6837\" data-end=\"6972\"><li class=\"\" data-start=\"6837\" data-end=\"6875\"><p class=\"\" data-start=\"6839\" data-end=\"6875\">L\u2019accueil chaleureux des commer\u00e7ants<\/p><\/li><li class=\"\" data-start=\"6876\" data-end=\"6907\"><p class=\"\" data-start=\"6878\" data-end=\"6907\">La qualit\u00e9 des produits frais<\/p><\/li><li class=\"\" data-start=\"6908\" data-end=\"6944\"><p class=\"\" data-start=\"6910\" data-end=\"6944\">La possibilit\u00e9 de manger sur place<\/p><\/li><li class=\"\" data-start=\"6945\" data-end=\"6972\"><p class=\"\" data-start=\"6947\" data-end=\"6972\">L\u2019originalit\u00e9 du b\u00e2timent<\/p><\/li><\/ul><p class=\"\" data-start=\"6974\" data-end=\"7123\">Le march\u00e9 devient souvent un <strong data-start=\"7003\" data-end=\"7022\">point de rep\u00e8re<\/strong> dans le s\u00e9jour des vacanciers, et beaucoup y retournent plusieurs fois pendant leur passage \u00e0 Royan.<\/p><h2 class=\"\" data-start=\"7130\" data-end=\"7170\">Foire aux questions : march\u00e9 de Royan<\/h2><h3 class=\"\" data-start=\"7172\" data-end=\"7211\">Quand se tient le march\u00e9 de Royan ?<\/h3><p class=\"\" data-start=\"7212\" data-end=\"7317\">Le <strong data-start=\"7215\" data-end=\"7242\">march\u00e9 central de Royan<\/strong> est ouvert tous les matins du mardi au dimanche, et tous les jours en \u00e9t\u00e9.<\/p><h3 class=\"\" data-start=\"7319\" data-end=\"7364\">O\u00f9 se trouve le march\u00e9 central de Royan ?<\/h3><p class=\"\" data-start=\"7365\" data-end=\"7425\">Il est situ\u00e9 place Charles de Gaulle, en plein centre-ville.<\/p><h3 class=\"\" data-start=\"7427\" data-end=\"7474\">Quels produits acheter au march\u00e9 de Royan ?<\/h3><p class=\"\" data-start=\"7475\" data-end=\"7571\">Des produits de la mer, du pineau, du fromage de ch\u00e8vre, des fruits locaux, et bien plus encore.<\/p><h3 class=\"\" data-start=\"7573\" data-end=\"7622\">Est-ce que le march\u00e9 est ouvert le dimanche ?<\/h3><p class=\"\" data-start=\"7623\" data-end=\"7676\">Oui, c\u2019est l\u2019un des jours les plus anim\u00e9s du march\u00e9 !<\/p><h3 class=\"\" data-start=\"7678\" data-end=\"7728\">Peut-on stationner facilement pr\u00e8s du march\u00e9 ?<\/h3><p class=\"\" data-start=\"7729\" data-end=\"7800\">Oui, plusieurs parkings payants sont disponibles \u00e0 proximit\u00e9 imm\u00e9diate.<\/p><h3 class=\"\" data-start=\"7802\" data-end=\"7859\">Quelle est la sp\u00e9cialit\u00e9 locale \u00e0 go\u00fbter absolument ?<\/h3><p class=\"\" data-start=\"7860\" data-end=\"7921\">Les <strong data-start=\"7864\" data-end=\"7894\">hu\u00eetres de Marennes-Ol\u00e9ron<\/strong>, avec un verre de pineau !<\/p><h3 class=\"\" data-start=\"7923\" data-end=\"7973\">Le march\u00e9 de Royan est-il accessible aux PMR ?<\/h3><p class=\"\" data-start=\"7974\" data-end=\"8066\">Oui, le march\u00e9 est enti\u00e8rement de plain-pied et accessible aux personnes \u00e0 mobilit\u00e9 r\u00e9duite.<\/p><h3 class=\"\" data-start=\"8068\" data-end=\"8111\">Y a-t-il des march\u00e9s nocturnes en \u00e9t\u00e9 ?<\/h3><p class=\"\" data-start=\"8112\" data-end=\"8205\">Oui, des <strong data-start=\"8121\" data-end=\"8142\">march\u00e9s nocturnes<\/strong> ont lieu sur le front de mer, g\u00e9n\u00e9ralement en juillet et ao\u00fbt.<\/p><h3 class=\"\" data-start=\"8207\" data-end=\"8256\">Quelle est l\u2019histoire du b\u00e2timent du march\u00e9 ?<\/h3><p class=\"\" data-start=\"8257\" data-end=\"8346\">Il a \u00e9t\u00e9 construit en 1957 apr\u00e8s la guerre, dans un style moderniste unique en son genre.<\/p><h3 class=\"\" data-start=\"8348\" data-end=\"8394\">Le march\u00e9 est-il couvert ou en plein air ?<\/h3><p class=\"\" data-start=\"8395\" data-end=\"8488\">Le <strong data-start=\"8398\" data-end=\"8416\">march\u00e9 central<\/strong> est couvert, mais des march\u00e9s de plein air existent dans les quartiers.<\/p><h2 class=\"\" data-start=\"8495\" data-end=\"8508\">Conclusion<\/h2><p class=\"\" data-start=\"8510\" data-end=\"8945\">Le <strong data-start=\"8513\" data-end=\"8532\">march\u00e9 de Royan<\/strong> est une immersion authentique dans la culture charentaise. Son architecture embl\u00e9matique, son ambiance chaleureuse, la richesse de ses produits locaux et la passion de ses producteurs en font une <strong data-start=\"8729\" data-end=\"8755\">exp\u00e9rience sensorielle<\/strong> inoubliable. Que vous soyez gourmet, amateur d\u2019histoire ou simple promeneur, le march\u00e9 vous r\u00e9serve une <strong data-start=\"8860\" data-end=\"8881\">d\u00e9couverte unique<\/strong>. Un lieu de vie \u00e0 ne pas manquer lors de votre passage \u00e0 Royan.<\/p><hr class=\"\" data-start=\"8947\" data-end=\"8950\" \/><p class=\"\" data-start=\"8952\" data-end=\"9115\">\ud83d\udd17 Pour approfondir vos connaissances, consultez la page d\u00e9di\u00e9e sur <a href=\"https:\/\/fr.wikipedia.org\/wiki\/March%C3%A9_central_de_Royan\" target=\"_new\" rel=\"noopener\" data-start=\"9020\" data-end=\"9114\">ce haut lieu du patrimoine charentais<\/a>.<\/p>\t\t\t\t\t\t\t\t<\/div>\n\t\t\t\t\t<\/div>\n\t\t\t\t<\/div>\n\t\t<aside class=\"elementor-element elementor-element-62ece95e e-flex e-con-boxed e-con e-parent\" data-id=\"62ece95e\" data-element_type=\"container\" data-e-type=\"container\" data-settings=\"{&quot;background_background&quot;:&quot;classic&quot;}\">\n\t\t\t\t\t<div class=\"e-con-inner\">\n\t\t\t\t<div class=\"elementor-element elementor-element-5b87f11b elementor-widget elementor-widget-spacer\" data-id=\"5b87f11b\" data-element_type=\"widget\" data-e-type=\"widget\" data-widget_type=\"spacer.default\">\n\t\t\t\t\t\t\t<div class=\"elementor-spacer\">\n\t\t\t<div class=\"elementor-spacer-inner\"><\/div>\n\t\t<\/div>\n\t\t\t\t\t\t<\/div>\n\t\t\t\t<div class=\"elementor-element elementor-element-10758223 elementor-widget elementor-widget-heading\" data-id=\"10758223\" data-element_type=\"widget\" data-e-type=\"widget\" data-widget_type=\"heading.default\">\n\t\t\t\t\t<span class=\"elementor-heading-title elementor-size-default\">Explorez davantage<\/span>\t\t\t\t<\/div>\n\t\t\t\t<div class=\"elementor-element elementor-element-4e3c0d96 elementor-grid-3 elementor-grid-tablet-2 elementor-grid-mobile-1 elementor-widget elementor-widget-loop-grid\" data-id=\"4e3c0d96\" data-element_type=\"widget\" data-e-type=\"widget\" data-settings=\"{&quot;template_id&quot;:&quot;44916&quot;,&quot;_skin&quot;:&quot;post&quot;,&quot;columns&quot;:&quot;3&quot;,&quot;columns_tablet&quot;:&quot;2&quot;,&quot;columns_mobile&quot;:&quot;1&quot;,&quot;edit_handle_selector&quot;:&quot;[data-elementor-type=\\&quot;loop-item\\&quot;]&quot;,&quot;row_gap&quot;:{&quot;unit&quot;:&quot;px&quot;,&quot;size&quot;:&quot;&quot;,&quot;sizes&quot;:[]},&quot;row_gap_tablet&quot;:{&quot;unit&quot;:&quot;px&quot;,&quot;size&quot;:&quot;&quot;,&quot;sizes&quot;:[]},&quot;row_gap_mobile&quot;:{&quot;unit&quot;:&quot;px&quot;,&quot;size&quot;:&quot;&quot;,&quot;sizes&quot;:[]}}\" data-widget_type=\"loop-grid.post\">\n\t\t\t\t<div class=\"elementor-widget-container\">\n\t\t\t\t\t\t\t<div class=\"elementor-loop-container elementor-grid\" role=\"list\">\n\t\t<style id=\"loop-44916\">.elementor-44916 .elementor-element.elementor-element-da96272{--display:flex;--flex-direction:column;--container-widget-width:100%;--container-widget-height:initial;--container-widget-flex-grow:0;--container-widget-align-self:initial;--flex-wrap-mobile:wrap;}.elementor-widget-theme-post-featured-image .widget-image-caption{font-family:var( --e-global-typography-text-font-family ), Sans-serif;font-size:var( --e-global-typography-text-font-size );font-weight:var( --e-global-typography-text-font-weight );}.elementor-44916 .elementor-element.elementor-element-42d2d4d img{height:314px;object-fit:cover;object-position:center center;opacity:0.9;border-radius:35px 35px 35px 35px;}.elementor-widget-theme-post-title .elementor-heading-title{font-family:var( --e-global-typography-primary-font-family ), Sans-serif;font-size:var( --e-global-typography-primary-font-size );font-weight:var( --e-global-typography-primary-font-weight );}.elementor-44916 .elementor-element.elementor-element-8374803{text-align:center;}.elementor-44916 .elementor-element.elementor-element-8374803 .elementor-heading-title{font-family:\"Roboto\", Sans-serif;font-size:18px;font-weight:600;color:#222222;}.elementor-widget-button .elementor-button{font-family:var( --e-global-typography-accent-font-family ), Sans-serif;font-weight:var( --e-global-typography-accent-font-weight );}.elementor-44916 .elementor-element.elementor-element-d41992a .elementor-button{background-color:var( --e-global-color-ed6e59d );}.elementor-44916 .elementor-element.elementor-element-ed3a069{--display:flex;}@media(max-width:1024px){.elementor-widget-theme-post-featured-image .widget-image-caption{font-size:var( --e-global-typography-text-font-size );}.elementor-widget-theme-post-title .elementor-heading-title{font-size:var( --e-global-typography-primary-font-size );}}@media(max-width:767px){.elementor-widget-theme-post-featured-image .widget-image-caption{font-size:var( --e-global-typography-text-font-size );}.elementor-widget-theme-post-title .elementor-heading-title{font-size:var( --e-global-typography-primary-font-size );}}<\/style>\t\t<div data-elementor-type=\"loop-item\" data-elementor-id=\"44916\" class=\"elementor elementor-44916 e-loop-item e-loop-item-43015 post-43015 post type-post status-publish format-standard has-post-thumbnail hentry category-france category-charente-maritime category-cote-de-beaute-royan category-poitou-charentes category-royan tag-gites tag-hebergement tag-location-vacances\" data-elementor-post-type=\"elementor_library\" data-custom-edit-handle=\"1\">\n\t\t\t<div class=\"elementor-element elementor-element-da96272 e-flex e-con-boxed e-con e-parent\" data-id=\"da96272\" data-element_type=\"container\" data-e-type=\"container\">\n\t\t\t\t\t<div class=\"e-con-inner\">\n\t\t\t\t<div class=\"elementor-element elementor-element-42d2d4d elementor-widget elementor-widget-theme-post-featured-image elementor-widget-image\" data-id=\"42d2d4d\" data-element_type=\"widget\" data-e-type=\"widget\" data-widget_type=\"theme-post-featured-image.default\">\n\t\t\t\t\t\t\t\t\t\t\t\t\t\t\t<img decoding=\"async\" width=\"760\" height=\"360\" src=\"https:\/\/cparici.com\/wp-content\/uploads\/2024\/09\/location-saisonniere-royan-plage-1024x485.jpg\" class=\"attachment-large size-large wp-image-43024\" alt=\"location vacances royan\" srcset=\"https:\/\/cparici.com\/wp-content\/uploads\/2024\/09\/location-saisonniere-royan-plage-1024x485.jpg 1024w, https:\/\/cparici.com\/wp-content\/uploads\/2024\/09\/location-saisonniere-royan-plage-600x284.jpg 600w, https:\/\/cparici.com\/wp-content\/uploads\/2024\/09\/location-saisonniere-royan-plage-300x142.jpg 300w, https:\/\/cparici.com\/wp-content\/uploads\/2024\/09\/location-saisonniere-royan-plage-768x363.jpg 768w, https:\/\/cparici.com\/wp-content\/uploads\/2024\/09\/location-saisonniere-royan-plage-1536x727.jpg 1536w, https:\/\/cparici.com\/wp-content\/uploads\/2024\/09\/location-saisonniere-royan-plage.jpg 1701w\" sizes=\"(max-width: 760px) 100vw, 760px\" \/>\t\t\t\t\t\t\t\t\t\t\t\t\t\t\t<\/div>\n\t\t\t\t<div class=\"elementor-element elementor-element-8374803 elementor-widget elementor-widget-theme-post-title elementor-page-title elementor-widget-heading\" data-id=\"8374803\" data-element_type=\"widget\" data-e-type=\"widget\" data-widget_type=\"theme-post-title.default\">\n\t\t\t\t\t<p class=\"elementor-heading-title elementor-size-default\">Location vacances Royan \u2013 trouvez votre s\u00e9jour id\u00e9al<\/p>\t\t\t\t<\/div>\n\t\t\t\t<div class=\"elementor-element elementor-element-d41992a elementor-align-center elementor-widget elementor-widget-button\" data-id=\"d41992a\" data-element_type=\"widget\" data-e-type=\"widget\" data-widget_type=\"button.default\">\n\t\t\t\t\t\t\t\t\t\t<a class=\"elementor-button elementor-button-link elementor-size-sm\" href=\"https:\/\/cparici.com\/de\/location-vacances-royan-trouvez-votre-sejour-ideal\/\">\n\t\t\t\t\t\t<span class=\"elementor-button-content-wrapper\">\n\t\t\t\t\t\t\t\t\t<span class=\"elementor-button-text\">En savoir plus !<\/span>\n\t\t\t\t\t<\/span>\n\t\t\t\t\t<\/a>\n\t\t\t\t\t\t\t\t<\/div>\n\t\t\t\t\t<\/div>\n\t\t\t\t<\/div>\n\t\t<div class=\"elementor-element elementor-element-ed3a069 e-flex e-con-boxed e-con e-parent\" data-id=\"ed3a069\" data-element_type=\"container\" data-e-type=\"container\">\n\t\t\t\t\t<div class=\"e-con-inner\">\n\t\t\t\t\t<\/div>\n\t\t\t\t<\/div>\n\t\t\t\t<\/div>\n\t\t\t\t<div data-elementor-type=\"loop-item\" data-elementor-id=\"44916\" class=\"elementor elementor-44916 e-loop-item e-loop-item-42959 post-42959 post type-post status-publish format-standard has-post-thumbnail hentry category-royan category-charente-maritime category-cote-de-beaute-royan category-france category-poitou-charentes tag-course-a-pied tag-sport tag-sport-nature tag-triathlon\" data-elementor-post-type=\"elementor_library\" data-custom-edit-handle=\"1\">\n\t\t\t<div class=\"elementor-element elementor-element-da96272 e-flex e-con-boxed e-con e-parent\" data-id=\"da96272\" data-element_type=\"container\" data-e-type=\"container\">\n\t\t\t\t\t<div class=\"e-con-inner\">\n\t\t\t\t<div class=\"elementor-element elementor-element-42d2d4d elementor-widget elementor-widget-theme-post-featured-image elementor-widget-image\" data-id=\"42d2d4d\" data-element_type=\"widget\" data-e-type=\"widget\" data-widget_type=\"theme-post-featured-image.default\">\n\t\t\t\t\t\t\t\t\t\t\t\t\t\t\t<img decoding=\"async\" width=\"760\" height=\"279\" src=\"https:\/\/cparici.com\/wp-content\/uploads\/2024\/09\/triathlon-de-royan-course-et-evenement-1024x376.jpg\" class=\"attachment-large size-large wp-image-42962\" alt=\"triathlon de royan - course et \u00e9v\u00e8nement\" srcset=\"https:\/\/cparici.com\/wp-content\/uploads\/2024\/09\/triathlon-de-royan-course-et-evenement-1024x376.jpg 1024w, https:\/\/cparici.com\/wp-content\/uploads\/2024\/09\/triathlon-de-royan-course-et-evenement-600x220.jpg 600w, https:\/\/cparici.com\/wp-content\/uploads\/2024\/09\/triathlon-de-royan-course-et-evenement-300x110.jpg 300w, https:\/\/cparici.com\/wp-content\/uploads\/2024\/09\/triathlon-de-royan-course-et-evenement-768x282.jpg 768w, https:\/\/cparici.com\/wp-content\/uploads\/2024\/09\/triathlon-de-royan-course-et-evenement.jpg 1445w\" sizes=\"(max-width: 760px) 100vw, 760px\" \/>\t\t\t\t\t\t\t\t\t\t\t\t\t\t\t<\/div>\n\t\t\t\t<div class=\"elementor-element elementor-element-8374803 elementor-widget elementor-widget-theme-post-title elementor-page-title elementor-widget-heading\" data-id=\"8374803\" data-element_type=\"widget\" data-e-type=\"widget\" data-widget_type=\"theme-post-title.default\">\n\t\t\t\t\t<p class=\"elementor-heading-title elementor-size-default\">Triathlon de Royan \u2013 Guide Complet de la course<\/p>\t\t\t\t<\/div>\n\t\t\t\t<div class=\"elementor-element elementor-element-d41992a elementor-align-center elementor-widget elementor-widget-button\" data-id=\"d41992a\" data-element_type=\"widget\" data-e-type=\"widget\" data-widget_type=\"button.default\">\n\t\t\t\t\t\t\t\t\t\t<a class=\"elementor-button elementor-button-link elementor-size-sm\" href=\"https:\/\/cparici.com\/de\/triathlon-de-royan\/\">\n\t\t\t\t\t\t<span class=\"elementor-button-content-wrapper\">\n\t\t\t\t\t\t\t\t\t<span class=\"elementor-button-text\">En savoir plus !<\/span>\n\t\t\t\t\t<\/span>\n\t\t\t\t\t<\/a>\n\t\t\t\t\t\t\t\t<\/div>\n\t\t\t\t\t<\/div>\n\t\t\t\t<\/div>\n\t\t<div class=\"elementor-element elementor-element-ed3a069 e-flex e-con-boxed e-con e-parent\" data-id=\"ed3a069\" data-element_type=\"container\" data-e-type=\"container\">\n\t\t\t\t\t<div class=\"e-con-inner\">\n\t\t\t\t\t<\/div>\n\t\t\t\t<\/div>\n\t\t\t\t<\/div>\n\t\t\t\t<div data-elementor-type=\"loop-item\" data-elementor-id=\"44916\" class=\"elementor elementor-44916 e-loop-item e-loop-item-17064 post-17064 post type-post status-publish format-standard has-post-thumbnail hentry category-arts category-charente-maritime category-cote-de-beaute-royan category-france category-musees category-poitou-charentes\" data-elementor-post-type=\"elementor_library\" data-custom-edit-handle=\"1\">\n\t\t\t<div class=\"elementor-element elementor-element-da96272 e-flex e-con-boxed e-con e-parent\" data-id=\"da96272\" data-element_type=\"container\" data-e-type=\"container\">\n\t\t\t\t\t<div class=\"e-con-inner\">\n\t\t\t\t<div class=\"elementor-element elementor-element-42d2d4d elementor-widget elementor-widget-theme-post-featured-image elementor-widget-image\" data-id=\"42d2d4d\" data-element_type=\"widget\" data-e-type=\"widget\" data-widget_type=\"theme-post-featured-image.default\">\n\t\t\t\t\t\t\t\t\t\t\t\t\t\t\t<img decoding=\"async\" width=\"760\" height=\"760\" src=\"https:\/\/cparici.com\/wp-content\/uploads\/2020\/11\/st-palais-sur-mer-5-1024x1024.jpg\" class=\"attachment-large size-large wp-image-11087\" alt=\"maison des douanes a royan - la c\u00f4te proche a st Palais sur mer\" srcset=\"https:\/\/cparici.com\/wp-content\/uploads\/2020\/11\/st-palais-sur-mer-5-1024x1024.jpg 1024w, https:\/\/cparici.com\/wp-content\/uploads\/2020\/11\/st-palais-sur-mer-5-300x300.jpg 300w, https:\/\/cparici.com\/wp-content\/uploads\/2020\/11\/st-palais-sur-mer-5-100x100.jpg 100w, https:\/\/cparici.com\/wp-content\/uploads\/2020\/11\/st-palais-sur-mer-5-150x150.jpg 150w, https:\/\/cparici.com\/wp-content\/uploads\/2020\/11\/st-palais-sur-mer-5-1536x1536.jpg 1536w, https:\/\/cparici.com\/wp-content\/uploads\/2020\/11\/st-palais-sur-mer-5-2048x2048.jpg 2048w\" sizes=\"(max-width: 760px) 100vw, 760px\" \/>\t\t\t\t\t\t\t\t\t\t\t\t\t\t\t<\/div>\n\t\t\t\t<div class=\"elementor-element elementor-element-8374803 elementor-widget elementor-widget-theme-post-title elementor-page-title elementor-widget-heading\" data-id=\"8374803\" data-element_type=\"widget\" data-e-type=\"widget\" data-widget_type=\"theme-post-title.default\">\n\t\t\t\t\t<p class=\"elementor-heading-title elementor-size-default\">Maison des douanes \u00e0 Royan \u2013 d\u00e9couvrez l\u2019art en bord de mer<\/p>\t\t\t\t<\/div>\n\t\t\t\t<div class=\"elementor-element elementor-element-d41992a elementor-align-center elementor-widget elementor-widget-button\" data-id=\"d41992a\" data-element_type=\"widget\" data-e-type=\"widget\" data-widget_type=\"button.default\">\n\t\t\t\t\t\t\t\t\t\t<a class=\"elementor-button elementor-button-link elementor-size-sm\" href=\"https:\/\/cparici.com\/de\/maison-des-douanes-a-royan-decouvrez-lart-en-bord-de-mer\/\">\n\t\t\t\t\t\t<span class=\"elementor-button-content-wrapper\">\n\t\t\t\t\t\t\t\t\t<span class=\"elementor-button-text\">En savoir plus !<\/span>\n\t\t\t\t\t<\/span>\n\t\t\t\t\t<\/a>\n\t\t\t\t\t\t\t\t<\/div>\n\t\t\t\t\t<\/div>\n\t\t\t\t<\/div>\n\t\t<div class=\"elementor-element elementor-element-ed3a069 e-flex e-con-boxed e-con e-parent\" data-id=\"ed3a069\" data-element_type=\"container\" data-e-type=\"container\">\n\t\t\t\t\t<div class=\"e-con-inner\">\n\t\t\t\t\t<\/div>\n\t\t\t\t<\/div>\n\t\t\t\t<\/div>\n\t\t\t\t<\/div>\n\t\t\n\t\t\t\t\t\t<\/div>\n\t\t\t\t<\/div>\n\t\t\t\t\t<\/div>\n\t\t\t\t<\/aside>\n\t\t\t\t<\/div>\n\t\t","protected":false},"excerpt":{"rendered":"<p>Der Zentralmarkt von Royan ist ein bekannter Ort in Royan im D\u00e9partement Charente Maritime, der f\u00fcr seine Architektur, seine Geschichte und seine frischen Produkte bekannt ist.<\/p>","protected":false},"author":1,"featured_media":10697,"comment_status":"closed","ping_status":"closed","sticky":false,"template":"","format":"image","meta":{"ngg_post_thumbnail":0,"footnotes":""},"categories":[172],"tags":[162,189,159,204,190],"class_list":["post-10713","post","type-post","status-publish","format-image","has-post-thumbnail","hentry","category-shopping-fr","tag-culturel","tag-meschers","tag-royan","tag-shopping","tag-talmont","post_format-post-format-image"],"_links":{"self":[{"href":"https:\/\/cparici.com\/de\/wp-json\/wp\/v2\/posts\/10713","targetHints":{"allow":["GET"]}}],"collection":[{"href":"https:\/\/cparici.com\/de\/wp-json\/wp\/v2\/posts"}],"about":[{"href":"https:\/\/cparici.com\/de\/wp-json\/wp\/v2\/types\/post"}],"author":[{"embeddable":true,"href":"https:\/\/cparici.com\/de\/wp-json\/wp\/v2\/users\/1"}],"replies":[{"embeddable":true,"href":"https:\/\/cparici.com\/de\/wp-json\/wp\/v2\/comments?post=10713"}],"version-history":[{"count":0,"href":"https:\/\/cparici.com\/de\/wp-json\/wp\/v2\/posts\/10713\/revisions"}],"wp:featuredmedia":[{"embeddable":true,"href":"https:\/\/cparici.com\/de\/wp-json\/wp\/v2\/media\/10697"}],"wp:attachment":[{"href":"https:\/\/cparici.com\/de\/wp-json\/wp\/v2\/media?parent=10713"}],"wp:term":[{"taxonomy":"category","embeddable":true,"href":"https:\/\/cparici.com\/de\/wp-json\/wp\/v2\/categories?post=10713"},{"taxonomy":"post_tag","embeddable":true,"href":"https:\/\/cparici.com\/de\/wp-json\/wp\/v2\/tags?post=10713"}],"curies":[{"name":"wp","href":"https:\/\/api.w.org\/{rel}","templated":true}]}}