{"id":11953,"date":"2020-12-01T14:31:29","date_gmt":"2020-12-01T14:31:29","guid":{"rendered":"https:\/\/loclilala-vacances.com\/?p=11953"},"modified":"2026-01-18T11:58:07","modified_gmt":"2026-01-18T10:58:07","slug":"regulus-hohlen-meschers-sur-gironde","status":"publish","type":"post","link":"https:\/\/cparici.com\/de\/grottes-de-regulus-meschers-sur-gironde\/","title":{"rendered":"Regulus-H\u00f6hlen Meschers sur Gironde."},"content":{"rendered":"\t\t<div data-elementor-type=\"wp-post\" data-elementor-id=\"11953\" class=\"elementor elementor-11953\" data-elementor-post-type=\"post\">\n\t\t\t\t<div class=\"elementor-element elementor-element-349b66c e-con-full e-flex e-con e-parent\" data-id=\"349b66c\" data-element_type=\"container\" data-e-type=\"container\">\n\t\t\t\t<div class=\"elementor-element elementor-element-8c2e7ea elementor-widget elementor-widget-image\" data-id=\"8c2e7ea\" data-element_type=\"widget\" data-e-type=\"widget\" data-widget_type=\"image.default\">\n\t\t\t\t\t\t\t\t\t\t\t\t\t\t\t<img decoding=\"async\" width=\"1560\" height=\"689\" src=\"https:\/\/cparici.com\/wp-content\/uploads\/2024\/12\/falaises-grotte-regulus-CPARICI.jpg\" class=\"attachment-full size-full wp-image-49736\" alt=\"falaises grotte regulus\" srcset=\"https:\/\/cparici.com\/wp-content\/uploads\/2024\/12\/falaises-grotte-regulus-CPARICI.jpg 1560w, https:\/\/cparici.com\/wp-content\/uploads\/2024\/12\/falaises-grotte-regulus-CPARICI-300x133.jpg 300w, https:\/\/cparici.com\/wp-content\/uploads\/2024\/12\/falaises-grotte-regulus-CPARICI-1024x452.jpg 1024w, https:\/\/cparici.com\/wp-content\/uploads\/2024\/12\/falaises-grotte-regulus-CPARICI-768x339.jpg 768w, https:\/\/cparici.com\/wp-content\/uploads\/2024\/12\/falaises-grotte-regulus-CPARICI-1536x678.jpg 1536w, https:\/\/cparici.com\/wp-content\/uploads\/2024\/12\/falaises-grotte-regulus-CPARICI-590x261.jpg 590w, https:\/\/cparici.com\/wp-content\/uploads\/2024\/12\/falaises-grotte-regulus-CPARICI-1200x530.jpg 1200w, https:\/\/cparici.com\/wp-content\/uploads\/2024\/12\/falaises-grotte-regulus-CPARICI-577x255.jpg 577w, https:\/\/cparici.com\/wp-content\/uploads\/2024\/12\/falaises-grotte-regulus-CPARICI-600x265.jpg 600w\" sizes=\"(max-width: 1560px) 100vw, 1560px\" \/>\t\t\t\t\t\t\t\t\t\t\t\t\t\t\t<\/div>\n\t\t\t\t<\/div>\n\t\t<div class=\"elementor-element elementor-element-83a4e9d e-flex e-con-boxed e-con e-parent\" data-id=\"83a4e9d\" data-element_type=\"container\" data-e-type=\"container\">\n\t\t\t\t\t<div class=\"e-con-inner\">\n\t\t\t\t<div class=\"elementor-element elementor-element-a5d68cf elementor-widget elementor-widget-global elementor-global-62046 elementor-widget-eael-advanced-search\" data-id=\"a5d68cf\" data-element_type=\"widget\" data-e-type=\"widget\" data-widget_type=\"eael-advanced-search.default\">\n\t\t\t\t\t        <div class=\"eael-adv-search-wrapper\">\n            <div id=\"eael-advanced-search-widget-a5d68cf\" class=\"eael-advanced-search-widget\">\n                <form data-settings=\"{&quot;post_per_page&quot;:5,&quot;search_among_taxonomies&quot;:&quot;&quot;,&quot;search_among_sku&quot;:&quot;no&quot;,&quot;show_popular_keyword&quot;:0,&quot;show_category&quot;:0,&quot;show_content_image&quot;:1,&quot;show_search_result_all_results&quot;:0,&quot;result_on_new_tab&quot;:&quot;no&quot;,&quot;show_product_price&quot;:&quot;no&quot;,&quot;include_current_page&quot;:&quot;no&quot;,&quot;current_post_id&quot;:11953,&quot;post_type&quot;:[&quot;post&quot;,&quot;listing&quot;]}\" method=\"POST\" name=\"eael-advanced-search-form-a5d68cf\" class=\"eael-advanced-search-form eael-advanced-search-form-style-2\">\n                    <div class=\"eael-advanced-search-wrap\">\n                        <span class=\"eael-adv-search-loader\"><\/span>\n                        <span class=\"eael-adv-search-close\"><i class=\"fas fa-times\"><\/i><\/span>\n                        <span class=\"icon \"><i class=\"fas fa-search\"><\/i><\/span>\n\n                        <input type=\"text\"\n                               placeholder=\"Votre destination\"\n                               class=\"eael-advanced-search\" autocomplete=\"off\" name=\"eael_advanced_search\">\n                    <\/div>\n\t\t\t\t\t                                    <\/form>\n\n\t\t\t\t\n\t\t\t\t        <div class=\"eael-advanced-search-result\">\n            <div class=\"eael-advanced-search-popular-keyword\">\n\t\t\t\t<h4 class=\"eael-advanced-search-popular-keyword-text\">Recherches populaires<\/h4>                <div class=\"eael-popular-keyword-content\"><\/div>\n            <\/div>\n            <div class=\"eael-advanced-search-category\">\n\t\t\t\t<h4 class=\"eael-advanced-search-category-text\">Categories<\/h4>                <div class=\"eael-popular-category-content\"><\/div>\n            <\/div>\n\t\t\t<div class=\"eael-advanced-search-total-results-section\">\n\t\t\t\t\t\t\t<\/div>\n            <div class=\"eael-advanced-search-content eael-item-style-3\">\n            <\/div>\n            <div class=\"eael-advanced-search-not-found\">\n                <p>Pas de r\u00e9sultats<\/p><\/div>\n            <div class=\"eael-advanced-search-load-more\">\n\t\t\t\t<a \tclass=\"eael-advanced-search-load-more-button\"\n                \thref=\"#\">Voir tous les r\u00e9sultats<\/a>\n            <\/div>\n        <\/div>\n\n\t\t            <\/div>\n        <\/div>\n\n\t\t\t\t\t\t<\/div>\n\t\t\t\t\t<\/div>\n\t\t\t\t<\/div>\n\t\t<div class=\"elementor-element elementor-element-33e4d850 e-flex e-con-boxed e-con e-parent\" data-id=\"33e4d850\" data-element_type=\"container\" data-e-type=\"container\">\n\t\t\t\t\t<div class=\"e-con-inner\">\n\t\t<div class=\"elementor-element elementor-element-202f87fb e-con-full e-flex e-con e-child\" data-id=\"202f87fb\" data-element_type=\"container\" data-e-type=\"container\">\n\t\t\t\t<div class=\"elementor-element elementor-element-7a978490 elementor-widget elementor-widget-text-editor\" data-id=\"7a978490\" data-element_type=\"widget\" data-e-type=\"widget\" data-widget_type=\"text-editor.default\">\n\t\t\t\t\t\t\t\t\t<div class=\"vc_row wpb_row vc_row-fluid box_1 vc_custom_1617137653494 vc_row-has-fill wpestate_row vc_row\"><div class=\"wpb_column vc_column_container vc_col-sm-12 vc_column\"><div class=\"vc_column-inner\"><div class=\"wpb_wrapper\"><div class=\"wpb_text_column wpb_content_element vc_custom_1716065363532 vc_column_text\"><div class=\"wpb_wrapper\"><h1><span style=\"font-size: 18pt;\">Grottes de R\u00e9gulus \u00e0 Meschers sur Gironde<\/span><\/h1><h2 style=\"text-align: center;\"><span style=\"font-size: 14pt;\">D\u00e9couvrez les grottes de Regulus a Meschers sur Gironde en Charente maritime<\/span><\/h2><p><strong>Les Grottes de Regulus ou les grottes du R\u00e9gulus<\/strong>\u00a0\u00e0 Meschers sur Gironde\u00a0est le nom donn\u00e9 \u00e0 un mus\u00e9e g\u00e9r\u00e9 <a href=\"https:\/\/cparici.com\/meschers-sur-gironde-guide-complet-pour-explorer-la-region\/\">par la commune<\/a> de\u00a0<strong>Meschers<\/strong>, situ\u00e9 dans les falaises de Meschers, et permettant de visiter et conna\u00eetre l\u2019histoire des\u00a0<a href=\"https:\/\/fr.wikipedia.org\/wiki\/Grotte\" target=\"_blank\" rel=\"noopener\"><strong>grottes<\/strong><\/a>\u00a0troglodytes et de la ville de Meschers.<\/p><\/div><\/div><\/div><\/div><\/div><\/div>\t\t\t\t\t\t\t\t<\/div>\n\t\t<div class=\"elementor-element elementor-element-2fc64075 e-grid e-con-full e-con e-child\" data-id=\"2fc64075\" data-element_type=\"container\" data-e-type=\"container\">\n\t\t\t\t<div class=\"elementor-element elementor-element-1af5f75b elementor-widget elementor-widget-google_maps\" data-id=\"1af5f75b\" data-element_type=\"widget\" data-e-type=\"widget\" data-widget_type=\"google_maps.default\">\n\t\t\t\t\t\t\t<div class=\"elementor-custom-embed\">\n\t\t\t<iframe loading=\"lazy\"\n\t\t\t\t\tsrc=\"https:\/\/maps.google.com\/maps?q=grottes%20de%20regulus&#038;t=m&#038;z=12&#038;output=embed&#038;iwloc=near\"\n\t\t\t\t\ttitle=\"grottes de regulus\"\n\t\t\t\t\taria-label=\"grottes de regulus\"\n\t\t\t><\/iframe>\n\t\t<\/div>\n\t\t\t\t\t\t<\/div>\n\t\t\t\t<div class=\"elementor-element elementor-element-9578d68 elementor-widget elementor-widget-image\" data-id=\"9578d68\" data-element_type=\"widget\" data-e-type=\"widget\" data-widget_type=\"image.default\">\n\t\t\t\t\t\t\t\t\t\t\t\t\t\t\t<img decoding=\"async\" width=\"760\" height=\"760\" src=\"https:\/\/cparici.com\/wp-content\/uploads\/2020\/12\/falaises-meschers-banniere-1024x1024.jpg\" class=\"attachment-large size-large wp-image-11822\" alt=\"falaises meschers sur gironde\" srcset=\"https:\/\/cparici.com\/wp-content\/uploads\/2020\/12\/falaises-meschers-banniere-1024x1024.jpg 1024w, https:\/\/cparici.com\/wp-content\/uploads\/2020\/12\/falaises-meschers-banniere-300x300.jpg 300w, https:\/\/cparici.com\/wp-content\/uploads\/2020\/12\/falaises-meschers-banniere-100x100.jpg 100w, https:\/\/cparici.com\/wp-content\/uploads\/2020\/12\/falaises-meschers-banniere-150x150.jpg 150w, https:\/\/cparici.com\/wp-content\/uploads\/2020\/12\/falaises-meschers-banniere-1536x1536.jpg 1536w, https:\/\/cparici.com\/wp-content\/uploads\/2020\/12\/falaises-meschers-banniere-2048x2048.jpg 2048w, https:\/\/cparici.com\/wp-content\/uploads\/2020\/12\/falaises-meschers-banniere-60x60.jpg 60w\" sizes=\"(max-width: 760px) 100vw, 760px\" \/>\t\t\t\t\t\t\t\t\t\t\t\t\t\t\t<\/div>\n\t\t\t\t<\/div>\n\t\t\t\t<div class=\"elementor-element elementor-element-d449384 elementor-widget elementor-widget-text-editor\" data-id=\"d449384\" data-element_type=\"widget\" data-e-type=\"widget\" data-widget_type=\"text-editor.default\">\n\t\t\t\t\t\t\t\t\t<div class=\"vc_row wpb_row vc_row-fluid box_1 vc_custom_1617137653494 vc_row-has-fill wpestate_row vc_row\"><div class=\"wpb_column vc_column_container vc_col-sm-12 vc_column\"><div class=\"vc_column-inner\"><div class=\"wpb_wrapper\"><div class=\"wpb_text_column wpb_content_element vc_custom_1716065363532 vc_column_text\"><div class=\"wpb_wrapper\"><p data-start=\"80\" data-end=\"233\"><span class=\"relative -mx-px my-[-0.2rem] rounded px-px py-[0.2rem] transition-colors duration-100 ease-in-out\">Creus\u00e9es naturellement au Cr\u00e9tac\u00e9 (entre \u2013140 et \u201365 millions d\u2019ann\u00e9es), ces cavit\u00e9s ont \u00e9t\u00e9 progressivement agrandies par l\u2019homme pour servir d\u2019<strong data-start=\"145\" data-end=\"170\">habitat troglodytique<\/strong>, de <strong data-start=\"175\" data-end=\"193\">r\u00e9serve de sel<\/strong> (contrebandiers), de refuge pour les protestants pendant les Guerres de religion, de repaire de pirates, puis de <strong data-start=\"307\" data-end=\"322\">guinguettes<\/strong> au XIX\u1d49 si\u00e8cle<\/span>. <span class=\"relative -mx-px my-[-0.2rem] rounded px-px py-[0.2rem] transition-colors duration-100 ease-in-out\">Le nom \u00ab R\u00e9gulus \u00bb provient du navire de guerre fran\u00e7ais\u202f\u00ab\u202fLe R\u00e9gulus\u202f\u00bb, sabord\u00e9 volontairement en 1814 face aux falaises, pour ne pas tomber aux mains des Anglais<\/span>.<\/p><\/div><\/div><\/div><\/div><\/div><\/div>\t\t\t\t\t\t\t\t<\/div>\n\t\t\t\t<\/div>\n\t\t\t\t\t<\/div>\n\t\t\t\t<\/div>\n\t\t<aside class=\"elementor-element elementor-element-7e146584 e-flex e-con-boxed e-con e-parent\" data-id=\"7e146584\" data-element_type=\"container\" data-e-type=\"container\" data-settings=\"{&quot;background_background&quot;:&quot;classic&quot;}\">\n\t\t\t\t\t<div class=\"e-con-inner\">\n\t\t\t\t<div class=\"elementor-element elementor-element-7104f1eb elementor-widget elementor-widget-spacer\" data-id=\"7104f1eb\" data-element_type=\"widget\" data-e-type=\"widget\" data-widget_type=\"spacer.default\">\n\t\t\t\t\t\t\t<div class=\"elementor-spacer\">\n\t\t\t<div class=\"elementor-spacer-inner\"><\/div>\n\t\t<\/div>\n\t\t\t\t\t\t<\/div>\n\t\t\t\t<div class=\"elementor-element elementor-element-70863cd3 elementor-widget elementor-widget-heading\" data-id=\"70863cd3\" data-element_type=\"widget\" data-e-type=\"widget\" data-widget_type=\"heading.default\">\n\t\t\t\t\t<h2 class=\"elementor-heading-title elementor-size-default\">H\u00e9bergements de Vacances Meschers sur Gironde en direct<\/h2>\t\t\t\t<\/div>\n\t\t\t\t<div class=\"elementor-element elementor-element-f8acacf elementor-widget elementor-widget-listeo-listings-carousel\" data-id=\"f8acacf\" data-element_type=\"widget\" data-e-type=\"widget\" data-widget_type=\"listeo-listings-carousel.default\">\n\t\t\t\t<div class=\"elementor-widget-container\">\n\t\t\t\t\t        <!-- Carousel \/ Start -->\n        \t<div class=\"simple-slick-carousel dots-nav\" data-slick='{&quot;autoplay&quot;:true,&quot;autoplaySpeed&quot;:3000,&quot;slidesToShow&quot;:3,&quot;slidesToScroll&quot;:1,&quot;responsive&quot;:[{&quot;breakpoint&quot;:1024,&quot;settings&quot;:{&quot;slidesToShow&quot;:2,&quot;slidesToScroll&quot;:1}},{&quot;breakpoint&quot;:768,&quot;settings&quot;:{&quot;slidesToShow&quot;:1,&quot;slidesToScroll&quot;:1}}]}'>\n                            <div class=\"fw-carousel-item\">                    \n                        <!-- Listing Item -->\r\n            <div class=\"col-lg-6 col-md-12\">\r\n                <a href=\"https:\/\/cparici.com\/de\/annonce\/villa-lucas-2-7-piscine-spa\/\" class=\"listing-item-container listing-geo-data compact\" data-title=\"Villa Lucas 2-7 Piscine-spa, Meschers sur Gironde\" data-listing-type=\"rental\" data-classifieds-price=\"&euro;\" data-friendly-address=\"Boulevard de la Falaise\" data-address=\"Boulevard de la Falaise\" data-image=\"https:\/\/cparici.com\/wp-content\/uploads\/2025\/01\/20200519_141942_01-1-edit-20230321171015-520x397.jpg\" data-longitude=\"-0.9543354999999999\" data-latitude=\"45.5547399\" data-rating=\"5\" data-reviews=\"12\" data-icon=\"&lt;svg xmlns=&quot;http:\/\/www.w3.org\/2000\/svg&quot; width=&quot;800px&quot; height=&quot;800px&quot; viewBox=&quot;0 0 45 45&quot; fill=&quot;none&quot;&gt;\n&lt;path d=&quot;M24.155 8.78099L24.33 8.94499L37.402 21.787L36 23.213L34.2 21.445L34.201 35C34.201 36.054 33.385 36.918 32.35 36.994L32.201 37H12.201C11.147 37 10.283 36.184 10.206 35.149L10.201 35L10.2 21.446L8.402 23.213L7 21.787L20.058 8.95799C21.171 7.82199 22.966 7.75899 24.155 8.78099ZM21.569 10.285L21.473 10.372L12.2 19.481L12.201 35L17.2 34.999L17.201 25C17.201 23.946 18.017 23.082 19.052 23.005L19.201 23H25.201C26.255 23 27.119 23.816 27.196 24.851L27.201 25L27.2 34.999L32.201 35L32.2 19.48L22.901 10.344C22.537 9.98699 21.969 9.96499 21.569 10.285ZM25.201 25H19.201L19.2 34.999H25.2L25.201 25Z&quot; fill=&quot;#3C3C3C&quot;\/&gt;\n&lt;\/svg&gt;\">\r\n            <div class=\"listing-item  \">\r\n                <div class=\"listing-small-badges-container\">\r\n                                                                <div class=\"listing-small-badge pricing-badge\"><i class=\"fa fa-tag\"><\/i>370,00&euro; - 370,00&euro;<\/div>\r\n                                                            \r\n                                        \r\n                                        \r\n                <\/div>\r\n                <img decoding=\"async\" src=\"https:\/\/cparici.com\/wp-content\/uploads\/2025\/01\/20200519_141942_01-1-edit-20230321171015-520x397.jpg\" alt=\"Villa Lucas 2-7 Piscine-spa, Meschers sur Gironde\" class=\"listing-thumbnail\">\r\n                \r\n\r\n                <div class=\"listing-item-content\">\r\n                                                <div class=\"numerical-rating\" data-rating=\"5.0\"><\/div>\r\n                    \r\n                    <h3> Villa Lucas 2-7 Piscine-spa, Meschers sur Gironde <\/h3>\r\n                    <span>Boulevard de la Falaise<\/span>\r\n                <\/div>\r\n                                        <span class=\"save like-icon tooltip left\" title=\"Login To Bookmark Items\"><\/span>\r\n                                                <\/div>\r\n        <\/a>\r\n                    <\/div>\r\n        \r\n\r\n        <!-- Listing Item \/ End -->\n                    <\/div>\n                                      <div class=\"fw-carousel-item\">                    \n                        <!-- Listing Item -->\r\n            <div class=\"col-lg-6 col-md-12\">\r\n                <a href=\"https:\/\/cparici.com\/de\/annonce\/cottage-de-lulu-avec-spa\/\" class=\"listing-item-container listing-geo-data compact\" data-title=\"Cottage de Lulu avec Spa Meschers sur Gironde\" data-listing-type=\"rental\" data-classifieds-price=\"&euro;\" data-friendly-address=\"300m des Grottes de R\u00e9gulus\" data-address=\"300m des Grottes de R\u00e9gulus\" data-image=\"https:\/\/cparici.com\/wp-content\/uploads\/2025\/12\/spa-du-cottage-de-lulu-location-vacances-meschers-520x397.jpg\" data-longitude=\"-0.9544389999999999\" data-latitude=\"45.554722\" data-rating=\"5\" data-reviews=\"12\" data-icon=\"&lt;svg xmlns=&quot;http:\/\/www.w3.org\/2000\/svg&quot; width=&quot;800px&quot; height=&quot;800px&quot; viewBox=&quot;0 0 45 45&quot; fill=&quot;none&quot;&gt;\n&lt;path d=&quot;M24.155 8.78099L24.33 8.94499L37.402 21.787L36 23.213L34.2 21.445L34.201 35C34.201 36.054 33.385 36.918 32.35 36.994L32.201 37H12.201C11.147 37 10.283 36.184 10.206 35.149L10.201 35L10.2 21.446L8.402 23.213L7 21.787L20.058 8.95799C21.171 7.82199 22.966 7.75899 24.155 8.78099ZM21.569 10.285L21.473 10.372L12.2 19.481L12.201 35L17.2 34.999L17.201 25C17.201 23.946 18.017 23.082 19.052 23.005L19.201 23H25.201C26.255 23 27.119 23.816 27.196 24.851L27.201 25L27.2 34.999L32.201 35L32.2 19.48L22.901 10.344C22.537 9.98699 21.969 9.96499 21.569 10.285ZM25.201 25H19.201L19.2 34.999H25.2L25.201 25Z&quot; fill=&quot;#3C3C3C&quot;\/&gt;\n&lt;\/svg&gt;\">\r\n            <div class=\"listing-item  \">\r\n                <div class=\"listing-small-badges-container\">\r\n                                                                <div class=\"listing-small-badge pricing-badge\"><i class=\"fa fa-tag\"><\/i>85,00&euro; - 150,00&euro;<\/div>\r\n                                                            \r\n                                        \r\n                                        \r\n                <\/div>\r\n                <img decoding=\"async\" src=\"https:\/\/cparici.com\/wp-content\/uploads\/2025\/12\/spa-du-cottage-de-lulu-location-vacances-meschers-520x397.jpg\" alt=\"Cottage de Lulu avec Spa Meschers sur Gironde\" class=\"listing-thumbnail\">\r\n                \r\n\r\n                <div class=\"listing-item-content\">\r\n                                                <div class=\"numerical-rating\" data-rating=\"5.0\"><\/div>\r\n                    \r\n                    <h3> Cottage de Lulu avec Spa Meschers sur Gironde <\/h3>\r\n                    <span>300m des Grottes de R\u00e9gulus<\/span>\r\n                <\/div>\r\n                                        <span class=\"save like-icon tooltip left\" title=\"Login To Bookmark Items\"><\/span>\r\n                                                <\/div>\r\n        <\/a>\r\n                    <\/div>\r\n        \r\n\r\n        <!-- Listing Item \/ End -->\n                    <\/div>\n                          <\/div>\n        \t\t\t\t<\/div>\n\t\t\t\t<\/div>\n\t\t\t\t\t<\/div>\n\t\t\t\t<\/aside>\n\t\t<div class=\"elementor-element elementor-element-59b1c3f e-flex e-con-boxed e-con e-parent\" data-id=\"59b1c3f\" data-element_type=\"container\" data-e-type=\"container\">\n\t\t\t\t\t<div class=\"e-con-inner\">\n\t\t<div class=\"elementor-element elementor-element-abea6ad e-con-full e-flex e-con e-child\" data-id=\"abea6ad\" data-element_type=\"container\" data-e-type=\"container\">\n\t\t\t\t<div class=\"elementor-element elementor-element-c69ceb2 elementor-widget elementor-widget-text-editor\" data-id=\"c69ceb2\" data-element_type=\"widget\" data-e-type=\"widget\" data-widget_type=\"text-editor.default\">\n\t\t\t\t\t\t\t\t\t<div class=\"vc_row wpb_row vc_row-fluid box_1 vc_custom_1617137653494 vc_row-has-fill wpestate_row vc_row\"><div class=\"wpb_column vc_column_container vc_col-sm-12 vc_column\"><div class=\"vc_column-inner\"><div class=\"wpb_wrapper\"><div class=\"wpb_text_column wpb_content_element vc_custom_1716065363532 vc_column_text\"><div class=\"wpb_wrapper\"><p data-start=\"235\" data-end=\"471\"><span class=\"relative -mx-px my-[-0.2rem] rounded px-px py-[0.2rem] transition-colors duration-100 ease-in-out\">La visite guid\u00e9e, d\u2019une dur\u00e9e d\u2019environ 45 minutes, permet d\u2019explorer l\u2019histoire locale dans un parcours th\u00e9matique riche : g\u00e9ologie, <strong data-start=\"134\" data-end=\"155\">p\u00eache en estuaire<\/strong>, grandes l\u00e9gendes, vie troglodytique, et le naufrageur \u201cCadet\u201d qui trompait les marins<\/span>. <span class=\"relative -mx-px my-[-0.2rem] rounded px-px py-[0.2rem] transition-colors duration-100 ease-in-out\">Ouvert quotidiennement du <strong data-start=\"26\" data-end=\"55\">d\u00e9but avril \u00e0 mi\u2011novembre<\/strong>, avec plusieurs d\u00e9parts en juillet\u2011ao\u00fbt et des visites en autonomie possibles, ce site accueille plus de <strong data-start=\"161\" data-end=\"192\">70\u202f000 visiteurs par saison<\/strong>, selon les sources municipales<\/span>. <span class=\"relative -mx-px my-[-0.2rem] rounded px-px py-[0.2rem] transition-colors duration-100 ease-in-out\">Le <strong data-start=\"3\" data-end=\"19\">tarif adulte<\/strong> est d\u2019environ <strong data-start=\"34\" data-end=\"44\">8,50\u202f\u20ac<\/strong>, r\u00e9duit \u00e0 6\u202f\u20ac pour les enfants de 6 \u00e0 15 ans<\/span>.<\/p><p data-start=\"473\" data-end=\"553\"><span class=\"relative -mx-px my-[-0.2rem] rounded px-px py-[0.2rem] transition-colors duration-100 ease-in-out\">Animations et visites sp\u00e9ciales rythment la saison estivale : le <strong data-start=\"65\" data-end=\"87\">Rallye des Grottes<\/strong> pour les enfants, des <strong data-start=\"110\" data-end=\"142\">Nocturnes en juillet et ao\u00fbt<\/strong>, des d\u00e9ambulations th\u00e9\u00e2trales, ainsi que des participations aux <strong data-start=\"207\" data-end=\"233\" data-is-last-node=\"\">Journ\u00e9es du patrimoine<\/strong><\/span>.<\/p><p data-start=\"555\" data-end=\"635\"><span class=\"relative -mx-px my-[-0.2rem] rounded px-px py-[0.2rem] transition-colors duration-100 ease-in-out\">Implant\u00e9es \u00e0 une quinzaine de m\u00e8tres au-dessus de l\u2019eau, les grottes offrent une <strong data-start=\"81\" data-end=\"114\">vue panoramique spectaculaire<\/strong> sur l\u2019estuaire, la plage des Nonnes, la pointe de Suzac et m\u00eame la pointe de la Grave au loin<\/span>.<\/p><p data-start=\"637\" data-end=\"889\">Les <strong data-start=\"656\" data-end=\"699\">grottes du R\u00e9gulus Meschers sur Gironde<\/strong> conjuguent <strong data-start=\"711\" data-end=\"746\">patrimoine g\u00e9ologique et humain<\/strong>, l\u00e9gendes myst\u00e9rieuses et m\u00e9moires maritimes. Un site incontournable pour d\u00e9couvrir la richesse culturelle et naturelle du bord de l\u2019estuaire.<\/p><\/div><\/div><\/div><\/div><\/div><\/div>\t\t\t\t\t\t\t\t<\/div>\n\t\t<div class=\"elementor-element elementor-element-dc2eec3 e-con-full e-flex e-con e-child\" data-id=\"dc2eec3\" data-element_type=\"container\" data-e-type=\"container\">\n\t\t<div class=\"elementor-element elementor-element-a63f4b7 e-grid e-con-full e-con e-child\" data-id=\"a63f4b7\" data-element_type=\"container\" data-e-type=\"container\">\n\t\t\t\t<div class=\"elementor-element elementor-element-97b253d elementor-widget elementor-widget-text-editor\" data-id=\"97b253d\" data-element_type=\"widget\" data-e-type=\"widget\" data-widget_type=\"text-editor.default\">\n\t\t\t\t\t\t\t\t\t<h3>D\u2019o\u00f9 vient le nom R\u00e9gulus?<\/h3><p>Regulus est le nom d\u2019un trois-m\u00e2ts sabord\u00e9 par son capitaine face aux falaises de Meschers\u00a0pour emp\u00eacher les troupes anglaises de se l\u2019approprier.<\/p><h3>Visiter les grottes de Regulus<\/h3><p>Il est possible de visiter les grottes. Des visites guid\u00e9es d\u2019une dur\u00e9e de moins d\u2019une heure sont organis\u00e9es et traduites dans diff\u00e9rentes langues. Diff\u00e9rents th\u00e8mes sont abord\u00e9s: l\u2019histoire du R\u00e9gulus, la p\u00eache, l\u2019estuaire de la Gironde, etc\u2026 Pour les enfants, il y a aussi un jeu de piste.<\/p>\t\t\t\t\t\t\t\t<\/div>\n\t\t\t\t<div class=\"elementor-element elementor-element-53d1d2c elementor-widget elementor-widget-text-editor\" data-id=\"53d1d2c\" data-element_type=\"widget\" data-e-type=\"widget\" data-widget_type=\"text-editor.default\">\n\t\t\t\t\t\t\t\t\t<h3>Aux alentours des grottes de R\u00e9gulus et Matata<\/h3><p>Toujours \u00e0 Meschers, il est possible de visiter le centre-ville qui est centr\u00e9 autour de l\u2019\u00e9glise de Meschers, o\u00f9 se trouve la place du march\u00e9, et quelques magasins, restaurants, facilement accessibles \u00e0 pied. L\u2019endroit est fr\u00e9quent\u00e9 en \u00e9t\u00e9, vous y trouverez quelques magasins, bars et restaurants.<\/p><p>Du centre ville, vous pouvez aussi <a href=\"https:\/\/cparici.com\/port-de-meschers-sur-gironde\/\">vous rendre au\u00a0<\/a><strong>port de Meschers<\/strong>, mais <a href=\"https:\/\/cparici.com\/les-falaises-meschers-sur-gironde\/\">aussi aux\u00a0<strong>falaises<\/strong><\/a>\u00a0pour d\u00e9couvrir les carrelets ( p\u00eacheries). N\u2019oubliez pas la plage des Nonnes, la plage des Vergnes, et la petite plage de l\u2019Arn\u00e8che.<\/p>\t\t\t\t\t\t\t\t<\/div>\n\t\t\t\t<\/div>\n\t\t\t\t<\/div>\n\t\t<div class=\"elementor-element elementor-element-8fe5774 e-con-full e-flex e-con e-child\" data-id=\"8fe5774\" data-element_type=\"container\" data-e-type=\"container\">\n\t\t\t\t<div class=\"elementor-element elementor-element-c7616ed elementor-widget elementor-widget-text-editor\" data-id=\"c7616ed\" data-element_type=\"widget\" data-e-type=\"widget\" data-widget_type=\"text-editor.default\">\n\t\t\t\t\t\t\t\t\t<h3 style=\"text-align: center;\">Visites des grottes<\/h3><h4 style=\"text-align: left;\">Horaires<\/h4><p style=\"text-align: left;\">Les grottes sont ouvertes habituellement tous les jours en saison jusqu\u2019au mois de novembre. Les horaires pour les visites guid\u00e9es sont planifi\u00e9es toues les heures sans interruption de 10h30 \u00e0 17h30. L\u2019\u00e9t\u00e9, des nocturnes sont organis\u00e9es certains soirs de la semaine.<\/p><h4 style=\"text-align: left;\">Tarifs<\/h4><p style=\"text-align: left;\">Les tarifs des grottes vont de la gratuit\u00e9 pour les enfants de moins de 6 ans jusqu\u2019\u00e0 8,50 euros pour les adultes. Des tarifs sp\u00e9ciaux sont pr\u00e9vus pour les groupes de plus de 10 personnes, les situations particuli\u00e8res. Le prix pour les nocturnes est de plus de 13 euros pour les adultes.<\/p><p style=\"text-align: left;\"><em>Meschers<\/em><em>, un authentique village de p\u00eacheurs, est aujourd\u2019hui devenu une destination familiale, pour profiter de ses plages, et ses falaises troglodytes, loin de la foule du pays royannais. Visitez les Grottes de Regulus Meschers sur Gironde<\/em><\/p><h4>\u00a0<\/h4>\t\t\t\t\t\t\t\t<\/div>\n\t\t\t\t<div class=\"elementor-element elementor-element-6d50d04 elementor-widget elementor-widget-text-editor\" data-id=\"6d50d04\" data-element_type=\"widget\" data-e-type=\"widget\" data-widget_type=\"text-editor.default\">\n\t\t\t\t\t\t\t\t\t<p style=\"text-align: left;\">Le Regulus\u2026 et les grottes de Meschers<\/p><p style=\"text-align: left;\">Regulus\u00a0est, selon Wikip\u00e9dia, le nom d\u2019une \u00e9toile\u00a0 (un syst\u00e8me stellaire de 4 \u00e9toiles) qui fait partie de la constellation du Lion.<\/p><p style=\"text-align: left;\">Mais pour ce qui est des grottes de Meschers,\u00a0Regulus est le nom d\u2019un bateau \u2013 un bateau de la marine fran\u00e7ais \u2013 qui a \u00e9t\u00e9 sabord\u00e9 par son commandant, suivant en cela les ordres de sa hi\u00e9rarchie,\u00a0en 1814, devant les falaises de Meschers sur Gironde.<\/p>\t\t\t\t\t\t\t\t<\/div>\n\t\t\t\t<\/div>\n\t\t<div class=\"elementor-element elementor-element-849dec5 e-con-full e-flex e-con e-child\" data-id=\"849dec5\" data-element_type=\"container\" data-e-type=\"container\">\n\t\t<div class=\"elementor-element elementor-element-5b886b6 e-grid e-con-full e-con e-child\" data-id=\"5b886b6\" data-element_type=\"container\" data-e-type=\"container\">\n\t\t\t\t<div class=\"elementor-element elementor-element-bfd7a8c elementor-widget elementor-widget-image\" data-id=\"bfd7a8c\" data-element_type=\"widget\" data-e-type=\"widget\" data-widget_type=\"image.default\">\n\t\t\t\t\t\t\t\t\t\t\t\t\t\t\t<img decoding=\"async\" width=\"760\" height=\"468\" src=\"https:\/\/cparici.com\/wp-content\/uploads\/2021\/02\/carrelets-meschers-sur-gironde-1024x630.jpg\" class=\"attachment-large size-large wp-image-38890\" alt=\"location vacances meschers sur gironde\" srcset=\"https:\/\/cparici.com\/wp-content\/uploads\/2021\/02\/carrelets-meschers-sur-gironde-1024x630.jpg 1024w, https:\/\/cparici.com\/wp-content\/uploads\/2021\/02\/carrelets-meschers-sur-gironde-600x369.jpg 600w, https:\/\/cparici.com\/wp-content\/uploads\/2021\/02\/carrelets-meschers-sur-gironde-300x185.jpg 300w, https:\/\/cparici.com\/wp-content\/uploads\/2021\/02\/carrelets-meschers-sur-gironde-768x473.jpg 768w, https:\/\/cparici.com\/wp-content\/uploads\/2021\/02\/carrelets-meschers-sur-gironde-1536x946.jpg 1536w, https:\/\/cparici.com\/wp-content\/uploads\/2021\/02\/carrelets-meschers-sur-gironde.jpg 1600w\" sizes=\"(max-width: 760px) 100vw, 760px\" \/>\t\t\t\t\t\t\t\t\t\t\t\t\t\t\t<\/div>\n\t\t\t\t<div class=\"elementor-element elementor-element-f675ce2 elementor-widget elementor-widget-image\" data-id=\"f675ce2\" data-element_type=\"widget\" data-e-type=\"widget\" data-widget_type=\"image.default\">\n\t\t\t\t\t\t\t\t\t\t\t\t\t\t\t<img decoding=\"async\" width=\"760\" height=\"507\" src=\"https:\/\/cparici.com\/wp-content\/uploads\/2024\/06\/gite-meschers-sur-gironde-plage-des-vergnes-1024x683.jpg\" class=\"attachment-large size-large wp-image-36865\" alt=\"\" srcset=\"https:\/\/cparici.com\/wp-content\/uploads\/2024\/06\/gite-meschers-sur-gironde-plage-des-vergnes-1024x683.jpg 1024w, https:\/\/cparici.com\/wp-content\/uploads\/2024\/06\/gite-meschers-sur-gironde-plage-des-vergnes-600x400.jpg 600w, https:\/\/cparici.com\/wp-content\/uploads\/2024\/06\/gite-meschers-sur-gironde-plage-des-vergnes-300x200.jpg 300w, https:\/\/cparici.com\/wp-content\/uploads\/2024\/06\/gite-meschers-sur-gironde-plage-des-vergnes-768x512.jpg 768w, https:\/\/cparici.com\/wp-content\/uploads\/2024\/06\/gite-meschers-sur-gironde-plage-des-vergnes-1536x1024.jpg 1536w, https:\/\/cparici.com\/wp-content\/uploads\/2024\/06\/gite-meschers-sur-gironde-plage-des-vergnes-240x160.jpg 240w, https:\/\/cparici.com\/wp-content\/uploads\/2024\/06\/gite-meschers-sur-gironde-plage-des-vergnes.jpg 1575w\" sizes=\"(max-width: 760px) 100vw, 760px\">\t\t\t\t\t\t\t\t\t\t\t\t\t\t\t<\/div>\n\t\t\t\t<\/div>\n\t\t\t\t<\/div>\n\t\t\t\t<div class=\"elementor-element elementor-element-704bc67 elementor-widget elementor-widget-text-editor\" data-id=\"704bc67\" data-element_type=\"widget\" data-e-type=\"widget\" data-widget_type=\"text-editor.default\">\n\t\t\t\t\t\t\t\t\t<h3>Contexte historique<\/h3><p style=\"text-align: left;\">Au d\u00e9but de 1814, la 6\u00e8me coalition, compos\u00e9e de la Grande Bretagne, de la Russie, de la Prusse, envahit le sud de la France. La france est menac\u00e9e dans ses fronti\u00e8res. Au mois d\u2019avril 1814, Napol\u00e9on abdique.<\/p><p style=\"text-align: left;\">Le Regulus, dirig\u00e9 par le capitaine de vaisseau Regnault, mouille au Verdon. Il est escort\u00e9 par trois bricks, le Java, le Malais, et le Sans-Souci.<\/p><p style=\"text-align: left;\"><strong>R\u00e9cit des jours pr\u00e9c\u00e8dant le sabordage<\/strong><\/p><p style=\"text-align: left;\"><em>\u00ab\u00a0Depuis le 21 mars, le contre-amiral Penrose est ma\u00eetre de l\u2019estuaire; il a pu y entrer, gr\u00e2ce, dit-on, \u00e0 la complicit\u00e9 de pilotes \u2013 ce qui n\u2019est pas certain \u2013 avec l\u2019Egmont, de 82 canons, trois fr\u00e9gates, trois bricks, une bombarde et un cutter. Il a pris d\u2019abord mouillage \u00e0 l\u2019int\u00e9rieur du banc des marguerites; de l\u00e0, il a cannon\u00e9 et bombard\u00e9 le Regulus et les trois bricks, \u00e0 l\u2019abri derri\u00e8re le banc de Talmond, qui couvre le mouillage de Meschers. Il est remont\u00e9 \u00e0 Pauillac, laissant deux galiotes \u00e0 bombes qui commencent le feu \u00e0 huit heures du soir.\u00a0\u00bb<\/em><\/p><p style=\"text-align: left;\"><em>\u00ab\u00a0Du 21 mars au 6 avril (1814), sans rel\u00e2che, les quatre navires sont le point de mire des bombardiers anglais, tandis que nos canons, tirant de plein fouet, ne peuvent que rarement atteindre l\u2019ennemi. Il est vrai que les d\u00e9g\u00e2ts ne furent pas ce qu\u2019esp\u00e9raient les Anglais. Une seule bombe, le premi\u00e8re de toutes, atteignit le but en plein, tombant sur le pont du R\u00e9gulus, le couvrant d\u2019\u00e9clats. Les autres furent presqu\u2019inoffensives, et les marins de la Garde, qui en avaient vu bien d\u2019autres, avaient pris l\u2019habitude de vivre \u00e0 l\u2019abri du pont de cordes que l\u2019on avait tendu au-dessus du pont des Gaillards.<\/em><\/p><h4 style=\"text-align: left;\">Le sabordage du R\u00e9gulus<\/h4><p style=\"text-align: left;\"><em>Il n\u2019en restait pas mojns que la situation du R\u00e9gulus \u00e9tait sans issue, les Anglais tenat la mer et le fleuve. Le 6 avril, le lendemain de l\u2019abdication de l\u2019empereur le capitaine Regnault ex\u00e9cute ses instructions: avant tout, ne pas tomber entre les mains de l\u2019ennemi. Il donne l\u2019ordre de mettre le feu aux trois bricks.<\/em><\/p><p style=\"text-align: left;\"><em>Lui-m\u00eame, \u00e0 six heures du soir, il fait jeter ses poudres \u00e0 la mer. A onze heures pr\u00e9cises, se montre \u00e0 la main, dit-on, il quitte le dernier son vaisseau apr\u00e8s s\u2019\u00eatre assur\u00e9 que le dernier de ses hommes \u00e9tait parti, que le feu qu\u2019il avait fait mettre \u00e0 l\u2019avant et \u00e0 l\u2019arri\u00e8re avait bien pris, et mettant le feu \u00e0 l\u2019amas de mati\u00e8res incendiaires qu\u2019il avait fait disposer au pied du grand m\u00e2t.<\/em><\/p><figure id=\"attachment_74246\" aria-describedby=\"caption-attachment-74246\" style=\"width: 1024px\" class=\"wp-caption aligncenter\"><a href=\"https:\/\/cparici.com\/wp-content\/uploads\/2025\/12\/Sabordage-du-Regulus-devant-les-falaises-de-Meschers.jpg\"><img decoding=\"async\" class=\"wp-image-74246 size-large\" src=\"https:\/\/cparici.com\/wp-content\/uploads\/2025\/12\/Sabordage-du-Regulus-devant-les-falaises-de-Meschers-1024x683.jpg\" alt=\"Sabordage du R\u00e9gulus devant les falaises de Meschers\" width=\"1024\" height=\"683\" srcset=\"https:\/\/cparici.com\/wp-content\/uploads\/2025\/12\/Sabordage-du-Regulus-devant-les-falaises-de-Meschers-1024x683.jpg 1024w, https:\/\/cparici.com\/wp-content\/uploads\/2025\/12\/Sabordage-du-Regulus-devant-les-falaises-de-Meschers-300x200.jpg 300w, https:\/\/cparici.com\/wp-content\/uploads\/2025\/12\/Sabordage-du-Regulus-devant-les-falaises-de-Meschers-768x512.jpg 768w, https:\/\/cparici.com\/wp-content\/uploads\/2025\/12\/Sabordage-du-Regulus-devant-les-falaises-de-Meschers-18x12.jpg 18w, https:\/\/cparici.com\/wp-content\/uploads\/2025\/12\/Sabordage-du-Regulus-devant-les-falaises-de-Meschers-590x393.jpg 590w, https:\/\/cparici.com\/wp-content\/uploads\/2025\/12\/Sabordage-du-Regulus-devant-les-falaises-de-Meschers-1005x670.jpg 1005w, https:\/\/cparici.com\/wp-content\/uploads\/2025\/12\/Sabordage-du-Regulus-devant-les-falaises-de-Meschers-577x385.jpg 577w, https:\/\/cparici.com\/wp-content\/uploads\/2025\/12\/Sabordage-du-Regulus-devant-les-falaises-de-Meschers-1200x800.jpg 1200w, https:\/\/cparici.com\/wp-content\/uploads\/2025\/12\/Sabordage-du-Regulus-devant-les-falaises-de-Meschers-600x400.jpg 600w, https:\/\/cparici.com\/wp-content\/uploads\/2025\/12\/Sabordage-du-Regulus-devant-les-falaises-de-Meschers.jpg 1536w\" sizes=\"(max-width: 1024px) 100vw, 1024px\" \/><\/a><figcaption id=\"caption-attachment-74246\" class=\"wp-caption-text\">Sabordage du R\u00e9gulus devant les falaises de Meschers<\/figcaption><\/figure><p style=\"text-align: left;\">Ce r\u00e9cit serait un t\u00e9moignage datant de 1832,\u00a0 de Primev\u00e8re Lesson,\u00a0 chirurgien, naturaliste, zoologiste et ornithologue fran\u00e7ais, n\u00e9 le 21 mars 1794\u00a0 \u00e0 Rochefort et mort le 28 avril 1849. Le texte paru en 1934.<\/p><h4 style=\"text-align: center;\">L\u2019incendie \u2013 en face des grottes de Regulus<\/h4><p style=\"text-align: left;\">Le r\u00e9cit continue:\u00a0<em>\u00ab\u00a0Le vaisseau br\u00fbla toute la nuit : ses m\u00e2ts \u00e9taient d\u2019immenses torches; les flammes sortaient par les sabords; la chaleur du brasier arrivait jusqu\u2019\u00e0 terre. C\u2019\u00e9tait une vision infernale. Tout \u00e0 coup, les canons, qui \u00e9taient rest\u00e9s charg\u00e9s, vomirent leur mitraille avec une formidable d\u00e9tonation. Un boulet enleva la toiture d\u2019une maison du bourg de Meschers dans laquelle s\u2019\u00e9taient r\u00e9fugi\u00e9s Lesson et une vingtaine de marins. Le 7 avril au matin, quatre carcasses noircies, m\u00e9connaissables, ayant br\u00fbl\u00e9 leurs c\u00e2bles, \u00e9taient emport\u00e9s par le courant et s\u2019\u00e9chouaients sur les bancs de sable.\u00a0\u00bb<\/em><\/p>\t\t\t\t\t\t\t\t<\/div>\n\t\t<div class=\"elementor-element elementor-element-20aa9d4 e-grid e-con-full e-con e-child\" data-id=\"20aa9d4\" data-element_type=\"container\" data-e-type=\"container\">\n\t\t\t\t<div class=\"elementor-element elementor-element-dba0231 elementor-widget elementor-widget-image\" data-id=\"dba0231\" data-element_type=\"widget\" data-e-type=\"widget\" data-widget_type=\"image.default\">\n\t\t\t\t\t\t\t\t\t\t\t\t\t\t\t<img decoding=\"async\" width=\"760\" height=\"760\" src=\"https:\/\/cparici.com\/wp-content\/uploads\/2020\/09\/meschers-lalilala-1024x1024.jpg\" class=\"attachment-large size-large wp-image-10177\" alt=\"\" srcset=\"https:\/\/cparici.com\/wp-content\/uploads\/2020\/09\/meschers-lalilala-1024x1024.jpg 1024w, https:\/\/cparici.com\/wp-content\/uploads\/2020\/09\/meschers-lalilala-300x300.jpg 300w, https:\/\/cparici.com\/wp-content\/uploads\/2020\/09\/meschers-lalilala-100x100.jpg 100w, https:\/\/cparici.com\/wp-content\/uploads\/2020\/09\/meschers-lalilala-150x150.jpg 150w, https:\/\/cparici.com\/wp-content\/uploads\/2020\/09\/meschers-lalilala-1536x1536.jpg 1536w, https:\/\/cparici.com\/wp-content\/uploads\/2020\/09\/meschers-lalilala-2048x2048.jpg 2048w, https:\/\/cparici.com\/wp-content\/uploads\/2020\/09\/meschers-lalilala-60x60.jpg 60w\" sizes=\"(max-width: 760px) 100vw, 760px\">\t\t\t\t\t\t\t\t\t\t\t\t\t\t\t<\/div>\n\t\t\t\t<div class=\"elementor-element elementor-element-1e94bbc elementor-widget elementor-widget-image\" data-id=\"1e94bbc\" data-element_type=\"widget\" data-e-type=\"widget\" data-widget_type=\"image.default\">\n\t\t\t\t\t\t\t\t\t\t\t\t\t\t\t<img decoding=\"async\" width=\"760\" height=\"570\" src=\"https:\/\/cparici.com\/wp-content\/uploads\/2021\/02\/location-vacances-meschers-proche-plage-des-nonnes-1024x768.jpg\" class=\"attachment-large size-large wp-image-38896\" alt=\"plage nonnes avec club mickey\" srcset=\"https:\/\/cparici.com\/wp-content\/uploads\/2021\/02\/location-vacances-meschers-proche-plage-des-nonnes-1024x768.jpg 1024w, https:\/\/cparici.com\/wp-content\/uploads\/2021\/02\/location-vacances-meschers-proche-plage-des-nonnes-600x450.jpg 600w, https:\/\/cparici.com\/wp-content\/uploads\/2021\/02\/location-vacances-meschers-proche-plage-des-nonnes-300x225.jpg 300w, https:\/\/cparici.com\/wp-content\/uploads\/2021\/02\/location-vacances-meschers-proche-plage-des-nonnes-768x576.jpg 768w, https:\/\/cparici.com\/wp-content\/uploads\/2021\/02\/location-vacances-meschers-proche-plage-des-nonnes-1536x1152.jpg 1536w, https:\/\/cparici.com\/wp-content\/uploads\/2021\/02\/location-vacances-meschers-proche-plage-des-nonnes.jpg 1600w\" sizes=\"(max-width: 760px) 100vw, 760px\" \/>\t\t\t\t\t\t\t\t\t\t\t\t\t\t\t<\/div>\n\t\t\t\t<\/div>\n\t\t<div class=\"elementor-element elementor-element-6c85555 e-con-full e-flex e-con e-child\" data-id=\"6c85555\" data-element_type=\"container\" data-e-type=\"container\">\n\t\t\t\t<div class=\"elementor-element elementor-element-084708f elementor-widget elementor-widget-text-editor\" data-id=\"084708f\" data-element_type=\"widget\" data-e-type=\"widget\" data-widget_type=\"text-editor.default\">\n\t\t\t\t\t\t\t\t\t<h2>Histoire des Grottes de R\u00e9gulus<\/h2><p><strong>Les \u2018trous\u2019 de Meschers: un curiosit\u00e9 qui date\u2026<\/strong><\/p><p>Depuis la fin du XIX\u00e8me si\u00e8cle d\u00e9j\u00e0, les grottes de Regulus \u00e0 Meschers, aussi appel\u00e9es \u2018trous de Meschers\u2019 \u00e9taient une curiosit\u00e9.<\/p><p>T\u00e9moins, ces r\u00e9cits de voyage, comme par exemple, celui de Lucien Lheureux:\u00a0<em>\u00a0\u00bb La grande attraction de Meschers est la visite tr\u00e8s curieuse et sans danger des grottes ou trous de Meschers (on trouve toujours au village des femmes et des enfants qui se proposent comme guides; du village on gagne le bord de la falaise, o\u00f9 s\u2019\u00e9l\u00e8ve une ligne de vieux moulins. Apr\u00e8s le dernier moulin un peu en aval de l\u2019extr\u00e9mit\u00e9 sud-est de la pointe de Meschers, autrefois domin\u00e9e par une batterie d\u2019artillerie (beau point de vue), un sentier taill\u00e9 dans la falaise en escalier conduit \u00e0 de vastes salles qui se d\u00e9veloppent sur 20m. de largeur et 60m. de long., et que vingt robustes piliers pr\u00e9servent de tout \u00e9boulement. Ce sont des carri\u00e8res abandonn\u00e9es et l\u2019on y voit encore, fa\u00e7onn\u00e9s au pic des blocs cubiques attenant \u00e0 la paroi.\u00a0\u00bb<\/em><\/p>\t\t\t\t\t\t\t\t<\/div>\n\t\t\t\t<\/div>\n\t\t\t\t<\/div>\n\t\t\t\t\t<\/div>\n\t\t\t\t<\/div>\n\t\t<div class=\"elementor-element elementor-element-1aa8a219 e-flex e-con-boxed e-con e-parent\" data-id=\"1aa8a219\" data-element_type=\"container\" data-e-type=\"container\">\n\t\t\t\t\t<div class=\"e-con-inner\">\n\t\t<div class=\"elementor-element elementor-element-6c052a07 e-con-full e-flex e-con e-child\" data-id=\"6c052a07\" data-element_type=\"container\" data-e-type=\"container\">\n\t\t\t\t<div class=\"elementor-element elementor-element-7f69e2c1 elementor-widget elementor-widget-text-editor\" data-id=\"7f69e2c1\" data-element_type=\"widget\" data-e-type=\"widget\" data-widget_type=\"text-editor.default\">\n\t\t\t\t\t\t\t\t\t<p>Cet article a \u00e9t\u00e9 r\u00e9dig\u00e9 par Alex Arts,\u00a0<a href=\"https:\/\/alexantoine-photos.weebly.com\/\" target=\"_blank\" rel=\"noopener\">photographe<\/a>,\u00a0<a href=\"https:\/\/www.linkedin.com\/in\/alex-b-arts\/\" target=\"_blank\" rel=\"noopener\">cr\u00e9ateur de contenu<\/a>, et guide local.<\/p>\t\t\t\t\t\t\t\t<\/div>\n\t\t\t\t<div class=\"elementor-element elementor-element-16b65f07 elementor-widget elementor-widget-author-box\" data-id=\"16b65f07\" data-element_type=\"widget\" data-e-type=\"widget\" data-widget_type=\"author-box.default\">\n\t\t\t\t\t\t\t<div class=\"elementor-author-box\">\n\t\t\t\t\t\t\t<a href=\"https:\/\/www.linkedin.com\/in\/alex-b-arts\/\" class=\"elementor-author-box__avatar\" target=\"_blank\" rel=\"noopener\">\n\t\t\t\t\t<img decoding=\"async\" src=\"https:\/\/cparici.com\/wp-content\/uploads\/2024\/09\/photo-alex-arts-300x300.jpeg\" alt=\"Bild von Alex Arts\" loading=\"lazy\">\n\t\t\t\t<\/a>\n\t\t\t\n\t\t\t<div class=\"elementor-author-box__text\">\n\t\t\t\t\t\t\t\t\t<a href=\"https:\/\/www.linkedin.com\/in\/alex-b-arts\/\" target=\"_blank\" rel=\"noopener\">\n\t\t\t\t\t\t<h4 class=\"elementor-author-box__name\">\n\t\t\t\t\t\t\tAlex Arts\t\t\t\t\t\t<\/h4>\n\t\t\t\t\t<\/a>\n\t\t\t\t\n\t\t\t\t\t\t\t\t\t<div class=\"elementor-author-box__bio\">\n\t\t\t\t\t\t<p>Photographe, cr\u00e9ateur de contenu et local guide<\/p>\n\t\t\t\t\t<\/div>\n\t\t\t\t\n\t\t\t\t\t\t\t<\/div>\n\t\t<\/div>\n\t\t\t\t\t\t<\/div>\n\t\t\t\t<\/div>\n\t\t\t\t\t<\/div>\n\t\t\t\t<\/div>\n\t\t<div class=\"elementor-element elementor-element-f7d2102 e-flex e-con-boxed e-con e-parent\" data-id=\"f7d2102\" data-element_type=\"container\" data-e-type=\"container\">\n\t\t\t\t\t<div class=\"e-con-inner\">\n\t\t\t\t<div class=\"elementor-element elementor-element-8cf2717 elementor-widget elementor-widget-listeo-posts-grid\" data-id=\"8cf2717\" data-element_type=\"widget\" data-e-type=\"widget\" data-widget_type=\"listeo-posts-grid.default\">\n\t\t\t\t<div class=\"elementor-widget-container\">\n\t\t\t\t\t\t\t\n\t\t<div class=\"listeo-post-grid-wrapper\">\n\t\t\t<div class=\"row\">\n\n\t\t\t\n\n\t\t\t\t\t\t\t<div class=\"col-md-4\">\n                <a href=\"https:\/\/cparici.com\/de\/ou-se-baigner-a-royan-plages-de-royan\/\" class=\"blog-compact-item-container\">\n                    <div class=\"blog-compact-item\">\n                        <img decoding=\"async\" width=\"577\" height=\"284\" src=\"https:\/\/cparici.com\/wp-content\/uploads\/2022\/09\/plages-royan-cote-de-beaute-D-577x284.jpg\" class=\"attachment-listeo-blog-related-post size-listeo-blog-related-post wp-post-image\" alt=\"Ou se baigner a royan\" srcset=\"https:\/\/cparici.com\/wp-content\/uploads\/2022\/09\/plages-royan-cote-de-beaute-D-577x284.jpg 577w, https:\/\/cparici.com\/wp-content\/uploads\/2022\/09\/plages-royan-cote-de-beaute-D-300x147.jpg 300w, https:\/\/cparici.com\/wp-content\/uploads\/2022\/09\/plages-royan-cote-de-beaute-D-1024x503.jpg 1024w, https:\/\/cparici.com\/wp-content\/uploads\/2022\/09\/plages-royan-cote-de-beaute-D-768x377.jpg 768w, https:\/\/cparici.com\/wp-content\/uploads\/2022\/09\/plages-royan-cote-de-beaute-D-1536x755.jpg 1536w, https:\/\/cparici.com\/wp-content\/uploads\/2022\/09\/plages-royan-cote-de-beaute-D-2048x1006.jpg 2048w, https:\/\/cparici.com\/wp-content\/uploads\/2022\/09\/plages-royan-cote-de-beaute-D-590x290.jpg 590w, https:\/\/cparici.com\/wp-content\/uploads\/2022\/09\/plages-royan-cote-de-beaute-D-1200x590.jpg 1200w, https:\/\/cparici.com\/wp-content\/uploads\/2022\/09\/plages-royan-cote-de-beaute-D-600x295.jpg 600w\" sizes=\"(max-width: 577px) 100vw, 577px\" \/><span class=\"blog-item-tag\">Charente maritime<\/span>                        \n                        <div class=\"blog-compact-item-content\">\n                                                        <h3>O\u00f9 se baigner \u00e0 Royan &#8211; Plages de Royan<\/h3>\n                                                        <p>Les plages de Royan c\u00f4te de beaut\u00e9 sont situ\u00e9es en Charente maritime, sur l'Oc\u00e9an atlantique....                            <\/p>\n                                                    <\/div>\n                    <\/div>\n                <\/a>\n            <\/div>\n\t\t\t<div class=\"col-md-4\">\n                <a href=\"https:\/\/cparici.com\/de\/planete-exotica-a-royan\/\" class=\"blog-compact-item-container\">\n                    <div class=\"blog-compact-item\">\n                        <img decoding=\"async\" width=\"577\" height=\"192\" src=\"https:\/\/cparici.com\/wp-content\/uploads\/2021\/04\/planet-exotica-banniere.jpg\" class=\"attachment-listeo-blog-related-post size-listeo-blog-related-post wp-post-image\" alt=\"Planet exotica royan\" srcset=\"https:\/\/cparici.com\/wp-content\/uploads\/2021\/04\/planet-exotica-banniere.jpg 2521w, https:\/\/cparici.com\/wp-content\/uploads\/2021\/04\/planet-exotica-banniere-600x199.jpg 600w, https:\/\/cparici.com\/wp-content\/uploads\/2021\/04\/planet-exotica-banniere-768x255.jpg 768w\" sizes=\"(max-width: 577px) 100vw, 577px\" \/><span class=\"blog-item-tag\">Charente maritime<\/span>                        \n                        <div class=\"blog-compact-item-content\">\n                                                        <h3>Planete Exotica a Royan<\/h3>\n                                                        <p>D\u00e9couvrez Planete Exotica a Royan et ses nombreux reptiles et attractions...                            <\/p>\n                                                    <\/div>\n                    <\/div>\n                <\/a>\n            <\/div>\n\t\t\t<div class=\"col-md-4\">\n                <a href=\"https:\/\/cparici.com\/de\/plage-des-vergnes-a-meschers\/\" class=\"blog-compact-item-container\">\n                    <div class=\"blog-compact-item\">\n                        <img decoding=\"async\" width=\"577\" height=\"181\" src=\"https:\/\/cparici.com\/wp-content\/uploads\/2021\/04\/plage-des-vergnes-banniere.jpg\" class=\"attachment-listeo-blog-related-post size-listeo-blog-related-post wp-post-image\" alt=\"plage des vergnes a Meschers\" srcset=\"https:\/\/cparici.com\/wp-content\/uploads\/2021\/04\/plage-des-vergnes-banniere.jpg 1521w, https:\/\/cparici.com\/wp-content\/uploads\/2021\/04\/plage-des-vergnes-banniere-600x188.jpg 600w, https:\/\/cparici.com\/wp-content\/uploads\/2021\/04\/plage-des-vergnes-banniere-768x241.jpg 768w\" sizes=\"(max-width: 577px) 100vw, 577px\" \/><span class=\"blog-item-tag\">Charente maritime<\/span>                        \n                        <div class=\"blog-compact-item-content\">\n                                                        <h3>Plage des Vergnes a Meschers en Charente maritime<\/h3>\n                                                        <p>La plage des nonnes est une des plages les plus connues de Meschers. Elle est...                            <\/p>\n                                                    <\/div>\n                    <\/div>\n                <\/a>\n            <\/div>\n  <\/div>\n        <\/div>\n        \t\t\t\t<\/div>\n\t\t\t\t<\/div>\n\t\t\t\t\t<\/div>\n\t\t\t\t<\/div>\n\t\t\t\t<\/div>\n\t\t","protected":false},"excerpt":{"rendered":"<p>Entdecken Sie die Regulus-Grotten in Meschers sur Gironde und genie\u00dfen Sie den Blick auf die Gironde-M\u00fcndung.<\/p>","protected":false},"author":1,"featured_media":11956,"comment_status":"closed","ping_status":"closed","sticky":false,"template":"","format":"image","meta":{"ngg_post_thumbnail":0,"footnotes":""},"categories":[459,461,477],"tags":[162,189,159,218,219,190],"class_list":["post-11953","post","type-post","status-publish","format-image","has-post-thumbnail","hentry","category-meschers-sur-gironde","category-charente-maritime","category-france","tag-culturel","tag-meschers","tag-royan","tag-st-georges-de-didonne","tag-st-palais-sur-mer","tag-talmont","post_format-post-format-image"],"_links":{"self":[{"href":"https:\/\/cparici.com\/de\/wp-json\/wp\/v2\/posts\/11953","targetHints":{"allow":["GET"]}}],"collection":[{"href":"https:\/\/cparici.com\/de\/wp-json\/wp\/v2\/posts"}],"about":[{"href":"https:\/\/cparici.com\/de\/wp-json\/wp\/v2\/types\/post"}],"author":[{"embeddable":true,"href":"https:\/\/cparici.com\/de\/wp-json\/wp\/v2\/users\/1"}],"replies":[{"embeddable":true,"href":"https:\/\/cparici.com\/de\/wp-json\/wp\/v2\/comments?post=11953"}],"version-history":[{"count":0,"href":"https:\/\/cparici.com\/de\/wp-json\/wp\/v2\/posts\/11953\/revisions"}],"wp:featuredmedia":[{"embeddable":true,"href":"https:\/\/cparici.com\/de\/wp-json\/wp\/v2\/media\/11956"}],"wp:attachment":[{"href":"https:\/\/cparici.com\/de\/wp-json\/wp\/v2\/media?parent=11953"}],"wp:term":[{"taxonomy":"category","embeddable":true,"href":"https:\/\/cparici.com\/de\/wp-json\/wp\/v2\/categories?post=11953"},{"taxonomy":"post_tag","embeddable":true,"href":"https:\/\/cparici.com\/de\/wp-json\/wp\/v2\/tags?post=11953"}],"curies":[{"name":"wp","href":"https:\/\/api.w.org\/{rel}","templated":true}]}}