{"id":11987,"date":"2020-11-18T11:14:44","date_gmt":"2020-11-18T11:14:44","guid":{"rendered":"https:\/\/loclilala-vacances.com\/le-phare-des-baleines\/"},"modified":"2025-08-06T09:16:09","modified_gmt":"2025-08-06T07:16:09","slug":"der-leuchtturm-der-wale","status":"publish","type":"post","link":"https:\/\/cparici.com\/de\/le-phare-des-baleines\/","title":{"rendered":"Der Leuchtturm der Wale"},"content":{"rendered":"\t\t<div data-elementor-type=\"wp-post\" data-elementor-id=\"11987\" class=\"elementor elementor-11987\" data-elementor-post-type=\"post\">\n\t\t\t\t<div class=\"elementor-element elementor-element-c411eb7 e-con-full e-flex e-con e-parent\" data-id=\"c411eb7\" data-element_type=\"container\" data-e-type=\"container\">\n\t\t\t\t<div class=\"elementor-element elementor-element-125cdae elementor-widget elementor-widget-image\" data-id=\"125cdae\" data-element_type=\"widget\" data-e-type=\"widget\" data-widget_type=\"image.default\">\n\t\t\t\t\t\t\t\t\t\t\t\t\t\t\t<img decoding=\"async\" width=\"1520\" height=\"628\" src=\"https:\/\/cparici.com\/wp-content\/uploads\/2020\/11\/phare-des-baleines-3-banniere.jpg\" class=\"attachment-full size-full wp-image-11757\" alt=\"phare des baleines\" srcset=\"https:\/\/cparici.com\/wp-content\/uploads\/2020\/11\/phare-des-baleines-3-banniere.jpg 1520w, https:\/\/cparici.com\/wp-content\/uploads\/2020\/11\/phare-des-baleines-3-banniere-600x247.jpg 600w, https:\/\/cparici.com\/wp-content\/uploads\/2020\/11\/phare-des-baleines-3-banniere-768x317.jpg 768w\" sizes=\"(max-width: 1520px) 100vw, 1520px\" \/>\t\t\t\t\t\t\t\t\t\t\t\t\t\t\t<\/div>\n\t\t\t\t<\/div>\n\t\t<aside class=\"elementor-element elementor-element-e373dec e-flex e-con-boxed e-con e-parent\" data-id=\"e373dec\" data-element_type=\"container\" data-e-type=\"container\">\n\t\t\t\t\t<div class=\"e-con-inner\">\n\t\t\t\t<div class=\"elementor-element elementor-element-3d57956 elementor-widget elementor-widget-global elementor-global-62046 elementor-widget-eael-advanced-search\" data-id=\"3d57956\" data-element_type=\"widget\" data-e-type=\"widget\" data-widget_type=\"eael-advanced-search.default\">\n\t\t\t\t\t        <div class=\"eael-adv-search-wrapper\">\n            <div id=\"eael-advanced-search-widget-3d57956\" class=\"eael-advanced-search-widget\">\n                <form data-settings=\"{&quot;post_per_page&quot;:5,&quot;search_among_taxonomies&quot;:&quot;&quot;,&quot;search_among_sku&quot;:&quot;no&quot;,&quot;show_popular_keyword&quot;:0,&quot;show_category&quot;:0,&quot;show_content_image&quot;:1,&quot;show_search_result_all_results&quot;:0,&quot;result_on_new_tab&quot;:&quot;no&quot;,&quot;show_product_price&quot;:&quot;no&quot;,&quot;include_current_page&quot;:&quot;no&quot;,&quot;current_post_id&quot;:11987,&quot;post_type&quot;:[&quot;post&quot;,&quot;listing&quot;]}\" method=\"POST\" name=\"eael-advanced-search-form-3d57956\" class=\"eael-advanced-search-form eael-advanced-search-form-style-2\">\n                    <div class=\"eael-advanced-search-wrap\">\n                        <span class=\"eael-adv-search-loader\"><\/span>\n                        <span class=\"eael-adv-search-close\"><i class=\"fas fa-times\"><\/i><\/span>\n                        <span class=\"icon \"><i class=\"fas fa-search\"><\/i><\/span>\n\n                        <input type=\"text\"\n                               placeholder=\"Votre destination\"\n                               class=\"eael-advanced-search\" autocomplete=\"off\" name=\"eael_advanced_search\">\n                    <\/div>\n\t\t\t\t\t                                    <\/form>\n\n\t\t\t\t\n\t\t\t\t        <div class=\"eael-advanced-search-result\">\n            <div class=\"eael-advanced-search-popular-keyword\">\n\t\t\t\t<h4 class=\"eael-advanced-search-popular-keyword-text\">Recherches populaires<\/h4>                <div class=\"eael-popular-keyword-content\"><\/div>\n            <\/div>\n            <div class=\"eael-advanced-search-category\">\n\t\t\t\t<h4 class=\"eael-advanced-search-category-text\">Categories<\/h4>                <div class=\"eael-popular-category-content\"><\/div>\n            <\/div>\n\t\t\t<div class=\"eael-advanced-search-total-results-section\">\n\t\t\t\t\t\t\t<\/div>\n            <div class=\"eael-advanced-search-content eael-item-style-3\">\n            <\/div>\n            <div class=\"eael-advanced-search-not-found\">\n                <p>Pas de r\u00e9sultats<\/p><\/div>\n            <div class=\"eael-advanced-search-load-more\">\n\t\t\t\t<a \tclass=\"eael-advanced-search-load-more-button\"\n                \thref=\"#\">Voir tous les r\u00e9sultats<\/a>\n            <\/div>\n        <\/div>\n\n\t\t            <\/div>\n        <\/div>\n\n\t\t\t\t\t\t<\/div>\n\t\t\t\t\t<\/div>\n\t\t\t\t<\/aside>\n\t\t<div class=\"elementor-element elementor-element-642f0af5 e-flex e-con-boxed e-con e-parent\" data-id=\"642f0af5\" data-element_type=\"container\" data-e-type=\"container\">\n\t\t\t\t\t<div class=\"e-con-inner\">\n\t\t\t\t<div class=\"elementor-element elementor-element-543878fb elementor-widget elementor-widget-text-editor\" data-id=\"543878fb\" data-element_type=\"widget\" data-e-type=\"widget\" data-widget_type=\"text-editor.default\">\n\t\t\t\t\t\t\t\t\t<h1 style=\"text-align: center;\"><span style=\"font-size: 18pt;\">Le Phare des Baleines<\/span><\/h1><p>Si vous cherchez une exp\u00e9rience unique et enrichissante au Nord Ouest de <a href=\"https:\/\/cparici.com\/fr\/visiter-ile-de-re\/\">l\u2019\u00eele de R\u00e9<\/a>, <strong>le phare des Baleines est une destination incontournable<\/strong>. Passionn\u00e9s de patrimoine, amoureux de la nature et amateurs de vues \u00e9poustouflantes seront combl\u00e9s.<\/p><p>Ce monument historique culmine \u00e0 57 m\u00e8tres de hauteur, face \u00e0 la c\u00f4te sauvage, offrant apr\u00e8s l\u2019ascension de ses 257 marches, un panorama exceptionnel sur l\u2019\u00eele, l\u2019oc\u00e9an et le petit phare des Baleineaux. Le phare des Baleines se distingue par son histoire captivante et son r\u00f4le essentiel dans la navigation maritime.<\/p><figure id=\"attachment_11760\" aria-describedby=\"caption-attachment-11760\" style=\"width: 533px\" class=\"wp-caption aligncenter\"><a href=\"https:\/\/cparici.com\/wp-content\/uploads\/2020\/11\/phare-des-baleines-4-loclilala.jpg\"><img decoding=\"async\" class=\"size-full wp-image-11760\" src=\"https:\/\/cparici.com\/wp-content\/uploads\/2020\/11\/phare-des-baleines-4-loclilala.jpg\" alt=\"Phare des Baleines\" width=\"533\" height=\"800\" srcset=\"https:\/\/cparici.com\/wp-content\/uploads\/2020\/11\/phare-des-baleines-4-loclilala.jpg 533w, https:\/\/cparici.com\/wp-content\/uploads\/2020\/11\/phare-des-baleines-4-loclilala-768x1152.jpg 768w, https:\/\/cparici.com\/wp-content\/uploads\/2020\/11\/phare-des-baleines-4-loclilala-600x900.jpg 600w\" sizes=\"(max-width: 533px) 100vw, 533px\" \/><\/a><figcaption id=\"caption-attachment-11760\" class=\"wp-caption-text\">Phare des baleines \u2013 vue \u00e9loign\u00e9e sur le monument<\/figcaption><\/figure><p>Au-del\u00e0 de sa valeur historique, ce site est le point de d\u00e9part privil\u00e9gi\u00e9 pour de multiples excursions au c\u0153ur de la richesse naturelle de l\u2019\u00eele. Que ce soit \u00e0 pied, \u00e0 v\u00e9lo ou en bateau, vous pourrez explorer l\u2019\u00e9cosyst\u00e8me unique de l\u2019\u00eele, en d\u00e9couvrant sa faune et sa flore, des oiseaux marins aux marais salants. Le phare des Baleines transcende sa fonction premi\u00e8re pour devenir une fen\u00eatre ouverte sur la culture et les merveilles naturelles de l\u2019\u00eele, promettant une visite m\u00e9morable.<\/p><h2>D\u00e9couvrir l\u2019histoire captivante du Phare des Baleines<\/h2><p>Le Phare se dresse non seulement comme un monument spectaculaire, mais incarne \u00e9galement le riche h\u00e9ritage maritime de l\u2019\u00eele de R\u00e9 et de la <a href=\"https:\/\/cparici.com\/fr\/visiter-la-france-guide-des-regions-et-sites-touristiques\/\">France<\/a>. Pendant plus de trois si\u00e8cles, il a guid\u00e9 et prot\u00e9g\u00e9 les navigateurs des p\u00e9rils oc\u00e9aniques.<\/p><p>Explorez sa construction, son \u00e9volution au fil du temps et d\u00e9couvrez les gardiens audacieux et passionn\u00e9s qui l\u2019ont maintenu en fonction.<\/p><h3>Les origines du phare : un pass\u00e9 maritime riche<\/h3><p>Nomm\u00e9 d\u2019apr\u00e8s les baleines qui s\u2019\u00e9chouaient jadis en grand nombre sur ce tron\u00e7on de l\u2019\u00eele de R\u00e9, le Phare\u00a0 se trouve \u00e0 la pointe ouest, un emplacement crucial pour le commerce et la d\u00e9fense. D\u00e8s le XVIIe si\u00e8cle, sous l\u2019ordre de Louis XIV, Vauban, son illustre ing\u00e9nieur militaire, \u00e9rige une tour fortifi\u00e9e pour signaler la pr\u00e9sence de l\u2019\u00eele et renforcer sa d\u00e9fense.<\/p><p>Cette tour initiale, haute de 29 m\u00e8tres, mise en lumi\u00e8re en 1682, repr\u00e9sente le premier Phare des Baleines. Aujourd\u2019hui, elle est reconnue monument historique et abrite un mus\u00e9e d\u00e9di\u00e9 \u00e0 l\u2019histoire des phares et des baleines.<\/p><h3>Construction et \u00e9volution au fil des ans<\/h3><p>Au XIXe si\u00e8cle, la tour de Vauban ne pouvait plus suffire aux exigences de la navigation. Elle \u00e9tait trop basse, peu puissante et \u00e9loign\u00e9e du rivage. Un nouveau phare, plus haut, plus fort et plus proche de la mer, s\u2019av\u00e9rait n\u00e9cessaire.<\/p><p><strong>Le projet fut confi\u00e9 \u00e0 L\u00e9once Reynaud, architecte de renom<\/strong> ayant \u00e0 son actif plusieurs phares en France. Il con\u00e7ut un phare de 57 m\u00e8tres avec une structure en pierre, une lanterne octogonale et une lentille de Fresnel pour am\u00e9liorer la port\u00e9e du signal lumineux.<\/p><p>La construction, d\u00e9butant en 1849, s\u2019ach\u00e8ve en 1854. Initialement muni d\u2019un syst\u00e8me de combustion au p\u00e9trole, le phare fut \u00e9lectrifi\u00e9 en 1904. Il continue de fonctionner \u00e0 ce jour, avec un signal portant \u00e0 environ 50 kilom\u00e8tres, et a \u00e9t\u00e9 inscrit aux monuments historiques en 2011.<\/p><h3>Les gardiens du phare des Baleines : des vies d\u00e9di\u00e9es<\/h3><p>Les gardiens ont jou\u00e9 un r\u00f4le crucial dans le fonctionnement du Phare, entretenant, allumant et \u00e9teignant la lumi\u00e8re chaque jour. Souvent issus de familles de marins, ces gardiens ont d\u00e9vou\u00e9 leur vie \u00e0 cette occupation importante. <strong>Ils devaient grimper et descendre les 257 marches quotidiennement, surveiller les m\u00e9canismes, nettoyer les vitres, remplir les r\u00e9servoirs de carburant, tenir un journal de bord, accueillir les visiteurs et parfois m\u00eame secourir des naufrag\u00e9s.<\/strong><\/p><p>Vivant dans des logements attenants au phare avec leurs familles, ils formaient une communaut\u00e9 tiss\u00e9e serr\u00e9e. Le dernier gardien a quitt\u00e9 son poste en 2001, suite \u00e0 l\u2019automatisation du phare. Il a l\u00e9gu\u00e9 son savoir et sa passion au mus\u00e9e des baleines, c\u00e9l\u00e9brant ces h\u00e9ros de la lumi\u00e8re.<\/p><h2>Planifiez votre visite : conseils et astuces<\/h2><p>Envie de d\u00e9couvrir le phare des baleines, mais vous vous interrogez sur le moment id\u00e9al, les moyens d\u2019acc\u00e8s et le co\u00fbt ? Pas d\u2019inqui\u00e9tude, voici tous les renseignements utiles pour pr\u00e9parer au mieux votre exp\u00e9dition et en profiter \u00e0 fond.<\/p><h3><a href=\"https:\/\/cparici.com\/wp-content\/uploads\/2020\/11\/phare-des-baleines-13-loclilala.jpg\"><img decoding=\"async\" class=\"size-full wp-image-11769 aligncenter\" src=\"https:\/\/cparici.com\/wp-content\/uploads\/2020\/11\/phare-des-baleines-13-loclilala.jpg\" alt=\"\" width=\"533\" height=\"800\" srcset=\"https:\/\/cparici.com\/wp-content\/uploads\/2020\/11\/phare-des-baleines-13-loclilala.jpg 533w, https:\/\/cparici.com\/wp-content\/uploads\/2020\/11\/phare-des-baleines-13-loclilala-768x1152.jpg 768w, https:\/\/cparici.com\/wp-content\/uploads\/2020\/11\/phare-des-baleines-13-loclilala-600x900.jpg 600w\" sizes=\"(max-width: 533px) 100vw, 533px\" \/><\/a><\/h3><h3>\u00a0<\/h3><h3>Meilleures p\u00e9riodes pour visiter le Phare des Baleines<\/h3><p>Le site est accessible toute l\u2019ann\u00e9e, tous les jours. Cependant, pour une exp\u00e9rience plus agr\u00e9able loin des foules, privil\u00e9giez la p\u00e9riode d\u2019octobre \u00e0 mars. Vous b\u00e9n\u00e9ficierez ainsi d\u2019une visite plus paisible, sans file d\u2019attente au phare.<\/p><p>Si c\u2019est la chaleur et la plage qui vous attirent, les mois d\u2019avril \u00e0 septembre seront id\u00e9als, offrant un climat plus doux. Couplez votre visite avec une baignade ou une balade \u00e0 v\u00e9lo sur l\u2019\u00eele de R\u00e9 pour une journ\u00e9e inoubliable. Notez que le lieu est tr\u00e8s fr\u00e9quent\u00e9 durant les vacances scolaires et les week-ends ; une certaine attente peut \u00eatre pr\u00e9vue.<\/p><h3>Comment acc\u00e9der au site ?<\/h3><p>Situ\u00e9 \u00e0 la pointe ouest de l\u2019\u00eele de R\u00e9, dans la commune de Saint-Cl\u00e9ment-des-Baleines, plusieurs options sont disponibles pour rejoindre le phare des baleines. En voiture, prenez le pont de l\u2019\u00eele de R\u00e9 (payant) et suivez les indications vers le phare. Un parking gratuit est disponible pr\u00e8s du site. Pour les visiteurs en bus, prenez la ligne 3 du r\u00e9seau Les Mouettes allant de La Rochelle \u00e0 Saint-Cl\u00e9ment-des-Baleines et arr\u00eatez-vous \u00e0 Phare des Baleines. Les cyclistes peuvent emprunter les pistes cyclables r\u00e9parties sur l\u2019\u00eele. Le site est accessible aux personnes \u00e0 mobilit\u00e9 r\u00e9duite, \u00e0 l\u2019exception du sommet du phare.<\/p><h3>Tarifs et horaires : tout ce qu\u2019il faut savoir<\/h3><p>Le site propose diverses formules de visite, avec des tarifs allant de 3,10 \u20ac \u00e0 12,95 \u20ac, selon l\u2019option choisie et l\u2019\u00e2ge du visiteur. Des r\u00e9ductions sont disponibles pour les familles, groupes, \u00e9tudiants, demandeurs d\u2019emploi, etc. Consultez le site officiel du phare pour plus de d\u00e9tails. Les horaires sont de 10h00 \u00e0 19h00 d\u2019avril \u00e0 septembre et de 10h00 \u00e0 17h30 d\u2019octobre \u00e0 mars. Fermeture annuelle le 25 d\u00e9cembre et le 1er janvier. R\u00e9servation en ligne recommand\u00e9e pour minimiser l\u2019attente.<\/p><h3>Conseils pour une visite agr\u00e9able et s\u00e9curis\u00e9e<\/h3><p>Pour une visite enrichissante et confortable du phare des baleines, pensez \u00e0 porter des chaussures adapt\u00e9es pour gravir les 257 marches du grand phare. Muni d\u2019une bouteille d\u2019eau, d\u2019un chapeau et de cr\u00e8me solaire, vous serez par\u00e9 contre la chaleur. Veillez \u00e9galement \u00e0 respecter les consignes de s\u00e9curit\u00e9 et les mesures sanitaires, dont le port du masque en int\u00e9rieur et le maintien des distances de s\u00e9curit\u00e9. Nous vous souhaitons une excellente visite !<\/p><h2>Les incontournables de votre visite au Phare des Baleines<\/h2><p>Visiter le Phare des Baleines, c\u2019est s\u2019offrir un moment hors du temps, truff\u00e9 de d\u00e9couvertes fascinantes. Que votre passion se porte sur l\u2019histoire, la nature ou l\u2019adr\u00e9naline, ce lieu mythique saura combler vos attentes.<\/p><p>D\u00e9couvrons ensemble ce qui rend cet endroit inoubliable.<\/p><h3>L\u2019ascension vers le sommet : une vue \u00e0 couper le souffle<\/h3><p>Aux amateurs de d\u00e9fis et de panoramas \u00e9poustouflants, gravissez les 257 marches du grand phare pour atteindre 57 m\u00e8tres de hauteur et b\u00e9n\u00e9ficiez d\u2019une vue imprenable sur l\u2019\u00eele de R\u00e9, l\u2019oc\u00e9an et le petit Phare des Baleineaux. Par temps clair, les silhouettes de l\u2019\u00eele d\u2019Ol\u00e9ron, la pointe de la Coubre et le fort Boyard se d\u00e9voileront \u00e0 l\u2019horizon. La beaut\u00e9 du paysage en 360\u00b0 y est incomparable, id\u00e9ale pour des photographies m\u00e9morables. Notez que l\u2019acc\u00e8s au phare est payant et peut \u00eatre restreint durant les intemp\u00e9ries ou les p\u00e9riodes de travaux.<\/p><h3>Le mus\u00e9e du Phare des Baleines : un voyage dans le temps<\/h3><p>Les passionn\u00e9s d\u2019histoire des phares et de leurs vigilants gardiens appr\u00e9cieront la visite du mus\u00e9e situ\u00e9 dans l\u2019ancienne tour de Vauban, un monument historique. Ce voyage dans le temps vous fera d\u00e9couvrir l\u2019\u00e9volution des technologies de signalisation, explorer les diff\u00e9rents types de phares, les outils et artefacts des gardiens, ainsi que des mod\u00e8les r\u00e9duits, cartes et documents historiques. L\u2019entr\u00e9e du mus\u00e9e est incluse dans le billet du grand phare ou peut \u00eatre achet\u00e9e s\u00e9par\u00e9ment.<\/p><h3>Aux alentours du phare : d\u00e9couvertes et promenades<\/h3><p>Le phare est nich\u00e9 dans un parc naturel invitateur, id\u00e9al pour s\u2019impr\u00e9gner de la beaut\u00e9 des c\u00f4tes. Fl\u00e2nez sur la plage de la Conche des Baleines, parfaite pour une journ\u00e9e de d\u00e9tente, de baignade ou de surf. La r\u00e9serve naturelle nationale de Lilleau des Niges, quant \u00e0 elle, promet une richesse \u00e9cologique extraordinaire, accessible \u00e0 pied, \u00e0 v\u00e9lo ou en bateau. Des animations et visites guid\u00e9es sont r\u00e9guli\u00e8rement organis\u00e9es pour une exp\u00e9rience immersive.<\/p><h3>Les activit\u00e9s p\u00e9dagogiques : pour petits et grands<\/h3><p>Pour enrichir votre visite, le Phare des Baleines offre une vari\u00e9t\u00e9 d\u2019activit\u00e9s \u00e9ducatives con\u00e7ues pour tous les \u00e2ges. Participer \u00e0 des ateliers, des jeux \u00e9ducatifs, des conf\u00e9rences ou des expositions vous permettra de plonger dans l\u2019histoire du phare, de d\u00e9couvrir la faune et la flore locale, et d\u2019embrasser la culture de l\u2019\u00eele de R\u00e9. Les t\u00e9moignages des anciens gardiens du phare ajoutent une touche personnelle et historique \u00e0 l\u2019exp\u00e9rience. Pour plus d\u2019informations, n\u2019h\u00e9sitez pas \u00e0 consulter le programme sur le site officiel du Phare des Baleines.<\/p><h2>Conclusion<\/h2><p>Le phare des baleines, situ\u00e9 sur l\u2019\u00eele de R\u00e9, est une destination phare qui promet une aventure inoubliable. Il attire aussi bien les amateurs d\u2019histoire, les passionn\u00e9s de nature que les aventuriers en qu\u00eate de d\u00e9couvertes. La possibilit\u00e9 d\u2019admirer une vue \u00e9poustouflante sur l\u2019oc\u00e9an, de plonger dans l\u2019histoire fascinante des phares et de leurs gardiens, d\u2019explorer la diversit\u00e9 de la faune et de la flore, ainsi que de participer \u00e0 des activit\u00e9s \u00e9ducatives et divertissantes, fait de ce lieu un must-see absolu.<\/p><p>Magique de par sa splendeur, son patrimoine et son atmosph\u00e8re, le phare des baleines vous promet des moments enchant\u00e9s. Ne manquez pas cette opportunit\u00e9 unique, r\u00e9servez votre visite d\u00e8s maintenant et laissez-vous emporter par la magie du phare des baleines pour une exp\u00e9rience m\u00e9morable.<\/p><h2>FAQ<\/h2><h3>Pourquoi on l\u2019appelle le phare des Baleines ?<\/h3><p>Le Phare des Baleines doit son nom \u00e0 son emplacement sur la pointe ouest de l\u2019\u00eele de R\u00e9, lieu historique d\u2019\u00e9chouage de nombreuses baleines. Le dernier \u00e9chouage recens\u00e9 date de 1922.<\/p><h3>Quels sont les phares de l\u2019\u00eele de R\u00e9 ?<\/h3><p>Sur l\u2019\u00eele de R\u00e9, deux phares marquent la pointe ouest, au sein de la commune de <a href=\"https:\/\/cparici.com\/fr\/saint-clement-des-baleines\/\">Saint-Cl\u00e9ment-des-Baleines<\/a>. Le Grand Phare, en service depuis 1854, et la Vieille Tour, \u00e9rig\u00e9e en 1682 sous l\u2019autorit\u00e9 de Vauban et d\u00e9sormais class\u00e9e monument historique.<\/p><h3>O\u00f9 aller pour voir des baleines ?<\/h3><p>Les opportunit\u00e9s pour observer les baleines abondent \u00e0 travers le globe, dans des lieux o\u00f9 ces g\u00e9ants des mers se rassemblent pour se nourrir ou se reproduire. Parmi les destinations privil\u00e9gi\u00e9es, citons : l\u2019\u00eele de Vancouver au Canada, le golfe de Saint-Laurent au Qu\u00e9bec, Husavik en Islande, la p\u00e9ninsule de Vald\u00e8s en Argentine, la baie d\u2019Hermanus en Afrique du Sud et Kalpitiya au Sri Lanka.<\/p><h3>O\u00f9 voir des baleines en juillet ?<\/h3><p>En juillet, plusieurs destinations sont propices \u00e0 l\u2019observation des baleines. L\u2019Afrique du Sud devient le th\u00e9\u00e2tre du \u00ab sardine run \u00bb, attraction majeure des baleines \u00e0 bosse. En Polyn\u00e9sie fran\u00e7aise, ces m\u00eames baleines se rassemblent pr\u00e8s de Moorea. Le golfe du Saint-Laurent, au Qu\u00e9bec, offre \u00e9galement un spectacle diversifi\u00e9, rassemblant diff\u00e9rentes esp\u00e8ces de baleines.<\/p><h2 style=\"text-align: center;\"><span style=\"font-size: 14pt; color: #003366;\"><strong>R\u00e9sum\u00e9 \u2013 D\u00e9couvrir en famille le phare des baleines sur l\u2019\u00eele de R\u00e9 en Charente maritime<\/strong><\/span><\/h2><p><span style=\"font-size: 12pt;\"><strong>Le phare des baleines<\/strong> est un phare bien connu en charente maritime situ\u00e9 \u00e0 la pointe de <span style=\"color: #003366;\"><strong>l\u2019\u00eele de R\u00e9<\/strong><\/span>, en Charente Maritime en France, au 155 route du Phare, 17590 St-Cl\u00e9ment des Baleines, non loin de la ville de St Cl\u00e9ment des Baleines. Il mesure 57 m de hauteur et a \u00e9t\u00e9 construit \u00e0 partir de 1849, et mis en service en 1854. Il est de forme octogonale, et fut construit avec des pierres calcaires de la r\u00e9gion, comme de nombreux b\u00e2timents du d\u00e9partement.<\/span><\/p><p style=\"text-align: left;\"><span style=\"font-size: 12pt;\">Il a \u00e9t\u00e9 construit\u00a0 <strong>en remplacement de l\u2019ancien phare<\/strong> \u2013 ancienne tour haute de 30m\u00e8tres et datant de 1682 \u2013 con\u00e7u par Vauban, aujourd\u2019hui transform\u00e9 en mus\u00e9e et que vous pouvez visiter. Ce mus\u00e9e raconte l\u2019histoire de l\u2019\u00e9volution des phares.<\/span><\/p><p style=\"text-align: left;\"><span style=\"font-size: 12pt;\">Vous trouverez aussi une librairie et boutique-mus\u00e9e et non loin de l\u00e0 <strong>le s\u00e9maphore de la Marine Nationale<\/strong>, tout cela dans un parc appel\u00e9 le parc des Baleines dont l\u2019acc\u00e8s est gratuit et qui constitue un espace naturel sensible.<\/span><\/p><p><span style=\"font-size: 12pt;\">Vous pouvez visiter le phare (entr\u00e9e payante)\u00a0 et\u00a0 monter en haut pour profiter de la vue en utilisant <strong>l\u2019escalier en colima\u00e7on de 257 marches<\/strong>. Vous apercevrez alors le phare des baleineaux, situ\u00e9 \u00e0 3 km de la pointe du phare des baleines.<\/span><\/p><p>Id\u00e9al lors d\u2019un weekend \u00e0 <a href=\"https:\/\/cparici.com\/fr\/que-faire-a-la-rochelle-top-des-activites-incontournables\/\">La Rochelle<\/a>.<\/p><p>Le site officiel du Phare des Baleines, <a href=\"https:\/\/pharedesbaleines.com\/\" target=\"_blank\" rel=\"noopener\">c\u2019est par ici!<\/a><\/p>\t\t\t\t\t\t\t\t<\/div>\n\t\t\t\t\t<\/div>\n\t\t\t\t<\/div>\n\t\t<aside class=\"elementor-element elementor-element-efeed59 e-flex e-con-boxed e-con e-parent\" data-id=\"efeed59\" data-element_type=\"container\" data-e-type=\"container\">\n\t\t\t\t\t<div class=\"e-con-inner\">\n\t\t\t\t<div class=\"elementor-element elementor-element-0730b38 elementor-widget elementor-widget-listeo-posts-grid\" data-id=\"0730b38\" data-element_type=\"widget\" data-e-type=\"widget\" data-widget_type=\"listeo-posts-grid.default\">\n\t\t\t\t<div class=\"elementor-widget-container\">\n\t\t\t\t\t\t\t\n\t\t<div class=\"listeo-post-grid-wrapper\">\n\t\t\t<div class=\"row\">\n\n\t\t\t\n\n\t\t\t\t\t\t\t<div class=\"col-md-4\">\n                <a href=\"https:\/\/cparici.com\/de\/la-flotte-en-re\/\" class=\"blog-compact-item-container\">\n                    <div class=\"blog-compact-item\">\n                        <img decoding=\"async\" width=\"577\" height=\"210\" src=\"https:\/\/cparici.com\/wp-content\/uploads\/2024\/05\/la-flotte-en-re.jpg\" class=\"attachment-listeo-blog-related-post size-listeo-blog-related-post wp-post-image\" alt=\"la flotte en r\u00e9\" srcset=\"https:\/\/cparici.com\/wp-content\/uploads\/2024\/05\/la-flotte-en-re.jpg 1500w, https:\/\/cparici.com\/wp-content\/uploads\/2024\/05\/la-flotte-en-re-600x218.jpg 600w, https:\/\/cparici.com\/wp-content\/uploads\/2024\/05\/la-flotte-en-re-300x109.jpg 300w, https:\/\/cparici.com\/wp-content\/uploads\/2024\/05\/la-flotte-en-re-1024x372.jpg 1024w, https:\/\/cparici.com\/wp-content\/uploads\/2024\/05\/la-flotte-en-re-768x279.jpg 768w\" sizes=\"(max-width: 577px) 100vw, 577px\" \/><span class=\"blog-item-tag\">Charente maritime<\/span>                        \n                        <div class=\"blog-compact-item-content\">\n                                                        <h3>La flotte en r\u00e9 : guide complet pour explorer la ville de La Flotte<\/h3>\n                                                        <p>La flotte en r\u00e9 est une destination id\u00e9ale pour les amoureux de la nature et...                            <\/p>\n                                                    <\/div>\n                    <\/div>\n                <\/a>\n            <\/div>\n\t\t\t<div class=\"col-md-4\">\n                <a href=\"https:\/\/cparici.com\/de\/plage-la-rochelle\/\" class=\"blog-compact-item-container\">\n                    <div class=\"blog-compact-item\">\n                        <img decoding=\"async\" width=\"577\" height=\"170\" src=\"https:\/\/cparici.com\/wp-content\/uploads\/2024\/05\/plage-la-rochelle.jpg\" class=\"attachment-listeo-blog-related-post size-listeo-blog-related-post wp-post-image\" alt=\"Plage La Rochelle\" srcset=\"https:\/\/cparici.com\/wp-content\/uploads\/2024\/05\/plage-la-rochelle.jpg 1550w, https:\/\/cparici.com\/wp-content\/uploads\/2024\/05\/plage-la-rochelle-600x177.jpg 600w, https:\/\/cparici.com\/wp-content\/uploads\/2024\/05\/plage-la-rochelle-300x88.jpg 300w, https:\/\/cparici.com\/wp-content\/uploads\/2024\/05\/plage-la-rochelle-1024x301.jpg 1024w, https:\/\/cparici.com\/wp-content\/uploads\/2024\/05\/plage-la-rochelle-768x226.jpg 768w, https:\/\/cparici.com\/wp-content\/uploads\/2024\/05\/plage-la-rochelle-1536x452.jpg 1536w\" sizes=\"(max-width: 577px) 100vw, 577px\" \/><span class=\"blog-item-tag\">Charente maritime<\/span>                        \n                        <div class=\"blog-compact-item-content\">\n                                                        <h3>Plage La Rochelle<\/h3>\n                                                        <p>D\u00e9couvrez les plus belles plages de La Rochelle et ses alentours en Charente-Maritime, avec des...                            <\/p>\n                                                    <\/div>\n                    <\/div>\n                <\/a>\n            <\/div>\n\t\t\t<div class=\"col-md-4\">\n                <a href=\"https:\/\/cparici.com\/de\/les-francofolies-le-festival-de-la-francophonie\/\" class=\"blog-compact-item-container\">\n                    <div class=\"blog-compact-item\">\n                        <img decoding=\"async\" width=\"577\" height=\"204\" src=\"https:\/\/cparici.com\/wp-content\/uploads\/2025\/07\/cparici-53-577x204.jpg\" class=\"attachment-listeo-blog-related-post size-listeo-blog-related-post wp-post-image\" alt=\"Francofolies\" srcset=\"https:\/\/cparici.com\/wp-content\/uploads\/2025\/07\/cparici-53-577x204.jpg 577w, https:\/\/cparici.com\/wp-content\/uploads\/2025\/07\/cparici-53-300x106.jpg 300w, https:\/\/cparici.com\/wp-content\/uploads\/2025\/07\/cparici-53-1024x362.jpg 1024w, https:\/\/cparici.com\/wp-content\/uploads\/2025\/07\/cparici-53-768x271.jpg 768w, https:\/\/cparici.com\/wp-content\/uploads\/2025\/07\/cparici-53-18x6.jpg 18w, https:\/\/cparici.com\/wp-content\/uploads\/2025\/07\/cparici-53-590x208.jpg 590w, https:\/\/cparici.com\/wp-content\/uploads\/2025\/07\/cparici-53-1200x424.jpg 1200w, https:\/\/cparici.com\/wp-content\/uploads\/2025\/07\/cparici-53-600x212.jpg 600w, https:\/\/cparici.com\/wp-content\/uploads\/2025\/07\/cparici-53.jpg 1500w\" sizes=\"(max-width: 577px) 100vw, 577px\" \/><span class=\"blog-item-tag\">Charente maritime<\/span>                        \n                        <div class=\"blog-compact-item-content\">\n                                                        <h3>Les Francofolies \u2013 le festival de la francophonie<\/h3>\n                                                        <p>Recherches populaires Categories Pas de r\u00e9sultats Voir tous les r\u00e9sultats Les Francofolies \u2013 le festival...                            <\/p>\n                                                    <\/div>\n                    <\/div>\n                <\/a>\n            <\/div>\n  <\/div>\n        <\/div>\n        \t\t\t\t<\/div>\n\t\t\t\t<\/div>\n\t\t\t\t\t<\/div>\n\t\t\t\t<\/aside>\n\t\t\t\t<\/div>\n\t\t","protected":false},"excerpt":{"rendered":"<p>Le Phare des Baleines, a ne pas manquer sur l&#8217;\u00eele de R\u00e9<\/p>","protected":false},"author":1,"featured_media":11757,"comment_status":"closed","ping_status":"closed","sticky":false,"template":"elementor_header_footer","format":"image","meta":{"ngg_post_thumbnail":0,"footnotes":""},"categories":[461,1223,161,477,472,169,480],"tags":[162,217,227,159],"class_list":["post-11987","post","type-post","status-publish","format-image","has-post-thumbnail","hentry","category-charente-maritime","category-europe","category-famille","category-france","category-ile-de-re","category-musees","category-poitou-charentes","tag-culturel","tag-la-rochelle","tag-re-island","tag-royan","post_format-post-format-image"],"_links":{"self":[{"href":"https:\/\/cparici.com\/de\/wp-json\/wp\/v2\/posts\/11987","targetHints":{"allow":["GET"]}}],"collection":[{"href":"https:\/\/cparici.com\/de\/wp-json\/wp\/v2\/posts"}],"about":[{"href":"https:\/\/cparici.com\/de\/wp-json\/wp\/v2\/types\/post"}],"author":[{"embeddable":true,"href":"https:\/\/cparici.com\/de\/wp-json\/wp\/v2\/users\/1"}],"replies":[{"embeddable":true,"href":"https:\/\/cparici.com\/de\/wp-json\/wp\/v2\/comments?post=11987"}],"version-history":[{"count":0,"href":"https:\/\/cparici.com\/de\/wp-json\/wp\/v2\/posts\/11987\/revisions"}],"wp:featuredmedia":[{"embeddable":true,"href":"https:\/\/cparici.com\/de\/wp-json\/wp\/v2\/media\/11757"}],"wp:attachment":[{"href":"https:\/\/cparici.com\/de\/wp-json\/wp\/v2\/media?parent=11987"}],"wp:term":[{"taxonomy":"category","embeddable":true,"href":"https:\/\/cparici.com\/de\/wp-json\/wp\/v2\/categories?post=11987"},{"taxonomy":"post_tag","embeddable":true,"href":"https:\/\/cparici.com\/de\/wp-json\/wp\/v2\/tags?post=11987"}],"curies":[{"name":"wp","href":"https:\/\/api.w.org\/{rel}","templated":true}]}}