{"id":12564,"date":"2021-02-26T18:37:59","date_gmt":"2021-02-26T18:37:59","guid":{"rendered":"https:\/\/loclilala-vacances.com\/vaux-sur-mer-near-royan\/"},"modified":"2026-01-18T15:11:30","modified_gmt":"2026-01-18T14:11:30","slug":"vaux-sur-mer-in-der-nahe-von-royan","status":"publish","type":"post","link":"https:\/\/cparici.com\/de\/vaux-sur-mer-pres-de-royan\/","title":{"rendered":"Vaux sur Mer in der N\u00e4he von Royan"},"content":{"rendered":"\t\t<div data-elementor-type=\"wp-post\" data-elementor-id=\"12564\" class=\"elementor elementor-12564\" data-elementor-post-type=\"post\">\n\t\t\t\t<div class=\"elementor-element elementor-element-492ef7c e-con-full e-flex e-con e-parent\" data-id=\"492ef7c\" data-element_type=\"container\" data-e-type=\"container\">\n\t\t\t\t<div class=\"elementor-element elementor-element-e40be63 elementor-widget elementor-widget-image\" data-id=\"e40be63\" data-element_type=\"widget\" data-e-type=\"widget\" data-widget_type=\"image.default\">\n\t\t\t\t\t\t\t\t\t\t\t\t\t\t\t<img decoding=\"async\" width=\"1700\" height=\"635\" src=\"https:\/\/cparici.com\/wp-content\/uploads\/2021\/02\/vaux-sur-mer-Cparici.jpg\" class=\"attachment-full size-full wp-image-49813\" alt=\"vaux sur mer\" srcset=\"https:\/\/cparici.com\/wp-content\/uploads\/2021\/02\/vaux-sur-mer-Cparici.jpg 1700w, https:\/\/cparici.com\/wp-content\/uploads\/2021\/02\/vaux-sur-mer-Cparici-300x112.jpg 300w, https:\/\/cparici.com\/wp-content\/uploads\/2021\/02\/vaux-sur-mer-Cparici-1024x382.jpg 1024w, https:\/\/cparici.com\/wp-content\/uploads\/2021\/02\/vaux-sur-mer-Cparici-768x287.jpg 768w, https:\/\/cparici.com\/wp-content\/uploads\/2021\/02\/vaux-sur-mer-Cparici-1536x574.jpg 1536w, https:\/\/cparici.com\/wp-content\/uploads\/2021\/02\/vaux-sur-mer-Cparici-590x220.jpg 590w, https:\/\/cparici.com\/wp-content\/uploads\/2021\/02\/vaux-sur-mer-Cparici-1200x448.jpg 1200w, https:\/\/cparici.com\/wp-content\/uploads\/2021\/02\/vaux-sur-mer-Cparici-577x216.jpg 577w, https:\/\/cparici.com\/wp-content\/uploads\/2021\/02\/vaux-sur-mer-Cparici-600x224.jpg 600w\" sizes=\"(max-width: 1700px) 100vw, 1700px\" \/>\t\t\t\t\t\t\t\t\t\t\t\t\t\t\t<\/div>\n\t\t\t\t<\/div>\n\t\t<aside class=\"elementor-element elementor-element-3dc2913 e-flex e-con-boxed e-con e-parent\" data-id=\"3dc2913\" data-element_type=\"container\" data-e-type=\"container\">\n\t\t\t\t\t<div class=\"e-con-inner\">\n\t\t\t\t<div class=\"elementor-element elementor-element-ed9f406 elementor-widget elementor-widget-global elementor-global-62046 elementor-widget-eael-advanced-search\" data-id=\"ed9f406\" data-element_type=\"widget\" data-e-type=\"widget\" data-widget_type=\"eael-advanced-search.default\">\n\t\t\t\t\t        <div class=\"eael-adv-search-wrapper\">\n            <div id=\"eael-advanced-search-widget-ed9f406\" class=\"eael-advanced-search-widget\">\n                <form data-settings=\"{&quot;post_per_page&quot;:5,&quot;search_among_taxonomies&quot;:&quot;&quot;,&quot;search_among_sku&quot;:&quot;no&quot;,&quot;show_popular_keyword&quot;:0,&quot;show_category&quot;:0,&quot;show_content_image&quot;:1,&quot;show_search_result_all_results&quot;:0,&quot;result_on_new_tab&quot;:&quot;no&quot;,&quot;show_product_price&quot;:&quot;no&quot;,&quot;include_current_page&quot;:&quot;no&quot;,&quot;orderby&quot;:&quot;default&quot;,&quot;order&quot;:&quot;DESC&quot;,&quot;current_post_id&quot;:12564,&quot;post_type&quot;:[&quot;post&quot;,&quot;listing&quot;]}\" method=\"POST\" name=\"eael-advanced-search-form-ed9f406\" class=\"eael-advanced-search-form eael-advanced-search-form-style-2\">\n                    <div class=\"eael-advanced-search-wrap\">\n                        <span class=\"eael-adv-search-loader\"><\/span>\n                        <span class=\"eael-adv-search-close\"><i class=\"fas fa-times\"><\/i><\/span>\n                        <span class=\"icon \"><i class=\"fas fa-search\"><\/i><\/span>\n\n                        <input type=\"text\"\n                               placeholder=\"Votre destination\"\n                               class=\"eael-advanced-search\" autocomplete=\"off\" name=\"eael_advanced_search\">\n                    <\/div>\n\t\t\t\t\t                                    <\/form>\n\n\t\t\t\t\n\t\t\t\t        <div class=\"eael-advanced-search-result\">\n            <div class=\"eael-advanced-search-popular-keyword\">\n\t\t\t\t<h4 class=\"eael-advanced-search-popular-keyword-text\">Recherches populaires<\/h4>                <div class=\"eael-popular-keyword-content\"><\/div>\n            <\/div>\n            <div class=\"eael-advanced-search-category\">\n\t\t\t\t<h4 class=\"eael-advanced-search-category-text\">Categories<\/h4>                <div class=\"eael-popular-category-content\"><\/div>\n            <\/div>\n\t\t\t<div class=\"eael-advanced-search-total-results-section\">\n\t\t\t\t\t\t\t<\/div>\n            <div class=\"eael-advanced-search-content eael-item-style-3\">\n            <\/div>\n            <div class=\"eael-advanced-search-not-found\">\n                <p>Pas de r\u00e9sultats<\/p><\/div>\n            <div class=\"eael-advanced-search-load-more\">\n\t\t\t\t<a \tclass=\"eael-advanced-search-load-more-button\"\n                \thref=\"#\">Voir tous les r\u00e9sultats<\/a>\n            <\/div>\n        <\/div>\n\n\t\t            <\/div>\n        <\/div>\n\n\t\t\t\t\t\t<\/div>\n\t\t\t\t\t<\/div>\n\t\t\t\t<\/aside>\n\t\t<div class=\"elementor-element elementor-element-390b043b e-flex e-con-boxed e-con e-parent\" data-id=\"390b043b\" data-element_type=\"container\" data-e-type=\"container\">\n\t\t\t\t\t<div class=\"e-con-inner\">\n\t\t\t\t<div class=\"elementor-element elementor-element-52577e27 elementor-widget elementor-widget-text-editor\" data-id=\"52577e27\" data-element_type=\"widget\" data-e-type=\"widget\" data-widget_type=\"text-editor.default\">\n\t\t\t\t\t\t\t\t\t<h1 style=\"text-align: center;\">Vaux sur mer<\/h1><p>Vaux-sur-Mer est une charmante commune situ\u00e9e en <a href=\"https:\/\/cparici.com\/fr\/visiter-la-charente-maritime-guide-des-meilleurs-sites-et-activites\/\">Charente-Maritime<\/a>, r\u00e9put\u00e9e pour ses plages magnifiques, son riche patrimoine historique, et son ambiance conviviale. Que vous soyez amateur de nature, d\u2019histoire, ou de gastronomie, Vaux-sur-Mer a quelque chose \u00e0 offrir \u00e0 chacun. Dans cet article, nous explorerons les nombreux attraits de cette destination incontournable et vous fournirons toutes les informations pratiques pour pr\u00e9parer votre visite.<\/p><p>\u00a0<\/p>\t\t\t\t\t\t\t\t<\/div>\n\t\t\t\t\t<\/div>\n\t\t\t\t<\/div>\n\t\t<aside class=\"elementor-element elementor-element-4ef0554e e-flex e-con-boxed e-con e-parent\" data-id=\"4ef0554e\" data-element_type=\"container\" data-e-type=\"container\" data-settings=\"{&quot;background_background&quot;:&quot;classic&quot;}\">\n\t\t\t\t\t<div class=\"e-con-inner\">\n\t\t\t\t<div class=\"elementor-element elementor-element-7d72795 elementor-widget elementor-widget-spacer\" data-id=\"7d72795\" data-element_type=\"widget\" data-e-type=\"widget\" data-widget_type=\"spacer.default\">\n\t\t\t\t\t\t\t<div class=\"elementor-spacer\">\n\t\t\t<div class=\"elementor-spacer-inner\"><\/div>\n\t\t<\/div>\n\t\t\t\t\t\t<\/div>\n\t\t\t\t<div class=\"elementor-element elementor-element-667dc6f9 elementor-widget elementor-widget-heading\" data-id=\"667dc6f9\" data-element_type=\"widget\" data-e-type=\"widget\" data-widget_type=\"heading.default\">\n\t\t\t\t\t<p class=\"elementor-heading-title elementor-size-default\">H\u00e9bergements de Vacances Vaux sur Mer en direct<\/p>\t\t\t\t<\/div>\n\t\t\t\t<div class=\"elementor-element elementor-element-56468f56 elementor-widget elementor-widget-listeo-listings-carousel\" data-id=\"56468f56\" data-element_type=\"widget\" data-e-type=\"widget\" data-widget_type=\"listeo-listings-carousel.default\">\n\t\t\t\t<div class=\"elementor-widget-container\">\n\t\t\t\t\t        <!-- Carousel \/ Start -->\n        \t<div class=\"simple-slick-carousel dots-nav\" data-slick='{&quot;autoplay&quot;:true,&quot;autoplaySpeed&quot;:3000,&quot;slidesToShow&quot;:3,&quot;slidesToScroll&quot;:1,&quot;responsive&quot;:[{&quot;breakpoint&quot;:1024,&quot;settings&quot;:{&quot;slidesToShow&quot;:2,&quot;slidesToScroll&quot;:1}},{&quot;breakpoint&quot;:768,&quot;settings&quot;:{&quot;slidesToShow&quot;:1,&quot;slidesToScroll&quot;:1}}]}'>\n                            <div class=\"fw-carousel-item\">                    \n                        <!-- Listing Item -->\r\n            <div class=\"col-lg-6 col-md-12\">\r\n                <a href=\"https:\/\/cparici.com\/de\/annonce\/villa-lucas-2-7-piscine-spa\/\"  class=\"listing-item-container listing-geo-data compact\" \r\n\t\tdata-title=\"Villa Lucas 2-7 Piscine-spa, Meschers sur Gironde\"\r\n\t\tdata-listing-type=\"rental\"\r\n\t\tdata-classifieds-price=\"\u20ac\"\r\n\t\tdata-friendly-address=\"Boulevard de la Falaise\"\r\n\t\tdata-address=\"Boulevard de la Falaise\"\r\n\t\tdata-image=\"https:\/\/cparici.com\/wp-content\/uploads\/2025\/01\/20200519_141942_01-1-edit-20230321171015-520x397.jpg\"\r\n\t\tdata-longitude=\"-0.9543354999999999\"\r\n\t\tdata-latitude=\"45.5547399\"\r\n\t\t\t\t\tdata-rating=\"5\"\r\n\t\t\tdata-reviews=\"12\"\r\n\t\t\t\tdata-icon=\"<svg xmlns=&quot;http:\/\/www.w3.org\/2000\/svg&quot; width=&quot;800px&quot; height=&quot;800px&quot; viewBox=&quot;0 0 45 45&quot; fill=&quot;none&quot;>\n<path d=&quot;M24.155 8.78099L24.33 8.94499L37.402 21.787L36 23.213L34.2 21.445L34.201 35C34.201 36.054 33.385 36.918 32.35 36.994L32.201 37H12.201C11.147 37 10.283 36.184 10.206 35.149L10.201 35L10.2 21.446L8.402 23.213L7 21.787L20.058 8.95799C21.171 7.82199 22.966 7.75899 24.155 8.78099ZM21.569 10.285L21.473 10.372L12.2 19.481L12.201 35L17.2 34.999L17.201 25C17.201 23.946 18.017 23.082 19.052 23.005L19.201 23H25.201C26.255 23 27.119 23.816 27.196 24.851L27.201 25L27.2 34.999L32.201 35L32.2 19.48L22.901 10.344C22.537 9.98699 21.969 9.96499 21.569 10.285ZM25.201 25H19.201L19.2 34.999H25.2L25.201 25Z&quot; fill=&quot;#3C3C3C&quot;\/>\n<\/svg>\"\r\n\r\n\t>\r\n            <div class=\"listing-item  \">\r\n                <div class=\"listing-small-badges-container\">\r\n                                                                <div class=\"listing-small-badge pricing-badge\"><i class=\"fa fa-tag\"><\/i>370,00\u20ac - 370,00\u20ac<\/div>\r\n                                                            \r\n                                        \r\n                                        \r\n                <\/div>\r\n                <img decoding=\"async\" src=\"https:\/\/cparici.com\/wp-content\/uploads\/2025\/01\/20200519_141942_01-1-edit-20230321171015-520x397.jpg\" alt=\"Villa Lucas 2-7 Piscine-spa, Meschers sur Gironde\" class=\"listing-thumbnail\">\r\n                \r\n\r\n                <div class=\"listing-item-content\">\r\n                                                <div class=\"numerical-rating\" data-rating=\"5.0\"><\/div>\r\n                    \r\n                    <h3> Villa Lucas 2-7 Piscine-spa, Meschers sur Gironde <\/h3>\r\n                    <span>Boulevard de la Falaise<\/span>\r\n                <\/div>\r\n                                        <span class=\"save like-icon tooltip left\" title=\"Login To Bookmark Items\"><\/span>\r\n                                                <\/div>\r\n        <\/a>\r\n                    <\/div>\r\n        \r\n\r\n        <!-- Listing Item \/ End -->\n                    <\/div>\n                                      <div class=\"fw-carousel-item\">                    \n                        <!-- Listing Item -->\r\n            <div class=\"col-lg-6 col-md-12\">\r\n                <a href=\"https:\/\/cparici.com\/de\/annonce\/cottage-de-lulu-avec-spa\/\"  class=\"listing-item-container listing-geo-data compact\" \r\n\t\tdata-title=\"Cottage de Lulu avec Spa Meschers sur Gironde\"\r\n\t\tdata-listing-type=\"rental\"\r\n\t\tdata-classifieds-price=\"\u20ac\"\r\n\t\tdata-friendly-address=\"300m des Grottes de R\u00e9gulus\"\r\n\t\tdata-address=\"300m des Grottes de R\u00e9gulus\"\r\n\t\tdata-image=\"https:\/\/cparici.com\/wp-content\/uploads\/2025\/12\/spa-du-cottage-de-lulu-location-vacances-meschers-520x397.jpg\"\r\n\t\tdata-longitude=\"-0.9544389999999999\"\r\n\t\tdata-latitude=\"45.554722\"\r\n\t\t\t\t\tdata-rating=\"5\"\r\n\t\t\tdata-reviews=\"12\"\r\n\t\t\t\tdata-icon=\"<svg xmlns=&quot;http:\/\/www.w3.org\/2000\/svg&quot; width=&quot;800px&quot; height=&quot;800px&quot; viewBox=&quot;0 0 45 45&quot; fill=&quot;none&quot;>\n<path d=&quot;M24.155 8.78099L24.33 8.94499L37.402 21.787L36 23.213L34.2 21.445L34.201 35C34.201 36.054 33.385 36.918 32.35 36.994L32.201 37H12.201C11.147 37 10.283 36.184 10.206 35.149L10.201 35L10.2 21.446L8.402 23.213L7 21.787L20.058 8.95799C21.171 7.82199 22.966 7.75899 24.155 8.78099ZM21.569 10.285L21.473 10.372L12.2 19.481L12.201 35L17.2 34.999L17.201 25C17.201 23.946 18.017 23.082 19.052 23.005L19.201 23H25.201C26.255 23 27.119 23.816 27.196 24.851L27.201 25L27.2 34.999L32.201 35L32.2 19.48L22.901 10.344C22.537 9.98699 21.969 9.96499 21.569 10.285ZM25.201 25H19.201L19.2 34.999H25.2L25.201 25Z&quot; fill=&quot;#3C3C3C&quot;\/>\n<\/svg>\"\r\n\r\n\t>\r\n            <div class=\"listing-item  \">\r\n                <div class=\"listing-small-badges-container\">\r\n                                                                <div class=\"listing-small-badge pricing-badge\"><i class=\"fa fa-tag\"><\/i>85,00\u20ac - 150,00\u20ac<\/div>\r\n                                                            \r\n                                        \r\n                                        \r\n                <\/div>\r\n                <img decoding=\"async\" src=\"https:\/\/cparici.com\/wp-content\/uploads\/2025\/12\/spa-du-cottage-de-lulu-location-vacances-meschers-520x397.jpg\" alt=\"Cottage de Lulu avec Spa Meschers sur Gironde\" class=\"listing-thumbnail\">\r\n                \r\n\r\n                <div class=\"listing-item-content\">\r\n                                                <div class=\"numerical-rating\" data-rating=\"5.0\"><\/div>\r\n                    \r\n                    <h3> Cottage de Lulu avec Spa Meschers sur Gironde <\/h3>\r\n                    <span>300m des Grottes de R\u00e9gulus<\/span>\r\n                <\/div>\r\n                                        <span class=\"save like-icon tooltip left\" title=\"Login To Bookmark Items\"><\/span>\r\n                                                <\/div>\r\n        <\/a>\r\n                    <\/div>\r\n        \r\n\r\n        <!-- Listing Item \/ End -->\n                    <\/div>\n                                      <div class=\"fw-carousel-item\">                    \n                        <!-- Listing Item -->\r\n            <div class=\"col-lg-6 col-md-12\">\r\n                <a href=\"https:\/\/cparici.com\/de\/annonce\/appartement-face-mer\/\"  class=\"listing-item-container listing-geo-data compact\" \r\n\t\tdata-title=\"La Perrini\u00e8re Appartement face mer Royan\"\r\n\t\tdata-listing-type=\"rental\"\r\n\t\tdata-classifieds-price=\"\u20ac\"\r\n\t\tdata-friendly-address=\"royan\"\r\n\t\tdata-address=\"royan\"\r\n\t\tdata-image=\"https:\/\/cparici.com\/wp-content\/uploads\/2025\/05\/366880516.jpg\"\r\n\t\tdata-longitude=\"-1.0197084\"\r\n\t\tdata-latitude=\"45.6217724\"\r\n\t\t\t\t\tdata-rating=\"0\"\r\n\t\t\tdata-reviews=\"0\"\r\n\t\t\t\tdata-icon=\"<svg xmlns=&quot;http:\/\/www.w3.org\/2000\/svg&quot; width=&quot;800px&quot; height=&quot;800px&quot; viewBox=&quot;0 0 45 45&quot; fill=&quot;none&quot;>\n<path d=&quot;M24.155 8.78099L24.33 8.94499L37.402 21.787L36 23.213L34.2 21.445L34.201 35C34.201 36.054 33.385 36.918 32.35 36.994L32.201 37H12.201C11.147 37 10.283 36.184 10.206 35.149L10.201 35L10.2 21.446L8.402 23.213L7 21.787L20.058 8.95799C21.171 7.82199 22.966 7.75899 24.155 8.78099ZM21.569 10.285L21.473 10.372L12.2 19.481L12.201 35L17.2 34.999L17.201 25C17.201 23.946 18.017 23.082 19.052 23.005L19.201 23H25.201C26.255 23 27.119 23.816 27.196 24.851L27.201 25L27.2 34.999L32.201 35L32.2 19.48L22.901 10.344C22.537 9.98699 21.969 9.96499 21.569 10.285ZM25.201 25H19.201L19.2 34.999H25.2L25.201 25Z&quot; fill=&quot;#3C3C3C&quot;\/>\n<\/svg>\"\r\n\r\n\t>\r\n            <div class=\"listing-item  featured-listing\">\r\n                <div class=\"listing-small-badges-container\">\r\n                                            <div class=\"listing-small-badge featured-badge\"><i class=\"fa fa-star\"><\/i> Featured<\/div>\r\n                                                                <div class=\"listing-small-badge pricing-badge\"><i class=\"fa fa-tag\"><\/i>260,00\u20ac - 390,00\u20ac<\/div>\r\n                                                            \r\n                                        \r\n                                        \r\n                <\/div>\r\n                <img decoding=\"async\" src=\"https:\/\/cparici.com\/wp-content\/uploads\/2025\/05\/366880516.jpg\" alt=\"La Perrini\u00e8re Appartement face mer Royan\" class=\"listing-thumbnail\">\r\n                                \r\n\r\n                <div class=\"listing-item-content\">\r\n                    \r\n                    <h3> La Perrini\u00e8re Appartement face mer Royan <\/h3>\r\n                    <span>royan<\/span>\r\n                <\/div>\r\n                                        <span class=\"save like-icon tooltip left\" title=\"Login To Bookmark Items\"><\/span>\r\n                                                <\/div>\r\n        <\/a>\r\n                    <\/div>\r\n        \r\n\r\n        <!-- Listing Item \/ End -->\n                    <\/div>\n                                      <div class=\"fw-carousel-item\">                    \n                        <!-- Listing Item -->\r\n            <div class=\"col-lg-6 col-md-12\">\r\n                <a href=\"https:\/\/cparici.com\/de\/annonce\/le-douze\/\"  class=\"listing-item-container listing-geo-data compact\" \r\n\t\tdata-title=\"LE DOUZE\"\r\n\t\tdata-listing-type=\"rental\"\r\n\t\tdata-classifieds-price=\"\u20ac\"\r\n\t\tdata-friendly-address=\"41 ter rue de paradis\"\r\n\t\tdata-address=\"41 ter rue de paradis\"\r\n\t\tdata-image=\"https:\/\/cparici.com\/wp-content\/uploads\/2025\/03\/DSC06292-HDR-520x397.jpg\"\r\n\t\tdata-longitude=\"-1.1430937\"\r\n\t\tdata-latitude=\"45.7162024\"\r\n\t\t\t\t\tdata-rating=\"5\"\r\n\t\t\tdata-reviews=\"4\"\r\n\t\t\t\tdata-icon=\"<svg xmlns=&quot;http:\/\/www.w3.org\/2000\/svg&quot; width=&quot;800px&quot; height=&quot;800px&quot; viewBox=&quot;0 0 45 45&quot; fill=&quot;none&quot;>\n<path d=&quot;M24.155 8.78099L24.33 8.94499L37.402 21.787L36 23.213L34.2 21.445L34.201 35C34.201 36.054 33.385 36.918 32.35 36.994L32.201 37H12.201C11.147 37 10.283 36.184 10.206 35.149L10.201 35L10.2 21.446L8.402 23.213L7 21.787L20.058 8.95799C21.171 7.82199 22.966 7.75899 24.155 8.78099ZM21.569 10.285L21.473 10.372L12.2 19.481L12.201 35L17.2 34.999L17.201 25C17.201 23.946 18.017 23.082 19.052 23.005L19.201 23H25.201C26.255 23 27.119 23.816 27.196 24.851L27.201 25L27.2 34.999L32.201 35L32.2 19.48L22.901 10.344C22.537 9.98699 21.969 9.96499 21.569 10.285ZM25.201 25H19.201L19.2 34.999H25.2L25.201 25Z&quot; fill=&quot;#3C3C3C&quot;\/>\n<\/svg>\"\r\n\r\n\t>\r\n            <div class=\"listing-item  featured-listing\">\r\n                <div class=\"listing-small-badges-container\">\r\n                                            <div class=\"listing-small-badge featured-badge\"><i class=\"fa fa-star\"><\/i> Featured<\/div>\r\n                                                                <div class=\"listing-small-badge pricing-badge\"><i class=\"fa fa-tag\"><\/i>150,00\u20ac - 171,00\u20ac<\/div>\r\n                                                            \r\n                                        \r\n                                        \r\n                <\/div>\r\n                <img decoding=\"async\" src=\"https:\/\/cparici.com\/wp-content\/uploads\/2025\/03\/DSC06292-HDR-520x397.jpg\" alt=\"LE DOUZE\" class=\"listing-thumbnail\">\r\n                                \r\n\r\n                <div class=\"listing-item-content\">\r\n                                                <div class=\"numerical-rating\" data-rating=\"5.0\"><\/div>\r\n                    \r\n                    <h3> LE DOUZE <i class=\"verified-icon\"><\/i><\/h3>\r\n                    <span>41 ter rue de paradis<\/span>\r\n                <\/div>\r\n                                        <span class=\"save like-icon tooltip left\" title=\"Login To Bookmark Items\"><\/span>\r\n                                                <\/div>\r\n        <\/a>\r\n                    <\/div>\r\n        \r\n\r\n        <!-- Listing Item \/ End -->\n                    <\/div>\n                                      <div class=\"fw-carousel-item\">                    \n                        <!-- Listing Item -->\r\n            <div class=\"col-lg-6 col-md-12\">\r\n                <a href=\"https:\/\/cparici.com\/de\/annonce\/bicoque-de-sophie\/\"  class=\"listing-item-container listing-geo-data compact\" \r\n\t\tdata-title=\"Bicoque de Sophie\"\r\n\t\tdata-listing-type=\"rental\"\r\n\t\tdata-classifieds-price=\"\u20ac\"\r\n\t\tdata-friendly-address=\"Hyper centre Saint-Georges-de-Didonne\"\r\n\t\tdata-address=\"Hyper centre Saint-Georges-de-Didonne\"\r\n\t\tdata-image=\"https:\/\/cparici.com\/wp-content\/uploads\/2025\/01\/20220601_133451-edit-20230319213149-520x397.jpg\"\r\n\t\tdata-longitude=\"-0.9977845\"\r\n\t\tdata-latitude=\"45.6029549\"\r\n\t\t\t\t\tdata-rating=\"3.7\"\r\n\t\t\tdata-reviews=\"3\"\r\n\t\t\t\tdata-icon=\"<svg xmlns=&quot;http:\/\/www.w3.org\/2000\/svg&quot; width=&quot;800px&quot; height=&quot;800px&quot; viewBox=&quot;0 0 45 45&quot; fill=&quot;none&quot;>\n<path d=&quot;M24.155 8.78099L24.33 8.94499L37.402 21.787L36 23.213L34.2 21.445L34.201 35C34.201 36.054 33.385 36.918 32.35 36.994L32.201 37H12.201C11.147 37 10.283 36.184 10.206 35.149L10.201 35L10.2 21.446L8.402 23.213L7 21.787L20.058 8.95799C21.171 7.82199 22.966 7.75899 24.155 8.78099ZM21.569 10.285L21.473 10.372L12.2 19.481L12.201 35L17.2 34.999L17.201 25C17.201 23.946 18.017 23.082 19.052 23.005L19.201 23H25.201C26.255 23 27.119 23.816 27.196 24.851L27.201 25L27.2 34.999L32.201 35L32.2 19.48L22.901 10.344C22.537 9.98699 21.969 9.96499 21.569 10.285ZM25.201 25H19.201L19.2 34.999H25.2L25.201 25Z&quot; fill=&quot;#3C3C3C&quot;\/>\n<\/svg>\"\r\n\r\n\t>\r\n            <div class=\"listing-item  \">\r\n                <div class=\"listing-small-badges-container\">\r\n                                                                <div class=\"listing-small-badge pricing-badge\"><i class=\"fa fa-tag\"><\/i>120,00\u20ac - 140,00\u20ac<\/div>\r\n                                                            \r\n                                        \r\n                                        \r\n                <\/div>\r\n                <img decoding=\"async\" src=\"https:\/\/cparici.com\/wp-content\/uploads\/2025\/01\/20220601_133451-edit-20230319213149-520x397.jpg\" alt=\"Bicoque de Sophie\" class=\"listing-thumbnail\">\r\n                \r\n\r\n                <div class=\"listing-item-content\">\r\n                                                <div class=\"numerical-rating\" data-rating=\"3.7\"><\/div>\r\n                    \r\n                    <h3> Bicoque de Sophie <\/h3>\r\n                    <span>Hyper centre Saint-Georges-de-Didonne<\/span>\r\n                <\/div>\r\n                                        <span class=\"save like-icon tooltip left\" title=\"Login To Bookmark Items\"><\/span>\r\n                                                <\/div>\r\n        <\/a>\r\n                    <\/div>\r\n        \r\n\r\n        <!-- Listing Item \/ End -->\n                    <\/div>\n                          <\/div>\n        \t\t\t\t<\/div>\n\t\t\t\t<\/div>\n\t\t\t\t\t<\/div>\n\t\t\t\t<\/aside>\n\t\t<div class=\"elementor-element elementor-element-4334463 e-flex e-con-boxed e-con e-parent\" data-id=\"4334463\" data-element_type=\"container\" data-e-type=\"container\">\n\t\t\t\t\t<div class=\"e-con-inner\">\n\t\t\t\t<div class=\"elementor-element elementor-element-e9dade5 elementor-widget elementor-widget-text-editor\" data-id=\"e9dade5\" data-element_type=\"widget\" data-e-type=\"widget\" data-widget_type=\"text-editor.default\">\n\t\t\t\t\t\t\t\t\t<h2 style=\"text-align: left;\"><strong>D\u00e9couvrez Vaux sur Mer pr\u00e8s de Royan sur la cote de beaut\u00e9<\/strong><\/h2><p><strong>Vaux sur Mer pr\u00e8s de Royan<\/strong> est <a href=\"https:\/\/cparici.com\/fr\/royan-informations-pratiques-et-decouverte\/\">une petite ville c\u00f4ti\u00e8re situ\u00e9e entre Royan<\/a> , plus pr\u00e9cis\u00e9ment <a href=\"https:\/\/cparici.com\/fr\/pontaillac-a-royan\/\" rel=\"nofollow\">Pontaillac<\/a> et St Palais Sur Mer. Elle se situe \u00e0 l\u2019embouchure de l\u2019estuaire de la Gironde, sur la c\u00f4te de beaut\u00e9 et comporte plusieurs plages tr\u00e8s fr\u00e9quent\u00e9es en saison, dont certaines connues comme spots de repli pour le surf.<br \/>De Vaux-Sur Mer, il est facile de se rendre sur la grande c\u00f4te ou la c\u00f4te sauvage, et <a href=\"https:\/\/cparici.com\/fr\/plages-de-royan-cote-de-beaute\/\">ainsi profiter de l\u2019animation des plages de Royan<\/a> ou St Palais Sur Mer. Vous pourrez aussi profiter de la plage de Nauzan et de la tr\u00e8s connue Maison Blanche.<br \/>Bien s\u00fbr, <a href=\"https:\/\/cparici.com\/fr\/plage-de-royan\/\">ne manquez pas royan plage, la plage la plus connue de Royan et ses environs.<\/a><\/p><p>\u00a0<\/p>\t\t\t\t\t\t\t\t<\/div>\n\t\t\t\t\t<\/div>\n\t\t\t\t<\/div>\n\t\t<div class=\"elementor-element elementor-element-6ee668f e-flex e-con-boxed e-con e-parent\" data-id=\"6ee668f\" data-element_type=\"container\" data-e-type=\"container\">\n\t\t\t\t\t<div class=\"e-con-inner\">\n\t\t\t\t<div class=\"elementor-element elementor-element-129ee46 elementor-widget elementor-widget-text-editor\" data-id=\"129ee46\" data-element_type=\"widget\" data-e-type=\"widget\" data-widget_type=\"text-editor.default\">\n\t\t\t\t\t\t\t\t\t<h2><strong>Histoire et Patrimoine de Vaux-sur-Mer<\/strong><\/h2><h3><strong>Origines et \u00c9volution<\/strong><\/h3><p>Vaux-sur-Mer poss\u00e8de une histoire riche qui remonte \u00e0 plusieurs si\u00e8cles. Fond\u00e9e \u00e0 l\u2019\u00e9poque gallo-romaine, la commune a su conserver des traces de son pass\u00e9 \u00e0 travers divers monuments et sites arch\u00e9ologiques.<\/p><h2 data-sourcepos=\"1:1-1:29\">Histoire de Vaux-sur-Mer :<\/h2><p data-sourcepos=\"3:1-3:233\">L\u2019histoire de Vaux-sur-Mer remonte \u00e0 l\u2019\u00e9poque pr\u00e9historique, comme en t\u00e9moignent la pr\u00e9sence de deux dolmens aujourd\u2019hui disparus. La r\u00e9gion a ensuite \u00e9t\u00e9 occup\u00e9e par les Romains, qui y ont construit des villas et implant\u00e9 la vigne.<\/p><p data-sourcepos=\"5:1-5:374\"><strong>L\u2019abbaye Saint-\u00c9tienne de Vaux<\/strong> a jou\u00e9 un r\u00f4le important dans le d\u00e9veloppement de la ville. Fond\u00e9e en 1075 par Pierre et Arnaud de G\u00e9mon, elle \u00e9tait prosp\u00e8re au XIIIe si\u00e8cle, avec 3000 florins d\u2019or de revenu. Cependant, elle a \u00e9t\u00e9 ruin\u00e9e par la Peste noire de 1348, les guerres de Cent Ans et de Religion. Un abb\u00e9 y a n\u00e9anmoins \u00e9t\u00e9 nomm\u00e9 par le roi jusqu\u2019\u00e0 la R\u00e9volution.<\/p><p data-sourcepos=\"7:1-7:229\"><strong>Vaux-sur-Mer<\/strong> a connu son essor au XIXe si\u00e8cle, gr\u00e2ce \u00e0 l\u2019arriv\u00e9e du chemin de fer et au d\u00e9veloppement du tourisme baln\u00e9aire. La ville a \u00e9t\u00e9 class\u00e9e station baln\u00e9aire en 1875 et a connu une importante croissance d\u00e9mographique.<\/p><p data-sourcepos=\"9:1-9:319\"><strong>Au XXe si\u00e8cle<\/strong>, Vaux-sur-Mer a \u00e9t\u00e9 occup\u00e9e par les troupes allemandes pendant la Seconde Guerre mondiale. La ville a \u00e9t\u00e9 rapidement relev\u00e9e de ses ruines et est aujourd\u2019hui une ville en pleine expansion, dont la population a tripl\u00e9 depuis 1954. Elle est totalement int\u00e9gr\u00e9e \u00e0 l\u2019agglom\u00e9ration royannaise.<\/p><p data-sourcepos=\"11:1-11:71\"><strong>Voici quelques \u00e9v\u00e9nements marquants de l\u2019histoire de Vaux-sur-Mer :<\/strong><\/p><ul data-sourcepos=\"13:1-18:0\"><li data-sourcepos=\"13:1-13:56\"><strong>1075 :<\/strong> Fondation de l\u2019abbaye Saint-\u00c9tienne de Vaux<\/li><li data-sourcepos=\"14:1-14:60\"><strong>1875 :<\/strong> Classement de Vaux-sur-Mer en station baln\u00e9aire<\/li><li data-sourcepos=\"15:1-15:42\"><strong>1914-1918 :<\/strong> Premi\u00e8re Guerre mondiale<\/li><li data-sourcepos=\"16:1-16:65\"><strong>1939-1945 :<\/strong> Seconde Guerre mondiale et occupation allemande<\/li><li data-sourcepos=\"17:1-18:0\"><strong>1954 :<\/strong> D\u00e9but de l\u2019expansion d\u00e9mographique de la ville<\/li><\/ul><h3><strong>L\u2019\u00c9glise Saint-\u00c9tienne<\/strong><\/h3><p>L\u2019\u00e9glise Saint-\u00c9tienne est l\u2019un des monuments les plus embl\u00e9matiques de Vaux-sur-Mer. Construite au XIIe si\u00e8cle, elle est un exemple parfait de l\u2019architecture romane et m\u00e9rite une visite pour ses magnifiques fresques et son atmosph\u00e8re paisible.<\/p><h3><strong>Les Villas Belle \u00c9poque<\/strong><\/h3><p>La p\u00e9riode de la Belle \u00c9poque a laiss\u00e9 une empreinte durable sur Vaux-sur-Mer, avec de nombreuses villas \u00e9l\u00e9gantes qui bordent le littoral. Ces r\u00e9sidences, souvent orn\u00e9es de d\u00e9tails architecturaux raffin\u00e9s, t\u00e9moignent du pass\u00e9 prestigieux de la commune.<\/p><h2><strong>Les Plages de Vaux-sur-Mer<\/strong><\/h2><h3><strong>La Plage de Nauzan<\/strong><\/h3><p>Situ\u00e9e entre Saint-Palais-sur-Mer et Vaux-sur-Mer, <a href=\"https:\/\/cparici.com\/fr\/plage-de-nauzan-a-vaux-sur-mer\/\">la plage de Nauzan<\/a> est un v\u00e9ritable joyau. Avec son sable fin et ses eaux claires, c\u2019est l\u2019endroit id\u00e9al pour se d\u00e9tendre en famille ou entre amis.<\/p><h3><strong>La Plage du Conseil<\/strong><\/h3><p>Moins fr\u00e9quent\u00e9e mais tout aussi charmante, la plage du Conseil offre un cadre plus intime. Parfaite pour les amateurs de tranquillit\u00e9, elle est entour\u00e9e de falaises et de verdure.<\/p><h3><strong>Activit\u00e9s Nautiques<\/strong><\/h3><p>Les plages de Vaux-sur-Mer sont \u00e9galement propices \u00e0 une vari\u00e9t\u00e9 d\u2019activit\u00e9s nautiques. Que ce soit la voile, le paddle ou encore le kayak, vous trouverez de quoi satisfaire votre soif d\u2019aventure.<\/p><h2><strong>Gastronomie et Produits Locaux<\/strong><\/h2><h3><strong>Les Sp\u00e9cialit\u00e9s de la Mer<\/strong><\/h3><p>La proximit\u00e9 de l\u2019oc\u00e9an Atlantique fait de Vaux-sur-Mer un endroit id\u00e9al pour d\u00e9guster des fruits de mer frais. Les hu\u00eetres, les moules et les crevettes sont parmi les d\u00e9lices \u00e0 ne pas manquer.<\/p><h3><strong>Les March\u00e9s Locaux<\/strong><\/h3><p>Pour d\u00e9couvrir les produits du terroir, rien de tel qu\u2019une visite aux march\u00e9s locaux. Vous y trouverez des produits frais, du fromage artisanal, des vins r\u00e9gionaux, et bien plus encore.<\/p><h2 data-sourcepos=\"1:1-1:40\">Horaires des march\u00e9s \u00e0 Vaux-sur-Mer :<\/h2><p data-sourcepos=\"3:1-3:24\"><strong>March\u00e9 alimentaire :<\/strong><\/p><ul data-sourcepos=\"5:1-5:40\"><li data-sourcepos=\"5:1-5:40\"><strong>Saison hivernale (du 1er octobre au 11 avril) :<\/strong> Mardi et samedi de 7h30 \u00e0 13h<\/li><li data-sourcepos=\"6:1-6:19\"><strong>Mi-saison (du 13 avril au 29 juin et du 1er septembre au 14 septembre inclus) :<\/strong> Mardi, jeudi et samedi de 7h30 \u00e0 13h<\/li><li data-sourcepos=\"7:1-8:0\"><strong>Saison estivale (du 1er juillet au 31 ao\u00fbt) :<\/strong> Tous les jours de 7h30 \u00e0 13h<\/li><\/ul><p data-sourcepos=\"9:1-9:21\"><strong>March\u00e9 nocturne :<\/strong><\/p><ul data-sourcepos=\"11:1-12:0\"><li data-sourcepos=\"11:1-12:0\"><strong>Tous les vendredis de 17h \u00e0 23h en juillet et ao\u00fbt<\/strong><\/li><\/ul><p data-sourcepos=\"13:1-13:10\"><strong>Lieu :<\/strong><\/p><ul data-sourcepos=\"15:1-16:0\"><li data-sourcepos=\"15:1-16:0\"><strong>Place Fran\u00e7ois Courtot<\/strong><\/li><\/ul><h3><strong>Restaurants Recommand\u00e9s<\/strong><\/h3><p>La commune abrite plusieurs restaurants o\u00f9 vous pourrez savourer la cuisine locale. Que vous soyez \u00e0 la recherche d\u2019un d\u00eener gastronomique ou d\u2019un repas d\u00e9contract\u00e9 en bord de mer, vous aurez l\u2019embarras du choix.<\/p><h2><strong>Activit\u00e9s et Loisirs \u00e0 Vaux-sur-Mer<\/strong><\/h2><h3><strong>Randonn\u00e9es et Balades<\/strong><\/h3><p>Les sentiers c\u00f4tiers de Vaux-sur-Mer offrent des vues imprenables sur l\u2019oc\u00e9an et sont parfaits pour les randonn\u00e9es. Le sentier des Douaniers, en particulier, est tr\u00e8s appr\u00e9ci\u00e9 pour ses paysages pittoresques.<\/p><h3><strong>Visites Culturelles<\/strong><\/h3><p>Outre son patrimoine naturel, Vaux-sur-Mer propose plusieurs visites culturelles int\u00e9ressantes. Le Mus\u00e9e de Royan et la visite des villas historiques sont des activit\u00e9s enrichissantes pour toute la famille.<\/p><h3><strong>Festivals et \u00c9v\u00e9nements<\/strong><\/h3><p>Vaux-sur-Mer accueille \u00e9galement divers festivals et \u00e9v\u00e9nements tout au long de l\u2019ann\u00e9e. Des concerts en plein air aux march\u00e9s nocturnes, il y a toujours quelque chose \u00e0 faire.<\/p><h2 data-sourcepos=\"1:1-1:51\">Principaux \u00e9v\u00e9nements culturels \u00e0 Vaux-sur-Mer :<\/h2><ul data-sourcepos=\"3:1-4:45\"><li data-sourcepos=\"3:1-4:45\"><strong>Festival Festi\u2019Vaux<\/strong>: Ce festival de musique a lieu tous les ans en juillet et propose une programmation vari\u00e9e d\u2019artistes locaux et internationaux.<\/li><li data-sourcepos=\"5:1-6:38\"><strong>Jazz in Vaux<\/strong>: Ce festival de jazz a lieu tous les ans en ao\u00fbt et propose des concerts de grands noms du jazz.<\/li><li data-sourcepos=\"7:1-7:101\"><strong>Les Jeudis Musicaux<\/strong>: Ces concerts gratuits ont lieu tous les jeudis soir en juillet et ao\u00fbt et pr\u00e9sentent des artistes de tous horizons.<\/li><li data-sourcepos=\"9:1-10:35\"><strong>Cin\u00e9toile<\/strong>: Ces s\u00e9ances de cin\u00e9ma en plein air ont lieu tous les mercredis soir en juillet et ao\u00fbt et proposent des films classiques et r\u00e9cents.<\/li><li data-sourcepos=\"11:1-13:0\"><strong>March\u00e9 de nuit<\/strong>: Ce march\u00e9 artisanal a lieu tous les vendredis soir en juillet et ao\u00fbt et propose des produits locaux, des animations et de la musique live.<\/li><\/ul><p data-sourcepos=\"14:1-14:19\"><strong>Autres \u00e9v\u00e9nements culturels :<\/strong><\/p><ul data-sourcepos=\"16:1-20:0\"><li data-sourcepos=\"16:1-16:137\"><strong>Expositions d\u2019art<\/strong> : La ville de Vaux-sur-Mer abrite plusieurs galeries d\u2019art qui proposent des expositions tout au long de l\u2019ann\u00e9e.<\/li><li data-sourcepos=\"17:1-17:125\"><strong>Spectacles de th\u00e9\u00e2tre<\/strong> : La salle Le Trident propose une programmation de spectacles de th\u00e9\u00e2tre tout au long de l\u2019ann\u00e9e.<\/li><li data-sourcepos=\"18:1-18:113\"><strong>Concerts<\/strong> : La ville de Vaux-sur-Mer accueille r\u00e9guli\u00e8rement des concerts dans ses diff\u00e9rents lieux publics.<\/li><li data-sourcepos=\"19:1-20:0\"><strong>F\u00eates et traditions<\/strong> : Vaux-sur-Mer organise plusieurs f\u00eates et traditions tout au long de l\u2019ann\u00e9e, comme la f\u00eate de la Saint-Jean et la f\u00eate de la mer.<\/li><\/ul><p data-sourcepos=\"21:1-21:89\"><strong>Sites web pour trouver des informations sur les \u00e9v\u00e9nements culturels \u00e0 Vaux-sur-Mer :<\/strong><\/p><ul data-sourcepos=\"23:1-24:258\"><li data-sourcepos=\"23:1-23:123\"><strong>Site web de l\u2019office de tourisme de Vaux-sur-Mer :<\/strong> https:\/\/www.royanatlantique.fr\/<\/li><li data-sourcepos=\"24:1-24:258\"><strong>Agenda culturel de la ville de Vaux-sur-Mer :<\/strong> https:\/\/www.royanatlantique.fr\/destination-royan-atlantique\/balneaire-et-sauvage\/vaux-sur-mer\/agenda\/<\/li><li data-sourcepos=\"25:1-26:0\"><strong>R\u00e9seaux sociaux de la ville de Vaux-sur-Mer :<\/strong> https:\/\/www.facebook.com\/vauxsurmer\/?locale=<a href=\"https:\/\/www.facebook.com\/vauxsurmer\/?locale=fr_FR\" target=\"_blank\" rel=\"noopener noreferrer\">fr_FR<\/a> et https:\/\/twitter.com\/franciscoderoux?lang=en<\/li><\/ul><h2><strong>Informations Pratiques pour Visiter Vaux-sur-Mer<\/strong><\/h2><h3><strong>Comment S\u2019y Rendre<\/strong><\/h3><p>Vaux-sur-Mer est facilement accessible en voiture, en train ou en avion. L\u2019a\u00e9roport le plus proche est celui de La Rochelle, situ\u00e9 \u00e0 environ une heure de route.<\/p><h3><strong>O\u00f9 S\u00e9journer<\/strong><\/h3><p>La commune offre une vari\u00e9t\u00e9 d\u2019options d\u2019h\u00e9bergement, allant des campings aux h\u00f4tels de luxe. Les locations de vacances sont \u00e9galement une option populaire pour les familles et les groupes.<\/p><h3><strong>Conseils de Voyage<\/strong><\/h3><p>Pour profiter au maximum de votre s\u00e9jour, il est conseill\u00e9 de visiter Vaux-sur-Mer pendant la saison estivale, lorsque le climat est le plus agr\u00e9able et que la plupart des attractions sont ouvertes.<\/p><h2><strong>FAQ sur Vaux-sur-Mer<\/strong><\/h2><p><strong>Quels sont les principaux sites \u00e0 visiter \u00e0 Vaux-sur-Mer?<\/strong><br \/>Les principaux sites incluent l\u2019\u00e9glise Saint-\u00c9tienne, la plage de Nauzan, et les villas Belle \u00c9poque.<br \/><strong>Quelle est la meilleure p\u00e9riode pour visiter Vaux-sur-Mer?<\/strong><br \/>La meilleure p\u00e9riode est durant les mois d\u2019\u00e9t\u00e9, de juin \u00e0 septembre, lorsque le temps est chaud et ensoleill\u00e9.<br \/><strong>Quelles activit\u00e9s peut-on faire \u00e0 Vaux-sur-Mer?<\/strong><br \/>Vous pouvez profiter des plages, pratiquer des activit\u00e9s nautiques, faire des randonn\u00e9es, et participer \u00e0 des festivals locaux.<br \/><strong>Quels sont les plats typiques de Vaux-sur-Mer?<\/strong><br \/>Les fruits de mer, tels que les hu\u00eetres et les moules, sont des sp\u00e9cialit\u00e9s locales \u00e0 ne pas manquer.<br \/><strong>Comment se rendre \u00e0 Vaux-sur-Mer depuis La Rochelle?<\/strong><br \/>Vous pouvez prendre un train jusqu\u2019\u00e0 Royan puis un taxi ou un bus jusqu\u2019\u00e0 Vaux-sur-Mer. En voiture, il faut environ une heure de route.<br \/><strong>Y a-t-il des march\u00e9s locaux \u00e0 Vaux-sur-Mer?<\/strong><br \/>Oui, il y a plusieurs march\u00e9s o\u00f9 vous pouvez acheter des produits frais et artisanaux.<\/p><h2><strong>Conclusion<\/strong><\/h2><p>Vaux-sur-Mer est une <a href=\"https:\/\/fr.wikipedia.org\/wiki\/Vaux-sur-Mer#:~:text=Vaux%2Dsur%2DMer%20(prononc%C3%A9,les%20Vauxois%20et%20les%20Vauxoises.\" target=\"_blank\" rel=\"noopener\">destination de choix<\/a> en Charente-Maritime, offrant un m\u00e9lange parfait de plages, de patrimoine historique, et de d\u00e9lices gastronomiques. Que vous soyez en qu\u00eate de d\u00e9tente, d\u2019aventure, ou de d\u00e9couverte culturelle, vous trouverez \u00e0 Vaux-sur-Mer de quoi combler toutes vos attentes. Pr\u00e9parez d\u00e8s maintenant votre visite et laissez-vous charmer par cette commune accueillante et pittoresque.<\/p>\t\t\t\t\t\t\t\t<\/div>\n\t\t\t\t\t<\/div>\n\t\t\t\t<\/div>\n\t\t<aside class=\"elementor-element elementor-element-5ca11bb e-flex e-con-boxed e-con e-parent\" data-id=\"5ca11bb\" data-element_type=\"container\" data-e-type=\"container\">\n\t\t\t\t\t<div class=\"e-con-inner\">\n\t\t\t\t<div class=\"elementor-element elementor-element-def2a68 elementor-widget elementor-widget-listeo-posts-grid\" data-id=\"def2a68\" data-element_type=\"widget\" data-e-type=\"widget\" data-widget_type=\"listeo-posts-grid.default\">\n\t\t\t\t<div class=\"elementor-widget-container\">\n\t\t\t\t\t\t\t\n\t\t<div class=\"listeo-post-grid-wrapper\">\n\t\t\t<div class=\"row\">\n\n\t\t\t\n\n\t\t\t\t\t\t\t<div class=\"col-md-4\">\n                <a href=\"https:\/\/cparici.com\/de\/phare-de-cordouan\/\" class=\"blog-compact-item-container\">\n                    <div class=\"blog-compact-item\">\n                        <img decoding=\"async\" width=\"577\" height=\"202\" src=\"https:\/\/cparici.com\/wp-content\/uploads\/2024\/07\/phare-de-cordouan.jpg\" class=\"attachment-listeo-blog-related-post size-listeo-blog-related-post wp-post-image\" alt=\"phare de cordouan\" srcset=\"https:\/\/cparici.com\/wp-content\/uploads\/2024\/07\/phare-de-cordouan.jpg 1515w, https:\/\/cparici.com\/wp-content\/uploads\/2024\/07\/phare-de-cordouan-600x210.jpg 600w, https:\/\/cparici.com\/wp-content\/uploads\/2024\/07\/phare-de-cordouan-300x105.jpg 300w, https:\/\/cparici.com\/wp-content\/uploads\/2024\/07\/phare-de-cordouan-1024x358.jpg 1024w, https:\/\/cparici.com\/wp-content\/uploads\/2024\/07\/phare-de-cordouan-768x269.jpg 768w\" sizes=\"(max-width: 577px) 100vw, 577px\" \/><span class=\"blog-item-tag\">Charente maritime<\/span>                        \n                        <div class=\"blog-compact-item-content\">\n                                                        <h3>Phare de Cordouan \u2013 guide et photos pour une visite inoubliable<\/h3>\n                                                        <p>Visiter le phare de Cordouan, c'est faire un voyage dans l'histoire et l'art. Ce guide...                            <\/p>\n                                                    <\/div>\n                    <\/div>\n                <\/a>\n            <\/div>\n\t\t\t<div class=\"col-md-4\">\n                <a href=\"https:\/\/cparici.com\/de\/casino-de-royan-a-pontaillac\/\" class=\"blog-compact-item-container\">\n                    <div class=\"blog-compact-item\">\n                        <img decoding=\"async\" width=\"577\" height=\"269\" src=\"https:\/\/cparici.com\/wp-content\/uploads\/2021\/03\/casino-pontaillac-royan-banniere.jpg\" class=\"attachment-listeo-blog-related-post size-listeo-blog-related-post wp-post-image\" alt=\"casino pontaillac royan\" srcset=\"https:\/\/cparici.com\/wp-content\/uploads\/2021\/03\/casino-pontaillac-royan-banniere.jpg 1520w, https:\/\/cparici.com\/wp-content\/uploads\/2021\/03\/casino-pontaillac-royan-banniere-600x279.jpg 600w, https:\/\/cparici.com\/wp-content\/uploads\/2021\/03\/casino-pontaillac-royan-banniere-768x357.jpg 768w\" sizes=\"(max-width: 577px) 100vw, 577px\" \/><span class=\"blog-item-tag\">Casinos<\/span>                        \n                        <div class=\"blog-compact-item-content\">\n                                                        <h3>Casino de Royan a Pontaillac<\/h3>\n                                                        <p>Le Casino de Royan est situ\u00e9 dans la ville de Royan dans le quartier de...                            <\/p>\n                                                    <\/div>\n                    <\/div>\n                <\/a>\n            <\/div>\n\t\t\t<div class=\"col-md-4\">\n                <a href=\"https:\/\/cparici.com\/de\/plage-de-nauzan-a-vaux-sur-mer\/\" class=\"blog-compact-item-container\">\n                    <div class=\"blog-compact-item\">\n                        <img decoding=\"async\" width=\"577\" height=\"577\" src=\"https:\/\/cparici.com\/wp-content\/uploads\/2021\/04\/vaux-sur-mer-banniere-2-scaled.jpg\" class=\"attachment-listeo-blog-related-post size-listeo-blog-related-post wp-post-image\" alt=\"plage de nauzan a vaux sur mer\" srcset=\"https:\/\/cparici.com\/wp-content\/uploads\/2021\/04\/vaux-sur-mer-banniere-2-scaled.jpg 2048w, https:\/\/cparici.com\/wp-content\/uploads\/2021\/04\/vaux-sur-mer-banniere-2-300x300.jpg 300w, https:\/\/cparici.com\/wp-content\/uploads\/2021\/04\/vaux-sur-mer-banniere-2-100x100.jpg 100w, https:\/\/cparici.com\/wp-content\/uploads\/2021\/04\/vaux-sur-mer-banniere-2-scaled-600x600.jpg 600w, https:\/\/cparici.com\/wp-content\/uploads\/2021\/04\/vaux-sur-mer-banniere-2-1024x1024.jpg 1024w, https:\/\/cparici.com\/wp-content\/uploads\/2021\/04\/vaux-sur-mer-banniere-2-150x150.jpg 150w, https:\/\/cparici.com\/wp-content\/uploads\/2021\/04\/vaux-sur-mer-banniere-2-1536x1536.jpg 1536w, https:\/\/cparici.com\/wp-content\/uploads\/2021\/04\/vaux-sur-mer-banniere-2-scaled-266x266.jpg 266w, https:\/\/cparici.com\/wp-content\/uploads\/2021\/04\/vaux-sur-mer-banniere-2-scaled-1200x1200-cropped.jpg 1200w\" sizes=\"(max-width: 577px) 100vw, 577px\" \/><span class=\"blog-item-tag\">Architecture<\/span>                        \n                        <div class=\"blog-compact-item-content\">\n                                                        <h3>Plage de Nauzan a Vaux sur Mer Charente maritime<\/h3>\n                                                        <p>La galerie d'art Louis Simon a Royan (ancienne gare routi\u00e8re de Royan) est une galerie...                            <\/p>\n                                                    <\/div>\n                    <\/div>\n                <\/a>\n            <\/div>\n  <\/div>\n        <\/div>\n        \t\t\t\t<\/div>\n\t\t\t\t<\/div>\n\t\t\t\t\t<\/div>\n\t\t\t\t<\/aside>\n\t\t\t\t<\/div>\n\t\t","protected":false},"excerpt":{"rendered":"<p>Vaux sur Mer bei Royan ist eine kleine K\u00fcstenstadt zwischen Royan , genauer gesagt Pontaillac und St Palais Sur Mer.<\/p>","protected":false},"author":1,"featured_media":12561,"comment_status":"closed","ping_status":"closed","sticky":false,"template":"","format":"standard","meta":{"ngg_post_thumbnail":0,"footnotes":""},"categories":[165],"tags":[191,159],"class_list":["post-12564","post","type-post","status-publish","format-standard","has-post-thumbnail","hentry","category-plages","tag-charente-maritime","tag-royan"],"_links":{"self":[{"href":"https:\/\/cparici.com\/de\/wp-json\/wp\/v2\/posts\/12564","targetHints":{"allow":["GET"]}}],"collection":[{"href":"https:\/\/cparici.com\/de\/wp-json\/wp\/v2\/posts"}],"about":[{"href":"https:\/\/cparici.com\/de\/wp-json\/wp\/v2\/types\/post"}],"author":[{"embeddable":true,"href":"https:\/\/cparici.com\/de\/wp-json\/wp\/v2\/users\/1"}],"replies":[{"embeddable":true,"href":"https:\/\/cparici.com\/de\/wp-json\/wp\/v2\/comments?post=12564"}],"version-history":[{"count":0,"href":"https:\/\/cparici.com\/de\/wp-json\/wp\/v2\/posts\/12564\/revisions"}],"wp:featuredmedia":[{"embeddable":true,"href":"https:\/\/cparici.com\/de\/wp-json\/wp\/v2\/media\/12561"}],"wp:attachment":[{"href":"https:\/\/cparici.com\/de\/wp-json\/wp\/v2\/media?parent=12564"}],"wp:term":[{"taxonomy":"category","embeddable":true,"href":"https:\/\/cparici.com\/de\/wp-json\/wp\/v2\/categories?post=12564"},{"taxonomy":"post_tag","embeddable":true,"href":"https:\/\/cparici.com\/de\/wp-json\/wp\/v2\/tags?post=12564"}],"curies":[{"name":"wp","href":"https:\/\/api.w.org\/{rel}","templated":true}]}}