{"id":12788,"date":"2021-02-28T20:26:13","date_gmt":"2021-02-28T20:26:13","guid":{"rendered":"https:\/\/loclilala-vacances.com\/?p=12788"},"modified":"2026-01-18T14:21:24","modified_gmt":"2026-01-18T13:21:24","slug":"leuchtturm-von-vallieres-in-saint-georges-de-didonne","status":"publish","type":"post","link":"https:\/\/cparici.com\/de\/phare-de-vallieres-a-saint-georges-de-didonne\/","title":{"rendered":"Leuchtturm von Valli\u00e8res a Saint Georges de Didonne"},"content":{"rendered":"\t\t<div data-elementor-type=\"wp-post\" data-elementor-id=\"12788\" class=\"elementor elementor-12788\" data-elementor-post-type=\"post\">\n\t\t\t\t<div class=\"elementor-element elementor-element-8dd9305 e-con-full e-flex e-con e-parent\" data-id=\"8dd9305\" data-element_type=\"container\" data-e-type=\"container\">\n\t\t\t\t<div class=\"elementor-element elementor-element-551b1a4 elementor-widget elementor-widget-image\" data-id=\"551b1a4\" data-element_type=\"widget\" data-e-type=\"widget\" data-widget_type=\"image.default\">\n\t\t\t\t\t\t\t\t\t\t\t\t\t\t\t<img decoding=\"async\" width=\"2521\" height=\"656\" src=\"https:\/\/cparici.com\/wp-content\/uploads\/2021\/02\/phare-de-vallieres-banniere.jpg\" class=\"attachment-full size-full wp-image-12792\" alt=\"phare de vallieres\" srcset=\"https:\/\/cparici.com\/wp-content\/uploads\/2021\/02\/phare-de-vallieres-banniere.jpg 2521w, https:\/\/cparici.com\/wp-content\/uploads\/2021\/02\/phare-de-vallieres-banniere-600x156.jpg 600w, https:\/\/cparici.com\/wp-content\/uploads\/2021\/02\/phare-de-vallieres-banniere-768x199.jpg 768w\" sizes=\"(max-width: 2521px) 100vw, 2521px\" \/>\t\t\t\t\t\t\t\t\t\t\t\t\t\t\t<\/div>\n\t\t\t\t<\/div>\n\t\t<aside class=\"elementor-element elementor-element-53384b5 e-flex e-con-boxed e-con e-parent\" data-id=\"53384b5\" data-element_type=\"container\" data-e-type=\"container\">\n\t\t\t\t\t<div class=\"e-con-inner\">\n\t\t\t\t<div class=\"elementor-element elementor-element-f5fd589 elementor-widget elementor-widget-global elementor-global-62046 elementor-widget-eael-advanced-search\" data-id=\"f5fd589\" data-element_type=\"widget\" data-e-type=\"widget\" data-widget_type=\"eael-advanced-search.default\">\n\t\t\t\t\t        <div class=\"eael-adv-search-wrapper\">\n            <div id=\"eael-advanced-search-widget-f5fd589\" class=\"eael-advanced-search-widget\">\n                <form data-settings=\"{&quot;post_per_page&quot;:5,&quot;search_among_taxonomies&quot;:&quot;&quot;,&quot;search_among_sku&quot;:&quot;no&quot;,&quot;show_popular_keyword&quot;:0,&quot;show_category&quot;:0,&quot;show_content_image&quot;:1,&quot;show_search_result_all_results&quot;:0,&quot;result_on_new_tab&quot;:&quot;no&quot;,&quot;show_product_price&quot;:&quot;no&quot;,&quot;include_current_page&quot;:&quot;no&quot;,&quot;current_post_id&quot;:12788,&quot;post_type&quot;:[&quot;post&quot;,&quot;listing&quot;]}\" method=\"POST\" name=\"eael-advanced-search-form-f5fd589\" class=\"eael-advanced-search-form eael-advanced-search-form-style-2\">\n                    <div class=\"eael-advanced-search-wrap\">\n                        <span class=\"eael-adv-search-loader\"><\/span>\n                        <span class=\"eael-adv-search-close\"><i class=\"fas fa-times\"><\/i><\/span>\n                        <span class=\"icon \"><i class=\"fas fa-search\"><\/i><\/span>\n\n                        <input type=\"text\"\n                               placeholder=\"Votre destination\"\n                               class=\"eael-advanced-search\" autocomplete=\"off\" name=\"eael_advanced_search\">\n                    <\/div>\n\t\t\t\t\t                                    <\/form>\n\n\t\t\t\t\n\t\t\t\t        <div class=\"eael-advanced-search-result\">\n            <div class=\"eael-advanced-search-popular-keyword\">\n\t\t\t\t<h4 class=\"eael-advanced-search-popular-keyword-text\">Recherches populaires<\/h4>                <div class=\"eael-popular-keyword-content\"><\/div>\n            <\/div>\n            <div class=\"eael-advanced-search-category\">\n\t\t\t\t<h4 class=\"eael-advanced-search-category-text\">Categories<\/h4>                <div class=\"eael-popular-category-content\"><\/div>\n            <\/div>\n\t\t\t<div class=\"eael-advanced-search-total-results-section\">\n\t\t\t\t\t\t\t<\/div>\n            <div class=\"eael-advanced-search-content eael-item-style-3\">\n            <\/div>\n            <div class=\"eael-advanced-search-not-found\">\n                <p>Pas de r\u00e9sultats<\/p><\/div>\n            <div class=\"eael-advanced-search-load-more\">\n\t\t\t\t<a \tclass=\"eael-advanced-search-load-more-button\"\n                \thref=\"#\">Voir tous les r\u00e9sultats<\/a>\n            <\/div>\n        <\/div>\n\n\t\t            <\/div>\n        <\/div>\n\n\t\t\t\t\t\t<\/div>\n\t\t\t\t\t<\/div>\n\t\t\t\t<\/aside>\n\t\t<div class=\"elementor-element elementor-element-1d1a69e5 e-flex e-con-boxed e-con e-parent\" data-id=\"1d1a69e5\" data-element_type=\"container\" data-e-type=\"container\">\n\t\t\t\t\t<div class=\"e-con-inner\">\n\t\t<div class=\"elementor-element elementor-element-73dba376 e-con-full e-flex e-con e-child\" data-id=\"73dba376\" data-element_type=\"container\" data-e-type=\"container\">\n\t\t\t\t<div class=\"elementor-element elementor-element-4c2fba3 elementor-widget elementor-widget-text-editor\" data-id=\"4c2fba3\" data-element_type=\"widget\" data-e-type=\"widget\" data-widget_type=\"text-editor.default\">\n\t\t\t\t\t\t\t\t\t<div class=\"vc_row wpb_row vc_row-fluid box_1 vc_custom_1617137653494 vc_row-has-fill wpestate_row vc_row\"><div class=\"wpb_column vc_column_container vc_col-sm-12 vc_column\"><div class=\"vc_column-inner\"><div class=\"wpb_wrapper\"><div class=\"wpb_text_column wpb_content_element vc_custom_1716065363532 vc_column_text\"><div class=\"wpb_wrapper\"><h1 style=\"text-align: center;\"><span style=\"font-size: 18pt;\"><strong>Phare de Valli\u00e8res<\/strong><\/span><\/h1><h2 style=\"text-align: center;\"><span style=\"font-size: 14pt;\"><strong>D\u00e9couvrez le joli phare de Valli\u00e8res dans le village de Saint Georges de Didonne<\/strong><\/span><\/h2><\/div><\/div><\/div><\/div><\/div><\/div>\t\t\t\t\t\t\t\t<\/div>\n\t\t<div class=\"elementor-element elementor-element-6b3431a8 e-grid e-con-full e-con e-child\" data-id=\"6b3431a8\" data-element_type=\"container\" data-e-type=\"container\">\n\t\t\t\t<div class=\"elementor-element elementor-element-8a40696 elementor-widget elementor-widget-google_maps\" data-id=\"8a40696\" data-element_type=\"widget\" data-e-type=\"widget\" data-widget_type=\"google_maps.default\">\n\t\t\t\t\t\t\t<div class=\"elementor-custom-embed\">\n\t\t\t<iframe loading=\"lazy\"\n\t\t\t\t\tsrc=\"https:\/\/maps.google.com\/maps?q=phare%20de%20vallieres&#038;t=m&#038;z=12&#038;output=embed&#038;iwloc=near\"\n\t\t\t\t\ttitle=\"phare de vallieres\"\n\t\t\t\t\taria-label=\"phare de vallieres\"\n\t\t\t><\/iframe>\n\t\t<\/div>\n\t\t\t\t\t\t<\/div>\n\t\t\t\t<div class=\"elementor-element elementor-element-42dfd22e elementor-widget elementor-widget-image\" data-id=\"42dfd22e\" data-element_type=\"widget\" data-e-type=\"widget\" data-widget_type=\"image.default\">\n\t\t\t\t\t\t\t\t\t\t\t\t\t\t\t<img decoding=\"async\" width=\"760\" height=\"760\" src=\"https:\/\/cparici.com\/wp-content\/uploads\/2021\/02\/phare-de-vallieres-6-1024x1024.jpg\" class=\"attachment-large size-large wp-image-12816\" alt=\"phare de vallieres a saint georges de didonne\" srcset=\"https:\/\/cparici.com\/wp-content\/uploads\/2021\/02\/phare-de-vallieres-6-1024x1024.jpg 1024w, https:\/\/cparici.com\/wp-content\/uploads\/2021\/02\/phare-de-vallieres-6-300x300.jpg 300w, https:\/\/cparici.com\/wp-content\/uploads\/2021\/02\/phare-de-vallieres-6-100x100.jpg 100w, https:\/\/cparici.com\/wp-content\/uploads\/2021\/02\/phare-de-vallieres-6-150x150.jpg 150w, https:\/\/cparici.com\/wp-content\/uploads\/2021\/02\/phare-de-vallieres-6-1536x1536.jpg 1536w, https:\/\/cparici.com\/wp-content\/uploads\/2021\/02\/phare-de-vallieres-6-2048x2048.jpg 2048w\" sizes=\"(max-width: 760px) 100vw, 760px\" \/>\t\t\t\t\t\t\t\t\t\t\t\t\t\t\t<\/div>\n\t\t\t\t<\/div>\n\t\t<div class=\"elementor-element elementor-element-5053e7dc e-con-full e-flex e-con e-child\" data-id=\"5053e7dc\" data-element_type=\"container\" data-e-type=\"container\">\n\t\t\t\t<div class=\"elementor-element elementor-element-19d2a240 elementor-widget elementor-widget-text-editor\" data-id=\"19d2a240\" data-element_type=\"widget\" data-e-type=\"widget\" data-widget_type=\"text-editor.default\">\n\t\t\t\t\t\t\t\t\t<h2><strong>Le phare de Valli\u00e8res a Saint Georges de Didonne sur la c\u00f4te de beaut\u00e9<\/strong><\/h2><p><strong>Le phare de Valli\u00e8res <a href=\"https:\/\/cparici.com\/saint-georges-de-didonne-guide-pratique-pour-decouvrir-la-ville\/\">dans la ville<\/a> de Saint Georges de Didonne<\/strong>\u00a0est un phare situ\u00e9 sur la falaise de Valli\u00e8res, et proche du port de Saint Georges de Didonne, et de la plage principale. Il a \u00e9t\u00e9 construit \u00e0 la fin du XIX\u00e8me si\u00e8cle, de 1898 a 1902. Cependant, il n\u2019est plus utilis\u00e9 depuis la fin des ann\u00e9es 60. Il est l\u2019un\u00a0<a href=\"https:\/\/cparici.com\/visiter-la-charente-maritime-guide-des-meilleurs-sites-et-activites\/\"><strong>des plus connus des phares de la charente maritime<\/strong>.<\/a><\/p>\t\t\t\t\t\t\t\t<\/div>\n\t\t\t\t<\/div>\n\t\t\t\t<\/div>\n\t\t\t\t\t<\/div>\n\t\t\t\t<\/div>\n\t\t<aside class=\"elementor-element elementor-element-66b356f4 e-flex e-con-boxed e-con e-parent\" data-id=\"66b356f4\" data-element_type=\"container\" data-e-type=\"container\" data-settings=\"{&quot;background_background&quot;:&quot;classic&quot;}\">\n\t\t\t\t\t<div class=\"e-con-inner\">\n\t\t\t\t<div class=\"elementor-element elementor-element-278b5102 elementor-widget elementor-widget-spacer\" data-id=\"278b5102\" data-element_type=\"widget\" data-e-type=\"widget\" data-widget_type=\"spacer.default\">\n\t\t\t\t\t\t\t<div class=\"elementor-spacer\">\n\t\t\t<div class=\"elementor-spacer-inner\"><\/div>\n\t\t<\/div>\n\t\t\t\t\t\t<\/div>\n\t\t\t\t<div class=\"elementor-element elementor-element-7a2c29fd elementor-widget elementor-widget-heading\" data-id=\"7a2c29fd\" data-element_type=\"widget\" data-e-type=\"widget\" data-widget_type=\"heading.default\">\n\t\t\t\t\t<h2 class=\"elementor-heading-title elementor-size-default\">H\u00e9bergements de Vacances Saint-Georges-de-Didonne en direct<\/h2>\t\t\t\t<\/div>\n\t\t\t\t<div class=\"elementor-element elementor-element-35fb833d elementor-widget elementor-widget-listeo-listings-carousel\" data-id=\"35fb833d\" data-element_type=\"widget\" data-e-type=\"widget\" data-widget_type=\"listeo-listings-carousel.default\">\n\t\t\t\t<div class=\"elementor-widget-container\">\n\t\t\t\t\t        <!-- Carousel \/ Start -->\n        \t<div class=\"simple-slick-carousel dots-nav\" data-slick='{&quot;autoplay&quot;:true,&quot;autoplaySpeed&quot;:3000,&quot;slidesToShow&quot;:3,&quot;slidesToScroll&quot;:1,&quot;responsive&quot;:[{&quot;breakpoint&quot;:1024,&quot;settings&quot;:{&quot;slidesToShow&quot;:2,&quot;slidesToScroll&quot;:1}},{&quot;breakpoint&quot;:768,&quot;settings&quot;:{&quot;slidesToShow&quot;:1,&quot;slidesToScroll&quot;:1}}]}'>\n                            <div class=\"fw-carousel-item\">                    \n                        <!-- Listing Item -->\r\n            <div class=\"col-lg-6 col-md-12\">\r\n                <a href=\"https:\/\/cparici.com\/de\/annonce\/cottage-de-lulu-avec-spa\/\"  class=\"listing-item-container listing-geo-data compact\" \r\n\t\tdata-title=\"Cottage de Lulu avec Spa Meschers sur Gironde\"\r\n\t\tdata-listing-type=\"rental\"\r\n\t\tdata-classifieds-price=\"&euro;\"\r\n\t\tdata-friendly-address=\"300m des Grottes de R\u00e9gulus\"\r\n\t\tdata-address=\"300m des Grottes de R\u00e9gulus\"\r\n\t\tdata-image=\"https:\/\/cparici.com\/wp-content\/uploads\/2025\/12\/spa-du-cottage-de-lulu-location-vacances-meschers-520x397.jpg\"\r\n\t\tdata-longitude=\"-0.9544389999999999\"\r\n\t\tdata-latitude=\"45.554722\"\r\n\t\t\t\t\tdata-rating=\"5\"\r\n\t\t\tdata-reviews=\"12\"\r\n\t\t\t\tdata-icon=\"&lt;svg xmlns=&quot;http:\/\/www.w3.org\/2000\/svg&quot; width=&quot;800px&quot; height=&quot;800px&quot; viewBox=&quot;0 0 45 45&quot; fill=&quot;none&quot;&gt;\n&lt;path d=&quot;M24.155 8.78099L24.33 8.94499L37.402 21.787L36 23.213L34.2 21.445L34.201 35C34.201 36.054 33.385 36.918 32.35 36.994L32.201 37H12.201C11.147 37 10.283 36.184 10.206 35.149L10.201 35L10.2 21.446L8.402 23.213L7 21.787L20.058 8.95799C21.171 7.82199 22.966 7.75899 24.155 8.78099ZM21.569 10.285L21.473 10.372L12.2 19.481L12.201 35L17.2 34.999L17.201 25C17.201 23.946 18.017 23.082 19.052 23.005L19.201 23H25.201C26.255 23 27.119 23.816 27.196 24.851L27.201 25L27.2 34.999L32.201 35L32.2 19.48L22.901 10.344C22.537 9.98699 21.969 9.96499 21.569 10.285ZM25.201 25H19.201L19.2 34.999H25.2L25.201 25Z&quot; fill=&quot;#3C3C3C&quot;\/&gt;\n&lt;\/svg&gt;\"\r\n\r\n\t>\r\n            <div class=\"listing-item  \">\r\n                <div class=\"listing-small-badges-container\">\r\n                                                                <div class=\"listing-small-badge pricing-badge\"><i class=\"fa fa-tag\"><\/i>85,00&euro; - 150,00&euro;<\/div>\r\n                                                            \r\n                                        \r\n                                        \r\n                <\/div>\r\n                <img decoding=\"async\" src=\"https:\/\/cparici.com\/wp-content\/uploads\/2025\/12\/spa-du-cottage-de-lulu-location-vacances-meschers-520x397.jpg\" alt=\"Cottage de Lulu avec Spa Meschers sur Gironde\" class=\"listing-thumbnail\">\r\n                \r\n\r\n                <div class=\"listing-item-content\">\r\n                                                <div class=\"numerical-rating\" data-rating=\"5.0\"><\/div>\r\n                    \r\n                    <h3> Cottage de Lulu avec Spa Meschers sur Gironde <\/h3>\r\n                    <span>300m des Grottes de R\u00e9gulus<\/span>\r\n                <\/div>\r\n                                        <span class=\"save like-icon tooltip left\" title=\"Login To Bookmark Items\"><\/span>\r\n                                                <\/div>\r\n        <\/a>\r\n                    <\/div>\r\n        \r\n\r\n        <!-- Listing Item \/ End -->\n                    <\/div>\n                                      <div class=\"fw-carousel-item\">                    \n                        <!-- Listing Item -->\r\n            <div class=\"col-lg-6 col-md-12\">\r\n                <a href=\"https:\/\/cparici.com\/de\/annonce\/villa-lucas-2-7-piscine-spa\/\"  class=\"listing-item-container listing-geo-data compact\" \r\n\t\tdata-title=\"Villa Lucas 2-7 Piscine-spa, Meschers sur Gironde\"\r\n\t\tdata-listing-type=\"rental\"\r\n\t\tdata-classifieds-price=\"&euro;\"\r\n\t\tdata-friendly-address=\"Boulevard de la Falaise\"\r\n\t\tdata-address=\"Boulevard de la Falaise\"\r\n\t\tdata-image=\"https:\/\/cparici.com\/wp-content\/uploads\/2025\/01\/20200519_141942_01-1-edit-20230321171015-520x397.jpg\"\r\n\t\tdata-longitude=\"-0.9543354999999999\"\r\n\t\tdata-latitude=\"45.5547399\"\r\n\t\t\t\t\tdata-rating=\"5\"\r\n\t\t\tdata-reviews=\"12\"\r\n\t\t\t\tdata-icon=\"&lt;svg xmlns=&quot;http:\/\/www.w3.org\/2000\/svg&quot; width=&quot;800px&quot; height=&quot;800px&quot; viewBox=&quot;0 0 45 45&quot; fill=&quot;none&quot;&gt;\n&lt;path d=&quot;M24.155 8.78099L24.33 8.94499L37.402 21.787L36 23.213L34.2 21.445L34.201 35C34.201 36.054 33.385 36.918 32.35 36.994L32.201 37H12.201C11.147 37 10.283 36.184 10.206 35.149L10.201 35L10.2 21.446L8.402 23.213L7 21.787L20.058 8.95799C21.171 7.82199 22.966 7.75899 24.155 8.78099ZM21.569 10.285L21.473 10.372L12.2 19.481L12.201 35L17.2 34.999L17.201 25C17.201 23.946 18.017 23.082 19.052 23.005L19.201 23H25.201C26.255 23 27.119 23.816 27.196 24.851L27.201 25L27.2 34.999L32.201 35L32.2 19.48L22.901 10.344C22.537 9.98699 21.969 9.96499 21.569 10.285ZM25.201 25H19.201L19.2 34.999H25.2L25.201 25Z&quot; fill=&quot;#3C3C3C&quot;\/&gt;\n&lt;\/svg&gt;\"\r\n\r\n\t>\r\n            <div class=\"listing-item  \">\r\n                <div class=\"listing-small-badges-container\">\r\n                                                                <div class=\"listing-small-badge pricing-badge\"><i class=\"fa fa-tag\"><\/i>370,00&euro; - 370,00&euro;<\/div>\r\n                                                            \r\n                                        \r\n                                        \r\n                <\/div>\r\n                <img decoding=\"async\" src=\"https:\/\/cparici.com\/wp-content\/uploads\/2025\/01\/20200519_141942_01-1-edit-20230321171015-520x397.jpg\" alt=\"Villa Lucas 2-7 Piscine-spa, Meschers sur Gironde\" class=\"listing-thumbnail\">\r\n                \r\n\r\n                <div class=\"listing-item-content\">\r\n                                                <div class=\"numerical-rating\" data-rating=\"5.0\"><\/div>\r\n                    \r\n                    <h3> Villa Lucas 2-7 Piscine-spa, Meschers sur Gironde <\/h3>\r\n                    <span>Boulevard de la Falaise<\/span>\r\n                <\/div>\r\n                                        <span class=\"save like-icon tooltip left\" title=\"Login To Bookmark Items\"><\/span>\r\n                                                <\/div>\r\n        <\/a>\r\n                    <\/div>\r\n        \r\n\r\n        <!-- Listing Item \/ End -->\n                    <\/div>\n                          <\/div>\n        \t\t\t\t<\/div>\n\t\t\t\t<\/div>\n\t\t\t\t\t<\/div>\n\t\t\t\t<\/aside>\n\t\t<div class=\"elementor-element elementor-element-d2f6915 e-flex e-con-boxed e-con e-parent\" data-id=\"d2f6915\" data-element_type=\"container\" data-e-type=\"container\">\n\t\t\t\t\t<div class=\"e-con-inner\">\n\t\t<div class=\"elementor-element elementor-element-a7f14bf e-con-full e-flex e-con e-child\" data-id=\"a7f14bf\" data-element_type=\"container\" data-e-type=\"container\">\n\t\t<div class=\"elementor-element elementor-element-0087f24 e-con-full e-flex e-con e-child\" data-id=\"0087f24\" data-element_type=\"container\" data-e-type=\"container\">\n\t\t\t\t<div class=\"elementor-element elementor-element-7cfd28b elementor-widget elementor-widget-text-editor\" data-id=\"7cfd28b\" data-element_type=\"widget\" data-e-type=\"widget\" data-widget_type=\"text-editor.default\">\n\t\t\t\t\t\t\t\t\t<h3><strong>L\u2019architecture du phare de Saint Georges<\/strong><\/h3><p>Le b\u00e2timent, qui domine le port, se distingue par sa forme de tour carr\u00e9e en pierre calcaire, avec une base en granit,\u00a0 et fait l\u2019objet d\u2019une inscription au titre des\u00a0<strong>monuments historiques depuis 2012<\/strong>. Il comporte 144 marches et il fait 36 m\u00e8tres de haut, domin\u00e9 par une coupole en cuivre. Il est compos\u00e9 de 4 \u00e9tages \u2013 en tout 29 m\u00e8tres, sur lesquels vient se poser une lanterne de 7 m\u00e8tres.<br \/><strong>Le phare a \u00e9t\u00e9 bombard\u00e9<\/strong>\u00a0le lendemain de la lib\u00e9ration de\u00a0la \u2019Poche de Royan\u2019 en avril 1945. Il subsiste des traces de ce bombardement\u00a0 \u2013 traces d\u2019obus sur les murs du Phare.<\/p>\t\t\t\t\t\t\t\t<\/div>\n\t\t\t\t<\/div>\n\t\t<div class=\"elementor-element elementor-element-45434a3 e-con-full e-flex e-con e-child\" data-id=\"45434a3\" data-element_type=\"container\" data-e-type=\"container\">\n\t\t<div class=\"elementor-element elementor-element-2fafc02 e-grid e-con-full e-con e-child\" data-id=\"2fafc02\" data-element_type=\"container\" data-e-type=\"container\">\n\t\t\t\t<div class=\"elementor-element elementor-element-bda55ba elementor-widget elementor-widget-image\" data-id=\"bda55ba\" data-element_type=\"widget\" data-e-type=\"widget\" data-widget_type=\"image.default\">\n\t\t\t\t\t\t\t\t\t\t\t\t\t\t\t<img decoding=\"async\" width=\"760\" height=\"760\" src=\"https:\/\/cparici.com\/wp-content\/uploads\/2021\/02\/phare-de-vallieres-7-1024x1024.jpg\" class=\"attachment-large size-large wp-image-12819\" alt=\"phare de vallieres a saint georges de didonne\" srcset=\"https:\/\/cparici.com\/wp-content\/uploads\/2021\/02\/phare-de-vallieres-7-1024x1024.jpg 1024w, https:\/\/cparici.com\/wp-content\/uploads\/2021\/02\/phare-de-vallieres-7-300x300.jpg 300w, https:\/\/cparici.com\/wp-content\/uploads\/2021\/02\/phare-de-vallieres-7-100x100.jpg 100w, https:\/\/cparici.com\/wp-content\/uploads\/2021\/02\/phare-de-vallieres-7-150x150.jpg 150w, https:\/\/cparici.com\/wp-content\/uploads\/2021\/02\/phare-de-vallieres-7-1536x1536.jpg 1536w, https:\/\/cparici.com\/wp-content\/uploads\/2021\/02\/phare-de-vallieres-7-2048x2048.jpg 2048w\" sizes=\"(max-width: 760px) 100vw, 760px\" \/>\t\t\t\t\t\t\t\t\t\t\t\t\t\t\t<\/div>\n\t\t\t\t<div class=\"elementor-element elementor-element-3bdcc95 elementor-widget elementor-widget-image\" data-id=\"3bdcc95\" data-element_type=\"widget\" data-e-type=\"widget\" data-widget_type=\"image.default\">\n\t\t\t\t\t\t\t\t\t\t\t\t\t\t\t<img decoding=\"async\" width=\"760\" height=\"760\" src=\"https:\/\/cparici.com\/wp-content\/uploads\/2021\/02\/phare-de-vallieres-5-1024x1024.jpg\" class=\"attachment-large size-large wp-image-12805\" alt=\"Find a Vacation Rental in C\u00f4te de beaut\u00e9\" srcset=\"https:\/\/cparici.com\/wp-content\/uploads\/2021\/02\/phare-de-vallieres-5-1024x1024.jpg 1024w, https:\/\/cparici.com\/wp-content\/uploads\/2021\/02\/phare-de-vallieres-5-300x300.jpg 300w, https:\/\/cparici.com\/wp-content\/uploads\/2021\/02\/phare-de-vallieres-5-100x100.jpg 100w, https:\/\/cparici.com\/wp-content\/uploads\/2021\/02\/phare-de-vallieres-5-150x150.jpg 150w, https:\/\/cparici.com\/wp-content\/uploads\/2021\/02\/phare-de-vallieres-5-1536x1536.jpg 1536w, https:\/\/cparici.com\/wp-content\/uploads\/2021\/02\/phare-de-vallieres-5-2048x2048.jpg 2048w\" sizes=\"(max-width: 760px) 100vw, 760px\" \/>\t\t\t\t\t\t\t\t\t\t\t\t\t\t\t<\/div>\n\t\t\t\t<\/div>\n\t\t\t\t<\/div>\n\t\t<div class=\"elementor-element elementor-element-88cb441 e-con-full e-flex e-con e-child\" data-id=\"88cb441\" data-element_type=\"container\" data-e-type=\"container\">\n\t\t<div class=\"elementor-element elementor-element-77d24b8 e-grid e-con-full e-con e-child\" data-id=\"77d24b8\" data-element_type=\"container\" data-e-type=\"container\">\n\t\t\t\t<div class=\"elementor-element elementor-element-af6ff2a elementor-widget elementor-widget-image\" data-id=\"af6ff2a\" data-element_type=\"widget\" data-e-type=\"widget\" data-widget_type=\"image.default\">\n\t\t\t\t\t\t\t\t\t\t\t\t\t\t\t<img decoding=\"async\" width=\"760\" height=\"501\" src=\"https:\/\/cparici.com\/wp-content\/uploads\/2021\/02\/st-georges-hastag-1024x675.jpg\" class=\"attachment-large size-large wp-image-39837\" alt=\"st geoges de didonne pointe de suzac\" srcset=\"https:\/\/cparici.com\/wp-content\/uploads\/2021\/02\/st-georges-hastag-1024x675.jpg 1024w, https:\/\/cparici.com\/wp-content\/uploads\/2021\/02\/st-georges-hastag-600x395.jpg 600w, https:\/\/cparici.com\/wp-content\/uploads\/2021\/02\/st-georges-hastag-300x198.jpg 300w, https:\/\/cparici.com\/wp-content\/uploads\/2021\/02\/st-georges-hastag-768x506.jpg 768w, https:\/\/cparici.com\/wp-content\/uploads\/2021\/02\/st-georges-hastag-1536x1012.jpg 1536w, https:\/\/cparici.com\/wp-content\/uploads\/2021\/02\/st-georges-hastag.jpg 1920w\" sizes=\"(max-width: 760px) 100vw, 760px\" \/>\t\t\t\t\t\t\t\t\t\t\t\t\t\t\t<\/div>\n\t\t\t\t<div class=\"elementor-element elementor-element-339f21d elementor-widget elementor-widget-image\" data-id=\"339f21d\" data-element_type=\"widget\" data-e-type=\"widget\" data-widget_type=\"image.default\">\n\t\t\t\t\t\t\t\t\t\t\t\t\t\t\t<img decoding=\"async\" width=\"760\" height=\"760\" src=\"https:\/\/cparici.com\/wp-content\/uploads\/2021\/02\/pointe-de-suzac-banniere-2-1024x1024.jpg\" class=\"attachment-large size-large wp-image-15239\" alt=\"Pointe de Suzac rochers plage de saint georges\" srcset=\"https:\/\/cparici.com\/wp-content\/uploads\/2021\/02\/pointe-de-suzac-banniere-2-1024x1024.jpg 1024w, https:\/\/cparici.com\/wp-content\/uploads\/2021\/02\/pointe-de-suzac-banniere-2-300x300.jpg 300w, https:\/\/cparici.com\/wp-content\/uploads\/2021\/02\/pointe-de-suzac-banniere-2-100x100.jpg 100w, https:\/\/cparici.com\/wp-content\/uploads\/2021\/02\/pointe-de-suzac-banniere-2-150x150.jpg 150w, https:\/\/cparici.com\/wp-content\/uploads\/2021\/02\/pointe-de-suzac-banniere-2-1536x1536.jpg 1536w, https:\/\/cparici.com\/wp-content\/uploads\/2021\/02\/pointe-de-suzac-banniere-2-2048x2048.jpg 2048w, https:\/\/cparici.com\/wp-content\/uploads\/2021\/02\/pointe-de-suzac-banniere-2-266x266.jpg 266w\" sizes=\"(max-width: 760px) 100vw, 760px\" \/>\t\t\t\t\t\t\t\t\t\t\t\t\t\t\t<\/div>\n\t\t\t\t<\/div>\n\t\t\t\t<\/div>\n\t\t\t\t<div class=\"elementor-element elementor-element-570e0f9 elementor-widget elementor-widget-text-editor\" data-id=\"570e0f9\" data-element_type=\"widget\" data-e-type=\"widget\" data-widget_type=\"text-editor.default\">\n\t\t\t\t\t\t\t\t\t<h3><strong>Les environs du phare de Valli\u00e8res<\/strong><\/h3><p>Le phare fait face \u00e0 la pointe de Grave, et vous pouvez utiliser le sentier c\u00f4tier pour vous rendre sur la\u00a0<strong>plage principale de St Georges de Didonne<\/strong>, en passant par le port et le centre nautique. Du phare, vous pourrez aussi voir au loin la\u00a0<a href=\"https:\/\/cparici.com\/pointe-de-suzac-saint-georges-de-didonne\/\"><strong>pointe de Suzac<\/strong><\/a>, son parc et sa for\u00eat.<\/p><p>Phare de Valli\u00e8res \u2013 Vue \u00e9loign\u00e9e avec environs, carrelets, plage et port<\/p><h4><strong>\u00a0<\/strong><\/h4><h4><strong>Que faire autour du phare de Valli\u00e8res a St Georges de Didonne?<\/strong><\/h4><p>De la plage de St Georges, vous pouvez vous rendre\u00a0 \u00e0 pied seulement dans le centre de la ville et boire un verre en terrasse sur la place de Verdun en face\u00a0<a href=\"https:\/\/cparici.com\/eglise-saint-georges-de-didonne\/\"><strong>l\u2019\u00e9glise<\/strong><\/a>\u00a0ou rue de la R\u00e9publique. De la plage, vous \u00eates aussi \u00e0 quelques minutes en voiture de la\u00a0<a href=\"https:\/\/cparici.com\/plage-de-royan-cote-de-beaute\/\"><strong>plage de la Grande Conche \u00e0 Royan<\/strong><\/a>, ou des\u00a0<strong><a href=\"https:\/\/cparici.com\/plage-des-nonnes-meschers\/\">petites plages de Meschers Sur Gironde<\/a>.<\/strong><\/p><p>Pour en savoir plus, <a href=\"https:\/\/fr.wikipedia.org\/wiki\/Phare_de_Valli%C3%A8res\" target=\"_blank\" rel=\"noopener\">c&#8217;est par ici!<\/a><\/p><p data-start=\"126\" data-end=\"411\">Autour du <strong data-start=\"136\" data-end=\"185\">phare de Valli\u00e8res \u00e0 Saint-Georges-de-Didonne<\/strong>, les activit\u00e9s ne manquent pas pour d\u00e9couvrir les charmes de cette station baln\u00e9aire nich\u00e9e sur la c\u00f4te atlantique. Id\u00e9alement situ\u00e9 entre mer et for\u00eat, ce site embl\u00e9matique offre une multitude de loisirs pour tous les go\u00fbts.<\/p><p data-start=\"413\" data-end=\"810\">Commencez votre visite par une <strong data-start=\"444\" data-end=\"480\">balade dans le parc de Valli\u00e8res<\/strong>, un espace naturel arbor\u00e9 qui entoure le phare. De l\u00e0, plusieurs sentiers p\u00e9destres et pistes cyclables permettent de longer la c\u00f4te et d\u2019explorer les environs en douceur, notamment vers Royan ou la pointe de Suzac. Le sentier du littoral est particuli\u00e8rement pris\u00e9 pour ses panoramas spectaculaires sur l\u2019estuaire de la Gironde.<\/p><p data-start=\"812\" data-end=\"1139\">\u00c0 quelques pas du phare, la <strong data-start=\"840\" data-end=\"884\">grande plage de Saint-Georges-de-Didonne<\/strong> s\u2019\u00e9tend sur plusieurs kilom\u00e8tres. C\u2019est l\u2019endroit parfait pour une baignade, du farniente ou des activit\u00e9s nautiques comme la voile, le paddle ou le kayak. Les familles appr\u00e9cieront la s\u00e9curit\u00e9 de cette plage surveill\u00e9e en \u00e9t\u00e9 et son ambiance conviviale.<\/p><p data-start=\"1141\" data-end=\"1523\">Pour les amateurs d\u2019histoire, la <strong data-start=\"1174\" data-end=\"1193\">pointe de Suzac<\/strong> et ses anciens blockhaus t\u00e9moignent du pass\u00e9 militaire de la r\u00e9gion. Le site abrite \u00e9galement un centre d&#8217;interpr\u00e9tation du littoral, parfait pour mieux comprendre l\u2019\u00e9cosyst\u00e8me local. Non loin, le <strong data-start=\"1391\" data-end=\"1407\">centre-ville<\/strong> anim\u00e9 de Saint-Georges-de-Didonne offre des restaurants, des march\u00e9s et des boutiques pour prolonger la d\u00e9couverte.<\/p><p data-start=\"1525\" data-end=\"1838\" data-is-last-node=\"\" data-is-only-node=\"\">Enfin, ne manquez pas les <strong data-start=\"1551\" data-end=\"1592\">coucher de soleil depuis les falaises<\/strong>, un spectacle grandiose sur fond d\u2019oc\u00e9an. Entre nature, patrimoine et d\u00e9tente, le secteur autour du <strong data-start=\"1693\" data-end=\"1715\">phare de Valli\u00e8res<\/strong> promet une exp\u00e9rience riche et m\u00e9morable sur la c\u00f4te charentaise. C\u2019est un passage oblig\u00e9 pour tout s\u00e9jour dans la r\u00e9gion.<\/p>\t\t\t\t\t\t\t\t<\/div>\n\t\t\t\t<\/div>\n\t\t\t\t\t<\/div>\n\t\t\t\t<\/div>\n\t\t<aside class=\"elementor-element elementor-element-d5e0d77 e-flex e-con-boxed e-con e-parent\" data-id=\"d5e0d77\" data-element_type=\"container\" data-e-type=\"container\">\n\t\t\t\t\t<div class=\"e-con-inner\">\n\t\t\t\t<div class=\"elementor-element elementor-element-bb7623f elementor-widget elementor-widget-listeo-posts-grid\" data-id=\"bb7623f\" data-element_type=\"widget\" data-e-type=\"widget\" data-widget_type=\"listeo-posts-grid.default\">\n\t\t\t\t<div class=\"elementor-widget-container\">\n\t\t\t\t\t\t\t\n\t\t<div class=\"listeo-post-grid-wrapper\">\n\t\t\t<div class=\"row\">\n\n\t\t\t\n\n\t\t\t\t\t\t\t<div class=\"col-md-4\">\n                <a href=\"https:\/\/cparici.com\/de\/parc-de-lestuaire-a-st-georges-de-didonne\/\" class=\"blog-compact-item-container\">\n                    <div class=\"blog-compact-item\">\n                        <img decoding=\"async\" width=\"577\" height=\"205\" src=\"https:\/\/cparici.com\/wp-content\/uploads\/2021\/02\/parc-estuaire-banniere.jpg\" class=\"attachment-listeo-blog-related-post size-listeo-blog-related-post wp-post-image\" alt=\"parc de l&#039;estuaire st georges de didonne\" srcset=\"https:\/\/cparici.com\/wp-content\/uploads\/2021\/02\/parc-estuaire-banniere.jpg 2520w, https:\/\/cparici.com\/wp-content\/uploads\/2021\/02\/parc-estuaire-banniere-600x212.jpg 600w, https:\/\/cparici.com\/wp-content\/uploads\/2021\/02\/parc-estuaire-banniere-768x272.jpg 768w\" sizes=\"(max-width: 577px) 100vw, 577px\" \/><span class=\"blog-item-tag\">Charente maritime<\/span>                        \n                        <div class=\"blog-compact-item-content\">\n                                                        <h3>Parc de l&#8217;Estuaire a St Georges de Didonne<\/h3>\n                                                        <p>Le parc de l'estuaire a St Georges de Didonne est un des p\u00f4les nature du...                            <\/p>\n                                                    <\/div>\n                    <\/div>\n                <\/a>\n            <\/div>\n\t\t\t<div class=\"col-md-4\">\n                <a href=\"https:\/\/cparici.com\/de\/pointe-de-suzac-saint-georges-de-didonne\/\" class=\"blog-compact-item-container\">\n                    <div class=\"blog-compact-item\">\n                        <img decoding=\"async\" width=\"577\" height=\"184\" src=\"https:\/\/cparici.com\/wp-content\/uploads\/2021\/02\/pointe-de-suzac-banniere-2.jpg\" class=\"attachment-listeo-blog-related-post size-listeo-blog-related-post wp-post-image\" alt=\"Pointe de Suzac rochers plage de saint georges\" srcset=\"https:\/\/cparici.com\/wp-content\/uploads\/2021\/02\/pointe-de-suzac-banniere-2.jpg 1520w, https:\/\/cparici.com\/wp-content\/uploads\/2021\/02\/pointe-de-suzac-banniere-2-600x191.jpg 600w, https:\/\/cparici.com\/wp-content\/uploads\/2021\/02\/pointe-de-suzac-banniere-2-768x244.jpg 768w\" sizes=\"(max-width: 577px) 100vw, 577px\" \/><span class=\"blog-item-tag\">France<\/span>                        \n                        <div class=\"blog-compact-item-content\">\n                                                        <h3>Pointe de Suzac a Saint Georges de Didonne<\/h3>\n                                                        <p>La pointe de Suzac a Saint Georges de Didonne est un cap rocheux dans l\u2019estuaire...                            <\/p>\n                                                    <\/div>\n                    <\/div>\n                <\/a>\n            <\/div>\n\t\t\t<div class=\"col-md-4\">\n                <a href=\"https:\/\/cparici.com\/de\/les-carrelets-de-meschers-sur-gironde\/\" class=\"blog-compact-item-container\">\n                    <div class=\"blog-compact-item\">\n                        <img decoding=\"async\" width=\"577\" height=\"257\" src=\"https:\/\/cparici.com\/wp-content\/uploads\/2020\/12\/carrelet-falaise-banniere.jpg\" class=\"attachment-listeo-blog-related-post size-listeo-blog-related-post wp-post-image\" alt=\"les carrelets a meschers sur gironde\" srcset=\"https:\/\/cparici.com\/wp-content\/uploads\/2020\/12\/carrelet-falaise-banniere.jpg 1520w, https:\/\/cparici.com\/wp-content\/uploads\/2020\/12\/carrelet-falaise-banniere-600x267.jpg 600w, https:\/\/cparici.com\/wp-content\/uploads\/2020\/12\/carrelet-falaise-banniere-768x342.jpg 768w\" sizes=\"(max-width: 577px) 100vw, 577px\" \/><span class=\"blog-item-tag\">France<\/span>                        \n                        <div class=\"blog-compact-item-content\">\n                                                        <h3>Les Carrelets de Meschers : Un Tr\u00e9sor du Littoral Atlantique<\/h3>\n                                                        <p>Cabanes de p\u00eacheurs \u00e0 Meschers sur Gironde - D\u00e9couvrez les c\u00e9l\u00e8bres cabanes de p\u00eacheurs \u00e0...                            <\/p>\n                                                    <\/div>\n                    <\/div>\n                <\/a>\n            <\/div>\n  <\/div>\n        <\/div>\n        \t\t\t\t<\/div>\n\t\t\t\t<\/div>\n\t\t\t\t\t<\/div>\n\t\t\t\t<\/aside>\n\t\t\t\t<\/div>\n\t\t","protected":false},"excerpt":{"rendered":"<p>Der Leuchtturm von Valli\u00e8res in Saint Georges de Didonne ist ein Leuchtturm auf der Klippe von Valli\u00e8res und liegt in der N\u00e4he des Hafens von Saint Georges de Didonne und des Hauptstrandes.<\/p>","protected":false},"author":1,"featured_media":12792,"comment_status":"closed","ping_status":"closed","sticky":false,"template":"","format":"standard","meta":{"ngg_post_thumbnail":0,"footnotes":""},"categories":[462,461,477],"tags":[162,189,159,218,219,190],"class_list":["post-12788","post","type-post","status-publish","format-standard","has-post-thumbnail","hentry","category-saint-georges-de-didonne","category-charente-maritime","category-france","tag-culturel","tag-meschers","tag-royan","tag-st-georges-de-didonne","tag-st-palais-sur-mer","tag-talmont"],"_links":{"self":[{"href":"https:\/\/cparici.com\/de\/wp-json\/wp\/v2\/posts\/12788","targetHints":{"allow":["GET"]}}],"collection":[{"href":"https:\/\/cparici.com\/de\/wp-json\/wp\/v2\/posts"}],"about":[{"href":"https:\/\/cparici.com\/de\/wp-json\/wp\/v2\/types\/post"}],"author":[{"embeddable":true,"href":"https:\/\/cparici.com\/de\/wp-json\/wp\/v2\/users\/1"}],"replies":[{"embeddable":true,"href":"https:\/\/cparici.com\/de\/wp-json\/wp\/v2\/comments?post=12788"}],"version-history":[{"count":0,"href":"https:\/\/cparici.com\/de\/wp-json\/wp\/v2\/posts\/12788\/revisions"}],"wp:featuredmedia":[{"embeddable":true,"href":"https:\/\/cparici.com\/de\/wp-json\/wp\/v2\/media\/12792"}],"wp:attachment":[{"href":"https:\/\/cparici.com\/de\/wp-json\/wp\/v2\/media?parent=12788"}],"wp:term":[{"taxonomy":"category","embeddable":true,"href":"https:\/\/cparici.com\/de\/wp-json\/wp\/v2\/categories?post=12788"},{"taxonomy":"post_tag","embeddable":true,"href":"https:\/\/cparici.com\/de\/wp-json\/wp\/v2\/tags?post=12788"}],"curies":[{"name":"wp","href":"https:\/\/api.w.org\/{rel}","templated":true}]}}