{"id":13084,"date":"2021-04-10T11:19:09","date_gmt":"2021-04-10T11:19:09","guid":{"rendered":"https:\/\/loclilala-vacances.com\/?p=13084"},"modified":"2026-02-13T12:32:44","modified_gmt":"2026-02-13T11:32:44","slug":"germanicusbogen-in-saintes","status":"publish","type":"post","link":"https:\/\/cparici.com\/de\/arc-de-germanicus-a-saintes\/","title":{"rendered":"Germanicusbogen in Saintes"},"content":{"rendered":"\t\t<div data-elementor-type=\"wp-post\" data-elementor-id=\"13084\" class=\"elementor elementor-13084\" data-elementor-post-type=\"post\">\n\t\t\t\t<div class=\"elementor-element elementor-element-2ab88c8 e-con-full e-flex e-con e-parent\" data-id=\"2ab88c8\" data-element_type=\"container\" data-e-type=\"container\">\n\t\t\t\t<div class=\"elementor-element elementor-element-00c81f4 elementor-widget elementor-widget-image\" data-id=\"00c81f4\" data-element_type=\"widget\" data-e-type=\"widget\" data-widget_type=\"image.default\">\n\t\t\t\t\t\t\t\t\t\t\t\t\t\t\t<img decoding=\"async\" width=\"1520\" height=\"503\" src=\"https:\/\/cparici.com\/wp-content\/uploads\/2021\/04\/arc-germanicus-banniere.jpg\" class=\"attachment-full size-full wp-image-13577\" alt=\"arc germanicus saintes\" srcset=\"https:\/\/cparici.com\/wp-content\/uploads\/2021\/04\/arc-germanicus-banniere.jpg 1520w, https:\/\/cparici.com\/wp-content\/uploads\/2021\/04\/arc-germanicus-banniere-600x198.jpg 600w, https:\/\/cparici.com\/wp-content\/uploads\/2021\/04\/arc-germanicus-banniere-768x254.jpg 768w\" sizes=\"(max-width: 1520px) 100vw, 1520px\" \/>\t\t\t\t\t\t\t\t\t\t\t\t\t\t\t<\/div>\n\t\t\t\t<\/div>\n\t\t<div class=\"elementor-element elementor-element-3b41304 e-flex e-con-boxed e-con e-parent\" data-id=\"3b41304\" data-element_type=\"container\" data-e-type=\"container\">\n\t\t\t\t\t<div class=\"e-con-inner\">\n\t\t\t\t<div class=\"elementor-element elementor-element-27223e5 elementor-widget elementor-widget-global elementor-global-62046 elementor-widget-eael-advanced-search\" data-id=\"27223e5\" data-element_type=\"widget\" data-e-type=\"widget\" data-widget_type=\"eael-advanced-search.default\">\n\t\t\t\t\t        <div class=\"eael-adv-search-wrapper\">\n            <div id=\"eael-advanced-search-widget-27223e5\" class=\"eael-advanced-search-widget\">\n                <form data-settings=\"{&quot;post_per_page&quot;:5,&quot;search_among_taxonomies&quot;:&quot;&quot;,&quot;search_among_sku&quot;:&quot;no&quot;,&quot;show_popular_keyword&quot;:0,&quot;show_category&quot;:0,&quot;show_content_image&quot;:1,&quot;show_search_result_all_results&quot;:0,&quot;result_on_new_tab&quot;:&quot;no&quot;,&quot;show_product_price&quot;:&quot;no&quot;,&quot;include_current_page&quot;:&quot;no&quot;,&quot;current_post_id&quot;:13084,&quot;post_type&quot;:[&quot;post&quot;,&quot;listing&quot;]}\" method=\"POST\" name=\"eael-advanced-search-form-27223e5\" class=\"eael-advanced-search-form eael-advanced-search-form-style-2\">\n                    <div class=\"eael-advanced-search-wrap\">\n                        <span class=\"eael-adv-search-loader\"><\/span>\n                        <span class=\"eael-adv-search-close\"><i class=\"fas fa-times\"><\/i><\/span>\n                        <span class=\"icon \"><i class=\"fas fa-search\"><\/i><\/span>\n\n                        <input type=\"text\"\n                               placeholder=\"Votre destination\"\n                               class=\"eael-advanced-search\" autocomplete=\"off\" name=\"eael_advanced_search\">\n                    <\/div>\n\t\t\t\t\t                                    <\/form>\n\n\t\t\t\t\n\t\t\t\t        <div class=\"eael-advanced-search-result\">\n            <div class=\"eael-advanced-search-popular-keyword\">\n\t\t\t\t<h4 class=\"eael-advanced-search-popular-keyword-text\">Recherches populaires<\/h4>                <div class=\"eael-popular-keyword-content\"><\/div>\n            <\/div>\n            <div class=\"eael-advanced-search-category\">\n\t\t\t\t<h4 class=\"eael-advanced-search-category-text\">Categories<\/h4>                <div class=\"eael-popular-category-content\"><\/div>\n            <\/div>\n\t\t\t<div class=\"eael-advanced-search-total-results-section\">\n\t\t\t\t\t\t\t<\/div>\n            <div class=\"eael-advanced-search-content eael-item-style-3\">\n            <\/div>\n            <div class=\"eael-advanced-search-not-found\">\n                <p>Pas de r\u00e9sultats<\/p><\/div>\n            <div class=\"eael-advanced-search-load-more\">\n\t\t\t\t<a \tclass=\"eael-advanced-search-load-more-button\"\n                \thref=\"#\">Voir tous les r\u00e9sultats<\/a>\n            <\/div>\n        <\/div>\n\n\t\t            <\/div>\n        <\/div>\n\n\t\t\t\t\t\t<\/div>\n\t\t\t\t\t<\/div>\n\t\t\t\t<\/div>\n\t\t<div class=\"elementor-element elementor-element-4a7446ba e-flex e-con-boxed e-con e-parent\" data-id=\"4a7446ba\" data-element_type=\"container\" data-e-type=\"container\">\n\t\t\t\t\t<div class=\"e-con-inner\">\n\t\t\t\t<div class=\"elementor-element elementor-element-2594e343 elementor-widget elementor-widget-text-editor\" data-id=\"2594e343\" data-element_type=\"widget\" data-e-type=\"widget\" data-widget_type=\"text-editor.default\">\n\t\t\t\t\t\t\t\t\t<h1 style=\"text-align: center;\"><span style=\"color: #003366; font-size: 18pt;\"><strong>Arc de Germanicus a Saintes<\/strong><\/span><\/h1><h2 style=\"text-align: left;\"><span style=\"color: #003366; font-size: 14pt;\"><strong>D\u00e9couvrez l&#8217;Arc de Germanicus a Saintes en Charente maritime<\/strong><\/span><\/h2><p><span style=\"font-size: 12pt;\"><strong>L&#8217;Arc de Germanicus<\/strong> a Saintes est un arc datant de l&#8217;antiquit\u00e9 romaine situ\u00e9\u00a0 dans <a href=\"https:\/\/cparici.com\/fr\/st_location\/vacances-saintes-en-direct\/\">la ville de Saintes<\/a>, au bord de la Charente, pr\u00e8s du centre historique de la ville, et de <a href=\"https:\/\/cparici.com\/fr\/abbaye-aux-dames-a-saintes\/\">l&#8217;abbaye aux dames<\/a>. Il fut certainement \u00e9rig\u00e9 au 1er si\u00e8cle de notre \u00e8re sous Tib\u00e8re. <\/span><\/p><p><span style=\"font-size: 12pt;\">Bien qu&#8217;il ressemble \u00e0 un arc de triomphe, il s&#8217;agit en fait d&#8217;un arc routier, auparavant situ\u00e9 dans l&#8217;axe d&#8217;un pont sur la voie romaine menant \u00e0 Saintes. Il a \u00e9t\u00e9 r\u00e9nov\u00e9 en 1666, puis d\u00e9plac\u00e9 \u00e0 son emplacement actuel en 1843 et restaur\u00e9 en 1851. Il est d\u00e9dicac\u00e9 \u00e0 l&#8217;empereur romain Tib\u00e8re et son neveu et fils adoptif Germanicus, et fut financ\u00e9 par un d\u00e9nomm\u00e9 Julius Rufus, riche habitant de Saintes.<\/span><\/p><p><span style=\"font-size: 12pt;\">Il est aujourd&#8217;hui class\u00e9 au titre des monuments historiques, et ce, depuis\u00a0 1905. Sur le monument, on retrouve une d\u00e9dicace en latin, et sous la d\u00e9dicace le nom du riche citoyen qui a financ\u00e9 l&#8217;Arc.<\/span><\/p>\t\t\t\t\t\t\t\t<\/div>\n\t\t\t\t\t<\/div>\n\t\t\t\t<\/div>\n\t\t<aside class=\"elementor-element elementor-element-3164ca12 e-flex e-con-boxed e-con e-parent\" data-id=\"3164ca12\" data-element_type=\"container\" data-e-type=\"container\" data-settings=\"{&quot;background_background&quot;:&quot;classic&quot;}\">\n\t\t\t\t\t<div class=\"e-con-inner\">\n\t\t\t\t<div class=\"elementor-element elementor-element-30d830b0 elementor-widget elementor-widget-spacer\" data-id=\"30d830b0\" data-element_type=\"widget\" data-e-type=\"widget\" data-widget_type=\"spacer.default\">\n\t\t\t\t\t\t\t<div class=\"elementor-spacer\">\n\t\t\t<div class=\"elementor-spacer-inner\"><\/div>\n\t\t<\/div>\n\t\t\t\t\t\t<\/div>\n\t\t\t\t<div class=\"elementor-element elementor-element-d5a27cc elementor-widget elementor-widget-heading\" data-id=\"d5a27cc\" data-element_type=\"widget\" data-e-type=\"widget\" data-widget_type=\"heading.default\">\n\t\t\t\t\t<h2 class=\"elementor-heading-title elementor-size-default\">H\u00e9bergements de Vacances Saintes  en direct<\/h2>\t\t\t\t<\/div>\n\t\t\t\t<div class=\"elementor-element elementor-element-7361668 elementor-widget elementor-widget-listeo-listings-carousel\" data-id=\"7361668\" data-element_type=\"widget\" data-e-type=\"widget\" data-widget_type=\"listeo-listings-carousel.default\">\n\t\t\t\t<div class=\"elementor-widget-container\">\n\t\t\t\t\t        <!-- Carousel \/ Start -->\n        \t<div class=\"simple-slick-carousel dots-nav\" data-slick='{&quot;autoplay&quot;:true,&quot;autoplaySpeed&quot;:3000,&quot;slidesToShow&quot;:3,&quot;slidesToScroll&quot;:1,&quot;responsive&quot;:[{&quot;breakpoint&quot;:1024,&quot;settings&quot;:{&quot;slidesToShow&quot;:2,&quot;slidesToScroll&quot;:1}},{&quot;breakpoint&quot;:768,&quot;settings&quot;:{&quot;slidesToShow&quot;:1,&quot;slidesToScroll&quot;:1}}]}'>\n                            <div class=\"fw-carousel-item\">                    \n                        <!-- Listing Item -->\r\n            <div class=\"col-lg-6 col-md-12\">\r\n                <a href=\"https:\/\/cparici.com\/de\/annonce\/gite-de-vacances-10-personnes\/\"  class=\"listing-item-container listing-geo-data compact\" \r\n\t\tdata-title=\"gite de vacances 10 personnes\"\r\n\t\tdata-listing-type=\"rental\"\r\n\t\tdata-classifieds-price=\"&euro;\"\r\n\t\tdata-friendly-address=\"17250 sainte radegonde\"\r\n\t\tdata-address=\"17250 sainte radegonde\"\r\n\t\tdata-image=\"https:\/\/cparici.com\/wp-content\/uploads\/2026\/02\/IMG_2737-520x397.jpg\"\r\n\t\tdata-longitude=\"-0.8767203\"\r\n\t\tdata-latitude=\"45.8631053\"\r\n\t\t\t\t\tdata-rating=\"0\"\r\n\t\t\tdata-reviews=\"0\"\r\n\t\t\t\tdata-icon=\"&lt;svg xmlns=&quot;http:\/\/www.w3.org\/2000\/svg&quot; width=&quot;800px&quot; height=&quot;800px&quot; viewBox=&quot;0 0 45 45&quot; fill=&quot;none&quot;&gt;\n&lt;path d=&quot;M24.155 8.78099L24.33 8.94499L37.402 21.787L36 23.213L34.2 21.445L34.201 35C34.201 36.054 33.385 36.918 32.35 36.994L32.201 37H12.201C11.147 37 10.283 36.184 10.206 35.149L10.201 35L10.2 21.446L8.402 23.213L7 21.787L20.058 8.95799C21.171 7.82199 22.966 7.75899 24.155 8.78099ZM21.569 10.285L21.473 10.372L12.2 19.481L12.201 35L17.2 34.999L17.201 25C17.201 23.946 18.017 23.082 19.052 23.005L19.201 23H25.201C26.255 23 27.119 23.816 27.196 24.851L27.201 25L27.2 34.999L32.201 35L32.2 19.48L22.901 10.344C22.537 9.98699 21.969 9.96499 21.569 10.285ZM25.201 25H19.201L19.2 34.999H25.2L25.201 25Z&quot; fill=&quot;#3C3C3C&quot;\/&gt;\n&lt;\/svg&gt;\"\r\n\r\n\t>\r\n            <div class=\"listing-item  featured-listing\">\r\n                <div class=\"listing-small-badges-container\">\r\n                                            <div class=\"listing-small-badge featured-badge\"><i class=\"fa fa-star\"><\/i> Featured<\/div>\r\n                                                                <div class=\"listing-small-badge pricing-badge\"><i class=\"fa fa-tag\"><\/i>172,00&euro; - 272,00&euro;<\/div>\r\n                                                            \r\n                                        \r\n                                        \r\n                <\/div>\r\n                <img decoding=\"async\" src=\"https:\/\/cparici.com\/wp-content\/uploads\/2026\/02\/IMG_2737-520x397.jpg\" alt=\"gite de vacances 10 personnes\" class=\"listing-thumbnail\">\r\n                \r\n\r\n                <div class=\"listing-item-content\">\r\n                    \r\n                    <h3> gite de vacances 10 personnes <\/h3>\r\n                    <span>17250 sainte radegonde<\/span>\r\n                <\/div>\r\n                                        <span class=\"save like-icon tooltip left\" title=\"Login To Bookmark Items\"><\/span>\r\n                                                <\/div>\r\n        <\/a>\r\n                    <\/div>\r\n        \r\n\r\n        <!-- Listing Item \/ End -->\n                    <\/div>\n                          <\/div>\n        \t\t\t\t<\/div>\n\t\t\t\t<\/div>\n\t\t\t\t\t<\/div>\n\t\t\t\t<\/aside>\n\t\t<div class=\"elementor-element elementor-element-b9c6149 e-flex e-con-boxed e-con e-parent\" data-id=\"b9c6149\" data-element_type=\"container\" data-e-type=\"container\">\n\t\t\t\t\t<div class=\"e-con-inner\">\n\t\t\t\t<div class=\"elementor-element elementor-element-8bb85a8 elementor-widget elementor-widget-text-editor\" data-id=\"8bb85a8\" data-element_type=\"widget\" data-e-type=\"widget\" data-widget_type=\"text-editor.default\">\n\t\t\t\t\t\t\t\t\t<p><span style=\"font-size: 12pt;\">L&#8217;arc est id\u00e9alement situ\u00e9 au bord de la Charente, au centre-ville de la ville de Saintes, proche de l&#8217;office de tourisme, et du mus\u00e9e arch\u00e9ologique, et non loin de la cath\u00e9drale Saint Pierre. Une passerelle pi\u00e9tonne permet de rejoindre les halles puis les rues pi\u00e9tonni\u00e8res du centre-ville.<\/span><\/p><p><span style=\"font-size: 12pt;\">Un peu plus loin, vous trouverez <a href=\"https:\/\/cparici.com\/fr\/amphitheatre-gallo-romain-a-saintes\/\">l&#8217;amphith\u00e9\u00e2tre Gallo-romain<\/a>, et la <a href=\"https:\/\/cparici.com\/fr\/basilique-st-eutrope-a-saintes\/\">basilique St Eutrope.<\/a><\/span><\/p><h3><span style=\"font-size: 14pt;\">D\u00e9couvrez l&#8217;Arc de Germanicus \u00e0 Saintes : Un Vestige d&#8217;Histoire Impr\u00e9gn\u00e9 de Grandeur<\/span><\/h3><p><span style=\"font-size: 14pt;\">L&#8217;Arc de Germanicus \u00e0 Saintes se dresse fi\u00e8rement comme un symbole de la richesse historique de la ville. Bien plus qu&#8217;un simple monument, il repr\u00e9sente un t\u00e9moignage vivant de l&#8217;\u00e8re romaine dans la r\u00e9gion, offrant un fascinant voyage \u00e0 travers le temps. Dans cet article, nous plongerons dans l&#8217;histoire captivante de cet arc embl\u00e9matique, explorerons ses caract\u00e9ristiques architecturales uniques, et fournirons des conseils pratiques pour une visite enrichissante de ce tr\u00e9sor historique.<\/span><\/p><h4><span style=\"font-size: 14pt;\">1. Un H\u00e9ritage Ancien et Illustre<\/span><\/h4><p><span style=\"font-size: 14pt;\">\u00c9rig\u00e9 \u00e0 la fin du Ier si\u00e8cle apr\u00e8s J.-C., l&#8217;Arc de Germanicus est un hommage \u00e0 l&#8217;empereur romain \u00e9ponyme, renomm\u00e9 g\u00e9n\u00e9ral et homme politique de l&#8217;Antiquit\u00e9. Il servait de porte d&#8217;entr\u00e9e au pont traversant la Charente, reliant ainsi Saintes au vaste empire romain. T\u00e9moin de la grandeur de Rome et de la prosp\u00e9rit\u00e9 de la cit\u00e9, cet arc a r\u00e9sist\u00e9 au passage des si\u00e8cles, bravant les al\u00e9as de l&#8217;histoire.<\/span><\/p><h4><span style=\"font-size: 14pt;\">2. Une Architecture \u00c9poustouflante<\/span><\/h4><p><span style=\"font-size: 14pt;\">L&#8217;Arc de Germanicus est un bijou de l&#8217;architecture romaine imp\u00e9riale. Compos\u00e9 de trois arches surmont\u00e9es d&#8217;un attique orn\u00e9 de bas-reliefs illustrant des batailles et des divinit\u00e9s romaines, il t\u00e9moigne du savoir-faire artistique de l&#8217;\u00e9poque. Les colonnes corinthiennes qui encadrent les arches ajoutent une touche d&#8217;\u00e9l\u00e9gance, tandis que les inscriptions d\u00e9di\u00e9es \u00e0 Germanicus rappellent son importance dans l&#8217;histoire de Rome.<\/span><\/p><h4><span style=\"font-size: 14pt;\">3. Des Particularit\u00e9s Uniques<\/span><\/h4><p><span style=\"font-size: 14pt;\">La conservation exceptionnelle de l&#8217;Arc de Germanicus est remarquable. Malgr\u00e9 les si\u00e8cles \u00e9coul\u00e9s depuis sa construction, il a conserv\u00e9 sa majest\u00e9 et sa beaut\u00e9 architecturale. Situ\u00e9 au bord de la Charente, il offre un cadre pittoresque, parfait pour une promenade romantique le long des rives de la rivi\u00e8re.<\/span><\/p><h4><span style=\"font-size: 14pt;\">4. Informations Pratiques pour les Visiteurs<\/span><\/h4><p><span style=\"font-size: 14pt;\">&#8211; Horaires d&#8217;Ouverture : L&#8217;Arc de Germanicus est ouvert gratuitement toute l&#8217;ann\u00e9e. Consultez le site officiel de la ville de Saintes pour les informations les plus r\u00e9centes.<\/span><br \/><span style=\"font-size: 14pt;\">&#8211; Acc\u00e8s : L&#8217;arc est facilement accessible \u00e0 pied depuis le centre-ville de Saintes. Des parkings sont disponibles \u00e0 proximit\u00e9 pour les visiteurs arrivant en voiture.<\/span><br \/><span style=\"font-size: 14pt;\">&#8211; Visites Guid\u00e9es : Des visites guid\u00e9es sont r\u00e9guli\u00e8rement organis\u00e9es pour d\u00e9couvrir l&#8217;histoire de l&#8217;arc et de la ville de Saintes. Renseignez-vous aupr\u00e8s de l&#8217;office de tourisme local pour les horaires et les tarifs.<\/span><\/p><p><span style=\"font-size: 14pt;\">Ainsi, l&#8217;Arc de Germanicus \u00e0 Saintes est bien plus qu&#8217;un simple monument historique. Il incarne la grandeur de l&#8217;empire romain et offre une fen\u00eatre sur un pass\u00e9 glorieux. Que vous soyez amateur d&#8217;histoire, passionn\u00e9 d&#8217;architecture ou simplement en qu\u00eate d&#8217;une exp\u00e9rience enrichissante, une visite de cet arc vous transportera dans l&#8217;Antiquit\u00e9 romaine pour une exp\u00e9rience m\u00e9morable.<\/span><\/p><h3 style=\"text-align: center;\"><span style=\"color: #003366;\">Photos de l&#8217; Arc de Germanicus a Saintes<\/span><\/h3><p class=\"Standard\" style=\"text-align: center;\"><span style=\"font-size: 12pt;\"><strong>Saintes<\/strong>,\u00a0<em>est une jolie ville \u00e0 l\u2019int\u00e9rieur des terres, travers\u00e9e par la Charente, et remarquable par ses sites arch\u00e9ologiques de l\u2019\u00e9poque romaine.<\/em><\/span><\/p><h3 style=\"text-align: center;\"><span style=\"color: #003366;\">D\u00e9couvrez les alentours<\/span><\/h3>\t\t\t\t\t\t\t\t<\/div>\n\t\t\t\t\t<\/div>\n\t\t\t\t<\/div>\n\t\t<div class=\"elementor-element elementor-element-a976a6b e-flex e-con-boxed e-con e-parent\" data-id=\"a976a6b\" data-element_type=\"container\" data-e-type=\"container\">\n\t\t\t\t\t<div class=\"e-con-inner\">\n\t\t\t\t<div class=\"elementor-element elementor-element-ff1f1db elementor-widget elementor-widget-listeo-posts-grid\" data-id=\"ff1f1db\" data-element_type=\"widget\" data-e-type=\"widget\" data-widget_type=\"listeo-posts-grid.default\">\n\t\t\t\t<div class=\"elementor-widget-container\">\n\t\t\t\t\t\t\t\n\t\t<div class=\"listeo-post-grid-wrapper\">\n\t\t\t<div class=\"row\">\n\n\t\t\t\n\n\t\t\t\t\t\t\t<div class=\"col-md-4\">\n                <a href=\"https:\/\/cparici.com\/de\/visiter-rochefort-le-top-des-sites-touristiques-incontournables\/\" class=\"blog-compact-item-container\">\n                    <div class=\"blog-compact-item\">\n                        <img decoding=\"async\" width=\"577\" height=\"204\" src=\"https:\/\/cparici.com\/wp-content\/uploads\/2024\/04\/cparici-83-577x204.jpg\" class=\"attachment-listeo-blog-related-post size-listeo-blog-related-post wp-post-image\" alt=\"Rochefort en charente maritime\" srcset=\"https:\/\/cparici.com\/wp-content\/uploads\/2024\/04\/cparici-83-577x204.jpg 577w, https:\/\/cparici.com\/wp-content\/uploads\/2024\/04\/cparici-83-300x106.jpg 300w, https:\/\/cparici.com\/wp-content\/uploads\/2024\/04\/cparici-83-1024x362.jpg 1024w, https:\/\/cparici.com\/wp-content\/uploads\/2024\/04\/cparici-83-768x271.jpg 768w, https:\/\/cparici.com\/wp-content\/uploads\/2024\/04\/cparici-83-590x208.jpg 590w, https:\/\/cparici.com\/wp-content\/uploads\/2024\/04\/cparici-83-1200x424.jpg 1200w, https:\/\/cparici.com\/wp-content\/uploads\/2024\/04\/cparici-83-600x212.jpg 600w, https:\/\/cparici.com\/wp-content\/uploads\/2024\/04\/cparici-83.jpg 1500w\" sizes=\"(max-width: 577px) 100vw, 577px\" \/><span class=\"blog-item-tag\">Charente maritime<\/span>                        \n                        <div class=\"blog-compact-item-content\">\n                                                        <h3>Visiter Rochefort &#8211; le top des incontournables<\/h3>\n                                                        <p>Visiter Rochefort : un voyage dans le temps et l'espace. Explorez les richesses patrimoniales et...                            <\/p>\n                                                    <\/div>\n                    <\/div>\n                <\/a>\n            <\/div>\n\t\t\t<div class=\"col-md-4\">\n                <a href=\"https:\/\/cparici.com\/de\/basilique-st-eutrope-a-saintes\/\" class=\"blog-compact-item-container\">\n                    <div class=\"blog-compact-item\">\n                        <img decoding=\"async\" width=\"577\" height=\"173\" src=\"https:\/\/cparici.com\/wp-content\/uploads\/2021\/04\/basilique-st-eutrope-banniere.jpg\" class=\"attachment-listeo-blog-related-post size-listeo-blog-related-post wp-post-image\" alt=\"basilique sainte eutrope\" srcset=\"https:\/\/cparici.com\/wp-content\/uploads\/2021\/04\/basilique-st-eutrope-banniere.jpg 1521w, https:\/\/cparici.com\/wp-content\/uploads\/2021\/04\/basilique-st-eutrope-banniere-600x180.jpg 600w, https:\/\/cparici.com\/wp-content\/uploads\/2021\/04\/basilique-st-eutrope-banniere-768x230.jpg 768w\" sizes=\"(max-width: 577px) 100vw, 577px\" \/><span class=\"blog-item-tag\">Charente maritime<\/span>                        \n                        <div class=\"blog-compact-item-content\">\n                                                        <h3>Basilique St Eutrope a Saintes<\/h3>\n                                                        <p>La basilique Saint Eutrope est une \u00e9glise situ\u00e9e dans le quartier St Eutrope \u00e0 Saintes,...                            <\/p>\n                                                    <\/div>\n                    <\/div>\n                <\/a>\n            <\/div>\n\t\t\t<div class=\"col-md-4\">\n                <a href=\"https:\/\/cparici.com\/de\/pont-transbordeur-du-martrou-a-rochefort\/\" class=\"blog-compact-item-container\">\n                    <div class=\"blog-compact-item\">\n                        <img decoding=\"async\" width=\"577\" height=\"225\" src=\"https:\/\/cparici.com\/wp-content\/uploads\/2021\/03\/pont-transbordeur-martrou-banniere.jpg\" class=\"attachment-listeo-blog-related-post size-listeo-blog-related-post wp-post-image\" alt=\"Pont transbordeur Rochefort\" srcset=\"https:\/\/cparici.com\/wp-content\/uploads\/2021\/03\/pont-transbordeur-martrou-banniere.jpg 1521w, https:\/\/cparici.com\/wp-content\/uploads\/2021\/03\/pont-transbordeur-martrou-banniere-600x234.jpg 600w, https:\/\/cparici.com\/wp-content\/uploads\/2021\/03\/pont-transbordeur-martrou-banniere-768x299.jpg 768w\" sizes=\"(max-width: 577px) 100vw, 577px\" \/><span class=\"blog-item-tag\">Charente maritime<\/span>                        \n                        <div class=\"blog-compact-item-content\">\n                                                        <h3>Pont transbordeur a Rochefort<\/h3>\n                                                        <p>Le pont transbordeur du Martrou se situe au sud de Rochefort, en direction de Royan...                            <\/p>\n                                                    <\/div>\n                    <\/div>\n                <\/a>\n            <\/div>\n  <\/div>\n        <\/div>\n        \t\t\t\t<\/div>\n\t\t\t\t<\/div>\n\t\t\t\t\t<\/div>\n\t\t\t\t<\/div>\n\t\t\t\t<\/div>\n\t\t","protected":false},"excerpt":{"rendered":"<p>L&#8217;Arc de Germanicus a Saintes est un arc datant de l&#8217;antiquit\u00e9 romaine situ\u00e9\u00a0 dans la ville de Saintes, au bord de la Charente, pr\u00e8s du centre historique de la ville, et de l&#8217;abbaye aux dames.<\/p>","protected":false},"author":1,"featured_media":13577,"comment_status":"closed","ping_status":"closed","sticky":false,"template":"","format":"standard","meta":{"ngg_post_thumbnail":0,"footnotes":""},"categories":[302,461,160,477,480,490],"tags":[191,195,303],"class_list":["post-13084","post","type-post","status-publish","format-standard","has-post-thumbnail","hentry","category-patrimoine","category-charente-maritime","category-culture","category-france","category-poitou-charentes","category-saintes","tag-charente-maritime","tag-rochefort","tag-saintes"],"_links":{"self":[{"href":"https:\/\/cparici.com\/de\/wp-json\/wp\/v2\/posts\/13084","targetHints":{"allow":["GET"]}}],"collection":[{"href":"https:\/\/cparici.com\/de\/wp-json\/wp\/v2\/posts"}],"about":[{"href":"https:\/\/cparici.com\/de\/wp-json\/wp\/v2\/types\/post"}],"author":[{"embeddable":true,"href":"https:\/\/cparici.com\/de\/wp-json\/wp\/v2\/users\/1"}],"replies":[{"embeddable":true,"href":"https:\/\/cparici.com\/de\/wp-json\/wp\/v2\/comments?post=13084"}],"version-history":[{"count":0,"href":"https:\/\/cparici.com\/de\/wp-json\/wp\/v2\/posts\/13084\/revisions"}],"wp:featuredmedia":[{"embeddable":true,"href":"https:\/\/cparici.com\/de\/wp-json\/wp\/v2\/media\/13577"}],"wp:attachment":[{"href":"https:\/\/cparici.com\/de\/wp-json\/wp\/v2\/media?parent=13084"}],"wp:term":[{"taxonomy":"category","embeddable":true,"href":"https:\/\/cparici.com\/de\/wp-json\/wp\/v2\/categories?post=13084"},{"taxonomy":"post_tag","embeddable":true,"href":"https:\/\/cparici.com\/de\/wp-json\/wp\/v2\/tags?post=13084"}],"curies":[{"name":"wp","href":"https:\/\/api.w.org\/{rel}","templated":true}]}}