{"id":13094,"date":"2021-04-10T11:20:13","date_gmt":"2021-04-10T11:20:13","guid":{"rendered":"https:\/\/loclilala-vacances.com\/?p=13094"},"modified":"2025-04-21T21:55:00","modified_gmt":"2025-04-21T19:55:00","slug":"gallo-romisches-amphitheater-in-saintes","status":"publish","type":"post","link":"https:\/\/cparici.com\/de\/amphitheatre-gallo-romain-a-saintes\/","title":{"rendered":"Gallo-r\u00f6misches Amphitheater in Saintes"},"content":{"rendered":"\t\t<div data-elementor-type=\"wp-post\" data-elementor-id=\"13094\" class=\"elementor elementor-13094\" data-elementor-post-type=\"post\">\n\t\t\t\t<div class=\"elementor-element elementor-element-47cf5f8 e-con-full e-flex e-con e-parent\" data-id=\"47cf5f8\" data-element_type=\"container\" data-e-type=\"container\">\n\t\t\t\t<div class=\"elementor-element elementor-element-cd5c488 elementor-widget elementor-widget-image\" data-id=\"cd5c488\" data-element_type=\"widget\" data-e-type=\"widget\" data-widget_type=\"image.default\">\n\t\t\t\t\t\t\t\t\t\t\t\t\t\t\t<img decoding=\"async\" width=\"1521\" height=\"562\" src=\"https:\/\/cparici.com\/wp-content\/uploads\/2021\/04\/amphitheatre-galloromain-saintes-banniere-2.jpg\" class=\"attachment-full size-full wp-image-14377\" alt=\"amphitheatre gallo romain saintes visiter le poitou charentes\" srcset=\"https:\/\/cparici.com\/wp-content\/uploads\/2021\/04\/amphitheatre-galloromain-saintes-banniere-2.jpg 1521w, https:\/\/cparici.com\/wp-content\/uploads\/2021\/04\/amphitheatre-galloromain-saintes-banniere-2-600x221.jpg 600w, https:\/\/cparici.com\/wp-content\/uploads\/2021\/04\/amphitheatre-galloromain-saintes-banniere-2-768x283.jpg 768w\" sizes=\"(max-width: 1521px) 100vw, 1521px\" \/>\t\t\t\t\t\t\t\t\t\t\t\t\t\t\t<\/div>\n\t\t\t\t<\/div>\n\t\t<div class=\"elementor-element elementor-element-03397dd e-flex e-con-boxed e-con e-parent\" data-id=\"03397dd\" data-element_type=\"container\" data-e-type=\"container\">\n\t\t\t\t\t<div class=\"e-con-inner\">\n\t\t\t\t<div class=\"elementor-element elementor-element-dea080c elementor-widget elementor-widget-global elementor-global-62046 elementor-widget-eael-advanced-search\" data-id=\"dea080c\" data-element_type=\"widget\" data-e-type=\"widget\" data-widget_type=\"eael-advanced-search.default\">\n\t\t\t\t\t        <div class=\"eael-adv-search-wrapper\">\n            <div id=\"eael-advanced-search-widget-dea080c\" class=\"eael-advanced-search-widget\">\n                <form data-settings=\"{&quot;post_per_page&quot;:5,&quot;search_among_taxonomies&quot;:&quot;&quot;,&quot;search_among_sku&quot;:&quot;no&quot;,&quot;show_popular_keyword&quot;:0,&quot;show_category&quot;:0,&quot;show_content_image&quot;:1,&quot;show_search_result_all_results&quot;:0,&quot;result_on_new_tab&quot;:&quot;no&quot;,&quot;show_product_price&quot;:&quot;no&quot;,&quot;include_current_page&quot;:&quot;no&quot;,&quot;orderby&quot;:&quot;default&quot;,&quot;order&quot;:&quot;DESC&quot;,&quot;current_post_id&quot;:13094,&quot;post_type&quot;:[&quot;post&quot;,&quot;listing&quot;]}\" method=\"POST\" name=\"eael-advanced-search-form-dea080c\" class=\"eael-advanced-search-form eael-advanced-search-form-style-2\">\n                    <div class=\"eael-advanced-search-wrap\">\n                        <span class=\"eael-adv-search-loader\"><\/span>\n                        <span class=\"eael-adv-search-close\"><i class=\"fas fa-times\"><\/i><\/span>\n                        <span class=\"icon \"><i class=\"fas fa-search\"><\/i><\/span>\n\n                        <input type=\"text\"\n                               placeholder=\"Votre destination\"\n                               class=\"eael-advanced-search\" autocomplete=\"off\" name=\"eael_advanced_search\">\n                    <\/div>\n\t\t\t\t\t                                    <\/form>\n\n\t\t\t\t\n\t\t\t\t        <div class=\"eael-advanced-search-result\">\n            <div class=\"eael-advanced-search-popular-keyword\">\n\t\t\t\t<h4 class=\"eael-advanced-search-popular-keyword-text\">Recherches populaires<\/h4>                <div class=\"eael-popular-keyword-content\"><\/div>\n            <\/div>\n            <div class=\"eael-advanced-search-category\">\n\t\t\t\t<h4 class=\"eael-advanced-search-category-text\">Categories<\/h4>                <div class=\"eael-popular-category-content\"><\/div>\n            <\/div>\n\t\t\t<div class=\"eael-advanced-search-total-results-section\">\n\t\t\t\t\t\t\t<\/div>\n            <div class=\"eael-advanced-search-content eael-item-style-3\">\n            <\/div>\n            <div class=\"eael-advanced-search-not-found\">\n                <p>Pas de r\u00e9sultats<\/p><\/div>\n            <div class=\"eael-advanced-search-load-more\">\n\t\t\t\t<a \tclass=\"eael-advanced-search-load-more-button\"\n                \thref=\"#\">Voir tous les r\u00e9sultats<\/a>\n            <\/div>\n        <\/div>\n\n\t\t            <\/div>\n        <\/div>\n\n\t\t\t\t\t\t<\/div>\n\t\t\t\t\t<\/div>\n\t\t\t\t<\/div>\n\t\t<div class=\"elementor-element elementor-element-1b860052 e-flex e-con-boxed e-con e-parent\" data-id=\"1b860052\" data-element_type=\"container\" data-e-type=\"container\">\n\t\t\t\t\t<div class=\"e-con-inner\">\n\t\t\t\t<div class=\"elementor-element elementor-element-d130dd9 elementor-widget elementor-widget-text-editor\" data-id=\"d130dd9\" data-element_type=\"widget\" data-e-type=\"widget\" data-widget_type=\"text-editor.default\">\n\t\t\t\t\t\t\t\t\t<h1 style=\"text-align: center;\"><span style=\"color: #003366; font-size: 18pt;\"><strong>Amphith\u00e9\u00e2tre gallo-romain a Saintes<\/strong><\/span><\/h1><h2><span style=\"color: #003366; font-size: 14pt;\"><strong>D\u00e9couvrez l\u2019Amphith\u00e9\u00e2tre gallo-romain a Saintes en Charente maritime<\/strong><\/span><\/h2><p class=\"Standard\"><span style=\"font-size: 12pt;\"><strong>L\u2019amphith\u00e9\u00e2tre de Saintes<\/strong>, ou Ar\u00e8nes de <a href=\"https:\/\/cparici.com\/fr\/st_location\/vacances-saintes-en-direct\/\">Saintes<\/a>, est un amphith\u00e9\u00e2tre gallo-romain, \u00e9difi\u00e9 au 1er si\u00e8cle de notre \u00e8re, entre les r\u00e8gnes de Tib\u00e8re et Claude. Il mesure plus de 100 m\u00e8tres de diam\u00e8tre et pouvait accueillir plus de 10000 personnes, peut-\u00eatre m\u00eame 15000 spectateurs. Les gradins sont dispos\u00e9s en cercle, et adoss\u00e9s sur la colline. L\u2019ar\u00e8ne, quant \u00e0 elle, mesure \u00e0 peu pr\u00e8s 66 m\u00e8tres de long et 40 m\u00e8tres de large<\/span><\/p><p class=\"Standard\"><span style=\"font-size: 12pt;\">Il est inscrit au titre des monuments historiques en 1840, et de nouveau en 1914 et est certainement un des plus anciens amphith\u00e9\u00e2tres de la Gaule, probablement construit autour des ann\u00e9es 50 de notre \u00e8re. Ce monument, incontournable lorsqu\u2019on visite Saintes, t\u00e9moigne de la grandeur pass\u00e9e de la ville de Saintes. Il est possible de s\u2019y rendre \u00e0 pied depuis le centre-ville ou les bords de la Charente.<\/span><\/p><p><span style=\"font-size: 12pt;\">Non loin de l\u2019amphith\u00e9\u00e2tre, se trouve la <a href=\"https:\/\/cparici.com\/fr\/basilique-st-eutrope-a-saintes\/\">Basilique St Eutrope<\/a>, visible depuis l\u2019\u00e9difice. Ses gradins sont pos\u00e9s sur le flan de la vall\u00e9e, et il compte, en plus de deux embl\u00e9matiques portes \u2013 porte des vivants et porte des morts \u2013 certainement plus d\u2019une centaine d\u2019acc\u00e8s.<\/span><\/p><p><span style=\"font-size: 12pt;\">Au milieu des gradins, se trouve une petite fontaine, la fontaine Sainte Eustelle, d\u00e9di\u00e9e \u00e0 la petite fille d\u2019un gouverneur romain devenue chr\u00e9tienne.<\/span><\/p><p><span style=\"font-size: 12pt;\">Un peu plus loin, sur la rive droite de la Charente,\u00a0 vous pouvez visiter <a href=\"https:\/\/cparici.com\/fr\/arc-de-germanicus-a-saintes\/\">l\u2019arc de Germanicus<\/a>, et <a href=\"https:\/\/cparici.com\/fr\/abbaye-aux-dames-a-saintes\/\">l\u2019abbaye aux Dames.<\/a><\/span><\/p><h3 style=\"text-align: center;\"><span style=\"color: #003366;\">Photos de l\u2019 Amphith\u00e9\u00e2tre gallo-romain a Saintes<\/span><\/h3><p class=\"Standard\" style=\"text-align: center;\"><span style=\"font-size: 12pt;\"><strong>Saintes<\/strong>,\u00a0<em>est une jolie ville \u00e0 l\u2019int\u00e9rieur des terres, travers\u00e9e par la Charente, et remarquable par ses sites arch\u00e9ologiques de l\u2019\u00e9poque romaine.<\/em><\/span><\/p><h2><span style=\"font-size: 14pt;\">L\u2019Amphith\u00e9\u00e2tre Gallo-Romain de Saintes : Un T\u00e9moin Vivant de l\u2019Histoire Antique<\/span><\/h2><h3><span style=\"font-size: 14pt;\">Introduction \u00e0 l\u2019Amphith\u00e9\u00e2tre de Saintes<\/span><\/h3><p><span style=\"font-size: 14pt;\">L\u2019amphith\u00e9\u00e2tre gallo-romain de Saintes, situ\u00e9 dans la r\u00e9gion de la Charente-Maritime en France, est un monument impressionnant qui t\u00e9moigne du pass\u00e9 glorieux de la ville durant l\u2019\u00e9poque de l\u2019Empire romain. Dans cet article, nous plongerons dans l\u2019histoire fascinante de cet amphith\u00e9\u00e2tre, explorerons son architecture remarquable, et fournirons des informations pratiques pour une visite enrichissante de ce site arch\u00e9ologique embl\u00e9matique.<\/span><\/p><h3><span style=\"font-size: 14pt;\">Histoire et Contexte<\/span><\/h3><p><span style=\"font-size: 14pt;\">Construit au Ier si\u00e8cle de notre \u00e8re, l\u2019amphith\u00e9\u00e2tre de Saintes \u00e9tait un lieu de divertissement majeur pour les habitants de la cit\u00e9 ainsi que pour les visiteurs venant des environs. Il pouvait accueillir jusqu\u2019\u00e0 18 000 spectateurs et \u00e9tait le th\u00e9\u00e2tre de combats de gladiateurs, de courses de chars et d\u2019autres manifestations spectaculaires.<\/span><\/p><p><span style=\"font-size: 14pt;\">L\u2019amphith\u00e9\u00e2tre de Saintes \u00e9tait \u00e9galement un symbole de la puissance et de la prosp\u00e9rit\u00e9 de la ville \u00e0 l\u2019\u00e9poque romaine. Il t\u00e9moignait de l\u2019influence de la civilisation romaine dans la r\u00e9gion, ainsi que de l\u2019importance de Saintes en tant que centre politique, \u00e9conomique et culturel.<\/span><\/p><p><span style=\"font-size: 14pt;\">Au fil des si\u00e8cles, l\u2019amphith\u00e9\u00e2tre a subi des transformations et des dommages dus \u00e0 des causes naturelles et humaines. Cependant, il est rest\u00e9 un \u00e9l\u00e9ment central du paysage de Saintes, rappelant aux g\u00e9n\u00e9rations futures l\u2019h\u00e9ritage romain de la ville.<\/span><\/p><h3><span style=\"font-size: 14pt;\">Architecture de l\u2019Amphith\u00e9\u00e2tre<\/span><\/h3><p><span style=\"font-size: 14pt;\">L\u2019amphith\u00e9\u00e2tre de Saintes pr\u00e9sente une architecture typique des amphith\u00e9\u00e2tres romains de l\u2019\u00e9poque. Il est construit en pierre taill\u00e9e et mesure environ 126 m\u00e8tres de long sur 102 m\u00e8tres de large. Sa forme elliptique caract\u00e9ristique permettait une meilleure visibilit\u00e9 pour les spectateurs, quel que soit leur emplacement dans les gradins.<\/span><\/p><p><span style=\"font-size: 14pt;\">L\u2019amphith\u00e9\u00e2tre est divis\u00e9 en plusieurs niveaux, comprenant une ar\u00e8ne centrale entour\u00e9e de gradins pouvant accueillir diff\u00e9rentes classes sociales. Des passages souterrains permettaient aux gladiateurs et aux animaux sauvages d\u2019acc\u00e9der \u00e0 l\u2019ar\u00e8ne en toute s\u00e9curit\u00e9, tandis que des structures annexes servaient de logements pour les artistes et les travailleurs du spectacle.<\/span><\/p><p><span style=\"font-size: 14pt;\">L\u2019architecture de l\u2019amphith\u00e9\u00e2tre de Saintes t\u00e9moigne de l\u2019ing\u00e9niosit\u00e9 et du savoir-faire des ing\u00e9nieurs romains, ainsi que de leur capacit\u00e9 \u00e0 cr\u00e9er des structures monumentales et durables.<\/span><\/p><h3><span style=\"font-size: 14pt;\">Informations Pratiques pour les Visiteurs<\/span><\/h3><p><span style=\"font-size: 14pt;\">\u2013 **Horaires d\u2019ouverture** : L\u2019amphith\u00e9\u00e2tre de Saintes est ouvert au public tous les jours de l\u2019ann\u00e9e, sauf en cas de fermeture exceptionnelle pour des raisons de s\u00e9curit\u00e9 ou de travaux de restauration. Les horaires peuvent varier en fonction des saisons, il est donc recommand\u00e9 de consulter le site officiel de l\u2019amphith\u00e9\u00e2tre ou de contacter l\u2019office de tourisme local pour obtenir les informations les plus r\u00e9centes.<\/span><\/p><p><span style=\"font-size: 14pt;\">\u2013 Tarifs : L\u2019entr\u00e9e \u00e0 l\u2019amphith\u00e9\u00e2tre peut \u00eatre gratuite ou payante, selon les politiques en vigueur. Des tarifs r\u00e9duits sont souvent propos\u00e9s aux \u00e9tudiants, aux enfants et aux personnes \u00e2g\u00e9es. Les informations sur les tarifs et les modalit\u00e9s d\u2019achat des billets sont disponibles sur place ou en ligne.<\/span><\/p><p><span style=\"font-size: 14pt;\">\u2013 Acc\u00e8s : L\u2019amphith\u00e9\u00e2tre est situ\u00e9 \u00e0 proximit\u00e9 du centre-ville de Saintes et est facilement accessible \u00e0 pied, en voiture ou en transports en commun. Des parkings sont disponibles \u00e0 proximit\u00e9 pour les visiteurs arrivant en voiture, tandis que des arr\u00eats de bus sont situ\u00e9s \u00e0 quelques pas de l\u2019entr\u00e9e principale.<\/span><\/p><p><span style=\"font-size: 14pt;\">\u2013 Visites Guid\u00e9es : Des visites guid\u00e9es de l\u2019amphith\u00e9\u00e2tre sont souvent organis\u00e9es pour les visiteurs int\u00e9ress\u00e9s par son histoire et son architecture. Ces visites offrent l\u2019occasion d\u2019en apprendre davantage sur le site et de poser des questions aux guides exp\u00e9riment\u00e9s. Les horaires et les tarifs des visites guid\u00e9es peuvent varier, il est donc recommand\u00e9 de r\u00e9server \u00e0 l\u2019avance.<\/span><\/p><p><span style=\"font-size: 14pt;\">L\u2019amphith\u00e9\u00e2tre gallo-romain de Saintes est un t\u00e9moignage fascinant de l\u2019histoire antique de la ville, ainsi qu\u2019un exemple remarquable de l\u2019ing\u00e9nierie romaine. Sa construction imposante et sa signification culturelle en font l\u2019une des attractions les plus populaires de Saintes,<\/span><\/p><p><span style=\"font-size: 14pt;\">attirant des visiteurs du monde entier. En explorant ses ruines impressionnantes et en d\u00e9couvrant son histoire captivante, les visiteurs peuvent faire un voyage dans le temps et imaginer la grandeur de la civilisation romaine qui a fa\u00e7onn\u00e9 la r\u00e9gion. Que vous soyez un amateur d\u2019histoire, un passionn\u00e9 d\u2019architecture ou simplement un voyageur curieux, une visite de l\u2019amphith\u00e9\u00e2tre de Saintes promet une exp\u00e9rience enrichissante et m\u00e9morable.<\/span><\/p><p class=\"Standard\"><span style=\"font-size: 14pt;\"><strong>Description de l\u2019amphith\u00e9\u00e2tre.<\/strong><\/span><\/p><p><span style=\"font-size: 14pt;\">L\u2019amphith\u00e9\u00e2tre de Saintes a \u00e9t\u00e9 construit en fonction de l\u2019environnement et la plupart des assises\u00a0 s\u2019appuyait sur les flancs du vallon o\u00f9 se trouve le monument.<\/span><\/p><p><span style=\"font-size: 14pt;\">Le monument est constitu\u00e9 de:<\/span><\/p><ul><li><span style=\"font-size: 14pt;\">l\u2019ar\u00e8ne, l\u00e0 ou se d\u00e9roulait le spectacle<\/span><\/li><li><span style=\"font-size: 14pt;\">les gradins, divis\u00e9s en deux parties: un premier niveau de gradins, r\u00e9serv\u00e9 aux notables, et prot\u00e9g\u00e9 par une balustrade, surmont\u00e9e d\u2019un filet; un deuxi\u00e8me niveau de gradins, plus en hauteur pour l\u2019ensemble des spectateurs, et qui comprenait aux alentours de 20 rang\u00e9es. Entre ces deux niveaux de gradins, se trouvait un palier.<\/span><\/li><li><span style=\"font-size: 14pt;\">Les acc\u00e8s \u00e0 l\u2019amphith\u00e9\u00e2tre se faisaient par des escaliers, au nombre de 90, dont certains \u00e9taient vout\u00e9s et passaient sous les gradins.<\/span><\/li><li><span style=\"font-size: 14pt;\">Deux portes monumentales sont positionn\u00e9es, une \u00e0 l\u2019ouest (la porte des morts, par laquelle les gladiateurs vaincus \u00e9taient transport\u00e9s ), l\u2019autre \u00e0 l\u2019ouest (la porte des vivants, qui permettait l\u2019entr\u00e9e de la procession et la sortie des gladiateurs victorieux.<\/span><\/li><\/ul><h3 style=\"text-align: center;\"><span style=\"color: #003366;\">D\u00e9couvrez les alentours<\/span><\/h3>\t\t\t\t\t\t\t\t<\/div>\n\t\t\t\t\t<\/div>\n\t\t\t\t<\/div>\n\t\t<div class=\"elementor-element elementor-element-8f6c012 e-flex e-con-boxed e-con e-parent\" data-id=\"8f6c012\" data-element_type=\"container\" data-e-type=\"container\">\n\t\t\t\t\t<div class=\"e-con-inner\">\n\t\t\t\t<div class=\"elementor-element elementor-element-82d433a elementor-widget elementor-widget-listeo-posts-grid\" data-id=\"82d433a\" data-element_type=\"widget\" data-e-type=\"widget\" data-widget_type=\"listeo-posts-grid.default\">\n\t\t\t\t<div class=\"elementor-widget-container\">\n\t\t\t\t\t\t\t\n\t\t<div class=\"listeo-post-grid-wrapper\">\n\t\t\t<div class=\"row\">\n\n\t\t\t\n\n\t\t\t\t\t\t\t<div class=\"col-md-4\">\n                <a href=\"https:\/\/cparici.com\/de\/amphitheatre-gallo-romain-a-saintes\/\" class=\"blog-compact-item-container\">\n                    <div class=\"blog-compact-item\">\n                        <img decoding=\"async\" width=\"577\" height=\"213\" src=\"https:\/\/cparici.com\/wp-content\/uploads\/2021\/04\/amphitheatre-galloromain-saintes-banniere-2.jpg\" class=\"attachment-listeo-blog-related-post size-listeo-blog-related-post wp-post-image\" alt=\"amphitheatre gallo romain saintes visiter le poitou charentes\" srcset=\"https:\/\/cparici.com\/wp-content\/uploads\/2021\/04\/amphitheatre-galloromain-saintes-banniere-2.jpg 1521w, https:\/\/cparici.com\/wp-content\/uploads\/2021\/04\/amphitheatre-galloromain-saintes-banniere-2-600x221.jpg 600w, https:\/\/cparici.com\/wp-content\/uploads\/2021\/04\/amphitheatre-galloromain-saintes-banniere-2-768x283.jpg 768w\" sizes=\"(max-width: 577px) 100vw, 577px\" \/><span class=\"blog-item-tag\">Charente maritime<\/span>                        \n                        <div class=\"blog-compact-item-content\">\n                                                        <h3>Amphith\u00e9\u00e2tre gallo-romain a Saintes<\/h3>\n                                                        <p>L'amphith\u00e9\u00e2tre de Saintes, ou Ar\u00e8nes de Saintes, est un amphith\u00e9\u00e2tre gallo-romain, \u00e9difi\u00e9 au 1er si\u00e8cle...                            <\/p>\n                                                    <\/div>\n                    <\/div>\n                <\/a>\n            <\/div>\n\t\t\t<div class=\"col-md-4\">\n                <a href=\"https:\/\/cparici.com\/de\/maree-royan-horaires-des-marees-2024\/\" class=\"blog-compact-item-container\">\n                    <div class=\"blog-compact-item\">\n                        <img decoding=\"async\" width=\"577\" height=\"204\" src=\"https:\/\/cparici.com\/wp-content\/uploads\/2024\/05\/cparici-2025-05-04T080353.103-577x204.jpg\" class=\"attachment-listeo-blog-related-post size-listeo-blog-related-post wp-post-image\" alt=\"Mar\u00e9e Royan Horaires et coefficients\" srcset=\"https:\/\/cparici.com\/wp-content\/uploads\/2024\/05\/cparici-2025-05-04T080353.103-577x204.jpg 577w, https:\/\/cparici.com\/wp-content\/uploads\/2024\/05\/cparici-2025-05-04T080353.103-300x106.jpg 300w, https:\/\/cparici.com\/wp-content\/uploads\/2024\/05\/cparici-2025-05-04T080353.103-1024x362.jpg 1024w, https:\/\/cparici.com\/wp-content\/uploads\/2024\/05\/cparici-2025-05-04T080353.103-768x271.jpg 768w, https:\/\/cparici.com\/wp-content\/uploads\/2024\/05\/cparici-2025-05-04T080353.103-18x6.jpg 18w, https:\/\/cparici.com\/wp-content\/uploads\/2024\/05\/cparici-2025-05-04T080353.103-590x208.jpg 590w, https:\/\/cparici.com\/wp-content\/uploads\/2024\/05\/cparici-2025-05-04T080353.103-1200x424.jpg 1200w, https:\/\/cparici.com\/wp-content\/uploads\/2024\/05\/cparici-2025-05-04T080353.103-600x212.jpg 600w, https:\/\/cparici.com\/wp-content\/uploads\/2024\/05\/cparici-2025-05-04T080353.103.jpg 1500w\" sizes=\"(max-width: 577px) 100vw, 577px\" \/><span class=\"blog-item-tag\">Charente maritime<\/span>                        \n                        <div class=\"blog-compact-item-content\">\n                                                        <h3>Mar\u00e9e Royan \u2013 horaires des mar\u00e9es<\/h3>\n                                                        <p>Mar\u00e9e Royan - D\u00e9couvrez les horaires et coefficients des mar\u00e9es \u00e0 Royan et profitez ...                            <\/p>\n                                                    <\/div>\n                    <\/div>\n                <\/a>\n            <\/div>\n\t\t\t<div class=\"col-md-4\">\n                <a href=\"https:\/\/cparici.com\/de\/ville-de-saintes-guide-pratique-pour-visiteurs\/\" class=\"blog-compact-item-container\">\n                    <div class=\"blog-compact-item\">\n                        <img decoding=\"async\" width=\"577\" height=\"207\" src=\"https:\/\/cparici.com\/wp-content\/uploads\/2020\/11\/saintes-banniere.jpg\" class=\"attachment-listeo-blog-related-post size-listeo-blog-related-post wp-post-image\" alt=\"Ville de Saintes\" srcset=\"https:\/\/cparici.com\/wp-content\/uploads\/2020\/11\/saintes-banniere.jpg 1520w, https:\/\/cparici.com\/wp-content\/uploads\/2020\/11\/saintes-banniere-600x214.jpg 600w, https:\/\/cparici.com\/wp-content\/uploads\/2020\/11\/saintes-banniere-768x274.jpg 768w\" sizes=\"(max-width: 577px) 100vw, 577px\" \/><span class=\"blog-item-tag\">Charente maritime<\/span>                        \n                        <div class=\"blog-compact-item-content\">\n                                                        <h3>Saintes: guide pratique pour visiter la ville<\/h3>\n                                                        <p>D\u00e9couvrez la ville de Saintes, une destination id\u00e9ale pour les amoureux de culture et de...                            <\/p>\n                                                    <\/div>\n                    <\/div>\n                <\/a>\n            <\/div>\n  <\/div>\n        <\/div>\n        \t\t\t\t<\/div>\n\t\t\t\t<\/div>\n\t\t\t\t\t<\/div>\n\t\t\t\t<\/div>\n\t\t\t\t<\/div>\n\t\t","protected":false},"excerpt":{"rendered":"<p>L&#8217;amphith\u00e9\u00e2tre de Saintes, ou Ar\u00e8nes de Saintes, est un amphith\u00e9\u00e2tre gallo-romain, \u00e9difi\u00e9 au 1er si\u00e8cle de notre \u00e8re, entre les r\u00e8gnes de Tib\u00e8re et Claude.<\/p>","protected":false},"author":1,"featured_media":14377,"comment_status":"closed","ping_status":"closed","sticky":false,"template":"elementor_header_footer","format":"standard","meta":{"ngg_post_thumbnail":0,"footnotes":""},"categories":[302,461,160,477,480,490],"tags":[340,191,303],"class_list":["post-13094","post","type-post","status-publish","format-standard","has-post-thumbnail","hentry","category-patrimoine","category-charente-maritime","category-culture","category-france","category-poitou-charentes","category-saintes","tag-amphitheatre","tag-charente-maritime","tag-saintes"],"_links":{"self":[{"href":"https:\/\/cparici.com\/de\/wp-json\/wp\/v2\/posts\/13094","targetHints":{"allow":["GET"]}}],"collection":[{"href":"https:\/\/cparici.com\/de\/wp-json\/wp\/v2\/posts"}],"about":[{"href":"https:\/\/cparici.com\/de\/wp-json\/wp\/v2\/types\/post"}],"author":[{"embeddable":true,"href":"https:\/\/cparici.com\/de\/wp-json\/wp\/v2\/users\/1"}],"replies":[{"embeddable":true,"href":"https:\/\/cparici.com\/de\/wp-json\/wp\/v2\/comments?post=13094"}],"version-history":[{"count":0,"href":"https:\/\/cparici.com\/de\/wp-json\/wp\/v2\/posts\/13094\/revisions"}],"wp:featuredmedia":[{"embeddable":true,"href":"https:\/\/cparici.com\/de\/wp-json\/wp\/v2\/media\/14377"}],"wp:attachment":[{"href":"https:\/\/cparici.com\/de\/wp-json\/wp\/v2\/media?parent=13094"}],"wp:term":[{"taxonomy":"category","embeddable":true,"href":"https:\/\/cparici.com\/de\/wp-json\/wp\/v2\/categories?post=13094"},{"taxonomy":"post_tag","embeddable":true,"href":"https:\/\/cparici.com\/de\/wp-json\/wp\/v2\/tags?post=13094"}],"curies":[{"name":"wp","href":"https:\/\/api.w.org\/{rel}","templated":true}]}}