{"id":14618,"date":"2022-08-08T07:44:12","date_gmt":"2022-08-08T07:44:12","guid":{"rendered":"https:\/\/cparici.com\/?p=14618"},"modified":"2026-01-18T10:55:47","modified_gmt":"2026-01-18T09:55:47","slug":"strand-von-suzac-in-meschers-in-der-charente-maritime","status":"publish","type":"post","link":"https:\/\/cparici.com\/de\/plage-de-suzac-a-meschers-en-charente-maritime\/","title":{"rendered":"Strand von Suzac a Meschers in der Charente maritime"},"content":{"rendered":"\t\t<div data-elementor-type=\"wp-post\" data-elementor-id=\"14618\" class=\"elementor elementor-14618\" data-elementor-post-type=\"post\">\n\t\t\t\t<div class=\"elementor-element elementor-element-1bfaacf e-con-full e-flex e-con e-parent\" data-id=\"1bfaacf\" data-element_type=\"container\" data-e-type=\"container\">\n\t\t\t\t<div class=\"elementor-element elementor-element-5bb8c59 elementor-widget elementor-widget-image\" data-id=\"5bb8c59\" data-element_type=\"widget\" data-e-type=\"widget\" data-widget_type=\"image.default\">\n\t\t\t\t\t\t\t\t\t\t\t\t\t\t\t<img decoding=\"async\" width=\"1531\" height=\"411\" src=\"https:\/\/cparici.com\/wp-content\/uploads\/2022\/08\/plage-de-suzac-banniere.jpg\" class=\"attachment-full size-full wp-image-14637\" alt=\"plage de suzac meschers charente maritime\" srcset=\"https:\/\/cparici.com\/wp-content\/uploads\/2022\/08\/plage-de-suzac-banniere.jpg 1531w, https:\/\/cparici.com\/wp-content\/uploads\/2022\/08\/plage-de-suzac-banniere-600x161.jpg 600w, https:\/\/cparici.com\/wp-content\/uploads\/2022\/08\/plage-de-suzac-banniere-768x206.jpg 768w\" sizes=\"(max-width: 1531px) 100vw, 1531px\" \/>\t\t\t\t\t\t\t\t\t\t\t\t\t\t\t<\/div>\n\t\t\t\t<\/div>\n\t\t<div class=\"elementor-element elementor-element-ffa2da8 e-flex e-con-boxed e-con e-parent\" data-id=\"ffa2da8\" data-element_type=\"container\" data-e-type=\"container\">\n\t\t\t\t\t<div class=\"e-con-inner\">\n\t\t\t\t<div class=\"elementor-element elementor-element-91dbdf2 elementor-widget elementor-widget-global elementor-global-62046 elementor-widget-eael-advanced-search\" data-id=\"91dbdf2\" data-element_type=\"widget\" data-e-type=\"widget\" data-widget_type=\"eael-advanced-search.default\">\n\t\t\t\t\t        <div class=\"eael-adv-search-wrapper\">\n            <div id=\"eael-advanced-search-widget-91dbdf2\" class=\"eael-advanced-search-widget\">\n                <form data-settings=\"{&quot;post_per_page&quot;:5,&quot;search_among_taxonomies&quot;:&quot;&quot;,&quot;search_among_sku&quot;:&quot;no&quot;,&quot;show_popular_keyword&quot;:0,&quot;show_category&quot;:0,&quot;show_content_image&quot;:1,&quot;show_search_result_all_results&quot;:0,&quot;result_on_new_tab&quot;:&quot;no&quot;,&quot;show_product_price&quot;:&quot;no&quot;,&quot;include_current_page&quot;:&quot;no&quot;,&quot;current_post_id&quot;:14618,&quot;post_type&quot;:[&quot;post&quot;,&quot;listing&quot;]}\" method=\"POST\" name=\"eael-advanced-search-form-91dbdf2\" class=\"eael-advanced-search-form eael-advanced-search-form-style-2\">\n                    <div class=\"eael-advanced-search-wrap\">\n                        <span class=\"eael-adv-search-loader\"><\/span>\n                        <span class=\"eael-adv-search-close\"><i class=\"fas fa-times\"><\/i><\/span>\n                        <span class=\"icon \"><i class=\"fas fa-search\"><\/i><\/span>\n\n                        <input type=\"text\"\n                               placeholder=\"Votre destination\"\n                               class=\"eael-advanced-search\" autocomplete=\"off\" name=\"eael_advanced_search\">\n                    <\/div>\n\t\t\t\t\t                                    <\/form>\n\n\t\t\t\t\n\t\t\t\t        <div class=\"eael-advanced-search-result\">\n            <div class=\"eael-advanced-search-popular-keyword\">\n\t\t\t\t<h4 class=\"eael-advanced-search-popular-keyword-text\">Recherches populaires<\/h4>                <div class=\"eael-popular-keyword-content\"><\/div>\n            <\/div>\n            <div class=\"eael-advanced-search-category\">\n\t\t\t\t<h4 class=\"eael-advanced-search-category-text\">Categories<\/h4>                <div class=\"eael-popular-category-content\"><\/div>\n            <\/div>\n\t\t\t<div class=\"eael-advanced-search-total-results-section\">\n\t\t\t\t\t\t\t<\/div>\n            <div class=\"eael-advanced-search-content eael-item-style-3\">\n            <\/div>\n            <div class=\"eael-advanced-search-not-found\">\n                <p>Pas de r\u00e9sultats<\/p><\/div>\n            <div class=\"eael-advanced-search-load-more\">\n\t\t\t\t<a \tclass=\"eael-advanced-search-load-more-button\"\n                \thref=\"#\">Voir tous les r\u00e9sultats<\/a>\n            <\/div>\n        <\/div>\n\n\t\t            <\/div>\n        <\/div>\n\n\t\t\t\t\t\t<\/div>\n\t\t\t\t\t<\/div>\n\t\t\t\t<\/div>\n\t\t<div class=\"elementor-element elementor-element-18f88785 e-flex e-con-boxed e-con e-parent\" data-id=\"18f88785\" data-element_type=\"container\" data-e-type=\"container\">\n\t\t\t\t\t<div class=\"e-con-inner\">\n\t\t<div class=\"elementor-element elementor-element-2cbd91 e-con-full e-flex e-con e-child\" data-id=\"2cbd91\" data-element_type=\"container\" data-e-type=\"container\">\n\t\t\t\t<div class=\"elementor-element elementor-element-5ec0be0a elementor-widget elementor-widget-text-editor\" data-id=\"5ec0be0a\" data-element_type=\"widget\" data-e-type=\"widget\" data-widget_type=\"text-editor.default\">\n\t\t\t\t\t\t\t\t\t<h1>Plage de Suzac<\/h1><h2><span style=\"font-size: 14pt;\"><strong>Plage de Suzac \u2013 Toutes les informations pratiques pour profiter de cette conche a Meschers sur la c\u00f4te de beaut\u00e9<\/strong><\/span><\/h2><p>La Plage de Suzac a\u00a0<strong><a href=\"https:\/\/cparici.com\/meschers-sur-gironde-guide-complet-pour-explorer-la-region\/\">Meschers<\/a>\u00a0<\/strong>est une longue plage situ\u00e9e au nord de la commune de Meschers,\u00a0<a href=\"https:\/\/cparici.com\/fr\/royan-informations-pratiques-et-decouverte\/\"><strong>non loin de Royan<\/strong><\/a>, sur la route de Saint Georges de Didonne, et facilement accessible.\u00a0<\/p><p>Elle est situ\u00e9e entre\u00a0<a href=\"https:\/\/cparici.com\/plage-des-vergnes-a-meschers\/\"><strong>la plage des Vergnes<\/strong><\/a>, le petite plage de l\u2019Arn\u00e8che, et la pointe de Suzac, dans la for\u00eat de Suzac.<\/p><p>Il s\u2019agit d\u2019une longue plage de sable fin, situ\u00e9e dans une large crique entour\u00e9e de la for\u00eat (pin\u00e8de) et des falaises rocheuses calcaires typiques des rives de l\u2019estuaire de la Gironde.<\/p>\t\t\t\t\t\t\t\t<\/div>\n\t\t\t\t<\/div>\n\t\t\t\t\t<\/div>\n\t\t\t\t<\/div>\n\t\t<div class=\"elementor-element elementor-element-e11bfbf e-flex e-con-boxed e-con e-parent\" data-id=\"e11bfbf\" data-element_type=\"container\" data-e-type=\"container\">\n\t\t\t\t\t<div class=\"e-con-inner\">\n\t\t<div class=\"elementor-element elementor-element-75d6a1e e-con-full e-flex e-con e-child\" data-id=\"75d6a1e\" data-element_type=\"container\" data-e-type=\"container\">\n\t\t<div class=\"elementor-element elementor-element-e426f26 e-con-full e-flex e-con e-child\" data-id=\"e426f26\" data-element_type=\"container\" data-e-type=\"container\">\n\t\t<div class=\"elementor-element elementor-element-3d405cb e-grid e-con-full e-con e-child\" data-id=\"3d405cb\" data-element_type=\"container\" data-e-type=\"container\">\n\t\t\t\t<div class=\"elementor-element elementor-element-96b9277 elementor-widget elementor-widget-google_maps\" data-id=\"96b9277\" data-element_type=\"widget\" data-e-type=\"widget\" data-widget_type=\"google_maps.default\">\n\t\t\t\t\t\t\t<div class=\"elementor-custom-embed\">\n\t\t\t<iframe loading=\"lazy\"\n\t\t\t\t\tsrc=\"https:\/\/maps.google.com\/maps?q=plage%20de%20suzac&#038;t=m&#038;z=11&#038;output=embed&#038;iwloc=near\"\n\t\t\t\t\ttitle=\"plage de suzac\"\n\t\t\t\t\taria-label=\"plage de suzac\"\n\t\t\t><\/iframe>\n\t\t<\/div>\n\t\t\t\t\t\t<\/div>\n\t\t\t\t<div class=\"elementor-element elementor-element-47146fd elementor-widget elementor-widget-image\" data-id=\"47146fd\" data-element_type=\"widget\" data-e-type=\"widget\" data-widget_type=\"image.default\">\n\t\t\t\t\t\t\t\t\t\t\t\t\t\t\t<img decoding=\"async\" width=\"760\" height=\"760\" src=\"https:\/\/cparici.com\/wp-content\/uploads\/2022\/08\/conche-de-suzac-2-1024x1024.jpg\" class=\"attachment-large size-large wp-image-15343\" alt=\"conche de suzac\" srcset=\"https:\/\/cparici.com\/wp-content\/uploads\/2022\/08\/conche-de-suzac-2-1024x1024.jpg 1024w, https:\/\/cparici.com\/wp-content\/uploads\/2022\/08\/conche-de-suzac-2-300x300.jpg 300w, https:\/\/cparici.com\/wp-content\/uploads\/2022\/08\/conche-de-suzac-2-100x100.jpg 100w, https:\/\/cparici.com\/wp-content\/uploads\/2022\/08\/conche-de-suzac-2-150x150.jpg 150w, https:\/\/cparici.com\/wp-content\/uploads\/2022\/08\/conche-de-suzac-2-1536x1536.jpg 1536w, https:\/\/cparici.com\/wp-content\/uploads\/2022\/08\/conche-de-suzac-2-2048x2048.jpg 2048w\" sizes=\"(max-width: 760px) 100vw, 760px\" \/>\t\t\t\t\t\t\t\t\t\t\t\t\t\t\t<\/div>\n\t\t\t\t<\/div>\n\t\t\t\t<\/div>\n\t\t\t\t<\/div>\n\t\t\t\t\t<\/div>\n\t\t\t\t<\/div>\n\t\t<div class=\"elementor-element elementor-element-3bd4a5a e-flex e-con-boxed e-con e-parent\" data-id=\"3bd4a5a\" data-element_type=\"container\" data-e-type=\"container\">\n\t\t\t\t\t<div class=\"e-con-inner\">\n\t\t<div class=\"elementor-element elementor-element-1765462 e-con-full e-flex e-con e-child\" data-id=\"1765462\" data-element_type=\"container\" data-e-type=\"container\">\n\t\t<div class=\"elementor-element elementor-element-c5c92bd e-con-full e-flex e-con e-child\" data-id=\"c5c92bd\" data-element_type=\"container\" data-e-type=\"container\">\n\t\t<div class=\"elementor-element elementor-element-26c78e8 e-grid e-con-full e-con e-child\" data-id=\"26c78e8\" data-element_type=\"container\" data-e-type=\"container\">\n\t\t\t\t<div class=\"elementor-element elementor-element-dfd9a0f elementor-widget elementor-widget-text-editor\" data-id=\"dfd9a0f\" data-element_type=\"widget\" data-e-type=\"widget\" data-widget_type=\"text-editor.default\">\n\t\t\t\t\t\t\t\t\t<h3><strong>Que trouve-t-on aux alentours de la plage?<\/strong><\/h3><p>Pr\u00e8s de la plage de Suzac se trouvent la plage des Vergnes et la longue plage de Saint Georges de Didonne, plus loin la plage des Nonnes,\u00a0 et la fameuse\u00a0<a href=\"https:\/\/cparici.com\/conche-de-cadet-a-meschers-sur-gironde\/\"><strong>conche des Cadets<\/strong><\/a>, o\u00f9 la l\u00e9gende veut que Cadet, un pirate, attirait les bateaux qui venaient s\u2019\u00e9chouer sur les rochers, pour pouvoir ensuite les piller.<\/p>\t\t\t\t\t\t\t\t<\/div>\n\t\t\t\t<div class=\"elementor-element elementor-element-8088379 elementor-widget elementor-widget-text-editor\" data-id=\"8088379\" data-element_type=\"widget\" data-e-type=\"widget\" data-widget_type=\"text-editor.default\">\n\t\t\t\t\t\t\t\t\t<h3><strong>Comment acc\u00e8de-t-on \u00e0 la plage de Suzac?<\/strong><\/h3><p>L\u2019acc\u00e8s \u00e0 la plage se fait par un court chemin pentu et un escalier, situ\u00e9 juste derri\u00e8re le parking.<\/p><p>De la plage de Suzac, on peut se rendre au\u00a0<a href=\"https:\/\/cparici.com\/port-de-meschers-sur-gironde\/\"><strong>port de Meschers<\/strong><\/a>, mais aussi aux\u00a0<a href=\"https:\/\/cparici.com\/les-falaises-meschers-sur-gironde\/\"><strong>falaises de Meschers<\/strong><\/a>\u00a0pour d\u00e9couvrir les fameux\u00a0<strong>carrelets<\/strong>.\u00a0<\/p><h3><span style=\"font-size: 16px;\">.<\/span><\/h3>\t\t\t\t\t\t\t\t<\/div>\n\t\t\t\t<\/div>\n\t\t\t\t<\/div>\n\t\t\t\t<\/div>\n\t\t\t\t\t<\/div>\n\t\t\t\t<\/div>\n\t\t<aside class=\"elementor-element elementor-element-50ef058f e-flex e-con-boxed e-con e-parent\" data-id=\"50ef058f\" data-element_type=\"container\" data-e-type=\"container\" data-settings=\"{&quot;background_background&quot;:&quot;classic&quot;}\">\n\t\t\t\t\t<div class=\"e-con-inner\">\n\t\t\t\t<div class=\"elementor-element elementor-element-69f911fb elementor-widget elementor-widget-spacer\" data-id=\"69f911fb\" data-element_type=\"widget\" data-e-type=\"widget\" data-widget_type=\"spacer.default\">\n\t\t\t\t\t\t\t<div class=\"elementor-spacer\">\n\t\t\t<div class=\"elementor-spacer-inner\"><\/div>\n\t\t<\/div>\n\t\t\t\t\t\t<\/div>\n\t\t\t\t<div class=\"elementor-element elementor-element-1721f6ca elementor-widget elementor-widget-heading\" data-id=\"1721f6ca\" data-element_type=\"widget\" data-e-type=\"widget\" data-widget_type=\"heading.default\">\n\t\t\t\t\t<p class=\"elementor-heading-title elementor-size-default\">H\u00e9bergements de Vacances en direct<\/p>\t\t\t\t<\/div>\n\t\t\t\t<div class=\"elementor-element elementor-element-11dbf7c2 elementor-widget elementor-widget-listeo-listings-carousel\" data-id=\"11dbf7c2\" data-element_type=\"widget\" data-e-type=\"widget\" data-widget_type=\"listeo-listings-carousel.default\">\n\t\t\t\t<div class=\"elementor-widget-container\">\n\t\t\t\t\t        <!-- Carousel \/ Start -->\n        \t<div class=\"simple-slick-carousel dots-nav\" data-slick='{&quot;autoplay&quot;:true,&quot;autoplaySpeed&quot;:3000,&quot;slidesToShow&quot;:3,&quot;slidesToScroll&quot;:1,&quot;responsive&quot;:[{&quot;breakpoint&quot;:1024,&quot;settings&quot;:{&quot;slidesToShow&quot;:2,&quot;slidesToScroll&quot;:1}},{&quot;breakpoint&quot;:768,&quot;settings&quot;:{&quot;slidesToShow&quot;:1,&quot;slidesToScroll&quot;:1}}]}'>\n                            <div class=\"fw-carousel-item\">                    \n                        <!-- Listing Item -->\r\n            <div class=\"col-lg-6 col-md-12\">\r\n                <a href=\"https:\/\/cparici.com\/de\/annonce\/appartement-face-mer\/\"  class=\"listing-item-container listing-geo-data compact\" \r\n\t\tdata-title=\"La Perrini\u00e8re Appartement face mer Royan\"\r\n\t\tdata-listing-type=\"rental\"\r\n\t\tdata-classifieds-price=\"&euro;\"\r\n\t\tdata-friendly-address=\"royan\"\r\n\t\tdata-address=\"royan\"\r\n\t\tdata-image=\"https:\/\/cparici.com\/wp-content\/uploads\/2025\/05\/366880516.jpg\"\r\n\t\tdata-longitude=\"-1.0197084\"\r\n\t\tdata-latitude=\"45.6217724\"\r\n\t\t\t\t\tdata-rating=\"0\"\r\n\t\t\tdata-reviews=\"0\"\r\n\t\t\t\tdata-icon=\"&lt;svg xmlns=&quot;http:\/\/www.w3.org\/2000\/svg&quot; width=&quot;800px&quot; height=&quot;800px&quot; viewBox=&quot;0 0 45 45&quot; fill=&quot;none&quot;&gt;\n&lt;path d=&quot;M24.155 8.78099L24.33 8.94499L37.402 21.787L36 23.213L34.2 21.445L34.201 35C34.201 36.054 33.385 36.918 32.35 36.994L32.201 37H12.201C11.147 37 10.283 36.184 10.206 35.149L10.201 35L10.2 21.446L8.402 23.213L7 21.787L20.058 8.95799C21.171 7.82199 22.966 7.75899 24.155 8.78099ZM21.569 10.285L21.473 10.372L12.2 19.481L12.201 35L17.2 34.999L17.201 25C17.201 23.946 18.017 23.082 19.052 23.005L19.201 23H25.201C26.255 23 27.119 23.816 27.196 24.851L27.201 25L27.2 34.999L32.201 35L32.2 19.48L22.901 10.344C22.537 9.98699 21.969 9.96499 21.569 10.285ZM25.201 25H19.201L19.2 34.999H25.2L25.201 25Z&quot; fill=&quot;#3C3C3C&quot;\/&gt;\n&lt;\/svg&gt;\"\r\n\r\n\t>\r\n            <div class=\"listing-item  featured-listing\">\r\n                <div class=\"listing-small-badges-container\">\r\n                                            <div class=\"listing-small-badge featured-badge\"><i class=\"fa fa-star\"><\/i> Featured<\/div>\r\n                                                                <div class=\"listing-small-badge pricing-badge\"><i class=\"fa fa-tag\"><\/i>260,00&euro; - 390,00&euro;<\/div>\r\n                                                            \r\n                                        \r\n                                        \r\n                <\/div>\r\n                <img decoding=\"async\" src=\"https:\/\/cparici.com\/wp-content\/uploads\/2025\/05\/366880516.jpg\" alt=\"La Perrini\u00e8re Appartement face mer Royan\" class=\"listing-thumbnail\">\r\n                                \r\n\r\n                <div class=\"listing-item-content\">\r\n                    \r\n                    <h3> La Perrini\u00e8re Appartement face mer Royan <\/h3>\r\n                    <span>royan<\/span>\r\n                <\/div>\r\n                                        <span class=\"save like-icon tooltip left\" title=\"Login To Bookmark Items\"><\/span>\r\n                                                <\/div>\r\n        <\/a>\r\n                    <\/div>\r\n        \r\n\r\n        <!-- Listing Item \/ End -->\n                    <\/div>\n                                      <div class=\"fw-carousel-item\">                    \n                        <!-- Listing Item -->\r\n            <div class=\"col-lg-6 col-md-12\">\r\n                <a href=\"https:\/\/cparici.com\/de\/annonce\/villa-lucas-2-7-piscine-spa\/\"  class=\"listing-item-container listing-geo-data compact\" \r\n\t\tdata-title=\"Villa Lucas 2-7 Piscine-spa, Meschers sur Gironde\"\r\n\t\tdata-listing-type=\"rental\"\r\n\t\tdata-classifieds-price=\"&euro;\"\r\n\t\tdata-friendly-address=\"Boulevard de la Falaise\"\r\n\t\tdata-address=\"Boulevard de la Falaise\"\r\n\t\tdata-image=\"https:\/\/cparici.com\/wp-content\/uploads\/2025\/01\/20200519_141942_01-1-edit-20230321171015-520x397.jpg\"\r\n\t\tdata-longitude=\"-0.9543354999999999\"\r\n\t\tdata-latitude=\"45.5547399\"\r\n\t\t\t\t\tdata-rating=\"5\"\r\n\t\t\tdata-reviews=\"12\"\r\n\t\t\t\tdata-icon=\"&lt;svg xmlns=&quot;http:\/\/www.w3.org\/2000\/svg&quot; width=&quot;800px&quot; height=&quot;800px&quot; viewBox=&quot;0 0 45 45&quot; fill=&quot;none&quot;&gt;\n&lt;path d=&quot;M24.155 8.78099L24.33 8.94499L37.402 21.787L36 23.213L34.2 21.445L34.201 35C34.201 36.054 33.385 36.918 32.35 36.994L32.201 37H12.201C11.147 37 10.283 36.184 10.206 35.149L10.201 35L10.2 21.446L8.402 23.213L7 21.787L20.058 8.95799C21.171 7.82199 22.966 7.75899 24.155 8.78099ZM21.569 10.285L21.473 10.372L12.2 19.481L12.201 35L17.2 34.999L17.201 25C17.201 23.946 18.017 23.082 19.052 23.005L19.201 23H25.201C26.255 23 27.119 23.816 27.196 24.851L27.201 25L27.2 34.999L32.201 35L32.2 19.48L22.901 10.344C22.537 9.98699 21.969 9.96499 21.569 10.285ZM25.201 25H19.201L19.2 34.999H25.2L25.201 25Z&quot; fill=&quot;#3C3C3C&quot;\/&gt;\n&lt;\/svg&gt;\"\r\n\r\n\t>\r\n            <div class=\"listing-item  \">\r\n                <div class=\"listing-small-badges-container\">\r\n                                                                <div class=\"listing-small-badge pricing-badge\"><i class=\"fa fa-tag\"><\/i>370,00&euro; - 370,00&euro;<\/div>\r\n                                                            \r\n                                        \r\n                                        \r\n                <\/div>\r\n                <img decoding=\"async\" src=\"https:\/\/cparici.com\/wp-content\/uploads\/2025\/01\/20200519_141942_01-1-edit-20230321171015-520x397.jpg\" alt=\"Villa Lucas 2-7 Piscine-spa, Meschers sur Gironde\" class=\"listing-thumbnail\">\r\n                \r\n\r\n                <div class=\"listing-item-content\">\r\n                                                <div class=\"numerical-rating\" data-rating=\"5.0\"><\/div>\r\n                    \r\n                    <h3> Villa Lucas 2-7 Piscine-spa, Meschers sur Gironde <\/h3>\r\n                    <span>Boulevard de la Falaise<\/span>\r\n                <\/div>\r\n                                        <span class=\"save like-icon tooltip left\" title=\"Login To Bookmark Items\"><\/span>\r\n                                                <\/div>\r\n        <\/a>\r\n                    <\/div>\r\n        \r\n\r\n        <!-- Listing Item \/ End -->\n                    <\/div>\n                                      <div class=\"fw-carousel-item\">                    \n                        <!-- Listing Item -->\r\n            <div class=\"col-lg-6 col-md-12\">\r\n                <a href=\"https:\/\/cparici.com\/de\/annonce\/le-douze\/\"  class=\"listing-item-container listing-geo-data compact\" \r\n\t\tdata-title=\"LE DOUZE\"\r\n\t\tdata-listing-type=\"rental\"\r\n\t\tdata-classifieds-price=\"&euro;\"\r\n\t\tdata-friendly-address=\"41 ter rue de paradis\"\r\n\t\tdata-address=\"41 ter rue de paradis\"\r\n\t\tdata-image=\"https:\/\/cparici.com\/wp-content\/uploads\/2025\/03\/DSC06292-HDR-520x397.jpg\"\r\n\t\tdata-longitude=\"-1.1430937\"\r\n\t\tdata-latitude=\"45.7162024\"\r\n\t\t\t\t\tdata-rating=\"5\"\r\n\t\t\tdata-reviews=\"4\"\r\n\t\t\t\tdata-icon=\"&lt;svg xmlns=&quot;http:\/\/www.w3.org\/2000\/svg&quot; width=&quot;800px&quot; height=&quot;800px&quot; viewBox=&quot;0 0 45 45&quot; fill=&quot;none&quot;&gt;\n&lt;path d=&quot;M24.155 8.78099L24.33 8.94499L37.402 21.787L36 23.213L34.2 21.445L34.201 35C34.201 36.054 33.385 36.918 32.35 36.994L32.201 37H12.201C11.147 37 10.283 36.184 10.206 35.149L10.201 35L10.2 21.446L8.402 23.213L7 21.787L20.058 8.95799C21.171 7.82199 22.966 7.75899 24.155 8.78099ZM21.569 10.285L21.473 10.372L12.2 19.481L12.201 35L17.2 34.999L17.201 25C17.201 23.946 18.017 23.082 19.052 23.005L19.201 23H25.201C26.255 23 27.119 23.816 27.196 24.851L27.201 25L27.2 34.999L32.201 35L32.2 19.48L22.901 10.344C22.537 9.98699 21.969 9.96499 21.569 10.285ZM25.201 25H19.201L19.2 34.999H25.2L25.201 25Z&quot; fill=&quot;#3C3C3C&quot;\/&gt;\n&lt;\/svg&gt;\"\r\n\r\n\t>\r\n            <div class=\"listing-item  featured-listing\">\r\n                <div class=\"listing-small-badges-container\">\r\n                                            <div class=\"listing-small-badge featured-badge\"><i class=\"fa fa-star\"><\/i> Featured<\/div>\r\n                                                                <div class=\"listing-small-badge pricing-badge\"><i class=\"fa fa-tag\"><\/i>150,00&euro; - 171,00&euro;<\/div>\r\n                                                            \r\n                                        \r\n                                        \r\n                <\/div>\r\n                <img decoding=\"async\" src=\"https:\/\/cparici.com\/wp-content\/uploads\/2025\/03\/DSC06292-HDR-520x397.jpg\" alt=\"LE DOUZE\" class=\"listing-thumbnail\">\r\n                                \r\n\r\n                <div class=\"listing-item-content\">\r\n                                                <div class=\"numerical-rating\" data-rating=\"5.0\"><\/div>\r\n                    \r\n                    <h3> LE DOUZE <i class=\"verified-icon\"><\/i><\/h3>\r\n                    <span>41 ter rue de paradis<\/span>\r\n                <\/div>\r\n                                        <span class=\"save like-icon tooltip left\" title=\"Login To Bookmark Items\"><\/span>\r\n                                                <\/div>\r\n        <\/a>\r\n                    <\/div>\r\n        \r\n\r\n        <!-- Listing Item \/ End -->\n                    <\/div>\n                                      <div class=\"fw-carousel-item\">                    \n                        <!-- Listing Item -->\r\n            <div class=\"col-lg-6 col-md-12\">\r\n                <a href=\"https:\/\/cparici.com\/de\/annonce\/bicoque-de-sophie\/\"  class=\"listing-item-container listing-geo-data compact\" \r\n\t\tdata-title=\"Bicoque de Sophie\"\r\n\t\tdata-listing-type=\"rental\"\r\n\t\tdata-classifieds-price=\"&euro;\"\r\n\t\tdata-friendly-address=\"Hyper centre Saint-Georges-de-Didonne\"\r\n\t\tdata-address=\"Hyper centre Saint-Georges-de-Didonne\"\r\n\t\tdata-image=\"https:\/\/cparici.com\/wp-content\/uploads\/2025\/01\/20220601_133451-edit-20230319213149-520x397.jpg\"\r\n\t\tdata-longitude=\"-0.9977845\"\r\n\t\tdata-latitude=\"45.6029549\"\r\n\t\t\t\t\tdata-rating=\"3.7\"\r\n\t\t\tdata-reviews=\"3\"\r\n\t\t\t\tdata-icon=\"&lt;svg xmlns=&quot;http:\/\/www.w3.org\/2000\/svg&quot; width=&quot;800px&quot; height=&quot;800px&quot; viewBox=&quot;0 0 45 45&quot; fill=&quot;none&quot;&gt;\n&lt;path d=&quot;M24.155 8.78099L24.33 8.94499L37.402 21.787L36 23.213L34.2 21.445L34.201 35C34.201 36.054 33.385 36.918 32.35 36.994L32.201 37H12.201C11.147 37 10.283 36.184 10.206 35.149L10.201 35L10.2 21.446L8.402 23.213L7 21.787L20.058 8.95799C21.171 7.82199 22.966 7.75899 24.155 8.78099ZM21.569 10.285L21.473 10.372L12.2 19.481L12.201 35L17.2 34.999L17.201 25C17.201 23.946 18.017 23.082 19.052 23.005L19.201 23H25.201C26.255 23 27.119 23.816 27.196 24.851L27.201 25L27.2 34.999L32.201 35L32.2 19.48L22.901 10.344C22.537 9.98699 21.969 9.96499 21.569 10.285ZM25.201 25H19.201L19.2 34.999H25.2L25.201 25Z&quot; fill=&quot;#3C3C3C&quot;\/&gt;\n&lt;\/svg&gt;\"\r\n\r\n\t>\r\n            <div class=\"listing-item  \">\r\n                <div class=\"listing-small-badges-container\">\r\n                                                                <div class=\"listing-small-badge pricing-badge\"><i class=\"fa fa-tag\"><\/i>120,00&euro; - 140,00&euro;<\/div>\r\n                                                            \r\n                                        \r\n                                        \r\n                <\/div>\r\n                <img decoding=\"async\" src=\"https:\/\/cparici.com\/wp-content\/uploads\/2025\/01\/20220601_133451-edit-20230319213149-520x397.jpg\" alt=\"Bicoque de Sophie\" class=\"listing-thumbnail\">\r\n                \r\n\r\n                <div class=\"listing-item-content\">\r\n                                                <div class=\"numerical-rating\" data-rating=\"3.7\"><\/div>\r\n                    \r\n                    <h3> Bicoque de Sophie <\/h3>\r\n                    <span>Hyper centre Saint-Georges-de-Didonne<\/span>\r\n                <\/div>\r\n                                        <span class=\"save like-icon tooltip left\" title=\"Login To Bookmark Items\"><\/span>\r\n                                                <\/div>\r\n        <\/a>\r\n                    <\/div>\r\n        \r\n\r\n        <!-- Listing Item \/ End -->\n                    <\/div>\n                                      <div class=\"fw-carousel-item\">                    \n                        <!-- Listing Item -->\r\n            <div class=\"col-lg-6 col-md-12\">\r\n                <a href=\"https:\/\/cparici.com\/de\/annonce\/cottage-de-lulu-avec-spa\/\"  class=\"listing-item-container listing-geo-data compact\" \r\n\t\tdata-title=\"Cottage de Lulu avec Spa Meschers sur Gironde\"\r\n\t\tdata-listing-type=\"rental\"\r\n\t\tdata-classifieds-price=\"&euro;\"\r\n\t\tdata-friendly-address=\"300m des Grottes de R\u00e9gulus\"\r\n\t\tdata-address=\"300m des Grottes de R\u00e9gulus\"\r\n\t\tdata-image=\"https:\/\/cparici.com\/wp-content\/uploads\/2025\/12\/spa-du-cottage-de-lulu-location-vacances-meschers-520x397.jpg\"\r\n\t\tdata-longitude=\"-0.9544389999999999\"\r\n\t\tdata-latitude=\"45.554722\"\r\n\t\t\t\t\tdata-rating=\"5\"\r\n\t\t\tdata-reviews=\"12\"\r\n\t\t\t\tdata-icon=\"&lt;svg xmlns=&quot;http:\/\/www.w3.org\/2000\/svg&quot; width=&quot;800px&quot; height=&quot;800px&quot; viewBox=&quot;0 0 45 45&quot; fill=&quot;none&quot;&gt;\n&lt;path d=&quot;M24.155 8.78099L24.33 8.94499L37.402 21.787L36 23.213L34.2 21.445L34.201 35C34.201 36.054 33.385 36.918 32.35 36.994L32.201 37H12.201C11.147 37 10.283 36.184 10.206 35.149L10.201 35L10.2 21.446L8.402 23.213L7 21.787L20.058 8.95799C21.171 7.82199 22.966 7.75899 24.155 8.78099ZM21.569 10.285L21.473 10.372L12.2 19.481L12.201 35L17.2 34.999L17.201 25C17.201 23.946 18.017 23.082 19.052 23.005L19.201 23H25.201C26.255 23 27.119 23.816 27.196 24.851L27.201 25L27.2 34.999L32.201 35L32.2 19.48L22.901 10.344C22.537 9.98699 21.969 9.96499 21.569 10.285ZM25.201 25H19.201L19.2 34.999H25.2L25.201 25Z&quot; fill=&quot;#3C3C3C&quot;\/&gt;\n&lt;\/svg&gt;\"\r\n\r\n\t>\r\n            <div class=\"listing-item  \">\r\n                <div class=\"listing-small-badges-container\">\r\n                                                                <div class=\"listing-small-badge pricing-badge\"><i class=\"fa fa-tag\"><\/i>85,00&euro; - 150,00&euro;<\/div>\r\n                                                            \r\n                                        \r\n                                        \r\n                <\/div>\r\n                <img decoding=\"async\" src=\"https:\/\/cparici.com\/wp-content\/uploads\/2025\/12\/spa-du-cottage-de-lulu-location-vacances-meschers-520x397.jpg\" alt=\"Cottage de Lulu avec Spa Meschers sur Gironde\" class=\"listing-thumbnail\">\r\n                \r\n\r\n                <div class=\"listing-item-content\">\r\n                                                <div class=\"numerical-rating\" data-rating=\"5.0\"><\/div>\r\n                    \r\n                    <h3> Cottage de Lulu avec Spa Meschers sur Gironde <\/h3>\r\n                    <span>300m des Grottes de R\u00e9gulus<\/span>\r\n                <\/div>\r\n                                        <span class=\"save like-icon tooltip left\" title=\"Login To Bookmark Items\"><\/span>\r\n                                                <\/div>\r\n        <\/a>\r\n                    <\/div>\r\n        \r\n\r\n        <!-- Listing Item \/ End -->\n                    <\/div>\n                          <\/div>\n        \t\t\t\t<\/div>\n\t\t\t\t<\/div>\n\t\t\t\t\t<\/div>\n\t\t\t\t<\/aside>\n\t\t<div class=\"elementor-element elementor-element-435ba1d e-flex e-con-boxed e-con e-parent\" data-id=\"435ba1d\" data-element_type=\"container\" data-e-type=\"container\">\n\t\t\t\t\t<div class=\"e-con-inner\">\n\t\t<div class=\"elementor-element elementor-element-d10e423 e-con-full e-flex e-con e-child\" data-id=\"d10e423\" data-element_type=\"container\" data-e-type=\"container\">\n\t\t\t\t<div class=\"elementor-element elementor-element-9fe5243 elementor-widget elementor-widget-text-editor\" data-id=\"9fe5243\" data-element_type=\"widget\" data-e-type=\"widget\" data-widget_type=\"text-editor.default\">\n\t\t\t\t\t\t\t\t\t<h3><strong>Pr\u00e8s de la plage, la lentille g\u00e9ante de Suzac<\/strong><\/h3><p><em>\u00ab\u00a0Le phare de Suzac \u00e9tait un phare situ\u00e9 dans la for\u00eat de Suzac, non loin de la plage de Suzac. Aujourd\u2019hui, il ne reste presque rien de ce phare, aussi appel\u00e9 le phare des lapins.<\/em><\/p><p><em>T\u00e9moin ce r\u00e9cit: \u00a0\u00bb Le phare de Suzac, appel\u00e9 aussi dans l\u00e9 r\u00e9gion le phare des lapins est situ\u00e9 \u00e0 environ 8 kilom\u00e8tres au sud-est de Royan, la plus belle plage du sud-ouest.<\/em><\/p><p><em>Il faisait bien chaud le jour o\u00f9 j\u2019y suis all\u00e9.<\/em><\/p><p><em>Bient\u00f4t, je dus monter un petit raisillon assez \u00e0 pic, et je me trouvai au pied du phare. Drole de phare! Si ce n\u2019\u00e9tait la vitre rouge du haut, je le prendrais pour une maison originale sans doute, mais si coquette avec ses murs blancs frapichement repeints, ses immenses cages \u00e0 pigeons et les plantis de vignes qui l\u2019entourent. Sur la c\u00f4t\u00e9 se trouve une pancarte avec ces mots : \u00a0\u00bb Visite du phare de Suzac. Frappez, s.v.p\u00a0\u00bb.\u00a0\u00bb<\/em><\/p><p>Selon le t\u00e9moignage, la lentille du phare \u00e9tait une lentille taill\u00e9e dans une pi\u00e8ce de cristal d\u2019un seul tenant ( 3000 kilos) et mesurait 2.20m de diam\u00e8tre. La puissance de la lampe \u00e9tait de 58 bougies, et le phare \u00e9tait visible jusqu\u2019\u00e0 55 kilom\u00e8tres. L\u2019article parle du phare rouge le plus puissant du monde \u00e0 ce moment-l\u00e0. (1934)<\/p><h3><strong>Trouver une location de vacances a Meschers, c&#8217;est sur notre site<\/strong><\/h3><p>Envie d\u2019en savoir plus sur Royan et les alentours?\u00a0<a href=\"https:\/\/loclilala.com\/fr\/plage-de-royan\/\" target=\"_blank\" rel=\"noopener\"><strong>D\u00e9couvrez royan plage, la plage de Royan<\/strong><\/a>, et\u00a0<a href=\"https:\/\/loclilala.com\/fr\/plages-de-royan-cote-de-beaute\/\" target=\"_blank\" rel=\"noopener\"><strong>toutes les plages de Royan et ses environs<\/strong><\/a>.<\/p>\t\t\t\t\t\t\t\t<\/div>\n\t\t\t\t<\/div>\n\t\t\t\t\t<\/div>\n\t\t\t\t<\/div>\n\t\t<div class=\"elementor-element elementor-element-fe4e325 e-flex e-con-boxed e-con e-parent\" data-id=\"fe4e325\" data-element_type=\"container\" data-e-type=\"container\">\n\t\t\t\t\t<div class=\"e-con-inner\">\n\t\t\t\t<div class=\"elementor-element elementor-element-58d453f elementor-widget elementor-widget-text-editor\" data-id=\"58d453f\" data-element_type=\"widget\" data-e-type=\"widget\" data-widget_type=\"text-editor.default\">\n\t\t\t\t\t\t\t\t\t<p style=\"text-align: center;\"><strong><em>Meschers<\/em><\/strong><em>, un ancien village de p\u00eacheurs, avec ses jolies \u00a0plages, est devenue une station baln\u00e9aire familiale \u00e0 l\u2019\u00e9cart des plages tr\u00e8s fr\u00e9quent\u00e9es de la c\u00f4te de beaut\u00e9.<\/em><\/p>\t\t\t\t\t\t\t\t<\/div>\n\t\t\t\t\t<\/div>\n\t\t\t\t<\/div>\n\t\t<aside class=\"elementor-element elementor-element-fe42f82 e-flex e-con-boxed e-con e-parent\" data-id=\"fe42f82\" data-element_type=\"container\" data-e-type=\"container\">\n\t\t\t\t\t<div class=\"e-con-inner\">\n\t\t\t\t<div class=\"elementor-element elementor-element-aeb4f05 elementor-widget elementor-widget-listeo-posts-grid\" data-id=\"aeb4f05\" data-element_type=\"widget\" data-e-type=\"widget\" data-widget_type=\"listeo-posts-grid.default\">\n\t\t\t\t<div class=\"elementor-widget-container\">\n\t\t\t\t\t\t\t\n\t\t<div class=\"listeo-post-grid-wrapper\">\n\t\t\t<div class=\"row\">\n\n\t\t\t\n\n\t\t\t\t\t\t\t<div class=\"col-md-4\">\n                <a href=\"https:\/\/cparici.com\/de\/conche-de-cadet-a-meschers-sur-gironde\/\" class=\"blog-compact-item-container\">\n                    <div class=\"blog-compact-item\">\n                        <img decoding=\"async\" width=\"577\" height=\"237\" src=\"https:\/\/cparici.com\/wp-content\/uploads\/2021\/02\/conche-de-cadet-banniere-2-e1661431722249.jpg\" class=\"attachment-listeo-blog-related-post size-listeo-blog-related-post wp-post-image\" alt=\"Cadet&#039;s beach in  Meschers sur Gironde\" srcset=\"https:\/\/cparici.com\/wp-content\/uploads\/2021\/02\/conche-de-cadet-banniere-2-e1661431722249.jpg 1351w, https:\/\/cparici.com\/wp-content\/uploads\/2021\/02\/conche-de-cadet-banniere-2-e1661431722249-600x246.jpg 600w, https:\/\/cparici.com\/wp-content\/uploads\/2021\/02\/conche-de-cadet-banniere-2-e1661431722249-768x315.jpg 768w\" sizes=\"(max-width: 577px) 100vw, 577px\" \/><span class=\"blog-item-tag\">Charente maritime<\/span>                        \n                        <div class=\"blog-compact-item-content\">\n                                                        <h3>Conche de Cadet a Meschers sur Gironde<\/h3>\n                                                        <p>La Conche de Cadet est une plage typique situ\u00e9e \u00e0 Meschers Sur Gironde, entre les...                            <\/p>\n                                                    <\/div>\n                    <\/div>\n                <\/a>\n            <\/div>\n\t\t\t<div class=\"col-md-4\">\n                <a href=\"https:\/\/cparici.com\/de\/plages-de-royan-cote-de-beaute\/\" class=\"blog-compact-item-container\">\n                    <div class=\"blog-compact-item\">\n                        <img decoding=\"async\" width=\"577\" height=\"230\" src=\"https:\/\/cparici.com\/wp-content\/uploads\/2021\/05\/st-palais-banniere.jpg\" class=\"attachment-listeo-blog-related-post size-listeo-blog-related-post wp-post-image\" alt=\"plages de royan - photo d&#039;une des plus belles conche de Royan Plage\" srcset=\"https:\/\/cparici.com\/wp-content\/uploads\/2021\/05\/st-palais-banniere.jpg 1500w, https:\/\/cparici.com\/wp-content\/uploads\/2021\/05\/st-palais-banniere-600x239.jpg 600w, https:\/\/cparici.com\/wp-content\/uploads\/2021\/05\/st-palais-banniere-768x306.jpg 768w\" sizes=\"(max-width: 577px) 100vw, 577px\" \/><span class=\"blog-item-tag\">Charente maritime<\/span>                        \n                        <div class=\"blog-compact-item-content\">\n                                                        <h3>Plages de Royan c\u00f4te de beaut\u00e9<\/h3>\n                                                        <p>Les plages de Royan c\u00f4te de beaut\u00e9 sont situ\u00e9es en Charente maritime, sur l'Oc\u00e9an atlantique....                            <\/p>\n                                                    <\/div>\n                    <\/div>\n                <\/a>\n            <\/div>\n\t\t\t<div class=\"col-md-4\">\n                <a href=\"https:\/\/cparici.com\/de\/port-de-meschers-sur-gironde\/\" class=\"blog-compact-item-container\">\n                    <div class=\"blog-compact-item\">\n                        <img decoding=\"async\" width=\"577\" height=\"210\" src=\"https:\/\/cparici.com\/wp-content\/uploads\/2021\/02\/port-meschers-banniere.jpg\" class=\"attachment-listeo-blog-related-post size-listeo-blog-related-post wp-post-image\" alt=\"port meschers\" srcset=\"https:\/\/cparici.com\/wp-content\/uploads\/2021\/02\/port-meschers-banniere.jpg 2520w, https:\/\/cparici.com\/wp-content\/uploads\/2021\/02\/port-meschers-banniere-600x218.jpg 600w, https:\/\/cparici.com\/wp-content\/uploads\/2021\/02\/port-meschers-banniere-768x279.jpg 768w\" sizes=\"(max-width: 577px) 100vw, 577px\" \/><span class=\"blog-item-tag\">Charente maritime<\/span>                        \n                        <div class=\"blog-compact-item-content\">\n                                                        <h3>Port de Meschers sur Gironde<\/h3>\n                                                        <p>Le port de Meschers est un petit port de plaisance situ\u00e9 dans l'estuaire de la...                            <\/p>\n                                                    <\/div>\n                    <\/div>\n                <\/a>\n            <\/div>\n  <\/div>\n        <\/div>\n        \t\t\t\t<\/div>\n\t\t\t\t<\/div>\n\t\t\t\t\t<\/div>\n\t\t\t\t<\/aside>\n\t\t\t\t<\/div>\n\t\t","protected":false},"excerpt":{"rendered":"<p>Plage de Suzac &#8211; D\u00e9couvrez toutes les informations pratiques pour profiter de cette conche a Meschers sur la c\u00f4te de beaut\u00e9<\/p>","protected":false},"author":1,"featured_media":14637,"comment_status":"closed","ping_status":"closed","sticky":false,"template":"","format":"image","meta":{"ngg_post_thumbnail":0,"footnotes":""},"categories":[459,461,477],"tags":[191,312,189,222,395,396],"class_list":["post-14618","post","type-post","status-publish","format-image","has-post-thumbnail","hentry","category-meschers-sur-gironde","category-charente-maritime","category-france","tag-charente-maritime","tag-cote-de-beaute","tag-meschers","tag-meschers-sur-gironde","tag-plage-de-suzac","tag-suzac","post_format-post-format-image"],"_links":{"self":[{"href":"https:\/\/cparici.com\/de\/wp-json\/wp\/v2\/posts\/14618","targetHints":{"allow":["GET"]}}],"collection":[{"href":"https:\/\/cparici.com\/de\/wp-json\/wp\/v2\/posts"}],"about":[{"href":"https:\/\/cparici.com\/de\/wp-json\/wp\/v2\/types\/post"}],"author":[{"embeddable":true,"href":"https:\/\/cparici.com\/de\/wp-json\/wp\/v2\/users\/1"}],"replies":[{"embeddable":true,"href":"https:\/\/cparici.com\/de\/wp-json\/wp\/v2\/comments?post=14618"}],"version-history":[{"count":0,"href":"https:\/\/cparici.com\/de\/wp-json\/wp\/v2\/posts\/14618\/revisions"}],"wp:featuredmedia":[{"embeddable":true,"href":"https:\/\/cparici.com\/de\/wp-json\/wp\/v2\/media\/14637"}],"wp:attachment":[{"href":"https:\/\/cparici.com\/de\/wp-json\/wp\/v2\/media?parent=14618"}],"wp:term":[{"taxonomy":"category","embeddable":true,"href":"https:\/\/cparici.com\/de\/wp-json\/wp\/v2\/categories?post=14618"},{"taxonomy":"post_tag","embeddable":true,"href":"https:\/\/cparici.com\/de\/wp-json\/wp\/v2\/tags?post=14618"}],"curies":[{"name":"wp","href":"https:\/\/api.w.org\/{rel}","templated":true}]}}