{"id":14850,"date":"2022-09-06T13:27:41","date_gmt":"2022-09-06T13:27:41","guid":{"rendered":"https:\/\/cparici.com\/?p=14850"},"modified":"2026-03-26T14:22:35","modified_gmt":"2026-03-26T13:22:35","slug":"strand-von-dourveil-a-nevez-in-finistere","status":"publish","type":"post","link":"https:\/\/cparici.com\/de\/plage-de-dourveil-a-nevez-en-finistere\/","title":{"rendered":"Strand von Dourveil in N\u00e9vez im Finist\u00e8re"},"content":{"rendered":"\t\t<div data-elementor-type=\"wp-post\" data-elementor-id=\"14850\" class=\"elementor elementor-14850\" data-elementor-post-type=\"post\">\n\t\t\t\t<div class=\"elementor-element elementor-element-6287677 e-con-full e-flex e-con e-parent\" data-id=\"6287677\" data-element_type=\"container\" data-e-type=\"container\">\n\t\t\t\t<div class=\"elementor-element elementor-element-d4244e0 elementor-widget elementor-widget-image\" data-id=\"d4244e0\" data-element_type=\"widget\" data-e-type=\"widget\" data-widget_type=\"image.default\">\n\t\t\t\t\t\t\t\t\t\t\t\t\t\t\t<img decoding=\"async\" width=\"1520\" height=\"376\" src=\"https:\/\/cparici.com\/wp-content\/uploads\/2022\/09\/plage-de-dourveil-a-nevez-en-finistere-banniere.jpg\" class=\"attachment-full size-full wp-image-14853\" alt=\"plage de dourveil a nevez -visiter le finistere\" srcset=\"https:\/\/cparici.com\/wp-content\/uploads\/2022\/09\/plage-de-dourveil-a-nevez-en-finistere-banniere.jpg 1520w, https:\/\/cparici.com\/wp-content\/uploads\/2022\/09\/plage-de-dourveil-a-nevez-en-finistere-banniere-600x148.jpg 600w, https:\/\/cparici.com\/wp-content\/uploads\/2022\/09\/plage-de-dourveil-a-nevez-en-finistere-banniere-768x189.jpg 768w\" sizes=\"(max-width: 1520px) 100vw, 1520px\" \/>\t\t\t\t\t\t\t\t\t\t\t\t\t\t\t<\/div>\n\t\t\t\t<\/div>\n\t\t<div class=\"elementor-element elementor-element-0efa966 e-flex e-con-boxed e-con e-parent\" data-id=\"0efa966\" data-element_type=\"container\" data-e-type=\"container\">\n\t\t\t\t\t<div class=\"e-con-inner\">\n\t\t\t\t<div class=\"elementor-element elementor-element-810b6a8 elementor-widget elementor-widget-global elementor-global-62046 elementor-widget-eael-advanced-search\" data-id=\"810b6a8\" data-element_type=\"widget\" data-e-type=\"widget\" data-widget_type=\"eael-advanced-search.default\">\n\t\t\t\t\t        <div class=\"eael-adv-search-wrapper\">\n            <div id=\"eael-advanced-search-widget-810b6a8\" class=\"eael-advanced-search-widget\">\n                <form data-settings=\"{&quot;post_per_page&quot;:5,&quot;search_among_taxonomies&quot;:&quot;&quot;,&quot;search_among_sku&quot;:&quot;no&quot;,&quot;show_popular_keyword&quot;:0,&quot;show_category&quot;:0,&quot;show_content_image&quot;:1,&quot;show_search_result_all_results&quot;:0,&quot;result_on_new_tab&quot;:&quot;no&quot;,&quot;show_product_price&quot;:&quot;no&quot;,&quot;include_current_page&quot;:&quot;no&quot;,&quot;current_post_id&quot;:14850,&quot;post_type&quot;:[&quot;post&quot;,&quot;listing&quot;]}\" method=\"POST\" name=\"eael-advanced-search-form-810b6a8\" class=\"eael-advanced-search-form eael-advanced-search-form-style-2\">\n                    <div class=\"eael-advanced-search-wrap\">\n                        <span class=\"eael-adv-search-loader\"><\/span>\n                        <span class=\"eael-adv-search-close\"><i class=\"fas fa-times\"><\/i><\/span>\n                        <span class=\"icon \"><i class=\"fas fa-search\"><\/i><\/span>\n\n                        <input type=\"text\"\n                               placeholder=\"Votre destination\"\n                               class=\"eael-advanced-search\" autocomplete=\"off\" name=\"eael_advanced_search\">\n                    <\/div>\n\t\t\t\t\t                                    <\/form>\n\n\t\t\t\t\n\t\t\t\t        <div class=\"eael-advanced-search-result\">\n            <div class=\"eael-advanced-search-popular-keyword\">\n\t\t\t\t<h4 class=\"eael-advanced-search-popular-keyword-text\">Recherches populaires<\/h4>                <div class=\"eael-popular-keyword-content\"><\/div>\n            <\/div>\n            <div class=\"eael-advanced-search-category\">\n\t\t\t\t<h4 class=\"eael-advanced-search-category-text\">Categories<\/h4>                <div class=\"eael-popular-category-content\"><\/div>\n            <\/div>\n\t\t\t<div class=\"eael-advanced-search-total-results-section\">\n\t\t\t\t\t\t\t<\/div>\n            <div class=\"eael-advanced-search-content eael-item-style-3\">\n            <\/div>\n            <div class=\"eael-advanced-search-not-found\">\n                <p>Pas de r\u00e9sultats<\/p><\/div>\n            <div class=\"eael-advanced-search-load-more\">\n\t\t\t\t<a \tclass=\"eael-advanced-search-load-more-button\"\n                \thref=\"#\">Voir tous les r\u00e9sultats<\/a>\n            <\/div>\n        <\/div>\n\n\t\t            <\/div>\n        <\/div>\n\n\t\t\t\t\t\t<\/div>\n\t\t\t\t\t<\/div>\n\t\t\t\t<\/div>\n\t\t<div class=\"elementor-element elementor-element-5ab2b0a8 e-flex e-con-boxed e-con e-parent\" data-id=\"5ab2b0a8\" data-element_type=\"container\" data-e-type=\"container\">\n\t\t\t\t\t<div class=\"e-con-inner\">\n\t\t\t\t<div class=\"elementor-element elementor-element-6a560ab6 elementor-widget elementor-widget-text-editor\" data-id=\"6a560ab6\" data-element_type=\"widget\" data-e-type=\"widget\" data-widget_type=\"text-editor.default\">\n\t\t\t\t\t\t\t\t\t<h1 style=\"text-align: center;\"><span style=\"font-size: 18pt; color: #003366;\">Plage de Dourveil<\/span><\/h1><h2 style=\"text-align: center;\"><span style=\"font-size: 14pt; color: #003366;\">D\u00e9couvrez la Plage de Dourveil \u00e0 Nevez en finist\u00e8re<\/span><\/h2><p><span style=\"font-size: 12pt;\"><span style=\"color: #003366;\"><strong>La plage de Dourveil \u00e0 N\u00e9vez dans le finist\u00e8re<\/strong><\/span>\u00a0 est situ\u00e9e\u00a0 entre les communes de Tr\u00e9gunc et Pont-Aven,\u00a0dans le Finisit\u00e8re sur la commune de N\u00e9vez, en Bretagne sud,\u00a0et pas tr\u00e8s loin de la ville de Concarneau. <\/span><\/p>\t\t\t\t\t\t\t\t<\/div>\n\t\t\t\t\t<\/div>\n\t\t\t\t<\/div>\n\t\t<aside class=\"elementor-element elementor-element-145fa895 e-flex e-con-boxed e-con e-parent\" data-id=\"145fa895\" data-element_type=\"container\" data-e-type=\"container\" data-settings=\"{&quot;background_background&quot;:&quot;classic&quot;}\">\n\t\t\t\t\t<div class=\"e-con-inner\">\n\t\t\t\t<div class=\"elementor-element elementor-element-15d31de4 elementor-widget elementor-widget-spacer\" data-id=\"15d31de4\" data-element_type=\"widget\" data-e-type=\"widget\" data-widget_type=\"spacer.default\">\n\t\t\t\t\t\t\t<div class=\"elementor-spacer\">\n\t\t\t<div class=\"elementor-spacer-inner\"><\/div>\n\t\t<\/div>\n\t\t\t\t\t\t<\/div>\n\t\t\t\t<div class=\"elementor-element elementor-element-70febf63 elementor-widget elementor-widget-heading\" data-id=\"70febf63\" data-element_type=\"widget\" data-e-type=\"widget\" data-widget_type=\"heading.default\">\n\t\t\t\t\t<h2 class=\"elementor-heading-title elementor-size-default\">H\u00e9bergements de Vacances N\u00e9vez en direct<\/h2>\t\t\t\t<\/div>\n\t\t\t\t<div class=\"elementor-element elementor-element-dc5ae5c elementor-widget elementor-widget-listeo-listings-carousel\" data-id=\"dc5ae5c\" data-element_type=\"widget\" data-e-type=\"widget\" data-widget_type=\"listeo-listings-carousel.default\">\n\t\t\t\t<div class=\"elementor-widget-container\">\n\t\t\t\t\t        <!-- Carousel \/ Start -->\n        \t<div class=\"simple-slick-carousel dots-nav\" data-slick='{&quot;autoplay&quot;:true,&quot;autoplaySpeed&quot;:3000,&quot;slidesToShow&quot;:3,&quot;slidesToScroll&quot;:1,&quot;responsive&quot;:[{&quot;breakpoint&quot;:1024,&quot;settings&quot;:{&quot;slidesToShow&quot;:2,&quot;slidesToScroll&quot;:1}},{&quot;breakpoint&quot;:768,&quot;settings&quot;:{&quot;slidesToShow&quot;:1,&quot;slidesToScroll&quot;:1}}]}'>\n                            <div class=\"fw-carousel-item\">                    \n                        <!-- Listing Item -->\r\n            <div class=\"col-lg-6 col-md-12\">\r\n                <a href=\"https:\/\/cparici.com\/de\/annonce\/le-rospico-appartement-vue-mer-nevez\/\"  class=\"listing-item-container listing-geo-data compact\" \r\n\t\tdata-title=\"Le Rospico, Appartement Vue Mer N\u00e9vez\"\r\n\t\tdata-listing-type=\"rental\"\r\n\t\tdata-classifieds-price=\"\u20ac\"\r\n\t\tdata-friendly-address=\"Plage de Rospico, N\u00e9vez\"\r\n\t\tdata-address=\"Plage de Rospico, N\u00e9vez\"\r\n\t\tdata-image=\"https:\/\/cparici.com\/wp-content\/uploads\/2026\/03\/anse-de-rospico-520x397.jpg\"\r\n\t\tdata-longitude=\"-3.765314324812224\"\r\n\t\tdata-latitude=\"47.79152794554884\"\r\n\t\t\t\t\tdata-rating=\"0\"\r\n\t\t\tdata-reviews=\"0\"\r\n\t\t\t\tdata-icon=\"<svg xmlns=&quot;http:\/\/www.w3.org\/2000\/svg&quot; width=&quot;800px&quot; height=&quot;800px&quot; viewBox=&quot;0 0 45 45&quot; fill=&quot;none&quot;>\n<path d=&quot;M24.155 8.78099L24.33 8.94499L37.402 21.787L36 23.213L34.2 21.445L34.201 35C34.201 36.054 33.385 36.918 32.35 36.994L32.201 37H12.201C11.147 37 10.283 36.184 10.206 35.149L10.201 35L10.2 21.446L8.402 23.213L7 21.787L20.058 8.95799C21.171 7.82199 22.966 7.75899 24.155 8.78099ZM21.569 10.285L21.473 10.372L12.2 19.481L12.201 35L17.2 34.999L17.201 25C17.201 23.946 18.017 23.082 19.052 23.005L19.201 23H25.201C26.255 23 27.119 23.816 27.196 24.851L27.201 25L27.2 34.999L32.201 35L32.2 19.48L22.901 10.344C22.537 9.98699 21.969 9.96499 21.569 10.285ZM25.201 25H19.201L19.2 34.999H25.2L25.201 25Z&quot; fill=&quot;#3C3C3C&quot;\/>\n<\/svg>\"\r\n\r\n\t>\r\n            <div class=\"listing-item  \">\r\n                <div class=\"listing-small-badges-container\">\r\n                                                                <div class=\"listing-small-badge pricing-badge\"><i class=\"fa fa-tag\"><\/i>160,00\u20ac - 0,00\u20ac<\/div>\r\n                                                            \r\n                                        \r\n                                        \r\n                <\/div>\r\n                <img decoding=\"async\" src=\"https:\/\/cparici.com\/wp-content\/uploads\/2026\/03\/anse-de-rospico-520x397.jpg\" alt=\"Le Rospico, Appartement Vue Mer N\u00e9vez\" class=\"listing-thumbnail\">\r\n                \r\n\r\n                <div class=\"listing-item-content\">\r\n                    \r\n                    <h3> Le Rospico, Appartement Vue Mer N\u00e9vez <\/h3>\r\n                    <span>Plage de Rospico, N\u00e9vez<\/span>\r\n                <\/div>\r\n                                        <span class=\"save like-icon tooltip left\" title=\"Login To Bookmark Items\"><\/span>\r\n                                                <\/div>\r\n        <\/a>\r\n                    <\/div>\r\n        \r\n\r\n        <!-- Listing Item \/ End -->\n                    <\/div>\n                          <\/div>\n        \t\t\t\t<\/div>\n\t\t\t\t<\/div>\n\t\t\t\t\t<\/div>\n\t\t\t\t<\/aside>\n\t\t<div class=\"elementor-element elementor-element-ea551a9 e-flex e-con-boxed e-con e-parent\" data-id=\"ea551a9\" data-element_type=\"container\" data-e-type=\"container\">\n\t\t\t\t\t<div class=\"e-con-inner\">\n\t\t\t\t<div class=\"elementor-element elementor-element-2805a99 elementor-widget elementor-widget-text-editor\" data-id=\"2805a99\" data-element_type=\"widget\" data-e-type=\"widget\" data-widget_type=\"text-editor.default\">\n\t\t\t\t\t\t\t\t\t<h2><span style=\"font-size: 14pt;\">O\u00f9 est situ\u00e9e la plage de Dourveil?<\/span><\/h2><p><span style=\"font-size: 12pt;\">Elle se situe dans le bas du village de Ragu\u00e9nez, sur la route c\u00f4ti\u00e8re qui m\u00e8ne \u00e0 la pointe de Tr\u00e9vignon, tout pr\u00e8s du village de chaumi\u00e8res de Kercanic, plus exactement au croisement du boulevard de la corniche, et de la corniche des Gl\u00e9nan.<\/span><\/p><h2><span style=\"font-size: 14pt;\">Que faire \u00e0 la plage de Dourveil?<\/span><\/h2><p><span style=\"font-size: 12pt;\">La plage de Dourveil est une jolie plage de sable fin de <a href=\"https:\/\/cparici.com\/fr\/bretagne-nevez\/\">la commune de N\u00e9vez<\/a>, qui n\u2019a rien \u00e0 envier aux plages celles de <a href=\"https:\/\/cparici.com\/fr\/plage-de-tahiti-raguenez-a-nevez-en-finistere\/\">Tahiti-Ragu\u00e9nez<\/a>, de <a href=\"https:\/\/cparici.com\/fr\/plage-de-port-manech-a-nevez-en-finistere\/\">Port Manec\u2019h<\/a>, ou encore celle de <a href=\"https:\/\/cparici.com\/fr\/plage-de-rospico-a-nevez-finistere\/\">Rospico<\/a>. C\u2019est une plage anim\u00e9e, facile d\u2019acc\u00e9s et qui satisfaira toute la famille: surf, paddle, longboard, plong\u00e9e ou bain de soleil\u2026 \u00a0<\/span><\/p><p><span style=\"font-size: 12pt;\">La plage s\u2019\u00e9tend sur un peu plus de 300m, mais n\u2019est pas tr\u00e8s profonde. Ell est entour\u00e9e de rochers, desquels, en saison quelques jeunes s\u2019amusent \u00e0 plonger.<\/span><\/p><h2><span style=\"font-size: 14pt;\">Comment acc\u00e9der \u00e0 la page de Dourveil?<\/span><\/h2><p><span style=\"font-size: 12pt;\">Vous pouvez y acc\u00e9der facilement depuis la ville de N\u00e9vez, en traversant le village de Kercanic en v\u00e9lo, \u00e0 pied, ou en voiture, ou bien en passant par le village de Kerstalen et Ragu\u00e9nez.\u00a0 Vous pouvez aussi y acc\u00e9der en passant par la route c\u00f4ti\u00e8re qui vient de la commune de Tr\u00e9gunc et de la pointe de Tr\u00e9vignon.<\/span><\/p><p><span style=\"font-size: 12pt;\">Vous pouvez aussi vous y rendre en quelques minutes depuis la plage de Ragu\u00e9nez, en empruntant le sentier c\u00f4tier, ou bien la corniche des Gl\u00e9nan.<\/span><\/p><h3>\u00a0<\/h3>\t\t\t\t\t\t\t\t<\/div>\n\t\t\t\t\t<\/div>\n\t\t\t\t<\/div>\n\t\t<div class=\"elementor-element elementor-element-23b6d60 e-flex e-con-boxed e-con e-parent\" data-id=\"23b6d60\" data-element_type=\"container\" data-e-type=\"container\">\n\t\t\t\t\t<div class=\"e-con-inner\">\n\t\t\t\t<div class=\"elementor-element elementor-element-b284137 elementor-widget elementor-widget-text-editor\" data-id=\"b284137\" data-element_type=\"widget\" data-e-type=\"widget\" data-widget_type=\"text-editor.default\">\n\t\t\t\t\t\t\t\t\t<h3 style=\"text-align: left;\"><span style=\"font-family: Raleway; font-size: 24px; font-weight: normal; text-align: start;\">O\u00f9 se stationner pr\u00e8s de la plage de Dourveil?<\/span><\/h3><p><span style=\"font-size: 12pt;\">Vous pouvez vous stationner sur le parking situ\u00e9 au croisement de la corniche des Gl\u00e9nan et du boulevard de la Corniche, le stationnement est gratuit.<\/span><\/p><p><span style=\"font-size: 12pt;\">Vous pouvez aussi vous garer un peu plus loin sur la corniche des Gl\u00e9nan.<\/span><\/p><h3>Quelle est la longueur de la plage de Dourveil?<\/h3><p><span style=\"font-size: 12pt;\">La plage de Dourveil mesure un peu plus de 300 m\u00e8tres, et de la plage on peut voir par beau temps les \u00eeles des Gl\u00e9nan.<\/span><\/p><h2><span style=\"font-size: 14pt;\">Pourquoi on aime la plage de Dourveil \u00e0 N\u00e9vez dans le finist\u00e8re<\/span><\/h2><p><span style=\"font-size: 12pt;\">La plage de Dourveil est une jolie plage de sable fin, assez anim\u00e9e en saison, surtout du 15 juillet au 15 aout, avec une ambiance qui reste familiale. La plage de Dourveil dispose d\u2019une \u00e9cole de surf, et de paddle.<\/span><\/p><p><span style=\"font-size: 12pt;\">La mer reste calme la plupart du temps, mais lorsqu\u2019il y a de la houle, il est possible de surfer. L\u2019eau est la plupart du temps claire, ce qui permet de faire de la plong\u00e9e, voire de p\u00eacher.<\/span><\/p><h3>Peut-on se baigner \u00e0 la plage de Dourveil?<\/h3><p><span style=\"font-size: 12pt;\">Oui, bien s\u00fbr, mais il faut faire attention,\u00a0 la baignade n\u2019est pas surveill\u00e9e en saison estivale.\u00a0<\/span>[\/vc_column_text][vc_column_text]<\/p><h2><span style=\"font-size: 14pt;\">Que faire \u00e0 proximit\u00e9 de la plage de Dourveil?<\/span><\/h2><p><span style=\"font-size: 12pt;\">Pour d\u00e9couvrir les communes de Tr\u00e9gunc et N\u00e9vez, la plage de Douveil est id\u00e9alement situ\u00e9e, puisqu\u2019elle est \u00e0 cheval sur les deux communes.<\/span><\/p><p><span style=\"font-size: 12pt;\">D\u2019un c\u00f4t\u00e9, vous pouvez vous rendre sur la commune de Tr\u00e9gunc, et d\u00e9couvrir la plage de Kersidan, le village de St Philibert, et la pointe de Tr\u00e9vignon ( ses plages, son port, ses bars et restaurants, sa vente \u00e0 la cri\u00e9e).<\/span><\/p><p><span style=\"font-size: 12pt;\">De l\u2019autre c\u00f4t\u00e9, vous pourrez visiter la ville de N\u00e9vez et ses belles plages de sable fin, ses villages de chaumi\u00e8re, et les rives de l\u2019Aven qui vous m\u00e8neront jusqu\u00e0 la ville de Pont Aven, et ses galeries de peinture et d\u2019art.<\/span><\/p><p><span style=\"font-size: 12pt;\">De la plage de Dourveil, vous pouvez aussi vous rendre en quelques minutes \u00e0 la cale de Ragu\u00e9nez, en face de la presqu\u2019\u00eele du m\u00eame nom, et de l\u2019\u00eele verte.<\/span><\/p><p><span style=\"font-size: 12pt;\">Non loin de la plage de Dourveil, vous pourrez aussi visiter le village de chaumi\u00e8res de Kercanic.<\/span><\/p><p><span style=\"font-size: 12pt;\">Vous pouvez profiter du sentier c\u00f4tier et faire une balade \u00e0 pied en longeant le sentier c\u00f4tier\u00a0 ( c\u2019est aussi le GR 34) qui surplombe l\u2019oc\u00e9an, et vous rendre \u00e0 la plage de Kersidan, ou la plage du cor des Gl\u00e9nan.<\/span><\/p><p><span style=\"font-size: 12pt;\">Il est aussi possible d\u2019effectuer des\u00a0 promenades \u00e0 v\u00e9lo, en suivant le circuit de la N\u00e9vezienne, 18 km en v\u00e9lo qui vous permettent de d\u00e9couvrir\u00a0 N\u00e9vez, son territoire, et ses plus beaux atouts culturels, et paysagers.<\/span><\/p><h2><span style=\"font-size: 14pt;\">R\u00e9d\u00e9couvrir la ville de N\u00e9vez?<\/span><\/h2><p><span style=\"font-size: 12pt;\">La ville de N\u00e9vez est connue pour ses plages de sable fin, et ses eaux bleues pr\u00e9serv\u00e9es. Elle se situe id\u00e9alement entreTr\u00e9gunc et Pont-Aven.<\/span><\/p><p><span style=\"font-size: 12pt;\">De Port Manech ou de la pointe de Tr\u00e9vignon, vous pouvez embarquer pour l\u2019archipel des Gl\u00e9nan, ou la ville de Pont-Aven, ville des peintres.<\/span><\/p><p><span style=\"font-size: 12pt;\">Bien s\u00fbr, comme expliqu\u00e9 ci-dessus, vous pourrez profiter de ses plages , la plage de Rospico, la plage de Port Manec\u2019h, ou encore celles de Tahiti, Ragu\u00e9nez, Kersidan, Dourvei, mais aussi de ses nombreuses activit\u00e9s, de son march\u00e9\u2026<\/span><\/p><p><span style=\"font-size: 12pt;\">Mais n\u2019oubliez pas de prendre le temps de (re) d\u00e9couvrir l\u2019architecture des maisons n\u00e9o-bretonnes, celle des chaumi\u00e8res ( de Kereascoet ou Kercanic), ou encore les \u00e9l\u00e9ments culturels et de patrimoine breton.<\/span><\/p><p>Port Manech<\/p><p><span style=\"font-size: 12pt;\">Port Manec\u2019h est un village qui fait partie de la commune de N\u00e9vez, et se trouve \u00e0 l\u2019embouchure de l\u2019Aven. Il dispose d\u2019un belle plage, avec une vue imprenable sur l\u2019embouchure de l\u2019Aven et du Belon, et d\u2019un port, qui fut auparavant celui des p\u00eacheurs \u00e0 la sardine. Port Manech connut ses heures de gloire \u00e0 la Belle Epoque, et il reste toujours les cabines de bain en bois pour t\u00e9moigner de ce glorieux pass\u00e9.<\/span><\/p><p><span style=\"font-size: 12pt;\">Ici encore, un peintre tr\u00e8s connu, Paul Gauguin, aimait \u00e0 venir peindre des p\u00eacheurs ou des femmes en coiffe bretonne; lorsqu\u2019il s\u00e9journait \u00e0 Pont-Aven.<\/span><\/p><p style=\"text-align: center; font-size: 16px;\"><em><span style=\"color: #003366;\"><strong>N\u00e9vez<\/strong><\/span>, est une jolie petite ville de Bretagne Sud en\u00a0 France qui borde l\u2019atlantique. Elle est situ\u00e9e entre les villes de Tr\u00e9gunc et de Pont-Aven.<\/em><\/p><h3 style=\"text-align: center;\">D\u00e9couvrez les alentours de la plage de Dourveil \u00e0 N\u00e9vez en finist\u00e8re<\/h3>\t\t\t\t\t\t\t\t<\/div>\n\t\t\t\t\t<\/div>\n\t\t\t\t<\/div>\n\t\t<div class=\"elementor-element elementor-element-3dbbf0a e-flex e-con-boxed e-con e-parent\" data-id=\"3dbbf0a\" data-element_type=\"container\" data-e-type=\"container\">\n\t\t\t\t\t<div class=\"e-con-inner\">\n\t\t\t\t<div class=\"elementor-element elementor-element-548cb93 elementor-widget elementor-widget-listeo-posts-grid\" data-id=\"548cb93\" data-element_type=\"widget\" data-e-type=\"widget\" data-widget_type=\"listeo-posts-grid.default\">\n\t\t\t\t<div class=\"elementor-widget-container\">\n\t\t\t\t\t\t\t\n\t\t<div class=\"listeo-post-grid-wrapper\">\n\t\t\t<div class=\"row\">\n\n\t\t\t\n\n\t\t\t\t\t\t\t<div class=\"col-md-4\">\n                <a href=\"https:\/\/cparici.com\/de\/location-vacances-tregunc\/\" class=\"blog-compact-item-container\">\n                    <div class=\"blog-compact-item\">\n                        <img decoding=\"async\" width=\"577\" height=\"385\" src=\"https:\/\/cparici.com\/wp-content\/uploads\/2024\/05\/trevignon-plage.jpg\" class=\"attachment-listeo-blog-related-post size-listeo-blog-related-post wp-post-image\" alt=\"location vacances tr\u00e9gunc\" srcset=\"https:\/\/cparici.com\/wp-content\/uploads\/2024\/05\/trevignon-plage.jpg 2356w, https:\/\/cparici.com\/wp-content\/uploads\/2024\/05\/trevignon-plage-600x400.jpg 600w, https:\/\/cparici.com\/wp-content\/uploads\/2024\/05\/trevignon-plage-300x200.jpg 300w, https:\/\/cparici.com\/wp-content\/uploads\/2024\/05\/trevignon-plage-1024x683.jpg 1024w, https:\/\/cparici.com\/wp-content\/uploads\/2024\/05\/trevignon-plage-768x512.jpg 768w, https:\/\/cparici.com\/wp-content\/uploads\/2024\/05\/trevignon-plage-1536x1024.jpg 1536w, https:\/\/cparici.com\/wp-content\/uploads\/2024\/05\/trevignon-plage-2048x1366.jpg 2048w, https:\/\/cparici.com\/wp-content\/uploads\/2024\/05\/trevignon-plage-240x160.jpg 240w\" sizes=\"(max-width: 577px) 100vw, 577px\" \/><span class=\"blog-item-tag\">Bretagne<\/span>                        \n                        <div class=\"blog-compact-item-content\">\n                                                        <h3>Location Vacances Tr\u00e9gunc<\/h3>\n                                                        <p>Location Vacances Tr\u00e9gunc Invit\u00e9s Invit\u00e9s 1 2 3 4 5 6 7 8 9 10...                            <\/p>\n                                                    <\/div>\n                    <\/div>\n                <\/a>\n            <\/div>\n\t\t\t<div class=\"col-md-4\">\n                <a href=\"https:\/\/cparici.com\/de\/visiter-tregunc\/\" class=\"blog-compact-item-container\">\n                    <div class=\"blog-compact-item\">\n                        <img decoding=\"async\" width=\"577\" height=\"226\" src=\"https:\/\/cparici.com\/wp-content\/uploads\/2024\/04\/Tregunc-577x226.jpg\" class=\"attachment-listeo-blog-related-post size-listeo-blog-related-post wp-post-image\" alt=\"Tregunc guide de visite\" srcset=\"https:\/\/cparici.com\/wp-content\/uploads\/2024\/04\/Tregunc-577x226.jpg 577w, https:\/\/cparici.com\/wp-content\/uploads\/2024\/04\/Tregunc-300x117.jpg 300w, https:\/\/cparici.com\/wp-content\/uploads\/2024\/04\/Tregunc-768x300.jpg 768w, https:\/\/cparici.com\/wp-content\/uploads\/2024\/04\/Tregunc-590x231.jpg 590w, https:\/\/cparici.com\/wp-content\/uploads\/2024\/04\/Tregunc-600x235.jpg 600w, https:\/\/cparici.com\/wp-content\/uploads\/2024\/04\/Tregunc.jpg 800w\" sizes=\"(max-width: 577px) 100vw, 577px\" \/><span class=\"blog-item-tag\">Bretagne<\/span>                        \n                        <div class=\"blog-compact-item-content\">\n                                                        <h3>Visiter Tr\u00e9gunc \u2013 guide complet des activit\u00e9s et sites incontournables<\/h3>\n                                                        <p>Vous voulez visiter Tregunc ? Ne manquez pas ce guide complet qui vous pr\u00e9sente les...                            <\/p>\n                                                    <\/div>\n                    <\/div>\n                <\/a>\n            <\/div>\n\t\t\t<div class=\"col-md-4\">\n                <a href=\"https:\/\/cparici.com\/de\/trevignon-pointe-de-trevignon-a-tregunc-en-finistere\/\" class=\"blog-compact-item-container\">\n                    <div class=\"blog-compact-item\">\n                        <img decoding=\"async\" width=\"577\" height=\"167\" src=\"https:\/\/cparici.com\/wp-content\/uploads\/2022\/09\/Trevignon-Pointe-de-Trevignon-a-Tregunc-en-finistere-banniere.jpg\" class=\"attachment-listeo-blog-related-post size-listeo-blog-related-post wp-post-image\" alt=\"Trevignon - Pointe de Tr\u00e9vignon \u00e0 Tr\u00e9gunc en finist\u00e8re\" srcset=\"https:\/\/cparici.com\/wp-content\/uploads\/2022\/09\/Trevignon-Pointe-de-Trevignon-a-Tregunc-en-finistere-banniere.jpg 1520w, https:\/\/cparici.com\/wp-content\/uploads\/2022\/09\/Trevignon-Pointe-de-Trevignon-a-Tregunc-en-finistere-banniere-600x174.jpg 600w, https:\/\/cparici.com\/wp-content\/uploads\/2022\/09\/Trevignon-Pointe-de-Trevignon-a-Tregunc-en-finistere-banniere-768x222.jpg 768w, https:\/\/cparici.com\/wp-content\/uploads\/2022\/09\/Trevignon-Pointe-de-Trevignon-a-Tregunc-en-finistere-banniere-350x100.jpg 350w\" sizes=\"(max-width: 577px) 100vw, 577px\" \/><span class=\"blog-item-tag\">Bretagne<\/span>                        \n                        <div class=\"blog-compact-item-content\">\n                                                        <h3>Trevignon \u2013 Pointe de Tr\u00e9vignon \u00e0 Tr\u00e9gunc en finist\u00e8re<\/h3>\n                                                        <p>Pointe de Tr\u00e9vignon. Cette pointe \u00e0 d\u00e9couvrir se trouve sur la commune de Tr\u00e9gunc, mais...                            <\/p>\n                                                    <\/div>\n                    <\/div>\n                <\/a>\n            <\/div>\n  <\/div>\n        <\/div>\n        \t\t\t\t<\/div>\n\t\t\t\t<\/div>\n\t\t\t\t\t<\/div>\n\t\t\t\t<\/div>\n\t\t\t\t<\/div>\n\t\t","protected":false},"excerpt":{"rendered":"<p>Plage de dourveil a nevez en finistere- Entdecken Sie einen der sch\u00f6nsten Str\u00e4nde von N\u00e9vez, seine Aktivit\u00e4ten, die unglaubliche Aussicht und den feinen Sand.<\/p>","protected":false},"author":1,"featured_media":14853,"comment_status":"closed","ping_status":"closed","sticky":false,"template":"","format":"standard","meta":{"ngg_post_thumbnail":0,"footnotes":""},"categories":[165,478,161,479,477,300,498],"tags":[359,357,360,352,353,358,355,354],"class_list":["post-14850","post","type-post","status-publish","format-standard","has-post-thumbnail","hentry","category-plages","category-bretagne","category-famille","category-finistere","category-france","category-loisirs","category-nevez","tag-aven","tag-bretagne-sud","tag-dourveil","tag-finistere","tag-nevez","tag-port-manech","tag-raguenez","tag-tahiti"],"_links":{"self":[{"href":"https:\/\/cparici.com\/de\/wp-json\/wp\/v2\/posts\/14850","targetHints":{"allow":["GET"]}}],"collection":[{"href":"https:\/\/cparici.com\/de\/wp-json\/wp\/v2\/posts"}],"about":[{"href":"https:\/\/cparici.com\/de\/wp-json\/wp\/v2\/types\/post"}],"author":[{"embeddable":true,"href":"https:\/\/cparici.com\/de\/wp-json\/wp\/v2\/users\/1"}],"replies":[{"embeddable":true,"href":"https:\/\/cparici.com\/de\/wp-json\/wp\/v2\/comments?post=14850"}],"version-history":[{"count":2,"href":"https:\/\/cparici.com\/de\/wp-json\/wp\/v2\/posts\/14850\/revisions"}],"predecessor-version":[{"id":85103,"href":"https:\/\/cparici.com\/de\/wp-json\/wp\/v2\/posts\/14850\/revisions\/85103"}],"wp:featuredmedia":[{"embeddable":true,"href":"https:\/\/cparici.com\/de\/wp-json\/wp\/v2\/media\/14853"}],"wp:attachment":[{"href":"https:\/\/cparici.com\/de\/wp-json\/wp\/v2\/media?parent=14850"}],"wp:term":[{"taxonomy":"category","embeddable":true,"href":"https:\/\/cparici.com\/de\/wp-json\/wp\/v2\/categories?post=14850"},{"taxonomy":"post_tag","embeddable":true,"href":"https:\/\/cparici.com\/de\/wp-json\/wp\/v2\/tags?post=14850"}],"curies":[{"name":"wp","href":"https:\/\/api.w.org\/{rel}","templated":true}]}}