{"id":14982,"date":"2022-09-20T07:32:04","date_gmt":"2022-09-20T07:32:04","guid":{"rendered":"https:\/\/cparici.com\/?p=14982"},"modified":"2026-01-08T16:42:48","modified_gmt":"2026-01-08T15:42:48","slug":"geschlossene-stadt-concarneau-in-finistere","status":"publish","type":"post","link":"https:\/\/cparici.com\/de\/ville-close-de-concarneau-en-finistere\/","title":{"rendered":"Geschlossene Stadt Concarneau in Finistere"},"content":{"rendered":"\t\t<div data-elementor-type=\"wp-post\" data-elementor-id=\"14982\" class=\"elementor elementor-14982\" data-elementor-post-type=\"post\">\n\t\t\t\t<div class=\"elementor-element elementor-element-d7a6798 e-con-full e-flex e-con e-parent\" data-id=\"d7a6798\" data-element_type=\"container\" data-e-type=\"container\">\n\t\t\t\t<div class=\"elementor-element elementor-element-dc5752b elementor-widget elementor-widget-image\" data-id=\"dc5752b\" data-element_type=\"widget\" data-e-type=\"widget\" data-widget_type=\"image.default\">\n\t\t\t\t\t\t\t\t\t\t\t\t\t\t\t<img decoding=\"async\" width=\"1521\" height=\"554\" src=\"https:\/\/cparici.com\/wp-content\/uploads\/2022\/09\/concarneau-banniere-1.jpg\" class=\"attachment-full size-full wp-image-15014\" alt=\"ville close de concarneau\" srcset=\"https:\/\/cparici.com\/wp-content\/uploads\/2022\/09\/concarneau-banniere-1.jpg 1521w, https:\/\/cparici.com\/wp-content\/uploads\/2022\/09\/concarneau-banniere-1-600x219.jpg 600w, https:\/\/cparici.com\/wp-content\/uploads\/2022\/09\/concarneau-banniere-1-768x279.jpg 768w\" sizes=\"(max-width: 1521px) 100vw, 1521px\" \/>\t\t\t\t\t\t\t\t\t\t\t\t\t\t\t<\/div>\n\t\t\t\t<\/div>\n\t\t<div class=\"elementor-element elementor-element-89a73da e-flex e-con-boxed e-con e-parent\" data-id=\"89a73da\" data-element_type=\"container\" data-e-type=\"container\">\n\t\t\t\t\t<div class=\"e-con-inner\">\n\t\t\t\t<div class=\"elementor-element elementor-element-accf09a elementor-widget elementor-widget-global elementor-global-62046 elementor-widget-eael-advanced-search\" data-id=\"accf09a\" data-element_type=\"widget\" data-e-type=\"widget\" data-widget_type=\"eael-advanced-search.default\">\n\t\t\t\t\t        <div class=\"eael-adv-search-wrapper\">\n            <div id=\"eael-advanced-search-widget-accf09a\" class=\"eael-advanced-search-widget\">\n                <form data-settings=\"{&quot;post_per_page&quot;:5,&quot;search_among_taxonomies&quot;:&quot;&quot;,&quot;search_among_sku&quot;:&quot;no&quot;,&quot;show_popular_keyword&quot;:0,&quot;show_category&quot;:0,&quot;show_content_image&quot;:1,&quot;show_search_result_all_results&quot;:0,&quot;result_on_new_tab&quot;:&quot;no&quot;,&quot;show_product_price&quot;:&quot;no&quot;,&quot;include_current_page&quot;:&quot;no&quot;,&quot;current_post_id&quot;:14982,&quot;post_type&quot;:[&quot;post&quot;,&quot;listing&quot;]}\" method=\"POST\" name=\"eael-advanced-search-form-accf09a\" class=\"eael-advanced-search-form eael-advanced-search-form-style-2\">\n                    <div class=\"eael-advanced-search-wrap\">\n                        <span class=\"eael-adv-search-loader\"><\/span>\n                        <span class=\"eael-adv-search-close\"><i class=\"fas fa-times\"><\/i><\/span>\n                        <span class=\"icon \"><i class=\"fas fa-search\"><\/i><\/span>\n\n                        <input type=\"text\"\n                               placeholder=\"Votre destination\"\n                               class=\"eael-advanced-search\" autocomplete=\"off\" name=\"eael_advanced_search\">\n                    <\/div>\n\t\t\t\t\t                                    <\/form>\n\n\t\t\t\t\n\t\t\t\t        <div class=\"eael-advanced-search-result\">\n            <div class=\"eael-advanced-search-popular-keyword\">\n\t\t\t\t<h4 class=\"eael-advanced-search-popular-keyword-text\">Recherches populaires<\/h4>                <div class=\"eael-popular-keyword-content\"><\/div>\n            <\/div>\n            <div class=\"eael-advanced-search-category\">\n\t\t\t\t<h4 class=\"eael-advanced-search-category-text\">Categories<\/h4>                <div class=\"eael-popular-category-content\"><\/div>\n            <\/div>\n\t\t\t<div class=\"eael-advanced-search-total-results-section\">\n\t\t\t\t\t\t\t<\/div>\n            <div class=\"eael-advanced-search-content eael-item-style-3\">\n            <\/div>\n            <div class=\"eael-advanced-search-not-found\">\n                <p>Pas de r\u00e9sultats<\/p><\/div>\n            <div class=\"eael-advanced-search-load-more\">\n\t\t\t\t<a \tclass=\"eael-advanced-search-load-more-button\"\n                \thref=\"#\">Voir tous les r\u00e9sultats<\/a>\n            <\/div>\n        <\/div>\n\n\t\t            <\/div>\n        <\/div>\n\n\t\t\t\t\t\t<\/div>\n\t\t\t\t\t<\/div>\n\t\t\t\t<\/div>\n\t\t<div class=\"elementor-element elementor-element-4bc39366 e-flex e-con-boxed e-con e-parent\" data-id=\"4bc39366\" data-element_type=\"container\" data-e-type=\"container\">\n\t\t\t\t\t<div class=\"e-con-inner\">\n\t\t\t\t<div class=\"elementor-element elementor-element-47bd764e elementor-widget elementor-widget-text-editor\" data-id=\"47bd764e\" data-element_type=\"widget\" data-e-type=\"widget\" data-widget_type=\"text-editor.default\">\n\t\t\t\t\t\t\t\t\t<h1><span style=\"font-size: 18pt;\">Ville close de Concarneau<\/span><\/h1><h2><span style=\"font-size: 14pt;\">Ville close de Concarneau en finist\u00e8re \u2013 D\u00e9couvrez l\u2019histoire et le patrimoine ancien de la perle de Kon-Kerne en cornouaille dans le finist\u00e8re sud.<\/span><\/h2>\t\t\t\t\t\t\t\t<\/div>\n\t\t\t\t\t<\/div>\n\t\t\t\t<\/div>\n\t\t<div class=\"elementor-element elementor-element-4a8c8d25 e-flex e-con-boxed e-con e-parent\" data-id=\"4a8c8d25\" data-element_type=\"container\" data-e-type=\"container\">\n\t\t\t\t\t<div class=\"e-con-inner\">\n\t\t<div class=\"elementor-element elementor-element-539a4bcc e-con-full e-flex e-con e-child\" data-id=\"539a4bcc\" data-element_type=\"container\" data-e-type=\"container\">\n\t\t\t\t<div class=\"elementor-element elementor-element-f03450d elementor-widget elementor-widget-google_maps\" data-id=\"f03450d\" data-element_type=\"widget\" data-e-type=\"widget\" data-widget_type=\"google_maps.default\">\n\t\t\t\t\t\t\t<div class=\"elementor-custom-embed\">\n\t\t\t<iframe loading=\"lazy\"\n\t\t\t\t\tsrc=\"https:\/\/maps.google.com\/maps?q=ville%20close%2C%20concarneau&t=m&z=15&output=embed&iwloc=near\"\n\t\t\t\t\ttitle=\"ville close, concarneau\"\n\t\t\t\t\taria-label=\"ville close, concarneau\"\n\t\t\t><\/iframe>\n\t\t<\/div>\n\t\t\t\t\t\t<\/div>\n\t\t\t\t<\/div>\n\t\t<div class=\"elementor-element elementor-element-75971aa7 e-con-full e-flex e-con e-child\" data-id=\"75971aa7\" data-element_type=\"container\" data-e-type=\"container\">\n\t\t\t\t<div class=\"elementor-element elementor-element-1f3b6acc elementor-widget elementor-widget-image\" data-id=\"1f3b6acc\" data-element_type=\"widget\" data-e-type=\"widget\" data-widget_type=\"image.default\">\n\t\t\t\t\t\t\t\t\t\t\t\t\t\t\t<img decoding=\"async\" width=\"760\" height=\"507\" src=\"https:\/\/cparici.com\/wp-content\/uploads\/2024\/06\/shutterstock_151344797-scaled-2-1024x683.jpg\" class=\"attachment-large size-large wp-image-35765\" alt=\"Ville close Concarneau\" srcset=\"https:\/\/cparici.com\/wp-content\/uploads\/2024\/06\/shutterstock_151344797-scaled-2-1024x683.jpg 1024w, https:\/\/cparici.com\/wp-content\/uploads\/2024\/06\/shutterstock_151344797-scaled-2-600x400.jpg 600w, https:\/\/cparici.com\/wp-content\/uploads\/2024\/06\/shutterstock_151344797-scaled-2-300x200.jpg 300w, https:\/\/cparici.com\/wp-content\/uploads\/2024\/06\/shutterstock_151344797-scaled-2-768x512.jpg 768w, https:\/\/cparici.com\/wp-content\/uploads\/2024\/06\/shutterstock_151344797-scaled-2-1536x1024.jpg 1536w, https:\/\/cparici.com\/wp-content\/uploads\/2024\/06\/shutterstock_151344797-scaled-2-2048x1366.jpg 2048w, https:\/\/cparici.com\/wp-content\/uploads\/2024\/06\/shutterstock_151344797-scaled-2-240x160.jpg 240w\" sizes=\"(max-width: 760px) 100vw, 760px\" \/>\t\t\t\t\t\t\t\t\t\t\t\t\t\t\t<\/div>\n\t\t\t\t<\/div>\n\t\t\t\t\t<\/div>\n\t\t\t\t<\/div>\n\t\t<div class=\"elementor-element elementor-element-70b30e0 e-flex e-con-boxed e-con e-parent\" data-id=\"70b30e0\" data-element_type=\"container\" data-e-type=\"container\">\n\t\t\t\t\t<div class=\"e-con-inner\">\n\t\t\t\t<div class=\"elementor-element elementor-element-b8a4b2d elementor-widget elementor-widget-text-editor\" data-id=\"b8a4b2d\" data-element_type=\"widget\" data-e-type=\"widget\" data-widget_type=\"text-editor.default\">\n\t\t\t\t\t\t\t\t\t<p>Ville close de Concarneau en Finist\u00e8re \u2013 D\u00e9couvrez ce site historique incontournable, et voyagez dans le temps \u00e0 Concarneau.<\/p>\t\t\t\t\t\t\t\t<\/div>\n\t\t\t\t\t<\/div>\n\t\t\t\t<\/div>\n\t\t<div class=\"elementor-element elementor-element-6916a757 e-flex e-con-boxed e-con e-parent\" data-id=\"6916a757\" data-element_type=\"container\" data-e-type=\"container\">\n\t\t\t\t\t<div class=\"e-con-inner\">\n\t\t<div class=\"elementor-element elementor-element-12ee11f e-con-full e-flex e-con e-child\" data-id=\"12ee11f\" data-element_type=\"container\" data-e-type=\"container\">\n\t\t\t\t<div class=\"elementor-element elementor-element-4a445398 elementor-widget elementor-widget-heading\" data-id=\"4a445398\" data-element_type=\"widget\" data-e-type=\"widget\" data-widget_type=\"heading.default\">\n\t\t\t\t\t<h3 class=\"elementor-heading-title elementor-size-default\">La ville close de Concarneau, c\u2019est quoi?<\/h3>\t\t\t\t<\/div>\n\t\t\t\t<div class=\"elementor-element elementor-element-22e11f05 elementor-widget elementor-widget-text-editor\" data-id=\"22e11f05\" data-element_type=\"widget\" data-e-type=\"widget\" data-widget_type=\"text-editor.default\">\n\t\t\t\t\t\t\t\t\t<p>Il s\u2019agit d\u2019une cit\u00e9 fortifi\u00e9e datant du XV et XVI\u00e8me si\u00e8cle, construite sur une petite \u00eele ( un \u00eelot), et faisant face \u00e0 la ville historique et moderne de Concarneau. Elle est accesible via un pont pi\u00e9tonnier donnant acc\u00e8s \u00e0 la rue Vauban.<\/p>\t\t\t\t\t\t\t\t<\/div>\n\t\t\t\t<div class=\"elementor-element elementor-element-4fd247fe elementor-widget elementor-widget-heading\" data-id=\"4fd247fe\" data-element_type=\"widget\" data-e-type=\"widget\" data-widget_type=\"heading.default\">\n\t\t\t\t\t<h3 class=\"elementor-heading-title elementor-size-default\">O\u00f9 se trouve la ville close de Concarneau?<\/h3>\t\t\t\t<\/div>\n\t\t\t\t<div class=\"elementor-element elementor-element-7fbefb64 elementor-widget elementor-widget-text-editor\" data-id=\"7fbefb64\" data-element_type=\"widget\" data-e-type=\"widget\" data-widget_type=\"text-editor.default\">\n\t\t\t\t\t\t\t\t\t<p>La ville close de Concarneau se situe dans la ville de Concarneau dans le finist\u00e8re, entre le port de p\u00eache et le port de plaisance, en face du centre-ville et des halles de Concarneau et plus exactement en face du quai Peneroff.<\/p>\t\t\t\t\t\t\t\t<\/div>\n\t\t\t\t<\/div>\n\t\t<div class=\"elementor-element elementor-element-1991069d e-con-full e-flex e-con e-child\" data-id=\"1991069d\" data-element_type=\"container\" data-e-type=\"container\">\n\t\t\t\t<div class=\"elementor-element elementor-element-61c8f86 elementor-widget elementor-widget-heading\" data-id=\"61c8f86\" data-element_type=\"widget\" data-e-type=\"widget\" data-widget_type=\"heading.default\">\n\t\t\t\t\t<h3 class=\"elementor-heading-title elementor-size-default\">Que voir \u00e0 la cit\u00e9 fortifi\u00e9e?<\/h3>\t\t\t\t<\/div>\n\t\t\t\t<div class=\"elementor-element elementor-element-89e95c8 elementor-widget elementor-widget-text-editor\" data-id=\"89e95c8\" data-element_type=\"widget\" data-e-type=\"widget\" data-widget_type=\"text-editor.default\">\n\t\t\t\t\t\t\t\t\t<p>La ville close compose le centre historique de la ville de Concarneau.\u00a0 Vous ne pouvez pas rester indiff\u00e9rent au regard de cet \u00eelot entour\u00e9 de remparts tr\u00e8s bien conserv\u00e9s, et de ses portes et acc\u00e8s sur la rade de Concarneau.<\/p><p>A l\u2019int\u00e9rieur de celle-ci, vous pourrez y admirer l\u2019architecture datant du XV et XVI\u00e8me si\u00e8cle, mais aussi les maisons bretonnes typiques.<\/p><p>Vous pourrez aussi fl\u00e2ner devant les nombreuses \u00e9choppes et les magasins de souvenirs et autres.<\/p>\t\t\t\t\t\t\t\t<\/div>\n\t\t\t\t<\/div>\n\t\t\t\t\t<\/div>\n\t\t\t\t<\/div>\n\t\t<aside class=\"elementor-element elementor-element-55181996 e-flex e-con-boxed e-con e-parent\" data-id=\"55181996\" data-element_type=\"container\" data-e-type=\"container\" data-settings=\"{&quot;background_background&quot;:&quot;classic&quot;}\">\n\t\t\t\t\t<div class=\"e-con-inner\">\n\t\t\t\t<div class=\"elementor-element elementor-element-560b1540 elementor-widget elementor-widget-spacer\" data-id=\"560b1540\" data-element_type=\"widget\" data-e-type=\"widget\" data-widget_type=\"spacer.default\">\n\t\t\t\t\t\t\t<div class=\"elementor-spacer\">\n\t\t\t<div class=\"elementor-spacer-inner\"><\/div>\n\t\t<\/div>\n\t\t\t\t\t\t<\/div>\n\t\t\t\t<div class=\"elementor-element elementor-element-10b17d06 elementor-widget elementor-widget-heading\" data-id=\"10b17d06\" data-element_type=\"widget\" data-e-type=\"widget\" data-widget_type=\"heading.default\">\n\t\t\t\t\t<p class=\"elementor-heading-title elementor-size-default\">H\u00e9bergements de Vacances en direct<\/p>\t\t\t\t<\/div>\n\t\t\t\t<div class=\"elementor-element elementor-element-3efcd0ac elementor-widget elementor-widget-listeo-listings-carousel\" data-id=\"3efcd0ac\" data-element_type=\"widget\" data-e-type=\"widget\" data-widget_type=\"listeo-listings-carousel.default\">\n\t\t\t\t<div class=\"elementor-widget-container\">\n\t\t\t\t\t        <!-- Carousel \/ Start -->\n        \t<div class=\"simple-slick-carousel dots-nav\" data-slick='{&quot;autoplay&quot;:true,&quot;autoplaySpeed&quot;:3000,&quot;slidesToShow&quot;:3,&quot;slidesToScroll&quot;:1,&quot;responsive&quot;:[{&quot;breakpoint&quot;:1024,&quot;settings&quot;:{&quot;slidesToShow&quot;:2,&quot;slidesToScroll&quot;:1}},{&quot;breakpoint&quot;:768,&quot;settings&quot;:{&quot;slidesToShow&quot;:1,&quot;slidesToScroll&quot;:1}}]}'>\n                            <div class=\"fw-carousel-item\">                    \n                        <!-- Listing Item -->\r\n            <div class=\"col-lg-6 col-md-12\">\r\n                <a href=\"https:\/\/cparici.com\/de\/annonce\/appartement-le-hublot-4-pers-concarneau\/\"  class=\"listing-item-container listing-geo-data compact\" \r\n\t\tdata-title=\"Appartement Le Hublot 4 Pers \u2013 Concarneau\"\r\n\t\tdata-listing-type=\"rental\"\r\n\t\tdata-classifieds-price=\"\u20ac\"\r\n\t\tdata-friendly-address=\"Thalasso Concarneau\"\r\n\t\tdata-address=\"Thalasso Concarneau\"\r\n\t\tdata-image=\"https:\/\/cparici.com\/wp-content\/uploads\/2026\/04\/appartement-le-hublot-concarneau-cuisine-520x397.jpg\"\r\n\t\tdata-longitude=\"-3.9297274\"\r\n\t\tdata-latitude=\"47.8804838\"\r\n\t\t\t\t\tdata-rating=\"0\"\r\n\t\t\tdata-reviews=\"0\"\r\n\t\t\t\tdata-icon=\"<svg xmlns=&quot;http:\/\/www.w3.org\/2000\/svg&quot; width=&quot;800px&quot; height=&quot;800px&quot; viewBox=&quot;0 0 45 45&quot; fill=&quot;none&quot;>\n<path d=&quot;M24.155 8.78099L24.33 8.94499L37.402 21.787L36 23.213L34.2 21.445L34.201 35C34.201 36.054 33.385 36.918 32.35 36.994L32.201 37H12.201C11.147 37 10.283 36.184 10.206 35.149L10.201 35L10.2 21.446L8.402 23.213L7 21.787L20.058 8.95799C21.171 7.82199 22.966 7.75899 24.155 8.78099ZM21.569 10.285L21.473 10.372L12.2 19.481L12.201 35L17.2 34.999L17.201 25C17.201 23.946 18.017 23.082 19.052 23.005L19.201 23H25.201C26.255 23 27.119 23.816 27.196 24.851L27.201 25L27.2 34.999L32.201 35L32.2 19.48L22.901 10.344C22.537 9.98699 21.969 9.96499 21.569 10.285ZM25.201 25H19.201L19.2 34.999H25.2L25.201 25Z&quot; fill=&quot;#3C3C3C&quot;\/>\n<\/svg>\"\r\n\r\n\t>\r\n            <div class=\"listing-item  \">\r\n                <div class=\"listing-small-badges-container\">\r\n                                                                <div class=\"listing-small-badge pricing-badge\"><i class=\"fa fa-tag\"><\/i>120,00\u20ac - 0,00\u20ac<\/div>\r\n                                                            \r\n                                        \r\n                                        \r\n                <\/div>\r\n                <img decoding=\"async\" src=\"https:\/\/cparici.com\/wp-content\/uploads\/2026\/04\/appartement-le-hublot-concarneau-cuisine-520x397.jpg\" alt=\"Appartement Le Hublot 4 Pers \u2013 Concarneau\" class=\"listing-thumbnail\">\r\n                \r\n\r\n                <div class=\"listing-item-content\">\r\n                    \r\n                    <h3> Appartement Le Hublot 4 Pers \u2013 Concarneau <\/h3>\r\n                    <span>Thalasso Concarneau<\/span>\r\n                <\/div>\r\n                                        <span class=\"save like-icon tooltip left\" title=\"Login To Bookmark Items\"><\/span>\r\n                                                <\/div>\r\n        <\/a>\r\n                    <\/div>\r\n        \r\n\r\n        <!-- Listing Item \/ End -->\n                    <\/div>\n                                      <div class=\"fw-carousel-item\">                    \n                        <!-- Listing Item -->\r\n            <div class=\"col-lg-6 col-md-12\">\r\n                <a href=\"https:\/\/cparici.com\/de\/annonce\/appartement-le-nassau-vue-mer-2-personnes-concarneau\/\"  class=\"listing-item-container listing-geo-data compact\" \r\n\t\tdata-title=\"Appartement Le Nassau \u2013 vue mer 2 personnes Concarneau\"\r\n\t\tdata-listing-type=\"rental\"\r\n\t\tdata-classifieds-price=\"\u20ac\"\r\n\t\tdata-friendly-address=\"Bd Bougainville, Concarneau\"\r\n\t\tdata-address=\"Bd Bougainville, Concarneau\"\r\n\t\tdata-image=\"https:\/\/cparici.com\/wp-content\/uploads\/2026\/04\/appartement-nassau-concarneau-520x397.jpg\"\r\n\t\tdata-longitude=\"-3.921428087197639\"\r\n\t\tdata-latitude=\"47.86981360330804\"\r\n\t\t\t\t\tdata-rating=\"0\"\r\n\t\t\tdata-reviews=\"0\"\r\n\t\t\t\tdata-icon=\"<svg xmlns=&quot;http:\/\/www.w3.org\/2000\/svg&quot; width=&quot;800px&quot; height=&quot;800px&quot; viewBox=&quot;0 0 45 45&quot; fill=&quot;none&quot;>\n<path d=&quot;M24.155 8.78099L24.33 8.94499L37.402 21.787L36 23.213L34.2 21.445L34.201 35C34.201 36.054 33.385 36.918 32.35 36.994L32.201 37H12.201C11.147 37 10.283 36.184 10.206 35.149L10.201 35L10.2 21.446L8.402 23.213L7 21.787L20.058 8.95799C21.171 7.82199 22.966 7.75899 24.155 8.78099ZM21.569 10.285L21.473 10.372L12.2 19.481L12.201 35L17.2 34.999L17.201 25C17.201 23.946 18.017 23.082 19.052 23.005L19.201 23H25.201C26.255 23 27.119 23.816 27.196 24.851L27.201 25L27.2 34.999L32.201 35L32.2 19.48L22.901 10.344C22.537 9.98699 21.969 9.96499 21.569 10.285ZM25.201 25H19.201L19.2 34.999H25.2L25.201 25Z&quot; fill=&quot;#3C3C3C&quot;\/>\n<\/svg>\"\r\n\r\n\t>\r\n            <div class=\"listing-item  \">\r\n                <div class=\"listing-small-badges-container\">\r\n                                                                <div class=\"listing-small-badge pricing-badge\"><i class=\"fa fa-tag\"><\/i>80,00\u20ac - 0,00\u20ac<\/div>\r\n                                                            \r\n                                        \r\n                                        \r\n                <\/div>\r\n                <img decoding=\"async\" src=\"https:\/\/cparici.com\/wp-content\/uploads\/2026\/04\/appartement-nassau-concarneau-520x397.jpg\" alt=\"Appartement Le Nassau \u2013 vue mer 2 personnes Concarneau\" class=\"listing-thumbnail\">\r\n                \r\n\r\n                <div class=\"listing-item-content\">\r\n                    \r\n                    <h3> Appartement Le Nassau \u2013 vue mer 2 personnes Concarneau <\/h3>\r\n                    <span>Bd Bougainville, Concarneau<\/span>\r\n                <\/div>\r\n                                        <span class=\"save like-icon tooltip left\" title=\"Login To Bookmark Items\"><\/span>\r\n                                                <\/div>\r\n        <\/a>\r\n                    <\/div>\r\n        \r\n\r\n        <!-- Listing Item \/ End -->\n                    <\/div>\n                                      <div class=\"fw-carousel-item\">                    \n                        <!-- Listing Item -->\r\n            <div class=\"col-lg-6 col-md-12\">\r\n                <a href=\"https:\/\/cparici.com\/de\/annonce\/le-70-sainte-marine-grande-maison-de-vacances-charme-confort-en-finistere-sud-bretagne\/\"  class=\"listing-item-container listing-geo-data compact\" \r\n\t\tdata-title=\"\u00a0Le 70 Sainte Marine \u2013 Grande maison de vacances charme & confort en Finist\u00e8re Sud (Bretagne)\"\r\n\t\tdata-listing-type=\"rental\"\r\n\t\tdata-classifieds-price=\"\u20ac\"\r\n\t\tdata-friendly-address=\"Sainte-Marine (Combrit)\"\r\n\t\tdata-address=\"Sainte-Marine (Combrit)\"\r\n\t\tdata-image=\"https:\/\/cparici.com\/wp-content\/uploads\/2025\/07\/Bienvenue-Welcome-Sainte-Marine-Brittany-520x397.jpg\"\r\n\t\tdata-longitude=\"-4.123866599999999\"\r\n\t\tdata-latitude=\"47.874164\"\r\n\t\t\t\t\tdata-rating=\"5\"\r\n\t\t\tdata-reviews=\"8\"\r\n\t\t\t\tdata-icon=\"<svg xmlns=&quot;http:\/\/www.w3.org\/2000\/svg&quot; width=&quot;800px&quot; height=&quot;800px&quot; viewBox=&quot;0 0 45 45&quot; fill=&quot;none&quot;>\n<path d=&quot;M24.155 8.78099L24.33 8.94499L37.402 21.787L36 23.213L34.2 21.445L34.201 35C34.201 36.054 33.385 36.918 32.35 36.994L32.201 37H12.201C11.147 37 10.283 36.184 10.206 35.149L10.201 35L10.2 21.446L8.402 23.213L7 21.787L20.058 8.95799C21.171 7.82199 22.966 7.75899 24.155 8.78099ZM21.569 10.285L21.473 10.372L12.2 19.481L12.201 35L17.2 34.999L17.201 25C17.201 23.946 18.017 23.082 19.052 23.005L19.201 23H25.201C26.255 23 27.119 23.816 27.196 24.851L27.201 25L27.2 34.999L32.201 35L32.2 19.48L22.901 10.344C22.537 9.98699 21.969 9.96499 21.569 10.285ZM25.201 25H19.201L19.2 34.999H25.2L25.201 25Z&quot; fill=&quot;#3C3C3C&quot;\/>\n<\/svg>\"\r\n\r\n\t>\r\n            <div class=\"listing-item  \">\r\n                <div class=\"listing-small-badges-container\">\r\n                                                                <div class=\"listing-small-badge pricing-badge\"><i class=\"fa fa-tag\"><\/i>210,00\u20ac - 475,00\u20ac<\/div>\r\n                                                            \r\n                                        \r\n                                        \r\n                <\/div>\r\n                <img decoding=\"async\" src=\"https:\/\/cparici.com\/wp-content\/uploads\/2025\/07\/Bienvenue-Welcome-Sainte-Marine-Brittany-520x397.jpg\" alt=\"\u00a0Le 70 Sainte Marine \u2013 Grande maison de vacances charme & confort en Finist\u00e8re Sud (Bretagne)\" class=\"listing-thumbnail\">\r\n                \r\n\r\n                <div class=\"listing-item-content\">\r\n                                                <div class=\"numerical-rating\" data-rating=\"5.0\"><\/div>\r\n                    \r\n                    <h3> \u00a0Le 70 Sainte Marine \u2013 Grande maison de vacances charme & confort en Finist\u00e8re Sud (Bretagne) <\/h3>\r\n                    <span>Sainte-Marine (Combrit)<\/span>\r\n                <\/div>\r\n                                        <span class=\"save like-icon tooltip left\" title=\"Login To Bookmark Items\"><\/span>\r\n                                                <\/div>\r\n        <\/a>\r\n                    <\/div>\r\n        \r\n\r\n        <!-- Listing Item \/ End -->\n                    <\/div>\n                                      <div class=\"fw-carousel-item\">                    \n                        <!-- Listing Item -->\r\n            <div class=\"col-lg-6 col-md-12\">\r\n                <a href=\"https:\/\/cparici.com\/de\/annonce\/perle-maison-6-pers-avec-piscine-couverte-et-vue-mer\/\"  class=\"listing-item-container listing-geo-data compact\" \r\n\t\tdata-title=\"Perle Maison 6 Pers avec Piscine Couverte et Vue Mer\"\r\n\t\tdata-listing-type=\"rental\"\r\n\t\tdata-classifieds-price=\"\u20ac\"\r\n\t\tdata-friendly-address=\"Concarneau, Les Sables Blancs\"\r\n\t\tdata-address=\"Concarneau, Les Sables Blancs\"\r\n\t\tdata-image=\"https:\/\/cparici.com\/wp-content\/uploads\/2026\/03\/maison-vacances-perle-concarneau-exterieur-520x397.jpg\"\r\n\t\tdata-longitude=\"-3.934530282209957\"\r\n\t\tdata-latitude=\"47.884541075243035\"\r\n\t\t\t\t\tdata-rating=\"0\"\r\n\t\t\tdata-reviews=\"0\"\r\n\t\t\t\tdata-icon=\"<svg xmlns=&quot;http:\/\/www.w3.org\/2000\/svg&quot; width=&quot;800px&quot; height=&quot;800px&quot; viewBox=&quot;0 0 45 45&quot; fill=&quot;none&quot;>\n<path d=&quot;M24.155 8.78099L24.33 8.94499L37.402 21.787L36 23.213L34.2 21.445L34.201 35C34.201 36.054 33.385 36.918 32.35 36.994L32.201 37H12.201C11.147 37 10.283 36.184 10.206 35.149L10.201 35L10.2 21.446L8.402 23.213L7 21.787L20.058 8.95799C21.171 7.82199 22.966 7.75899 24.155 8.78099ZM21.569 10.285L21.473 10.372L12.2 19.481L12.201 35L17.2 34.999L17.201 25C17.201 23.946 18.017 23.082 19.052 23.005L19.201 23H25.201C26.255 23 27.119 23.816 27.196 24.851L27.201 25L27.2 34.999L32.201 35L32.2 19.48L22.901 10.344C22.537 9.98699 21.969 9.96499 21.569 10.285ZM25.201 25H19.201L19.2 34.999H25.2L25.201 25Z&quot; fill=&quot;#3C3C3C&quot;\/>\n<\/svg>\"\r\n\r\n\t>\r\n            <div class=\"listing-item  \">\r\n                <div class=\"listing-small-badges-container\">\r\n                                                                <div class=\"listing-small-badge pricing-badge\"><i class=\"fa fa-tag\"><\/i>230,00\u20ac - 0,00\u20ac<\/div>\r\n                                                            \r\n                                        \r\n                                        \r\n                <\/div>\r\n                <img decoding=\"async\" src=\"https:\/\/cparici.com\/wp-content\/uploads\/2026\/03\/maison-vacances-perle-concarneau-exterieur-520x397.jpg\" alt=\"Perle Maison 6 Pers avec Piscine Couverte et Vue Mer\" class=\"listing-thumbnail\">\r\n                \r\n\r\n                <div class=\"listing-item-content\">\r\n                    \r\n                    <h3> Perle Maison 6 Pers avec Piscine Couverte et Vue Mer <\/h3>\r\n                    <span>Concarneau, Les Sables Blancs<\/span>\r\n                <\/div>\r\n                                        <span class=\"save like-icon tooltip left\" title=\"Login To Bookmark Items\"><\/span>\r\n                                                <\/div>\r\n        <\/a>\r\n                    <\/div>\r\n        \r\n\r\n        <!-- Listing Item \/ End -->\n                    <\/div>\n                                      <div class=\"fw-carousel-item\">                    \n                        <!-- Listing Item -->\r\n            <div class=\"col-lg-6 col-md-12\">\r\n                <a href=\"https:\/\/cparici.com\/de\/annonce\/brise-marine-4-pers-2\/\"  class=\"listing-item-container listing-geo-data compact\" \r\n\t\tdata-title=\"Brise Marine, 4 Pers\"\r\n\t\tdata-listing-type=\"rental\"\r\n\t\tdata-classifieds-price=\"\u20ac\"\r\n\t\tdata-friendly-address=\"La Corniche\"\r\n\t\tdata-address=\"La Corniche\"\r\n\t\tdata-image=\"https:\/\/cparici.com\/wp-content\/uploads\/2025\/01\/brise-marine-1-520x397.jpg\"\r\n\t\tdata-longitude=\"-3.9236476\"\r\n\t\tdata-latitude=\"47.8707177\"\r\n\t\t\t\t\tdata-rating=\"0\"\r\n\t\t\tdata-reviews=\"0\"\r\n\t\t\t\tdata-icon=\"<svg xmlns=&quot;http:\/\/www.w3.org\/2000\/svg&quot; width=&quot;800px&quot; height=&quot;800px&quot; viewBox=&quot;0 0 45 45&quot; fill=&quot;none&quot;>\n<path d=&quot;M24.155 8.78099L24.33 8.94499L37.402 21.787L36 23.213L34.2 21.445L34.201 35C34.201 36.054 33.385 36.918 32.35 36.994L32.201 37H12.201C11.147 37 10.283 36.184 10.206 35.149L10.201 35L10.2 21.446L8.402 23.213L7 21.787L20.058 8.95799C21.171 7.82199 22.966 7.75899 24.155 8.78099ZM21.569 10.285L21.473 10.372L12.2 19.481L12.201 35L17.2 34.999L17.201 25C17.201 23.946 18.017 23.082 19.052 23.005L19.201 23H25.201C26.255 23 27.119 23.816 27.196 24.851L27.201 25L27.2 34.999L32.201 35L32.2 19.48L22.901 10.344C22.537 9.98699 21.969 9.96499 21.569 10.285ZM25.201 25H19.201L19.2 34.999H25.2L25.201 25Z&quot; fill=&quot;#3C3C3C&quot;\/>\n<\/svg>\"\r\n\r\n\t>\r\n            <div class=\"listing-item  \">\r\n                <div class=\"listing-small-badges-container\">\r\n                                                                <div class=\"listing-small-badge pricing-badge\"><i class=\"fa fa-tag\"><\/i>Starts from 180,00\u20ac<\/div>\r\n                                                            \r\n                                        \r\n                                        \r\n                <\/div>\r\n                <img decoding=\"async\" src=\"https:\/\/cparici.com\/wp-content\/uploads\/2025\/01\/brise-marine-1-520x397.jpg\" alt=\"Brise Marine, 4 Pers\" class=\"listing-thumbnail\">\r\n                \r\n\r\n                <div class=\"listing-item-content\">\r\n                    \r\n                    <h3> Brise Marine, 4 Pers <\/h3>\r\n                    <span>La Corniche<\/span>\r\n                <\/div>\r\n                                        <span class=\"save like-icon tooltip left\" title=\"Login To Bookmark Items\"><\/span>\r\n                                                <\/div>\r\n        <\/a>\r\n                    <\/div>\r\n        \r\n\r\n        <!-- Listing Item \/ End -->\n                    <\/div>\n                                      <div class=\"fw-carousel-item\">                    \n                        <!-- Listing Item -->\r\n            <div class=\"col-lg-6 col-md-12\">\r\n                <a href=\"https:\/\/cparici.com\/de\/annonce\/la-villa-du-cabellou\/\"  class=\"listing-item-container listing-geo-data compact\" \r\n\t\tdata-title=\"La Villa du Cabellou\"\r\n\t\tdata-listing-type=\"rental\"\r\n\t\tdata-classifieds-price=\"\u20ac\"\r\n\t\tdata-friendly-address=\"Le Cabellou\"\r\n\t\tdata-address=\"Le Cabellou\"\r\n\t\tdata-image=\"https:\/\/cparici.com\/wp-content\/uploads\/2025\/01\/villa-le-cabellou-1-520x397.jpg\"\r\n\t\tdata-longitude=\"-3.90582\"\r\n\t\tdata-latitude=\"47.8544208\"\r\n\t\t\t\t\tdata-rating=\"0\"\r\n\t\t\tdata-reviews=\"0\"\r\n\t\t\t\tdata-icon=\"<svg xmlns=&quot;http:\/\/www.w3.org\/2000\/svg&quot; width=&quot;800px&quot; height=&quot;800px&quot; viewBox=&quot;0 0 45 45&quot; fill=&quot;none&quot;>\n<path d=&quot;M24.155 8.78099L24.33 8.94499L37.402 21.787L36 23.213L34.2 21.445L34.201 35C34.201 36.054 33.385 36.918 32.35 36.994L32.201 37H12.201C11.147 37 10.283 36.184 10.206 35.149L10.201 35L10.2 21.446L8.402 23.213L7 21.787L20.058 8.95799C21.171 7.82199 22.966 7.75899 24.155 8.78099ZM21.569 10.285L21.473 10.372L12.2 19.481L12.201 35L17.2 34.999L17.201 25C17.201 23.946 18.017 23.082 19.052 23.005L19.201 23H25.201C26.255 23 27.119 23.816 27.196 24.851L27.201 25L27.2 34.999L32.201 35L32.2 19.48L22.901 10.344C22.537 9.98699 21.969 9.96499 21.569 10.285ZM25.201 25H19.201L19.2 34.999H25.2L25.201 25Z&quot; fill=&quot;#3C3C3C&quot;\/>\n<\/svg>\"\r\n\r\n\t>\r\n            <div class=\"listing-item  \">\r\n                <div class=\"listing-small-badges-container\">\r\n                                                                                \r\n                                        \r\n                                        \r\n                <\/div>\r\n                <img decoding=\"async\" src=\"https:\/\/cparici.com\/wp-content\/uploads\/2025\/01\/villa-le-cabellou-1-520x397.jpg\" alt=\"La Villa du Cabellou\" class=\"listing-thumbnail\">\r\n                \r\n\r\n                <div class=\"listing-item-content\">\r\n                    \r\n                    <h3> La Villa du Cabellou <\/h3>\r\n                    <span>Le Cabellou<\/span>\r\n                <\/div>\r\n                                        <span class=\"save like-icon tooltip left\" title=\"Login To Bookmark Items\"><\/span>\r\n                                                <\/div>\r\n        <\/a>\r\n                    <\/div>\r\n        \r\n\r\n        <!-- Listing Item \/ End -->\n                    <\/div>\n                                      <div class=\"fw-carousel-item\">                    \n                        <!-- Listing Item -->\r\n            <div class=\"col-lg-6 col-md-12\">\r\n                <a href=\"https:\/\/cparici.com\/de\/annonce\/la-plume-appartement-vue-mer-2-adultes-2-enfants-vue-mer-a-concarneau\/\"  class=\"listing-item-container listing-geo-data compact\" \r\n\t\tdata-title=\"La Plume \u2013 Appartement vue mer \u00e0 CONCARNEAU\"\r\n\t\tdata-listing-type=\"rental\"\r\n\t\tdata-classifieds-price=\"\u20ac\"\r\n\t\tdata-friendly-address=\"Centre ville Concarneau, Plages \u00e0 pied\"\r\n\t\tdata-address=\"Centre ville Concarneau, Plages \u00e0 pied\"\r\n\t\tdata-image=\"https:\/\/cparici.com\/wp-content\/uploads\/2026\/04\/appartement-plume-concarneau-balcon-vue-mer-et-phare-520x397.jpg\"\r\n\t\tdata-longitude=\"-3.9175758\"\r\n\t\tdata-latitude=\"47.8690136\"\r\n\t\t\t\t\tdata-rating=\"0\"\r\n\t\t\tdata-reviews=\"0\"\r\n\t\t\t\tdata-icon=\"<svg xmlns=&quot;http:\/\/www.w3.org\/2000\/svg&quot; width=&quot;800px&quot; height=&quot;800px&quot; viewBox=&quot;0 0 45 45&quot; fill=&quot;none&quot;>\n<path d=&quot;M24.155 8.78099L24.33 8.94499L37.402 21.787L36 23.213L34.2 21.445L34.201 35C34.201 36.054 33.385 36.918 32.35 36.994L32.201 37H12.201C11.147 37 10.283 36.184 10.206 35.149L10.201 35L10.2 21.446L8.402 23.213L7 21.787L20.058 8.95799C21.171 7.82199 22.966 7.75899 24.155 8.78099ZM21.569 10.285L21.473 10.372L12.2 19.481L12.201 35L17.2 34.999L17.201 25C17.201 23.946 18.017 23.082 19.052 23.005L19.201 23H25.201C26.255 23 27.119 23.816 27.196 24.851L27.201 25L27.2 34.999L32.201 35L32.2 19.48L22.901 10.344C22.537 9.98699 21.969 9.96499 21.569 10.285ZM25.201 25H19.201L19.2 34.999H25.2L25.201 25Z&quot; fill=&quot;#3C3C3C&quot;\/>\n<\/svg>\"\r\n\r\n\t>\r\n            <div class=\"listing-item  \">\r\n                <div class=\"listing-small-badges-container\">\r\n                                                                <div class=\"listing-small-badge pricing-badge\"><i class=\"fa fa-tag\"><\/i>140,00\u20ac - 0,00\u20ac<\/div>\r\n                                                            \r\n                                        \r\n                                        \r\n                <\/div>\r\n                <img decoding=\"async\" src=\"https:\/\/cparici.com\/wp-content\/uploads\/2026\/04\/appartement-plume-concarneau-balcon-vue-mer-et-phare-520x397.jpg\" alt=\"La Plume \u2013 Appartement vue mer \u00e0 CONCARNEAU\" class=\"listing-thumbnail\">\r\n                \r\n\r\n                <div class=\"listing-item-content\">\r\n                    \r\n                    <h3> La Plume \u2013 Appartement vue mer \u00e0 CONCARNEAU <\/h3>\r\n                    <span>Centre ville Concarneau, Plages \u00e0 pied<\/span>\r\n                <\/div>\r\n                                        <span class=\"save like-icon tooltip left\" title=\"Login To Bookmark Items\"><\/span>\r\n                                                <\/div>\r\n        <\/a>\r\n                    <\/div>\r\n        \r\n\r\n        <!-- Listing Item \/ End -->\n                    <\/div>\n                                      <div class=\"fw-carousel-item\">                    \n                        <!-- Listing Item -->\r\n            <div class=\"col-lg-6 col-md-12\">\r\n                <a href=\"https:\/\/cparici.com\/de\/annonce\/maison-le-bonheur-4-pers\/\"  class=\"listing-item-container listing-geo-data compact\" \r\n\t\tdata-title=\"Maison Le Bonheur, 4 pers\"\r\n\t\tdata-listing-type=\"rental\"\r\n\t\tdata-classifieds-price=\"\u20ac\"\r\n\t\tdata-friendly-address=\"Concarneau, Le Porzou\"\r\n\t\tdata-address=\"Concarneau, Le Porzou\"\r\n\t\tdata-image=\"https:\/\/cparici.com\/wp-content\/uploads\/2025\/01\/le-bonheur-1-520x397.jpg\"\r\n\t\tdata-longitude=\"-3.9016358\"\r\n\t\tdata-latitude=\"47.8660765\"\r\n\t\t\t\t\tdata-rating=\"0\"\r\n\t\t\tdata-reviews=\"0\"\r\n\t\t\t\tdata-icon=\"<svg xmlns=&quot;http:\/\/www.w3.org\/2000\/svg&quot; width=&quot;800px&quot; height=&quot;800px&quot; viewBox=&quot;0 0 45 45&quot; fill=&quot;none&quot;>\n<path d=&quot;M24.155 8.78099L24.33 8.94499L37.402 21.787L36 23.213L34.2 21.445L34.201 35C34.201 36.054 33.385 36.918 32.35 36.994L32.201 37H12.201C11.147 37 10.283 36.184 10.206 35.149L10.201 35L10.2 21.446L8.402 23.213L7 21.787L20.058 8.95799C21.171 7.82199 22.966 7.75899 24.155 8.78099ZM21.569 10.285L21.473 10.372L12.2 19.481L12.201 35L17.2 34.999L17.201 25C17.201 23.946 18.017 23.082 19.052 23.005L19.201 23H25.201C26.255 23 27.119 23.816 27.196 24.851L27.201 25L27.2 34.999L32.201 35L32.2 19.48L22.901 10.344C22.537 9.98699 21.969 9.96499 21.569 10.285ZM25.201 25H19.201L19.2 34.999H25.2L25.201 25Z&quot; fill=&quot;#3C3C3C&quot;\/>\n<\/svg>\"\r\n\r\n\t>\r\n            <div class=\"listing-item  \">\r\n                <div class=\"listing-small-badges-container\">\r\n                                                                <div class=\"listing-small-badge pricing-badge\"><i class=\"fa fa-tag\"><\/i>117,00\u20ac - 0,00\u20ac<\/div>\r\n                                                            \r\n                                        \r\n                                        \r\n                <\/div>\r\n                <img decoding=\"async\" src=\"https:\/\/cparici.com\/wp-content\/uploads\/2025\/01\/le-bonheur-1-520x397.jpg\" alt=\"Maison Le Bonheur, 4 pers\" class=\"listing-thumbnail\">\r\n                \r\n\r\n                <div class=\"listing-item-content\">\r\n                    \r\n                    <h3> Maison Le Bonheur, 4 pers <\/h3>\r\n                    <span>Concarneau, Le Porzou<\/span>\r\n                <\/div>\r\n                                        <span class=\"save like-icon tooltip left\" title=\"Login To Bookmark Items\"><\/span>\r\n                                                <\/div>\r\n        <\/a>\r\n                    <\/div>\r\n        \r\n\r\n        <!-- Listing Item \/ End -->\n                    <\/div>\n                                      <div class=\"fw-carousel-item\">                    \n                        <!-- Listing Item -->\r\n            <div class=\"col-lg-6 col-md-12\">\r\n                <a href=\"https:\/\/cparici.com\/de\/annonce\/appartement-reverie-2-pers-centre-ville-et-mer-a-pied-concarneau\/\"  class=\"listing-item-container listing-geo-data compact\" \r\n\t\tdata-title=\"Appartement R\u00eaverie 2 pers \u2013 Centre-ville et mer \u00e0 pied Concarneau\"\r\n\t\tdata-listing-type=\"rental\"\r\n\t\tdata-classifieds-price=\"\u20ac\"\r\n\t\tdata-friendly-address=\"Concarneau Centre ville Plage \u00e0 pied\"\r\n\t\tdata-address=\"Concarneau Centre ville Plage \u00e0 pied\"\r\n\t\tdata-image=\"https:\/\/cparici.com\/wp-content\/uploads\/2026\/03\/appartement-concarneau-reverie-520x397.jpg\"\r\n\t\tdata-longitude=\"-3.9242893\"\r\n\t\tdata-latitude=\"47.8738589\"\r\n\t\t\t\t\tdata-rating=\"0\"\r\n\t\t\tdata-reviews=\"0\"\r\n\t\t\t\tdata-icon=\"<svg xmlns=&quot;http:\/\/www.w3.org\/2000\/svg&quot; width=&quot;800px&quot; height=&quot;800px&quot; viewBox=&quot;0 0 45 45&quot; fill=&quot;none&quot;>\n<path d=&quot;M24.155 8.78099L24.33 8.94499L37.402 21.787L36 23.213L34.2 21.445L34.201 35C34.201 36.054 33.385 36.918 32.35 36.994L32.201 37H12.201C11.147 37 10.283 36.184 10.206 35.149L10.201 35L10.2 21.446L8.402 23.213L7 21.787L20.058 8.95799C21.171 7.82199 22.966 7.75899 24.155 8.78099ZM21.569 10.285L21.473 10.372L12.2 19.481L12.201 35L17.2 34.999L17.201 25C17.201 23.946 18.017 23.082 19.052 23.005L19.201 23H25.201C26.255 23 27.119 23.816 27.196 24.851L27.201 25L27.2 34.999L32.201 35L32.2 19.48L22.901 10.344C22.537 9.98699 21.969 9.96499 21.569 10.285ZM25.201 25H19.201L19.2 34.999H25.2L25.201 25Z&quot; fill=&quot;#3C3C3C&quot;\/>\n<\/svg>\"\r\n\r\n\t>\r\n            <div class=\"listing-item  \">\r\n                <div class=\"listing-small-badges-container\">\r\n                                                                <div class=\"listing-small-badge pricing-badge\"><i class=\"fa fa-tag\"><\/i>Starts from 95,00\u20ac<\/div>\r\n                                                            \r\n                                        \r\n                                        \r\n                <\/div>\r\n                <img decoding=\"async\" src=\"https:\/\/cparici.com\/wp-content\/uploads\/2026\/03\/appartement-concarneau-reverie-520x397.jpg\" alt=\"Appartement R\u00eaverie 2 pers \u2013 Centre-ville et mer \u00e0 pied Concarneau\" class=\"listing-thumbnail\">\r\n                \r\n\r\n                <div class=\"listing-item-content\">\r\n                    \r\n                    <h3> Appartement R\u00eaverie 2 pers \u2013 Centre-ville et mer \u00e0 pied Concarneau <\/h3>\r\n                    <span>Concarneau Centre ville Plage \u00e0 pied<\/span>\r\n                <\/div>\r\n                                        <span class=\"save like-icon tooltip left\" title=\"Login To Bookmark Items\"><\/span>\r\n                                                <\/div>\r\n        <\/a>\r\n                    <\/div>\r\n        \r\n\r\n        <!-- Listing Item \/ End -->\n                    <\/div>\n                                      <div class=\"fw-carousel-item\">                    \n                        <!-- Listing Item -->\r\n            <div class=\"col-lg-6 col-md-12\">\r\n                <a href=\"https:\/\/cparici.com\/de\/annonce\/villa-grand-large-12-pers-concarneau-le-cabellou\/\"  class=\"listing-item-container listing-geo-data compact\" \r\n\t\tdata-title=\"Villa Grand large 12 Pers \u2013 Concarneau \u2013 Le Cabellou\"\r\n\t\tdata-listing-type=\"rental\"\r\n\t\tdata-classifieds-price=\"\u20ac\"\r\n\t\tdata-friendly-address=\"Concarneau, proche plage et centre\"\r\n\t\tdata-address=\"Concarneau, proche plage et centre\"\r\n\t\tdata-image=\"https:\/\/cparici.com\/wp-content\/uploads\/2025\/12\/maison-villa-piscine-520x397.jpg\"\r\n\t\tdata-longitude=\"-3.913984\"\r\n\t\tdata-latitude=\"47.857957\"\r\n\t\t\t\t\tdata-rating=\"0\"\r\n\t\t\tdata-reviews=\"0\"\r\n\t\t\t\tdata-icon=\"<svg xmlns=&quot;http:\/\/www.w3.org\/2000\/svg&quot; width=&quot;800px&quot; height=&quot;800px&quot; viewBox=&quot;0 0 45 45&quot; fill=&quot;none&quot;>\n<path d=&quot;M24.155 8.78099L24.33 8.94499L37.402 21.787L36 23.213L34.2 21.445L34.201 35C34.201 36.054 33.385 36.918 32.35 36.994L32.201 37H12.201C11.147 37 10.283 36.184 10.206 35.149L10.201 35L10.2 21.446L8.402 23.213L7 21.787L20.058 8.95799C21.171 7.82199 22.966 7.75899 24.155 8.78099ZM21.569 10.285L21.473 10.372L12.2 19.481L12.201 35L17.2 34.999L17.201 25C17.201 23.946 18.017 23.082 19.052 23.005L19.201 23H25.201C26.255 23 27.119 23.816 27.196 24.851L27.201 25L27.2 34.999L32.201 35L32.2 19.48L22.901 10.344C22.537 9.98699 21.969 9.96499 21.569 10.285ZM25.201 25H19.201L19.2 34.999H25.2L25.201 25Z&quot; fill=&quot;#3C3C3C&quot;\/>\n<\/svg>\"\r\n\r\n\t>\r\n            <div class=\"listing-item  \">\r\n                <div class=\"listing-small-badges-container\">\r\n                                                                <div class=\"listing-small-badge pricing-badge\"><i class=\"fa fa-tag\"><\/i>410,00\u20ac - 450,00\u20ac<\/div>\r\n                                                            \r\n                                        \r\n                                        \r\n                <\/div>\r\n                <img decoding=\"async\" src=\"https:\/\/cparici.com\/wp-content\/uploads\/2025\/12\/maison-villa-piscine-520x397.jpg\" alt=\"Villa Grand large 12 Pers \u2013 Concarneau \u2013 Le Cabellou\" class=\"listing-thumbnail\">\r\n                \r\n\r\n                <div class=\"listing-item-content\">\r\n                    \r\n                    <h3> Villa Grand large 12 Pers \u2013 Concarneau \u2013 Le Cabellou <\/h3>\r\n                    <span>Concarneau, proche plage et centre<\/span>\r\n                <\/div>\r\n                                        <span class=\"save like-icon tooltip left\" title=\"Login To Bookmark Items\"><\/span>\r\n                                                <\/div>\r\n        <\/a>\r\n                    <\/div>\r\n        \r\n\r\n        <!-- Listing Item \/ End -->\n                    <\/div>\n                                      <div class=\"fw-carousel-item\">                    \n                        <!-- Listing Item -->\r\n            <div class=\"col-lg-6 col-md-12\">\r\n                <a href=\"https:\/\/cparici.com\/de\/annonce\/le-belvedere-vue-mer-6pers\/\"  class=\"listing-item-container listing-geo-data compact\" \r\n\t\tdata-title=\"Le Belv\u00e9d\u00e8re, Vue mer 6Pers\"\r\n\t\tdata-listing-type=\"rental\"\r\n\t\tdata-classifieds-price=\"\u20ac\"\r\n\t\tdata-friendly-address=\"Les Sables Blancs\"\r\n\t\tdata-address=\"Les Sables Blancs\"\r\n\t\tdata-image=\"https:\/\/cparici.com\/wp-content\/uploads\/2025\/01\/le-belvedere-3-520x397.jpg\"\r\n\t\tdata-longitude=\"-3.9304455\"\r\n\t\tdata-latitude=\"47.8818643\"\r\n\t\t\t\t\tdata-rating=\"0\"\r\n\t\t\tdata-reviews=\"0\"\r\n\t\t\t\tdata-icon=\"<svg xmlns=&quot;http:\/\/www.w3.org\/2000\/svg&quot; width=&quot;800px&quot; height=&quot;800px&quot; viewBox=&quot;0 0 45 45&quot; fill=&quot;none&quot;>\n<path d=&quot;M24.155 8.78099L24.33 8.94499L37.402 21.787L36 23.213L34.2 21.445L34.201 35C34.201 36.054 33.385 36.918 32.35 36.994L32.201 37H12.201C11.147 37 10.283 36.184 10.206 35.149L10.201 35L10.2 21.446L8.402 23.213L7 21.787L20.058 8.95799C21.171 7.82199 22.966 7.75899 24.155 8.78099ZM21.569 10.285L21.473 10.372L12.2 19.481L12.201 35L17.2 34.999L17.201 25C17.201 23.946 18.017 23.082 19.052 23.005L19.201 23H25.201C26.255 23 27.119 23.816 27.196 24.851L27.201 25L27.2 34.999L32.201 35L32.2 19.48L22.901 10.344C22.537 9.98699 21.969 9.96499 21.569 10.285ZM25.201 25H19.201L19.2 34.999H25.2L25.201 25Z&quot; fill=&quot;#3C3C3C&quot;\/>\n<\/svg>\"\r\n\r\n\t>\r\n            <div class=\"listing-item  \">\r\n                <div class=\"listing-small-badges-container\">\r\n                                                                <div class=\"listing-small-badge pricing-badge\"><i class=\"fa fa-tag\"><\/i>215,00\u20ac - 300,00\u20ac<\/div>\r\n                                                            \r\n                                        \r\n                                        \r\n                <\/div>\r\n                <img decoding=\"async\" src=\"https:\/\/cparici.com\/wp-content\/uploads\/2025\/01\/le-belvedere-3-520x397.jpg\" alt=\"Le Belv\u00e9d\u00e8re, Vue mer 6Pers\" class=\"listing-thumbnail\">\r\n                \r\n\r\n                <div class=\"listing-item-content\">\r\n                    \r\n                    <h3> Le Belv\u00e9d\u00e8re, Vue mer 6Pers <\/h3>\r\n                    <span>Les Sables Blancs<\/span>\r\n                <\/div>\r\n                                        <span class=\"save like-icon tooltip left\" title=\"Login To Bookmark Items\"><\/span>\r\n                                                <\/div>\r\n        <\/a>\r\n                    <\/div>\r\n        \r\n\r\n        <!-- Listing Item \/ End -->\n                    <\/div>\n                                      <div class=\"fw-carousel-item\">                    \n                        <!-- Listing Item -->\r\n            <div class=\"col-lg-6 col-md-12\">\r\n                <a href=\"https:\/\/cparici.com\/de\/annonce\/lecrin-2-4-pers\/\"  class=\"listing-item-container listing-geo-data compact\" \r\n\t\tdata-title=\"L\u2019Ecrin, 2-4 Pers\"\r\n\t\tdata-listing-type=\"rental\"\r\n\t\tdata-classifieds-price=\"\u20ac\"\r\n\t\tdata-friendly-address=\"Hyper-centre, Concarneau\"\r\n\t\tdata-address=\"Hyper-centre, Concarneau\"\r\n\t\tdata-image=\"https:\/\/cparici.com\/wp-content\/uploads\/2025\/01\/ecrin-1-520x397.jpg\"\r\n\t\tdata-longitude=\"-3.9195904\"\r\n\t\tdata-latitude=\"47.872971\"\r\n\t\t\t\t\tdata-rating=\"0\"\r\n\t\t\tdata-reviews=\"0\"\r\n\t\t\t\tdata-icon=\"<svg xmlns=&quot;http:\/\/www.w3.org\/2000\/svg&quot; width=&quot;800px&quot; height=&quot;800px&quot; viewBox=&quot;0 0 45 45&quot; fill=&quot;none&quot;>\n<path d=&quot;M24.155 8.78099L24.33 8.94499L37.402 21.787L36 23.213L34.2 21.445L34.201 35C34.201 36.054 33.385 36.918 32.35 36.994L32.201 37H12.201C11.147 37 10.283 36.184 10.206 35.149L10.201 35L10.2 21.446L8.402 23.213L7 21.787L20.058 8.95799C21.171 7.82199 22.966 7.75899 24.155 8.78099ZM21.569 10.285L21.473 10.372L12.2 19.481L12.201 35L17.2 34.999L17.201 25C17.201 23.946 18.017 23.082 19.052 23.005L19.201 23H25.201C26.255 23 27.119 23.816 27.196 24.851L27.201 25L27.2 34.999L32.201 35L32.2 19.48L22.901 10.344C22.537 9.98699 21.969 9.96499 21.569 10.285ZM25.201 25H19.201L19.2 34.999H25.2L25.201 25Z&quot; fill=&quot;#3C3C3C&quot;\/>\n<\/svg>\"\r\n\r\n\t>\r\n            <div class=\"listing-item  \">\r\n                <div class=\"listing-small-badges-container\">\r\n                                                                <div class=\"listing-small-badge pricing-badge\"><i class=\"fa fa-tag\"><\/i>Starts from 140,00\u20ac<\/div>\r\n                                                            \r\n                                        \r\n                                        \r\n                <\/div>\r\n                <img decoding=\"async\" src=\"https:\/\/cparici.com\/wp-content\/uploads\/2025\/01\/ecrin-1-520x397.jpg\" alt=\"L\u2019Ecrin, 2-4 Pers\" class=\"listing-thumbnail\">\r\n                \r\n\r\n                <div class=\"listing-item-content\">\r\n                    \r\n                    <h3> L\u2019Ecrin, 2-4 Pers <\/h3>\r\n                    <span>Hyper-centre, Concarneau<\/span>\r\n                <\/div>\r\n                                        <span class=\"save like-icon tooltip left\" title=\"Login To Bookmark Items\"><\/span>\r\n                                                <\/div>\r\n        <\/a>\r\n                    <\/div>\r\n        \r\n\r\n        <!-- Listing Item \/ End -->\n                    <\/div>\n                                      <div class=\"fw-carousel-item\">                    \n                        <!-- Listing Item -->\r\n            <div class=\"col-lg-6 col-md-12\">\r\n                <a href=\"https:\/\/cparici.com\/de\/annonce\/viki-thalasso-2-4-pers\/\"  class=\"listing-item-container listing-geo-data compact\" \r\n\t\tdata-title=\"VIKI-Thalasso, 2-4 Pers\"\r\n\t\tdata-listing-type=\"rental\"\r\n\t\tdata-classifieds-price=\"\u20ac\"\r\n\t\tdata-friendly-address=\"Les Sables Blancs\"\r\n\t\tdata-address=\"Les Sables Blancs\"\r\n\t\tdata-image=\"https:\/\/cparici.com\/wp-content\/uploads\/2025\/01\/Viki-1-520x397.jpg\"\r\n\t\tdata-longitude=\"-3.9305571\"\r\n\t\tdata-latitude=\"47.8807434\"\r\n\t\t\t\t\tdata-rating=\"0\"\r\n\t\t\tdata-reviews=\"0\"\r\n\t\t\t\tdata-icon=\"<svg xmlns=&quot;http:\/\/www.w3.org\/2000\/svg&quot; width=&quot;800px&quot; height=&quot;800px&quot; viewBox=&quot;0 0 45 45&quot; fill=&quot;none&quot;>\n<path d=&quot;M24.155 8.78099L24.33 8.94499L37.402 21.787L36 23.213L34.2 21.445L34.201 35C34.201 36.054 33.385 36.918 32.35 36.994L32.201 37H12.201C11.147 37 10.283 36.184 10.206 35.149L10.201 35L10.2 21.446L8.402 23.213L7 21.787L20.058 8.95799C21.171 7.82199 22.966 7.75899 24.155 8.78099ZM21.569 10.285L21.473 10.372L12.2 19.481L12.201 35L17.2 34.999L17.201 25C17.201 23.946 18.017 23.082 19.052 23.005L19.201 23H25.201C26.255 23 27.119 23.816 27.196 24.851L27.201 25L27.2 34.999L32.201 35L32.2 19.48L22.901 10.344C22.537 9.98699 21.969 9.96499 21.569 10.285ZM25.201 25H19.201L19.2 34.999H25.2L25.201 25Z&quot; fill=&quot;#3C3C3C&quot;\/>\n<\/svg>\"\r\n\r\n\t>\r\n            <div class=\"listing-item  \">\r\n                <div class=\"listing-small-badges-container\">\r\n                                                                <div class=\"listing-small-badge pricing-badge\"><i class=\"fa fa-tag\"><\/i>Starts from 97,00\u20ac<\/div>\r\n                                                            \r\n                                        \r\n                                        \r\n                <\/div>\r\n                <img decoding=\"async\" src=\"https:\/\/cparici.com\/wp-content\/uploads\/2025\/01\/Viki-1-520x397.jpg\" alt=\"VIKI-Thalasso, 2-4 Pers\" class=\"listing-thumbnail\">\r\n                \r\n\r\n                <div class=\"listing-item-content\">\r\n                    \r\n                    <h3> VIKI-Thalasso, 2-4 Pers <\/h3>\r\n                    <span>Les Sables Blancs<\/span>\r\n                <\/div>\r\n                                        <span class=\"save like-icon tooltip left\" title=\"Login To Bookmark Items\"><\/span>\r\n                                                <\/div>\r\n        <\/a>\r\n                    <\/div>\r\n        \r\n\r\n        <!-- Listing Item \/ End -->\n                    <\/div>\n                                      <div class=\"fw-carousel-item\">                    \n                        <!-- Listing Item -->\r\n            <div class=\"col-lg-6 col-md-12\">\r\n                <a href=\"https:\/\/cparici.com\/de\/annonce\/roby-6-pers-2\/\"  class=\"listing-item-container listing-geo-data compact\" \r\n\t\tdata-title=\"Roby, 6 Pers\"\r\n\t\tdata-listing-type=\"rental\"\r\n\t\tdata-classifieds-price=\"\u20ac\"\r\n\t\tdata-friendly-address=\"Tr\u00e9gunc\"\r\n\t\tdata-address=\"Tr\u00e9gunc\"\r\n\t\tdata-image=\"https:\/\/cparici.com\/wp-content\/uploads\/2025\/01\/Roby-1-520x397.jpg\"\r\n\t\tdata-longitude=\"-3.841297699999999\"\r\n\t\tdata-latitude=\"47.8522621\"\r\n\t\t\t\t\tdata-rating=\"0\"\r\n\t\t\tdata-reviews=\"0\"\r\n\t\t\t\tdata-icon=\"<svg xmlns=&quot;http:\/\/www.w3.org\/2000\/svg&quot; width=&quot;800px&quot; height=&quot;800px&quot; viewBox=&quot;0 0 45 45&quot; fill=&quot;none&quot;>\n<path d=&quot;M24.155 8.78099L24.33 8.94499L37.402 21.787L36 23.213L34.2 21.445L34.201 35C34.201 36.054 33.385 36.918 32.35 36.994L32.201 37H12.201C11.147 37 10.283 36.184 10.206 35.149L10.201 35L10.2 21.446L8.402 23.213L7 21.787L20.058 8.95799C21.171 7.82199 22.966 7.75899 24.155 8.78099ZM21.569 10.285L21.473 10.372L12.2 19.481L12.201 35L17.2 34.999L17.201 25C17.201 23.946 18.017 23.082 19.052 23.005L19.201 23H25.201C26.255 23 27.119 23.816 27.196 24.851L27.201 25L27.2 34.999L32.201 35L32.2 19.48L22.901 10.344C22.537 9.98699 21.969 9.96499 21.569 10.285ZM25.201 25H19.201L19.2 34.999H25.2L25.201 25Z&quot; fill=&quot;#3C3C3C&quot;\/>\n<\/svg>\"\r\n\r\n\t>\r\n            <div class=\"listing-item  \">\r\n                <div class=\"listing-small-badges-container\">\r\n                                                                <div class=\"listing-small-badge pricing-badge\"><i class=\"fa fa-tag\"><\/i>Starts from 150,00\u20ac<\/div>\r\n                                                            \r\n                                        \r\n                                        \r\n                <\/div>\r\n                <img decoding=\"async\" src=\"https:\/\/cparici.com\/wp-content\/uploads\/2025\/01\/Roby-1-520x397.jpg\" alt=\"Roby, 6 Pers\" class=\"listing-thumbnail\">\r\n                \r\n\r\n                <div class=\"listing-item-content\">\r\n                    \r\n                    <h3> Roby, 6 Pers <\/h3>\r\n                    <span>Tr\u00e9gunc<\/span>\r\n                <\/div>\r\n                                        <span class=\"save like-icon tooltip left\" title=\"Login To Bookmark Items\"><\/span>\r\n                                                <\/div>\r\n        <\/a>\r\n                    <\/div>\r\n        \r\n\r\n        <!-- Listing Item \/ End -->\n                    <\/div>\n                                      <div class=\"fw-carousel-item\">                    \n                        <!-- Listing Item -->\r\n            <div class=\"col-lg-6 col-md-12\">\r\n                <a href=\"https:\/\/cparici.com\/de\/annonce\/rosemarine-2-4-pers-3\/\"  class=\"listing-item-container listing-geo-data compact\" \r\n\t\tdata-title=\"Rosemarine, 2-4 Pers\"\r\n\t\tdata-listing-type=\"rental\"\r\n\t\tdata-classifieds-price=\"\u20ac\"\r\n\t\tdata-friendly-address=\"La Corniche\"\r\n\t\tdata-address=\"La Corniche\"\r\n\t\tdata-image=\"https:\/\/cparici.com\/wp-content\/uploads\/2025\/01\/Rosemarine-1-520x397.jpg\"\r\n\t\tdata-longitude=\"-3.917989999999999\"\r\n\t\tdata-latitude=\"47.86985079999999\"\r\n\t\t\t\t\tdata-rating=\"0\"\r\n\t\t\tdata-reviews=\"0\"\r\n\t\t\t\tdata-icon=\"<svg xmlns=&quot;http:\/\/www.w3.org\/2000\/svg&quot; width=&quot;800px&quot; height=&quot;800px&quot; viewBox=&quot;0 0 45 45&quot; fill=&quot;none&quot;>\n<path d=&quot;M24.155 8.78099L24.33 8.94499L37.402 21.787L36 23.213L34.2 21.445L34.201 35C34.201 36.054 33.385 36.918 32.35 36.994L32.201 37H12.201C11.147 37 10.283 36.184 10.206 35.149L10.201 35L10.2 21.446L8.402 23.213L7 21.787L20.058 8.95799C21.171 7.82199 22.966 7.75899 24.155 8.78099ZM21.569 10.285L21.473 10.372L12.2 19.481L12.201 35L17.2 34.999L17.201 25C17.201 23.946 18.017 23.082 19.052 23.005L19.201 23H25.201C26.255 23 27.119 23.816 27.196 24.851L27.201 25L27.2 34.999L32.201 35L32.2 19.48L22.901 10.344C22.537 9.98699 21.969 9.96499 21.569 10.285ZM25.201 25H19.201L19.2 34.999H25.2L25.201 25Z&quot; fill=&quot;#3C3C3C&quot;\/>\n<\/svg>\"\r\n\r\n\t>\r\n            <div class=\"listing-item  \">\r\n                <div class=\"listing-small-badges-container\">\r\n                                                                <div class=\"listing-small-badge pricing-badge\"><i class=\"fa fa-tag\"><\/i>Starts from 140,00\u20ac<\/div>\r\n                                                            \r\n                                        \r\n                                        \r\n                <\/div>\r\n                <img decoding=\"async\" src=\"https:\/\/cparici.com\/wp-content\/uploads\/2025\/01\/Rosemarine-1-520x397.jpg\" alt=\"Rosemarine, 2-4 Pers\" class=\"listing-thumbnail\">\r\n                \r\n\r\n                <div class=\"listing-item-content\">\r\n                    \r\n                    <h3> Rosemarine, 2-4 Pers <\/h3>\r\n                    <span>La Corniche<\/span>\r\n                <\/div>\r\n                                        <span class=\"save like-icon tooltip left\" title=\"Login To Bookmark Items\"><\/span>\r\n                                                <\/div>\r\n        <\/a>\r\n                    <\/div>\r\n        \r\n\r\n        <!-- Listing Item \/ End -->\n                    <\/div>\n                                      <div class=\"fw-carousel-item\">                    \n                        <!-- Listing Item -->\r\n            <div class=\"col-lg-6 col-md-12\">\r\n                <a href=\"https:\/\/cparici.com\/de\/annonce\/ty-noe-appartement-4-pers-concarneau\/\"  class=\"listing-item-container listing-geo-data compact\" \r\n\t\tdata-title=\"TY-NOE Appartement 4 Pers Concarneau\"\r\n\t\tdata-listing-type=\"rental\"\r\n\t\tdata-classifieds-price=\"\u20ac\"\r\n\t\tdata-friendly-address=\"Concarneau Centre ville Plage \u00e0 pied\"\r\n\t\tdata-address=\"Concarneau Centre ville Plage \u00e0 pied\"\r\n\t\tdata-image=\"https:\/\/cparici.com\/wp-content\/uploads\/2026\/03\/coin-salon-ty-noe-maison-vacances-concarneau-520x397.jpg\"\r\n\t\tdata-longitude=\"-3.926947116851807\"\r\n\t\tdata-latitude=\"47.87317453571676\"\r\n\t\t\t\t\tdata-rating=\"0\"\r\n\t\t\tdata-reviews=\"0\"\r\n\t\t\t\tdata-icon=\"<svg xmlns=&quot;http:\/\/www.w3.org\/2000\/svg&quot; width=&quot;800px&quot; height=&quot;800px&quot; viewBox=&quot;0 0 45 45&quot; fill=&quot;none&quot;>\n<path d=&quot;M24.155 8.78099L24.33 8.94499L37.402 21.787L36 23.213L34.2 21.445L34.201 35C34.201 36.054 33.385 36.918 32.35 36.994L32.201 37H12.201C11.147 37 10.283 36.184 10.206 35.149L10.201 35L10.2 21.446L8.402 23.213L7 21.787L20.058 8.95799C21.171 7.82199 22.966 7.75899 24.155 8.78099ZM21.569 10.285L21.473 10.372L12.2 19.481L12.201 35L17.2 34.999L17.201 25C17.201 23.946 18.017 23.082 19.052 23.005L19.201 23H25.201C26.255 23 27.119 23.816 27.196 24.851L27.201 25L27.2 34.999L32.201 35L32.2 19.48L22.901 10.344C22.537 9.98699 21.969 9.96499 21.569 10.285ZM25.201 25H19.201L19.2 34.999H25.2L25.201 25Z&quot; fill=&quot;#3C3C3C&quot;\/>\n<\/svg>\"\r\n\r\n\t>\r\n            <div class=\"listing-item  \">\r\n                <div class=\"listing-small-badges-container\">\r\n                                                                <div class=\"listing-small-badge pricing-badge\"><i class=\"fa fa-tag\"><\/i>160,00\u20ac - 0,00\u20ac<\/div>\r\n                                                            \r\n                                        \r\n                                        \r\n                <\/div>\r\n                <img decoding=\"async\" src=\"https:\/\/cparici.com\/wp-content\/uploads\/2026\/03\/coin-salon-ty-noe-maison-vacances-concarneau-520x397.jpg\" alt=\"TY-NOE Appartement 4 Pers Concarneau\" class=\"listing-thumbnail\">\r\n                \r\n\r\n                <div class=\"listing-item-content\">\r\n                    \r\n                    <h3> TY-NOE Appartement 4 Pers Concarneau <\/h3>\r\n                    <span>Concarneau Centre ville Plage \u00e0 pied<\/span>\r\n                <\/div>\r\n                                        <span class=\"save like-icon tooltip left\" title=\"Login To Bookmark Items\"><\/span>\r\n                                                <\/div>\r\n        <\/a>\r\n                    <\/div>\r\n        \r\n\r\n        <!-- Listing Item \/ End -->\n                    <\/div>\n                                      <div class=\"fw-carousel-item\">                    \n                        <!-- Listing Item -->\r\n            <div class=\"col-lg-6 col-md-12\">\r\n                <a href=\"https:\/\/cparici.com\/de\/annonce\/le-rospico-appartement-vue-mer-nevez\/\"  class=\"listing-item-container listing-geo-data compact\" \r\n\t\tdata-title=\"Le Rospico, Appartement Vue Mer N\u00e9vez\"\r\n\t\tdata-listing-type=\"rental\"\r\n\t\tdata-classifieds-price=\"\u20ac\"\r\n\t\tdata-friendly-address=\"Plage de Rospico, N\u00e9vez\"\r\n\t\tdata-address=\"Plage de Rospico, N\u00e9vez\"\r\n\t\tdata-image=\"https:\/\/cparici.com\/wp-content\/uploads\/2026\/03\/anse-de-rospico-520x397.jpg\"\r\n\t\tdata-longitude=\"-3.765314324812224\"\r\n\t\tdata-latitude=\"47.79152794554884\"\r\n\t\t\t\t\tdata-rating=\"0\"\r\n\t\t\tdata-reviews=\"0\"\r\n\t\t\t\tdata-icon=\"<svg xmlns=&quot;http:\/\/www.w3.org\/2000\/svg&quot; width=&quot;800px&quot; height=&quot;800px&quot; viewBox=&quot;0 0 45 45&quot; fill=&quot;none&quot;>\n<path d=&quot;M24.155 8.78099L24.33 8.94499L37.402 21.787L36 23.213L34.2 21.445L34.201 35C34.201 36.054 33.385 36.918 32.35 36.994L32.201 37H12.201C11.147 37 10.283 36.184 10.206 35.149L10.201 35L10.2 21.446L8.402 23.213L7 21.787L20.058 8.95799C21.171 7.82199 22.966 7.75899 24.155 8.78099ZM21.569 10.285L21.473 10.372L12.2 19.481L12.201 35L17.2 34.999L17.201 25C17.201 23.946 18.017 23.082 19.052 23.005L19.201 23H25.201C26.255 23 27.119 23.816 27.196 24.851L27.201 25L27.2 34.999L32.201 35L32.2 19.48L22.901 10.344C22.537 9.98699 21.969 9.96499 21.569 10.285ZM25.201 25H19.201L19.2 34.999H25.2L25.201 25Z&quot; fill=&quot;#3C3C3C&quot;\/>\n<\/svg>\"\r\n\r\n\t>\r\n            <div class=\"listing-item  \">\r\n                <div class=\"listing-small-badges-container\">\r\n                                                                <div class=\"listing-small-badge pricing-badge\"><i class=\"fa fa-tag\"><\/i>160,00\u20ac - 0,00\u20ac<\/div>\r\n                                                            \r\n                                        \r\n                                        \r\n                <\/div>\r\n                <img decoding=\"async\" src=\"https:\/\/cparici.com\/wp-content\/uploads\/2026\/03\/anse-de-rospico-520x397.jpg\" alt=\"Le Rospico, Appartement Vue Mer N\u00e9vez\" class=\"listing-thumbnail\">\r\n                \r\n\r\n                <div class=\"listing-item-content\">\r\n                    \r\n                    <h3> Le Rospico, Appartement Vue Mer N\u00e9vez <\/h3>\r\n                    <span>Plage de Rospico, N\u00e9vez<\/span>\r\n                <\/div>\r\n                                        <span class=\"save like-icon tooltip left\" title=\"Login To Bookmark Items\"><\/span>\r\n                                                <\/div>\r\n        <\/a>\r\n                    <\/div>\r\n        \r\n\r\n        <!-- Listing Item \/ End -->\n                    <\/div>\n                                      <div class=\"fw-carousel-item\">                    \n                        <!-- Listing Item -->\r\n            <div class=\"col-lg-6 col-md-12\">\r\n                <a href=\"https:\/\/cparici.com\/de\/annonce\/evasion-marine-2-4-pers\/\"  class=\"listing-item-container listing-geo-data compact\" \r\n\t\tdata-title=\"Evasion Marine, 2-4 pers\"\r\n\t\tdata-listing-type=\"rental\"\r\n\t\tdata-classifieds-price=\"\u20ac\"\r\n\t\tdata-friendly-address=\"Les Sables Blancs\"\r\n\t\tdata-address=\"Les Sables Blancs\"\r\n\t\tdata-image=\"https:\/\/cparici.com\/wp-content\/uploads\/2025\/01\/evasion-marine-1-520x397.jpg\"\r\n\t\tdata-longitude=\"-3.930070000000001\"\r\n\t\tdata-latitude=\"47.88204939999999\"\r\n\t\t\t\t\tdata-rating=\"0\"\r\n\t\t\tdata-reviews=\"0\"\r\n\t\t\t\tdata-icon=\"<svg xmlns=&quot;http:\/\/www.w3.org\/2000\/svg&quot; width=&quot;800px&quot; height=&quot;800px&quot; viewBox=&quot;0 0 45 45&quot; fill=&quot;none&quot;>\n<path d=&quot;M24.155 8.78099L24.33 8.94499L37.402 21.787L36 23.213L34.2 21.445L34.201 35C34.201 36.054 33.385 36.918 32.35 36.994L32.201 37H12.201C11.147 37 10.283 36.184 10.206 35.149L10.201 35L10.2 21.446L8.402 23.213L7 21.787L20.058 8.95799C21.171 7.82199 22.966 7.75899 24.155 8.78099ZM21.569 10.285L21.473 10.372L12.2 19.481L12.201 35L17.2 34.999L17.201 25C17.201 23.946 18.017 23.082 19.052 23.005L19.201 23H25.201C26.255 23 27.119 23.816 27.196 24.851L27.201 25L27.2 34.999L32.201 35L32.2 19.48L22.901 10.344C22.537 9.98699 21.969 9.96499 21.569 10.285ZM25.201 25H19.201L19.2 34.999H25.2L25.201 25Z&quot; fill=&quot;#3C3C3C&quot;\/>\n<\/svg>\"\r\n\r\n\t>\r\n            <div class=\"listing-item  \">\r\n                <div class=\"listing-small-badges-container\">\r\n                                                                <div class=\"listing-small-badge pricing-badge\"><i class=\"fa fa-tag\"><\/i>Starts from 85,00\u20ac<\/div>\r\n                                                            \r\n                                        \r\n                                        \r\n                <\/div>\r\n                <img decoding=\"async\" src=\"https:\/\/cparici.com\/wp-content\/uploads\/2025\/01\/evasion-marine-1-520x397.jpg\" alt=\"Evasion Marine, 2-4 pers\" class=\"listing-thumbnail\">\r\n                \r\n\r\n                <div class=\"listing-item-content\">\r\n                    \r\n                    <h3> Evasion Marine, 2-4 pers <\/h3>\r\n                    <span>Les Sables Blancs<\/span>\r\n                <\/div>\r\n                                        <span class=\"save like-icon tooltip left\" title=\"Login To Bookmark Items\"><\/span>\r\n                                                <\/div>\r\n        <\/a>\r\n                    <\/div>\r\n        \r\n\r\n        <!-- Listing Item \/ End -->\n                    <\/div>\n                                      <div class=\"fw-carousel-item\">                    \n                        <!-- Listing Item -->\r\n            <div class=\"col-lg-6 col-md-12\">\r\n                <a href=\"https:\/\/cparici.com\/de\/annonce\/l-appart-quimperois\/\"  class=\"listing-item-container listing-geo-data compact\" \r\n\t\tdata-title=\"L\u2019 Appart Quimp\u00e9rois\"\r\n\t\tdata-listing-type=\"rental\"\r\n\t\tdata-classifieds-price=\"\u20ac\"\r\n\t\tdata-friendly-address=\"Quimper, France\"\r\n\t\tdata-address=\"Quimper, France\"\r\n\t\tdata-image=\"https:\/\/cparici.com\/wp-content\/uploads\/2025\/10\/IMG_2378-520x397.jpeg\"\r\n\t\tdata-longitude=\"-4.0996181\"\r\n\t\tdata-latitude=\"48.0000428\"\r\n\t\t\t\t\tdata-rating=\"0\"\r\n\t\t\tdata-reviews=\"0\"\r\n\t\t\t\tdata-icon=\"<svg xmlns=&quot;http:\/\/www.w3.org\/2000\/svg&quot; width=&quot;800px&quot; height=&quot;800px&quot; viewBox=&quot;0 0 45 45&quot; fill=&quot;none&quot;>\n<path d=&quot;M24.155 8.78099L24.33 8.94499L37.402 21.787L36 23.213L34.2 21.445L34.201 35C34.201 36.054 33.385 36.918 32.35 36.994L32.201 37H12.201C11.147 37 10.283 36.184 10.206 35.149L10.201 35L10.2 21.446L8.402 23.213L7 21.787L20.058 8.95799C21.171 7.82199 22.966 7.75899 24.155 8.78099ZM21.569 10.285L21.473 10.372L12.2 19.481L12.201 35L17.2 34.999L17.201 25C17.201 23.946 18.017 23.082 19.052 23.005L19.201 23H25.201C26.255 23 27.119 23.816 27.196 24.851L27.201 25L27.2 34.999L32.201 35L32.2 19.48L22.901 10.344C22.537 9.98699 21.969 9.96499 21.569 10.285ZM25.201 25H19.201L19.2 34.999H25.2L25.201 25Z&quot; fill=&quot;#3C3C3C&quot;\/>\n<\/svg>\"\r\n\r\n\t>\r\n            <div class=\"listing-item  featured-listing\">\r\n                <div class=\"listing-small-badges-container\">\r\n                                            <div class=\"listing-small-badge featured-badge\"><i class=\"fa fa-star\"><\/i> Featured<\/div>\r\n                                                                <div class=\"listing-small-badge pricing-badge\"><i class=\"fa fa-tag\"><\/i>85,00\u20ac - 140,00\u20ac<\/div>\r\n                                                            \r\n                                        \r\n                                        \r\n                <\/div>\r\n                <img decoding=\"async\" src=\"https:\/\/cparici.com\/wp-content\/uploads\/2025\/10\/IMG_2378-520x397.jpeg\" alt=\"L\u2019 Appart Quimp\u00e9rois\" class=\"listing-thumbnail\">\r\n                \r\n\r\n                <div class=\"listing-item-content\">\r\n                    \r\n                    <h3> L\u2019 Appart Quimp\u00e9rois <\/h3>\r\n                    <span>Quimper, France<\/span>\r\n                <\/div>\r\n                                        <span class=\"save like-icon tooltip left\" title=\"Login To Bookmark Items\"><\/span>\r\n                                                <\/div>\r\n        <\/a>\r\n                    <\/div>\r\n        \r\n\r\n        <!-- Listing Item \/ End -->\n                    <\/div>\n                                      <div class=\"fw-carousel-item\">                    \n                        <!-- Listing Item -->\r\n            <div class=\"col-lg-6 col-md-12\">\r\n                <a href=\"https:\/\/cparici.com\/de\/annonce\/appartement-le-phare-2-pers\/\"  class=\"listing-item-container listing-geo-data compact\" \r\n\t\tdata-title=\"Appartement Le Phare, 2 pers\"\r\n\t\tdata-listing-type=\"rental\"\r\n\t\tdata-classifieds-price=\"\u20ac\"\r\n\t\tdata-friendly-address=\"Avenue des Sables Blancs\"\r\n\t\tdata-address=\"Avenue des Sables Blancs\"\r\n\t\tdata-image=\"https:\/\/cparici.com\/wp-content\/uploads\/2025\/01\/DSC1538-520x397.jpg\"\r\n\t\tdata-longitude=\"-3.9297422\"\r\n\t\tdata-latitude=\"47.8785418\"\r\n\t\t\t\t\tdata-rating=\"0\"\r\n\t\t\tdata-reviews=\"0\"\r\n\t\t\t\tdata-icon=\"<svg xmlns=&quot;http:\/\/www.w3.org\/2000\/svg&quot; width=&quot;800px&quot; height=&quot;800px&quot; viewBox=&quot;0 0 45 45&quot; fill=&quot;none&quot;>\n<path d=&quot;M24.155 8.78099L24.33 8.94499L37.402 21.787L36 23.213L34.2 21.445L34.201 35C34.201 36.054 33.385 36.918 32.35 36.994L32.201 37H12.201C11.147 37 10.283 36.184 10.206 35.149L10.201 35L10.2 21.446L8.402 23.213L7 21.787L20.058 8.95799C21.171 7.82199 22.966 7.75899 24.155 8.78099ZM21.569 10.285L21.473 10.372L12.2 19.481L12.201 35L17.2 34.999L17.201 25C17.201 23.946 18.017 23.082 19.052 23.005L19.201 23H25.201C26.255 23 27.119 23.816 27.196 24.851L27.201 25L27.2 34.999L32.201 35L32.2 19.48L22.901 10.344C22.537 9.98699 21.969 9.96499 21.569 10.285ZM25.201 25H19.201L19.2 34.999H25.2L25.201 25Z&quot; fill=&quot;#3C3C3C&quot;\/>\n<\/svg>\"\r\n\r\n\t>\r\n            <div class=\"listing-item  \">\r\n                <div class=\"listing-small-badges-container\">\r\n                                                                <div class=\"listing-small-badge pricing-badge\"><i class=\"fa fa-tag\"><\/i>110,00\u20ac - 0,00\u20ac<\/div>\r\n                                                            \r\n                                        \r\n                                        \r\n                <\/div>\r\n                <img decoding=\"async\" src=\"https:\/\/cparici.com\/wp-content\/uploads\/2025\/01\/DSC1538-520x397.jpg\" alt=\"Appartement Le Phare, 2 pers\" class=\"listing-thumbnail\">\r\n                \r\n\r\n                <div class=\"listing-item-content\">\r\n                    \r\n                    <h3> Appartement Le Phare, 2 pers <i class=\"verified-icon\"><\/i><\/h3>\r\n                    <span>Avenue des Sables Blancs<\/span>\r\n                <\/div>\r\n                                        <span class=\"save like-icon tooltip left\" title=\"Login To Bookmark Items\"><\/span>\r\n                                                <\/div>\r\n        <\/a>\r\n                    <\/div>\r\n        \r\n\r\n        <!-- Listing Item \/ End -->\n                    <\/div>\n                                      <div class=\"fw-carousel-item\">                    \n                        <!-- Listing Item -->\r\n            <div class=\"col-lg-6 col-md-12\">\r\n                <a href=\"https:\/\/cparici.com\/de\/annonce\/la-rose-des-vents-8-pers\/\"  class=\"listing-item-container listing-geo-data compact\" \r\n\t\tdata-title=\"La Rose des Vents, 8 Pers\"\r\n\t\tdata-listing-type=\"rental\"\r\n\t\tdata-classifieds-price=\"\u20ac\"\r\n\t\tdata-friendly-address=\"Le Rouz\"\r\n\t\tdata-address=\"Le Rouz\"\r\n\t\tdata-image=\"https:\/\/cparici.com\/wp-content\/uploads\/2025\/01\/la-rose-des-vents-2-520x397.jpg\"\r\n\t\tdata-longitude=\"-3.9069835\"\r\n\t\tdata-latitude=\"47.8674861\"\r\n\t\t\t\t\tdata-rating=\"0\"\r\n\t\t\tdata-reviews=\"0\"\r\n\t\t\t\tdata-icon=\"<svg xmlns=&quot;http:\/\/www.w3.org\/2000\/svg&quot; width=&quot;800px&quot; height=&quot;800px&quot; viewBox=&quot;0 0 45 45&quot; fill=&quot;none&quot;>\n<path d=&quot;M24.155 8.78099L24.33 8.94499L37.402 21.787L36 23.213L34.2 21.445L34.201 35C34.201 36.054 33.385 36.918 32.35 36.994L32.201 37H12.201C11.147 37 10.283 36.184 10.206 35.149L10.201 35L10.2 21.446L8.402 23.213L7 21.787L20.058 8.95799C21.171 7.82199 22.966 7.75899 24.155 8.78099ZM21.569 10.285L21.473 10.372L12.2 19.481L12.201 35L17.2 34.999L17.201 25C17.201 23.946 18.017 23.082 19.052 23.005L19.201 23H25.201C26.255 23 27.119 23.816 27.196 24.851L27.201 25L27.2 34.999L32.201 35L32.2 19.48L22.901 10.344C22.537 9.98699 21.969 9.96499 21.569 10.285ZM25.201 25H19.201L19.2 34.999H25.2L25.201 25Z&quot; fill=&quot;#3C3C3C&quot;\/>\n<\/svg>\"\r\n\r\n\t>\r\n            <div class=\"listing-item  \">\r\n                <div class=\"listing-small-badges-container\">\r\n                                                                <div class=\"listing-small-badge pricing-badge\"><i class=\"fa fa-tag\"><\/i>191,00\u20ac - 240,00\u20ac<\/div>\r\n                                                            \r\n                                        \r\n                                        \r\n                <\/div>\r\n                <img decoding=\"async\" src=\"https:\/\/cparici.com\/wp-content\/uploads\/2025\/01\/la-rose-des-vents-2-520x397.jpg\" alt=\"La Rose des Vents, 8 Pers\" class=\"listing-thumbnail\">\r\n                \r\n\r\n                <div class=\"listing-item-content\">\r\n                    \r\n                    <h3> La Rose des Vents, 8 Pers <\/h3>\r\n                    <span>Le Rouz<\/span>\r\n                <\/div>\r\n                                        <span class=\"save like-icon tooltip left\" title=\"Login To Bookmark Items\"><\/span>\r\n                                                <\/div>\r\n        <\/a>\r\n                    <\/div>\r\n        \r\n\r\n        <!-- Listing Item \/ End -->\n                    <\/div>\n                          <\/div>\n        \t\t\t\t<\/div>\n\t\t\t\t<\/div>\n\t\t\t\t\t<\/div>\n\t\t\t\t<\/aside>\n\t\t<div class=\"elementor-element elementor-element-6d9c20e e-flex e-con-boxed e-con e-parent\" data-id=\"6d9c20e\" data-element_type=\"container\" data-e-type=\"container\">\n\t\t\t\t\t<div class=\"e-con-inner\">\n\t\t<div class=\"elementor-element elementor-element-6cd8648 e-con-full e-flex e-con e-child\" data-id=\"6cd8648\" data-element_type=\"container\" data-e-type=\"container\">\n\t\t\t\t<div class=\"elementor-element elementor-element-47eccd43 elementor-widget elementor-widget-heading\" data-id=\"47eccd43\" data-element_type=\"widget\" data-e-type=\"widget\" data-widget_type=\"heading.default\">\n\t\t\t\t\t<h2 class=\"elementor-heading-title elementor-size-default\">Comment acc\u00e9der \u00e0 la ville close de Concarneau?<\/h2>\t\t\t\t<\/div>\n\t\t\t\t<div class=\"elementor-element elementor-element-496089fb elementor-widget elementor-widget-text-editor\" data-id=\"496089fb\" data-element_type=\"widget\" data-e-type=\"widget\" data-widget_type=\"text-editor.default\">\n\t\t\t\t\t\t\t\t\t<p>Pour acc\u00e9der \u00e0 la ville close, il faut entrer dans la ville de Concarneau et descendre jusqu\u2019au port. Vous pouvez emprunter la rue de Quimper, puis l\u2019avenue de la gare et enfin l\u2019avenue Pierre Gu\u00e9guin.<\/p><p>Un autre moyen d\u2019acc\u00e9der \u00e0 la ville close est d\u2019emprunter une navette (le bac du passage)qui vous fera traverser pour une somme modique la rade de Concarneau. Pour cela, il faut vous rendre rue Mauduit Duplessis, direction le passage Lanriec.<\/p>\t\t\t\t\t\t\t\t<\/div>\n\t\t\t\t<\/div>\n\t\t<div class=\"elementor-element elementor-element-4873c5be e-con-full e-flex e-con e-child\" data-id=\"4873c5be\" data-element_type=\"container\" data-e-type=\"container\">\n\t\t\t\t<div class=\"elementor-element elementor-element-3b33372 elementor-widget elementor-widget-heading\" data-id=\"3b33372\" data-element_type=\"widget\" data-e-type=\"widget\" data-widget_type=\"heading.default\">\n\t\t\t\t\t<h2 class=\"elementor-heading-title elementor-size-default\">O\u00f9 se stationner pour visiter la cit\u00e9 fortifi\u00e9e de Concarneau?<\/h2>\t\t\t\t<\/div>\n\t\t\t\t<div class=\"elementor-element elementor-element-fb309bb elementor-widget elementor-widget-text-editor\" data-id=\"fb309bb\" data-element_type=\"widget\" data-e-type=\"widget\" data-widget_type=\"text-editor.default\">\n\t\t\t\t\t\t\t\t\t<p>Si vous acc\u00e9dez \u00e0 la ville close \u00e0 pied, le mieux est de se garer sur un des parkings de l\u2019avenue Pierre Gu\u00e9guin, le parking Peneroff, ou le parking de l\u2019office de tourisme de Concarneau. Attention, les jours de march\u00e9, une partie du parking Peneroff n\u2019est pas accessible. Le parking est payant, selon les p\u00e9riodes et jours de visite.<\/p>\t\t\t\t\t\t\t\t<\/div>\n\t\t\t\t<\/div>\n\t\t\t\t\t<\/div>\n\t\t\t\t<\/div>\n\t\t<div class=\"elementor-element elementor-element-25de774f e-flex e-con-boxed e-con e-parent\" data-id=\"25de774f\" data-element_type=\"container\" data-e-type=\"container\">\n\t\t\t\t\t<div class=\"e-con-inner\">\n\t\t<div class=\"elementor-element elementor-element-22a34d7 e-con-full e-flex e-con e-child\" data-id=\"22a34d7\" data-element_type=\"container\" data-e-type=\"container\">\n\t\t\t\t<div class=\"elementor-element elementor-element-64c0c69c elementor-widget elementor-widget-image\" data-id=\"64c0c69c\" data-element_type=\"widget\" data-e-type=\"widget\" data-widget_type=\"image.default\">\n\t\t\t\t\t\t\t\t\t\t\t\t\t\t\t<img decoding=\"async\" width=\"760\" height=\"501\" src=\"https:\/\/cparici.com\/wp-content\/uploads\/2024\/06\/Concarneau-ville-close-vue-aerienne-1024x675.jpg\" class=\"attachment-large size-large wp-image-35905\" alt=\"\" srcset=\"https:\/\/cparici.com\/wp-content\/uploads\/2024\/06\/Concarneau-ville-close-vue-aerienne-1024x675.jpg 1024w, https:\/\/cparici.com\/wp-content\/uploads\/2024\/06\/Concarneau-ville-close-vue-aerienne-600x395.jpg 600w, https:\/\/cparici.com\/wp-content\/uploads\/2024\/06\/Concarneau-ville-close-vue-aerienne-300x198.jpg 300w, https:\/\/cparici.com\/wp-content\/uploads\/2024\/06\/Concarneau-ville-close-vue-aerienne-768x506.jpg 768w, https:\/\/cparici.com\/wp-content\/uploads\/2024\/06\/Concarneau-ville-close-vue-aerienne-1536x1012.jpg 1536w, https:\/\/cparici.com\/wp-content\/uploads\/2024\/06\/Concarneau-ville-close-vue-aerienne.jpg 1920w\" sizes=\"(max-width: 760px) 100vw, 760px\">\t\t\t\t\t\t\t\t\t\t\t\t\t\t\t<\/div>\n\t\t\t\t<\/div>\n\t\t<div class=\"elementor-element elementor-element-510e6019 e-con-full e-flex e-con e-child\" data-id=\"510e6019\" data-element_type=\"container\" data-e-type=\"container\">\n\t\t\t\t<div class=\"elementor-element elementor-element-398a34f4 elementor-widget elementor-widget-image\" data-id=\"398a34f4\" data-element_type=\"widget\" data-e-type=\"widget\" data-widget_type=\"image.default\">\n\t\t\t\t\t\t\t\t\t\t\t\t\t\t\t<img decoding=\"async\" width=\"760\" height=\"501\" src=\"https:\/\/cparici.com\/wp-content\/uploads\/2024\/06\/crepe-oeuf-1024x675.jpg\" class=\"attachment-large size-large wp-image-37943\" alt=\"cr\u00eaperie ville close\" srcset=\"https:\/\/cparici.com\/wp-content\/uploads\/2024\/06\/crepe-oeuf-1024x675.jpg 1024w, https:\/\/cparici.com\/wp-content\/uploads\/2024\/06\/crepe-oeuf-600x395.jpg 600w, https:\/\/cparici.com\/wp-content\/uploads\/2024\/06\/crepe-oeuf-300x198.jpg 300w, https:\/\/cparici.com\/wp-content\/uploads\/2024\/06\/crepe-oeuf-768x506.jpg 768w, https:\/\/cparici.com\/wp-content\/uploads\/2024\/06\/crepe-oeuf-1536x1012.jpg 1536w, https:\/\/cparici.com\/wp-content\/uploads\/2024\/06\/crepe-oeuf.jpg 1920w\" sizes=\"(max-width: 760px) 100vw, 760px\" \/>\t\t\t\t\t\t\t\t\t\t\t\t\t\t\t<\/div>\n\t\t\t\t<\/div>\n\t\t\t\t\t<\/div>\n\t\t\t\t<\/div>\n\t\t<div class=\"elementor-element elementor-element-1ba3e90 e-flex e-con-boxed e-con e-parent\" data-id=\"1ba3e90\" data-element_type=\"container\" data-e-type=\"container\">\n\t\t\t\t\t<div class=\"e-con-inner\">\n\t\t\t\t<div class=\"elementor-element elementor-element-2766588 elementor-widget-divider--view-line_icon elementor-view-default elementor-widget-divider--element-align-center elementor-widget elementor-widget-divider\" data-id=\"2766588\" data-element_type=\"widget\" data-e-type=\"widget\" data-widget_type=\"divider.default\">\n\t\t\t\t\t\t\t<div class=\"elementor-divider\">\n\t\t\t<span class=\"elementor-divider-separator\">\n\t\t\t\t\t\t\t<div class=\"elementor-icon elementor-divider__element\">\n\t\t\t\t\t<svg aria-hidden=\"true\" class=\"e-font-icon-svg e-fas-street-view\" viewBox=\"0 0 512 512\" xmlns=\"http:\/\/www.w3.org\/2000\/svg\"><path d=\"M367.9 329.76c-4.62 5.3-9.78 10.1-15.9 13.65v22.94c66.52 9.34 112 28.05 112 49.65 0 30.93-93.12 56-208 56S48 446.93 48 416c0-21.6 45.48-40.3 112-49.65v-22.94c-6.12-3.55-11.28-8.35-15.9-13.65C58.87 345.34 0 378.05 0 416c0 53.02 114.62 96 256 96s256-42.98 256-96c0-37.95-58.87-70.66-144.1-86.24zM256 128c35.35 0 64-28.65 64-64S291.35 0 256 0s-64 28.65-64 64 28.65 64 64 64zm-64 192v96c0 17.67 14.33 32 32 32h64c17.67 0 32-14.33 32-32v-96c17.67 0 32-14.33 32-32v-96c0-26.51-21.49-48-48-48h-11.8c-11.07 5.03-23.26 8-36.2 8s-25.13-2.97-36.2-8H208c-26.51 0-48 21.49-48 48v96c0 17.67 14.33 32 32 32z\"><\/path><\/svg><\/div>\n\t\t\t\t\t\t<\/span>\n\t\t<\/div>\n\t\t\t\t\t\t<\/div>\n\t\t\t\t<div class=\"elementor-element elementor-element-7c1999bc elementor-widget elementor-widget-heading\" data-id=\"7c1999bc\" data-element_type=\"widget\" data-e-type=\"widget\" data-widget_type=\"heading.default\">\n\t\t\t\t\t<h2 class=\"elementor-heading-title elementor-size-default\">La ville close de Concarneau, Choses \u00e0 faire<\/h2>\t\t\t\t<\/div>\n\t\t\t\t<div class=\"elementor-element elementor-element-132d8329 elementor-widget elementor-widget-text-editor\" data-id=\"132d8329\" data-element_type=\"widget\" data-e-type=\"widget\" data-widget_type=\"text-editor.default\">\n\t\t\t\t\t\t\t\t\t<p>Voici une liste non exhaustive des choses \u00e0 faire \u00e0 la ville close de Concarneau<\/p><h3><strong>Se promener sur les remparts :<\/strong><\/h3><p>Beaucoup de touristes et de concarnois aiment \u00e0 se promener sur les remparts de la ville close par beaut temps. Il est possible d\u2019effectuer cette promenade gratuitement, mais vous n\u2019aurez pas acc\u00e8s \u00e0 toutes les zones, ou en payant, ce qui vous permettra de mieux profiter de cette visite.<\/p><h3><strong>Boire un verre face Place Saint Gu\u00e9nol\u00e9 :<\/strong><\/h3><p>Dans la ville close, vous pouvez profiter des nombreuses terrasses pour boire un verre ( verre de cidre pas exemple) tout en regardant les touristes fl\u00e2ner. Un endroit agr\u00e9able est la place Saint Gu\u00e9nol\u00e9, par exemple.<\/p><h3><strong>Se baigner \u00e0 la ville close?<\/strong><\/h3><p>Il n\u2019est pas possible de se baigner \u00e0 la ville close de Concarneau, il n\u2019y a pas de plage. Cependant, vous pouvez trouver de jolies plages sur la commune de Tr\u00e9gunc, par exemple \u00e0 la pointe de Tr\u00e9vignon, ou sur la commune de N\u00e9vez, par exemple la plage de Port Manec\u2019h.<\/p><p>Plus pr\u00e8s, vous pouvez profiter des plages du Cabellou, ou des sables blancs, sur la commune de Concarneau. N\u2019h\u00e9sitez pas aussi \u00e0 vous renseigner sur <a href=\"https:\/\/cparici.com\/thalasso-concarneau-decouvrez-le-spa-marin-et-sejours-uniques\/\">la thalasso de Concarneau <\/a>pour un pur moment de d\u00e9tente!<\/p><h3><strong>Faire une partie de p\u00eache :<\/strong><\/h3><p>Il est possible de p\u00eacher \u00e0 la ville close de Concarneau, par exemple en s\u2019installant sur le quai \u00e0 l\u2019ext\u00e9rieur de la ville close, en passant par la porte au vin.<\/p><h3><strong>Manger une cr\u00eape \u00e0 la ville close :<\/strong><\/h3><p>La ville close regorge de restaurants et de cr\u00eaperies, o\u00f9 il vous sera possible de d\u00e9guster des cr\u00eapes sal\u00e9es ou sucr\u00e9es \u00e0 toute heure.<\/p><h3><strong>Faire du shopping \u00e0 la ville close :<\/strong><\/h3><p>Si vous souhaitez rapporter un souvenir de votre visite \u00e0 Concarneau, les nombreuses \u00e9choppes de la ville close vous raviront. Vous y trouverez certainement votre bonheur, et cela \u00e0 tous les prix. Les magasins sont concentr\u00e9s sur la rue Vauban, mais n\u2019h\u00e9sitez pas \u00e0 vous aventurer dans les ruelles\u2026<\/p><h2><strong>Histoire des Gl\u00e9nans :<\/strong><\/h2><p>L\u2019archipel des Gl\u00e9nan fut pendant longtemps un rep\u00e8re de pirates. Ceux-ci trouvaient refuge dans l\u2019archipel, puis attaquaient les navires de marchands passant \u00e0 proximit\u00e9 ou tentant de relier le continent.<\/p><p>Ce n\u2019est qu\u2019au XVIII\u00e8me si\u00e8cle, sur la pr\u00e9consiation d\u2019Emmanuel-Armand de Vignerot du Plessis, nouveau gouverneur de Bretagne, que la construction du Fort Cigogne est envisag\u00e9 pour emp\u00eacher les pirates ou les corsaires de revenir sur l\u2019archipel. La construction ne fut pas t\u00e2che facile.<\/p><p>Au XIX\u00e8me si\u00e8cle, les s\u00e9cheries de poisson voient le jour, et l\u2019activit\u00e9 \u00e9conomique se d\u00e9ploie sur l\u2019archipel.<\/p>\t\t\t\t\t\t\t\t<\/div>\n\t\t\t\t\t<\/div>\n\t\t\t\t<\/div>\n\t\t<div class=\"elementor-element elementor-element-7798200 e-flex e-con-boxed e-con e-parent\" data-id=\"7798200\" data-element_type=\"container\" data-e-type=\"container\">\n\t\t\t\t\t<div class=\"e-con-inner\">\n\t\t<div class=\"elementor-element elementor-element-3d52632 e-con-full e-flex e-con e-child\" data-id=\"3d52632\" data-element_type=\"container\" data-e-type=\"container\">\n\t\t\t\t<div class=\"elementor-element elementor-element-5894462 elementor-widget elementor-widget-image\" data-id=\"5894462\" data-element_type=\"widget\" data-e-type=\"widget\" data-widget_type=\"image.default\">\n\t\t\t\t\t\t\t\t\t\t\t\t\t\t\t<img decoding=\"async\" width=\"760\" height=\"760\" src=\"https:\/\/cparici.com\/wp-content\/uploads\/2021\/07\/concarneau-9-1024x1024.jpg\" class=\"attachment-large size-large wp-image-14583\" alt=\"concarneau ville close\" srcset=\"https:\/\/cparici.com\/wp-content\/uploads\/2021\/07\/concarneau-9-1024x1024.jpg 1024w, https:\/\/cparici.com\/wp-content\/uploads\/2021\/07\/concarneau-9-300x300.jpg 300w, https:\/\/cparici.com\/wp-content\/uploads\/2021\/07\/concarneau-9-100x100.jpg 100w, https:\/\/cparici.com\/wp-content\/uploads\/2021\/07\/concarneau-9-150x150.jpg 150w, https:\/\/cparici.com\/wp-content\/uploads\/2021\/07\/concarneau-9-1536x1536.jpg 1536w, https:\/\/cparici.com\/wp-content\/uploads\/2021\/07\/concarneau-9-2048x2048.jpg 2048w\" sizes=\"(max-width: 760px) 100vw, 760px\" \/>\t\t\t\t\t\t\t\t\t\t\t\t\t\t\t<\/div>\n\t\t\t\t<\/div>\n\t\t<div class=\"elementor-element elementor-element-41ee324 e-con-full e-flex e-con e-child\" data-id=\"41ee324\" data-element_type=\"container\" data-e-type=\"container\">\n\t\t\t\t<div class=\"elementor-element elementor-element-87d20b3 elementor-widget elementor-widget-image\" data-id=\"87d20b3\" data-element_type=\"widget\" data-e-type=\"widget\" data-widget_type=\"image.default\">\n\t\t\t\t\t\t\t\t\t\t\t\t\t\t\t<img decoding=\"async\" width=\"760\" height=\"760\" src=\"https:\/\/cparici.com\/wp-content\/uploads\/2022\/09\/concarneau-8-1024x1024.jpg\" class=\"attachment-large size-large wp-image-15039\" alt=\"\" srcset=\"https:\/\/cparici.com\/wp-content\/uploads\/2022\/09\/concarneau-8-1024x1024.jpg 1024w, https:\/\/cparici.com\/wp-content\/uploads\/2022\/09\/concarneau-8-300x300.jpg 300w, https:\/\/cparici.com\/wp-content\/uploads\/2022\/09\/concarneau-8-100x100.jpg 100w, https:\/\/cparici.com\/wp-content\/uploads\/2022\/09\/concarneau-8-150x150.jpg 150w, https:\/\/cparici.com\/wp-content\/uploads\/2022\/09\/concarneau-8-1536x1536.jpg 1536w, https:\/\/cparici.com\/wp-content\/uploads\/2022\/09\/concarneau-8-2048x2048.jpg 2048w\" sizes=\"(max-width: 760px) 100vw, 760px\">\t\t\t\t\t\t\t\t\t\t\t\t\t\t\t<\/div>\n\t\t\t\t<\/div>\n\t\t\t\t\t<\/div>\n\t\t\t\t<\/div>\n\t\t<div class=\"elementor-element elementor-element-7344394 e-flex e-con-boxed e-con e-parent\" data-id=\"7344394\" data-element_type=\"container\" data-e-type=\"container\">\n\t\t\t\t\t<div class=\"e-con-inner\">\n\t\t\t\t<div class=\"elementor-element elementor-element-ed38c0c elementor-widget elementor-widget-heading\" data-id=\"ed38c0c\" data-element_type=\"widget\" data-e-type=\"widget\" data-widget_type=\"heading.default\">\n\t\t\t\t\t<h2 class=\"elementor-heading-title elementor-size-default\">Que faire \u00e0 proximit\u00e9 de la ville close?\n<\/h2>\t\t\t\t<\/div>\n\t\t\t\t<div class=\"elementor-element elementor-element-2b805b6 elementor-widget elementor-widget-text-editor\" data-id=\"2b805b6\" data-element_type=\"widget\" data-e-type=\"widget\" data-widget_type=\"text-editor.default\">\n\t\t\t\t\t\t\t\t\t<h3>Le village de chaumi\u00e8re \u2013 Kercanic<\/h3><p><a href=\"https:\/\/cparici.com\/kercanic-les-chaumieres-de-kercanic-a-nevez-en-finistere\/\">Le village de chaumi\u00e8res de Kercanic<\/a> est situ\u00e9 sur la commune de N\u00e9vez, entre les villages de Ragu\u00e9nez, le lieu-dit de C\u00e9lan et la <a href=\"https:\/\/cparici.com\/plage-de-dourveil-a-nevez-en-finistere\/\">plage de Dourveil<\/a>, \u00e0 quelques kilom\u00e8tres seulement de Trevignon.<\/p><p>Vous pouvez y acc\u00e9der depuis la ville de N\u00e9vez en empruntant la route qui m\u00e8ne au village de Ragu\u00e9nez, puis en tournant \u00e0 droite au lieu-dit C\u00e9lan, en suivant les indications. Vous pouvez vous stationner sur la petite place situ\u00e9e au centre du petit village.<\/p><p>Le village de Kercanic comporte un peu moins de 10 chaumi\u00e8res. Elles sont regroup\u00e9es le long de l\u2019axe principal, une petite route qui m\u00e8ne \u00e0 la plage de Dourveil et \u00e0 la route de Tr\u00e9vignon.<\/p>\t\t\t\t\t\t\t\t<\/div>\n\t\t\t\t<div class=\"elementor-element elementor-element-4ef6dccd animated-fast elementor-invisible elementor-widget elementor-widget-heading\" data-id=\"4ef6dccd\" data-element_type=\"widget\" data-e-type=\"widget\" data-settings=\"{&quot;_animation&quot;:&quot;fadeIn&quot;}\" data-widget_type=\"heading.default\">\n\t\t\t\t\t<h4 class=\"elementor-heading-title elementor-size-default\">A d\u00e9couvrir dans la r\u00e9gion<\/h4>\t\t\t\t<\/div>\n\t\t\t\t<div class=\"elementor-element elementor-element-e175198 elementor-widget elementor-widget-heading\" data-id=\"e175198\" data-element_type=\"widget\" data-e-type=\"widget\" data-widget_type=\"heading.default\">\n\t\t\t\t\t<h3 class=\"elementor-heading-title elementor-size-default\">La ville de N\u00e9vez<\/h3>\t\t\t\t<\/div>\n\t\t\t\t<div class=\"elementor-element elementor-element-b7090a9 elementor-widget elementor-widget-text-editor\" data-id=\"b7090a9\" data-element_type=\"widget\" data-e-type=\"widget\" data-widget_type=\"text-editor.default\">\n\t\t\t\t\t\t\t\t\t<p>La ville de N\u00e9vez est connue pour ses plages de sable fin, et ses eaux bleues pr\u00e9serv\u00e9es. Elle se situe id\u00e9alement entre Tr\u00e9gunc et Pont-Aven.<\/p><p>De <a href=\"https:\/\/cparici.com\/port-manech-village-maritime\/\">Port Manech<\/a> ou de la <a href=\"https:\/\/cparici.com\/trevignon-pointe-de-trevignon-a-tregunc-en-finistere\/\">pointe de Tr\u00e9vignon<\/a>, vous pouvez embarquer pour l\u2019archipel des Gl\u00e9nan, ou la ville de Pont-Aven, ville des peintres.<\/p><p>Bien s\u00fbr, comme expliqu\u00e9 ci-dessus, vous pourrez profiter de ses plages , la plage de Rospico, la plage de Port Manech, ou encore celles de Tahiti, Ragu\u00e9nez, Kersidan, Dourveil, mais aussi de ses nombreuses activit\u00e9s, de son march\u00e9\u2026<\/p><p>Mais n\u2019oubliez pas de prendre le temps de (re) d\u00e9couvrir l\u2019architecture des maisons n\u00e9o-bretonnes, celle des chaumi\u00e8res ( de Kerascoet ou Kercanic), ou encore les \u00e9l\u00e9ments culturels et de patrimoine breton.<\/p><h3>Port Manech\u2019<\/h3><p>Port Manech\u2019 est un village qui fait partie de la commune de N\u00e9vez, et se trouve \u00e0 l\u2019embouchure de l\u2019Aven. Il dispose d\u2019un belle plage, avec une vue imprenable sur l\u2019embouchure de l\u2019Aven et du Belon, et d\u2019un port, qui fut auparavant celui des p\u00eacheurs \u00e0 la sardine. Port Manech\u2019 connut ses heures de gloire \u00e0 la Belle Epoque, et il reste toujours les cabines de bain en bois pour t\u00e9moigner de ce glorieux pass\u00e9.<\/p><p>Ici encore, un peintre tr\u00e8s connu, Paul Gauguin, aimait \u00e0 venir peindre des p\u00eacheurs ou des femmes en coiffe bretonne; lorsqu\u2019il s\u00e9journait \u00e0 Pont-Aven.<\/p>\t\t\t\t\t\t\t\t<\/div>\n\t\t\t\t\t<\/div>\n\t\t\t\t<\/div>\n\t\t<div class=\"elementor-element elementor-element-e8bdfd5 e-flex e-con-boxed e-con e-parent\" data-id=\"e8bdfd5\" data-element_type=\"container\" data-e-type=\"container\">\n\t\t\t\t\t<div class=\"e-con-inner\">\n\t\t\t\t<div class=\"elementor-element elementor-element-555d936b elementor-widget-divider--view-line_icon elementor-view-default elementor-widget-divider--element-align-center elementor-widget elementor-widget-divider\" data-id=\"555d936b\" data-element_type=\"widget\" data-e-type=\"widget\" data-widget_type=\"divider.default\">\n\t\t\t\t\t\t\t<div class=\"elementor-divider\">\n\t\t\t<span class=\"elementor-divider-separator\">\n\t\t\t\t\t\t\t<div class=\"elementor-icon elementor-divider__element\">\n\t\t\t\t\t<svg xmlns=\"http:\/\/www.w3.org\/2000\/svg\" xmlns:xlink=\"http:\/\/www.w3.org\/1999\/xlink\" viewBox=\"0 0 512 512\"><g><g><path d=\"M501,238.9l-56.3-52.4V14.3H379v111.1L256,11L11,238.9h56.3V501h131.4V372.7c0-25.4,26.1-46.5,57.3-46.5    s57.3,21,57.3,46.5v127.2h130.3v-261H501z M397.8,34.2h27.1v133.8l-27.1-25.2V34.2z M62.1,218.9L256,37.5l195,181.4H62.1z     M424.9,480h-92.8V372.7c0-37.6-34.4-67.5-76.1-67.5s-76.1,31-76.1,67.5V480H87.1V238.9h337.8V480z\"><\/path><path d=\"m256,108.3c-24,0-42.7,17.7-42.7,40.9 0,22.1 18.8,40.9 42.7,40.9 22.9,0 42.7-17.7 42.7-40.9 0-22.1-19.8-40.9-42.7-40.9zm0,62c-12.5,0-22.9-10-22.9-21s10.4-21 22.9-21 22.9,10 22.9,21-10.4,21-22.9,21z\"><\/path><\/g><\/g><\/svg><\/div>\n\t\t\t\t\t\t<\/span>\n\t\t<\/div>\n\t\t\t\t\t\t<\/div>\n\t\t\t\t<div class=\"elementor-element elementor-element-4b27f795 elementor-widget elementor-widget-heading\" data-id=\"4b27f795\" data-element_type=\"widget\" data-e-type=\"widget\" data-widget_type=\"heading.default\">\n\t\t\t\t\t<h3 class=\"elementor-heading-title elementor-size-default\">Localisez votre prochaine location de vacances \u00e0 Concarneau, proche de la ville close<\/h3>\t\t\t\t<\/div>\n\t\t\t\t<div class=\"elementor-element elementor-element-7c418072 elementor-widget elementor-widget-heading\" data-id=\"7c418072\" data-element_type=\"widget\" data-e-type=\"widget\" data-widget_type=\"heading.default\">\n\t\t\t\t\t<p class=\"elementor-heading-title elementor-size-default\">C'est plus facile !<\/p>\t\t\t\t<\/div>\n\t\t\t\t\t<\/div>\n\t\t\t\t<\/div>\n\t\t<div class=\"elementor-element elementor-element-5b03de36 e-flex e-con-boxed e-con e-parent\" data-id=\"5b03de36\" data-element_type=\"container\" data-e-type=\"container\">\n\t\t\t\t\t<div class=\"e-con-inner\">\n\t\t\t\t<div class=\"elementor-element elementor-element-f999f5b elementor-widget elementor-widget-text-editor\" data-id=\"f999f5b\" data-element_type=\"widget\" data-e-type=\"widget\" data-widget_type=\"text-editor.default\">\n\t\t\t\t\t\t\t\t\t<p>Concarneau Konk-Kerne, est une jolie ville du Finist\u00e8re sud, en bretagne, France qui borde l\u2019atlantique. Elle est situ\u00e9e sur la c\u00f4te de Cornouaille, entre Quimper et Lorient, id\u00e9al pour des vacances a Concarneau en direct.<\/p>\t\t\t\t\t\t\t\t<\/div>\n\t\t\t\t\t<\/div>\n\t\t\t\t<\/div>\n\t\t<div class=\"elementor-element elementor-element-6fa6bd75 e-flex e-con-boxed e-con e-parent\" data-id=\"6fa6bd75\" data-element_type=\"container\" data-e-type=\"container\">\n\t\t\t\t\t<div class=\"e-con-inner\">\n\t\t\t\t<div class=\"elementor-element elementor-element-ef9b10b elementor-widget elementor-widget-spacer\" data-id=\"ef9b10b\" data-element_type=\"widget\" data-e-type=\"widget\" data-widget_type=\"spacer.default\">\n\t\t\t\t\t\t\t<div class=\"elementor-spacer\">\n\t\t\t<div class=\"elementor-spacer-inner\"><\/div>\n\t\t<\/div>\n\t\t\t\t\t\t<\/div>\n\t\t\t\t<div class=\"elementor-element elementor-element-558a1c77 elementor-widget elementor-widget-heading\" data-id=\"558a1c77\" data-element_type=\"widget\" data-e-type=\"widget\" data-widget_type=\"heading.default\">\n\t\t\t\t\t<h3 class=\"elementor-heading-title elementor-size-default\">Quelques photos proche de la ville close.<\/h3>\t\t\t\t<\/div>\n\t\t\t\t<div class=\"elementor-element elementor-element-6d14451 elementor-widget elementor-widget-heading\" data-id=\"6d14451\" data-element_type=\"widget\" data-e-type=\"widget\" data-widget_type=\"heading.default\">\n\t\t\t\t\t<p class=\"elementor-heading-title elementor-size-default\">Une raison de plus pour r\u00e9server !<\/p>\t\t\t\t<\/div>\n\t\t\t\t<div class=\"elementor-element elementor-element-58ad8ad elementor-widget elementor-widget-gallery\" data-id=\"58ad8ad\" data-element_type=\"widget\" data-e-type=\"widget\" data-settings=\"{&quot;gallery_layout&quot;:&quot;masonry&quot;,&quot;columns&quot;:3,&quot;lazyload&quot;:&quot;yes&quot;,&quot;columns_tablet&quot;:2,&quot;columns_mobile&quot;:1,&quot;gap&quot;:{&quot;unit&quot;:&quot;px&quot;,&quot;size&quot;:10,&quot;sizes&quot;:[]},&quot;gap_tablet&quot;:{&quot;unit&quot;:&quot;px&quot;,&quot;size&quot;:10,&quot;sizes&quot;:[]},&quot;gap_mobile&quot;:{&quot;unit&quot;:&quot;px&quot;,&quot;size&quot;:10,&quot;sizes&quot;:[]},&quot;link_to&quot;:&quot;file&quot;,&quot;overlay_background&quot;:&quot;yes&quot;,&quot;content_hover_animation&quot;:&quot;fade-in&quot;}\" data-widget_type=\"gallery.default\">\n\t\t\t\t\t\t\t<div class=\"elementor-gallery__container\">\n\t\t\t\t\t\t\t<a class=\"e-gallery-item elementor-gallery-item elementor-animated-content\" href=\"https:\/\/cparici.com\/wp-content\/uploads\/2024\/06\/Concarneau-sentiers-cotiers.jpg\" data-elementor-open-lightbox=\"yes\" data-elementor-lightbox-slideshow=\"58ad8ad\" data-elementor-lightbox-title=\"Concarneau sentiers cotiers\" data-e-action-hash=\"#elementor-action%3Aaction%3Dlightbox%26settings%3DeyJpZCI6MzU4NzUsInVybCI6Imh0dHBzOlwvXC9jcGFyaWNpLmNvbVwvd3AtY29udGVudFwvdXBsb2Fkc1wvMjAyNFwvMDZcL0NvbmNhcm5lYXUtc2VudGllcnMtY290aWVycy5qcGciLCJzbGlkZXNob3ciOiI1OGFkOGFkIn0%3D\">\n\t\t\t\t\t<div class=\"e-gallery-image elementor-gallery-item__image\" data-thumbnail=\"https:\/\/cparici.com\/wp-content\/uploads\/2024\/06\/Concarneau-sentiers-cotiers.jpg\" data-width=\"1920\" data-height=\"1265\" aria-label=\"concarneau sentiers cotiers\" role=\"img\" ><\/div>\n\t\t\t\t\t\t\t\t\t\t\t<div class=\"elementor-gallery-item__overlay\"><\/div>\n\t\t\t\t\t\t\t\t\t\t\t\t\t\t<\/a>\n\t\t\t\t\t\t\t<a class=\"e-gallery-item elementor-gallery-item elementor-animated-content\" href=\"https:\/\/cparici.com\/wp-content\/uploads\/2024\/06\/Concarneau-ville-close.jpg\" data-elementor-open-lightbox=\"yes\" data-elementor-lightbox-slideshow=\"58ad8ad\" data-elementor-lightbox-title=\"Concarneau ville close\" data-e-action-hash=\"#elementor-action%3Aaction%3Dlightbox%26settings%3DeyJpZCI6MzU4NTQsInVybCI6Imh0dHBzOlwvXC9jcGFyaWNpLmNvbVwvd3AtY29udGVudFwvdXBsb2Fkc1wvMjAyNFwvMDZcL0NvbmNhcm5lYXUtdmlsbGUtY2xvc2UuanBnIiwic2xpZGVzaG93IjoiNThhZDhhZCJ9\">\n\t\t\t\t\t<div class=\"e-gallery-image elementor-gallery-item__image\" data-thumbnail=\"https:\/\/cparici.com\/wp-content\/uploads\/2024\/06\/Concarneau-ville-close.jpg\" data-width=\"1920\" data-height=\"1265\" aria-label=\"Concarneau et sa ville close\" role=\"img\" ><\/div>\n\t\t\t\t\t\t\t\t\t\t\t<div class=\"elementor-gallery-item__overlay\"><\/div>\n\t\t\t\t\t\t\t\t\t\t\t\t\t\t<\/a>\n\t\t\t\t\t\t\t<a class=\"e-gallery-item elementor-gallery-item elementor-animated-content\" href=\"https:\/\/cparici.com\/wp-content\/uploads\/2024\/06\/concarneau-1.jpg\" data-elementor-open-lightbox=\"yes\" data-elementor-lightbox-slideshow=\"58ad8ad\" data-elementor-lightbox-title=\"concarneau 1\" data-e-action-hash=\"#elementor-action%3Aaction%3Dlightbox%26settings%3DeyJpZCI6MzU4NDgsInVybCI6Imh0dHBzOlwvXC9jcGFyaWNpLmNvbVwvd3AtY29udGVudFwvdXBsb2Fkc1wvMjAyNFwvMDZcL2NvbmNhcm5lYXUtMS5qcGciLCJzbGlkZXNob3ciOiI1OGFkOGFkIn0%3D\">\n\t\t\t\t\t<div class=\"e-gallery-image elementor-gallery-item__image\" data-thumbnail=\"https:\/\/cparici.com\/wp-content\/uploads\/2024\/06\/concarneau-1.jpg\" data-width=\"800\" data-height=\"533\" aria-label=\"\" role=\"img\" ><\/div>\n\t\t\t\t\t\t\t\t\t\t\t<div class=\"elementor-gallery-item__overlay\"><\/div>\n\t\t\t\t\t\t\t\t\t\t\t\t\t\t<\/a>\n\t\t\t\t\t\t\t<a class=\"e-gallery-item elementor-gallery-item elementor-animated-content\" href=\"https:\/\/cparici.com\/wp-content\/uploads\/2022\/09\/concarneau-7.jpg\" data-elementor-open-lightbox=\"yes\" data-elementor-lightbox-slideshow=\"58ad8ad\" data-elementor-lightbox-title=\"concarneau 7\" data-e-action-hash=\"#elementor-action%3Aaction%3Dlightbox%26settings%3DeyJpZCI6MTUwMzYsInVybCI6Imh0dHBzOlwvXC9jcGFyaWNpLmNvbVwvd3AtY29udGVudFwvdXBsb2Fkc1wvMjAyMlwvMDlcL2NvbmNhcm5lYXUtNy5qcGciLCJzbGlkZXNob3ciOiI1OGFkOGFkIn0%3D\">\n\t\t\t\t\t<div class=\"e-gallery-image elementor-gallery-item__image\" data-thumbnail=\"https:\/\/cparici.com\/wp-content\/uploads\/2022\/09\/concarneau-7.jpg\" data-width=\"800\" data-height=\"600\" aria-label=\"\" role=\"img\" ><\/div>\n\t\t\t\t\t\t\t\t\t\t\t<div class=\"elementor-gallery-item__overlay\"><\/div>\n\t\t\t\t\t\t\t\t\t\t\t\t\t\t<\/a>\n\t\t\t\t\t\t\t<a class=\"e-gallery-item elementor-gallery-item elementor-animated-content\" href=\"https:\/\/cparici.com\/wp-content\/uploads\/2022\/09\/concarneau-6-1.jpg\" data-elementor-open-lightbox=\"yes\" data-elementor-lightbox-slideshow=\"58ad8ad\" data-elementor-lightbox-title=\"concarneau 6\" data-e-action-hash=\"#elementor-action%3Aaction%3Dlightbox%26settings%3DeyJpZCI6MTUwMzMsInVybCI6Imh0dHBzOlwvXC9jcGFyaWNpLmNvbVwvd3AtY29udGVudFwvdXBsb2Fkc1wvMjAyMlwvMDlcL2NvbmNhcm5lYXUtNi0xLmpwZyIsInNsaWRlc2hvdyI6IjU4YWQ4YWQifQ%3D%3D\">\n\t\t\t\t\t<div class=\"e-gallery-image elementor-gallery-item__image\" data-thumbnail=\"https:\/\/cparici.com\/wp-content\/uploads\/2022\/09\/concarneau-6-1.jpg\" data-width=\"600\" data-height=\"800\" aria-label=\"\" role=\"img\" ><\/div>\n\t\t\t\t\t\t\t\t\t\t\t<div class=\"elementor-gallery-item__overlay\"><\/div>\n\t\t\t\t\t\t\t\t\t\t\t\t\t\t<\/a>\n\t\t\t\t\t\t\t<a class=\"e-gallery-item elementor-gallery-item elementor-animated-content\" href=\"https:\/\/cparici.com\/wp-content\/uploads\/2022\/09\/concarneau-2.jpg\" data-elementor-open-lightbox=\"yes\" data-elementor-lightbox-slideshow=\"58ad8ad\" data-elementor-lightbox-title=\"concarneau 2\" data-e-action-hash=\"#elementor-action%3Aaction%3Dlightbox%26settings%3DeyJpZCI6MTUwMjEsInVybCI6Imh0dHBzOlwvXC9jcGFyaWNpLmNvbVwvd3AtY29udGVudFwvdXBsb2Fkc1wvMjAyMlwvMDlcL2NvbmNhcm5lYXUtMi5qcGciLCJzbGlkZXNob3ciOiI1OGFkOGFkIn0%3D\">\n\t\t\t\t\t<div class=\"e-gallery-image elementor-gallery-item__image\" data-thumbnail=\"https:\/\/cparici.com\/wp-content\/uploads\/2022\/09\/concarneau-2.jpg\" data-width=\"533\" data-height=\"800\" aria-label=\"\" role=\"img\" ><\/div>\n\t\t\t\t\t\t\t\t\t\t\t<div class=\"elementor-gallery-item__overlay\"><\/div>\n\t\t\t\t\t\t\t\t\t\t\t\t\t\t<\/a>\n\t\t\t\t\t\t\t<a class=\"e-gallery-item elementor-gallery-item elementor-animated-content\" href=\"https:\/\/cparici.com\/wp-content\/uploads\/2022\/09\/concarneau-1.jpg\" data-elementor-open-lightbox=\"yes\" data-elementor-lightbox-slideshow=\"58ad8ad\" data-elementor-lightbox-title=\"concarneau 1\" data-e-action-hash=\"#elementor-action%3Aaction%3Dlightbox%26settings%3DeyJpZCI6MTUwMTgsInVybCI6Imh0dHBzOlwvXC9jcGFyaWNpLmNvbVwvd3AtY29udGVudFwvdXBsb2Fkc1wvMjAyMlwvMDlcL2NvbmNhcm5lYXUtMS5qcGciLCJzbGlkZXNob3ciOiI1OGFkOGFkIn0%3D\">\n\t\t\t\t\t<div class=\"e-gallery-image elementor-gallery-item__image\" data-thumbnail=\"https:\/\/cparici.com\/wp-content\/uploads\/2022\/09\/concarneau-1.jpg\" data-width=\"800\" data-height=\"533\" aria-label=\"\" role=\"img\" ><\/div>\n\t\t\t\t\t\t\t\t\t\t\t<div class=\"elementor-gallery-item__overlay\"><\/div>\n\t\t\t\t\t\t\t\t\t\t\t\t\t\t<\/a>\n\t\t\t\t\t\t\t<a class=\"e-gallery-item elementor-gallery-item elementor-animated-content\" href=\"https:\/\/cparici.com\/wp-content\/uploads\/2021\/07\/concarneau-4.jpg\" data-elementor-open-lightbox=\"yes\" data-elementor-lightbox-slideshow=\"58ad8ad\" data-elementor-lightbox-title=\"concarneau 4\" data-e-action-hash=\"#elementor-action%3Aaction%3Dlightbox%26settings%3DeyJpZCI6MTQ1NzEsInVybCI6Imh0dHBzOlwvXC9jcGFyaWNpLmNvbVwvd3AtY29udGVudFwvdXBsb2Fkc1wvMjAyMVwvMDdcL2NvbmNhcm5lYXUtNC5qcGciLCJzbGlkZXNob3ciOiI1OGFkOGFkIn0%3D\">\n\t\t\t\t\t<div class=\"e-gallery-image elementor-gallery-item__image\" data-thumbnail=\"https:\/\/cparici.com\/wp-content\/uploads\/2021\/07\/concarneau-4.jpg\" data-width=\"800\" data-height=\"533\" aria-label=\"concarneau\" role=\"img\" ><\/div>\n\t\t\t\t\t\t\t\t\t\t\t<div class=\"elementor-gallery-item__overlay\"><\/div>\n\t\t\t\t\t\t\t\t\t\t\t\t\t\t<\/a>\n\t\t\t\t\t<\/div>\n\t\t\t\t\t<\/div>\n\t\t\t\t<div class=\"elementor-element elementor-element-7567c2ce elementor-widget elementor-widget-spacer\" data-id=\"7567c2ce\" data-element_type=\"widget\" data-e-type=\"widget\" data-widget_type=\"spacer.default\">\n\t\t\t\t\t\t\t<div class=\"elementor-spacer\">\n\t\t\t<div class=\"elementor-spacer-inner\"><\/div>\n\t\t<\/div>\n\t\t\t\t\t\t<\/div>\n\t\t\t\t\t<\/div>\n\t\t\t\t<\/div>\n\t\t<div class=\"elementor-element elementor-element-6a38c50d e-con-full e-flex e-con e-parent\" data-id=\"6a38c50d\" data-element_type=\"container\" data-e-type=\"container\" data-settings=\"{&quot;background_background&quot;:&quot;classic&quot;}\">\n\t\t\t\t<div class=\"elementor-element elementor-element-8142194 elementor-widget elementor-widget-listeo-posts-grid\" data-id=\"8142194\" data-element_type=\"widget\" data-e-type=\"widget\" data-widget_type=\"listeo-posts-grid.default\">\n\t\t\t\t<div class=\"elementor-widget-container\">\n\t\t\t\t\t\t\t\n\t\t<div class=\"listeo-post-grid-wrapper\">\n\t\t\t<div class=\"row\">\n\n\t\t\t\n\n\t\t\t\t\t\t\t<div class=\"col-md-4\">\n                <a href=\"https:\/\/cparici.com\/de\/les-glenans-navette-prix-tarifs-et-horaires-pour-larchipel\/\" class=\"blog-compact-item-container\">\n                    <div class=\"blog-compact-item\">\n                        <img decoding=\"async\" width=\"577\" height=\"217\" src=\"https:\/\/cparici.com\/wp-content\/uploads\/2024\/06\/les-glenans-navette-prix.jpg\" class=\"attachment-listeo-blog-related-post size-listeo-blog-related-post wp-post-image\" alt=\"les gl\u00e9nans navette prix\" srcset=\"https:\/\/cparici.com\/wp-content\/uploads\/2024\/06\/les-glenans-navette-prix.jpg 1500w, https:\/\/cparici.com\/wp-content\/uploads\/2024\/06\/les-glenans-navette-prix-600x225.jpg 600w, https:\/\/cparici.com\/wp-content\/uploads\/2024\/06\/les-glenans-navette-prix-300x113.jpg 300w, https:\/\/cparici.com\/wp-content\/uploads\/2024\/06\/les-glenans-navette-prix-1024x384.jpg 1024w, https:\/\/cparici.com\/wp-content\/uploads\/2024\/06\/les-glenans-navette-prix-768x288.jpg 768w\" sizes=\"(max-width: 577px) 100vw, 577px\" \/><span class=\"blog-item-tag\">Archipel Les Gl\u00e9nans<\/span>                        \n                        <div class=\"blog-compact-item-content\">\n                                                        <h3>Les Gl\u00e9nans navette prix \u2013 tarifs et horaires pour l\u2019archipel<\/h3>\n                                                        <p>Comment acc\u00e9der aux gl\u00e9nans, le joyau de la Bretagne ? Comparez les prix des navettes...                            <\/p>\n                                                    <\/div>\n                    <\/div>\n                <\/a>\n            <\/div>\n\t\t\t<div class=\"col-md-4\">\n                <a href=\"https:\/\/cparici.com\/de\/visiter-tregunc\/\" class=\"blog-compact-item-container\">\n                    <div class=\"blog-compact-item\">\n                        <img decoding=\"async\" width=\"577\" height=\"226\" src=\"https:\/\/cparici.com\/wp-content\/uploads\/2024\/04\/Tregunc-577x226.jpg\" class=\"attachment-listeo-blog-related-post size-listeo-blog-related-post wp-post-image\" alt=\"Tregunc guide de visite\" srcset=\"https:\/\/cparici.com\/wp-content\/uploads\/2024\/04\/Tregunc-577x226.jpg 577w, https:\/\/cparici.com\/wp-content\/uploads\/2024\/04\/Tregunc-300x117.jpg 300w, https:\/\/cparici.com\/wp-content\/uploads\/2024\/04\/Tregunc-768x300.jpg 768w, https:\/\/cparici.com\/wp-content\/uploads\/2024\/04\/Tregunc-590x231.jpg 590w, https:\/\/cparici.com\/wp-content\/uploads\/2024\/04\/Tregunc-600x235.jpg 600w, https:\/\/cparici.com\/wp-content\/uploads\/2024\/04\/Tregunc.jpg 800w\" sizes=\"(max-width: 577px) 100vw, 577px\" \/><span class=\"blog-item-tag\">Bretagne<\/span>                        \n                        <div class=\"blog-compact-item-content\">\n                                                        <h3>Visiter Tr\u00e9gunc \u2013 guide complet des activit\u00e9s et sites incontournables<\/h3>\n                                                        <p>Vous voulez visiter Tregunc ? Ne manquez pas ce guide complet qui vous pr\u00e9sente les...                            <\/p>\n                                                    <\/div>\n                    <\/div>\n                <\/a>\n            <\/div>\n\t\t\t<div class=\"col-md-4\">\n                <a href=\"https:\/\/cparici.com\/de\/location-vacances-a-pont-aven\/\" class=\"blog-compact-item-container\">\n                    <div class=\"blog-compact-item\">\n                        <img decoding=\"async\" width=\"577\" height=\"384\" src=\"https:\/\/cparici.com\/wp-content\/uploads\/2022\/10\/pont-aven-3.jpg\" class=\"attachment-listeo-blog-related-post size-listeo-blog-related-post wp-post-image\" alt=\"port de pont-aven\" srcset=\"https:\/\/cparici.com\/wp-content\/uploads\/2022\/10\/pont-aven-3.jpg 800w, https:\/\/cparici.com\/wp-content\/uploads\/2022\/10\/pont-aven-3-600x400.jpg 600w, https:\/\/cparici.com\/wp-content\/uploads\/2022\/10\/pont-aven-3-768x511.jpg 768w\" sizes=\"(max-width: 577px) 100vw, 577px\" \/><span class=\"blog-item-tag\">Bretagne<\/span>                        \n                        <div class=\"blog-compact-item-content\">\n                                                        <h3>Location Vacances \u00e0 Pont-Aven<\/h3>\n                                                        <p>Recherches populaires Categories Pas de r\u00e9sultats Voir tous les r\u00e9sultats Location Vacances \u00c0 Pont-Aven \u2013...                            <\/p>\n                                                    <\/div>\n                    <\/div>\n                <\/a>\n            <\/div>\n  <\/div>\n        <\/div>\n        \t\t\t\t<\/div>\n\t\t\t\t<\/div>\n\t\t\t\t<\/div>\n\t\t\t\t<\/div>\n\t\t","protected":false},"excerpt":{"rendered":"<p>Ville close de Concarneau- Praktische Informationen, entdecken Sie diesen einzigartigen geschichtstr\u00e4chtigen Ort in der Cornouaille im S\u00fcdfinist\u00e8re.<\/p>","protected":false},"author":1,"featured_media":15014,"comment_status":"closed","ping_status":"closed","sticky":false,"template":"","format":"image","meta":{"ngg_post_thumbnail":0,"footnotes":""},"categories":[481,478,479,477],"tags":[357,364,352,362,363,353,361,365],"class_list":["post-14982","post","type-post","status-publish","format-image","has-post-thumbnail","hentry","category-concarneau","category-bretagne","category-finistere","category-france","tag-bretagne-sud","tag-chaumieres","tag-finistere","tag-kerascoet","tag-kercanic","tag-nevez","tag-rospico","tag-village","post_format-post-format-image"],"_links":{"self":[{"href":"https:\/\/cparici.com\/de\/wp-json\/wp\/v2\/posts\/14982","targetHints":{"allow":["GET"]}}],"collection":[{"href":"https:\/\/cparici.com\/de\/wp-json\/wp\/v2\/posts"}],"about":[{"href":"https:\/\/cparici.com\/de\/wp-json\/wp\/v2\/types\/post"}],"author":[{"embeddable":true,"href":"https:\/\/cparici.com\/de\/wp-json\/wp\/v2\/users\/1"}],"replies":[{"embeddable":true,"href":"https:\/\/cparici.com\/de\/wp-json\/wp\/v2\/comments?post=14982"}],"version-history":[{"count":0,"href":"https:\/\/cparici.com\/de\/wp-json\/wp\/v2\/posts\/14982\/revisions"}],"wp:featuredmedia":[{"embeddable":true,"href":"https:\/\/cparici.com\/de\/wp-json\/wp\/v2\/media\/15014"}],"wp:attachment":[{"href":"https:\/\/cparici.com\/de\/wp-json\/wp\/v2\/media?parent=14982"}],"wp:term":[{"taxonomy":"category","embeddable":true,"href":"https:\/\/cparici.com\/de\/wp-json\/wp\/v2\/categories?post=14982"},{"taxonomy":"post_tag","embeddable":true,"href":"https:\/\/cparici.com\/de\/wp-json\/wp\/v2\/tags?post=14982"}],"curies":[{"name":"wp","href":"https:\/\/api.w.org\/{rel}","templated":true}]}}