{"id":16542,"date":"2024-04-15T10:50:24","date_gmt":"2024-04-15T08:50:24","guid":{"rendered":"https:\/\/cparici.com\/?p=16542"},"modified":"2026-01-08T16:40:25","modified_gmt":"2026-01-08T15:40:25","slug":"besuch-concarneau-fuhrer-der-besten-seiten-und-aktivitaten","status":"publish","type":"post","link":"https:\/\/cparici.com\/de\/visiter-concarneau-guide-des-meilleurs-sites-et-activites\/","title":{"rendered":"Tipps f\u00fcr den Besuch von Concarneau: Ein Leitfaden f\u00fcr die besten Sehensw\u00fcrdigkeiten"},"content":{"rendered":"\t\t<div data-elementor-type=\"wp-post\" data-elementor-id=\"16542\" class=\"elementor elementor-16542\" data-elementor-post-type=\"post\">\n\t\t\t\t<div class=\"elementor-element elementor-element-ddc6758 e-con-full e-flex e-con e-parent\" data-id=\"ddc6758\" data-element_type=\"container\" data-e-type=\"container\">\n\t\t\t\t<div class=\"elementor-element elementor-element-0c91afb elementor-widget elementor-widget-image\" data-id=\"0c91afb\" data-element_type=\"widget\" data-e-type=\"widget\" data-widget_type=\"image.default\">\n\t\t\t\t\t\t\t\t\t\t\t\t\t\t\t<img decoding=\"async\" width=\"1500\" height=\"724\" src=\"https:\/\/cparici.com\/wp-content\/uploads\/2024\/04\/VISITER-CONCARNEAU.jpg\" class=\"attachment-full size-full wp-image-51719\" alt=\"visiter concarneau\" srcset=\"https:\/\/cparici.com\/wp-content\/uploads\/2024\/04\/VISITER-CONCARNEAU.jpg 1500w, https:\/\/cparici.com\/wp-content\/uploads\/2024\/04\/VISITER-CONCARNEAU-300x145.jpg 300w, https:\/\/cparici.com\/wp-content\/uploads\/2024\/04\/VISITER-CONCARNEAU-1024x494.jpg 1024w, https:\/\/cparici.com\/wp-content\/uploads\/2024\/04\/VISITER-CONCARNEAU-768x371.jpg 768w, https:\/\/cparici.com\/wp-content\/uploads\/2024\/04\/VISITER-CONCARNEAU-590x285.jpg 590w, https:\/\/cparici.com\/wp-content\/uploads\/2024\/04\/VISITER-CONCARNEAU-1200x579.jpg 1200w, https:\/\/cparici.com\/wp-content\/uploads\/2024\/04\/VISITER-CONCARNEAU-577x278.jpg 577w, https:\/\/cparici.com\/wp-content\/uploads\/2024\/04\/VISITER-CONCARNEAU-600x290.jpg 600w\" sizes=\"(max-width: 1500px) 100vw, 1500px\" \/>\t\t\t\t\t\t\t\t\t\t\t\t\t\t\t<\/div>\n\t\t\t\t<\/div>\n\t\t<div class=\"elementor-element elementor-element-06f4c5d e-flex e-con-boxed e-con e-parent\" data-id=\"06f4c5d\" data-element_type=\"container\" data-e-type=\"container\">\n\t\t\t\t\t<div class=\"e-con-inner\">\n\t\t\t\t<div class=\"elementor-element elementor-element-3e639f6 elementor-widget elementor-widget-global elementor-global-62046 elementor-widget-eael-advanced-search\" data-id=\"3e639f6\" data-element_type=\"widget\" data-e-type=\"widget\" data-widget_type=\"eael-advanced-search.default\">\n\t\t\t\t\t        <div class=\"eael-adv-search-wrapper\">\n            <div id=\"eael-advanced-search-widget-3e639f6\" class=\"eael-advanced-search-widget\">\n                <form data-settings=\"{&quot;post_per_page&quot;:5,&quot;search_among_taxonomies&quot;:&quot;&quot;,&quot;search_among_sku&quot;:&quot;no&quot;,&quot;show_popular_keyword&quot;:0,&quot;show_category&quot;:0,&quot;show_content_image&quot;:1,&quot;show_search_result_all_results&quot;:0,&quot;result_on_new_tab&quot;:&quot;no&quot;,&quot;show_product_price&quot;:&quot;no&quot;,&quot;include_current_page&quot;:&quot;no&quot;,&quot;current_post_id&quot;:16542,&quot;post_type&quot;:[&quot;post&quot;,&quot;listing&quot;]}\" method=\"POST\" name=\"eael-advanced-search-form-3e639f6\" class=\"eael-advanced-search-form eael-advanced-search-form-style-2\">\n                    <div class=\"eael-advanced-search-wrap\">\n                        <span class=\"eael-adv-search-loader\"><\/span>\n                        <span class=\"eael-adv-search-close\"><i class=\"fas fa-times\"><\/i><\/span>\n                        <span class=\"icon \"><i class=\"fas fa-search\"><\/i><\/span>\n\n                        <input type=\"text\"\n                               placeholder=\"Votre destination\"\n                               class=\"eael-advanced-search\" autocomplete=\"off\" name=\"eael_advanced_search\">\n                    <\/div>\n\t\t\t\t\t                                    <\/form>\n\n\t\t\t\t\n\t\t\t\t        <div class=\"eael-advanced-search-result\">\n            <div class=\"eael-advanced-search-popular-keyword\">\n\t\t\t\t<h4 class=\"eael-advanced-search-popular-keyword-text\">Recherches populaires<\/h4>                <div class=\"eael-popular-keyword-content\"><\/div>\n            <\/div>\n            <div class=\"eael-advanced-search-category\">\n\t\t\t\t<h4 class=\"eael-advanced-search-category-text\">Categories<\/h4>                <div class=\"eael-popular-category-content\"><\/div>\n            <\/div>\n\t\t\t<div class=\"eael-advanced-search-total-results-section\">\n\t\t\t\t\t\t\t<\/div>\n            <div class=\"eael-advanced-search-content eael-item-style-3\">\n            <\/div>\n            <div class=\"eael-advanced-search-not-found\">\n                <p>Pas de r\u00e9sultats<\/p><\/div>\n            <div class=\"eael-advanced-search-load-more\">\n\t\t\t\t<a \tclass=\"eael-advanced-search-load-more-button\"\n                \thref=\"#\">Voir tous les r\u00e9sultats<\/a>\n            <\/div>\n        <\/div>\n\n\t\t            <\/div>\n        <\/div>\n\n\t\t\t\t\t\t<\/div>\n\t\t\t\t\t<\/div>\n\t\t\t\t<\/div>\n\t\t<div class=\"elementor-element elementor-element-1c4a212a e-flex e-con-boxed e-con e-parent\" data-id=\"1c4a212a\" data-element_type=\"container\" data-e-type=\"container\">\n\t\t\t\t\t<div class=\"e-con-inner\">\n\t\t\t\t<div class=\"elementor-element elementor-element-5ed6072d elementor-widget elementor-widget-text-editor\" data-id=\"5ed6072d\" data-element_type=\"widget\" data-e-type=\"widget\" data-widget_type=\"text-editor.default\">\n\t\t\t\t\t\t\t\t\t<h1 style=\"text-align: center;\"><span style=\"font-size: 18pt; color: #003366;\"><strong>Visiter Concarneau \u2013 guide des meilleurs sites et activit\u00e9s<\/strong><\/span><\/h1><p><span style=\"color: #ffffff;\">___<\/span><\/p><p><strong>D\u00e9couvrez Concarneau, perle du Finist\u00e8re et joyau de Bretagne<\/strong>, o\u00f9 histoire maritime, patrimoine exceptionnel et gastronomie se rencontrent pour offrir une exp\u00e9rience inoubliable. Que vous cherchiez une aventure culturelle, un moment de d\u00e9tente au bord de la mer, ou une plong\u00e9e au c\u0153ur de la tradition bretonne, Concarneau saura r\u00e9pondre \u00e0 toutes vos attentes. <strong>Ce guide vous m\u00e8nera \u00e0 travers les incontournables de Concarneau et vous offrira des conseils pratiques pour un voyage m\u00e9morable.<\/strong><\/p>\t\t\t\t\t\t\t\t<\/div>\n\t\t\t\t\t<\/div>\n\t\t\t\t<\/div>\n\t\t<div class=\"elementor-element elementor-element-76168cc2 e-flex e-con-boxed e-con e-parent\" data-id=\"76168cc2\" data-element_type=\"container\" data-e-type=\"container\">\n\t\t\t\t\t<div class=\"e-con-inner\">\n\t\t<div class=\"elementor-element elementor-element-47e2e9e e-con-full e-flex e-con e-child\" data-id=\"47e2e9e\" data-element_type=\"container\" data-e-type=\"container\">\n\t\t\t\t<div class=\"elementor-element elementor-element-36ad3be1 elementor-widget elementor-widget-google_maps\" data-id=\"36ad3be1\" data-element_type=\"widget\" data-e-type=\"widget\" data-widget_type=\"google_maps.default\">\n\t\t\t\t\t\t\t<div class=\"elementor-custom-embed\">\n\t\t\t<iframe loading=\"lazy\"\n\t\t\t\t\tsrc=\"https:\/\/maps.google.com\/maps?q=concarneau&t=m&z=13&output=embed&iwloc=near\"\n\t\t\t\t\ttitle=\"concarneau\"\n\t\t\t\t\taria-label=\"concarneau\"\n\t\t\t><\/iframe>\n\t\t<\/div>\n\t\t\t\t\t\t<\/div>\n\t\t\t\t<\/div>\n\t\t<div class=\"elementor-element elementor-element-54a03782 e-con-full e-flex e-con e-child\" data-id=\"54a03782\" data-element_type=\"container\" data-e-type=\"container\">\n\t\t\t\t<div class=\"elementor-element elementor-element-4cdb8a98 elementor-widget__width-inherit elementor-absolute elementor-widget elementor-widget-image\" data-id=\"4cdb8a98\" data-element_type=\"widget\" data-e-type=\"widget\" data-settings=\"{&quot;_position&quot;:&quot;absolute&quot;}\" data-widget_type=\"image.default\">\n\t\t\t\t\t\t\t\t\t\t\t\t\t\t\t<img decoding=\"async\" width=\"760\" height=\"507\" src=\"https:\/\/cparici.com\/wp-content\/uploads\/2024\/06\/shutterstock_151344797-scaled-1-1024x683.jpg\" class=\"attachment-large size-large wp-image-35717\" alt=\"creperie concarneau ville close\" srcset=\"https:\/\/cparici.com\/wp-content\/uploads\/2024\/06\/shutterstock_151344797-scaled-1-1024x683.jpg 1024w, https:\/\/cparici.com\/wp-content\/uploads\/2024\/06\/shutterstock_151344797-scaled-1-600x400.jpg 600w, https:\/\/cparici.com\/wp-content\/uploads\/2024\/06\/shutterstock_151344797-scaled-1-300x200.jpg 300w, https:\/\/cparici.com\/wp-content\/uploads\/2024\/06\/shutterstock_151344797-scaled-1-768x512.jpg 768w, https:\/\/cparici.com\/wp-content\/uploads\/2024\/06\/shutterstock_151344797-scaled-1-1536x1024.jpg 1536w, https:\/\/cparici.com\/wp-content\/uploads\/2024\/06\/shutterstock_151344797-scaled-1-2048x1366.jpg 2048w\" sizes=\"(max-width: 760px) 100vw, 760px\" \/>\t\t\t\t\t\t\t\t\t\t\t\t\t\t\t<\/div>\n\t\t\t\t<\/div>\n\t\t\t\t\t<\/div>\n\t\t\t\t<\/div>\n\t\t<div class=\"elementor-element elementor-element-49957b0a e-flex e-con-boxed e-con e-parent\" data-id=\"49957b0a\" data-element_type=\"container\" data-e-type=\"container\">\n\t\t\t\t\t<div class=\"e-con-inner\">\n\t\t\t\t<div class=\"elementor-element elementor-element-4250da80 elementor-widget elementor-widget-spacer\" data-id=\"4250da80\" data-element_type=\"widget\" data-e-type=\"widget\" data-widget_type=\"spacer.default\">\n\t\t\t\t\t\t\t<div class=\"elementor-spacer\">\n\t\t\t<div class=\"elementor-spacer-inner\"><\/div>\n\t\t<\/div>\n\t\t\t\t\t\t<\/div>\n\t\t\t\t<div class=\"elementor-element elementor-element-72f8f3c elementor-widget elementor-widget-text-editor\" data-id=\"72f8f3c\" data-element_type=\"widget\" data-e-type=\"widget\" data-widget_type=\"text-editor.default\">\n\t\t\t\t\t\t\t\t\t<p>L\u2019embl\u00e9matique <a href=\"https:\/\/cparici.com\/ville-close-de-concarneau-en-finistere\/\">Ville Close<\/a>, citadelle du XV\u00e8me si\u00e8cle, est le c\u0153ur battant de Concarneau. Explorez ses ruelles pav\u00e9es, ses maisons historiques, le Mus\u00e9e de la p\u00eache, le chateau de Keriolet, et admirez la vue imprenable sur la baie. Go\u00fbtez aux d\u00e9lices locaux tels que le kouign amann ou les cr\u00eapes typiques dans ce cadre historique.<\/p><p>Concarneau, c\u2019est \u00e9galement <strong>une invitation aux plaisirs de la mer, avec ses plages de sable fin, des activit\u00e9s nautiques vari\u00e9es, et la possibilit\u00e9 d\u2019explorer <a href=\"https:\/\/cparici.com\/les-glenans-archipel-des-iles-glenan-a-fouesnant-en-finistere\/\">les \u00eeles Gl\u00e9nan<\/a>.<\/strong> Ne manquez pas de visiter les alentours, comme Pont-Aven ou la for\u00eat-Fouesnant, pour une immersion compl\u00e8te dans la beaut\u00e9 bretonne.<\/p><p>Participez enfin aux festivit\u00e9s locales, comme <strong>le festival des Filets Bleus<\/strong>, vibrant hommage au patrimoine maritime, ou l<strong>e Livre & Mer,<\/strong> c\u00e9l\u00e9bration de la litt\u00e9rature maritime. Faites un arr\u00eat \u00e0 l\u2019Office de Tourisme de Concarneau \u00e0 Pont-Aven pour plus d\u2019id\u00e9es sur les activit\u00e9s \u00e0 ne pas manquer.<\/p>\t\t\t\t\t\t\t\t<\/div>\n\t\t\t\t\t<\/div>\n\t\t\t\t<\/div>\n\t\t<div class=\"elementor-element elementor-element-6253ad97 e-flex e-con-boxed e-con e-parent\" data-id=\"6253ad97\" data-element_type=\"container\" data-e-type=\"container\">\n\t\t\t\t\t<div class=\"e-con-inner\">\n\t\t<div class=\"elementor-element elementor-element-367d80e0 e-con-full e-flex e-con e-child\" data-id=\"367d80e0\" data-element_type=\"container\" data-e-type=\"container\">\n\t\t\t\t<div class=\"elementor-element elementor-element-5df23203 elementor-widget elementor-widget-text-editor\" data-id=\"5df23203\" data-element_type=\"widget\" data-e-type=\"widget\" data-widget_type=\"text-editor.default\">\n\t\t\t\t\t\t\t\t\t<h2>D\u00e9couvrir le charme historique de Concarneau<\/h2><p>Connue pour son patrimoine historique remarquable, Concarneau incarne la richesse de son pass\u00e9 maritime et son r\u00f4le strat\u00e9gique d\u2019antan. Les incontournables comprennent trois sites embl\u00e9matiques : <strong>la Ville Close, le ch\u00e2teau de Keriolet, et le Mus\u00e9e de la P\u00eache<\/strong>, chacun brillant par son int\u00e9r\u00eat et sa beaut\u00e9.<\/p><h3>La Ville Close : un joyau fortifi\u00e9<\/h3><p>Au c\u0153ur de Concarneau se trouve la Ville Close, une cit\u00e9 fortifi\u00e9e \u00e9difi\u00e9e sur une \u00eele et connect\u00e9e au continent par un pont. N\u00e9e au XVe si\u00e8cle et revue par l\u2019architecte Vauban au XVIIe si\u00e8cle, elle offre un d\u00e9cor authentique et pittoresque. Les visiteurs y d\u00e9couvrent des <strong>ruelles pav\u00e9es, des maisons \u00e0 colombages, l\u2019\u00e9glise Saint-Gu\u00e9nol\u00e9, la chapelle de l\u2019H\u00f4pital<\/strong>, et peuvent admirer la baie depuis les remparts. C\u2019est aussi l\u2019endroit parfait pour savourer des sp\u00e9cialit\u00e9s locales telles que le kouign amann, le far breton, et les cr\u00eapes.<\/p>\t\t\t\t\t\t\t\t<\/div>\n\t\t\t\t<\/div>\n\t\t<div class=\"elementor-element elementor-element-656240c e-con-full e-flex e-con e-child\" data-id=\"656240c\" data-element_type=\"container\" data-e-type=\"container\">\n\t\t\t\t<div class=\"elementor-element elementor-element-2a4969f7 elementor-widget elementor-widget-text-editor\" data-id=\"2a4969f7\" data-element_type=\"widget\" data-e-type=\"widget\" data-widget_type=\"text-editor.default\">\n\t\t\t\t\t\t\t\t\t<h3>Le ch\u00e2teau de Keriolet : plong\u00e9e dans l\u2019histoire locale<\/h3><p>\u00c0 une courte distance de Beuzec-Conq,\u00a0<a href=\"https:\/\/cparici.com\/chateau-de-keriolet-guide-complet-pour-votre-visite\/\">le ch\u00e2teau de Keriolet<\/a>, de style n\u00e9o-gothique, se dresse fi\u00e8rement. Il fut \u00e9rig\u00e9 au XIXe si\u00e8cle par le comte Charles de Chauveau et sa femme, la princesse Z\u00e9na\u00efde Youssoupoff, issus d\u2019un mariage \u00e9tonnant entre France et Russie. Leurs efforts ont transform\u00e9 une demeure du XIIIe si\u00e8cle en\u00a0<strong>un chef-d\u2019\u0153uvre architectural du XIXe si\u00e8cle<\/strong>. Les visiteurs sont invit\u00e9s \u00e0 explorer ses pi\u00e8ces somptueuses, incluant la salle des gardes, la salle \u00e0 manger, la biblioth\u00e8que, et la chapelle.<\/p><h3>Le Mus\u00e9e de la P\u00eache : l\u2019\u00e2me maritime de Concarneau<\/h3><p>Situ\u00e9 dans l\u2019ancien arsenal de la rue Vauban, dans la Ville Close,\u00a0<strong>le Mus\u00e9e de la P\u00eache capture l\u2019essence maritime de Concarneau \u00e0 travers une collection exceptionnelle d\u00e9di\u00e9e \u00e0 l\u2019histoire de la p\u00eache.<\/strong>\u00a0Des bateaux r\u00e9els, des maquettes, des aquariums, des vitrines et des vid\u00e9os narrent l\u2019\u00e9volution de cette activit\u00e9 depuis l\u2019Antiquit\u00e9. Le point d\u2019orgue de la visite est l\u2019H\u00e9m\u00e9rica, un chalutier amarr\u00e9 au quai du mus\u00e9e, permettant aux visiteurs de s\u2019immerger dans la vie des p\u00eacheurs en mer.<\/p>\t\t\t\t\t\t\t\t<\/div>\n\t\t\t\t<\/div>\n\t\t\t\t\t<\/div>\n\t\t\t\t<\/div>\n\t\t<aside class=\"elementor-element elementor-element-1822f98b e-flex e-con-boxed e-con e-parent\" data-id=\"1822f98b\" data-element_type=\"container\" data-e-type=\"container\" data-settings=\"{&quot;background_background&quot;:&quot;classic&quot;}\">\n\t\t\t\t\t<div class=\"e-con-inner\">\n\t\t\t\t<div class=\"elementor-element elementor-element-70b2d46e elementor-widget elementor-widget-spacer\" data-id=\"70b2d46e\" data-element_type=\"widget\" data-e-type=\"widget\" data-widget_type=\"spacer.default\">\n\t\t\t\t\t\t\t<div class=\"elementor-spacer\">\n\t\t\t<div class=\"elementor-spacer-inner\"><\/div>\n\t\t<\/div>\n\t\t\t\t\t\t<\/div>\n\t\t\t\t<div class=\"elementor-element elementor-element-612fbe1c elementor-widget elementor-widget-heading\" data-id=\"612fbe1c\" data-element_type=\"widget\" data-e-type=\"widget\" data-widget_type=\"heading.default\">\n\t\t\t\t\t<p class=\"elementor-heading-title elementor-size-default\">H\u00e9bergements de Vacances en direct<\/p>\t\t\t\t<\/div>\n\t\t\t\t<div class=\"elementor-element elementor-element-2a1931fd elementor-widget elementor-widget-listeo-listings-carousel\" data-id=\"2a1931fd\" data-element_type=\"widget\" data-e-type=\"widget\" data-widget_type=\"listeo-listings-carousel.default\">\n\t\t\t\t<div class=\"elementor-widget-container\">\n\t\t\t\t\t        <!-- Carousel \/ Start -->\n        \t<div class=\"simple-slick-carousel dots-nav\" data-slick='{&quot;autoplay&quot;:true,&quot;autoplaySpeed&quot;:3000,&quot;slidesToShow&quot;:3,&quot;slidesToScroll&quot;:1,&quot;responsive&quot;:[{&quot;breakpoint&quot;:1024,&quot;settings&quot;:{&quot;slidesToShow&quot;:2,&quot;slidesToScroll&quot;:1}},{&quot;breakpoint&quot;:768,&quot;settings&quot;:{&quot;slidesToShow&quot;:1,&quot;slidesToScroll&quot;:1}}]}'>\n                            <div class=\"fw-carousel-item\">                    \n                        <!-- Listing Item -->\r\n            <div class=\"col-lg-6 col-md-12\">\r\n                <a href=\"https:\/\/cparici.com\/de\/annonce\/la-plume-appartement-vue-mer-2-adultes-2-enfants-vue-mer-a-concarneau\/\"  class=\"listing-item-container listing-geo-data compact\" \r\n\t\tdata-title=\"La Plume \u2013 Appartement vue mer \u00e0 CONCARNEAU\"\r\n\t\tdata-listing-type=\"rental\"\r\n\t\tdata-classifieds-price=\"\u20ac\"\r\n\t\tdata-friendly-address=\"Centre ville Concarneau, Plages \u00e0 pied\"\r\n\t\tdata-address=\"Centre ville Concarneau, Plages \u00e0 pied\"\r\n\t\tdata-image=\"https:\/\/cparici.com\/wp-content\/uploads\/2026\/04\/appartement-plume-concarneau-balcon-vue-mer-et-phare-520x397.jpg\"\r\n\t\tdata-longitude=\"-3.9175758\"\r\n\t\tdata-latitude=\"47.8690136\"\r\n\t\t\t\t\tdata-rating=\"0\"\r\n\t\t\tdata-reviews=\"0\"\r\n\t\t\t\tdata-icon=\"<svg xmlns=&quot;http:\/\/www.w3.org\/2000\/svg&quot; width=&quot;800px&quot; height=&quot;800px&quot; viewBox=&quot;0 0 45 45&quot; fill=&quot;none&quot;>\n<path d=&quot;M24.155 8.78099L24.33 8.94499L37.402 21.787L36 23.213L34.2 21.445L34.201 35C34.201 36.054 33.385 36.918 32.35 36.994L32.201 37H12.201C11.147 37 10.283 36.184 10.206 35.149L10.201 35L10.2 21.446L8.402 23.213L7 21.787L20.058 8.95799C21.171 7.82199 22.966 7.75899 24.155 8.78099ZM21.569 10.285L21.473 10.372L12.2 19.481L12.201 35L17.2 34.999L17.201 25C17.201 23.946 18.017 23.082 19.052 23.005L19.201 23H25.201C26.255 23 27.119 23.816 27.196 24.851L27.201 25L27.2 34.999L32.201 35L32.2 19.48L22.901 10.344C22.537 9.98699 21.969 9.96499 21.569 10.285ZM25.201 25H19.201L19.2 34.999H25.2L25.201 25Z&quot; fill=&quot;#3C3C3C&quot;\/>\n<\/svg>\"\r\n\r\n\t>\r\n            <div class=\"listing-item  \">\r\n                <div class=\"listing-small-badges-container\">\r\n                                                                <div class=\"listing-small-badge pricing-badge\"><i class=\"fa fa-tag\"><\/i>140,00\u20ac - 0,00\u20ac<\/div>\r\n                                                            \r\n                                        \r\n                                        \r\n                <\/div>\r\n                <img decoding=\"async\" src=\"https:\/\/cparici.com\/wp-content\/uploads\/2026\/04\/appartement-plume-concarneau-balcon-vue-mer-et-phare-520x397.jpg\" alt=\"La Plume \u2013 Appartement vue mer \u00e0 CONCARNEAU\" class=\"listing-thumbnail\">\r\n                \r\n\r\n                <div class=\"listing-item-content\">\r\n                    \r\n                    <h3> La Plume \u2013 Appartement vue mer \u00e0 CONCARNEAU <\/h3>\r\n                    <span>Centre ville Concarneau, Plages \u00e0 pied<\/span>\r\n                <\/div>\r\n                                        <span class=\"save like-icon tooltip left\" title=\"Login To Bookmark Items\"><\/span>\r\n                                                <\/div>\r\n        <\/a>\r\n                    <\/div>\r\n        \r\n\r\n        <!-- Listing Item \/ End -->\n                    <\/div>\n                                      <div class=\"fw-carousel-item\">                    \n                        <!-- Listing Item -->\r\n            <div class=\"col-lg-6 col-md-12\">\r\n                <a href=\"https:\/\/cparici.com\/de\/annonce\/la-villa-du-cabellou\/\"  class=\"listing-item-container listing-geo-data compact\" \r\n\t\tdata-title=\"La Villa du Cabellou\"\r\n\t\tdata-listing-type=\"rental\"\r\n\t\tdata-classifieds-price=\"\u20ac\"\r\n\t\tdata-friendly-address=\"Le Cabellou\"\r\n\t\tdata-address=\"Le Cabellou\"\r\n\t\tdata-image=\"https:\/\/cparici.com\/wp-content\/uploads\/2025\/01\/villa-le-cabellou-1-520x397.jpg\"\r\n\t\tdata-longitude=\"-3.90582\"\r\n\t\tdata-latitude=\"47.8544208\"\r\n\t\t\t\t\tdata-rating=\"0\"\r\n\t\t\tdata-reviews=\"0\"\r\n\t\t\t\tdata-icon=\"<svg xmlns=&quot;http:\/\/www.w3.org\/2000\/svg&quot; width=&quot;800px&quot; height=&quot;800px&quot; viewBox=&quot;0 0 45 45&quot; fill=&quot;none&quot;>\n<path d=&quot;M24.155 8.78099L24.33 8.94499L37.402 21.787L36 23.213L34.2 21.445L34.201 35C34.201 36.054 33.385 36.918 32.35 36.994L32.201 37H12.201C11.147 37 10.283 36.184 10.206 35.149L10.201 35L10.2 21.446L8.402 23.213L7 21.787L20.058 8.95799C21.171 7.82199 22.966 7.75899 24.155 8.78099ZM21.569 10.285L21.473 10.372L12.2 19.481L12.201 35L17.2 34.999L17.201 25C17.201 23.946 18.017 23.082 19.052 23.005L19.201 23H25.201C26.255 23 27.119 23.816 27.196 24.851L27.201 25L27.2 34.999L32.201 35L32.2 19.48L22.901 10.344C22.537 9.98699 21.969 9.96499 21.569 10.285ZM25.201 25H19.201L19.2 34.999H25.2L25.201 25Z&quot; fill=&quot;#3C3C3C&quot;\/>\n<\/svg>\"\r\n\r\n\t>\r\n            <div class=\"listing-item  \">\r\n                <div class=\"listing-small-badges-container\">\r\n                                                                                \r\n                                        \r\n                                        \r\n                <\/div>\r\n                <img decoding=\"async\" src=\"https:\/\/cparici.com\/wp-content\/uploads\/2025\/01\/villa-le-cabellou-1-520x397.jpg\" alt=\"La Villa du Cabellou\" class=\"listing-thumbnail\">\r\n                \r\n\r\n                <div class=\"listing-item-content\">\r\n                    \r\n                    <h3> La Villa du Cabellou <\/h3>\r\n                    <span>Le Cabellou<\/span>\r\n                <\/div>\r\n                                        <span class=\"save like-icon tooltip left\" title=\"Login To Bookmark Items\"><\/span>\r\n                                                <\/div>\r\n        <\/a>\r\n                    <\/div>\r\n        \r\n\r\n        <!-- Listing Item \/ End -->\n                    <\/div>\n                                      <div class=\"fw-carousel-item\">                    \n                        <!-- Listing Item -->\r\n            <div class=\"col-lg-6 col-md-12\">\r\n                <a href=\"https:\/\/cparici.com\/de\/annonce\/ty-noe-appartement-4-pers-concarneau\/\"  class=\"listing-item-container listing-geo-data compact\" \r\n\t\tdata-title=\"TY-NOE Appartement 4 Pers Concarneau\"\r\n\t\tdata-listing-type=\"rental\"\r\n\t\tdata-classifieds-price=\"\u20ac\"\r\n\t\tdata-friendly-address=\"Concarneau Centre ville Plage \u00e0 pied\"\r\n\t\tdata-address=\"Concarneau Centre ville Plage \u00e0 pied\"\r\n\t\tdata-image=\"https:\/\/cparici.com\/wp-content\/uploads\/2026\/03\/coin-salon-ty-noe-maison-vacances-concarneau-520x397.jpg\"\r\n\t\tdata-longitude=\"-3.926947116851807\"\r\n\t\tdata-latitude=\"47.87317453571676\"\r\n\t\t\t\t\tdata-rating=\"0\"\r\n\t\t\tdata-reviews=\"0\"\r\n\t\t\t\tdata-icon=\"<svg xmlns=&quot;http:\/\/www.w3.org\/2000\/svg&quot; width=&quot;800px&quot; height=&quot;800px&quot; viewBox=&quot;0 0 45 45&quot; fill=&quot;none&quot;>\n<path d=&quot;M24.155 8.78099L24.33 8.94499L37.402 21.787L36 23.213L34.2 21.445L34.201 35C34.201 36.054 33.385 36.918 32.35 36.994L32.201 37H12.201C11.147 37 10.283 36.184 10.206 35.149L10.201 35L10.2 21.446L8.402 23.213L7 21.787L20.058 8.95799C21.171 7.82199 22.966 7.75899 24.155 8.78099ZM21.569 10.285L21.473 10.372L12.2 19.481L12.201 35L17.2 34.999L17.201 25C17.201 23.946 18.017 23.082 19.052 23.005L19.201 23H25.201C26.255 23 27.119 23.816 27.196 24.851L27.201 25L27.2 34.999L32.201 35L32.2 19.48L22.901 10.344C22.537 9.98699 21.969 9.96499 21.569 10.285ZM25.201 25H19.201L19.2 34.999H25.2L25.201 25Z&quot; fill=&quot;#3C3C3C&quot;\/>\n<\/svg>\"\r\n\r\n\t>\r\n            <div class=\"listing-item  \">\r\n                <div class=\"listing-small-badges-container\">\r\n                                                                <div class=\"listing-small-badge pricing-badge\"><i class=\"fa fa-tag\"><\/i>160,00\u20ac - 0,00\u20ac<\/div>\r\n                                                            \r\n                                        \r\n                                        \r\n                <\/div>\r\n                <img decoding=\"async\" src=\"https:\/\/cparici.com\/wp-content\/uploads\/2026\/03\/coin-salon-ty-noe-maison-vacances-concarneau-520x397.jpg\" alt=\"TY-NOE Appartement 4 Pers Concarneau\" class=\"listing-thumbnail\">\r\n                \r\n\r\n                <div class=\"listing-item-content\">\r\n                    \r\n                    <h3> TY-NOE Appartement 4 Pers Concarneau <\/h3>\r\n                    <span>Concarneau Centre ville Plage \u00e0 pied<\/span>\r\n                <\/div>\r\n                                        <span class=\"save like-icon tooltip left\" title=\"Login To Bookmark Items\"><\/span>\r\n                                                <\/div>\r\n        <\/a>\r\n                    <\/div>\r\n        \r\n\r\n        <!-- Listing Item \/ End -->\n                    <\/div>\n                                      <div class=\"fw-carousel-item\">                    \n                        <!-- Listing Item -->\r\n            <div class=\"col-lg-6 col-md-12\">\r\n                <a href=\"https:\/\/cparici.com\/de\/annonce\/l-appart-quimperois\/\"  class=\"listing-item-container listing-geo-data compact\" \r\n\t\tdata-title=\"L\u2019 Appart Quimp\u00e9rois\"\r\n\t\tdata-listing-type=\"rental\"\r\n\t\tdata-classifieds-price=\"\u20ac\"\r\n\t\tdata-friendly-address=\"Quimper, France\"\r\n\t\tdata-address=\"Quimper, France\"\r\n\t\tdata-image=\"https:\/\/cparici.com\/wp-content\/uploads\/2025\/10\/IMG_2378-520x397.jpeg\"\r\n\t\tdata-longitude=\"-4.0996181\"\r\n\t\tdata-latitude=\"48.0000428\"\r\n\t\t\t\t\tdata-rating=\"0\"\r\n\t\t\tdata-reviews=\"0\"\r\n\t\t\t\tdata-icon=\"<svg xmlns=&quot;http:\/\/www.w3.org\/2000\/svg&quot; width=&quot;800px&quot; height=&quot;800px&quot; viewBox=&quot;0 0 45 45&quot; fill=&quot;none&quot;>\n<path d=&quot;M24.155 8.78099L24.33 8.94499L37.402 21.787L36 23.213L34.2 21.445L34.201 35C34.201 36.054 33.385 36.918 32.35 36.994L32.201 37H12.201C11.147 37 10.283 36.184 10.206 35.149L10.201 35L10.2 21.446L8.402 23.213L7 21.787L20.058 8.95799C21.171 7.82199 22.966 7.75899 24.155 8.78099ZM21.569 10.285L21.473 10.372L12.2 19.481L12.201 35L17.2 34.999L17.201 25C17.201 23.946 18.017 23.082 19.052 23.005L19.201 23H25.201C26.255 23 27.119 23.816 27.196 24.851L27.201 25L27.2 34.999L32.201 35L32.2 19.48L22.901 10.344C22.537 9.98699 21.969 9.96499 21.569 10.285ZM25.201 25H19.201L19.2 34.999H25.2L25.201 25Z&quot; fill=&quot;#3C3C3C&quot;\/>\n<\/svg>\"\r\n\r\n\t>\r\n            <div class=\"listing-item  featured-listing\">\r\n                <div class=\"listing-small-badges-container\">\r\n                                            <div class=\"listing-small-badge featured-badge\"><i class=\"fa fa-star\"><\/i> Featured<\/div>\r\n                                                                <div class=\"listing-small-badge pricing-badge\"><i class=\"fa fa-tag\"><\/i>85,00\u20ac - 140,00\u20ac<\/div>\r\n                                                            \r\n                                        \r\n                                        \r\n                <\/div>\r\n                <img decoding=\"async\" src=\"https:\/\/cparici.com\/wp-content\/uploads\/2025\/10\/IMG_2378-520x397.jpeg\" alt=\"L\u2019 Appart Quimp\u00e9rois\" class=\"listing-thumbnail\">\r\n                \r\n\r\n                <div class=\"listing-item-content\">\r\n                    \r\n                    <h3> L\u2019 Appart Quimp\u00e9rois <\/h3>\r\n                    <span>Quimper, France<\/span>\r\n                <\/div>\r\n                                        <span class=\"save like-icon tooltip left\" title=\"Login To Bookmark Items\"><\/span>\r\n                                                <\/div>\r\n        <\/a>\r\n                    <\/div>\r\n        \r\n\r\n        <!-- Listing Item \/ End -->\n                    <\/div>\n                                      <div class=\"fw-carousel-item\">                    \n                        <!-- Listing Item -->\r\n            <div class=\"col-lg-6 col-md-12\">\r\n                <a href=\"https:\/\/cparici.com\/de\/annonce\/brise-marine-4-pers-2\/\"  class=\"listing-item-container listing-geo-data compact\" \r\n\t\tdata-title=\"Brise Marine, 4 Pers\"\r\n\t\tdata-listing-type=\"rental\"\r\n\t\tdata-classifieds-price=\"\u20ac\"\r\n\t\tdata-friendly-address=\"La Corniche\"\r\n\t\tdata-address=\"La Corniche\"\r\n\t\tdata-image=\"https:\/\/cparici.com\/wp-content\/uploads\/2025\/01\/brise-marine-1-520x397.jpg\"\r\n\t\tdata-longitude=\"-3.9236476\"\r\n\t\tdata-latitude=\"47.8707177\"\r\n\t\t\t\t\tdata-rating=\"0\"\r\n\t\t\tdata-reviews=\"0\"\r\n\t\t\t\tdata-icon=\"<svg xmlns=&quot;http:\/\/www.w3.org\/2000\/svg&quot; width=&quot;800px&quot; height=&quot;800px&quot; viewBox=&quot;0 0 45 45&quot; fill=&quot;none&quot;>\n<path d=&quot;M24.155 8.78099L24.33 8.94499L37.402 21.787L36 23.213L34.2 21.445L34.201 35C34.201 36.054 33.385 36.918 32.35 36.994L32.201 37H12.201C11.147 37 10.283 36.184 10.206 35.149L10.201 35L10.2 21.446L8.402 23.213L7 21.787L20.058 8.95799C21.171 7.82199 22.966 7.75899 24.155 8.78099ZM21.569 10.285L21.473 10.372L12.2 19.481L12.201 35L17.2 34.999L17.201 25C17.201 23.946 18.017 23.082 19.052 23.005L19.201 23H25.201C26.255 23 27.119 23.816 27.196 24.851L27.201 25L27.2 34.999L32.201 35L32.2 19.48L22.901 10.344C22.537 9.98699 21.969 9.96499 21.569 10.285ZM25.201 25H19.201L19.2 34.999H25.2L25.201 25Z&quot; fill=&quot;#3C3C3C&quot;\/>\n<\/svg>\"\r\n\r\n\t>\r\n            <div class=\"listing-item  \">\r\n                <div class=\"listing-small-badges-container\">\r\n                                                                <div class=\"listing-small-badge pricing-badge\"><i class=\"fa fa-tag\"><\/i>Starts from 180,00\u20ac<\/div>\r\n                                                            \r\n                                        \r\n                                        \r\n                <\/div>\r\n                <img decoding=\"async\" src=\"https:\/\/cparici.com\/wp-content\/uploads\/2025\/01\/brise-marine-1-520x397.jpg\" alt=\"Brise Marine, 4 Pers\" class=\"listing-thumbnail\">\r\n                \r\n\r\n                <div class=\"listing-item-content\">\r\n                    \r\n                    <h3> Brise Marine, 4 Pers <\/h3>\r\n                    <span>La Corniche<\/span>\r\n                <\/div>\r\n                                        <span class=\"save like-icon tooltip left\" title=\"Login To Bookmark Items\"><\/span>\r\n                                                <\/div>\r\n        <\/a>\r\n                    <\/div>\r\n        \r\n\r\n        <!-- Listing Item \/ End -->\n                    <\/div>\n                                      <div class=\"fw-carousel-item\">                    \n                        <!-- Listing Item -->\r\n            <div class=\"col-lg-6 col-md-12\">\r\n                <a href=\"https:\/\/cparici.com\/de\/annonce\/viki-thalasso-2-4-pers\/\"  class=\"listing-item-container listing-geo-data compact\" \r\n\t\tdata-title=\"VIKI-Thalasso, 2-4 Pers\"\r\n\t\tdata-listing-type=\"rental\"\r\n\t\tdata-classifieds-price=\"\u20ac\"\r\n\t\tdata-friendly-address=\"Les Sables Blancs\"\r\n\t\tdata-address=\"Les Sables Blancs\"\r\n\t\tdata-image=\"https:\/\/cparici.com\/wp-content\/uploads\/2025\/01\/Viki-1-520x397.jpg\"\r\n\t\tdata-longitude=\"-3.9305571\"\r\n\t\tdata-latitude=\"47.8807434\"\r\n\t\t\t\t\tdata-rating=\"0\"\r\n\t\t\tdata-reviews=\"0\"\r\n\t\t\t\tdata-icon=\"<svg xmlns=&quot;http:\/\/www.w3.org\/2000\/svg&quot; width=&quot;800px&quot; height=&quot;800px&quot; viewBox=&quot;0 0 45 45&quot; fill=&quot;none&quot;>\n<path d=&quot;M24.155 8.78099L24.33 8.94499L37.402 21.787L36 23.213L34.2 21.445L34.201 35C34.201 36.054 33.385 36.918 32.35 36.994L32.201 37H12.201C11.147 37 10.283 36.184 10.206 35.149L10.201 35L10.2 21.446L8.402 23.213L7 21.787L20.058 8.95799C21.171 7.82199 22.966 7.75899 24.155 8.78099ZM21.569 10.285L21.473 10.372L12.2 19.481L12.201 35L17.2 34.999L17.201 25C17.201 23.946 18.017 23.082 19.052 23.005L19.201 23H25.201C26.255 23 27.119 23.816 27.196 24.851L27.201 25L27.2 34.999L32.201 35L32.2 19.48L22.901 10.344C22.537 9.98699 21.969 9.96499 21.569 10.285ZM25.201 25H19.201L19.2 34.999H25.2L25.201 25Z&quot; fill=&quot;#3C3C3C&quot;\/>\n<\/svg>\"\r\n\r\n\t>\r\n            <div class=\"listing-item  \">\r\n                <div class=\"listing-small-badges-container\">\r\n                                                                <div class=\"listing-small-badge pricing-badge\"><i class=\"fa fa-tag\"><\/i>Starts from 97,00\u20ac<\/div>\r\n                                                            \r\n                                        \r\n                                        \r\n                <\/div>\r\n                <img decoding=\"async\" src=\"https:\/\/cparici.com\/wp-content\/uploads\/2025\/01\/Viki-1-520x397.jpg\" alt=\"VIKI-Thalasso, 2-4 Pers\" class=\"listing-thumbnail\">\r\n                \r\n\r\n                <div class=\"listing-item-content\">\r\n                    \r\n                    <h3> VIKI-Thalasso, 2-4 Pers <\/h3>\r\n                    <span>Les Sables Blancs<\/span>\r\n                <\/div>\r\n                                        <span class=\"save like-icon tooltip left\" title=\"Login To Bookmark Items\"><\/span>\r\n                                                <\/div>\r\n        <\/a>\r\n                    <\/div>\r\n        \r\n\r\n        <!-- Listing Item \/ End -->\n                    <\/div>\n                                      <div class=\"fw-carousel-item\">                    \n                        <!-- Listing Item -->\r\n            <div class=\"col-lg-6 col-md-12\">\r\n                <a href=\"https:\/\/cparici.com\/de\/annonce\/appartement-le-nassau-vue-mer-2-personnes-concarneau\/\"  class=\"listing-item-container listing-geo-data compact\" \r\n\t\tdata-title=\"Appartement Le Nassau \u2013 vue mer 2 personnes Concarneau\"\r\n\t\tdata-listing-type=\"rental\"\r\n\t\tdata-classifieds-price=\"\u20ac\"\r\n\t\tdata-friendly-address=\"Bd Bougainville, Concarneau\"\r\n\t\tdata-address=\"Bd Bougainville, Concarneau\"\r\n\t\tdata-image=\"https:\/\/cparici.com\/wp-content\/uploads\/2026\/04\/appartement-nassau-concarneau-520x397.jpg\"\r\n\t\tdata-longitude=\"-3.921428087197639\"\r\n\t\tdata-latitude=\"47.86981360330804\"\r\n\t\t\t\t\tdata-rating=\"0\"\r\n\t\t\tdata-reviews=\"0\"\r\n\t\t\t\tdata-icon=\"<svg xmlns=&quot;http:\/\/www.w3.org\/2000\/svg&quot; width=&quot;800px&quot; height=&quot;800px&quot; viewBox=&quot;0 0 45 45&quot; fill=&quot;none&quot;>\n<path d=&quot;M24.155 8.78099L24.33 8.94499L37.402 21.787L36 23.213L34.2 21.445L34.201 35C34.201 36.054 33.385 36.918 32.35 36.994L32.201 37H12.201C11.147 37 10.283 36.184 10.206 35.149L10.201 35L10.2 21.446L8.402 23.213L7 21.787L20.058 8.95799C21.171 7.82199 22.966 7.75899 24.155 8.78099ZM21.569 10.285L21.473 10.372L12.2 19.481L12.201 35L17.2 34.999L17.201 25C17.201 23.946 18.017 23.082 19.052 23.005L19.201 23H25.201C26.255 23 27.119 23.816 27.196 24.851L27.201 25L27.2 34.999L32.201 35L32.2 19.48L22.901 10.344C22.537 9.98699 21.969 9.96499 21.569 10.285ZM25.201 25H19.201L19.2 34.999H25.2L25.201 25Z&quot; fill=&quot;#3C3C3C&quot;\/>\n<\/svg>\"\r\n\r\n\t>\r\n            <div class=\"listing-item  \">\r\n                <div class=\"listing-small-badges-container\">\r\n                                                                <div class=\"listing-small-badge pricing-badge\"><i class=\"fa fa-tag\"><\/i>80,00\u20ac - 0,00\u20ac<\/div>\r\n                                                            \r\n                                        \r\n                                        \r\n                <\/div>\r\n                <img decoding=\"async\" src=\"https:\/\/cparici.com\/wp-content\/uploads\/2026\/04\/appartement-nassau-concarneau-520x397.jpg\" alt=\"Appartement Le Nassau \u2013 vue mer 2 personnes Concarneau\" class=\"listing-thumbnail\">\r\n                \r\n\r\n                <div class=\"listing-item-content\">\r\n                    \r\n                    <h3> Appartement Le Nassau \u2013 vue mer 2 personnes Concarneau <\/h3>\r\n                    <span>Bd Bougainville, Concarneau<\/span>\r\n                <\/div>\r\n                                        <span class=\"save like-icon tooltip left\" title=\"Login To Bookmark Items\"><\/span>\r\n                                                <\/div>\r\n        <\/a>\r\n                    <\/div>\r\n        \r\n\r\n        <!-- Listing Item \/ End -->\n                    <\/div>\n                                      <div class=\"fw-carousel-item\">                    \n                        <!-- Listing Item -->\r\n            <div class=\"col-lg-6 col-md-12\">\r\n                <a href=\"https:\/\/cparici.com\/de\/annonce\/appartement-le-phare-2-pers\/\"  class=\"listing-item-container listing-geo-data compact\" \r\n\t\tdata-title=\"Appartement Le Phare, 2 pers\"\r\n\t\tdata-listing-type=\"rental\"\r\n\t\tdata-classifieds-price=\"\u20ac\"\r\n\t\tdata-friendly-address=\"Avenue des Sables Blancs\"\r\n\t\tdata-address=\"Avenue des Sables Blancs\"\r\n\t\tdata-image=\"https:\/\/cparici.com\/wp-content\/uploads\/2025\/01\/DSC1538-520x397.jpg\"\r\n\t\tdata-longitude=\"-3.9297422\"\r\n\t\tdata-latitude=\"47.8785418\"\r\n\t\t\t\t\tdata-rating=\"0\"\r\n\t\t\tdata-reviews=\"0\"\r\n\t\t\t\tdata-icon=\"<svg xmlns=&quot;http:\/\/www.w3.org\/2000\/svg&quot; width=&quot;800px&quot; height=&quot;800px&quot; viewBox=&quot;0 0 45 45&quot; fill=&quot;none&quot;>\n<path d=&quot;M24.155 8.78099L24.33 8.94499L37.402 21.787L36 23.213L34.2 21.445L34.201 35C34.201 36.054 33.385 36.918 32.35 36.994L32.201 37H12.201C11.147 37 10.283 36.184 10.206 35.149L10.201 35L10.2 21.446L8.402 23.213L7 21.787L20.058 8.95799C21.171 7.82199 22.966 7.75899 24.155 8.78099ZM21.569 10.285L21.473 10.372L12.2 19.481L12.201 35L17.2 34.999L17.201 25C17.201 23.946 18.017 23.082 19.052 23.005L19.201 23H25.201C26.255 23 27.119 23.816 27.196 24.851L27.201 25L27.2 34.999L32.201 35L32.2 19.48L22.901 10.344C22.537 9.98699 21.969 9.96499 21.569 10.285ZM25.201 25H19.201L19.2 34.999H25.2L25.201 25Z&quot; fill=&quot;#3C3C3C&quot;\/>\n<\/svg>\"\r\n\r\n\t>\r\n            <div class=\"listing-item  \">\r\n                <div class=\"listing-small-badges-container\">\r\n                                                                <div class=\"listing-small-badge pricing-badge\"><i class=\"fa fa-tag\"><\/i>110,00\u20ac - 0,00\u20ac<\/div>\r\n                                                            \r\n                                        \r\n                                        \r\n                <\/div>\r\n                <img decoding=\"async\" src=\"https:\/\/cparici.com\/wp-content\/uploads\/2025\/01\/DSC1538-520x397.jpg\" alt=\"Appartement Le Phare, 2 pers\" class=\"listing-thumbnail\">\r\n                \r\n\r\n                <div class=\"listing-item-content\">\r\n                    \r\n                    <h3> Appartement Le Phare, 2 pers <i class=\"verified-icon\"><\/i><\/h3>\r\n                    <span>Avenue des Sables Blancs<\/span>\r\n                <\/div>\r\n                                        <span class=\"save like-icon tooltip left\" title=\"Login To Bookmark Items\"><\/span>\r\n                                                <\/div>\r\n        <\/a>\r\n                    <\/div>\r\n        \r\n\r\n        <!-- Listing Item \/ End -->\n                    <\/div>\n                                      <div class=\"fw-carousel-item\">                    \n                        <!-- Listing Item -->\r\n            <div class=\"col-lg-6 col-md-12\">\r\n                <a href=\"https:\/\/cparici.com\/de\/annonce\/evasion-marine-2-4-pers\/\"  class=\"listing-item-container listing-geo-data compact\" \r\n\t\tdata-title=\"Evasion Marine, 2-4 pers\"\r\n\t\tdata-listing-type=\"rental\"\r\n\t\tdata-classifieds-price=\"\u20ac\"\r\n\t\tdata-friendly-address=\"Les Sables Blancs\"\r\n\t\tdata-address=\"Les Sables Blancs\"\r\n\t\tdata-image=\"https:\/\/cparici.com\/wp-content\/uploads\/2025\/01\/evasion-marine-1-520x397.jpg\"\r\n\t\tdata-longitude=\"-3.930070000000001\"\r\n\t\tdata-latitude=\"47.88204939999999\"\r\n\t\t\t\t\tdata-rating=\"0\"\r\n\t\t\tdata-reviews=\"0\"\r\n\t\t\t\tdata-icon=\"<svg xmlns=&quot;http:\/\/www.w3.org\/2000\/svg&quot; width=&quot;800px&quot; height=&quot;800px&quot; viewBox=&quot;0 0 45 45&quot; fill=&quot;none&quot;>\n<path d=&quot;M24.155 8.78099L24.33 8.94499L37.402 21.787L36 23.213L34.2 21.445L34.201 35C34.201 36.054 33.385 36.918 32.35 36.994L32.201 37H12.201C11.147 37 10.283 36.184 10.206 35.149L10.201 35L10.2 21.446L8.402 23.213L7 21.787L20.058 8.95799C21.171 7.82199 22.966 7.75899 24.155 8.78099ZM21.569 10.285L21.473 10.372L12.2 19.481L12.201 35L17.2 34.999L17.201 25C17.201 23.946 18.017 23.082 19.052 23.005L19.201 23H25.201C26.255 23 27.119 23.816 27.196 24.851L27.201 25L27.2 34.999L32.201 35L32.2 19.48L22.901 10.344C22.537 9.98699 21.969 9.96499 21.569 10.285ZM25.201 25H19.201L19.2 34.999H25.2L25.201 25Z&quot; fill=&quot;#3C3C3C&quot;\/>\n<\/svg>\"\r\n\r\n\t>\r\n            <div class=\"listing-item  \">\r\n                <div class=\"listing-small-badges-container\">\r\n                                                                <div class=\"listing-small-badge pricing-badge\"><i class=\"fa fa-tag\"><\/i>Starts from 85,00\u20ac<\/div>\r\n                                                            \r\n                                        \r\n                                        \r\n                <\/div>\r\n                <img decoding=\"async\" src=\"https:\/\/cparici.com\/wp-content\/uploads\/2025\/01\/evasion-marine-1-520x397.jpg\" alt=\"Evasion Marine, 2-4 pers\" class=\"listing-thumbnail\">\r\n                \r\n\r\n                <div class=\"listing-item-content\">\r\n                    \r\n                    <h3> Evasion Marine, 2-4 pers <\/h3>\r\n                    <span>Les Sables Blancs<\/span>\r\n                <\/div>\r\n                                        <span class=\"save like-icon tooltip left\" title=\"Login To Bookmark Items\"><\/span>\r\n                                                <\/div>\r\n        <\/a>\r\n                    <\/div>\r\n        \r\n\r\n        <!-- Listing Item \/ End -->\n                    <\/div>\n                                      <div class=\"fw-carousel-item\">                    \n                        <!-- Listing Item -->\r\n            <div class=\"col-lg-6 col-md-12\">\r\n                <a href=\"https:\/\/cparici.com\/de\/annonce\/appartement-reverie-2-pers-centre-ville-et-mer-a-pied-concarneau\/\"  class=\"listing-item-container listing-geo-data compact\" \r\n\t\tdata-title=\"Appartement R\u00eaverie 2 pers \u2013 Centre-ville et mer \u00e0 pied Concarneau\"\r\n\t\tdata-listing-type=\"rental\"\r\n\t\tdata-classifieds-price=\"\u20ac\"\r\n\t\tdata-friendly-address=\"Concarneau Centre ville Plage \u00e0 pied\"\r\n\t\tdata-address=\"Concarneau Centre ville Plage \u00e0 pied\"\r\n\t\tdata-image=\"https:\/\/cparici.com\/wp-content\/uploads\/2026\/03\/appartement-concarneau-reverie-520x397.jpg\"\r\n\t\tdata-longitude=\"-3.9242893\"\r\n\t\tdata-latitude=\"47.8738589\"\r\n\t\t\t\t\tdata-rating=\"0\"\r\n\t\t\tdata-reviews=\"0\"\r\n\t\t\t\tdata-icon=\"<svg xmlns=&quot;http:\/\/www.w3.org\/2000\/svg&quot; width=&quot;800px&quot; height=&quot;800px&quot; viewBox=&quot;0 0 45 45&quot; fill=&quot;none&quot;>\n<path d=&quot;M24.155 8.78099L24.33 8.94499L37.402 21.787L36 23.213L34.2 21.445L34.201 35C34.201 36.054 33.385 36.918 32.35 36.994L32.201 37H12.201C11.147 37 10.283 36.184 10.206 35.149L10.201 35L10.2 21.446L8.402 23.213L7 21.787L20.058 8.95799C21.171 7.82199 22.966 7.75899 24.155 8.78099ZM21.569 10.285L21.473 10.372L12.2 19.481L12.201 35L17.2 34.999L17.201 25C17.201 23.946 18.017 23.082 19.052 23.005L19.201 23H25.201C26.255 23 27.119 23.816 27.196 24.851L27.201 25L27.2 34.999L32.201 35L32.2 19.48L22.901 10.344C22.537 9.98699 21.969 9.96499 21.569 10.285ZM25.201 25H19.201L19.2 34.999H25.2L25.201 25Z&quot; fill=&quot;#3C3C3C&quot;\/>\n<\/svg>\"\r\n\r\n\t>\r\n            <div class=\"listing-item  \">\r\n                <div class=\"listing-small-badges-container\">\r\n                                                                <div class=\"listing-small-badge pricing-badge\"><i class=\"fa fa-tag\"><\/i>Starts from 95,00\u20ac<\/div>\r\n                                                            \r\n                                        \r\n                                        \r\n                <\/div>\r\n                <img decoding=\"async\" src=\"https:\/\/cparici.com\/wp-content\/uploads\/2026\/03\/appartement-concarneau-reverie-520x397.jpg\" alt=\"Appartement R\u00eaverie 2 pers \u2013 Centre-ville et mer \u00e0 pied Concarneau\" class=\"listing-thumbnail\">\r\n                \r\n\r\n                <div class=\"listing-item-content\">\r\n                    \r\n                    <h3> Appartement R\u00eaverie 2 pers \u2013 Centre-ville et mer \u00e0 pied Concarneau <\/h3>\r\n                    <span>Concarneau Centre ville Plage \u00e0 pied<\/span>\r\n                <\/div>\r\n                                        <span class=\"save like-icon tooltip left\" title=\"Login To Bookmark Items\"><\/span>\r\n                                                <\/div>\r\n        <\/a>\r\n                    <\/div>\r\n        \r\n\r\n        <!-- Listing Item \/ End -->\n                    <\/div>\n                                      <div class=\"fw-carousel-item\">                    \n                        <!-- Listing Item -->\r\n            <div class=\"col-lg-6 col-md-12\">\r\n                <a href=\"https:\/\/cparici.com\/de\/annonce\/perle-maison-6-pers-avec-piscine-couverte-et-vue-mer\/\"  class=\"listing-item-container listing-geo-data compact\" \r\n\t\tdata-title=\"Perle Maison 6 Pers avec Piscine Couverte et Vue Mer\"\r\n\t\tdata-listing-type=\"rental\"\r\n\t\tdata-classifieds-price=\"\u20ac\"\r\n\t\tdata-friendly-address=\"Concarneau, Les Sables Blancs\"\r\n\t\tdata-address=\"Concarneau, Les Sables Blancs\"\r\n\t\tdata-image=\"https:\/\/cparici.com\/wp-content\/uploads\/2026\/03\/maison-vacances-perle-concarneau-exterieur-520x397.jpg\"\r\n\t\tdata-longitude=\"-3.934530282209957\"\r\n\t\tdata-latitude=\"47.884541075243035\"\r\n\t\t\t\t\tdata-rating=\"0\"\r\n\t\t\tdata-reviews=\"0\"\r\n\t\t\t\tdata-icon=\"<svg xmlns=&quot;http:\/\/www.w3.org\/2000\/svg&quot; width=&quot;800px&quot; height=&quot;800px&quot; viewBox=&quot;0 0 45 45&quot; fill=&quot;none&quot;>\n<path d=&quot;M24.155 8.78099L24.33 8.94499L37.402 21.787L36 23.213L34.2 21.445L34.201 35C34.201 36.054 33.385 36.918 32.35 36.994L32.201 37H12.201C11.147 37 10.283 36.184 10.206 35.149L10.201 35L10.2 21.446L8.402 23.213L7 21.787L20.058 8.95799C21.171 7.82199 22.966 7.75899 24.155 8.78099ZM21.569 10.285L21.473 10.372L12.2 19.481L12.201 35L17.2 34.999L17.201 25C17.201 23.946 18.017 23.082 19.052 23.005L19.201 23H25.201C26.255 23 27.119 23.816 27.196 24.851L27.201 25L27.2 34.999L32.201 35L32.2 19.48L22.901 10.344C22.537 9.98699 21.969 9.96499 21.569 10.285ZM25.201 25H19.201L19.2 34.999H25.2L25.201 25Z&quot; fill=&quot;#3C3C3C&quot;\/>\n<\/svg>\"\r\n\r\n\t>\r\n            <div class=\"listing-item  \">\r\n                <div class=\"listing-small-badges-container\">\r\n                                                                <div class=\"listing-small-badge pricing-badge\"><i class=\"fa fa-tag\"><\/i>230,00\u20ac - 0,00\u20ac<\/div>\r\n                                                            \r\n                                        \r\n                                        \r\n                <\/div>\r\n                <img decoding=\"async\" src=\"https:\/\/cparici.com\/wp-content\/uploads\/2026\/03\/maison-vacances-perle-concarneau-exterieur-520x397.jpg\" alt=\"Perle Maison 6 Pers avec Piscine Couverte et Vue Mer\" class=\"listing-thumbnail\">\r\n                \r\n\r\n                <div class=\"listing-item-content\">\r\n                    \r\n                    <h3> Perle Maison 6 Pers avec Piscine Couverte et Vue Mer <\/h3>\r\n                    <span>Concarneau, Les Sables Blancs<\/span>\r\n                <\/div>\r\n                                        <span class=\"save like-icon tooltip left\" title=\"Login To Bookmark Items\"><\/span>\r\n                                                <\/div>\r\n        <\/a>\r\n                    <\/div>\r\n        \r\n\r\n        <!-- Listing Item \/ End -->\n                    <\/div>\n                                      <div class=\"fw-carousel-item\">                    \n                        <!-- Listing Item -->\r\n            <div class=\"col-lg-6 col-md-12\">\r\n                <a href=\"https:\/\/cparici.com\/de\/annonce\/rosemarine-2-4-pers-3\/\"  class=\"listing-item-container listing-geo-data compact\" \r\n\t\tdata-title=\"Rosemarine, 2-4 Pers\"\r\n\t\tdata-listing-type=\"rental\"\r\n\t\tdata-classifieds-price=\"\u20ac\"\r\n\t\tdata-friendly-address=\"La Corniche\"\r\n\t\tdata-address=\"La Corniche\"\r\n\t\tdata-image=\"https:\/\/cparici.com\/wp-content\/uploads\/2025\/01\/Rosemarine-1-520x397.jpg\"\r\n\t\tdata-longitude=\"-3.917989999999999\"\r\n\t\tdata-latitude=\"47.86985079999999\"\r\n\t\t\t\t\tdata-rating=\"0\"\r\n\t\t\tdata-reviews=\"0\"\r\n\t\t\t\tdata-icon=\"<svg xmlns=&quot;http:\/\/www.w3.org\/2000\/svg&quot; width=&quot;800px&quot; height=&quot;800px&quot; viewBox=&quot;0 0 45 45&quot; fill=&quot;none&quot;>\n<path d=&quot;M24.155 8.78099L24.33 8.94499L37.402 21.787L36 23.213L34.2 21.445L34.201 35C34.201 36.054 33.385 36.918 32.35 36.994L32.201 37H12.201C11.147 37 10.283 36.184 10.206 35.149L10.201 35L10.2 21.446L8.402 23.213L7 21.787L20.058 8.95799C21.171 7.82199 22.966 7.75899 24.155 8.78099ZM21.569 10.285L21.473 10.372L12.2 19.481L12.201 35L17.2 34.999L17.201 25C17.201 23.946 18.017 23.082 19.052 23.005L19.201 23H25.201C26.255 23 27.119 23.816 27.196 24.851L27.201 25L27.2 34.999L32.201 35L32.2 19.48L22.901 10.344C22.537 9.98699 21.969 9.96499 21.569 10.285ZM25.201 25H19.201L19.2 34.999H25.2L25.201 25Z&quot; fill=&quot;#3C3C3C&quot;\/>\n<\/svg>\"\r\n\r\n\t>\r\n            <div class=\"listing-item  \">\r\n                <div class=\"listing-small-badges-container\">\r\n                                                                <div class=\"listing-small-badge pricing-badge\"><i class=\"fa fa-tag\"><\/i>Starts from 140,00\u20ac<\/div>\r\n                                                            \r\n                                        \r\n                                        \r\n                <\/div>\r\n                <img decoding=\"async\" src=\"https:\/\/cparici.com\/wp-content\/uploads\/2025\/01\/Rosemarine-1-520x397.jpg\" alt=\"Rosemarine, 2-4 Pers\" class=\"listing-thumbnail\">\r\n                \r\n\r\n                <div class=\"listing-item-content\">\r\n                    \r\n                    <h3> Rosemarine, 2-4 Pers <\/h3>\r\n                    <span>La Corniche<\/span>\r\n                <\/div>\r\n                                        <span class=\"save like-icon tooltip left\" title=\"Login To Bookmark Items\"><\/span>\r\n                                                <\/div>\r\n        <\/a>\r\n                    <\/div>\r\n        \r\n\r\n        <!-- Listing Item \/ End -->\n                    <\/div>\n                                      <div class=\"fw-carousel-item\">                    \n                        <!-- Listing Item -->\r\n            <div class=\"col-lg-6 col-md-12\">\r\n                <a href=\"https:\/\/cparici.com\/de\/annonce\/la-rose-des-vents-8-pers\/\"  class=\"listing-item-container listing-geo-data compact\" \r\n\t\tdata-title=\"La Rose des Vents, 8 Pers\"\r\n\t\tdata-listing-type=\"rental\"\r\n\t\tdata-classifieds-price=\"\u20ac\"\r\n\t\tdata-friendly-address=\"Le Rouz\"\r\n\t\tdata-address=\"Le Rouz\"\r\n\t\tdata-image=\"https:\/\/cparici.com\/wp-content\/uploads\/2025\/01\/la-rose-des-vents-2-520x397.jpg\"\r\n\t\tdata-longitude=\"-3.9069835\"\r\n\t\tdata-latitude=\"47.8674861\"\r\n\t\t\t\t\tdata-rating=\"0\"\r\n\t\t\tdata-reviews=\"0\"\r\n\t\t\t\tdata-icon=\"<svg xmlns=&quot;http:\/\/www.w3.org\/2000\/svg&quot; width=&quot;800px&quot; height=&quot;800px&quot; viewBox=&quot;0 0 45 45&quot; fill=&quot;none&quot;>\n<path d=&quot;M24.155 8.78099L24.33 8.94499L37.402 21.787L36 23.213L34.2 21.445L34.201 35C34.201 36.054 33.385 36.918 32.35 36.994L32.201 37H12.201C11.147 37 10.283 36.184 10.206 35.149L10.201 35L10.2 21.446L8.402 23.213L7 21.787L20.058 8.95799C21.171 7.82199 22.966 7.75899 24.155 8.78099ZM21.569 10.285L21.473 10.372L12.2 19.481L12.201 35L17.2 34.999L17.201 25C17.201 23.946 18.017 23.082 19.052 23.005L19.201 23H25.201C26.255 23 27.119 23.816 27.196 24.851L27.201 25L27.2 34.999L32.201 35L32.2 19.48L22.901 10.344C22.537 9.98699 21.969 9.96499 21.569 10.285ZM25.201 25H19.201L19.2 34.999H25.2L25.201 25Z&quot; fill=&quot;#3C3C3C&quot;\/>\n<\/svg>\"\r\n\r\n\t>\r\n            <div class=\"listing-item  \">\r\n                <div class=\"listing-small-badges-container\">\r\n                                                                <div class=\"listing-small-badge pricing-badge\"><i class=\"fa fa-tag\"><\/i>191,00\u20ac - 240,00\u20ac<\/div>\r\n                                                            \r\n                                        \r\n                                        \r\n                <\/div>\r\n                <img decoding=\"async\" src=\"https:\/\/cparici.com\/wp-content\/uploads\/2025\/01\/la-rose-des-vents-2-520x397.jpg\" alt=\"La Rose des Vents, 8 Pers\" class=\"listing-thumbnail\">\r\n                \r\n\r\n                <div class=\"listing-item-content\">\r\n                    \r\n                    <h3> La Rose des Vents, 8 Pers <\/h3>\r\n                    <span>Le Rouz<\/span>\r\n                <\/div>\r\n                                        <span class=\"save like-icon tooltip left\" title=\"Login To Bookmark Items\"><\/span>\r\n                                                <\/div>\r\n        <\/a>\r\n                    <\/div>\r\n        \r\n\r\n        <!-- Listing Item \/ End -->\n                    <\/div>\n                                      <div class=\"fw-carousel-item\">                    \n                        <!-- Listing Item -->\r\n            <div class=\"col-lg-6 col-md-12\">\r\n                <a href=\"https:\/\/cparici.com\/de\/annonce\/maison-le-bonheur-4-pers\/\"  class=\"listing-item-container listing-geo-data compact\" \r\n\t\tdata-title=\"Maison Le Bonheur, 4 pers\"\r\n\t\tdata-listing-type=\"rental\"\r\n\t\tdata-classifieds-price=\"\u20ac\"\r\n\t\tdata-friendly-address=\"Concarneau, Le Porzou\"\r\n\t\tdata-address=\"Concarneau, Le Porzou\"\r\n\t\tdata-image=\"https:\/\/cparici.com\/wp-content\/uploads\/2025\/01\/le-bonheur-1-520x397.jpg\"\r\n\t\tdata-longitude=\"-3.9016358\"\r\n\t\tdata-latitude=\"47.8660765\"\r\n\t\t\t\t\tdata-rating=\"0\"\r\n\t\t\tdata-reviews=\"0\"\r\n\t\t\t\tdata-icon=\"<svg xmlns=&quot;http:\/\/www.w3.org\/2000\/svg&quot; width=&quot;800px&quot; height=&quot;800px&quot; viewBox=&quot;0 0 45 45&quot; fill=&quot;none&quot;>\n<path d=&quot;M24.155 8.78099L24.33 8.94499L37.402 21.787L36 23.213L34.2 21.445L34.201 35C34.201 36.054 33.385 36.918 32.35 36.994L32.201 37H12.201C11.147 37 10.283 36.184 10.206 35.149L10.201 35L10.2 21.446L8.402 23.213L7 21.787L20.058 8.95799C21.171 7.82199 22.966 7.75899 24.155 8.78099ZM21.569 10.285L21.473 10.372L12.2 19.481L12.201 35L17.2 34.999L17.201 25C17.201 23.946 18.017 23.082 19.052 23.005L19.201 23H25.201C26.255 23 27.119 23.816 27.196 24.851L27.201 25L27.2 34.999L32.201 35L32.2 19.48L22.901 10.344C22.537 9.98699 21.969 9.96499 21.569 10.285ZM25.201 25H19.201L19.2 34.999H25.2L25.201 25Z&quot; fill=&quot;#3C3C3C&quot;\/>\n<\/svg>\"\r\n\r\n\t>\r\n            <div class=\"listing-item  \">\r\n                <div class=\"listing-small-badges-container\">\r\n                                                                <div class=\"listing-small-badge pricing-badge\"><i class=\"fa fa-tag\"><\/i>117,00\u20ac - 0,00\u20ac<\/div>\r\n                                                            \r\n                                        \r\n                                        \r\n                <\/div>\r\n                <img decoding=\"async\" src=\"https:\/\/cparici.com\/wp-content\/uploads\/2025\/01\/le-bonheur-1-520x397.jpg\" alt=\"Maison Le Bonheur, 4 pers\" class=\"listing-thumbnail\">\r\n                \r\n\r\n                <div class=\"listing-item-content\">\r\n                    \r\n                    <h3> Maison Le Bonheur, 4 pers <\/h3>\r\n                    <span>Concarneau, Le Porzou<\/span>\r\n                <\/div>\r\n                                        <span class=\"save like-icon tooltip left\" title=\"Login To Bookmark Items\"><\/span>\r\n                                                <\/div>\r\n        <\/a>\r\n                    <\/div>\r\n        \r\n\r\n        <!-- Listing Item \/ End -->\n                    <\/div>\n                                      <div class=\"fw-carousel-item\">                    \n                        <!-- Listing Item -->\r\n            <div class=\"col-lg-6 col-md-12\">\r\n                <a href=\"https:\/\/cparici.com\/de\/annonce\/lecrin-2-4-pers\/\"  class=\"listing-item-container listing-geo-data compact\" \r\n\t\tdata-title=\"L\u2019Ecrin, 2-4 Pers\"\r\n\t\tdata-listing-type=\"rental\"\r\n\t\tdata-classifieds-price=\"\u20ac\"\r\n\t\tdata-friendly-address=\"Hyper-centre, Concarneau\"\r\n\t\tdata-address=\"Hyper-centre, Concarneau\"\r\n\t\tdata-image=\"https:\/\/cparici.com\/wp-content\/uploads\/2025\/01\/ecrin-1-520x397.jpg\"\r\n\t\tdata-longitude=\"-3.9195904\"\r\n\t\tdata-latitude=\"47.872971\"\r\n\t\t\t\t\tdata-rating=\"0\"\r\n\t\t\tdata-reviews=\"0\"\r\n\t\t\t\tdata-icon=\"<svg xmlns=&quot;http:\/\/www.w3.org\/2000\/svg&quot; width=&quot;800px&quot; height=&quot;800px&quot; viewBox=&quot;0 0 45 45&quot; fill=&quot;none&quot;>\n<path d=&quot;M24.155 8.78099L24.33 8.94499L37.402 21.787L36 23.213L34.2 21.445L34.201 35C34.201 36.054 33.385 36.918 32.35 36.994L32.201 37H12.201C11.147 37 10.283 36.184 10.206 35.149L10.201 35L10.2 21.446L8.402 23.213L7 21.787L20.058 8.95799C21.171 7.82199 22.966 7.75899 24.155 8.78099ZM21.569 10.285L21.473 10.372L12.2 19.481L12.201 35L17.2 34.999L17.201 25C17.201 23.946 18.017 23.082 19.052 23.005L19.201 23H25.201C26.255 23 27.119 23.816 27.196 24.851L27.201 25L27.2 34.999L32.201 35L32.2 19.48L22.901 10.344C22.537 9.98699 21.969 9.96499 21.569 10.285ZM25.201 25H19.201L19.2 34.999H25.2L25.201 25Z&quot; fill=&quot;#3C3C3C&quot;\/>\n<\/svg>\"\r\n\r\n\t>\r\n            <div class=\"listing-item  \">\r\n                <div class=\"listing-small-badges-container\">\r\n                                                                <div class=\"listing-small-badge pricing-badge\"><i class=\"fa fa-tag\"><\/i>Starts from 140,00\u20ac<\/div>\r\n                                                            \r\n                                        \r\n                                        \r\n                <\/div>\r\n                <img decoding=\"async\" src=\"https:\/\/cparici.com\/wp-content\/uploads\/2025\/01\/ecrin-1-520x397.jpg\" alt=\"L\u2019Ecrin, 2-4 Pers\" class=\"listing-thumbnail\">\r\n                \r\n\r\n                <div class=\"listing-item-content\">\r\n                    \r\n                    <h3> L\u2019Ecrin, 2-4 Pers <\/h3>\r\n                    <span>Hyper-centre, Concarneau<\/span>\r\n                <\/div>\r\n                                        <span class=\"save like-icon tooltip left\" title=\"Login To Bookmark Items\"><\/span>\r\n                                                <\/div>\r\n        <\/a>\r\n                    <\/div>\r\n        \r\n\r\n        <!-- Listing Item \/ End -->\n                    <\/div>\n                                      <div class=\"fw-carousel-item\">                    \n                        <!-- Listing Item -->\r\n            <div class=\"col-lg-6 col-md-12\">\r\n                <a href=\"https:\/\/cparici.com\/de\/annonce\/appartement-le-hublot-4-pers-concarneau\/\"  class=\"listing-item-container listing-geo-data compact\" \r\n\t\tdata-title=\"Appartement Le Hublot 4 Pers \u2013 Concarneau\"\r\n\t\tdata-listing-type=\"rental\"\r\n\t\tdata-classifieds-price=\"\u20ac\"\r\n\t\tdata-friendly-address=\"Thalasso Concarneau\"\r\n\t\tdata-address=\"Thalasso Concarneau\"\r\n\t\tdata-image=\"https:\/\/cparici.com\/wp-content\/uploads\/2026\/04\/appartement-le-hublot-concarneau-cuisine-520x397.jpg\"\r\n\t\tdata-longitude=\"-3.9297274\"\r\n\t\tdata-latitude=\"47.8804838\"\r\n\t\t\t\t\tdata-rating=\"0\"\r\n\t\t\tdata-reviews=\"0\"\r\n\t\t\t\tdata-icon=\"<svg xmlns=&quot;http:\/\/www.w3.org\/2000\/svg&quot; width=&quot;800px&quot; height=&quot;800px&quot; viewBox=&quot;0 0 45 45&quot; fill=&quot;none&quot;>\n<path d=&quot;M24.155 8.78099L24.33 8.94499L37.402 21.787L36 23.213L34.2 21.445L34.201 35C34.201 36.054 33.385 36.918 32.35 36.994L32.201 37H12.201C11.147 37 10.283 36.184 10.206 35.149L10.201 35L10.2 21.446L8.402 23.213L7 21.787L20.058 8.95799C21.171 7.82199 22.966 7.75899 24.155 8.78099ZM21.569 10.285L21.473 10.372L12.2 19.481L12.201 35L17.2 34.999L17.201 25C17.201 23.946 18.017 23.082 19.052 23.005L19.201 23H25.201C26.255 23 27.119 23.816 27.196 24.851L27.201 25L27.2 34.999L32.201 35L32.2 19.48L22.901 10.344C22.537 9.98699 21.969 9.96499 21.569 10.285ZM25.201 25H19.201L19.2 34.999H25.2L25.201 25Z&quot; fill=&quot;#3C3C3C&quot;\/>\n<\/svg>\"\r\n\r\n\t>\r\n            <div class=\"listing-item  \">\r\n                <div class=\"listing-small-badges-container\">\r\n                                                                <div class=\"listing-small-badge pricing-badge\"><i class=\"fa fa-tag\"><\/i>120,00\u20ac - 0,00\u20ac<\/div>\r\n                                                            \r\n                                        \r\n                                        \r\n                <\/div>\r\n                <img decoding=\"async\" src=\"https:\/\/cparici.com\/wp-content\/uploads\/2026\/04\/appartement-le-hublot-concarneau-cuisine-520x397.jpg\" alt=\"Appartement Le Hublot 4 Pers \u2013 Concarneau\" class=\"listing-thumbnail\">\r\n                \r\n\r\n                <div class=\"listing-item-content\">\r\n                    \r\n                    <h3> Appartement Le Hublot 4 Pers \u2013 Concarneau <\/h3>\r\n                    <span>Thalasso Concarneau<\/span>\r\n                <\/div>\r\n                                        <span class=\"save like-icon tooltip left\" title=\"Login To Bookmark Items\"><\/span>\r\n                                                <\/div>\r\n        <\/a>\r\n                    <\/div>\r\n        \r\n\r\n        <!-- Listing Item \/ End -->\n                    <\/div>\n                                      <div class=\"fw-carousel-item\">                    \n                        <!-- Listing Item -->\r\n            <div class=\"col-lg-6 col-md-12\">\r\n                <a href=\"https:\/\/cparici.com\/de\/annonce\/le-70-sainte-marine-grande-maison-de-vacances-charme-confort-en-finistere-sud-bretagne\/\"  class=\"listing-item-container listing-geo-data compact\" \r\n\t\tdata-title=\"\u00a0Le 70 Sainte Marine \u2013 Grande maison de vacances charme & confort en Finist\u00e8re Sud (Bretagne)\"\r\n\t\tdata-listing-type=\"rental\"\r\n\t\tdata-classifieds-price=\"\u20ac\"\r\n\t\tdata-friendly-address=\"Sainte-Marine (Combrit)\"\r\n\t\tdata-address=\"Sainte-Marine (Combrit)\"\r\n\t\tdata-image=\"https:\/\/cparici.com\/wp-content\/uploads\/2025\/07\/Bienvenue-Welcome-Sainte-Marine-Brittany-520x397.jpg\"\r\n\t\tdata-longitude=\"-4.123866599999999\"\r\n\t\tdata-latitude=\"47.874164\"\r\n\t\t\t\t\tdata-rating=\"5\"\r\n\t\t\tdata-reviews=\"8\"\r\n\t\t\t\tdata-icon=\"<svg xmlns=&quot;http:\/\/www.w3.org\/2000\/svg&quot; width=&quot;800px&quot; height=&quot;800px&quot; viewBox=&quot;0 0 45 45&quot; fill=&quot;none&quot;>\n<path d=&quot;M24.155 8.78099L24.33 8.94499L37.402 21.787L36 23.213L34.2 21.445L34.201 35C34.201 36.054 33.385 36.918 32.35 36.994L32.201 37H12.201C11.147 37 10.283 36.184 10.206 35.149L10.201 35L10.2 21.446L8.402 23.213L7 21.787L20.058 8.95799C21.171 7.82199 22.966 7.75899 24.155 8.78099ZM21.569 10.285L21.473 10.372L12.2 19.481L12.201 35L17.2 34.999L17.201 25C17.201 23.946 18.017 23.082 19.052 23.005L19.201 23H25.201C26.255 23 27.119 23.816 27.196 24.851L27.201 25L27.2 34.999L32.201 35L32.2 19.48L22.901 10.344C22.537 9.98699 21.969 9.96499 21.569 10.285ZM25.201 25H19.201L19.2 34.999H25.2L25.201 25Z&quot; fill=&quot;#3C3C3C&quot;\/>\n<\/svg>\"\r\n\r\n\t>\r\n            <div class=\"listing-item  \">\r\n                <div class=\"listing-small-badges-container\">\r\n                                                                <div class=\"listing-small-badge pricing-badge\"><i class=\"fa fa-tag\"><\/i>210,00\u20ac - 475,00\u20ac<\/div>\r\n                                                            \r\n                                        \r\n                                        \r\n                <\/div>\r\n                <img decoding=\"async\" src=\"https:\/\/cparici.com\/wp-content\/uploads\/2025\/07\/Bienvenue-Welcome-Sainte-Marine-Brittany-520x397.jpg\" alt=\"\u00a0Le 70 Sainte Marine \u2013 Grande maison de vacances charme & confort en Finist\u00e8re Sud (Bretagne)\" class=\"listing-thumbnail\">\r\n                \r\n\r\n                <div class=\"listing-item-content\">\r\n                                                <div class=\"numerical-rating\" data-rating=\"5.0\"><\/div>\r\n                    \r\n                    <h3> \u00a0Le 70 Sainte Marine \u2013 Grande maison de vacances charme & confort en Finist\u00e8re Sud (Bretagne) <\/h3>\r\n                    <span>Sainte-Marine (Combrit)<\/span>\r\n                <\/div>\r\n                                        <span class=\"save like-icon tooltip left\" title=\"Login To Bookmark Items\"><\/span>\r\n                                                <\/div>\r\n        <\/a>\r\n                    <\/div>\r\n        \r\n\r\n        <!-- Listing Item \/ End -->\n                    <\/div>\n                                      <div class=\"fw-carousel-item\">                    \n                        <!-- Listing Item -->\r\n            <div class=\"col-lg-6 col-md-12\">\r\n                <a href=\"https:\/\/cparici.com\/de\/annonce\/le-belvedere-vue-mer-6pers\/\"  class=\"listing-item-container listing-geo-data compact\" \r\n\t\tdata-title=\"Le Belv\u00e9d\u00e8re, Vue mer 6Pers\"\r\n\t\tdata-listing-type=\"rental\"\r\n\t\tdata-classifieds-price=\"\u20ac\"\r\n\t\tdata-friendly-address=\"Les Sables Blancs\"\r\n\t\tdata-address=\"Les Sables Blancs\"\r\n\t\tdata-image=\"https:\/\/cparici.com\/wp-content\/uploads\/2025\/01\/le-belvedere-3-520x397.jpg\"\r\n\t\tdata-longitude=\"-3.9304455\"\r\n\t\tdata-latitude=\"47.8818643\"\r\n\t\t\t\t\tdata-rating=\"0\"\r\n\t\t\tdata-reviews=\"0\"\r\n\t\t\t\tdata-icon=\"<svg xmlns=&quot;http:\/\/www.w3.org\/2000\/svg&quot; width=&quot;800px&quot; height=&quot;800px&quot; viewBox=&quot;0 0 45 45&quot; fill=&quot;none&quot;>\n<path d=&quot;M24.155 8.78099L24.33 8.94499L37.402 21.787L36 23.213L34.2 21.445L34.201 35C34.201 36.054 33.385 36.918 32.35 36.994L32.201 37H12.201C11.147 37 10.283 36.184 10.206 35.149L10.201 35L10.2 21.446L8.402 23.213L7 21.787L20.058 8.95799C21.171 7.82199 22.966 7.75899 24.155 8.78099ZM21.569 10.285L21.473 10.372L12.2 19.481L12.201 35L17.2 34.999L17.201 25C17.201 23.946 18.017 23.082 19.052 23.005L19.201 23H25.201C26.255 23 27.119 23.816 27.196 24.851L27.201 25L27.2 34.999L32.201 35L32.2 19.48L22.901 10.344C22.537 9.98699 21.969 9.96499 21.569 10.285ZM25.201 25H19.201L19.2 34.999H25.2L25.201 25Z&quot; fill=&quot;#3C3C3C&quot;\/>\n<\/svg>\"\r\n\r\n\t>\r\n            <div class=\"listing-item  \">\r\n                <div class=\"listing-small-badges-container\">\r\n                                                                <div class=\"listing-small-badge pricing-badge\"><i class=\"fa fa-tag\"><\/i>215,00\u20ac - 300,00\u20ac<\/div>\r\n                                                            \r\n                                        \r\n                                        \r\n                <\/div>\r\n                <img decoding=\"async\" src=\"https:\/\/cparici.com\/wp-content\/uploads\/2025\/01\/le-belvedere-3-520x397.jpg\" alt=\"Le Belv\u00e9d\u00e8re, Vue mer 6Pers\" class=\"listing-thumbnail\">\r\n                \r\n\r\n                <div class=\"listing-item-content\">\r\n                    \r\n                    <h3> Le Belv\u00e9d\u00e8re, Vue mer 6Pers <\/h3>\r\n                    <span>Les Sables Blancs<\/span>\r\n                <\/div>\r\n                                        <span class=\"save like-icon tooltip left\" title=\"Login To Bookmark Items\"><\/span>\r\n                                                <\/div>\r\n        <\/a>\r\n                    <\/div>\r\n        \r\n\r\n        <!-- Listing Item \/ End -->\n                    <\/div>\n                                      <div class=\"fw-carousel-item\">                    \n                        <!-- Listing Item -->\r\n            <div class=\"col-lg-6 col-md-12\">\r\n                <a href=\"https:\/\/cparici.com\/de\/annonce\/roby-6-pers-2\/\"  class=\"listing-item-container listing-geo-data compact\" \r\n\t\tdata-title=\"Roby, 6 Pers\"\r\n\t\tdata-listing-type=\"rental\"\r\n\t\tdata-classifieds-price=\"\u20ac\"\r\n\t\tdata-friendly-address=\"Tr\u00e9gunc\"\r\n\t\tdata-address=\"Tr\u00e9gunc\"\r\n\t\tdata-image=\"https:\/\/cparici.com\/wp-content\/uploads\/2025\/01\/Roby-1-520x397.jpg\"\r\n\t\tdata-longitude=\"-3.841297699999999\"\r\n\t\tdata-latitude=\"47.8522621\"\r\n\t\t\t\t\tdata-rating=\"0\"\r\n\t\t\tdata-reviews=\"0\"\r\n\t\t\t\tdata-icon=\"<svg xmlns=&quot;http:\/\/www.w3.org\/2000\/svg&quot; width=&quot;800px&quot; height=&quot;800px&quot; viewBox=&quot;0 0 45 45&quot; fill=&quot;none&quot;>\n<path d=&quot;M24.155 8.78099L24.33 8.94499L37.402 21.787L36 23.213L34.2 21.445L34.201 35C34.201 36.054 33.385 36.918 32.35 36.994L32.201 37H12.201C11.147 37 10.283 36.184 10.206 35.149L10.201 35L10.2 21.446L8.402 23.213L7 21.787L20.058 8.95799C21.171 7.82199 22.966 7.75899 24.155 8.78099ZM21.569 10.285L21.473 10.372L12.2 19.481L12.201 35L17.2 34.999L17.201 25C17.201 23.946 18.017 23.082 19.052 23.005L19.201 23H25.201C26.255 23 27.119 23.816 27.196 24.851L27.201 25L27.2 34.999L32.201 35L32.2 19.48L22.901 10.344C22.537 9.98699 21.969 9.96499 21.569 10.285ZM25.201 25H19.201L19.2 34.999H25.2L25.201 25Z&quot; fill=&quot;#3C3C3C&quot;\/>\n<\/svg>\"\r\n\r\n\t>\r\n            <div class=\"listing-item  \">\r\n                <div class=\"listing-small-badges-container\">\r\n                                                                <div class=\"listing-small-badge pricing-badge\"><i class=\"fa fa-tag\"><\/i>Starts from 150,00\u20ac<\/div>\r\n                                                            \r\n                                        \r\n                                        \r\n                <\/div>\r\n                <img decoding=\"async\" src=\"https:\/\/cparici.com\/wp-content\/uploads\/2025\/01\/Roby-1-520x397.jpg\" alt=\"Roby, 6 Pers\" class=\"listing-thumbnail\">\r\n                \r\n\r\n                <div class=\"listing-item-content\">\r\n                    \r\n                    <h3> Roby, 6 Pers <\/h3>\r\n                    <span>Tr\u00e9gunc<\/span>\r\n                <\/div>\r\n                                        <span class=\"save like-icon tooltip left\" title=\"Login To Bookmark Items\"><\/span>\r\n                                                <\/div>\r\n        <\/a>\r\n                    <\/div>\r\n        \r\n\r\n        <!-- Listing Item \/ End -->\n                    <\/div>\n                                      <div class=\"fw-carousel-item\">                    \n                        <!-- Listing Item -->\r\n            <div class=\"col-lg-6 col-md-12\">\r\n                <a href=\"https:\/\/cparici.com\/de\/annonce\/villa-grand-large-12-pers-concarneau-le-cabellou\/\"  class=\"listing-item-container listing-geo-data compact\" \r\n\t\tdata-title=\"Villa Grand large 12 Pers \u2013 Concarneau \u2013 Le Cabellou\"\r\n\t\tdata-listing-type=\"rental\"\r\n\t\tdata-classifieds-price=\"\u20ac\"\r\n\t\tdata-friendly-address=\"Concarneau, proche plage et centre\"\r\n\t\tdata-address=\"Concarneau, proche plage et centre\"\r\n\t\tdata-image=\"https:\/\/cparici.com\/wp-content\/uploads\/2025\/12\/maison-villa-piscine-520x397.jpg\"\r\n\t\tdata-longitude=\"-3.913984\"\r\n\t\tdata-latitude=\"47.857957\"\r\n\t\t\t\t\tdata-rating=\"0\"\r\n\t\t\tdata-reviews=\"0\"\r\n\t\t\t\tdata-icon=\"<svg xmlns=&quot;http:\/\/www.w3.org\/2000\/svg&quot; width=&quot;800px&quot; height=&quot;800px&quot; viewBox=&quot;0 0 45 45&quot; fill=&quot;none&quot;>\n<path d=&quot;M24.155 8.78099L24.33 8.94499L37.402 21.787L36 23.213L34.2 21.445L34.201 35C34.201 36.054 33.385 36.918 32.35 36.994L32.201 37H12.201C11.147 37 10.283 36.184 10.206 35.149L10.201 35L10.2 21.446L8.402 23.213L7 21.787L20.058 8.95799C21.171 7.82199 22.966 7.75899 24.155 8.78099ZM21.569 10.285L21.473 10.372L12.2 19.481L12.201 35L17.2 34.999L17.201 25C17.201 23.946 18.017 23.082 19.052 23.005L19.201 23H25.201C26.255 23 27.119 23.816 27.196 24.851L27.201 25L27.2 34.999L32.201 35L32.2 19.48L22.901 10.344C22.537 9.98699 21.969 9.96499 21.569 10.285ZM25.201 25H19.201L19.2 34.999H25.2L25.201 25Z&quot; fill=&quot;#3C3C3C&quot;\/>\n<\/svg>\"\r\n\r\n\t>\r\n            <div class=\"listing-item  \">\r\n                <div class=\"listing-small-badges-container\">\r\n                                                                <div class=\"listing-small-badge pricing-badge\"><i class=\"fa fa-tag\"><\/i>410,00\u20ac - 450,00\u20ac<\/div>\r\n                                                            \r\n                                        \r\n                                        \r\n                <\/div>\r\n                <img decoding=\"async\" src=\"https:\/\/cparici.com\/wp-content\/uploads\/2025\/12\/maison-villa-piscine-520x397.jpg\" alt=\"Villa Grand large 12 Pers \u2013 Concarneau \u2013 Le Cabellou\" class=\"listing-thumbnail\">\r\n                \r\n\r\n                <div class=\"listing-item-content\">\r\n                    \r\n                    <h3> Villa Grand large 12 Pers \u2013 Concarneau \u2013 Le Cabellou <\/h3>\r\n                    <span>Concarneau, proche plage et centre<\/span>\r\n                <\/div>\r\n                                        <span class=\"save like-icon tooltip left\" title=\"Login To Bookmark Items\"><\/span>\r\n                                                <\/div>\r\n        <\/a>\r\n                    <\/div>\r\n        \r\n\r\n        <!-- Listing Item \/ End -->\n                    <\/div>\n                                      <div class=\"fw-carousel-item\">                    \n                        <!-- Listing Item -->\r\n            <div class=\"col-lg-6 col-md-12\">\r\n                <a href=\"https:\/\/cparici.com\/de\/annonce\/le-rospico-appartement-vue-mer-nevez\/\"  class=\"listing-item-container listing-geo-data compact\" \r\n\t\tdata-title=\"Le Rospico, Appartement Vue Mer N\u00e9vez\"\r\n\t\tdata-listing-type=\"rental\"\r\n\t\tdata-classifieds-price=\"\u20ac\"\r\n\t\tdata-friendly-address=\"Plage de Rospico, N\u00e9vez\"\r\n\t\tdata-address=\"Plage de Rospico, N\u00e9vez\"\r\n\t\tdata-image=\"https:\/\/cparici.com\/wp-content\/uploads\/2026\/03\/anse-de-rospico-520x397.jpg\"\r\n\t\tdata-longitude=\"-3.765314324812224\"\r\n\t\tdata-latitude=\"47.79152794554884\"\r\n\t\t\t\t\tdata-rating=\"0\"\r\n\t\t\tdata-reviews=\"0\"\r\n\t\t\t\tdata-icon=\"<svg xmlns=&quot;http:\/\/www.w3.org\/2000\/svg&quot; width=&quot;800px&quot; height=&quot;800px&quot; viewBox=&quot;0 0 45 45&quot; fill=&quot;none&quot;>\n<path d=&quot;M24.155 8.78099L24.33 8.94499L37.402 21.787L36 23.213L34.2 21.445L34.201 35C34.201 36.054 33.385 36.918 32.35 36.994L32.201 37H12.201C11.147 37 10.283 36.184 10.206 35.149L10.201 35L10.2 21.446L8.402 23.213L7 21.787L20.058 8.95799C21.171 7.82199 22.966 7.75899 24.155 8.78099ZM21.569 10.285L21.473 10.372L12.2 19.481L12.201 35L17.2 34.999L17.201 25C17.201 23.946 18.017 23.082 19.052 23.005L19.201 23H25.201C26.255 23 27.119 23.816 27.196 24.851L27.201 25L27.2 34.999L32.201 35L32.2 19.48L22.901 10.344C22.537 9.98699 21.969 9.96499 21.569 10.285ZM25.201 25H19.201L19.2 34.999H25.2L25.201 25Z&quot; fill=&quot;#3C3C3C&quot;\/>\n<\/svg>\"\r\n\r\n\t>\r\n            <div class=\"listing-item  \">\r\n                <div class=\"listing-small-badges-container\">\r\n                                                                <div class=\"listing-small-badge pricing-badge\"><i class=\"fa fa-tag\"><\/i>160,00\u20ac - 0,00\u20ac<\/div>\r\n                                                            \r\n                                        \r\n                                        \r\n                <\/div>\r\n                <img decoding=\"async\" src=\"https:\/\/cparici.com\/wp-content\/uploads\/2026\/03\/anse-de-rospico-520x397.jpg\" alt=\"Le Rospico, Appartement Vue Mer N\u00e9vez\" class=\"listing-thumbnail\">\r\n                \r\n\r\n                <div class=\"listing-item-content\">\r\n                    \r\n                    <h3> Le Rospico, Appartement Vue Mer N\u00e9vez <\/h3>\r\n                    <span>Plage de Rospico, N\u00e9vez<\/span>\r\n                <\/div>\r\n                                        <span class=\"save like-icon tooltip left\" title=\"Login To Bookmark Items\"><\/span>\r\n                                                <\/div>\r\n        <\/a>\r\n                    <\/div>\r\n        \r\n\r\n        <!-- Listing Item \/ End -->\n                    <\/div>\n                          <\/div>\n        \t\t\t\t<\/div>\n\t\t\t\t<\/div>\n\t\t\t\t\t<\/div>\n\t\t\t\t<\/aside>\n\t\t<div class=\"elementor-element elementor-element-4d010700 e-flex e-con-boxed e-con e-parent\" data-id=\"4d010700\" data-element_type=\"container\" data-e-type=\"container\">\n\t\t\t\t\t<div class=\"e-con-inner\">\n\t\t\t\t<div class=\"elementor-element elementor-element-46ce1ee6 elementor-widget elementor-widget-text-editor\" data-id=\"46ce1ee6\" data-element_type=\"widget\" data-e-type=\"widget\" data-widget_type=\"text-editor.default\">\n\t\t\t\t\t\t\t\t\t<h2>Les incontournables activit\u00e9s de plein air \u00e0 Concarneau<\/h2>\t\t\t\t\t\t\t\t<\/div>\n\t\t\t\t<div class=\"elementor-element elementor-element-4e3378d7 elementor-widget elementor-widget-text-editor\" data-id=\"4e3378d7\" data-element_type=\"widget\" data-e-type=\"widget\" data-widget_type=\"text-editor.default\">\n\t\t\t\t\t\t\t\t\t<p>Concarneau s\u00e9duit les passionn\u00e9s de nature et d\u2019aventures en ext\u00e9rieur avec son large \u00e9ventail d\u2019activit\u00e9s: des balades aux sports nautiques en passant par les randonn\u00e9es et les moments de d\u00e9tente \u00e0 la plage. Voici quelques id\u00e9es pour enrichir votre exp\u00e9rience<\/p>\t\t\t\t\t\t\t\t<\/div>\n\t\t\t\t\t<\/div>\n\t\t\t\t<\/div>\n\t\t<div class=\"elementor-element elementor-element-16343b77 e-flex e-con-boxed e-con e-parent\" data-id=\"16343b77\" data-element_type=\"container\" data-e-type=\"container\">\n\t\t\t\t\t<div class=\"e-con-inner\">\n\t\t<div class=\"elementor-element elementor-element-1c7d5529 e-con-full e-flex e-con e-child\" data-id=\"1c7d5529\" data-element_type=\"container\" data-e-type=\"container\">\n\t\t\t\t<div class=\"elementor-element elementor-element-36b86f6d elementor-widget elementor-widget-text-editor\" data-id=\"36b86f6d\" data-element_type=\"widget\" data-e-type=\"widget\" data-widget_type=\"text-editor.default\">\n\t\t\t\t\t\t\t\t\t<h3>Balades et randonn\u00e9es : le GR34 et la Corniche de Concarneau<\/h3><p>Les amateurs de marche seront ravis \u00e0 Concarneau, notamment gr\u00e2ce au GR34.\u00a0<strong>Ce sentier mythique borde la c\u00f4te bretonne et permet d\u2019explorer des paysages diversifi\u00e9s : plages, falaises, ports et \u00eeles.<\/strong>\u00a0Il vous m\u00e8nera \u00e0 travers des sites embl\u00e9matiques comme la Ville Close, la Pointe du Cabellou, la plage des Sables Blancs, la Pointe de Tr\u00e9vignon et m\u00eame\u00a0jusqu\u2019\u00e0 la ville de <a href=\"https:\/\/cparici.com\/fr\/pont-aven-guide-complet-pour-explorer-la-ville-et-ses-musees\/\">Pont-Aven<\/a>.<\/p><p><strong>La Corniche de Concarneau<\/strong>, une autre option de promenade, vous fait longe la mer du port de plaisance jusqu\u2019\u00e0 la plage des Sables Blancs. Profitez d\u2019une vue imprenable sur la baie, la Ville Close et les Gl\u00e9nan tout en d\u00e9couvrant les bancs, les aires de jeux et les espaces verts le long du chemin.<\/p><h3>Les plages de Concarneau : du farniente aux sports nautiques<\/h3><p>Les plages de sable fin de Concarneau invitent \u00e0 la relaxation et \u00e0 de multiples activit\u00e9s aquatiques. La plage des Sables Blancs est c\u00e9l\u00e8bre pour son sable immacul\u00e9 et ses eaux cristallines, abritant \u00e9galement une base nautique pour s\u2019adonner \u00e0 la voile, au kayak, au paddle ou au surf.<\/p><p>D\u2019autres plages, comme Cornouaille, la plus proche du centre, Belle Etoile, entour\u00e9e de pins, ou encore Kernous, une crique pr\u00e9serv\u00e9e, valent \u00e9galement le d\u00e9tour.<\/p><p>Vous pourrez bien sur vous rendre sur une des plus belles plages de\u00a0<a href=\"https:\/\/cparici.com\/visiter-fouesnant-guide-des-incontournables-et-bons-plans\/\">Fouesnant<\/a> pour d\u00e9couvrir d\u2019autres horizons.<\/p><h3>Le Marinarium : d\u00e9couvrir la biodiversit\u00e9 marine<\/h3><p>Le Marinarium est une \u00e9tape essentielle pour les amateurs de vie sous-marine. Int\u00e9gr\u00e9 \u00e0 la plus ancienne station de biologie marine du monde encore en activit\u00e9, ce centre propose expositions, animations et aquariums pour explorer la vie marine, qu\u2019elle soit locale ou exotique.<\/p><p>a visite du grand bassin de 120 000 litres, peupl\u00e9 de bars, de lieus, de crustac\u00e9s et de mollusques, s\u2019av\u00e8re particuli\u00e8rement fascinante.<\/p>\t\t\t\t\t\t\t\t<\/div>\n\t\t\t\t<\/div>\n\t\t<div class=\"elementor-element elementor-element-6eadaad3 e-con-full e-flex e-con e-child\" data-id=\"6eadaad3\" data-element_type=\"container\" data-e-type=\"container\">\n\t\t\t\t<div class=\"elementor-element elementor-element-68cbb643 elementor-widget elementor-widget-text-editor\" data-id=\"68cbb643\" data-element_type=\"widget\" data-e-type=\"widget\" data-widget_type=\"text-editor.default\">\n\t\t\t\t\t\t\t\t\t<h2>Exp\u00e9riences culturelles et festivit\u00e9s \u00e0 Concarneau<\/h2><p>Concarneau, avec son dynamisme constant, invite les visiteurs \u00e0 d\u00e9couvrir une large palette d\u2019\u00e9v\u00e9nements et d\u2019animations tout au long de l\u2019ann\u00e9e. Que votre passion r\u00e9side dans la musique, la danse, la litt\u00e9rature, ou la gastronomie, Concarneau vous offre une multitude d\u2019opportunit\u00e9s pour vous divertir et enrichir votre exp\u00e9rience culturelle. D\u00e9couvrez ci-dessous quelques activit\u00e9s incontournables pour une aventure culturelle et festive \u00e0 Concarneau.<\/p><h3>Le festival des Filets Bleus : immersion dans la tradition bretonne<\/h3><p>Fond\u00e9 en 1905 pour soutenir les p\u00eacheurs en difficult\u00e9 lors de la crise de la sardine, le festival des Filets Bleus est le festival le plus ancien de Bretagne, voire de France. Il repr\u00e9sente aujourd\u2019hui la c\u00e9l\u00e9bration du patrimoine maritime et culturel de Concarneau, offrant une vari\u00e9t\u00e9 de concerts, spectacles, d\u00e9fil\u00e9s, expositions, animations et opportunit\u00e9s de d\u00e9gustation.<\/p><p>Organis\u00e9 en ao\u00fbt, ce festival se d\u00e9roule le long des quais, au pied de la Ville Close. La grande parade du dimanche est le clou du spectacle, r\u00e9unissant plus de 2 000 participants en costumes traditionnels.<\/p><h3>Balade en bateau : explorez les rivages<\/h3><p>Depuis Concarneau,\u00a0<strong>embarquez pour une balade en bateau et d\u00e9couvrez les merveilles des rivages de la Bretagne Sud<\/strong>. Des excursions maritimes vers des destinations exquises sont propos\u00e9es par plusieurs compagnies. Imaginez naviguer\u00a0vers les \u00eeles de Gl\u00e9nan, avec leurs eaux cristallines o\u00f9 vous pourrez nager, vous balader ou visiter le fameux centre nautique. Vous pouvez aussi imaginer\u00a0<a href=\"https:\/\/cparici.com\/benodet-guide-ultime-pour-decouvrir-la-perle-du-finistere\/\">naviguer du c\u00f4t\u00e9 de B\u00e9nodet<\/a>, pour changer un peu vos habitudes.<\/p><p>Les rivi\u00e8res Aven et B\u00e9lon, offrant des croisi\u00e8res pittoresques \u00e0 travers des paysages verdoyants et des villages charmants tel que Pont-Aven, sont \u00e9galement des choix parfaits. Une croisi\u00e8re d\u2019une heure sur le Popeye4, bateau \u00e9clatant comme le soleil, vous permettra d\u2019admirer la baie de Concarneau, le port de p\u00eache, les chantiers navals, la Ville Close, et la pointe du Cabellou.<\/p>\t\t\t\t\t\t\t\t<\/div>\n\t\t\t\t<\/div>\n\t\t\t\t\t<\/div>\n\t\t\t\t<\/div>\n\t\t<div class=\"elementor-element elementor-element-63b81831 e-flex e-con-boxed e-con e-parent\" data-id=\"63b81831\" data-element_type=\"container\" data-e-type=\"container\">\n\t\t\t\t\t<div class=\"e-con-inner\">\n\t\t<div class=\"elementor-element elementor-element-1012b18c e-con-full e-flex e-con e-child\" data-id=\"1012b18c\" data-element_type=\"container\" data-e-type=\"container\">\n\t\t\t\t<div class=\"elementor-element elementor-element-4e0aaca4 elementor-widget elementor-widget-image\" data-id=\"4e0aaca4\" data-element_type=\"widget\" data-e-type=\"widget\" data-widget_type=\"image.default\">\n\t\t\t\t\t\t\t\t\t\t\t\t\t\t\t<img decoding=\"async\" width=\"760\" height=\"501\" src=\"https:\/\/cparici.com\/wp-content\/uploads\/2024\/04\/plage-sables-blancs-1024x675.jpg\" class=\"attachment-large size-large wp-image-38144\" alt=\"Les sables blancs plage \u00e0 concarneau\" srcset=\"https:\/\/cparici.com\/wp-content\/uploads\/2024\/04\/plage-sables-blancs-1024x675.jpg 1024w, https:\/\/cparici.com\/wp-content\/uploads\/2024\/04\/plage-sables-blancs-600x395.jpg 600w, https:\/\/cparici.com\/wp-content\/uploads\/2024\/04\/plage-sables-blancs-300x198.jpg 300w, https:\/\/cparici.com\/wp-content\/uploads\/2024\/04\/plage-sables-blancs-768x506.jpg 768w, https:\/\/cparici.com\/wp-content\/uploads\/2024\/04\/plage-sables-blancs-1536x1012.jpg 1536w, https:\/\/cparici.com\/wp-content\/uploads\/2024\/04\/plage-sables-blancs.jpg 1920w\" sizes=\"(max-width: 760px) 100vw, 760px\" \/>\t\t\t\t\t\t\t\t\t\t\t\t\t\t\t<\/div>\n\t\t\t\t<\/div>\n\t\t<div class=\"elementor-element elementor-element-326a09e9 e-con-full e-flex e-con e-child\" data-id=\"326a09e9\" data-element_type=\"container\" data-e-type=\"container\">\n\t\t\t\t<div class=\"elementor-element elementor-element-430e010d elementor-widget elementor-widget-image\" data-id=\"430e010d\" data-element_type=\"widget\" data-e-type=\"widget\" data-widget_type=\"image.default\">\n\t\t\t\t\t\t\t\t\t\t\t\t\t\t\t<img decoding=\"async\" width=\"760\" height=\"501\" src=\"https:\/\/cparici.com\/wp-content\/uploads\/2024\/06\/Concarneau-ville-close-vue-aerienne-1024x675.jpg\" class=\"attachment-large size-large wp-image-35905\" alt=\"\" srcset=\"https:\/\/cparici.com\/wp-content\/uploads\/2024\/06\/Concarneau-ville-close-vue-aerienne-1024x675.jpg 1024w, https:\/\/cparici.com\/wp-content\/uploads\/2024\/06\/Concarneau-ville-close-vue-aerienne-600x395.jpg 600w, https:\/\/cparici.com\/wp-content\/uploads\/2024\/06\/Concarneau-ville-close-vue-aerienne-300x198.jpg 300w, https:\/\/cparici.com\/wp-content\/uploads\/2024\/06\/Concarneau-ville-close-vue-aerienne-768x506.jpg 768w, https:\/\/cparici.com\/wp-content\/uploads\/2024\/06\/Concarneau-ville-close-vue-aerienne-1536x1012.jpg 1536w, https:\/\/cparici.com\/wp-content\/uploads\/2024\/06\/Concarneau-ville-close-vue-aerienne.jpg 1920w\" sizes=\"(max-width: 760px) 100vw, 760px\">\t\t\t\t\t\t\t\t\t\t\t\t\t\t\t<\/div>\n\t\t\t\t<\/div>\n\t\t\t\t\t<\/div>\n\t\t\t\t<\/div>\n\t\t<div class=\"elementor-element elementor-element-1203e7bb e-flex e-con-boxed e-con e-parent\" data-id=\"1203e7bb\" data-element_type=\"container\" data-e-type=\"container\">\n\t\t\t\t\t<div class=\"e-con-inner\">\n\t\t\t\t<div class=\"elementor-element elementor-element-6ea24da1 elementor-widget elementor-widget-text-editor\" data-id=\"6ea24da1\" data-element_type=\"widget\" data-e-type=\"widget\" data-widget_type=\"text-editor.default\">\n\t\t\t\t\t\t\t\t\t<h3>Visite guid\u00e9e de la Ville Close et ses alentours<\/h3>\t\t\t\t\t\t\t\t<\/div>\n\t\t\t\t<div class=\"elementor-element elementor-element-1ea2692e elementor-widget elementor-widget-text-editor\" data-id=\"1ea2692e\" data-element_type=\"widget\" data-e-type=\"widget\" data-widget_type=\"text-editor.default\">\n\t\t\t\t\t\t\t\t\t<p>Pour ceux d\u00e9sireux de plonger plus profond\u00e9ment dans l\u2019histoire et le patrimoine de Concarneau, une visite guid\u00e9e en compagnie d\u2019un guide-conf\u00e9rencier, agr\u00e9\u00e9 par le minist\u00e8re de la Culture, est indispensable. Profitez d\u2019informations enrichissantes et d\u2019anecdotes fascinantes sur la Ville Close, son architecture, ses monuments et ses secrets.<\/p><p>La visite vous donnera \u00e9galement acc\u00e8s \u00e0 certaines fortifications, offrant une vue spectaculaire sur la baie et le port de plaisance. Ces visites, d\u2019une dur\u00e9e approximative d\u2019une heure et demie, sont disponibles chaque dimanche \u00e0 15h, en dehors de la saison estivale.<\/p><h3>\u00a0<\/h3>\t\t\t\t\t\t\t\t<\/div>\n\t\t\t\t\t<\/div>\n\t\t\t\t<\/div>\n\t\t<div class=\"elementor-element elementor-element-64fcdcb e-flex e-con-boxed e-con e-parent\" data-id=\"64fcdcb\" data-element_type=\"container\" data-e-type=\"container\">\n\t\t\t\t\t<div class=\"e-con-inner\">\n\t\t\t\t<div class=\"elementor-element elementor-element-5e0744e4 elementor-widget-divider--view-line_icon elementor-view-default elementor-widget-divider--element-align-center elementor-widget elementor-widget-divider\" data-id=\"5e0744e4\" data-element_type=\"widget\" data-e-type=\"widget\" data-widget_type=\"divider.default\">\n\t\t\t\t\t\t\t<div class=\"elementor-divider\">\n\t\t\t<span class=\"elementor-divider-separator\">\n\t\t\t\t\t\t\t<div class=\"elementor-icon elementor-divider__element\">\n\t\t\t\t\t<svg aria-hidden=\"true\" class=\"e-font-icon-svg e-fas-street-view\" viewBox=\"0 0 512 512\" xmlns=\"http:\/\/www.w3.org\/2000\/svg\"><path d=\"M367.9 329.76c-4.62 5.3-9.78 10.1-15.9 13.65v22.94c66.52 9.34 112 28.05 112 49.65 0 30.93-93.12 56-208 56S48 446.93 48 416c0-21.6 45.48-40.3 112-49.65v-22.94c-6.12-3.55-11.28-8.35-15.9-13.65C58.87 345.34 0 378.05 0 416c0 53.02 114.62 96 256 96s256-42.98 256-96c0-37.95-58.87-70.66-144.1-86.24zM256 128c35.35 0 64-28.65 64-64S291.35 0 256 0s-64 28.65-64 64 28.65 64 64 64zm-64 192v96c0 17.67 14.33 32 32 32h64c17.67 0 32-14.33 32-32v-96c17.67 0 32-14.33 32-32v-96c0-26.51-21.49-48-48-48h-11.8c-11.07 5.03-23.26 8-36.2 8s-25.13-2.97-36.2-8H208c-26.51 0-48 21.49-48 48v96c0 17.67 14.33 32 32 32z\"><\/path><\/svg><\/div>\n\t\t\t\t\t\t<\/span>\n\t\t<\/div>\n\t\t\t\t\t\t<\/div>\n\t\t\t\t\t<\/div>\n\t\t\t\t<\/div>\n\t\t<div class=\"elementor-element elementor-element-5aece8b8 e-flex e-con-boxed e-con e-parent\" data-id=\"5aece8b8\" data-element_type=\"container\" data-e-type=\"container\">\n\t\t\t\t\t<div class=\"e-con-inner\">\n\t\t<div class=\"elementor-element elementor-element-3416615e e-con-full e-flex e-con e-child\" data-id=\"3416615e\" data-element_type=\"container\" data-e-type=\"container\">\n\t\t\t\t<div class=\"elementor-element elementor-element-38b5a67c elementor-widget elementor-widget-image\" data-id=\"38b5a67c\" data-element_type=\"widget\" data-e-type=\"widget\" data-widget_type=\"image.default\">\n\t\t\t\t\t\t\t\t\t\t\t\t\t\t\t<img decoding=\"async\" width=\"760\" height=\"501\" src=\"https:\/\/cparici.com\/wp-content\/uploads\/2024\/06\/Concarneau-corniche-bord-de-mer-1024x675.jpg\" class=\"attachment-large size-large wp-image-35872\" alt=\"concarneau bord de mer corniche\" srcset=\"https:\/\/cparici.com\/wp-content\/uploads\/2024\/06\/Concarneau-corniche-bord-de-mer-1024x675.jpg 1024w, https:\/\/cparici.com\/wp-content\/uploads\/2024\/06\/Concarneau-corniche-bord-de-mer-600x395.jpg 600w, https:\/\/cparici.com\/wp-content\/uploads\/2024\/06\/Concarneau-corniche-bord-de-mer-300x198.jpg 300w, https:\/\/cparici.com\/wp-content\/uploads\/2024\/06\/Concarneau-corniche-bord-de-mer-768x506.jpg 768w, https:\/\/cparici.com\/wp-content\/uploads\/2024\/06\/Concarneau-corniche-bord-de-mer-1536x1012.jpg 1536w, https:\/\/cparici.com\/wp-content\/uploads\/2024\/06\/Concarneau-corniche-bord-de-mer.jpg 1920w\" sizes=\"(max-width: 760px) 100vw, 760px\" \/>\t\t\t\t\t\t\t\t\t\t\t\t\t\t\t<\/div>\n\t\t\t\t<\/div>\n\t\t<div class=\"elementor-element elementor-element-65500d9d e-con-full e-flex e-con e-child\" data-id=\"65500d9d\" data-element_type=\"container\" data-e-type=\"container\">\n\t\t\t\t<div class=\"elementor-element elementor-element-81729b4 elementor-widget elementor-widget-image\" data-id=\"81729b4\" data-element_type=\"widget\" data-e-type=\"widget\" data-widget_type=\"image.default\">\n\t\t\t\t\t\t\t\t\t\t\t\t\t\t\t<img decoding=\"async\" width=\"760\" height=\"501\" src=\"https:\/\/cparici.com\/wp-content\/uploads\/2024\/06\/Concarneau-remparts-de-ville-close-1024x675.jpg\" class=\"attachment-large size-large wp-image-35902\" alt=\"\" srcset=\"https:\/\/cparici.com\/wp-content\/uploads\/2024\/06\/Concarneau-remparts-de-ville-close-1024x675.jpg 1024w, https:\/\/cparici.com\/wp-content\/uploads\/2024\/06\/Concarneau-remparts-de-ville-close-600x395.jpg 600w, https:\/\/cparici.com\/wp-content\/uploads\/2024\/06\/Concarneau-remparts-de-ville-close-300x198.jpg 300w, https:\/\/cparici.com\/wp-content\/uploads\/2024\/06\/Concarneau-remparts-de-ville-close-768x506.jpg 768w, https:\/\/cparici.com\/wp-content\/uploads\/2024\/06\/Concarneau-remparts-de-ville-close-1536x1012.jpg 1536w, https:\/\/cparici.com\/wp-content\/uploads\/2024\/06\/Concarneau-remparts-de-ville-close.jpg 1920w\" sizes=\"(max-width: 760px) 100vw, 760px\">\t\t\t\t\t\t\t\t\t\t\t\t\t\t\t<\/div>\n\t\t\t\t<\/div>\n\t\t\t\t\t<\/div>\n\t\t\t\t<\/div>\n\t\t<div class=\"elementor-element elementor-element-6d9a6e62 e-flex e-con-boxed e-con e-parent\" data-id=\"6d9a6e62\" data-element_type=\"container\" data-e-type=\"container\">\n\t\t\t\t\t<div class=\"e-con-inner\">\n\t\t\t\t<div class=\"elementor-element elementor-element-31e53d1d elementor-widget elementor-widget-text-editor\" data-id=\"31e53d1d\" data-element_type=\"widget\" data-e-type=\"widget\" data-widget_type=\"text-editor.default\">\n\t\t\t\t\t\t\t\t\t<h2>Conclusion<\/h2><p><strong>Concarneau se r\u00e9v\u00e8le comme une destination incontournable pour ceux d\u00e9sireux de d\u00e9couvrir les richesses de la Bretagne<\/strong>. Son h\u00e9ritage historique, ses paysages magnifiques, sa d\u00e9licieuse gastronomie et sa culture vivante promettent une exp\u00e9rience inoubliable. Parmi les incontournables, la Ville Close se distingue comme un tr\u00e9sor fortifi\u00e9 du XVe si\u00e8cle, tandis que le ch\u00e2teau de Keriolet \u00e9merveille par son \u00e9l\u00e9gance n\u00e9o-gothique, et le Mus\u00e9e de la P\u00eache offre un fascinant aper\u00e7u de l\u2019histoire maritime concarnoise.<\/p><p>Les amateurs de nature seront combl\u00e9s par les plages de sable fin, telles que celle des Sables Blancs, et par les possibilit\u00e9s infinies de balades et randonn\u00e9es le long du GR34 ou de la Corniche de Concarneau. Les excursions en bateau vers les \u00eeles de Gl\u00e9nan ou au fil des rivi\u00e8res de l\u2019Aven ou du B\u00e9lon constituent \u00e9galement des exp\u00e9riences m\u00e9morables. Ne manquez pas non plus de vous plonger dans l\u2019ambiance locale en participant aux \u00e9v\u00e9nements tels que le festival des Filets Bleus, qui c\u00e9l\u00e8bre la culture bretonne, ou le festival Livre & Mer, d\u00e9di\u00e9 \u00e0 la litt\u00e9rature maritime.<\/p><p>Il est temps de planifier votre voyage \u00e0 Concarneau pour vivre ces d\u00e9couvertes par vous-m\u00eame. Un s\u00e9jour enchanteur vous attend dans cette ville aux multiples charmes. Vous ne le regretterez pas !<\/p><h2>FAQ<\/h2><h3>O\u00f9 aller se balader \u00e0 Concarneau ?<\/h3><p>\u00c0 Concarneau, diverses activit\u00e9s de balade s\u2019offrent \u00e0 vous. Explorez la Ville Close, une magnifique cit\u00e9 fortifi\u00e9e situ\u00e9e sur une \u00eele. Pour une exp\u00e9rience unique, embarquez pour une balade en bateau vers les enchantantes \u00eeles de l\u2019archipel des Gl\u00e9nan. Les amateurs de d\u00e9tente et de sports nautiques trouveront leur bonheur sur les plages locales. Ne manquez pas de visiter le mus\u00e9e de la p\u00eache, le passionnant marinarium ou l\u2019\u00e9l\u00e9gant ch\u00e2teau de Keriolet. N\u2019h\u00e9sitez pas \u00e0 vous renseigner\u00a0<a href=\"https:\/\/cparici.com\/thalasso-concarneau-decouvrez-le-spa-marin-et-sejours-uniques\/\">sur le spa marin<\/a> de Concarneau, pour un instant bien-\u00eatre.\u00a0<\/p><h3>Pourquoi Concarneau est appel\u00e9e ville Bleue ?<\/h3><p>La r\u00e9putation de Concarneau en tant que \u201cville bleue\u201d trouve son origine dans\u00a0<strong>l\u2019utilisation historique de filets de p\u00eache bleus par les p\u00eacheurs locaux<\/strong>. Cette technique, destin\u00e9e \u00e0 tromper les sardines par une couleur se fondant dans celle de la mer, marque la culture et l\u2019histoire de la ville. La F\u00eate des Filets Bleus, \u00e9v\u00e9nement c\u00e9l\u00e9brant cette tradition, souligne l\u2019importance de cet h\u00e9ritage.<\/p><h3>Pourquoi Concarneau est connu ?<\/h3><p>Concarneau jouit d\u2019une renomm\u00e9e pour sa Ville Close, remarquable cit\u00e9 fortifi\u00e9e du Moyen-\u00c2ge, qui est parmi les attractions les plus pris\u00e9es de Bretagne. En outre,\u00a0<strong>la ville est r\u00e9put\u00e9e pour son port de p\u00eache vibrant, class\u00e9 premier en Europe pour la p\u00eache au thon et troisi\u00e8me en France<\/strong>, ajoutant \u00e0 son prestige et \u00e0 son attractivit\u00e9.<\/p><h3>Quel est le jour de march\u00e9 \u00e0 Concarneau ?<\/h3><p>Le march\u00e9 traditionnel de Concarneau se tient chaque vendredi matin, de 7h30 \u00e0 13h30. Plus de 200 commer\u00e7ants y proposent une vari\u00e9t\u00e9 de produits alimentaires et non alimentaires, cre\u0301ant une atmosph\u00e8re vivante et color\u00e9e. Le march\u00e9 s\u2019anime des halles jusqu\u2019au port de plaisance, offrant une exp\u00e9rience authentique de la vie locale.<\/p>\t\t\t\t\t\t\t\t<\/div>\n\t\t\t\t\t<\/div>\n\t\t\t\t<\/div>\n\t\t<div class=\"elementor-element elementor-element-525785a2 e-flex e-con-boxed e-con e-parent\" data-id=\"525785a2\" data-element_type=\"container\" data-e-type=\"container\">\n\t\t\t\t\t<div class=\"e-con-inner\">\n\t\t<div class=\"elementor-element elementor-element-5919f1e7 e-con-full e-flex e-con e-child\" data-id=\"5919f1e7\" data-element_type=\"container\" data-e-type=\"container\">\n\t\t\t\t<div class=\"elementor-element elementor-element-71d4e47e elementor-widget elementor-widget-text-editor\" data-id=\"71d4e47e\" data-element_type=\"widget\" data-e-type=\"widget\" data-widget_type=\"text-editor.default\">\n\t\t\t\t\t\t\t\t\t<p>Cet article a \u00e9t\u00e9 r\u00e9dig\u00e9 par Alex Arts,\u00a0<a href=\"https:\/\/alexantoine-photos.weebly.com\/\" target=\"_blank\" rel=\"noopener\">photographe<\/a>,\u00a0<a href=\"https:\/\/www.linkedin.com\/in\/alex-b-arts\/\" target=\"_blank\" rel=\"noopener\">cr\u00e9ateur de contenu<\/a>, et guide local.<\/p>\t\t\t\t\t\t\t\t<\/div>\n\t\t\t\t<div class=\"elementor-element elementor-element-7bc09014 elementor-widget elementor-widget-author-box\" data-id=\"7bc09014\" data-element_type=\"widget\" data-e-type=\"widget\" data-widget_type=\"author-box.default\">\n\t\t\t\t\t\t\t<div class=\"elementor-author-box\">\n\t\t\t\t\t\t\t<a href=\"https:\/\/www.linkedin.com\/in\/alex-b-arts\/\" class=\"elementor-author-box__avatar\" target=\"_blank\" rel=\"noopener\">\n\t\t\t\t\t<img decoding=\"async\" src=\"https:\/\/cparici.com\/wp-content\/uploads\/2024\/09\/photo-alex-arts-300x300.jpeg\" alt=\"Bild von Alex Arts\" loading=\"lazy\">\n\t\t\t\t<\/a>\n\t\t\t\n\t\t\t<div class=\"elementor-author-box__text\">\n\t\t\t\t\t\t\t\t\t<a href=\"https:\/\/www.linkedin.com\/in\/alex-b-arts\/\" target=\"_blank\" rel=\"noopener\">\n\t\t\t\t\t\t<h4 class=\"elementor-author-box__name\">\n\t\t\t\t\t\t\tAlex Arts\t\t\t\t\t\t<\/h4>\n\t\t\t\t\t<\/a>\n\t\t\t\t\n\t\t\t\t\t\t\t\t\t<div class=\"elementor-author-box__bio\">\n\t\t\t\t\t\t<p>Photographe, cr\u00e9ateur de contenu et local guide<\/p>\n\t\t\t\t\t<\/div>\n\t\t\t\t\n\t\t\t\t\t\t\t<\/div>\n\t\t<\/div>\n\t\t\t\t\t\t<\/div>\n\t\t\t\t<\/div>\n\t\t\t\t\t<\/div>\n\t\t\t\t<\/div>\n\t\t<div class=\"elementor-element elementor-element-7105aec5 e-con-full e-flex e-con e-parent\" data-id=\"7105aec5\" data-element_type=\"container\" data-e-type=\"container\" data-settings=\"{&quot;background_background&quot;:&quot;classic&quot;}\">\n\t\t\t\t<\/div>\n\t\t<div class=\"elementor-element elementor-element-8e0fc8d e-flex e-con-boxed e-con e-parent\" data-id=\"8e0fc8d\" data-element_type=\"container\" data-e-type=\"container\">\n\t\t\t\t\t<div class=\"e-con-inner\">\n\t\t\t\t<div class=\"elementor-element elementor-element-3da775e elementor-widget elementor-widget-listeo-posts-grid\" data-id=\"3da775e\" data-element_type=\"widget\" data-e-type=\"widget\" data-widget_type=\"listeo-posts-grid.default\">\n\t\t\t\t<div class=\"elementor-widget-container\">\n\t\t\t\t\t\t\t\n\t\t<div class=\"listeo-post-grid-wrapper\">\n\t\t\t<div class=\"row\">\n\n\t\t\t\n\n\t\t\t\t\t\t\t<div class=\"col-md-4\">\n                <a href=\"https:\/\/cparici.com\/de\/visiter-concarneau-guide-des-meilleurs-sites-et-activites\/\" class=\"blog-compact-item-container\">\n                    <div class=\"blog-compact-item\">\n                        <img decoding=\"async\" width=\"577\" height=\"290\" src=\"https:\/\/cparici.com\/wp-content\/uploads\/2024\/04\/visiter-concarneau-banniere.jpg\" class=\"attachment-listeo-blog-related-post size-listeo-blog-related-post wp-post-image\" alt=\"visiter concarneau vue du port et de la ville\" srcset=\"https:\/\/cparici.com\/wp-content\/uploads\/2024\/04\/visiter-concarneau-banniere.jpg 800w, https:\/\/cparici.com\/wp-content\/uploads\/2024\/04\/visiter-concarneau-banniere-600x302.jpg 600w, https:\/\/cparici.com\/wp-content\/uploads\/2024\/04\/visiter-concarneau-banniere-300x151.jpg 300w, https:\/\/cparici.com\/wp-content\/uploads\/2024\/04\/visiter-concarneau-banniere-768x386.jpg 768w\" sizes=\"(max-width: 577px) 100vw, 577px\" \/><span class=\"blog-item-tag\">Bretagne<\/span>                        \n                        <div class=\"blog-compact-item-content\">\n                                                        <h3>Visiter Concarneau : guide des meilleurs sites<\/h3>\n                                                        <p>Visiter Concarneau - toutes les meilleures id\u00e9es pour d\u00e9couvrir Concarneau la ville bleue, et profiter...                            <\/p>\n                                                    <\/div>\n                    <\/div>\n                <\/a>\n            <\/div>\n\t\t\t<div class=\"col-md-4\">\n                <a href=\"https:\/\/cparici.com\/de\/marche-concarneau-dans-le-finistere\/\" class=\"blog-compact-item-container\">\n                    <div class=\"blog-compact-item\">\n                        <img decoding=\"async\" width=\"577\" height=\"192\" src=\"https:\/\/cparici.com\/wp-content\/uploads\/2024\/06\/marche-concarneau.jpg\" class=\"attachment-listeo-blog-related-post size-listeo-blog-related-post wp-post-image\" alt=\"march\u00e9 concarneau\" srcset=\"https:\/\/cparici.com\/wp-content\/uploads\/2024\/06\/marche-concarneau.jpg 1500w, https:\/\/cparici.com\/wp-content\/uploads\/2024\/06\/marche-concarneau-600x200.jpg 600w, https:\/\/cparici.com\/wp-content\/uploads\/2024\/06\/marche-concarneau-300x100.jpg 300w, https:\/\/cparici.com\/wp-content\/uploads\/2024\/06\/marche-concarneau-1024x341.jpg 1024w, https:\/\/cparici.com\/wp-content\/uploads\/2024\/06\/marche-concarneau-768x256.jpg 768w\" sizes=\"(max-width: 577px) 100vw, 577px\" \/><span class=\"blog-item-tag\">Bretagne<\/span>                        \n                        <div class=\"blog-compact-item-content\">\n                                                        <h3>March\u00e9 Concarneau dans le Finist\u00e8re<\/h3>\n                                                        <p>D\u00e9couvrez le march\u00e9 de Concarneau dans le Finist\u00e8re, son histoire, ses produits locaux, ses horaires,...                            <\/p>\n                                                    <\/div>\n                    <\/div>\n                <\/a>\n            <\/div>\n\t\t\t<div class=\"col-md-4\">\n                <a href=\"https:\/\/cparici.com\/de\/bowling-concarneau-guide-complet\/\" class=\"blog-compact-item-container\">\n                    <div class=\"blog-compact-item\">\n                        <img decoding=\"async\" width=\"577\" height=\"205\" src=\"https:\/\/cparici.com\/wp-content\/uploads\/2024\/06\/bowling-concarneau.jpg\" class=\"attachment-listeo-blog-related-post size-listeo-blog-related-post wp-post-image\" alt=\"bowling concarneau\" srcset=\"https:\/\/cparici.com\/wp-content\/uploads\/2024\/06\/bowling-concarneau.jpg 1500w, https:\/\/cparici.com\/wp-content\/uploads\/2024\/06\/bowling-concarneau-600x213.jpg 600w, https:\/\/cparici.com\/wp-content\/uploads\/2024\/06\/bowling-concarneau-300x107.jpg 300w, https:\/\/cparici.com\/wp-content\/uploads\/2024\/06\/bowling-concarneau-1024x364.jpg 1024w, https:\/\/cparici.com\/wp-content\/uploads\/2024\/06\/bowling-concarneau-768x273.jpg 768w\" sizes=\"(max-width: 577px) 100vw, 577px\" \/><span class=\"blog-item-tag\">Bretagne<\/span>                        \n                        <div class=\"blog-compact-item-content\">\n                                                        <h3>Bowling Concarneau : Guide Complet<\/h3>\n                                                        <p>D\u00e9couvrez tout ce qu'il faut savoir sur le Bowling Concarneau dans le Finist\u00e8re : horaires,...                            <\/p>\n                                                    <\/div>\n                    <\/div>\n                <\/a>\n            <\/div>\n  <\/div>\n        <\/div>\n        \t\t\t\t<\/div>\n\t\t\t\t<\/div>\n\t\t\t\t\t<\/div>\n\t\t\t\t<\/div>\n\t\t\t\t<\/div>\n\t\t","protected":false},"excerpt":{"rendered":"<p>Visiter Concarneau &#8211; toutes les meilleures id\u00e9es pour d\u00e9couvrir Concarneau la ville bleue, et profiter de toutes les activit\u00e9s<\/p>","protected":false},"author":1,"featured_media":16544,"comment_status":"open","ping_status":"open","sticky":false,"template":"","format":"standard","meta":{"ngg_post_thumbnail":0,"footnotes":""},"categories":[481,478,479,477],"tags":[451,452],"class_list":["post-16542","post","type-post","status-publish","format-standard","has-post-thumbnail","hentry","category-concarneau","category-bretagne","category-finistere","category-france","tag-concarneau","tag-visiter-concarneau"],"_links":{"self":[{"href":"https:\/\/cparici.com\/de\/wp-json\/wp\/v2\/posts\/16542","targetHints":{"allow":["GET"]}}],"collection":[{"href":"https:\/\/cparici.com\/de\/wp-json\/wp\/v2\/posts"}],"about":[{"href":"https:\/\/cparici.com\/de\/wp-json\/wp\/v2\/types\/post"}],"author":[{"embeddable":true,"href":"https:\/\/cparici.com\/de\/wp-json\/wp\/v2\/users\/1"}],"replies":[{"embeddable":true,"href":"https:\/\/cparici.com\/de\/wp-json\/wp\/v2\/comments?post=16542"}],"version-history":[{"count":0,"href":"https:\/\/cparici.com\/de\/wp-json\/wp\/v2\/posts\/16542\/revisions"}],"wp:featuredmedia":[{"embeddable":true,"href":"https:\/\/cparici.com\/de\/wp-json\/wp\/v2\/media\/16544"}],"wp:attachment":[{"href":"https:\/\/cparici.com\/de\/wp-json\/wp\/v2\/media?parent=16542"}],"wp:term":[{"taxonomy":"category","embeddable":true,"href":"https:\/\/cparici.com\/de\/wp-json\/wp\/v2\/categories?post=16542"},{"taxonomy":"post_tag","embeddable":true,"href":"https:\/\/cparici.com\/de\/wp-json\/wp\/v2\/tags?post=16542"}],"curies":[{"name":"wp","href":"https:\/\/api.w.org\/{rel}","templated":true}]}}