{"id":16639,"date":"2024-04-16T11:30:33","date_gmt":"2024-04-16T09:30:33","guid":{"rendered":"https:\/\/cparici.com\/?p=16639"},"modified":"2026-01-18T14:52:34","modified_gmt":"2026-01-18T13:52:34","slug":"saint-palais-sur-mer-umfassender-fuhrer-fur-einen-familienurlaub","status":"publish","type":"post","link":"https:\/\/cparici.com\/de\/saint-palais-sur-mer-guide-complet-pour-un-sejour-en-famille\/","title":{"rendered":"Saint Palais sur Mer - Kompletter Reisef\u00fchrer f\u00fcr einen Aufenthalt mit der Familie"},"content":{"rendered":"\t\t<div data-elementor-type=\"wp-post\" data-elementor-id=\"16639\" class=\"elementor elementor-16639\" data-elementor-post-type=\"post\">\n\t\t\t\t<div class=\"elementor-element elementor-element-70af2da e-con-full e-flex e-con e-parent\" data-id=\"70af2da\" data-element_type=\"container\" data-e-type=\"container\">\n\t\t\t\t<div class=\"elementor-element elementor-element-053c466 elementor-widget elementor-widget-image\" data-id=\"053c466\" data-element_type=\"widget\" data-e-type=\"widget\" data-widget_type=\"image.default\">\n\t\t\t\t\t\t\t\t\t\t\t\t\t\t\t<img decoding=\"async\" width=\"1500\" height=\"598\" src=\"https:\/\/cparici.com\/wp-content\/uploads\/2020\/09\/st-palais-banniere.jpg\" class=\"attachment-full size-full wp-image-9862\" alt=\"saint palais sur mer\" srcset=\"https:\/\/cparici.com\/wp-content\/uploads\/2020\/09\/st-palais-banniere.jpg 1500w, https:\/\/cparici.com\/wp-content\/uploads\/2020\/09\/st-palais-banniere-600x239.jpg 600w, https:\/\/cparici.com\/wp-content\/uploads\/2020\/09\/st-palais-banniere-768x306.jpg 768w\" sizes=\"(max-width: 1500px) 100vw, 1500px\" \/>\t\t\t\t\t\t\t\t\t\t\t\t\t\t\t<\/div>\n\t\t\t\t<\/div>\n\t\t<div class=\"elementor-element elementor-element-0539072 e-flex e-con-boxed e-con e-parent\" data-id=\"0539072\" data-element_type=\"container\" data-e-type=\"container\">\n\t\t\t\t\t<div class=\"e-con-inner\">\n\t\t\t\t<div class=\"elementor-element elementor-element-18f9771 elementor-widget elementor-widget-global elementor-global-62046 elementor-widget-eael-advanced-search\" data-id=\"18f9771\" data-element_type=\"widget\" data-e-type=\"widget\" data-widget_type=\"eael-advanced-search.default\">\n\t\t\t\t\t        <div class=\"eael-adv-search-wrapper\">\n            <div id=\"eael-advanced-search-widget-18f9771\" class=\"eael-advanced-search-widget\">\n                <form data-settings=\"{&quot;post_per_page&quot;:5,&quot;search_among_taxonomies&quot;:&quot;&quot;,&quot;search_among_sku&quot;:&quot;no&quot;,&quot;show_popular_keyword&quot;:0,&quot;show_category&quot;:0,&quot;show_content_image&quot;:1,&quot;show_search_result_all_results&quot;:0,&quot;result_on_new_tab&quot;:&quot;no&quot;,&quot;show_product_price&quot;:&quot;no&quot;,&quot;include_current_page&quot;:&quot;no&quot;,&quot;current_post_id&quot;:16639,&quot;post_type&quot;:[&quot;post&quot;,&quot;listing&quot;]}\" method=\"POST\" name=\"eael-advanced-search-form-18f9771\" class=\"eael-advanced-search-form eael-advanced-search-form-style-2\">\n                    <div class=\"eael-advanced-search-wrap\">\n                        <span class=\"eael-adv-search-loader\"><\/span>\n                        <span class=\"eael-adv-search-close\"><i class=\"fas fa-times\"><\/i><\/span>\n                        <span class=\"icon \"><i class=\"fas fa-search\"><\/i><\/span>\n\n                        <input type=\"text\"\n                               placeholder=\"Votre destination\"\n                               class=\"eael-advanced-search\" autocomplete=\"off\" name=\"eael_advanced_search\">\n                    <\/div>\n\t\t\t\t\t                                    <\/form>\n\n\t\t\t\t\n\t\t\t\t        <div class=\"eael-advanced-search-result\">\n            <div class=\"eael-advanced-search-popular-keyword\">\n\t\t\t\t<h4 class=\"eael-advanced-search-popular-keyword-text\">Recherches populaires<\/h4>                <div class=\"eael-popular-keyword-content\"><\/div>\n            <\/div>\n            <div class=\"eael-advanced-search-category\">\n\t\t\t\t<h4 class=\"eael-advanced-search-category-text\">Categories<\/h4>                <div class=\"eael-popular-category-content\"><\/div>\n            <\/div>\n\t\t\t<div class=\"eael-advanced-search-total-results-section\">\n\t\t\t\t\t\t\t<\/div>\n            <div class=\"eael-advanced-search-content eael-item-style-3\">\n            <\/div>\n            <div class=\"eael-advanced-search-not-found\">\n                <p>Pas de r\u00e9sultats<\/p><\/div>\n            <div class=\"eael-advanced-search-load-more\">\n\t\t\t\t<a \tclass=\"eael-advanced-search-load-more-button\"\n                \thref=\"#\">Voir tous les r\u00e9sultats<\/a>\n            <\/div>\n        <\/div>\n\n\t\t            <\/div>\n        <\/div>\n\n\t\t\t\t\t\t<\/div>\n\t\t\t\t\t<\/div>\n\t\t\t\t<\/div>\n\t\t<div class=\"elementor-element elementor-element-1ed16215 e-flex e-con-boxed e-con e-parent\" data-id=\"1ed16215\" data-element_type=\"container\" data-e-type=\"container\">\n\t\t\t\t\t<div class=\"e-con-inner\">\n\t\t\t\t<div class=\"elementor-element elementor-element-4f0e598b elementor-widget elementor-widget-text-editor\" data-id=\"4f0e598b\" data-element_type=\"widget\" data-e-type=\"widget\" data-widget_type=\"text-editor.default\">\n\t\t\t\t\t\t\t\t\t<h1 style=\"text-align: center;\"><span style=\"color: #003366;\"><strong><span style=\"font-size: 18pt;\">Saint Palais sur Mer: visite guid\u00e9e de la ville et ses plages<\/span><\/strong><\/span><\/h1><p><span style=\"color: #ffffff;\">____<\/span><\/p><p>\u00c0 la recherche de la <strong>destination parfaite<\/strong> pour des vacances familiales sur la c\u00f4te atlantique ? Ne cherchez plus : <em>Saint Palais sur Mer<\/em> est la r\u00e9ponse !<\/p><p>Cette <strong>charmante station baln\u00e9aire<\/strong> situ\u00e9e en Charente-Maritime, tout pr\u00e8s de <a href=\"https:\/\/cparici.com\/royan-informations-pratiques-et-decouverte\/\">Royan<\/a>, promet un d\u00e9cor de r\u00eave, nich\u00e9 entre mer et for\u00eat. Avec ses cinq plages de sable fin, ses pittoresques carrelets, ses \u00e9l\u00e9gantes villas Belle \u00c9poque et l\u2019immensit\u00e9 de ses espaces naturels, Saint Palais sur Mer est une invitation \u00e0 la d\u00e9tente et \u00e0 l\u2019aventure, quelles que soient vos pr\u00e9f\u00e9rences : sport, culture, ou simple relaxation. Ce guide complet est votre passeport pour explorer les merveilles de cette commune, d\u00e9couvrir des activit\u00e9s familiales divertissantes, choisir des h\u00e9bergements sur mesure, et go\u00fbter aux sp\u00e9cialit\u00e9s locales en bonne compagnie.<\/p><p>Pr\u00eats pour une <em>exp\u00e9dition m\u00e9morable<\/em> \u00e0 Saint Palais sur Mer ? Laissez-vous guider !<\/p>\t\t\t\t\t\t\t\t<\/div>\n\t\t\t\t\t<\/div>\n\t\t\t\t<\/div>\n\t\t<aside class=\"elementor-element elementor-element-7fa2de91 e-flex e-con-boxed e-con e-parent\" data-id=\"7fa2de91\" data-element_type=\"container\" data-e-type=\"container\" data-settings=\"{&quot;background_background&quot;:&quot;classic&quot;}\">\n\t\t\t\t\t<div class=\"e-con-inner\">\n\t\t\t\t<div class=\"elementor-element elementor-element-3397fe12 elementor-widget elementor-widget-spacer\" data-id=\"3397fe12\" data-element_type=\"widget\" data-e-type=\"widget\" data-widget_type=\"spacer.default\">\n\t\t\t\t\t\t\t<div class=\"elementor-spacer\">\n\t\t\t<div class=\"elementor-spacer-inner\"><\/div>\n\t\t<\/div>\n\t\t\t\t\t\t<\/div>\n\t\t\t\t<div class=\"elementor-element elementor-element-4ba4a47c elementor-widget elementor-widget-heading\" data-id=\"4ba4a47c\" data-element_type=\"widget\" data-e-type=\"widget\" data-widget_type=\"heading.default\">\n\t\t\t\t\t<h2 class=\"elementor-heading-title elementor-size-default\">H\u00e9bergements de Vacances en direct<\/h2>\t\t\t\t<\/div>\n\t\t\t\t<div class=\"elementor-element elementor-element-417a1f28 elementor-widget elementor-widget-listeo-listings-carousel\" data-id=\"417a1f28\" data-element_type=\"widget\" data-e-type=\"widget\" data-widget_type=\"listeo-listings-carousel.default\">\n\t\t\t\t<div class=\"elementor-widget-container\">\n\t\t\t\t\t        <!-- Carousel \/ Start -->\n        \t<div class=\"simple-slick-carousel dots-nav\" data-slick='{&quot;autoplay&quot;:true,&quot;autoplaySpeed&quot;:3000,&quot;slidesToShow&quot;:3,&quot;slidesToScroll&quot;:1,&quot;responsive&quot;:[{&quot;breakpoint&quot;:1024,&quot;settings&quot;:{&quot;slidesToShow&quot;:2,&quot;slidesToScroll&quot;:1}},{&quot;breakpoint&quot;:768,&quot;settings&quot;:{&quot;slidesToShow&quot;:1,&quot;slidesToScroll&quot;:1}}]}'>\n                            <div class=\"fw-carousel-item\">                    \n                        <!-- Listing Item -->\r\n            <div class=\"col-lg-6 col-md-12\">\r\n                <a href=\"https:\/\/cparici.com\/de\/annonce\/cottage-de-lulu-avec-spa\/\"  class=\"listing-item-container listing-geo-data compact\" \r\n\t\tdata-title=\"Cottage de Lulu avec Spa Meschers sur Gironde\"\r\n\t\tdata-listing-type=\"rental\"\r\n\t\tdata-classifieds-price=\"\u20ac\"\r\n\t\tdata-friendly-address=\"300m des Grottes de R\u00e9gulus\"\r\n\t\tdata-address=\"300m des Grottes de R\u00e9gulus\"\r\n\t\tdata-image=\"https:\/\/cparici.com\/wp-content\/uploads\/2025\/12\/spa-du-cottage-de-lulu-location-vacances-meschers-520x397.jpg\"\r\n\t\tdata-longitude=\"-0.9544389999999999\"\r\n\t\tdata-latitude=\"45.554722\"\r\n\t\t\t\t\tdata-rating=\"5\"\r\n\t\t\tdata-reviews=\"12\"\r\n\t\t\t\tdata-icon=\"<svg xmlns=&quot;http:\/\/www.w3.org\/2000\/svg&quot; width=&quot;800px&quot; height=&quot;800px&quot; viewBox=&quot;0 0 45 45&quot; fill=&quot;none&quot;>\n<path d=&quot;M24.155 8.78099L24.33 8.94499L37.402 21.787L36 23.213L34.2 21.445L34.201 35C34.201 36.054 33.385 36.918 32.35 36.994L32.201 37H12.201C11.147 37 10.283 36.184 10.206 35.149L10.201 35L10.2 21.446L8.402 23.213L7 21.787L20.058 8.95799C21.171 7.82199 22.966 7.75899 24.155 8.78099ZM21.569 10.285L21.473 10.372L12.2 19.481L12.201 35L17.2 34.999L17.201 25C17.201 23.946 18.017 23.082 19.052 23.005L19.201 23H25.201C26.255 23 27.119 23.816 27.196 24.851L27.201 25L27.2 34.999L32.201 35L32.2 19.48L22.901 10.344C22.537 9.98699 21.969 9.96499 21.569 10.285ZM25.201 25H19.201L19.2 34.999H25.2L25.201 25Z&quot; fill=&quot;#3C3C3C&quot;\/>\n<\/svg>\"\r\n\r\n\t>\r\n            <div class=\"listing-item  \">\r\n                <div class=\"listing-small-badges-container\">\r\n                                                                <div class=\"listing-small-badge pricing-badge\"><i class=\"fa fa-tag\"><\/i>85,00\u20ac - 150,00\u20ac<\/div>\r\n                                                            \r\n                                        \r\n                                        \r\n                <\/div>\r\n                <img decoding=\"async\" src=\"https:\/\/cparici.com\/wp-content\/uploads\/2025\/12\/spa-du-cottage-de-lulu-location-vacances-meschers-520x397.jpg\" alt=\"Cottage de Lulu avec Spa Meschers sur Gironde\" class=\"listing-thumbnail\">\r\n                \r\n\r\n                <div class=\"listing-item-content\">\r\n                                                <div class=\"numerical-rating\" data-rating=\"5.0\"><\/div>\r\n                    \r\n                    <h3> Cottage de Lulu avec Spa Meschers sur Gironde <\/h3>\r\n                    <span>300m des Grottes de R\u00e9gulus<\/span>\r\n                <\/div>\r\n                                        <span class=\"save like-icon tooltip left\" title=\"Login To Bookmark Items\"><\/span>\r\n                                                <\/div>\r\n        <\/a>\r\n                    <\/div>\r\n        \r\n\r\n        <!-- Listing Item \/ End -->\n                    <\/div>\n                                      <div class=\"fw-carousel-item\">                    \n                        <!-- Listing Item -->\r\n            <div class=\"col-lg-6 col-md-12\">\r\n                <a href=\"https:\/\/cparici.com\/de\/annonce\/bicoque-de-sophie\/\"  class=\"listing-item-container listing-geo-data compact\" \r\n\t\tdata-title=\"Bicoque de Sophie\"\r\n\t\tdata-listing-type=\"rental\"\r\n\t\tdata-classifieds-price=\"\u20ac\"\r\n\t\tdata-friendly-address=\"Hyper centre Saint-Georges-de-Didonne\"\r\n\t\tdata-address=\"Hyper centre Saint-Georges-de-Didonne\"\r\n\t\tdata-image=\"https:\/\/cparici.com\/wp-content\/uploads\/2025\/01\/20220601_133451-edit-20230319213149-520x397.jpg\"\r\n\t\tdata-longitude=\"-0.9977845\"\r\n\t\tdata-latitude=\"45.6029549\"\r\n\t\t\t\t\tdata-rating=\"3.7\"\r\n\t\t\tdata-reviews=\"3\"\r\n\t\t\t\tdata-icon=\"<svg xmlns=&quot;http:\/\/www.w3.org\/2000\/svg&quot; width=&quot;800px&quot; height=&quot;800px&quot; viewBox=&quot;0 0 45 45&quot; fill=&quot;none&quot;>\n<path d=&quot;M24.155 8.78099L24.33 8.94499L37.402 21.787L36 23.213L34.2 21.445L34.201 35C34.201 36.054 33.385 36.918 32.35 36.994L32.201 37H12.201C11.147 37 10.283 36.184 10.206 35.149L10.201 35L10.2 21.446L8.402 23.213L7 21.787L20.058 8.95799C21.171 7.82199 22.966 7.75899 24.155 8.78099ZM21.569 10.285L21.473 10.372L12.2 19.481L12.201 35L17.2 34.999L17.201 25C17.201 23.946 18.017 23.082 19.052 23.005L19.201 23H25.201C26.255 23 27.119 23.816 27.196 24.851L27.201 25L27.2 34.999L32.201 35L32.2 19.48L22.901 10.344C22.537 9.98699 21.969 9.96499 21.569 10.285ZM25.201 25H19.201L19.2 34.999H25.2L25.201 25Z&quot; fill=&quot;#3C3C3C&quot;\/>\n<\/svg>\"\r\n\r\n\t>\r\n            <div class=\"listing-item  \">\r\n                <div class=\"listing-small-badges-container\">\r\n                                                                <div class=\"listing-small-badge pricing-badge\"><i class=\"fa fa-tag\"><\/i>120,00\u20ac - 140,00\u20ac<\/div>\r\n                                                            \r\n                                        \r\n                                        \r\n                <\/div>\r\n                <img decoding=\"async\" src=\"https:\/\/cparici.com\/wp-content\/uploads\/2025\/01\/20220601_133451-edit-20230319213149-520x397.jpg\" alt=\"Bicoque de Sophie\" class=\"listing-thumbnail\">\r\n                \r\n\r\n                <div class=\"listing-item-content\">\r\n                                                <div class=\"numerical-rating\" data-rating=\"3.7\"><\/div>\r\n                    \r\n                    <h3> Bicoque de Sophie <\/h3>\r\n                    <span>Hyper centre Saint-Georges-de-Didonne<\/span>\r\n                <\/div>\r\n                                        <span class=\"save like-icon tooltip left\" title=\"Login To Bookmark Items\"><\/span>\r\n                                                <\/div>\r\n        <\/a>\r\n                    <\/div>\r\n        \r\n\r\n        <!-- Listing Item \/ End -->\n                    <\/div>\n                                      <div class=\"fw-carousel-item\">                    \n                        <!-- Listing Item -->\r\n            <div class=\"col-lg-6 col-md-12\">\r\n                <a href=\"https:\/\/cparici.com\/de\/annonce\/le-douze\/\"  class=\"listing-item-container listing-geo-data compact\" \r\n\t\tdata-title=\"LE DOUZE\"\r\n\t\tdata-listing-type=\"rental\"\r\n\t\tdata-classifieds-price=\"\u20ac\"\r\n\t\tdata-friendly-address=\"41 ter rue de paradis\"\r\n\t\tdata-address=\"41 ter rue de paradis\"\r\n\t\tdata-image=\"https:\/\/cparici.com\/wp-content\/uploads\/2025\/03\/DSC06292-HDR-520x397.jpg\"\r\n\t\tdata-longitude=\"-1.1430937\"\r\n\t\tdata-latitude=\"45.7162024\"\r\n\t\t\t\t\tdata-rating=\"5\"\r\n\t\t\tdata-reviews=\"4\"\r\n\t\t\t\tdata-icon=\"<svg xmlns=&quot;http:\/\/www.w3.org\/2000\/svg&quot; width=&quot;800px&quot; height=&quot;800px&quot; viewBox=&quot;0 0 45 45&quot; fill=&quot;none&quot;>\n<path d=&quot;M24.155 8.78099L24.33 8.94499L37.402 21.787L36 23.213L34.2 21.445L34.201 35C34.201 36.054 33.385 36.918 32.35 36.994L32.201 37H12.201C11.147 37 10.283 36.184 10.206 35.149L10.201 35L10.2 21.446L8.402 23.213L7 21.787L20.058 8.95799C21.171 7.82199 22.966 7.75899 24.155 8.78099ZM21.569 10.285L21.473 10.372L12.2 19.481L12.201 35L17.2 34.999L17.201 25C17.201 23.946 18.017 23.082 19.052 23.005L19.201 23H25.201C26.255 23 27.119 23.816 27.196 24.851L27.201 25L27.2 34.999L32.201 35L32.2 19.48L22.901 10.344C22.537 9.98699 21.969 9.96499 21.569 10.285ZM25.201 25H19.201L19.2 34.999H25.2L25.201 25Z&quot; fill=&quot;#3C3C3C&quot;\/>\n<\/svg>\"\r\n\r\n\t>\r\n            <div class=\"listing-item  featured-listing\">\r\n                <div class=\"listing-small-badges-container\">\r\n                                            <div class=\"listing-small-badge featured-badge\"><i class=\"fa fa-star\"><\/i> Featured<\/div>\r\n                                                                <div class=\"listing-small-badge pricing-badge\"><i class=\"fa fa-tag\"><\/i>150,00\u20ac - 171,00\u20ac<\/div>\r\n                                                            \r\n                                        \r\n                                        \r\n                <\/div>\r\n                <img decoding=\"async\" src=\"https:\/\/cparici.com\/wp-content\/uploads\/2025\/03\/DSC06292-HDR-520x397.jpg\" alt=\"LE DOUZE\" class=\"listing-thumbnail\">\r\n                                \r\n\r\n                <div class=\"listing-item-content\">\r\n                                                <div class=\"numerical-rating\" data-rating=\"5.0\"><\/div>\r\n                    \r\n                    <h3> LE DOUZE <i class=\"verified-icon\"><\/i><\/h3>\r\n                    <span>41 ter rue de paradis<\/span>\r\n                <\/div>\r\n                                        <span class=\"save like-icon tooltip left\" title=\"Login To Bookmark Items\"><\/span>\r\n                                                <\/div>\r\n        <\/a>\r\n                    <\/div>\r\n        \r\n\r\n        <!-- Listing Item \/ End -->\n                    <\/div>\n                                      <div class=\"fw-carousel-item\">                    \n                        <!-- Listing Item -->\r\n            <div class=\"col-lg-6 col-md-12\">\r\n                <a href=\"https:\/\/cparici.com\/de\/annonce\/appartement-face-mer\/\"  class=\"listing-item-container listing-geo-data compact\" \r\n\t\tdata-title=\"La Perrini\u00e8re Appartement face mer Royan\"\r\n\t\tdata-listing-type=\"rental\"\r\n\t\tdata-classifieds-price=\"\u20ac\"\r\n\t\tdata-friendly-address=\"royan\"\r\n\t\tdata-address=\"royan\"\r\n\t\tdata-image=\"https:\/\/cparici.com\/wp-content\/uploads\/2025\/05\/366880516.jpg\"\r\n\t\tdata-longitude=\"-1.0197084\"\r\n\t\tdata-latitude=\"45.6217724\"\r\n\t\t\t\t\tdata-rating=\"0\"\r\n\t\t\tdata-reviews=\"0\"\r\n\t\t\t\tdata-icon=\"<svg xmlns=&quot;http:\/\/www.w3.org\/2000\/svg&quot; width=&quot;800px&quot; height=&quot;800px&quot; viewBox=&quot;0 0 45 45&quot; fill=&quot;none&quot;>\n<path d=&quot;M24.155 8.78099L24.33 8.94499L37.402 21.787L36 23.213L34.2 21.445L34.201 35C34.201 36.054 33.385 36.918 32.35 36.994L32.201 37H12.201C11.147 37 10.283 36.184 10.206 35.149L10.201 35L10.2 21.446L8.402 23.213L7 21.787L20.058 8.95799C21.171 7.82199 22.966 7.75899 24.155 8.78099ZM21.569 10.285L21.473 10.372L12.2 19.481L12.201 35L17.2 34.999L17.201 25C17.201 23.946 18.017 23.082 19.052 23.005L19.201 23H25.201C26.255 23 27.119 23.816 27.196 24.851L27.201 25L27.2 34.999L32.201 35L32.2 19.48L22.901 10.344C22.537 9.98699 21.969 9.96499 21.569 10.285ZM25.201 25H19.201L19.2 34.999H25.2L25.201 25Z&quot; fill=&quot;#3C3C3C&quot;\/>\n<\/svg>\"\r\n\r\n\t>\r\n            <div class=\"listing-item  featured-listing\">\r\n                <div class=\"listing-small-badges-container\">\r\n                                            <div class=\"listing-small-badge featured-badge\"><i class=\"fa fa-star\"><\/i> Featured<\/div>\r\n                                                                <div class=\"listing-small-badge pricing-badge\"><i class=\"fa fa-tag\"><\/i>260,00\u20ac - 390,00\u20ac<\/div>\r\n                                                            \r\n                                        \r\n                                        \r\n                <\/div>\r\n                <img decoding=\"async\" src=\"https:\/\/cparici.com\/wp-content\/uploads\/2025\/05\/366880516.jpg\" alt=\"La Perrini\u00e8re Appartement face mer Royan\" class=\"listing-thumbnail\">\r\n                                \r\n\r\n                <div class=\"listing-item-content\">\r\n                    \r\n                    <h3> La Perrini\u00e8re Appartement face mer Royan <\/h3>\r\n                    <span>royan<\/span>\r\n                <\/div>\r\n                                        <span class=\"save like-icon tooltip left\" title=\"Login To Bookmark Items\"><\/span>\r\n                                                <\/div>\r\n        <\/a>\r\n                    <\/div>\r\n        \r\n\r\n        <!-- Listing Item \/ End -->\n                    <\/div>\n                                      <div class=\"fw-carousel-item\">                    \n                        <!-- Listing Item -->\r\n            <div class=\"col-lg-6 col-md-12\">\r\n                <a href=\"https:\/\/cparici.com\/de\/annonce\/villa-lucas-2-7-piscine-spa\/\"  class=\"listing-item-container listing-geo-data compact\" \r\n\t\tdata-title=\"Villa Lucas 2-7 Piscine-spa, Meschers sur Gironde\"\r\n\t\tdata-listing-type=\"rental\"\r\n\t\tdata-classifieds-price=\"\u20ac\"\r\n\t\tdata-friendly-address=\"Boulevard de la Falaise\"\r\n\t\tdata-address=\"Boulevard de la Falaise\"\r\n\t\tdata-image=\"https:\/\/cparici.com\/wp-content\/uploads\/2025\/01\/20200519_141942_01-1-edit-20230321171015-520x397.jpg\"\r\n\t\tdata-longitude=\"-0.9543354999999999\"\r\n\t\tdata-latitude=\"45.5547399\"\r\n\t\t\t\t\tdata-rating=\"5\"\r\n\t\t\tdata-reviews=\"12\"\r\n\t\t\t\tdata-icon=\"<svg xmlns=&quot;http:\/\/www.w3.org\/2000\/svg&quot; width=&quot;800px&quot; height=&quot;800px&quot; viewBox=&quot;0 0 45 45&quot; fill=&quot;none&quot;>\n<path d=&quot;M24.155 8.78099L24.33 8.94499L37.402 21.787L36 23.213L34.2 21.445L34.201 35C34.201 36.054 33.385 36.918 32.35 36.994L32.201 37H12.201C11.147 37 10.283 36.184 10.206 35.149L10.201 35L10.2 21.446L8.402 23.213L7 21.787L20.058 8.95799C21.171 7.82199 22.966 7.75899 24.155 8.78099ZM21.569 10.285L21.473 10.372L12.2 19.481L12.201 35L17.2 34.999L17.201 25C17.201 23.946 18.017 23.082 19.052 23.005L19.201 23H25.201C26.255 23 27.119 23.816 27.196 24.851L27.201 25L27.2 34.999L32.201 35L32.2 19.48L22.901 10.344C22.537 9.98699 21.969 9.96499 21.569 10.285ZM25.201 25H19.201L19.2 34.999H25.2L25.201 25Z&quot; fill=&quot;#3C3C3C&quot;\/>\n<\/svg>\"\r\n\r\n\t>\r\n            <div class=\"listing-item  \">\r\n                <div class=\"listing-small-badges-container\">\r\n                                                                <div class=\"listing-small-badge pricing-badge\"><i class=\"fa fa-tag\"><\/i>370,00\u20ac - 370,00\u20ac<\/div>\r\n                                                            \r\n                                        \r\n                                        \r\n                <\/div>\r\n                <img decoding=\"async\" src=\"https:\/\/cparici.com\/wp-content\/uploads\/2025\/01\/20200519_141942_01-1-edit-20230321171015-520x397.jpg\" alt=\"Villa Lucas 2-7 Piscine-spa, Meschers sur Gironde\" class=\"listing-thumbnail\">\r\n                \r\n\r\n                <div class=\"listing-item-content\">\r\n                                                <div class=\"numerical-rating\" data-rating=\"5.0\"><\/div>\r\n                    \r\n                    <h3> Villa Lucas 2-7 Piscine-spa, Meschers sur Gironde <\/h3>\r\n                    <span>Boulevard de la Falaise<\/span>\r\n                <\/div>\r\n                                        <span class=\"save like-icon tooltip left\" title=\"Login To Bookmark Items\"><\/span>\r\n                                                <\/div>\r\n        <\/a>\r\n                    <\/div>\r\n        \r\n\r\n        <!-- Listing Item \/ End -->\n                    <\/div>\n                          <\/div>\n        \t\t\t\t<\/div>\n\t\t\t\t<\/div>\n\t\t\t\t\t<\/div>\n\t\t\t\t<\/aside>\n\t\t<div class=\"elementor-element elementor-element-4e4c53a4 e-flex e-con-boxed e-con e-parent\" data-id=\"4e4c53a4\" data-element_type=\"container\" data-e-type=\"container\">\n\t\t\t\t\t<div class=\"e-con-inner\">\n\t\t<div class=\"elementor-element elementor-element-3775f00f e-con-full e-flex e-con e-child\" data-id=\"3775f00f\" data-element_type=\"container\" data-e-type=\"container\">\n\t\t\t\t<div class=\"elementor-element elementor-element-766c5b23 elementor-widget elementor-widget-text-editor\" data-id=\"766c5b23\" data-element_type=\"widget\" data-e-type=\"widget\" data-widget_type=\"text-editor.default\">\n\t\t\t\t\t\t\t\t\t<h2>D\u00e9couverte et activit\u00e9s pour toute la famille<\/h2><p><em>Saint Palais sur Mer<\/em> repr\u00e9sente le choix parfait pour des vacances familiales m\u00e9morables sur la c\u00f4te Atlantique. Que vos int\u00e9r\u00eats se portent vers le sport, la culture ou simplement la d\u00e9tente, cette destination a tout ce qu\u2019il faut pour combler les d\u00e9sirs de chacun dans la famille. D\u00e9couvrez ci-dessous nos suggestions d\u2019activit\u00e9s et de d\u00e9couvertes \u00e0 partager avec vos enfants.<\/p><h3>Randonn\u00e9e sur le sentier des douaniers<\/h3><p>Explorer le littoral de <em>Saint Palais sur Mer<\/em> est une aventure inoubliable sur le <strong>sentier des douaniers<\/strong>, un parcours de grande randonn\u00e9e longeant la c\u00f4te bretonne sur plus de 2000 km. Ce chemin offre des vues spectaculaires sur des paysages diversifi\u00e9s, allant des pointes rocheuses aux dunes, en passant par des plages et criques sauvages.<\/p><p>Ce sentier est \u00e9galement un excellent moyen d\u2019observer une <em>faune et flore vari\u00e9es<\/em>, tout en d\u00e9couvrant un riche patrimoine historique li\u00e9 \u00e0 l\u2019\u00e9poque des douaniers. Il connecte plusieurs communes voisines telles que Vaux sur Mer, Royan, La Palmyre, ou encore Saint-Georges de Didonne, offrant ainsi une grande flexibilit\u00e9 quant \u00e0 la <strong>dur\u00e9e et la difficult\u00e9<\/strong> de votre randonn\u00e9e. Des id\u00e9es d\u2019itin\u00e9raires sont disponibles sur le site [itirando]..<\/p>\t\t\t\t\t\t\t\t<\/div>\n\t\t\t\t<\/div>\n\t\t<div class=\"elementor-element elementor-element-5029f792 e-con-full e-flex e-con e-child\" data-id=\"5029f792\" data-element_type=\"container\" data-e-type=\"container\">\n\t\t\t\t<div class=\"elementor-element elementor-element-3d447bcf elementor-widget elementor-widget-text-editor\" data-id=\"3d447bcf\" data-element_type=\"widget\" data-e-type=\"widget\" data-widget_type=\"text-editor.default\">\n\t\t\t\t\t\t\t\t\t<h3>Les plages familiales de Saint Palais sur Mer<\/h3><p>Avec un m\u00e9lange unique de for\u00eats et de bords de mer, <strong>Saint Palais sur Mer<\/strong> vous accueille avec cinq magnifiques plages de sable fin, des carrelets pittoresques, de somptueuses villas de la Belle \u00c9poque et de vastes espaces naturels. <a href=\"https:\/\/cparici.com\/plage-de-saint-palais-sur-mer\/\">La <strong>plage du Bureau<\/strong>, plage principale<\/a> de la commune, vous invite \u00e0 savourer le soleil et \u00e0 vous baigner, avec ses terrasses accueillantes et ses clubs de plage.<\/p><p><a href=\"https:\/\/cparici.com\/plage-de-nauzan-a-vaux-sur-mer\/\">La <strong>plage de Nauzan<\/strong><\/a>, surveill\u00e9e et pleine de vie, est parfaite pour les <em>activit\u00e9s nautiques<\/em> telles que le catamaran, le kayak de mer, ou encore le stand-up paddle. Pour un moment plus tranquille au plus proche de la nature, la <em>plage du Platin<\/em>, avec ses rochers \u00e9rod\u00e9s par le temps et son phare de Terre N\u00e8gre, est id\u00e9ale. Et pour les amateurs de vastes \u00e9tendues, la <strong>plage de la Grande C\u00f4te<\/strong>, avec ses 2,5 km de sable bordant la for\u00eat de la Coubre, sera un coup de c\u0153ur assur\u00e9.<\/p>\t\t\t\t\t\t\t\t<\/div>\n\t\t\t\t<\/div>\n\t\t\t\t\t<\/div>\n\t\t\t\t<\/div>\n\t\t<div class=\"elementor-element elementor-element-4abf1d87 e-flex e-con-boxed e-con e-parent\" data-id=\"4abf1d87\" data-element_type=\"container\" data-e-type=\"container\">\n\t\t\t\t\t<div class=\"e-con-inner\">\n\t\t<div class=\"elementor-element elementor-element-7e9ad0d7 e-con-full e-flex e-con e-child\" data-id=\"7e9ad0d7\" data-element_type=\"container\" data-e-type=\"container\">\n\t\t\t\t<div class=\"elementor-element elementor-element-618d3c4 elementor-widget elementor-widget-google_maps\" data-id=\"618d3c4\" data-element_type=\"widget\" data-e-type=\"widget\" data-widget_type=\"google_maps.default\">\n\t\t\t\t\t\t\t<div class=\"elementor-custom-embed\">\n\t\t\t<iframe loading=\"lazy\"\n\t\t\t\t\tsrc=\"https:\/\/maps.google.com\/maps?q=saint-palais%20sur%20mer&t=m&z=13&output=embed&iwloc=near\"\n\t\t\t\t\ttitle=\"saint-palais sur mer\"\n\t\t\t\t\taria-label=\"saint-palais sur mer\"\n\t\t\t><\/iframe>\n\t\t<\/div>\n\t\t\t\t\t\t<\/div>\n\t\t\t\t<\/div>\n\t\t<div class=\"elementor-element elementor-element-3a47cd1f e-con-full e-flex e-con e-child\" data-id=\"3a47cd1f\" data-element_type=\"container\" data-e-type=\"container\">\n\t\t\t\t<div class=\"elementor-element elementor-element-32e6effa elementor-widget__width-inherit elementor-absolute elementor-widget elementor-widget-image\" data-id=\"32e6effa\" data-element_type=\"widget\" data-e-type=\"widget\" data-settings=\"{&quot;_position&quot;:&quot;absolute&quot;}\" data-widget_type=\"image.default\">\n\t\t\t\t\t\t\t\t\t\t\t\t\t\t\t<img decoding=\"async\" width=\"760\" height=\"428\" src=\"https:\/\/cparici.com\/wp-content\/uploads\/2024\/05\/plage-saint-palais-sur-mer-scaled-1-1024x576.jpg\" class=\"attachment-large size-large wp-image-17271\" alt=\"\" srcset=\"https:\/\/cparici.com\/wp-content\/uploads\/2024\/05\/plage-saint-palais-sur-mer-scaled-1-1024x576.jpg 1024w, https:\/\/cparici.com\/wp-content\/uploads\/2024\/05\/plage-saint-palais-sur-mer-scaled-1-600x338.jpg 600w, https:\/\/cparici.com\/wp-content\/uploads\/2024\/05\/plage-saint-palais-sur-mer-scaled-1-300x169.jpg 300w, https:\/\/cparici.com\/wp-content\/uploads\/2024\/05\/plage-saint-palais-sur-mer-scaled-1-768x432.jpg 768w, https:\/\/cparici.com\/wp-content\/uploads\/2024\/05\/plage-saint-palais-sur-mer-scaled-1-1536x864.jpg 1536w, https:\/\/cparici.com\/wp-content\/uploads\/2024\/05\/plage-saint-palais-sur-mer-scaled-1-2048x1152.jpg 2048w, https:\/\/cparici.com\/wp-content\/uploads\/2024\/05\/plage-saint-palais-sur-mer-scaled-1-805x453.jpg 805w\" sizes=\"(max-width: 760px) 100vw, 760px\">\t\t\t\t\t\t\t\t\t\t\t\t\t\t\t<\/div>\n\t\t\t\t<\/div>\n\t\t\t\t\t<\/div>\n\t\t\t\t<\/div>\n\t\t<div class=\"elementor-element elementor-element-470276ff e-flex e-con-boxed e-con e-parent\" data-id=\"470276ff\" data-element_type=\"container\" data-e-type=\"container\">\n\t\t\t\t\t<div class=\"e-con-inner\">\n\t\t\t\t<div class=\"elementor-element elementor-element-545bb125 elementor-widget elementor-widget-text-editor\" data-id=\"545bb125\" data-element_type=\"widget\" data-e-type=\"widget\" data-widget_type=\"text-editor.default\">\n\t\t\t\t\t\t\t\t\t<h2 style=\"text-align: center;\">H\u00e9bergement adapt\u00e9 pour les familles<\/h2><p style=\"text-align: center;\">Trouver un <strong>h\u00e9bergement adapt\u00e9<\/strong> pour un s\u00e9jour en famille agr\u00e9able \u00e0 Saint Palais sur Mer n\u00e9cessite de tenir compte de vos besoins et de votre budget. La ville offre une <strong>vari\u00e9t\u00e9 d\u2019options<\/strong> de qualit\u00e9, allant du camping aux h\u00f4tels, en passant par les locations saisonni\u00e8res. Nous vous proposons des conseils pour faire le meilleur choix.<\/p><h3 style=\"text-align: center;\">Choisir son logement: camping, h\u00f4tels et locations saisonni\u00e8res<\/h3><p style=\"text-align: center;\">Les amateurs de <em>nature<\/em> et de convivialit\u00e9 seront s\u00e9duits <a href=\"https:\/\/cparici.com\/camping-royan\/\">par le camping<\/a>. Saint Palais sur Mer abrite plusieurs \u00e9tablissements, y compris des campings labellis\u00e9s \u201cFamille Plus\u201d offrant des services et animations d\u00e9di\u00e9s aux enfants.<\/p><p style=\"text-align: center;\">Les options varient entre emplacements pour tentes, caravanes ou camping-cars et locations de mobil-homes, chalets ou bungalows. Vous aurez acc\u00e8s \u00e0 des \u00e9quipements tels que piscine, aire de jeux, terrain de sport, ou snack-bar, ainsi qu\u2019\u00e0 la proximit\u00e9 de la plage et de la for\u00eat pour des balades familiales.<\/p><p style=\"text-align: center;\">Pour ceux qui privil\u00e9gient le <em>confort<\/em> et la tranquillit\u00e9, les h\u00f4tels de Saint Palais sur Mer offrent plusieurs options, dont des \u00e9tablissements 3 \u00e9toiles avec vue sur la mer. Choisissez parmi des chambres doubles, triples, familiales ou des <strong>suites avec terrasse<\/strong> ou balcon.<\/p><p style=\"text-align: center;\">Les h\u00f4tels proposent des services tels que petit-d\u00e9jeuner, restaurant, bar, ou spa, et b\u00e9n\u00e9ficient d\u2019un emplacement central, proche de tous commerces, restaurants et plages.<\/p><p style=\"text-align: center;\">Les locations saisonni\u00e8res repr\u00e9sentent une excellente option pour ceux qui recherchent <em>ind\u00e9pendance<\/em> et libert\u00e9. Saint Palais sur Mer propose une large gamme de logements de vacances, avec des labels garantissant confort et qualit\u00e9.<\/p><p style=\"text-align: center;\">Choisissez parmi des appartements, maisons ou villas, offrant une ou plusieurs chambres, cuisine \u00e9quip\u00e9e, salon, salle de bain, et parfois m\u00eame un jardin ou une piscine. Profitez de l\u2019espace, de l\u2019intimit\u00e9, et de la libert\u00e9 de recevoir amis ou famille.<\/p><h3 style=\"text-align: center;\">Conseils pour un h\u00e9bergement confortable et pratique<\/h3><p style=\"text-align: center;\">Ind\u00e9pendamment de votre choix d\u2019h\u00e9bergement, voici des conseils pour garantir un s\u00e9jour <strong>confortable<\/strong> et <strong>pratique<\/strong> en famille \u00e0 Saint Palais sur Mer.<\/p><p style=\"text-align: center;\">Il est conseill\u00e9 de r\u00e9server \u00e0 l\u2019avance, sp\u00e9cialement en haute saison ou pendant les vacances scolaires, pour b\u00e9n\u00e9ficier d\u2019un large choix adapt\u00e9 \u00e0 vos pr\u00e9f\u00e9rences et budget. Comparez les offres sur des sites sp\u00e9cialis\u00e9s tels que <em>[Booking.com]<\/em> ou <em>[Airbnb], ou Loclilala Vacances.<\/em><\/p><p style=\"text-align: center;\">Renseignez-vous sur les \u00e9quipements et services fournis : lits b\u00e9b\u00e9, chaises hautes, jeux pour enfants, et v\u00e9rifiez \u00e9galement l\u2019acc\u00e8s facile aux transports, commerces, restaurants et activit\u00e9s. Si n\u00e9cessaire, assurez-vous de la disponibilit\u00e9 d\u2019un parking.<\/p><p style=\"text-align: center;\">Finalement, faites de votre lieu d\u2019h\u00e9bergement un espace de d\u00e9tente et de plaisir familial. Cr\u00e9ez une atmosph\u00e8re accueillante, en partageant des moments uniques, que ce soit par des jeux de soci\u00e9t\u00e9, la cuisine en famille ou en partageant des histoires. Transformez votre espace en un v\u00e9ritable <strong>foyer<\/strong>, o\u00f9 vous vous sentirez <em>comme chez vous<\/em>.<\/p><h2 style=\"text-align: center;\">\u00c0 table : d\u00e9couvrez les sp\u00e9cialit\u00e9s locales en famille<\/h2><p style=\"text-align: center;\">Explorez les d\u00e9lices culinaires de Saint Palais sur Mer et partagez un moment gourmand en famille. Que vous appr\u00e9ciiez explore le march\u00e9, vous asseoir confortablement dans un restaurant ou savourer un pique-nique, Saint Palais sur Mer saura \u00e9veiller vos sens culinaires et ceux de vos proches.<\/p><p style=\"text-align: center;\">Voici nos conseils pour une exp\u00e9rience culinaire m\u00e9morable.<\/p><h3 style=\"text-align: center;\">Les march\u00e9s locaux et produits du terroir<\/h3><p style=\"text-align: center;\">Passionn\u00e9s des saveurs authentiques, les march\u00e9s de Saint Palais sur Mer sont votre paradis. De l\u2019\u00e9tal de march\u00e9 couvert aux march\u00e9s en plein air sur la place du march\u00e9, profitez d\u2019une riche s\u00e9lection de produits frais : fruits, l\u00e9gumes, viandes, poissons, fromages, pains et vins. Toute l\u2019ann\u00e9e, cette diversit\u00e9 promet de s\u00e9duire vos papilles.<\/p><p style=\"text-align: center;\">Les march\u00e9s estivaux ajoutent une touche extraordinaire \u00e0 votre exp\u00e9rience. Parmi eux, le march\u00e9 du terroir place de l\u2019Oc\u00e9an, le march\u00e9 de la Grande C\u00f4te et celui d\u2019art vous permettent de d\u00e9couvrir les richesses des producteurs locaux. Go\u00fbtez aux embl\u00e9matiques <strong>hu\u00eetres de Marennes-Ol\u00e9ron<\/strong>, <em>moules de bouchot<\/em>, <em>cagouilles (escargots)<\/em>, farci charentais, cognac, pineau des Charentes et galettes charentaises, et laissez-vous envo\u00fbter par les tr\u00e9sors de la Charente.<\/p><h3 style=\"text-align: center;\">Restaurants familiaux : du snack au restaurant gastronomique<\/h3><p style=\"text-align: center;\">Si vous pr\u00e9f\u00e9rez le confort d\u2019un restaurant, Saint Palais sur Mer offre une gamme vari\u00e9e pour toutes les envies et budgets. Snack, cr\u00eaperie, pizzeria, bistrot, brasserie ou encore restaurant gastronomique, c\u2019est \u00e0 vous de choisir selon l\u2019humeur du jour.<\/p><p style=\"text-align: center;\">D\u00e9gustez des plats traditionnels ou innovants, \u00e0 base de produits de la mer ou de la terre, et savourez-les avec un verre de <strong>vin local<\/strong> ou une bi\u00e8re. Profitez \u00e9galement des vues magnifiques qu\u2019offrent certains \u00e9tablissements, sur la mer, la plage ou le lac. Pour trouver le lieu parfait, consultez des sites recommand\u00e9s comme [Tripadvisor] ou [Pages Jaunes].<\/p><h3 style=\"text-align: center;\">Astuce pique-nique : o\u00f9 sortir pour manger sur le pouce ?<\/h3><p style=\"text-align: center;\">Pour un moment convivial en toute simplicit\u00e9, un pique-nique est id\u00e9al. Pr\u00e9parez votre repas avec des produits frais du march\u00e9 ou optez pour des options \u00e0 emporter telles que sandwiches, salades, pizzas, ou tacos.<\/p><p style=\"text-align: center;\">Choisissez un cadre charmant pour vous installer, comme la plage, la for\u00eat, le parc ou au bord du lac. Profitez de ce moment pour vous d\u00e9tendre en plein air, entour\u00e9s par la nature et la compagnie de vos enfants. Profitez aussi des am\u00e9nagements tels que tables de pique-nique, aires de jeux, terrains de sport, ou pistes cyclables. Trouvez l\u2019endroit id\u00e9al pour votre pique-nique sur [Infiniment Charentes] ou [France Voyage].<\/p>\t\t\t\t\t\t\t\t<\/div>\n\t\t\t\t\t<\/div>\n\t\t\t\t<\/div>\n\t\t<div class=\"elementor-element elementor-element-4d36e94b e-flex e-con-boxed e-con e-parent\" data-id=\"4d36e94b\" data-element_type=\"container\" data-e-type=\"container\">\n\t\t\t\t\t<div class=\"e-con-inner\">\n\t\t<div class=\"elementor-element elementor-element-2d58219c e-con-full e-flex e-con e-child\" data-id=\"2d58219c\" data-element_type=\"container\" data-e-type=\"container\">\n\t\t\t\t<div class=\"elementor-element elementor-element-42cbafd0 elementor-widget elementor-widget-image\" data-id=\"42cbafd0\" data-element_type=\"widget\" data-e-type=\"widget\" data-widget_type=\"image.default\">\n\t\t\t\t\t\t\t\t\t\t\t\t\t\t\t<img decoding=\"async\" width=\"760\" height=\"501\" src=\"https:\/\/cparici.com\/wp-content\/uploads\/2024\/05\/carrelet-plage-platin-1024x675.jpg\" class=\"attachment-large size-large wp-image-38545\" alt=\"\" srcset=\"https:\/\/cparici.com\/wp-content\/uploads\/2024\/05\/carrelet-plage-platin-1024x675.jpg 1024w, https:\/\/cparici.com\/wp-content\/uploads\/2024\/05\/carrelet-plage-platin-600x395.jpg 600w, https:\/\/cparici.com\/wp-content\/uploads\/2024\/05\/carrelet-plage-platin-300x198.jpg 300w, https:\/\/cparici.com\/wp-content\/uploads\/2024\/05\/carrelet-plage-platin-768x506.jpg 768w, https:\/\/cparici.com\/wp-content\/uploads\/2024\/05\/carrelet-plage-platin-1536x1012.jpg 1536w, https:\/\/cparici.com\/wp-content\/uploads\/2024\/05\/carrelet-plage-platin.jpg 1920w\" sizes=\"(max-width: 760px) 100vw, 760px\">\t\t\t\t\t\t\t\t\t\t\t\t\t\t\t<\/div>\n\t\t\t\t<\/div>\n\t\t<div class=\"elementor-element elementor-element-12167395 e-con-full e-flex e-con e-child\" data-id=\"12167395\" data-element_type=\"container\" data-e-type=\"container\">\n\t\t\t\t<div class=\"elementor-element elementor-element-eeef942 elementor-widget elementor-widget-image\" data-id=\"eeef942\" data-element_type=\"widget\" data-e-type=\"widget\" data-widget_type=\"image.default\">\n\t\t\t\t\t\t\t\t\t\t\t\t\t\t\t<img decoding=\"async\" width=\"760\" height=\"760\" src=\"https:\/\/cparici.com\/wp-content\/uploads\/2020\/11\/st-palais-sur-mer-3-1024x1024.jpg\" class=\"attachment-large size-large wp-image-11096\" alt=\"Trouver une maison de vacances a St Palais sur Mer\" srcset=\"https:\/\/cparici.com\/wp-content\/uploads\/2020\/11\/st-palais-sur-mer-3-1024x1024.jpg 1024w, https:\/\/cparici.com\/wp-content\/uploads\/2020\/11\/st-palais-sur-mer-3-300x300.jpg 300w, https:\/\/cparici.com\/wp-content\/uploads\/2020\/11\/st-palais-sur-mer-3-100x100.jpg 100w, https:\/\/cparici.com\/wp-content\/uploads\/2020\/11\/st-palais-sur-mer-3-150x150.jpg 150w, https:\/\/cparici.com\/wp-content\/uploads\/2020\/11\/st-palais-sur-mer-3-1536x1536.jpg 1536w, https:\/\/cparici.com\/wp-content\/uploads\/2020\/11\/st-palais-sur-mer-3-2048x2048.jpg 2048w\" sizes=\"(max-width: 760px) 100vw, 760px\" \/>\t\t\t\t\t\t\t\t\t\t\t\t\t\t\t<\/div>\n\t\t\t\t<\/div>\n\t\t\t\t\t<\/div>\n\t\t\t\t<\/div>\n\t\t<div class=\"elementor-element elementor-element-1d3f2b6 e-flex e-con-boxed e-con e-parent\" data-id=\"1d3f2b6\" data-element_type=\"container\" data-e-type=\"container\">\n\t\t\t\t\t<div class=\"e-con-inner\">\n\t\t\t\t<div class=\"elementor-element elementor-element-7b8d53a elementor-widget elementor-widget-text-editor\" data-id=\"7b8d53a\" data-element_type=\"widget\" data-e-type=\"widget\" data-widget_type=\"text-editor.default\">\n\t\t\t\t\t\t\t\t\t<h2 style=\"text-align: center;\">Conclusion<\/h2><p style=\"text-align: center;\"><strong>Saint Palais sur Mer<\/strong> est bien plus qu\u2019une simple destination; c\u2019est le lieu <em>id\u00e9al<\/em> pour des <strong>vacances familiales<\/strong> m\u00e9morables sur la c\u00f4te atlantique. Profitez d\u2019une offre riche et vari\u00e9e : des plages dor\u00e9es, des \u00e9tendues foresti\u00e8res luxuriantes, un riche patrimoine culturel, une gastronomie exceptionnelle, et des activit\u00e9s adapt\u00e9es aux petits comme aux grands.<\/p><p style=\"text-align: center;\">De <em>plus<\/em>, vous trouverez facilement un h\u00e9bergement correspondant \u00e0 vos attentes et \u00e0 votre budget, allant du camping convivial \u00e0 l\u2019h\u00f4tel confortable, sans oublier les charmantes locations saisonni\u00e8res. N\u2019attendez donc plus pour <strong>r\u00e9server votre s\u00e9jour<\/strong> \u00e0 Saint Palais sur Mer. Pr\u00e9parez-vous \u00e0 cr\u00e9er des souvenirs ind\u00e9l\u00e9biles avec votre famille. <strong>Saint Palais sur Mer vous attend<\/strong> avec impatience!<\/p><h2 style=\"text-align: center;\">FAQ<\/h2><h3 style=\"text-align: center;\">O\u00f9 se promener \u00e0 Saint-Palais-sur-Mer ?<\/h3><p style=\"text-align: center;\">Pour <strong>d\u00e9couvrir les charmes<\/strong> de Saint-Palais-sur-Mer, vous avez l\u2019embarras du choix. Les <em>plages et conches de sable fin<\/em> telles que la Grande C\u00f4te ou le Bureau sont parfaites pour les amateurs de bains de soleil et de mer.<\/p><p style=\"text-align: center;\">Admirez les pittoresques cabanes \u00e0 carrelets et les fascinantes formations g\u00e9ologiques le long du littoral, comme le <strong>Pont du Diable<\/strong> ou le <strong>Puits de l\u2019Auture<\/strong>. Pour une exp\u00e9rience plus immersive, empruntez le <em>sentier des douaniers<\/em>, qui offre un panorama exceptionnel en connectant Royan \u00e0 Saint-Palais-sur-Mer.<\/p><p style=\"text-align: center;\">Ne manquez pas le <strong>lac Raymond Vignes<\/strong>, v\u00e9ritable havre de paix, id\u00e9al pour des moments de d\u00e9tente au c\u0153ur de la nature.<\/p><h3 style=\"text-align: center;\">Fait-il bon vivre \u00e0 Saint-Palais-sur-Mer ?<\/h3><p style=\"text-align: center;\">Les retours sont unanimes : vivre \u00e0 Saint-Palais-sur-Mer est une exp\u00e9rience tr\u00e8s agr\u00e9able. Cette <strong>charmante ville c\u00f4ti\u00e8re<\/strong> se distingue par son paysage \u00e9poustouflant, son environnement riche et diversifi\u00e9, ainsi que son centre-ville anim\u00e9. Parmi les atouts de la ville, citons son entretien irr\u00e9prochable, l\u2019accueil chaleureux de ses commer\u00e7ants, ses plages idylliques, le fameux chemin des douaniers, le pratique magasin Super U, et une architecture de qualit\u00e9.<\/p>\t\t\t\t\t\t\t\t<\/div>\n\t\t\t\t\t<\/div>\n\t\t\t\t<\/div>\n\t\t<div class=\"elementor-element elementor-element-6c18f795 e-flex e-con-boxed e-con e-parent\" data-id=\"6c18f795\" data-element_type=\"container\" data-e-type=\"container\">\n\t\t\t\t\t<div class=\"e-con-inner\">\n\t\t<div class=\"elementor-element elementor-element-560681d0 e-con-full e-flex e-con e-child\" data-id=\"560681d0\" data-element_type=\"container\" data-e-type=\"container\">\n\t\t\t\t<div class=\"elementor-element elementor-element-4abc3e27 elementor-widget elementor-widget-image\" data-id=\"4abc3e27\" data-element_type=\"widget\" data-e-type=\"widget\" data-widget_type=\"image.default\">\n\t\t\t\t\t\t\t\t\t\t\t\t\t\t\t<img decoding=\"async\" width=\"760\" height=\"760\" src=\"https:\/\/cparici.com\/wp-content\/uploads\/2020\/09\/st-palais-sur-mer-1024x1024.jpg\" class=\"attachment-large size-large wp-image-9859\" alt=\"\" srcset=\"https:\/\/cparici.com\/wp-content\/uploads\/2020\/09\/st-palais-sur-mer-1024x1024.jpg 1024w, https:\/\/cparici.com\/wp-content\/uploads\/2020\/09\/st-palais-sur-mer-300x300.jpg 300w, https:\/\/cparici.com\/wp-content\/uploads\/2020\/09\/st-palais-sur-mer-100x100.jpg 100w, https:\/\/cparici.com\/wp-content\/uploads\/2020\/09\/st-palais-sur-mer-150x150.jpg 150w, https:\/\/cparici.com\/wp-content\/uploads\/2020\/09\/st-palais-sur-mer-1536x1536.jpg 1536w, https:\/\/cparici.com\/wp-content\/uploads\/2020\/09\/st-palais-sur-mer-2048x2048.jpg 2048w\" sizes=\"(max-width: 760px) 100vw, 760px\">\t\t\t\t\t\t\t\t\t\t\t\t\t\t\t<\/div>\n\t\t\t\t<\/div>\n\t\t<div class=\"elementor-element elementor-element-10660f0d e-con-full e-flex e-con e-child\" data-id=\"10660f0d\" data-element_type=\"container\" data-e-type=\"container\">\n\t\t\t\t<div class=\"elementor-element elementor-element-4234f2be elementor-widget elementor-widget-image\" data-id=\"4234f2be\" data-element_type=\"widget\" data-e-type=\"widget\" data-widget_type=\"image.default\">\n\t\t\t\t\t\t\t\t\t\t\t\t\t\t\t<img decoding=\"async\" width=\"760\" height=\"501\" src=\"https:\/\/cparici.com\/wp-content\/uploads\/2024\/05\/plage-du-platin-1024x675.jpeg\" class=\"attachment-large size-large wp-image-38578\" alt=\"plage du platin st-palais-sur-mer\" srcset=\"https:\/\/cparici.com\/wp-content\/uploads\/2024\/05\/plage-du-platin-1024x675.jpeg 1024w, https:\/\/cparici.com\/wp-content\/uploads\/2024\/05\/plage-du-platin-600x395.jpeg 600w, https:\/\/cparici.com\/wp-content\/uploads\/2024\/05\/plage-du-platin-300x198.jpeg 300w, https:\/\/cparici.com\/wp-content\/uploads\/2024\/05\/plage-du-platin-768x506.jpeg 768w, https:\/\/cparici.com\/wp-content\/uploads\/2024\/05\/plage-du-platin-1536x1012.jpeg 1536w, https:\/\/cparici.com\/wp-content\/uploads\/2024\/05\/plage-du-platin.jpeg 1920w\" sizes=\"(max-width: 760px) 100vw, 760px\" \/>\t\t\t\t\t\t\t\t\t\t\t\t\t\t\t<\/div>\n\t\t\t\t<\/div>\n\t\t\t\t\t<\/div>\n\t\t\t\t<\/div>\n\t\t<aside class=\"elementor-element elementor-element-5748fe09 e-flex e-con-boxed e-con e-parent\" data-id=\"5748fe09\" data-element_type=\"container\" data-e-type=\"container\">\n\t\t\t\t\t<div class=\"e-con-inner\">\n\t\t\t\t<div class=\"elementor-element elementor-element-73b04603 elementor-widget elementor-widget-listeo-posts-grid\" data-id=\"73b04603\" data-element_type=\"widget\" data-e-type=\"widget\" data-widget_type=\"listeo-posts-grid.default\">\n\t\t\t\t<div class=\"elementor-widget-container\">\n\t\t\t\t\t\t\t\n\t\t<div class=\"listeo-post-grid-wrapper\">\n\t\t\t<div class=\"row\">\n\n\t\t\t\n\n\t\t\t\t\t\t\t<div class=\"col-md-4\">\n                <a href=\"https:\/\/cparici.com\/de\/plages-de-royan-cote-de-beaute\/\" class=\"blog-compact-item-container\">\n                    <div class=\"blog-compact-item\">\n                        <img decoding=\"async\" width=\"577\" height=\"230\" src=\"https:\/\/cparici.com\/wp-content\/uploads\/2021\/05\/st-palais-banniere.jpg\" class=\"attachment-listeo-blog-related-post size-listeo-blog-related-post wp-post-image\" alt=\"plages de royan - photo d&#039;une des plus belles conche de Royan Plage\" srcset=\"https:\/\/cparici.com\/wp-content\/uploads\/2021\/05\/st-palais-banniere.jpg 1500w, https:\/\/cparici.com\/wp-content\/uploads\/2021\/05\/st-palais-banniere-600x239.jpg 600w, https:\/\/cparici.com\/wp-content\/uploads\/2021\/05\/st-palais-banniere-768x306.jpg 768w\" sizes=\"(max-width: 577px) 100vw, 577px\" \/><span class=\"blog-item-tag\">Charente maritime<\/span>                        \n                        <div class=\"blog-compact-item-content\">\n                                                        <h3>Plages de Royan c\u00f4te de beaut\u00e9<\/h3>\n                                                        <p>Les plages de Royan c\u00f4te de beaut\u00e9 sont situ\u00e9es en Charente maritime, sur l'Oc\u00e9an atlantique....                            <\/p>\n                                                    <\/div>\n                    <\/div>\n                <\/a>\n            <\/div>\n\t\t\t<div class=\"col-md-4\">\n                <a href=\"https:\/\/cparici.com\/de\/eglise-st-saturnin-meschers-sur-gironde\/\" class=\"blog-compact-item-container\">\n                    <div class=\"blog-compact-item\">\n                        <img decoding=\"async\" width=\"577\" height=\"160\" src=\"https:\/\/cparici.com\/wp-content\/uploads\/2021\/03\/eglise-meschers-banniere.jpg\" class=\"attachment-listeo-blog-related-post size-listeo-blog-related-post wp-post-image\" alt=\"Eglise St Saturnin a Meschers sur Gironde\" srcset=\"https:\/\/cparici.com\/wp-content\/uploads\/2021\/03\/eglise-meschers-banniere.jpg 2521w, https:\/\/cparici.com\/wp-content\/uploads\/2021\/03\/eglise-meschers-banniere-600x165.jpg 600w, https:\/\/cparici.com\/wp-content\/uploads\/2021\/03\/eglise-meschers-banniere-768x212.jpg 768w\" sizes=\"(max-width: 577px) 100vw, 577px\" \/><span class=\"blog-item-tag\">Charente maritime<\/span>                        \n                        <div class=\"blog-compact-item-content\">\n                                                        <h3>Eglise St Saturnin Meschers sur Gironde<\/h3>\n                                                        <p>L'Eglise de Meschers \u00a0est une \u00e9glise situ\u00e9e dans le centre-ville de Meschers de style n\u00e9o-classique,...                            <\/p>\n                                                    <\/div>\n                    <\/div>\n                <\/a>\n            <\/div>\n\t\t\t<div class=\"col-md-4\">\n                <a href=\"https:\/\/cparici.com\/de\/eglise-saint-georges-de-didonne\/\" class=\"blog-compact-item-container\">\n                    <div class=\"blog-compact-item\">\n                        <img decoding=\"async\" width=\"577\" height=\"380\" src=\"https:\/\/cparici.com\/wp-content\/uploads\/2021\/02\/eglise-st-georges.jpg\" class=\"attachment-listeo-blog-related-post size-listeo-blog-related-post wp-post-image\" alt=\"Eglise de Saint Georges de Didonne\" srcset=\"https:\/\/cparici.com\/wp-content\/uploads\/2021\/02\/eglise-st-georges.jpg 1920w, https:\/\/cparici.com\/wp-content\/uploads\/2021\/02\/eglise-st-georges-600x395.jpg 600w, https:\/\/cparici.com\/wp-content\/uploads\/2021\/02\/eglise-st-georges-300x198.jpg 300w, https:\/\/cparici.com\/wp-content\/uploads\/2021\/02\/eglise-st-georges-1024x675.jpg 1024w, https:\/\/cparici.com\/wp-content\/uploads\/2021\/02\/eglise-st-georges-768x506.jpg 768w, https:\/\/cparici.com\/wp-content\/uploads\/2021\/02\/eglise-st-georges-1536x1012.jpg 1536w\" sizes=\"(max-width: 577px) 100vw, 577px\" \/><span class=\"blog-item-tag\">France<\/span>                        \n                        <div class=\"blog-compact-item-content\">\n                                                        <h3>Eglise de Saint Georges de Didonne<\/h3>\n                                                        <p>L'Eglise St Georges a Saint Georges de Didonne est une \u00e9glise paroissiale situ\u00e9e dans le...                            <\/p>\n                                                    <\/div>\n                    <\/div>\n                <\/a>\n            <\/div>\n  <\/div>\n        <\/div>\n        \t\t\t\t<\/div>\n\t\t\t\t<\/div>\n\t\t\t\t\t<\/div>\n\t\t\t\t<\/aside>\n\t\t<div class=\"elementor-element elementor-element-609d6a0 e-flex e-con-boxed e-con e-parent\" data-id=\"609d6a0\" data-element_type=\"container\" data-e-type=\"container\">\n\t\t\t\t\t<div class=\"e-con-inner\">\n\t\t\t\t\t<\/div>\n\t\t\t\t<\/div>\n\t\t\t\t<\/div>\n\t\t","protected":false},"excerpt":{"rendered":"<p>Recherches populaires Categories Pas de r\u00e9sultats Voir tous les r\u00e9sultats Saint Palais sur Mer: visite guid\u00e9e de la ville et ses plages ____ \u00c0 la recherche de la destination parfaite pour des vacances familiales sur la c\u00f4te atlantique ? Ne cherchez plus : Saint Palais sur Mer est la r\u00e9ponse ! Cette charmante station baln\u00e9aire [&hellip;]<\/p>\n","protected":false},"author":1,"featured_media":9862,"comment_status":"open","ping_status":"open","sticky":false,"template":"","format":"standard","meta":{"ngg_post_thumbnail":0,"footnotes":""},"categories":[463,461,477,480],"tags":[159,465],"class_list":["post-16639","post","type-post","status-publish","format-standard","has-post-thumbnail","hentry","category-saint-palais-sur-mer","category-charente-maritime","category-france","category-poitou-charentes","tag-royan","tag-saint-palais-sur-mer"],"_links":{"self":[{"href":"https:\/\/cparici.com\/de\/wp-json\/wp\/v2\/posts\/16639","targetHints":{"allow":["GET"]}}],"collection":[{"href":"https:\/\/cparici.com\/de\/wp-json\/wp\/v2\/posts"}],"about":[{"href":"https:\/\/cparici.com\/de\/wp-json\/wp\/v2\/types\/post"}],"author":[{"embeddable":true,"href":"https:\/\/cparici.com\/de\/wp-json\/wp\/v2\/users\/1"}],"replies":[{"embeddable":true,"href":"https:\/\/cparici.com\/de\/wp-json\/wp\/v2\/comments?post=16639"}],"version-history":[{"count":0,"href":"https:\/\/cparici.com\/de\/wp-json\/wp\/v2\/posts\/16639\/revisions"}],"wp:featuredmedia":[{"embeddable":true,"href":"https:\/\/cparici.com\/de\/wp-json\/wp\/v2\/media\/9862"}],"wp:attachment":[{"href":"https:\/\/cparici.com\/de\/wp-json\/wp\/v2\/media?parent=16639"}],"wp:term":[{"taxonomy":"category","embeddable":true,"href":"https:\/\/cparici.com\/de\/wp-json\/wp\/v2\/categories?post=16639"},{"taxonomy":"post_tag","embeddable":true,"href":"https:\/\/cparici.com\/de\/wp-json\/wp\/v2\/tags?post=16639"}],"curies":[{"name":"wp","href":"https:\/\/api.w.org\/{rel}","templated":true}]}}