{"id":16844,"date":"2024-04-21T09:50:22","date_gmt":"2024-04-21T07:50:22","guid":{"rendered":"https:\/\/cparici.com\/?p=16844"},"modified":"2026-01-20T11:32:16","modified_gmt":"2026-01-20T10:32:16","slug":"ile-de-re-besuchen","status":"publish","type":"post","link":"https:\/\/cparici.com\/de\/visiter-ile-de-re\/","title":{"rendered":"Besuchen Sie die Ile de R\u00e9 - der ultimative Reisef\u00fchrer zu den Sehensw\u00fcrdigkeiten, die Sie nicht verpassen d\u00fcrfen"},"content":{"rendered":"\t\t<div data-elementor-type=\"wp-post\" data-elementor-id=\"16844\" class=\"elementor elementor-16844\" data-elementor-post-type=\"post\">\n\t\t\t\t<div class=\"elementor-element elementor-element-c01e6c5 e-con-full e-flex e-con e-parent\" data-id=\"c01e6c5\" data-element_type=\"container\" data-e-type=\"container\">\n\t\t\t\t<div class=\"elementor-element elementor-element-5319fb7 elementor-widget elementor-widget-image\" data-id=\"5319fb7\" data-element_type=\"widget\" data-e-type=\"widget\" data-widget_type=\"image.default\">\n\t\t\t\t\t\t\t\t\t\t\t\t\t\t\t<img decoding=\"async\" width=\"1519\" height=\"597\" src=\"https:\/\/cparici.com\/wp-content\/uploads\/2020\/11\/banniere-ile-de-re.jpg\" class=\"attachment-full size-full wp-image-11146\" alt=\"\u00eele de R\u00e9 guide de visite\" srcset=\"https:\/\/cparici.com\/wp-content\/uploads\/2020\/11\/banniere-ile-de-re.jpg 1519w, https:\/\/cparici.com\/wp-content\/uploads\/2020\/11\/banniere-ile-de-re-600x235.jpg 600w, https:\/\/cparici.com\/wp-content\/uploads\/2020\/11\/banniere-ile-de-re-768x301.jpg 768w\" sizes=\"(max-width: 1519px) 100vw, 1519px\" \/>\t\t\t\t\t\t\t\t\t\t\t\t\t\t\t<\/div>\n\t\t\t\t<\/div>\n\t\t<aside class=\"elementor-element elementor-element-b7cb619 e-flex e-con-boxed e-con e-parent\" data-id=\"b7cb619\" data-element_type=\"container\" data-e-type=\"container\">\n\t\t\t\t\t<div class=\"e-con-inner\">\n\t\t\t\t<div class=\"elementor-element elementor-element-04f993e elementor-widget elementor-widget-global elementor-global-62046 elementor-widget-eael-advanced-search\" data-id=\"04f993e\" data-element_type=\"widget\" data-e-type=\"widget\" data-widget_type=\"eael-advanced-search.default\">\n\t\t\t\t\t        <div class=\"eael-adv-search-wrapper\">\n            <div id=\"eael-advanced-search-widget-04f993e\" class=\"eael-advanced-search-widget\">\n                <form data-settings=\"{&quot;post_per_page&quot;:5,&quot;search_among_taxonomies&quot;:&quot;&quot;,&quot;search_among_sku&quot;:&quot;no&quot;,&quot;show_popular_keyword&quot;:0,&quot;show_category&quot;:0,&quot;show_content_image&quot;:1,&quot;show_search_result_all_results&quot;:0,&quot;result_on_new_tab&quot;:&quot;no&quot;,&quot;show_product_price&quot;:&quot;no&quot;,&quot;include_current_page&quot;:&quot;no&quot;,&quot;current_post_id&quot;:16844,&quot;post_type&quot;:[&quot;post&quot;,&quot;listing&quot;]}\" method=\"POST\" name=\"eael-advanced-search-form-04f993e\" class=\"eael-advanced-search-form eael-advanced-search-form-style-2\">\n                    <div class=\"eael-advanced-search-wrap\">\n                        <span class=\"eael-adv-search-loader\"><\/span>\n                        <span class=\"eael-adv-search-close\"><i class=\"fas fa-times\"><\/i><\/span>\n                        <span class=\"icon \"><i class=\"fas fa-search\"><\/i><\/span>\n\n                        <input type=\"text\"\n                               placeholder=\"Votre destination\"\n                               class=\"eael-advanced-search\" autocomplete=\"off\" name=\"eael_advanced_search\">\n                    <\/div>\n\t\t\t\t\t                                    <\/form>\n\n\t\t\t\t\n\t\t\t\t        <div class=\"eael-advanced-search-result\">\n            <div class=\"eael-advanced-search-popular-keyword\">\n\t\t\t\t<h4 class=\"eael-advanced-search-popular-keyword-text\">Recherches populaires<\/h4>                <div class=\"eael-popular-keyword-content\"><\/div>\n            <\/div>\n            <div class=\"eael-advanced-search-category\">\n\t\t\t\t<h4 class=\"eael-advanced-search-category-text\">Categories<\/h4>                <div class=\"eael-popular-category-content\"><\/div>\n            <\/div>\n\t\t\t<div class=\"eael-advanced-search-total-results-section\">\n\t\t\t\t\t\t\t<\/div>\n            <div class=\"eael-advanced-search-content eael-item-style-3\">\n            <\/div>\n            <div class=\"eael-advanced-search-not-found\">\n                <p>Pas de r\u00e9sultats<\/p><\/div>\n            <div class=\"eael-advanced-search-load-more\">\n\t\t\t\t<a \tclass=\"eael-advanced-search-load-more-button\"\n                \thref=\"#\">Voir tous les r\u00e9sultats<\/a>\n            <\/div>\n        <\/div>\n\n\t\t            <\/div>\n        <\/div>\n\n\t\t\t\t\t\t<\/div>\n\t\t\t\t\t<\/div>\n\t\t\t\t<\/aside>\n\t\t<div class=\"elementor-element elementor-element-14ecf25 e-flex e-con-boxed e-con e-parent\" data-id=\"14ecf25\" data-element_type=\"container\" data-e-type=\"container\">\n\t\t\t\t\t<div class=\"e-con-inner\">\n\t\t\t\t<div class=\"elementor-element elementor-element-581d5cc elementor-widget elementor-widget-text-editor\" data-id=\"581d5cc\" data-element_type=\"widget\" data-e-type=\"widget\" data-widget_type=\"text-editor.default\">\n\t\t\t\t\t\t\t\t\t<h1 style=\"text-align: center;\"><span style=\"font-size: 18pt;\"><strong>L\u2019ile de R\u00e9\u00a0 guide de visite<\/strong><\/span><\/h1><p><strong>L\u2019ile de R\u00e9<\/strong>, nich\u00e9e dans la Nouvelle-Aquitaine et accessible via un pont de 3 km depuis <a href=\"https:\/\/cparici.com\/fr\/que-faire-a-la-rochelle-top-des-activites-incontournables\/\">La Rochelle<\/a>, <strong>se pr\u00e9sente comme un havre de paix pour des vacances m\u00e9morables,<\/strong> que l\u2019on voyage en famille, en couple, ou avec des amis. Visiter l\u2019\u00eele de R\u00e9 fascine, par ses 10 villages pleins de charme, ses plages de sable fin, le c\u00e9l\u00e8bre phare des Baleines, ses marais salants et la r\u00e9serve naturelle de Lilleau des Niges, offrant ainsi une escapade riche en d\u00e9couvertes culturelles et patrimoniales.<\/p><p><strong>Ce guide ultime vous invite \u00e0 explorer l\u2019\u00eele de R\u00e9 en Charente maritime<\/strong>, son patrimoine naturel, culturel, et ses traditions \u00e0 travers ses sites incontournables et une myriade d\u2019activit\u00e9s. Renomm\u00e9e pour \u00eatre une \u201c\u00eele \u00e0 v\u00e9lo\u201d, elle est parsem\u00e9e de pistes cyclables permettant de sillonner entre terre et mer tout en savourant ses sp\u00e9cialit\u00e9s locales : hu\u00eetres, sel, caramel, et les fameuses pommes de terre de R\u00e9.<\/p><p>Embarquez pour une aventure inoubliable sur l\u2019\u00eele de R\u00e9. Laissez-vous guider!<\/p>\t\t\t\t\t\t\t\t<\/div>\n\t\t\t\t\t<\/div>\n\t\t\t\t<\/div>\n\t\t<aside class=\"elementor-element elementor-element-6e7e41f9 e-flex e-con-boxed e-con e-parent\" data-id=\"6e7e41f9\" data-element_type=\"container\" data-e-type=\"container\" data-settings=\"{&quot;background_background&quot;:&quot;classic&quot;}\">\n\t\t\t\t\t<div class=\"e-con-inner\">\n\t\t\t\t<div class=\"elementor-element elementor-element-40de4c5b elementor-widget elementor-widget-spacer\" data-id=\"40de4c5b\" data-element_type=\"widget\" data-e-type=\"widget\" data-widget_type=\"spacer.default\">\n\t\t\t\t\t\t\t<div class=\"elementor-spacer\">\n\t\t\t<div class=\"elementor-spacer-inner\"><\/div>\n\t\t<\/div>\n\t\t\t\t\t\t<\/div>\n\t\t\t\t<div class=\"elementor-element elementor-element-4740f0eb elementor-widget elementor-widget-heading\" data-id=\"4740f0eb\" data-element_type=\"widget\" data-e-type=\"widget\" data-widget_type=\"heading.default\">\n\t\t\t\t\t<h2 class=\"elementor-heading-title elementor-size-default\">H\u00e9bergements de Vacances Ile de R\u00e9 en direct<\/h2>\t\t\t\t<\/div>\n\t\t\t\t<div class=\"elementor-element elementor-element-4f409172 elementor-widget elementor-widget-listeo-listings-carousel\" data-id=\"4f409172\" data-element_type=\"widget\" data-e-type=\"widget\" data-widget_type=\"listeo-listings-carousel.default\">\n\t\t\t\t<div class=\"elementor-widget-container\">\n\t\t\t\t\t        <!-- Carousel \/ Start -->\n        \t<div class=\"simple-slick-carousel dots-nav\" data-slick='{&quot;autoplay&quot;:true,&quot;autoplaySpeed&quot;:3000,&quot;slidesToShow&quot;:3,&quot;slidesToScroll&quot;:1,&quot;responsive&quot;:[{&quot;breakpoint&quot;:1024,&quot;settings&quot;:{&quot;slidesToShow&quot;:2,&quot;slidesToScroll&quot;:1}},{&quot;breakpoint&quot;:768,&quot;settings&quot;:{&quot;slidesToShow&quot;:1,&quot;slidesToScroll&quot;:1}}]}'>\n                            <div class=\"fw-carousel-item\">                    \n                        <!-- Listing Item -->\r\n            <div class=\"col-lg-6 col-md-12\">\r\n                <a href=\"https:\/\/cparici.com\/de\/annonce\/le-36-maison-dhotes-piscinespa\/\" class=\"listing-item-container listing-geo-data compact\" data-title=\"Le 36 Maison d\u2019h\u00f4tes Piscine&Spa\" data-listing-type=\"rental\" data-classifieds-price=\"\u20ac\" data-friendly-address=\"36 Avenue des Vieux Moulins\" data-address=\"36 Avenue des Vieux Moulins\" data-image=\"https:\/\/cparici.com\/wp-content\/uploads\/2025\/12\/8f082204-485e-45a4-b2cf-359a6ea269b0_CkNIFlfL-2-520x397.jpg\" data-longitude=\"-1.3331261\" data-latitude=\"46.1859313\" data-rating=\"5\" data-reviews=\"190\" data-icon=\"<svg xmlns=&quot;http:\/\/www.w3.org\/2000\/svg&quot; width=&quot;800px&quot; height=&quot;800px&quot; viewBox=&quot;0 0 45 45&quot; fill=&quot;none&quot;>\n<path d=&quot;M24.155 8.78099L24.33 8.94499L37.402 21.787L36 23.213L34.2 21.445L34.201 35C34.201 36.054 33.385 36.918 32.35 36.994L32.201 37H12.201C11.147 37 10.283 36.184 10.206 35.149L10.201 35L10.2 21.446L8.402 23.213L7 21.787L20.058 8.95799C21.171 7.82199 22.966 7.75899 24.155 8.78099ZM21.569 10.285L21.473 10.372L12.2 19.481L12.201 35L17.2 34.999L17.201 25C17.201 23.946 18.017 23.082 19.052 23.005L19.201 23H25.201C26.255 23 27.119 23.816 27.196 24.851L27.201 25L27.2 34.999L32.201 35L32.2 19.48L22.901 10.344C22.537 9.98699 21.969 9.96499 21.569 10.285ZM25.201 25H19.201L19.2 34.999H25.2L25.201 25Z&quot; fill=&quot;#3C3C3C&quot;\/>\n<\/svg>\">\r\n            <div class=\"listing-item  \">\r\n                <div class=\"listing-small-badges-container\">\r\n                                                                <div class=\"listing-small-badge pricing-badge\"><i class=\"fa fa-tag\"><\/i>150,00\u20ac - 310,00\u20ac<\/div>\r\n                                                            \r\n                                        \r\n                                        \r\n                <\/div>\r\n                <img decoding=\"async\" src=\"https:\/\/cparici.com\/wp-content\/uploads\/2025\/12\/8f082204-485e-45a4-b2cf-359a6ea269b0_CkNIFlfL-2-520x397.jpg\" alt=\"Le 36 Maison d\u2019h\u00f4tes Piscine&Spa\" class=\"listing-thumbnail\">\r\n                \r\n\r\n                <div class=\"listing-item-content\">\r\n                                                <div class=\"numerical-rating\" data-rating=\"5.0\"><\/div>\r\n                    \r\n                    <h3> Le 36 Maison d\u2019h\u00f4tes Piscine&Spa <\/h3>\r\n                    <span>36 Avenue des Vieux Moulins<\/span>\r\n                <\/div>\r\n                                        <span class=\"save like-icon tooltip left\" title=\"Login To Bookmark Items\"><\/span>\r\n                                                <\/div>\r\n        <\/a>\r\n                    <\/div>\r\n        \r\n\r\n        <!-- Listing Item \/ End -->\n                    <\/div>\n                          <\/div>\n        \t\t\t\t<\/div>\n\t\t\t\t<\/div>\n\t\t\t\t\t<\/div>\n\t\t\t\t<\/aside>\n\t\t<div class=\"elementor-element elementor-element-82c9a64 e-flex e-con-boxed e-con e-parent\" data-id=\"82c9a64\" data-element_type=\"container\" data-e-type=\"container\">\n\t\t\t\t\t<div class=\"e-con-inner\">\n\t\t\t\t<div class=\"elementor-element elementor-element-ccf8516 elementor-widget elementor-widget-text-editor\" data-id=\"ccf8516\" data-element_type=\"widget\" data-e-type=\"widget\" data-widget_type=\"text-editor.default\">\n\t\t\t\t\t\t\t\t\t<h2>D\u00e9couvrir les joyaux historiques et culturels de l\u2019ile de R\u00e9<\/h2><p>L\u2019\u00eele de R\u00e9 est un \u00e9crin de nature qui abrite un riche h\u00e9ritage historique et culturel. En parcourant l\u2019\u00eele, vous pourrez d\u00e9couvrir des monuments et mus\u00e9es qui racontent l\u2019histoire et le patrimoine exceptionnels de ce lieu.<\/p><p>Explorez ces incontournables durant votre visite :<\/p><h3>Les fortifications de Vauban \u00e0 Saint-Martin-de-R\u00e9<\/h3><p>Capitale historique, Saint-Martin-de-R\u00e9 est renomm\u00e9e pour ses imposantes fortifications \u00e9rig\u00e9es par Vauban au XVIIe si\u00e8cle, du temps de Louis XIV, dans le but de d\u00e9fendre la ville et son port des invasions anglaises. Ces fortifications font la fiert\u00e9 de l\u2019\u00eele, class\u00e9es au patrimoine mondial de l\u2019UNESCO depuis 2008.<\/p><p>Admirez les remparts, bastions, portes monumentales, le foss\u00e9 et le glacis qui ceinturent la ville. Ne manquez pas la citadelle, qui sert aujourd\u2019hui de prison, et le clocher observatoire de l\u2019\u00e9glise, offrant une vue panoramique \u00e0 couper le souffle sur la ville et au-del\u00e0.<\/p><h3>Le Phare des Baleines : un g\u00e9ant face \u00e0 l\u2019oc\u00e9an<\/h3><p>Situ\u00e9 \u00e0 la pointe ouest de l\u2019\u00eele, dans <a href=\"https:\/\/cparici.com\/fr\/saint-clement-des-baleines\/\">la commune<\/a> de Saint-Cl\u00e9ment-des-Baleines, <a href=\"https:\/\/cparici.com\/fr\/le-phare-des-baleines\/\">le Phare des Baleines<\/a> tire son nom des nombreuses baleines qui s\u2019\u00e9chouaient jadis \u00e0 cet endroit. Il vient succ\u00e9der \u00e0 l\u2019ancien phare construit par Vauban en 1682, situ\u00e9 \u00e0 quelques m\u00e8tres.<\/p><figure id=\"attachment_11760\" aria-describedby=\"caption-attachment-11760\" style=\"width: 533px\" class=\"wp-caption aligncenter\"><a href=\"https:\/\/cparici.com\/wp-content\/uploads\/2020\/11\/phare-des-baleines-4-loclilala.jpg\"><img decoding=\"async\" class=\"wp-image-11760 size-full\" title=\"visiter l'\u00eele de r\u00e9 - le Phare des Baleines\" src=\"https:\/\/cparici.com\/wp-content\/uploads\/2020\/11\/phare-des-baleines-4-loclilala.jpg\" alt=\"visiter l'\u00eele de r\u00e9 - le Phare des Baleines\" width=\"533\" height=\"800\" srcset=\"https:\/\/cparici.com\/wp-content\/uploads\/2020\/11\/phare-des-baleines-4-loclilala.jpg 533w, https:\/\/cparici.com\/wp-content\/uploads\/2020\/11\/phare-des-baleines-4-loclilala-768x1152.jpg 768w, https:\/\/cparici.com\/wp-content\/uploads\/2020\/11\/phare-des-baleines-4-loclilala-600x900.jpg 600w\" sizes=\"(max-width: 533px) 100vw, 533px\" \/><\/a><figcaption id=\"caption-attachment-11760\" class=\"wp-caption-text\">Visiter l\u2019\u00eele de r\u00e9 \u2013 le Phare des Baleines<\/figcaption><\/figure><p>\u00c9rig\u00e9 entre 1849 et 1854, ce phare est parmi les plus hauts de France. Avec ses 57 m\u00e8tres de hauteur et ses 257 marches, il offre une vue impressionnante sur l\u2019\u00eele de R\u00e9 et l\u2019oc\u00e9an, compl\u00e9t\u00e9e par un mus\u00e9e d\u00e9di\u00e9 \u00e0 l\u2019histoire des phares et de la navigation. Il fait sans aucun daoute partie <a href=\"https:\/\/cparici.com\/fr\/les-plus-beaux-phares-de-charente-maritime\/\">des plus beaux phares de charente maritime.<\/a><\/p><h3>La charmante Abbaye des Ch\u00e2teliers<\/h3><p>Cette ancienne abbaye cistercienne, fond\u00e9e en 1156 par les moines de Pontigny, se situe \u00e0 La Flotte-en-R\u00e9, dans la partie orientale de l\u2019\u00eele. Elle a \u00e9t\u00e9 le berceau de la production de vin et de sel de l\u2019\u00eele, malgr\u00e9 les destructions dues aux guerres de religion et aux invasions anglaises.<\/p><p>Aujourd\u2019hui, il ne reste que des ruines majestueuses, class\u00e9es monument historique en 1990. La visite des vestiges, incluant l\u2019abbatiale, le clo\u00eetre, le r\u00e9fectoire et les cellules monastiques, est incontournable.<\/p><h3>Le clocher observatoire d\u2019Ars-en-R\u00e9<\/h3><p><a href=\"https:\/\/cparici.com\/fr\/ars-en-re-guide\/\">Ars-en-R\u00e9<\/a>, avec son clocher embl\u00e9matique blanc surmont\u00e9 d\u2019une fl\u00e8che noire, se distingue dans le paysage de l\u2019\u00eele. Appartenant \u00e0 l\u2019\u00e9glise Saint-\u00c9tienne du XVe si\u00e8cle, class\u00e9e monument historique, ce clocher sert de rep\u00e8re aux marins.<\/p><p>Apr\u00e8s avoir gravi ses 117 marches, vous serez r\u00e9compens\u00e9s par une vue exceptionnelle sur le village, le port, les marais salants et bien s\u00fbr, l\u2019\u00eele de R\u00e9.<\/p><h3>Le Mus\u00e9e Ernest Cognacq : plong\u00e9e dans l\u2019histoire r\u00e9taise<\/h3><p>Situ\u00e9 \u00e0 Saint-Martin-de-R\u00e9, <a href=\"https:\/\/www.musee-ernest-cognacq.fr\/\" target=\"_blank\" rel=\"noopener\">le Mus\u00e9e Ernest Cognacq<\/a>, \u00e9tabli dans l\u2019ancien h\u00f4tel de Clerjotte du XVe si\u00e8cle, offre une fen\u00eatre ouverte sur l\u2019art et l\u2019histoire. Il tire son nom d\u2019Ernest Cognacq, le fondateur de La Samaritaine, un grand magasin parisien, natif de l\u2019\u00eele de R\u00e9, qui a l\u00e9gu\u00e9 sa collection personnelle au mus\u00e9e. Cette institution culturelle retrace l\u2019\u00e9volution historique de l\u2019\u00eele de R\u00e9, depuis ses premiers habitants jusqu\u2019\u00e0 l\u2019\u00e9poque contemporaine, au travers de ses collections permanentes. Elle met \u00e9galement en lumi\u00e8re les fortifications de Vauban, l\u2019histoire maritime, la c\u00e9ramique locale, et les arts plastiques \u00e0 travers ses diff\u00e9rentes salles th\u00e9matiques.<\/p><p>En plus de son exposition permanente, le mus\u00e9e enrichit r\u00e9guli\u00e8rement son offre avec des expositions temporaires vari\u00e9es et des \u00e9v\u00e9nements culturels, invitant \u00e0 la d\u00e9couverte et \u00e0 l\u2019apprentissage.<\/p><h2>Au c\u0153ur de la nature r\u00e9taise : entre terre et mer<\/h2><p>D\u00e9couvrez l\u2019\u00eele de R\u00e9, un v\u00e9ritable joyau naturel offrant une mosa\u00efque de paysages aussi divers que pr\u00e9serv\u00e9s. Que votre passion soit la faune, la flore, l\u2019oc\u00e9an ou la terre ferme, cette \u00eele vous r\u00e9serve des merveilles in\u00e9gal\u00e9es. Explorez quelques sites incontournables\u00a0:<\/p><h3>La R\u00e9serve Naturelle Nationale de Lilleau des Niges : un espace de biodiversit\u00e9<\/h3><p>Situ\u00e9e au nord sur l\u2019\u00eele de R\u00e9, la R\u00e9serve Naturelle Nationale de Lilleau des Niges s\u2019\u00e9tale sur 341 hectares avec 121 hectares d\u00e9sign\u00e9s r\u00e9serve naturelle depuis 1980. Cet espace prot\u00e9g\u00e9 abrite des marais salants et des vasi\u00e8res, essentiels pour de nombreuses esp\u00e8ces d\u2019oiseaux, y compris des migrateurs.<\/p><p>Avec plus de 300 esp\u00e8ces d\u2019oiseaux recens\u00e9es, dont certaines menac\u00e9es comme l\u2019avocette \u00e9l\u00e9gante ou la gorgebleue \u00e0 miroir, la r\u00e9serve est un sanctuaire pour la faune. On y trouve \u00e9galement des mammif\u00e8res, reptiles, amphibiens, insectes, et des plantes typiques des milieux salins. Des visites guid\u00e9es sont propos\u00e9es pour d\u00e9couvrir la richesse de ce patrimoine naturel et culturel.<\/p><h3>Les marais salants : un paysage entre tradition et nature<\/h3><p>Essentiels au patrimoine de l\u2019\u00eele de R\u00e9, les marais salants attestent de l\u2019ancienne vocation salicole de l\u2019\u00eele. Une centaine de sauniers y perp\u00e9tue encore l\u2019art traditionnel de r\u00e9colte de sel marin, h\u00e9rit\u00e9 du Moyen-\u00c2ge.<\/p><figure id=\"attachment_11165\" aria-describedby=\"caption-attachment-11165\" style=\"width: 800px\" class=\"wp-caption aligncenter\"><a href=\"https:\/\/cparici.com\/wp-content\/uploads\/2020\/11\/ile-de-re-10.jpg\"><img decoding=\"async\" class=\"wp-image-11165 size-full\" title=\"Ile de R\u00e9 - Les marais salants\" src=\"https:\/\/cparici.com\/wp-content\/uploads\/2020\/11\/ile-de-re-10.jpg\" alt=\"Ile de R\u00e9 - Les marais salants\" width=\"800\" height=\"533\" srcset=\"https:\/\/cparici.com\/wp-content\/uploads\/2020\/11\/ile-de-re-10.jpg 800w, https:\/\/cparici.com\/wp-content\/uploads\/2020\/11\/ile-de-re-10-600x399.jpg 600w, https:\/\/cparici.com\/wp-content\/uploads\/2020\/11\/ile-de-re-10-768x511.jpg 768w, https:\/\/cparici.com\/wp-content\/uploads\/2020\/11\/ile-de-re-10-120x80.jpg 120w\" sizes=\"(max-width: 800px) 100vw, 800px\" \/><\/a><figcaption id=\"caption-attachment-11165\" class=\"wp-caption-text\">Ile de R\u00e9 \u2013 Les marais salants<\/figcaption><\/figure><p>Le paysage des marais se compose de trois ensembles : le vasais, les m\u00e9ti\u00e8res et le champ de marais, o\u00f9 l\u2019eau de mer s\u2019\u00e9vapore jusqu\u2019\u00e0 la cristallisation du sel. Ce spectacle naturel varie en couleur et aspect selon la saison et la lumi\u00e8re. La faune et la flore locales y sont tout aussi uniques. Une visite guid\u00e9e par un saunier vous offre un aper\u00e7u de ce m\u00e9tier ancestral et de ses produits.<\/p><h3>Les plages de l\u2019\u00eele : des \u00e9tendues sauvages \u00e0 la tranquillit\u00e9 des criques<\/h3><p>Avec plus de 60 km de plages, l\u2019\u00eele de R\u00e9 enchante baigneurs, surfeurs, p\u00eacheurs et promeneurs. Les plages varient entre grandes \u00e9tendues de sable fin et criques plus secr\u00e8tes. Les plages sud, telles que Gros Jonc et les Prises, promettent animation et loisirs, tandis que le nord offre des recoins plus sauvages et paisibles, comme la Conche des Baleines ou Trousse Chemise. Vous y trouverez des eaux cristallines et une nature pr\u00e9serv\u00e9e. La Charente Maritime regorge <a href=\"https:\/\/cparici.com\/fr\/plages-de-royan-cote-de-beaute\/\">de belles plages de sable fin, comme celles de Royan<\/a>.<\/p><h3>Une balade \u00e0 v\u00e9lo sur les pistes cyclables : \u00e0 la d\u00e9couverte de paysages vari\u00e9s<\/h3><p><strong>L\u2019\u00eele de R\u00e9 se pr\u00eate merveilleusement \u00e0 l\u2019exploration \u00e0 v\u00e9lo<\/strong>, avec ses 138 km de pistes cyclables traversant littoral, vignobles, et venelles. C\u2019est l\u2019occasion r\u00eav\u00e9e d\u2019admirer les divers visages de l\u2019\u00eele et de visiter ses villages pittoresques, leurs march\u00e9s, ports, \u00e9glises et mus\u00e9es. Quel que soit votre rythme, les pistes cyclables de l\u2019\u00eele de R\u00e9 vous convieront \u00e0 l\u2019aventure.<\/p><figure id=\"attachment_11171\" aria-describedby=\"caption-attachment-11171\" style=\"width: 800px\" class=\"wp-caption aligncenter\"><a href=\"https:\/\/cparici.com\/wp-content\/uploads\/2020\/11\/ile-de-re-2.jpg\"><img decoding=\"async\" class=\"wp-image-11171 size-full\" title=\"Une balade \u00e0 v\u00e9lo sur l'\u00eele de R\u00e9\" src=\"https:\/\/cparici.com\/wp-content\/uploads\/2020\/11\/ile-de-re-2.jpg\" alt=\"Une balade \u00e0 v\u00e9lo sur l'\u00eele de R\u00e9\" width=\"800\" height=\"533\" srcset=\"https:\/\/cparici.com\/wp-content\/uploads\/2020\/11\/ile-de-re-2.jpg 800w, https:\/\/cparici.com\/wp-content\/uploads\/2020\/11\/ile-de-re-2-600x399.jpg 600w, https:\/\/cparici.com\/wp-content\/uploads\/2020\/11\/ile-de-re-2-768x511.jpg 768w, https:\/\/cparici.com\/wp-content\/uploads\/2020\/11\/ile-de-re-2-120x80.jpg 120w\" sizes=\"(max-width: 800px) 100vw, 800px\" \/><\/a><figcaption id=\"caption-attachment-11171\" class=\"wp-caption-text\">Une balade \u00e0 v\u00e9lo sur l\u2019\u00eele de R\u00e9<\/figcaption><\/figure><h2>Immersion dans la vie locale : activit\u00e9s et traditions<\/h2><p>Explorez l\u2019\u00eele de R\u00e9 bien au-del\u00e0 de ses paysages naturels et zones de d\u00e9tente, en vous plongeant dans sa riche culture et son pr\u00e9cieux patrimoine. <strong>Vivre l\u2019\u00eele de R\u00e9 comme le font ses habitants, c\u2019est s\u2019ouvrir aux activit\u00e9s et traditions qui forgent son identit\u00e9 unique<\/strong>. D\u00e9couvrez des exp\u00e9riences authentiques pour une immersion r\u00e9elle :<\/p><h3>Visite des march\u00e9s locaux : un festival de saveurs<\/h3><p>Point de rencontre privil\u00e9gi\u00e9 pour amateurs de bonne ch\u00e8re et curieux, les march\u00e9s locaux de chaque village de l\u2019\u00eele offrent une multitude de produits frais et de qualit\u00e9 directement issus du terroir r\u00e9tais. Que vous soyez attir\u00e9 par les fruits et l\u00e9gumes de saison, les poissons et fruits de mer, les fromages, viandes, pains, g\u00e2teaux, confitures, vins, sel, \u00e9pices, fleurs\u2026 Il y a de quoi satisfaire tous les go\u00fbts et budgets.<\/p><p>C\u2019est \u00e9galement l\u2019occasion id\u00e9ale de rencontrer les producteurs locaux et de go\u00fbter aux sp\u00e9cialit\u00e9s de l\u2019\u00eele comme les hu\u00eetres de l\u2019\u00eele de R\u00e9, les pommes de terre de R\u00e9, le caramel au beurre sal\u00e9, le safran de R\u00e9, ou encore les renomm\u00e9es confitures du clocher.<\/p><h3>D\u00e9gustation chez les producteurs : sel, hu\u00eetres, et vins locaux<\/h3><p>Pour une exploration plus approfondie des tr\u00e9sors gastronomiques r\u00e9tais, visitez les exploitations locales. Les producteurs vous accueillent pour partager avec vous les secrets de leur m\u00e9tier et de leurs produits. D\u00e9couvrez la magie des marais salants et les subtiles \u00e9tapes de la r\u00e9colte du sel marin, depuis le gros sel jusqu\u2019\u00e0 la fleur de sel. Savourez le sel sous toutes ses formes, y compris ses d\u00e9riv\u00e9s comme les savons au lait d\u2019\u00e2nesse.<\/p><p>Les parcs \u00e0 hu\u00eetres offrent un moment privil\u00e9gi\u00e9 pour comprendre la passion des ostr\u00e9iculteurs pour la mer et ses d\u00e9lices, avec une d\u00e9gustation d\u2019hu\u00eetres accompagn\u00e9e d\u2019un vin blanc local. Visitez aussi les vignobles de l\u2019\u00eele pour une initiation aux c\u00e9pages et m\u00e9thodes de vinification qui caract\u00e9risent les vins de l\u2019\u00eele, incluant les blancs, ros\u00e9s, rouges et spiritueux tels que le pineau des Charentes ou le cognac.<\/p><h3>Les \u201c\u00e2nes en culotte\u201d : une tradition insolite et attendrissante<\/h3><p>Ador\u00e9s pour leur tradition originale remontant au 19\u00e8me si\u00e8cle, les \u201c\u00e2nes en culotte\u201d de l\u2019\u00eele de R\u00e9 repr\u00e9sentent un pan charmant de son histoire. Jadis v\u00eatus de culottes en toile pour se prot\u00e9ger des insectes dans les marais, ces \u00e2nes sont aujourd\u2019hui symboles de l\u2019\u00eele et proposent des balades aux enfants depuis le parc de la Barbette \u00e0 Saint-Martin de R\u00e9. Ne manquez pas non plus l\u2019\u00e9levage conservatoire du Baudet du Poitou, une race d\u2019\u00e2ne rare et ancienne, aux abords du village de <a href=\"https:\/\/cparici.com\/fr\/loix-joyau-de-lile-de-re\/\">Loix.<\/a><\/p><p>Si vous \u00eates fan des animaux, une escapade en famille \u00e0 <a href=\"https:\/\/cparici.com\/fr\/aquarium-de-la-rochelle\/\">La Rochelle pour visiter le fameux aquarium<\/a> serait une bonne id\u00e9e.<\/p><h3>Atelier Quillet : t\u00e9moignage du savoir-faire r\u00e9tais<\/h3><p>L\u2019Atelier Quillet \u00e0 Loix incarne le patrimoine culturel et le savoir-faire ancestral de l\u2019\u00eele de R\u00e9, sp\u00e9cialis\u00e9 dans la conservation, restauration, et reliure de documents anciens. Reconnu \u201cEntreprise du Patrimoine Vivant\u201d, l\u2019atelier collabore avec de prestigieuses institutions comme la Biblioth\u00e8que Nationale de France, le S\u00e9nat, ou le Mus\u00e9e du Louvre. Visites guid\u00e9es de l\u2019atelier disponibles pour admirer les techniques de restauration, reliure, dorure ou marbrure utilis\u00e9es, observer les machines et outils de conservation, et d\u00e9couvrir les \u0153uvres d\u2019art restaur\u00e9es. L\u2019Atelier Quillet poss\u00e8de aussi une librairie o\u00f9 sont disponibles livres anciens, affiches, cartes, et gravures.<\/p><h3>Exp\u00e9riences saisonni\u00e8res : de la cueillette de sel \u00e0 la navigation<\/h3><p>L\u2019\u00eele de R\u00e9 est un lieu privil\u00e9gi\u00e9 pour s\u2019adonner \u00e0 des activit\u00e9s saisonni\u00e8res uniques, offrant un v\u00e9ritable plongeon dans le quotidien des habitants et la mise en valeur des tr\u00e9sors locaux. Participez \u00e0 la traditionnelle cueillette de sel en rejoignant un saunier au c\u0153ur des marais salants : une occasion d\u2019apprendre les techniques et les mouvements n\u00e9cessaires \u00e0 la r\u00e9colte de ce pr\u00e9cieux condiment marin.<\/p><p>La navigation vous tend \u00e9galement les bras : embarquez sur une embarcation embl\u00e9matique de la r\u00e9gion, telle qu\u2019une chaloupe sardini\u00e8re ou un voilier traditionnel, pour explorer les magnifiques paysages de l\u2019\u00eele vue de la mer.<\/p><p>C\u2019est aussi l\u2019opportunit\u00e9 de s\u2019initier \u00e0 la p\u00eache \u00e0 pied guid\u00e9 par un expert, \u00e0 la recherche de coquillages, crustac\u00e9s ou algues le long de l\u2019estran. Enfin, laissez-vous s\u00e9duire par une escapade \u00e0 v\u00e9lo, parcourant les nombreuses voies cyclables qui traversent l\u2019\u00eele, vous offrant des vues vari\u00e9es sur les c\u00f4tes, vignobles, ruelles \u00e9troites et marais salants.<\/p><p>Enfin, l\u2019\u00eele de R\u00e9 est un bon point de d\u00e9part pour <a href=\"https:\/\/cparici.com\/fr\/tours-de-la-rochelle\/\">visiter La Rochelle et ses fameuses tours.<\/a><\/p><figure id=\"attachment_11036\" aria-describedby=\"caption-attachment-11036\" style=\"width: 533px\" class=\"wp-caption aligncenter\"><a href=\"https:\/\/cparici.com\/wp-content\/uploads\/2020\/11\/tours-La-Rochelle-2.jpg\"><img decoding=\"async\" class=\"wp-image-11036 size-full\" src=\"https:\/\/cparici.com\/wp-content\/uploads\/2020\/11\/tours-La-Rochelle-2.jpg\" alt=\"Que faire a la rochelle photo du vieux port\" width=\"533\" height=\"800\" srcset=\"https:\/\/cparici.com\/wp-content\/uploads\/2020\/11\/tours-La-Rochelle-2.jpg 533w, https:\/\/cparici.com\/wp-content\/uploads\/2020\/11\/tours-La-Rochelle-2-768x1152.jpg 768w, https:\/\/cparici.com\/wp-content\/uploads\/2020\/11\/tours-La-Rochelle-2-600x900.jpg 600w\" sizes=\"(max-width: 533px) 100vw, 533px\" \/><\/a><figcaption id=\"caption-attachment-11036\" class=\"wp-caption-text\">Que faire a la rochelle \u2013 photo du vieux port<\/figcaption><\/figure><p>Elles sont situ\u00e9es <a href=\"https:\/\/cparici.com\/fr\/vieux-port-de-la-rochelle\/\">sur le vieux port<\/a>, \u00e0 proximit\u00e9 de la ville en bois ce qui en fait une bonne destination pour une escapade \u00e0 partir de l\u2019\u00eele de R\u00e9.<\/p><h2>Conclusion<\/h2><p><strong>L\u2019\u00eele de R\u00e9 se r\u00e9v\u00e8le comme une destination de vacances idyllique en France<\/strong>, offrant un environnement naturel exceptionnellement conserv\u00e9. C\u2019est un lieu o\u00f9 les plaisirs simples de la vie sont \u00e0 l\u2019honneur : vous pouvez y appr\u00e9cier le bleu de la mer, la chaleur du soleil, la caresse du vent et la diversit\u00e9 des paysages. L\u2019\u00eele vous convie \u00e9galement \u00e0 plonger dans son pass\u00e9, \u00e0 vous enrichir de sa culture, de son patrimoine et de ses traditions, qui ensemble, tissent le tissu de son charme unique et de son authenticit\u00e9 ind\u00e9niable.<\/p><p>Peu importe vos aspirations \u2013 d\u00e9tente, d\u00e9couverte, activit\u00e9s sportives ou plaisirs gastronomiques \u2013 l\u2019\u00eele de R\u00e9 saura satisfaire toutes vos envies avec sa richesse et sa diversit\u00e9. N\u2019h\u00e9sitez donc plus, et <a href=\"https:\/\/loclilala-vacances.com\" target=\"_blank\" rel=\"noopener\">planifiez sans tarder vos vacances sur l\u2019\u00eele de R\u00e9 !<\/a> C\u2019est une d\u00e9cision que vous ne regretterez certainement pas.<\/p><h2>FAQ<\/h2><h3>Quelle est la plus belle partie de l\u2019\u00eele de R\u00e9 ?<\/h3><p>La beaut\u00e9 de l\u2019\u00eele de R\u00e9 est une affaire de go\u00fbt personnel, mais g\u00e9n\u00e9ralement, ses plages de sable fin et ses marais salants captivent le plus les visiteurs. Les plages sont id\u00e9ales pour la baignade, les activit\u00e9s nautiques et les promenades. Quant aux marais salants, ils offrent un spectacle naturel unique, gr\u00e2ce \u00e0 leur riche biodiversit\u00e9. Le village des Portes-en-R\u00e9 est souvent \u00e9voqu\u00e9 comme le plus charmant et le plus attractif de l\u2019\u00eele.<\/p><h3>Comment visiter l\u2019\u00eele de R\u00e9 ?<\/h3><p>Il existe plusieurs fa\u00e7ons d\u2019explorer l\u2019ile de R\u00e9 : \u2013 Parcourir l\u2019\u00eele \u00e0 v\u00e9lo le long des nombreuses pistes cyclables offre une exp\u00e9rience immersive dans la diversit\u00e9 des paysages. \u2013 D\u00e9couvrir les villages pittoresques, les plages, les marais salants, le phare des Baleines, le fort de la Pr\u00e9e, l\u2019abbaye des Ch\u00e2teliers, parmi d\u2019autres merveilles culturelles et naturelles.<\/p><h3>Quel est le plus joli village de l\u2019ile de R\u00e9 ?<\/h3><p>Choisir le plus joli village sur l\u2019\u00eele de R\u00e9 est une question de pr\u00e9f\u00e9rence personnelle. Toutefois, Ars-en-R\u00e9 ressort fr\u00e9quemment comme un favori, r\u00e9put\u00e9 pour \u00eatre l\u2019un des plus beaux villages de l\u2019\u00eele et m\u00eame de France. Ce village charmant, avec son port, son \u00e9glise au clocher embl\u00e9matique noir et blanc, ses maisons traditionnelles blanches aux volets verts, ainsi que ses marais salants et sa r\u00e9serve naturelle, a beaucoup \u00e0 offrir.<\/p><h3>O\u00f9 se balader sur l\u2019ile de R\u00e9 ?<\/h3><p>Les options de balades sur l\u2019\u00eele de R\u00e9 sont vari\u00e9es et d\u00e9pendent de vos int\u00e9r\u00eats : \u2013 Pour les amoureux de la nature, la r\u00e9serve naturelle nationale de Lilleau des Niges est incontournable. Ce site prot\u00e9g\u00e9 h\u00e9berge une faune et une flore exceptionnelles. Le phare des Baleines, quant \u00e0 lui, offre une vue impressionnante sur l\u2019oc\u00e9an et les marais. \u2013 Si vous \u00eates passionn\u00e9s par le patrimoine et la culture, le clocher observatoire de l\u2019\u00e9glise Saint-Martin \u00e0 Saint-Martin-de-R\u00e9 est un must-see pour son histoire fascinante. Les fortifications et le parc des \u201c\u00e2nes en culotte\u201d \u00e0 Saint-Martin-de-R\u00e9, \u0153uvre de Vauban et inscrits au patrimoine mondial de l\u2019UNESCO, sont \u00e9galement des sites d\u2019int\u00e9r\u00eat majeurs.<\/p>\t\t\t\t\t\t\t\t<\/div>\n\t\t\t\t\t<\/div>\n\t\t\t\t<\/div>\n\t\t<nav class=\"elementor-element elementor-element-da8429d e-flex e-con-boxed e-con e-parent\" data-id=\"da8429d\" data-element_type=\"container\" data-e-type=\"container\">\n\t\t\t\t\t<div class=\"e-con-inner\">\n\t\t\t\t<div class=\"elementor-element elementor-element-6997cf8 elementor-widget elementor-widget-listeo-posts-grid\" data-id=\"6997cf8\" data-element_type=\"widget\" data-e-type=\"widget\" data-widget_type=\"listeo-posts-grid.default\">\n\t\t\t\t<div class=\"elementor-widget-container\">\n\t\t\t\t\t\t\t\n\t\t<div class=\"listeo-post-grid-wrapper\">\n\t\t\t<div class=\"row\">\n\n\t\t\t\n\n\t\t\t\t\t\t\t<div class=\"col-md-4\">\n                <a href=\"https:\/\/cparici.com\/de\/les-francofolies-le-festival-de-la-francophonie\/\" class=\"blog-compact-item-container\">\n                    <div class=\"blog-compact-item\">\n                        <img decoding=\"async\" width=\"577\" height=\"204\" src=\"https:\/\/cparici.com\/wp-content\/uploads\/2025\/07\/cparici-53-577x204.jpg\" class=\"attachment-listeo-blog-related-post size-listeo-blog-related-post wp-post-image\" alt=\"Francofolies\" srcset=\"https:\/\/cparici.com\/wp-content\/uploads\/2025\/07\/cparici-53-577x204.jpg 577w, https:\/\/cparici.com\/wp-content\/uploads\/2025\/07\/cparici-53-300x106.jpg 300w, https:\/\/cparici.com\/wp-content\/uploads\/2025\/07\/cparici-53-1024x362.jpg 1024w, https:\/\/cparici.com\/wp-content\/uploads\/2025\/07\/cparici-53-768x271.jpg 768w, https:\/\/cparici.com\/wp-content\/uploads\/2025\/07\/cparici-53-18x6.jpg 18w, https:\/\/cparici.com\/wp-content\/uploads\/2025\/07\/cparici-53-590x208.jpg 590w, https:\/\/cparici.com\/wp-content\/uploads\/2025\/07\/cparici-53-1200x424.jpg 1200w, https:\/\/cparici.com\/wp-content\/uploads\/2025\/07\/cparici-53-600x212.jpg 600w, https:\/\/cparici.com\/wp-content\/uploads\/2025\/07\/cparici-53.jpg 1500w\" sizes=\"(max-width: 577px) 100vw, 577px\" \/><span class=\"blog-item-tag\">Charente maritime<\/span>                        \n                        <div class=\"blog-compact-item-content\">\n                                                        <h3>Les Francofolies \u2013 le festival de la francophonie<\/h3>\n                                                        <p>Recherches populaires Categories Pas de r\u00e9sultats Voir tous les r\u00e9sultats Les Francofolies \u2013 le festival...                            <\/p>\n                                                    <\/div>\n                    <\/div>\n                <\/a>\n            <\/div>\n\t\t\t<div class=\"col-md-4\">\n                <a href=\"https:\/\/cparici.com\/de\/piscine-la-rochelle\/\" class=\"blog-compact-item-container\">\n                    <div class=\"blog-compact-item\">\n                        <img decoding=\"async\" width=\"577\" height=\"172\" src=\"https:\/\/cparici.com\/wp-content\/uploads\/2024\/05\/piscine-la-rochelle.jpg\" class=\"attachment-listeo-blog-related-post size-listeo-blog-related-post wp-post-image\" alt=\"Piscine La Rochelle\" srcset=\"https:\/\/cparici.com\/wp-content\/uploads\/2024\/05\/piscine-la-rochelle.jpg 1500w, https:\/\/cparici.com\/wp-content\/uploads\/2024\/05\/piscine-la-rochelle-600x179.jpg 600w, https:\/\/cparici.com\/wp-content\/uploads\/2024\/05\/piscine-la-rochelle-300x90.jpg 300w, https:\/\/cparici.com\/wp-content\/uploads\/2024\/05\/piscine-la-rochelle-1024x306.jpg 1024w, https:\/\/cparici.com\/wp-content\/uploads\/2024\/05\/piscine-la-rochelle-768x229.jpg 768w\" sizes=\"(max-width: 577px) 100vw, 577px\" \/><span class=\"blog-item-tag\">Charente maritime<\/span>                        \n                        <div class=\"blog-compact-item-content\">\n                                                        <h3>Piscine La Rochelle<\/h3>\n                                                        <p>D\u00e9couvrez les meilleures piscines de La Rochelle en Charente-Maritime, avec des informations pratiques, tarifs et...                            <\/p>\n                                                    <\/div>\n                    <\/div>\n                <\/a>\n            <\/div>\n\t\t\t<div class=\"col-md-4\">\n                <a href=\"https:\/\/cparici.com\/de\/loix-joyau-de-lile-de-re\/\" class=\"blog-compact-item-container\">\n                    <div class=\"blog-compact-item\">\n                        <img decoding=\"async\" width=\"577\" height=\"220\" src=\"https:\/\/cparici.com\/wp-content\/uploads\/2024\/05\/loix-vue.jpg\" class=\"attachment-listeo-blog-related-post size-listeo-blog-related-post wp-post-image\" alt=\"loix vue\" srcset=\"https:\/\/cparici.com\/wp-content\/uploads\/2024\/05\/loix-vue.jpg 1500w, https:\/\/cparici.com\/wp-content\/uploads\/2024\/05\/loix-vue-600x229.jpg 600w, https:\/\/cparici.com\/wp-content\/uploads\/2024\/05\/loix-vue-300x115.jpg 300w, https:\/\/cparici.com\/wp-content\/uploads\/2024\/05\/loix-vue-1024x391.jpg 1024w, https:\/\/cparici.com\/wp-content\/uploads\/2024\/05\/loix-vue-768x293.jpg 768w\" sizes=\"(max-width: 577px) 100vw, 577px\" \/><span class=\"blog-item-tag\">Charente maritime<\/span>                        \n                        <div class=\"blog-compact-item-content\">\n                                                        <h3>Loix, joyau de l\u2019Ile de R\u00e9 : guide touristique essentiel<\/h3>\n                                                        <p>Loix, une destination de r\u00eave sur l'Ile de R\u00e9. Ce guide touristique vous invite \u00e0...                            <\/p>\n                                                    <\/div>\n                    <\/div>\n                <\/a>\n            <\/div>\n  <\/div>\n        <\/div>\n        \t\t\t\t<\/div>\n\t\t\t\t<\/div>\n\t\t\t\t\t<\/div>\n\t\t\t\t<\/nav>\n\t\t\t\t<\/div>\n\t\t","protected":false},"excerpt":{"rendered":"<p>L&#8217;\u00eele de R\u00e9 est une destination de r\u00eave pour les vacanciers. Dans cet article, nous vous montrons comment visiter l&#8217;\u00eele de R\u00e9 et profiter de ses richesses culturelles et naturelles.<\/p>","protected":false},"author":1,"featured_media":11146,"comment_status":"open","ping_status":"open","sticky":false,"template":"","format":"standard","meta":{"ngg_post_thumbnail":0,"footnotes":""},"categories":[472,461,477,480],"tags":[594,217,473],"class_list":["post-16844","post","type-post","status-publish","format-standard","has-post-thumbnail","hentry","category-ile-de-re","category-charente-maritime","category-france","category-poitou-charentes","tag-iles","tag-la-rochelle","tag-marais-salants"],"_links":{"self":[{"href":"https:\/\/cparici.com\/de\/wp-json\/wp\/v2\/posts\/16844","targetHints":{"allow":["GET"]}}],"collection":[{"href":"https:\/\/cparici.com\/de\/wp-json\/wp\/v2\/posts"}],"about":[{"href":"https:\/\/cparici.com\/de\/wp-json\/wp\/v2\/types\/post"}],"author":[{"embeddable":true,"href":"https:\/\/cparici.com\/de\/wp-json\/wp\/v2\/users\/1"}],"replies":[{"embeddable":true,"href":"https:\/\/cparici.com\/de\/wp-json\/wp\/v2\/comments?post=16844"}],"version-history":[{"count":0,"href":"https:\/\/cparici.com\/de\/wp-json\/wp\/v2\/posts\/16844\/revisions"}],"wp:featuredmedia":[{"embeddable":true,"href":"https:\/\/cparici.com\/de\/wp-json\/wp\/v2\/media\/11146"}],"wp:attachment":[{"href":"https:\/\/cparici.com\/de\/wp-json\/wp\/v2\/media?parent=16844"}],"wp:term":[{"taxonomy":"category","embeddable":true,"href":"https:\/\/cparici.com\/de\/wp-json\/wp\/v2\/categories?post=16844"},{"taxonomy":"post_tag","embeddable":true,"href":"https:\/\/cparici.com\/de\/wp-json\/wp\/v2\/tags?post=16844"}],"curies":[{"name":"wp","href":"https:\/\/api.w.org\/{rel}","templated":true}]}}