{"id":16907,"date":"2024-04-22T08:49:56","date_gmt":"2024-04-22T06:49:56","guid":{"rendered":"https:\/\/cparici.com\/?p=16907"},"modified":"2026-03-26T14:16:46","modified_gmt":"2026-03-26T13:16:46","slug":"nevez","status":"publish","type":"post","link":"https:\/\/cparici.com\/de\/nevez\/","title":{"rendered":"Bretagne, Nevez - ein umfassender Leitfaden f\u00fcr einen gelungenen Urlaub"},"content":{"rendered":"\t\t<div data-elementor-type=\"wp-post\" data-elementor-id=\"16907\" class=\"elementor elementor-16907\" data-elementor-post-type=\"post\">\n\t\t\t\t<div class=\"elementor-element elementor-element-89dca81 e-con-full e-flex e-con e-parent\" data-id=\"89dca81\" data-element_type=\"container\" data-e-type=\"container\">\n\t\t\t\t<div class=\"elementor-element elementor-element-8455d4f elementor-widget elementor-widget-image\" data-id=\"8455d4f\" data-element_type=\"widget\" data-e-type=\"widget\" data-widget_type=\"image.default\">\n\t\t\t\t\t\t\t\t\t\t\t\t\t\t\t<img decoding=\"async\" width=\"1513\" height=\"530\" src=\"https:\/\/cparici.com\/wp-content\/uploads\/2024\/04\/nevez.jpg\" class=\"attachment-full size-full wp-image-50893\" alt=\"n\u00e9vez\" srcset=\"https:\/\/cparici.com\/wp-content\/uploads\/2024\/04\/nevez.jpg 1513w, https:\/\/cparici.com\/wp-content\/uploads\/2024\/04\/nevez-300x105.jpg 300w, https:\/\/cparici.com\/wp-content\/uploads\/2024\/04\/nevez-1024x359.jpg 1024w, https:\/\/cparici.com\/wp-content\/uploads\/2024\/04\/nevez-768x269.jpg 768w, https:\/\/cparici.com\/wp-content\/uploads\/2024\/04\/nevez-590x207.jpg 590w, https:\/\/cparici.com\/wp-content\/uploads\/2024\/04\/nevez-1200x420.jpg 1200w, https:\/\/cparici.com\/wp-content\/uploads\/2024\/04\/nevez-577x202.jpg 577w, https:\/\/cparici.com\/wp-content\/uploads\/2024\/04\/nevez-600x210.jpg 600w\" sizes=\"(max-width: 1513px) 100vw, 1513px\" \/>\t\t\t\t\t\t\t\t\t\t\t\t\t\t\t<\/div>\n\t\t\t\t<\/div>\n\t\t<aside class=\"elementor-element elementor-element-cca37c4 e-flex e-con-boxed e-con e-parent\" data-id=\"cca37c4\" data-element_type=\"container\" data-e-type=\"container\">\n\t\t\t\t\t<div class=\"e-con-inner\">\n\t\t\t\t<div class=\"elementor-element elementor-element-2e4b06a elementor-widget elementor-widget-global elementor-global-62046 elementor-widget-eael-advanced-search\" data-id=\"2e4b06a\" data-element_type=\"widget\" data-e-type=\"widget\" data-widget_type=\"eael-advanced-search.default\">\n\t\t\t\t\t        <div class=\"eael-adv-search-wrapper\">\n            <div id=\"eael-advanced-search-widget-2e4b06a\" class=\"eael-advanced-search-widget\">\n                <form data-settings=\"{&quot;post_per_page&quot;:5,&quot;search_among_taxonomies&quot;:&quot;&quot;,&quot;search_among_sku&quot;:&quot;no&quot;,&quot;show_popular_keyword&quot;:0,&quot;show_category&quot;:0,&quot;show_content_image&quot;:1,&quot;show_search_result_all_results&quot;:0,&quot;result_on_new_tab&quot;:&quot;no&quot;,&quot;show_product_price&quot;:&quot;no&quot;,&quot;include_current_page&quot;:&quot;no&quot;,&quot;current_post_id&quot;:16907,&quot;post_type&quot;:[&quot;post&quot;,&quot;listing&quot;]}\" method=\"POST\" name=\"eael-advanced-search-form-2e4b06a\" class=\"eael-advanced-search-form eael-advanced-search-form-style-2\">\n                    <div class=\"eael-advanced-search-wrap\">\n                        <span class=\"eael-adv-search-loader\"><\/span>\n                        <span class=\"eael-adv-search-close\"><i class=\"fas fa-times\"><\/i><\/span>\n                        <span class=\"icon \"><i class=\"fas fa-search\"><\/i><\/span>\n\n                        <input type=\"text\"\n                               placeholder=\"Votre destination\"\n                               class=\"eael-advanced-search\" autocomplete=\"off\" name=\"eael_advanced_search\">\n                    <\/div>\n\t\t\t\t\t                                    <\/form>\n\n\t\t\t\t\n\t\t\t\t        <div class=\"eael-advanced-search-result\">\n            <div class=\"eael-advanced-search-popular-keyword\">\n\t\t\t\t<h4 class=\"eael-advanced-search-popular-keyword-text\">Recherches populaires<\/h4>                <div class=\"eael-popular-keyword-content\"><\/div>\n            <\/div>\n            <div class=\"eael-advanced-search-category\">\n\t\t\t\t<h4 class=\"eael-advanced-search-category-text\">Categories<\/h4>                <div class=\"eael-popular-category-content\"><\/div>\n            <\/div>\n\t\t\t<div class=\"eael-advanced-search-total-results-section\">\n\t\t\t\t\t\t\t<\/div>\n            <div class=\"eael-advanced-search-content eael-item-style-3\">\n            <\/div>\n            <div class=\"eael-advanced-search-not-found\">\n                <p>Pas de r\u00e9sultats<\/p><\/div>\n            <div class=\"eael-advanced-search-load-more\">\n\t\t\t\t<a \tclass=\"eael-advanced-search-load-more-button\"\n                \thref=\"#\">Voir tous les r\u00e9sultats<\/a>\n            <\/div>\n        <\/div>\n\n\t\t            <\/div>\n        <\/div>\n\n\t\t\t\t\t\t<\/div>\n\t\t\t\t\t<\/div>\n\t\t\t\t<\/aside>\n\t\t<div class=\"elementor-element elementor-element-128b0813 e-flex e-con-boxed e-con e-parent\" data-id=\"128b0813\" data-element_type=\"container\" data-e-type=\"container\">\n\t\t\t\t\t<div class=\"e-con-inner\">\n\t\t\t\t<div class=\"elementor-element elementor-element-27641000 elementor-widget elementor-widget-text-editor\" data-id=\"27641000\" data-element_type=\"widget\" data-e-type=\"widget\" data-widget_type=\"text-editor.default\">\n\t\t\t\t\t\t\t\t\t<h1 style=\"text-align: center;\"><span style=\"font-size: 18pt;\">N\u00e9vez<\/span><\/h1><p>Envie de vacances m\u00e9morables au c\u0153ur de la <a href=\"https:\/\/cparici.com\/fr\/visiter-la-bretagne-guide-des-sites-et-villes-a-explorer\/\">Bretagne<\/a>, entour\u00e9 par la beaut\u00e9 de la nature et l&#8217;authenticit\u00e9 d&#8217;un lieu pr\u00e9serv\u00e9 ? Votre recherche s&#8217;arr\u00eate ici : Nevez en Bretagne est la destination de r\u00eave qu&#8217;il vous faut. Situ\u00e9e dans le <a href=\"https:\/\/cparici.com\/fr\/visiter-le-finistere-guide-ultime-des-lieux-a-decouvrir\/\">Finist\u00e8re<\/a> sud, cette commune pittoresque se trouve entre <a href=\"https:\/\/cparici.com\/fr\/pont-aven-guide-complet-pour-explorer-la-ville-et-ses-musees\/\">Pont-Aven<\/a> et <a href=\"https:\/\/cparici.com\/fr\/visiter-concarneau-guide-des-meilleurs-sites-et-activites\/\">Concarneau<\/a>, promettant une \u00e9chapp\u00e9e belle entre terre et mer. Cet article intitul\u00e9 <strong>&#8216;Bretagne nevez&#8217;<\/strong> va vous permettre de d\u00e9couvrir cette commune littorale.<\/p>\t\t\t\t\t\t\t\t<\/div>\n\t\t\t\t\t<\/div>\n\t\t\t\t<\/div>\n\t\t<aside class=\"elementor-element elementor-element-7178666 e-flex e-con-boxed e-con e-parent\" data-id=\"7178666\" data-element_type=\"container\" data-e-type=\"container\" data-settings=\"{&quot;background_background&quot;:&quot;classic&quot;}\">\n\t\t\t\t\t<div class=\"e-con-inner\">\n\t\t\t\t<div class=\"elementor-element elementor-element-1b3cf990 elementor-widget elementor-widget-spacer\" data-id=\"1b3cf990\" data-element_type=\"widget\" data-e-type=\"widget\" data-widget_type=\"spacer.default\">\n\t\t\t\t\t\t\t<div class=\"elementor-spacer\">\n\t\t\t<div class=\"elementor-spacer-inner\"><\/div>\n\t\t<\/div>\n\t\t\t\t\t\t<\/div>\n\t\t\t\t<div class=\"elementor-element elementor-element-593483cc elementor-widget elementor-widget-heading\" data-id=\"593483cc\" data-element_type=\"widget\" data-e-type=\"widget\" data-widget_type=\"heading.default\">\n\t\t\t\t\t<h2 class=\"elementor-heading-title elementor-size-default\">H\u00e9bergements de Vacances N\u00e9vez en direct<\/h2>\t\t\t\t<\/div>\n\t\t\t\t<div class=\"elementor-element elementor-element-8fdc4a4 elementor-widget elementor-widget-listeo-listings-carousel\" data-id=\"8fdc4a4\" data-element_type=\"widget\" data-e-type=\"widget\" data-widget_type=\"listeo-listings-carousel.default\">\n\t\t\t\t<div class=\"elementor-widget-container\">\n\t\t\t\t\t        <!-- Carousel \/ Start -->\n        \t<div class=\"simple-slick-carousel dots-nav\" data-slick='{&quot;autoplay&quot;:true,&quot;autoplaySpeed&quot;:3000,&quot;slidesToShow&quot;:3,&quot;slidesToScroll&quot;:1,&quot;responsive&quot;:[{&quot;breakpoint&quot;:1024,&quot;settings&quot;:{&quot;slidesToShow&quot;:2,&quot;slidesToScroll&quot;:1}},{&quot;breakpoint&quot;:768,&quot;settings&quot;:{&quot;slidesToShow&quot;:1,&quot;slidesToScroll&quot;:1}}]}'>\n                            <div class=\"fw-carousel-item\">                    \n                        <!-- Listing Item -->\r\n            <div class=\"col-lg-6 col-md-12\">\r\n                <a href=\"https:\/\/cparici.com\/de\/annonce\/le-rospico-appartement-vue-mer-nevez\/\" class=\"listing-item-container listing-geo-data compact\" data-title=\"Le Rospico, Appartement Vue Mer N\u00e9vez\" data-listing-type=\"rental\" data-classifieds-price=\"&euro;\" data-friendly-address=\"Plage de Rospico, N\u00e9vez\" data-address=\"Plage de Rospico, N\u00e9vez\" data-image=\"https:\/\/cparici.com\/wp-content\/uploads\/2026\/03\/anse-de-rospico-520x397.jpg\" data-longitude=\"-3.765314324812224\" data-latitude=\"47.79152794554884\" data-rating=\"0\" data-reviews=\"0\" data-icon=\"&lt;svg xmlns=&quot;http:\/\/www.w3.org\/2000\/svg&quot; width=&quot;800px&quot; height=&quot;800px&quot; viewBox=&quot;0 0 45 45&quot; fill=&quot;none&quot;&gt;\n&lt;path d=&quot;M24.155 8.78099L24.33 8.94499L37.402 21.787L36 23.213L34.2 21.445L34.201 35C34.201 36.054 33.385 36.918 32.35 36.994L32.201 37H12.201C11.147 37 10.283 36.184 10.206 35.149L10.201 35L10.2 21.446L8.402 23.213L7 21.787L20.058 8.95799C21.171 7.82199 22.966 7.75899 24.155 8.78099ZM21.569 10.285L21.473 10.372L12.2 19.481L12.201 35L17.2 34.999L17.201 25C17.201 23.946 18.017 23.082 19.052 23.005L19.201 23H25.201C26.255 23 27.119 23.816 27.196 24.851L27.201 25L27.2 34.999L32.201 35L32.2 19.48L22.901 10.344C22.537 9.98699 21.969 9.96499 21.569 10.285ZM25.201 25H19.201L19.2 34.999H25.2L25.201 25Z&quot; fill=&quot;#3C3C3C&quot;\/&gt;\n&lt;\/svg&gt;\">\r\n            <div class=\"listing-item  \">\r\n                <div class=\"listing-small-badges-container\">\r\n                                                                <div class=\"listing-small-badge pricing-badge\"><i class=\"fa fa-tag\"><\/i>160,00&euro; - 0,00&euro;<\/div>\r\n                                                            \r\n                                        \r\n                                        \r\n                <\/div>\r\n                <img decoding=\"async\" src=\"https:\/\/cparici.com\/wp-content\/uploads\/2026\/03\/anse-de-rospico-520x397.jpg\" alt=\"Le Rospico, Appartement Vue Mer N\u00e9vez\" class=\"listing-thumbnail\">\r\n                \r\n\r\n                <div class=\"listing-item-content\">\r\n                    \r\n                    <h3> Le Rospico, Appartement Vue Mer N\u00e9vez <\/h3>\r\n                    <span>Plage de Rospico, N\u00e9vez<\/span>\r\n                <\/div>\r\n                                        <span class=\"save like-icon tooltip left\" title=\"Login To Bookmark Items\"><\/span>\r\n                                                <\/div>\r\n        <\/a>\r\n                    <\/div>\r\n        \r\n\r\n        <!-- Listing Item \/ End -->\n                    <\/div>\n                          <\/div>\n        \t\t\t\t<\/div>\n\t\t\t\t<\/div>\n\t\t\t\t\t<\/div>\n\t\t\t\t<\/aside>\n\t\t<div class=\"elementor-element elementor-element-2217251 e-flex e-con-boxed e-con e-parent\" data-id=\"2217251\" data-element_type=\"container\" data-e-type=\"container\">\n\t\t\t\t\t<div class=\"e-con-inner\">\n\t\t\t\t<div class=\"elementor-element elementor-element-53390ca elementor-widget elementor-widget-text-editor\" data-id=\"53390ca\" data-element_type=\"widget\" data-e-type=\"widget\" data-widget_type=\"text-editor.default\">\n\t\t\t\t\t\t\t\t\t<p>\u00a0<\/p><figure id=\"attachment_14794\" aria-describedby=\"caption-attachment-14794\" style=\"width: 800px\" class=\"wp-caption aligncenter\"><a href=\"https:\/\/cparici.com\/wp-content\/uploads\/2022\/09\/plage-rospico-nevez-4-loclilala.jpg\"><img decoding=\"async\" class=\"wp-image-14794 size-full\" title=\"nevez - photographie de l'anse de Rospico\" src=\"https:\/\/cparici.com\/wp-content\/uploads\/2022\/09\/plage-rospico-nevez-4-loclilala.jpg\" alt=\"N\u00e9vez - photographie de l'anse de Rospico\" width=\"800\" height=\"481\" srcset=\"https:\/\/cparici.com\/wp-content\/uploads\/2022\/09\/plage-rospico-nevez-4-loclilala.jpg 800w, https:\/\/cparici.com\/wp-content\/uploads\/2022\/09\/plage-rospico-nevez-4-loclilala-600x361.jpg 600w, https:\/\/cparici.com\/wp-content\/uploads\/2022\/09\/plage-rospico-nevez-4-loclilala-768x461.jpg 768w\" sizes=\"(max-width: 800px) 100vw, 800px\" \/><\/a><figcaption id=\"caption-attachment-14794\" class=\"wp-caption-text\">N\u00e9vez &#8211; photographie de l&#8217;anse de Rospico<\/figcaption><\/figure><p>Le nom &#8220;Nevez&#8221; &#8211; signifiant &#8220;nouveau&#8221; en breton &#8211; est une invitation \u00e0 explorer ses tr\u00e9sors cach\u00e9s, un parfait \u00e9quilibre entre le charme de la campagne et l&#8217;\u00e9l\u00e9gance de la mer, tout en jonglant habilement entre traditions ancestrales et touches de modernit\u00e9. Que votre c\u0153ur balance pour des plages de r\u00eave, un riche patrimoine culturel et historique, ou des activit\u00e9s divertissantes pour petits et grands, Nevez saura assur\u00e9ment combler vos attentes. Nous vous proposons un guide d\u00e9taill\u00e9 des atouts incontournables de cette magnifique p\u00e9ninsule bretonne, pr\u00eate \u00e0 vous captiver par sa splendeur et son \u00e9clectisme.<\/p><p>Accompagnez-nous pour une escapade inoubliable \u00e0 Nevez !<\/p><h2><span style=\"font-size: 18pt;\">D\u00e9couvertes naturelles et plages de r\u00eave<\/span><\/h2><p>Nevez, v\u00e9ritable \u00e9den pour les passionn\u00e9s de nature et d&#8217;oc\u00e9an, vous invite \u00e0 explorer ses plages diverses et splendides.<\/p><p>D\u00e9couvrez les plages embl\u00e9matiques de Nevez :<\/p><h3>Les plages incontournables de Nevez<\/h3><ul><li><a href=\"https:\/\/cparici.com\/fr\/plage-de-tahiti-raguenez-a-nevez-en-finistere\/\">La plage de Tahiti<\/a> : bord\u00e9e de pins et dot\u00e9e de sable fin, cette plage \u00e9voque le charme des \u00eeles du Pacifique. Proche de l&#8217;\u00cele de Ragu\u00e9nez, appel\u00e9e l&#8217;\u00cele aux fleurs, accessible \u00e0 pied lors de la mar\u00e9e basse.<\/li><li><a href=\"https:\/\/cparici.com\/fr\/plage-de-port-manech-a-nevez-en-finistere\/\">La plage de Port Manec&#8217;h<\/a> : id\u00e9ale pour les familles, cette plage est orn\u00e9e de cabines de bain color\u00e9es. Elle offre une vue splendide sur l&#8217;embouchure de l&#8217;Aven et du B\u00e9lon, avec le phare de Port Manec&#8217;h en toile de fond et l&#8217;\u00cele Saint-Nicolas, qui h\u00e9berge une chapelle du XVe si\u00e8cle.<\/li><li><a href=\"https:\/\/cparici.com\/fr\/plage-de-rospico-a-nevez-finistere\/\">L&#8217;Anse de Rospico<\/a> : entour\u00e9e de falaises, c&#8217;est une anse sauvage au charme tranquille. Elle abrite une riche biodiversit\u00e9 et le rocher du Doigt de Dieu, une curiosit\u00e9 g\u00e9ologique \u00e0 ne pas manquer.<\/li><\/ul><figure id=\"attachment_14815\" aria-describedby=\"caption-attachment-14815\" style=\"width: 1520px\" class=\"wp-caption alignnone\"><a href=\"https:\/\/cparici.com\/wp-content\/uploads\/2022\/09\/plage-tahiti-raguenez-nevez-finistere-banniere.jpg\"><img decoding=\"async\" class=\"size-full wp-image-14815\" src=\"https:\/\/cparici.com\/wp-content\/uploads\/2022\/09\/plage-tahiti-raguenez-nevez-finistere-banniere.jpg\" alt=\"Plage de Tahiti - Ragu\u00e9nez \u00e0 N\u00e9vez en Finist\u00e8re\" width=\"1520\" height=\"448\" srcset=\"https:\/\/cparici.com\/wp-content\/uploads\/2022\/09\/plage-tahiti-raguenez-nevez-finistere-banniere.jpg 1520w, https:\/\/cparici.com\/wp-content\/uploads\/2022\/09\/plage-tahiti-raguenez-nevez-finistere-banniere-600x177.jpg 600w, https:\/\/cparici.com\/wp-content\/uploads\/2022\/09\/plage-tahiti-raguenez-nevez-finistere-banniere-768x226.jpg 768w\" sizes=\"(max-width: 1520px) 100vw, 1520px\" \/><\/a><figcaption id=\"caption-attachment-14815\" class=\"wp-caption-text\">Plage de Tahiti &#8211; Ragu\u00e9nez \u00e0 N\u00e9vez en Finist\u00e8re<\/figcaption><\/figure><h3>Des paysages naturels \u00e9poustouflants<\/h3><p>Nevez promet \u00e9galement des paysages naturels saisissants qui refl\u00e8tent la diversit\u00e9 et la richesse de la Bretagne. \u00c0 d\u00e9couvrir :<\/p><ul><li>Le village des chaumi\u00e8res de Kerasco\u00ebt : plongez dans une ambiance d&#8217;antan avec ce village typique de maisons \u00e0 toiture de chaume. Admirez les chaumi\u00e8res de Kercanic, datant du XVIIe si\u00e8cle, et celles de Kerasco\u00ebt, class\u00e9es Monuments Historiques.<\/li><li>Le Moulin \u00e0 mar\u00e9e du H\u00e9nan : exemple du patrimoine industriel de Nevez, ce moulin \u00e9tait actionn\u00e9 par la mar\u00e9e. Situ\u00e9 au bord de l&#8217;Aven, il repose dans un environnement verdoyant et tranquille.<\/li><li>Le Bois du H\u00e9nan : \u00e9tendu sur 23 hectares, ce bois offre une promenade ombrag\u00e9e et agr\u00e9able. Il abrite le site du ch\u00e2teau du H\u00e9nan, ancienne demeure des seigneurs de Nevez au Moyen \u00c2ge.<\/li><\/ul><h3>Randonn\u00e9es et balades en bord de mer<\/h3><p>Nevez est \u00e9galement un havre pour les randonneurs et ceux qui appr\u00e9cient les promenades le long de l&#8217;oc\u00e9an. Le sentier des douaniers, s&#8217;\u00e9tirant sur 12 km le long de la c\u00f4te, r\u00e9v\u00e8le des panoramas \u00e0 couper le souffle.<\/p><p>Explorez \u00e9galement de nombreux chemins de randonn\u00e9e autour de Nevez qui serpentent \u00e0 travers des paysages diversifi\u00e9s, m\u00ealant mer, dunes, \u00e9tangs, bois et campagnes.<\/p><h2>Patrimoine culturel et historique<\/h2><p>Nevez en Bretagne est bien plus qu&#8217;une simple escale naturelle. C&#8217;est un creuset d&#8217;histoire et de culture, offrant un voyage dans le temps \u00e0 travers ses riches t\u00e9moignages du pass\u00e9.<\/p><p>D\u00e9couvrez certains des tr\u00e9sors que Nevez a \u00e0 offrir :<\/p><h3>Le village de Kerasco\u00ebt et ses chaumi\u00e8res traditionnelles<\/h3><p><a href=\"https:\/\/cparici.com\/fr\/kerascoet-les-chaumieres-de-kerascoet-a-nevez-en-finistere\/\">Kerasco\u00ebt, un village charmant du XVIe si\u00e8cle<\/a>, se distingue par ses chaumi\u00e8res au toit de chaume ou d&#8217;ardoise. Ces demeures uniques sont b\u00e2ties avec des dalles de granit, connues sous le nom de pierres debout ou mein zao en breton.<\/p><figure id=\"attachment_14898\" aria-describedby=\"caption-attachment-14898\" style=\"width: 1520px\" class=\"wp-caption alignnone\"><a href=\"https:\/\/cparici.com\/wp-content\/uploads\/2022\/09\/chaumieres-villages-de-chaumieres-en-bretagne-banniere-1.jpg\"><img decoding=\"async\" class=\"size-full wp-image-14898\" src=\"https:\/\/cparici.com\/wp-content\/uploads\/2022\/09\/chaumieres-villages-de-chaumieres-en-bretagne-banniere-1.jpg\" alt=\"Kerasco\u00ebt - les chaumi\u00e8res de Kerascoet \u00e0 N\u00e9vez en Finist\u00e8re\" width=\"1520\" height=\"376\" srcset=\"https:\/\/cparici.com\/wp-content\/uploads\/2022\/09\/chaumieres-villages-de-chaumieres-en-bretagne-banniere-1.jpg 1520w, https:\/\/cparici.com\/wp-content\/uploads\/2022\/09\/chaumieres-villages-de-chaumieres-en-bretagne-banniere-1-600x148.jpg 600w, https:\/\/cparici.com\/wp-content\/uploads\/2022\/09\/chaumieres-villages-de-chaumieres-en-bretagne-banniere-1-768x189.jpg 768w\" sizes=\"(max-width: 1520px) 100vw, 1520px\" \/><\/a><figcaption id=\"caption-attachment-14898\" class=\"wp-caption-text\">Kerasco\u00ebt &#8211; les chaumi\u00e8res de Kerascoet \u00e0 N\u00e9vez en Finist\u00e8re<\/figcaption><\/figure><p>Ces pierres \u00e9taient collect\u00e9es \u00e0 mar\u00e9e basse dans la cove de Kerrochet pour construire murs, cl\u00f4tures, fours \u00e0 pain et puits. Kerasco\u00ebt, maintenant class\u00e9 aux Monuments Historiques, abrite les magnifiquement restaur\u00e9es chaumi\u00e8res de Kercanic et de Kerasco\u00ebt depuis les ann\u00e9es 1990.<\/p><h3>Le moulin \u00e0 mar\u00e9e du H\u00e9nan, un t\u00e9moignage du pass\u00e9<\/h3><p>Le moulin \u00e0 mar\u00e9e du H\u00e9nan illustre le riche patrimoine industriel de Nevez. \u00c9rig\u00e9 au XVe si\u00e8cle pr\u00e8s du pont surplombant l&#8217;\u00e9troit passage entre l&#8217;Aven et l&#8217;\u00e9tang du H\u00e9nan, ce moulin exploitait l&#8217;\u00e9nergie mar\u00e9motrice pour moudre bl\u00e9 et seigle jusqu&#8217;au d\u00e9but du XXe si\u00e8cle. Aujourd&#8217;hui encore, il se dresse fi\u00e8rement et peut \u00eatre explor\u00e9 pendant les journ\u00e9es du patrimoine.<\/p><h3>Les m\u00e9galithes de Nevez, un voyage dans le temps<\/h3><p>Les territoires de Nevez sont parsem\u00e9s de vestiges pr\u00e9historiques datant du N\u00e9olithique, t\u00e9moignant de la pr\u00e9sence humaine depuis des mill\u00e9naires. M\u00e9galithes, dolmens, menhirs, all\u00e9es couvertes et cairns se d\u00e9couvrent sur divers sites comme Kerbriant, Kerangosquer, Kervignon et Kergoustance. Ces monuments, entour\u00e9s de l\u00e9gendes et de croyances populaires, vous transportent dans l&#8217;univers mystique des anciens Bretons.<\/p><h2>Activit\u00e9s et loisirs pour toute la famille<\/h2><p>Nevez en Bretagne est une destination id\u00e9ale pour les familles, offrant un \u00e9ventail d&#8217;activit\u00e9s et de loisirs \u00e0 m\u00eame de satisfaire tous les \u00e2ges et tous les go\u00fbts. Entre les plaisirs de la mer, la d\u00e9couverte des produits locaux et de l&#8217;artisanat breton, sans oublier les festivals et \u00e9v\u00e9nements culturels r\u00e9gionaux, chacun y trouve son compte. Voici un aper\u00e7u des divertissements \u00e0 votre disposition \u00e0 Nevez :<\/p><h3>Les activit\u00e9s nautiques sur les c\u00f4tes de Nevez en Bretagne<\/h3><p>Passionn\u00e9s de sports nautiques, Nevez est votre paradis ! Avec ses nombreuses plages et ports, la commune offre des conditions parfaites pour s&#8217;adonner \u00e0 la voile, au kayak, au paddle, au surf, et m\u00eame \u00e0 la plong\u00e9e. Le centre nautique Cardinale Sud vous accueille pour des stages, des locations et des sorties en mer encadr\u00e9es par des moniteurs dipl\u00f4m\u00e9s. Ne manquez pas non plus l&#8217;opportunit\u00e9 d&#8217;une excursion en bateau vers <a href=\"https:\/\/cparici.com\/fr\/les-glenans-archipel-des-iles-glenan-a-fouesnant-en-finistere\/\">l&#8217;archipel du Gl\u00e9nan<\/a>, un v\u00e9ritable havre de paix aux eaux cristallines.<\/p><h3>Les march\u00e9s locaux et l&#8217;artisanat breton<\/h3><p>Curieux de d\u00e9couvrir les produits du terroir et l&#8217;artisanat breton ? Rendez-vous aux march\u00e9s de Nevez, qui battent leur plein tous les samedis matins sur la place de l&#8217;\u00e9glise et les mardis matins \u00e0 Port-Manec&#8217;h durant l&#8217;\u00e9t\u00e9. Vous y trouverez une myriade de produits : fruits, l\u00e9gumes, poissons, cr\u00eapes, cidre, miel, fleurs, bijoux, v\u00eatements, et bien plus encore. Pour une immersion plus profonde dans l&#8217;artisanat local, visitez les ateliers d&#8217;artistes et d&#8217;artisans du village de Kerasco\u00ebt, comme la poterie de Kerasco\u00ebt, la galerie de Jean-Pierre Le Bras, ou la boutique de souvenirs de Marie-Th\u00e9r\u00e8se Le Calvez.<\/p><h3>Les festivals et \u00e9v\u00e9nements culturels de la r\u00e9gion<\/h3><p>Amateurs de culture, vous serez g\u00e2t\u00e9s ! La r\u00e9gion fourmille de festivals et d&#8217;\u00e9v\u00e9nements culturels tout au long de l&#8217;ann\u00e9e. Ne manquez pas le festival de Cornouaille \u00e0 Quimper en juillet, une c\u00e9l\u00e9bration de la culture bretonne ponctu\u00e9e de concerts, spectacles, d\u00e9fil\u00e9s et animations. D\u00e9couvrez aussi le festival des Filets Bleus \u00e0 <a href=\"https:\/\/cparici.com\/fr\/visiter-concarneau-guide-des-meilleurs-sites-et-activites\/\">Concarneau<\/a> en ao\u00fbt, un hommage \u00e0 la p\u00eache et \u00e0 la gastronomie bretonne, ou encore le festival de l&#8217;Aven \u00e0 <a href=\"https:\/\/cparici.com\/fr\/pont-aven-guide-complet-pour-explorer-la-ville-et-ses-musees\/\">Pont-Aven<\/a> en octobre, rassemblant \u00e9crivains, illustrateurs, \u00e9diteurs et lecteurs autour de rencontres, d\u00e9dicaces, conf\u00e9rences et ateliers.<\/p><h2>Bretagne, Nevez &#8211; Conclusion<\/h2><p>Tout au long de ce guide, nous avons d\u00e9couvert que Nevez est une destination sans pareil, promettant un voyage riche en d\u00e9couvertes et sensations fortes. Pour les amateurs de nature, de culture, ou simplement de d\u00e9tente, Nevez repr\u00e9sente un paradis. Les visiteurs pourront s&#8217;\u00e9merveiller devant ses plages idylliques, ses paysages naturels \u00e0 couper le souffle, son riche patrimoine culturel et historique, sans oublier les activit\u00e9s nautiques, les march\u00e9s locaux pittoresques et ses festivals hauts en couleurs.<\/p><p>Nevez est un v\u00e9ritable tr\u00e9sor, alliant avec harmonie authenticit\u00e9 et dynamisme, tradition et modernit\u00e9. Il est temps de c\u00e9der \u00e0 l&#8217;appel de cette charmante p\u00e9ninsule bretonne. <a href=\"https:\/\/loclilala-vacances.com\" target=\"_blank\" rel=\"noopener\">Planifiez d\u00e8s \u00e0 pr\u00e9sent vos vacances \u00e0 Nevez<\/a> et pr\u00e9parez-vous \u00e0 \u00eatre enchant\u00e9 par son charme unique.<\/p><h2>FAQ<\/h2><h3>Comment s&#8217;appellent les habitants de N\u00e9vez ?<\/h3><p>Les habitants de N\u00e9vez sont d\u00e9sign\u00e9s sous les noms de N\u00e9v\u00e9ziens et N\u00e9v\u00e9ziennes. Ces appellations proviennent du nom breton de la commune, &#8220;Nevez&#8221;, traduit par &#8220;nouveau&#8221; ou &#8220;neuf&#8221;.<\/p>\t\t\t\t\t\t\t\t<\/div>\n\t\t\t\t\t<\/div>\n\t\t\t\t<\/div>\n\t\t<aside class=\"elementor-element elementor-element-795bb2db e-flex e-con-boxed e-con e-parent\" data-id=\"795bb2db\" data-element_type=\"container\" data-e-type=\"container\">\n\t\t\t\t\t<div class=\"e-con-inner\">\n\t\t\t\t<div class=\"elementor-element elementor-element-81c3b04 elementor-widget elementor-widget-listeo-posts-grid\" data-id=\"81c3b04\" data-element_type=\"widget\" data-e-type=\"widget\" data-widget_type=\"listeo-posts-grid.default\">\n\t\t\t\t<div class=\"elementor-widget-container\">\n\t\t\t\t\t\t\t\n\t\t<div class=\"listeo-post-grid-wrapper\">\n\t\t\t<div class=\"row\">\n\n\t\t\t\n\n\t\t\t\t\t\t\t<div class=\"col-md-4\">\n                <a href=\"https:\/\/cparici.com\/de\/location-de-vacances-le-pouldu\/\" class=\"blog-compact-item-container\">\n                    <div class=\"blog-compact-item\">\n                        <img decoding=\"async\" width=\"577\" height=\"204\" src=\"https:\/\/cparici.com\/wp-content\/uploads\/2025\/03\/cparici-2025-03-05T124724.892-577x204.jpg\" class=\"attachment-listeo-blog-related-post size-listeo-blog-related-post wp-post-image\" alt=\"Location de vacances Le Pouldu\" srcset=\"https:\/\/cparici.com\/wp-content\/uploads\/2025\/03\/cparici-2025-03-05T124724.892-577x204.jpg 577w, https:\/\/cparici.com\/wp-content\/uploads\/2025\/03\/cparici-2025-03-05T124724.892-300x106.jpg 300w, https:\/\/cparici.com\/wp-content\/uploads\/2025\/03\/cparici-2025-03-05T124724.892-1024x362.jpg 1024w, https:\/\/cparici.com\/wp-content\/uploads\/2025\/03\/cparici-2025-03-05T124724.892-768x271.jpg 768w, https:\/\/cparici.com\/wp-content\/uploads\/2025\/03\/cparici-2025-03-05T124724.892-18x6.jpg 18w, https:\/\/cparici.com\/wp-content\/uploads\/2025\/03\/cparici-2025-03-05T124724.892-590x208.jpg 590w, https:\/\/cparici.com\/wp-content\/uploads\/2025\/03\/cparici-2025-03-05T124724.892-1200x424.jpg 1200w, https:\/\/cparici.com\/wp-content\/uploads\/2025\/03\/cparici-2025-03-05T124724.892-600x212.jpg 600w, https:\/\/cparici.com\/wp-content\/uploads\/2025\/03\/cparici-2025-03-05T124724.892.jpg 1500w\" sizes=\"(max-width: 577px) 100vw, 577px\" \/><span class=\"blog-item-tag\">Bretagne<\/span>                        \n                        <div class=\"blog-compact-item-content\">\n                                                        <h3>Location de vacances Le Pouldu<\/h3>\n                                                        <p>Recherches populaires Categories Pas de r\u00e9sultats Voir tous les r\u00e9sultats Location de vacances Le Pouldu...                            <\/p>\n                                                    <\/div>\n                    <\/div>\n                <\/a>\n            <\/div>\n\t\t\t<div class=\"col-md-4\">\n                <a href=\"https:\/\/cparici.com\/de\/visiter-tregunc\/\" class=\"blog-compact-item-container\">\n                    <div class=\"blog-compact-item\">\n                        <img decoding=\"async\" width=\"577\" height=\"226\" src=\"https:\/\/cparici.com\/wp-content\/uploads\/2024\/04\/Tregunc-577x226.jpg\" class=\"attachment-listeo-blog-related-post size-listeo-blog-related-post wp-post-image\" alt=\"Tregunc guide de visite\" srcset=\"https:\/\/cparici.com\/wp-content\/uploads\/2024\/04\/Tregunc-577x226.jpg 577w, https:\/\/cparici.com\/wp-content\/uploads\/2024\/04\/Tregunc-300x117.jpg 300w, https:\/\/cparici.com\/wp-content\/uploads\/2024\/04\/Tregunc-768x300.jpg 768w, https:\/\/cparici.com\/wp-content\/uploads\/2024\/04\/Tregunc-590x231.jpg 590w, https:\/\/cparici.com\/wp-content\/uploads\/2024\/04\/Tregunc-600x235.jpg 600w, https:\/\/cparici.com\/wp-content\/uploads\/2024\/04\/Tregunc.jpg 800w\" sizes=\"(max-width: 577px) 100vw, 577px\" \/><span class=\"blog-item-tag\">Bretagne<\/span>                        \n                        <div class=\"blog-compact-item-content\">\n                                                        <h3>Visiter Tr\u00e9gunc &#8211; guide complet des activit\u00e9s et sites incontournables<\/h3>\n                                                        <p>Vous voulez visiter Tregunc ? Ne manquez pas ce guide complet qui vous pr\u00e9sente les...                            <\/p>\n                                                    <\/div>\n                    <\/div>\n                <\/a>\n            <\/div>\n\t\t\t<div class=\"col-md-4\">\n                <a href=\"https:\/\/cparici.com\/de\/ville-close-de-concarneau-en-finistere\/\" class=\"blog-compact-item-container\">\n                    <div class=\"blog-compact-item\">\n                        <img decoding=\"async\" width=\"577\" height=\"210\" src=\"https:\/\/cparici.com\/wp-content\/uploads\/2022\/09\/concarneau-banniere-1.jpg\" class=\"attachment-listeo-blog-related-post size-listeo-blog-related-post wp-post-image\" alt=\"ville close de concarneau\" srcset=\"https:\/\/cparici.com\/wp-content\/uploads\/2022\/09\/concarneau-banniere-1.jpg 1521w, https:\/\/cparici.com\/wp-content\/uploads\/2022\/09\/concarneau-banniere-1-600x219.jpg 600w, https:\/\/cparici.com\/wp-content\/uploads\/2022\/09\/concarneau-banniere-1-768x279.jpg 768w\" sizes=\"(max-width: 577px) 100vw, 577px\" \/><span class=\"blog-item-tag\">Bretagne<\/span>                        \n                        <div class=\"blog-compact-item-content\">\n                                                        <h3>Ville close de Concarneau en finist\u00e8re<\/h3>\n                                                        <p>Ville close de Concarneau-  Informations pratiques, d\u00e9couvrez ce lieu unique charg\u00e9 d'histoire en Cornouaille...                            <\/p>\n                                                    <\/div>\n                    <\/div>\n                <\/a>\n            <\/div>\n  <\/div>\n        <\/div>\n        \t\t\t\t<\/div>\n\t\t\t\t<\/div>\n\t\t\t\t\t<\/div>\n\t\t\t\t<\/aside>\n\t\t\t\t<\/div>\n\t\t","protected":false},"excerpt":{"rendered":"<p>Envie de changer d&#8217;air ? Partez \u00e0 la d\u00e9couverte de Bretagne Nevez, un lieu magique o\u00f9 il fait bon vivre. Suivez notre guide complet pour profiter de votre s\u00e9jour !<\/p>","protected":false},"author":1,"featured_media":14823,"comment_status":"open","ping_status":"open","sticky":false,"template":"","format":"standard","meta":{"ngg_post_thumbnail":0,"footnotes":""},"categories":[498,478,479,477,116],"tags":[],"class_list":["post-16907","post","type-post","status-publish","format-standard","has-post-thumbnail","hentry","category-nevez","category-bretagne","category-finistere","category-france","category-non-classifiee"],"_links":{"self":[{"href":"https:\/\/cparici.com\/de\/wp-json\/wp\/v2\/posts\/16907","targetHints":{"allow":["GET"]}}],"collection":[{"href":"https:\/\/cparici.com\/de\/wp-json\/wp\/v2\/posts"}],"about":[{"href":"https:\/\/cparici.com\/de\/wp-json\/wp\/v2\/types\/post"}],"author":[{"embeddable":true,"href":"https:\/\/cparici.com\/de\/wp-json\/wp\/v2\/users\/1"}],"replies":[{"embeddable":true,"href":"https:\/\/cparici.com\/de\/wp-json\/wp\/v2\/comments?post=16907"}],"version-history":[{"count":7,"href":"https:\/\/cparici.com\/de\/wp-json\/wp\/v2\/posts\/16907\/revisions"}],"predecessor-version":[{"id":85098,"href":"https:\/\/cparici.com\/de\/wp-json\/wp\/v2\/posts\/16907\/revisions\/85098"}],"wp:featuredmedia":[{"embeddable":true,"href":"https:\/\/cparici.com\/de\/wp-json\/wp\/v2\/media\/14823"}],"wp:attachment":[{"href":"https:\/\/cparici.com\/de\/wp-json\/wp\/v2\/media?parent=16907"}],"wp:term":[{"taxonomy":"category","embeddable":true,"href":"https:\/\/cparici.com\/de\/wp-json\/wp\/v2\/categories?post=16907"},{"taxonomy":"post_tag","embeddable":true,"href":"https:\/\/cparici.com\/de\/wp-json\/wp\/v2\/tags?post=16907"}],"curies":[{"name":"wp","href":"https:\/\/api.w.org\/{rel}","templated":true}]}}