{"id":16918,"date":"2024-04-23T08:51:50","date_gmt":"2024-04-23T06:51:50","guid":{"rendered":"https:\/\/cparici.com\/?p=16918"},"modified":"2025-07-22T18:17:37","modified_gmt":"2025-07-22T16:17:37","slug":"tregunc-besuchen","status":"publish","type":"post","link":"https:\/\/cparici.com\/de\/visiter-tregunc\/","title":{"rendered":"Besichtigung von Tr\u00e9gunc - ein umfassender F\u00fchrer zu Aktivit\u00e4ten und Sehensw\u00fcrdigkeiten, die man gesehen haben muss"},"content":{"rendered":"\t\t<div data-elementor-type=\"wp-post\" data-elementor-id=\"16918\" class=\"elementor elementor-16918\" data-elementor-post-type=\"post\">\n\t\t\t\t<div class=\"elementor-element elementor-element-1dab992 e-con-full e-flex e-con e-parent\" data-id=\"1dab992\" data-element_type=\"container\" data-e-type=\"container\">\n\t\t\t\t<div class=\"elementor-element elementor-element-7346a36 elementor-widget elementor-widget-image\" data-id=\"7346a36\" data-element_type=\"widget\" data-e-type=\"widget\" data-widget_type=\"image.default\">\n\t\t\t\t\t\t\t\t\t\t\t\t\t\t\t<img decoding=\"async\" width=\"1500\" height=\"587\" src=\"https:\/\/cparici.com\/wp-content\/uploads\/2024\/04\/Tregunc-1.jpg\" class=\"attachment-full size-full wp-image-53622\" alt=\"Tregunc guide de visite\" srcset=\"https:\/\/cparici.com\/wp-content\/uploads\/2024\/04\/Tregunc-1.jpg 1500w, https:\/\/cparici.com\/wp-content\/uploads\/2024\/04\/Tregunc-1-300x117.jpg 300w, https:\/\/cparici.com\/wp-content\/uploads\/2024\/04\/Tregunc-1-1024x401.jpg 1024w, https:\/\/cparici.com\/wp-content\/uploads\/2024\/04\/Tregunc-1-768x301.jpg 768w, https:\/\/cparici.com\/wp-content\/uploads\/2024\/04\/Tregunc-1-590x231.jpg 590w, https:\/\/cparici.com\/wp-content\/uploads\/2024\/04\/Tregunc-1-1200x470.jpg 1200w, https:\/\/cparici.com\/wp-content\/uploads\/2024\/04\/Tregunc-1-577x226.jpg 577w, https:\/\/cparici.com\/wp-content\/uploads\/2024\/04\/Tregunc-1-600x235.jpg 600w\" sizes=\"(max-width: 1500px) 100vw, 1500px\" \/>\t\t\t\t\t\t\t\t\t\t\t\t\t\t\t<\/div>\n\t\t\t\t<\/div>\n\t\t<aside class=\"elementor-element elementor-element-de16b09 e-flex e-con-boxed e-con e-parent\" data-id=\"de16b09\" data-element_type=\"container\" data-e-type=\"container\">\n\t\t\t\t\t<div class=\"e-con-inner\">\n\t\t\t\t<div class=\"elementor-element elementor-element-b5e81c4 elementor-widget elementor-widget-global elementor-global-62046 elementor-widget-eael-advanced-search\" data-id=\"b5e81c4\" data-element_type=\"widget\" data-e-type=\"widget\" data-widget_type=\"eael-advanced-search.default\">\n\t\t\t\t\t        <div class=\"eael-adv-search-wrapper\">\n            <div id=\"eael-advanced-search-widget-b5e81c4\" class=\"eael-advanced-search-widget\">\n                <form data-settings=\"{&quot;post_per_page&quot;:5,&quot;search_among_taxonomies&quot;:&quot;&quot;,&quot;search_among_sku&quot;:&quot;no&quot;,&quot;show_popular_keyword&quot;:0,&quot;show_category&quot;:0,&quot;show_content_image&quot;:1,&quot;show_search_result_all_results&quot;:0,&quot;result_on_new_tab&quot;:&quot;no&quot;,&quot;show_product_price&quot;:&quot;no&quot;,&quot;include_current_page&quot;:&quot;no&quot;,&quot;current_post_id&quot;:16918,&quot;post_type&quot;:[&quot;post&quot;,&quot;listing&quot;]}\" method=\"POST\" name=\"eael-advanced-search-form-b5e81c4\" class=\"eael-advanced-search-form eael-advanced-search-form-style-2\">\n                    <div class=\"eael-advanced-search-wrap\">\n                        <span class=\"eael-adv-search-loader\"><\/span>\n                        <span class=\"eael-adv-search-close\"><i class=\"fas fa-times\"><\/i><\/span>\n                        <span class=\"icon \"><i class=\"fas fa-search\"><\/i><\/span>\n\n                        <input type=\"text\"\n                               placeholder=\"Votre destination\"\n                               class=\"eael-advanced-search\" autocomplete=\"off\" name=\"eael_advanced_search\">\n                    <\/div>\n\t\t\t\t\t                                    <\/form>\n\n\t\t\t\t\n\t\t\t\t        <div class=\"eael-advanced-search-result\">\n            <div class=\"eael-advanced-search-popular-keyword\">\n\t\t\t\t<h4 class=\"eael-advanced-search-popular-keyword-text\">Recherches populaires<\/h4>                <div class=\"eael-popular-keyword-content\"><\/div>\n            <\/div>\n            <div class=\"eael-advanced-search-category\">\n\t\t\t\t<h4 class=\"eael-advanced-search-category-text\">Categories<\/h4>                <div class=\"eael-popular-category-content\"><\/div>\n            <\/div>\n\t\t\t<div class=\"eael-advanced-search-total-results-section\">\n\t\t\t\t\t\t\t<\/div>\n            <div class=\"eael-advanced-search-content eael-item-style-3\">\n            <\/div>\n            <div class=\"eael-advanced-search-not-found\">\n                <p>Pas de r\u00e9sultats<\/p><\/div>\n            <div class=\"eael-advanced-search-load-more\">\n\t\t\t\t<a \tclass=\"eael-advanced-search-load-more-button\"\n                \thref=\"#\">Voir tous les r\u00e9sultats<\/a>\n            <\/div>\n        <\/div>\n\n\t\t            <\/div>\n        <\/div>\n\n\t\t\t\t\t\t<\/div>\n\t\t\t\t\t<\/div>\n\t\t\t\t<\/aside>\n\t\t<div class=\"elementor-element elementor-element-6bdb3aae e-flex e-con-boxed e-con e-parent\" data-id=\"6bdb3aae\" data-element_type=\"container\" data-e-type=\"container\">\n\t\t\t\t\t<div class=\"e-con-inner\">\n\t\t\t\t<div class=\"elementor-element elementor-element-711099a3 elementor-widget elementor-widget-text-editor\" data-id=\"711099a3\" data-element_type=\"widget\" data-e-type=\"widget\" data-widget_type=\"text-editor.default\">\n\t\t\t\t\t\t\t\t\t<p><span style=\"color: #ffffff;\">___<\/span><\/p><h1 style=\"text-align: center;\"><span style=\"font-size: 18pt;\"><strong>Tr\u00e9gunc \u2013 guide complet des activit\u00e9s et sites incontournables<\/strong><\/span><\/h1><p><span style=\"color: #ffffff;\">___<\/span><\/p><p>\u00cates-vous \u00e0 la recherche du lieu parfait pour vos futures vacances en Bretagne ? Si votre amour se porte vers la mer, la nature, ainsi que le patrimoine et la culture, alors visiter Tregunc est votre destination r\u00eav\u00e9e.<\/p><p>Positionn\u00e9e strat\u00e9giquement entre <a href=\"https:\/\/cparici.com\/fr\/visiter-concarneau-guide-des-meilleurs-sites-et-activites\/\">Concarneau<\/a> et <a href=\"https:\/\/cparici.com\/fr\/pont-aven-guide-complet-pour-explorer-la-ville-et-ses-musees\/\">Pont-Aven<\/a>, Tr\u00e9gunc est une perle du Finist\u00e8re qui promet de sublimer vos d\u00e9couvertes bretonnes. Avec pas moins de 23 km de c\u00f4tes, des plages de sable fin, des ports de p\u00eache authentiques, de somptueuses dunes et de paisibles \u00e9tangs, Tr\u00e9gunc est l\u2019invitation parfaite pour un s\u00e9jour de d\u00e9tente et d\u2019exploration.<\/p><p>Outre ses paysages de carte postale, Tr\u00e9gunc se distingue par un h\u00e9ritage historique et culturel riche, jalonn\u00e9 de menhirs, de chapelles ancestrales, de ch\u00e2teaux et de mus\u00e9es captivants. Et que dire de la cuisine locale ? Un d\u00e9lice pour les papilles avec ses poissons frais, ses fruits de mer savoureux, ses cr\u00eapes dor\u00e9es et son cidre p\u00e9tillant. Nous allons vous guider \u00e0 travers une s\u00e9lection d\u2019activit\u00e9s et de lieux \u00e0 ne pas manquer \u00e0 Tr\u00e9gunc.<\/p><p>Laissez-vous guider !<\/p><h2>Sommaire de l\u2019article \u2018visiter Tregunc\u2019<\/h2><p><a href=\"#plages_du_littoral\">\u00c0 la d\u00e9couverte des plages et du littoral de Tr\u00e9gunc<\/a><\/p><p><a href=\"#patrimoine_et_culture\">Patrimoine et culture en terre de Tr\u00e9gunc<\/a><\/p><p><a href=\"#nature_et_detente\">Nature et d\u00e9tente, au c\u0153ur d\u2019une biodiversit\u00e9 pr\u00e9serv\u00e9e<\/a><\/p><p><a href=\"#faq\">FAQ<\/a><\/p><h2><a id=\"plages_du_littoral\"><\/a>\u00c0 la d\u00e9couverte des plages et du littoral de Tr\u00e9gunc<\/h2><p>Tr\u00e9gunc est reconnue pour son littoral remarquable, dot\u00e9 de 23 km de c\u00f4tes offrant des plages de sable blanc immacul\u00e9, des ports de p\u00eache pittoresques, d\u2019importantes dunes et des \u00e9tangs vari\u00e9s. Nous vous invitons \u00e0 explorer trois lieux embl\u00e9matiques du littoral de Tr\u00e9gunc : la plage de Tr\u00e9vignon avec son ch\u00e2teau, la pointe de la Jument, et les diverses activit\u00e9s nautiques disponibles.<\/p><h3>La plage de Tr\u00e9vignon et son ch\u00e2teau<\/h3><p>Reconnue comme l\u2019une des plus s\u00e9duisantes plages de Tr\u00e9gunc, <a href=\"https:\/\/cparici.com\/fr\/trevignon-pointe-de-trevignon-a-tregunc-en-finistere\/\">la plage de Tr\u00e9vignon<\/a> s\u00e9duit par son sable fin, ses eaux couleur turquoise et sa vue imprenable sur l\u2019oc\u00e9an. Elle se trouve \u00e0 l\u2019extr\u00e9mit\u00e9 de la pointe de Tr\u00e9vignon, marquant l\u2019ouverture sur la baie de Concarneau. Sur la pointe, le phare, la jet\u00e9e, ainsi que le port de p\u00eache et de plaisance c\u00f4toient le fort, un ancien ch\u00e2teau du XIXe si\u00e8cle aujourd\u2019hui propri\u00e9t\u00e9 priv\u00e9e.<\/p><figure id=\"attachment_14953\" aria-describedby=\"caption-attachment-14953\" style=\"width: 800px\" class=\"wp-caption aligncenter\"><a href=\"https:\/\/cparici.com\/wp-content\/uploads\/2022\/09\/Trevignon-Pointe-de-Trevignon-a-Tregunc-en-finistere-3.jpg\"><img decoding=\"async\" class=\"size-full wp-image-14953\" src=\"https:\/\/cparici.com\/wp-content\/uploads\/2022\/09\/Trevignon-Pointe-de-Trevignon-a-Tregunc-en-finistere-3.jpg\" alt=\"Trevignon - Pointe de Tr\u00e9vignon \u00e0 Tr\u00e9gunc en finist\u00e8re\" width=\"800\" height=\"533\" srcset=\"https:\/\/cparici.com\/wp-content\/uploads\/2022\/09\/Trevignon-Pointe-de-Trevignon-a-Tregunc-en-finistere-3.jpg 800w, https:\/\/cparici.com\/wp-content\/uploads\/2022\/09\/Trevignon-Pointe-de-Trevignon-a-Tregunc-en-finistere-3-600x400.jpg 600w, https:\/\/cparici.com\/wp-content\/uploads\/2022\/09\/Trevignon-Pointe-de-Trevignon-a-Tregunc-en-finistere-3-768x511.jpg 768w\" sizes=\"(max-width: 800px) 100vw, 800px\" \/><\/a><figcaption id=\"caption-attachment-14953\" class=\"wp-caption-text\">Trevignon \u2013 Pointe de Tr\u00e9vignon \u00e0 Tr\u00e9gunc en finist\u00e8re<\/figcaption><\/figure><p>La pointe de Tr\u00e9vignon est aussi un espace naturel sauvegard\u00e9 abritant une r\u00e9serve ornithologique, offrant dunes et \u00e9tangs \u00e0 explorer. Un lieu parfait pour observer une vari\u00e9t\u00e9 d\u2019esp\u00e8ces d\u2019oiseaux, de fleurs et de plantes.<\/p><h3>La pointe de la Jument, paradis des randonneurs et des photographes<\/h3><p>Situ\u00e9e \u00e0 l\u2019ouest de la plage de Tr\u00e9vignon, la pointe de la Jument est une autre formation rocheuse offrant un point de vue spectaculaire sur la mer, l<a href=\"https:\/\/cparici.com\/fr\/les-glenan-guide-complet-pour-une-escapade-inoubliable\/\">es \u00eeles Gl\u00e9nan<\/a> et le cordon dunaire s\u2019\u00e9tirant jusqu\u2019\u00e0 la pointe de Tr\u00e9vignon.<\/p><figure id=\"attachment_14978\" aria-describedby=\"caption-attachment-14978\" style=\"width: 800px\" class=\"wp-caption aligncenter\"><a href=\"https:\/\/cparici.com\/wp-content\/uploads\/2022\/09\/Les-Glenan-Archipel-des-Glenan-a-Tregunc-en-finistere-3.jpg\"><img decoding=\"async\" class=\"size-full wp-image-14978\" src=\"https:\/\/cparici.com\/wp-content\/uploads\/2022\/09\/Les-Glenan-Archipel-des-Glenan-a-Tregunc-en-finistere-3.jpg\" alt=\"Les Glenans a Fouesnant plage\" width=\"800\" height=\"533\" srcset=\"https:\/\/cparici.com\/wp-content\/uploads\/2022\/09\/Les-Glenan-Archipel-des-Glenan-a-Tregunc-en-finistere-3.jpg 800w, https:\/\/cparici.com\/wp-content\/uploads\/2022\/09\/Les-Glenan-Archipel-des-Glenan-a-Tregunc-en-finistere-3-600x400.jpg 600w, https:\/\/cparici.com\/wp-content\/uploads\/2022\/09\/Les-Glenan-Archipel-des-Glenan-a-Tregunc-en-finistere-3-768x511.jpg 768w\" sizes=\"(max-width: 800px) 100vw, 800px\" \/><\/a><figcaption id=\"caption-attachment-14978\" class=\"wp-caption-text\">Les Glenans a Fouesnant plage, en face de la commune de Tr\u00e9gunc<\/figcaption><\/figure><p>Paradis pour randonneurs et photographes, la pointe de la Jument est bord\u00e9e par le sentier c\u00f4tier GR 34 qui serpente le long du littoral, entre plages, rochers, landes et for\u00eats. Sur la pointe se trouve un amer, rep\u00e8re maritime semblant \u00e9voquer une t\u00eate de jument.<\/p><h3>Les activit\u00e9s nautiques \u00e0 ne pas manquer<\/h3><p>Tr\u00e9gunc est un v\u00e9ritable hotspot pour les passionn\u00e9s de sports nautiques, proposant une gamme compl\u00e8te d\u2019activit\u00e9s adapt\u00e9es \u00e0 tous les niveaux. Voile, catamaran, kayak, paddle, planche \u00e0 voile, surf, plong\u00e9e, p\u00eache \u00e0 pied ou en mer, sans oublier la marche aquatique, sont autant d\u2019options pour les amateurs de sensations aquatiques. Des clubs et \u00e9coles de voile offrent formations et perfectionnements tout au long de l\u2019ann\u00e9e.<\/p><p>Mat\u00e9riel \u00e0 louer et sorties en mer sont \u00e9galement disponibles, notamment \u00e0 <a href=\"https:\/\/cparici.com\/fr\/plage-de-port-manech-a-nevez-en-finistere\/\">Port-Manec\u2019h<\/a>, situ\u00e9 \u00e0\u00a0 N\u00e9vez, ce qui en fait le spot id\u00e9al pour s\u2019aventurer dans les sports nautiques.<\/p><figure id=\"attachment_14833\" aria-describedby=\"caption-attachment-14833\" style=\"width: 800px\" class=\"wp-caption aligncenter\"><a href=\"https:\/\/cparici.com\/wp-content\/uploads\/2022\/09\/plage-de-port-manech-3.jpg\"><img decoding=\"async\" class=\"wp-image-14833 size-full\" title=\"plage de port manec'h\" src=\"https:\/\/cparici.com\/wp-content\/uploads\/2022\/09\/plage-de-port-manech-3.jpg\" alt=\"plage de port manec'h\" width=\"800\" height=\"533\" srcset=\"https:\/\/cparici.com\/wp-content\/uploads\/2022\/09\/plage-de-port-manech-3.jpg 800w, https:\/\/cparici.com\/wp-content\/uploads\/2022\/09\/plage-de-port-manech-3-600x400.jpg 600w, https:\/\/cparici.com\/wp-content\/uploads\/2022\/09\/plage-de-port-manech-3-768x511.jpg 768w\" sizes=\"(max-width: 800px) 100vw, 800px\" \/><\/a><figcaption id=\"caption-attachment-14833\" class=\"wp-caption-text\">Plage de Port Manec\u2019h \u00e0 N\u00e9vez, pr\u00e8s de Tr\u00e9gunc<\/figcaption><\/figure><h2>\u00a0<\/h2><h2><a id=\"patrimoine_et_culture\"><\/a>Patrimoine et culture en terre de Tr\u00e9gunc<\/h2><p>Tr\u00e9gunc, une commune riche en patrimoine et culture, offre un aper\u00e7u fascinant de son histoire et traditions \u00e0 travers divers \u00e9l\u00e9ments. Nous vous invitons \u00e0 explorer trois joyaux du patrimoine tr\u00e9gunois : les embl\u00e9matiques pierres debout (menhirs), le manoir historique de Saint-Philibert et les authentiques fours \u00e0 pain traditionnels. Le patrimoine est un incontournable lorsqu\u2019on doit visiter Tregunc.<\/p><h3>Les pierres debout (menhirs) et leur myst\u00e8re<\/h3><p>L<strong>es pierres debout, ou men zao en breton, sont des monolithes caract\u00e9ristiques de Tr\u00e9gunc et de N\u00e9vez<\/strong>, uniques en leur genre en France. Leur hauteur varie, allant de quelques dizaines de centim\u00e8tres \u00e0 plus de deux m\u00e8tres, et elles ont historiquement servi \u00e0 \u00e9riger murs, cl\u00f4tures ou appentis. Leur origine et signification demeurent \u00e9nigmatiques, oscillant entre vestiges pr\u00e9historiques, symboles religieux ou marques fonci\u00e8res, et sont souvent le sujet de l\u00e9gendes locales.<\/p><h3>Le manoir de Saint-Philibert et son histoire riche<\/h3><p><strong>Le manoir de Saint-Philibert, b\u00e2ti au XVI\u00e8me si\u00e8cle et adjacent \u00e0 la chapelle \u00e9ponyme<\/strong>, a longtemps appartenu \u00e0 la famille de Bonafos, des notables r\u00e9gionaux. Modifi\u00e9 au XVIII\u00e8me si\u00e8cle et restaur\u00e9 au XX\u00e8me, il arbore une architecture Renaissance remarquable avec ses fen\u00eatres \u00e0 meneaux, lucarnes orn\u00e9es, chemin\u00e9es majestueuses et tourelles d\u2019angle. Entour\u00e9 d\u2019un parc verdoyant et d\u2019un \u00e9tang, ce monument historique, inscrit depuis 1976, est un t\u00e9moignage de l\u2019histoire vivante.<\/p><h3>Les fours \u00e0 pains traditionnels, t\u00e9moins de la vie d\u2019antan<\/h3><p>Les fours \u00e0 pains traditionnels, ces \u00e9difices de pierres souvent \u00e9loign\u00e9s des autres constructions, \u00e9taient le c\u0153ur de la communaut\u00e9 pour la cuisson du pain et autres denr\u00e9es. Utilis\u00e9s collectivement, les voisins s\u2019y retrouvaient pour pr\u00e9parer et cuire ensemble leurs pains dans une atmosph\u00e8re conviviale. La cuisson prenait environs trois heures, durant lesquelles l\u2019acc\u00e8s au four \u00e9tait scell\u00e9 par une plaque de fonte ou un volet en bois. Ces fours sont un t\u00e9moignage pr\u00e9cieux du mode de vie rural et des habitudes culinaires d\u2019autrefois, visibles encore aujourd\u2019hui dans certains hameaux de Tr\u00e9gunc tels que Tr\u00e9hubert, Kerantalgorn, Kerdall\u00e9 ou Kerdalidec.<\/p><h2><a id=\"nature_et_detente\"><\/a>Nature et d\u00e9tente, au c\u0153ur d\u2019une biodiversit\u00e9 pr\u00e9serv\u00e9e<\/h2><p>D\u00e9couvrez Tr\u00e9gunc, une commune b\u00e9nie par une riche biodiversit\u00e9 gr\u00e2ce \u00e0 ses espaces naturels intacts et sa position unique entre terre et mer. Cet article vous invite \u00e0 explorer trois joyaux naturels dans cette r\u00e9gion qui conjuguent parfaitement nature et relaxation : les dunes et \u00e9tangs de Tr\u00e9vignon, les marais de Mousterlin et de magnifiques sentiers de randonn\u00e9e.<\/p><h3>Dunes et \u00e9tangs de Tr\u00e9vignon : une faune et flore exceptionnelles<\/h3><p>Prot\u00e9g\u00e9 par le conservatoire du littoral, le site des dunes et \u00e9tangs de Tr\u00e9vignon s\u2019\u00e9tire le long de 7km de c\u00f4te, reliant la pointe de Tr\u00e9vignon \u00e0 celle de la Jument. Ce pr\u00e9cieux \u00e9cosyst\u00e8me h\u00e9berge une biodiversit\u00e9 remarquable. Vous aurez l\u2019occasion de rencontrer une vari\u00e9t\u00e9 d\u2019oiseaux, de plantes et de fleurs sauvages tels que des canards, des h\u00e9rons, des gravelots, mais aussi des orchid\u00e9es, des ajoncs et des gen\u00eats.<\/p><p>Visiter Tr\u00e9gunc, c\u2019est se laisser \u00e9merveiller par la splendeur des lieux qui m\u00ealent plages, dunes, \u00e9tangs, rochers et mer \u00e0 perte de vue. Vous pouvez explorer ce cadre naturel via le sentier c\u00f4tier GR 34 ou profiter d\u2019une visite guid\u00e9e disponible au point d\u2019accueil de la maison du littoral.<\/p><h3>Les marais de Mousterlin, un site naturel remarquable<\/h3><p>Situ\u00e9s \u00e0 la fronti\u00e8re entre Tr\u00e9gunc et Fouesnant, les marais de Mousterlin forment une langue de sable spectaculaire qui cl\u00f4t une baie, donnant vie \u00e0 un marais sal\u00e9. Ce lieu offre des vues imprenables sur la mer, les \u00eeles Gl\u00e9nan et les dunes environnantes.<\/p><p>C\u2019est un endroit parfait pour admirer la richesse de la faune et de la flore locales, peupl\u00e9 d\u2019oiseaux, mammif\u00e8res, amphibiens, plantes aquatiques, et fleurs sauvages. Il permet \u00e9galement de comprendre l\u2019influence conjugu\u00e9e de la mer et de l\u2019homme sur ce paysage unique.<\/p><p>L\u2019acc\u00e8s se fait facilement via le GR 34 ou le chemin de la Pointe de Mousterlin, invitant \u00e0 des d\u00e9couvertes inoubliables.<\/p><h3>Sentiers de randonn\u00e9e : des parcours pour tous les niveaux<\/h3><p>Les amateurs de randonn\u00e9es trouveront leur bonheur \u00e0 Tr\u00e9gunc, avec son offre vari\u00e9e de sentiers balis\u00e9s adapt\u00e9s \u00e0 tous. Quelle que soit votre pr\u00e9f\u00e9rence en termes de distance, dur\u00e9e, difficult\u00e9 ou sites d\u2019int\u00e9r\u00eat, il y a un chemin pour chacun. Ces parcours traversent des lieux charg\u00e9s d\u2019histoire et de culture, offrant des vues magnifiques sur des plages, des ports, des chapelles, des monuments historiques, et des paysages naturels vari\u00e9s comme des \u00e9tangs, des dunes, et plus encore.<\/p><p>Pour plus d\u2019informations, les cartes et descriptions des sentiers sont disponibles \u00e0 l\u2019office de tourisme ou en ligne.<\/p><h2>Visiter Tregunc \u2013 Conclusion<\/h2><p>Tr\u00e9gunc, nich\u00e9e au c\u0153ur du Finist\u00e8re, promet une escapade m\u00e9morable en Bretagne. Que votre qu\u00eate soit celle de la tranquillit\u00e9, de l\u2019exploration, de la beaut\u00e9 naturelle ou de la richesse culturelle, Tr\u00e9gunc est le lieu de toutes les satisfactions. Ses magnifiques plages au sable immacul\u00e9, son littoral immacul\u00e9, son riche h\u00e9ritage historique et culturel, ses zones naturelles d\u2019exception ainsi que ses propositions d\u2019activit\u00e9s nautiques sauront exaucer vos d\u00e9sirs.<\/p><p>Destin\u00e9e \u00e0 tous, quelle que soit votre inclination ou votre \u00e2ge, Tr\u00e9gunc vous appelle \u00e0 vivre une exp\u00e9rience unique. Ne laissez pas l\u2019occasion vous \u00e9chapper : <a href=\"https:\/\/cparici.com\/fr\/location-vacances-tregunc\/\">r\u00e9servez sans tarder votre escapade \u00e0 Tr\u00e9gunc<\/a> et venez vous immerger dans les d\u00e9lices de la Bretagne !<\/p><h2><a id=\"faq\"><\/a>FAQ<\/h2><h3>Quelles sont les meilleures p\u00e9riodes pour visiter Tregunc ?<\/h3><p>La p\u00e9riode id\u00e9ale pour visiter Tr\u00e9gunc s\u2019\u00e9tend de juin \u00e0 octobre, b\u00e9n\u00e9ficiant d\u2019un climat agr\u00e9able avec des temp\u00e9ratures moyennes comprises entre 15\u00b0 et 20\u00b0. Les mois les plus pluvieux sont janvier, f\u00e9vrier, novembre et d\u00e9cembre, avec des pr\u00e9cipitations avoisinant les 170mm par mois.<\/p><h3>Quels sont les sites historiques et culturels \u00e0 ne pas manquer \u00e0 Tregunc ?<\/h3><p>Tr\u00e9gunc regorge de sites historiques et culturels incontournables, parmi lesquels :<\/p><ul><li>Le menhir de Kerangosquer, impressionnant m\u00e9galithe du N\u00e9olithique d\u00e9passant les 6 m\u00e8tres de haut et pesant environ 40 tonnes.<\/li><li>L\u2019\u00e9glise Saint-Tugdual, joyau de l\u2019architecture romane du XIIe si\u00e8cle, dot\u00e9e d\u2019un clocher \u00e0 fl\u00e8che octogonale, d\u2019un porche sud orn\u00e9 de sculptures et d\u2019un magnifique retable du XVIIe si\u00e8cle.<\/li><li>Le manoir de Kerazan, bastion du XVIe si\u00e8cle, aujourd\u2019hui mus\u00e9e d\u00e9di\u00e9 \u00e0 Anatole Le Braz, entour\u00e9 d\u2019un jardin \u00e0 l\u2019anglaise et d\u2019un potager.<\/li><li>Le port de Tr\u00e9vignon, pittoresque port de p\u00eache et de plaisance offrant une vue imprenable sur l\u2019oc\u00e9an Atlantique et les \u00eeles Gl\u00e9nan, avec son march\u00e9 aux poissons quotidien.<\/li><\/ul><h3>Comment se d\u00e9placer facilement \u00e0 Tregunc et dans ses environs ?<\/h3><p>Tr\u00e9gunc <a href=\"https:\/\/www.tregunc.fr\/\" target=\"_blank\" rel=\"noopener\">et ses environs sont facilement accessibles<\/a> gr\u00e2ce \u00e0 : \u2013 La voie verte n\u00b07, itin\u00e9raire reliant la Manche \u00e0 l\u2019Atlantique, traversant Tr\u00e9gunc et partag\u00e9 avec la V\u00e9lodyss\u00e9e, parcours cyclable breton. \u2013 Les bus et trams en direction de Concarneau, ville d\u2019art et d\u2019histoire \u00e0 5 km de l\u00e0, r\u00e9put\u00e9e pour sa cit\u00e9 fortifi\u00e9e et son port de p\u00eache.<\/p><h3>Quelles sont les sp\u00e9cialit\u00e9s gastronomiques de Tregunc et o\u00f9 les d\u00e9guster ?<\/h3><p>Les d\u00e9lices culinaires de Tr\u00e9gunc incluent les cr\u00eapes et galettes bretonnes, les biscuits bretons, le cidre de Cornouaille, les hu\u00eetres de Bretagne, la cotriade, le kouign-amann et l\u2019andouille de Gu\u00e9men\u00e9. D\u00e9couvrez ces sp\u00e9cialit\u00e9s dans les restaurants, cr\u00eaperies, march\u00e9s et \u00e9piceries fines locaux, comme la Cr\u00eaperie La Marini\u00e8re ou le March\u00e9 de Tr\u00e9gunc.<\/p>\t\t\t\t\t\t\t\t<\/div>\n\t\t\t\t\t<\/div>\n\t\t\t\t<\/div>\n\t\t<aside class=\"elementor-element elementor-element-1d791b5 e-flex e-con-boxed e-con e-parent\" data-id=\"1d791b5\" data-element_type=\"container\" data-e-type=\"container\">\n\t\t\t\t\t<div class=\"e-con-inner\">\n\t\t\t\t<div class=\"elementor-element elementor-element-653d615 elementor-widget elementor-widget-listeo-posts-grid\" data-id=\"653d615\" data-element_type=\"widget\" data-e-type=\"widget\" data-widget_type=\"listeo-posts-grid.default\">\n\t\t\t\t<div class=\"elementor-widget-container\">\n\t\t\t\t\t\t\t\n\t\t<div class=\"listeo-post-grid-wrapper\">\n\t\t\t<div class=\"row\">\n\n\t\t\t\n\n\t\t\t\t\t\t\t<div class=\"col-md-4\">\n                <a href=\"https:\/\/cparici.com\/de\/armor-lux\/\" class=\"blog-compact-item-container\">\n                    <div class=\"blog-compact-item\">\n                        <img decoding=\"async\" width=\"577\" height=\"219\" src=\"https:\/\/cparici.com\/wp-content\/uploads\/2024\/05\/armor-lux.jpg\" class=\"attachment-listeo-blog-related-post size-listeo-blog-related-post wp-post-image\" alt=\"armor lux\" srcset=\"https:\/\/cparici.com\/wp-content\/uploads\/2024\/05\/armor-lux.jpg 1500w, https:\/\/cparici.com\/wp-content\/uploads\/2024\/05\/armor-lux-600x228.jpg 600w, https:\/\/cparici.com\/wp-content\/uploads\/2024\/05\/armor-lux-300x114.jpg 300w, https:\/\/cparici.com\/wp-content\/uploads\/2024\/05\/armor-lux-1024x388.jpg 1024w, https:\/\/cparici.com\/wp-content\/uploads\/2024\/05\/armor-lux-768x291.jpg 768w\" sizes=\"(max-width: 577px) 100vw, 577px\" \/><span class=\"blog-item-tag\">Bretagne<\/span>                        \n                        <div class=\"blog-compact-item-content\">\n                                                        <h3>Armor Lux \u2013 L\u2019\u00e2me bretonne<\/h3>\n                                                        <p>Armor-Lux : V\u00eatements bretons authentiques depuis 1938. Marini\u00e8res, pulls, tee-shirts, accessoires. Boutiques et site web...                            <\/p>\n                                                    <\/div>\n                    <\/div>\n                <\/a>\n            <\/div>\n\t\t\t<div class=\"col-md-4\">\n                <a href=\"https:\/\/cparici.com\/de\/kerdruc-un-port-sur-la-ria-de-laven\/\" class=\"blog-compact-item-container\">\n                    <div class=\"blog-compact-item\">\n                        <img decoding=\"async\" width=\"577\" height=\"232\" src=\"https:\/\/cparici.com\/wp-content\/uploads\/2024\/05\/kerdruc.jpg\" class=\"attachment-listeo-blog-related-post size-listeo-blog-related-post wp-post-image\" alt=\"kerdruc\" srcset=\"https:\/\/cparici.com\/wp-content\/uploads\/2024\/05\/kerdruc.jpg 1500w, https:\/\/cparici.com\/wp-content\/uploads\/2024\/05\/kerdruc-600x241.jpg 600w, https:\/\/cparici.com\/wp-content\/uploads\/2024\/05\/kerdruc-300x120.jpg 300w, https:\/\/cparici.com\/wp-content\/uploads\/2024\/05\/kerdruc-1024x411.jpg 1024w, https:\/\/cparici.com\/wp-content\/uploads\/2024\/05\/kerdruc-768x308.jpg 768w\" sizes=\"(max-width: 577px) 100vw, 577px\" \/><span class=\"blog-item-tag\">Bretagne<\/span>                        \n                        <div class=\"blog-compact-item-content\">\n                                                        <h3>Kerdruc \u2013 un port sur la Ria de l\u2019Aven<\/h3>\n                                                        <p>Kerdruc : village breton authentique, cadre idyllique, activit\u00e9s nautiques, randonn\u00e9es, patrimoine, gastronomie. D\u00e9couvrez ce havre...                            <\/p>\n                                                    <\/div>\n                    <\/div>\n                <\/a>\n            <\/div>\n\t\t\t<div class=\"col-md-4\">\n                <a href=\"https:\/\/cparici.com\/de\/plage-de-port-manech-a-nevez-en-finistere\/\" class=\"blog-compact-item-container\">\n                    <div class=\"blog-compact-item\">\n                        <img decoding=\"async\" width=\"577\" height=\"160\" src=\"https:\/\/cparici.com\/wp-content\/uploads\/2022\/09\/plage-de-port-manech-a-nevez-en-finistere-banniere.jpg\" class=\"attachment-listeo-blog-related-post size-listeo-blog-related-post wp-post-image\" alt=\"plage de port manech a n\u00e9vez en finist\u00e8re\" srcset=\"https:\/\/cparici.com\/wp-content\/uploads\/2022\/09\/plage-de-port-manech-a-nevez-en-finistere-banniere.jpg 1520w, https:\/\/cparici.com\/wp-content\/uploads\/2022\/09\/plage-de-port-manech-a-nevez-en-finistere-banniere-600x166.jpg 600w, https:\/\/cparici.com\/wp-content\/uploads\/2022\/09\/plage-de-port-manech-a-nevez-en-finistere-banniere-768x212.jpg 768w\" sizes=\"(max-width: 577px) 100vw, 577px\" \/><span class=\"blog-item-tag\">Bretagne<\/span>                        \n                        <div class=\"blog-compact-item-content\">\n                                                        <h3>Plage de Port Manec\u2019h \u00e0 N\u00e9vez en Finist\u00e8re<\/h3>\n                                                        <p>D\u00e9couvrez la Plage de Port Manech et le village de Port Manech, son port et...                            <\/p>\n                                                    <\/div>\n                    <\/div>\n                <\/a>\n            <\/div>\n  <\/div>\n        <\/div>\n        \t\t\t\t<\/div>\n\t\t\t\t<\/div>\n\t\t\t\t\t<\/div>\n\t\t\t\t<\/aside>\n\t\t\t\t<\/div>\n\t\t","protected":false},"excerpt":{"rendered":"<p>M\u00f6chten Sie Tregunc besuchen? Dann sollten Sie sich diesen umfassenden Reisef\u00fchrer nicht entgehen lassen, der Ihnen die wichtigsten Sehensw\u00fcrdigkeiten dieses authentischen und nat\u00fcrlichen Reiseziels vorstellt.<\/p>","protected":false},"author":1,"featured_media":53598,"comment_status":"closed","ping_status":"open","sticky":false,"template":"elementor_header_footer","format":"standard","meta":{"ngg_post_thumbnail":0,"footnotes":""},"categories":[496,478,479,477],"tags":[514,515],"class_list":["post-16918","post","type-post","status-publish","format-standard","has-post-thumbnail","hentry","category-tregunc","category-bretagne","category-finistere","category-france","tag-dunes","tag-etangs"],"_links":{"self":[{"href":"https:\/\/cparici.com\/de\/wp-json\/wp\/v2\/posts\/16918","targetHints":{"allow":["GET"]}}],"collection":[{"href":"https:\/\/cparici.com\/de\/wp-json\/wp\/v2\/posts"}],"about":[{"href":"https:\/\/cparici.com\/de\/wp-json\/wp\/v2\/types\/post"}],"author":[{"embeddable":true,"href":"https:\/\/cparici.com\/de\/wp-json\/wp\/v2\/users\/1"}],"replies":[{"embeddable":true,"href":"https:\/\/cparici.com\/de\/wp-json\/wp\/v2\/comments?post=16918"}],"version-history":[{"count":0,"href":"https:\/\/cparici.com\/de\/wp-json\/wp\/v2\/posts\/16918\/revisions"}],"wp:featuredmedia":[{"embeddable":true,"href":"https:\/\/cparici.com\/de\/wp-json\/wp\/v2\/media\/53598"}],"wp:attachment":[{"href":"https:\/\/cparici.com\/de\/wp-json\/wp\/v2\/media?parent=16918"}],"wp:term":[{"taxonomy":"category","embeddable":true,"href":"https:\/\/cparici.com\/de\/wp-json\/wp\/v2\/categories?post=16918"},{"taxonomy":"post_tag","embeddable":true,"href":"https:\/\/cparici.com\/de\/wp-json\/wp\/v2\/tags?post=16918"}],"curies":[{"name":"wp","href":"https:\/\/api.w.org\/{rel}","templated":true}]}}