{"id":17746,"date":"2024-05-15T17:26:32","date_gmt":"2024-05-15T15:26:32","guid":{"rendered":"https:\/\/cparici.com\/?p=17746"},"modified":"2026-01-03T17:49:21","modified_gmt":"2026-01-03T16:49:21","slug":"leuchtturm-von-chassiron-umfassender-leitfaden","status":"publish","type":"post","link":"https:\/\/cparici.com\/de\/phare-de-chassiron-guide-complet\/","title":{"rendered":"Leuchtturm von Chassiron - umfassende Informationen, Besichtigung und Tipps"},"content":{"rendered":"\t\t<div data-elementor-type=\"wp-post\" data-elementor-id=\"17746\" class=\"elementor elementor-17746\" data-elementor-post-type=\"post\">\n\t\t\t\t<div class=\"elementor-element elementor-element-7a1cc04 e-con-full e-flex e-con e-parent\" data-id=\"7a1cc04\" data-element_type=\"container\" data-e-type=\"container\">\n\t\t\t\t<div class=\"elementor-element elementor-element-bb26ca5 elementor-widget elementor-widget-image\" data-id=\"bb26ca5\" data-element_type=\"widget\" data-e-type=\"widget\" data-widget_type=\"image.default\">\n\t\t\t\t\t\t\t\t\t\t\t\t\t\t\t<img decoding=\"async\" width=\"1500\" height=\"604\" src=\"https:\/\/cparici.com\/wp-content\/uploads\/2024\/05\/phare-de-chassiron.jpg\" class=\"attachment-full size-full wp-image-17748\" alt=\"phare de chassiron\" srcset=\"https:\/\/cparici.com\/wp-content\/uploads\/2024\/05\/phare-de-chassiron.jpg 1500w, https:\/\/cparici.com\/wp-content\/uploads\/2024\/05\/phare-de-chassiron-600x242.jpg 600w, https:\/\/cparici.com\/wp-content\/uploads\/2024\/05\/phare-de-chassiron-300x121.jpg 300w, https:\/\/cparici.com\/wp-content\/uploads\/2024\/05\/phare-de-chassiron-1024x412.jpg 1024w, https:\/\/cparici.com\/wp-content\/uploads\/2024\/05\/phare-de-chassiron-768x309.jpg 768w\" sizes=\"(max-width: 1500px) 100vw, 1500px\" \/>\t\t\t\t\t\t\t\t\t\t\t\t\t\t\t<\/div>\n\t\t\t\t<\/div>\n\t\t<nav class=\"elementor-element elementor-element-e953109 e-flex e-con-boxed e-con e-parent\" data-id=\"e953109\" data-element_type=\"container\" data-e-type=\"container\">\n\t\t\t\t\t<div class=\"e-con-inner\">\n\t\t\t\t<div class=\"elementor-element elementor-element-db1a1f4 elementor-widget elementor-widget-global elementor-global-62046 elementor-widget-eael-advanced-search\" data-id=\"db1a1f4\" data-element_type=\"widget\" data-e-type=\"widget\" data-widget_type=\"eael-advanced-search.default\">\n\t\t\t\t\t        <div class=\"eael-adv-search-wrapper\">\n            <div id=\"eael-advanced-search-widget-db1a1f4\" class=\"eael-advanced-search-widget\">\n                <form data-settings=\"{&quot;post_per_page&quot;:5,&quot;search_among_taxonomies&quot;:&quot;&quot;,&quot;search_among_sku&quot;:&quot;no&quot;,&quot;show_popular_keyword&quot;:0,&quot;show_category&quot;:0,&quot;show_content_image&quot;:1,&quot;show_search_result_all_results&quot;:0,&quot;result_on_new_tab&quot;:&quot;no&quot;,&quot;show_product_price&quot;:&quot;no&quot;,&quot;include_current_page&quot;:&quot;no&quot;,&quot;current_post_id&quot;:17746,&quot;post_type&quot;:[&quot;post&quot;,&quot;listing&quot;]}\" method=\"POST\" name=\"eael-advanced-search-form-db1a1f4\" class=\"eael-advanced-search-form eael-advanced-search-form-style-2\">\n                    <div class=\"eael-advanced-search-wrap\">\n                        <span class=\"eael-adv-search-loader\"><\/span>\n                        <span class=\"eael-adv-search-close\"><i class=\"fas fa-times\"><\/i><\/span>\n                        <span class=\"icon \"><i class=\"fas fa-search\"><\/i><\/span>\n\n                        <input type=\"text\"\n                               placeholder=\"Votre destination\"\n                               class=\"eael-advanced-search\" autocomplete=\"off\" name=\"eael_advanced_search\">\n                    <\/div>\n\t\t\t\t\t                                    <\/form>\n\n\t\t\t\t\n\t\t\t\t        <div class=\"eael-advanced-search-result\">\n            <div class=\"eael-advanced-search-popular-keyword\">\n\t\t\t\t<h4 class=\"eael-advanced-search-popular-keyword-text\">Recherches populaires<\/h4>                <div class=\"eael-popular-keyword-content\"><\/div>\n            <\/div>\n            <div class=\"eael-advanced-search-category\">\n\t\t\t\t<h4 class=\"eael-advanced-search-category-text\">Categories<\/h4>                <div class=\"eael-popular-category-content\"><\/div>\n            <\/div>\n\t\t\t<div class=\"eael-advanced-search-total-results-section\">\n\t\t\t\t\t\t\t<\/div>\n            <div class=\"eael-advanced-search-content eael-item-style-3\">\n            <\/div>\n            <div class=\"eael-advanced-search-not-found\">\n                <p>Pas de r\u00e9sultats<\/p><\/div>\n            <div class=\"eael-advanced-search-load-more\">\n\t\t\t\t<a \tclass=\"eael-advanced-search-load-more-button\"\n                \thref=\"#\">Voir tous les r\u00e9sultats<\/a>\n            <\/div>\n        <\/div>\n\n\t\t            <\/div>\n        <\/div>\n\n\t\t\t\t\t\t<\/div>\n\t\t\t\t\t<\/div>\n\t\t\t\t<\/nav>\n\t\t<div class=\"elementor-element elementor-element-21f7ce04 e-flex e-con-boxed e-con e-parent\" data-id=\"21f7ce04\" data-element_type=\"container\" data-e-type=\"container\">\n\t\t\t\t\t<div class=\"e-con-inner\">\n\t\t\t\t<div class=\"elementor-element elementor-element-ee0628a elementor-widget elementor-widget-text-editor\" data-id=\"ee0628a\" data-element_type=\"widget\" data-e-type=\"widget\" data-widget_type=\"text-editor.default\">\n\t\t\t\t\t\t\t\t\t<h1 style=\"text-align: center;\"><span style=\"font-size: 18pt;\">Le phare de Chassiron<\/span><\/h1><p>Situ\u00e9 \u00e0 la pointe nord de <a href=\"https:\/\/cparici.com\/fr\/visiter-ile-doleron\/\">l\u2019\u00eele d\u2019Ol\u00e9ro<\/a>n, au sein de la Charente-Maritime, le phare de Chassiron se dresse fi\u00e8rement au-dessus du pertuis d\u2019Antioche. Ce passage maritime r\u00e9put\u00e9 dangereux est un t\u00e9moin des nombreux naufrages survenus dans ses eaux.<\/p><p>Renomm\u00e9 pour \u00eatre le phare le plus ancien de France encore en fonction apr\u00e8s celui de <a href=\"https:\/\/cparici.com\/fr\/phare-de-cordouan-royan-charente-maritime\/\">Cordouan<\/a>, le phare de Chassiron est une \u00e9tape incontournable de votre visite sur l\u2019\u00eele d\u2019Ol\u00e9ron. Offrant une vue imprenable sur l\u2019oc\u00e9an, les \u00eeles avoisinantes et le continent, il promet une exp\u00e9rience enrichissante avec son mus\u00e9e, son jardin charmant et son \u00e9cluse \u00e0 poissons, r\u00e9v\u00e9lant l\u2019histoire maritime et la vie insulaire.<\/p><p>Ce guide vous invite \u00e0 explorer le phare de Chassiron et ses alentours, fournissant des conseils utiles pour pr\u00e9parer votre visite et des suggestions d\u2019activit\u00e9s locales \u00e0 d\u00e9couvrir.<\/p><p>Pr\u00e9parez-vous pour une aventure captivante aux confins de l\u2019\u00eele d\u2019Ol\u00e9ron !<\/p><h2><span style=\"font-size: 18pt;\">D\u00e9couverte du Phare de Chassiron<\/span><\/h2><h3>L\u2019Histoire embl\u00e9matique du phare<\/h3><p>Le phare de Chassiron, avec ses origines remontant au XVIIe si\u00e8cle, fut initi\u00e9 par Colbert qui commanda la construction d\u2019une tour-amer de 33 m\u00e8tres, \u00e9clair\u00e9e initialement par deux feux de bois. Cet \u00e9difice se positionnait alors comme le deuxi\u00e8me phare construit sur les c\u00f4tes fran\u00e7aises, succ\u00e9dant celui de Cordouan. Sa principale mission \u00e9tait de servir de guide pour les marins naviguant entre l\u2019estuaire de la Charente et <a href=\"https:\/\/cparici.com\/fr\/visiter-rochefort-le-top-des-sites-touristiques-incontournables\/\">l\u2019arsenal de Rochefort<\/a>, tout en signalant l\u2019entr\u00e9e du pertuis d\u2019Antioche, un couloir maritime r\u00e9put\u00e9 pour ses nombreux dangers et ses naufrages.<\/p><p>Face \u00e0 l\u2019accroissement du trafic maritime, la tour Colbert se r\u00e9v\u00e9la insuffisante. Elle laissa alors place au phare actuel, \u00e9rig\u00e9 en 1834 et op\u00e9rationnel d\u00e8s le 1er d\u00e9cembre 1836. C\u2019est le phare le plus ancien toujours en fonction en France, apr\u00e8s celui de Cordouan, et il a \u00e9t\u00e9 distingu\u00e9 comme monument historique en 2012.<\/p><h3>Architecture et sp\u00e9cificit\u00e9s techniques<\/h3><p>Le phare de Chassiron se distingue par sa structure cylindrique en pierre, s\u2019\u00e9levant \u00e0 43 m\u00e8tres de hauteur et couronn\u00e9e d\u2019une lanterne m\u00e9tallique. Son design, caract\u00e9ris\u00e9 par un rev\u00eatement blanc ponctu\u00e9 de trois bandes noires, le diff\u00e9rencie nettement du phare des Baleines sur l\u2019\u00eele de R\u00e9.<\/p><p>Dot\u00e9 d\u2019une lampe halog\u00e8ne de 1 500 W, il \u00e9met un signal lumineux blanc par s\u00e9quences de 10 secondes. Ces huit faisceaux peuvent \u00eatre vus jusqu\u2019\u00e0 52 km de distance, gr\u00e2ce \u00e0 une hauteur focale de 50 m\u00e8tres. Le phare a \u00e9t\u00e9 automatis\u00e9 en 1998 et est depuis g\u00e9r\u00e9 \u00e0 distance depuis La Rochelle.<\/p><p>L\u2019ascension vers la plateforme sommitale se fait par 224 marches, dont 189 en granite et 35 en m\u00e9tal. Une fois en haut, les visiteurs peuvent jouir d\u2019un panorama spectaculaire sur l\u2019oc\u00e9an, les \u00eeles alentour et le continent, incluant des vues remarquables sur le rocher d\u2019Antioche, l\u2019\u00eele d\u2019Aix, le fort Boyard, l\u2019\u00eele de R\u00e9, La Rochelle et le nord de l\u2019\u00eele d\u2019Ol\u00e9ron.<\/p><h2><span style=\"font-size: 18pt;\">Planifier votre visite au Phare de Chassiron<\/span><\/h2><h3>Horaires d\u2019ouverture et p\u00e9riodes conseill\u00e9es<\/h3><p>Le Phare de Chassiron vous accueille tout au long de l\u2019ann\u00e9e, tous les jours sauf le 25 d\u00e9cembre et le 1er janvier. Les heures d\u2019ouverture s\u2019adaptent aux saisons : de 9h30 \u00e0 20h30 durant l\u2019\u00e9t\u00e9 et de 10h30 \u00e0 17h en hiver.<\/p><p>Notez que l\u2019acc\u00e8s aux billets se termine 30 minutes avant la fermeture du site. La visite peut \u00eatre affect\u00e9e par les conditions m\u00e9t\u00e9orologiques, notamment en pr\u00e9sence de risques orageux ou de vents d\u00e9passant 70 km\/h.<\/p><p>Le Phare de Chassiron est particuli\u00e8rement pris\u00e9 en \u00e9t\u00e9. Pour \u00e9viter les longues files et optimiser votre passage, pr\u00e9f\u00e9rez les heures creuses, hors 10h30-13h et 15h-18h30 en saison estivale. Consultez \u00e9galement le site officiel pour identifier les meilleurs moments de visite.<\/p><h3>Tarifs et billetterie<\/h3><p>L\u2019entr\u00e9e offre l\u2019acc\u00e8s \u00e0 la fois au phare et au mus\u00e9e, avec des tarifs adapt\u00e9s \u00e0 divers profils pour 2024 :<\/p><ul><li>Adultes et enfants de 13 ans et plus : 4\u20ac40<\/li><li>Enfants de 6 \u00e0 12 ans : 2\u20ac80<\/li><li>Entr\u00e9e gratuite pour les moins de 6 ans et les d\u00e9tenteurs de la carte handicap\u00e9<\/li><li>Le Pass Familial : 12\u20ac (inclut 2 tarifs pleins et 2 tarifs r\u00e9duits)<\/li><\/ul><p>Des tarifs pr\u00e9f\u00e9rentiels sont propos\u00e9s aux groupes sur r\u00e9servation, que ce soit pour les adultes (\u00e0 partir de 10 personnes) ou pour les structures \u00e9ducatives et de loisirs. Les billets sont disponibles sur place ou via le site officiel du Phare de Chassiron.<\/p><h3>Conseils pratiques pour une visite agr\u00e9able<\/h3><p>Pour une exp\u00e9rience r\u00e9ussie, suivez ces recommandations :<\/p><ul><li>Comptez environ 1h30 pour explorer le phare, le mus\u00e9e et le jardin.<\/li><li>Portez des chaussures confortables pour monter les 224 marches du phare.<\/li><li>N\u2019oubliez pas de l\u2019eau, un chapeau et de la cr\u00e8me solaire, surtout en \u00e9t\u00e9.<\/li><li>Respectez les r\u00e8gles de s\u00e9curit\u00e9, les mesures de distanciation sociale et portez un masque dans les espaces clos.<\/li><li>Les animaux de compagnie ne sont pas admis dans le phare ni dans le jardin. Assurez-vous de ne pas les laisser dans votre v\u00e9hicule.<\/li><li>Profitez de la vue spectaculaire sur l\u2019oc\u00e9an, les \u00eeles environnantes et le continent depuis le sommet du phare.<\/li><\/ul><h2><span style=\"font-size: 18pt;\">Autour du Phare de Chassiron : mus\u00e9e, jardin et plus<\/span><\/h2><h3>Le Mus\u00e9e : un voyage \u00e0 travers le temps<\/h3><p>Explorez le mus\u00e9e abrit\u00e9 par le phare de Chassiron pour d\u00e9couvrir la vie des habitants de la c\u00f4te entre terre et mer. Avec ses six salles th\u00e9matiques, le mus\u00e9e vous permet d\u2019explorer de v\u00e9ritables objets, des maquettes d\u00e9taill\u00e9es, des vid\u00e9os et des t\u00e9moignages captivants.<\/p><p>D\u00e9couvrez tout sur l\u2019histoire du phare, les m\u00e9thodes de p\u00eache traditionnelles, les cultures locales, ainsi que sur la faune et la flore de la r\u00e9gion. Profitez \u00e9galement du parcours spectacle \u201cLes Gens de la C\u00f4te\u201d, qui raconte l\u2019histoire \u00e9mouvante d\u2019un jeune naufrag\u00e9 \u00e0 la pointe de Chassiron.<\/p><h3>Le Jardin du Phare de Chassiron : entre terre et mer<\/h3><p><strong>Le jardin contemporain du phare, con\u00e7u en forme de rose des vents et labellis\u00e9 \u201cJardin Remarquable\u201d en 2007, entoure le phare de Chassiron.<\/strong> Il est compos\u00e9 de quatre bassins et d\u2019am\u00e9nagements p\u00e9dagogiques, offrant des anecdotes, des dictons et des perspectives uniques sur le paysage.<\/p><p>Le jardin met en avant deux types de v\u00e9g\u00e9tation : une partie moderne avec gramin\u00e9es et plantes d\u2019ornement, et une partie traditionnelle avec 21 vari\u00e9t\u00e9s de roses, un potager et des vignes. Il offre une exp\u00e9rience sensorielle enrichissante avec des bornes audio en trois langues, une carte en relief avec traduction en braille, et un jardin des senteurs.<\/p><h3>Activit\u00e9s et points d\u2019int\u00e9r\u00eat \u00e0 proximit\u00e9<\/h3><p>Outre le phare de Chassiron, la pointe nord de l\u2019\u00eele d\u2019Ol\u00e9ron regorge d\u2019activit\u00e9s et de curiosit\u00e9s :<\/p><ul><li>L\u2019\u00e9cluse \u00e0 poissons de Chassiron, qui utilise une construction en pierre pour capturer les poissons \u00e0 mar\u00e9e basse.<\/li><li>L\u2019estran de Chassiron, espace rocheux riche en biodiversit\u00e9 o\u00f9 observer coquillages, crustac\u00e9s, algues et oiseaux marins.<\/li><li>Le port de Saint-Denis-d\u2019Ol\u00e9ron, charmant port de plaisance o\u00f9 savourer des produits de la mer ou partir en excursion vers l\u2019\u00eele d\u2019Aix, le fort Boyard ou La Rochelle.<\/li><li>Le jardin et le marais des oiseaux, refuges o\u00f9 admirer plus de 150 esp\u00e8ces d\u2019oiseaux dans un cadre naturel prot\u00e9g\u00e9.<\/li><li>Le mus\u00e9e de la mer, offrant des collections maritimes, des maquettes de bateaux et de phares, et un aper\u00e7u de la vie li\u00e9e \u00e0 la mer.<\/li><\/ul><h2><span style=\"font-size: 18pt;\">Phare de Chassiron \u2013 Conclusion<\/span><\/h2><p>Le phare de Chassiron, situ\u00e9 sur l\u2019\u00eele d\u2019Ol\u00e9ron, est <a href=\"https:\/\/cparici.com\/fr\/les-plus-beaux-phares-de-charente-maritime\/\">un monument incontournable<\/a> offrant une vue imprenable sur l\u2019oc\u00e9an, les \u00eeles alentour et la terre ferme. Ce site historique se distingue par son architecture unique, son mus\u00e9e captivant, son jardin paisible et son \u00e9cluse traditionnelle d\u00e9di\u00e9e aux poissons. \u00c0 cela s\u2019ajoutent diverses attractions et activit\u00e9s situ\u00e9es non loin de l\u00e0, telles que le charmant port de Saint-Denis-d\u2019Ol\u00e9ron, le jardin des oiseaux riche en couleurs, le marais des oiseaux propice \u00e0 l\u2019observation et le passionnant mus\u00e9e de la mer.<\/p><p>Visiter le phare de Chassiron est une exp\u00e9rience enrichissante \u00e0 ne pas manquer lors de votre passage sur l\u2019\u00eele d\u2019Ol\u00e9ron.<\/p><p>Ne tardez donc pas et planifiez votre visite d\u00e8s aujourd\u2019hui en r\u00e9servant votre billet directement sur le site officiel. Une aventure m\u00e9morable vous attend !<\/p><h2>FAQ<\/h2><h3>Pourquoi le phare de Chassiron est noir et blanc ?<\/h3><p>Le phare de Chassiron <a href=\"https:\/\/chassiron.jimdo.com\/\" target=\"_blank\" rel=\"noopener\">arbore des couleurs noir et blanc<\/a> pour deux motifs essentiels. Premi\u00e8rement, cela augmente sa visibilit\u00e9 de loin en contrastant nettement avec le ciel et la mer. Deuxi\u00e8mement, cette particularit\u00e9 vise \u00e0 le diff\u00e9rencier du phare des Baleines, situ\u00e9 sur l\u2019\u00eele de R\u00e9, qui est tout blanc.<\/p><h3>Quel est le phare le plus haut de France ?<\/h3><p>En Martinique, le phare de La Caravelle prend la premi\u00e8re place avec une hauteur impressionnante de 162,55 m au-dessus du niveau de la mer, offrant une port\u00e9e lumineuse de 23 milles.<\/p><p>Sur le territoire m\u00e9tropolitain, le phare de l\u2019\u00eele Vierge en Finist\u00e8re domine avec ses 82,5 m de hauteur, \u00e9clairant jusqu\u2019\u00e0 27 milles alentour.<\/p><h3>Quel phare visiter en Charente-Maritime ?<\/h3><p>La Charente-Maritime est riche en merveilles maritimes, proposant plusieurs phares d\u2019exception \u00e0 visiter. Le phare de Cordouan, joyau inscrit au Patrimoine mondial de l\u2019UNESCO, le phare des Baleines sur <a href=\"https:\/\/cparici.com\/fr\/visiter-ile-de-re\/\">l\u2019\u00eele de R\u00e9<\/a>, le phare de la Coubre \u00e0 la pointe de l\u2019Arvert, et celui de Chassiron sur l\u2019\u00eele d\u2019Ol\u00e9ron se d\u00e9tachent particuli\u00e8rement.<\/p><p>Ils offrent non seulement des panoramas magnifiques sur le littoral et l\u2019oc\u00e9an mais aussi des activit\u00e9s enrichissantes telles que des expositions et des animations culturelles.<\/p>\t\t\t\t\t\t\t\t<\/div>\n\t\t\t\t\t<\/div>\n\t\t\t\t<\/div>\n\t\t<div class=\"elementor-element elementor-element-33583361 e-flex e-con-boxed e-con e-parent\" data-id=\"33583361\" data-element_type=\"container\" data-e-type=\"container\">\n\t\t\t\t\t<div class=\"e-con-inner\">\n\t\t<div class=\"elementor-element elementor-element-6cc75e84 e-con-full e-flex e-con e-child\" data-id=\"6cc75e84\" data-element_type=\"container\" data-e-type=\"container\">\n\t\t\t\t<div class=\"elementor-element elementor-element-a6764e5 elementor-widget elementor-widget-text-editor\" data-id=\"a6764e5\" data-element_type=\"widget\" data-e-type=\"widget\" data-widget_type=\"text-editor.default\">\n\t\t\t\t\t\t\t\t\t<p>Cet article a \u00e9t\u00e9 r\u00e9dig\u00e9 par Alex Arts,\u00a0<a href=\"https:\/\/alexantoine-photos.weebly.com\/\" target=\"_blank\" rel=\"noopener\">photographe<\/a>,\u00a0<a href=\"https:\/\/www.linkedin.com\/in\/alex-b-arts\/\" target=\"_blank\" rel=\"noopener\">cr\u00e9ateur de contenu<\/a>, et guide local.<\/p>\t\t\t\t\t\t\t\t<\/div>\n\t\t\t\t<div class=\"elementor-element elementor-element-6c38a54 elementor-widget elementor-widget-author-box\" data-id=\"6c38a54\" data-element_type=\"widget\" data-e-type=\"widget\" data-widget_type=\"author-box.default\">\n\t\t\t\t\t\t\t<div class=\"elementor-author-box\">\n\t\t\t\t\t\t\t<a href=\"https:\/\/www.linkedin.com\/in\/alex-b-arts\/\" class=\"elementor-author-box__avatar\" target=\"_blank\" rel=\"noopener\">\n\t\t\t\t\t<img decoding=\"async\" src=\"https:\/\/cparici.com\/wp-content\/uploads\/2024\/09\/photo-alex-arts-300x300.jpeg\" alt=\"Bild von Alex Arts\" loading=\"lazy\">\n\t\t\t\t<\/a>\n\t\t\t\n\t\t\t<div class=\"elementor-author-box__text\">\n\t\t\t\t\t\t\t\t\t<a href=\"https:\/\/www.linkedin.com\/in\/alex-b-arts\/\" target=\"_blank\" rel=\"noopener\">\n\t\t\t\t\t\t<h4 class=\"elementor-author-box__name\">\n\t\t\t\t\t\t\tAlex Arts\t\t\t\t\t\t<\/h4>\n\t\t\t\t\t<\/a>\n\t\t\t\t\n\t\t\t\t\t\t\t\t\t<div class=\"elementor-author-box__bio\">\n\t\t\t\t\t\t<p>Photographe, cr\u00e9ateur de contenu et local guide<\/p>\n\t\t\t\t\t<\/div>\n\t\t\t\t\n\t\t\t\t\t\t\t<\/div>\n\t\t<\/div>\n\t\t\t\t\t\t<\/div>\n\t\t\t\t<\/div>\n\t\t\t\t\t<\/div>\n\t\t\t\t<\/div>\n\t\t<nav class=\"elementor-element elementor-element-1cc36c4 e-flex e-con-boxed e-con e-parent\" data-id=\"1cc36c4\" data-element_type=\"container\" data-e-type=\"container\">\n\t\t\t\t\t<div class=\"e-con-inner\">\n\t\t\t\t<div class=\"elementor-element elementor-element-304b135 elementor-widget elementor-widget-listeo-posts-grid\" data-id=\"304b135\" data-element_type=\"widget\" data-e-type=\"widget\" data-widget_type=\"listeo-posts-grid.default\">\n\t\t\t\t<div class=\"elementor-widget-container\">\n\t\t\t\t\t\t\t\n\t\t<div class=\"listeo-post-grid-wrapper\">\n\t\t\t<div class=\"row\">\n\n\t\t\t\n\n\t\t\t\t\t\t\t<div class=\"col-md-4\">\n                <a href=\"https:\/\/cparici.com\/de\/mascaret-gironde\/\" class=\"blog-compact-item-container\">\n                    <div class=\"blog-compact-item\">\n                        <img decoding=\"async\" width=\"577\" height=\"201\" src=\"https:\/\/cparici.com\/wp-content\/uploads\/2024\/07\/mascaret-Gironde.jpg\" class=\"attachment-listeo-blog-related-post size-listeo-blog-related-post wp-post-image\" alt=\"Mascaret Gironde\" srcset=\"https:\/\/cparici.com\/wp-content\/uploads\/2024\/07\/mascaret-Gironde.jpg 1520w, https:\/\/cparici.com\/wp-content\/uploads\/2024\/07\/mascaret-Gironde-600x209.jpg 600w, https:\/\/cparici.com\/wp-content\/uploads\/2024\/07\/mascaret-Gironde-300x105.jpg 300w, https:\/\/cparici.com\/wp-content\/uploads\/2024\/07\/mascaret-Gironde-1024x357.jpg 1024w, https:\/\/cparici.com\/wp-content\/uploads\/2024\/07\/mascaret-Gironde-768x268.jpg 768w\" sizes=\"(max-width: 577px) 100vw, 577px\" \/><span class=\"blog-item-tag\">Charente maritime<\/span>                        \n                        <div class=\"blog-compact-item-content\">\n                                                        <h3>Mascaret Gironde \u2013 un ph\u00e9nom\u00e8ne naturel \u00e0 ne pas manquer<\/h3>\n                                                        <p>Le mascaret de la Gironde, une vague spectaculaire remontant l'estuaire, attire chaque ann\u00e9e des curieux...                            <\/p>\n                                                    <\/div>\n                    <\/div>\n                <\/a>\n            <\/div>\n\t\t\t<div class=\"col-md-4\">\n                <a href=\"https:\/\/cparici.com\/de\/grottes-de-regulus-meschers-sur-gironde\/\" class=\"blog-compact-item-container\">\n                    <div class=\"blog-compact-item\">\n                        <img decoding=\"async\" width=\"577\" height=\"255\" src=\"https:\/\/cparici.com\/wp-content\/uploads\/2020\/12\/falaises-grotte-regulus-banniere.jpg\" class=\"attachment-listeo-blog-related-post size-listeo-blog-related-post wp-post-image\" alt=\"grottes de regulus a meschers\" srcset=\"https:\/\/cparici.com\/wp-content\/uploads\/2020\/12\/falaises-grotte-regulus-banniere.jpg 2048w, https:\/\/cparici.com\/wp-content\/uploads\/2020\/12\/falaises-grotte-regulus-banniere-600x264.jpg 600w, https:\/\/cparici.com\/wp-content\/uploads\/2020\/12\/falaises-grotte-regulus-banniere-768x339.jpg 768w\" sizes=\"(max-width: 577px) 100vw, 577px\" \/><span class=\"blog-item-tag\">Charente maritime<\/span>                        \n                        <div class=\"blog-compact-item-content\">\n                                                        <h3>Grottes de Regulus Meschers sur Gironde.<\/h3>\n                                                        <p>D\u00e9couvrez les Grottes de Regulus \u00e0 Meschers sur Gironde, et profitez de la vue sur...                            <\/p>\n                                                    <\/div>\n                    <\/div>\n                <\/a>\n            <\/div>\n\t\t\t<div class=\"col-md-4\">\n                <a href=\"https:\/\/cparici.com\/de\/basilique-st-eutrope-a-saintes\/\" class=\"blog-compact-item-container\">\n                    <div class=\"blog-compact-item\">\n                        <img decoding=\"async\" width=\"577\" height=\"173\" src=\"https:\/\/cparici.com\/wp-content\/uploads\/2021\/04\/basilique-st-eutrope-banniere.jpg\" class=\"attachment-listeo-blog-related-post size-listeo-blog-related-post wp-post-image\" alt=\"basilique sainte eutrope\" srcset=\"https:\/\/cparici.com\/wp-content\/uploads\/2021\/04\/basilique-st-eutrope-banniere.jpg 1521w, https:\/\/cparici.com\/wp-content\/uploads\/2021\/04\/basilique-st-eutrope-banniere-600x180.jpg 600w, https:\/\/cparici.com\/wp-content\/uploads\/2021\/04\/basilique-st-eutrope-banniere-768x230.jpg 768w\" sizes=\"(max-width: 577px) 100vw, 577px\" \/><span class=\"blog-item-tag\">Charente maritime<\/span>                        \n                        <div class=\"blog-compact-item-content\">\n                                                        <h3>Basilique St Eutrope a Saintes<\/h3>\n                                                        <p>La basilique Saint Eutrope est une \u00e9glise situ\u00e9e dans le quartier St Eutrope \u00e0 Saintes,...                            <\/p>\n                                                    <\/div>\n                    <\/div>\n                <\/a>\n            <\/div>\n  <\/div>\n        <\/div>\n        \t\t\t\t<\/div>\n\t\t\t\t<\/div>\n\t\t\t\t\t<\/div>\n\t\t\t\t<\/nav>\n\t\t\t\t<\/div>\n\t\t","protected":false},"excerpt":{"rendered":"<p>Haben Sie Lust, den Leuchtturm von Chassiron, den \u00e4ltesten in Frankreich, zu besichtigen? Verpassen Sie nicht unseren umfassenden Reisef\u00fchrer, Besichtigung und Tipps zur Organisation Ihres Aufenthalts. Der Leuchtturm von chassiron h\u00e4lt \u00dcberraschungen f\u00fcr Sie bereit!<\/p>","protected":false},"author":1,"featured_media":17748,"comment_status":"closed","ping_status":"open","sticky":false,"template":"","format":"standard","meta":{"ngg_post_thumbnail":0,"footnotes":""},"categories":[494,461,727,477,482,480],"tags":[],"class_list":["post-17746","post","type-post","status-publish","format-standard","has-post-thumbnail","hentry","category-phares","category-charente-maritime","category-chassiron","category-france","category-ile-doleron","category-poitou-charentes"],"_links":{"self":[{"href":"https:\/\/cparici.com\/de\/wp-json\/wp\/v2\/posts\/17746","targetHints":{"allow":["GET"]}}],"collection":[{"href":"https:\/\/cparici.com\/de\/wp-json\/wp\/v2\/posts"}],"about":[{"href":"https:\/\/cparici.com\/de\/wp-json\/wp\/v2\/types\/post"}],"author":[{"embeddable":true,"href":"https:\/\/cparici.com\/de\/wp-json\/wp\/v2\/users\/1"}],"replies":[{"embeddable":true,"href":"https:\/\/cparici.com\/de\/wp-json\/wp\/v2\/comments?post=17746"}],"version-history":[{"count":0,"href":"https:\/\/cparici.com\/de\/wp-json\/wp\/v2\/posts\/17746\/revisions"}],"wp:featuredmedia":[{"embeddable":true,"href":"https:\/\/cparici.com\/de\/wp-json\/wp\/v2\/media\/17748"}],"wp:attachment":[{"href":"https:\/\/cparici.com\/de\/wp-json\/wp\/v2\/media?parent=17746"}],"wp:term":[{"taxonomy":"category","embeddable":true,"href":"https:\/\/cparici.com\/de\/wp-json\/wp\/v2\/categories?post=17746"},{"taxonomy":"post_tag","embeddable":true,"href":"https:\/\/cparici.com\/de\/wp-json\/wp\/v2\/tags?post=17746"}],"curies":[{"name":"wp","href":"https:\/\/api.w.org\/{rel}","templated":true}]}}