{"id":17969,"date":"2024-05-19T09:42:21","date_gmt":"2024-05-19T07:42:21","guid":{"rendered":"https:\/\/cparici.com\/?p=17969"},"modified":"2026-02-25T16:00:22","modified_gmt":"2026-02-25T15:00:22","slug":"mousterlin-spitze","status":"publish","type":"post","link":"https:\/\/cparici.com\/de\/pointe-de-mousterlin\/","title":{"rendered":"Spitze von Mousterlin"},"content":{"rendered":"\t\t<div data-elementor-type=\"wp-post\" data-elementor-id=\"17969\" class=\"elementor elementor-17969\" data-elementor-post-type=\"post\">\n\t\t\t\t<div class=\"elementor-element elementor-element-4d008e2 e-con-full e-flex e-con e-parent\" data-id=\"4d008e2\" data-element_type=\"container\" data-e-type=\"container\">\n\t\t\t\t<div class=\"elementor-element elementor-element-b046ce4 elementor-widget elementor-widget-image\" data-id=\"b046ce4\" data-element_type=\"widget\" data-e-type=\"widget\" data-widget_type=\"image.default\">\n\t\t\t\t\t\t\t\t\t\t\t\t\t\t\t<img decoding=\"async\" width=\"1500\" height=\"473\" src=\"https:\/\/cparici.com\/wp-content\/uploads\/2024\/05\/pointe-de-mousterlin.jpg\" class=\"attachment-full size-full wp-image-17970\" alt=\"pointe de mousterlin\" srcset=\"https:\/\/cparici.com\/wp-content\/uploads\/2024\/05\/pointe-de-mousterlin.jpg 1500w, https:\/\/cparici.com\/wp-content\/uploads\/2024\/05\/pointe-de-mousterlin-600x189.jpg 600w, https:\/\/cparici.com\/wp-content\/uploads\/2024\/05\/pointe-de-mousterlin-300x95.jpg 300w, https:\/\/cparici.com\/wp-content\/uploads\/2024\/05\/pointe-de-mousterlin-1024x323.jpg 1024w, https:\/\/cparici.com\/wp-content\/uploads\/2024\/05\/pointe-de-mousterlin-768x242.jpg 768w\" sizes=\"(max-width: 1500px) 100vw, 1500px\" \/>\t\t\t\t\t\t\t\t\t\t\t\t\t\t\t<\/div>\n\t\t\t\t<\/div>\n\t\t<aside class=\"elementor-element elementor-element-658bd45 e-flex e-con-boxed e-con e-parent\" data-id=\"658bd45\" data-element_type=\"container\" data-e-type=\"container\">\n\t\t\t\t\t<div class=\"e-con-inner\">\n\t\t\t\t<div class=\"elementor-element elementor-element-b0a34b9 elementor-widget elementor-widget-global elementor-global-62046 elementor-widget-eael-advanced-search\" data-id=\"b0a34b9\" data-element_type=\"widget\" data-e-type=\"widget\" data-widget_type=\"eael-advanced-search.default\">\n\t\t\t\t\t        <div class=\"eael-adv-search-wrapper\">\n            <div id=\"eael-advanced-search-widget-b0a34b9\" class=\"eael-advanced-search-widget\">\n                <form data-settings=\"{&quot;post_per_page&quot;:5,&quot;search_among_taxonomies&quot;:&quot;&quot;,&quot;search_among_sku&quot;:&quot;no&quot;,&quot;show_popular_keyword&quot;:0,&quot;show_category&quot;:0,&quot;show_content_image&quot;:1,&quot;show_search_result_all_results&quot;:0,&quot;result_on_new_tab&quot;:&quot;no&quot;,&quot;show_product_price&quot;:&quot;no&quot;,&quot;include_current_page&quot;:&quot;no&quot;,&quot;orderby&quot;:&quot;default&quot;,&quot;order&quot;:&quot;DESC&quot;,&quot;current_post_id&quot;:17969,&quot;post_type&quot;:[&quot;post&quot;,&quot;listing&quot;]}\" method=\"POST\" name=\"eael-advanced-search-form-b0a34b9\" class=\"eael-advanced-search-form eael-advanced-search-form-style-2\">\n                    <div class=\"eael-advanced-search-wrap\">\n                        <span class=\"eael-adv-search-loader\"><\/span>\n                        <span class=\"eael-adv-search-close\"><i class=\"fas fa-times\"><\/i><\/span>\n                        <span class=\"icon \"><i class=\"fas fa-search\"><\/i><\/span>\n\n                        <input type=\"text\"\n                               placeholder=\"Votre destination\"\n                               class=\"eael-advanced-search\" autocomplete=\"off\" name=\"eael_advanced_search\">\n                    <\/div>\n\t\t\t\t\t                                    <\/form>\n\n\t\t\t\t\n\t\t\t\t        <div class=\"eael-advanced-search-result\">\n            <div class=\"eael-advanced-search-popular-keyword\">\n\t\t\t\t<h4 class=\"eael-advanced-search-popular-keyword-text\">Recherches populaires<\/h4>                <div class=\"eael-popular-keyword-content\"><\/div>\n            <\/div>\n            <div class=\"eael-advanced-search-category\">\n\t\t\t\t<h4 class=\"eael-advanced-search-category-text\">Categories<\/h4>                <div class=\"eael-popular-category-content\"><\/div>\n            <\/div>\n\t\t\t<div class=\"eael-advanced-search-total-results-section\">\n\t\t\t\t\t\t\t<\/div>\n            <div class=\"eael-advanced-search-content eael-item-style-3\">\n            <\/div>\n            <div class=\"eael-advanced-search-not-found\">\n                <p>Pas de r\u00e9sultats<\/p><\/div>\n            <div class=\"eael-advanced-search-load-more\">\n\t\t\t\t<a \tclass=\"eael-advanced-search-load-more-button\"\n                \thref=\"#\">Voir tous les r\u00e9sultats<\/a>\n            <\/div>\n        <\/div>\n\n\t\t            <\/div>\n        <\/div>\n\n\t\t\t\t\t\t<\/div>\n\t\t\t\t\t<\/div>\n\t\t\t\t<\/aside>\n\t\t<div class=\"elementor-element elementor-element-608b8414 e-flex e-con-boxed e-con e-parent\" data-id=\"608b8414\" data-element_type=\"container\" data-e-type=\"container\">\n\t\t\t\t\t<div class=\"e-con-inner\">\n\t\t\t\t<div class=\"elementor-element elementor-element-695902a6 elementor-widget elementor-widget-text-editor\" data-id=\"695902a6\" data-element_type=\"widget\" data-e-type=\"widget\" data-widget_type=\"text-editor.default\">\n\t\t\t\t\t\t\t\t\t<div class=\"markdown markdown-main-panel\" dir=\"ltr\"><h1 style=\"text-align: center;\" data-sourcepos=\"1:1-1:60\"><span style=\"font-size: 18pt;\"><strong>Pointe de Mousterlin<\/strong><\/span><\/h1><p data-sourcepos=\"1:1-1:60\"><strong><span style=\"font-size: 16px;\">Situ\u00e9e sur la commune de<\/span><span style=\"font-size: 16px;\">\u00a0<\/span><a style=\"font-size: 16px;\" href=\"https:\/\/cparici.com\/fr\/fouesnant-plage-guide-des-spots-familiaux-et-des-clubs-nautiques\/\">Fouesnant<\/a><\/strong><span style=\"font-size: 16px;\"><strong>, la Pointe de Mousterlin<\/strong> d\u00e9voile aux visiteurs un panorama \u00e9poustouflant sur l\u2019oc\u00e9an Atlantique. Cette presqu\u2019\u00eele sauvage, class\u00e9e site Natura 2000, offre un cadre idyllique pour une escapade inoubliable.<\/span><\/p><\/div>\t\t\t\t\t\t\t\t<\/div>\n\t\t\t\t\t<\/div>\n\t\t\t\t<\/div>\n\t\t<aside class=\"elementor-element elementor-element-4df60c6e e-flex e-con-boxed e-con e-parent\" data-id=\"4df60c6e\" data-element_type=\"container\" data-e-type=\"container\" data-settings=\"{&quot;background_background&quot;:&quot;classic&quot;}\">\n\t\t\t\t\t<div class=\"e-con-inner\">\n\t\t\t\t<div class=\"elementor-element elementor-element-4c9e5844 elementor-widget elementor-widget-spacer\" data-id=\"4c9e5844\" data-element_type=\"widget\" data-e-type=\"widget\" data-widget_type=\"spacer.default\">\n\t\t\t\t\t\t\t<div class=\"elementor-spacer\">\n\t\t\t<div class=\"elementor-spacer-inner\"><\/div>\n\t\t<\/div>\n\t\t\t\t\t\t<\/div>\n\t\t\t\t<div class=\"elementor-element elementor-element-34dd511b elementor-widget elementor-widget-heading\" data-id=\"34dd511b\" data-element_type=\"widget\" data-e-type=\"widget\" data-widget_type=\"heading.default\">\n\t\t\t\t\t<h2 class=\"elementor-heading-title elementor-size-default\">H\u00e9bergements de Vacances Fouesnant en direct<\/h2>\t\t\t\t<\/div>\n\t\t\t\t<div class=\"elementor-element elementor-element-a416cf7 elementor-widget elementor-widget-listeo-listings-carousel\" data-id=\"a416cf7\" data-element_type=\"widget\" data-e-type=\"widget\" data-widget_type=\"listeo-listings-carousel.default\">\n\t\t\t\t<div class=\"elementor-widget-container\">\n\t\t\t\t\t        <!-- Carousel \/ Start -->\n        \t<div class=\"simple-slick-carousel dots-nav\" data-slick='{&quot;autoplay&quot;:true,&quot;autoplaySpeed&quot;:3000,&quot;slidesToShow&quot;:3,&quot;slidesToScroll&quot;:1,&quot;responsive&quot;:[{&quot;breakpoint&quot;:1024,&quot;settings&quot;:{&quot;slidesToShow&quot;:2,&quot;slidesToScroll&quot;:1}},{&quot;breakpoint&quot;:768,&quot;settings&quot;:{&quot;slidesToShow&quot;:1,&quot;slidesToScroll&quot;:1}}]}'>\n                <\/div>\n        \t\t\t\t<\/div>\n\t\t\t\t<\/div>\n\t\t\t\t\t<\/div>\n\t\t\t\t<\/aside>\n\t\t<div class=\"elementor-element elementor-element-7c2558e e-flex e-con-boxed e-con e-parent\" data-id=\"7c2558e\" data-element_type=\"container\" data-e-type=\"container\">\n\t\t\t\t\t<div class=\"e-con-inner\">\n\t\t\t\t<div class=\"elementor-element elementor-element-9e8d497 elementor-widget elementor-widget-text-editor\" data-id=\"9e8d497\" data-element_type=\"widget\" data-e-type=\"widget\" data-widget_type=\"text-editor.default\">\n\t\t\t\t\t\t\t\t\t<div class=\"markdown markdown-main-panel\" dir=\"ltr\"><h2 class=\"\" data-sourcepos=\"1:1-1:60\"><span style=\"font-size: 18pt;\">Pointe de Mousterlin : Un paradis sauvage en Bretagne Sud<\/span><\/h2><h3 class=\"\" data-sourcepos=\"3:1-3:32\">Un joyau de la c\u00f4te bretonne<\/h3><p data-sourcepos=\"5:1-5:27\">\u00a0Entre falaises abruptes, criques turquoise et landes fleuries, la Pointe de Mousterlin promet des moments de contemplation et d\u2019aventure inoubliables.<\/p><h3 class=\"\" data-sourcepos=\"7:1-7:27\">Une nature pr\u00e9serv\u00e9e<\/h3><p data-sourcepos=\"9:1-9:421\">La Pointe est un v\u00e9ritable havre de paix pour les amoureux de la nature. Ses sentiers de randonn\u00e9e, accessibles \u00e0 tous les niveaux, vous invitent \u00e0 d\u00e9couvrir une faune et une flore riches et vari\u00e9es. Vous pourrez observer des oiseaux marins, des l\u00e9zards, des lapins et peut-\u00eatre m\u00eame des phoques. La pointe abrite \u00e9galement de nombreuses esp\u00e8ces v\u00e9g\u00e9tales rares, comme l\u2019arm\u00e9ria maritime et l\u2019\u0153illet de mer.<\/p><h4 class=\"\" data-sourcepos=\"11:1-11:30\">Les plus belles plages<\/h4><ul data-sourcepos=\"13:1-19:0\"><li data-sourcepos=\"13:1-14:0\"><p data-sourcepos=\"13:3-13:122\"><strong>Plage de Kerfany:<\/strong> Cette grande plage de sable fin est id\u00e9ale pour la baignade, le farniente et les sports nautiques.<\/p><\/li><li data-sourcepos=\"15:1-16:0\"><p data-sourcepos=\"15:3-15:108\"><strong>Plage de Port-Bara:<\/strong> Cette petite crique abrit\u00e9e est parfaite pour les familles avec de jeunes enfants.<\/p><\/li><li data-sourcepos=\"17:1-19:0\"><p data-sourcepos=\"17:3-18:49\"><strong>Plage de Beg-Meil:<\/strong>Cette plage sauvage offre une vue imprenable sur l\u2019archipel des Gl\u00e9nans.<\/p><div class=\"attachment-container search-images\">\u00a0<\/div><\/li><\/ul><h3 class=\"\" data-sourcepos=\"20:1-20:33\">Activit\u00e9s \u00e0 ne pas manquer<\/h3><ul data-sourcepos=\"22:1-24:85\"><li data-sourcepos=\"22:1-22:126\"><strong>Randonn\u00e9e:<\/strong> De nombreux sentiers de randonn\u00e9e sillonnent la pointe, offrant des points de vue spectaculaires sur la c\u00f4te.<\/li><li data-sourcepos=\"23:1-23:134\"><strong>P\u00eache \u00e0 pied:<\/strong> La Pointe de Mousterlin est un paradis pour les p\u00eacheurs \u00e0 pied. Vous pourrez y ramasser coquillages et crustac\u00e9s.<\/li><li data-sourcepos=\"24:1-24:85\"><strong>Nautisme:<\/strong> La location de kayaks, de paddleboards et de bateaux est possible sur place.<\/li><li data-sourcepos=\"25:1-26:0\"><strong>D\u00e9couverte du patrimoine:<\/strong> La pointe abrite plusieurs sites m\u00e9galithiques et un village de chaumi\u00e8res.<\/li><\/ul><h3 class=\"\" data-sourcepos=\"27:1-27:29\">Pointe de Mousterlin \u2013 Informations pratiques<\/h3><ul data-sourcepos=\"29:1-32:0\"><li data-sourcepos=\"29:1-29:99\"><strong>Acc\u00e8s:<\/strong> La Pointe de Mousterlin est accessible par la route en environ 1 heure depuis Quimper.<\/li><li data-sourcepos=\"30:1-30:90\"><strong>H\u00e9bergement:<\/strong> Vous trouverez des g\u00eetes, des campings et des h\u00f4tels dans les environs.<\/li><li data-sourcepos=\"31:1-32:0\"><strong>Restauration:<\/strong> Plusieurs restaurants et bars se trouvent \u00e0 proximit\u00e9 de la pointe.<\/li><\/ul><h3 class=\"\" data-sourcepos=\"33:1-33:10\">FAQ<\/h3><p data-sourcepos=\"35:1-35:77\"><strong>Q: Quand est-il le meilleur moment pour visiter la Pointe de Mousterlin ?<\/strong><\/p><p data-sourcepos=\"37:1-37:165\">R: Le site est accessible toute l\u2019ann\u00e9e. Cependant, la saison id\u00e9ale pour profiter des plages et des activit\u00e9s nautiques s\u2019\u00e9tend de juin \u00e0 septembre.<\/p><p data-sourcepos=\"39:1-39:61\"><strong>Q: Y a-t-il des restaurants sur la Pointe de Mousterlin ?<\/strong><\/p><p data-sourcepos=\"41:1-41:184\">R: Oui, plusieurs restaurants et bars se trouvent \u00e0 proximit\u00e9 du site. Vous pourrez y d\u00e9guster des sp\u00e9cialit\u00e9s locales telles que les cr\u00eapes, les fruits de mer et le kouign-amann.<\/p><p data-sourcepos=\"43:1-43:30\"><strong>Q: Est-il possible de camper sur la Pointe de Mousterlin ?<\/strong><\/p><p data-sourcepos=\"45:1-45:101\">R: Oui, un camping se trouve \u00e0 proximit\u00e9 de la pointe. Vous pouvez \u00e9galement y louer des mobil-homes.<\/p><p data-sourcepos=\"49:1-49:307\">Que vous soyez amateur de nature, de sports nautiques ou simplement \u00e0 la recherche d\u2019un endroit paisible pour vous d\u00e9tendre, vous <a href=\"https:\/\/fr.wikipedia.org\/wiki\/Mousterlin#:~:text=La%20pointe%20de%20Mousterlin,-La%20plate%2Dforme&text=La%20pointe%20rocheuse%20de%20Mousterlin,en%20France%20par%20son%20%C3%A9tendue.\" target=\"_blank\" rel=\"noopener\">trouverez forc\u00e9ment votre bonheur<\/a> \u00e0 la Pointe de Mousterlin.<\/p><\/div>\t\t\t\t\t\t\t\t<\/div>\n\t\t\t\t\t<\/div>\n\t\t\t\t<\/div>\n\t\t<aside class=\"elementor-element elementor-element-e3904ad e-flex e-con-boxed e-con e-parent\" data-id=\"e3904ad\" data-element_type=\"container\" data-e-type=\"container\">\n\t\t\t\t\t<div class=\"e-con-inner\">\n\t\t\t\t<div class=\"elementor-element elementor-element-dd09eca elementor-widget elementor-widget-listeo-posts-grid\" data-id=\"dd09eca\" data-element_type=\"widget\" data-e-type=\"widget\" data-widget_type=\"listeo-posts-grid.default\">\n\t\t\t\t<div class=\"elementor-widget-container\">\n\t\t\t\t\t\t\t\n\t\t<div class=\"listeo-post-grid-wrapper\">\n\t\t\t<div class=\"row\">\n\n\t\t\t\n\n\t\t\t\t\t\t\t<div class=\"col-md-4\">\n                <a href=\"https:\/\/cparici.com\/de\/les-glenans-navette-prix-tarifs-et-horaires-pour-larchipel\/\" class=\"blog-compact-item-container\">\n                    <div class=\"blog-compact-item\">\n                        <img decoding=\"async\" width=\"577\" height=\"217\" src=\"https:\/\/cparici.com\/wp-content\/uploads\/2024\/06\/les-glenans-navette-prix.jpg\" class=\"attachment-listeo-blog-related-post size-listeo-blog-related-post wp-post-image\" alt=\"les gl\u00e9nans navette prix\" srcset=\"https:\/\/cparici.com\/wp-content\/uploads\/2024\/06\/les-glenans-navette-prix.jpg 1500w, https:\/\/cparici.com\/wp-content\/uploads\/2024\/06\/les-glenans-navette-prix-600x225.jpg 600w, https:\/\/cparici.com\/wp-content\/uploads\/2024\/06\/les-glenans-navette-prix-300x113.jpg 300w, https:\/\/cparici.com\/wp-content\/uploads\/2024\/06\/les-glenans-navette-prix-1024x384.jpg 1024w, https:\/\/cparici.com\/wp-content\/uploads\/2024\/06\/les-glenans-navette-prix-768x288.jpg 768w\" sizes=\"(max-width: 577px) 100vw, 577px\" \/><span class=\"blog-item-tag\">Archipel Les Gl\u00e9nans<\/span>                        \n                        <div class=\"blog-compact-item-content\">\n                                                        <h3>Les Gl\u00e9nans navette prix \u2013 tarifs et horaires pour l\u2019archipel<\/h3>\n                                                        <p>Comment acc\u00e9der aux gl\u00e9nans, le joyau de la Bretagne ? Comparez les prix des navettes...                            <\/p>\n                                                    <\/div>\n                    <\/div>\n                <\/a>\n            <\/div>\n\t\t\t<div class=\"col-md-4\">\n                <a href=\"https:\/\/cparici.com\/de\/location-vacances-a-pont-aven\/\" class=\"blog-compact-item-container\">\n                    <div class=\"blog-compact-item\">\n                        <img decoding=\"async\" width=\"577\" height=\"384\" src=\"https:\/\/cparici.com\/wp-content\/uploads\/2022\/10\/pont-aven-3.jpg\" class=\"attachment-listeo-blog-related-post size-listeo-blog-related-post wp-post-image\" alt=\"port de pont-aven\" srcset=\"https:\/\/cparici.com\/wp-content\/uploads\/2022\/10\/pont-aven-3.jpg 800w, https:\/\/cparici.com\/wp-content\/uploads\/2022\/10\/pont-aven-3-600x400.jpg 600w, https:\/\/cparici.com\/wp-content\/uploads\/2022\/10\/pont-aven-3-768x511.jpg 768w\" sizes=\"(max-width: 577px) 100vw, 577px\" \/><span class=\"blog-item-tag\">Bretagne<\/span>                        \n                        <div class=\"blog-compact-item-content\">\n                                                        <h3>Location Vacances \u00e0 Pont-Aven<\/h3>\n                                                        <p>Recherches populaires Categories Pas de r\u00e9sultats Voir tous les r\u00e9sultats Location Vacances \u00c0 Pont-Aven \u2013...                            <\/p>\n                                                    <\/div>\n                    <\/div>\n                <\/a>\n            <\/div>\n\t\t\t<div class=\"col-md-4\">\n                <a href=\"https:\/\/cparici.com\/de\/meneham\/\" class=\"blog-compact-item-container\">\n                    <div class=\"blog-compact-item\">\n                        <img decoding=\"async\" width=\"577\" height=\"204\" src=\"https:\/\/cparici.com\/wp-content\/uploads\/2025\/07\/cparici-42-577x204.jpg\" class=\"attachment-listeo-blog-related-post size-listeo-blog-related-post wp-post-image\" alt=\"Meneham\" srcset=\"https:\/\/cparici.com\/wp-content\/uploads\/2025\/07\/cparici-42-577x204.jpg 577w, https:\/\/cparici.com\/wp-content\/uploads\/2025\/07\/cparici-42-300x106.jpg 300w, https:\/\/cparici.com\/wp-content\/uploads\/2025\/07\/cparici-42-1024x362.jpg 1024w, https:\/\/cparici.com\/wp-content\/uploads\/2025\/07\/cparici-42-768x271.jpg 768w, https:\/\/cparici.com\/wp-content\/uploads\/2025\/07\/cparici-42-18x6.jpg 18w, https:\/\/cparici.com\/wp-content\/uploads\/2025\/07\/cparici-42-590x208.jpg 590w, https:\/\/cparici.com\/wp-content\/uploads\/2025\/07\/cparici-42-1200x424.jpg 1200w, https:\/\/cparici.com\/wp-content\/uploads\/2025\/07\/cparici-42-600x212.jpg 600w, https:\/\/cparici.com\/wp-content\/uploads\/2025\/07\/cparici-42.jpg 1500w\" sizes=\"(max-width: 577px) 100vw, 577px\" \/><span class=\"blog-item-tag\">Bretagne<\/span>                        \n                        <div class=\"blog-compact-item-content\">\n                                                        <h3>Meneham un joyau de Bretagne<\/h3>\n                                                        <p>Recherches populaires Categories Pas de r\u00e9sultats Voir tous les r\u00e9sultats MENEHAM : un joyau de...                            <\/p>\n                                                    <\/div>\n                    <\/div>\n                <\/a>\n            <\/div>\n  <\/div>\n        <\/div>\n        \t\t\t\t<\/div>\n\t\t\t\t<\/div>\n\t\t\t\t\t<\/div>\n\t\t\t\t<\/aside>\n\t\t\t\t<\/div>\n\t\t","protected":false},"excerpt":{"rendered":"<p>Pointe de Mousterlin : Presqu&#8217;\u00eele sauvage en Bretagne Sud. Plages, randonn\u00e9es, nature, camping.<\/p>","protected":false},"author":1,"featured_media":17970,"comment_status":"closed","ping_status":"open","sticky":false,"template":"","format":"standard","meta":{"ngg_post_thumbnail":0,"footnotes":""},"categories":[763,478,592,479,477],"tags":[765,764],"class_list":["post-17969","post","type-post","status-publish","format-standard","has-post-thumbnail","hentry","category-fouesnant-finistere","category-bretagne","category-bretagne-sud","category-finistere","category-france","tag-cap","tag-pointe"],"_links":{"self":[{"href":"https:\/\/cparici.com\/de\/wp-json\/wp\/v2\/posts\/17969","targetHints":{"allow":["GET"]}}],"collection":[{"href":"https:\/\/cparici.com\/de\/wp-json\/wp\/v2\/posts"}],"about":[{"href":"https:\/\/cparici.com\/de\/wp-json\/wp\/v2\/types\/post"}],"author":[{"embeddable":true,"href":"https:\/\/cparici.com\/de\/wp-json\/wp\/v2\/users\/1"}],"replies":[{"embeddable":true,"href":"https:\/\/cparici.com\/de\/wp-json\/wp\/v2\/comments?post=17969"}],"version-history":[{"count":2,"href":"https:\/\/cparici.com\/de\/wp-json\/wp\/v2\/posts\/17969\/revisions"}],"predecessor-version":[{"id":82041,"href":"https:\/\/cparici.com\/de\/wp-json\/wp\/v2\/posts\/17969\/revisions\/82041"}],"wp:featuredmedia":[{"embeddable":true,"href":"https:\/\/cparici.com\/de\/wp-json\/wp\/v2\/media\/17970"}],"wp:attachment":[{"href":"https:\/\/cparici.com\/de\/wp-json\/wp\/v2\/media?parent=17969"}],"wp:term":[{"taxonomy":"category","embeddable":true,"href":"https:\/\/cparici.com\/de\/wp-json\/wp\/v2\/categories?post=17969"},{"taxonomy":"post_tag","embeddable":true,"href":"https:\/\/cparici.com\/de\/wp-json\/wp\/v2\/tags?post=17969"}],"curies":[{"name":"wp","href":"https:\/\/api.w.org\/{rel}","templated":true}]}}