{"id":35113,"date":"2024-05-24T10:21:37","date_gmt":"2024-05-24T08:21:37","guid":{"rendered":"https:\/\/cparici.com\/?p=35113"},"modified":"2025-03-24T08:01:40","modified_gmt":"2025-03-24T07:01:40","slug":"saint-savinien","status":"publish","type":"post","link":"https:\/\/cparici.com\/de\/saint-savinien\/","title":{"rendered":"Saint Savinien"},"content":{"rendered":"<div data-elementor-type=\"wp-post\" data-elementor-id=\"35113\" class=\"elementor elementor-35113\" data-elementor-post-type=\"post\">\n\t\t\t\t<div class=\"elementor-element elementor-element-0426720 e-con-full e-flex e-con e-parent\" data-id=\"0426720\" data-element_type=\"container\" data-e-type=\"container\">\n\t\t\t\t<div class=\"elementor-element elementor-element-80913fa elementor-widget elementor-widget-image\" data-id=\"80913fa\" data-element_type=\"widget\" data-e-type=\"widget\" data-widget_type=\"image.default\">\n\t\t\t\t\t\t\t\t\t\t\t\t\t\t\t<img decoding=\"async\" width=\"1500\" height=\"522\" src=\"https:\/\/cparici.com\/wp-content\/uploads\/2024\/05\/saint-savinien-photo-des-bords-de-charente.jpg\" class=\"attachment-full size-full wp-image-35114\" alt=\"saint savinien\" srcset=\"https:\/\/cparici.com\/wp-content\/uploads\/2024\/05\/saint-savinien-photo-des-bords-de-charente.jpg 1500w, https:\/\/cparici.com\/wp-content\/uploads\/2024\/05\/saint-savinien-photo-des-bords-de-charente-600x209.jpg 600w, https:\/\/cparici.com\/wp-content\/uploads\/2024\/05\/saint-savinien-photo-des-bords-de-charente-300x104.jpg 300w, https:\/\/cparici.com\/wp-content\/uploads\/2024\/05\/saint-savinien-photo-des-bords-de-charente-1024x356.jpg 1024w, https:\/\/cparici.com\/wp-content\/uploads\/2024\/05\/saint-savinien-photo-des-bords-de-charente-768x267.jpg 768w\" sizes=\"(max-width: 1500px) 100vw, 1500px\" \/>\t\t\t\t\t\t\t\t\t\t\t\t\t\t\t<\/div>\n\t\t\t\t<\/div>\n\t\t<div class=\"elementor-element elementor-element-77ab19d2 e-flex e-con-boxed e-con e-parent\" data-id=\"77ab19d2\" data-element_type=\"container\" data-e-type=\"container\">\n\t\t\t\t\t<div class=\"e-con-inner\">\n\t\t\t\t<div class=\"elementor-element elementor-element-5dfd7348 elementor-widget elementor-widget-text-editor\" data-id=\"5dfd7348\" data-element_type=\"widget\" data-e-type=\"widget\" data-widget_type=\"text-editor.default\">\n\t\t\t\t\t\t\t\t\t<h1 style=\"text-align: center;\"><span style=\"font-size: 18pt;\"><strong>Saint-Savinien<\/strong><\/span><\/h1><p><span style=\"font-size: 16px;\"><strong>Saint-Savinien ist eine kleine Stadt in <a href=\"https:\/\/cparici.com\/de\/besuch-der-charente-maritime-fuhrer-der-besten-seiten-und-aktivitaten\/\">Maritime Charente<\/a>Die Stadt hat ein interessantes Erbe und eine interessante Geschichte.<\/strong> Bekannt f\u00fcr ihre malerischen Landschaften, historischen Denkm\u00e4ler und kulturellen Aktivit\u00e4ten, ist diese Kleinstadt ein beliebtes Ziel f\u00fcr Entdeckungsfreudige und Ruhesuchende.\u00a0<\/span><\/p><h2><span style=\"font-size: 18pt;\">Saint-Savinien en Charente Maritime: Vollst\u00e4ndiger und praktischer F\u00fchrer<\/span><\/h2><p><span style=\"font-size: 16px;\">In diesem Artikel erkunden wir die geografische Lage von Saint-Savinien, liefern praktische Informationen f\u00fcr Besucher und beleuchten die Sehensw\u00fcrdigkeiten und Denkm\u00e4ler, die man in dieser gastfreundlichen Gemeinde nicht verpassen sollte.<\/span><\/p><h2>Geografische Lage von Saint-Savinien<\/h2><h3>Standort und Zugang<\/h3><p>Saint-Savinien liegt im D\u00e9partement Charente Maritime in der Region Nouvelle-Aquitaine im S\u00fcdwesten Frankreichs. Die Gemeinde liegt etwa 40 Kilometer s\u00fcdlich von <a href=\"https:\/\/cparici.com\/de\/was-tun-in-la-rochelle-top-der-unumganglichen-aktivitaten\/\">La Rochelle<\/a> und in der N\u00e4he von <a href=\"https:\/\/cparici.com\/de\/stadt-saintes-praktischer-leitfaden-fur-besucher\/\">die Stadt Saintes<\/a>. Elle est facilement accessible en voiture via l\u2019autoroute A10 et en train, avec la gare de Saint-Savinien desservie par des lignes r\u00e9gionales.<\/p><h3>Klima und Umwelt<\/h3><p>La commune b\u00e9n\u00e9ficie d\u2019un climat oc\u00e9anique temp\u00e9r\u00e9, caract\u00e9ris\u00e9 par des \u00e9t\u00e9s chauds et des hivers doux. La r\u00e9gion est verdoyante et travers\u00e9e par la Charente, offrant des paysages bucoliques et propices \u00e0 la d\u00e9tente et aux activit\u00e9s de plein air.<\/p><h2>Praktische Informationen f\u00fcr Besucher<\/h2><h3>Unterkunft<\/h3><p>Saint-Savinien propose une vari\u00e9t\u00e9 d\u2019options d\u2019h\u00e9bergement, allant des h\u00f4tels confortables aux chambres d\u2019h\u00f4tes charmantes. Pour une exp\u00e9rience authentique, optez pour un s\u00e9jour dans un g\u00eete rural ou une auberge locale.<\/p><h3>Verpflegung<\/h3><p>La commune offre plusieurs restaurants et caf\u00e9s o\u00f9 d\u00e9guster la cuisine locale. Ne manquez pas les sp\u00e9cialit\u00e9s de fruits de mer et les plats traditionnels charentais, accompagn\u00e9s d\u2019un verre de Pineau des Charentes ou de Cognac.<\/p><h3>Lokaler Verkehr<\/h3><p>Um sich fortzubewegen, stehen mehrere M\u00f6glichkeiten zur Verf\u00fcgung. Die Stadt ist durch ein Netz von lokalen und regionalen Bussen gut erschlossen. Um die Umgebung zu erkunden, ist das Mieten von Fahrr\u00e4dern oder Autos ebenfalls eine praktische L\u00f6sung.<\/p><h3>Lokale M\u00e4rkte<\/h3><p data-sourcepos=\"3:1-3:25\"><strong>Wochenmarkt :<\/strong><\/p><ul data-sourcepos=\"5:1-5:27\"><li data-sourcepos=\"5:1-5:27\"><strong>Tag :<\/strong> Freitagmorgen<\/li><li data-sourcepos=\"6:1-6:28\"><strong>Stundenplan:<\/strong> Von 8 Uhr bis 13 Uhr<\/li><li data-sourcepos=\"7:1-8:0\"><strong>Ort :<\/strong> Platz des Rathauses<\/li><\/ul><p data-sourcepos=\"9:1-9:21\"><strong>Nachtmarkt :<\/strong><\/p><ul data-sourcepos=\"11:1-13:26\"><li data-sourcepos=\"11:1-11:31\"><strong>Zeitraum :<\/strong> Juli und August<\/li><li data-sourcepos=\"12:1-12:23\"><strong>Tag :<\/strong> Donnerstagabend<\/li><li data-sourcepos=\"13:1-13:26\"><strong>Stundenplan:<\/strong> Von 19 Uhr bis 23 Uhr<\/li><li data-sourcepos=\"14:1-15:0\"><strong>Ort :<\/strong> Platz des Rathauses<\/li><\/ul><p data-sourcepos=\"16:1-16:15\"><strong>Tr\u00f6delm\u00e4rkte :<\/strong><\/p><ul data-sourcepos=\"18:1-18:35\"><li data-sourcepos=\"18:1-18:35\"><strong>Fr\u00fchlingsflohmarkt :<\/strong> April<\/li><li data-sourcepos=\"19:1-19:30\"><strong>Brocante d\u2019\u00e9t\u00e9 :<\/strong> Juli<\/li><li data-sourcepos=\"20:1-20:34\"><strong>Brocante d\u2019automne :<\/strong> Oktober<\/li><li data-sourcepos=\"21:1-21:28\"><strong>Stundenplan:<\/strong> Von 9 bis 18 Uhr<\/li><li data-sourcepos=\"22:1-23:0\"><strong>Ort :<\/strong> Kirmesfeld<\/li><\/ul><p data-sourcepos=\"24:1-24:34\"><strong>Zus\u00e4tzliche Informationen:<\/strong><\/p><ul data-sourcepos=\"26:1-27:24\"><li data-sourcepos=\"26:1-26:153\">Les dates des brocantes peuvent varier. Renseignez-vous aupr\u00e8s de l\u2019Office de Tourisme de Saint-Savinien-sur-Charente pour conna\u00eetre les dates exactes.<\/li><li data-sourcepos=\"27:1-27:24\">L\u2019acc\u00e8s aux march\u00e9s et brocantes est gratuit.<\/li><\/ul><h2>Sehensw\u00fcrdigkeiten in Saint-Savinien<\/h2><h3>L\u2019\u00c9glise Saint-Savinien<\/h3><p>L\u2019\u00e9glise Saint-Savinien, construite au XIIe si\u00e8cle, est un joyau de l\u2019architecture romane. Elle se distingue par ses magnifiques sculptures et son clocher imposant. Une visite \u00e0 cette \u00e9glise est incontournable pour les amateurs d\u2019histoire et d\u2019architecture.<\/p><h3>Das Schloss von Crazannes<\/h3><p>Befindet sich einige Kilometer von der Gemeinde entfernt, <a href=\"https:\/\/cparici.com\/de\/chateau-de-crazannes-gefuhrte-besichtigung-des-mythischen-stiefelkatzchens\/\">das Schloss von Crazannes<\/a>, surnomm\u00e9 \u201cle ch\u00e2teau du Chat Bott\u00e9\u201d, est un exemple remarquable de l\u2019architecture m\u00e9di\u00e9vale. Les visites guid\u00e9es du ch\u00e2teau et de ses jardins sont disponibles et offrent une plong\u00e9e fascinante dans l\u2019histoire locale.<\/p><h3>Das Steinhaus<\/h3><p>La Maison de la Pierre est un mus\u00e9e d\u00e9di\u00e9 \u00e0 l\u2019histoire de l\u2019exploitation des carri\u00e8res de pierre de la r\u00e9gion. Ce site interactif propose des expositions sur les techniques de taille de pierre et l\u2019usage de cette ressource dans la construction des monuments locaux.<\/p><h3>Die G\u00e4rten von Compostela<\/h3><p>Die G\u00e4rten von Compostela liegen in der N\u00e4he der Charente und bieten eine friedliche Umgebung f\u00fcr einen Spaziergang. Diese Themeng\u00e4rten sind ideal f\u00fcr eine Entspannung mit der Familie oder einen romantischen Ausflug.<\/p><h3>Der Miniaturhafen<\/h3><p>Le Port Miniature de Saint-Savinien est une attraction unique o\u00f9 petits et grands peuvent piloter des r\u00e9pliques miniatures de bateaux. C\u2019est une activit\u00e9 ludique qui ravira les enfants et \u00e9veillera la curiosit\u00e9 des adultes.<\/p><h3>Das Museum der Binnenschifffahrt<\/h3><p>Ce mus\u00e9e retrace l\u2019histoire de la navigation fluviale sur la Charente. Il expose une collection d\u2019objets, de photographies et de mod\u00e8les r\u00e9duits de bateaux, t\u00e9moignant du riche pass\u00e9 maritime de la r\u00e9gion.<\/p><h2>Aktivit\u00e4ten und Freizeit in Saint-Savinien<\/h2><h3>Wandern und Radfahren<\/h3><p>In der Umgebung von Saint-Savinien gibt es zahlreiche Wander- und Radwege. Spazierg\u00e4nge entlang des Flusses Charente oder durch die umliegenden W\u00e4lder sind perfekte Aktivit\u00e4ten f\u00fcr Naturliebhaber.<\/p><h3>Wassersport<\/h3><p>Dank der Charente gibt es in Saint Savinien viele Wassersportaktivit\u00e4ten. Kanufahren, Angeln und Bootstouren sind beliebte Optionen, um die ruhigen und malerischen Gew\u00e4sser der Region zu genie\u00dfen.<\/p><h3>Veranstaltungen und Festivals<\/h3><p>La ville est \u00e9galement anim\u00e9e par divers \u00e9v\u00e9nements et festivals tout au long de l\u2019ann\u00e9e. Le march\u00e9 hebdomadaire, les foires locales et les festivals de musique attirent habitants et visiteurs, cr\u00e9ant une ambiance festive et conviviale.<\/p><p data-sourcepos=\"3:1-3:83\"><strong>Exposition de peintures, sculptures et objets d\u2019Afrique de Philippe Heichelbech<\/strong><\/p><ul data-sourcepos=\"5:1-5:36\"><li data-sourcepos=\"5:1-5:36\"><strong>Termine:<\/strong> Vom 20. Mai bis zum 02. Juni 2024<\/li><li data-sourcepos=\"6:1-6:31\"><strong>Ort :<\/strong> Saal des Belvedere<\/li><li data-sourcepos=\"7:1-7:57\"><strong>Stundenplan:<\/strong> Ge\u00f6ffnet von Dienstag bis Sonntag von 14 bis 18 Uhr<\/li><li data-sourcepos=\"8:1-8:22\"><strong>Tarife :<\/strong> Kostenlos<\/li><li data-sourcepos=\"9:1-9:112\"><strong>Praktische Informationen :<\/strong> Cette exposition pr\u00e9sente des \u0153uvres de Philippe Heichelbech, un artiste fran\u00e7ais qui a v\u00e9cu en Afrique pendant plusieurs ann\u00e9es. L\u2019exposition explore les th\u00e8mes de la culture africaine, de la nature et de la spiritualit\u00e9.<\/li><\/ul><p data-sourcepos=\"11:1-11:52\"><strong>Exposition de Dominique Ramaud & Anne Bosset<\/strong><\/p><ul data-sourcepos=\"13:1-17:123\"><li data-sourcepos=\"13:1-13:35\"><strong>Termine:<\/strong> Vom 03. bis 09. Juni 2024<\/li><li data-sourcepos=\"14:1-14:31\"><strong>Ort :<\/strong> Saal des Belvedere<\/li><li data-sourcepos=\"15:1-15:57\"><strong>Stundenplan:<\/strong> Ge\u00f6ffnet von Dienstag bis Sonntag von 14 bis 18 Uhr<\/li><li data-sourcepos=\"16:1-16:22\"><strong>Tarife :<\/strong> Kostenlos<\/li><li data-sourcepos=\"17:1-17:123\"><strong>Praktische Informationen :<\/strong> Cette exposition pr\u00e9sente des \u0153uvres de Dominique Ramaud, un peintre fran\u00e7ais, et d\u2019Anne Bosset, une sculptrice fran\u00e7aise. Les deux artistes explorent des th\u00e8mes communs tels que la lumi\u00e8re, la couleur et la forme.<\/li><\/ul><p data-sourcepos=\"19:1-19:33\"><strong>Festival de la Motte en Sc\u00e8ne<\/strong><\/p><ul data-sourcepos=\"21:1-26:0\"><li data-sourcepos=\"21:1-21:34\"><strong>Termine:<\/strong> Vom 21. bis 26. Mai 2024<\/li><li data-sourcepos=\"22:1-22:57\"><strong>Ort :<\/strong> Gr\u00fcnes Theater von La Motte Saint-Hilaire<\/li><li data-sourcepos=\"23:1-23:63\"><strong>Programm :<\/strong> Theater-, Musik- und Tanzauff\u00fchrungen<\/li><li data-sourcepos=\"24:1-24:43\"><strong>Tarife :<\/strong> Variieren je nach Auff\u00fchrung<\/li><li data-sourcepos=\"25:1-26:0\"><strong>Praktische Informationen :<\/strong> Das Festival La Motte en Sc\u00e8ne ist ein j\u00e4hrlich stattfindendes Festival, das in Saint-Savinien-sur-Charente stattfindet. Es bietet ein reichhaltiges und abwechslungsreiches Programm f\u00fcr jedes Publikum.<\/li><\/ul><p data-sourcepos=\"27:1-27:23\"><strong>Chorbegegnungen<\/strong><\/p><ul data-sourcepos=\"29:1-33:101\"><li data-sourcepos=\"29:1-29:24\"><strong>Datum :<\/strong> 25. Mai 2024<\/li><li data-sourcepos=\"30:1-30:34\"><strong>Ort :<\/strong> Kirche Saint-Savinien<\/li><li data-sourcepos=\"31:1-31:21\"><strong>Stundenplan:<\/strong> 16h00<\/li><li data-sourcepos=\"32:1-32:22\"><strong>Tarife :<\/strong> Kostenlos<\/li><li data-sourcepos=\"33:1-33:101\"><strong>Praktische Informationen :<\/strong> Les Rencontres Chorales sont un rendez-vous annuel qui r\u00e9unit des chorales de la r\u00e9gion. C\u2019est l\u2019occasion de d\u00e9couvrir des chants polyphoniques de diff\u00e9rents styles.<\/li><\/ul><p data-sourcepos=\"35:1-35:37\"><strong>Festival Un clown dans l\u2019assiette<\/strong><\/p><ul data-sourcepos=\"37:1-42:0\"><li data-sourcepos=\"37:1-37:24\"><strong>Datum :<\/strong> 25. Mai 2024<\/li><li data-sourcepos=\"38:1-38:28\"><strong>Ort :<\/strong> Festsaal<\/li><li data-sourcepos=\"39:1-39:21\"><strong>Stundenplan:<\/strong> 20h00<\/li><li data-sourcepos=\"40:1-40:19\"><strong>Tarife :<\/strong> 10 \u20ac<\/li><li data-sourcepos=\"41:1-42:0\"><strong>Praktische Informationen :<\/strong> Dieses Festival bietet eine Clownshow f\u00fcr Gro\u00df und Klein. Auch das Abendmen\u00fc besteht aus clownesken Gerichten.<\/li><\/ul><p data-sourcepos=\"43:1-43:127\"><strong>En plus de ces \u00e9v\u00e9nements, de nombreuses animations sont organis\u00e9es tout au long de l\u2019ann\u00e9e \u00e0 Saint-Savinien-sur-Charente.<\/strong><\/p><p data-sourcepos=\"45:1-45:202\"><strong>Pour plus d\u2019informations sur les \u00e9v\u00e9nements culturels \u00e0 Saint-Savinien-sur-Charente, vous pouvez consulter le site web de la mairie :<\/strong> https:\/\/www.saint-savinien.fr\/<\/p><h2>FAQ \u2013 Saint Savinien<\/h2><p><strong>Wann ist die beste Zeit, um Saint-Savinien zu besuchen?<\/strong> Die beste Zeit f\u00fcr einen Besuch der Stadt ist von Mai bis September, wenn das Klima am angenehmsten ist und viele Outdoor-Aktivit\u00e4ten angeboten werden.<\/p><p><strong>Gibt es gef\u00fchrte Touren in Saint-Savinien?<\/strong> Oui, plusieurs sites historiques proposent des visites guid\u00e9es, notamment le Ch\u00e2teau de Crazannes et l\u2019\u00e9glise Saint-Savinien. Il est conseill\u00e9 de v\u00e9rifier les horaires et de r\u00e9server \u00e0 l\u2019avance.<\/p><p><strong>Kann man in Saint-Savinien Wassersport betreiben?<\/strong> Ja, die Charente bietet viele M\u00f6glichkeiten f\u00fcr Wassersportaktivit\u00e4ten wie Kanu- und Kajakfahren, Angeln und Bootsfahrten.<\/p><p><strong>Welche kulinarischen Spezialit\u00e4ten kann man in Saint-Savinien probieren?<\/strong> Zu den lokalen Spezialit\u00e4ten geh\u00f6ren Meeresfr\u00fcchte, traditionelle Gerichte aus der Charente sowie Getr\u00e4nke wie Pineau des Charentes und Cognac.<\/p><p><strong>Wie komme ich nach Saint-Savinien?<\/strong> La commune est accessible en voiture via l\u2019autoroute A10, en train avec des liaisons r\u00e9guli\u00e8res, et en bus. Les a\u00e9roports les plus proches sont ceux de La Rochelle et de Bordeaux.<\/p><p><strong>Gibt es j\u00e4hrliche Veranstaltungen, die man in Saint-Savinien nicht verpassen sollte?<\/strong> Ja, der Wochenmarkt, lokale Messen und Musikfestivals sind Gro\u00dfereignisse, die jedes Jahr viele Besucher anziehen.<\/p><h2>Saint Savinien \u2013 Conclusion<\/h2><p>Saint-Savinien in der Charente Maritime ist ein Reiseziel, das reich an Geschichte, Kultur und nat\u00fcrlicher Sch\u00f6nheit ist. Ob Sie <a href=\"https:\/\/fr.wikipedia.org\/wiki\/Saint-Savinien#:~:text=Saint%2DSavinien%20(appel%C3%A9e%20localement%20Saint,habitants%20sont%20appel%C3%A9s%20les%20Savinois.\" target=\"_blank\" rel=\"noopener\">Heimatliebhaber<\/a>Ob Sie sich nun f\u00fcr Natur oder Gastronomie interessieren, diese charmante Gemeinde hat f\u00fcr jeden Geschmack etwas zu bieten. Bereiten Sie Ihren Besuch jetzt vor und lassen Sie sich vom authentischen Charme von Saint-Savinien verf\u00fchren.<\/p>\t\t\t\t\t\t\t\t<\/div>\n\t\t\t\t\t<\/div>\n\t\t\t\t<\/div>\n\t\t\t\t<\/div>","protected":false},"excerpt":{"rendered":"<p>Erkunden Sie Saint-Savinien in der Region Charente Maritime. Entdecken Sie seine Lage, seine praktischen Informationen, seine unumg\u00e4nglichen Sehensw\u00fcrdigkeiten und Denkm\u00e4ler. Reisen Sie anders!<\/p>","protected":false},"author":1,"featured_media":35114,"comment_status":"closed","ping_status":"open","sticky":false,"template":"elementor_header_footer","format":"standard","meta":{"ngg_post_thumbnail":0,"footnotes":""},"categories":[841,461,477,480],"tags":[2426,867,365],"class_list":["post-35113","post","type-post","status-publish","format-standard","has-post-thumbnail","hentry","category-saint-savinien","category-charente-maritime","category-france","category-poitou-charentes","tag-campagne","tag-riviere","tag-village"],"_links":{"self":[{"href":"https:\/\/cparici.com\/de\/wp-json\/wp\/v2\/posts\/35113","targetHints":{"allow":["GET"]}}],"collection":[{"href":"https:\/\/cparici.com\/de\/wp-json\/wp\/v2\/posts"}],"about":[{"href":"https:\/\/cparici.com\/de\/wp-json\/wp\/v2\/types\/post"}],"author":[{"embeddable":true,"href":"https:\/\/cparici.com\/de\/wp-json\/wp\/v2\/users\/1"}],"replies":[{"embeddable":true,"href":"https:\/\/cparici.com\/de\/wp-json\/wp\/v2\/comments?post=35113"}],"version-history":[{"count":0,"href":"https:\/\/cparici.com\/de\/wp-json\/wp\/v2\/posts\/35113\/revisions"}],"wp:featuredmedia":[{"embeddable":true,"href":"https:\/\/cparici.com\/de\/wp-json\/wp\/v2\/media\/35114"}],"wp:attachment":[{"href":"https:\/\/cparici.com\/de\/wp-json\/wp\/v2\/media?parent=35113"}],"wp:term":[{"taxonomy":"category","embeddable":true,"href":"https:\/\/cparici.com\/de\/wp-json\/wp\/v2\/categories?post=35113"},{"taxonomy":"post_tag","embeddable":true,"href":"https:\/\/cparici.com\/de\/wp-json\/wp\/v2\/tags?post=35113"}],"curies":[{"name":"wp","href":"https:\/\/api.w.org\/{rel}","templated":true}]}}