{"id":35306,"date":"2024-05-28T07:37:54","date_gmt":"2024-05-28T05:37:54","guid":{"rendered":"https:\/\/cparici.com\/?p=35306"},"modified":"2025-03-24T10:23:18","modified_gmt":"2025-03-24T09:23:18","slug":"abtei-von-sablonceaux-in-der-charente-maritime","status":"publish","type":"post","link":"https:\/\/cparici.com\/de\/abbaye-de-sablonceaux-en-charente-maritime\/","title":{"rendered":"Abtei von Sablonceaux in der Charente Maritime"},"content":{"rendered":"<div data-elementor-type=\"wp-post\" data-elementor-id=\"35306\" class=\"elementor elementor-35306\" data-elementor-post-type=\"post\">\n\t\t\t\t<div class=\"elementor-element elementor-element-8883722 e-flex e-con-boxed e-con e-parent\" data-id=\"8883722\" data-element_type=\"container\" data-e-type=\"container\">\n\t\t\t\t\t<div class=\"e-con-inner\">\n\t\t\t\t<div class=\"elementor-element elementor-element-1a2932c elementor-widget elementor-widget-image\" data-id=\"1a2932c\" data-element_type=\"widget\" data-e-type=\"widget\" data-widget_type=\"image.default\">\n\t\t\t\t\t\t\t\t\t\t\t\t\t\t\t<img decoding=\"async\" width=\"1500\" height=\"543\" src=\"https:\/\/cparici.com\/wp-content\/uploads\/2024\/05\/abbaye-de-sablonceaux.jpg\" class=\"attachment-full size-full wp-image-35307\" alt=\"abbaye de sablonceaux\" srcset=\"https:\/\/cparici.com\/wp-content\/uploads\/2024\/05\/abbaye-de-sablonceaux.jpg 1500w, https:\/\/cparici.com\/wp-content\/uploads\/2024\/05\/abbaye-de-sablonceaux-600x217.jpg 600w, https:\/\/cparici.com\/wp-content\/uploads\/2024\/05\/abbaye-de-sablonceaux-300x109.jpg 300w, https:\/\/cparici.com\/wp-content\/uploads\/2024\/05\/abbaye-de-sablonceaux-1024x371.jpg 1024w, https:\/\/cparici.com\/wp-content\/uploads\/2024\/05\/abbaye-de-sablonceaux-768x278.jpg 768w\" sizes=\"(max-width: 1500px) 100vw, 1500px\" \/>\t\t\t\t\t\t\t\t\t\t\t\t\t\t\t<\/div>\n\t\t\t\t\t<\/div>\n\t\t\t\t<\/div>\n\t\t<div class=\"elementor-element elementor-element-75a4984c e-flex e-con-boxed e-con e-parent\" data-id=\"75a4984c\" data-element_type=\"container\" data-e-type=\"container\">\n\t\t\t\t\t<div class=\"e-con-inner\">\n\t\t\t\t<div class=\"elementor-element elementor-element-26bf5cf5 elementor-widget elementor-widget-text-editor\" data-id=\"26bf5cf5\" data-element_type=\"widget\" data-e-type=\"widget\" data-widget_type=\"text-editor.default\">\n\t\t\t\t\t\t\t\t\t<h1 style=\"text-align: center;\"><span style=\"font-size: 18pt;\">Abtei von Sablonceaux<\/span><\/h1><p>Gelegen in <a href=\"https:\/\/cparici.com\/de\/besuch-der-charente-maritime-fuhrer-der-besten-seiten-und-aktivitaten\/\">Maritime Charente<\/a>Die Abtei von Sablonceaux ist ein bemerkenswertes historisches Denkmal und stiller Zeuge von Jahrhunderten der Geschichte und Spiritualit\u00e4t. Die im 12. Jahrhundert gegr\u00fcndete Augustinerabtei zieht Besucher wegen ihrer gotischen Architektur, ihrer friedlichen G\u00e4rten und ihrer ruhigen Atmosph\u00e4re an.<\/p><h2><span style=\"font-size: 18pt;\">Geschichte der Abtei von Sablonceaux<\/span><\/h2><p>Die Abtei wurde 1136 von Wilhelm X. von Poitiers, dem Herzog von Aquitanien, gegr\u00fcndet. Im Laufe der Jahrhunderte durchlebte sie Zeiten des Wohlstands und des Niedergangs, insbesondere w\u00e4hrend der Religionskriege. Heute ist die Abtei restauriert und f\u00fcr die \u00d6ffentlichkeit zug\u00e4nglich und bietet einen faszinierenden Einblick in ihre turbulente Vergangenheit.<\/p><h2><span style=\"font-size: 18pt;\">Beschreibung der Abtei<\/span><\/h2><h3>Architektur und Kulturerbe<\/h3><p>Die Architektur der Abtei ist eine harmonische Mischung aus gotischem und romanischem Stil. Das majest\u00e4tische Kirchenschiff, die geschnitzten Kapitelle und die bunten Glasfenster zeugen von der mittelalterlichen Kunst. Der Kreuzgang mit seinen eleganten Arkaden l\u00e4dt zur Kontemplation und Ruhe ein.<\/p><h3>Die G\u00e4rten<\/h3><p>Die G\u00e4rten der Abtei sind eine Oase der Ruhe und eignen sich perfekt f\u00fcr einen entspannenden Spaziergang. Hier findet man eine Vielfalt an Pflanzen und Blumen sowie gepflegte Gr\u00fcnfl\u00e4chen, die zur Gelassenheit des Ortes beitragen.<\/p><h2><span style=\"font-size: 18pt;\">Geographische Lage<\/span><\/h2><p>Die Abtei von Sablonceaux befindet sich im Dorf Sablonceaux zwischen den St\u00e4dten <a href=\"https:\/\/cparici.com\/de\/rochefort-besuchen-die-top-touristischen-unumganglichen-sehenswurdigkeiten\/\">Rochefort<\/a>, <a href=\"https:\/\/cparici.com\/de\/stadt-saintes-praktischer-leitfaden-fur-besucher\/\">Saintes<\/a>und <a href=\"https:\/\/cparici.com\/de\/saujon-umfassender-fuhrer\/\">Saujon<\/a>. Es ist leicht mit dem Auto zu erreichen, wobei ein Parkplatz f\u00fcr Besucher zur Verf\u00fcgung steht.<\/p><h2><span style=\"font-size: 18pt;\">Aktivit\u00e4ten und Veranstaltungen<\/span><\/h2><h3>Gef\u00fchrte Touren<\/h3><p>Es werden regelm\u00e4\u00dfig F\u00fchrungen veranstaltet, bei denen die Besucher die Geschichte der Abtei und ihre Geheimnisse kennenlernen k\u00f6nnen. Die leidenschaftlichen F\u00fchrer teilen spannende Anekdoten und detaillierte Informationen \u00fcber jeden Teil der Abtei.<\/p><h3>Kulturelle Veranstaltungen<\/h3><p>In der Abtei finden das ganze Jahr \u00fcber auch kulturelle Veranstaltungen statt, z. B. Konzerte, Kunstausstellungen und Festivals. Diese Veranstaltungen bereichern das Erlebnis der Besucher und heben das kulturelle Erbe der Region hervor.<\/p><h3>Spirituelle Einkehrtage<\/h3><p>F\u00fcr diejenigen, die auf der Suche nach innerem Frieden sind, bietet die Abtei spirituelle Exerzitien an. Diese Aufenthalte erm\u00f6glichen es, in einer friedlichen und inspirierenden Umgebung fernab von der Hektik des Alltags neue Energie zu tanken.<\/p><h2><span style=\"font-size: 18pt;\">Praktische Informationen<\/span><\/h2><h3>Besuchszeiten<\/h3><p>Die Abtei ist an jedem Tag der Woche ge\u00f6ffnet. Die \u00d6ffnungszeiten variieren je nach Jahreszeit :<\/p><ul><li><strong>April bis September<\/strong> : 10.00 - 18.00 Uhr<\/li><li><strong>Oktober bis M\u00e4rz<\/strong> : 10.00 - 17.00 Uhr<\/li><\/ul><h3>Preise f\u00fcr Besuche<\/h3><p>Die Eintrittspreise sind wie folgt:<\/p><ul><li><strong>Erwachsene<\/strong> : 8 \u20ac<\/li><li><strong>Kinder (6-18 Jahre)<\/strong> : 4 \u20ac<\/li><li><strong>Studierende und Senioren<\/strong> : 6 \u20ac<\/li><li><strong>Kostenlos f\u00fcr Kinder unter 6 Jahren<\/strong><\/li><\/ul><h3>Zugang und Dienstleistungen<\/h3><p>Die Abtei verf\u00fcgt \u00fcber kostenlose Parkpl\u00e4tze, einen Souvenirladen und ein Caf\u00e9, in dem sich die Besucher nach ihrem Besuch entspannen k\u00f6nnen. Einrichtungen f\u00fcr Personen mit eingeschr\u00e4nkter Mobilit\u00e4t sind ebenfalls vorhanden.<\/p><h2><span style=\"font-size: 18pt;\">FAQs zur Abtei von Sablonceaux<\/span><\/h2><h3><strong>Wie sind die \u00d6ffnungszeiten der Abtei von Sablonceaux?<\/strong><\/h3><p>Die Abtei ist von April bis September von 10:00 bis 18:00 Uhr und von Oktober bis M\u00e4rz von 10:00 bis 17:00 Uhr ge\u00f6ffnet.<\/p><h3><strong>Wie viel kostet der Eintritt in die Abtei von Sablonceaux?<\/strong><\/h3><p>Der Eintrittspreis betr\u00e4gt 8 \u20ac f\u00fcr Erwachsene, 4 \u20ac f\u00fcr Kinder zwischen 6 und 18 Jahren, 6 \u20ac f\u00fcr Studenten und Senioren und ist f\u00fcr Kinder unter 6 Jahren kostenlos.<\/p><h3><strong>Bietet die Abtei von Sablonceaux F\u00fchrungen an?<\/strong><\/h3><p>Ja, es werden F\u00fchrungen angeboten, bei denen Sie die Geschichte und die Geheimnisse der Abtei kennenlernen k\u00f6nnen.<\/p><h3><strong>Kann man in der Abtei von Sablonceaux Veranstaltungen organisieren?<\/strong><\/h3><p>Ja, in der Abtei finden verschiedene kulturelle Veranstaltungen wie Konzerte und Kunstausstellungen statt.<\/p><h3><strong>Gibt es in der Abtei von Sablonceaux Einrichtungen f\u00fcr Menschen mit eingeschr\u00e4nkter Mobilit\u00e4t?<\/strong><\/h3><p>Ja, die Abtei verf\u00fcgt \u00fcber Einrichtungen, die f\u00fcr Menschen mit eingeschr\u00e4nkter Mobilit\u00e4t geeignet sind.<\/p><h3><strong>Wo befindet sich die Abtei von Sablonceaux?<\/strong><\/h3><p>Die Abtei befindet sich im Dorf Sablonceaux in der N\u00e4he von Rochefort in der Charente Maritime.<\/p><h2>Schlussfolgerung<\/h2><p>Die Abtei von Sablonceaux ist weit mehr als nur ein historisches Denkmal. Sie ist <a href=\"https:\/\/www.google.fr\/maps\/place\/17600+Sablonceaux\/@45.7115039,-0.9347087,13z\/data=!3m1!4b1!4m6!3m5!1s0x48010d01f3dca7f3:0x405d39260ee95d0!8m2!3d45.7189819!4d-0.888262!16s%2Fm%2F03mcjqv?entry=ttu\" target=\"_blank\" rel=\"noopener\">ein Ort<\/a> des Friedens und der Besinnung, ein dynamisches Kulturzentrum und ein ideales Ziel f\u00fcr einen Ausflug in die Charente Maritime. Ob Sie nun ein Geschichtsliebhaber sind, sich f\u00fcr Architektur begeistern oder nach Gelassenheit suchen, die Abtei von Sablonceaux hat f\u00fcr jeden etwas zu bieten.<\/p>\t\t\t\t\t\t\t\t<\/div>\n\t\t\t\t\t<\/div>\n\t\t\t\t<\/div>\n\t\t\t\t<\/div>","protected":false},"excerpt":{"rendered":"<p>Explorez l&#8217;Abbaye de Sablonceaux en Charente Maritime, un joyau historique offrant des visites guid\u00e9es, des \u00e9v\u00e9nements culturels, et des activit\u00e9s pour toute la famille.<\/p>","protected":false},"author":1,"featured_media":35307,"comment_status":"closed","ping_status":"open","sticky":false,"template":"elementor_header_footer","format":"standard","meta":{"ngg_post_thumbnail":0,"footnotes":""},"categories":[872,461,477,480],"tags":[],"class_list":["post-35306","post","type-post","status-publish","format-standard","has-post-thumbnail","hentry","category-sablonceaux","category-charente-maritime","category-france","category-poitou-charentes"],"_links":{"self":[{"href":"https:\/\/cparici.com\/de\/wp-json\/wp\/v2\/posts\/35306","targetHints":{"allow":["GET"]}}],"collection":[{"href":"https:\/\/cparici.com\/de\/wp-json\/wp\/v2\/posts"}],"about":[{"href":"https:\/\/cparici.com\/de\/wp-json\/wp\/v2\/types\/post"}],"author":[{"embeddable":true,"href":"https:\/\/cparici.com\/de\/wp-json\/wp\/v2\/users\/1"}],"replies":[{"embeddable":true,"href":"https:\/\/cparici.com\/de\/wp-json\/wp\/v2\/comments?post=35306"}],"version-history":[{"count":0,"href":"https:\/\/cparici.com\/de\/wp-json\/wp\/v2\/posts\/35306\/revisions"}],"wp:featuredmedia":[{"embeddable":true,"href":"https:\/\/cparici.com\/de\/wp-json\/wp\/v2\/media\/35307"}],"wp:attachment":[{"href":"https:\/\/cparici.com\/de\/wp-json\/wp\/v2\/media?parent=35306"}],"wp:term":[{"taxonomy":"category","embeddable":true,"href":"https:\/\/cparici.com\/de\/wp-json\/wp\/v2\/categories?post=35306"},{"taxonomy":"post_tag","embeddable":true,"href":"https:\/\/cparici.com\/de\/wp-json\/wp\/v2\/tags?post=35306"}],"curies":[{"name":"wp","href":"https:\/\/api.w.org\/{rel}","templated":true}]}}