{"id":35322,"date":"2024-06-05T19:55:10","date_gmt":"2024-06-05T17:55:10","guid":{"rendered":"https:\/\/cparici.com\/?p=35322"},"modified":"2025-03-25T07:11:47","modified_gmt":"2025-03-25T06:11:47","slug":"quimperle","status":"publish","type":"post","link":"https:\/\/cparici.com\/de\/quimperle\/","title":{"rendered":"Quimperl\u00e9 : Eine Gemeinde im Finist\u00e8re"},"content":{"rendered":"<div data-elementor-type=\"wp-post\" data-elementor-id=\"35322\" class=\"elementor elementor-35322\" data-elementor-post-type=\"post\">\n\t\t\t\t<div class=\"elementor-element elementor-element-9d70e35 e-flex e-con-boxed e-con e-parent\" data-id=\"9d70e35\" data-element_type=\"container\" data-e-type=\"container\">\n\t\t\t\t\t<div class=\"e-con-inner\">\n\t\t\t\t<div class=\"elementor-element elementor-element-2fd0b2a elementor-widget elementor-widget-image\" data-id=\"2fd0b2a\" data-element_type=\"widget\" data-e-type=\"widget\" data-widget_type=\"image.default\">\n\t\t\t\t\t\t\t\t\t\t\t\t\t\t\t<img decoding=\"async\" width=\"1500\" height=\"530\" src=\"https:\/\/cparici.com\/wp-content\/uploads\/2024\/06\/cparici-2025-02-13T142002.815.jpg\" class=\"attachment-full size-full wp-image-57418\" alt=\"Quimperl\u00e9\" srcset=\"https:\/\/cparici.com\/wp-content\/uploads\/2024\/06\/cparici-2025-02-13T142002.815.jpg 1500w, https:\/\/cparici.com\/wp-content\/uploads\/2024\/06\/cparici-2025-02-13T142002.815-300x106.jpg 300w, https:\/\/cparici.com\/wp-content\/uploads\/2024\/06\/cparici-2025-02-13T142002.815-1024x362.jpg 1024w, https:\/\/cparici.com\/wp-content\/uploads\/2024\/06\/cparici-2025-02-13T142002.815-768x271.jpg 768w, https:\/\/cparici.com\/wp-content\/uploads\/2024\/06\/cparici-2025-02-13T142002.815-590x208.jpg 590w, https:\/\/cparici.com\/wp-content\/uploads\/2024\/06\/cparici-2025-02-13T142002.815-1200x424.jpg 1200w, https:\/\/cparici.com\/wp-content\/uploads\/2024\/06\/cparici-2025-02-13T142002.815-577x204.jpg 577w, https:\/\/cparici.com\/wp-content\/uploads\/2024\/06\/cparici-2025-02-13T142002.815-600x212.jpg 600w\" sizes=\"(max-width: 1500px) 100vw, 1500px\" \/>\t\t\t\t\t\t\t\t\t\t\t\t\t\t\t<\/div>\n\t\t\t\t\t<\/div>\n\t\t\t\t<\/div>\n\t\t<div class=\"elementor-element elementor-element-24b073e0 e-flex e-con-boxed e-con e-parent\" data-id=\"24b073e0\" data-element_type=\"container\" data-e-type=\"container\">\n\t\t\t\t\t<div class=\"e-con-inner\">\n\t\t\t\t<div class=\"elementor-element elementor-element-d785ad1 elementor-widget elementor-widget-text-editor\" data-id=\"d785ad1\" data-element_type=\"widget\" data-e-type=\"widget\" data-widget_type=\"text-editor.default\">\n\t\t\t\t\t\t\t\t\t<h1 style=\"text-align: center;\"><span style=\"font-size: 18pt;\">Quimperl\u00e9<\/span><\/h1><p><strong>Gelegen in der <a href=\"https:\/\/www.loclilala.com\/fr\/visiter-le-finistere-guide-ultime-des-lieux-a-decouvrir\/\" target=\"_blank\" rel=\"noopener\">Finist\u00e8re<\/a>, Quimperl\u00e9 est une ville qui regorge de charme et d\u2019histoire.<\/strong> Bekannt f\u00fcr seine malerischen Gassen, lebhaften Festivals und die exquisite K\u00fcche, bietet dieses Reiseziel ein authentisches Erlebnis der Bretagne. In diesem Artikel erkunden wir alles, was Quimperl\u00e9 zu bieten hat, von historischen St\u00e4tten \u00fcber kulturelle Veranstaltungen bis hin zu den besten Restaurants.<\/p><h3><strong>Beschreibung von Quimperl\u00e9<\/strong><\/h3><p>Quimperl\u00e9 ist eine Gemeinde im D\u00e9partement Finist\u00e8re, in <a href=\"https:\/\/cparici.com\/de\/besuche-die-bretagne-fuhrer-der-zu-erkundenden-statten-und-stadte\/\">Bretagne<\/a>. La ville est c\u00e9l\u00e8bre pour son architecture m\u00e9di\u00e9vale, ses maisons \u00e0 pans de bois, et ses paysages naturels magnifiques. Avec une riche histoire remontant \u00e0 plusieurs si\u00e8cles, Quimperl\u00e9 est une destination incontournable pour les amateurs de culture et d\u2019histoire.<\/p><h3><strong>Geographische Lage<\/strong><\/h3><h3 data-start=\"363\" data-end=\"407\"><strong data-start=\"366\" data-end=\"405\">Wie komme ich nach Quimperl\u00e9?<\/strong><\/h3><h3 data-start=\"409\" data-end=\"432\"><strong data-start=\"416\" data-end=\"430\">Mit dem Auto<\/strong><\/h3><ul data-start=\"433\" data-end=\"582\"><li data-start=\"433\" data-end=\"493\">Seit <strong data-start=\"442\" data-end=\"452\">Rennes<\/strong> : Ungef\u00e4hr <strong data-start=\"463\" data-end=\"471\">2h15<\/strong> \u00fcber die N24 und N165.<\/li><li data-start=\"494\" data-end=\"538\">Seit <strong data-start=\"503\" data-end=\"512\">Brest<\/strong> : <strong data-start=\"515\" data-end=\"523\">1h15<\/strong> \u00fcber die N165.<\/li><li data-start=\"539\" data-end=\"582\">Seit <strong data-start=\"548\" data-end=\"558\">Nantes<\/strong> : <strong data-start=\"561\" data-end=\"567\">2h<\/strong> \u00fcber die N165.<\/li><\/ul><h3 data-start=\"584\" data-end=\"605\"><strong data-start=\"591\" data-end=\"603\">Mit dem Zug<\/strong><\/h3><ul data-start=\"606\" data-end=\"725\"><li data-start=\"606\" data-end=\"665\"><strong data-start=\"608\" data-end=\"629\">Bahnhof Quimperl\u00e9<\/strong> auf der Linie <strong data-start=\"643\" data-end=\"662\">Paris \u2013 Quimper<\/strong>.<\/li><li data-start=\"666\" data-end=\"725\">Fahrtzeit mit dem TGV : <strong data-start=\"693\" data-end=\"722\">Ca. 3:40 Stunden von Paris<\/strong>.<\/li><\/ul><h3 data-start=\"727\" data-end=\"746\"><strong data-start=\"734\" data-end=\"744\">Mit dem Bus<\/strong><\/h3><ul data-start=\"747\" data-end=\"818\"><li data-start=\"747\" data-end=\"818\">Netzwerk <strong data-start=\"756\" data-end=\"765\">Bibus<\/strong> und <strong data-start=\"769\" data-end=\"786\">Busse BreizhGo<\/strong> f\u00fcr regionale Verbindungen.<\/li><\/ul><h3 data-start=\"820\" data-end=\"841\"><strong data-start=\"827\" data-end=\"839\">Mit dem Flugzeug<\/strong><\/h3><ul data-start=\"842\" data-end=\"958\"><li data-start=\"842\" data-end=\"911\"><strong data-start=\"844\" data-end=\"880\">Flughafen Lorient Bretagne Sud<\/strong> \u00e0 <strong data-start=\"883\" data-end=\"897\">25 Minuten<\/strong> mit dem Auto.<\/li><li data-start=\"912\" data-end=\"958\"><strong data-start=\"914\" data-end=\"944\">Flughafen Brest Bretagne<\/strong> \u00e0 <strong data-start=\"947\" data-end=\"955\">1h15<\/strong>.<\/li><\/ul><h4><strong>Quimperl\u00e9: Standort und Anreise<\/strong><\/h4><p>Die Stadt liegt im S\u00fcden des Finist\u00e8re und befindet sich am Zusammenfluss der Fl\u00fcsse Isole und Ell\u00e9. Die Stadt ist leicht mit dem Auto \u00fcber die N165 oder mit dem Zug \u00fcber den gut angebundenen Bahnhof zu erreichen. Quimperl\u00e9 liegt au\u00dferdem in der N\u00e4he von gr\u00f6\u00dferen St\u00e4dten wie Lorient und Quimper, was die Stadt zu einem idealen Ausgangspunkt f\u00fcr die Erkundung der Region macht.<\/p><h4><strong>Klima und Umwelt<\/strong><\/h4><p>Das Klima in Quimperl\u00e9 ist ozeanisch mit milden Wintern und gem\u00e4\u00dfigten Sommern. Es gibt h\u00e4ufig Niederschl\u00e4ge, die jedoch zu dem \u00fcppigen Gr\u00fcn beitragen, das die Region pr\u00e4gt. Naturliebhaber werden die umliegenden W\u00e4lder und die Wanderwege zu sch\u00e4tzen wissen.<\/p><h3><strong>Kulturelle Aktivit\u00e4ten und Veranstaltungen in Quimperl\u00e9<\/strong><\/h3><h4><strong>J\u00e4hrliche Veranstaltungen<\/strong><\/h4><p>Quimperl\u00e9 est connue pour ses nombreux \u00e9v\u00e9nements annuels qui attirent des visiteurs de toute la r\u00e9gion. Le plus c\u00e9l\u00e8bre est sans doute le Festival de la Saint-Croix, une c\u00e9l\u00e9bration religieuse et culturelle qui se d\u00e9roule chaque ann\u00e9e en septembre. Les rues de la ville s\u2019animent alors avec des d\u00e9fil\u00e9s, des concerts, et des march\u00e9s artisanaux.<\/p><h4><strong>Festivals und Veranstaltungen<\/strong><\/h4><p><strong>Neben dem Festival des Heiligen Kreuzes<\/strong>, Quimperl\u00e9 accueille \u00e9galement des festivals de musique, des expositions d\u2019art, et des march\u00e9s locaux tout au long de l\u2019ann\u00e9e. Le Festival des Rias, par exemple, est un \u00e9v\u00e9nement de th\u00e9\u00e2tre de rue qui a lieu en \u00e9t\u00e9 et qui transforme les rues de Quimperl\u00e9 en sc\u00e8ne artistique.<\/p><h4><strong>Outdoor-Aktivit\u00e4ten<\/strong><\/h4><p>F\u00fcr diejenigen, die Aktivit\u00e4ten im Freien bevorzugen, bietet die Gemeinde eine Vielzahl von M\u00f6glichkeiten. Die Fl\u00fcsse Isole und Ell\u00e9 eignen sich hervorragend zum Kanufahren, w\u00e4hrend die umliegenden Wanderwege atemberaubende Ausblicke auf die bretonische Landschaft bieten. Die nahe gelegenen Str\u00e4nde, wie z. B. die von Le Pouldu, sind ideal f\u00fcr einen entspannten Tag am Meer.<\/p><h2 data-start=\"1252\" data-end=\"1294\"><span style=\"font-size: 18pt;\"><strong data-start=\"1255\" data-end=\"1292\">Was man in Quimperl\u00e9 sehen und tun kann<\/strong><\/span><\/h2><h3 data-start=\"1296\" data-end=\"1330\"><strong data-start=\"1300\" data-end=\"1328\">\u00a0Kulturerbe und Kultur<\/strong><\/h3><ul data-start=\"1331\" data-end=\"1602\"><li data-start=\"1331\" data-end=\"1410\"><strong data-start=\"1333\" data-end=\"1356\">Abtei Sainte-Croix<\/strong> (12. Jh.): Meisterwerk der bretonischen Romanik.<\/li><li data-start=\"1411\" data-end=\"1463\"><strong data-start=\"1413\" data-end=\"1428\">Blumige Br\u00fccke<\/strong> : Eines der Wahrzeichen der Stadt.<\/li><li data-start=\"1464\" data-end=\"1529\"><strong data-start=\"1466\" data-end=\"1503\">Kirche Notre-Dame-de-l'Assomption<\/strong> und seinem typischen Glockenturm.<\/li><li data-start=\"1530\" data-end=\"1602\"><strong data-start=\"1532\" data-end=\"1554\">Haus der Bogensch\u00fctzen<\/strong> (16. Jahrhundert) : Sch\u00f6nes Fachwerkhaus.<\/li><\/ul><h3 data-start=\"1604\" data-end=\"1634\"><strong data-start=\"1608\" data-end=\"1632\">\u00a0Natur und Spazierg\u00e4nge<\/strong><\/h3><ul data-start=\"1635\" data-end=\"1877\"><li data-start=\"1635\" data-end=\"1699\"><strong data-start=\"1637\" data-end=\"1657\">Tal des Ell\u00e9<\/strong> : Ideal zum Wandern und Kajakfahren.<\/li><li data-start=\"1700\" data-end=\"1793\"><strong data-start=\"1702\" data-end=\"1724\">Str\u00e4nde der La\u00efta<\/strong> In der N\u00e4he, perfekt zum Schwimmen und f\u00fcr Wassersport.<\/li><li data-start=\"1794\" data-end=\"1877\"><strong data-start=\"1796\" data-end=\"1820\">Fluss-Rundreise<\/strong> : Ein angenehmer Spaziergang zwischen Fl\u00fcssen und Kulturerbe.<\/li><\/ul><h3 data-start=\"1879\" data-end=\"1915\"><strong data-start=\"1883\" data-end=\"1913\">\u00a0Veranstaltungen und Festivals<\/strong><\/h3><ul data-start=\"1916\" data-end=\"2068\"><li data-start=\"1916\" data-end=\"1973\"><strong data-start=\"1918\" data-end=\"1939\">Festival des Rias<\/strong> (Stra\u00dfenauff\u00fchrungen - Ende August).<\/li><li data-start=\"1974\" data-end=\"2009\"><strong data-start=\"1976\" data-end=\"1994\">Weihnachtsmarkt<\/strong> im Dezember.<\/li><li data-start=\"2010\" data-end=\"2068\"><strong data-start=\"2012\" data-end=\"2042\">Les Mercredis de Quimperl\u00e9 (Mittwochs in Quimperl\u00e9)<\/strong> : Sommeranimationen.<\/li><\/ul><h3><strong>Sehensw\u00fcrdigkeiten in Quimperl\u00e9<\/strong><\/h3><h4><strong>Historisches Erbe<\/strong><\/h4><p>Das historische Erbe ist vielf\u00e4ltig. Die Stadt besitzt viele historische Geb\u00e4ude, darunter mittelalterliche H\u00e4user und religi\u00f6se Bauten. Bei einem Spaziergang durch die Altstadt werden Sie an jeder Stra\u00dfenecke architektonische Juwelen entdecken.<\/p><h4><strong>Religi\u00f6se Geb\u00e4ude<\/strong><\/h4><p><strong>L\u2019abbaye Sainte-Croix est sans doute l\u2019un des sites les plus remarquables de Quimperl\u00e9<\/strong>. Fond\u00e9e au XIe si\u00e8cle, cette abbaye b\u00e9n\u00e9dictine est un exemple exceptionnel d\u2019architecture romane. La chapelle Saint-David et l\u2019\u00e9glise Notre-Dame-de-l\u2019Assomption sont \u00e9galement des lieux de visite incontournables.<\/p><h4><strong>Museen und Galerien<\/strong><\/h4><p>La commune abrite plusieurs mus\u00e9es et galeries d\u2019art qui m\u00e9ritent une visite. Le mus\u00e9e du Faou\u00ebt, par exemple, expose des \u0153uvres d\u2019artistes locaux et r\u00e9gionaux, tandis que la galerie de l\u2019Ell\u00e9 pr\u00e9sente des expositions temporaires d\u2019art contemporain.<\/p><h4><strong>Spazierg\u00e4nge und Wanderungen<\/strong><\/h4><p>Die Umgebung von Quimperl\u00e9 eignet sich hervorragend f\u00fcr Spazierg\u00e4nge und Wanderungen. Der Z\u00f6llnerpfad oder GR34 bietet spektakul\u00e4re Ausblicke auf die bretonische K\u00fcste. Naturliebhaber k\u00f6nnen au\u00dferdem den Wald von Carno\u00ebt erkunden, ein friedlicher Ort, der sich ideal f\u00fcr einen Familienausflug eignet.<\/p><h3><strong>Die besten Restaurants in Quimperl\u00e9<\/strong><\/h3><h4><strong>Lokale Gastronomie<\/strong><\/h4><p>Die bretonische Gastronomie ist ber\u00fchmt f\u00fcr ihre frischen Produkte und authentischen Aromen. Sie werden sicherlich lokale Spezialit\u00e4ten wie Cr\u00eapes und Galettes, Meeresfr\u00fcchte und bretonisches Geb\u00e4ck wie Kouign-amann probieren k\u00f6nnen.<\/p><h4><strong>Empfohlene Restaurants<\/strong><\/h4><p>La ville comporte quelques restaurants qui proposent une cuisine d\u00e9licieuse et vari\u00e9e. Parmi les adresses \u00e0 ne pas manquer, on trouve le restaurant La Table de Laouenan, r\u00e9put\u00e9 pour ses plats traditionnels revisit\u00e9s, et L\u2019Auberge de la Marine, o\u00f9 les fruits de mer sont \u00e0 l\u2019honneur. Pour une exp\u00e9rience culinaire raffin\u00e9e, La Roseraie est \u00e9galement une excellente option.<\/p><h3><strong>Quimperl\u00e9: Eine gastfreundliche Stadt<\/strong><\/h3><h3 data-start=\"2637\" data-end=\"2669\"><strong data-start=\"2640\" data-end=\"2667\">Shopping und M\u00e4rkte<\/strong><\/h3><ul data-start=\"2670\" data-end=\"2895\"><li data-start=\"2670\" data-end=\"2751\"><strong data-start=\"2672\" data-end=\"2695\">Wochenmarkt<\/strong> : Jeden Freitagmorgen auf dem Place Saint-Michel.<\/li><li data-start=\"2752\" data-end=\"2814\"><strong data-start=\"2754\" data-end=\"2790\">Bio-Markt und lokale Produzenten<\/strong> : Mittwochabends.<\/li><li data-start=\"2815\" data-end=\"2895\"><strong data-start=\"2817\" data-end=\"2842\">Handwerksl\u00e4den<\/strong> : Bretonische Produkte, lokale Keramik und Textilien.<\/li><\/ul><h4><strong>Unterk\u00fcnfte und Aufenthalt<\/strong><\/h4><p>Quimperl\u00e9 offre une vari\u00e9t\u00e9 d\u2019h\u00e9bergements pour tous les budgets et tous les go\u00fbts. Des h\u00f4tels de charme aux g\u00eetes ruraux, en passant par les chambres d\u2019h\u00f4tes, vous trouverez forc\u00e9ment un endroit qui correspond \u00e0 vos besoins. Les campings et les locations de vacances sont \u00e9galement des options populaires pour ceux qui souhaitent profiter pleinement de la nature environnante.<\/p><h4><strong>Lokales Leben und Geselligkeit<\/strong><\/h4><p>La vie \u00e0 Quimperl\u00e9 est marqu\u00e9e par une convivialit\u00e9 et une hospitalit\u00e9 qui font le charme de la Bretagne. Les habitants sont fiers de leur patrimoine et heureux de partager leurs traditions avec les visiteurs. Les march\u00e9s locaux, les f\u00eates de village, et les soir\u00e9es dans les bars et caf\u00e9s sont autant d\u2019occasions de rencontrer les Quimperlois et de d\u00e9couvrir leur mode de vie.<\/p><h3><strong>Praktische Tipps f\u00fcr einen Besuch in Quimperl\u00e9<\/strong><\/h3><h4><strong>Beste Reisezeit<\/strong><\/h4><p>Die beste Zeit f\u00fcr einen Besuch in Quimperl\u00e9 ist von Mai bis September, wenn das Wetter am sch\u00f6nsten ist und viele Veranstaltungen stattfinden. Allerdings hat jede Jahreszeit ihren eigenen Reiz, und selbst im Winter bietet Quimperl\u00e9 zauberhafte Landschaften und eine friedliche Atmosph\u00e4re.<\/p><h4><strong>Sich bewegen<\/strong><\/h4><p>Sich fortzubewegen ist dank des gut ausgebauten \u00f6ffentlichen Verkehrsnetzes einfach. Die Stadt verf\u00fcgt \u00fcber Buslinien, die die wichtigsten Viertel und die Umgebung anfahren. F\u00fcr diejenigen, die lieber zu Fu\u00df gehen, ist Quimperl\u00e9 eine Stadt von \u00fcberschaubarer Gr\u00f6\u00dfe, die sich angenehm zu Fu\u00df erkunden l\u00e4sst. Auch das Ausleihen von Fahrr\u00e4dern ist eine praktische und umweltfreundliche M\u00f6glichkeit, die Gegend zu erkunden.<\/p><h3><strong>FAQ\u00a0<\/strong><\/h3><p><strong>Was sind die Hauptattraktionen in Quimperl\u00e9?<\/strong><br \/>Les principales attractions de la ville incluent l\u2019abbaye Sainte-Croix, les maisons m\u00e9di\u00e9vales, et les sentiers de randonn\u00e9e environnants.<\/p><p><strong>Wann ist die beste Zeit, um die Gemeinde zu besuchen?<\/strong><br \/>Die Zeit von Mai bis September ist aufgrund des angenehmen Klimas und der vielen Veranstaltungen ideal, um Quimperl\u00e9 zu besuchen.<\/p><p><strong>Was sind die typischen Gerichte, die man probieren kann?<\/strong><br \/>In Quimperl\u00e9 sollten Sie unbedingt die bretonischen Cr\u00eapes und Galettes, frische Meeresfr\u00fcchte und Geb\u00e4ck wie Kouign-amann probieren.<\/p><p><strong>Was sind die wichtigsten kulturellen Ereignisse?<\/strong><br \/>Das Festival de la Saint-Croix und das Festival des Rias sind zwei der wichtigsten kulturellen Veranstaltungen der Gemeinde, die Besucher aus der ganzen Region anziehen.<\/p><p><strong>Gibt es Outdoor-Aktivit\u00e4ten in Quimperl\u00e9?<\/strong><br \/>Ja, Quimperl\u00e9 bietet zahlreiche Outdoor-Aktivit\u00e4ten, darunter Kanufahren auf Fl\u00fcssen, Wandern auf Wanderwegen und Spazierg\u00e4nge im Wald.<\/p><p><strong>Wie bewegt man sich?<\/strong><br \/>La ville dispose d\u2019un r\u00e9seau de bus efficace et propose \u00e9galement des options de location de v\u00e9los. La ville est compacte et agr\u00e9able \u00e0 explorer \u00e0 pied.<\/p><h3><strong>Schlussfolgerung<\/strong><\/h3><p>Quimperl\u00e9, mit <a href=\"https:\/\/fr.wikipedia.org\/wiki\/Quimperl%C3%A9\" target=\"_blank\" rel=\"noopener\">seine Reicht\u00fcmer<\/a> historiques, ses paysages enchanteurs, et sa vie culturelle dynamique, est une destination qui m\u00e9rite une visite. Que vous soyez passionn\u00e9 par l\u2019histoire, amateur de gastronomie, ou simplement \u00e0 la recherche d\u2019un lieu de d\u00e9tente, cette charmante ville du Finist\u00e8re saura vous s\u00e9duire. Planifiez votre voyage \u00e0 Quimperl\u00e9 et d\u00e9couvrez tout ce que cette perle bretonne a \u00e0 offrir.<\/p>\t\t\t\t\t\t\t\t<\/div>\n\t\t\t\t\t<\/div>\n\t\t\t\t<\/div>\n\t\t\t\t<\/div>","protected":false},"excerpt":{"rendered":"<p>Entdecken Sie Quimperl\u00e9, eine bezaubernde Stadt im Finist\u00e8re, mit historischen St\u00e4tten, kulturellen Festivals und kulinarischen K\u00f6stlichkeiten. Planen Sie jetzt Ihren Besuch!<\/p>","protected":false},"author":1,"featured_media":35586,"comment_status":"closed","ping_status":"open","sticky":false,"template":"elementor_header_footer","format":"standard","meta":{"ngg_post_thumbnail":0,"footnotes":""},"categories":[874,478,479,477],"tags":[],"class_list":["post-35322","post","type-post","status-publish","format-standard","has-post-thumbnail","hentry","category-quimperle","category-bretagne","category-finistere","category-france"],"_links":{"self":[{"href":"https:\/\/cparici.com\/de\/wp-json\/wp\/v2\/posts\/35322","targetHints":{"allow":["GET"]}}],"collection":[{"href":"https:\/\/cparici.com\/de\/wp-json\/wp\/v2\/posts"}],"about":[{"href":"https:\/\/cparici.com\/de\/wp-json\/wp\/v2\/types\/post"}],"author":[{"embeddable":true,"href":"https:\/\/cparici.com\/de\/wp-json\/wp\/v2\/users\/1"}],"replies":[{"embeddable":true,"href":"https:\/\/cparici.com\/de\/wp-json\/wp\/v2\/comments?post=35322"}],"version-history":[{"count":0,"href":"https:\/\/cparici.com\/de\/wp-json\/wp\/v2\/posts\/35322\/revisions"}],"wp:featuredmedia":[{"embeddable":true,"href":"https:\/\/cparici.com\/de\/wp-json\/wp\/v2\/media\/35586"}],"wp:attachment":[{"href":"https:\/\/cparici.com\/de\/wp-json\/wp\/v2\/media?parent=35322"}],"wp:term":[{"taxonomy":"category","embeddable":true,"href":"https:\/\/cparici.com\/de\/wp-json\/wp\/v2\/categories?post=35322"},{"taxonomy":"post_tag","embeddable":true,"href":"https:\/\/cparici.com\/de\/wp-json\/wp\/v2\/tags?post=35322"}],"curies":[{"name":"wp","href":"https:\/\/api.w.org\/{rel}","templated":true}]}}