{"id":35358,"date":"2024-05-29T13:46:33","date_gmt":"2024-05-29T11:46:33","guid":{"rendered":"https:\/\/cparici.com\/?p=35358"},"modified":"2025-03-24T18:29:21","modified_gmt":"2025-03-24T17:29:21","slug":"abbaye-des-chateliers","status":"publish","type":"post","link":"https:\/\/cparici.com\/de\/abbaye-des-chateliers\/","title":{"rendered":"Abbaye des Chateliers auf der \u00cele de R\u00e9 - Eine Reise"},"content":{"rendered":"\t\t<div data-elementor-type=\"wp-post\" data-elementor-id=\"35358\" class=\"elementor elementor-35358\" data-elementor-post-type=\"post\">\n\t\t\t\t<div class=\"elementor-element elementor-element-443147b e-flex e-con-boxed e-con e-parent\" data-id=\"443147b\" data-element_type=\"container\" data-e-type=\"container\">\n\t\t\t\t\t<div class=\"e-con-inner\">\n\t\t\t\t<div class=\"elementor-element elementor-element-11183fe elementor-widget elementor-widget-image\" data-id=\"11183fe\" data-element_type=\"widget\" data-e-type=\"widget\" data-widget_type=\"image.default\">\n\t\t\t\t\t\t\t\t\t\t\t\t\t\t\t<img decoding=\"async\" width=\"1500\" height=\"535\" src=\"https:\/\/cparici.com\/wp-content\/uploads\/2024\/05\/abbaye-des-chateliers.jpg\" class=\"attachment-full size-full wp-image-35360\" alt=\"abbaye des chateliers\" srcset=\"https:\/\/cparici.com\/wp-content\/uploads\/2024\/05\/abbaye-des-chateliers.jpg 1500w, https:\/\/cparici.com\/wp-content\/uploads\/2024\/05\/abbaye-des-chateliers-600x214.jpg 600w, https:\/\/cparici.com\/wp-content\/uploads\/2024\/05\/abbaye-des-chateliers-300x107.jpg 300w, https:\/\/cparici.com\/wp-content\/uploads\/2024\/05\/abbaye-des-chateliers-1024x365.jpg 1024w, https:\/\/cparici.com\/wp-content\/uploads\/2024\/05\/abbaye-des-chateliers-768x274.jpg 768w\" sizes=\"(max-width: 1500px) 100vw, 1500px\" \/>\t\t\t\t\t\t\t\t\t\t\t\t\t\t\t<\/div>\n\t\t\t\t\t<\/div>\n\t\t\t\t<\/div>\n\t\t<div class=\"elementor-element elementor-element-325e4ea9 e-flex e-con-boxed e-con e-parent\" data-id=\"325e4ea9\" data-element_type=\"container\" data-e-type=\"container\">\n\t\t\t\t\t<div class=\"e-con-inner\">\n\t\t\t\t<div class=\"elementor-element elementor-element-41c53c25 elementor-widget elementor-widget-text-editor\" data-id=\"41c53c25\" data-element_type=\"widget\" data-e-type=\"widget\" data-widget_type=\"text-editor.default\">\n\t\t\t\t\t\t\t\t\t<div class=\"min-h-[20px] text-message flex flex-col items-start whitespace-pre-wrap break-words [.text-message+&]:mt-5 juice:w-full juice:items-end overflow-x-auto gap-2\" dir=\"auto\" data-message-author-role=\"assistant\" data-message-id=\"5ece76cf-f27d-4779-95f9-2015658a7e47\"><div class=\"flex w-full flex-col gap-1 juice:empty:hidden juice:first:pt-[3px]\"><div class=\"markdown prose w-full break-words dark:prose-invert light\"><h1 style=\"text-align: center;\"><span style=\"font-size: 18pt;\"><strong>Abbaye des Chateliers<\/strong><\/span><\/h1><p><strong>L\u2019Abbaye des Chateliers est un tr\u00e9sor historique nich\u00e9 sur <a href=\"https:\/\/cparici.com\/fr\/visiter-ile-de-re\/\">l\u2019\u00cele de R\u00e9<\/a><\/strong>. Cet article explore son histoire, son architecture et fournit des informations pratiques pour une visite inoubliable.<\/p><h2><span style=\"font-size: 18pt;\"><strong>Pr\u00e9sentation et Histoire de l\u2019Abbaye des Chateliers<\/strong><\/span><\/h2><p><strong>L\u2019Abbaye des Ch\u00e2teliers, situ\u00e9e sur l\u2019\u00cele de R\u00e9, est un monument embl\u00e9matique<\/strong> qui attire beaucoup de visiteurs. Fond\u00e9e au XIIe si\u00e8cle, cette abbaye cistercienne offre un aper\u00e7u fascinant de l\u2019histoire m\u00e9di\u00e9vale fran\u00e7aise. Dans cet article, nous explorerons l\u2019histoire de l\u2019abbaye, son architecture unique et les d\u00e9tails pratiques pour planifier votre visite.<\/p><h3><strong>Fondation et D\u00e9veloppement<\/strong><\/h3><p>L\u2019Abbaye des Ch\u00e2teliers a \u00e9t\u00e9 fond\u00e9e par des moines cisterciens au XIIe si\u00e8cle. Initialement, elle servait de centre religieux et agricole, jouant un r\u00f4le cl\u00e9 dans le d\u00e9veloppement \u00e9conomique de l\u2019\u00cele de R\u00e9.<\/p><h3><strong>Destruction et Reconstructions<\/strong><\/h3><p>Au cours des si\u00e8cles, l\u2019abbaye a subi plusieurs destructions, notamment lors des guerres de religion au XVIe si\u00e8cle. Chaque fois, elle a \u00e9t\u00e9 partiellement reconstruite, laissant aujourd\u2019hui des ruines charg\u00e9es d\u2019histoire.<\/p><h2><span style=\"font-size: 18pt;\"><strong>Architecture de l\u2019Abbaye des Ch\u00e2teliers<\/strong><\/span><\/h2><h3><strong>Style Cistercien<\/strong><\/h3><p>L\u2019architecture de l\u2019abbaye est caract\u00e9ristique du style cistercien, avec ses lignes \u00e9pur\u00e9es et sa sobri\u00e9t\u00e9. Les ruines actuelles r\u00e9v\u00e8lent des \u00e9l\u00e9ments architecturaux impressionnants malgr\u00e9 leur \u00e9tat de d\u00e9labrement.<\/p><h3><strong>\u00c9l\u00e9ments Notables<\/strong><\/h3><p>Les visiteurs peuvent encore admirer des parties du clo\u00eetre, des chapiteaux sculpt\u00e9s et des fragments de vitraux qui t\u00e9moignent de la splendeur pass\u00e9e de l\u2019abbaye.<\/p><h2><span style=\"font-size: 18pt;\"><strong>Situation de l\u2019Abbaye des Ch\u00e2teliers<\/strong><\/span><\/h2><h3><strong>Localisation G\u00e9ographique<\/strong><\/h3><p>L\u2019abbaye est situ\u00e9e \u00e0 proximit\u00e9 de La Flotte, sur la c\u00f4te nord-est de l\u2019\u00cele de R\u00e9. Elle est facilement accessible en voiture ou \u00e0 v\u00e9lo, une mani\u00e8re populaire de se d\u00e9placer sur l\u2019\u00eele.<\/p><h3><strong>Acc\u00e8s et Transport<\/strong><\/h3><p>Pour acc\u00e9der \u00e0 l\u2019abbaye, vous pouvez emprunter les routes pittoresques de l\u2019\u00cele de R\u00e9, avec des parkings disponibles \u00e0 proximit\u00e9 pour les visiteurs. Les pistes cyclables bien entretenues offrent une alternative agr\u00e9able pour les amateurs de v\u00e9lo.<\/p><h2><span style=\"font-size: 18pt;\"><strong>Informations Pratiques pour Visiter l\u2019Abbaye des Ch\u00e2teliers<\/strong><\/span><\/h2><p data-sourcepos=\"3:1-3:30\"><strong>Adresse:<\/strong> Route, La Pr\u00e9e, 17630 La Flotte, France<\/p><p data-sourcepos=\"5:1-5:91\"><strong>Description:<\/strong> Ruines restaur\u00e9es de la nef et des murs d\u2019une abbaye cistercienne de style gothique \u00e9tablie au XIIe si\u00e8cle.<\/p><p data-sourcepos=\"7:1-7:45\"><strong>Horaires d\u2019ouverture:<\/strong> Ouvert 24h\/24, 7j\/7<\/p><p data-sourcepos=\"13:1-13:33\"><strong>Informations compl\u00e9mentaires:<\/strong><\/p><ul data-sourcepos=\"15:1-19:0\"><li data-sourcepos=\"15:1-15:39\">L\u2019abbaye est accessible gratuitement.<\/li><li data-sourcepos=\"16:1-16:49\">Des visites guid\u00e9es sont disponibles en saison.<\/li><li data-sourcepos=\"17:1-17:60\">Le site offre de belles vues sur la campagne environnante.<\/li><li data-sourcepos=\"18:1-19:0\">Un parking est disponible \u00e0 proximit\u00e9.<\/li><\/ul><p data-sourcepos=\"20:1-20:16\"><strong>A proximit\u00e9:<\/strong><\/p><ul data-sourcepos=\"22:1-26:0\"><li data-sourcepos=\"22:1-22:71\">La Maison du Platin, un \u00e9comus\u00e9e consacr\u00e9 \u00e0 l\u2019histoire de l\u2019\u00eele de R\u00e9<\/li><li data-sourcepos=\"23:1-23:25\">Le village de La Flotte<\/li><li data-sourcepos=\"24:1-24:33\">La plage de la Conche des Dames<\/li><li data-sourcepos=\"25:1-26:0\">Le Phare des Baleines<\/li><\/ul><h3><strong>Horaires et Tarifs<\/strong><\/h3><p>L\u2019acc\u00e8s \u00e0 l\u2019abbaye est libre et gratuit, ce qui en fait une destination accessible pour tous. Elle est ouverte toute l\u2019ann\u00e9e, mais les meilleures p\u00e9riodes pour visiter sont le printemps et l\u2019\u00e9t\u00e9, lorsque le temps est favorable.<\/p><h3><strong>Conseils pour les Visiteurs<\/strong><\/h3><ul><li><strong>Habillez-vous Confortablement :<\/strong> Portez des v\u00eatements et des chaussures adapt\u00e9s pour explorer les ruines.<\/li><li><strong>Apportez de l\u2019Eau et des Collations :<\/strong> Il n\u2019y a pas de commerces \u00e0 proximit\u00e9 imm\u00e9diate de l\u2019abbaye.<\/li><li><strong>Respectez le Site :<\/strong> \u00c9vitez de grimper sur les ruines et suivez les indications pour pr\u00e9server ce patrimoine historique.<\/li><\/ul><h2><span style=\"font-size: 18pt;\">FAQ sur l\u2019abbaye des Chateliers<\/span><\/h2><\/div><\/div><\/div><div class=\"min-h-[20px] text-message flex flex-col items-start whitespace-pre-wrap break-words [.text-message+&]:mt-5 juice:w-full juice:items-end overflow-x-auto gap-2\" dir=\"auto\" data-message-author-role=\"assistant\" data-message-id=\"eaa58082-b54d-40c4-b90b-b37f7f2611e4\"><div class=\"flex w-full flex-col gap-1 juice:empty:hidden juice:first:pt-[3px]\"><div class=\"markdown prose w-full break-words dark:prose-invert light\"><p>Abbaye des Ch\u00e2teliers sur l\u2019\u00cele de R\u00e9**<\/p><h3><strong>Quelle est l\u2019origine de l\u2019Abbaye des Ch\u00e2teliers ?<\/strong><\/h3><p>L\u2019Abbaye des Ch\u00e2teliers a \u00e9t\u00e9 fond\u00e9e au XIIe si\u00e8cle par des moines cisterciens. Elle a jou\u00e9 un r\u00f4le central dans le d\u00e9veloppement \u00e9conomique et religieux de l\u2019\u00cele de R\u00e9.<\/p><h3><strong>Comment puis-je me rendre \u00e0 l\u2019Abbaye des Ch\u00e2teliers ?<\/strong><\/h3><p>L\u2019abbaye est situ\u00e9e pr\u00e8s de La Flotte, sur la c\u00f4te nord-est de l\u2019\u00cele de R\u00e9. Vous pouvez y acc\u00e9der en voiture, avec des parkings disponibles \u00e0 proximit\u00e9, ou en v\u00e9lo en utilisant les pistes cyclables de l\u2019\u00eele.<\/p><h3><strong>L\u2019entr\u00e9e \u00e0 l\u2019abbaye est-elle payante ?<\/strong><\/h3><p>Non, l\u2019acc\u00e8s \u00e0 l\u2019Abbaye des Ch\u00e2teliers est gratuit et ouvert toute l\u2019ann\u00e9e.<\/p><h3><strong>Quelles sont les meilleures p\u00e9riodes pour visiter l\u2019abbaye ?<\/strong><\/h3><p>Le printemps et l\u2019\u00e9t\u00e9 sont les meilleures p\u00e9riodes pour visiter, offrant un temps favorable pour explorer les ruines.<\/p><h3><strong>Y a-t-il des commodit\u00e9s \u00e0 proximit\u00e9 de l\u2019abbaye ?<\/strong><\/h3><p>Il n\u2019y a pas de commerces imm\u00e9diats \u00e0 proximit\u00e9 de l\u2019abbaye, donc il est conseill\u00e9 d\u2019apporter de l\u2019eau et des collations.<\/p><h3><strong>L\u2019abbaye est-elle adapt\u00e9e pour les visites en famille ?<\/strong><\/h3><p>Oui, l\u2019abbaye est une excellente destination pour les familles. Assurez-vous simplement que les enfants respectent les ruines et suivent les indications de s\u00e9curit\u00e9.<\/p><h2><strong>Abbaye des chateliers \u2013 Conclusion<\/strong><\/h2><p>L\u2019Abbaye des Ch\u00e2teliers est une <a href=\"https:\/\/www.google.com\/maps\/place\/La+Flotte\/@46.1786642,-1.3203942,14.25z\/data=!4m6!3m5!1s0x4803ff4059e6b539:0x4e7edfcf66b85c00!8m2!3d46.187198!4d-1.325634!16s%2Fm%2F03mch93?entry=ttu\" target=\"_blank\" rel=\"noopener\">destination<\/a> incontournable pour les amateurs d\u2019histoire et de culture visitant l\u2019\u00cele de R\u00e9. Avec son riche pass\u00e9, son architecture fascinante et son acc\u00e8s libre, elle offre une exp\u00e9rience unique et enrichissante. Planifiez votre visite pour d\u00e9couvrir ce tr\u00e9sor historique et plonger dans l\u2019histoire m\u00e9di\u00e9vale fran\u00e7aise.<\/p><\/div><\/div><\/div>\t\t\t\t\t\t\t\t<\/div>\n\t\t\t\t\t<\/div>\n\t\t\t\t<\/div>\n\t\t\t\t<\/div>\n\t\t","protected":false},"excerpt":{"rendered":"<p>D\u00e9couvrez l&#8217;Abbaye des Chateliers sur l&#8217;\u00cele de R\u00e9 : histoire, architecture, conseils pratiques et FAQ pour une visite enrichissante de ce site historique.<\/p>","protected":false},"author":1,"featured_media":35360,"comment_status":"closed","ping_status":"open","sticky":false,"template":"elementor_header_footer","format":"standard","meta":{"ngg_post_thumbnail":0,"footnotes":""},"categories":[854,461,477,472,480],"tags":[366],"class_list":["post-35358","post","type-post","status-publish","format-standard","has-post-thumbnail","hentry","category-la-flotte-en-re","category-charente-maritime","category-france","category-ile-de-re","category-poitou-charentes","tag-abbaye"],"_links":{"self":[{"href":"https:\/\/cparici.com\/de\/wp-json\/wp\/v2\/posts\/35358","targetHints":{"allow":["GET"]}}],"collection":[{"href":"https:\/\/cparici.com\/de\/wp-json\/wp\/v2\/posts"}],"about":[{"href":"https:\/\/cparici.com\/de\/wp-json\/wp\/v2\/types\/post"}],"author":[{"embeddable":true,"href":"https:\/\/cparici.com\/de\/wp-json\/wp\/v2\/users\/1"}],"replies":[{"embeddable":true,"href":"https:\/\/cparici.com\/de\/wp-json\/wp\/v2\/comments?post=35358"}],"version-history":[{"count":0,"href":"https:\/\/cparici.com\/de\/wp-json\/wp\/v2\/posts\/35358\/revisions"}],"wp:featuredmedia":[{"embeddable":true,"href":"https:\/\/cparici.com\/de\/wp-json\/wp\/v2\/media\/35360"}],"wp:attachment":[{"href":"https:\/\/cparici.com\/de\/wp-json\/wp\/v2\/media?parent=35358"}],"wp:term":[{"taxonomy":"category","embeddable":true,"href":"https:\/\/cparici.com\/de\/wp-json\/wp\/v2\/categories?post=35358"},{"taxonomy":"post_tag","embeddable":true,"href":"https:\/\/cparici.com\/de\/wp-json\/wp\/v2\/tags?post=35358"}],"curies":[{"name":"wp","href":"https:\/\/api.w.org\/{rel}","templated":true}]}}