{"id":35435,"date":"2024-05-31T11:18:15","date_gmt":"2024-05-31T09:18:15","guid":{"rendered":"https:\/\/www.loclilala.com\/?p=35435"},"modified":"2026-02-20T20:07:09","modified_gmt":"2026-02-20T19:07:09","slug":"reede-von-brest","status":"publish","type":"post","link":"https:\/\/cparici.com\/de\/rade-de-brest\/","title":{"rendered":"Rade de Brest - Kompletter F\u00fchrer zu St\u00e4dten und Sehensw\u00fcrdigkeiten"},"content":{"rendered":"\t\t<div data-elementor-type=\"wp-post\" data-elementor-id=\"35435\" class=\"elementor elementor-35435\" data-elementor-post-type=\"post\">\n\t\t\t\t<div class=\"elementor-element elementor-element-e1b6881 e-con-full e-flex e-con e-parent\" data-id=\"e1b6881\" data-element_type=\"container\" data-e-type=\"container\">\n\t\t\t\t<div class=\"elementor-element elementor-element-83b6f23 elementor-widget elementor-widget-image\" data-id=\"83b6f23\" data-element_type=\"widget\" data-e-type=\"widget\" data-widget_type=\"image.default\">\n\t\t\t\t\t\t\t\t\t\t\t\t\t\t\t<img decoding=\"async\" width=\"1550\" height=\"544\" src=\"https:\/\/cparici.com\/wp-content\/uploads\/2024\/05\/rade-de-brest.jpg\" class=\"attachment-full size-full wp-image-35436\" alt=\"rade de brest\" srcset=\"https:\/\/cparici.com\/wp-content\/uploads\/2024\/05\/rade-de-brest.jpg 1550w, https:\/\/cparici.com\/wp-content\/uploads\/2024\/05\/rade-de-brest-600x211.jpg 600w, https:\/\/cparici.com\/wp-content\/uploads\/2024\/05\/rade-de-brest-300x105.jpg 300w, https:\/\/cparici.com\/wp-content\/uploads\/2024\/05\/rade-de-brest-1024x359.jpg 1024w, https:\/\/cparici.com\/wp-content\/uploads\/2024\/05\/rade-de-brest-768x270.jpg 768w, https:\/\/cparici.com\/wp-content\/uploads\/2024\/05\/rade-de-brest-1536x539.jpg 1536w\" sizes=\"(max-width: 1550px) 100vw, 1550px\" \/>\t\t\t\t\t\t\t\t\t\t\t\t\t\t\t<\/div>\n\t\t\t\t<\/div>\n\t\t<aside class=\"elementor-element elementor-element-050a0ee e-flex e-con-boxed e-con e-parent\" data-id=\"050a0ee\" data-element_type=\"container\" data-e-type=\"container\">\n\t\t\t\t\t<div class=\"e-con-inner\">\n\t\t\t\t<div class=\"elementor-element elementor-element-3b0be66 elementor-widget elementor-widget-global elementor-global-62046 elementor-widget-eael-advanced-search\" data-id=\"3b0be66\" data-element_type=\"widget\" data-e-type=\"widget\" data-widget_type=\"eael-advanced-search.default\">\n\t\t\t\t\t        <div class=\"eael-adv-search-wrapper\">\n            <div id=\"eael-advanced-search-widget-3b0be66\" class=\"eael-advanced-search-widget\">\n                <form data-settings=\"{&quot;post_per_page&quot;:5,&quot;search_among_taxonomies&quot;:&quot;&quot;,&quot;search_among_sku&quot;:&quot;no&quot;,&quot;show_popular_keyword&quot;:0,&quot;show_category&quot;:0,&quot;show_content_image&quot;:1,&quot;show_search_result_all_results&quot;:0,&quot;result_on_new_tab&quot;:&quot;no&quot;,&quot;show_product_price&quot;:&quot;no&quot;,&quot;include_current_page&quot;:&quot;no&quot;,&quot;current_post_id&quot;:35435,&quot;post_type&quot;:[&quot;post&quot;,&quot;listing&quot;]}\" method=\"POST\" name=\"eael-advanced-search-form-3b0be66\" class=\"eael-advanced-search-form eael-advanced-search-form-style-2\">\n                    <div class=\"eael-advanced-search-wrap\">\n                        <span class=\"eael-adv-search-loader\"><\/span>\n                        <span class=\"eael-adv-search-close\"><i class=\"fas fa-times\"><\/i><\/span>\n                        <span class=\"icon \"><i class=\"fas fa-search\"><\/i><\/span>\n\n                        <input type=\"text\"\n                               placeholder=\"Votre destination\"\n                               class=\"eael-advanced-search\" autocomplete=\"off\" name=\"eael_advanced_search\">\n                    <\/div>\n\t\t\t\t\t                                    <\/form>\n\n\t\t\t\t\n\t\t\t\t        <div class=\"eael-advanced-search-result\">\n            <div class=\"eael-advanced-search-popular-keyword\">\n\t\t\t\t<h4 class=\"eael-advanced-search-popular-keyword-text\">Recherches populaires<\/h4>                <div class=\"eael-popular-keyword-content\"><\/div>\n            <\/div>\n            <div class=\"eael-advanced-search-category\">\n\t\t\t\t<h4 class=\"eael-advanced-search-category-text\">Categories<\/h4>                <div class=\"eael-popular-category-content\"><\/div>\n            <\/div>\n\t\t\t<div class=\"eael-advanced-search-total-results-section\">\n\t\t\t\t\t\t\t<\/div>\n            <div class=\"eael-advanced-search-content eael-item-style-3\">\n            <\/div>\n            <div class=\"eael-advanced-search-not-found\">\n                <p>Pas de r\u00e9sultats<\/p><\/div>\n            <div class=\"eael-advanced-search-load-more\">\n\t\t\t\t<a \tclass=\"eael-advanced-search-load-more-button\"\n                \thref=\"#\">Voir tous les r\u00e9sultats<\/a>\n            <\/div>\n        <\/div>\n\n\t\t            <\/div>\n        <\/div>\n\n\t\t\t\t\t\t<\/div>\n\t\t\t\t\t<\/div>\n\t\t\t\t<\/aside>\n\t\t<div class=\"elementor-element elementor-element-57699a4d e-flex e-con-boxed e-con e-parent\" data-id=\"57699a4d\" data-element_type=\"container\" data-e-type=\"container\">\n\t\t\t\t\t<div class=\"e-con-inner\">\n\t\t\t\t<div class=\"elementor-element elementor-element-16b8410c elementor-widget elementor-widget-text-editor\" data-id=\"16b8410c\" data-element_type=\"widget\" data-e-type=\"widget\" data-widget_type=\"text-editor.default\">\n\t\t\t\t\t\t\t\t\t<h1 style=\"text-align: center;\"><span style=\"font-size: 18pt;\"><strong>Rade de Brest<\/strong><\/span><\/h1><p><strong>La Rade de Brest, situ\u00e9e dans le <a href=\"https:\/\/www.loclilala.com\/fr\/visiter-le-finistere-guide-ultime-des-lieux-a-decouvrir\/\" target=\"_blank\" rel=\"noopener\">Finist\u00e8re<\/a> en Bretagne, est une baie magnifique<\/strong> et vaste qui offre un m\u00e9lange captivant de paysages naturels, de villes historiques et de points d\u2019int\u00e9r\u00eat culturels. Ce guide complet vous fera d\u00e9couvrir tout ce qu\u2019il y a \u00e0 savoir sur <a href=\"https:\/\/www.loclilala.com\/fr\/brest\/\" target=\"_blank\" rel=\"noopener\">cette destination incontournable<\/a>, y compris les villes charmantes qui l\u2019entourent, les ports pittoresques et les activit\u00e9s \u00e0 ne pas manquer.<\/p>\t\t\t\t\t\t\t\t<\/div>\n\t\t\t\t\t<\/div>\n\t\t\t\t<\/div>\n\t\t<aside class=\"elementor-element elementor-element-42176a28 e-flex e-con-boxed e-con e-parent\" data-id=\"42176a28\" data-element_type=\"container\" data-e-type=\"container\" data-settings=\"{&quot;background_background&quot;:&quot;classic&quot;}\">\n\t\t\t\t\t<div class=\"e-con-inner\">\n\t\t\t\t<div class=\"elementor-element elementor-element-6cb10bad elementor-widget elementor-widget-spacer\" data-id=\"6cb10bad\" data-element_type=\"widget\" data-e-type=\"widget\" data-widget_type=\"spacer.default\">\n\t\t\t\t\t\t\t<div class=\"elementor-spacer\">\n\t\t\t<div class=\"elementor-spacer-inner\"><\/div>\n\t\t<\/div>\n\t\t\t\t\t\t<\/div>\n\t\t\t\t<div class=\"elementor-element elementor-element-77bb886 elementor-widget elementor-widget-heading\" data-id=\"77bb886\" data-element_type=\"widget\" data-e-type=\"widget\" data-widget_type=\"heading.default\">\n\t\t\t\t\t<h2 class=\"elementor-heading-title elementor-size-default\">H\u00e9bergements de Vacances en direct<\/h2>\t\t\t\t<\/div>\n\t\t\t\t<div class=\"elementor-element elementor-element-5a73cfb0 elementor-widget elementor-widget-listeo-listings-carousel\" data-id=\"5a73cfb0\" data-element_type=\"widget\" data-e-type=\"widget\" data-widget_type=\"listeo-listings-carousel.default\">\n\t\t\t\t<div class=\"elementor-widget-container\">\n\t\t\t\t\t        <!-- Carousel \/ Start -->\n        \t<div class=\"simple-slick-carousel dots-nav\" data-slick='{&quot;autoplay&quot;:true,&quot;autoplaySpeed&quot;:3000,&quot;slidesToShow&quot;:3,&quot;slidesToScroll&quot;:1,&quot;responsive&quot;:[{&quot;breakpoint&quot;:1024,&quot;settings&quot;:{&quot;slidesToShow&quot;:2,&quot;slidesToScroll&quot;:1}},{&quot;breakpoint&quot;:768,&quot;settings&quot;:{&quot;slidesToShow&quot;:1,&quot;slidesToScroll&quot;:1}}]}'>\n                            <div class=\"fw-carousel-item\">                    \n                        <!-- Listing Item -->\r\n            <div class=\"col-lg-6 col-md-12\">\r\n                <a href=\"https:\/\/cparici.com\/de\/annonce\/villa-leonie\/\" class=\"listing-item-container listing-geo-data compact\" data-title=\"Villa L\u00e9onie\" data-listing-type=\"rental\" data-classifieds-price=\"\u20ac\" data-friendly-address=\"Kerlouan\" data-address=\"Kerlouan\" data-image=\"https:\/\/cparici.com\/wp-content\/uploads\/2025\/03\/1-520x397.jpg\" data-longitude=\"-4.357733\" data-latitude=\"48.651003\" data-rating=\"5\" data-reviews=\"31\" data-icon=\"<svg xmlns=&quot;http:\/\/www.w3.org\/2000\/svg&quot; width=&quot;800px&quot; height=&quot;800px&quot; viewBox=&quot;0 0 45 45&quot; fill=&quot;none&quot;>\n<path d=&quot;M24.155 8.78099L24.33 8.94499L37.402 21.787L36 23.213L34.2 21.445L34.201 35C34.201 36.054 33.385 36.918 32.35 36.994L32.201 37H12.201C11.147 37 10.283 36.184 10.206 35.149L10.201 35L10.2 21.446L8.402 23.213L7 21.787L20.058 8.95799C21.171 7.82199 22.966 7.75899 24.155 8.78099ZM21.569 10.285L21.473 10.372L12.2 19.481L12.201 35L17.2 34.999L17.201 25C17.201 23.946 18.017 23.082 19.052 23.005L19.201 23H25.201C26.255 23 27.119 23.816 27.196 24.851L27.201 25L27.2 34.999L32.201 35L32.2 19.48L22.901 10.344C22.537 9.98699 21.969 9.96499 21.569 10.285ZM25.201 25H19.201L19.2 34.999H25.2L25.201 25Z&quot; fill=&quot;#3C3C3C&quot;\/>\n<\/svg>\">\r\n            <div class=\"listing-item  featured-listing\">\r\n                <div class=\"listing-small-badges-container\">\r\n                                            <div class=\"listing-small-badge featured-badge\"><i class=\"fa fa-star\"><\/i> Featured<\/div>\r\n                                                                <div class=\"listing-small-badge pricing-badge\"><i class=\"fa fa-tag\"><\/i>360,00\u20ac - 800,00\u20ac<\/div>\r\n                                                            \r\n                                        \r\n                                        \r\n                <\/div>\r\n                <img decoding=\"async\" src=\"https:\/\/cparici.com\/wp-content\/uploads\/2025\/03\/1-520x397.jpg\" alt=\"Villa L\u00e9onie\" class=\"listing-thumbnail\">\r\n                \r\n\r\n                <div class=\"listing-item-content\">\r\n                                                <div class=\"numerical-rating\" data-rating=\"5.0\"><\/div>\r\n                    \r\n                    <h3> Villa L\u00e9onie <\/h3>\r\n                    <span>Kerlouan<\/span>\r\n                <\/div>\r\n                                        <span class=\"save like-icon tooltip left\" title=\"Login To Bookmark Items\"><\/span>\r\n                                                <\/div>\r\n        <\/a>\r\n                    <\/div>\r\n        \r\n\r\n        <!-- Listing Item \/ End -->\n                    <\/div>\n                          <\/div>\n        \t\t\t\t<\/div>\n\t\t\t\t<\/div>\n\t\t\t\t\t<\/div>\n\t\t\t\t<\/aside>\n\t\t<div class=\"elementor-element elementor-element-dadb4bc e-flex e-con-boxed e-con e-parent\" data-id=\"dadb4bc\" data-element_type=\"container\" data-e-type=\"container\">\n\t\t\t\t\t<div class=\"e-con-inner\">\n\t\t\t\t<div class=\"elementor-element elementor-element-f1d92cc elementor-widget elementor-widget-text-editor\" data-id=\"f1d92cc\" data-element_type=\"widget\" data-e-type=\"widget\" data-widget_type=\"text-editor.default\">\n\t\t\t\t\t\t\t\t\t<h2><span style=\"font-size: 18pt;\"><strong>Description de la Rade de Brest<\/strong><\/span><\/h2><p>La Rade de Brest est une vaste \u00e9tendue d\u2019eau prot\u00e9g\u00e9e de l\u2019oc\u00e9an Atlantique par la presqu\u2019\u00eele de Crozon. Avec une superficie de 180 km\u00b2, elle est l\u2019une des plus grandes rades d\u2019Europe. Cette configuration naturelle unique en fait un lieu id\u00e9al pour les activit\u00e9s nautiques et la navigation. Les paysages environnants sont compos\u00e9s de falaises escarp\u00e9es, de plages de sable fin et de petites criques cach\u00e9es.<\/p><h2><span style=\"font-size: 18pt;\"><strong>Villes et Points d\u2019Int\u00e9r\u00eat sur la Rade<\/strong><\/span><\/h2><h3><strong>Brest<\/strong><\/h3><p>Brest est la principale ville de la rade et l\u2019une des plus grandes villes de Bretagne. Elle est connue pour son riche patrimoine maritime et son port militaire. Parmi les attractions de Brest, on trouve le ch\u00e2teau de Brest, l\u2019Oc\u00e9anopolis (un grand aquarium d\u00e9di\u00e9 aux oc\u00e9ans) et le Mus\u00e9e national de la Marine.<\/p><h3><strong>Le Relecq-Kerhuon<\/strong><\/h3><p>Situ\u00e9e \u00e0 l\u2019est de Brest, Le Relecq-Kerhuon est une ville r\u00e9sidentielle charmante avec de belles plages et des parcs verdoyants. C\u2019est un endroit id\u00e9al pour les promenades en famille et les pique-niques.<\/p><h3><strong>Plougastel-Daoulas<\/strong><\/h3><p>Cette ville est c\u00e9l\u00e8bre pour ses fraises d\u00e9licieuses et son magnifique calvaire. Plougastel-Daoulas offre \u00e9galement des vues imprenables sur la rade et est un point de d\u00e9part id\u00e9al pour des excursions en kayak ou en bateau.<\/p><h3><strong>Landerneau<\/strong><\/h3><p>Landerneau est une ville historique situ\u00e9e sur la rivi\u00e8re \u00c9lorn, qui se jette dans la rade. La ville est connue pour son pont habit\u00e9, le Pont de Rohan, et ses maisons \u00e0 pans de bois. Landerneau est \u00e9galement un centre culturel avec des expositions d\u2019art contemporain \u00e0 l\u2019espace culturel H\u00e9l\u00e8ne & \u00c9douard Leclerc.<\/p><h3><strong>Daoulas<\/strong><\/h3><p>Daoulas est un petit village c\u00e9l\u00e8bre pour son abbaye, qui abrite des jardins de plantes m\u00e9dicinales et un centre d\u2019expositions culturelles. Le cadre paisible de Daoulas en fait une destination id\u00e9ale pour ceux qui cherchent \u00e0 se d\u00e9tendre et \u00e0 profiter de la nature.<\/p><h2><span style=\"font-size: 18pt;\"><strong>La Situation de la Rade de Brest<\/strong><\/span><\/h2><h3><strong>G\u00e9ographie<\/strong><\/h3><p>La baie est situ\u00e9e \u00e0 l\u2019extr\u00e9mit\u00e9 ouest de la Bretagne, dans le d\u00e9partement du Finist\u00e8re. Elle est entour\u00e9e par les communes de Brest, Plougastel-Daoulas, et Le Relecq-Kerhuon, parmi d\u2019autres. La rade est reli\u00e9e \u00e0 l\u2019oc\u00e9an Atlantique par le Goulet de Brest, un passage \u00e9troit et profond.<\/p><h3><strong>Climat<\/strong><\/h3><p>Le climat de la baie est oc\u00e9anique, avec des hivers doux et des \u00e9t\u00e9s frais. Les pr\u00e9cipitations sont fr\u00e9quentes tout au long de l\u2019ann\u00e9e, mais le climat reste relativement cl\u00e9ment, ce qui permet de profiter des activit\u00e9s de plein air en toute saison.<\/p><h3><strong>Acc\u00e8s<\/strong><\/h3><p>La rade de Brest est facilement accessible par diff\u00e9rents moyens de transport. L\u2019a\u00e9roport de Brest Bretagne propose des vols nationaux et internationaux, tandis que la gare de Brest est bien desservie par le r\u00e9seau ferroviaire fran\u00e7ais. Les routes nationales et autoroutes facilitent \u00e9galement l\u2019acc\u00e8s en voiture depuis d\u2019autres r\u00e9gions de France.<\/p><h2><span style=\"font-size: 18pt;\"><strong>Informations Pratiques<\/strong><\/span><\/h2><h3><strong>Se D\u00e9placer<\/strong><\/h3><p>La r\u00e9gion autour de la rade est bien desservie par les transports en commun, notamment les bus et les tramways \u00e0 Brest. Pour explorer les petites communes et les sites naturels, la voiture est recommand\u00e9e.<\/p><h3><strong>H\u00e9bergement<\/strong><\/h3><p>Les options d\u2019h\u00e9bergement autour de la baie sont vari\u00e9es, allant des h\u00f4tels de luxe aux chambres d\u2019h\u00f4tes conviviales, en passant par des campings et des locations de vacances.<\/p><h3><strong>Restauration<\/strong><\/h3><p>La gastronomie bretonne est \u00e0 l\u2019honneur autour de la rade, avec de nombreux restaurants proposant des plats \u00e0 base de produits locaux, tels que les fruits de mer, les cr\u00eapes et les galettes.<\/p><h3><strong>Activit\u00e9s et Loisirs<\/strong><\/h3><p>Les activit\u00e9s autour de la rade sont nombreuses : voile, kayak, randonn\u00e9es, visites culturelles et d\u00e9gustations gastronomiques. Les amateurs de nature pourront explorer les nombreux sentiers c\u00f4tiers et les r\u00e9serves naturelles.<\/p><h3>Horaires des mar\u00e9es rade de Brest<\/h3><p><script src=\"https:\/\/services.data.shom.fr\/hdm\/vignette\/petite\/BREST?locale=fr\"><\/script><\/p><h2><span style=\"font-size: 18pt;\"><strong>Les Ports de la Rade de Brest<\/strong><\/span><\/h2><h3><strong>Port de Commerce de Brest<\/strong><\/h3><p>Le port de commerce de Brest est l\u2019un des plus importants de France. Il joue un r\u00f4le crucial dans le transport maritime international et accueille une grande diversit\u00e9 de navires, des cargos aux paquebots de croisi\u00e8re.<\/p><h3><strong>Port de Plaisance du Moulin Blanc<\/strong><\/h3><p>Situ\u00e9 \u00e0 l\u2019est de Brest, le port de plaisance du Moulin Blanc est un endroit populaire pour les plaisanciers. Il offre toutes les commodit\u00e9s n\u00e9cessaires et est proche de plusieurs attractions, notamment l\u2019Oc\u00e9anopolis.<\/p><h3><strong>Port de l\u2019Aber-Wrac\u2019h<\/strong><\/h3><p>Bien que situ\u00e9 \u00e0 l\u2019ext\u00e9rieur imm\u00e9diat de la rade, le port de l\u2019Aber-Wrac\u2019h est souvent associ\u00e9 \u00e0 la r\u00e9gion en raison de sa proximit\u00e9. Il est r\u00e9put\u00e9 pour ses paysages pittoresques et est un point de d\u00e9part id\u00e9al pour explorer la c\u00f4te bretonne.<\/p><h2><span style=\"font-size: 18pt;\"><strong>FAQs sur la Rade de Brest<\/strong><\/span><\/h2><h3><strong>Qu\u2019est-ce que la Rade de Brest ?<\/strong><\/h3><p>La rade est une vaste baie situ\u00e9e dans le Finist\u00e8re, en Bretagne. Elle est connue pour sa beaut\u00e9 naturelle et ses nombreuses activit\u00e9s nautiques.<\/p><h3><strong>Quelles sont les principales villes autour de la Rade de Brest ?<\/strong><\/h3><p>Les principales villes autour de la baie sont Brest, Le Relecq-Kerhuon, Plougastel-Daoulas, Landerneau, et Daoulas.<\/p><h3><strong>Quels sont les principaux ports de la Rade de Brest ?<\/strong><\/h3><p>Les principaux ports de la rade sont le port de commerce de Brest, le port de plaisance du Moulin Blanc, et le port de l\u2019Aber-Wrac\u2019h.<\/p><h3><strong>Quelles activit\u00e9s peut-on faire autour de la Rade de Brest ?<\/strong><\/h3><p>Autour de la rade, on peut pratiquer la voile, le kayak, la randonn\u00e9e, visiter des sites culturels et historiques, et d\u00e9guster des sp\u00e9cialit\u00e9s culinaires locales.<\/p><h3><strong>Comment acc\u00e9der \u00e0 la Rade de Brest ?<\/strong><\/h3><p>La rade de Brest est accessible par avion via l\u2019a\u00e9roport de Brest Bretagne, par train via la gare de Brest, et par route gr\u00e2ce aux r\u00e9seaux autoroutiers et routiers.<\/p><h3><strong>Quelle est la meilleure p\u00e9riode pour visiter la Rade de Brest ?<\/strong><\/h3><p>La meilleure p\u00e9riode pour visiter la rade de Brest est de mai \u00e0 septembre, lorsque le climat est le plus agr\u00e9able et les activit\u00e9s de plein air sont en plein essor.<\/p><h2><strong>Rade de Brest \u2013 Conclusion<\/strong><\/h2><p>La Rade de Brest est une <a href=\"https:\/\/fr.wikipedia.org\/wiki\/Rade_de_Brest\" target=\"_blank\" rel=\"noopener\">destination<\/a> incontournable en Bretagne, offrant une richesse de paysages, de villes charmantes et d\u2019activit\u00e9s pour tous les go\u00fbts. Que vous soyez passionn\u00e9 d\u2019histoire, amateur de sports nautiques ou simplement \u00e0 la recherche de d\u00e9tente, la rade de Brest a quelque chose \u00e0 offrir \u00e0 chacun. Planifiez votre visite d\u00e8s aujourd\u2019hui et d\u00e9couvrez tout ce que cette magnifique r\u00e9gion a \u00e0 offrir.<\/p>\t\t\t\t\t\t\t\t<\/div>\n\t\t\t\t\t<\/div>\n\t\t\t\t<\/div>\n\t\t<aside class=\"elementor-element elementor-element-2badd563 e-flex e-con-boxed e-con e-parent\" data-id=\"2badd563\" data-element_type=\"container\" data-e-type=\"container\">\n\t\t\t\t\t<div class=\"e-con-inner\">\n\t\t\t\t<div class=\"elementor-element elementor-element-3da20d24 elementor-widget elementor-widget-listeo-posts-grid\" data-id=\"3da20d24\" data-element_type=\"widget\" data-e-type=\"widget\" data-widget_type=\"listeo-posts-grid.default\">\n\t\t\t\t<div class=\"elementor-widget-container\">\n\t\t\t\t\t\t\t\n\t\t<div class=\"listeo-post-grid-wrapper\">\n\t\t\t<div class=\"row\">\n\n\t\t\t\n\n\t\t\t\t\t\t\t<div class=\"col-md-4\">\n                <a href=\"https:\/\/cparici.com\/de\/chateau-de-keriolet-guide-complet-pour-votre-visite\/\" class=\"blog-compact-item-container\">\n                    <div class=\"blog-compact-item\">\n                        <img decoding=\"async\" width=\"577\" height=\"199\" src=\"https:\/\/cparici.com\/wp-content\/uploads\/2024\/04\/chateau-de-keriolet-a-concarneau.jpg\" class=\"attachment-listeo-blog-related-post size-listeo-blog-related-post wp-post-image\" alt=\"chateau de keriolet a concarneau\" srcset=\"https:\/\/cparici.com\/wp-content\/uploads\/2024\/04\/chateau-de-keriolet-a-concarneau.jpg 1320w, https:\/\/cparici.com\/wp-content\/uploads\/2024\/04\/chateau-de-keriolet-a-concarneau-600x207.jpg 600w, https:\/\/cparici.com\/wp-content\/uploads\/2024\/04\/chateau-de-keriolet-a-concarneau-300x104.jpg 300w, https:\/\/cparici.com\/wp-content\/uploads\/2024\/04\/chateau-de-keriolet-a-concarneau-1024x354.jpg 1024w, https:\/\/cparici.com\/wp-content\/uploads\/2024\/04\/chateau-de-keriolet-a-concarneau-768x265.jpg 768w\" sizes=\"(max-width: 577px) 100vw, 577px\" \/><span class=\"blog-item-tag\">Bretagne<\/span>                        \n                        <div class=\"blog-compact-item-content\">\n                                                        <h3>Ch\u00e2teau de Keriolet \u2013 guide complet pour votre visite<\/h3>\n                                                        <p>D\u00e9couvrez le ch\u00e2teau de Keriolet, un joyau du patrimoine breton. Visitez ses salles, son parc...                            <\/p>\n                                                    <\/div>\n                    <\/div>\n                <\/a>\n            <\/div>\n\t\t\t<div class=\"col-md-4\">\n                <a href=\"https:\/\/cparici.com\/de\/kerascoet-les-chaumieres-de-kerascoet-a-nevez-en-finistere\/\" class=\"blog-compact-item-container\">\n                    <div class=\"blog-compact-item\">\n                        <img decoding=\"async\" width=\"577\" height=\"143\" src=\"https:\/\/cparici.com\/wp-content\/uploads\/2022\/09\/chaumieres-villages-de-chaumieres-en-bretagne-banniere-1.jpg\" class=\"attachment-listeo-blog-related-post size-listeo-blog-related-post wp-post-image\" alt=\"Kerasco\u00ebt - les chaumi\u00e8res de Kerascoet \u00e0 N\u00e9vez en Finist\u00e8re\" srcset=\"https:\/\/cparici.com\/wp-content\/uploads\/2022\/09\/chaumieres-villages-de-chaumieres-en-bretagne-banniere-1.jpg 1520w, https:\/\/cparici.com\/wp-content\/uploads\/2022\/09\/chaumieres-villages-de-chaumieres-en-bretagne-banniere-1-600x148.jpg 600w, https:\/\/cparici.com\/wp-content\/uploads\/2022\/09\/chaumieres-villages-de-chaumieres-en-bretagne-banniere-1-768x189.jpg 768w\" sizes=\"(max-width: 577px) 100vw, 577px\" \/><span class=\"blog-item-tag\">Architecture<\/span>                        \n                        <div class=\"blog-compact-item-content\">\n                                                        <h3>Kerasco\u00ebt \u2013 les chaumi\u00e8res de Kerascoet \u00e0 N\u00e9vez en Finist\u00e8re<\/h3>\n                                                        <p>Kerasco\u00ebt - les chaumi\u00e8res de Kerascoet \u00e0 N\u00e9vez en Finist\u00e8re, d\u00e9couvrez les maisons typiques recouvertes...                            <\/p>\n                                                    <\/div>\n                    <\/div>\n                <\/a>\n            <\/div>\n\t\t\t<div class=\"col-md-4\">\n                <a href=\"https:\/\/cparici.com\/de\/ville-close-de-concarneau-en-finistere\/\" class=\"blog-compact-item-container\">\n                    <div class=\"blog-compact-item\">\n                        <img decoding=\"async\" width=\"577\" height=\"210\" src=\"https:\/\/cparici.com\/wp-content\/uploads\/2022\/09\/concarneau-banniere-1.jpg\" class=\"attachment-listeo-blog-related-post size-listeo-blog-related-post wp-post-image\" alt=\"ville close de concarneau\" srcset=\"https:\/\/cparici.com\/wp-content\/uploads\/2022\/09\/concarneau-banniere-1.jpg 1521w, https:\/\/cparici.com\/wp-content\/uploads\/2022\/09\/concarneau-banniere-1-600x219.jpg 600w, https:\/\/cparici.com\/wp-content\/uploads\/2022\/09\/concarneau-banniere-1-768x279.jpg 768w\" sizes=\"(max-width: 577px) 100vw, 577px\" \/><span class=\"blog-item-tag\">Bretagne<\/span>                        \n                        <div class=\"blog-compact-item-content\">\n                                                        <h3>Ville close de Concarneau en finist\u00e8re<\/h3>\n                                                        <p>Ville close de Concarneau-  Informations pratiques, d\u00e9couvrez ce lieu unique charg\u00e9 d'histoire en Cornouaille...                            <\/p>\n                                                    <\/div>\n                    <\/div>\n                <\/a>\n            <\/div>\n  <\/div>\n        <\/div>\n        \t\t\t\t<\/div>\n\t\t\t\t<\/div>\n\t\t\t\t\t<\/div>\n\t\t\t\t<\/aside>\n\t\t<div class=\"elementor-element elementor-element-c31e914 e-flex e-con-boxed e-con e-parent\" data-id=\"c31e914\" data-element_type=\"container\" data-e-type=\"container\">\n\t\t\t\t\t<div class=\"e-con-inner\">\n\t\t\t\t<div class=\"elementor-element elementor-element-e8b8aed elementor-widget elementor-widget-heading\" data-id=\"e8b8aed\" data-element_type=\"widget\" data-e-type=\"widget\" data-widget_type=\"heading.default\">\n\t\t\t\t\t<h2 class=\"elementor-heading-title elementor-size-default\">Ajoutez votre titre ici<\/h2>\t\t\t\t<\/div>\n\t\t\t\t\t<\/div>\n\t\t\t\t<\/div>\n\t\t\t\t<\/div>\n\t\t","protected":false},"excerpt":{"rendered":"<p>Entdecken Sie die Rade de Brest im Finist\u00e8re: ein faszinierendes Reiseziel mit charmanten St\u00e4dten, malerischen H\u00e4fen und unumg\u00e4nglichen Sehensw\u00fcrdigkeiten.<\/p>","protected":false},"author":1,"featured_media":35436,"comment_status":"closed","ping_status":"open","sticky":false,"template":"","format":"standard","meta":{"ngg_post_thumbnail":0,"footnotes":""},"categories":[885,478,479,477],"tags":[887,886],"class_list":["post-35435","post","type-post","status-publish","format-standard","has-post-thumbnail","hentry","category-brest","category-bretagne","category-finistere","category-france","tag-anse","tag-rade"],"_links":{"self":[{"href":"https:\/\/cparici.com\/de\/wp-json\/wp\/v2\/posts\/35435","targetHints":{"allow":["GET"]}}],"collection":[{"href":"https:\/\/cparici.com\/de\/wp-json\/wp\/v2\/posts"}],"about":[{"href":"https:\/\/cparici.com\/de\/wp-json\/wp\/v2\/types\/post"}],"author":[{"embeddable":true,"href":"https:\/\/cparici.com\/de\/wp-json\/wp\/v2\/users\/1"}],"replies":[{"embeddable":true,"href":"https:\/\/cparici.com\/de\/wp-json\/wp\/v2\/comments?post=35435"}],"version-history":[{"count":0,"href":"https:\/\/cparici.com\/de\/wp-json\/wp\/v2\/posts\/35435\/revisions"}],"wp:featuredmedia":[{"embeddable":true,"href":"https:\/\/cparici.com\/de\/wp-json\/wp\/v2\/media\/35436"}],"wp:attachment":[{"href":"https:\/\/cparici.com\/de\/wp-json\/wp\/v2\/media?parent=35435"}],"wp:term":[{"taxonomy":"category","embeddable":true,"href":"https:\/\/cparici.com\/de\/wp-json\/wp\/v2\/categories?post=35435"},{"taxonomy":"post_tag","embeddable":true,"href":"https:\/\/cparici.com\/de\/wp-json\/wp\/v2\/tags?post=35435"}],"curies":[{"name":"wp","href":"https:\/\/api.w.org\/{rel}","templated":true}]}}