{"id":35846,"date":"2024-06-10T21:24:31","date_gmt":"2024-06-10T19:24:31","guid":{"rendered":"https:\/\/www.loclilala.com\/?p=35846"},"modified":"2026-03-31T19:57:30","modified_gmt":"2026-03-31T17:57:30","slug":"vermietung-von-ferien-concarneau","status":"publish","type":"post","link":"https:\/\/cparici.com\/de\/location-vacances-a-concarneau\/","title":{"rendered":"Ferienunterk\u00fcnfte in Concarneau"},"content":{"rendered":"\t\t<div data-elementor-type=\"wp-post\" data-elementor-id=\"35846\" class=\"elementor elementor-35846\" data-elementor-post-type=\"post\">\n\t\t\t\t<div class=\"elementor-element elementor-element-fd1312b e-con-full e-flex e-con e-parent\" data-id=\"fd1312b\" data-element_type=\"container\" data-e-type=\"container\">\n\t\t\t\t<div class=\"elementor-element elementor-element-70589c4 elementor-widget elementor-widget-image\" data-id=\"70589c4\" data-element_type=\"widget\" data-e-type=\"widget\" data-widget_type=\"image.default\">\n\t\t\t\t\t\t\t\t\t\t\t\t\t\t\t<img decoding=\"async\" width=\"1500\" height=\"530\" src=\"https:\/\/cparici.com\/wp-content\/uploads\/2024\/06\/cparici-2025-03-04T102733.328.jpg\" class=\"attachment-full size-full wp-image-58829\" alt=\"location vacances concarneau\" srcset=\"https:\/\/cparici.com\/wp-content\/uploads\/2024\/06\/cparici-2025-03-04T102733.328.jpg 1500w, https:\/\/cparici.com\/wp-content\/uploads\/2024\/06\/cparici-2025-03-04T102733.328-300x106.jpg 300w, https:\/\/cparici.com\/wp-content\/uploads\/2024\/06\/cparici-2025-03-04T102733.328-1024x362.jpg 1024w, https:\/\/cparici.com\/wp-content\/uploads\/2024\/06\/cparici-2025-03-04T102733.328-768x271.jpg 768w, https:\/\/cparici.com\/wp-content\/uploads\/2024\/06\/cparici-2025-03-04T102733.328-18x6.jpg 18w, https:\/\/cparici.com\/wp-content\/uploads\/2024\/06\/cparici-2025-03-04T102733.328-590x208.jpg 590w, https:\/\/cparici.com\/wp-content\/uploads\/2024\/06\/cparici-2025-03-04T102733.328-1200x424.jpg 1200w, https:\/\/cparici.com\/wp-content\/uploads\/2024\/06\/cparici-2025-03-04T102733.328-577x204.jpg 577w, https:\/\/cparici.com\/wp-content\/uploads\/2024\/06\/cparici-2025-03-04T102733.328-600x212.jpg 600w\" sizes=\"(max-width: 1500px) 100vw, 1500px\" \/>\t\t\t\t\t\t\t\t\t\t\t\t\t\t\t<\/div>\n\t\t\t\t<\/div>\n\t\t<aside class=\"elementor-element elementor-element-fbd83d7 e-flex e-con-boxed e-con e-parent\" data-id=\"fbd83d7\" data-element_type=\"container\" data-e-type=\"container\">\n\t\t\t\t\t<div class=\"e-con-inner\">\n\t\t\t\t<div class=\"elementor-element elementor-element-cfa6a29 elementor-widget elementor-widget-global elementor-global-62046 elementor-widget-eael-advanced-search\" data-id=\"cfa6a29\" data-element_type=\"widget\" data-e-type=\"widget\" data-widget_type=\"eael-advanced-search.default\">\n\t\t\t\t\t        <div class=\"eael-adv-search-wrapper\">\n            <div id=\"eael-advanced-search-widget-cfa6a29\" class=\"eael-advanced-search-widget\">\n                <form data-settings=\"{&quot;post_per_page&quot;:5,&quot;search_among_taxonomies&quot;:&quot;&quot;,&quot;search_among_sku&quot;:&quot;no&quot;,&quot;show_popular_keyword&quot;:0,&quot;show_category&quot;:0,&quot;show_content_image&quot;:1,&quot;show_search_result_all_results&quot;:0,&quot;result_on_new_tab&quot;:&quot;no&quot;,&quot;show_product_price&quot;:&quot;no&quot;,&quot;include_current_page&quot;:&quot;no&quot;,&quot;current_post_id&quot;:35846,&quot;post_type&quot;:[&quot;post&quot;,&quot;listing&quot;]}\" method=\"POST\" name=\"eael-advanced-search-form-cfa6a29\" class=\"eael-advanced-search-form eael-advanced-search-form-style-2\">\n                    <div class=\"eael-advanced-search-wrap\">\n                        <span class=\"eael-adv-search-loader\"><\/span>\n                        <span class=\"eael-adv-search-close\"><i class=\"fas fa-times\"><\/i><\/span>\n                        <span class=\"icon \"><i class=\"fas fa-search\"><\/i><\/span>\n\n                        <input type=\"text\"\n                               placeholder=\"Votre destination\"\n                               class=\"eael-advanced-search\" autocomplete=\"off\" name=\"eael_advanced_search\">\n                    <\/div>\n\t\t\t\t\t                                    <\/form>\n\n\t\t\t\t\n\t\t\t\t        <div class=\"eael-advanced-search-result\">\n            <div class=\"eael-advanced-search-popular-keyword\">\n\t\t\t\t<h4 class=\"eael-advanced-search-popular-keyword-text\">Recherches populaires<\/h4>                <div class=\"eael-popular-keyword-content\"><\/div>\n            <\/div>\n            <div class=\"eael-advanced-search-category\">\n\t\t\t\t<h4 class=\"eael-advanced-search-category-text\">Categories<\/h4>                <div class=\"eael-popular-category-content\"><\/div>\n            <\/div>\n\t\t\t<div class=\"eael-advanced-search-total-results-section\">\n\t\t\t\t\t\t\t<\/div>\n            <div class=\"eael-advanced-search-content eael-item-style-3\">\n            <\/div>\n            <div class=\"eael-advanced-search-not-found\">\n                <p>Pas de r\u00e9sultats<\/p><\/div>\n            <div class=\"eael-advanced-search-load-more\">\n\t\t\t\t<a \tclass=\"eael-advanced-search-load-more-button\"\n                \thref=\"#\">Voir tous les r\u00e9sultats<\/a>\n            <\/div>\n        <\/div>\n\n\t\t            <\/div>\n        <\/div>\n\n\t\t\t\t\t\t<\/div>\n\t\t\t\t\t<\/div>\n\t\t\t\t<\/aside>\n\t\t<div class=\"elementor-element elementor-element-41062db e-flex e-con-boxed e-con e-parent\" data-id=\"41062db\" data-element_type=\"container\" data-e-type=\"container\">\n\t\t\t\t\t<div class=\"e-con-inner\">\n\t\t\t\t<div class=\"elementor-element elementor-element-aa45005 elementor-widget elementor-widget-text-editor\" data-id=\"aa45005\" data-element_type=\"widget\" data-e-type=\"widget\" data-widget_type=\"text-editor.default\">\n\t\t\t\t\t\t\t\t\t<h1 style=\"text-align: center;\"><span style=\"font-size: 18pt;\">Location vacances \u00e0 Concarneau<\/span><\/h1><p>\u00a0<\/p>\t\t\t\t\t\t\t\t<\/div>\n\t\t\t\t\t<\/div>\n\t\t\t\t<\/div>\n\t\t<div class=\"elementor-element elementor-element-5a899180 e-flex e-con-boxed e-con e-parent\" data-id=\"5a899180\" data-element_type=\"container\" data-e-type=\"container\">\n\t\t\t\t\t<div class=\"e-con-inner\">\n\t\t<div class=\"elementor-element elementor-element-5bd6010f e-con-full e-flex e-con e-child\" data-id=\"5bd6010f\" data-element_type=\"container\" data-e-type=\"container\">\n\t\t\t\t<div class=\"elementor-element elementor-element-1db9271c elementor-widget elementor-widget-heading\" data-id=\"1db9271c\" data-element_type=\"widget\" data-e-type=\"widget\" data-widget_type=\"heading.default\">\n\t\t\t\t\t<h2 class=\"elementor-heading-title elementor-size-default\">D\u00e9couvrir Concarneau<\/h2>\t\t\t\t<\/div>\n\t\t\t\t<div class=\"elementor-element elementor-element-44dc8f43 elementor-widget elementor-widget-text-editor\" data-id=\"44dc8f43\" data-element_type=\"widget\" data-e-type=\"widget\" data-widget_type=\"text-editor.default\">\n\t\t\t\t\t\t\t\t\t<p><strong>On l\u2019appelle \u00ab ville bleue \u00bb en raison de la couleur bleue utilis\u00e9e pour teindre les filets de p\u00eache.<\/strong> L\u2019histoire de Concarneau est \u00e9troitement li\u00e9e \u00e0 l\u2019activit\u00e9 des conserveries de la ville et au m\u00e9tier de la p\u00eache \u00e0 la sardine. D\u2019ailleurs un festival est organis\u00e9 chaque ann\u00e9e au mois d\u2019Ao\u00fbt pour mettre en lumi\u00e8re ces traditions ancestrales de p\u00eache et le folklore breton, <strong>la F\u00eate des Filets bleus.<\/strong> Nous vous recommandons ce festival traditionnel qui permet de d\u00e9couvrir les Fest-noz, ces musiques et danses bretonnes dont les bretons sont si fiers !<\/p><p>Concarneau s\u00e9duit autant par la beaut\u00e9 de son littoral que par son patrimoine historique et culturel. <strong>Ville d\u2019Art et d\u2019Histoire, Concarneau est c\u00e9l\u00e8bre pour sa \u00ab ville close \u00bb, une cit\u00e9 fortifi\u00e9e autour de laquelle la ville s\u2019est d\u00e9velopp\u00e9e.<\/strong><\/p><p>La ville de Concarneau est aussi connue pour son port de plaisance qui accueille de nombreux voiliers et son port de p\u00eache actif.<\/p><p>Trouvez votre location vacances \u00e0 Concarneau et profitez de vacances bord de mer et respirez l\u2019ai vivifiant de la Bretagne !<\/p>\t\t\t\t\t\t\t\t<\/div>\n\t\t\t\t<\/div>\n\t\t<div class=\"elementor-element elementor-element-580d8c0d e-con-full e-flex e-con e-child\" data-id=\"580d8c0d\" data-element_type=\"container\" data-e-type=\"container\">\n\t\t\t\t<div class=\"elementor-element elementor-element-2d6acd3c elementor-widget elementor-widget-heading\" data-id=\"2d6acd3c\" data-element_type=\"widget\" data-e-type=\"widget\" data-widget_type=\"heading.default\">\n\t\t\t\t\t<h2 class=\"elementor-heading-title elementor-size-default\">Location de vacances \u00e0 Concarneau - S\u00e9journer et explorer la ville \n<\/h2>\t\t\t\t<\/div>\n\t\t\t\t<div class=\"elementor-element elementor-element-396b4355 elementor-widget elementor-widget-text-editor\" data-id=\"396b4355\" data-element_type=\"widget\" data-e-type=\"widget\" data-widget_type=\"text-editor.default\">\n\t\t\t\t\t\t\t\t\t<p><strong>Si vous cherchez une maison de vacances \u00e0 Concarneau,<\/strong> voici quelques activit\u00e9s incontournables \u00e0 faire lors de votre s\u00e9jour en Cornouaille.<\/p><p>Partez \u00e0 la d\u00e9couverte de<a href=\"https:\/\/loclilala.com\/fr\/ville-close-de-concarneau-en-finistere\/\" target=\"_blank\" rel=\"noopener\"> la Ville Close <\/a><strong>:<\/strong> Commencez par vous perdre dans les charmantes ruelles pav\u00e9es de la vieille ville. Cette cit\u00e9 fortifi\u00e9e, construite par Vauban vous transporte dans le pass\u00e9 avec ses remparts, ses boutiques artisanales, ses cr\u00eaperies et ses restaurants de fruits de mer.<\/p><p>Ne manquez pas de visiter la cri\u00e9e pour d\u00e9couvrir le quotidien des p\u00eacheurs locaux. Vous pourrez acheter, d\u00e9guster des fruits de mer et poissons tout juste sortis des bateaux de p\u00eache. Il est bien frais mon poisson \ud83d\ude42<\/p><p>Situ\u00e9 \u00e0 l\u2019entr\u00e9e de la Ville-Close, <strong>le mus\u00e9e de la p\u00eache repr\u00e9sente une destination incontournable,<\/strong> notamment avec les enfants lors des journ\u00e9es pluvieuses. Tr\u00e8s bien document\u00e9 et illustr\u00e9, il propose une r\u00e9trospective des techniques de p\u00eache au fil de l\u2019histoire, des maquettes d\u2019embarquement, ainsi qu\u2019un chalutier accessible \u00e0 la visite \u00e0 quai. Une exp\u00e9rience \u00e9ducative et divertissante qui plonge les visiteurs dans l\u2019univers de la p\u00eache.<\/p>\t\t\t\t\t\t\t\t<\/div>\n\t\t\t\t<\/div>\n\t\t\t\t\t<\/div>\n\t\t\t\t<\/div>\n\t\t<div class=\"elementor-element elementor-element-f3a1153 e-flex e-con-boxed e-con e-parent\" data-id=\"f3a1153\" data-element_type=\"container\" data-e-type=\"container\">\n\t\t\t\t\t<div class=\"e-con-inner\">\n\t\t\t\t<div class=\"elementor-element elementor-element-853a0af elementor-widget elementor-widget-text-editor\" data-id=\"853a0af\" data-element_type=\"widget\" data-e-type=\"widget\" data-widget_type=\"text-editor.default\">\n\t\t\t\t\t\t\t\t\t<h2 style=\"text-align: center;\"><span style=\"font-size: 18pt;\">Locations de Vacances \u00e0 Concarneau \u2013 Nos coups de c\u0153ur \u00e0 Concarneau et ses alentours !<\/span><\/h2>\t\t\t\t\t\t\t\t<\/div>\n\t\t\t\t\t<\/div>\n\t\t\t\t<\/div>\n\t\t<div class=\"elementor-element elementor-element-1116ac19 e-flex e-con-boxed e-con e-parent\" data-id=\"1116ac19\" data-element_type=\"container\" data-e-type=\"container\">\n\t\t\t\t\t<div class=\"e-con-inner\">\n\t\t\t\t<div class=\"elementor-element elementor-element-582affa6 elementor-widget elementor-widget-global elementor-global-51519 elementor-widget-listeo-listings-carousel\" data-id=\"582affa6\" data-element_type=\"widget\" data-e-type=\"widget\" data-widget_type=\"listeo-listings-carousel.default\">\n\t\t\t\t<div class=\"elementor-widget-container\">\n\t\t\t\t\t        <!-- Carousel \/ Start -->\n        \t<div class=\"simple-slick-carousel dots-nav\" data-slick='{&quot;autoplay&quot;:false,&quot;autoplaySpeed&quot;:3000,&quot;slidesToShow&quot;:3,&quot;slidesToScroll&quot;:1,&quot;responsive&quot;:[{&quot;breakpoint&quot;:1024,&quot;settings&quot;:{&quot;slidesToShow&quot;:2,&quot;slidesToScroll&quot;:1}},{&quot;breakpoint&quot;:768,&quot;settings&quot;:{&quot;slidesToShow&quot;:1,&quot;slidesToScroll&quot;:1}}]}'>\n                            <div class=\"fw-carousel-item\">                    \n                        <div  class=\"listing-card-container-nl listing-geo-data\" \r\n\t\tdata-title=\"Appartement Le Nassau \u2013 vue mer 2 personnes Concarneau\"\r\n\t\tdata-listing-type=\"rental\"\r\n\t\tdata-classifieds-price=\"\u20ac\"\r\n\t\tdata-friendly-address=\"Bd Bougainville, Concarneau\"\r\n\t\tdata-address=\"Bd Bougainville, Concarneau\"\r\n\t\tdata-image=\"https:\/\/cparici.com\/wp-content\/uploads\/2026\/04\/appartement-nassau-concarneau-520x397.jpg\"\r\n\t\tdata-longitude=\"-3.921428087197639\"\r\n\t\tdata-latitude=\"47.86981360330804\"\r\n\t\t\t\t\tdata-rating=\"0\"\r\n\t\t\tdata-reviews=\"0\"\r\n\t\t\t\tdata-icon=\"<svg xmlns=&quot;http:\/\/www.w3.org\/2000\/svg&quot; width=&quot;800px&quot; height=&quot;800px&quot; viewBox=&quot;0 0 45 45&quot; fill=&quot;none&quot;>\n<path d=&quot;M24.155 8.78099L24.33 8.94499L37.402 21.787L36 23.213L34.2 21.445L34.201 35C34.201 36.054 33.385 36.918 32.35 36.994L32.201 37H12.201C11.147 37 10.283 36.184 10.206 35.149L10.201 35L10.2 21.446L8.402 23.213L7 21.787L20.058 8.95799C21.171 7.82199 22.966 7.75899 24.155 8.78099ZM21.569 10.285L21.473 10.372L12.2 19.481L12.201 35L17.2 34.999L17.201 25C17.201 23.946 18.017 23.082 19.052 23.005L19.201 23H25.201C26.255 23 27.119 23.816 27.196 24.851L27.201 25L27.2 34.999L32.201 35L32.2 19.48L22.901 10.344C22.537 9.98699 21.969 9.96499 21.569 10.285ZM25.201 25H19.201L19.2 34.999H25.2L25.201 25Z&quot; fill=&quot;#3C3C3C&quot;\/>\n<\/svg>\"\r\n\r\n\t>\r\n    <div class=\"listing-card-nl\">\r\n        <!-- ===== LEFT: IMAGE SLIDER ===== -->\r\n        <div class=\"listing-image-container-nl\">\r\n            <a href=\"https:\/\/cparici.com\/de\/annonce\/appartement-le-nassau-vue-mer-2-personnes-concarneau\/\">\r\n                <div class=\"slider-wrapper-nl\">\r\n                    \t\t\t\t<img decoding=\"async\" src=\"https:\/\/cparici.com\/wp-content\/uploads\/2026\/04\/appartement-nassau-concarneau-520x397.jpg\" alt=\"Appartement Le Nassau \u2013 vue mer 2 personnes Concarneau\" class=\"slider-image-nl\">\r\n\t\t\t\t\t\t<img decoding=\"async\" src=\"https:\/\/cparici.com\/wp-content\/uploads\/2026\/04\/appartement-nassau-concarneau-balcon-vue-mer-520x397.jpg\" alt=\"Appartement Le Nassau \u2013 vue mer 2 personnes Concarneau\" class=\"slider-image-nl\">\r\n\t\t\t\t\t\t<img decoding=\"async\" src=\"https:\/\/cparici.com\/wp-content\/uploads\/2026\/04\/appartement-nassau-concarneau-chambre-2-520x397.jpg\" alt=\"Appartement Le Nassau \u2013 vue mer 2 personnes Concarneau\" class=\"slider-image-nl\">\r\n\t\t                <\/div>\r\n            <\/a>\r\n            \r\n            <div class=\"slider-arrow-nl left-nl\" id=\"prevBtn\"><i class=\"fa-solid fa-chevron-left\"><\/i><\/div>\r\n            <div class=\"slider-arrow-nl right-nl\" id=\"nextBtn\"><i class=\"fa-solid fa-chevron-right\"><\/i><\/div>\r\n            <div class=\"image-overlay-top-nl\">\r\n                <span class=\"listing-category-tag-nl\">H\u00e9bergements<\/span>                                    <div class=\"favorite-icon-nl\" id=\"favoriteBtn\">\r\n                        \r\n                                <span class=\"save fa-regular fa-heart tooltip left\" title=\"Login To Bookmark Items\"><\/span>\r\n                                                    \r\n                    <\/div>\r\n                            <\/div>\r\n        <\/div>\r\n\r\n        <!-- ===== RIGHT: LISTING DETAILS (NOW 2-COLUMN) ===== -->\r\n        <a href=\"https:\/\/cparici.com\/de\/annonce\/appartement-le-nassau-vue-mer-2-personnes-concarneau\/\" class=\"listing-details-nl\">\r\n\r\n            <!-- Main Content Column (Left) -->\r\n            <div class=\"details-main-col-nl\">\r\n                                <h2 class=\"listing-title-nl\">Appartement Le Nassau \u2013 vue mer 2 personnes Concarneau                    <div class=\"listing-title-badges-nl\">\r\n                                                                    <\/div>\r\n                <\/h2>\r\n                <p class=\"listing-location-nl\">Bd Bougainville, Concarneau<\/p>\t\r\n                    <div class=\"listing-amenities-nl\">\r\n                        \r\n                    <\/div>\r\n                            <\/div>\r\n\r\n            <!-- Sidebar Column (Right) -->\r\n            <div class=\"details-sidebar-col-nl\">\r\n                <div class=\"details-sidebar-upper-nl\">\r\n                                                <div class=\"listing-rating-nl\">\r\n                                <div class=\"rating-text-nl no-rating\">No reviews yet<\/div>\r\n                            <\/div>\r\n                                    <\/div>\r\n                            <\/div>\r\n\r\n        <\/a>\r\n\r\n    <\/div>\r\n<\/div>\n                    <\/div>\n                                      <div class=\"fw-carousel-item\">                    \n                        <div  class=\"listing-card-container-nl listing-geo-data\" \r\n\t\tdata-title=\"Brise Marine, 4 Pers\"\r\n\t\tdata-listing-type=\"rental\"\r\n\t\tdata-classifieds-price=\"\u20ac\"\r\n\t\tdata-friendly-address=\"La Corniche\"\r\n\t\tdata-address=\"La Corniche\"\r\n\t\tdata-image=\"https:\/\/cparici.com\/wp-content\/uploads\/2025\/01\/brise-marine-1-520x397.jpg\"\r\n\t\tdata-longitude=\"-3.9236476\"\r\n\t\tdata-latitude=\"47.8707177\"\r\n\t\t\t\t\tdata-rating=\"0\"\r\n\t\t\tdata-reviews=\"0\"\r\n\t\t\t\tdata-icon=\"<svg xmlns=&quot;http:\/\/www.w3.org\/2000\/svg&quot; width=&quot;800px&quot; height=&quot;800px&quot; viewBox=&quot;0 0 45 45&quot; fill=&quot;none&quot;>\n<path d=&quot;M24.155 8.78099L24.33 8.94499L37.402 21.787L36 23.213L34.2 21.445L34.201 35C34.201 36.054 33.385 36.918 32.35 36.994L32.201 37H12.201C11.147 37 10.283 36.184 10.206 35.149L10.201 35L10.2 21.446L8.402 23.213L7 21.787L20.058 8.95799C21.171 7.82199 22.966 7.75899 24.155 8.78099ZM21.569 10.285L21.473 10.372L12.2 19.481L12.201 35L17.2 34.999L17.201 25C17.201 23.946 18.017 23.082 19.052 23.005L19.201 23H25.201C26.255 23 27.119 23.816 27.196 24.851L27.201 25L27.2 34.999L32.201 35L32.2 19.48L22.901 10.344C22.537 9.98699 21.969 9.96499 21.569 10.285ZM25.201 25H19.201L19.2 34.999H25.2L25.201 25Z&quot; fill=&quot;#3C3C3C&quot;\/>\n<\/svg>\"\r\n\r\n\t>\r\n    <div class=\"listing-card-nl\">\r\n        <!-- ===== LEFT: IMAGE SLIDER ===== -->\r\n        <div class=\"listing-image-container-nl\">\r\n            <a href=\"https:\/\/cparici.com\/de\/annonce\/brise-marine-4-pers-2\/\">\r\n                <div class=\"slider-wrapper-nl\">\r\n                    \t\t\t\t<img decoding=\"async\" src=\"https:\/\/cparici.com\/wp-content\/uploads\/2025\/01\/brise-marine-1-520x397.jpg\" alt=\"Brise Marine, 4 Pers\" class=\"slider-image-nl\">\r\n\t\t\t\t\t\t<img decoding=\"async\" src=\"https:\/\/cparici.com\/wp-content\/uploads\/2025\/01\/brise-marine-2-520x397.jpg\" alt=\"Brise Marine, 4 Pers\" class=\"slider-image-nl\">\r\n\t\t\t\t\t\t<img decoding=\"async\" src=\"https:\/\/cparici.com\/wp-content\/uploads\/2025\/01\/brise-marine-3-520x397.jpg\" alt=\"Brise Marine, 4 Pers\" class=\"slider-image-nl\">\r\n\t\t                <\/div>\r\n            <\/a>\r\n            \r\n            <div class=\"slider-arrow-nl left-nl\" id=\"prevBtn\"><i class=\"fa-solid fa-chevron-left\"><\/i><\/div>\r\n            <div class=\"slider-arrow-nl right-nl\" id=\"nextBtn\"><i class=\"fa-solid fa-chevron-right\"><\/i><\/div>\r\n            <div class=\"image-overlay-top-nl\">\r\n                <span class=\"listing-category-tag-nl\">H\u00e9bergements<\/span>                                    <div class=\"favorite-icon-nl\" id=\"favoriteBtn\">\r\n                        \r\n                                <span class=\"save fa-regular fa-heart tooltip left\" title=\"Login To Bookmark Items\"><\/span>\r\n                                                    \r\n                    <\/div>\r\n                            <\/div>\r\n        <\/div>\r\n\r\n        <!-- ===== RIGHT: LISTING DETAILS (NOW 2-COLUMN) ===== -->\r\n        <a href=\"https:\/\/cparici.com\/de\/annonce\/brise-marine-4-pers-2\/\" class=\"listing-details-nl\">\r\n\r\n            <!-- Main Content Column (Left) -->\r\n            <div class=\"details-main-col-nl\">\r\n                                <h2 class=\"listing-title-nl\">Brise Marine, 4 Pers                    <div class=\"listing-title-badges-nl\">\r\n                                                                    <\/div>\r\n                <\/h2>\r\n                <p class=\"listing-location-nl\">La Corniche<\/p>\t\t\t<div class=\"listing-features-nl\">\r\n\t\t\t\t\t\t\t\t\t\t\t\t<!-- Regular Field Template -->\r\n\t\t\t\t\t<div class=\"feature-tag-nl main-detail-_size\">\r\n\t\t\t\t\t\t<i class=\"fas fa-check\"><\/i>\r\n\t\t\t\t\t\t\t\t\t\t\t\t\t\t\t\t\t\t\t\t<span>66<\/span>\r\n\t\t\t\t\t\t\t\t\t\t\t\t<div class=\"tooltip-nl\">Size<\/div>\r\n\t\t\t\t\t<\/div>\r\n\t\t\t\t\t\t\t\t\t\t\t\t\t\t\t\t<!-- Regular Field Template -->\r\n\t\t\t\t\t<div class=\"feature-tag-nl main-detail-_guests\">\r\n\t\t\t\t\t\t<i class=\"fas fa-check\"><\/i>\r\n\t\t\t\t\t\t\t\t\t\t\t\t\t\t\t\t\t\t\t\t<span>4<\/span>\r\n\t\t\t\t\t\t\t\t\t\t\t\t<div class=\"tooltip-nl\">Guest(s)<\/div>\r\n\t\t\t\t\t<\/div>\r\n\t\t\t\t\t\t\t\t\t\t\t\t\t\t\t\t<!-- Regular Field Template -->\r\n\t\t\t\t\t<div class=\"feature-tag-nl main-detail-_number_of_bedrooms\">\r\n\t\t\t\t\t\t<i class=\"fas fa-check\"><\/i>\r\n\t\t\t\t\t\t\t\t\t\t\t\t\t\t\t\t\t\t\t\t<span>2<\/span>\r\n\t\t\t\t\t\t\t\t\t\t\t\t<div class=\"tooltip-nl\">Bedroom(s)<\/div>\r\n\t\t\t\t\t<\/div>\r\n\t\t\t\t\t\t\t\t\t\t<\/div>\r\n\r\n                    <div class=\"listing-amenities-nl\">\r\n                        \r\n                    <\/div>\r\n                            <\/div>\r\n\r\n            <!-- Sidebar Column (Right) -->\r\n            <div class=\"details-sidebar-col-nl\">\r\n                <div class=\"details-sidebar-upper-nl\">\r\n                                                <div class=\"listing-rating-nl\">\r\n                                <div class=\"rating-text-nl no-rating\">No reviews yet<\/div>\r\n                            <\/div>\r\n                                    <\/div>\r\n                            <\/div>\r\n\r\n        <\/a>\r\n\r\n    <\/div>\r\n<\/div>\n                    <\/div>\n                                      <div class=\"fw-carousel-item\">                    \n                        <div  class=\"listing-card-container-nl listing-geo-data\" \r\n\t\tdata-title=\"Evasion Marine, 2-4 pers\"\r\n\t\tdata-listing-type=\"rental\"\r\n\t\tdata-classifieds-price=\"\u20ac\"\r\n\t\tdata-friendly-address=\"Les Sables Blancs\"\r\n\t\tdata-address=\"Les Sables Blancs\"\r\n\t\tdata-image=\"https:\/\/cparici.com\/wp-content\/uploads\/2025\/01\/evasion-marine-1-520x397.jpg\"\r\n\t\tdata-longitude=\"-3.930070000000001\"\r\n\t\tdata-latitude=\"47.88204939999999\"\r\n\t\t\t\t\tdata-rating=\"0\"\r\n\t\t\tdata-reviews=\"0\"\r\n\t\t\t\tdata-icon=\"<svg xmlns=&quot;http:\/\/www.w3.org\/2000\/svg&quot; width=&quot;800px&quot; height=&quot;800px&quot; viewBox=&quot;0 0 45 45&quot; fill=&quot;none&quot;>\n<path d=&quot;M24.155 8.78099L24.33 8.94499L37.402 21.787L36 23.213L34.2 21.445L34.201 35C34.201 36.054 33.385 36.918 32.35 36.994L32.201 37H12.201C11.147 37 10.283 36.184 10.206 35.149L10.201 35L10.2 21.446L8.402 23.213L7 21.787L20.058 8.95799C21.171 7.82199 22.966 7.75899 24.155 8.78099ZM21.569 10.285L21.473 10.372L12.2 19.481L12.201 35L17.2 34.999L17.201 25C17.201 23.946 18.017 23.082 19.052 23.005L19.201 23H25.201C26.255 23 27.119 23.816 27.196 24.851L27.201 25L27.2 34.999L32.201 35L32.2 19.48L22.901 10.344C22.537 9.98699 21.969 9.96499 21.569 10.285ZM25.201 25H19.201L19.2 34.999H25.2L25.201 25Z&quot; fill=&quot;#3C3C3C&quot;\/>\n<\/svg>\"\r\n\r\n\t>\r\n    <div class=\"listing-card-nl\">\r\n        <!-- ===== LEFT: IMAGE SLIDER ===== -->\r\n        <div class=\"listing-image-container-nl\">\r\n            <a href=\"https:\/\/cparici.com\/de\/annonce\/evasion-marine-2-4-pers\/\">\r\n                <div class=\"slider-wrapper-nl\">\r\n                    \t\t\t\t<img decoding=\"async\" src=\"https:\/\/cparici.com\/wp-content\/uploads\/2025\/01\/evasion-marine-1-520x397.jpg\" alt=\"Evasion Marine, 2-4 pers\" class=\"slider-image-nl\">\r\n\t\t\t\t\t\t<img decoding=\"async\" src=\"https:\/\/cparici.com\/wp-content\/uploads\/2025\/01\/evasion-marine-2-520x397.jpg\" alt=\"Evasion Marine, 2-4 pers\" class=\"slider-image-nl\">\r\n\t\t\t\t\t\t<img decoding=\"async\" src=\"https:\/\/cparici.com\/wp-content\/uploads\/2025\/01\/evasion-marine-4-520x397.jpg\" alt=\"Evasion Marine, 2-4 pers\" class=\"slider-image-nl\">\r\n\t\t                <\/div>\r\n            <\/a>\r\n            \r\n            <div class=\"slider-arrow-nl left-nl\" id=\"prevBtn\"><i class=\"fa-solid fa-chevron-left\"><\/i><\/div>\r\n            <div class=\"slider-arrow-nl right-nl\" id=\"nextBtn\"><i class=\"fa-solid fa-chevron-right\"><\/i><\/div>\r\n            <div class=\"image-overlay-top-nl\">\r\n                <span class=\"listing-category-tag-nl\">H\u00e9bergements<\/span>                                    <div class=\"favorite-icon-nl\" id=\"favoriteBtn\">\r\n                        \r\n                                <span class=\"save fa-regular fa-heart tooltip left\" title=\"Login To Bookmark Items\"><\/span>\r\n                                                    \r\n                    <\/div>\r\n                            <\/div>\r\n        <\/div>\r\n\r\n        <!-- ===== RIGHT: LISTING DETAILS (NOW 2-COLUMN) ===== -->\r\n        <a href=\"https:\/\/cparici.com\/de\/annonce\/evasion-marine-2-4-pers\/\" class=\"listing-details-nl\">\r\n\r\n            <!-- Main Content Column (Left) -->\r\n            <div class=\"details-main-col-nl\">\r\n                                <h2 class=\"listing-title-nl\">Evasion Marine, 2-4 pers                    <div class=\"listing-title-badges-nl\">\r\n                                                                    <\/div>\r\n                <\/h2>\r\n                <p class=\"listing-location-nl\">Les Sables Blancs<\/p>\t\t\t<div class=\"listing-features-nl\">\r\n\t\t\t\t\t\t\t\t\t\t\t\t<!-- Regular Field Template -->\r\n\t\t\t\t\t<div class=\"feature-tag-nl main-detail-_size\">\r\n\t\t\t\t\t\t<i class=\"fas fa-check\"><\/i>\r\n\t\t\t\t\t\t\t\t\t\t\t\t\t\t\t\t\t\t\t\t<span>53<\/span>\r\n\t\t\t\t\t\t\t\t\t\t\t\t<div class=\"tooltip-nl\">Size<\/div>\r\n\t\t\t\t\t<\/div>\r\n\t\t\t\t\t\t\t\t\t\t\t\t\t\t\t\t<!-- Regular Field Template -->\r\n\t\t\t\t\t<div class=\"feature-tag-nl main-detail-_guests\">\r\n\t\t\t\t\t\t<i class=\"fas fa-check\"><\/i>\r\n\t\t\t\t\t\t\t\t\t\t\t\t\t\t\t\t\t\t\t\t<span>4<\/span>\r\n\t\t\t\t\t\t\t\t\t\t\t\t<div class=\"tooltip-nl\">Guest(s)<\/div>\r\n\t\t\t\t\t<\/div>\r\n\t\t\t\t\t\t\t\t\t\t\t\t\t\t\t\t<!-- Regular Field Template -->\r\n\t\t\t\t\t<div class=\"feature-tag-nl main-detail-_number_of_bedrooms\">\r\n\t\t\t\t\t\t<i class=\"fas fa-check\"><\/i>\r\n\t\t\t\t\t\t\t\t\t\t\t\t\t\t\t\t\t\t\t\t<span>2<\/span>\r\n\t\t\t\t\t\t\t\t\t\t\t\t<div class=\"tooltip-nl\">Bedroom(s)<\/div>\r\n\t\t\t\t\t<\/div>\r\n\t\t\t\t\t\t\t\t\t\t<\/div>\r\n\r\n                    <div class=\"listing-amenities-nl\">\r\n                        \r\n                    <\/div>\r\n                            <\/div>\r\n\r\n            <!-- Sidebar Column (Right) -->\r\n            <div class=\"details-sidebar-col-nl\">\r\n                <div class=\"details-sidebar-upper-nl\">\r\n                                                <div class=\"listing-rating-nl\">\r\n                                <div class=\"rating-text-nl no-rating\">No reviews yet<\/div>\r\n                            <\/div>\r\n                                    <\/div>\r\n                            <\/div>\r\n\r\n        <\/a>\r\n\r\n    <\/div>\r\n<\/div>\n                    <\/div>\n                                      <div class=\"fw-carousel-item\">                    \n                        <div  class=\"listing-card-container-nl listing-geo-data\" \r\n\t\tdata-title=\"Roby, 6 Pers\"\r\n\t\tdata-listing-type=\"rental\"\r\n\t\tdata-classifieds-price=\"\u20ac\"\r\n\t\tdata-friendly-address=\"Tr\u00e9gunc\"\r\n\t\tdata-address=\"Tr\u00e9gunc\"\r\n\t\tdata-image=\"https:\/\/cparici.com\/wp-content\/uploads\/2025\/01\/Roby-1-520x397.jpg\"\r\n\t\tdata-longitude=\"-3.841297699999999\"\r\n\t\tdata-latitude=\"47.8522621\"\r\n\t\t\t\t\tdata-rating=\"0\"\r\n\t\t\tdata-reviews=\"0\"\r\n\t\t\t\tdata-icon=\"<svg xmlns=&quot;http:\/\/www.w3.org\/2000\/svg&quot; width=&quot;800px&quot; height=&quot;800px&quot; viewBox=&quot;0 0 45 45&quot; fill=&quot;none&quot;>\n<path d=&quot;M24.155 8.78099L24.33 8.94499L37.402 21.787L36 23.213L34.2 21.445L34.201 35C34.201 36.054 33.385 36.918 32.35 36.994L32.201 37H12.201C11.147 37 10.283 36.184 10.206 35.149L10.201 35L10.2 21.446L8.402 23.213L7 21.787L20.058 8.95799C21.171 7.82199 22.966 7.75899 24.155 8.78099ZM21.569 10.285L21.473 10.372L12.2 19.481L12.201 35L17.2 34.999L17.201 25C17.201 23.946 18.017 23.082 19.052 23.005L19.201 23H25.201C26.255 23 27.119 23.816 27.196 24.851L27.201 25L27.2 34.999L32.201 35L32.2 19.48L22.901 10.344C22.537 9.98699 21.969 9.96499 21.569 10.285ZM25.201 25H19.201L19.2 34.999H25.2L25.201 25Z&quot; fill=&quot;#3C3C3C&quot;\/>\n<\/svg>\"\r\n\r\n\t>\r\n    <div class=\"listing-card-nl\">\r\n        <!-- ===== LEFT: IMAGE SLIDER ===== -->\r\n        <div class=\"listing-image-container-nl\">\r\n            <a href=\"https:\/\/cparici.com\/de\/annonce\/roby-6-pers-2\/\">\r\n                <div class=\"slider-wrapper-nl\">\r\n                    \t\t\t\t<img decoding=\"async\" src=\"https:\/\/cparici.com\/wp-content\/uploads\/2025\/01\/Roby-1-520x397.jpg\" alt=\"Roby, 6 Pers\" class=\"slider-image-nl\">\r\n\t\t\t\t\t\t<img decoding=\"async\" src=\"https:\/\/cparici.com\/wp-content\/uploads\/2025\/01\/Roby-2-520x397.jpg\" alt=\"Roby, 6 Pers\" class=\"slider-image-nl\">\r\n\t\t\t\t\t\t<img decoding=\"async\" src=\"https:\/\/cparici.com\/wp-content\/uploads\/2025\/01\/Roby-3-520x397.jpg\" alt=\"Roby, 6 Pers\" class=\"slider-image-nl\">\r\n\t\t                <\/div>\r\n            <\/a>\r\n            \r\n            <div class=\"slider-arrow-nl left-nl\" id=\"prevBtn\"><i class=\"fa-solid fa-chevron-left\"><\/i><\/div>\r\n            <div class=\"slider-arrow-nl right-nl\" id=\"nextBtn\"><i class=\"fa-solid fa-chevron-right\"><\/i><\/div>\r\n            <div class=\"image-overlay-top-nl\">\r\n                <span class=\"listing-category-tag-nl\">H\u00e9bergements<\/span>                                    <div class=\"favorite-icon-nl\" id=\"favoriteBtn\">\r\n                        \r\n                                <span class=\"save fa-regular fa-heart tooltip left\" title=\"Login To Bookmark Items\"><\/span>\r\n                                                    \r\n                    <\/div>\r\n                            <\/div>\r\n        <\/div>\r\n\r\n        <!-- ===== RIGHT: LISTING DETAILS (NOW 2-COLUMN) ===== -->\r\n        <a href=\"https:\/\/cparici.com\/de\/annonce\/roby-6-pers-2\/\" class=\"listing-details-nl\">\r\n\r\n            <!-- Main Content Column (Left) -->\r\n            <div class=\"details-main-col-nl\">\r\n                                <h2 class=\"listing-title-nl\">Roby, 6 Pers                    <div class=\"listing-title-badges-nl\">\r\n                                                                    <\/div>\r\n                <\/h2>\r\n                <p class=\"listing-location-nl\">Tr\u00e9gunc<\/p>\t\t\t<div class=\"listing-features-nl\">\r\n\t\t\t\t\t\t\t\t\t\t\t\t<!-- Regular Field Template -->\r\n\t\t\t\t\t<div class=\"feature-tag-nl main-detail-_guests\">\r\n\t\t\t\t\t\t<i class=\"fas fa-check\"><\/i>\r\n\t\t\t\t\t\t\t\t\t\t\t\t\t\t\t\t\t\t\t\t<span>6<\/span>\r\n\t\t\t\t\t\t\t\t\t\t\t\t<div class=\"tooltip-nl\">Guest(s)<\/div>\r\n\t\t\t\t\t<\/div>\r\n\t\t\t\t\t\t\t\t\t\t\t\t\t\t\t\t<!-- Regular Field Template -->\r\n\t\t\t\t\t<div class=\"feature-tag-nl main-detail-_number_of_bedrooms\">\r\n\t\t\t\t\t\t<i class=\"fas fa-check\"><\/i>\r\n\t\t\t\t\t\t\t\t\t\t\t\t\t\t\t\t\t\t\t\t<span>3<\/span>\r\n\t\t\t\t\t\t\t\t\t\t\t\t<div class=\"tooltip-nl\">Bedroom(s)<\/div>\r\n\t\t\t\t\t<\/div>\r\n\t\t\t\t\t\t\t\t\t\t<\/div>\r\n\r\n                    <div class=\"listing-amenities-nl\">\r\n                        \r\n                    <\/div>\r\n                            <\/div>\r\n\r\n            <!-- Sidebar Column (Right) -->\r\n            <div class=\"details-sidebar-col-nl\">\r\n                <div class=\"details-sidebar-upper-nl\">\r\n                                                <div class=\"listing-rating-nl\">\r\n                                <div class=\"rating-text-nl no-rating\">No reviews yet<\/div>\r\n                            <\/div>\r\n                                    <\/div>\r\n                            <\/div>\r\n\r\n        <\/a>\r\n\r\n    <\/div>\r\n<\/div>\n                    <\/div>\n                                      <div class=\"fw-carousel-item\">                    \n                        <div  class=\"listing-card-container-nl listing-geo-data\" \r\n\t\tdata-title=\"Rosemarine, 2-4 Pers\"\r\n\t\tdata-listing-type=\"rental\"\r\n\t\tdata-classifieds-price=\"\u20ac\"\r\n\t\tdata-friendly-address=\"La Corniche\"\r\n\t\tdata-address=\"La Corniche\"\r\n\t\tdata-image=\"https:\/\/cparici.com\/wp-content\/uploads\/2025\/01\/Rosemarine-1-520x397.jpg\"\r\n\t\tdata-longitude=\"-3.917989999999999\"\r\n\t\tdata-latitude=\"47.86985079999999\"\r\n\t\t\t\t\tdata-rating=\"0\"\r\n\t\t\tdata-reviews=\"0\"\r\n\t\t\t\tdata-icon=\"<svg xmlns=&quot;http:\/\/www.w3.org\/2000\/svg&quot; width=&quot;800px&quot; height=&quot;800px&quot; viewBox=&quot;0 0 45 45&quot; fill=&quot;none&quot;>\n<path d=&quot;M24.155 8.78099L24.33 8.94499L37.402 21.787L36 23.213L34.2 21.445L34.201 35C34.201 36.054 33.385 36.918 32.35 36.994L32.201 37H12.201C11.147 37 10.283 36.184 10.206 35.149L10.201 35L10.2 21.446L8.402 23.213L7 21.787L20.058 8.95799C21.171 7.82199 22.966 7.75899 24.155 8.78099ZM21.569 10.285L21.473 10.372L12.2 19.481L12.201 35L17.2 34.999L17.201 25C17.201 23.946 18.017 23.082 19.052 23.005L19.201 23H25.201C26.255 23 27.119 23.816 27.196 24.851L27.201 25L27.2 34.999L32.201 35L32.2 19.48L22.901 10.344C22.537 9.98699 21.969 9.96499 21.569 10.285ZM25.201 25H19.201L19.2 34.999H25.2L25.201 25Z&quot; fill=&quot;#3C3C3C&quot;\/>\n<\/svg>\"\r\n\r\n\t>\r\n    <div class=\"listing-card-nl\">\r\n        <!-- ===== LEFT: IMAGE SLIDER ===== -->\r\n        <div class=\"listing-image-container-nl\">\r\n            <a href=\"https:\/\/cparici.com\/de\/annonce\/rosemarine-2-4-pers-3\/\">\r\n                <div class=\"slider-wrapper-nl\">\r\n                    \t\t\t\t<img decoding=\"async\" src=\"https:\/\/cparici.com\/wp-content\/uploads\/2025\/01\/Rosemarine-1-520x397.jpg\" alt=\"Rosemarine, 2-4 Pers\" class=\"slider-image-nl\">\r\n\t\t\t\t\t\t<img decoding=\"async\" src=\"https:\/\/cparici.com\/wp-content\/uploads\/2025\/01\/Rosemarine-2-520x397.jpg\" alt=\"Rosemarine, 2-4 Pers\" class=\"slider-image-nl\">\r\n\t\t\t\t\t\t<img decoding=\"async\" src=\"https:\/\/cparici.com\/wp-content\/uploads\/2025\/01\/Rosemarine-3-520x397.jpg\" alt=\"Rosemarine, 2-4 Pers\" class=\"slider-image-nl\">\r\n\t\t                <\/div>\r\n            <\/a>\r\n            \r\n            <div class=\"slider-arrow-nl left-nl\" id=\"prevBtn\"><i class=\"fa-solid fa-chevron-left\"><\/i><\/div>\r\n            <div class=\"slider-arrow-nl right-nl\" id=\"nextBtn\"><i class=\"fa-solid fa-chevron-right\"><\/i><\/div>\r\n            <div class=\"image-overlay-top-nl\">\r\n                <span class=\"listing-category-tag-nl\">H\u00e9bergements<\/span>                                    <div class=\"favorite-icon-nl\" id=\"favoriteBtn\">\r\n                        \r\n                                <span class=\"save fa-regular fa-heart tooltip left\" title=\"Login To Bookmark Items\"><\/span>\r\n                                                    \r\n                    <\/div>\r\n                            <\/div>\r\n        <\/div>\r\n\r\n        <!-- ===== RIGHT: LISTING DETAILS (NOW 2-COLUMN) ===== -->\r\n        <a href=\"https:\/\/cparici.com\/de\/annonce\/rosemarine-2-4-pers-3\/\" class=\"listing-details-nl\">\r\n\r\n            <!-- Main Content Column (Left) -->\r\n            <div class=\"details-main-col-nl\">\r\n                                <h2 class=\"listing-title-nl\">Rosemarine, 2-4 Pers                    <div class=\"listing-title-badges-nl\">\r\n                                                                    <\/div>\r\n                <\/h2>\r\n                <p class=\"listing-location-nl\">La Corniche<\/p>\t\t\t<div class=\"listing-features-nl\">\r\n\t\t\t\t\t\t\t\t\t\t\t\t<!-- Regular Field Template -->\r\n\t\t\t\t\t<div class=\"feature-tag-nl main-detail-_guests\">\r\n\t\t\t\t\t\t<i class=\"fas fa-check\"><\/i>\r\n\t\t\t\t\t\t\t\t\t\t\t\t\t\t\t\t\t\t\t\t<span>4<\/span>\r\n\t\t\t\t\t\t\t\t\t\t\t\t<div class=\"tooltip-nl\">Guest(s)<\/div>\r\n\t\t\t\t\t<\/div>\r\n\t\t\t\t\t\t\t\t\t\t\t\t\t\t\t\t<!-- Regular Field Template -->\r\n\t\t\t\t\t<div class=\"feature-tag-nl main-detail-_number_of_bedrooms\">\r\n\t\t\t\t\t\t<i class=\"fas fa-check\"><\/i>\r\n\t\t\t\t\t\t\t\t\t\t\t\t\t\t\t\t\t\t\t\t<span>1<\/span>\r\n\t\t\t\t\t\t\t\t\t\t\t\t<div class=\"tooltip-nl\">Bedroom(s)<\/div>\r\n\t\t\t\t\t<\/div>\r\n\t\t\t\t\t\t\t\t\t\t<\/div>\r\n\r\n                    <div class=\"listing-amenities-nl\">\r\n                        <div class=\"amenity-icon-nl\"><i class=\"empty\"><\/i> <span class=\"tooltip-nl\">acc\u00e8s handicap\u00e9<\/span><\/div>\r\n                    <\/div>\r\n                            <\/div>\r\n\r\n            <!-- Sidebar Column (Right) -->\r\n            <div class=\"details-sidebar-col-nl\">\r\n                <div class=\"details-sidebar-upper-nl\">\r\n                                                <div class=\"listing-rating-nl\">\r\n                                <div class=\"rating-text-nl no-rating\">No reviews yet<\/div>\r\n                            <\/div>\r\n                                    <\/div>\r\n                            <\/div>\r\n\r\n        <\/a>\r\n\r\n    <\/div>\r\n<\/div>\n                    <\/div>\n                                      <div class=\"fw-carousel-item\">                    \n                        <div  class=\"listing-card-container-nl listing-geo-data\" \r\n\t\tdata-title=\"La Villa du Cabellou\"\r\n\t\tdata-listing-type=\"rental\"\r\n\t\tdata-classifieds-price=\"\u20ac\"\r\n\t\tdata-friendly-address=\"Le Cabellou\"\r\n\t\tdata-address=\"Le Cabellou\"\r\n\t\tdata-image=\"https:\/\/cparici.com\/wp-content\/uploads\/2025\/01\/villa-le-cabellou-1-520x397.jpg\"\r\n\t\tdata-longitude=\"-3.90582\"\r\n\t\tdata-latitude=\"47.8544208\"\r\n\t\t\t\t\tdata-rating=\"0\"\r\n\t\t\tdata-reviews=\"0\"\r\n\t\t\t\tdata-icon=\"<svg xmlns=&quot;http:\/\/www.w3.org\/2000\/svg&quot; width=&quot;800px&quot; height=&quot;800px&quot; viewBox=&quot;0 0 45 45&quot; fill=&quot;none&quot;>\n<path d=&quot;M24.155 8.78099L24.33 8.94499L37.402 21.787L36 23.213L34.2 21.445L34.201 35C34.201 36.054 33.385 36.918 32.35 36.994L32.201 37H12.201C11.147 37 10.283 36.184 10.206 35.149L10.201 35L10.2 21.446L8.402 23.213L7 21.787L20.058 8.95799C21.171 7.82199 22.966 7.75899 24.155 8.78099ZM21.569 10.285L21.473 10.372L12.2 19.481L12.201 35L17.2 34.999L17.201 25C17.201 23.946 18.017 23.082 19.052 23.005L19.201 23H25.201C26.255 23 27.119 23.816 27.196 24.851L27.201 25L27.2 34.999L32.201 35L32.2 19.48L22.901 10.344C22.537 9.98699 21.969 9.96499 21.569 10.285ZM25.201 25H19.201L19.2 34.999H25.2L25.201 25Z&quot; fill=&quot;#3C3C3C&quot;\/>\n<\/svg>\"\r\n\r\n\t>\r\n    <div class=\"listing-card-nl\">\r\n        <!-- ===== LEFT: IMAGE SLIDER ===== -->\r\n        <div class=\"listing-image-container-nl\">\r\n            <a href=\"https:\/\/cparici.com\/de\/annonce\/la-villa-du-cabellou\/\">\r\n                <div class=\"slider-wrapper-nl\">\r\n                    \t\t\t\t<img decoding=\"async\" src=\"https:\/\/cparici.com\/wp-content\/uploads\/2025\/01\/villa-le-cabellou-1-520x397.jpg\" alt=\"La Villa du Cabellou\" class=\"slider-image-nl\">\r\n\t\t\t\t\t\t<img decoding=\"async\" src=\"https:\/\/cparici.com\/wp-content\/uploads\/2025\/01\/villa-le-cabellou-2-520x397.jpg\" alt=\"La Villa du Cabellou\" class=\"slider-image-nl\">\r\n\t\t\t\t\t\t<img decoding=\"async\" src=\"https:\/\/cparici.com\/wp-content\/uploads\/2025\/01\/villa-le-cabellou-4-520x397.jpg\" alt=\"La Villa du Cabellou\" class=\"slider-image-nl\">\r\n\t\t                <\/div>\r\n            <\/a>\r\n            \r\n            <div class=\"slider-arrow-nl left-nl\" id=\"prevBtn\"><i class=\"fa-solid fa-chevron-left\"><\/i><\/div>\r\n            <div class=\"slider-arrow-nl right-nl\" id=\"nextBtn\"><i class=\"fa-solid fa-chevron-right\"><\/i><\/div>\r\n            <div class=\"image-overlay-top-nl\">\r\n                <span class=\"listing-category-tag-nl\">H\u00e9bergements<\/span>                                    <div class=\"favorite-icon-nl\" id=\"favoriteBtn\">\r\n                        \r\n                                <span class=\"save fa-regular fa-heart tooltip left\" title=\"Login To Bookmark Items\"><\/span>\r\n                                                    \r\n                    <\/div>\r\n                            <\/div>\r\n        <\/div>\r\n\r\n        <!-- ===== RIGHT: LISTING DETAILS (NOW 2-COLUMN) ===== -->\r\n        <a href=\"https:\/\/cparici.com\/de\/annonce\/la-villa-du-cabellou\/\" class=\"listing-details-nl\">\r\n\r\n            <!-- Main Content Column (Left) -->\r\n            <div class=\"details-main-col-nl\">\r\n                                <h2 class=\"listing-title-nl\">La Villa du Cabellou                    <div class=\"listing-title-badges-nl\">\r\n                                                                    <\/div>\r\n                <\/h2>\r\n                <p class=\"listing-location-nl\">Le Cabellou<\/p>\t\t\t<div class=\"listing-features-nl\">\r\n\t\t\t\t\t\t\t\t\t\t\t\t<!-- Regular Field Template -->\r\n\t\t\t\t\t<div class=\"feature-tag-nl main-detail-_size\">\r\n\t\t\t\t\t\t<i class=\"fas fa-check\"><\/i>\r\n\t\t\t\t\t\t\t\t\t\t\t\t\t\t\t\t\t\t\t\t<span>140<\/span>\r\n\t\t\t\t\t\t\t\t\t\t\t\t<div class=\"tooltip-nl\">Size<\/div>\r\n\t\t\t\t\t<\/div>\r\n\t\t\t\t\t\t\t\t\t\t\t\t\t\t\t\t<!-- Regular Field Template -->\r\n\t\t\t\t\t<div class=\"feature-tag-nl main-detail-_guests\">\r\n\t\t\t\t\t\t<i class=\"fas fa-check\"><\/i>\r\n\t\t\t\t\t\t\t\t\t\t\t\t\t\t\t\t\t\t\t\t<span>8<\/span>\r\n\t\t\t\t\t\t\t\t\t\t\t\t<div class=\"tooltip-nl\">Guest(s)<\/div>\r\n\t\t\t\t\t<\/div>\r\n\t\t\t\t\t\t\t\t\t\t\t\t\t\t\t\t<!-- Regular Field Template -->\r\n\t\t\t\t\t<div class=\"feature-tag-nl main-detail-_number_of_bedrooms\">\r\n\t\t\t\t\t\t<i class=\"fas fa-check\"><\/i>\r\n\t\t\t\t\t\t\t\t\t\t\t\t\t\t\t\t\t\t\t\t<span>4<\/span>\r\n\t\t\t\t\t\t\t\t\t\t\t\t<div class=\"tooltip-nl\">Bedroom(s)<\/div>\r\n\t\t\t\t\t<\/div>\r\n\t\t\t\t\t\t\t\t\t\t<\/div>\r\n\r\n                    <div class=\"listing-amenities-nl\">\r\n                        \r\n                    <\/div>\r\n                            <\/div>\r\n\r\n            <!-- Sidebar Column (Right) -->\r\n            <div class=\"details-sidebar-col-nl\">\r\n                <div class=\"details-sidebar-upper-nl\">\r\n                                                <div class=\"listing-rating-nl\">\r\n                                <div class=\"rating-text-nl no-rating\">No reviews yet<\/div>\r\n                            <\/div>\r\n                                    <\/div>\r\n                            <\/div>\r\n\r\n        <\/a>\r\n\r\n    <\/div>\r\n<\/div>\n                    <\/div>\n                                      <div class=\"fw-carousel-item\">                    \n                        <div  class=\"listing-card-container-nl listing-geo-data\" \r\n\t\tdata-title=\"La Rose des Vents, 8 Pers\"\r\n\t\tdata-listing-type=\"rental\"\r\n\t\tdata-classifieds-price=\"\u20ac\"\r\n\t\tdata-friendly-address=\"Le Rouz\"\r\n\t\tdata-address=\"Le Rouz\"\r\n\t\tdata-image=\"https:\/\/cparici.com\/wp-content\/uploads\/2025\/01\/la-rose-des-vents-2-520x397.jpg\"\r\n\t\tdata-longitude=\"-3.9069835\"\r\n\t\tdata-latitude=\"47.8674861\"\r\n\t\t\t\t\tdata-rating=\"0\"\r\n\t\t\tdata-reviews=\"0\"\r\n\t\t\t\tdata-icon=\"<svg xmlns=&quot;http:\/\/www.w3.org\/2000\/svg&quot; width=&quot;800px&quot; height=&quot;800px&quot; viewBox=&quot;0 0 45 45&quot; fill=&quot;none&quot;>\n<path d=&quot;M24.155 8.78099L24.33 8.94499L37.402 21.787L36 23.213L34.2 21.445L34.201 35C34.201 36.054 33.385 36.918 32.35 36.994L32.201 37H12.201C11.147 37 10.283 36.184 10.206 35.149L10.201 35L10.2 21.446L8.402 23.213L7 21.787L20.058 8.95799C21.171 7.82199 22.966 7.75899 24.155 8.78099ZM21.569 10.285L21.473 10.372L12.2 19.481L12.201 35L17.2 34.999L17.201 25C17.201 23.946 18.017 23.082 19.052 23.005L19.201 23H25.201C26.255 23 27.119 23.816 27.196 24.851L27.201 25L27.2 34.999L32.201 35L32.2 19.48L22.901 10.344C22.537 9.98699 21.969 9.96499 21.569 10.285ZM25.201 25H19.201L19.2 34.999H25.2L25.201 25Z&quot; fill=&quot;#3C3C3C&quot;\/>\n<\/svg>\"\r\n\r\n\t>\r\n    <div class=\"listing-card-nl\">\r\n        <!-- ===== LEFT: IMAGE SLIDER ===== -->\r\n        <div class=\"listing-image-container-nl\">\r\n            <a href=\"https:\/\/cparici.com\/de\/annonce\/la-rose-des-vents-8-pers\/\">\r\n                <div class=\"slider-wrapper-nl\">\r\n                    \t\t\t\t<img decoding=\"async\" src=\"https:\/\/cparici.com\/wp-content\/uploads\/2025\/01\/la-rose-des-vents-2-520x397.jpg\" alt=\"La Rose des Vents, 8 Pers\" class=\"slider-image-nl\">\r\n\t\t\t\t\t\t<img decoding=\"async\" src=\"https:\/\/cparici.com\/wp-content\/uploads\/2025\/01\/la-rose-des-vents-3-520x397.jpg\" alt=\"La Rose des Vents, 8 Pers\" class=\"slider-image-nl\">\r\n\t\t\t\t\t\t<img decoding=\"async\" src=\"https:\/\/cparici.com\/wp-content\/uploads\/2025\/01\/la-rose-des-vents-4-520x397.jpg\" alt=\"La Rose des Vents, 8 Pers\" class=\"slider-image-nl\">\r\n\t\t                <\/div>\r\n            <\/a>\r\n            \r\n            <div class=\"slider-arrow-nl left-nl\" id=\"prevBtn\"><i class=\"fa-solid fa-chevron-left\"><\/i><\/div>\r\n            <div class=\"slider-arrow-nl right-nl\" id=\"nextBtn\"><i class=\"fa-solid fa-chevron-right\"><\/i><\/div>\r\n            <div class=\"image-overlay-top-nl\">\r\n                <span class=\"listing-category-tag-nl\">H\u00e9bergements<\/span>                                    <div class=\"favorite-icon-nl\" id=\"favoriteBtn\">\r\n                        \r\n                                <span class=\"save fa-regular fa-heart tooltip left\" title=\"Login To Bookmark Items\"><\/span>\r\n                                                    \r\n                    <\/div>\r\n                            <\/div>\r\n        <\/div>\r\n\r\n        <!-- ===== RIGHT: LISTING DETAILS (NOW 2-COLUMN) ===== -->\r\n        <a href=\"https:\/\/cparici.com\/de\/annonce\/la-rose-des-vents-8-pers\/\" class=\"listing-details-nl\">\r\n\r\n            <!-- Main Content Column (Left) -->\r\n            <div class=\"details-main-col-nl\">\r\n                                <h2 class=\"listing-title-nl\">La Rose des Vents, 8 Pers                    <div class=\"listing-title-badges-nl\">\r\n                                                                    <\/div>\r\n                <\/h2>\r\n                <p class=\"listing-location-nl\">Le Rouz<\/p>\t\t\t<div class=\"listing-features-nl\">\r\n\t\t\t\t\t\t\t\t\t\t\t\t<!-- Regular Field Template -->\r\n\t\t\t\t\t<div class=\"feature-tag-nl main-detail-_size\">\r\n\t\t\t\t\t\t<i class=\"fas fa-check\"><\/i>\r\n\t\t\t\t\t\t\t\t\t\t\t\t\t\t\t\t\t\t\t\t<span>140<\/span>\r\n\t\t\t\t\t\t\t\t\t\t\t\t<div class=\"tooltip-nl\">Size<\/div>\r\n\t\t\t\t\t<\/div>\r\n\t\t\t\t\t\t\t\t\t\t\t\t\t\t\t\t<!-- Regular Field Template -->\r\n\t\t\t\t\t<div class=\"feature-tag-nl main-detail-_guests\">\r\n\t\t\t\t\t\t<i class=\"fas fa-check\"><\/i>\r\n\t\t\t\t\t\t\t\t\t\t\t\t\t\t\t\t\t\t\t\t<span>8<\/span>\r\n\t\t\t\t\t\t\t\t\t\t\t\t<div class=\"tooltip-nl\">Guest(s)<\/div>\r\n\t\t\t\t\t<\/div>\r\n\t\t\t\t\t\t\t\t\t\t\t\t\t\t\t\t<!-- Regular Field Template -->\r\n\t\t\t\t\t<div class=\"feature-tag-nl main-detail-_number_of_bedrooms\">\r\n\t\t\t\t\t\t<i class=\"fas fa-check\"><\/i>\r\n\t\t\t\t\t\t\t\t\t\t\t\t\t\t\t\t\t\t\t\t<span>4<\/span>\r\n\t\t\t\t\t\t\t\t\t\t\t\t<div class=\"tooltip-nl\">Bedroom(s)<\/div>\r\n\t\t\t\t\t<\/div>\r\n\t\t\t\t\t\t\t\t\t\t<\/div>\r\n\r\n                    <div class=\"listing-amenities-nl\">\r\n                        \r\n                    <\/div>\r\n                            <\/div>\r\n\r\n            <!-- Sidebar Column (Right) -->\r\n            <div class=\"details-sidebar-col-nl\">\r\n                <div class=\"details-sidebar-upper-nl\">\r\n                                                <div class=\"listing-rating-nl\">\r\n                                <div class=\"rating-text-nl no-rating\">No reviews yet<\/div>\r\n                            <\/div>\r\n                                    <\/div>\r\n                            <\/div>\r\n\r\n        <\/a>\r\n\r\n    <\/div>\r\n<\/div>\n                    <\/div>\n                                      <div class=\"fw-carousel-item\">                    \n                        <div  class=\"listing-card-container-nl listing-geo-data\" \r\n\t\tdata-title=\"Le Rospico, Appartement Vue Mer N\u00e9vez\"\r\n\t\tdata-listing-type=\"rental\"\r\n\t\tdata-classifieds-price=\"\u20ac\"\r\n\t\tdata-friendly-address=\"Plage de Rospico, N\u00e9vez\"\r\n\t\tdata-address=\"Plage de Rospico, N\u00e9vez\"\r\n\t\tdata-image=\"https:\/\/cparici.com\/wp-content\/uploads\/2026\/03\/anse-de-rospico-520x397.jpg\"\r\n\t\tdata-longitude=\"-3.765314324812224\"\r\n\t\tdata-latitude=\"47.79152794554884\"\r\n\t\t\t\t\tdata-rating=\"0\"\r\n\t\t\tdata-reviews=\"0\"\r\n\t\t\t\tdata-icon=\"<svg xmlns=&quot;http:\/\/www.w3.org\/2000\/svg&quot; width=&quot;800px&quot; height=&quot;800px&quot; viewBox=&quot;0 0 45 45&quot; fill=&quot;none&quot;>\n<path d=&quot;M24.155 8.78099L24.33 8.94499L37.402 21.787L36 23.213L34.2 21.445L34.201 35C34.201 36.054 33.385 36.918 32.35 36.994L32.201 37H12.201C11.147 37 10.283 36.184 10.206 35.149L10.201 35L10.2 21.446L8.402 23.213L7 21.787L20.058 8.95799C21.171 7.82199 22.966 7.75899 24.155 8.78099ZM21.569 10.285L21.473 10.372L12.2 19.481L12.201 35L17.2 34.999L17.201 25C17.201 23.946 18.017 23.082 19.052 23.005L19.201 23H25.201C26.255 23 27.119 23.816 27.196 24.851L27.201 25L27.2 34.999L32.201 35L32.2 19.48L22.901 10.344C22.537 9.98699 21.969 9.96499 21.569 10.285ZM25.201 25H19.201L19.2 34.999H25.2L25.201 25Z&quot; fill=&quot;#3C3C3C&quot;\/>\n<\/svg>\"\r\n\r\n\t>\r\n    <div class=\"listing-card-nl\">\r\n        <!-- ===== LEFT: IMAGE SLIDER ===== -->\r\n        <div class=\"listing-image-container-nl\">\r\n            <a href=\"https:\/\/cparici.com\/de\/annonce\/le-rospico-appartement-vue-mer-nevez\/\">\r\n                <div class=\"slider-wrapper-nl\">\r\n                    \t\t\t\t<img decoding=\"async\" src=\"https:\/\/cparici.com\/wp-content\/uploads\/2026\/03\/anse-de-rospico-520x397.jpg\" alt=\"Le Rospico, Appartement Vue Mer N\u00e9vez\" class=\"slider-image-nl\">\r\n\t\t\t\t\t\t<img decoding=\"async\" src=\"https:\/\/cparici.com\/wp-content\/uploads\/2026\/03\/appartement-rospico-plage-520x397.jpg\" alt=\"Le Rospico, Appartement Vue Mer N\u00e9vez\" class=\"slider-image-nl\">\r\n\t\t\t\t\t\t<img decoding=\"async\" src=\"https:\/\/cparici.com\/wp-content\/uploads\/2026\/03\/appartement-rospico-plage-nevez-520x397.jpg\" alt=\"Le Rospico, Appartement Vue Mer N\u00e9vez\" class=\"slider-image-nl\">\r\n\t\t                <\/div>\r\n            <\/a>\r\n            \r\n            <div class=\"slider-arrow-nl left-nl\" id=\"prevBtn\"><i class=\"fa-solid fa-chevron-left\"><\/i><\/div>\r\n            <div class=\"slider-arrow-nl right-nl\" id=\"nextBtn\"><i class=\"fa-solid fa-chevron-right\"><\/i><\/div>\r\n            <div class=\"image-overlay-top-nl\">\r\n                <span class=\"listing-category-tag-nl\">H\u00e9bergements<\/span>                                    <div class=\"favorite-icon-nl\" id=\"favoriteBtn\">\r\n                        \r\n                                <span class=\"save fa-regular fa-heart tooltip left\" title=\"Login To Bookmark Items\"><\/span>\r\n                                                    \r\n                    <\/div>\r\n                            <\/div>\r\n        <\/div>\r\n\r\n        <!-- ===== RIGHT: LISTING DETAILS (NOW 2-COLUMN) ===== -->\r\n        <a href=\"https:\/\/cparici.com\/de\/annonce\/le-rospico-appartement-vue-mer-nevez\/\" class=\"listing-details-nl\">\r\n\r\n            <!-- Main Content Column (Left) -->\r\n            <div class=\"details-main-col-nl\">\r\n                                <h2 class=\"listing-title-nl\">Le Rospico, Appartement Vue Mer N\u00e9vez                    <div class=\"listing-title-badges-nl\">\r\n                                                                    <\/div>\r\n                <\/h2>\r\n                <p class=\"listing-location-nl\">Plage de Rospico, N\u00e9vez<\/p>\t\r\n                    <div class=\"listing-amenities-nl\">\r\n                        \r\n                    <\/div>\r\n                            <\/div>\r\n\r\n            <!-- Sidebar Column (Right) -->\r\n            <div class=\"details-sidebar-col-nl\">\r\n                <div class=\"details-sidebar-upper-nl\">\r\n                                                <div class=\"listing-rating-nl\">\r\n                                <div class=\"rating-text-nl no-rating\">No reviews yet<\/div>\r\n                            <\/div>\r\n                                    <\/div>\r\n                            <\/div>\r\n\r\n        <\/a>\r\n\r\n    <\/div>\r\n<\/div>\n                    <\/div>\n                                      <div class=\"fw-carousel-item\">                    \n                        <div  class=\"listing-card-container-nl listing-geo-data\" \r\n\t\tdata-title=\"La Plume \u2013 Appartement vue mer \u00e0 CONCARNEAU\"\r\n\t\tdata-listing-type=\"rental\"\r\n\t\tdata-classifieds-price=\"\u20ac\"\r\n\t\tdata-friendly-address=\"Centre ville Concarneau, Plages \u00e0 pied\"\r\n\t\tdata-address=\"Centre ville Concarneau, Plages \u00e0 pied\"\r\n\t\tdata-image=\"https:\/\/cparici.com\/wp-content\/uploads\/2026\/04\/appartement-plume-concarneau-balcon-vue-mer-et-phare-520x397.jpg\"\r\n\t\tdata-longitude=\"-3.9175758\"\r\n\t\tdata-latitude=\"47.8690136\"\r\n\t\t\t\t\tdata-rating=\"0\"\r\n\t\t\tdata-reviews=\"0\"\r\n\t\t\t\tdata-icon=\"<svg xmlns=&quot;http:\/\/www.w3.org\/2000\/svg&quot; width=&quot;800px&quot; height=&quot;800px&quot; viewBox=&quot;0 0 45 45&quot; fill=&quot;none&quot;>\n<path d=&quot;M24.155 8.78099L24.33 8.94499L37.402 21.787L36 23.213L34.2 21.445L34.201 35C34.201 36.054 33.385 36.918 32.35 36.994L32.201 37H12.201C11.147 37 10.283 36.184 10.206 35.149L10.201 35L10.2 21.446L8.402 23.213L7 21.787L20.058 8.95799C21.171 7.82199 22.966 7.75899 24.155 8.78099ZM21.569 10.285L21.473 10.372L12.2 19.481L12.201 35L17.2 34.999L17.201 25C17.201 23.946 18.017 23.082 19.052 23.005L19.201 23H25.201C26.255 23 27.119 23.816 27.196 24.851L27.201 25L27.2 34.999L32.201 35L32.2 19.48L22.901 10.344C22.537 9.98699 21.969 9.96499 21.569 10.285ZM25.201 25H19.201L19.2 34.999H25.2L25.201 25Z&quot; fill=&quot;#3C3C3C&quot;\/>\n<\/svg>\"\r\n\r\n\t>\r\n    <div class=\"listing-card-nl\">\r\n        <!-- ===== LEFT: IMAGE SLIDER ===== -->\r\n        <div class=\"listing-image-container-nl\">\r\n            <a href=\"https:\/\/cparici.com\/de\/annonce\/la-plume-appartement-vue-mer-2-adultes-2-enfants-vue-mer-a-concarneau\/\">\r\n                <div class=\"slider-wrapper-nl\">\r\n                    \t\t\t\t<img decoding=\"async\" src=\"https:\/\/cparici.com\/wp-content\/uploads\/2026\/04\/appartement-plume-concarneau-balcon-vue-mer-et-phare-520x397.jpg\" alt=\"La Plume \u2013 Appartement vue mer \u00e0 CONCARNEAU\" class=\"slider-image-nl\">\r\n\t\t\t\t\t\t<img decoding=\"async\" src=\"https:\/\/cparici.com\/wp-content\/uploads\/2026\/04\/appartement-plume-centre-concarneau-balcon-vue-mer-520x397.jpg\" alt=\"La Plume \u2013 Appartement vue mer \u00e0 CONCARNEAU\" class=\"slider-image-nl\">\r\n\t\t\t\t\t\t<img decoding=\"async\" src=\"https:\/\/cparici.com\/wp-content\/uploads\/2026\/04\/appartement-plume-concarneau-cuisine-520x397.jpg\" alt=\"La Plume \u2013 Appartement vue mer \u00e0 CONCARNEAU\" class=\"slider-image-nl\">\r\n\t\t                <\/div>\r\n            <\/a>\r\n            \r\n            <div class=\"slider-arrow-nl left-nl\" id=\"prevBtn\"><i class=\"fa-solid fa-chevron-left\"><\/i><\/div>\r\n            <div class=\"slider-arrow-nl right-nl\" id=\"nextBtn\"><i class=\"fa-solid fa-chevron-right\"><\/i><\/div>\r\n            <div class=\"image-overlay-top-nl\">\r\n                <span class=\"listing-category-tag-nl\">H\u00e9bergements<\/span>                                    <div class=\"favorite-icon-nl\" id=\"favoriteBtn\">\r\n                        \r\n                                <span class=\"save fa-regular fa-heart tooltip left\" title=\"Login To Bookmark Items\"><\/span>\r\n                                                    \r\n                    <\/div>\r\n                            <\/div>\r\n        <\/div>\r\n\r\n        <!-- ===== RIGHT: LISTING DETAILS (NOW 2-COLUMN) ===== -->\r\n        <a href=\"https:\/\/cparici.com\/de\/annonce\/la-plume-appartement-vue-mer-2-adultes-2-enfants-vue-mer-a-concarneau\/\" class=\"listing-details-nl\">\r\n\r\n            <!-- Main Content Column (Left) -->\r\n            <div class=\"details-main-col-nl\">\r\n                                <h2 class=\"listing-title-nl\">La Plume \u2013 Appartement vue mer \u00e0 CONCARNEAU                    <div class=\"listing-title-badges-nl\">\r\n                                                                    <\/div>\r\n                <\/h2>\r\n                <p class=\"listing-location-nl\">Centre ville Concarneau, Plages \u00e0 pied<\/p>\t\r\n                    <div class=\"listing-amenities-nl\">\r\n                        \r\n                    <\/div>\r\n                            <\/div>\r\n\r\n            <!-- Sidebar Column (Right) -->\r\n            <div class=\"details-sidebar-col-nl\">\r\n                <div class=\"details-sidebar-upper-nl\">\r\n                                                <div class=\"listing-rating-nl\">\r\n                                <div class=\"rating-text-nl no-rating\">No reviews yet<\/div>\r\n                            <\/div>\r\n                                    <\/div>\r\n                            <\/div>\r\n\r\n        <\/a>\r\n\r\n    <\/div>\r\n<\/div>\n                    <\/div>\n                                      <div class=\"fw-carousel-item\">                    \n                        <div  class=\"listing-card-container-nl listing-geo-data\" \r\n\t\tdata-title=\"TY-NOE Appartement 4 Pers Concarneau\"\r\n\t\tdata-listing-type=\"rental\"\r\n\t\tdata-classifieds-price=\"\u20ac\"\r\n\t\tdata-friendly-address=\"Concarneau Centre ville Plage \u00e0 pied\"\r\n\t\tdata-address=\"Concarneau Centre ville Plage \u00e0 pied\"\r\n\t\tdata-image=\"https:\/\/cparici.com\/wp-content\/uploads\/2026\/03\/coin-salon-ty-noe-maison-vacances-concarneau-520x397.jpg\"\r\n\t\tdata-longitude=\"-3.926947116851807\"\r\n\t\tdata-latitude=\"47.87317453571676\"\r\n\t\t\t\t\tdata-rating=\"0\"\r\n\t\t\tdata-reviews=\"0\"\r\n\t\t\t\tdata-icon=\"<svg xmlns=&quot;http:\/\/www.w3.org\/2000\/svg&quot; width=&quot;800px&quot; height=&quot;800px&quot; viewBox=&quot;0 0 45 45&quot; fill=&quot;none&quot;>\n<path d=&quot;M24.155 8.78099L24.33 8.94499L37.402 21.787L36 23.213L34.2 21.445L34.201 35C34.201 36.054 33.385 36.918 32.35 36.994L32.201 37H12.201C11.147 37 10.283 36.184 10.206 35.149L10.201 35L10.2 21.446L8.402 23.213L7 21.787L20.058 8.95799C21.171 7.82199 22.966 7.75899 24.155 8.78099ZM21.569 10.285L21.473 10.372L12.2 19.481L12.201 35L17.2 34.999L17.201 25C17.201 23.946 18.017 23.082 19.052 23.005L19.201 23H25.201C26.255 23 27.119 23.816 27.196 24.851L27.201 25L27.2 34.999L32.201 35L32.2 19.48L22.901 10.344C22.537 9.98699 21.969 9.96499 21.569 10.285ZM25.201 25H19.201L19.2 34.999H25.2L25.201 25Z&quot; fill=&quot;#3C3C3C&quot;\/>\n<\/svg>\"\r\n\r\n\t>\r\n    <div class=\"listing-card-nl\">\r\n        <!-- ===== LEFT: IMAGE SLIDER ===== -->\r\n        <div class=\"listing-image-container-nl\">\r\n            <a href=\"https:\/\/cparici.com\/de\/annonce\/ty-noe-appartement-4-pers-concarneau\/\">\r\n                <div class=\"slider-wrapper-nl\">\r\n                    \t\t\t\t<img decoding=\"async\" src=\"https:\/\/cparici.com\/wp-content\/uploads\/2026\/03\/coin-salon-ty-noe-maison-vacances-concarneau-520x397.jpg\" alt=\"TY-NOE Appartement 4 Pers Concarneau\" class=\"slider-image-nl\">\r\n\t\t\t\t\t\t<img decoding=\"async\" src=\"https:\/\/cparici.com\/wp-content\/uploads\/2026\/03\/salon-ty-noe-maison-vacances-concarneau-520x397.jpg\" alt=\"TY-NOE Appartement 4 Pers Concarneau\" class=\"slider-image-nl\">\r\n\t\t\t\t\t\t<img decoding=\"async\" src=\"https:\/\/cparici.com\/wp-content\/uploads\/2026\/03\/salon-ty-noe-maison-vacances-concarneau-exterieur-520x397.jpeg\" alt=\"TY-NOE Appartement 4 Pers Concarneau\" class=\"slider-image-nl\">\r\n\t\t                <\/div>\r\n            <\/a>\r\n            \r\n            <div class=\"slider-arrow-nl left-nl\" id=\"prevBtn\"><i class=\"fa-solid fa-chevron-left\"><\/i><\/div>\r\n            <div class=\"slider-arrow-nl right-nl\" id=\"nextBtn\"><i class=\"fa-solid fa-chevron-right\"><\/i><\/div>\r\n            <div class=\"image-overlay-top-nl\">\r\n                <span class=\"listing-category-tag-nl\">H\u00e9bergements<\/span>                                    <div class=\"favorite-icon-nl\" id=\"favoriteBtn\">\r\n                        \r\n                                <span class=\"save fa-regular fa-heart tooltip left\" title=\"Login To Bookmark Items\"><\/span>\r\n                                                    \r\n                    <\/div>\r\n                            <\/div>\r\n        <\/div>\r\n\r\n        <!-- ===== RIGHT: LISTING DETAILS (NOW 2-COLUMN) ===== -->\r\n        <a href=\"https:\/\/cparici.com\/de\/annonce\/ty-noe-appartement-4-pers-concarneau\/\" class=\"listing-details-nl\">\r\n\r\n            <!-- Main Content Column (Left) -->\r\n            <div class=\"details-main-col-nl\">\r\n                                <h2 class=\"listing-title-nl\">TY-NOE Appartement 4 Pers Concarneau                    <div class=\"listing-title-badges-nl\">\r\n                                                                    <\/div>\r\n                <\/h2>\r\n                <p class=\"listing-location-nl\">Concarneau Centre ville Plage \u00e0 pied<\/p>\t\r\n                    <div class=\"listing-amenities-nl\">\r\n                        \r\n                    <\/div>\r\n                            <\/div>\r\n\r\n            <!-- Sidebar Column (Right) -->\r\n            <div class=\"details-sidebar-col-nl\">\r\n                <div class=\"details-sidebar-upper-nl\">\r\n                                                <div class=\"listing-rating-nl\">\r\n                                <div class=\"rating-text-nl no-rating\">No reviews yet<\/div>\r\n                            <\/div>\r\n                                    <\/div>\r\n                            <\/div>\r\n\r\n        <\/a>\r\n\r\n    <\/div>\r\n<\/div>\n                    <\/div>\n                                      <div class=\"fw-carousel-item\">                    \n                        <div  class=\"listing-card-container-nl listing-geo-data\" \r\n\t\tdata-title=\"Le Belv\u00e9d\u00e8re, Vue mer 6Pers\"\r\n\t\tdata-listing-type=\"rental\"\r\n\t\tdata-classifieds-price=\"\u20ac\"\r\n\t\tdata-friendly-address=\"Les Sables Blancs\"\r\n\t\tdata-address=\"Les Sables Blancs\"\r\n\t\tdata-image=\"https:\/\/cparici.com\/wp-content\/uploads\/2025\/01\/le-belvedere-3-520x397.jpg\"\r\n\t\tdata-longitude=\"-3.9304455\"\r\n\t\tdata-latitude=\"47.8818643\"\r\n\t\t\t\t\tdata-rating=\"0\"\r\n\t\t\tdata-reviews=\"0\"\r\n\t\t\t\tdata-icon=\"<svg xmlns=&quot;http:\/\/www.w3.org\/2000\/svg&quot; width=&quot;800px&quot; height=&quot;800px&quot; viewBox=&quot;0 0 45 45&quot; fill=&quot;none&quot;>\n<path d=&quot;M24.155 8.78099L24.33 8.94499L37.402 21.787L36 23.213L34.2 21.445L34.201 35C34.201 36.054 33.385 36.918 32.35 36.994L32.201 37H12.201C11.147 37 10.283 36.184 10.206 35.149L10.201 35L10.2 21.446L8.402 23.213L7 21.787L20.058 8.95799C21.171 7.82199 22.966 7.75899 24.155 8.78099ZM21.569 10.285L21.473 10.372L12.2 19.481L12.201 35L17.2 34.999L17.201 25C17.201 23.946 18.017 23.082 19.052 23.005L19.201 23H25.201C26.255 23 27.119 23.816 27.196 24.851L27.201 25L27.2 34.999L32.201 35L32.2 19.48L22.901 10.344C22.537 9.98699 21.969 9.96499 21.569 10.285ZM25.201 25H19.201L19.2 34.999H25.2L25.201 25Z&quot; fill=&quot;#3C3C3C&quot;\/>\n<\/svg>\"\r\n\r\n\t>\r\n    <div class=\"listing-card-nl\">\r\n        <!-- ===== LEFT: IMAGE SLIDER ===== -->\r\n        <div class=\"listing-image-container-nl\">\r\n            <a href=\"https:\/\/cparici.com\/de\/annonce\/le-belvedere-vue-mer-6pers\/\">\r\n                <div class=\"slider-wrapper-nl\">\r\n                    \t\t\t\t<img decoding=\"async\" src=\"https:\/\/cparici.com\/wp-content\/uploads\/2025\/01\/le-belvedere-3-520x397.jpg\" alt=\"Le Belv\u00e9d\u00e8re, Vue mer 6Pers\" class=\"slider-image-nl\">\r\n\t\t\t\t\t\t<img decoding=\"async\" src=\"https:\/\/cparici.com\/wp-content\/uploads\/2025\/01\/le-belvedere-4-520x397.jpg\" alt=\"Le Belv\u00e9d\u00e8re, Vue mer 6Pers\" class=\"slider-image-nl\">\r\n\t\t\t\t\t\t<img decoding=\"async\" src=\"https:\/\/cparici.com\/wp-content\/uploads\/2025\/01\/le-belvedere-5-520x397.jpg\" alt=\"Le Belv\u00e9d\u00e8re, Vue mer 6Pers\" class=\"slider-image-nl\">\r\n\t\t                <\/div>\r\n            <\/a>\r\n            \r\n            <div class=\"slider-arrow-nl left-nl\" id=\"prevBtn\"><i class=\"fa-solid fa-chevron-left\"><\/i><\/div>\r\n            <div class=\"slider-arrow-nl right-nl\" id=\"nextBtn\"><i class=\"fa-solid fa-chevron-right\"><\/i><\/div>\r\n            <div class=\"image-overlay-top-nl\">\r\n                <span class=\"listing-category-tag-nl\">H\u00e9bergements<\/span>                                    <div class=\"favorite-icon-nl\" id=\"favoriteBtn\">\r\n                        \r\n                                <span class=\"save fa-regular fa-heart tooltip left\" title=\"Login To Bookmark Items\"><\/span>\r\n                                                    \r\n                    <\/div>\r\n                            <\/div>\r\n        <\/div>\r\n\r\n        <!-- ===== RIGHT: LISTING DETAILS (NOW 2-COLUMN) ===== -->\r\n        <a href=\"https:\/\/cparici.com\/de\/annonce\/le-belvedere-vue-mer-6pers\/\" class=\"listing-details-nl\">\r\n\r\n            <!-- Main Content Column (Left) -->\r\n            <div class=\"details-main-col-nl\">\r\n                                <h2 class=\"listing-title-nl\">Le Belv\u00e9d\u00e8re, Vue mer 6Pers                    <div class=\"listing-title-badges-nl\">\r\n                                                                    <\/div>\r\n                <\/h2>\r\n                <p class=\"listing-location-nl\">Les Sables Blancs<\/p>\t\t\t<div class=\"listing-features-nl\">\r\n\t\t\t\t\t\t\t\t\t\t\t\t<!-- Regular Field Template -->\r\n\t\t\t\t\t<div class=\"feature-tag-nl main-detail-_size\">\r\n\t\t\t\t\t\t<i class=\"fas fa-check\"><\/i>\r\n\t\t\t\t\t\t\t\t\t\t\t\t\t\t\t\t\t\t\t\t<span>100<\/span>\r\n\t\t\t\t\t\t\t\t\t\t\t\t<div class=\"tooltip-nl\">Size<\/div>\r\n\t\t\t\t\t<\/div>\r\n\t\t\t\t\t\t\t\t\t\t\t\t\t\t\t\t<!-- Regular Field Template -->\r\n\t\t\t\t\t<div class=\"feature-tag-nl main-detail-_guests\">\r\n\t\t\t\t\t\t<i class=\"fas fa-check\"><\/i>\r\n\t\t\t\t\t\t\t\t\t\t\t\t\t\t\t\t\t\t\t\t<span>6<\/span>\r\n\t\t\t\t\t\t\t\t\t\t\t\t<div class=\"tooltip-nl\">Guest(s)<\/div>\r\n\t\t\t\t\t<\/div>\r\n\t\t\t\t\t\t\t\t\t\t\t\t\t\t\t\t<!-- Regular Field Template -->\r\n\t\t\t\t\t<div class=\"feature-tag-nl main-detail-_number_of_bedrooms\">\r\n\t\t\t\t\t\t<i class=\"fas fa-check\"><\/i>\r\n\t\t\t\t\t\t\t\t\t\t\t\t\t\t\t\t\t\t\t\t<span>3<\/span>\r\n\t\t\t\t\t\t\t\t\t\t\t\t<div class=\"tooltip-nl\">Bedroom(s)<\/div>\r\n\t\t\t\t\t<\/div>\r\n\t\t\t\t\t\t\t\t\t\t<\/div>\r\n\r\n                    <div class=\"listing-amenities-nl\">\r\n                        \r\n                    <\/div>\r\n                            <\/div>\r\n\r\n            <!-- Sidebar Column (Right) -->\r\n            <div class=\"details-sidebar-col-nl\">\r\n                <div class=\"details-sidebar-upper-nl\">\r\n                                                <div class=\"listing-rating-nl\">\r\n                                <div class=\"rating-text-nl no-rating\">No reviews yet<\/div>\r\n                            <\/div>\r\n                                    <\/div>\r\n                            <\/div>\r\n\r\n        <\/a>\r\n\r\n    <\/div>\r\n<\/div>\n                    <\/div>\n                                      <div class=\"fw-carousel-item\">                    \n                        <div  class=\"listing-card-container-nl listing-geo-data\" \r\n\t\tdata-title=\"Perle Maison 6 Pers avec Piscine Couverte et Vue Mer\"\r\n\t\tdata-listing-type=\"rental\"\r\n\t\tdata-classifieds-price=\"\u20ac\"\r\n\t\tdata-friendly-address=\"Concarneau, Les Sables Blancs\"\r\n\t\tdata-address=\"Concarneau, Les Sables Blancs\"\r\n\t\tdata-image=\"https:\/\/cparici.com\/wp-content\/uploads\/2026\/03\/maison-vacances-perle-concarneau-exterieur-520x397.jpg\"\r\n\t\tdata-longitude=\"-3.934530282209957\"\r\n\t\tdata-latitude=\"47.884541075243035\"\r\n\t\t\t\t\tdata-rating=\"0\"\r\n\t\t\tdata-reviews=\"0\"\r\n\t\t\t\tdata-icon=\"<svg xmlns=&quot;http:\/\/www.w3.org\/2000\/svg&quot; width=&quot;800px&quot; height=&quot;800px&quot; viewBox=&quot;0 0 45 45&quot; fill=&quot;none&quot;>\n<path d=&quot;M24.155 8.78099L24.33 8.94499L37.402 21.787L36 23.213L34.2 21.445L34.201 35C34.201 36.054 33.385 36.918 32.35 36.994L32.201 37H12.201C11.147 37 10.283 36.184 10.206 35.149L10.201 35L10.2 21.446L8.402 23.213L7 21.787L20.058 8.95799C21.171 7.82199 22.966 7.75899 24.155 8.78099ZM21.569 10.285L21.473 10.372L12.2 19.481L12.201 35L17.2 34.999L17.201 25C17.201 23.946 18.017 23.082 19.052 23.005L19.201 23H25.201C26.255 23 27.119 23.816 27.196 24.851L27.201 25L27.2 34.999L32.201 35L32.2 19.48L22.901 10.344C22.537 9.98699 21.969 9.96499 21.569 10.285ZM25.201 25H19.201L19.2 34.999H25.2L25.201 25Z&quot; fill=&quot;#3C3C3C&quot;\/>\n<\/svg>\"\r\n\r\n\t>\r\n    <div class=\"listing-card-nl\">\r\n        <!-- ===== LEFT: IMAGE SLIDER ===== -->\r\n        <div class=\"listing-image-container-nl\">\r\n            <a href=\"https:\/\/cparici.com\/de\/annonce\/perle-maison-6-pers-avec-piscine-couverte-et-vue-mer\/\">\r\n                <div class=\"slider-wrapper-nl\">\r\n                    \t\t\t\t<img decoding=\"async\" src=\"https:\/\/cparici.com\/wp-content\/uploads\/2026\/03\/maison-vacances-perle-concarneau-exterieur-520x397.jpg\" alt=\"Perle Maison 6 Pers avec Piscine Couverte et Vue Mer\" class=\"slider-image-nl\">\r\n\t\t\t\t\t\t<img decoding=\"async\" src=\"https:\/\/cparici.com\/wp-content\/uploads\/2026\/03\/maiosn-vacances-perle-concarneau-piscine-couverte-520x397.jpg\" alt=\"Perle Maison 6 Pers avec Piscine Couverte et Vue Mer\" class=\"slider-image-nl\">\r\n\t\t\t\t\t\t<img decoding=\"async\" src=\"https:\/\/cparici.com\/wp-content\/uploads\/2026\/03\/piscine-couverte-maison-vacances-perle-concarnea-sables-blancs-520x397.jpg\" alt=\"Perle Maison 6 Pers avec Piscine Couverte et Vue Mer\" class=\"slider-image-nl\">\r\n\t\t                <\/div>\r\n            <\/a>\r\n            \r\n            <div class=\"slider-arrow-nl left-nl\" id=\"prevBtn\"><i class=\"fa-solid fa-chevron-left\"><\/i><\/div>\r\n            <div class=\"slider-arrow-nl right-nl\" id=\"nextBtn\"><i class=\"fa-solid fa-chevron-right\"><\/i><\/div>\r\n            <div class=\"image-overlay-top-nl\">\r\n                <span class=\"listing-category-tag-nl\">H\u00e9bergements<\/span>                                    <div class=\"favorite-icon-nl\" id=\"favoriteBtn\">\r\n                        \r\n                                <span class=\"save fa-regular fa-heart tooltip left\" title=\"Login To Bookmark Items\"><\/span>\r\n                                                    \r\n                    <\/div>\r\n                            <\/div>\r\n        <\/div>\r\n\r\n        <!-- ===== RIGHT: LISTING DETAILS (NOW 2-COLUMN) ===== -->\r\n        <a href=\"https:\/\/cparici.com\/de\/annonce\/perle-maison-6-pers-avec-piscine-couverte-et-vue-mer\/\" class=\"listing-details-nl\">\r\n\r\n            <!-- Main Content Column (Left) -->\r\n            <div class=\"details-main-col-nl\">\r\n                                <h2 class=\"listing-title-nl\">Perle Maison 6 Pers avec Piscine Couverte et Vue Mer                    <div class=\"listing-title-badges-nl\">\r\n                                                                    <\/div>\r\n                <\/h2>\r\n                <p class=\"listing-location-nl\">Concarneau, Les Sables Blancs<\/p>\t\r\n                    <div class=\"listing-amenities-nl\">\r\n                        \r\n                    <\/div>\r\n                            <\/div>\r\n\r\n            <!-- Sidebar Column (Right) -->\r\n            <div class=\"details-sidebar-col-nl\">\r\n                <div class=\"details-sidebar-upper-nl\">\r\n                                                <div class=\"listing-rating-nl\">\r\n                                <div class=\"rating-text-nl no-rating\">No reviews yet<\/div>\r\n                            <\/div>\r\n                                    <\/div>\r\n                            <\/div>\r\n\r\n        <\/a>\r\n\r\n    <\/div>\r\n<\/div>\n                    <\/div>\n                                      <div class=\"fw-carousel-item\">                    \n                        <div  class=\"listing-card-container-nl listing-geo-data\" \r\n\t\tdata-title=\"Villa Grand large 12 Pers \u2013 Concarneau \u2013 Le Cabellou\"\r\n\t\tdata-listing-type=\"rental\"\r\n\t\tdata-classifieds-price=\"\u20ac\"\r\n\t\tdata-friendly-address=\"Concarneau, proche plage et centre\"\r\n\t\tdata-address=\"Concarneau, proche plage et centre\"\r\n\t\tdata-image=\"https:\/\/cparici.com\/wp-content\/uploads\/2025\/12\/maison-villa-piscine-520x397.jpg\"\r\n\t\tdata-longitude=\"-3.913984\"\r\n\t\tdata-latitude=\"47.857957\"\r\n\t\t\t\t\tdata-rating=\"0\"\r\n\t\t\tdata-reviews=\"0\"\r\n\t\t\t\tdata-icon=\"<svg xmlns=&quot;http:\/\/www.w3.org\/2000\/svg&quot; width=&quot;800px&quot; height=&quot;800px&quot; viewBox=&quot;0 0 45 45&quot; fill=&quot;none&quot;>\n<path d=&quot;M24.155 8.78099L24.33 8.94499L37.402 21.787L36 23.213L34.2 21.445L34.201 35C34.201 36.054 33.385 36.918 32.35 36.994L32.201 37H12.201C11.147 37 10.283 36.184 10.206 35.149L10.201 35L10.2 21.446L8.402 23.213L7 21.787L20.058 8.95799C21.171 7.82199 22.966 7.75899 24.155 8.78099ZM21.569 10.285L21.473 10.372L12.2 19.481L12.201 35L17.2 34.999L17.201 25C17.201 23.946 18.017 23.082 19.052 23.005L19.201 23H25.201C26.255 23 27.119 23.816 27.196 24.851L27.201 25L27.2 34.999L32.201 35L32.2 19.48L22.901 10.344C22.537 9.98699 21.969 9.96499 21.569 10.285ZM25.201 25H19.201L19.2 34.999H25.2L25.201 25Z&quot; fill=&quot;#3C3C3C&quot;\/>\n<\/svg>\"\r\n\r\n\t>\r\n    <div class=\"listing-card-nl\">\r\n        <!-- ===== LEFT: IMAGE SLIDER ===== -->\r\n        <div class=\"listing-image-container-nl\">\r\n            <a href=\"https:\/\/cparici.com\/de\/annonce\/villa-grand-large-12-pers-concarneau-le-cabellou\/\">\r\n                <div class=\"slider-wrapper-nl\">\r\n                    \t\t\t\t<img decoding=\"async\" src=\"https:\/\/cparici.com\/wp-content\/uploads\/2025\/12\/maison-villa-piscine-520x397.jpg\" alt=\"Villa Grand large 12 Pers \u2013 Concarneau \u2013 Le Cabellou\" class=\"slider-image-nl\">\r\n\t\t\t\t\t\t<img decoding=\"async\" src=\"https:\/\/cparici.com\/wp-content\/uploads\/2025\/12\/grande-villa-piscine-2-520x397.jpg\" alt=\"Villa Grand large 12 Pers \u2013 Concarneau \u2013 Le Cabellou\" class=\"slider-image-nl\">\r\n\t\t\t\t\t\t<img decoding=\"async\" src=\"https:\/\/cparici.com\/wp-content\/uploads\/2025\/12\/grande-villa-piscine-520x397.jpg\" alt=\"Villa Grand large 12 Pers \u2013 Concarneau \u2013 Le Cabellou\" class=\"slider-image-nl\">\r\n\t\t                <\/div>\r\n            <\/a>\r\n            \r\n            <div class=\"slider-arrow-nl left-nl\" id=\"prevBtn\"><i class=\"fa-solid fa-chevron-left\"><\/i><\/div>\r\n            <div class=\"slider-arrow-nl right-nl\" id=\"nextBtn\"><i class=\"fa-solid fa-chevron-right\"><\/i><\/div>\r\n            <div class=\"image-overlay-top-nl\">\r\n                <span class=\"listing-category-tag-nl\">H\u00e9bergements<\/span>                                    <div class=\"favorite-icon-nl\" id=\"favoriteBtn\">\r\n                        \r\n                                <span class=\"save fa-regular fa-heart tooltip left\" title=\"Login To Bookmark Items\"><\/span>\r\n                                                    \r\n                    <\/div>\r\n                            <\/div>\r\n        <\/div>\r\n\r\n        <!-- ===== RIGHT: LISTING DETAILS (NOW 2-COLUMN) ===== -->\r\n        <a href=\"https:\/\/cparici.com\/de\/annonce\/villa-grand-large-12-pers-concarneau-le-cabellou\/\" class=\"listing-details-nl\">\r\n\r\n            <!-- Main Content Column (Left) -->\r\n            <div class=\"details-main-col-nl\">\r\n                                <h2 class=\"listing-title-nl\">Villa Grand large 12 Pers \u2013 Concarneau \u2013 Le Cabellou                    <div class=\"listing-title-badges-nl\">\r\n                                                                    <\/div>\r\n                <\/h2>\r\n                <p class=\"listing-location-nl\">Concarneau, proche plage et centre<\/p>\t\r\n                    <div class=\"listing-amenities-nl\">\r\n                        \r\n                    <\/div>\r\n                            <\/div>\r\n\r\n            <!-- Sidebar Column (Right) -->\r\n            <div class=\"details-sidebar-col-nl\">\r\n                <div class=\"details-sidebar-upper-nl\">\r\n                                                <div class=\"listing-rating-nl\">\r\n                                <div class=\"rating-text-nl no-rating\">No reviews yet<\/div>\r\n                            <\/div>\r\n                                    <\/div>\r\n                            <\/div>\r\n\r\n        <\/a>\r\n\r\n    <\/div>\r\n<\/div>\n                    <\/div>\n                                      <div class=\"fw-carousel-item\">                    \n                        <div  class=\"listing-card-container-nl listing-geo-data\" \r\n\t\tdata-title=\"Appartement R\u00eaverie 2 pers \u2013 Centre-ville et mer \u00e0 pied Concarneau\"\r\n\t\tdata-listing-type=\"rental\"\r\n\t\tdata-classifieds-price=\"\u20ac\"\r\n\t\tdata-friendly-address=\"Concarneau Centre ville Plage \u00e0 pied\"\r\n\t\tdata-address=\"Concarneau Centre ville Plage \u00e0 pied\"\r\n\t\tdata-image=\"https:\/\/cparici.com\/wp-content\/uploads\/2026\/03\/appartement-concarneau-reverie-520x397.jpg\"\r\n\t\tdata-longitude=\"-3.9242893\"\r\n\t\tdata-latitude=\"47.8738589\"\r\n\t\t\t\t\tdata-rating=\"0\"\r\n\t\t\tdata-reviews=\"0\"\r\n\t\t\t\tdata-icon=\"<svg xmlns=&quot;http:\/\/www.w3.org\/2000\/svg&quot; width=&quot;800px&quot; height=&quot;800px&quot; viewBox=&quot;0 0 45 45&quot; fill=&quot;none&quot;>\n<path d=&quot;M24.155 8.78099L24.33 8.94499L37.402 21.787L36 23.213L34.2 21.445L34.201 35C34.201 36.054 33.385 36.918 32.35 36.994L32.201 37H12.201C11.147 37 10.283 36.184 10.206 35.149L10.201 35L10.2 21.446L8.402 23.213L7 21.787L20.058 8.95799C21.171 7.82199 22.966 7.75899 24.155 8.78099ZM21.569 10.285L21.473 10.372L12.2 19.481L12.201 35L17.2 34.999L17.201 25C17.201 23.946 18.017 23.082 19.052 23.005L19.201 23H25.201C26.255 23 27.119 23.816 27.196 24.851L27.201 25L27.2 34.999L32.201 35L32.2 19.48L22.901 10.344C22.537 9.98699 21.969 9.96499 21.569 10.285ZM25.201 25H19.201L19.2 34.999H25.2L25.201 25Z&quot; fill=&quot;#3C3C3C&quot;\/>\n<\/svg>\"\r\n\r\n\t>\r\n    <div class=\"listing-card-nl\">\r\n        <!-- ===== LEFT: IMAGE SLIDER ===== -->\r\n        <div class=\"listing-image-container-nl\">\r\n            <a href=\"https:\/\/cparici.com\/de\/annonce\/appartement-reverie-2-pers-centre-ville-et-mer-a-pied-concarneau\/\">\r\n                <div class=\"slider-wrapper-nl\">\r\n                    \t\t\t\t<img decoding=\"async\" src=\"https:\/\/cparici.com\/wp-content\/uploads\/2026\/03\/appartement-concarneau-reverie-520x397.jpg\" alt=\"Appartement R\u00eaverie 2 pers \u2013 Centre-ville et mer \u00e0 pied Concarneau\" class=\"slider-image-nl\">\r\n\t\t\t\t\t\t<img decoding=\"async\" src=\"https:\/\/cparici.com\/wp-content\/uploads\/2026\/03\/appartement-concarneau-reverie-exterieur-520x397.jpg\" alt=\"Appartement R\u00eaverie 2 pers \u2013 Centre-ville et mer \u00e0 pied Concarneau\" class=\"slider-image-nl\">\r\n\t\t\t\t\t\t<img decoding=\"async\" src=\"https:\/\/cparici.com\/wp-content\/uploads\/2026\/03\/appartement-vacances-cpncarneau-reverie-520x397.jpg\" alt=\"Appartement R\u00eaverie 2 pers \u2013 Centre-ville et mer \u00e0 pied Concarneau\" class=\"slider-image-nl\">\r\n\t\t                <\/div>\r\n            <\/a>\r\n            \r\n            <div class=\"slider-arrow-nl left-nl\" id=\"prevBtn\"><i class=\"fa-solid fa-chevron-left\"><\/i><\/div>\r\n            <div class=\"slider-arrow-nl right-nl\" id=\"nextBtn\"><i class=\"fa-solid fa-chevron-right\"><\/i><\/div>\r\n            <div class=\"image-overlay-top-nl\">\r\n                <span class=\"listing-category-tag-nl\">H\u00e9bergements<\/span>                                    <div class=\"favorite-icon-nl\" id=\"favoriteBtn\">\r\n                        \r\n                                <span class=\"save fa-regular fa-heart tooltip left\" title=\"Login To Bookmark Items\"><\/span>\r\n                                                    \r\n                    <\/div>\r\n                            <\/div>\r\n        <\/div>\r\n\r\n        <!-- ===== RIGHT: LISTING DETAILS (NOW 2-COLUMN) ===== -->\r\n        <a href=\"https:\/\/cparici.com\/de\/annonce\/appartement-reverie-2-pers-centre-ville-et-mer-a-pied-concarneau\/\" class=\"listing-details-nl\">\r\n\r\n            <!-- Main Content Column (Left) -->\r\n            <div class=\"details-main-col-nl\">\r\n                                <h2 class=\"listing-title-nl\">Appartement R\u00eaverie 2 pers \u2013 Centre-ville et mer \u00e0 pied Concarneau                    <div class=\"listing-title-badges-nl\">\r\n                                                                    <\/div>\r\n                <\/h2>\r\n                <p class=\"listing-location-nl\">Concarneau Centre ville Plage \u00e0 pied<\/p>\t\r\n                    <div class=\"listing-amenities-nl\">\r\n                        \r\n                    <\/div>\r\n                            <\/div>\r\n\r\n            <!-- Sidebar Column (Right) -->\r\n            <div class=\"details-sidebar-col-nl\">\r\n                <div class=\"details-sidebar-upper-nl\">\r\n                                                <div class=\"listing-rating-nl\">\r\n                                <div class=\"rating-text-nl no-rating\">No reviews yet<\/div>\r\n                            <\/div>\r\n                                    <\/div>\r\n                            <\/div>\r\n\r\n        <\/a>\r\n\r\n    <\/div>\r\n<\/div>\n                    <\/div>\n                                      <div class=\"fw-carousel-item\">                    \n                        <div  class=\"listing-card-container-nl listing-geo-data\" \r\n\t\tdata-title=\"Appartement Le Phare, 2 pers\"\r\n\t\tdata-listing-type=\"rental\"\r\n\t\tdata-classifieds-price=\"\u20ac\"\r\n\t\tdata-friendly-address=\"Avenue des Sables Blancs\"\r\n\t\tdata-address=\"Avenue des Sables Blancs\"\r\n\t\tdata-image=\"https:\/\/cparici.com\/wp-content\/uploads\/2025\/01\/DSC1538-520x397.jpg\"\r\n\t\tdata-longitude=\"-3.9297422\"\r\n\t\tdata-latitude=\"47.8785418\"\r\n\t\t\t\t\tdata-rating=\"0\"\r\n\t\t\tdata-reviews=\"0\"\r\n\t\t\t\tdata-icon=\"<svg xmlns=&quot;http:\/\/www.w3.org\/2000\/svg&quot; width=&quot;800px&quot; height=&quot;800px&quot; viewBox=&quot;0 0 45 45&quot; fill=&quot;none&quot;>\n<path d=&quot;M24.155 8.78099L24.33 8.94499L37.402 21.787L36 23.213L34.2 21.445L34.201 35C34.201 36.054 33.385 36.918 32.35 36.994L32.201 37H12.201C11.147 37 10.283 36.184 10.206 35.149L10.201 35L10.2 21.446L8.402 23.213L7 21.787L20.058 8.95799C21.171 7.82199 22.966 7.75899 24.155 8.78099ZM21.569 10.285L21.473 10.372L12.2 19.481L12.201 35L17.2 34.999L17.201 25C17.201 23.946 18.017 23.082 19.052 23.005L19.201 23H25.201C26.255 23 27.119 23.816 27.196 24.851L27.201 25L27.2 34.999L32.201 35L32.2 19.48L22.901 10.344C22.537 9.98699 21.969 9.96499 21.569 10.285ZM25.201 25H19.201L19.2 34.999H25.2L25.201 25Z&quot; fill=&quot;#3C3C3C&quot;\/>\n<\/svg>\"\r\n\r\n\t>\r\n    <div class=\"listing-card-nl\">\r\n        <!-- ===== LEFT: IMAGE SLIDER ===== -->\r\n        <div class=\"listing-image-container-nl\">\r\n            <a href=\"https:\/\/cparici.com\/de\/annonce\/appartement-le-phare-2-pers\/\">\r\n                <div class=\"slider-wrapper-nl\">\r\n                    \t\t\t\t<img decoding=\"async\" src=\"https:\/\/cparici.com\/wp-content\/uploads\/2025\/01\/DSC1538-520x397.jpg\" alt=\"Appartement Le Phare, 2 pers\" class=\"slider-image-nl\">\r\n\t\t\t\t\t\t<img decoding=\"async\" src=\"https:\/\/cparici.com\/wp-content\/uploads\/2025\/01\/DSC1541-520x397.jpg\" alt=\"Appartement Le Phare, 2 pers\" class=\"slider-image-nl\">\r\n\t\t\t\t\t\t<img decoding=\"async\" src=\"https:\/\/cparici.com\/wp-content\/uploads\/2025\/01\/DSC1531-520x397.jpg\" alt=\"Appartement Le Phare, 2 pers\" class=\"slider-image-nl\">\r\n\t\t                <\/div>\r\n            <\/a>\r\n            \r\n            <div class=\"slider-arrow-nl left-nl\" id=\"prevBtn\"><i class=\"fa-solid fa-chevron-left\"><\/i><\/div>\r\n            <div class=\"slider-arrow-nl right-nl\" id=\"nextBtn\"><i class=\"fa-solid fa-chevron-right\"><\/i><\/div>\r\n            <div class=\"image-overlay-top-nl\">\r\n                <span class=\"listing-category-tag-nl\">H\u00e9bergements<\/span>                                    <div class=\"favorite-icon-nl\" id=\"favoriteBtn\">\r\n                        \r\n                                <span class=\"save fa-regular fa-heart tooltip left\" title=\"Login To Bookmark Items\"><\/span>\r\n                                                    \r\n                    <\/div>\r\n                            <\/div>\r\n        <\/div>\r\n\r\n        <!-- ===== RIGHT: LISTING DETAILS (NOW 2-COLUMN) ===== -->\r\n        <a href=\"https:\/\/cparici.com\/de\/annonce\/appartement-le-phare-2-pers\/\" class=\"listing-details-nl\">\r\n\r\n            <!-- Main Content Column (Left) -->\r\n            <div class=\"details-main-col-nl\">\r\n                                <h2 class=\"listing-title-nl\">Appartement Le Phare, 2 pers                    <div class=\"listing-title-badges-nl\">\r\n                                                    <div class=\"verified-icon-nl title-badge-nl\">\r\n                                <i class=\"fa fa-check\"><\/i>\r\n                                <span class=\"tooltip-nl\">Verified Listing<\/span>\r\n                            <\/div>\r\n                                                                    <\/div>\r\n                <\/h2>\r\n                <p class=\"listing-location-nl\">Avenue des Sables Blancs<\/p>\t\t\t<div class=\"listing-features-nl\">\r\n\t\t\t\t\t\t\t\t\t\t\t\t<!-- Regular Field Template -->\r\n\t\t\t\t\t<div class=\"feature-tag-nl main-detail-_size\">\r\n\t\t\t\t\t\t<i class=\"fas fa-check\"><\/i>\r\n\t\t\t\t\t\t\t\t\t\t\t\t\t\t\t\t\t\t\t\t<span>50<\/span>\r\n\t\t\t\t\t\t\t\t\t\t\t\t<div class=\"tooltip-nl\">Size<\/div>\r\n\t\t\t\t\t<\/div>\r\n\t\t\t\t\t\t\t\t\t\t\t\t\t\t\t\t<!-- Regular Field Template -->\r\n\t\t\t\t\t<div class=\"feature-tag-nl main-detail-_guests\">\r\n\t\t\t\t\t\t<i class=\"fas fa-check\"><\/i>\r\n\t\t\t\t\t\t\t\t\t\t\t\t\t\t\t\t\t\t\t\t<span>2<\/span>\r\n\t\t\t\t\t\t\t\t\t\t\t\t<div class=\"tooltip-nl\">Guest(s)<\/div>\r\n\t\t\t\t\t<\/div>\r\n\t\t\t\t\t\t\t\t\t\t\t\t\t\t\t\t<!-- Regular Field Template -->\r\n\t\t\t\t\t<div class=\"feature-tag-nl main-detail-_number_of_bedrooms\">\r\n\t\t\t\t\t\t<i class=\"fas fa-check\"><\/i>\r\n\t\t\t\t\t\t\t\t\t\t\t\t\t\t\t\t\t\t\t\t<span>1<\/span>\r\n\t\t\t\t\t\t\t\t\t\t\t\t<div class=\"tooltip-nl\">Bedroom(s)<\/div>\r\n\t\t\t\t\t<\/div>\r\n\t\t\t\t\t\t\t\t\t\t<\/div>\r\n\r\n                    <div class=\"listing-amenities-nl\">\r\n                        \r\n                    <\/div>\r\n                            <\/div>\r\n\r\n            <!-- Sidebar Column (Right) -->\r\n            <div class=\"details-sidebar-col-nl\">\r\n                <div class=\"details-sidebar-upper-nl\">\r\n                                                <div class=\"listing-rating-nl\">\r\n                                <div class=\"rating-text-nl no-rating\">No reviews yet<\/div>\r\n                            <\/div>\r\n                                    <\/div>\r\n                            <\/div>\r\n\r\n        <\/a>\r\n\r\n    <\/div>\r\n<\/div>\n                    <\/div>\n                                      <div class=\"fw-carousel-item\">                    \n                        <div  class=\"listing-card-container-nl listing-geo-data\" \r\n\t\tdata-title=\"VIKI-Thalasso, 2-4 Pers\"\r\n\t\tdata-listing-type=\"rental\"\r\n\t\tdata-classifieds-price=\"\u20ac\"\r\n\t\tdata-friendly-address=\"Les Sables Blancs\"\r\n\t\tdata-address=\"Les Sables Blancs\"\r\n\t\tdata-image=\"https:\/\/cparici.com\/wp-content\/uploads\/2025\/01\/Viki-1-520x397.jpg\"\r\n\t\tdata-longitude=\"-3.9305571\"\r\n\t\tdata-latitude=\"47.8807434\"\r\n\t\t\t\t\tdata-rating=\"0\"\r\n\t\t\tdata-reviews=\"0\"\r\n\t\t\t\tdata-icon=\"<svg xmlns=&quot;http:\/\/www.w3.org\/2000\/svg&quot; width=&quot;800px&quot; height=&quot;800px&quot; viewBox=&quot;0 0 45 45&quot; fill=&quot;none&quot;>\n<path d=&quot;M24.155 8.78099L24.33 8.94499L37.402 21.787L36 23.213L34.2 21.445L34.201 35C34.201 36.054 33.385 36.918 32.35 36.994L32.201 37H12.201C11.147 37 10.283 36.184 10.206 35.149L10.201 35L10.2 21.446L8.402 23.213L7 21.787L20.058 8.95799C21.171 7.82199 22.966 7.75899 24.155 8.78099ZM21.569 10.285L21.473 10.372L12.2 19.481L12.201 35L17.2 34.999L17.201 25C17.201 23.946 18.017 23.082 19.052 23.005L19.201 23H25.201C26.255 23 27.119 23.816 27.196 24.851L27.201 25L27.2 34.999L32.201 35L32.2 19.48L22.901 10.344C22.537 9.98699 21.969 9.96499 21.569 10.285ZM25.201 25H19.201L19.2 34.999H25.2L25.201 25Z&quot; fill=&quot;#3C3C3C&quot;\/>\n<\/svg>\"\r\n\r\n\t>\r\n    <div class=\"listing-card-nl\">\r\n        <!-- ===== LEFT: IMAGE SLIDER ===== -->\r\n        <div class=\"listing-image-container-nl\">\r\n            <a href=\"https:\/\/cparici.com\/de\/annonce\/viki-thalasso-2-4-pers\/\">\r\n                <div class=\"slider-wrapper-nl\">\r\n                    \t\t\t\t<img decoding=\"async\" src=\"https:\/\/cparici.com\/wp-content\/uploads\/2025\/01\/Viki-1-520x397.jpg\" alt=\"VIKI-Thalasso, 2-4 Pers\" class=\"slider-image-nl\">\r\n\t\t\t\t\t\t<img decoding=\"async\" src=\"https:\/\/cparici.com\/wp-content\/uploads\/2025\/01\/Viki-2-520x397.jpg\" alt=\"VIKI-Thalasso, 2-4 Pers\" class=\"slider-image-nl\">\r\n\t\t\t\t\t\t<img decoding=\"async\" src=\"https:\/\/cparici.com\/wp-content\/uploads\/2025\/01\/Viki-3-520x397.jpg\" alt=\"VIKI-Thalasso, 2-4 Pers\" class=\"slider-image-nl\">\r\n\t\t                <\/div>\r\n            <\/a>\r\n            \r\n            <div class=\"slider-arrow-nl left-nl\" id=\"prevBtn\"><i class=\"fa-solid fa-chevron-left\"><\/i><\/div>\r\n            <div class=\"slider-arrow-nl right-nl\" id=\"nextBtn\"><i class=\"fa-solid fa-chevron-right\"><\/i><\/div>\r\n            <div class=\"image-overlay-top-nl\">\r\n                <span class=\"listing-category-tag-nl\">H\u00e9bergements<\/span>                                    <div class=\"favorite-icon-nl\" id=\"favoriteBtn\">\r\n                        \r\n                                <span class=\"save fa-regular fa-heart tooltip left\" title=\"Login To Bookmark Items\"><\/span>\r\n                                                    \r\n                    <\/div>\r\n                            <\/div>\r\n        <\/div>\r\n\r\n        <!-- ===== RIGHT: LISTING DETAILS (NOW 2-COLUMN) ===== -->\r\n        <a href=\"https:\/\/cparici.com\/de\/annonce\/viki-thalasso-2-4-pers\/\" class=\"listing-details-nl\">\r\n\r\n            <!-- Main Content Column (Left) -->\r\n            <div class=\"details-main-col-nl\">\r\n                                <h2 class=\"listing-title-nl\">VIKI-Thalasso, 2-4 Pers                    <div class=\"listing-title-badges-nl\">\r\n                                                                    <\/div>\r\n                <\/h2>\r\n                <p class=\"listing-location-nl\">Les Sables Blancs<\/p>\t\t\t<div class=\"listing-features-nl\">\r\n\t\t\t\t\t\t\t\t\t\t\t\t<!-- Regular Field Template -->\r\n\t\t\t\t\t<div class=\"feature-tag-nl main-detail-_size\">\r\n\t\t\t\t\t\t<i class=\"fas fa-check\"><\/i>\r\n\t\t\t\t\t\t\t\t\t\t\t\t\t\t\t\t\t\t\t\t<span>45<\/span>\r\n\t\t\t\t\t\t\t\t\t\t\t\t<div class=\"tooltip-nl\">Size<\/div>\r\n\t\t\t\t\t<\/div>\r\n\t\t\t\t\t\t\t\t\t\t\t\t\t\t\t\t<!-- Regular Field Template -->\r\n\t\t\t\t\t<div class=\"feature-tag-nl main-detail-_guests\">\r\n\t\t\t\t\t\t<i class=\"fas fa-check\"><\/i>\r\n\t\t\t\t\t\t\t\t\t\t\t\t\t\t\t\t\t\t\t\t<span>4<\/span>\r\n\t\t\t\t\t\t\t\t\t\t\t\t<div class=\"tooltip-nl\">Guest(s)<\/div>\r\n\t\t\t\t\t<\/div>\r\n\t\t\t\t\t\t\t\t\t\t\t\t\t\t\t\t<!-- Regular Field Template -->\r\n\t\t\t\t\t<div class=\"feature-tag-nl main-detail-_number_of_bedrooms\">\r\n\t\t\t\t\t\t<i class=\"fas fa-check\"><\/i>\r\n\t\t\t\t\t\t\t\t\t\t\t\t\t\t\t\t\t\t\t\t<span>1<\/span>\r\n\t\t\t\t\t\t\t\t\t\t\t\t<div class=\"tooltip-nl\">Bedroom(s)<\/div>\r\n\t\t\t\t\t<\/div>\r\n\t\t\t\t\t\t\t\t\t\t<\/div>\r\n\r\n                    <div class=\"listing-amenities-nl\">\r\n                        \r\n                    <\/div>\r\n                            <\/div>\r\n\r\n            <!-- Sidebar Column (Right) -->\r\n            <div class=\"details-sidebar-col-nl\">\r\n                <div class=\"details-sidebar-upper-nl\">\r\n                                                <div class=\"listing-rating-nl\">\r\n                                <div class=\"rating-text-nl no-rating\">No reviews yet<\/div>\r\n                            <\/div>\r\n                                    <\/div>\r\n                            <\/div>\r\n\r\n        <\/a>\r\n\r\n    <\/div>\r\n<\/div>\n                    <\/div>\n                                      <div class=\"fw-carousel-item\">                    \n                        <div  class=\"listing-card-container-nl listing-geo-data\" \r\n\t\tdata-title=\"Maison Le Bonheur, 4 pers\"\r\n\t\tdata-listing-type=\"rental\"\r\n\t\tdata-classifieds-price=\"\u20ac\"\r\n\t\tdata-friendly-address=\"Concarneau, Le Porzou\"\r\n\t\tdata-address=\"Concarneau, Le Porzou\"\r\n\t\tdata-image=\"https:\/\/cparici.com\/wp-content\/uploads\/2025\/01\/le-bonheur-1-520x397.jpg\"\r\n\t\tdata-longitude=\"-3.9016358\"\r\n\t\tdata-latitude=\"47.8660765\"\r\n\t\t\t\t\tdata-rating=\"0\"\r\n\t\t\tdata-reviews=\"0\"\r\n\t\t\t\tdata-icon=\"<svg xmlns=&quot;http:\/\/www.w3.org\/2000\/svg&quot; width=&quot;800px&quot; height=&quot;800px&quot; viewBox=&quot;0 0 45 45&quot; fill=&quot;none&quot;>\n<path d=&quot;M24.155 8.78099L24.33 8.94499L37.402 21.787L36 23.213L34.2 21.445L34.201 35C34.201 36.054 33.385 36.918 32.35 36.994L32.201 37H12.201C11.147 37 10.283 36.184 10.206 35.149L10.201 35L10.2 21.446L8.402 23.213L7 21.787L20.058 8.95799C21.171 7.82199 22.966 7.75899 24.155 8.78099ZM21.569 10.285L21.473 10.372L12.2 19.481L12.201 35L17.2 34.999L17.201 25C17.201 23.946 18.017 23.082 19.052 23.005L19.201 23H25.201C26.255 23 27.119 23.816 27.196 24.851L27.201 25L27.2 34.999L32.201 35L32.2 19.48L22.901 10.344C22.537 9.98699 21.969 9.96499 21.569 10.285ZM25.201 25H19.201L19.2 34.999H25.2L25.201 25Z&quot; fill=&quot;#3C3C3C&quot;\/>\n<\/svg>\"\r\n\r\n\t>\r\n    <div class=\"listing-card-nl\">\r\n        <!-- ===== LEFT: IMAGE SLIDER ===== -->\r\n        <div class=\"listing-image-container-nl\">\r\n            <a href=\"https:\/\/cparici.com\/de\/annonce\/maison-le-bonheur-4-pers\/\">\r\n                <div class=\"slider-wrapper-nl\">\r\n                    \t\t\t\t<img decoding=\"async\" src=\"https:\/\/cparici.com\/wp-content\/uploads\/2025\/01\/le-bonheur-1-520x397.jpg\" alt=\"Maison Le Bonheur, 4 pers\" class=\"slider-image-nl\">\r\n\t\t\t\t\t\t<img decoding=\"async\" src=\"https:\/\/cparici.com\/wp-content\/uploads\/2025\/01\/le-bonheur-2-520x397.jpg\" alt=\"Maison Le Bonheur, 4 pers\" class=\"slider-image-nl\">\r\n\t\t\t\t\t\t<img decoding=\"async\" src=\"https:\/\/cparici.com\/wp-content\/uploads\/2025\/01\/le-bonheur-3-520x397.jpg\" alt=\"Maison Le Bonheur, 4 pers\" class=\"slider-image-nl\">\r\n\t\t                <\/div>\r\n            <\/a>\r\n            \r\n            <div class=\"slider-arrow-nl left-nl\" id=\"prevBtn\"><i class=\"fa-solid fa-chevron-left\"><\/i><\/div>\r\n            <div class=\"slider-arrow-nl right-nl\" id=\"nextBtn\"><i class=\"fa-solid fa-chevron-right\"><\/i><\/div>\r\n            <div class=\"image-overlay-top-nl\">\r\n                <span class=\"listing-category-tag-nl\">H\u00e9bergements<\/span>                                    <div class=\"favorite-icon-nl\" id=\"favoriteBtn\">\r\n                        \r\n                                <span class=\"save fa-regular fa-heart tooltip left\" title=\"Login To Bookmark Items\"><\/span>\r\n                                                    \r\n                    <\/div>\r\n                            <\/div>\r\n        <\/div>\r\n\r\n        <!-- ===== RIGHT: LISTING DETAILS (NOW 2-COLUMN) ===== -->\r\n        <a href=\"https:\/\/cparici.com\/de\/annonce\/maison-le-bonheur-4-pers\/\" class=\"listing-details-nl\">\r\n\r\n            <!-- Main Content Column (Left) -->\r\n            <div class=\"details-main-col-nl\">\r\n                                <h2 class=\"listing-title-nl\">Maison Le Bonheur, 4 pers                    <div class=\"listing-title-badges-nl\">\r\n                                                                    <\/div>\r\n                <\/h2>\r\n                <p class=\"listing-location-nl\">Concarneau, Le Porzou<\/p>\t\t\t<div class=\"listing-features-nl\">\r\n\t\t\t\t\t\t\t\t\t\t\t\t<!-- Regular Field Template -->\r\n\t\t\t\t\t<div class=\"feature-tag-nl main-detail-_size\">\r\n\t\t\t\t\t\t<i class=\"fas fa-check\"><\/i>\r\n\t\t\t\t\t\t\t\t\t\t\t\t\t\t\t\t\t\t\t\t<span>70<\/span>\r\n\t\t\t\t\t\t\t\t\t\t\t\t<div class=\"tooltip-nl\">Size<\/div>\r\n\t\t\t\t\t<\/div>\r\n\t\t\t\t\t\t\t\t\t\t\t\t\t\t\t\t<!-- Regular Field Template -->\r\n\t\t\t\t\t<div class=\"feature-tag-nl main-detail-_guests\">\r\n\t\t\t\t\t\t<i class=\"fas fa-check\"><\/i>\r\n\t\t\t\t\t\t\t\t\t\t\t\t\t\t\t\t\t\t\t\t<span>4<\/span>\r\n\t\t\t\t\t\t\t\t\t\t\t\t<div class=\"tooltip-nl\">Guest(s)<\/div>\r\n\t\t\t\t\t<\/div>\r\n\t\t\t\t\t\t\t\t\t\t\t\t\t\t\t\t<!-- Regular Field Template -->\r\n\t\t\t\t\t<div class=\"feature-tag-nl main-detail-_number_of_bedrooms\">\r\n\t\t\t\t\t\t<i class=\"fas fa-check\"><\/i>\r\n\t\t\t\t\t\t\t\t\t\t\t\t\t\t\t\t\t\t\t\t<span>2<\/span>\r\n\t\t\t\t\t\t\t\t\t\t\t\t<div class=\"tooltip-nl\">Bedroom(s)<\/div>\r\n\t\t\t\t\t<\/div>\r\n\t\t\t\t\t\t\t\t\t\t<\/div>\r\n\r\n                    <div class=\"listing-amenities-nl\">\r\n                        \r\n                    <\/div>\r\n                            <\/div>\r\n\r\n            <!-- Sidebar Column (Right) -->\r\n            <div class=\"details-sidebar-col-nl\">\r\n                <div class=\"details-sidebar-upper-nl\">\r\n                                                <div class=\"listing-rating-nl\">\r\n                                <div class=\"rating-text-nl no-rating\">No reviews yet<\/div>\r\n                            <\/div>\r\n                                    <\/div>\r\n                            <\/div>\r\n\r\n        <\/a>\r\n\r\n    <\/div>\r\n<\/div>\n                    <\/div>\n                                      <div class=\"fw-carousel-item\">                    \n                        <div  class=\"listing-card-container-nl listing-geo-data\" \r\n\t\tdata-title=\"L\u2019 Appart Quimp\u00e9rois\"\r\n\t\tdata-listing-type=\"rental\"\r\n\t\tdata-classifieds-price=\"\u20ac\"\r\n\t\tdata-friendly-address=\"Quimper, France\"\r\n\t\tdata-address=\"Quimper, France\"\r\n\t\tdata-image=\"https:\/\/cparici.com\/wp-content\/uploads\/2025\/10\/IMG_2378-520x397.jpeg\"\r\n\t\tdata-longitude=\"-4.0996181\"\r\n\t\tdata-latitude=\"48.0000428\"\r\n\t\t\t\t\tdata-rating=\"0\"\r\n\t\t\tdata-reviews=\"0\"\r\n\t\t\t\tdata-icon=\"<svg xmlns=&quot;http:\/\/www.w3.org\/2000\/svg&quot; width=&quot;800px&quot; height=&quot;800px&quot; viewBox=&quot;0 0 45 45&quot; fill=&quot;none&quot;>\n<path d=&quot;M24.155 8.78099L24.33 8.94499L37.402 21.787L36 23.213L34.2 21.445L34.201 35C34.201 36.054 33.385 36.918 32.35 36.994L32.201 37H12.201C11.147 37 10.283 36.184 10.206 35.149L10.201 35L10.2 21.446L8.402 23.213L7 21.787L20.058 8.95799C21.171 7.82199 22.966 7.75899 24.155 8.78099ZM21.569 10.285L21.473 10.372L12.2 19.481L12.201 35L17.2 34.999L17.201 25C17.201 23.946 18.017 23.082 19.052 23.005L19.201 23H25.201C26.255 23 27.119 23.816 27.196 24.851L27.201 25L27.2 34.999L32.201 35L32.2 19.48L22.901 10.344C22.537 9.98699 21.969 9.96499 21.569 10.285ZM25.201 25H19.201L19.2 34.999H25.2L25.201 25Z&quot; fill=&quot;#3C3C3C&quot;\/>\n<\/svg>\"\r\n\r\n\t>\r\n    <div class=\"listing-card-nl\">\r\n        <!-- ===== LEFT: IMAGE SLIDER ===== -->\r\n        <div class=\"listing-image-container-nl\">\r\n            <a href=\"https:\/\/cparici.com\/de\/annonce\/l-appart-quimperois\/\">\r\n                <div class=\"slider-wrapper-nl\">\r\n                    \t\t\t\t<img decoding=\"async\" src=\"https:\/\/cparici.com\/wp-content\/uploads\/2025\/10\/IMG_2378-520x397.jpeg\" alt=\"appart quimperois\" class=\"slider-image-nl\">\r\n\t\t\t\t\t\t<img decoding=\"async\" src=\"https:\/\/cparici.com\/wp-content\/uploads\/2025\/10\/IMG_2380-520x397.jpeg\" alt=\"location appartement quimper\" class=\"slider-image-nl\">\r\n\t\t\t\t\t\t<img decoding=\"async\" src=\"https:\/\/cparici.com\/wp-content\/uploads\/2025\/10\/IMG_2353-520x397.jpeg\" alt=\"air bnb appartement quimper\" class=\"slider-image-nl\">\r\n\t\t                <\/div>\r\n            <\/a>\r\n            \r\n            <div class=\"slider-arrow-nl left-nl\" id=\"prevBtn\"><i class=\"fa-solid fa-chevron-left\"><\/i><\/div>\r\n            <div class=\"slider-arrow-nl right-nl\" id=\"nextBtn\"><i class=\"fa-solid fa-chevron-right\"><\/i><\/div>\r\n            <div class=\"image-overlay-top-nl\">\r\n                <span class=\"listing-category-tag-nl\">H\u00e9bergements<\/span>                                    <div class=\"favorite-icon-nl\" id=\"favoriteBtn\">\r\n                        \r\n                                <span class=\"save fa-regular fa-heart tooltip left\" title=\"Login To Bookmark Items\"><\/span>\r\n                                                    \r\n                    <\/div>\r\n                            <\/div>\r\n        <\/div>\r\n\r\n        <!-- ===== RIGHT: LISTING DETAILS (NOW 2-COLUMN) ===== -->\r\n        <a href=\"https:\/\/cparici.com\/de\/annonce\/l-appart-quimperois\/\" class=\"listing-details-nl\">\r\n\r\n            <!-- Main Content Column (Left) -->\r\n            <div class=\"details-main-col-nl\">\r\n                                    <div class=\"listing-badges-nl\">\r\n                                                <span class=\"badge-nl featured-nl\"><i class=\"fa-solid fa-star\"><\/i> Featured<\/span>                        \r\n                                            <\/div>\r\n                                <h2 class=\"listing-title-nl\">L\u2019 Appart Quimp\u00e9rois                    <div class=\"listing-title-badges-nl\">\r\n                                                                    <\/div>\r\n                <\/h2>\r\n                <p class=\"listing-location-nl\">Quimper, France<\/p>\t\r\n                    <div class=\"listing-amenities-nl\">\r\n                        \r\n                    <\/div>\r\n                            <\/div>\r\n\r\n            <!-- Sidebar Column (Right) -->\r\n            <div class=\"details-sidebar-col-nl\">\r\n                <div class=\"details-sidebar-upper-nl\">\r\n                                                <div class=\"listing-rating-nl\">\r\n                                <div class=\"rating-text-nl no-rating\">No reviews yet<\/div>\r\n                            <\/div>\r\n                                    <\/div>\r\n                            <\/div>\r\n\r\n        <\/a>\r\n\r\n    <\/div>\r\n<\/div>\n                    <\/div>\n                                      <div class=\"fw-carousel-item\">                    \n                        <div  class=\"listing-card-container-nl listing-geo-data\" \r\n\t\tdata-title=\"Appartement Le Hublot 4 Pers \u2013 Concarneau\"\r\n\t\tdata-listing-type=\"rental\"\r\n\t\tdata-classifieds-price=\"\u20ac\"\r\n\t\tdata-friendly-address=\"Thalasso Concarneau\"\r\n\t\tdata-address=\"Thalasso Concarneau\"\r\n\t\tdata-image=\"https:\/\/cparici.com\/wp-content\/uploads\/2026\/04\/appartement-le-hublot-concarneau-cuisine-520x397.jpg\"\r\n\t\tdata-longitude=\"-3.9297274\"\r\n\t\tdata-latitude=\"47.8804838\"\r\n\t\t\t\t\tdata-rating=\"0\"\r\n\t\t\tdata-reviews=\"0\"\r\n\t\t\t\tdata-icon=\"<svg xmlns=&quot;http:\/\/www.w3.org\/2000\/svg&quot; width=&quot;800px&quot; height=&quot;800px&quot; viewBox=&quot;0 0 45 45&quot; fill=&quot;none&quot;>\n<path d=&quot;M24.155 8.78099L24.33 8.94499L37.402 21.787L36 23.213L34.2 21.445L34.201 35C34.201 36.054 33.385 36.918 32.35 36.994L32.201 37H12.201C11.147 37 10.283 36.184 10.206 35.149L10.201 35L10.2 21.446L8.402 23.213L7 21.787L20.058 8.95799C21.171 7.82199 22.966 7.75899 24.155 8.78099ZM21.569 10.285L21.473 10.372L12.2 19.481L12.201 35L17.2 34.999L17.201 25C17.201 23.946 18.017 23.082 19.052 23.005L19.201 23H25.201C26.255 23 27.119 23.816 27.196 24.851L27.201 25L27.2 34.999L32.201 35L32.2 19.48L22.901 10.344C22.537 9.98699 21.969 9.96499 21.569 10.285ZM25.201 25H19.201L19.2 34.999H25.2L25.201 25Z&quot; fill=&quot;#3C3C3C&quot;\/>\n<\/svg>\"\r\n\r\n\t>\r\n    <div class=\"listing-card-nl\">\r\n        <!-- ===== LEFT: IMAGE SLIDER ===== -->\r\n        <div class=\"listing-image-container-nl\">\r\n            <a href=\"https:\/\/cparici.com\/de\/annonce\/appartement-le-hublot-4-pers-concarneau\/\">\r\n                <div class=\"slider-wrapper-nl\">\r\n                    \t\t\t\t<img decoding=\"async\" src=\"https:\/\/cparici.com\/wp-content\/uploads\/2026\/04\/appartement-le-hublot-concarneau-cuisine-520x397.jpg\" alt=\"Appartement Le Hublot 4 Pers \u2013 Concarneau\" class=\"slider-image-nl\">\r\n\t\t\t\t\t\t<img decoding=\"async\" src=\"https:\/\/cparici.com\/wp-content\/uploads\/2026\/04\/appartement-le-hublot-concarneau-thalasso-520x397.jpg\" alt=\"Appartement Le Hublot 4 Pers \u2013 Concarneau\" class=\"slider-image-nl\">\r\n\t\t\t\t\t\t<img decoding=\"async\" src=\"https:\/\/cparici.com\/wp-content\/uploads\/2026\/04\/appartement-le-hublot-concarneau-520x397.jpg\" alt=\"Appartement Le Hublot 4 Pers \u2013 Concarneau\" class=\"slider-image-nl\">\r\n\t\t                <\/div>\r\n            <\/a>\r\n            \r\n            <div class=\"slider-arrow-nl left-nl\" id=\"prevBtn\"><i class=\"fa-solid fa-chevron-left\"><\/i><\/div>\r\n            <div class=\"slider-arrow-nl right-nl\" id=\"nextBtn\"><i class=\"fa-solid fa-chevron-right\"><\/i><\/div>\r\n            <div class=\"image-overlay-top-nl\">\r\n                <span class=\"listing-category-tag-nl\">H\u00e9bergements<\/span>                                    <div class=\"favorite-icon-nl\" id=\"favoriteBtn\">\r\n                        \r\n                                <span class=\"save fa-regular fa-heart tooltip left\" title=\"Login To Bookmark Items\"><\/span>\r\n                                                    \r\n                    <\/div>\r\n                            <\/div>\r\n        <\/div>\r\n\r\n        <!-- ===== RIGHT: LISTING DETAILS (NOW 2-COLUMN) ===== -->\r\n        <a href=\"https:\/\/cparici.com\/de\/annonce\/appartement-le-hublot-4-pers-concarneau\/\" class=\"listing-details-nl\">\r\n\r\n            <!-- Main Content Column (Left) -->\r\n            <div class=\"details-main-col-nl\">\r\n                                <h2 class=\"listing-title-nl\">Appartement Le Hublot 4 Pers \u2013 Concarneau                    <div class=\"listing-title-badges-nl\">\r\n                                                                    <\/div>\r\n                <\/h2>\r\n                <p class=\"listing-location-nl\">Thalasso Concarneau<\/p>\t\r\n                    <div class=\"listing-amenities-nl\">\r\n                        \r\n                    <\/div>\r\n                            <\/div>\r\n\r\n            <!-- Sidebar Column (Right) -->\r\n            <div class=\"details-sidebar-col-nl\">\r\n                <div class=\"details-sidebar-upper-nl\">\r\n                                                <div class=\"listing-rating-nl\">\r\n                                <div class=\"rating-text-nl no-rating\">No reviews yet<\/div>\r\n                            <\/div>\r\n                                    <\/div>\r\n                            <\/div>\r\n\r\n        <\/a>\r\n\r\n    <\/div>\r\n<\/div>\n                    <\/div>\n                                      <div class=\"fw-carousel-item\">                    \n                        <div  class=\"listing-card-container-nl listing-geo-data\" \r\n\t\tdata-title=\"L\u2019Ecrin, 2-4 Pers\"\r\n\t\tdata-listing-type=\"rental\"\r\n\t\tdata-classifieds-price=\"\u20ac\"\r\n\t\tdata-friendly-address=\"Hyper-centre, Concarneau\"\r\n\t\tdata-address=\"Hyper-centre, Concarneau\"\r\n\t\tdata-image=\"https:\/\/cparici.com\/wp-content\/uploads\/2025\/01\/ecrin-1-520x397.jpg\"\r\n\t\tdata-longitude=\"-3.9195904\"\r\n\t\tdata-latitude=\"47.872971\"\r\n\t\t\t\t\tdata-rating=\"0\"\r\n\t\t\tdata-reviews=\"0\"\r\n\t\t\t\tdata-icon=\"<svg xmlns=&quot;http:\/\/www.w3.org\/2000\/svg&quot; width=&quot;800px&quot; height=&quot;800px&quot; viewBox=&quot;0 0 45 45&quot; fill=&quot;none&quot;>\n<path d=&quot;M24.155 8.78099L24.33 8.94499L37.402 21.787L36 23.213L34.2 21.445L34.201 35C34.201 36.054 33.385 36.918 32.35 36.994L32.201 37H12.201C11.147 37 10.283 36.184 10.206 35.149L10.201 35L10.2 21.446L8.402 23.213L7 21.787L20.058 8.95799C21.171 7.82199 22.966 7.75899 24.155 8.78099ZM21.569 10.285L21.473 10.372L12.2 19.481L12.201 35L17.2 34.999L17.201 25C17.201 23.946 18.017 23.082 19.052 23.005L19.201 23H25.201C26.255 23 27.119 23.816 27.196 24.851L27.201 25L27.2 34.999L32.201 35L32.2 19.48L22.901 10.344C22.537 9.98699 21.969 9.96499 21.569 10.285ZM25.201 25H19.201L19.2 34.999H25.2L25.201 25Z&quot; fill=&quot;#3C3C3C&quot;\/>\n<\/svg>\"\r\n\r\n\t>\r\n    <div class=\"listing-card-nl\">\r\n        <!-- ===== LEFT: IMAGE SLIDER ===== -->\r\n        <div class=\"listing-image-container-nl\">\r\n            <a href=\"https:\/\/cparici.com\/de\/annonce\/lecrin-2-4-pers\/\">\r\n                <div class=\"slider-wrapper-nl\">\r\n                    \t\t\t\t<img decoding=\"async\" src=\"https:\/\/cparici.com\/wp-content\/uploads\/2025\/01\/ecrin-1-520x397.jpg\" alt=\"L\u2019Ecrin, 2-4 Pers\" class=\"slider-image-nl\">\r\n\t\t\t\t\t\t<img decoding=\"async\" src=\"https:\/\/cparici.com\/wp-content\/uploads\/2025\/01\/ecrin-2-520x397.jpg\" alt=\"L\u2019Ecrin, 2-4 Pers\" class=\"slider-image-nl\">\r\n\t\t\t\t\t\t<img decoding=\"async\" src=\"https:\/\/cparici.com\/wp-content\/uploads\/2025\/01\/ecrin-3-520x397.jpg\" alt=\"L\u2019Ecrin, 2-4 Pers\" class=\"slider-image-nl\">\r\n\t\t                <\/div>\r\n            <\/a>\r\n            \r\n            <div class=\"slider-arrow-nl left-nl\" id=\"prevBtn\"><i class=\"fa-solid fa-chevron-left\"><\/i><\/div>\r\n            <div class=\"slider-arrow-nl right-nl\" id=\"nextBtn\"><i class=\"fa-solid fa-chevron-right\"><\/i><\/div>\r\n            <div class=\"image-overlay-top-nl\">\r\n                <span class=\"listing-category-tag-nl\">H\u00e9bergements<\/span>                                    <div class=\"favorite-icon-nl\" id=\"favoriteBtn\">\r\n                        \r\n                                <span class=\"save fa-regular fa-heart tooltip left\" title=\"Login To Bookmark Items\"><\/span>\r\n                                                    \r\n                    <\/div>\r\n                            <\/div>\r\n        <\/div>\r\n\r\n        <!-- ===== RIGHT: LISTING DETAILS (NOW 2-COLUMN) ===== -->\r\n        <a href=\"https:\/\/cparici.com\/de\/annonce\/lecrin-2-4-pers\/\" class=\"listing-details-nl\">\r\n\r\n            <!-- Main Content Column (Left) -->\r\n            <div class=\"details-main-col-nl\">\r\n                                <h2 class=\"listing-title-nl\">L\u2019Ecrin, 2-4 Pers                    <div class=\"listing-title-badges-nl\">\r\n                                                                    <\/div>\r\n                <\/h2>\r\n                <p class=\"listing-location-nl\">Hyper-centre, Concarneau<\/p>\t\t\t<div class=\"listing-features-nl\">\r\n\t\t\t\t\t\t\t\t\t\t\t\t<!-- Regular Field Template -->\r\n\t\t\t\t\t<div class=\"feature-tag-nl main-detail-_size\">\r\n\t\t\t\t\t\t<i class=\"fas fa-check\"><\/i>\r\n\t\t\t\t\t\t\t\t\t\t\t\t\t\t\t\t\t\t\t\t<span>80<\/span>\r\n\t\t\t\t\t\t\t\t\t\t\t\t<div class=\"tooltip-nl\">Size<\/div>\r\n\t\t\t\t\t<\/div>\r\n\t\t\t\t\t\t\t\t\t\t\t\t\t\t\t\t<!-- Regular Field Template -->\r\n\t\t\t\t\t<div class=\"feature-tag-nl main-detail-_guests\">\r\n\t\t\t\t\t\t<i class=\"fas fa-check\"><\/i>\r\n\t\t\t\t\t\t\t\t\t\t\t\t\t\t\t\t\t\t\t\t<span>4<\/span>\r\n\t\t\t\t\t\t\t\t\t\t\t\t<div class=\"tooltip-nl\">Guest(s)<\/div>\r\n\t\t\t\t\t<\/div>\r\n\t\t\t\t\t\t\t\t\t\t\t\t\t\t\t\t<!-- Regular Field Template -->\r\n\t\t\t\t\t<div class=\"feature-tag-nl main-detail-_number_of_bedrooms\">\r\n\t\t\t\t\t\t<i class=\"fas fa-check\"><\/i>\r\n\t\t\t\t\t\t\t\t\t\t\t\t\t\t\t\t\t\t\t\t<span>2<\/span>\r\n\t\t\t\t\t\t\t\t\t\t\t\t<div class=\"tooltip-nl\">Bedroom(s)<\/div>\r\n\t\t\t\t\t<\/div>\r\n\t\t\t\t\t\t\t\t\t\t<\/div>\r\n\r\n                    <div class=\"listing-amenities-nl\">\r\n                        \r\n                    <\/div>\r\n                            <\/div>\r\n\r\n            <!-- Sidebar Column (Right) -->\r\n            <div class=\"details-sidebar-col-nl\">\r\n                <div class=\"details-sidebar-upper-nl\">\r\n                                                <div class=\"listing-rating-nl\">\r\n                                <div class=\"rating-text-nl no-rating\">No reviews yet<\/div>\r\n                            <\/div>\r\n                                    <\/div>\r\n                            <\/div>\r\n\r\n        <\/a>\r\n\r\n    <\/div>\r\n<\/div>\n                    <\/div>\n                          <\/div>\n        \t\t\t\t<\/div>\n\t\t\t\t<\/div>\n\t\t\t\t\t<\/div>\n\t\t\t\t<\/div>\n\t\t<div class=\"elementor-element elementor-element-6ec70898 e-flex e-con-boxed e-con e-parent\" data-id=\"6ec70898\" data-element_type=\"container\" data-e-type=\"container\">\n\t\t\t\t\t<div class=\"e-con-inner\">\n\t\t<div class=\"elementor-element elementor-element-69ba72bc e-con-full e-flex e-con e-child\" data-id=\"69ba72bc\" data-element_type=\"container\" data-e-type=\"container\">\n\t\t\t\t<div class=\"elementor-element elementor-element-6d22fdc3 elementor-widget elementor-widget-image\" data-id=\"6d22fdc3\" data-element_type=\"widget\" data-e-type=\"widget\" data-widget_type=\"image.default\">\n\t\t\t\t\t\t\t\t\t\t\t\t\t\t\t<img decoding=\"async\" width=\"760\" height=\"760\" src=\"https:\/\/cparici.com\/wp-content\/uploads\/2022\/09\/concarneau-4-1024x1024.jpg\" class=\"attachment-large size-large wp-image-15027\" alt=\"concarneau ville close remparts\" srcset=\"https:\/\/cparici.com\/wp-content\/uploads\/2022\/09\/concarneau-4-1024x1024.jpg 1024w, https:\/\/cparici.com\/wp-content\/uploads\/2022\/09\/concarneau-4-300x300.jpg 300w, https:\/\/cparici.com\/wp-content\/uploads\/2022\/09\/concarneau-4-100x100.jpg 100w, https:\/\/cparici.com\/wp-content\/uploads\/2022\/09\/concarneau-4-150x150.jpg 150w, https:\/\/cparici.com\/wp-content\/uploads\/2022\/09\/concarneau-4-1536x1536.jpg 1536w, https:\/\/cparici.com\/wp-content\/uploads\/2022\/09\/concarneau-4-2048x2048.jpg 2048w\" sizes=\"(max-width: 760px) 100vw, 760px\" \/>\t\t\t\t\t\t\t\t\t\t\t\t\t\t\t<\/div>\n\t\t\t\t<\/div>\n\t\t<div class=\"elementor-element elementor-element-1ff2111e e-con-full e-flex e-con e-child\" data-id=\"1ff2111e\" data-element_type=\"container\" data-e-type=\"container\">\n\t\t\t\t<div class=\"elementor-element elementor-element-8422b5f elementor-widget elementor-widget-image\" data-id=\"8422b5f\" data-element_type=\"widget\" data-e-type=\"widget\" data-widget_type=\"image.default\">\n\t\t\t\t\t\t\t\t\t\t\t\t\t\t\t<img decoding=\"async\" width=\"760\" height=\"760\" src=\"https:\/\/cparici.com\/wp-content\/uploads\/2022\/09\/concarneau-5-1024x1024.jpg\" class=\"attachment-large size-large wp-image-15030\" alt=\"location vacances \u00e0 Concarneau\" srcset=\"https:\/\/cparici.com\/wp-content\/uploads\/2022\/09\/concarneau-5-1024x1024.jpg 1024w, https:\/\/cparici.com\/wp-content\/uploads\/2022\/09\/concarneau-5-300x300.jpg 300w, https:\/\/cparici.com\/wp-content\/uploads\/2022\/09\/concarneau-5-100x100.jpg 100w, https:\/\/cparici.com\/wp-content\/uploads\/2022\/09\/concarneau-5-150x150.jpg 150w, https:\/\/cparici.com\/wp-content\/uploads\/2022\/09\/concarneau-5-1536x1536.jpg 1536w, https:\/\/cparici.com\/wp-content\/uploads\/2022\/09\/concarneau-5-2048x2048.jpg 2048w\" sizes=\"(max-width: 760px) 100vw, 760px\" \/>\t\t\t\t\t\t\t\t\t\t\t\t\t\t\t<\/div>\n\t\t\t\t<\/div>\n\t\t\t\t\t<\/div>\n\t\t\t\t<\/div>\n\t\t<div class=\"elementor-element elementor-element-401e09d1 e-flex e-con-boxed e-con e-parent\" data-id=\"401e09d1\" data-element_type=\"container\" data-e-type=\"container\">\n\t\t\t\t\t<div class=\"e-con-inner\">\n\t\t<div class=\"elementor-element elementor-element-4f3dcbff e-con-full e-flex e-con e-child\" data-id=\"4f3dcbff\" data-element_type=\"container\" data-e-type=\"container\">\n\t\t\t\t<div class=\"elementor-element elementor-element-36eb3167 elementor-widget elementor-widget-heading\" data-id=\"36eb3167\" data-element_type=\"widget\" data-e-type=\"widget\" data-widget_type=\"heading.default\">\n\t\t\t\t\t<h2 class=\"elementor-heading-title elementor-size-default\">Location vacances \u00e0 Concarneau S\u00e9journer \u00e0 Concarneau dans une location saisonni\u00e8re et profiter de belles plages <\/h2>\t\t\t\t<\/div>\n\t\t\t\t<div class=\"elementor-element elementor-element-41271f30 elementor-widget elementor-widget-text-editor\" data-id=\"41271f30\" data-element_type=\"widget\" data-e-type=\"widget\" data-widget_type=\"text-editor.default\">\n\t\t\t\t\t\t\t\t\t<p>Les c\u00f4tes concarnoises offrent un m\u00e9lange de plages de sable dor\u00e9, de rochers escarp\u00e9s et de criques plus secr\u00e8tes.<\/p><p>En optant pour une location de vacances \u00e0 Concarneau, vous serez \u00e0 proximit\u00e9 de superbes plages :<strong><a href=\"https:\/\/loclilala.com\/fr\/plage-des-sables-blancs-de-concarneau\/\" target=\"_blank\" rel=\"noopener\"> la plage Sables Blancs<\/a>, les plages du Cabellou. Nous vous conseillons aussi la plage des 4 sardines et la plage Kernous un peu plus \u00e0 l\u2019\u00e9cart de la ville mais certainement plus calmes et secr\u00e8tes.<\/strong> Vous pouvez y acc\u00e9der en longeant la mer depuis la corniche.<\/p><p><strong>Vous avez \u00e0 Concarneau plusieurs centres nautiques.<\/strong> Essayez-vous \u00e0 la voile, au kayak, au paddle ou \u00e0 la plong\u00e9e sous-marine pour explorer les fonds marins de la r\u00e9gion. tout un programme !<\/p><p><strong>Ne partez pas de Concarneau sans une excursion <a href=\"https:\/\/loclilala.com\/fr\/les-glenans-archipel-des-iles-glenan-a-fouesnant-en-finistere\/\" target=\"_blank\" rel=\"noopener\">aux \u00eeles Gl\u00e9nan.<\/a><\/strong> Ces \u00eeles paradisiaques, avec leurs plages de sable blanc et leurs eaux cristallines, sont un v\u00e9ritable joyau de la Bretagne.<\/p>\t\t\t\t\t\t\t\t<\/div>\n\t\t\t\t<\/div>\n\t\t<div class=\"elementor-element elementor-element-2efccff9 e-con-full e-flex e-con e-child\" data-id=\"2efccff9\" data-element_type=\"container\" data-e-type=\"container\">\n\t\t\t\t<div class=\"elementor-element elementor-element-26b40e8f elementor-widget elementor-widget-heading\" data-id=\"26b40e8f\" data-element_type=\"widget\" data-e-type=\"widget\" data-widget_type=\"heading.default\">\n\t\t\t\t\t<h2 class=\"elementor-heading-title elementor-size-default\">Randonn\u00e9es et balades sur les sentiers c\u00f4tiers de Concarneau\n<\/h2>\t\t\t\t<\/div>\n\t\t\t\t<div class=\"elementor-element elementor-element-66c77835 elementor-widget elementor-widget-text-editor\" data-id=\"66c77835\" data-element_type=\"widget\" data-e-type=\"widget\" data-widget_type=\"text-editor.default\">\n\t\t\t\t\t\t\t\t\t<p><strong>Concarneau est un paradis pour les amateurs de marche \u00e0 pied.<\/strong> De nombreux sentiers de randonn\u00e9e c\u00f4tiers offrent des vues panoramiques magnifiques sur la mer. <strong>Vous pourrez vous promener le long du sentier des douaniers pour d\u00e9couvrir la beaut\u00e9 sauvage du littoral breton.<\/strong><\/p><p>Et pour ceux qui aiment le v\u00e9lo, <strong>la Voie Verte n\u00b07 qui prend son d\u00e9part au centre-ville de Concarneau<\/strong> avant d\u2019entamer une travers\u00e9e de l\u2019Armorique sur plus de 145 km. L\u2019\u00e9tape de Concarneau \u00e0 Rosporden suit le trac\u00e9 de l\u2019ancienne voie de chemin de fer avant de s\u2019\u00e9chapper \u00e0 travers la campagne, puis file vers le nord du d\u00e9partement en direction de Roscoff.<\/p><p><strong>En r\u00e9servant une location de vacances \u00e0 Concarneau,<\/strong> vous aurez l\u2019occasion de profiter pleinement de tout ce que cette charmante ville a \u00e0 offrir. Entre histoire, culture, plage, sports nautiques et d\u00e9licieuse cuisine locale, vos vacances seront riches en d\u00e9couvertes.<\/p>\t\t\t\t\t\t\t\t<\/div>\n\t\t\t\t<\/div>\n\t\t\t\t\t<\/div>\n\t\t\t\t<\/div>\n\t\t<div class=\"elementor-element elementor-element-5897a4f3 e-flex e-con-boxed e-con e-parent\" data-id=\"5897a4f3\" data-element_type=\"container\" data-e-type=\"container\">\n\t\t\t\t\t<div class=\"e-con-inner\">\n\t\t<div class=\"elementor-element elementor-element-33bac7db e-con-full e-flex e-con e-child\" data-id=\"33bac7db\" data-element_type=\"container\" data-e-type=\"container\">\n\t\t\t\t<div class=\"elementor-element elementor-element-7bcfb2ce elementor-widget elementor-widget-image\" data-id=\"7bcfb2ce\" data-element_type=\"widget\" data-e-type=\"widget\" data-widget_type=\"image.default\">\n\t\t\t\t\t\t\t\t\t\t\t\t\t\t\t<img decoding=\"async\" width=\"760\" height=\"501\" src=\"https:\/\/cparici.com\/wp-content\/uploads\/2024\/06\/Concarneau-corniche-bord-de-mer-1024x675.jpg\" class=\"attachment-large size-large wp-image-35872\" alt=\"concarneau bord de mer corniche\" srcset=\"https:\/\/cparici.com\/wp-content\/uploads\/2024\/06\/Concarneau-corniche-bord-de-mer-1024x675.jpg 1024w, https:\/\/cparici.com\/wp-content\/uploads\/2024\/06\/Concarneau-corniche-bord-de-mer-600x395.jpg 600w, https:\/\/cparici.com\/wp-content\/uploads\/2024\/06\/Concarneau-corniche-bord-de-mer-300x198.jpg 300w, https:\/\/cparici.com\/wp-content\/uploads\/2024\/06\/Concarneau-corniche-bord-de-mer-768x506.jpg 768w, https:\/\/cparici.com\/wp-content\/uploads\/2024\/06\/Concarneau-corniche-bord-de-mer-1536x1012.jpg 1536w, https:\/\/cparici.com\/wp-content\/uploads\/2024\/06\/Concarneau-corniche-bord-de-mer.jpg 1920w\" sizes=\"(max-width: 760px) 100vw, 760px\" \/>\t\t\t\t\t\t\t\t\t\t\t\t\t\t\t<\/div>\n\t\t\t\t<\/div>\n\t\t<div class=\"elementor-element elementor-element-3208951e e-con-full e-flex e-con e-child\" data-id=\"3208951e\" data-element_type=\"container\" data-e-type=\"container\">\n\t\t\t\t<div class=\"elementor-element elementor-element-574b1dae elementor-widget elementor-widget-image\" data-id=\"574b1dae\" data-element_type=\"widget\" data-e-type=\"widget\" data-widget_type=\"image.default\">\n\t\t\t\t\t\t\t\t\t\t\t\t\t\t\t<img decoding=\"async\" width=\"760\" height=\"501\" src=\"https:\/\/cparici.com\/wp-content\/uploads\/2024\/06\/Concarneau-sentiers-cotiers-1024x675.jpg\" class=\"attachment-large size-large wp-image-35875\" alt=\"concarneau sentiers cotiers\" srcset=\"https:\/\/cparici.com\/wp-content\/uploads\/2024\/06\/Concarneau-sentiers-cotiers-1024x675.jpg 1024w, https:\/\/cparici.com\/wp-content\/uploads\/2024\/06\/Concarneau-sentiers-cotiers-600x395.jpg 600w, https:\/\/cparici.com\/wp-content\/uploads\/2024\/06\/Concarneau-sentiers-cotiers-300x198.jpg 300w, https:\/\/cparici.com\/wp-content\/uploads\/2024\/06\/Concarneau-sentiers-cotiers-768x506.jpg 768w, https:\/\/cparici.com\/wp-content\/uploads\/2024\/06\/Concarneau-sentiers-cotiers-1536x1012.jpg 1536w, https:\/\/cparici.com\/wp-content\/uploads\/2024\/06\/Concarneau-sentiers-cotiers.jpg 1920w\" sizes=\"(max-width: 760px) 100vw, 760px\" \/>\t\t\t\t\t\t\t\t\t\t\t\t\t\t\t<\/div>\n\t\t\t\t<\/div>\n\t\t\t\t\t<\/div>\n\t\t\t\t<\/div>\n\t\t\t\t<section class=\"elementor-section elementor-top-section elementor-element elementor-element-357f0913 elementor-section-stretched elementor-section-boxed elementor-section-height-default elementor-section-height-default\" data-id=\"357f0913\" data-element_type=\"section\" data-e-type=\"section\" data-settings=\"{&quot;stretch_section&quot;:&quot;section-stretched&quot;,&quot;background_background&quot;:&quot;classic&quot;}\">\n\t\t\t\t\t\t<div class=\"elementor-container elementor-column-gap-no\">\n\t\t\t\t\t<div class=\"elementor-column elementor-col-100 elementor-top-column elementor-element elementor-element-2fc63ed0\" data-id=\"2fc63ed0\" data-element_type=\"column\" data-e-type=\"column\">\n\t\t\t<div class=\"elementor-widget-wrap elementor-element-populated\">\n\t\t\t\t\t\t<div class=\"elementor-element elementor-element-bf65a5c elementor-widget elementor-widget-spacer\" data-id=\"bf65a5c\" data-element_type=\"widget\" data-e-type=\"widget\" data-widget_type=\"spacer.default\">\n\t\t\t\t\t\t\t<div class=\"elementor-spacer\">\n\t\t\t<div class=\"elementor-spacer-inner\"><\/div>\n\t\t<\/div>\n\t\t\t\t\t\t<\/div>\n\t\t\t\t\t<\/div>\n\t\t<\/div>\n\t\t\t\t\t<\/div>\n\t\t<\/section>\n\t\t<div class=\"elementor-element elementor-element-46473382 e-flex e-con-boxed e-con e-parent\" data-id=\"46473382\" data-element_type=\"container\" data-e-type=\"container\">\n\t\t\t\t\t<div class=\"e-con-inner\">\n\t\t\t\t<div class=\"elementor-element elementor-element-4ed80ba5 elementor-widget elementor-widget-spacer\" data-id=\"4ed80ba5\" data-element_type=\"widget\" data-e-type=\"widget\" data-widget_type=\"spacer.default\">\n\t\t\t\t\t\t\t<div class=\"elementor-spacer\">\n\t\t\t<div class=\"elementor-spacer-inner\"><\/div>\n\t\t<\/div>\n\t\t\t\t\t\t<\/div>\n\t\t\t\t\t<\/div>\n\t\t\t\t<\/div>\n\t\t\t\t<section class=\"elementor-section elementor-top-section elementor-element elementor-element-43e29df6 elementor-section-stretched elementor-section-boxed elementor-section-height-default elementor-section-height-default\" data-id=\"43e29df6\" data-element_type=\"section\" data-e-type=\"section\" data-settings=\"{&quot;stretch_section&quot;:&quot;section-stretched&quot;,&quot;background_background&quot;:&quot;classic&quot;}\">\n\t\t\t\t\t\t<div class=\"elementor-container elementor-column-gap-no\">\n\t\t\t\t\t<div class=\"elementor-column elementor-col-100 elementor-top-column elementor-element elementor-element-beca6a3\" data-id=\"beca6a3\" data-element_type=\"column\" data-e-type=\"column\">\n\t\t\t<div class=\"elementor-widget-wrap elementor-element-populated\">\n\t\t\t\t\t\t<div class=\"elementor-element elementor-element-5e2b8bb elementor-widget elementor-widget-listeo-posts-grid\" data-id=\"5e2b8bb\" data-element_type=\"widget\" data-e-type=\"widget\" data-widget_type=\"listeo-posts-grid.default\">\n\t\t\t\t<div class=\"elementor-widget-container\">\n\t\t\t\t\t\t\t\n\t\t<div class=\"listeo-post-grid-wrapper\">\n\t\t\t<div class=\"row\">\n\n\t\t\t\n\n\t\t\t\t\t\t\t<div class=\"col-md-4\">\n                <a href=\"https:\/\/cparici.com\/de\/bowling-concarneau-guide-complet\/\" class=\"blog-compact-item-container\">\n                    <div class=\"blog-compact-item\">\n                        <img decoding=\"async\" width=\"577\" height=\"205\" src=\"https:\/\/cparici.com\/wp-content\/uploads\/2024\/06\/bowling-concarneau.jpg\" class=\"attachment-listeo-blog-related-post size-listeo-blog-related-post wp-post-image\" alt=\"bowling concarneau\" srcset=\"https:\/\/cparici.com\/wp-content\/uploads\/2024\/06\/bowling-concarneau.jpg 1500w, https:\/\/cparici.com\/wp-content\/uploads\/2024\/06\/bowling-concarneau-600x213.jpg 600w, https:\/\/cparici.com\/wp-content\/uploads\/2024\/06\/bowling-concarneau-300x107.jpg 300w, https:\/\/cparici.com\/wp-content\/uploads\/2024\/06\/bowling-concarneau-1024x364.jpg 1024w, https:\/\/cparici.com\/wp-content\/uploads\/2024\/06\/bowling-concarneau-768x273.jpg 768w\" sizes=\"(max-width: 577px) 100vw, 577px\" \/><span class=\"blog-item-tag\">Bretagne<\/span>                        \n                        <div class=\"blog-compact-item-content\">\n                                                        <h3>Bowling Concarneau : Guide Complet<\/h3>\n                                                        <p>D\u00e9couvrez tout ce qu'il faut savoir sur le Bowling Concarneau dans le Finist\u00e8re : horaires,...                            <\/p>\n                                                    <\/div>\n                    <\/div>\n                <\/a>\n            <\/div>\n\t\t\t<div class=\"col-md-4\">\n                <a href=\"https:\/\/cparici.com\/de\/plage-du-cabellou-guide-et-informations-pratiques\/\" class=\"blog-compact-item-container\">\n                    <div class=\"blog-compact-item\">\n                        <img decoding=\"async\" width=\"577\" height=\"222\" src=\"https:\/\/cparici.com\/wp-content\/uploads\/2024\/04\/Plage-du-Cabellou.jpg\" class=\"attachment-listeo-blog-related-post size-listeo-blog-related-post wp-post-image\" alt=\"Plage du Cabellou Concarneau\" srcset=\"https:\/\/cparici.com\/wp-content\/uploads\/2024\/04\/Plage-du-Cabellou.jpg 1500w, https:\/\/cparici.com\/wp-content\/uploads\/2024\/04\/Plage-du-Cabellou-600x231.jpg 600w, https:\/\/cparici.com\/wp-content\/uploads\/2024\/04\/Plage-du-Cabellou-300x116.jpg 300w, https:\/\/cparici.com\/wp-content\/uploads\/2024\/04\/Plage-du-Cabellou-1024x395.jpg 1024w, https:\/\/cparici.com\/wp-content\/uploads\/2024\/04\/Plage-du-Cabellou-768x296.jpg 768w\" sizes=\"(max-width: 577px) 100vw, 577px\" \/><span class=\"blog-item-tag\">Bretagne<\/span>                        \n                        <div class=\"blog-compact-item-content\">\n                                                        <h3>Plage du Cabellou \u2013 guide et informations pratiques<\/h3>\n                                                        <p>Plage du Cabellou : tout ce qu'il faut savoir. Suivez nos conseils et informations pour...                            <\/p>\n                                                    <\/div>\n                    <\/div>\n                <\/a>\n            <\/div>\n\t\t\t<div class=\"col-md-4\">\n                <a href=\"https:\/\/cparici.com\/de\/horaires-des-marees-concarneau\/\" class=\"blog-compact-item-container\">\n                    <div class=\"blog-compact-item\">\n                        <span class=\"blog-item-tag\">Bretagne<\/span>                        \n                        <div class=\"blog-compact-item-content\">\n                                                        <h3>Mar\u00e9e Concarneau \u2013 horaires des mar\u00e9es 2024<\/h3>\n                                                        <p>Mar\u00e9e Concarneau Mar\u00e9e Concarneau- Horaires des mar\u00e9es 2024 mis \u00e0 jour quotidiennement...                            <\/p>\n                                                    <\/div>\n                    <\/div>\n                <\/a>\n            <\/div>\n  <\/div>\n        <\/div>\n        \t\t\t\t<\/div>\n\t\t\t\t<\/div>\n\t\t\t\t\t<\/div>\n\t\t<\/div>\n\t\t\t\t\t<\/div>\n\t\t<\/section>\n\t\t<div class=\"elementor-element elementor-element-515e7a6e e-con-full e-flex e-con e-parent\" data-id=\"515e7a6e\" data-element_type=\"container\" data-e-type=\"container\">\n\t\t\t\t<div class=\"elementor-element elementor-element-1d5475c3 elementor-widget elementor-widget-heading\" data-id=\"1d5475c3\" data-element_type=\"widget\" data-e-type=\"widget\" data-widget_type=\"heading.default\">\n\t\t\t\t\t<p class=\"elementor-heading-title elementor-size-default\">A D\u00e9couvrir dans la r\u00e9gion<\/p>\t\t\t\t<\/div>\n\t\t\t\t<\/div>\n\t\t\t\t<section class=\"elementor-section elementor-top-section elementor-element elementor-element-7e7f7c68 elementor-section-stretched elementor-section-boxed elementor-section-height-default elementor-section-height-default\" data-id=\"7e7f7c68\" data-element_type=\"section\" data-e-type=\"section\" data-settings=\"{&quot;stretch_section&quot;:&quot;section-stretched&quot;,&quot;background_background&quot;:&quot;classic&quot;}\">\n\t\t\t\t\t\t<div class=\"elementor-container elementor-column-gap-no\">\n\t\t\t\t\t<div class=\"elementor-column elementor-col-100 elementor-top-column elementor-element elementor-element-1c20ec6b\" data-id=\"1c20ec6b\" data-element_type=\"column\" data-e-type=\"column\">\n\t\t\t<div class=\"elementor-widget-wrap\">\n\t\t\t\t\t\t\t<\/div>\n\t\t<\/div>\n\t\t\t\t\t<\/div>\n\t\t<\/section>\n\t\t<div class=\"elementor-element elementor-element-a802013 e-flex e-con-boxed e-con e-parent\" data-id=\"a802013\" data-element_type=\"container\" data-e-type=\"container\">\n\t\t\t\t\t<div class=\"e-con-inner\">\n\t\t\t\t<div class=\"elementor-element elementor-element-ec88bdb elementor-widget elementor-widget-listeo-posts-grid\" data-id=\"ec88bdb\" data-element_type=\"widget\" data-e-type=\"widget\" data-widget_type=\"listeo-posts-grid.default\">\n\t\t\t\t<div class=\"elementor-widget-container\">\n\t\t\t\t\t\t\t\n\t\t<div class=\"listeo-post-grid-wrapper\">\n\t\t\t<div class=\"row\">\n\n\t\t\t\n\n\t\t\t\t\t\t\t<div class=\"col-md-4\">\n                <a href=\"https:\/\/cparici.com\/de\/plage-de-tahiti-raguenez-a-nevez-en-finistere-2\/\" class=\"blog-compact-item-container\">\n                    <div class=\"blog-compact-item\">\n                        <img decoding=\"async\" width=\"577\" height=\"170\" src=\"https:\/\/cparici.com\/wp-content\/uploads\/2022\/09\/plage-tahiti-raguenez-nevez-finistere-banniere.jpg\" class=\"attachment-listeo-blog-related-post size-listeo-blog-related-post wp-post-image\" alt=\"Plage de Tahiti - Ragu\u00e9nez \u00e0 N\u00e9vez en Finist\u00e8re\" srcset=\"https:\/\/cparici.com\/wp-content\/uploads\/2022\/09\/plage-tahiti-raguenez-nevez-finistere-banniere.jpg 1520w, https:\/\/cparici.com\/wp-content\/uploads\/2022\/09\/plage-tahiti-raguenez-nevez-finistere-banniere-600x177.jpg 600w, https:\/\/cparici.com\/wp-content\/uploads\/2022\/09\/plage-tahiti-raguenez-nevez-finistere-banniere-768x226.jpg 768w\" sizes=\"(max-width: 577px) 100vw, 577px\" \/><span class=\"blog-item-tag\">Bretagne<\/span>                        \n                        <div class=\"blog-compact-item-content\">\n                                                        <h3>Plage de Tahiti Ragu\u00e9nez \u00e0 N\u00e9vez en Finist\u00e8re<\/h3>\n                                                        <p>D\u00e9couvrez la Plage de Tahiti - Ragu\u00e9nez \u00e0 N\u00e9vez en Finist\u00e8re. Toutes les inofs pratiques...                            <\/p>\n                                                    <\/div>\n                    <\/div>\n                <\/a>\n            <\/div>\n\t\t\t<div class=\"col-md-4\">\n                <a href=\"https:\/\/cparici.com\/de\/sainte-marine\/\" class=\"blog-compact-item-container\">\n                    <div class=\"blog-compact-item\">\n                        <img decoding=\"async\" width=\"577\" height=\"204\" src=\"https:\/\/cparici.com\/wp-content\/uploads\/2025\/07\/cparici-2025-07-18T082924.931-577x204.jpg\" class=\"attachment-listeo-blog-related-post size-listeo-blog-related-post wp-post-image\" alt=\"Sainte Marine\" srcset=\"https:\/\/cparici.com\/wp-content\/uploads\/2025\/07\/cparici-2025-07-18T082924.931-577x204.jpg 577w, https:\/\/cparici.com\/wp-content\/uploads\/2025\/07\/cparici-2025-07-18T082924.931-300x106.jpg 300w, https:\/\/cparici.com\/wp-content\/uploads\/2025\/07\/cparici-2025-07-18T082924.931-1024x362.jpg 1024w, https:\/\/cparici.com\/wp-content\/uploads\/2025\/07\/cparici-2025-07-18T082924.931-768x271.jpg 768w, https:\/\/cparici.com\/wp-content\/uploads\/2025\/07\/cparici-2025-07-18T082924.931-18x6.jpg 18w, https:\/\/cparici.com\/wp-content\/uploads\/2025\/07\/cparici-2025-07-18T082924.931-590x208.jpg 590w, https:\/\/cparici.com\/wp-content\/uploads\/2025\/07\/cparici-2025-07-18T082924.931-1200x424.jpg 1200w, https:\/\/cparici.com\/wp-content\/uploads\/2025\/07\/cparici-2025-07-18T082924.931-600x212.jpg 600w, https:\/\/cparici.com\/wp-content\/uploads\/2025\/07\/cparici-2025-07-18T082924.931.jpg 1500w\" sizes=\"(max-width: 577px) 100vw, 577px\" \/><span class=\"blog-item-tag\">Bretagne<\/span>                        \n                        <div class=\"blog-compact-item-content\">\n                                                        <h3>Sainte Marine<\/h3>\n                                                        <p>Recherches populaires Categories Pas de r\u00e9sultats Voir tous les r\u00e9sultats Sainte Marine Bienvenue \u00e0 Sainte...                            <\/p>\n                                                    <\/div>\n                    <\/div>\n                <\/a>\n            <\/div>\n\t\t\t<div class=\"col-md-4\">\n                <a href=\"https:\/\/cparici.com\/de\/visiter-fouesnant-guide-des-incontournables-et-bons-plans\/\" class=\"blog-compact-item-container\">\n                    <div class=\"blog-compact-item\">\n                        <img decoding=\"async\" width=\"577\" height=\"221\" src=\"https:\/\/cparici.com\/wp-content\/uploads\/2024\/04\/visiter-fouesnant-banniere.jpg\" class=\"attachment-listeo-blog-related-post size-listeo-blog-related-post wp-post-image\" alt=\"visiter fouesnant banni\u00e8re\" srcset=\"https:\/\/cparici.com\/wp-content\/uploads\/2024\/04\/visiter-fouesnant-banniere.jpg 1500w, https:\/\/cparici.com\/wp-content\/uploads\/2024\/04\/visiter-fouesnant-banniere-600x230.jpg 600w, https:\/\/cparici.com\/wp-content\/uploads\/2024\/04\/visiter-fouesnant-banniere-300x115.jpg 300w, https:\/\/cparici.com\/wp-content\/uploads\/2024\/04\/visiter-fouesnant-banniere-1024x393.jpg 1024w, https:\/\/cparici.com\/wp-content\/uploads\/2024\/04\/visiter-fouesnant-banniere-768x294.jpg 768w\" sizes=\"(max-width: 577px) 100vw, 577px\" \/><span class=\"blog-item-tag\">Bretagne<\/span>                        \n                        <div class=\"blog-compact-item-content\">\n                                                        <h3>Visiter fouesnant : guide des incontournables et bons plans<\/h3>\n                                                        <p>visiter Fouesnant - D\u00e9couvrez Fouesnant et ses alentours, toutes les activit\u00e9s et les loisirs pour...                            <\/p>\n                                                    <\/div>\n                    <\/div>\n                <\/a>\n            <\/div>\n  <\/div>\n        <\/div>\n        \t\t\t\t<\/div>\n\t\t\t\t<\/div>\n\t\t\t\t\t<\/div>\n\t\t\t\t<\/div>\n\t\t\t\t<\/div>\n\t\t","protected":false},"excerpt":{"rendered":"<p>Recherches populaires Categories Pas de r\u00e9sultats Voir tous les r\u00e9sultats Location vacances \u00e0 Concarneau \u00a0 D\u00e9couvrir Concarneau On l\u2019appelle \u00ab ville bleue \u00bb en raison de la couleur bleue utilis\u00e9e pour teindre les filets de p\u00eache. L\u2019histoire de Concarneau est \u00e9troitement li\u00e9e \u00e0 l\u2019activit\u00e9 des conserveries de la ville et au m\u00e9tier de la p\u00eache [&hellip;]<\/p>\n","protected":false},"author":4,"featured_media":35854,"comment_status":"closed","ping_status":"open","sticky":false,"template":"","format":"standard","meta":{"ngg_post_thumbnail":0,"footnotes":""},"categories":[481,478,479],"tags":[902,901,900,1180],"class_list":["post-35846","post","type-post","status-publish","format-standard","has-post-thumbnail","hentry","category-concarneau","category-bretagne","category-finistere","tag-chambres-dhotes","tag-gites","tag-location","tag-location-vacances"],"_links":{"self":[{"href":"https:\/\/cparici.com\/de\/wp-json\/wp\/v2\/posts\/35846","targetHints":{"allow":["GET"]}}],"collection":[{"href":"https:\/\/cparici.com\/de\/wp-json\/wp\/v2\/posts"}],"about":[{"href":"https:\/\/cparici.com\/de\/wp-json\/wp\/v2\/types\/post"}],"author":[{"embeddable":true,"href":"https:\/\/cparici.com\/de\/wp-json\/wp\/v2\/users\/4"}],"replies":[{"embeddable":true,"href":"https:\/\/cparici.com\/de\/wp-json\/wp\/v2\/comments?post=35846"}],"version-history":[{"count":2,"href":"https:\/\/cparici.com\/de\/wp-json\/wp\/v2\/posts\/35846\/revisions"}],"predecessor-version":[{"id":86154,"href":"https:\/\/cparici.com\/de\/wp-json\/wp\/v2\/posts\/35846\/revisions\/86154"}],"wp:featuredmedia":[{"embeddable":true,"href":"https:\/\/cparici.com\/de\/wp-json\/wp\/v2\/media\/35854"}],"wp:attachment":[{"href":"https:\/\/cparici.com\/de\/wp-json\/wp\/v2\/media?parent=35846"}],"wp:term":[{"taxonomy":"category","embeddable":true,"href":"https:\/\/cparici.com\/de\/wp-json\/wp\/v2\/categories?post=35846"},{"taxonomy":"post_tag","embeddable":true,"href":"https:\/\/cparici.com\/de\/wp-json\/wp\/v2\/tags?post=35846"}],"curies":[{"name":"wp","href":"https:\/\/api.w.org\/{rel}","templated":true}]}}