{"id":38769,"date":"2024-07-01T07:05:34","date_gmt":"2024-07-01T05:05:34","guid":{"rendered":"https:\/\/cparici.com\/?p=38769"},"modified":"2026-02-16T15:43:28","modified_gmt":"2026-02-16T14:43:28","slug":"smaragdkuste","status":"publish","type":"post","link":"https:\/\/cparici.com\/de\/cote-d-emeraude\/","title":{"rendered":"Cote d'Emeraude en Ille-et-Vilaine: Ein umfassender Reisef\u00fchrer"},"content":{"rendered":"\t\t<div data-elementor-type=\"wp-post\" data-elementor-id=\"38769\" class=\"elementor elementor-38769\" data-elementor-post-type=\"post\">\n\t\t\t\t<div class=\"elementor-element elementor-element-c947f78 e-con-full e-flex e-con e-parent\" data-id=\"c947f78\" data-element_type=\"container\" data-e-type=\"container\">\n\t\t\t\t<div class=\"elementor-element elementor-element-5b5578d elementor-widget elementor-widget-image\" data-id=\"5b5578d\" data-element_type=\"widget\" data-e-type=\"widget\" data-widget_type=\"image.default\">\n\t\t\t\t\t\t\t\t\t\t\t\t\t\t\t<img decoding=\"async\" width=\"1500\" height=\"528\" src=\"https:\/\/cparici.com\/wp-content\/uploads\/2024\/06\/saint-malo-1.jpg\" class=\"attachment-full size-full wp-image-38822\" alt=\"cote d&#039;emeraude\" srcset=\"https:\/\/cparici.com\/wp-content\/uploads\/2024\/06\/saint-malo-1.jpg 1500w, https:\/\/cparici.com\/wp-content\/uploads\/2024\/06\/saint-malo-1-600x211.jpg 600w, https:\/\/cparici.com\/wp-content\/uploads\/2024\/06\/saint-malo-1-300x106.jpg 300w, https:\/\/cparici.com\/wp-content\/uploads\/2024\/06\/saint-malo-1-1024x360.jpg 1024w, https:\/\/cparici.com\/wp-content\/uploads\/2024\/06\/saint-malo-1-768x270.jpg 768w\" sizes=\"(max-width: 1500px) 100vw, 1500px\" \/>\t\t\t\t\t\t\t\t\t\t\t\t\t\t\t<\/div>\n\t\t\t\t<\/div>\n\t\t<aside class=\"elementor-element elementor-element-9def47f e-flex e-con-boxed e-con e-parent\" data-id=\"9def47f\" data-element_type=\"container\" data-e-type=\"container\">\n\t\t\t\t\t<div class=\"e-con-inner\">\n\t\t\t\t<div class=\"elementor-element elementor-element-3edf780 elementor-widget elementor-widget-global elementor-global-62046 elementor-widget-eael-advanced-search\" data-id=\"3edf780\" data-element_type=\"widget\" data-e-type=\"widget\" data-widget_type=\"eael-advanced-search.default\">\n\t\t\t\t\t        <div class=\"eael-adv-search-wrapper\">\n            <div id=\"eael-advanced-search-widget-3edf780\" class=\"eael-advanced-search-widget\">\n                <form data-settings=\"{&quot;post_per_page&quot;:5,&quot;search_among_taxonomies&quot;:&quot;&quot;,&quot;search_among_sku&quot;:&quot;no&quot;,&quot;show_popular_keyword&quot;:0,&quot;show_category&quot;:0,&quot;show_content_image&quot;:1,&quot;show_search_result_all_results&quot;:0,&quot;result_on_new_tab&quot;:&quot;no&quot;,&quot;show_product_price&quot;:&quot;no&quot;,&quot;include_current_page&quot;:&quot;no&quot;,&quot;current_post_id&quot;:38769,&quot;post_type&quot;:[&quot;post&quot;,&quot;listing&quot;]}\" method=\"POST\" name=\"eael-advanced-search-form-3edf780\" class=\"eael-advanced-search-form eael-advanced-search-form-style-2\">\n                    <div class=\"eael-advanced-search-wrap\">\n                        <span class=\"eael-adv-search-loader\"><\/span>\n                        <span class=\"eael-adv-search-close\"><i class=\"fas fa-times\"><\/i><\/span>\n                        <span class=\"icon \"><i class=\"fas fa-search\"><\/i><\/span>\n\n                        <input type=\"text\"\n                               placeholder=\"Votre destination\"\n                               class=\"eael-advanced-search\" autocomplete=\"off\" name=\"eael_advanced_search\">\n                    <\/div>\n\t\t\t\t\t                                    <\/form>\n\n\t\t\t\t\n\t\t\t\t        <div class=\"eael-advanced-search-result\">\n            <div class=\"eael-advanced-search-popular-keyword\">\n\t\t\t\t<h4 class=\"eael-advanced-search-popular-keyword-text\">Recherches populaires<\/h4>                <div class=\"eael-popular-keyword-content\"><\/div>\n            <\/div>\n            <div class=\"eael-advanced-search-category\">\n\t\t\t\t<h4 class=\"eael-advanced-search-category-text\">Categories<\/h4>                <div class=\"eael-popular-category-content\"><\/div>\n            <\/div>\n\t\t\t<div class=\"eael-advanced-search-total-results-section\">\n\t\t\t\t\t\t\t<\/div>\n            <div class=\"eael-advanced-search-content eael-item-style-3\">\n            <\/div>\n            <div class=\"eael-advanced-search-not-found\">\n                <p>Pas de r\u00e9sultats<\/p><\/div>\n            <div class=\"eael-advanced-search-load-more\">\n\t\t\t\t<a \tclass=\"eael-advanced-search-load-more-button\"\n                \thref=\"#\">Voir tous les r\u00e9sultats<\/a>\n            <\/div>\n        <\/div>\n\n\t\t            <\/div>\n        <\/div>\n\n\t\t\t\t\t\t<\/div>\n\t\t\t\t\t<\/div>\n\t\t\t\t<\/aside>\n\t\t<div class=\"elementor-element elementor-element-48e4bf78 e-flex e-con-boxed e-con e-parent\" data-id=\"48e4bf78\" data-element_type=\"container\" data-e-type=\"container\">\n\t\t\t\t\t<div class=\"e-con-inner\">\n\t\t\t\t<div class=\"elementor-element elementor-element-567070ce elementor-widget elementor-widget-text-editor\" data-id=\"567070ce\" data-element_type=\"widget\" data-e-type=\"widget\" data-widget_type=\"text-editor.default\">\n\t\t\t\t\t\t\t\t\t<h1 style=\"text-align: center;\"><span style=\"font-size: 18pt;\"><strong>La Cote d\u2019Emeraude<\/strong><\/span><\/h1><p><strong>La Cote d\u2019Emeraude<\/strong>, situ\u00e9e en <a href=\"https:\/\/cparici.com\/fr\/ille-et-vilaine\/\">Ille-et-Vilaine<\/a>, est un v\u00e9ritable joyau de la <a href=\"https:\/\/cparici.com\/fr\/visiter-la-bretagne-guide-des-sites-et-villes-a-explorer\/\">Bretagne<\/a>. Connue pour ses paysages spectaculaires, ses plages de sable fin et ses charmantes villes c\u00f4ti\u00e8res, cette r\u00e9gion offre une exp\u00e9rience unique \u00e0 tous ses visiteurs. Ce guide d\u00e9taill\u00e9 vous emm\u00e8nera \u00e0 travers l\u2019histoire, les villes, les plages et les monuments incontournables de la C\u00f4te d\u2019\u00c9meraude.<\/p>\t\t\t\t\t\t\t\t<\/div>\n\t\t\t\t\t<\/div>\n\t\t\t\t<\/div>\n\t\t<aside class=\"elementor-element elementor-element-5981d942 e-flex e-con-boxed e-con e-parent\" data-id=\"5981d942\" data-element_type=\"container\" data-e-type=\"container\" data-settings=\"{&quot;background_background&quot;:&quot;classic&quot;}\">\n\t\t\t\t\t<div class=\"e-con-inner\">\n\t\t\t\t<div class=\"elementor-element elementor-element-48ca4be7 elementor-widget elementor-widget-spacer\" data-id=\"48ca4be7\" data-element_type=\"widget\" data-e-type=\"widget\" data-widget_type=\"spacer.default\">\n\t\t\t\t\t\t\t<div class=\"elementor-spacer\">\n\t\t\t<div class=\"elementor-spacer-inner\"><\/div>\n\t\t<\/div>\n\t\t\t\t\t\t<\/div>\n\t\t\t\t<div class=\"elementor-element elementor-element-91609b3 elementor-widget elementor-widget-heading\" data-id=\"91609b3\" data-element_type=\"widget\" data-e-type=\"widget\" data-widget_type=\"heading.default\">\n\t\t\t\t\t<h2 class=\"elementor-heading-title elementor-size-default\">H\u00e9bergements de Vacances en direct<\/h2>\t\t\t\t<\/div>\n\t\t\t\t<div class=\"elementor-element elementor-element-3a09f2da elementor-widget elementor-widget-listeo-listings-carousel\" data-id=\"3a09f2da\" data-element_type=\"widget\" data-e-type=\"widget\" data-widget_type=\"listeo-listings-carousel.default\">\n\t\t\t\t<div class=\"elementor-widget-container\">\n\t\t\t\t\t        <!-- Carousel \/ Start -->\n        \t<div class=\"simple-slick-carousel dots-nav\" data-slick='{&quot;autoplay&quot;:true,&quot;autoplaySpeed&quot;:3000,&quot;slidesToShow&quot;:3,&quot;slidesToScroll&quot;:1,&quot;responsive&quot;:[{&quot;breakpoint&quot;:1024,&quot;settings&quot;:{&quot;slidesToShow&quot;:2,&quot;slidesToScroll&quot;:1}},{&quot;breakpoint&quot;:768,&quot;settings&quot;:{&quot;slidesToShow&quot;:1,&quot;slidesToScroll&quot;:1}}]}'>\n                            <div class=\"fw-carousel-item\">                    \n                        <!-- Listing Item -->\r\n            <div class=\"col-lg-6 col-md-12\">\r\n                <a href=\"https:\/\/cparici.com\/de\/annonce\/chambres-dhote-de-charme-2\/\" class=\"listing-item-container listing-geo-data compact\" data-title=\"Chambres d\u2019H\u00f4te de charme\" data-listing-type=\"rental\" data-classifieds-price=\"\u20ac\" data-friendly-address=\"Le Gray, 22490 Pleslin Trigavou\" data-address=\"Le Gray, 22490 Pleslin Trigavou\" data-image=\"https:\/\/cparici.com\/wp-content\/uploads\/2026\/01\/9DE6BAB5-52E1-486D-AAC6-080CF3E1B4BB-1-520x397.jpeg\" data-longitude=\"-2.0794163\" data-latitude=\"48.5413717\" data-rating=\"4.7\" data-reviews=\"71\" data-icon=\"<svg xmlns=&quot;http:\/\/www.w3.org\/2000\/svg&quot; width=&quot;800px&quot; height=&quot;800px&quot; viewBox=&quot;0 0 45 45&quot; fill=&quot;none&quot;>\n<path d=&quot;M24.155 8.78099L24.33 8.94499L37.402 21.787L36 23.213L34.2 21.445L34.201 35C34.201 36.054 33.385 36.918 32.35 36.994L32.201 37H12.201C11.147 37 10.283 36.184 10.206 35.149L10.201 35L10.2 21.446L8.402 23.213L7 21.787L20.058 8.95799C21.171 7.82199 22.966 7.75899 24.155 8.78099ZM21.569 10.285L21.473 10.372L12.2 19.481L12.201 35L17.2 34.999L17.201 25C17.201 23.946 18.017 23.082 19.052 23.005L19.201 23H25.201C26.255 23 27.119 23.816 27.196 24.851L27.201 25L27.2 34.999L32.201 35L32.2 19.48L22.901 10.344C22.537 9.98699 21.969 9.96499 21.569 10.285ZM25.201 25H19.201L19.2 34.999H25.2L25.201 25Z&quot; fill=&quot;#3C3C3C&quot;\/>\n<\/svg>\">\r\n            <div class=\"listing-item  \">\r\n                <div class=\"listing-small-badges-container\">\r\n                                                                <div class=\"listing-small-badge pricing-badge\"><i class=\"fa fa-tag\"><\/i>62,00\u20ac - 80,00\u20ac<\/div>\r\n                                                            \r\n                                        \r\n                                        \r\n                <\/div>\r\n                <img decoding=\"async\" src=\"https:\/\/cparici.com\/wp-content\/uploads\/2026\/01\/9DE6BAB5-52E1-486D-AAC6-080CF3E1B4BB-1-520x397.jpeg\" alt=\"Chambres d\u2019H\u00f4te de charme\" class=\"listing-thumbnail\">\r\n                                        <div class=\"listing-badge now-open\">Now Open<\/div>\r\n                        \r\n\r\n                <div class=\"listing-item-content\">\r\n                                                <div class=\"numerical-rating\" data-rating=\"4.7\"><\/div>\r\n                    \r\n                    <h3> Chambres d\u2019H\u00f4te de charme <\/h3>\r\n                    <span>Le Gray, 22490 Pleslin Trigavou<\/span>\r\n                <\/div>\r\n                                        <span class=\"save like-icon tooltip left\" title=\"Login To Bookmark Items\"><\/span>\r\n                                                <\/div>\r\n        <\/a>\r\n                    <\/div>\r\n        \r\n\r\n        <!-- Listing Item \/ End -->\n                    <\/div>\n                          <\/div>\n        \t\t\t\t<\/div>\n\t\t\t\t<\/div>\n\t\t\t\t\t<\/div>\n\t\t\t\t<\/aside>\n\t\t<div class=\"elementor-element elementor-element-b20d206 e-flex e-con-boxed e-con e-parent\" data-id=\"b20d206\" data-element_type=\"container\" data-e-type=\"container\">\n\t\t\t\t\t<div class=\"e-con-inner\">\n\t\t\t\t<div class=\"elementor-element elementor-element-51dee13 elementor-widget elementor-widget-text-editor\" data-id=\"51dee13\" data-element_type=\"widget\" data-e-type=\"widget\" data-widget_type=\"text-editor.default\">\n\t\t\t\t\t\t\t\t\t<h2><span style=\"font-size: 18pt;\"><strong>Situation G\u00e9ographique de la C\u00f4te d\u2019\u00c9meraude<\/strong><\/span><\/h2><p>La C\u00f4te d\u2019\u00c9meraude s\u2019\u00e9tend de Cancale \u00e0 Cap Fr\u00e9hel, couvrant une partie des d\u00e9partements de l\u2019Ille-et-Vilaine et des C\u00f4tes-d\u2019Armor. Elle est caract\u00e9ris\u00e9e par ses falaises impressionnantes, ses criques abrit\u00e9es et ses eaux turquoise qui rappellent les pierres pr\u00e9cieuses dont elle porte le nom.<\/p><h3><strong>Les Villes de la C\u00f4te d\u2019\u00c9meraude<\/strong><\/h3><h4><strong>Saint-Malo<\/strong><\/h4><p><a href=\"https:\/\/cparici.com\/fr\/saint-malo\/\">Saint-Malo<\/a> est sans doute la ville la plus c\u00e9l\u00e8bre de la C\u00f4te d\u2019\u00c9meraude. Cette cit\u00e9 corsaire, avec ses remparts historiques, offre une plong\u00e9e dans l\u2019histoire maritime de la r\u00e9gion. Promenez-vous le long des remparts, visitez la cath\u00e9drale Saint-Vincent et explorez les ruelles pittoresques du centre-ville.<\/p><h4><strong>Dinard<\/strong><\/h4><p><a href=\"https:\/\/cparici.com\/fr\/dinard\/\">Dinard<\/a> est r\u00e9put\u00e9e pour ses villas Belle \u00c9poque et ses jardins exotiques. La ville offre un m\u00e9lange unique de glamour et de charme breton. Ne manquez pas de visiter la plage de l\u2019\u00c9cluse et de vous promener le long de la Promenade du Clair de Lune.<\/p><h4><strong>Cancale<\/strong><\/h4><p><a href=\"https:\/\/cparici.com\/fr\/cancale\/\">Cancal<\/a>e, c\u00e9l\u00e8bre pour ses hu\u00eetres, est un incontournable pour les amateurs de fruits de mer. Profitez d\u2019une d\u00e9gustation au march\u00e9 aux hu\u00eetres et explorez les sentiers c\u00f4tiers pour des vues imprenables sur la baie du Mont-Saint-Michel.<\/p><h3><strong>Les Plages de la Cote d\u2019Emeraude<\/strong><\/h3><h4><strong>Plage de l\u2019\u00c9cluse \u00e0 Dinard<\/strong><\/h4><p>Cette plage de sable fin est parfaite pour une journ\u00e9e en famille. Elle est bord\u00e9e par des restaurants et des caf\u00e9s o\u00f9 vous pourrez d\u00e9guster des sp\u00e9cialit\u00e9s locales tout en profitant de la vue sur la mer.<\/p><h4><strong>Plage du Sillon \u00e0 Saint-Malo<\/strong><\/h4><p>La plage du Sillon est l\u2019une des plus grandes et des plus belles plages de Saint-Malo. Id\u00e9ale pour la baignade et les sports nautiques, elle offre \u00e9galement une vue imprenable sur la vieille ville.<\/p><h4><strong>Plage de Port Mer \u00e0 Cancale<\/strong><\/h4><p>Port Mer est une petite plage pittoresque, parfaite pour la d\u00e9tente et la baignade. Les amateurs de randonn\u00e9e appr\u00e9cieront \u00e9galement les sentiers c\u00f4tiers environnants.<\/p><h3><strong>Un Peu d\u2019Histoire de la C\u00f4te d\u2019\u00c9meraude<\/strong><\/h3><p>La C\u00f4te d\u2019\u00c9meraude a une histoire riche et vari\u00e9e. Saint-Malo, fond\u00e9e au 12\u00e8me si\u00e8cle, est devenue un important port de commerce et de p\u00eache. La ville a \u00e9galement \u00e9t\u00e9 un bastion pour les corsaires fran\u00e7ais. Dinard, autrefois un petit village de p\u00eacheurs, s\u2019est transform\u00e9e en station baln\u00e9aire chic au 19\u00e8me si\u00e8cle, attirant l\u2019aristocratie et les artistes. Cancale, quant \u00e0 elle, est connue pour ses ostr\u00e9iculteurs depuis l\u2019\u00e9poque romaine.<\/p><h3><strong>Monuments et Sites \u00e0 Visiter sur la Cote d\u2019Emeraude<\/strong><\/h3><h4><strong>Les Remparts de Saint-Malo<\/strong><\/h4><p>Les remparts offrent une vue panoramique sur la ville et la mer. Une promenade le long de ces murs historiques est incontournable.<\/p><h4><strong>Le Fort National \u00e0 Saint-Malo<\/strong><\/h4><p>Construit par Vauban en 1689, le Fort National est un exemple impressionnant de l\u2019architecture militaire fran\u00e7aise. Il est accessible \u00e0 mar\u00e9e basse et offre une vue imprenable sur Saint-Malo.<\/p><h4><strong>Le Grand Aquarium de Saint-Malo<\/strong><\/h4><p>Pour une exp\u00e9rience familiale, visitez le Grand Aquarium de Saint-Malo. Il abrite une grande vari\u00e9t\u00e9 de faune marine et propose des expositions interactives.<\/p><h4><strong>La Pointe du Grouin \u00e0 Cancale<\/strong><\/h4><p>La Pointe du Grouin offre des vues spectaculaires sur la mer et les \u00eeles environnantes. C\u2019est \u00e9galement un excellent point de d\u00e9part pour des randonn\u00e9es le long de la c\u00f4te.<\/p><h3><strong>FAQ sur la Cote d\u2019Emeraude<\/strong><\/h3><p><strong>Quels sont les meilleurs moments pour visiter la C\u00f4te d\u2019\u00c9meraude?<\/strong> Les meilleurs moments pour visiter sont le printemps et l\u2019\u00e9t\u00e9, lorsque le climat est agr\u00e9able et que la plupart des attractions sont ouvertes.<\/p><p><strong>Quels sont les plats typiques \u00e0 d\u00e9guster sur la Cote d\u2019Emeraude?<\/strong> Ne manquez pas de go\u00fbter aux hu\u00eetres de Cancale, au caramel au beurre sal\u00e9, et aux cr\u00eapes bretonnes.<\/p><p><strong>Quelles activit\u00e9s peut-on faire sur la C\u00f4te d\u2019\u00c9meraude?<\/strong> Vous pouvez faire de la randonn\u00e9e, des sports nautiques, de la baignade, et visiter des sites historiques.<\/p><p><strong>Comment se d\u00e9placer sur la C\u00f4te d\u2019\u00c9meraude?<\/strong> Il est recommand\u00e9 de louer une voiture pour explorer librement les diff\u00e9rentes villes et plages.<\/p><p><strong>Quels sont les h\u00e9bergements disponibles sur la Cote d\u2019Emeraude?<\/strong> Vous trouverez une vari\u00e9t\u00e9 d\u2019h\u00e9bergements allant des h\u00f4tels de luxe aux chambres d\u2019h\u00f4tes et aux campings.<\/p><p><strong>Y a-t-il des festivals ou des \u00e9v\u00e9nements sp\u00e9ciaux sur la Cote d\u2019Emeraude?<\/strong> Oui, de nombreux festivals se tiennent tout au long de l\u2019ann\u00e9e, notamment la Route du Rock \u00e0 Saint-Malo et le Festival du Film Britannique \u00e0 Dinard.<\/p><h3><strong>Conclusion<\/strong><\/h3><p>La Cote d\u2019Emeraude en Ille-et-Vilaine est une <a href=\"https:\/\/www.ille-et-vilaine-tourisme.bzh\/partez-a-la-decouverte-de-lille-et-vilaine\/sites-remarquables\/cote-d-emeraude\/\" target=\"_blank\" rel=\"noopener\">destination<\/a> incontournable pour tous ceux qui cherchent \u00e0 explorer la beaut\u00e9 naturelle et l\u2019histoire riche de la Bretagne. Des plages idylliques aux villes charmantes et aux sites historiques, cette r\u00e9gion offre une multitude de d\u00e9couvertes. Pr\u00e9parez-vous \u00e0 \u00eatre \u00e9merveill\u00e9 par ce joyau breton!<\/p>\t\t\t\t\t\t\t\t<\/div>\n\t\t\t\t\t<\/div>\n\t\t\t\t<\/div>\n\t\t<aside class=\"elementor-element elementor-element-2e926a83 e-flex e-con-boxed e-con e-parent\" data-id=\"2e926a83\" data-element_type=\"container\" data-e-type=\"container\">\n\t\t\t\t\t<div class=\"e-con-inner\">\n\t\t\t\t<div class=\"elementor-element elementor-element-5da21e51 elementor-widget elementor-widget-listeo-posts-grid\" data-id=\"5da21e51\" data-element_type=\"widget\" data-e-type=\"widget\" data-widget_type=\"listeo-posts-grid.default\">\n\t\t\t\t<div class=\"elementor-widget-container\">\n\t\t\t\t\t\t\t\n\t\t<div class=\"listeo-post-grid-wrapper\">\n\t\t\t<div class=\"row\">\n\n\t\t\t\n\n\t\t\t\t\t\t\t<div class=\"col-md-4\">\n                <a href=\"https:\/\/cparici.com\/de\/rennes\/\" class=\"blog-compact-item-container\">\n                    <div class=\"blog-compact-item\">\n                        <img decoding=\"async\" width=\"577\" height=\"214\" src=\"https:\/\/cparici.com\/wp-content\/uploads\/2024\/06\/rennes.jpg\" class=\"attachment-listeo-blog-related-post size-listeo-blog-related-post wp-post-image\" alt=\"rennes\" srcset=\"https:\/\/cparici.com\/wp-content\/uploads\/2024\/06\/rennes.jpg 1500w, https:\/\/cparici.com\/wp-content\/uploads\/2024\/06\/rennes-600x222.jpg 600w, https:\/\/cparici.com\/wp-content\/uploads\/2024\/06\/rennes-300x111.jpg 300w, https:\/\/cparici.com\/wp-content\/uploads\/2024\/06\/rennes-1024x380.jpg 1024w, https:\/\/cparici.com\/wp-content\/uploads\/2024\/06\/rennes-768x285.jpg 768w\" sizes=\"(max-width: 577px) 100vw, 577px\" \/><span class=\"blog-item-tag\">Bretagne<\/span>                        \n                        <div class=\"blog-compact-item-content\">\n                                                        <h3>Rennes : guide complet pour explorer la ville<\/h3>\n                                                        <p>Ville de Rennes : d\u00e9couvrez les secrets de la m\u00e9tropole bretonne. Un guide complet pour...                            <\/p>\n                                                    <\/div>\n                    <\/div>\n                <\/a>\n            <\/div>\n\t\t\t<div class=\"col-md-4\">\n                <a href=\"https:\/\/cparici.com\/de\/stade-rennais-un-siecle-dhistoire-et-dambition\/\" class=\"blog-compact-item-container\">\n                    <div class=\"blog-compact-item\">\n                        <img decoding=\"async\" width=\"577\" height=\"204\" src=\"https:\/\/cparici.com\/wp-content\/uploads\/2025\/03\/cparici-2025-03-03T211854.301-577x204.jpg\" class=\"attachment-listeo-blog-related-post size-listeo-blog-related-post wp-post-image\" alt=\"Stade rennais\" srcset=\"https:\/\/cparici.com\/wp-content\/uploads\/2025\/03\/cparici-2025-03-03T211854.301-577x204.jpg 577w, https:\/\/cparici.com\/wp-content\/uploads\/2025\/03\/cparici-2025-03-03T211854.301-300x106.jpg 300w, https:\/\/cparici.com\/wp-content\/uploads\/2025\/03\/cparici-2025-03-03T211854.301-1024x362.jpg 1024w, https:\/\/cparici.com\/wp-content\/uploads\/2025\/03\/cparici-2025-03-03T211854.301-768x271.jpg 768w, https:\/\/cparici.com\/wp-content\/uploads\/2025\/03\/cparici-2025-03-03T211854.301-18x6.jpg 18w, https:\/\/cparici.com\/wp-content\/uploads\/2025\/03\/cparici-2025-03-03T211854.301-590x208.jpg 590w, https:\/\/cparici.com\/wp-content\/uploads\/2025\/03\/cparici-2025-03-03T211854.301-1200x424.jpg 1200w, https:\/\/cparici.com\/wp-content\/uploads\/2025\/03\/cparici-2025-03-03T211854.301-600x212.jpg 600w, https:\/\/cparici.com\/wp-content\/uploads\/2025\/03\/cparici-2025-03-03T211854.301.jpg 1500w\" sizes=\"(max-width: 577px) 100vw, 577px\" \/><span class=\"blog-item-tag\">Bretagne<\/span>                        \n                        <div class=\"blog-compact-item-content\">\n                                                        <h3>Stade Rennais Un Si\u00e8cle d\u2019Histoire et d\u2019Ambition<\/h3>\n                                                        <p>Recherches populaires Categories Pas de r\u00e9sultats Voir tous les r\u00e9sultats Stade Rennais Le Stade Rennais...                            <\/p>\n                                                    <\/div>\n                    <\/div>\n                <\/a>\n            <\/div>\n\t\t\t<div class=\"col-md-4\">\n                <a href=\"https:\/\/cparici.com\/de\/saint-malo\/\" class=\"blog-compact-item-container\">\n                    <div class=\"blog-compact-item\">\n                        <img decoding=\"async\" width=\"577\" height=\"203\" src=\"https:\/\/cparici.com\/wp-content\/uploads\/2024\/06\/saint-malo.jpg\" class=\"attachment-listeo-blog-related-post size-listeo-blog-related-post wp-post-image\" alt=\"saint malo\" srcset=\"https:\/\/cparici.com\/wp-content\/uploads\/2024\/06\/saint-malo.jpg 1500w, https:\/\/cparici.com\/wp-content\/uploads\/2024\/06\/saint-malo-600x211.jpg 600w, https:\/\/cparici.com\/wp-content\/uploads\/2024\/06\/saint-malo-300x106.jpg 300w, https:\/\/cparici.com\/wp-content\/uploads\/2024\/06\/saint-malo-1024x360.jpg 1024w, https:\/\/cparici.com\/wp-content\/uploads\/2024\/06\/saint-malo-768x270.jpg 768w\" sizes=\"(max-width: 577px) 100vw, 577px\" \/><span class=\"blog-item-tag\">Bretagne<\/span>                        \n                        <div class=\"blog-compact-item-content\">\n                                                        <h3>Saint malo \u2013 guide complet pour d\u00e9couvrir la ville<\/h3>\n                                                        <p>D\u00e9couvrez Saint Malo, une ville charg\u00e9e d'histoire et de charme. Ce guide vous r\u00e9v\u00e8le ses...                            <\/p>\n                                                    <\/div>\n                    <\/div>\n                <\/a>\n            <\/div>\n  <\/div>\n        <\/div>\n        \t\t\t\t<\/div>\n\t\t\t\t<\/div>\n\t\t\t\t\t<\/div>\n\t\t\t\t<\/aside>\n\t\t\t\t<\/div>\n\t\t","protected":false},"excerpt":{"rendered":"<p>Explorez la C\u00f4te d&#8217;\u00c9meraude en Ille-et-Vilaine, ses villes charmantes, plages idylliques, histoire riche et sites incontournables. Un guide complet pour votre voyage.<\/p>","protected":false},"author":1,"featured_media":38822,"comment_status":"closed","ping_status":"open","sticky":false,"template":"","format":"standard","meta":{"ngg_post_thumbnail":0,"footnotes":""},"categories":[1035,478,477,1028],"tags":[1002],"class_list":["post-38769","post","type-post","status-publish","format-standard","has-post-thumbnail","hentry","category-cote-demeraude","category-bretagne","category-france","category-ille-et-vilaine","tag-littoral"],"_links":{"self":[{"href":"https:\/\/cparici.com\/de\/wp-json\/wp\/v2\/posts\/38769","targetHints":{"allow":["GET"]}}],"collection":[{"href":"https:\/\/cparici.com\/de\/wp-json\/wp\/v2\/posts"}],"about":[{"href":"https:\/\/cparici.com\/de\/wp-json\/wp\/v2\/types\/post"}],"author":[{"embeddable":true,"href":"https:\/\/cparici.com\/de\/wp-json\/wp\/v2\/users\/1"}],"replies":[{"embeddable":true,"href":"https:\/\/cparici.com\/de\/wp-json\/wp\/v2\/comments?post=38769"}],"version-history":[{"count":0,"href":"https:\/\/cparici.com\/de\/wp-json\/wp\/v2\/posts\/38769\/revisions"}],"wp:featuredmedia":[{"embeddable":true,"href":"https:\/\/cparici.com\/de\/wp-json\/wp\/v2\/media\/38822"}],"wp:attachment":[{"href":"https:\/\/cparici.com\/de\/wp-json\/wp\/v2\/media?parent=38769"}],"wp:term":[{"taxonomy":"category","embeddable":true,"href":"https:\/\/cparici.com\/de\/wp-json\/wp\/v2\/categories?post=38769"},{"taxonomy":"post_tag","embeddable":true,"href":"https:\/\/cparici.com\/de\/wp-json\/wp\/v2\/tags?post=38769"}],"curies":[{"name":"wp","href":"https:\/\/api.w.org\/{rel}","templated":true}]}}