{"id":39499,"date":"2024-07-03T09:23:51","date_gmt":"2024-07-03T07:23:51","guid":{"rendered":"https:\/\/cparici.com\/?p=39499"},"modified":"2025-03-25T12:37:00","modified_gmt":"2025-03-25T11:37:00","slug":"vallee-des-saints-bretagne","status":"publish","type":"post","link":"https:\/\/cparici.com\/de\/vallee-des-saints-bretagne\/","title":{"rendered":"Tal der Heiligen in der Bretagne - Eine skulpturale Reise"},"content":{"rendered":"<div data-elementor-type=\"wp-post\" data-elementor-id=\"39499\" class=\"elementor elementor-39499\" data-elementor-post-type=\"post\">\n\t\t\t\t<div class=\"elementor-element elementor-element-a5314ba e-con-full e-flex e-con e-parent\" data-id=\"a5314ba\" data-element_type=\"container\" data-e-type=\"container\">\n\t\t\t\t<div class=\"elementor-element elementor-element-15b3753 elementor-widget elementor-widget-image\" data-id=\"15b3753\" data-element_type=\"widget\" data-e-type=\"widget\" data-widget_type=\"image.default\">\n\t\t\t\t\t\t\t\t\t\t\t\t\t\t\t<img decoding=\"async\" width=\"1530\" height=\"529\" src=\"https:\/\/cparici.com\/wp-content\/uploads\/2024\/07\/vallee-des-saints.jpg\" class=\"attachment-full size-full wp-image-39512\" alt=\"Tal der Heiligen\" srcset=\"https:\/\/cparici.com\/wp-content\/uploads\/2024\/07\/vallee-des-saints.jpg 1530w, https:\/\/cparici.com\/wp-content\/uploads\/2024\/07\/vallee-des-saints-600x207.jpg 600w, https:\/\/cparici.com\/wp-content\/uploads\/2024\/07\/vallee-des-saints-300x104.jpg 300w, https:\/\/cparici.com\/wp-content\/uploads\/2024\/07\/vallee-des-saints-1024x354.jpg 1024w, https:\/\/cparici.com\/wp-content\/uploads\/2024\/07\/vallee-des-saints-768x266.jpg 768w\" sizes=\"(max-width: 1530px) 100vw, 1530px\" \/>\t\t\t\t\t\t\t\t\t\t\t\t\t\t\t<\/div>\n\t\t\t\t<\/div>\n\t\t<div class=\"elementor-element elementor-element-536ad869 e-flex e-con-boxed e-con e-parent\" data-id=\"536ad869\" data-element_type=\"container\" data-e-type=\"container\">\n\t\t\t\t\t<div class=\"e-con-inner\">\n\t\t\t\t<div class=\"elementor-element elementor-element-52de07e elementor-widget elementor-widget-text-editor\" data-id=\"52de07e\" data-element_type=\"widget\" data-e-type=\"widget\" data-widget_type=\"text-editor.default\">\n\t\t\t\t\t\t\t\t\t<h1 style=\"text-align: center;\"><span style=\"font-size: 18pt;\"><strong>Das Tal der Heiligen in der Bretagne<\/strong><\/span><\/h1><p><strong>Das Tal der Heiligen in <a href=\"https:\/\/cparici.com\/de\/besuche-die-bretagne-fuhrer-der-zu-erkundenden-statten-und-stadte\/\">Bretagne<\/a><\/strong> ist eine symboltr\u00e4chtige, einzigartige touristische und kulturelle Sehensw\u00fcrdigkeit. Sie liegt im Herzen der Region, in der Gemeinde <strong>Carno\u00ebt in den <a href=\"https:\/\/cparici.com\/de\/cotes-darmor-umfassender-fuhrer\/\">C\u00f4tes d\u2019Armor<\/a>, <\/strong>zieht sie dank ihrer monumentalen Skulpturen und der atemberaubenden nat\u00fcrlichen Umgebung jedes Jahr Tausende von Besuchern an.<\/p><h2>Qu\u2019est-ce que la Vall\u00e9e des Saints ?<\/h2><p>La Vall\u00e9e des Saints est un projet artistique et culturel ambitieux visant \u00e0 cr\u00e9er un \u201c\u00eele de P\u00e2ques bretonne\u201d avec des sculptures g\u00e9antes repr\u00e9sentant des saints bretons. Ces \u0153uvres d\u2019art monumentales sont \u00e9parpill\u00e9es sur une colline verdoyante offrant une vue panoramique spectaculaire.<\/p><h2>Geographische Lage<\/h2><p>La Vall\u00e9e des Saints se situe dans le petit village de Carno\u00ebt, dans le d\u00e9partement des C\u00f4tes-d\u2019Armor, en Bretagne. Perch\u00e9e sur une colline, elle offre une vue imprenable sur les paysages vallonn\u00e9s de la r\u00e9gion.<\/p><h2>Geschichte des Valley of the Saints<\/h2><p><strong>Das Projekt \"Vall\u00e9e des Saints\" wurde 2008 von Philippe Abjean<\/strong>Mit dem Ziel, das bretonische Kulturerbe durch monumentale Skulpturen zu feiern und zu bewahren. Seitdem wurden \u00fcber 150 Statuen aufgestellt, die jeweils einen anderen bretonischen Heiligen darstellen.<\/p><h2>Die Skulpturen im Tal der Heiligen<\/h2><h3>Verwendete Materialien<\/h3><p>Die Skulpturen sind haupts\u00e4chlich aus bretonischem Granit gefertigt, einem nachhaltigen Material, das f\u00fcr die Region typisch ist. Jede Skulptur ist zwischen 3 und 7 Meter hoch und manche wiegen mehrere Tonnen.<\/p><h3>Prozess der Erstellung<\/h3><p>Les sculptures sont cr\u00e9\u00e9es par des artistes locaux et internationaux. Le processus de cr\u00e9ation inclut des recherches historiques sur les saints, des dessins pr\u00e9paratoires, et la sculpture finale r\u00e9alis\u00e9e \u00e0 l\u2019aide d\u2019outils modernes et traditionnels.<\/p><h2>Besuchen Sie das Tal der Heiligen<\/h2><h2 class=\"\" data-sourcepos=\"1:1-1:48\">Das Tal der Heiligen : Praktische Informationen<\/h2><p data-sourcepos=\"3:1-3:9\"><strong>Zugang<\/strong><\/p><ul data-sourcepos=\"5:1-5:55\"><li data-sourcepos=\"5:1-5:55\">Adresse: La Vall\u00e9e des Saints, 22300 Carno\u00ebt, Frankreich<\/li><li data-sourcepos=\"6:1-6:28\">GPS: 48.462222, -3.344444<\/li><li data-sourcepos=\"7:1-8:5\">Mit dem Auto :<br \/><ul data-sourcepos=\"8:5-10:50\"><li data-sourcepos=\"8:5-8:42\">20 Minuten von Guingamp entfernt auf der D767<\/li><li data-sourcepos=\"9:5-9:50\">40 Minuten von Lannion entfernt \u00fcber die D6 und die D767<\/li><li data-sourcepos=\"10:5-10:50\">1h15 von Saint-Brieuc entfernt \u00fcber die N12 und die D767<\/li><\/ul><\/li><li data-sourcepos=\"11:1-14:0\">Mit \u00f6ffentlichen Verkehrsmitteln :<br \/><ul data-sourcepos=\"12:5-14:0\"><li data-sourcepos=\"12:5-12:82\">Regelm\u00e4\u00dfige Buslinien fahren von Guingamp und Lannion nach Carno\u00ebt.<\/li><li data-sourcepos=\"13:5-14:0\">Un arr\u00eat de bus se trouve \u00e0 proximit\u00e9 de l\u2019entr\u00e9e du site.<\/li><\/ul><\/li><\/ul><p data-sourcepos=\"15:1-15:10\"><strong>Tarife<\/strong><\/p><ul data-sourcepos=\"17:1-20:59\"><li data-sourcepos=\"17:1-17:14\">Freier Eintritt<\/li><li data-sourcepos=\"17:1-17:14\"><strong>Beitrag Parken : <\/strong>9 Euro \/ Fahrzeug und 3 Euro \/ Motorrad (<strong>Zahlung mit Kreditkarte nur bei der Abreise)<\/strong><\/li><\/ul><p data-sourcepos=\"23:1-23:24\"><strong>\u00d6ffnungszeiten<\/strong><\/p><ul data-sourcepos=\"25:1-27:0\"><li data-sourcepos=\"25:1-25:22\">Das ganze Jahr \u00fcber ge\u00f6ffnet<\/li><li>9.30-19.00 Uhr: Juli-August<\/li><li>9.30-18.00 Uhr: 29. bis 31. Mai, im Juni und September<\/li><li>10.00-17.30 Uhr: Oktober bis Mai<\/li><\/ul><p>La Vall\u00e9e des Saints est ouverte toute l\u2019ann\u00e9e. Il est conseill\u00e9 de porter des chaussures confortables pour explorer le site en raison du terrain vallonn\u00e9.<\/p><h2>Vall\u00e9e des Saints \u2013 Autres sites \u00e0 visiter aux alentours<\/h2><h3>Die Monts d'Arr\u00e9e<\/h3><p>Les Monts d\u2019Arr\u00e9e offrent des paysages sauvages et une nature pr\u00e9serv\u00e9e, id\u00e9ale pour la randonn\u00e9e et l\u2019observation de la faune et la flore locales.<\/p><h3>Das Schloss von Tr\u00e9varez<\/h3><p>Das Ch\u00e2teau de Tr\u00e9varez, ein pr\u00e4chtiges Geb\u00e4ude aus dem 19. Jahrhundert, ist von pr\u00e4chtigen G\u00e4rten umgeben und beherbergt regelm\u00e4\u00dfig Ausstellungen und kulturelle Veranstaltungen.<\/p><h3>Die Paroissial Enclos<\/h3><p>Die f\u00fcr die Region Bretagne typischen enclos paroissiaux sind religi\u00f6se architektonische Ensembles, die aus Kirchen, Beinh\u00e4usern und fein geschnitzten Kalvarienbergen bestehen.<\/p><h2>Veranstaltungen und Animationen<\/h2><p data-sourcepos=\"46:1-46:187\"><strong>La Vall\u00e9e des Saints propose des animations ponctuelles tout au long de l\u2019ann\u00e9e. Parmi ces animations, on peut citer :<\/strong><\/p><ul data-sourcepos=\"48:1-51:0\"><li data-sourcepos=\"48:1-48:46\">Des veill\u00e9es cont\u00e9es autour d\u2019un feu de camp<\/li><li data-sourcepos=\"49:1-49:47\">Demonstrationen von handwerklichem K\u00f6nnen<\/li><li data-sourcepos=\"50:1-51:0\">M\u00e4rkte mit lokalen Produkten<\/li><\/ul><h3>Lokale Festivals<\/h3><p>Le site accueille divers festivals tout au long de l\u2019ann\u00e9e, c\u00e9l\u00e9brant la culture bretonne, la musique, et les arts.<\/p><h3>Workshops und F\u00fchrungen<\/h3><p>Des ateliers de sculpture et des visites guid\u00e9es sont r\u00e9guli\u00e8rement organis\u00e9s, offrant une immersion profonde dans l\u2019art et l\u2019histoire des saints bretons.<\/p><h4>Preise f\u00fcr gef\u00fchrte Besichtigungen:<\/h4><ul><li>Voller Preis Erwachsene: 12,50\u20ac.<\/li><li>Tarif r\u00e9duit adultes sur pr\u00e9sentation d\u2019un justificatif\u00a0(\u00e9tudiants, en recherche d\u2019emploi, personnes handicap\u00e9es, 1 accompagnateur par personne handicap\u00e9e) : 6,50\u20ac<\/li><li>Erm\u00e4\u00dfigter Tarif 6 Jahre bis 18 Jahre: 5\u20ac.<\/li><li>Angeboten f\u00fcr Kinder von 0 bis 5 Jahren<\/li><li>Tarif Famille* : 30\u20ac\u00a0 (*2 x adultes plus leurs enfants 0\u00a0\u00e0 18\u00a0ans \u2013 max.5)<\/li><\/ul><h2>Kulturelle und touristische Auswirkungen<\/h2><h3>Lokale Auswirkungen<\/h3><p>Le projet a revitalis\u00e9 la r\u00e9gion, attirant des visiteurs du monde entier et contribuant \u00e0 la pr\u00e9servation de l\u2019identit\u00e9 culturelle bretonne.<\/p><h3>Wirtschaftliche Auswirkungen<\/h3><p>L\u2019afflux de touristes a \u00e9galement stimul\u00e9 l\u2019\u00e9conomie locale, avec des retomb\u00e9es positives pour les commerces et services de la r\u00e9gion.<\/p><h2>Wie kommt man dorthin?<\/h2><h3>Mit dem Auto<\/h3><p>La Vall\u00e9e ist mit dem Auto \u00fcber die D14 von Carhaix-Plouguer aus erreichbar. Kostenlose Parkpl\u00e4tze stehen vor Ort zur Verf\u00fcgung.<\/p><h3>Mit \u00f6ffentlichen Verkehrsmitteln<\/h3><p>Sie k\u00f6nnen Carhaix-Plouguer mit dem Zug oder Bus von den wichtigsten bretonischen St\u00e4dten aus erreichen und dann ein Taxi oder eine Mitfahrgelegenheit nehmen, um nach Carno\u00ebt zu gelangen.<\/p><h2>Tipps f\u00fcr Besucher<\/h2><h3>Beste Reisezeit<\/h3><p>La meilleure p\u00e9riode pour visiter le site est le printemps ou l\u2019\u00e9t\u00e9, lorsque le temps est cl\u00e9ment et que la nature environnante est en pleine floraison.<\/p><h3>Praktische Tipps<\/h3><p>Apportez de l\u2019eau, des collations et des v\u00eatements adapt\u00e9s \u00e0 la m\u00e9t\u00e9o. Pr\u00e9voyez au moins une demi-journ\u00e9e pour explorer le site en toute tranquillit\u00e9.<\/p><h2>Vall\u00e9e des Saints \u2013 FAQ<\/h2><p><strong>Qu\u2019est-ce que la Vall\u00e9e des Saints ?<\/strong> Il s\u2019agit d\u2019un site artistique en Bretagne, regroupant des sculptures monumentales de saints bretons.<\/p><p><strong>Wo befindet sich das Tal der Heiligen?<\/strong> Elle se situe \u00e0 Carno\u00ebt, dans les C\u00f4tes-d\u2019Armor, en Bretagne.<\/p><p><strong>Wie viele Skulpturen gibt es im Tal der Heiligen?<\/strong> Es gibt \u00fcber 150 Skulpturen, die jeweils einen anderen bretonischen Heiligen darstellen.<\/p><p><strong>Quelle est l\u2019entr\u00e9e pour la Vall\u00e9e des Saints ?<\/strong> L\u2019entr\u00e9e est gratuite, mais les dons sont encourag\u00e9s pour soutenir le projet.<\/p><p><strong>La Vall\u00e9e des Saints est-elle accessible toute l\u2019ann\u00e9e ?<\/strong> Oui, le site est ouvert toute l\u2019ann\u00e9e de 9h \u00e0 19h.<\/p><p><strong>Welche anderen Sehensw\u00fcrdigkeiten befinden sich in der N\u00e4he des Valley of the Saints?<\/strong> Les Monts d\u2019Arr\u00e9e, le Ch\u00e2teau de Tr\u00e9varez, et les enclos paroissiaux sont des sites \u00e0 ne pas manquer aux alentours.<\/p><h2>Vall\u00e9e des Saints \u2013 Conclusion<\/h2><p>Das Tal der Heiligen in der Bretagne ist <a href=\"https:\/\/www.lavalleedessaints.com\/\" target=\"_blank\" rel=\"noopener\">ein wahrer Kulturschatz<\/a> et artistique. Ce projet unique en son genre c\u00e9l\u00e8bre le patrimoine breton \u00e0 travers des sculptures monumentales, offrant aux visiteurs une exp\u00e9rience immersive et inoubliable. Que vous soyez amateur d\u2019art, passionn\u00e9 d\u2019histoire ou simplement \u00e0 la recherche d\u2019une escapade pittoresque, la Vall\u00e9e des Saints saura vous \u00e9merveiller par sa grandeur et sa beaut\u00e9.<\/p>\t\t\t\t\t\t\t\t<\/div>\n\t\t\t\t\t<\/div>\n\t\t\t\t<\/div>\n\t\t\t\t<\/div>","protected":false},"excerpt":{"rendered":"<p>Erfahren Sie mehr \u00fcber das Tal der Heiligen in der Bretagne, eine einzigartige St\u00e4tte monumentaler Skulpturen, seine Geschichte, die umliegenden Sehensw\u00fcrdigkeiten und praktische Informationen.<\/p>","protected":false},"author":1,"featured_media":39512,"comment_status":"closed","ping_status":"open","sticky":false,"template":"elementor_header_footer","format":"standard","meta":{"ngg_post_thumbnail":0,"footnotes":""},"categories":[1050,882],"tags":[723],"class_list":["post-39499","post","type-post","status-publish","format-standard","has-post-thumbnail","hentry","category-carnoet","category-cotes-darmor","tag-sculptures"],"_links":{"self":[{"href":"https:\/\/cparici.com\/de\/wp-json\/wp\/v2\/posts\/39499","targetHints":{"allow":["GET"]}}],"collection":[{"href":"https:\/\/cparici.com\/de\/wp-json\/wp\/v2\/posts"}],"about":[{"href":"https:\/\/cparici.com\/de\/wp-json\/wp\/v2\/types\/post"}],"author":[{"embeddable":true,"href":"https:\/\/cparici.com\/de\/wp-json\/wp\/v2\/users\/1"}],"replies":[{"embeddable":true,"href":"https:\/\/cparici.com\/de\/wp-json\/wp\/v2\/comments?post=39499"}],"version-history":[{"count":0,"href":"https:\/\/cparici.com\/de\/wp-json\/wp\/v2\/posts\/39499\/revisions"}],"wp:featuredmedia":[{"embeddable":true,"href":"https:\/\/cparici.com\/de\/wp-json\/wp\/v2\/media\/39512"}],"wp:attachment":[{"href":"https:\/\/cparici.com\/de\/wp-json\/wp\/v2\/media?parent=39499"}],"wp:term":[{"taxonomy":"category","embeddable":true,"href":"https:\/\/cparici.com\/de\/wp-json\/wp\/v2\/categories?post=39499"},{"taxonomy":"post_tag","embeddable":true,"href":"https:\/\/cparici.com\/de\/wp-json\/wp\/v2\/tags?post=39499"}],"curies":[{"name":"wp","href":"https:\/\/api.w.org\/{rel}","templated":true}]}}