{"id":40181,"date":"2024-07-06T22:24:30","date_gmt":"2024-07-06T20:24:30","guid":{"rendered":"https:\/\/cparici.com\/?p=40181"},"modified":"2026-02-23T17:25:47","modified_gmt":"2026-02-23T16:25:47","slug":"hotel-quimper","status":"publish","type":"post","link":"https:\/\/cparici.com\/de\/hotel-quimper\/","title":{"rendered":"Hotel Quimper: die besten Einrichtungen der Stadt"},"content":{"rendered":"\t\t<div data-elementor-type=\"wp-post\" data-elementor-id=\"40181\" class=\"elementor elementor-40181\" data-elementor-post-type=\"post\">\n\t\t\t\t<div class=\"elementor-element elementor-element-8493573 e-con-full e-flex e-con e-parent\" data-id=\"8493573\" data-element_type=\"container\" data-e-type=\"container\">\n\t\t\t\t<div class=\"elementor-element elementor-element-29a31f2 elementor-widget elementor-widget-image\" data-id=\"29a31f2\" data-element_type=\"widget\" data-e-type=\"widget\" data-widget_type=\"image.default\">\n\t\t\t\t\t\t\t\t\t\t\t\t\t\t\t<img decoding=\"async\" width=\"1455\" height=\"531\" src=\"https:\/\/cparici.com\/wp-content\/uploads\/2024\/07\/hotel-quimper.jpg\" class=\"attachment-full size-full wp-image-40182\" alt=\"hotel quimper\" srcset=\"https:\/\/cparici.com\/wp-content\/uploads\/2024\/07\/hotel-quimper.jpg 1455w, https:\/\/cparici.com\/wp-content\/uploads\/2024\/07\/hotel-quimper-600x219.jpg 600w, https:\/\/cparici.com\/wp-content\/uploads\/2024\/07\/hotel-quimper-300x109.jpg 300w, https:\/\/cparici.com\/wp-content\/uploads\/2024\/07\/hotel-quimper-1024x374.jpg 1024w, https:\/\/cparici.com\/wp-content\/uploads\/2024\/07\/hotel-quimper-768x280.jpg 768w\" sizes=\"(max-width: 1455px) 100vw, 1455px\" \/>\t\t\t\t\t\t\t\t\t\t\t\t\t\t\t<\/div>\n\t\t\t\t<\/div>\n\t\t<div class=\"elementor-element elementor-element-50c6920 e-flex e-con-boxed e-con e-parent\" data-id=\"50c6920\" data-element_type=\"container\" data-e-type=\"container\">\n\t\t\t\t\t<div class=\"e-con-inner\">\n\t\t\t\t<div class=\"elementor-element elementor-element-a925f18 elementor-widget elementor-widget-global elementor-global-62046 elementor-widget-eael-advanced-search\" data-id=\"a925f18\" data-element_type=\"widget\" data-e-type=\"widget\" data-widget_type=\"eael-advanced-search.default\">\n\t\t\t\t\t        <div class=\"eael-adv-search-wrapper\">\n            <div id=\"eael-advanced-search-widget-a925f18\" class=\"eael-advanced-search-widget\">\n                <form data-settings=\"{&quot;post_per_page&quot;:5,&quot;search_among_taxonomies&quot;:&quot;&quot;,&quot;search_among_sku&quot;:&quot;no&quot;,&quot;show_popular_keyword&quot;:0,&quot;show_category&quot;:0,&quot;show_content_image&quot;:1,&quot;show_search_result_all_results&quot;:0,&quot;result_on_new_tab&quot;:&quot;no&quot;,&quot;show_product_price&quot;:&quot;no&quot;,&quot;include_current_page&quot;:&quot;no&quot;,&quot;current_post_id&quot;:40181,&quot;post_type&quot;:[&quot;post&quot;,&quot;listing&quot;]}\" method=\"POST\" name=\"eael-advanced-search-form-a925f18\" class=\"eael-advanced-search-form eael-advanced-search-form-style-2\">\n                    <div class=\"eael-advanced-search-wrap\">\n                        <span class=\"eael-adv-search-loader\"><\/span>\n                        <span class=\"eael-adv-search-close\"><i class=\"fas fa-times\"><\/i><\/span>\n                        <span class=\"icon \"><i class=\"fas fa-search\"><\/i><\/span>\n\n                        <input type=\"text\"\n                               placeholder=\"Votre destination\"\n                               class=\"eael-advanced-search\" autocomplete=\"off\" name=\"eael_advanced_search\">\n                    <\/div>\n\t\t\t\t\t                                    <\/form>\n\n\t\t\t\t\n\t\t\t\t        <div class=\"eael-advanced-search-result\">\n            <div class=\"eael-advanced-search-popular-keyword\">\n\t\t\t\t<h4 class=\"eael-advanced-search-popular-keyword-text\">Recherches populaires<\/h4>                <div class=\"eael-popular-keyword-content\"><\/div>\n            <\/div>\n            <div class=\"eael-advanced-search-category\">\n\t\t\t\t<h4 class=\"eael-advanced-search-category-text\">Categories<\/h4>                <div class=\"eael-popular-category-content\"><\/div>\n            <\/div>\n\t\t\t<div class=\"eael-advanced-search-total-results-section\">\n\t\t\t\t\t\t\t<\/div>\n            <div class=\"eael-advanced-search-content eael-item-style-3\">\n            <\/div>\n            <div class=\"eael-advanced-search-not-found\">\n                <p>Pas de r\u00e9sultats<\/p><\/div>\n            <div class=\"eael-advanced-search-load-more\">\n\t\t\t\t<a \tclass=\"eael-advanced-search-load-more-button\"\n                \thref=\"#\">Voir tous les r\u00e9sultats<\/a>\n            <\/div>\n        <\/div>\n\n\t\t            <\/div>\n        <\/div>\n\n\t\t\t\t\t\t<\/div>\n\t\t\t\t\t<\/div>\n\t\t\t\t<\/div>\n\t\t<div class=\"elementor-element elementor-element-7e83c2e2 e-flex e-con-boxed e-con e-parent\" data-id=\"7e83c2e2\" data-element_type=\"container\" data-e-type=\"container\">\n\t\t\t\t\t<div class=\"e-con-inner\">\n\t\t\t\t<div class=\"elementor-element elementor-element-4c4bb5a7 elementor-widget elementor-widget-text-editor\" data-id=\"4c4bb5a7\" data-element_type=\"widget\" data-e-type=\"widget\" data-widget_type=\"text-editor.default\">\n\t\t\t\t\t\t\t\t\t<h1 style=\"text-align: center;\"><span style=\"font-size: 18pt;\">H\u00f4tel \u00e0 quimper, guide complet des meilleurs options<\/span><\/h1><p>Quimper, <a href=\"https:\/\/cparici.com\/fr\/visiter-quimper-top-des-lieux-incontournables-et-secrets\/\">ville d\u2019art et d\u2019histoire<\/a>, offre une multitude d\u2019h\u00e9bergements adapt\u00e9s \u00e0 tous les go\u00fbts et budgets. Que vous recherchiez un h\u00f4tel de luxe, un \u00e9tablissement avec spa, piscine, ou proche d\u2019un golf, vous trouverez votre bonheur dans cette charmante ville bretonne. Cet article intitul\u00e9 \u2018<strong>hotel quimper<\/strong>\u2018 vous pr\u00e9sente les meilleurs h\u00f4tels de Quimper, leurs prestations, tarifs et bien plus encore.<\/p>\t\t\t\t\t\t\t\t<\/div>\n\t\t\t\t\t<\/div>\n\t\t\t\t<\/div>\n\t\t<aside class=\"elementor-element elementor-element-131cfeea e-flex e-con-boxed e-con e-parent\" data-id=\"131cfeea\" data-element_type=\"container\" data-e-type=\"container\" data-settings=\"{&quot;background_background&quot;:&quot;classic&quot;}\">\n\t\t\t\t\t<div class=\"e-con-inner\">\n\t\t\t\t<div class=\"elementor-element elementor-element-2ca14e4 elementor-widget elementor-widget-spacer\" data-id=\"2ca14e4\" data-element_type=\"widget\" data-e-type=\"widget\" data-widget_type=\"spacer.default\">\n\t\t\t\t\t\t\t<div class=\"elementor-spacer\">\n\t\t\t<div class=\"elementor-spacer-inner\"><\/div>\n\t\t<\/div>\n\t\t\t\t\t\t<\/div>\n\t\t\t\t<div class=\"elementor-element elementor-element-53892b87 elementor-widget elementor-widget-heading\" data-id=\"53892b87\" data-element_type=\"widget\" data-e-type=\"widget\" data-widget_type=\"heading.default\">\n\t\t\t\t\t<h2 class=\"elementor-heading-title elementor-size-default\">H\u00e9bergements de Vacances Quimper en direct<\/h2>\t\t\t\t<\/div>\n\t\t\t\t<div class=\"elementor-element elementor-element-26320e7 elementor-widget elementor-widget-listeo-listings-carousel\" data-id=\"26320e7\" data-element_type=\"widget\" data-e-type=\"widget\" data-widget_type=\"listeo-listings-carousel.default\">\n\t\t\t\t<div class=\"elementor-widget-container\">\n\t\t\t\t\t        <!-- Carousel \/ Start -->\n        \t<div class=\"simple-slick-carousel dots-nav\" data-slick='{&quot;autoplay&quot;:true,&quot;autoplaySpeed&quot;:3000,&quot;slidesToShow&quot;:3,&quot;slidesToScroll&quot;:1,&quot;responsive&quot;:[{&quot;breakpoint&quot;:1024,&quot;settings&quot;:{&quot;slidesToShow&quot;:2,&quot;slidesToScroll&quot;:1}},{&quot;breakpoint&quot;:768,&quot;settings&quot;:{&quot;slidesToShow&quot;:1,&quot;slidesToScroll&quot;:1}}]}'>\n                            <div class=\"fw-carousel-item\">                    \n                        <!-- Listing Item -->\r\n            <div class=\"col-lg-6 col-md-12\">\r\n                <a href=\"https:\/\/cparici.com\/de\/annonce\/l-appart-quimperois\/\" class=\"listing-item-container listing-geo-data compact\" data-title=\"L\u2019 Appart Quimp\u00e9rois\" data-listing-type=\"rental\" data-classifieds-price=\"\u20ac\" data-friendly-address=\"Quimper, France\" data-address=\"Quimper, France\" data-image=\"https:\/\/cparici.com\/wp-content\/uploads\/2025\/10\/IMG_2378-520x397.jpeg\" data-longitude=\"-4.0996181\" data-latitude=\"48.0000428\" data-rating=\"0\" data-reviews=\"0\" data-icon=\"<svg xmlns=&quot;http:\/\/www.w3.org\/2000\/svg&quot; width=&quot;800px&quot; height=&quot;800px&quot; viewBox=&quot;0 0 45 45&quot; fill=&quot;none&quot;>\n<path d=&quot;M24.155 8.78099L24.33 8.94499L37.402 21.787L36 23.213L34.2 21.445L34.201 35C34.201 36.054 33.385 36.918 32.35 36.994L32.201 37H12.201C11.147 37 10.283 36.184 10.206 35.149L10.201 35L10.2 21.446L8.402 23.213L7 21.787L20.058 8.95799C21.171 7.82199 22.966 7.75899 24.155 8.78099ZM21.569 10.285L21.473 10.372L12.2 19.481L12.201 35L17.2 34.999L17.201 25C17.201 23.946 18.017 23.082 19.052 23.005L19.201 23H25.201C26.255 23 27.119 23.816 27.196 24.851L27.201 25L27.2 34.999L32.201 35L32.2 19.48L22.901 10.344C22.537 9.98699 21.969 9.96499 21.569 10.285ZM25.201 25H19.201L19.2 34.999H25.2L25.201 25Z&quot; fill=&quot;#3C3C3C&quot;\/>\n<\/svg>\">\r\n            <div class=\"listing-item  featured-listing\">\r\n                <div class=\"listing-small-badges-container\">\r\n                                            <div class=\"listing-small-badge featured-badge\"><i class=\"fa fa-star\"><\/i> Featured<\/div>\r\n                                                                <div class=\"listing-small-badge pricing-badge\"><i class=\"fa fa-tag\"><\/i>85,00\u20ac - 140,00\u20ac<\/div>\r\n                                                            \r\n                                        \r\n                                        \r\n                <\/div>\r\n                <img decoding=\"async\" src=\"https:\/\/cparici.com\/wp-content\/uploads\/2025\/10\/IMG_2378-520x397.jpeg\" alt=\"L\u2019 Appart Quimp\u00e9rois\" class=\"listing-thumbnail\">\r\n                \r\n\r\n                <div class=\"listing-item-content\">\r\n                    \r\n                    <h3> L\u2019 Appart Quimp\u00e9rois <\/h3>\r\n                    <span>Quimper, France<\/span>\r\n                <\/div>\r\n                                        <span class=\"save like-icon tooltip left\" title=\"Login To Bookmark Items\"><\/span>\r\n                                                <\/div>\r\n        <\/a>\r\n                    <\/div>\r\n        \r\n\r\n        <!-- Listing Item \/ End -->\n                    <\/div>\n                          <\/div>\n        \t\t\t\t<\/div>\n\t\t\t\t<\/div>\n\t\t\t\t\t<\/div>\n\t\t\t\t<\/aside>\n\t\t<div class=\"elementor-element elementor-element-3cf07bf e-flex e-con-boxed e-con e-parent\" data-id=\"3cf07bf\" data-element_type=\"container\" data-e-type=\"container\">\n\t\t\t\t\t<div class=\"e-con-inner\">\n\t\t\t\t<div class=\"elementor-element elementor-element-f90b64d elementor-widget elementor-widget-text-editor\" data-id=\"f90b64d\" data-element_type=\"widget\" data-e-type=\"widget\" data-widget_type=\"text-editor.default\">\n\t\t\t\t\t\t\t\t\t<h2><span style=\"font-size: 18pt;\">Hotel quimper \u2013 Les Meilleurs \u00e9tablissements \u00e0 Quimper et aux alentours<\/span><\/h2><h3>H\u00f4tel de la Gare<\/h3><p>Situ\u00e9 \u00e0 proximit\u00e9 de la gare, l\u2019H\u00f4tel de la Gare est id\u00e9al pour les voyageurs d\u2019affaires et de loisirs. Il propose des chambres confortables et modernes, un service de restauration et un acc\u00e8s facile aux principales attractions de la ville.<\/p><h3>H\u00f4tel Kregenn<\/h3><p>Cet h\u00f4tel quatre \u00e9toiles se distingue par son charme et son \u00e9l\u00e9gance. L\u2019H\u00f4tel Kregenn propose des chambres spacieuses et bien \u00e9quip\u00e9es, un jardin paisible et un service de haute qualit\u00e9. C\u2019est l\u2019endroit parfait pour un s\u00e9jour romantique ou un voyage en famille.<\/p><h3>Best Western Kicenn<\/h3><p>Le Best Western Kicenn offre un excellent rapport qualit\u00e9-prix avec des chambres modernes et un service impeccable. Cet h\u00f4tel est particuli\u00e8rement appr\u00e9ci\u00e9 pour son emplacement central, permettant de d\u00e9couvrir Quimper \u00e0 pied.<\/p><h2>\u00a0<\/h2>\t\t\t\t\t\t\t\t<\/div>\n\t\t\t\t\t<\/div>\n\t\t\t\t<\/div>\n\t\t<div class=\"elementor-element elementor-element-30af7f5 e-flex e-con-boxed e-con e-parent\" data-id=\"30af7f5\" data-element_type=\"container\" data-e-type=\"container\">\n\t\t\t\t\t<div class=\"e-con-inner\">\n\t\t\t\t<div class=\"elementor-element elementor-element-314ef2c elementor-widget elementor-widget-text-editor\" data-id=\"314ef2c\" data-element_type=\"widget\" data-e-type=\"widget\" data-widget_type=\"text-editor.default\">\n\t\t\t\t\t\t\t\t\t<h2><span style=\"font-size: 18pt;\">H\u00f4tels avec Spa<\/span><\/h2><h3>Oceania Quimper<\/h3><p>L\u2019Oceania Quimper dispose d\u2019un spa complet avec sauna, hammam et salle de fitness. Apr\u00e8s une journ\u00e9e de visite, vous pourrez vous d\u00e9tendre et profiter des soins propos\u00e9s par l\u2019\u00e9tablissement.<\/p><h3>H\u00f4tel Gradlon<\/h3><p>L\u2019H\u00f4tel Gradlon, situ\u00e9 en plein c\u0153ur de la ville, offre \u00e9galement un espace bien-\u00eatre avec des massages et des soins du corps. Cet h\u00f4tel est parfait pour ceux qui cherchent \u00e0 allier confort et relaxation.<\/p><h2><span style=\"font-size: 18pt;\">H\u00f4tels avec Piscine<\/span><\/h2><h3>Manoir des Indes<\/h3><p>Le Manoir des Indes est un \u00e9tablissement de charme avec une grande piscine int\u00e9rieure. Cet h\u00f4tel offre une exp\u00e9rience unique gr\u00e2ce \u00e0 son ambiance historique et ses prestations haut de gamme. (H\u00f4tel 4 \u00e9toiles): H\u00f4tel de luxe avec chambres et suites paisibles, piscine en sous-sol, Wi-Fi gratuit et spa.<\/p><h3>H\u00f4tel Escale Oceania<\/h3><p>L\u2019H\u00f4tel Escale Oceania propose une piscine ext\u00e9rieure id\u00e9ale pour se rafra\u00eechir durant les mois d\u2019\u00e9t\u00e9. L\u2019\u00e9tablissement dispose \u00e9galement de chambres confortables et d\u2019un service de restauration. (H\u00f4tel de tourisme 3 \u00e9toiles): Chambres et suites chaleureuses dans h\u00f4tel moderne avec bar \u00e0 la r\u00e9ception et restaurant ouvert en semaine<\/p><h2><span style=\"font-size: 18pt;\">H\u00f4tels Proches d\u2019un Golf<\/span><\/h2><h3>H\u00f4tel l\u2019Or\u00e9e du Bois<\/h3><p>Situ\u00e9 \u00e0 quelques kilom\u00e8tres de Quimper, l\u2019H\u00f4tel l\u2019Or\u00e9e du Bois est parfait pour les amateurs de golf. L\u2019\u00e9tablissement offre des forfaits sp\u00e9ciaux incluant l\u2019acc\u00e8s au parcours de golf voisin.<\/p><h3>H\u00f4tel du Golf de l\u2019Odet<\/h3><p>L\u2019H\u00f4tel du Golf de l\u2019Odet, situ\u00e9 \u00e0 proximit\u00e9 du c\u00e9l\u00e8bre golf de l\u2019Odet, propose des chambres confortables et une vue imprenable sur le parcours. Cet h\u00f4tel est id\u00e9al pour combiner s\u00e9jour d\u00e9tente et sport.<\/p><h2><span style=\"font-size: 18pt;\">Hotel quimper \u2013 Tarifs et Prestations<\/span><\/h2><p>Les tarifs des h\u00f4tels \u00e0 Quimper varient en fonction de la saison, de l\u2019emplacement et des prestations offertes. Voici un aper\u00e7u des diff\u00e9rentes gammes de prix :<\/p><h3>H\u00f4tels \u00c9conomiques<\/h3><p>Pour les petits budgets, les h\u00f4tels \u00e9conomiques proposent des tarifs \u00e0 partir de 50 \u20ac par nuit. Ces \u00e9tablissements offrent des services de base, mais garantissent un bon confort pour les voyageurs de passage.<\/p><h3>H\u00f4tels de Milieu de Gamme<\/h3><p>Les h\u00f4tels de milieu de gamme, avec des tarifs entre 80 \u20ac et 150 \u20ac par nuit, offrent des prestations sup\u00e9rieures, incluant souvent le petit d\u00e9jeuner, le Wi-Fi gratuit, et des chambres plus spacieuses.<\/p><h3>H\u00f4tels Haut de Gamme<\/h3><p>Pour ceux qui recherchent le luxe, les h\u00f4tels haut de gamme proposent des chambres \u00e0 partir de 200 \u20ac par nuit. Ces \u00e9tablissements offrent des services exclusifs, comme des spas, des piscines, et des restaurants gastronomiques.<\/p><h2><span style=\"font-size: 18pt;\">Hotel quimper \u2013 FAQ<\/span><\/h2><p><strong>Quels sont les meilleurs h\u00f4tels \u00e0 Quimper ?<\/strong> Les meilleurs h\u00f4tels \u00e0 Quimper incluent l\u2019H\u00f4tel de la Gare, l\u2019H\u00f4tel Kregenn et le Best Western Kicenn.<\/p><p><strong>Y a-t-il des h\u00f4tels avec spa \u00e0 Quimper ?<\/strong> Oui, des h\u00f4tels comme l\u2019Oceania Quimper et l\u2019H\u00f4tel Gradlon proposent des services de spa.<\/p><p><strong>Quels h\u00f4tels \u00e0 Quimper disposent d\u2019une piscine ?<\/strong> Le Manoir des Indes et l\u2019H\u00f4tel Escale Oceania disposent de piscines pour leurs clients.<\/p><p><strong>Existe-t-il des h\u00f4tels proches d\u2019un golf \u00e0 Quimper ?<\/strong> Oui, l\u2019H\u00f4tel l\u2019Or\u00e9e du Bois et l\u2019H\u00f4tel du Golf de l\u2019Odet sont situ\u00e9s \u00e0 proximit\u00e9 de parcours de golf.<\/p><p><strong>Quels sont les tarifs des h\u00f4tels \u00e0 Quimper ?<\/strong> Les tarifs varient de 50 \u20ac \u00e0 plus de 200 \u20ac par nuit, selon l\u2019\u00e9tablissement et les prestations offertes.<\/p><p><strong>Quel h\u00f4tel choisir pour un s\u00e9jour romantique \u00e0 Quimper ?<\/strong> L\u2019H\u00f4tel Kregenn et le Manoir des Indes sont parfaits pour un s\u00e9jour romantique gr\u00e2ce \u00e0 leur cadre \u00e9l\u00e9gant et leurs prestations haut de gamme.<\/p><h2><span style=\"font-size: 18pt;\">Hotel quimper \u2013 Conclusion<\/span><\/h2><p>Quimper offre une gamme diversifi\u00e9e d\u2019h\u00e9bergements pour r\u00e9pondre \u00e0 tous les besoins et budgets. Que vous cherchiez un h\u00f4tel de luxe, un \u00e9tablissement avec spa, piscine, ou proche d\u2019un golf, vous trouverez <a href=\"https:\/\/www.quimper.bzh\/\" target=\"_blank\" rel=\"noopener\">l\u2019endroit id\u00e9al<\/a> pour passer un s\u00e9jour m\u00e9morable dans cette magnifique ville bretonne. N\u2019h\u00e9sitez pas \u00e0 r\u00e9server \u00e0 l\u2019avance pour profiter des meilleures offres et d\u00e9couvrir tout ce que Quimper a \u00e0 offrir.<\/p>\t\t\t\t\t\t\t\t<\/div>\n\t\t\t\t\t<\/div>\n\t\t\t\t<\/div>\n\t\t<div class=\"elementor-element elementor-element-3cac4647 e-flex e-con-boxed e-con e-parent\" data-id=\"3cac4647\" data-element_type=\"container\" data-e-type=\"container\">\n\t\t\t\t\t<div class=\"e-con-inner\">\n\t\t<div class=\"elementor-element elementor-element-b12561b e-con-full e-flex e-con e-child\" data-id=\"b12561b\" data-element_type=\"container\" data-e-type=\"container\">\n\t\t\t\t<div class=\"elementor-element elementor-element-29d72b10 elementor-widget elementor-widget-text-editor\" data-id=\"29d72b10\" data-element_type=\"widget\" data-e-type=\"widget\" data-widget_type=\"text-editor.default\">\n\t\t\t\t\t\t\t\t\t<p>Cet article a \u00e9t\u00e9 r\u00e9dig\u00e9 par Alex Arts,\u00a0<a href=\"https:\/\/alexantoine-photos.weebly.com\/\" target=\"_blank\" rel=\"noopener\">photographe<\/a>,\u00a0<a href=\"https:\/\/www.linkedin.com\/in\/alex-b-arts\/\" target=\"_blank\" rel=\"noopener\">cr\u00e9ateur de contenu<\/a>, et guide local.<\/p>\t\t\t\t\t\t\t\t<\/div>\n\t\t\t\t<div class=\"elementor-element elementor-element-4b5c5a28 elementor-widget elementor-widget-author-box\" data-id=\"4b5c5a28\" data-element_type=\"widget\" data-e-type=\"widget\" data-widget_type=\"author-box.default\">\n\t\t\t\t\t\t\t<div class=\"elementor-author-box\">\n\t\t\t\t\t\t\t<a href=\"https:\/\/www.linkedin.com\/in\/alex-b-arts\/\" class=\"elementor-author-box__avatar\" target=\"_blank\" rel=\"noopener\">\n\t\t\t\t\t<img decoding=\"async\" src=\"https:\/\/cparici.com\/wp-content\/uploads\/2024\/09\/photo-alex-arts-300x300.jpeg\" alt=\"Bild von Alex Arts\" loading=\"lazy\">\n\t\t\t\t<\/a>\n\t\t\t\n\t\t\t<div class=\"elementor-author-box__text\">\n\t\t\t\t\t\t\t\t\t<a href=\"https:\/\/www.linkedin.com\/in\/alex-b-arts\/\" target=\"_blank\" rel=\"noopener\">\n\t\t\t\t\t\t<h4 class=\"elementor-author-box__name\">\n\t\t\t\t\t\t\tAlex Arts\t\t\t\t\t\t<\/h4>\n\t\t\t\t\t<\/a>\n\t\t\t\t\n\t\t\t\t\t\t\t\t\t<div class=\"elementor-author-box__bio\">\n\t\t\t\t\t\t<p>Photographe, cr\u00e9ateur de contenu et local guide<\/p>\n\t\t\t\t\t<\/div>\n\t\t\t\t\n\t\t\t\t\t\t\t<\/div>\n\t\t<\/div>\n\t\t\t\t\t\t<\/div>\n\t\t\t\t<\/div>\n\t\t\t\t\t<\/div>\n\t\t\t\t<\/div>\n\t\t<div class=\"elementor-element elementor-element-150da9c e-flex e-con-boxed e-con e-parent\" data-id=\"150da9c\" data-element_type=\"container\" data-e-type=\"container\">\n\t\t\t\t\t<div class=\"e-con-inner\">\n\t\t\t\t<div class=\"elementor-element elementor-element-da41280 elementor-widget elementor-widget-listeo-posts-grid\" data-id=\"da41280\" data-element_type=\"widget\" data-e-type=\"widget\" data-widget_type=\"listeo-posts-grid.default\">\n\t\t\t\t<div class=\"elementor-widget-container\">\n\t\t\t\t\t\t\t\n\t\t<div class=\"listeo-post-grid-wrapper\">\n\t\t\t<div class=\"row\">\n\n\t\t\t\n\n\t\t\t\t\t\t\t<div class=\"col-md-4\">\n                <a href=\"https:\/\/cparici.com\/de\/kerascoet-les-chaumieres-de-kerascoet-a-nevez-en-finistere\/\" class=\"blog-compact-item-container\">\n                    <div class=\"blog-compact-item\">\n                        <img decoding=\"async\" width=\"577\" height=\"143\" src=\"https:\/\/cparici.com\/wp-content\/uploads\/2022\/09\/chaumieres-villages-de-chaumieres-en-bretagne-banniere-1.jpg\" class=\"attachment-listeo-blog-related-post size-listeo-blog-related-post wp-post-image\" alt=\"Kerasco\u00ebt - les chaumi\u00e8res de Kerascoet \u00e0 N\u00e9vez en Finist\u00e8re\" srcset=\"https:\/\/cparici.com\/wp-content\/uploads\/2022\/09\/chaumieres-villages-de-chaumieres-en-bretagne-banniere-1.jpg 1520w, https:\/\/cparici.com\/wp-content\/uploads\/2022\/09\/chaumieres-villages-de-chaumieres-en-bretagne-banniere-1-600x148.jpg 600w, https:\/\/cparici.com\/wp-content\/uploads\/2022\/09\/chaumieres-villages-de-chaumieres-en-bretagne-banniere-1-768x189.jpg 768w\" sizes=\"(max-width: 577px) 100vw, 577px\" \/><span class=\"blog-item-tag\">Architecture<\/span>                        \n                        <div class=\"blog-compact-item-content\">\n                                                        <h3>Kerasco\u00ebt \u2013 les chaumi\u00e8res de Kerascoet \u00e0 N\u00e9vez en Finist\u00e8re<\/h3>\n                                                        <p>Kerasco\u00ebt - les chaumi\u00e8res de Kerascoet \u00e0 N\u00e9vez en Finist\u00e8re, d\u00e9couvrez les maisons typiques recouvertes...                            <\/p>\n                                                    <\/div>\n                    <\/div>\n                <\/a>\n            <\/div>\n\t\t\t<div class=\"col-md-4\">\n                <a href=\"https:\/\/cparici.com\/de\/les-vieilles-charrues-festival\/\" class=\"blog-compact-item-container\">\n                    <div class=\"blog-compact-item\">\n                        <img decoding=\"async\" width=\"577\" height=\"204\" src=\"https:\/\/cparici.com\/wp-content\/uploads\/2024\/08\/Vieilles-Charrues-Festival.jpg\" class=\"attachment-listeo-blog-related-post size-listeo-blog-related-post wp-post-image\" alt=\"Vieilles Charrues Festival\" srcset=\"https:\/\/cparici.com\/wp-content\/uploads\/2024\/08\/Vieilles-Charrues-Festival.jpg 1500w, https:\/\/cparici.com\/wp-content\/uploads\/2024\/08\/Vieilles-Charrues-Festival-600x212.jpg 600w, https:\/\/cparici.com\/wp-content\/uploads\/2024\/08\/Vieilles-Charrues-Festival-300x106.jpg 300w, https:\/\/cparici.com\/wp-content\/uploads\/2024\/08\/Vieilles-Charrues-Festival-1024x362.jpg 1024w, https:\/\/cparici.com\/wp-content\/uploads\/2024\/08\/Vieilles-Charrues-Festival-768x271.jpg 768w\" sizes=\"(max-width: 577px) 100vw, 577px\" \/><span class=\"blog-item-tag\">Bretagne<\/span>                        \n                        <div class=\"blog-compact-item-content\">\n                                                        <h3>Les Vieilles Charrues \u2013 Le Festival Incontournable de Bretagne<\/h3>\n                                                        <p>Explorez l'histoire, les stars, les infos pratiques, le logement, et les tarifs du festival Les...                            <\/p>\n                                                    <\/div>\n                    <\/div>\n                <\/a>\n            <\/div>\n\t\t\t<div class=\"col-md-4\">\n                <a href=\"https:\/\/cparici.com\/de\/meneham\/\" class=\"blog-compact-item-container\">\n                    <div class=\"blog-compact-item\">\n                        <img decoding=\"async\" width=\"577\" height=\"204\" src=\"https:\/\/cparici.com\/wp-content\/uploads\/2025\/07\/cparici-42-577x204.jpg\" class=\"attachment-listeo-blog-related-post size-listeo-blog-related-post wp-post-image\" alt=\"Meneham\" srcset=\"https:\/\/cparici.com\/wp-content\/uploads\/2025\/07\/cparici-42-577x204.jpg 577w, https:\/\/cparici.com\/wp-content\/uploads\/2025\/07\/cparici-42-300x106.jpg 300w, https:\/\/cparici.com\/wp-content\/uploads\/2025\/07\/cparici-42-1024x362.jpg 1024w, https:\/\/cparici.com\/wp-content\/uploads\/2025\/07\/cparici-42-768x271.jpg 768w, https:\/\/cparici.com\/wp-content\/uploads\/2025\/07\/cparici-42-18x6.jpg 18w, https:\/\/cparici.com\/wp-content\/uploads\/2025\/07\/cparici-42-590x208.jpg 590w, https:\/\/cparici.com\/wp-content\/uploads\/2025\/07\/cparici-42-1200x424.jpg 1200w, https:\/\/cparici.com\/wp-content\/uploads\/2025\/07\/cparici-42-600x212.jpg 600w, https:\/\/cparici.com\/wp-content\/uploads\/2025\/07\/cparici-42.jpg 1500w\" sizes=\"(max-width: 577px) 100vw, 577px\" \/><span class=\"blog-item-tag\">Bretagne<\/span>                        \n                        <div class=\"blog-compact-item-content\">\n                                                        <h3>Meneham un joyau de Bretagne<\/h3>\n                                                        <p>Recherches populaires Categories Pas de r\u00e9sultats Voir tous les r\u00e9sultats MENEHAM : un joyau de...                            <\/p>\n                                                    <\/div>\n                    <\/div>\n                <\/a>\n            <\/div>\n  <\/div>\n        <\/div>\n        \t\t\t\t<\/div>\n\t\t\t\t<\/div>\n\t\t\t\t\t<\/div>\n\t\t\t\t<\/div>\n\t\t\t\t<\/div>\n\t\t","protected":false},"excerpt":{"rendered":"<p>Finden Sie die besten Hotels in Quimper. Informationen zu den Einrichtungen, Preisen, Leistungen, Wellnesshotels, Schwimmb\u00e4dern und Golfpl\u00e4tzen f\u00fcr einen unvergesslichen Aufenthalt.<\/p>","protected":false},"author":1,"featured_media":40182,"comment_status":"closed","ping_status":"open","sticky":false,"template":"","format":"standard","meta":{"ngg_post_thumbnail":0,"footnotes":""},"categories":[1075,478,479,477],"tags":[906],"class_list":["post-40181","post","type-post","status-publish","format-standard","has-post-thumbnail","hentry","category-quimper-finistere","category-bretagne","category-finistere","category-france","tag-ville"],"_links":{"self":[{"href":"https:\/\/cparici.com\/de\/wp-json\/wp\/v2\/posts\/40181","targetHints":{"allow":["GET"]}}],"collection":[{"href":"https:\/\/cparici.com\/de\/wp-json\/wp\/v2\/posts"}],"about":[{"href":"https:\/\/cparici.com\/de\/wp-json\/wp\/v2\/types\/post"}],"author":[{"embeddable":true,"href":"https:\/\/cparici.com\/de\/wp-json\/wp\/v2\/users\/1"}],"replies":[{"embeddable":true,"href":"https:\/\/cparici.com\/de\/wp-json\/wp\/v2\/comments?post=40181"}],"version-history":[{"count":0,"href":"https:\/\/cparici.com\/de\/wp-json\/wp\/v2\/posts\/40181\/revisions"}],"wp:featuredmedia":[{"embeddable":true,"href":"https:\/\/cparici.com\/de\/wp-json\/wp\/v2\/media\/40182"}],"wp:attachment":[{"href":"https:\/\/cparici.com\/de\/wp-json\/wp\/v2\/media?parent=40181"}],"wp:term":[{"taxonomy":"category","embeddable":true,"href":"https:\/\/cparici.com\/de\/wp-json\/wp\/v2\/categories?post=40181"},{"taxonomy":"post_tag","embeddable":true,"href":"https:\/\/cparici.com\/de\/wp-json\/wp\/v2\/tags?post=40181"}],"curies":[{"name":"wp","href":"https:\/\/api.w.org\/{rel}","templated":true}]}}