{"id":40196,"date":"2024-07-07T09:13:39","date_gmt":"2024-07-07T07:13:39","guid":{"rendered":"https:\/\/cparici.com\/?p=40196"},"modified":"2025-07-07T11:46:27","modified_gmt":"2025-07-07T09:46:27","slug":"venen-umfassender-leitfaden","status":"publish","type":"post","link":"https:\/\/cparici.com\/de\/vannes-guide-complet\/","title":{"rendered":"Vannes: Ein umfassender Reisef\u00fchrer zur Erkundung seiner Reize"},"content":{"rendered":"\t\t<div data-elementor-type=\"wp-post\" data-elementor-id=\"40196\" class=\"elementor elementor-40196\" data-elementor-post-type=\"post\">\n\t\t\t\t<div class=\"elementor-element elementor-element-45ba29e e-con-full e-flex e-con e-parent\" data-id=\"45ba29e\" data-element_type=\"container\" data-e-type=\"container\">\n\t\t\t\t<div class=\"elementor-element elementor-element-62a882e elementor-widget elementor-widget-image\" data-id=\"62a882e\" data-element_type=\"widget\" data-e-type=\"widget\" data-widget_type=\"image.default\">\n\t\t\t\t\t\t\t\t\t\t\t\t\t\t\t<img decoding=\"async\" width=\"1440\" height=\"530\" src=\"https:\/\/cparici.com\/wp-content\/uploads\/2024\/07\/Vannes.jpg\" class=\"attachment-full size-full wp-image-40197\" alt=\"Vannes\" srcset=\"https:\/\/cparici.com\/wp-content\/uploads\/2024\/07\/Vannes.jpg 1440w, https:\/\/cparici.com\/wp-content\/uploads\/2024\/07\/Vannes-600x221.jpg 600w, https:\/\/cparici.com\/wp-content\/uploads\/2024\/07\/Vannes-300x110.jpg 300w, https:\/\/cparici.com\/wp-content\/uploads\/2024\/07\/Vannes-1024x377.jpg 1024w, https:\/\/cparici.com\/wp-content\/uploads\/2024\/07\/Vannes-768x283.jpg 768w\" sizes=\"(max-width: 1440px) 100vw, 1440px\" \/>\t\t\t\t\t\t\t\t\t\t\t\t\t\t\t<\/div>\n\t\t\t\t<\/div>\n\t\t<aside class=\"elementor-element elementor-element-c927603 e-flex e-con-boxed e-con e-parent\" data-id=\"c927603\" data-element_type=\"container\" data-e-type=\"container\">\n\t\t\t\t\t<div class=\"e-con-inner\">\n\t\t\t\t<div class=\"elementor-element elementor-element-5405260 elementor-widget elementor-widget-global elementor-global-62046 elementor-widget-eael-advanced-search\" data-id=\"5405260\" data-element_type=\"widget\" data-e-type=\"widget\" data-widget_type=\"eael-advanced-search.default\">\n\t\t\t\t\t        <div class=\"eael-adv-search-wrapper\">\n            <div id=\"eael-advanced-search-widget-5405260\" class=\"eael-advanced-search-widget\">\n                <form data-settings=\"{&quot;post_per_page&quot;:5,&quot;search_among_taxonomies&quot;:&quot;&quot;,&quot;search_among_sku&quot;:&quot;no&quot;,&quot;show_popular_keyword&quot;:0,&quot;show_category&quot;:0,&quot;show_content_image&quot;:1,&quot;show_search_result_all_results&quot;:0,&quot;result_on_new_tab&quot;:&quot;no&quot;,&quot;show_product_price&quot;:&quot;no&quot;,&quot;include_current_page&quot;:&quot;no&quot;,&quot;current_post_id&quot;:40196,&quot;post_type&quot;:[&quot;post&quot;,&quot;listing&quot;]}\" method=\"POST\" name=\"eael-advanced-search-form-5405260\" class=\"eael-advanced-search-form eael-advanced-search-form-style-2\">\n                    <div class=\"eael-advanced-search-wrap\">\n                        <span class=\"eael-adv-search-loader\"><\/span>\n                        <span class=\"eael-adv-search-close\"><i class=\"fas fa-times\"><\/i><\/span>\n                        <span class=\"icon \"><i class=\"fas fa-search\"><\/i><\/span>\n\n                        <input type=\"text\"\n                               placeholder=\"Votre destination\"\n                               class=\"eael-advanced-search\" autocomplete=\"off\" name=\"eael_advanced_search\">\n                    <\/div>\n\t\t\t\t\t                                    <\/form>\n\n\t\t\t\t\n\t\t\t\t        <div class=\"eael-advanced-search-result\">\n            <div class=\"eael-advanced-search-popular-keyword\">\n\t\t\t\t<h4 class=\"eael-advanced-search-popular-keyword-text\">Recherches populaires<\/h4>                <div class=\"eael-popular-keyword-content\"><\/div>\n            <\/div>\n            <div class=\"eael-advanced-search-category\">\n\t\t\t\t<h4 class=\"eael-advanced-search-category-text\">Categories<\/h4>                <div class=\"eael-popular-category-content\"><\/div>\n            <\/div>\n\t\t\t<div class=\"eael-advanced-search-total-results-section\">\n\t\t\t\t\t\t\t<\/div>\n            <div class=\"eael-advanced-search-content eael-item-style-3\">\n            <\/div>\n            <div class=\"eael-advanced-search-not-found\">\n                <p>Pas de r\u00e9sultats<\/p><\/div>\n            <div class=\"eael-advanced-search-load-more\">\n\t\t\t\t<a \tclass=\"eael-advanced-search-load-more-button\"\n                \thref=\"#\">Voir tous les r\u00e9sultats<\/a>\n            <\/div>\n        <\/div>\n\n\t\t            <\/div>\n        <\/div>\n\n\t\t\t\t\t\t<\/div>\n\t\t\t\t\t<\/div>\n\t\t\t\t<\/aside>\n\t\t<article class=\"elementor-element elementor-element-237ef73b e-flex e-con-boxed e-con e-parent\" data-id=\"237ef73b\" data-element_type=\"container\" data-e-type=\"container\">\n\t\t\t\t\t<div class=\"e-con-inner\">\n\t\t\t\t<div class=\"elementor-element elementor-element-68cffbb7 elementor-widget elementor-widget-text-editor\" data-id=\"68cffbb7\" data-element_type=\"widget\" data-e-type=\"widget\" data-widget_type=\"text-editor.default\">\n\t\t\t\t\t\t\t\t\t<h1 style=\"text-align: center;\"><strong>Vannes<\/strong><\/h1><p>\u00c0 la recherche de la destination parfaite pour explorer la Bretagne et tout ce qu\u2019elle a \u00e0 offrir ? <strong>Vannes<\/strong> est la r\u00e9ponse \u00e0 vos attentes ! Blottie au c\u0153ur du golfe du <a href=\"https:\/\/cparici.com\/fr\/visiter-le-morbihan-guide-des-sites-et-activites-a-ne-pas-manquer\/\">Morbihan<\/a>, cette ville allie histoire, dynamisme, richesse culturelle, plaisirs gastronomiques et beaut\u00e9s naturelles.<\/p><p>Laissez-vous guider !<\/p><h2>D\u00e9couverte des incontournables de Vannes<\/h2><p><strong>Vannes<\/strong>, une ville riche en histoire et en culture, offre une multitude de sites \u00e0 d\u00e9couvrir. Que vous soyez passionn\u00e9 par l\u2019architecture, la nature ou l\u2019ambiance maritime, la ville a quelque chose \u00e0 vous offrir. D\u00e9couvrons ensemble les incontournables \u00e0 ne pas manquer lors de votre visite.<\/p><h3>Les remparts et leurs jardins : un voyage dans le temps<\/h3><p>Les remparts de Vannes, \u00e9rig\u00e9s entre le XIIIe et le XVIIe si\u00e8cle, sont un symbole fort de l\u2019histoire bretonne. Ces fortifications, parmi les mieux pr\u00e9serv\u00e9es de la r\u00e9gion, offrent une promenade unique \u00e0 pied ou \u00e0 v\u00e9lo. Leur parcours est agr\u00e9ment\u00e9 de jardins du XIXe si\u00e8cle, oasis de tranquillit\u00e9 o\u00f9 se m\u00ealent fleurs, arbres et sculptures, dont la c\u00e9l\u00e8bre statue de la lavandi\u00e8re, ic\u00f4ne de la ville.<\/p><figure id=\"attachment_67299\" aria-describedby=\"caption-attachment-67299\" style=\"width: 1500px\" class=\"wp-caption aligncenter\"><a href=\"https:\/\/cparici.com\/wp-content\/uploads\/2024\/07\/cparici-15.jpg\"><img decoding=\"async\" class=\"wp-image-67299 size-full\" src=\"https:\/\/cparici.com\/wp-content\/uploads\/2024\/07\/cparici-15.jpg\" alt=\"Vannes remparts de la ville\" width=\"1500\" height=\"530\" srcset=\"https:\/\/cparici.com\/wp-content\/uploads\/2024\/07\/cparici-15.jpg 1500w, https:\/\/cparici.com\/wp-content\/uploads\/2024\/07\/cparici-15-300x106.jpg 300w, https:\/\/cparici.com\/wp-content\/uploads\/2024\/07\/cparici-15-1024x362.jpg 1024w, https:\/\/cparici.com\/wp-content\/uploads\/2024\/07\/cparici-15-768x271.jpg 768w, https:\/\/cparici.com\/wp-content\/uploads\/2024\/07\/cparici-15-18x6.jpg 18w, https:\/\/cparici.com\/wp-content\/uploads\/2024\/07\/cparici-15-590x208.jpg 590w, https:\/\/cparici.com\/wp-content\/uploads\/2024\/07\/cparici-15-1200x424.jpg 1200w, https:\/\/cparici.com\/wp-content\/uploads\/2024\/07\/cparici-15-577x204.jpg 577w, https:\/\/cparici.com\/wp-content\/uploads\/2024\/07\/cparici-15-600x212.jpg 600w\" sizes=\"(max-width: 1500px) 100vw, 1500px\" \/><\/a><figcaption id=\"caption-attachment-67299\" class=\"wp-caption-text\">Vannes remparts de la ville<\/figcaption><\/figure><h3>La cath\u00e9drale Saint-Pierre de Vannes : un chef-d\u2019\u0153uvre d\u2019architecture religieuse<\/h3><p>Au c\u0153ur du centre historique se dresse la majestueuse cath\u00e9drale Saint-Pierre de Vannes. Construite du XIe au XIXe si\u00e8cle, elle est un m\u00e9lange harmonieux de styles roman, gothique et n\u00e9o-gothique. \u00c0 l\u2019int\u00e9rieur, vous d\u00e9couvrirez un patrimoine exceptionnel compos\u00e9, entre autres, d\u2019un orgue du XVIIe si\u00e8cle, d\u2019un ma\u00eetre-autel du XVIIIe si\u00e8cle et de vitraux du XIXe si\u00e8cle. La cath\u00e9drale est \u00e9galement le lieu de repos de plusieurs \u00e9v\u00eaques et de saint Vincent Ferrier, illustre pr\u00e9dicateur dominicain d\u00e9c\u00e9d\u00e9 \u00e0 Vannes en 1419.<\/p><h3>Le quartier de Saint-Patern : un plongeon dans le vieux Vannes<\/h3><p>Le quartier de Saint-Patern, le plus ancien et le plus pittoresque de la ville, vous transporte dans le temps. Son \u00e9glise, d\u00e9di\u00e9e au premier \u00e9v\u00eaque de Vannes, date du XVIIIe si\u00e8cle. Fl\u00e2nez dans ses ruelles \u00e9troites bord\u00e9es de maisons \u00e0 colombages, de boutiques, de cr\u00eaperies et de caf\u00e9s, et laissez-vous charmer par l\u2019authenticit\u00e9 de ses fa\u00e7ades color\u00e9es et de ses d\u00e9corations florales.<\/p><h3>Le Port de Vannes : entre histoire et modernit\u00e9<\/h3><p><strong>Le Port de Vannes<\/strong> est un carrefour vivant entre la ville et le golfe du Morbihan. Il offre une vue imprenable sur la rade de Vannes et les \u00eeles environnantes. Ici, vous pouvez observer les bateaux de plaisance, les voiliers traditionnels et les navettes vers les \u00eeles. Profitez \u00e9galement des nombreuses animations : march\u00e9 aux poissons, concerts, expositions. Le port est le point de d\u00e9part id\u00e9al pour explorer le golfe du Morbihan et ses merveilles.<\/p><figure id=\"attachment_67302\" aria-describedby=\"caption-attachment-67302\" style=\"width: 1500px\" class=\"wp-caption aligncenter\"><a href=\"https:\/\/cparici.com\/wp-content\/uploads\/2024\/07\/cparici-16.jpg\"><img decoding=\"async\" class=\"wp-image-67302 size-full\" src=\"https:\/\/cparici.com\/wp-content\/uploads\/2024\/07\/cparici-16.jpg\" alt=\"Vannes port de plaisance\" width=\"1500\" height=\"530\" srcset=\"https:\/\/cparici.com\/wp-content\/uploads\/2024\/07\/cparici-16.jpg 1500w, https:\/\/cparici.com\/wp-content\/uploads\/2024\/07\/cparici-16-300x106.jpg 300w, https:\/\/cparici.com\/wp-content\/uploads\/2024\/07\/cparici-16-1024x362.jpg 1024w, https:\/\/cparici.com\/wp-content\/uploads\/2024\/07\/cparici-16-768x271.jpg 768w, https:\/\/cparici.com\/wp-content\/uploads\/2024\/07\/cparici-16-18x6.jpg 18w, https:\/\/cparici.com\/wp-content\/uploads\/2024\/07\/cparici-16-590x208.jpg 590w, https:\/\/cparici.com\/wp-content\/uploads\/2024\/07\/cparici-16-1200x424.jpg 1200w, https:\/\/cparici.com\/wp-content\/uploads\/2024\/07\/cparici-16-577x204.jpg 577w, https:\/\/cparici.com\/wp-content\/uploads\/2024\/07\/cparici-16-600x212.jpg 600w\" sizes=\"(max-width: 1500px) 100vw, 1500px\" \/><\/a><figcaption id=\"caption-attachment-67302\" class=\"wp-caption-text\">Vannes port de plaisance<\/figcaption><\/figure><h2>Plong\u00e9e dans l\u2019histoire de Vannes : mus\u00e9es et lieux de m\u00e9moire<\/h2><p>La ville, une ville au riche pass\u00e9, s\u2019est fa\u00e7onn\u00e9e \u00e0 travers des \u00e9v\u00e9nements marquants depuis l\u2019Antiquit\u00e9 jusqu\u2019\u00e0 nos jours. Pour explorer le riche patrimoine de cette cit\u00e9 bretonne, ses mus\u00e9es et lieux de m\u00e9moire offrent une fen\u00eatre sur des facettes inattendues et fascinantes de son histoire.<\/p><h3>Le mus\u00e9e de la Cohue : art et histoire de la Bretagne<\/h3><p>Le mus\u00e9e de la Cohue, nich\u00e9 dans un \u00e9difice ayant servi de tribunal, march\u00e9 couvert, et m\u00eame de caserne de pompiers, est aujourd\u2019hui le mus\u00e9e des beaux-arts de la ville. Il expose une collection \u00e9clectique, de la peinture m\u00e9di\u00e9vale \u00e0 l\u2019art contemporain, en incluant sculpture, dessin et photographie. Les \u0153uvres de c\u00e9l\u00e8bres artistes bretons, tels que Mathurin M\u00e9heut, Jean-Julien Lemordant ou Genevi\u00e8ve Asse, y sont pr\u00e9sent\u00e9es aux c\u00f4t\u00e9s d\u2019expositions temporaires th\u00e9matiques.<\/p><h3>Le Ch\u00e2teau de l\u2019Hermine : fastes du pass\u00e9 et jardin enchanteur<\/h3><p><strong>Le Ch\u00e2teau de l\u2019Hermine<\/strong>, ancienne r\u00e9sidence des ducs de Bretagne au XIVe si\u00e8cle, a travers\u00e9 les \u00e2ges en se m\u00e9tamorphosant en palais de justice, prison, \u00e9cole et centre culturel. Actuellement en r\u00e9novation pour devenir le futur mus\u00e9e des beaux-arts de la ville, pr\u00e9vu pour 2025, son jardin demeure accessible. Ce dernier offre un havre de paix avec ses arbres, ses fleurs, ses fontaines et ses statues, sans oublier les vestiges arch\u00e9ologiques qui racontent l\u2019histoire du ch\u00e2teau.<\/p><h3>La prison de Vannes : un t\u00e9moignage de l\u2019histoire judiciaire bretonne<\/h3><p>La prison de la ville, b\u00e2tie au XIXe si\u00e8cle, incarne les mutations de la justice et de la soci\u00e9t\u00e9 bretonnes, ayant h\u00e9berg\u00e9 une diversit\u00e9 de prisonniers, des criminels aux r\u00e9sistants de la Seconde Guerre mondiale. Toujours en fonction, elle devrait \u00eatre d\u00e9plac\u00e9e en 2027. Une chapelle ronde, potentiellement ouverte au public post-d\u00e9m\u00e9nagement, ajoute \u00e0 son int\u00e9r\u00eat patrimonial. L\u2019association Les Amis de la ville s\u2019engage pour la pr\u00e9servation et la mise en valeur de ce lieu charg\u00e9 d\u2019histoire.<\/p><h2>Balades et excursions : explorer Vannes autrement<\/h2><p>D\u00e9couvrez la ville sous un nouveau jour gr\u00e2ce \u00e0 une vari\u00e9t\u00e9 de balades et d\u2019excursions adapt\u00e9es \u00e0 tous les go\u00fbts : \u00e0 pied, \u00e0 v\u00e9lo, en bateau ou en voiture. Profitez pleinement de la nature luxuriante, du magnifique golfe du Morbihan et du riche patrimoine rural qui caract\u00e9risent cette charmante ville bretonne. Voici quelques suggestions pour vivre Vannes diff\u00e9remment.<\/p><h3>Les jardins et parcs de Vannes : une nature urbaine pr\u00e9serv\u00e9e<\/h3><p>Avec plus de 200 hectares d\u2019espaces verts, dont 20 jardins et parcs publics, la ville est un v\u00e9ritable havre de paix pour les amoureux de la nature. Ces espaces offrent l\u2019opportunit\u00e9 de se promener, se relaxer, pique-niquer ou encore jouer, tout en profitant de la vari\u00e9t\u00e9 de plantes, fleurs et animaux. Parmi les incontournables, ne manquez pas le jardin des remparts, le parc de la Garenne, le parc du Ch\u00e2teau de l\u2019Hermine, le jardin des 5 sens, le parc de Limoges et le parc de la Rabine.<\/p><h3>Les alentours de Vannes : entre golf du Morbihan et patrimoine rural<\/h3><p>Blottie au c\u0153ur du golfe du Morbihan, une merveilleuse petite mer int\u00e9rieure ponctu\u00e9e de plus de 40 \u00eeles, Vannes est le point de d\u00e9part id\u00e9al pour explorer des paysages \u00e0 couper le souffle. Empruntez les sentiers c\u00f4tiers, louez un v\u00e9lo ou montez \u00e0 bord d\u2019une navette maritime pour admirer la beaut\u00e9 des paysages marins, la faune aviaire, les phares historiques, ainsi que les menhirs et dolmens embl\u00e9matiques de la r\u00e9gion.<\/p><p>Ne manquez pas de visiter les \u00eeles embl\u00e9matiques du golfe, telles que l<a href=\"https:\/\/cparici.com\/aller-sur-lile-aux-moines\/\">\u2018\u00eele aux Moines<\/a>, l\u2019\u00eele d\u2019Arz, l\u2019\u00eele de Berder ou l\u2019\u00eele de Gavrinis. Pour ceux qui pr\u00e9f\u00e8rent la campagne, les environs de Vannes regorgent de tr\u00e9sors du patrimoine rural breton, o\u00f9 chapelles, fontaines, moulins, fermes, manoirs et ch\u00e2teaux racontent l\u2019histoire et la culture de la Bretagne. Profitez-en pour d\u00e9guster les sp\u00e9cialit\u00e9s locales : cidre, fromage, miel et cr\u00eapes.<\/p><h3>Visites guid\u00e9es th\u00e9matiques : contes et l\u00e9gendes, Vannes \u00e0 la lampe torche\u2026<\/h3><p>Pour une exp\u00e9rience unique, laissez-vous tenter par les visites guid\u00e9es th\u00e9matiques de l\u2019Office de Tourisme. Ces visites vous permettront de d\u00e9couvrir les anecdotes, secrets et curiosit\u00e9s de Vannes de mani\u00e8re ludique. Plongez dans l\u2019univers des \u201cContes et l\u00e9gendes\u201d bretons, explorez la ville de nuit lors d\u2019une captivante visite \u201cVannes \u00e0 la lampe torche\u201d, ou encore admirez le d\u00e9tail des fa\u00e7ades \u00e0 pans de bois et des monuments en pierre lors de la visite \u201cL\u2019architecture en pierre et bois\u201d.<\/p><h2 data-sourcepos=\"1:1-1:62\">\u00c9v\u00e9nements \u00e0 Vannes : Sports, culture, march\u00e9s et festivals<\/h2><p data-sourcepos=\"3:1-3:163\">Vannes, ville d\u2019art et d\u2019histoire en Bretagne Sud, propose tout au long de l\u2019ann\u00e9e un large \u00e9ventail d\u2019\u00e9v\u00e9nements sportifs, culturels, de march\u00e9s et de festivals.<\/p><h3 data-start=\"86\" data-end=\"117\">Juillet \u2013 Jazz & histoire<\/h3><ul data-start=\"119\" data-end=\"485\"><li data-start=\"119\" data-end=\"239\"><p data-start=\"121\" data-end=\"239\"><span class=\"relative -mx-px my-[-0.2rem] rounded px-px py-[0.2rem] transition-colors duration-100 ease-in-out\"><strong data-start=\"0\" data-end=\"37\" data-is-last-node=\"\" data-is-only-node=\"\">Jazz en ville \/ Vannes \u00c9chos Jazz<\/strong><\/span><br data-start=\"158\" data-end=\"161\" \/><span class=\"relative -mx-px my-[-0.2rem] rounded px-px py-[0.2rem] transition-colors duration-100 ease-in-out\">Du <strong data-start=\"3\" data-end=\"27\">8 au 12 juillet 2025<\/strong>, ce festival installe la musique jazz dans les jardins de Limur, les remparts et divers lieux de la ville<\/span><\/p><\/li><li data-start=\"241\" data-end=\"361\"><p data-start=\"243\" data-end=\"361\"><span class=\"relative -mx-px my-[-0.2rem] rounded px-px py-[0.2rem] transition-colors duration-100 ease-in-out\"><strong data-start=\"0\" data-end=\"31\" data-is-last-node=\"\" data-is-only-node=\"\">F\u00eates historiques de Vannes<\/strong><\/span><br data-start=\"280\" data-end=\"283\" \/><span class=\"relative -mx-px my-[-0.2rem] rounded px-px py-[0.2rem] transition-colors duration-100 ease-in-out\">Les <strong data-start=\"4\" data-end=\"24\">13 et 14 juillet<\/strong>, retour en costumes m\u00e9di\u00e9vaux, spectacles de joutes, baladins et concerts en plein c\u0153ur de Vannes<\/span><\/p><\/li><li data-start=\"363\" data-end=\"485\"><p data-start=\"365\" data-end=\"485\"><span class=\"relative -mx-px my-[-0.2rem] rounded px-px py-[0.2rem] transition-colors duration-100 ease-in-out\"><strong data-start=\"0\" data-end=\"31\" data-is-last-node=\"\" data-is-only-node=\"\">Feux d\u2019artifice du Morbihan<\/strong><\/span><br data-start=\"402\" data-end=\"405\" \/><span class=\"relative -mx-px my-[-0.2rem] rounded px-px py-[0.2rem] transition-colors duration-100 ease-in-out\">\u00c0 ne pas manquer autour du <strong data-start=\"27\" data-end=\"44\">13\u201314 juillet<\/strong>, avec embrasements spectaculaires sur les remparts<\/span><\/p><\/li><\/ul><h3 data-start=\"492\" data-end=\"524\">Fin mai \u2013 Semaine maritime<\/h3><ul data-start=\"526\" data-end=\"652\"><li data-start=\"526\" data-end=\"652\"><p data-start=\"528\" data-end=\"652\"><span class=\"relative -mx-px my-[-0.2rem] rounded px-px py-[0.2rem] transition-colors duration-100 ease-in-out\"><strong data-start=\"0\" data-end=\"32\" data-is-last-node=\"\" data-is-only-node=\"\">Semaine du Golfe du Morbihan<\/strong><\/span><br data-start=\"567\" data-end=\"570\" \/><span class=\"relative -mx-px my-[-0.2rem] rounded px-px py-[0.2rem] transition-colors duration-100 ease-in-out\">Du <strong data-start=\"3\" data-end=\"30\">26 mai au 1er juin 2025<\/strong>, plus de 1\u202f200 bateaux traditionnels et r\u00e9gates animent les ports de la baie, avec une grande parade nautique partant souvent de Vannes<\/span><\/p><\/li><\/ul><h3 data-start=\"659\" data-end=\"697\">\u00c9t\u00e9 \u2013 F\u00eates, culture & artisanat<\/h3><ul data-start=\"699\" data-end=\"1337\"><li data-start=\"699\" data-end=\"825\"><p data-start=\"701\" data-end=\"825\"><span class=\"relative -mx-px my-[-0.2rem] rounded px-px py-[0.2rem] transition-colors duration-100 ease-in-out\"><strong data-start=\"0\" data-end=\"27\" data-is-last-node=\"\" data-is-only-node=\"\">F\u00eate de l\u2019\u00e9t\u00e9 (Ploeren)<\/strong><\/span><br data-start=\"740\" data-end=\"743\" \/><span class=\"relative -mx-px my-[-0.2rem] rounded px-px py-[0.2rem] transition-colors duration-100 ease-in-out\">Le <strong data-start=\"3\" data-end=\"16\">7 juillet<\/strong>, \u00e9v\u00e9nement familial pr\u00e8s de Vannes<\/span><\/p><\/li><li data-start=\"827\" data-end=\"953\"><p data-start=\"829\" data-end=\"953\"><span class=\"relative -mx-px my-[-0.2rem] rounded px-px py-[0.2rem] transition-colors duration-100 ease-in-out\"><strong data-start=\"0\" data-end=\"20\" data-is-last-node=\"\" data-is-only-node=\"\">Festival d\u2019Arvor<\/strong><\/span><br data-start=\"868\" data-end=\"871\" \/><span class=\"relative -mx-px my-[-0.2rem] rounded px-px py-[0.2rem] transition-colors duration-100 ease-in-out\">Du <strong data-start=\"3\" data-end=\"25\">14 au 17 ao\u00fbt 2025<\/strong>, festival embl\u00e9matique de culture bretonne \u00e0 Vannes : bagado\u00f9, fest-noz, d\u00e9fil\u00e9s en costume, \u00e9lection de la Reine d\u2019Arvor, feu d\u2019artifice sur les remparts<\/span><\/p><\/li><li data-start=\"827\" data-end=\"953\"><p data-start=\"829\" data-end=\"953\"><span class=\"relative -mx-px my-[-0.2rem] rounded px-px py-[0.2rem] transition-colors duration-100 ease-in-out\"><strong data-start=\"0\" data-end=\"30\" data-is-last-node=\"\" data-is-only-node=\"\">L\u2019\u00c9t\u00e9 des Potiers \u2013 Vannes<\/strong><\/span><br data-start=\"996\" data-end=\"999\" \/><span class=\"relative -mx-px my-[-0.2rem] rounded px-px py-[0.2rem] transition-colors duration-100 ease-in-out\">Les <strong data-start=\"4\" data-end=\"19\">6 et 7 ao\u00fbt<\/strong>, cr\u00e9ateurs de c\u00e9ramique exposent place Simone Veil<\/span><\/p><\/li><li data-start=\"1083\" data-end=\"1209\"><p data-start=\"1085\" data-end=\"1209\"><span class=\"relative -mx-px my-[-0.2rem] rounded px-px py-[0.2rem] transition-colors duration-100 ease-in-out\"><strong data-start=\"0\" data-end=\"45\" data-is-last-node=\"\" data-is-only-node=\"\">Festival \u201cLes 3 P\u2019tits Ours\u201d (Locqueltas)<\/strong><\/span><br data-start=\"1124\" data-end=\"1127\" \/><span class=\"relative -mx-px my-[-0.2rem] rounded px-px py-[0.2rem] transition-colors duration-100 ease-in-out\">Les <strong data-start=\"4\" data-end=\"18\">29\u201330 ao\u00fbt<\/strong>, cabaret, concerts, spectacles enfants, guinguette et \u00e9chapp\u00e9e locale<\/span> .<\/p><\/li><li data-start=\"1211\" data-end=\"1337\"><p data-start=\"1213\" data-end=\"1337\"><span class=\"relative -mx-px my-[-0.2rem] rounded px-px py-[0.2rem] transition-colors duration-100 ease-in-out\"><strong data-start=\"0\" data-end=\"40\" data-is-last-node=\"\" data-is-only-node=\"\">Festival Vannes \u00c9chos Jazz (Plescop)<\/strong><\/span><br data-start=\"1252\" data-end=\"1255\" \/><span class=\"relative -mx-px my-[-0.2rem] rounded px-px py-[0.2rem] transition-colors duration-100 ease-in-out\">Le <strong data-start=\"3\" data-end=\"14\">30 ao\u00fbt<\/strong>, prolongement musical dans les environs de Vannes<\/span><\/p><\/li><\/ul><h3 data-start=\"1344\" data-end=\"1385\">Septembre\u2013Octobre \u2013 Runs & magie<\/h3><ul data-start=\"1387\" data-end=\"2131\"><li data-start=\"1387\" data-end=\"1513\"><p data-start=\"1389\" data-end=\"1513\"><span class=\"relative -mx-px my-[-0.2rem] rounded px-px py-[0.2rem] transition-colors duration-100 ease-in-out\"><strong data-start=\"0\" data-end=\"25\" data-is-last-node=\"\" data-is-only-node=\"\">Vannes Seka\u00ef Festival<\/strong><\/span><br data-start=\"1428\" data-end=\"1431\" \/><span class=\"relative -mx-px my-[-0.2rem] rounded px-px py-[0.2rem] transition-colors duration-100 ease-in-out\">Les <strong data-start=\"4\" data-end=\"26\">13 et 14 septembre<\/strong>, festival musical et culturel \u00e9clectique<\/span><\/p><\/li><li data-start=\"1515\" data-end=\"1641\"><p data-start=\"1517\" data-end=\"1641\"><span class=\"relative -mx-px my-[-0.2rem] rounded px-px py-[0.2rem] transition-colors duration-100 ease-in-out\"><strong data-start=\"0\" data-end=\"30\" data-is-last-node=\"\" data-is-only-node=\"\">Semi\u2011Marathon Auray\u2011Vannes<\/strong><\/span><br data-start=\"1556\" data-end=\"1559\" \/><span class=\"relative -mx-px my-[-0.2rem] rounded px-px py-[0.2rem] transition-colors duration-100 ease-in-out\">Dimanche <strong data-start=\"9\" data-end=\"25\">14 septembre<\/strong>, course sur route entre Auray et Vannes<\/span> <span class=\"\" data-state=\"closed\"><span class=\"ms-1 inline-flex max-w-full items-center relative top-[-0.094rem] animate-[show_150ms_ease-in]\"><a class=\"flex h-4.5 overflow-hidden rounded-xl px-2 text-[9px] font-medium text-token-text-secondary! bg-[#F4F4F4]! dark:bg-[#303030]! transition-colors duration-150 ease-in-out\" href=\"https:\/\/golfedumorbihan56.com\/agenda-evenements\/?utm_source=chatgpt.com\" target=\"_blank\" rel=\"noopener\"><span class=\"relative start-0 bottom-0 flex h-full w-full items-center\"><span class=\"flex h-4 w-full items-center justify-between absolute\"><span class=\"max-w-full grow truncate overflow-hidden text-center\">f<\/span><\/span><\/span><\/a><\/span><\/span><\/p><\/li><li data-start=\"1643\" data-end=\"1769\"><p data-start=\"1645\" data-end=\"1769\"><span class=\"relative -mx-px my-[-0.2rem] rounded px-px py-[0.2rem] transition-colors duration-100 ease-in-out\"><strong data-start=\"0\" data-end=\"22\" data-is-last-node=\"\" data-is-only-node=\"\">Marathon de Vannes<\/strong><\/span><br data-start=\"1684\" data-end=\"1687\" \/><span class=\"relative -mx-px my-[-0.2rem] rounded px-px py-[0.2rem] transition-colors duration-100 ease-in-out\">Week-end du <strong data-start=\"12\" data-end=\"29\">27\u201328 octobre<\/strong>, marathon complet, relais et courses annexes dans le centre historique<\/span><\/p><\/li><li data-start=\"1771\" data-end=\"1897\"><p data-start=\"1773\" data-end=\"1897\"><span class=\"relative -mx-px my-[-0.2rem] rounded px-px py-[0.2rem] transition-colors duration-100 ease-in-out\"><strong data-start=\"0\" data-end=\"40\" data-is-last-node=\"\" data-is-only-node=\"\">Festival International Vive la Magie<\/strong><\/span><br data-start=\"1812\" data-end=\"1815\" \/><span class=\"relative -mx-px my-[-0.2rem] rounded px-px py-[0.2rem] transition-colors duration-100 ease-in-out\">Le <strong data-start=\"3\" data-end=\"17\">11 octobre<\/strong>, magie et illusions dans la ville<\/span><\/p><\/li><li data-start=\"1899\" data-end=\"2003\"><p data-start=\"1901\" data-end=\"2003\"><strong data-start=\"1901\" data-end=\"1918\">La Vannetaise<\/strong><br data-start=\"1918\" data-end=\"1921\" \/><span class=\"relative -mx-px my-[-0.2rem] rounded px-px py-[0.2rem] transition-colors duration-100 ease-in-out\">Les <strong data-start=\"4\" data-end=\"21\">10\u201312 octobre<\/strong>, course f\u00e9minine solidaire autour de Vannes<\/span><\/p><\/li><li data-start=\"2005\" data-end=\"2131\"><p data-start=\"2007\" data-end=\"2131\"><span class=\"relative -mx-px my-[-0.2rem] rounded px-px py-[0.2rem] transition-colors duration-100 ease-in-out\"><strong data-start=\"0\" data-end=\"26\" data-is-last-node=\"\" data-is-only-node=\"\">F\u00eate foraine de Vannes<\/strong><\/span><br data-start=\"2046\" data-end=\"2049\" \/><span class=\"relative -mx-px my-[-0.2rem] rounded px-px py-[0.2rem] transition-colors duration-100 ease-in-out\">Du <strong data-start=\"3\" data-end=\"31\">18 octobre au 2 novembre<\/strong>, man\u00e8ges et animations de saison<\/span><\/p><\/li><\/ul><h3 data-start=\"2138\" data-end=\"2181\">Avril & d\u00e9cembre \u2013 Patrimoine et expo<\/h3><ul data-start=\"2183\" data-end=\"2565\"><li data-start=\"2183\" data-end=\"2309\"><p data-start=\"2185\" data-end=\"2309\"><span class=\"relative -mx-px my-[-0.2rem] rounded px-px py-[0.2rem] transition-colors duration-100 ease-in-out\"><strong data-start=\"0\" data-end=\"37\" data-is-last-node=\"\" data-is-only-node=\"\">L\u2019\u00c9veil du boucan (Festi\u2019 Vannes)<\/strong><\/span><br data-start=\"2224\" data-end=\"2227\" \/><span class=\"relative -mx-px my-[-0.2rem] rounded px-px py-[0.2rem] transition-colors duration-100 ease-in-out\">En avril, concerts gratuits dans les bars du centre-ville<\/span><\/p><\/li><li data-start=\"2311\" data-end=\"2437\"><p data-start=\"2313\" data-end=\"2437\"><span class=\"relative -mx-px my-[-0.2rem] rounded px-px py-[0.2rem] transition-colors duration-100 ease-in-out\"><strong data-start=\"0\" data-end=\"28\" data-is-last-node=\"\" data-is-only-node=\"\">Grande Expo\u2019 du Morbihan<\/strong><\/span><br data-start=\"2352\" data-end=\"2355\" \/><span class=\"relative -mx-px my-[-0.2rem] rounded px-px py-[0.2rem] transition-colors duration-100 ease-in-out\"><strong data-start=\"0\" data-end=\"21\" data-is-only-node=\"\">Vendredi 18 avril<\/strong>, lancement avec d\u00e9mo de body painting \u00e0 Vannes<\/span><\/p><\/li><li data-start=\"2439\" data-end=\"2565\"><p data-start=\"2441\" data-end=\"2565\"><span class=\"relative -mx-px my-[-0.2rem] rounded px-px py-[0.2rem] transition-colors duration-100 ease-in-out\"><strong data-start=\"0\" data-end=\"18\" data-is-last-node=\"\" data-is-only-node=\"\">No\u00ebl \u00e0 M\u00e9nimur<\/strong><\/span><br data-start=\"2480\" data-end=\"2483\" \/><span class=\"relative -mx-px my-[-0.2rem] rounded px-px py-[0.2rem] transition-colors duration-100 ease-in-out\">En d\u00e9cembre, spectacle de No\u00ebl pour familles<\/span><\/p><\/li><\/ul><h4 data-start=\"2572\" data-end=\"2605\">Liens utiles et ressources<\/h4><ul data-start=\"2607\" data-end=\"2855\"><li data-start=\"2607\" data-end=\"2689\"><p data-start=\"2609\" data-end=\"2689\"><span class=\"relative -mx-px my-[-0.2rem] rounded px-px py-[0.2rem] transition-colors duration-100 ease-in-out\">Le <a href=\"https:\/\/www.mairie-vannes.fr\/agenda\" target=\"_new\" rel=\"noopener noreferrer\" data-start=\"3\" data-end=\"69\">site officiel de la ville**<\/a> permet de d\u00e9couvrir l\u2019agenda complet et \u00e0 jour<\/span><\/p><\/li><li data-start=\"2690\" data-end=\"2772\"><p data-start=\"2692\" data-end=\"2772\"><span class=\"relative -mx-px my-[-0.2rem] rounded px-px py-[0.2rem] transition-colors duration-100 ease-in-out\">Pour les festivals d\u2019\u00e9t\u00e9, visitez <strong data-start=\"34\" data-end=\"68\" data-is-last-node=\"\">Golfe du Morbihan Bretagne Sud<\/strong><\/span><\/p><\/li><li data-start=\"2773\" data-end=\"2855\"><p data-start=\"2775\" data-end=\"2855\"><span class=\"relative -mx-px my-[-0.2rem] rounded px-px py-[0.2rem] transition-colors duration-100 ease-in-out\">D\u00e9tails sur le <strong data-start=\"15\" data-end=\"35\">Festival d\u2019Arvor<\/strong> et ses traditions bretonnes disponibles sur Wikip\u00e9dia<\/span><\/p><\/li><\/ul><figure id=\"attachment_67311\" aria-describedby=\"caption-attachment-67311\" style=\"width: 1024px\" class=\"wp-caption alignnone\"><a href=\"https:\/\/cparici.com\/wp-content\/uploads\/2024\/07\/Vannes-site-internet-de-la-ville.jpg\"><img decoding=\"async\" class=\"wp-image-67311 size-large\" src=\"https:\/\/cparici.com\/wp-content\/uploads\/2024\/07\/Vannes-site-internet-de-la-ville-1024x459.jpg\" alt=\"Vannes site internet de la ville\" width=\"1024\" height=\"459\" srcset=\"https:\/\/cparici.com\/wp-content\/uploads\/2024\/07\/Vannes-site-internet-de-la-ville-1024x459.jpg 1024w, https:\/\/cparici.com\/wp-content\/uploads\/2024\/07\/Vannes-site-internet-de-la-ville-300x135.jpg 300w, https:\/\/cparici.com\/wp-content\/uploads\/2024\/07\/Vannes-site-internet-de-la-ville-768x344.jpg 768w, https:\/\/cparici.com\/wp-content\/uploads\/2024\/07\/Vannes-site-internet-de-la-ville-1536x689.jpg 1536w, https:\/\/cparici.com\/wp-content\/uploads\/2024\/07\/Vannes-site-internet-de-la-ville-18x8.jpg 18w, https:\/\/cparici.com\/wp-content\/uploads\/2024\/07\/Vannes-site-internet-de-la-ville-590x265.jpg 590w, https:\/\/cparici.com\/wp-content\/uploads\/2024\/07\/Vannes-site-internet-de-la-ville-1200x538.jpg 1200w, https:\/\/cparici.com\/wp-content\/uploads\/2024\/07\/Vannes-site-internet-de-la-ville-577x259.jpg 577w, https:\/\/cparici.com\/wp-content\/uploads\/2024\/07\/Vannes-site-internet-de-la-ville-600x269.jpg 600w, https:\/\/cparici.com\/wp-content\/uploads\/2024\/07\/Vannes-site-internet-de-la-ville.jpg 1773w\" sizes=\"(max-width: 1024px) 100vw, 1024px\" \/><\/a><figcaption id=\"caption-attachment-67311\" class=\"wp-caption-text\">Vannes site internet de la ville<\/figcaption><\/figure><p data-sourcepos=\"5:1-5:33\"><strong>Voici quelques suggestions pour juillet 2024\u00a0<\/strong><\/p><p data-sourcepos=\"7:1-7:10\"><strong>Sports<\/strong><\/p><ul data-sourcepos=\"9:1-9:155\"><li data-sourcepos=\"9:1-9:155\"><strong>Tour de France :<\/strong> Le 10 juillet 2024, Vannes\u00a0 a v\u00e9cu l\u2019\u00e9tape d\u2019arriv\u00e9e de la 11\u00e8me \u00e9tape du Tour de France. Un grand \u00e9v\u00e9nement sportif \u00e0 ne pas manquer !<\/li><li data-sourcepos=\"11:1-13:0\"><strong>Festival des sports nautiques :<\/strong> Du 15 au 17 juillet 2024, le port de Vannes a accueilli le Festival des sports nautiques. Au programme : r\u00e9gates, d\u00e9monstrations, initiations et animations pour toute la famille.<\/li><\/ul><p data-sourcepos=\"14:1-14:11\"><strong>Culture<\/strong><\/p><ul data-sourcepos=\"16:1-20:0\"><li data-sourcepos=\"16:1-17:0\"><p data-sourcepos=\"16:3-16:171\"><strong>Festival Les Automnales :<\/strong> Du 20 au 24 septembre 2024, le festival Les Automnales propose une programmation riche et vari\u00e9e en th\u00e9\u00e2tre, danse, musique et expositions.<\/p><\/li><li data-sourcepos=\"18:1-20:0\"><p data-sourcepos=\"18:3-19:48\"><strong>Visites guid\u00e9es de la ville :<\/strong> Tout au long de l\u2019\u00e9t\u00e9, l\u2019office de tourisme de Vannes propose des visites guid\u00e9es de la ville pour d\u00e9couvrir son riche patrimoine historique et architectural.<\/p><\/li><\/ul><p data-sourcepos=\"21:1-21:11\"><strong>March\u00e9s<\/strong><\/p><ul data-sourcepos=\"23:1-27:0\"><li data-sourcepos=\"23:1-24:36\"><strong>March\u00e9 des Halles :<\/strong> Le march\u00e9 des Halles, situ\u00e9 en plein centre-ville, est ouvert tous les jours de la semaine. Vous y trouverez un large choix de produits frais, locaux et bio.<\/li><li data-sourcepos=\"25:1-27:0\"><strong>March\u00e9 aux puces :<\/strong> Le march\u00e9 aux puces se tient tous les dimanches matin sur le port de Vannes. L\u2019occasion de chiner des objets anciens et vintage.<\/li><\/ul><p data-sourcepos=\"28:1-28:13\"><strong>Festivals<\/strong><\/p><ul data-sourcepos=\"30:1-34:0\"><li data-sourcepos=\"30:1-31:35\"><strong>Festival Vannes en Sc\u00e8ne :<\/strong> Du 27 juillet au 5 ao\u00fbt 2024, le festival Vannes en Sc\u00e8ne propose une programmation riche en concerts, spectacles de rue et animations.<\/li><li data-sourcepos=\"32:1-34:0\"><strong>Festival Broc\u00e9liande :<\/strong> Du 1er au 3 septembre 2024, le festival Broc\u00e9liande vous invite \u00e0 plonger dans l\u2019univers des l\u00e9gendes celtiques. Au programme : spectacles, concerts, contes et animations.<\/li><\/ul><p data-sourcepos=\"35:1-35:245\"><strong>Cette liste est loin d\u2019\u00eatre exhaustive, n\u2019h\u00e9sitez pas \u00e0 consulter le site web de l\u2019office de tourisme de Vannes pour d\u00e9couvrir tous les \u00e9v\u00e9nements organis\u00e9s dans la ville :<\/strong> https:\/\/www.golfedumorbihan.bzh\/<\/p><h2 data-sourcepos=\"35:1-35:245\">M\u00e9t\u00e9o Vannes<\/h2><p data-start=\"124\" data-end=\"628\">Situ\u00e9e dans le <strong data-start=\"139\" data-end=\"151\">Morbihan<\/strong>, en Bretagne sud, <strong data-start=\"170\" data-end=\"180\">Vannes<\/strong> b\u00e9n\u00e9ficie d\u2019un <strong data-start=\"196\" data-end=\"224\">climat oc\u00e9anique temp\u00e9r\u00e9<\/strong>, caract\u00e9ristique des r\u00e9gions littorales de l\u2019ouest de la France. Cette situation g\u00e9ographique privil\u00e9gi\u00e9e au bord du <strong data-start=\"342\" data-end=\"363\">Golfe du Morbihan<\/strong> offre \u00e0 la ville une m\u00e9t\u00e9o douce et relativement cl\u00e9mente tout au long de l\u2019ann\u00e9e. Prot\u00e9g\u00e9e des vents les plus violents par le golfe et les \u00eeles environnantes, Vannes pr\u00e9sente des conditions m\u00e9t\u00e9orologiques qui s\u00e9duisent aussi bien les habitants que les visiteurs.<\/p><h3 data-start=\"630\" data-end=\"678\">Un climat oc\u00e9anique marqu\u00e9 par la douceur<\/h3><p data-start=\"680\" data-end=\"1138\">Le <strong data-start=\"683\" data-end=\"703\">climat oc\u00e9anique<\/strong> de Vannes se traduit par des <strong data-start=\"733\" data-end=\"748\">hivers doux<\/strong> et des <strong data-start=\"756\" data-end=\"782\">\u00e9t\u00e9s mod\u00e9r\u00e9ment chauds<\/strong>, avec des \u00e9carts de temp\u00e9ratures relativement faibles entre les saisons. En hiver, les temp\u00e9ratures descendent rarement en dessous de 0\u00b0C. Les moyennes hivernales se situent entre <strong data-start=\"963\" data-end=\"977\">3\u00b0C et 9\u00b0C<\/strong>, et les \u00e9pisodes de gel sont peu fr\u00e9quents. Les chutes de neige sont exceptionnelles et, lorsqu\u2019elles surviennent, elles ne tiennent g\u00e9n\u00e9ralement pas longtemps.<\/p><p data-start=\"1140\" data-end=\"1471\">En \u00e9t\u00e9, la douceur persiste avec des temp\u00e9ratures agr\u00e9ables. Les maximales estivales oscillent autour de <strong data-start=\"1245\" data-end=\"1260\">22\u00b0C \u00e0 25\u00b0C<\/strong> en juillet et ao\u00fbt, et il est rare que le thermom\u00e8tre d\u00e9passe 30\u00b0C. Cette relative fra\u00eecheur estivale, due aux <strong data-start=\"1372\" data-end=\"1390\">brises marines<\/strong>, permet de profiter des activit\u00e9s de plein air sans souffrir de fortes chaleurs.<\/p><h3 data-start=\"1473\" data-end=\"1520\">Pr\u00e9cipitations r\u00e9guli\u00e8res mais mod\u00e9r\u00e9es<\/h3><p data-start=\"1522\" data-end=\"1899\">Comme la majorit\u00e9 de la Bretagne, la ville re\u00e7oit des <strong data-start=\"1574\" data-end=\"1609\">pr\u00e9cipitations assez fr\u00e9quentes<\/strong>, r\u00e9parties de mani\u00e8re relativement homog\u00e8ne sur l\u2019ann\u00e9e. La ville enregistre en moyenne <strong data-start=\"1698\" data-end=\"1734\">1 000 \u00e0 1 200 mm de pluie par an<\/strong>. Cependant, il ne s\u2019agit pas de pluies diluviennes : les pr\u00e9cipitations prennent souvent la forme de petites averses ou de bruines, typiques des climats oc\u00e9aniques.<\/p><p data-start=\"1901\" data-end=\"2189\">L\u2019automne et l\u2019hiver sont les saisons les plus arros\u00e9es, avec des p\u00e9riodes plus humides entre octobre et f\u00e9vrier. Le printemps et l\u2019\u00e9t\u00e9 connaissent, en revanche, des phases plus s\u00e8ches, id\u00e9ales pour le tourisme et les balades dans le centre historique ou le long des remparts de la ville.<\/p><h3 data-start=\"2191\" data-end=\"2221\">Vent et ensoleillement<\/h3><p data-start=\"2223\" data-end=\"2672\">Le vent est une composante importante du climat vannetais. La ville est expos\u00e9e aux <strong data-start=\"2307\" data-end=\"2337\">vents d\u2019ouest et sud-ouest<\/strong>, qui apportent l\u2019humidit\u00e9 de l\u2019Atlantique. Mais gr\u00e2ce \u00e0 la configuration du Golfe du Morbihan, la ville est partiellement abrit\u00e9e des rafales les plus fortes qui balaient la c\u00f4te sauvage \u00e0 quelques kilom\u00e8tres. Ce microclimat favorise un <strong data-start=\"2573\" data-end=\"2623\">ensoleillement sup\u00e9rieur \u00e0 la moyenne bretonne<\/strong>, avec environ <strong data-start=\"2638\" data-end=\"2671\">1 800 heures de soleil par an<\/strong>.<\/p><p data-start=\"2674\" data-end=\"2813\">Le printemps et l\u2019\u00e9t\u00e9 b\u00e9n\u00e9ficient de belles p\u00e9riodes ensoleill\u00e9es, id\u00e9ales pour profiter des plages voisines ou des festivals en plein air.<\/p><h3 data-start=\"2815\" data-end=\"2859\">Un microclimat agr\u00e9able pour la flore<\/h3><p data-start=\"2861\" data-end=\"3112\">Ce climat temp\u00e9r\u00e9 et humide permet \u00e0 une <strong data-start=\"2902\" data-end=\"2927\">v\u00e9g\u00e9tation luxuriante<\/strong> de s\u2019\u00e9panouir. Les jardins de la ville, comme ceux des remparts, regorgent de plantes m\u00e9diterran\u00e9ennes, d\u2019hortensias et de cam\u00e9lias qui s\u2019adaptent parfaitement \u00e0 ce microclimat breton.<\/p><p data-start=\"3119\" data-end=\"3508\">En r\u00e9sum\u00e9, le <strong data-start=\"3136\" data-end=\"3156\">climat de Vannes<\/strong> est <strong data-start=\"3161\" data-end=\"3193\">doux, oc\u00e9anique et \u00e9quilibr\u00e9<\/strong> : peu de gel, chaleur mod\u00e9r\u00e9e, pluies r\u00e9parties toute l\u2019ann\u00e9e et un ensoleillement correct pour la r\u00e9gion. Ces conditions en font une destination agr\u00e9able en toute saison, que ce soit pour fl\u00e2ner dans la vieille ville, explorer les \u00eeles du Golfe du Morbihan ou profiter des nombreuses manifestations culturelles.<\/p><h2 data-start=\"44\" data-end=\"110\">Cin\u00e9ville \u00e0 Vannes : le c\u0153ur du cin\u00e9ma moderne dans le Morbihan<\/h2><p data-start=\"112\" data-end=\"265\"><span class=\"relative -mx-px my-[-0.2rem] rounded px-px py-[0.2rem] transition-colors duration-100 ease-in-out\">Situ\u00e9 dans le centre commercial <strong data-start=\"32\" data-end=\"45\">Parc Lann<\/strong>, <strong data-start=\"47\" data-end=\"77\">Cin\u00e9ville Parc Lann Vannes<\/strong> est le principal multiplexe de la ville. Inaugur\u00e9 en 2005, il compte neuf salles aux \u00e9quipements modernes, fruit de l\u2019extension r\u00e9alis\u00e9e en 2015.<\/span>\u00a0<span class=\"relative -mx-px my-[-0.2rem] rounded px-px py-[0.2rem] transition-colors duration-100 ease-in-out\">Exploit\u00e9e par <strong data-start=\"14\" data-end=\"27\">Cin\u00e9ville<\/strong>, filiale de <strong data-start=\"40\" data-end=\"51\">Soredic<\/strong>, l\u2019enseigne confirme sa position comme 6\u1d49 op\u00e9rateur national avec plus de 160\u202fsalles et 6,3\u202fmillions de spectateurs en 2024<\/span><\/p><h3 data-start=\"267\" data-end=\"304\">Une programmation riche et vari\u00e9e<\/h3><p data-start=\"306\" data-end=\"459\"><span class=\"relative -mx-px my-[-0.2rem] rounded px-px py-[0.2rem] transition-colors duration-100 ease-in-out\">Le <strong data-start=\"3\" data-end=\"26\">Cin\u00e9ville Parc Lann<\/strong> propose chaque semaine une programmation diversifi\u00e9e : films d\u2019animation (\u201cElio\u201d, \u201cDragons\u201d, \u201cLilo & Stitch\u201d), blockbusters (\u201cJurassic World : Renaissance\u201d, \u201cMission: Impossible \u2013 The Final Reckoning\u201d), com\u00e9dies fran\u00e7aises (\u201cAvignon\u201d), drames, thrillers<\/span>. <span class=\"relative -mx-px my-[-0.2rem] rounded px-px py-[0.2rem] transition-colors duration-100 ease-in-out\">Gr\u00e2ce \u00e0 ses neuf \u00e9crans, le multiplex offre des horaires fr\u00e9quents et adapt\u00e9s \u00e0 tous les publics, du matin (s\u00e9ances familliales) au soir (avant\u2011premi\u00e8res et grandes sagas)<\/span> .<\/p><h3 data-start=\"461\" data-end=\"489\">Confort et accessibilit\u00e9<\/h3><p data-start=\"491\" data-end=\"650\"><span class=\"relative -mx-px my-[-0.2rem] rounded px-px py-[0.2rem] transition-colors duration-100 ease-in-out\">Les spectateurs b\u00e9n\u00e9ficient de confort optimal : fauteuils spacieux, bonne visibilit\u00e9 et accessibilit\u00e9 signal\u00e9e sur le site AlloCin\u00e9<\/span>. <span class=\"relative -mx-px my-[-0.2rem] rounded px-px py-[0.2rem] transition-colors duration-100 ease-in-out\">Les billets sont accept\u00e9s via la carte \u201cCh\u00e8que Cin\u00e9ma Universel\u201d, et il est possible de s\u2019abonner \u00e0 la newsletter pour recevoir la programmation hebdomadaire directement par e\u2011mail<\/span><\/p><h3 data-start=\"1080\" data-end=\"1112\">Contexte local et historique<\/h3><p data-start=\"1114\" data-end=\"1275\"><span class=\"relative -mx-px my-[-0.2rem] rounded px-px py-[0.2rem] transition-colors duration-100 ease-in-out\">Cin\u00e9ville Vannes s\u2019inscrit dans un paysage culturel riche. La ville compte aussi <strong data-start=\"81\" data-end=\"105\">Cin\u00e9ville La Garenne<\/strong>, un cin\u00e9ma d\u2019art et essais construit en 1925 avec cinq salles<\/span> . <span class=\"relative -mx-px my-[-0.2rem] rounded px-px py-[0.2rem] transition-colors duration-100 ease-in-out\">Le Parc Lann compl\u00e8te cette offre par un multiplex moderne, r\u00e9pondant \u00e0 une demande locale en forte croissance depuis 2005<\/span><\/p><h3 data-start=\"1277\" data-end=\"1316\">Services compl\u00e9mentaires et projets<\/h3><p data-start=\"1318\" data-end=\"1479\"><span class=\"relative -mx-px my-[-0.2rem] rounded px-px py-[0.2rem] transition-colors duration-100 ease-in-out\">Cin\u00e9ville fait partie d\u2019un groupe innovant en num\u00e9rique : d\u00e8s 2009, il s\u2019est concentr\u00e9 sur le passage au digital, en partenariat avec Ymagis, pour moderniser sa cha\u00eene projection<\/span>. <span class=\"relative -mx-px my-[-0.2rem] rounded px-px py-[0.2rem] transition-colors duration-100 ease-in-out\">Le si\u00e8ge Soredic, maison-m\u00e8re, continue \u00e0 investir dans des concepts premium comme \u00ab\u202fOrium\u202f\u00bb dans d\u2019autres villes, un signe de la mont\u00e9e en gamme du groupe<\/span><\/p><h3 data-start=\"1481\" data-end=\"1530\">Pourquoi choisir Cin\u00e9ville Parc Lann Vannes ?<\/h3><ul data-start=\"1532\" data-end=\"1946\"><li data-start=\"1532\" data-end=\"1633\"><p data-start=\"1534\" data-end=\"1633\"><strong data-start=\"1534\" data-end=\"1558\">Large choix de films<\/strong> : du cin\u00e9ma familial aux blockbusters, en passant par les avant\u2011premi\u00e8res.<\/p><\/li><li data-start=\"1634\" data-end=\"1712\"><p data-start=\"1636\" data-end=\"1712\"><strong data-start=\"1636\" data-end=\"1660\">\u00c9quipements modernes<\/strong> : neuf salles num\u00e9riques, confort et accessibilit\u00e9.<\/p><\/li><li data-start=\"1713\" data-end=\"1796\"><p data-start=\"1715\" data-end=\"1796\"><strong data-start=\"1715\" data-end=\"1741\">Proximit\u00e9 & commodit\u00e9s<\/strong> : parking du centre commercial, restaurant, boutiques.<\/p><\/li><li data-start=\"1797\" data-end=\"1871\"><p data-start=\"1799\" data-end=\"1871\"><strong data-start=\"1799\" data-end=\"1826\">Newsletter & promotions<\/strong> : programmes par e\u2011mail et options fid\u00e9lit\u00e9.<\/p><\/li><li data-start=\"1872\" data-end=\"1946\"><p data-start=\"1874\" data-end=\"1946\"><strong data-start=\"1874\" data-end=\"1898\">Offre compl\u00e9mentaire<\/strong> avec Cin\u00e9ville Garenne pour les cin\u00e9s d\u2019auteur.<\/p><\/li><\/ul><h2 data-start=\"44\" data-end=\"105\">Ouest\u2011France \u00e0 Vannes : l\u2019actualit\u00e9 du Morbihan en continu<\/h2><p data-start=\"107\" data-end=\"498\"><strong data-start=\"107\" data-end=\"130\">Ouest\u2011France Vannes<\/strong> est la d\u00e9clinaison locale du quotidien <strong data-start=\"170\" data-end=\"186\">Ouest\u2011France<\/strong>, le journal le plus diffus\u00e9 en France, d\u00e9di\u00e9 \u00e0 la couverture de l\u2019actualit\u00e9 vannetaise et r\u00e9gionale. Pr\u00e9sent au c\u0153ur de la vie morbihannaise, il informe les lecteurs de <strong data-start=\"356\" data-end=\"366\">la ville<\/strong>, ses quartiers et les communes proches, en mettant en lumi\u00e8re les \u00e9v\u00e9nements politiques, culturels, \u00e9conomiques et sportifs locaux.<\/p><h3 data-start=\"500\" data-end=\"549\">Une source privil\u00e9gi\u00e9e d\u2019informations locales<\/h3><p data-start=\"551\" data-end=\"704\"><span class=\"relative -mx-px my-[-0.2rem] rounded px-px py-[0.2rem] transition-colors duration-100 ease-in-out\">\u00c0 <strong data-start=\"2\" data-end=\"12\">Vannes<\/strong>, Ouest\u2011France traite de sujets qui concernent directement les <strong data-start=\"75\" data-end=\"88\">Vannetais<\/strong>\u202f: les projets municipaux, la vie de quartier (comme celle du <strong data-start=\"150\" data-end=\"159\">Pargo<\/strong>, au sud-ouest de la ville)<\/span>, <span class=\"relative -mx-px my-[-0.2rem] rounded px-px py-[0.2rem] transition-colors duration-100 ease-in-out\">les actualit\u00e9s immobili\u00e8res, le dynamisme estudiantin, ainsi que le quotidien des commer\u00e7ants et artisans. Par exemple, la plateforme Ouest\u2011France\u202fImmo propose plus de 1\u202f200 annonces \u00e0 Vannes, soulignant l\u2019int\u00e9r\u00eat croissant pour cette ville o\u00f9 la vie maritime rencontre un cadre urbain agr\u00e9able<\/span><\/p><h3 data-start=\"706\" data-end=\"741\">\u00c9conomie et emploi dans l\u2019agglo<\/h3><p data-start=\"743\" data-end=\"857\"><span class=\"relative -mx-px my-[-0.2rem] rounded px-px py-[0.2rem] transition-colors duration-100 ease-in-out\">Le journal couvre \u00e9galement les grands sujets \u00e9conomiques : en novembre\u202f2024, Ouest\u2011France a relay\u00e9 la fermeture annonc\u00e9e de l\u2019usine <strong data-start=\"133\" data-end=\"145\">Michelin<\/strong> de Vannes, pr\u00e9vue pour d\u00e9but 2026, touchant quelque 299 employ\u00e9s<\/span>. <span class=\"relative -mx-px my-[-0.2rem] rounded px-px py-[0.2rem] transition-colors duration-100 ease-in-out\">Ces reportages sont essentiels pour comprendre les enjeux de l\u2019emploi local, l\u2019accompagnement des salari\u00e9s, et les retomb\u00e9es sur l\u2019agglom\u00e9ration.<\/span><\/p><h3 data-start=\"859\" data-end=\"893\">Sports et \u00e9v\u00e9nements culturels<\/h3><p data-start=\"895\" data-end=\"1011\"><span class=\"relative -mx-px my-[-0.2rem] rounded px-px py-[0.2rem] transition-colors duration-100 ease-in-out\">Sportivement, <strong data-start=\"14\" data-end=\"27\">Vannes OC<\/strong> (football) \u00e9volue en National\u202f3, et ses performances font fr\u00e9quemment la une de la rubrique sport de Ouest\u2011France Vannes<\/span>. <span class=\"relative -mx-px my-[-0.2rem] rounded px-px py-[0.2rem] transition-colors duration-100 ease-in-out\">En parall\u00e8le, l\u2019actualit\u00e9 culturelle et associative \u2014expositions, festivals, concerts \u00e0 l\u2019<strong data-start=\"90\" data-end=\"102\">\u00c9chonova<\/strong> ou au <strong data-start=\"109\" data-end=\"119\">Chorus<\/strong>\u2014 est largement relay\u00e9e, offrant une vitrine des temps forts de la cit\u00e9.<\/span><\/p><h3 data-start=\"1013\" data-end=\"1041\">Urbanisme et am\u00e9nagement<\/h3><p data-start=\"1043\" data-end=\"1162\"><span class=\"relative -mx-px my-[-0.2rem] rounded px-px py-[0.2rem] transition-colors duration-100 ease-in-out\">La ville, ville historique avec ses <strong data-start=\"34\" data-end=\"46\">remparts<\/strong>, son port et ses ruelles m\u00e9di\u00e9vales, fait l\u2019objet d\u2019un suivi attentif des projets urbains : r\u00e9novation de la <strong data-start=\"156\" data-end=\"182\">Promenade de la Rabine<\/strong> ou r\u00e9am\u00e9nagement des espaces publics<\/span>. <span class=\"relative -mx-px my-[-0.2rem] rounded px-px py-[0.2rem] transition-colors duration-100 ease-in-out\">Ouest\u2011France informe sur les plans municipaux, consultations publiques et am\u00e9nagements destin\u00e9s aux pi\u00e9tons, cyclistes et familles.<\/span><\/p><h3 data-start=\"1164\" data-end=\"1193\">Vie quotidienne et social<\/h3><p data-start=\"1195\" data-end=\"1234\"><span class=\"relative -mx-px my-[-0.2rem] rounded px-px py-[0.2rem] transition-colors duration-100 ease-in-out\">Au quotidien, Ouest\u2011France Vannes couvre les probl\u00e8mes de la vie locale\u202f: \u00e9ducation (r\u00e9seau scolaire, universit\u00e9 de Bretagne Sud), transports, s\u00e9curit\u00e9, sant\u00e9 ou solidarit\u00e9. Les enjeux li\u00e9s au tourisme, au patrimoine et \u00e0 la population \u2014comme les aides aux agriculteurs, les travaux sur la voirie ou l\u2019h\u00e9ritage historique\u2014 enrichissent le contenu du journal.<\/span><\/p><h3 data-start=\"1236\" data-end=\"1266\">Public fid\u00e8le et num\u00e9rique<\/h3><p data-start=\"1268\" data-end=\"1307\"><span class=\"relative -mx-px my-[-0.2rem] rounded px-px py-[0.2rem] transition-colors duration-100 ease-in-out\">Les habitants de la ville, qu\u2019ils soient jeunes \u00e9tudiants, familles ou retrait\u00e9s, consultent le site ouest-france.fr et l\u2019\u00e9dition papier. Ouest\u2011France Vannes renforce sa proximit\u00e9 gr\u00e2ce aux contributions des lecteurs, aux t\u00e9moignages et \u00e0 la possibilit\u00e9 de signaler un \u00e9v\u00e9nement ou une actualit\u00e9 sur le terrain.<\/span><\/p><h3 data-start=\"1309\" data-end=\"1350\">Pourquoi suivre Ouest\u2011France Vannes\u202f?<\/h3><ul data-start=\"1352\" data-end=\"1729\"><li data-start=\"1352\" data-end=\"1435\"><p data-start=\"1354\" data-end=\"1435\"><span class=\"relative -mx-px my-[-0.2rem] rounded px-px py-[0.2rem] transition-colors duration-100 ease-in-out\"><strong data-start=\"0\" data-end=\"22\" data-is-only-node=\"\">Ancrage local fort<\/strong> : chaque quartier \u2013 Pargo, centre-ville, Kercado, M\u00e9nimur, etc. \u2014 a ses actualit\u00e9s<\/span><\/p><\/li><li data-start=\"1436\" data-end=\"1519\"><p data-start=\"1438\" data-end=\"1519\"><span class=\"relative -mx-px my-[-0.2rem] rounded px-px py-[0.2rem] transition-colors duration-100 ease-in-out\"><strong data-start=\"0\" data-end=\"21\" data-is-only-node=\"\">\u00c9conomie & emploi<\/strong> : suivi des grandes entreprises locales (Michelin), des fili\u00e8res (nautisme) et du march\u00e9 du travail<\/span>.<\/p><\/li><li data-start=\"1520\" data-end=\"1630\"><p data-start=\"1522\" data-end=\"1630\"><strong data-start=\"1522\" data-end=\"1551\">Patrimoine & cadre de vie<\/strong> : urbanisme (Rabine), tourisme (vieilles pierres, festivals), vie \u00e9tudiante\u2026<\/p><\/li><li data-start=\"1631\" data-end=\"1729\"><p data-start=\"1633\" data-end=\"1729\"><strong data-start=\"1633\" data-end=\"1652\">Sport & loisirs<\/strong> : Vannes OC, tourisme nautique, sorties culturelles, \u00e9v\u00e9nements associatifs.<\/p><\/li><\/ul><h2>Conclusion<\/h2><p>Il est \u00e9vident que la ville est une destination de choix pour tous. Que votre passion soit l\u2019histoire, la culture, la nature ou la gastronomie, cette ville bretonne saura vous combler.<\/p><p>Offrant un cadre de vie idyllique, nich\u00e9e entre le golfe du Morbihan et des paysages champ\u00eatres, Vannes vous convie \u00e0 explorer ses tr\u00e9sors historiques. Promenez-vous le long de ses remparts, admirez la majest\u00e9 de sa cath\u00e9drale, explorez son ch\u00e2teau, fl\u00e2nez dans son port et perdez-vous dans ses quartiers anciens.<\/p><p>En outre, la ville propose un \u00e9ventail d\u2019activit\u00e9s, allant de simples balades \u00e0 des excursions enrichissantes, en passant par des visites guid\u00e9es et diverses animations. Ne tardez plus, planifiez d\u00e8s \u00e0 pr\u00e9sent votre voyage \u00e0 Vannes et laissez-vous charmer par cette ville f\u00e9erique !<\/p><h2>FAQ<\/h2><h3>Est-ce que Vannes est jolie ?<\/h3><p>Oui, la ville s\u00e9duit par son charme historique, marqu\u00e9 par des remparts majestueux, des maisons \u00e0 colombages pittoresques et une magnifique cath\u00e9drale. Cette ville maritime enchante \u00e9galement avec son port anim\u00e9, ses plages accueillantes et sa vue imprenable sur le golfe du Morbihan.<\/p><h3>O\u00f9 aller se balader \u00e0 Vannes ?<\/h3><p>Vannes offre de multiples itin\u00e9raires de balades, adapt\u00e9s \u00e0 vos pr\u00e9f\u00e9rences et int\u00e9r\u00eats. Voici deux suggestions :<\/p><ul><li>Amateurs de patrimoine historique et culturel, le centre historique de Vannes vous attend. D\u00e9couvrez-y des monuments embl\u00e9matiques tels que les remparts, la cath\u00e9drale Saint-Pierre et la place Henri IV. L\u2019office de tourisme propose des visites guid\u00e9es et audioguid\u00e9es enrichissantes.<\/li><li>Si vous \u00eates attir\u00e9 par la nature et le littoral, embarquez pour une croisi\u00e8re ou une travers\u00e9e du golfe du Morbihan pour explorer ses \u00eeles, comme l\u2019\u00eele d\u2019Arz ou l\u2019\u00eele aux Moines. La plage de Conleau et le port de plaisance sont parfaits pour savourer le soleil et la mer.<\/li><\/ul><h3>Comment est la vie \u00e0 Vannes ?<\/h3><p>La ville offre une qualit\u00e9 de vie remarquable et dynamique, conjuguant la beaut\u00e9 du golfe du Morbihan, l\u2019un des plus beaux sites du monde, et la richesse historique et commerciale de son centre-ville. Cette ville est \u00e9galement le th\u00e9\u00e2tre d\u2019une vie culturelle et sportive foisonnante, avec une multitude d\u2019activit\u00e9s nautiques, sportives et artistiques, sans oublier les \u00e9v\u00e9nements organis\u00e9s tout au long de l\u2019ann\u00e9e.<\/p><h3>Quelle mer baigne Vannes ?<\/h3><p>L\u2019oc\u00e9an Atlantique caresse les rivages de la ville, situ\u00e9e au c\u0153ur du golfe du Morbihan, une merveilleuse petite mer int\u00e9rieure connect\u00e9e \u00e0 l\u2019oc\u00e9an par un passage \u00e9troit. Entre les plages de sable fin de la presqu\u2019\u00eele de Rhuys au sud et les criques abrit\u00e9es du golfe au nord, Vannes d\u00e9voile <a href=\"https:\/\/morbihan.com\/\" target=\"_blank\" rel=\"noopener\">une diversit\u00e9 de paysages c\u00f4tiers<\/a>.<\/p>\t\t\t\t\t\t\t\t<\/div>\n\t\t\t\t\t<\/div>\n\t\t\t\t<\/article>\n\t\t<aside class=\"elementor-element elementor-element-6103455 e-flex e-con-boxed e-con e-parent\" data-id=\"6103455\" data-element_type=\"container\" data-e-type=\"container\">\n\t\t\t\t\t<div class=\"e-con-inner\">\n\t\t\t\t<div class=\"elementor-element elementor-element-7df46a3 elementor-widget elementor-widget-listeo-posts-grid\" data-id=\"7df46a3\" data-element_type=\"widget\" data-e-type=\"widget\" data-widget_type=\"listeo-posts-grid.default\">\n\t\t\t\t<div class=\"elementor-widget-container\">\n\t\t\t\t\t\t\t\n\t\t<div class=\"listeo-post-grid-wrapper\">\n\t\t\t<div class=\"row\">\n\n\t\t\t\n\n\t\t\t\t\t\t\t<div class=\"col-md-4\">\n                <a href=\"https:\/\/cparici.com\/de\/saint-briac-sur-mer\/\" class=\"blog-compact-item-container\">\n                    <div class=\"blog-compact-item\">\n                        <img decoding=\"async\" width=\"577\" height=\"203\" src=\"https:\/\/cparici.com\/wp-content\/uploads\/2024\/07\/saint-briac-sur-mer.jpg\" class=\"attachment-listeo-blog-related-post size-listeo-blog-related-post wp-post-image\" alt=\"saint briac sur mer\" srcset=\"https:\/\/cparici.com\/wp-content\/uploads\/2024\/07\/saint-briac-sur-mer.jpg 1500w, https:\/\/cparici.com\/wp-content\/uploads\/2024\/07\/saint-briac-sur-mer-600x211.jpg 600w, https:\/\/cparici.com\/wp-content\/uploads\/2024\/07\/saint-briac-sur-mer-300x106.jpg 300w, https:\/\/cparici.com\/wp-content\/uploads\/2024\/07\/saint-briac-sur-mer-1024x360.jpg 1024w, https:\/\/cparici.com\/wp-content\/uploads\/2024\/07\/saint-briac-sur-mer-768x270.jpg 768w\" sizes=\"(max-width: 577px) 100vw, 577px\" \/><span class=\"blog-item-tag\">Bretagne<\/span>                        \n                        <div class=\"blog-compact-item-content\">\n                                                        <h3>Saint Briac sur Mer : Plages, Activit\u00e9s et Sites \u00e0 Visiter<\/h3>\n                                                        <p>D\u00e9couvrez Saint-Briac-sur-Mer : plages, monuments, activit\u00e9s, et sites touristiques pour des vacances inoubliables sur la...                            <\/p>\n                                                    <\/div>\n                    <\/div>\n                <\/a>\n            <\/div>\n\t\t\t<div class=\"col-md-4\">\n                <a href=\"https:\/\/cparici.com\/de\/le-pouldu\/\" class=\"blog-compact-item-container\">\n                    <div class=\"blog-compact-item\">\n                        <img decoding=\"async\" width=\"577\" height=\"210\" src=\"https:\/\/cparici.com\/wp-content\/uploads\/2024\/05\/le-pouldu.jpg\" class=\"attachment-listeo-blog-related-post size-listeo-blog-related-post wp-post-image\" alt=\"le pouldu\" srcset=\"https:\/\/cparici.com\/wp-content\/uploads\/2024\/05\/le-pouldu.jpg 1500w, https:\/\/cparici.com\/wp-content\/uploads\/2024\/05\/le-pouldu-600x218.jpg 600w, https:\/\/cparici.com\/wp-content\/uploads\/2024\/05\/le-pouldu-300x109.jpg 300w, https:\/\/cparici.com\/wp-content\/uploads\/2024\/05\/le-pouldu-1024x373.jpg 1024w, https:\/\/cparici.com\/wp-content\/uploads\/2024\/05\/le-pouldu-768x280.jpg 768w\" sizes=\"(max-width: 577px) 100vw, 577px\" \/><span class=\"blog-item-tag\">Bretagne<\/span>                        \n                        <div class=\"blog-compact-item-content\">\n                                                        <h3>Le Pouldu \u2013 un village aux portes de Lorient<\/h3>\n                                                        <p>D\u00e9couvrez Le Pouldu, station baln\u00e9aire bretonne authentique, paradis des randonneurs et amateurs d'art, sur les...                            <\/p>\n                                                    <\/div>\n                    <\/div>\n                <\/a>\n            <\/div>\n\t\t\t<div class=\"col-md-4\">\n                <a href=\"https:\/\/cparici.com\/de\/nevez\/\" class=\"blog-compact-item-container\">\n                    <div class=\"blog-compact-item\">\n                        <img decoding=\"async\" width=\"577\" height=\"160\" src=\"https:\/\/cparici.com\/wp-content\/uploads\/2022\/09\/plage-de-port-manech-a-nevez-en-finistere-banniere.jpg\" class=\"attachment-listeo-blog-related-post size-listeo-blog-related-post wp-post-image\" alt=\"plage de port manech a n\u00e9vez en finist\u00e8re\" srcset=\"https:\/\/cparici.com\/wp-content\/uploads\/2022\/09\/plage-de-port-manech-a-nevez-en-finistere-banniere.jpg 1520w, https:\/\/cparici.com\/wp-content\/uploads\/2022\/09\/plage-de-port-manech-a-nevez-en-finistere-banniere-600x166.jpg 600w, https:\/\/cparici.com\/wp-content\/uploads\/2022\/09\/plage-de-port-manech-a-nevez-en-finistere-banniere-768x212.jpg 768w\" sizes=\"(max-width: 577px) 100vw, 577px\" \/><span class=\"blog-item-tag\">Bretagne<\/span>                        \n                        <div class=\"blog-compact-item-content\">\n                                                        <h3>Bretagne, Nevez \u2013 guide complet pour des vacances r\u00e9ussies<\/h3>\n                                                        <p>Envie de changer d'air ? Partez \u00e0 la d\u00e9couverte de Bretagne Nevez, un lieu magique...                            <\/p>\n                                                    <\/div>\n                    <\/div>\n                <\/a>\n            <\/div>\n  <\/div>\n        <\/div>\n        \t\t\t\t<\/div>\n\t\t\t\t<\/div>\n\t\t\t\t\t<\/div>\n\t\t\t\t<\/aside>\n\t\t\t\t<\/div>\n\t\t","protected":false},"excerpt":{"rendered":"<p>Haben Sie Lust, die Stadt Vannes zu besichtigen? Verpassen Sie nicht unseren umfassenden Reisef\u00fchrer, der Ihnen ihre historischen Reize von der Kathedrale bis zum Garten der Stadtmauer n\u00e4her bringt.<\/p>","protected":false},"author":1,"featured_media":40197,"comment_status":"closed","ping_status":"open","sticky":false,"template":"elementor_header_footer","format":"standard","meta":{"ngg_post_thumbnail":0,"footnotes":""},"categories":[1078,478,592,477,529],"tags":[906],"class_list":["post-40196","post","type-post","status-publish","format-standard","has-post-thumbnail","hentry","category-vannes","category-bretagne","category-bretagne-sud","category-france","category-morbihan","tag-ville"],"_links":{"self":[{"href":"https:\/\/cparici.com\/de\/wp-json\/wp\/v2\/posts\/40196","targetHints":{"allow":["GET"]}}],"collection":[{"href":"https:\/\/cparici.com\/de\/wp-json\/wp\/v2\/posts"}],"about":[{"href":"https:\/\/cparici.com\/de\/wp-json\/wp\/v2\/types\/post"}],"author":[{"embeddable":true,"href":"https:\/\/cparici.com\/de\/wp-json\/wp\/v2\/users\/1"}],"replies":[{"embeddable":true,"href":"https:\/\/cparici.com\/de\/wp-json\/wp\/v2\/comments?post=40196"}],"version-history":[{"count":0,"href":"https:\/\/cparici.com\/de\/wp-json\/wp\/v2\/posts\/40196\/revisions"}],"wp:featuredmedia":[{"embeddable":true,"href":"https:\/\/cparici.com\/de\/wp-json\/wp\/v2\/media\/40197"}],"wp:attachment":[{"href":"https:\/\/cparici.com\/de\/wp-json\/wp\/v2\/media?parent=40196"}],"wp:term":[{"taxonomy":"category","embeddable":true,"href":"https:\/\/cparici.com\/de\/wp-json\/wp\/v2\/categories?post=40196"},{"taxonomy":"post_tag","embeddable":true,"href":"https:\/\/cparici.com\/de\/wp-json\/wp\/v2\/tags?post=40196"}],"curies":[{"name":"wp","href":"https:\/\/api.w.org\/{rel}","templated":true}]}}