{"id":40862,"date":"2024-07-11T15:53:39","date_gmt":"2024-07-11T13:53:39","guid":{"rendered":"https:\/\/cparici.com\/?p=40862"},"modified":"2025-12-29T10:21:41","modified_gmt":"2025-12-29T09:21:41","slug":"notre-dame-de-paris","status":"publish","type":"post","link":"https:\/\/cparici.com\/de\/notre-dame-de-paris\/","title":{"rendered":"Notre Dame de Paris: Besucherf\u00fchrer 2025"},"content":{"rendered":"\t\t<div data-elementor-type=\"wp-post\" data-elementor-id=\"40862\" class=\"elementor elementor-40862\" data-elementor-post-type=\"post\">\n\t\t\t\t<div class=\"elementor-element elementor-element-08c689d e-con-full e-flex e-con e-parent\" data-id=\"08c689d\" data-element_type=\"container\" data-e-type=\"container\">\n\t\t\t\t<div class=\"elementor-element elementor-element-c63598d elementor-widget elementor-widget-image\" data-id=\"c63598d\" data-element_type=\"widget\" data-e-type=\"widget\" data-widget_type=\"image.default\">\n\t\t\t\t\t\t\t\t\t\t\t\t\t\t\t<img decoding=\"async\" width=\"1500\" height=\"531\" src=\"https:\/\/cparici.com\/wp-content\/uploads\/2024\/07\/notre-dame-de-paris.jpg\" class=\"attachment-full size-full wp-image-40863\" alt=\"notre dame de paris\" srcset=\"https:\/\/cparici.com\/wp-content\/uploads\/2024\/07\/notre-dame-de-paris.jpg 1500w, https:\/\/cparici.com\/wp-content\/uploads\/2024\/07\/notre-dame-de-paris-600x212.jpg 600w, https:\/\/cparici.com\/wp-content\/uploads\/2024\/07\/notre-dame-de-paris-300x106.jpg 300w, https:\/\/cparici.com\/wp-content\/uploads\/2024\/07\/notre-dame-de-paris-1024x362.jpg 1024w, https:\/\/cparici.com\/wp-content\/uploads\/2024\/07\/notre-dame-de-paris-768x272.jpg 768w\" sizes=\"(max-width: 1500px) 100vw, 1500px\" \/>\t\t\t\t\t\t\t\t\t\t\t\t\t\t\t<\/div>\n\t\t\t\t<\/div>\n\t\t<aside class=\"elementor-element elementor-element-2dfcb3b e-flex e-con-boxed e-con e-parent\" data-id=\"2dfcb3b\" data-element_type=\"container\" data-e-type=\"container\">\n\t\t\t\t\t<div class=\"e-con-inner\">\n\t\t\t\t<div class=\"elementor-element elementor-element-5f6dafb elementor-widget elementor-widget-global elementor-global-62046 elementor-widget-eael-advanced-search\" data-id=\"5f6dafb\" data-element_type=\"widget\" data-e-type=\"widget\" data-widget_type=\"eael-advanced-search.default\">\n\t\t\t\t\t        <div class=\"eael-adv-search-wrapper\">\n            <div id=\"eael-advanced-search-widget-5f6dafb\" class=\"eael-advanced-search-widget\">\n                <form data-settings=\"{&quot;post_per_page&quot;:5,&quot;search_among_taxonomies&quot;:&quot;&quot;,&quot;search_among_sku&quot;:&quot;no&quot;,&quot;show_popular_keyword&quot;:0,&quot;show_category&quot;:0,&quot;show_content_image&quot;:1,&quot;show_search_result_all_results&quot;:0,&quot;result_on_new_tab&quot;:&quot;no&quot;,&quot;show_product_price&quot;:&quot;no&quot;,&quot;include_current_page&quot;:&quot;no&quot;,&quot;current_post_id&quot;:40862,&quot;post_type&quot;:[&quot;post&quot;,&quot;listing&quot;]}\" method=\"POST\" name=\"eael-advanced-search-form-5f6dafb\" class=\"eael-advanced-search-form eael-advanced-search-form-style-2\">\n                    <div class=\"eael-advanced-search-wrap\">\n                        <span class=\"eael-adv-search-loader\"><\/span>\n                        <span class=\"eael-adv-search-close\"><i class=\"fas fa-times\"><\/i><\/span>\n                        <span class=\"icon \"><i class=\"fas fa-search\"><\/i><\/span>\n\n                        <input type=\"text\"\n                               placeholder=\"Votre destination\"\n                               class=\"eael-advanced-search\" autocomplete=\"off\" name=\"eael_advanced_search\">\n                    <\/div>\n\t\t\t\t\t                                    <\/form>\n\n\t\t\t\t\n\t\t\t\t        <div class=\"eael-advanced-search-result\">\n            <div class=\"eael-advanced-search-popular-keyword\">\n\t\t\t\t<h4 class=\"eael-advanced-search-popular-keyword-text\">Recherches populaires<\/h4>                <div class=\"eael-popular-keyword-content\"><\/div>\n            <\/div>\n            <div class=\"eael-advanced-search-category\">\n\t\t\t\t<h4 class=\"eael-advanced-search-category-text\">Categories<\/h4>                <div class=\"eael-popular-category-content\"><\/div>\n            <\/div>\n\t\t\t<div class=\"eael-advanced-search-total-results-section\">\n\t\t\t\t\t\t\t<\/div>\n            <div class=\"eael-advanced-search-content eael-item-style-3\">\n            <\/div>\n            <div class=\"eael-advanced-search-not-found\">\n                <p>Pas de r\u00e9sultats<\/p><\/div>\n            <div class=\"eael-advanced-search-load-more\">\n\t\t\t\t<a \tclass=\"eael-advanced-search-load-more-button\"\n                \thref=\"#\">Voir tous les r\u00e9sultats<\/a>\n            <\/div>\n        <\/div>\n\n\t\t            <\/div>\n        <\/div>\n\n\t\t\t\t\t\t<\/div>\n\t\t\t\t\t<\/div>\n\t\t\t\t<\/aside>\n\t\t<div class=\"elementor-element elementor-element-da055a8 e-flex e-con-boxed e-con e-parent\" data-id=\"da055a8\" data-element_type=\"container\" data-e-type=\"container\">\n\t\t\t\t\t<div class=\"e-con-inner\">\n\t\t\t\t<div class=\"elementor-element elementor-element-60393642 elementor-widget elementor-widget-text-editor\" data-id=\"60393642\" data-element_type=\"widget\" data-e-type=\"widget\" data-widget_type=\"text-editor.default\">\n\t\t\t\t\t\t\t\t\t<h1 style=\"text-align: center;\"><strong>Notre Dame de Paris<\/strong><\/h1><p><strong>Notre Dame de Paris<\/strong> se dresse comme un monument embl\u00e9matique de la <a href=\"https:\/\/cparici.com\/paris\/\">capitale<\/a>, incarnant la richesse culturelle et historique de la <a href=\"https:\/\/cparici.com\/fr\/visiter-la-france-guide-des-regions-et-sites-touristiques\/\">France<\/a>. Elle a \u00e9t\u00e9 le th\u00e9\u00e2tre d\u2019\u00e9v\u00e9nements historiques significatifs, notamment le couronnement de <a href=\"https:\/\/cparici.com\/napoleon-bonaparte\/\">Napol\u00e9on<\/a> et l\u2019inspiration derri\u00e8re le c\u00e9l\u00e8bre roman de Victor Hugo.<\/p><p>Tragiquement, en 2019, <strong>un incendie d\u00e9vastateur a endommag\u00e9 une partie consid\u00e9rable de son architecture<\/strong> gothique. Un effort de restauration monumental a \u00e9t\u00e9 lanc\u00e9 pour restaurer Notre Dame \u00e0 son \u00e9tat original et lui redonner sa gloire pass\u00e9e. Cet article vous offre un guide sur la visite et le projet de restauration de Notre Dame de Paris, vous invitant \u00e0 (re)d\u00e9couvrir ce tr\u00e9sor du patrimoine mondial.<\/p><h2>Aper\u00e7u historique et importance de Notre Dame de Paris<\/h2><p>Notre Dame de Paris se dresse dans <a href=\"https:\/\/cparici.com\/fr\/paris\/\">la capitale<\/a> de la France bien au-del\u00e0 d\u2019une simple cath\u00e9drale ; elle est un embl\u00e8me riche d\u2019histoire, de culture et de spiritualit\u00e9, refl\u00e9tant la grandeur et la diversit\u00e9 du patrimoine fran\u00e7ais. Nous vous invitons \u00e0 d\u00e9couvrir l\u2019histoire fascinante de la construction de Notre Dame et son influence culturelle et spirituelle \u00e0 travers les si\u00e8cles.<\/p><figure id=\"attachment_62756\" aria-describedby=\"caption-attachment-62756\" style=\"width: 1500px\" class=\"wp-caption aligncenter\"><a href=\"https:\/\/cparici.com\/wp-content\/uploads\/2024\/07\/cparici-2025-04-04T072548.378.jpg\"><img decoding=\"async\" src=\"https:\/\/cparici.com\/wp-content\/uploads\/2024\/07\/cparici-2025-04-04T072548.378.jpg\" alt=\"Notre dame de Paris\" width=\"1500\" height=\"530\" \/><\/a><figcaption id=\"caption-attachment-62756\" class=\"wp-caption-text\">Notre dame de Paris<\/figcaption><\/figure><h3>Bref historique de la cath\u00e9drale<\/h3><p><strong>La construction de la cath\u00e9drale Notre Dame de Paris<\/strong>\u00a0d\u00e9bute en 1163, initi\u00e9e par l\u2019\u00e9v\u00eaque Maurice de Sully qui envisage de remplacer deux anciennes \u00e9glises sur l\u2019\u00eele de la Cit\u00e9 par un monument plus grand et plus majestueux. Le projet, qui s\u2019\u00e9tendra sur pr\u00e8s de deux si\u00e8cles, fera appel \u00e0 des milliers d\u2019ouvriers, artisans et artistes. Adoptant le style gothique, la cath\u00e9drale se caract\u00e9rise par ses vo\u00fbtes d\u2019ogives, ses piliers fascicul\u00e9s, ses vitraux color\u00e9s et ses portails orn\u00e9s de sculptures.<\/p><p>Ses deux tours s\u2019\u00e9l\u00e8vent \u00e0 69 m\u00e8tres, sa rosace mesure 13 m\u00e8tres de diam\u00e8tre et sa fl\u00e8che, ajout\u00e9e au XIXe si\u00e8cle, atteint 96 m\u00e8tres. Les gargouilles, qui veillent sur la fa\u00e7ade, ajoutent \u00e0 son caract\u00e8re mythique. Consacr\u00e9e en 1182, Notre Dame sera cependant modifi\u00e9e et embellie jusqu\u2019au XIVe si\u00e8cle.<\/p><p>Au fil des si\u00e8cles, <strong>Notre Dame de Paris a \u00e9t\u00e9 le t\u00e9moin de moments cl\u00e9s de l\u2019histoire de France<\/strong>, accueillant des sacres royaux, des mariages princiers et des fun\u00e9railles nationales. Elle a surv\u00e9cu \u00e0 des p\u00e9riodes de violence et de profanation, notamment pendant la R\u00e9volution fran\u00e7aise, avant d\u2019\u00eatre restaur\u00e9e au XIXe si\u00e8cle par l\u2019architecte Viollet-le-Duc. Class\u00e9e au patrimoine mondial de l\u2019UNESCO en 1991, elle est aujourd\u2019hui le monument le plus visit\u00e9 de France, attirant plus de 12 millions de visiteurs annuellement.<\/p><h3>L\u2019impact culturel et spirituel<\/h3><p><strong><em>Notre Dame de Paris est un symbole puissant de la culture<\/em><\/strong> et de la spiritualit\u00e9 fran\u00e7aises, d\u00e9di\u00e9e \u00e0 la Vierge Marie et abritant des reliques de la Passion du Christ. Centre de l\u2019archev\u00each\u00e9 de Paris, elle accueille des c\u00e9l\u00e9brations liturgiques, des concerts et des expositions tout au long de l\u2019ann\u00e9e, servant \u00e9galement de lieu de pri\u00e8re et de p\u00e8lerinage pour les croyants du monde entier.<\/p><p>Elle a inspir\u00e9 d\u2019innombrables artistes, parmi lesquels Victor Hugo et son c\u00e9l\u00e8bre roman \u201cNotre-Dame de Paris\u201d, qui a connu un succ\u00e8s mondial et a \u00e9t\u00e9 adapt\u00e9 \u00e0 de nombreuses reprises. D\u2019autres \u0153uvres litt\u00e9raires, musicales et visuelles ont \u00e9galement c\u00e9l\u00e9br\u00e9 la cath\u00e9drale, contribuant \u00e0 sa renomm\u00e9e mondiale.<\/p><h2>La reconstruction de Notre Dame : un d\u00e9fi contemporain<\/h2><p>En 2019, un incendie d\u00e9vastateur a s\u00e9v\u00e8rement endommag\u00e9 Notre Dame de Paris, <strong>d\u00e9truisant sa charpente, sa toiture et sa fl\u00e8che<\/strong>. Un projet ambitieux de reconstruction est actuellement en cours pour restaurer la cath\u00e9drale dans son \u00e9tat d\u2019origine, pr\u00e9servant ainsi sa valeur religieuse et culturelle. Nous aborderons ici les origines et impacts de l\u2019incendie, les \u00e9tapes principales de la reconstruction, les d\u00e9fis techniques et technologiques rencontr\u00e9s, ainsi que l\u2019effort de collaboration internationale dans ce projet monumental.<\/p><figure id=\"attachment_62757\" aria-describedby=\"caption-attachment-62757\" style=\"width: 1500px\" class=\"wp-caption aligncenter\"><a href=\"https:\/\/cparici.com\/wp-content\/uploads\/2024\/07\/cparici-2025-04-04T072649.691.jpg\"><img decoding=\"async\" src=\"https:\/\/cparici.com\/wp-content\/uploads\/2024\/07\/cparici-2025-04-04T072649.691.jpg\" alt=\"Notre dame de Paris\" width=\"1500\" height=\"530\" \/><\/a><figcaption id=\"caption-attachment-62757\" class=\"wp-caption-text\">Notre dame de Paris<\/figcaption><\/figure><h3>Retour sur l\u2019incendie du 15 avril 2019<\/h3><p>L\u2019incendie qui a ravag\u00e9 la cath\u00e9drale Notre Dame de Paris a \u00e9clat\u00e9 le 15 avril 2019, vers 18h20, dans les combles de la cath\u00e9drale, vraisemblablement caus\u00e9 par un court-circuit \u00e9lectrique ou une cigarette mal \u00e9teinte. Le feu s\u2019est rapidement propag\u00e9 \u00e0 la charpente en bois du XIIIe si\u00e8cle, surnomm\u00e9e \u00ab la for\u00eat \u00bb en raison de ses 1 300 ch\u00eanes, avant que la fl\u00e8che de 96 m\u00e8tres, ajout\u00e9e au XIXe si\u00e8cle par Viollet-le-Duc, ne s\u2019effondre, emportant une partie de la vo\u00fbte. Plus de 400 pompiers ont lutt\u00e9 contre les flammes, qui n\u2019ont \u00e9t\u00e9 ma\u00eetris\u00e9es que le lendemain matin. L\u2019\u00e9v\u00e9nement a suscit\u00e9 une \u00e9motion consid\u00e9rable en France et \u00e0 l\u2019international, entra\u00eenant une mobilisation massive pour la sauvegarde et la restauration de la cath\u00e9drale.<\/p><h3>Les \u00e9tapes cl\u00e9s de la reconstruction<\/h3><p>D\u00e8s le soir de l\u2019incendie, le pr\u00e9sident Emmanuel Macron s\u2019est engag\u00e9 \u00e0 reconstruire la cath\u00e9drale Notre Dame de Paris en cinq ans, cr\u00e9ant un \u00e9tablissement public sous la direction du g\u00e9n\u00e9ral Jean-Louis Georgelin pour superviser le projet. Les \u00e9tapes importantes d\u00e9j\u00e0 franchies incluent : le d\u00e9montage de l\u2019\u00e9chafaudage calcin\u00e9 fini en novembre 2020 ; la restauration du grand orgue de 8 000 tuyaux, entam\u00e9e en d\u00e9cembre 2020 pour une dur\u00e9e de quatre ans ; le nettoyage et la consolidation des vo\u00fbtes, murs et arcs-boutants r\u00e9alis\u00e9s tout au long de 2020 et 2021 ; et la pr\u00e9paration de la nouvelle charpente en bois, pr\u00e9vue pour commencer en 2022 et se terminer en 2024. La d\u00e9cision de reconstruire la fl\u00e8che \u00e0 l\u2019identique a \u00e9t\u00e9 prise en juillet 2020, apr\u00e8s un d\u00e9bat sur l\u2019opportunit\u00e9 d\u2019une conception contemporaine.<\/p><h3>Les d\u00e9fis techniques et technologiques<\/h3><p><strong>La restauration de cath\u00e9drale Notre Dame de Paris pr\u00e9sente un immense d\u00e9fi technique<\/strong> et technologique, n\u00e9cessitant des comp\u00e9tences sp\u00e9cialis\u00e9es et l\u2019introduction d\u2019innovations. Les principaux d\u00e9fis comprennent la s\u00e9lection des arbres pour la nouvelle charpente, r\u00e9pondant \u00e0 des crit\u00e8res de taille, de qualit\u00e9 et de respect environnemental ; la num\u00e9risation et la mod\u00e9lisation 3D de la cath\u00e9drale pour des relev\u00e9s pr\u00e9cis et la simulation des travaux ; la restauration des vitraux, sculptures et peintures avec des techniques sp\u00e9cifiques pour \u00e9liminer plomb et suie ; et la s\u00e9curisation de la cath\u00e9drale contre les risques d\u2019incendie, d\u2019inondation ou de vandalisme, n\u00e9cessitant des syst\u00e8mes avanc\u00e9s de d\u00e9tection, d\u2019alarme et de surveillance.<\/p><h3>Le partage international dans l\u2019effort de reconstruction<\/h3><p>La reconstruction de la cath\u00e9drale Notre Dame de Paris b\u00e9n\u00e9ficie d\u2019un soutien international significatif, illustr\u00e9 par les dons, l\u2019assistance propos\u00e9e et les t\u00e9moignages de solidarit\u00e9 de partout dans le monde. Plus de 800 millions d\u2019euros ont \u00e9t\u00e9 collect\u00e9s, avec des contributions notables venant des \u00c9tats-Unis, du Royaume-Uni, de l\u2019Italie, et du Japon. Experts, artisans et artistes du monde entier ont apport\u00e9 leur aide et leur expertise. Des initiatives culturelles, telles que concerts, expositions et documentaires, ont \u00e9t\u00e9 lanc\u00e9es pour c\u00e9l\u00e9brer Notre Dame et sensibiliser \u00e0 sa valeur patrimoniale, soulignant ainsi la dimension universelle de ce projet de restauration.<\/p><h2 data-start=\"0\" data-end=\"67\"><strong data-start=\"0\" data-end=\"67\">Inauguration de Notre-Dame de Paris : date et invit\u00e9s officiels<\/strong><\/h2><p data-start=\"69\" data-end=\"419\">L\u2019inauguration tant attendue de <strong data-start=\"101\" data-end=\"124\">Notre Dame de Paris<\/strong>, apr\u00e8s des ann\u00e9es de restauration suite \u00e0 l\u2019incendie tragique d\u2019avril 2019, a enfin une <strong data-start=\"213\" data-end=\"232\">date officielle<\/strong> : <strong data-start=\"235\" data-end=\"257\">le 8 d\u00e9cembre 2024<\/strong>. Cet \u00e9v\u00e9nement symbolique marque le retour d\u2019un des plus grands tr\u00e9sors du patrimoine fran\u00e7ais, un monument charg\u00e9 d\u2019histoire, d\u2019\u00e9motion et d\u2019identit\u00e9 nationale.<\/p><h3 data-start=\"421\" data-end=\"449\">Une date charg\u00e9e de sens<\/h3><p data-start=\"451\" data-end=\"874\">Le choix du <strong data-start=\"463\" data-end=\"482\">8 d\u00e9cembre 2024<\/strong> n\u2019est pas anodin. Il co\u00efncide avec la <strong data-start=\"521\" data-end=\"555\">f\u00eate de l\u2019Immacul\u00e9e Conception<\/strong>, une date majeure dans le calendrier catholique, soulignant l\u2019importance spirituelle du monument. Cette journ\u00e9e a \u00e9t\u00e9 choisie \u00e0 la fois pour son <strong data-start=\"701\" data-end=\"726\">importance religieuse<\/strong> et sa port\u00e9e symbolique : elle marque un renouveau pour la cath\u00e9drale, cinq ans apr\u00e8s l\u2019incendie qui avait boulevers\u00e9 la France et le monde entier.<\/p><p data-start=\"876\" data-end=\"1166\">La reconstruction, qui a mobilis\u00e9 plus de <strong data-start=\"918\" data-end=\"946\">1000 artisans et experts<\/strong>, a \u00e9t\u00e9 men\u00e9e \u00e0 un rythme exceptionnel sous l\u2019impulsion de l\u2019\u00e9tablissement public charg\u00e9 de la restauration, en respectant l\u2019objectif fix\u00e9 par Emmanuel Macron : rouvrir la cath\u00e9drale au culte et au public d\u2019ici fin 2024.<\/p><h3 data-start=\"1168\" data-end=\"1202\">Les invit\u00e9s officiels annonc\u00e9s<\/h3><p data-start=\"1204\" data-end=\"1457\">Pour cette inauguration historique, une <strong data-start=\"1244\" data-end=\"1268\">c\u00e9r\u00e9monie solennelle<\/strong> est pr\u00e9vue en pr\u00e9sence des plus hautes autorit\u00e9s de l\u2019\u00c9tat et des figures embl\u00e9matiques de la vie religieuse, politique et culturelle. Voici les <strong data-start=\"1414\" data-end=\"1446\">principaux invit\u00e9s officiels<\/strong> annonc\u00e9s :<\/p><ul data-start=\"1459\" data-end=\"2386\"><li data-start=\"1459\" data-end=\"1572\"><p data-start=\"1461\" data-end=\"1572\"><strong data-start=\"1461\" data-end=\"1480\">Emmanuel Macron<\/strong>, Pr\u00e9sident de la R\u00e9publique, qui avait promis d\u00e8s 2019 de reb\u00e2tir Notre-Dame \u201cen cinq ans\u201d.<\/p><\/li><li data-start=\"1573\" data-end=\"1643\"><p data-start=\"1575\" data-end=\"1643\"><strong data-start=\"1575\" data-end=\"1594\">Brigitte Macron<\/strong>, tr\u00e8s investie dans le suivi de la restauration.<\/p><\/li><li data-start=\"1644\" data-end=\"1803\"><p data-start=\"1646\" data-end=\"1803\"><strong data-start=\"1646\" data-end=\"1665\">\u00c9lisabeth Borne<\/strong>, Premi\u00e8re ministre, ainsi que plusieurs membres du gouvernement, notamment ceux en charge de la culture, du patrimoine et de l\u2019int\u00e9rieur.<\/p><\/li><li data-start=\"1804\" data-end=\"1931\"><p data-start=\"1806\" data-end=\"1931\"><strong data-start=\"1806\" data-end=\"1822\">Anne Hidalgo<\/strong>, maire de Paris, particuli\u00e8rement impliqu\u00e9e dans le projet de r\u00e9am\u00e9nagement de l\u2019esplanade de la cath\u00e9drale.<\/p><\/li><li data-start=\"1932\" data-end=\"2017\"><p data-start=\"1934\" data-end=\"2017\"><strong data-start=\"1934\" data-end=\"1956\">Mgr Laurent Ulrich<\/strong>, archev\u00eaque de Paris, qui c\u00e9l\u00e9brera la messe d\u2019inauguration.<\/p><\/li><li data-start=\"2018\" data-end=\"2105\"><p data-start=\"2020\" data-end=\"2105\">Des repr\u00e9sentants du <strong data-start=\"2041\" data-end=\"2052\">Vatican<\/strong>, potentiellement un envoy\u00e9 sp\u00e9cial du Pape Fran\u00e7ois.<\/p><\/li><li data-start=\"2106\" data-end=\"2219\"><p data-start=\"2108\" data-end=\"2219\">Les <strong data-start=\"2112\" data-end=\"2136\">principaux donateurs<\/strong> ayant contribu\u00e9 \u00e0 la reconstruction, dont plusieurs m\u00e9c\u00e8nes fran\u00e7ais et \u00e9trangers.<\/p><\/li><li data-start=\"2220\" data-end=\"2289\"><p data-start=\"2222\" data-end=\"2289\">Les <strong data-start=\"2226\" data-end=\"2260\">chefs d\u2019entreprise et artisans<\/strong> ayant \u0153uvr\u00e9 sur le chantier.<\/p><\/li><li data-start=\"2290\" data-end=\"2386\"><p data-start=\"2292\" data-end=\"2386\">Des invit\u00e9s internationaux, notamment des ambassadeurs et des personnalit\u00e9s du monde culturel.<\/p><\/li><\/ul><h3 data-start=\"2388\" data-end=\"2438\">Une c\u00e9r\u00e9monie retransmise dans le monde entier<\/h3><p data-start=\"2440\" data-end=\"2719\">L\u2019inauguration de Notre-Dame de Paris sera un <strong data-start=\"2486\" data-end=\"2510\">\u00e9v\u00e9nement plan\u00e9taire<\/strong>. Elle fera l\u2019objet d\u2019une <strong data-start=\"2536\" data-end=\"2574\">retransmission t\u00e9l\u00e9vis\u00e9e en direct<\/strong>, avec des reportages sp\u00e9ciaux et des hommages aux b\u00e2tisseurs d\u2019hier et d\u2019aujourd\u2019hui. Les m\u00e9dias du monde entier ont d\u00e9j\u00e0 annonc\u00e9 leur pr\u00e9sence.<\/p><p data-start=\"2721\" data-end=\"3031\">Cette journ\u00e9e exceptionnelle sera suivie par des millions de spectateurs, en France comme \u00e0 l\u2019\u00e9tranger, avec un immense \u00e9lan d\u2019\u00e9motion. Ce retour \u00e0 la vie de Notre-Dame symbolise non seulement la <strong data-start=\"2917\" data-end=\"2945\">r\u00e9silience du patrimoine<\/strong>, mais aussi l\u2019unit\u00e9 d\u2019un pays autour de l\u2019un de ses monuments les plus embl\u00e9matiques.<\/p><h3 data-start=\"0\" data-end=\"62\">Donald Trump et Notre-Dame de Paris : que s\u2019est-il pass\u00e9 ?<\/h3><p data-start=\"64\" data-end=\"249\">Suite \u00e0 l\u2019incendie tragique de <strong data-start=\"95\" data-end=\"118\">Notre-Dame de Paris<\/strong> le 15 avril 2019, de nombreuses personnalit\u00e9s \u00e0 travers le monde ont r\u00e9agi, dont <strong data-start=\"200\" data-end=\"216\">Donald Trump<\/strong>, alors pr\u00e9sident des \u00c9tats-Unis.<\/p><p data-start=\"251\" data-end=\"315\">Peu apr\u00e8s l\u2019\u00e9v\u00e9nement, Trump a publi\u00e9 un tweet tr\u00e8s remarqu\u00e9 :<\/p><blockquote data-start=\"316\" data-end=\"469\"><p data-start=\"318\" data-end=\"469\"><em data-start=\"318\" data-end=\"469\">\u201cSo horrible to watch the massive fire at Notre Dame Cathedral in Paris. Perhaps flying water tankers could be used to put it out. Must act quickly!\u201d<\/em><\/p><\/blockquote><h3 data-start=\"0\" data-end=\"76\">Donald Trump \u00e9tait-il pr\u00e9sent \u00e0 l\u2019inauguration de Notre-Dame de Paris ?<\/h3><p data-start=\"78\" data-end=\"445\">Oui, Donald Trump \u00e9tait pr\u00e9sent \u00e0 l\u2019inauguration de <strong data-start=\"210\" data-end=\"233\">Notre-Dame de Paris\u00a0<\/strong>\u00a0le <strong data-start=\"245\" data-end=\"264\">8 d\u00e9cembre 2024<\/strong>. Son nom avait \u00e9t\u00e9 <strong data-start=\"291\" data-end=\"341\">\u00e9voqu\u00e9 dans certaines sp\u00e9culations m\u00e9diatiques<\/strong>, notamment en raison de son int\u00e9r\u00eat public pour la reconstruction du monument apr\u00e8s l\u2019incendie de 2019.<\/p><h2 data-start=\"54\" data-end=\"111\"><strong data-start=\"57\" data-end=\"111\">Visite de Notre-Dame de Paris : 10 choses \u00e0 savoir<\/strong><\/h2><p data-start=\"113\" data-end=\"467\"><strong data-start=\"113\" data-end=\"136\">Notre-Dame de Paris<\/strong>, chef-d\u2019\u0153uvre de l\u2019architecture gothique, est l\u2019un des monuments les plus visit\u00e9s <strong data-start=\"219\" data-end=\"230\">du pays<\/strong>. Apr\u00e8s plusieurs ann\u00e9es de fermeture suite \u00e0 l\u2019incendie de 2019, la cath\u00e9drale rouvre enfin ses portes au public \u00e0 partir de <strong data-start=\"356\" data-end=\"373\">d\u00e9cembre 2024<\/strong>. Pour pr\u00e9parer au mieux votre visite, voici les <strong data-start=\"422\" data-end=\"466\">10 informations essentielles \u00e0 conna\u00eetre<\/strong>.<\/p><h3 data-start=\"474\" data-end=\"515\">1. <strong data-start=\"481\" data-end=\"515\">Date de r\u00e9ouverture officielle<\/strong><\/h3><p data-start=\"517\" data-end=\"734\">La <strong data-start=\"520\" data-end=\"558\">r\u00e9ouverture de Notre-Dame de Paris<\/strong> est fix\u00e9e au <strong data-start=\"572\" data-end=\"591\">8 d\u00e9cembre 2024<\/strong>. La cath\u00e9drale accueillera \u00e0 nouveau les fid\u00e8les et les visiteurs dans un cadre restaur\u00e9 \u00e0 l\u2019identique, respectant son aspect du XIIIe si\u00e8cle.<\/p><h3 data-start=\"741\" data-end=\"772\">2. <strong data-start=\"748\" data-end=\"772\">Horaires d\u2019ouverture<\/strong><\/h3><p data-start=\"774\" data-end=\"1002\">Les horaires exacts ne sont pas encore d\u00e9finitifs, mais il est pr\u00e9vu que la cath\u00e9drale soit ouverte <strong data-start=\"874\" data-end=\"892\">tous les jours<\/strong>, de <strong data-start=\"897\" data-end=\"911\">8h \u00e0 18h30<\/strong>. Des visites nocturnes ponctuelles pourraient \u00eatre organis\u00e9es lors d\u2019\u00e9v\u00e9nements culturels.<\/p><h3 data-start=\"1009\" data-end=\"1051\">3. <strong data-start=\"1016\" data-end=\"1051\">Faut-il r\u00e9server pour visiter ?<\/strong><\/h3><p data-start=\"1053\" data-end=\"1286\">L\u2019entr\u00e9e dans la cath\u00e9drale restera <strong data-start=\"1089\" data-end=\"1111\">gratuite pour tous<\/strong>, comme auparavant. Cependant, il sera <strong data-start=\"1150\" data-end=\"1194\">fortement conseill\u00e9 <a href=\"https:\/\/www.notredamedeparis.fr\/visiter\/reserver\/\" target=\"_blank\" rel=\"noopener\">de r\u00e9server en ligne<\/a><\/strong>, surtout les premiers mois apr\u00e8s la r\u00e9ouverture, afin d\u2019\u00e9viter les longues files d\u2019attente.<\/p><h3 data-start=\"1293\" data-end=\"1335\">4. <strong data-start=\"1300\" data-end=\"1335\">Peut-on monter dans les tours ?<\/strong><\/h3><p data-start=\"1337\" data-end=\"1563\">Oui, les c\u00e9l\u00e8bres <strong data-start=\"1355\" data-end=\"1378\">tours de Notre-Dame<\/strong> rouvriront \u00e9galement, offrant une vue imprenable sur Paris. L\u2019acc\u00e8s aux tours sera payant (environ <strong data-start=\"1478\" data-end=\"1491\">10 \u00e0 15 \u20ac<\/strong>), avec r\u00e9servation obligatoire, notamment pour des raisons de s\u00e9curit\u00e9.<\/p><h3 data-start=\"1570\" data-end=\"1604\">5. <strong data-start=\"1577\" data-end=\"1604\">La crypte arch\u00e9ologique<\/strong><\/h3><p data-start=\"1606\" data-end=\"1791\">La <strong data-start=\"1609\" data-end=\"1633\">crypte de Notre-Dame<\/strong>, situ\u00e9e sous le parvis, rouvrira elle aussi. Ce site passionnant permet de d\u00e9couvrir les vestiges de l\u2019antique Lut\u00e8ce. L\u2019entr\u00e9e se fera via un billet s\u00e9par\u00e9.<\/p><h3 data-start=\"1798\" data-end=\"1834\">6. <strong data-start=\"1805\" data-end=\"1834\">Les consignes de s\u00e9curit\u00e9<\/strong><\/h3><p data-start=\"1836\" data-end=\"2032\">Les mesures de s\u00e9curit\u00e9 seront renforc\u00e9es : contr\u00f4le des sacs \u00e0 l\u2019entr\u00e9e, scanners, effectifs de s\u00e9curit\u00e9 visibles. Il est conseill\u00e9 de venir l\u00e9ger et d\u2019\u00e9viter les gros sacs ou objets encombrants.<\/p><h3 data-start=\"2039\" data-end=\"2063\">7. <strong data-start=\"2046\" data-end=\"2063\">Accessibilit\u00e9<\/strong><\/h3><p data-start=\"2065\" data-end=\"2241\">La cath\u00e9drale sera <strong data-start=\"2084\" data-end=\"2145\">partiellement accessible aux personnes \u00e0 mobilit\u00e9 r\u00e9duite<\/strong> gr\u00e2ce \u00e0 des am\u00e9nagements r\u00e9cents. Des audioguides et visites adapt\u00e9es seront aussi disponibles.<\/p><h3 data-start=\"2248\" data-end=\"2293\">8. <strong data-start=\"2255\" data-end=\"2293\">Code vestimentaire et comportement<\/strong><\/h3><p data-start=\"2295\" data-end=\"2524\">M\u00eame si la cath\u00e9drale est un site touristique, c\u2019est aussi un lieu de culte. Une tenue correcte est exig\u00e9e. Le silence est recommand\u00e9 pendant les offices. Les photos sont autoris\u00e9es sans flash, mais interdites pendant les messes.<\/p><h3 data-start=\"2531\" data-end=\"2557\">9. <strong data-start=\"2538\" data-end=\"2557\">Visites guid\u00e9es<\/strong><\/h3><p data-start=\"2559\" data-end=\"2768\">Des <strong data-start=\"2563\" data-end=\"2582\">visites guid\u00e9es<\/strong> seront propos\u00e9es par l\u2019office du tourisme et des guides ind\u00e9pendants. Elles dureront en moyenne 1h \u00e0 1h30 et aborderont l\u2019histoire, l\u2019architecture et la reconstruction de la cath\u00e9drale.<\/p><h3 data-start=\"2775\" data-end=\"2805\">10. <strong data-start=\"2783\" data-end=\"2805\">Acc\u00e8s et transport<\/strong><\/h3><p data-start=\"2807\" data-end=\"2898\">Notre-Dame se situe sur l\u2019\u00cele de la Cit\u00e9, en plein centre de Paris. Vous pouvez y acc\u00e9der :<\/p><ul data-start=\"2899\" data-end=\"3114\"><li data-start=\"2899\" data-end=\"2939\"><p data-start=\"2901\" data-end=\"2939\">Par <strong data-start=\"2905\" data-end=\"2914\">m\u00e9tro<\/strong> : ligne 4, station Cit\u00e9.<\/p><\/li><li data-start=\"2940\" data-end=\"3002\"><p data-start=\"2942\" data-end=\"3002\">Par <strong data-start=\"2946\" data-end=\"2953\">RER<\/strong> : ligne B ou C, station Saint-Michel Notre-Dame.<\/p><\/li><li data-start=\"3003\" data-end=\"3041\"><p data-start=\"3005\" data-end=\"3041\">Par <strong data-start=\"3009\" data-end=\"3016\">bus<\/strong> : lignes 21, 38, 47, 85.<\/p><\/li><li data-start=\"3042\" data-end=\"3114\"><p data-start=\"3044\" data-end=\"3114\">En <strong data-start=\"3047\" data-end=\"3065\">v\u00e9lo ou \u00e0 pied<\/strong>, pour profiter de la balade le long de la Seine.<\/p><\/li><\/ul><h2>Planifier votre visite \u00e0 Notre Dame de Paris<\/h2><p>Envisagez-vous de visiter Notre Dame de Paris durant sa phase de reconstruction ? Ne vous inqui\u00e9tez pas, il est toujours possible d\u2019admirer la majest\u00e9 de la cath\u00e9drale, de d\u00e9couvrir son histoire fascinante et sa restauration en cours, et m\u00eame de contribuer \u00e0 son sauvetage. Nous vous proposons ici des astuces pour pr\u00e9parer au mieux votre visite, en prenant en compte les restrictions et les opportunit\u00e9s qu\u2019offre le chantier actuel.<\/p><h3 data-start=\"0\" data-end=\"71\">R\u00e9servation pour visiter Notre-Dame de Paris : ce qu\u2019il faut savoir<\/h3><p data-start=\"73\" data-end=\"385\">La <strong data-start=\"76\" data-end=\"114\">r\u00e9ouverture de Notre-Dame de Paris<\/strong> est pr\u00e9vue pour le <strong data-start=\"134\" data-end=\"153\">8 d\u00e9cembre 2024<\/strong>, et face \u00e0 l\u2019enthousiasme attendu, il sera <strong data-start=\"197\" data-end=\"254\">fortement recommand\u00e9 de r\u00e9server sa visite \u00e0 l\u2019avance<\/strong>, notamment pour acc\u00e9der aux espaces les plus demand\u00e9s comme les <strong data-start=\"319\" data-end=\"328\">tours<\/strong>, la <strong data-start=\"333\" data-end=\"357\">crypte arch\u00e9ologique<\/strong> ou les <strong data-start=\"365\" data-end=\"384\">visites guid\u00e9es<\/strong>.<\/p><p data-start=\"387\" data-end=\"593\">L\u2019entr\u00e9e dans la cath\u00e9drale elle-m\u00eame restera <strong data-start=\"433\" data-end=\"454\">gratuite et libre<\/strong>, mais en raison de l\u2019affluence, un <strong data-start=\"490\" data-end=\"522\">syst\u00e8me de cr\u00e9neaux horaires<\/strong> en ligne pourrait \u00eatre mis en place pour r\u00e9guler le flux de visiteurs.<\/p><p data-start=\"595\" data-end=\"631\">Les r\u00e9servations pourront se faire :<\/p><ul data-start=\"632\" data-end=\"851\"><li data-start=\"632\" data-end=\"708\"><p data-start=\"634\" data-end=\"708\">Sur le <strong data-start=\"641\" data-end=\"681\">site officiel de Notre-Dame de Paris ( voir le lien plus haut)<\/strong>,<\/p><\/li><li data-start=\"709\" data-end=\"749\"><p data-start=\"711\" data-end=\"749\">Via l\u2019<strong data-start=\"717\" data-end=\"748\">Office de tourisme de Paris<\/strong>,<\/p><\/li><li data-start=\"750\" data-end=\"851\"><p data-start=\"752\" data-end=\"851\">Ou par l\u2019interm\u00e9diaire de plateformes partenaires proposant <strong data-start=\"812\" data-end=\"831\">visites guid\u00e9es<\/strong> ou <strong data-start=\"835\" data-end=\"850\">coupe-files<\/strong>.<\/p><\/li><\/ul><p data-start=\"853\" data-end=\"966\">Pour les <strong data-start=\"862\" data-end=\"873\">groupes<\/strong> et les <strong data-start=\"881\" data-end=\"902\">visites scolaires<\/strong>, la r\u00e9servation sera <strong data-start=\"924\" data-end=\"939\">obligatoire<\/strong>, avec des cr\u00e9neaux d\u00e9di\u00e9s.<\/p><p data-start=\"968\" data-end=\"1165\">Nous vous conseillons de consulter r\u00e9guli\u00e8rement les informations pratiques mises \u00e0 jour avant votre venue, car les modalit\u00e9s de r\u00e9servation pourront \u00e9voluer dans les mois pr\u00e9c\u00e9dant la r\u00e9ouverture.<\/p><h3>\u00c0 quoi s\u2019attendre pendant la p\u00e9riode de reconstruction<\/h3><p>Depuis le tragique incendie du 15 avril 2019, l\u2019acc\u00e8s \u00e0 Notre Dame de Paris et \u00e0 ses environs imm\u00e9diats est interdit au public, pour des raisons de s\u00e9curit\u00e9 et de conservation. Il est donc impossible d\u2019entrer dans la cath\u00e9drale, de monter dans ses tours ou de visiter la crypte. Cependant, vous pouvez toujours observer la cath\u00e9drale de l\u2019ext\u00e9rieur, tout en respectant les zones de s\u00e9curit\u00e9 et en suivant les directives du personnel sur place.<\/p><p>De cette mani\u00e8re, vous pourrez admirer les fa\u00e7ades, les rosaces, les portails et les gargouilles, \u00e9pargn\u00e9s par le feu. Vous aurez \u00e9galement l\u2019occasion de voir l\u2019\u00e9volution des travaux de r\u00e9novation, avec les grues, les \u00e9chafaudages et les ouvriers \u00e0 l\u2019\u0153uvre. Profitez aussi de la vue imprenable sur la Seine, l\u2019\u00eele de la Cit\u00e9 et les ponts environnants.<\/p><h3>Conseils pour les visiteurs : meilleures pratiques et points d\u2019int\u00e9r\u00eat temporaires<\/h3><p>Pour optimiser votre visite \u00e0 Notre Dame de Paris, voici quelques recommandations :<\/p><ul><li><strong>Planifiez votre visite en consultant les informations officielles<\/strong> sur les horaires, l\u2019acc\u00e8s et les nouvelles du chantier, disponibles sur les sites de la cath\u00e9drale et de l\u2019organisme en charge de la restauration.<\/li><li><strong>Privil\u00e9giez les moments de faible affluence<\/strong>, en \u00e9vitant les heures de pointe, les week-ends et les vacances scolaires, pour une exp\u00e9rience plus agr\u00e9able.<\/li><li><strong>Respectez les consignes de s\u00e9curit\u00e9 et de civisme<\/strong>, en ne d\u00e9passant pas les barri\u00e8res, en \u00e9vitant de perturber la circulation, en ne prenant pas de photos avec flash et en ne laissant pas de d\u00e9tritus.<\/li><li><strong>D\u00e9couvrez les points d\u2019int\u00e9r\u00eat<\/strong> temporaires offrant une perspective diff\u00e9rente sur la cath\u00e9drale.<\/li><\/ul><p>Par exemple, l\u2019exposition \u00ab Notre-Dame de Paris, de Victor Hugo \u00e0 Eug\u00e8ne Viollet-le-Duc \u00bb \u00e0 la Cit\u00e9 de l\u2019architecture et du patrimoine, ou la com\u00e9die musicale \u00ab Notre-Dame de Paris \u00bb au Palais des congr\u00e8s de Paris, sans oublier le documentaire \u00ab Notre-Dame de Paris, l\u2019\u00e9preuve des si\u00e8cles \u00bb diffus\u00e9 sur France 2.<\/p><h3>Les meilleures fa\u00e7ons de soutenir Notre Dame pendant votre visite<\/h3><p>Si vous souhaitez apporter votre soutien \u00e0 Notre Dame de Paris pendant votre visite, plusieurs options s\u2019offrent \u00e0 vous :<\/p><ul><li>Faire un don via les plateformes en ligne, par ch\u00e8que ou virement, aupr\u00e8s des organismes autoris\u00e9s. Vous profiterez d\u2019une r\u00e9duction d\u2019imp\u00f4t et recevrez un certificat de don. Des bornes interactives et urnes sont \u00e9galement disponibles pr\u00e8s de la cath\u00e9drale.<\/li><li>Acheter un souvenir dans les boutiques officielles de la cath\u00e9drale, o\u00f9 une partie des b\u00e9n\u00e9fices est revers\u00e9e \u00e0 sa r\u00e9novation.<\/li><li>Devenir b\u00e9n\u00e9vole en vous inscrivant sur le site de l\u2019association Notre-Dame de Paris Accueil, pour participer \u00e0 diverses activit\u00e9s d\u2019accueil et de guidage.<\/li><\/ul><h3 data-start=\"0\" data-end=\"80\">LEGO Notre-Dame de Paris : une maquette spectaculaire en hommage au monument<\/h3><p data-start=\"82\" data-end=\"454\"><strong data-start=\"82\" data-end=\"110\">LEGO Notre-Dame de Paris<\/strong> est l\u2019un des projets les plus attendus par les passionn\u00e9s d\u2019architecture et de construction. \u00c0 l\u2019image de la Tour Eiffel ou du Colis\u00e9e, la c\u00e9l\u00e8bre cath\u00e9drale parisienne va enfin avoir droit \u00e0 une <strong data-start=\"307\" data-end=\"345\">version officielle en briques LEGO<\/strong>, et la sortie est pr\u00e9vue pour <strong data-start=\"376\" data-end=\"384\">2025<\/strong>, en hommage \u00e0 la <strong data-start=\"402\" data-end=\"429\">r\u00e9ouverture du monument<\/strong> pr\u00e9vue en d\u00e9cembre 2024.<\/p><figure id=\"attachment_62774\" aria-describedby=\"caption-attachment-62774\" style=\"width: 1500px\" class=\"wp-caption aligncenter\"><a href=\"https:\/\/cparici.com\/wp-content\/uploads\/2024\/07\/cparici-2025-04-04T075545.736.jpg\"><img decoding=\"async\" class=\"wp-image-62774 size-full\" src=\"https:\/\/cparici.com\/wp-content\/uploads\/2024\/07\/cparici-2025-04-04T075545.736.jpg\" alt=\"Lego notre dame de paris\" width=\"1500\" height=\"530\" srcset=\"https:\/\/cparici.com\/wp-content\/uploads\/2024\/07\/cparici-2025-04-04T075545.736.jpg 1500w, https:\/\/cparici.com\/wp-content\/uploads\/2024\/07\/cparici-2025-04-04T075545.736-300x106.jpg 300w, https:\/\/cparici.com\/wp-content\/uploads\/2024\/07\/cparici-2025-04-04T075545.736-1024x362.jpg 1024w, https:\/\/cparici.com\/wp-content\/uploads\/2024\/07\/cparici-2025-04-04T075545.736-768x271.jpg 768w, https:\/\/cparici.com\/wp-content\/uploads\/2024\/07\/cparici-2025-04-04T075545.736-18x6.jpg 18w, https:\/\/cparici.com\/wp-content\/uploads\/2024\/07\/cparici-2025-04-04T075545.736-590x208.jpg 590w, https:\/\/cparici.com\/wp-content\/uploads\/2024\/07\/cparici-2025-04-04T075545.736-1200x424.jpg 1200w, https:\/\/cparici.com\/wp-content\/uploads\/2024\/07\/cparici-2025-04-04T075545.736-577x204.jpg 577w, https:\/\/cparici.com\/wp-content\/uploads\/2024\/07\/cparici-2025-04-04T075545.736-600x212.jpg 600w\" sizes=\"(max-width: 1500px) 100vw, 1500px\" \/><\/a><figcaption id=\"caption-attachment-62774\" class=\"wp-caption-text\">Lego notre dame de paris<\/figcaption><\/figure><h3 data-start=\"461\" data-end=\"487\">Un set LEGO monumental<\/h3><p data-start=\"489\" data-end=\"893\">Le set <strong data-start=\"496\" data-end=\"524\">LEGO Notre-Dame de Paris<\/strong> appartient \u00e0 la collection <strong data-start=\"552\" data-end=\"573\">LEGO Architecture<\/strong> ou <strong data-start=\"577\" data-end=\"591\">LEGO Icons<\/strong>, d\u00e9di\u00e9e aux monuments historiques. D\u2019apr\u00e8s les premi\u00e8res fuites et rumeurs issues de forums sp\u00e9cialis\u00e9s comme <strong data-start=\"702\" data-end=\"714\">Brickset<\/strong> ou <strong data-start=\"718\" data-end=\"731\">StoneWars<\/strong>, cette maquette pourrait contenir entre <strong data-start=\"772\" data-end=\"797\">4 000 et 6 000 pi\u00e8ces<\/strong>, ce qui en ferait <strong data-start=\"816\" data-end=\"852\">l\u2019un des sets les plus d\u00e9taill\u00e9s<\/strong> jamais consacr\u00e9s \u00e0 un \u00e9difice religieux.<\/p><p data-start=\"895\" data-end=\"914\">On y retrouverait :<\/p><ul data-start=\"915\" data-end=\"1125\"><li data-start=\"915\" data-end=\"967\"><p data-start=\"917\" data-end=\"967\">Les <strong data-start=\"921\" data-end=\"942\">fa\u00e7ades gothiques<\/strong> fid\u00e8lement reproduites ;<\/p><\/li><li data-start=\"968\" data-end=\"1004\"><p data-start=\"970\" data-end=\"1004\">Les <strong data-start=\"974\" data-end=\"1002\">deux tours embl\u00e9matiques<\/strong> ;<\/p><\/li><li data-start=\"1005\" data-end=\"1043\"><p data-start=\"1007\" data-end=\"1043\">La <strong data-start=\"1010\" data-end=\"1020\">rosace<\/strong> et les arcs-boutants ;<\/p><\/li><li data-start=\"1044\" data-end=\"1125\"><p data-start=\"1046\" data-end=\"1125\">Et peut-\u00eatre m\u00eame une <strong data-start=\"1068\" data-end=\"1099\">mini-version de l\u2019int\u00e9rieur<\/strong>, avec la nef et le ch\u0153ur.<\/p><\/li><\/ul><h3 data-start=\"1132\" data-end=\"1178\">Un hommage \u00e0 l\u2019histoire et \u00e0 la r\u00e9silience<\/h3><p data-start=\"1180\" data-end=\"1463\">LEGO a d\u00e9j\u00e0 rendu hommage \u00e0 des sites embl\u00e9matiques du patrimoine mondial, mais la <strong data-start=\"1263\" data-end=\"1295\">reconstruction de Notre-Dame<\/strong> apr\u00e8s l\u2019incendie de 2019 donne \u00e0 ce set une dimension particuli\u00e8re. Il symbolise non seulement l\u2019<strong data-start=\"1393\" data-end=\"1409\">art de b\u00e2tir<\/strong>, mais aussi la <strong data-start=\"1425\" data-end=\"1462\">r\u00e9silience du patrimoine fran\u00e7ais<\/strong>.<\/p><p data-start=\"1465\" data-end=\"1599\">Certains fans esp\u00e8rent \u00e9galement que LEGO versera une <strong data-start=\"1519\" data-end=\"1558\">partie des b\u00e9n\u00e9fices \u00e0 la fondation<\/strong> charg\u00e9e de l\u2019entretien de la cath\u00e9drale.<\/p><h3 data-start=\"1606\" data-end=\"1652\">Pour les collectionneurs et les passionn\u00e9s<\/h3><p data-start=\"1654\" data-end=\"1979\">Le <strong data-start=\"1657\" data-end=\"1685\">LEGO Notre-Dame de Paris<\/strong> s\u2019adresse \u00e0 un public averti : passionn\u00e9s d\u2019histoire, amateurs de LEGO ou collectionneurs de monuments c\u00e9l\u00e8bres. Il devrait \u00eatre vendu entre <strong data-start=\"1827\" data-end=\"1845\">250 \u20ac et 400 \u20ac<\/strong>, selon la taille finale du set. Sa sortie serait id\u00e9ale pour co\u00efncider avec la <strong data-start=\"1925\" data-end=\"1941\">rentr\u00e9e 2025<\/strong>, voire pour les f\u00eates de fin d\u2019ann\u00e9e.<\/p><h3 data-start=\"1986\" data-end=\"2013\">En attendant sa sortie\u2026<\/h3><p data-start=\"2015\" data-end=\"2342\">Si vous ne pouvez pas attendre, sachez qu\u2019il existe d\u00e9j\u00e0 plusieurs <strong data-start=\"2082\" data-end=\"2107\">mod\u00e8les non officiels<\/strong> de Notre-Dame de Paris r\u00e9alis\u00e9s par des fans (MOC \u2013 My Own Creation). Certains sont disponibles \u00e0 l\u2019achat sous forme de <strong data-start=\"2228\" data-end=\"2241\">plans PDF<\/strong> ou de <strong data-start=\"2248\" data-end=\"2281\">kits de briques personnalis\u00e9s<\/strong>, sur des plateformes comme <strong data-start=\"2309\" data-end=\"2324\">Rebrickable<\/strong> ou <strong data-start=\"2328\" data-end=\"2341\">Bricklink<\/strong>.<\/p><h2>Conclusion<\/h2><p>Notre Dame de Paris se dresse comme <a href=\"https:\/\/www.notredamedeparis.fr\/\" target=\"_blank\" rel=\"noopener\">un monument incontournable<\/a>, symbolisant non seulement l\u2019histoire et la culture, mais aussi la spiritualit\u00e9 en France et \u00e0 travers le monde. Touch\u00e9e par un tragique incendie en 2019, elle fait aujourd\u2019hui l\u2019objet d\u2019une intense campagne de reconstruction, soutenue par l\u2019engagement collectif des divers intervenants. Il est toujours possible de visiter Notre Dame de Paris pendant sa restauration, en prenant compte de nos recommandations et en explorant les attractions temporaires mises en place.<\/p><p>Par ailleurs, vous avez l\u2019opportunit\u00e9 de contribuer \u00e0 l\u2019effort de restauration de Notre Dame de Paris en faisant un don, en achetant des souvenirs ou en vous engageant comme b\u00e9n\u00e9vole. Ne manquez pas l\u2019occasion de d\u00e9couvrir ou de red\u00e9couvrir cette merveille du patrimoine mondial !<\/p><h2>FAQ<\/h2><h3>O\u00f9 en est Notre-Dame de Paris aujourd\u2019hui ?<\/h3><p>La restauration de Notre-Dame de Paris, suite \u00e0 l\u2019incendie d\u00e9vastateur du 15 avril 2019, progresse efficacement. Apr\u00e8s la conclusion des travaux de s\u00e9curisation et de consolidation \u00e0 l\u2019\u00e9t\u00e9 2021, la phase de reconstruction a \u00e9t\u00e9 amorc\u00e9e en octobre 2021. La r\u00e9ouverture de la cath\u00e9drale au public est pr\u00e9vue pour le 8 d\u00e9cembre 2024, comme annonc\u00e9 par l\u2019organisme responsable du chantier.<\/p><h3>O\u00f9 en est-on de la reconstruction de Notre Dame de Paris ?<\/h3><p>La reconstruction de Notre Dame de Paris est termin\u00e9e, avec une finalisation en d\u00e9cembre 2024. Des \u00e9l\u00e9ments iconiques tels que la croix de chevet, le grand orgue, les vitraux et les ferronneries ont d\u00e9j\u00e0 \u00e9t\u00e9 restaur\u00e9s. La charpente et la couverture du ch\u0153ur, ainsi que la vo\u00fbte de la crois\u00e9e du transept, ont \u00e9t\u00e9 remises \u00e0 neuf.<\/p><h3>Quand a eu lieu l\u2019incendie de Notre Dame de Paris ?<\/h3><p><strong>L\u2019incendie de Notre Dame de Paris s\u2019est produit le 15 avril 2019<\/strong>, peu avant 19h, d\u00e9truisant la charpente et la toiture de cette cath\u00e9drale gothique \u00e9rig\u00e9e entre le XIIe et le XIVe si\u00e8cle.<\/p><h3>Quelle est l\u2019histoire religieuse de Notre Dame de Paris ?<\/h3><p><strong>Notre Dame de Paris, d\u00e9di\u00e9e \u00e0 la Vierge Marie<\/strong>, se dresse sur les ruines d\u2019un ancien temple gallo-romain et d\u2019une basilique chr\u00e9tienne. Sa construction, initi\u00e9e au XIIe si\u00e8cle par l\u2019\u00e9v\u00eaque Maurice de Sully et achev\u00e9e au XIVe si\u00e8cle, en fait un monument embl\u00e9matique de l\u2019architecture gothique. Elle a \u00e9t\u00e9 le th\u00e9\u00e2tre d\u2019\u00e9v\u00e9nements majeurs tels que l\u2019arriv\u00e9e de la Sainte Couronne, le sacre de Napol\u00e9on Ier, le v\u0153u de Louis XIII, et les fun\u00e9railles de plusieurs pr\u00e9sidents de la R\u00e9publique. Source d\u2019inspiration pour des \u0153uvres artistiques, dont le c\u00e9l\u00e8bre roman de Victor Hugo, elle est inscrite au patrimoine mondial de l\u2019UNESCO depuis 1991. Un tragique incendie en 2019 a gravement endommag\u00e9 sa fl\u00e8che et sa toiture.<\/p>\t\t\t\t\t\t\t\t<\/div>\n\t\t\t\t\t<\/div>\n\t\t\t\t<\/div>\n\t\t<div class=\"elementor-element elementor-element-370e8c17 e-flex e-con-boxed e-con e-parent\" data-id=\"370e8c17\" data-element_type=\"container\" data-e-type=\"container\">\n\t\t\t\t\t<div class=\"e-con-inner\">\n\t\t<div class=\"elementor-element elementor-element-871e987 e-con-full e-flex e-con e-child\" data-id=\"871e987\" data-element_type=\"container\" data-e-type=\"container\">\n\t\t\t\t<div class=\"elementor-element elementor-element-c49c1a6 elementor-widget elementor-widget-text-editor\" data-id=\"c49c1a6\" data-element_type=\"widget\" data-e-type=\"widget\" data-widget_type=\"text-editor.default\">\n\t\t\t\t\t\t\t\t\t<p>Cet article a \u00e9t\u00e9 r\u00e9dig\u00e9 par Alex Arts,\u00a0<a href=\"https:\/\/alexantoine-photos.weebly.com\/\" target=\"_blank\" rel=\"noopener\">photographe<\/a>,\u00a0<a href=\"https:\/\/www.linkedin.com\/in\/alex-b-arts\/\" target=\"_blank\" rel=\"noopener\">cr\u00e9ateur de contenu<\/a>, et guide local.<\/p>\t\t\t\t\t\t\t\t<\/div>\n\t\t\t\t<div class=\"elementor-element elementor-element-7334dc69 elementor-widget elementor-widget-author-box\" data-id=\"7334dc69\" data-element_type=\"widget\" data-e-type=\"widget\" data-widget_type=\"author-box.default\">\n\t\t\t\t\t\t\t<div class=\"elementor-author-box\">\n\t\t\t\t\t\t\t<a href=\"https:\/\/www.linkedin.com\/in\/alex-b-arts\/\" class=\"elementor-author-box__avatar\" target=\"_blank\" rel=\"noopener\">\n\t\t\t\t\t<img decoding=\"async\" src=\"https:\/\/cparici.com\/wp-content\/uploads\/2024\/09\/photo-alex-arts-300x300.jpeg\" alt=\"Bild von Alex Arts\" loading=\"lazy\">\n\t\t\t\t<\/a>\n\t\t\t\n\t\t\t<div class=\"elementor-author-box__text\">\n\t\t\t\t\t\t\t\t\t<a href=\"https:\/\/www.linkedin.com\/in\/alex-b-arts\/\" target=\"_blank\" rel=\"noopener\">\n\t\t\t\t\t\t<h4 class=\"elementor-author-box__name\">\n\t\t\t\t\t\t\tAlex Arts\t\t\t\t\t\t<\/h4>\n\t\t\t\t\t<\/a>\n\t\t\t\t\n\t\t\t\t\t\t\t\t\t<div class=\"elementor-author-box__bio\">\n\t\t\t\t\t\t<p>Photographe, cr\u00e9ateur de contenu et local guide<\/p>\n\t\t\t\t\t<\/div>\n\t\t\t\t\n\t\t\t\t\t\t\t<\/div>\n\t\t<\/div>\n\t\t\t\t\t\t<\/div>\n\t\t\t\t<\/div>\n\t\t\t\t\t<\/div>\n\t\t\t\t<\/div>\n\t\t<aside class=\"elementor-element elementor-element-100b156 e-flex e-con-boxed e-con e-parent\" data-id=\"100b156\" data-element_type=\"container\" data-e-type=\"container\">\n\t\t\t\t\t<div class=\"e-con-inner\">\n\t\t\t\t<div class=\"elementor-element elementor-element-b0d6f4a elementor-widget elementor-widget-listeo-posts-grid\" data-id=\"b0d6f4a\" data-element_type=\"widget\" data-e-type=\"widget\" data-widget_type=\"listeo-posts-grid.default\">\n\t\t\t\t<div class=\"elementor-widget-container\">\n\t\t\t\t\t\t\t\n\t\t<div class=\"listeo-post-grid-wrapper\">\n\t\t\t<div class=\"row\">\n\n\t\t\t\n\n\t\t\t\t\t\t\t<div class=\"col-md-4\">\n                <a href=\"https:\/\/cparici.com\/de\/tour-eiffel\/\" class=\"blog-compact-item-container\">\n                    <div class=\"blog-compact-item\">\n                        <img decoding=\"async\" width=\"577\" height=\"200\" src=\"https:\/\/cparici.com\/wp-content\/uploads\/2024\/07\/Tour-eiffel-1.jpg\" class=\"attachment-listeo-blog-related-post size-listeo-blog-related-post wp-post-image\" alt=\"Tour eiffel\" srcset=\"https:\/\/cparici.com\/wp-content\/uploads\/2024\/07\/Tour-eiffel-1.jpg 1530w, https:\/\/cparici.com\/wp-content\/uploads\/2024\/07\/Tour-eiffel-1-600x208.jpg 600w, https:\/\/cparici.com\/wp-content\/uploads\/2024\/07\/Tour-eiffel-1-300x104.jpg 300w, https:\/\/cparici.com\/wp-content\/uploads\/2024\/07\/Tour-eiffel-1-1024x355.jpg 1024w, https:\/\/cparici.com\/wp-content\/uploads\/2024\/07\/Tour-eiffel-1-768x267.jpg 768w\" sizes=\"(max-width: 577px) 100vw, 577px\" \/><span class=\"blog-item-tag\">France<\/span>                        \n                        <div class=\"blog-compact-item-content\">\n                                                        <h3>Tour Eiffel : guide officiel, billetterie et derni\u00e8res actualit\u00e9s<\/h3>\n                                                    <\/div>\n                    <\/div>\n                <\/a>\n            <\/div>\n\t\t\t<div class=\"col-md-4\">\n                <a href=\"https:\/\/cparici.com\/de\/musee-du-louvre\/\" class=\"blog-compact-item-container\">\n                    <div class=\"blog-compact-item\">\n                        <img decoding=\"async\" width=\"577\" height=\"211\" src=\"https:\/\/cparici.com\/wp-content\/uploads\/2024\/07\/musee-du-louvre.jpg\" class=\"attachment-listeo-blog-related-post size-listeo-blog-related-post wp-post-image\" alt=\"mus\u00e9e du louvre\" srcset=\"https:\/\/cparici.com\/wp-content\/uploads\/2024\/07\/musee-du-louvre.jpg 1450w, https:\/\/cparici.com\/wp-content\/uploads\/2024\/07\/musee-du-louvre-600x220.jpg 600w, https:\/\/cparici.com\/wp-content\/uploads\/2024\/07\/musee-du-louvre-300x110.jpg 300w, https:\/\/cparici.com\/wp-content\/uploads\/2024\/07\/musee-du-louvre-1024x375.jpg 1024w, https:\/\/cparici.com\/wp-content\/uploads\/2024\/07\/musee-du-louvre-768x281.jpg 768w\" sizes=\"(max-width: 577px) 100vw, 577px\" \/><span class=\"blog-item-tag\">France<\/span>                        \n                        <div class=\"blog-compact-item-content\">\n                                                        <h3>Mus\u00e9e du Louvre : guide complet pour pr\u00e9parer votre visite<\/h3>\n                                                    <\/div>\n                    <\/div>\n                <\/a>\n            <\/div>\n\t\t\t<div class=\"col-md-4\">\n                <a href=\"https:\/\/cparici.com\/de\/seine-saint-denis-departement\/\" class=\"blog-compact-item-container\">\n                    <div class=\"blog-compact-item\">\n                        <img decoding=\"async\" width=\"577\" height=\"204\" src=\"https:\/\/cparici.com\/wp-content\/uploads\/2024\/07\/seine-saint-denis-departement.jpg\" class=\"attachment-listeo-blog-related-post size-listeo-blog-related-post wp-post-image\" alt=\"seine saint denis departement\" srcset=\"https:\/\/cparici.com\/wp-content\/uploads\/2024\/07\/seine-saint-denis-departement.jpg 1500w, https:\/\/cparici.com\/wp-content\/uploads\/2024\/07\/seine-saint-denis-departement-600x212.jpg 600w, https:\/\/cparici.com\/wp-content\/uploads\/2024\/07\/seine-saint-denis-departement-300x106.jpg 300w, https:\/\/cparici.com\/wp-content\/uploads\/2024\/07\/seine-saint-denis-departement-1024x362.jpg 1024w, https:\/\/cparici.com\/wp-content\/uploads\/2024\/07\/seine-saint-denis-departement-768x271.jpg 768w\" sizes=\"(max-width: 577px) 100vw, 577px\" \/><span class=\"blog-item-tag\">D\u00e9partement de France<\/span>                        \n                        <div class=\"blog-compact-item-content\">\n                                                        <h3>Seine Saint Denis: guide complet pour d\u00e9couvrir le d\u00e9partement<\/h3>\n                                                    <\/div>\n                    <\/div>\n                <\/a>\n            <\/div>\n  <\/div>\n        <\/div>\n        \t\t\t\t<\/div>\n\t\t\t\t<\/div>\n\t\t\t\t\t<\/div>\n\t\t\t\t<\/aside>\n\t\t\t\t<\/div>\n\t\t","protected":false},"excerpt":{"rendered":"<p>Entdecken Sie die Geschichte und die Sch\u00f6nheit von Notre Dame de Paris, dem meistbesuchten Bauwerk Frankreichs. Folgen Sie unserem Leitfaden f\u00fcr den Besuch und den Wiederaufbau.<\/p>","protected":false},"author":1,"featured_media":40863,"comment_status":"closed","ping_status":"open","sticky":false,"template":"","format":"standard","meta":{"ngg_post_thumbnail":0,"footnotes":""},"categories":[1022,477,1021],"tags":[1111,199],"class_list":["post-40862","post","type-post","status-publish","format-standard","has-post-thumbnail","hentry","category-paris","category-france","category-ile-de-france","tag-monument","tag-patrimoine"],"_links":{"self":[{"href":"https:\/\/cparici.com\/de\/wp-json\/wp\/v2\/posts\/40862","targetHints":{"allow":["GET"]}}],"collection":[{"href":"https:\/\/cparici.com\/de\/wp-json\/wp\/v2\/posts"}],"about":[{"href":"https:\/\/cparici.com\/de\/wp-json\/wp\/v2\/types\/post"}],"author":[{"embeddable":true,"href":"https:\/\/cparici.com\/de\/wp-json\/wp\/v2\/users\/1"}],"replies":[{"embeddable":true,"href":"https:\/\/cparici.com\/de\/wp-json\/wp\/v2\/comments?post=40862"}],"version-history":[{"count":0,"href":"https:\/\/cparici.com\/de\/wp-json\/wp\/v2\/posts\/40862\/revisions"}],"wp:featuredmedia":[{"embeddable":true,"href":"https:\/\/cparici.com\/de\/wp-json\/wp\/v2\/media\/40863"}],"wp:attachment":[{"href":"https:\/\/cparici.com\/de\/wp-json\/wp\/v2\/media?parent=40862"}],"wp:term":[{"taxonomy":"category","embeddable":true,"href":"https:\/\/cparici.com\/de\/wp-json\/wp\/v2\/categories?post=40862"},{"taxonomy":"post_tag","embeddable":true,"href":"https:\/\/cparici.com\/de\/wp-json\/wp\/v2\/tags?post=40862"}],"curies":[{"name":"wp","href":"https:\/\/api.w.org\/{rel}","templated":true}]}}