{"id":42083,"date":"2024-08-04T09:00:05","date_gmt":"2024-08-04T07:00:05","guid":{"rendered":"https:\/\/cparici.com\/?p=42083"},"modified":"2025-03-25T17:36:51","modified_gmt":"2025-03-25T16:36:51","slug":"forets-de-france","status":"publish","type":"post","link":"https:\/\/cparici.com\/de\/forets-de-france\/","title":{"rendered":"W\u00e4lder in Frankreich - zwischen Natur und Kulturerbe"},"content":{"rendered":"<div data-elementor-type=\"wp-post\" data-elementor-id=\"42083\" class=\"elementor elementor-42083\" data-elementor-post-type=\"post\">\n\t\t\t\t<div class=\"elementor-element elementor-element-dcdc832 e-flex e-con-boxed e-con e-parent\" data-id=\"dcdc832\" data-element_type=\"container\" data-e-type=\"container\">\n\t\t\t\t\t<div class=\"e-con-inner\">\n\t\t\t\t<div class=\"elementor-element elementor-element-c4e42a9 elementor-widget elementor-widget-image\" data-id=\"c4e42a9\" data-element_type=\"widget\" data-e-type=\"widget\" data-widget_type=\"image.default\">\n\t\t\t\t\t\t\t\t\t\t\t\t\t\t\t<img decoding=\"async\" width=\"1500\" height=\"530\" src=\"https:\/\/cparici.com\/wp-content\/uploads\/2024\/08\/forets-de-france.jpg\" class=\"attachment-full size-full wp-image-42089\" alt=\"forests of frankreich\" srcset=\"https:\/\/cparici.com\/wp-content\/uploads\/2024\/08\/forets-de-france.jpg 1500w, https:\/\/cparici.com\/wp-content\/uploads\/2024\/08\/forets-de-france-600x212.jpg 600w, https:\/\/cparici.com\/wp-content\/uploads\/2024\/08\/forets-de-france-300x106.jpg 300w, https:\/\/cparici.com\/wp-content\/uploads\/2024\/08\/forets-de-france-1024x362.jpg 1024w, https:\/\/cparici.com\/wp-content\/uploads\/2024\/08\/forets-de-france-768x271.jpg 768w\" sizes=\"(max-width: 1500px) 100vw, 1500px\" \/>\t\t\t\t\t\t\t\t\t\t\t\t\t\t\t<\/div>\n\t\t\t\t\t<\/div>\n\t\t\t\t<\/div>\n\t\t<div class=\"elementor-element elementor-element-4abd87a1 e-flex e-con-boxed e-con e-parent\" data-id=\"4abd87a1\" data-element_type=\"container\" data-e-type=\"container\">\n\t\t\t\t\t<div class=\"e-con-inner\">\n\t\t\t\t<div class=\"elementor-element elementor-element-3ac08a66 elementor-widget elementor-widget-text-editor\" data-id=\"3ac08a66\" data-element_type=\"widget\" data-e-type=\"widget\" data-widget_type=\"text-editor.default\">\n\t\t\t\t\t\t\t\t\t<h1 style=\"text-align: center;\"><span style=\"font-size: 18pt;\"><strong>W\u00e4lder in Frankreich<\/strong><\/span><\/h1><p>Entdecken Sie die <strong>W\u00e4lder in Frankreich<\/strong>, leurs essences d\u2019arbres, les activit\u00e9s sportives et \u00e9v\u00e9nements, ainsi que les for\u00eats <a href=\"https:\/\/fr.wikipedia.org\/wiki\/For%C3%AAt_en_France#:~:text=Les%20for%C3%AAts%20en%20France%20m%C3%A9tropolitaine,boisement%20proche%20du%20taux%20mondial.\" target=\"_blank\" rel=\"noopener\">klassifiziert und gesch\u00fctzt<\/a>.<\/p><h2><span style=\"font-size: 18pt;\"><strong>Einf\u00fchrung in die W\u00e4lder Frankreichs<\/strong><\/span><\/h2><p>La France, riche en biodiversit\u00e9 et en paysages vari\u00e9s, abrite certaines des for\u00eats les plus majestueuses d\u2019Europe. Cet article vous emm\u00e8ne \u00e0 la d\u00e9couverte des for\u00eats fran\u00e7aises, leurs caract\u00e9ristiques distinctives, et les nombreuses activit\u00e9s qu\u2019elles offrent.<\/p><h3><strong>Definition von For\u00eats de France<\/strong><\/h3><p>Une for\u00eat est un vaste espace couvert d\u2019arbres et de v\u00e9g\u00e9tation dense, cr\u00e9ant un \u00e9cosyst\u00e8me complexe et riche en biodiversit\u00e9. Elle joue un r\u00f4le crucial dans la r\u00e9gulation du climat, la protection des sols et la conservation de la faune et de la flore.<\/p><h3><strong>Unterschied zwischen Wald und Holz<\/strong><\/h3><ul><li><strong>Wald <\/strong><\/li><\/ul><p>Ein gr\u00f6\u00dferes Gebiet mit einer dichten und vielf\u00e4ltigen Vegetation, die B\u00e4ume verschiedener Arten, Unterholz und eine reiche Tierwelt umfasst.<\/p><ul><li><strong>Holz <\/strong><\/li><\/ul><p>Ein kleineres Waldgebiet, das h\u00e4ufig zu Erholungszwecken oder zur Holzgewinnung genutzt wird.<\/p><h2><span style=\"font-size: 18pt;\">Staatliche, kommunale oder private W\u00e4lder in Frankreich<\/span><\/h2><h3 class=\"\" data-sourcepos=\"5:1-5:25\">Staatliche W\u00e4lder<\/h3><ul data-sourcepos=\"7:1-9:53\"><li data-sourcepos=\"7:1-7:50\"><strong>Eigentum :<\/strong> Appartiennent \u00e0 l\u2019\u00c9tat fran\u00e7ais.<\/li><li data-sourcepos=\"8:1-8:184\"><strong>Verwaltung :<\/strong> Plac\u00e9e sous la responsabilit\u00e9 de l\u2019Office National des For\u00eats (ONF), qui assure leur gestion durable en conciliant les aspects \u00e9conomiques, sociaux et environnementaux.<\/li><li data-sourcepos=\"9:1-9:53\"><strong>Verwendung :<\/strong> F\u00fcr verschiedene Zwecke bestimmt: Holzproduktion, Bodenschutz, Empfang von Besuchern usw.<\/li><li data-sourcepos=\"10:1-10:127\"><strong>Eigenschaften :<\/strong> Souvent de grande superficie, elles sont g\u00e9r\u00e9es selon des plans d\u2019am\u00e9nagement forestier pluriannuels.<\/li><li data-sourcepos=\"11:1-12:0\"><strong>Beispiel:<\/strong> La for\u00eat de Fontainebleau, la for\u00eat d\u2019Orl\u00e9ans.<\/li><\/ul><h3 class=\"\" data-sourcepos=\"13:1-13:25\">Kommunale W\u00e4lder<\/h3><ul data-sourcepos=\"15:1-17:72\"><li data-sourcepos=\"15:1-15:45\"><strong>Eigentum :<\/strong> Geh\u00f6ren den Gemeinden.<\/li><li data-sourcepos=\"16:1-16:119\"><strong>Verwaltung :<\/strong> Souvent d\u00e9l\u00e9gu\u00e9e \u00e0 l\u2019ONF, mais les communes conservent un droit de regard sur la gestion de leur for\u00eat.<\/li><li data-sourcepos=\"17:1-17:72\"><strong>Verwendung :<\/strong> Les usages sont vari\u00e9s et d\u00e9pendent des d\u00e9cisions de la commune : production de bois, loisirs, protection de l\u2019environnement.<\/li><li data-sourcepos=\"18:1-18:137\"><strong>Eigenschaften :<\/strong> Sie sind kleiner als Staatsw\u00e4lder und spielen eine wichtige Rolle im lokalen Wirtschafts- und Sozialgef\u00fcge.<\/li><li data-sourcepos=\"19:1-20:0\"><strong>Beispiel:<\/strong> Viele W\u00e4lder am Rande von St\u00e4dten und D\u00f6rfern.<\/li><\/ul><h3 class=\"\" data-sourcepos=\"21:1-21:22\">Private W\u00e4lder<\/h3><ul data-sourcepos=\"23:1-28:0\"><li data-sourcepos=\"23:1-23:88\"><strong>Eigentum :<\/strong> Geh\u00f6ren Privatpersonen, Unternehmen oder Vereinigungen.<\/li><li data-sourcepos=\"24:1-24:103\"><strong>Verwaltung :<\/strong> Frei von der Besitzerin oder dem Besitzer unter Beachtung der geltenden Vorschriften.<\/li><li data-sourcepos=\"25:1-25:152\"><strong>Verwendung :<\/strong> Die Verwendungszwecke sind sehr vielf\u00e4ltig und reichen von der Holzproduktion \u00fcber den Naturschutz bis hin zu Freizeitaktivit\u00e4ten.<\/li><li data-sourcepos=\"26:1-26:110\"><strong>Eigenschaften :<\/strong> Sie sind von sehr unterschiedlicher Gr\u00f6\u00dfe und k\u00f6nnen extensiv oder intensiv bewirtschaftet werden.<\/li><li data-sourcepos=\"27:1-28:0\"><strong>Beispiel:<\/strong> W\u00e4lder von Schlossherren, W\u00e4lder, die Forstunternehmen geh\u00f6ren.<\/li><\/ul><h3 class=\"\" data-sourcepos=\"29:1-29:22\">Vergleichende Tabelle<\/h3><div class=\"horizontal-scroll-wrapper\"><div class=\"table-block-component\"><div class=\"table-block\"><div class=\"table-content not-end-of-paragraph\"><table data-sourcepos=\"31:1-36:59\"><tbody><tr data-sourcepos=\"31:1-31:62\"><th data-sourcepos=\"31:1-31:9\">Kriterium<\/th><th data-sourcepos=\"31:11-31:27\">Staatlicher Wald<\/th><th data-sourcepos=\"31:29-31:45\">Kommunaler Wald<\/th><th data-sourcepos=\"31:47-31:60\">Privater Wald<\/th><\/tr><tr data-sourcepos=\"33:1-33:72\"><td data-sourcepos=\"33:1-33:14\">Eigent\u00fcmer<\/td><td data-sourcepos=\"33:16-33:21\">Staat<\/td><td data-sourcepos=\"33:23-33:31\">Gemeinde<\/td><td data-sourcepos=\"33:33-33:70\">Privatperson, Unternehmen, Verein<\/td><\/tr><tr data-sourcepos=\"34:1-34:92\"><td data-sourcepos=\"34:1-34:24\">Senior Manager<\/td><td data-sourcepos=\"34:26-34:30\">ONF<\/td><td data-sourcepos=\"34:32-34:75\">Souvent l\u2019ONF, mais d\u00e9cision de la commune<\/td><td data-sourcepos=\"34:77-34:90\">Eigent\u00fcmer<\/td><\/tr><tr data-sourcepos=\"35:1-35:151\"><td data-sourcepos=\"35:1-35:13\">Verwendung<\/td><td data-sourcepos=\"35:15-35:84\">Production de bois, protection de l\u2019environnement, accueil du public<\/td><td data-sourcepos=\"35:86-35:114\">Je nach Gemeinde unterschiedlich<\/td><td data-sourcepos=\"35:116-35:149\">Unterschiedlich je nach Besitzer<\/td><\/tr><tr data-sourcepos=\"36:1-36:59\"><td data-sourcepos=\"36:1-36:8\">Gr\u00f6\u00dfe<\/td><td data-sourcepos=\"36:10-36:30\">In der Regel gro\u00df<\/td><td data-sourcepos=\"36:32-36:41\">Variable<\/td><td data-sourcepos=\"36:43-36:57\">Sehr variabel<\/td><\/tr><\/tbody><\/table><\/div><\/div><\/div><\/div><h2><span style=\"font-size: 18pt;\"><strong>Beschreibung der verschiedenen Waldtypen in Frankreich<\/strong><\/span><\/h2><h3><strong>Laubw\u00e4lder<\/strong><\/h3><p>Laubw\u00e4lder, wie der Wald von Compi\u00e8gne, werden von Laubb\u00e4umen wie Eiche, Buche und Birke dominiert.<\/p><h3><strong>Nadelw\u00e4lder<\/strong><\/h3><p>Ces for\u00eats, comme celles des Vosges, sont compos\u00e9es principalement de conif\u00e8res tels que le pin, l\u2019\u00e9pic\u00e9a et le sapin, qui gardent leurs aiguilles toute l\u2019ann\u00e9e.<\/p><h3><strong>Gemischte W\u00e4lder<\/strong><\/h3><p>Mischw\u00e4lder, wie der Wald von Rambouillet, enthalten sowohl Laub- als auch Nadelb\u00e4ume und bieten eine gro\u00dfe \u00f6kologische Vielfalt.<\/p><h3><strong>Mediterrane W\u00e4lder<\/strong><\/h3><p>Les for\u00eats m\u00e9diterran\u00e9ennes, comme la for\u00eat de la Sainte-Baume, abritent des esp\u00e8ces r\u00e9sistantes \u00e0 la s\u00e9cheresse comme le ch\u00eane vert, le pin d\u2019Alep et l\u2019arbousier.<\/p><h2><span style=\"font-size: 18pt;\"><strong>Die bekanntesten W\u00e4lder in Frankreich<\/strong><\/span><\/h2><h3><strong>Wald von Fontainebleau<\/strong><\/h3><figure id=\"attachment_42092\" aria-describedby=\"caption-attachment-42092\" style=\"width: 1500px\" class=\"wp-caption aligncenter\"><a href=\"https:\/\/cparici.com\/wp-content\/uploads\/2024\/08\/foret-de-fontainebleau-forets-de-france.jpg\"><img decoding=\"async\" class=\"size-full wp-image-42092\" src=\"https:\/\/cparici.com\/wp-content\/uploads\/2024\/08\/foret-de-fontainebleau-forets-de-france.jpg\" alt=\"wald von fontainebleau - w\u00e4lder von frankreich\" width=\"1500\" height=\"530\" srcset=\"https:\/\/cparici.com\/wp-content\/uploads\/2024\/08\/foret-de-fontainebleau-forets-de-france.jpg 1500w, https:\/\/cparici.com\/wp-content\/uploads\/2024\/08\/foret-de-fontainebleau-forets-de-france-600x212.jpg 600w, https:\/\/cparici.com\/wp-content\/uploads\/2024\/08\/foret-de-fontainebleau-forets-de-france-300x106.jpg 300w, https:\/\/cparici.com\/wp-content\/uploads\/2024\/08\/foret-de-fontainebleau-forets-de-france-1024x362.jpg 1024w, https:\/\/cparici.com\/wp-content\/uploads\/2024\/08\/foret-de-fontainebleau-forets-de-france-768x271.jpg 768w\" sizes=\"(max-width: 1500px) 100vw, 1500px\" \/><\/a><figcaption id=\"caption-attachment-42092\" class=\"wp-caption-text\">for\u00eat de fontainebleau \u2013 for\u00eats de france<\/figcaption><\/figure><p>Gelegen in der N\u00e4he von <a href=\"https:\/\/cparici.com\/de\/paris\/\">Paris<\/a>, cette for\u00eat est c\u00e9l\u00e8bre pour ses formations rocheuses uniques et ses parcours de randonn\u00e9e et d\u2019escalade.<\/p><p data-sourcepos=\"3:1-3:13\"><strong>Der Wald von Fontainebleau<\/strong>, situ\u00e9e \u00e0 une soixantaine de kilom\u00e8tres au sud de Paris, est un massif forestier d\u2019exception, r\u00e9put\u00e9 pour ses paysages vari\u00e9s et sa richesse naturelle. Ce vaste espace de plus de 25 000 hectares offre un v\u00e9ritable havre de paix aux amoureux de la nature et aux sportifs.<\/p><h4 data-sourcepos=\"5:1-5:39\">Des Paysages D\u2019une Grande Diversit\u00e9<\/h4><ul data-sourcepos=\"7:1-7:69\"><li data-sourcepos=\"7:1-7:69\"><strong>Fontainebleau-Sandstein :<\/strong> L\u2019une des caract\u00e9ristiques les plus remarquables de la for\u00eat sont ses c\u00e9l\u00e8bres gr\u00e8s, ces formations rocheuses sculpt\u00e9es par l\u2019\u00e9rosion qui offrent des parcours d\u2019escalade mondialement reconnus.<br class=\"\" \/><div class=\"attachment-container search-images\"><div class=\"image-container hide-from-message-actions ng-star-inserted\"><div class=\"caption ellipsis gmat-caption ng-star-inserted\" aria-hidden=\"true\">\u00a0<\/div><\/div><\/div><\/li><li data-sourcepos=\"9:1-10:38\"><strong>Landes und Plateaus :<\/strong> Diese Fl\u00e4chen aus Sand und niedriger Vegetation stehen im Kontrast zu den Waldmassiven. Sie beherbergen eine besondere Flora und Fauna.<br \/><div class=\"attachment-container search-images\"><div class=\"image-container hide-from-message-actions ng-star-inserted\"><div class=\"caption ellipsis gmat-caption ng-star-inserted\" aria-hidden=\"true\">\u00a0<\/div><\/div><\/div><\/li><li data-sourcepos=\"11:1-11:148\"><strong>W\u00e4lder :<\/strong> Der Wald von Fontainebleau besteht haupts\u00e4chlich aus Eichen, Buchen und Waldkiefern. Diese W\u00e4lder bieten abwechslungsreiche Landschaften, die von schattigem Unterholz bis hin zu sonnigen Lichtungen reichen.<br \/><div class=\"attachment-container search-images\"><div class=\"image-container hide-from-message-actions ng-star-inserted\"><div class=\"caption ellipsis gmat-caption ng-star-inserted\" aria-hidden=\"true\">\u00a0<\/div><\/div><\/div><\/li><\/ul><h4 data-sourcepos=\"14:1-14:35\">Au\u00dfergew\u00f6hnliche Biodiversit\u00e4t<\/h4><p data-sourcepos=\"16:1-16:137\">La for\u00eat de Fontainebleau abrite une biodiversit\u00e9 remarquable, avec des milliers d\u2019esp\u00e8ces v\u00e9g\u00e9tales et animales. On y trouve notamment :<\/p><ul data-sourcepos=\"18:1-20:0\"><li data-sourcepos=\"18:1-18:114\"><strong>Tierwelt :<\/strong> Chevreuils, sangliers, renards, ainsi qu\u2019une grande vari\u00e9t\u00e9 d\u2019oiseaux, d\u2019insectes et de reptiles.<\/li><li data-sourcepos=\"19:1-20:0\"><strong>Flora :<\/strong> Eine reiche und vielf\u00e4ltige Flora, die an die verschiedenen Lebensr\u00e4ume des Waldes angepasst ist.<\/li><\/ul><h3><strong>Wald von Broc\u00e9liande<\/strong><\/h3><p>Der Wald von Broc\u00e9liande, der wegen seiner Verbindung zu den Artus-M\u00e4rchen legend\u00e4r ist, ist ein magischer Ort, der reich an Mythen und Legenden ist.<\/p><p data-sourcepos=\"3:1-3:45\"><strong>Der Wald von Broc\u00e9liande<\/strong> est un lieu charg\u00e9 d\u2019histoire, de mythes et de l\u00e9gendes, qui a inspir\u00e9 des g\u00e9n\u00e9rations d\u2019\u00e9crivains et de conteurs. Situ\u00e9e en Bretagne, entre Ille-et-Vilaine et Morbihan, cette for\u00eat envo\u00fbtante est un v\u00e9ritable havre de paix pour les amoureux de la nature et les passionn\u00e9s de l\u00e9gendes arthuriennes.<\/p><h3 class=\"\" data-sourcepos=\"5:1-5:20\">Ein mythischer Ort<\/h3><ul data-sourcepos=\"7:1-7:14\"><li data-sourcepos=\"7:1-7:14\"><strong>Die Wiege der Artuslegenden :<\/strong> C\u2019est dans cette for\u00eat que se d\u00e9roulent de nombreuses aventures du roi Arthur, de Merlin l\u2019enchanteur et de la f\u00e9e Viviane. Les noms de lieux \u00e9voquent cet univers magique : la Fontaine de Jouvence, le Val sans Retour, le Ch\u00eane d\u2019or\u2026<\/li><li data-sourcepos=\"8:1-8:253\"><strong>Eine zauberhafte Umgebung :<\/strong> La for\u00eat de Broc\u00e9liande est un v\u00e9ritable tableau vivant, avec ses h\u00eatres majestueux, ses landes bruy\u00e8res et ses petits \u00e9tangs. La lumi\u00e8re tamis\u00e9e qui r\u00e8gne sous les arbres et le silence de la nature contribuent \u00e0 l\u2019atmosph\u00e8re myst\u00e9rieuse du lieu.<br \/><div class=\"attachment-container search-images\"><div class=\"image-container hide-from-message-actions ng-star-inserted\"><div class=\"caption ellipsis gmat-caption ng-star-inserted\" aria-hidden=\"true\">\u00a0<\/div><\/div><\/div><\/li><\/ul><h3 class=\"\" data-sourcepos=\"11:1-11:24\">Eine unber\u00fchrte Natur<\/h3><ul data-sourcepos=\"13:1-15:0\"><li data-sourcepos=\"13:1-13:203\"><strong>Reiche Biodiversit\u00e4t :<\/strong> Der Wald von Broc\u00e9liande beherbergt eine vielf\u00e4ltige Tier- und Pflanzenwelt. Hier finden sich emblematische Arten der Bretagne wie Rehe, Dachse und Waldk\u00e4uze.<\/li><li data-sourcepos=\"14:1-15:0\"><strong>Wanderwege :<\/strong> Auf zahlreichen markierten Wanderwegen k\u00f6nnen Sie die verschiedenen Landschaften des Waldes und seiner Umgebung entdecken. Einige Wanderwege sind thematisch ausgerichtet und erz\u00e4hlen von den Legenden, die mit den Orten verbunden sind.<\/li><\/ul><h3 class=\"\" data-sourcepos=\"16:1-16:27\">Aktivit\u00e4ten f\u00fcr alle<\/h3><ul data-sourcepos=\"18:1-21:0\"><li data-sourcepos=\"18:1-18:166\"><strong>Le Centre de l\u2019Imaginaire Arthurien :<\/strong> Dieses Zentrum befindet sich im Schloss von Comper und bietet Ausstellungen, Auff\u00fchrungen und Animationen rund um die Artuswelt.<\/li><li data-sourcepos=\"19:1-19:151\"><strong>Erz\u00e4hlte Spazierg\u00e4nge :<\/strong> Zahlreiche F\u00fchrer bieten M\u00e4rchenwanderungen an, auf denen Sie die Legenden des Waldes auf spielerische und interaktive Weise kennenlernen k\u00f6nnen.<\/li><li data-sourcepos=\"20:1-21:0\"><strong>Entspannung :<\/strong> Der Wald von Broc\u00e9liande ist ebenfalls ein idealer Ort, um fernab vom Trubel der Stadt neue Energie zu tanken und sich zu entspannen.<\/li><\/ul><h3><strong>Wald der Landes<\/strong><\/h3><p>La plus grande for\u00eat artificielle d\u2019Europe, la for\u00eat des Landes est un vaste espace de pins maritimes, id\u00e9al pour les activit\u00e9s de plein air.<\/p><p data-sourcepos=\"3:1-3:286\"><strong>Der Wald in Les Landes<\/strong>Die Landes de Gascogne, auch bekannt als Wald der Landes de Gascogne, ist ein riesiges Waldgebiet in Frankreich. <a href=\"https:\/\/cparici.com\/de\/neu-aquitanien\/\">Neu-Aquitanien<\/a>, en France. Avec une superficie d\u2019environ 1 million d\u2019hectares, elle est <strong>l\u2019une des plus grandes for\u00eats artificielles d\u2019Europe occidentale.<\/strong><\/p><h3 class=\"\" data-sourcepos=\"5:1-5:27\">Eine einzigartige Geschichte<\/h3><p data-sourcepos=\"6:1-6:33\">Contrairement \u00e0 beaucoup d\u2019autres for\u00eats, celle des Landes n\u2019est pas le fruit d\u2019un processus naturel. Elle est n\u00e9e d\u2019un projet ambitieux de reboisement entrepris au XVIIIe si\u00e8cle pour ass\u00e9cher les Landes, alors marais insalubre et peu productif. Le pin maritime, r\u00e9sistant et \u00e0 croissance rapide, a \u00e9t\u00e9 choisi pour cette entreprise colossale.<\/p><h3 class=\"\" data-sourcepos=\"10:1-10:21\">Eine einzigartige Landschaft<\/h3><p data-sourcepos=\"11:1-11:336\">Aujourd\u2019hui, la for\u00eat des Landes offre un paysage caract\u00e9ristique, avec ses longues all\u00e9es rectilignes bord\u00e9es de pins maritimes. Cette monoculture foresti\u00e8re contraste avec la diversit\u00e9 biologique des for\u00eats naturelles. Cependant, la for\u00eat des Landes abrite \u00e9galement des zones humides, des landes et des cours d\u2019eau, offrant ainsi des habitats \u00e0 une faune et une flore vari\u00e9es.<\/p><h3 class=\"\" data-sourcepos=\"15:1-15:26\">Nat\u00fcrlicher Reichtum<\/h3><p data-sourcepos=\"16:1-16:97\">Trotz seines einheitlichen Erscheinungsbildes ist der Wald der Landes ein reiches und empfindliches \u00d6kosystem. Man findet dort :<\/p><ul data-sourcepos=\"18:1-21:0\"><li data-sourcepos=\"18:1-18:145\"><strong>Vielf\u00e4ltige Tierwelt :<\/strong> Chevreuils, sangliers, cerfs, ainsi qu\u2019une multitude d\u2019oiseaux (cigognes, milans, etc.) et d\u2019insectes peuplent la for\u00eat.<\/li><li data-sourcepos=\"19:1-19:137\"><strong>Eine angepasste Flora :<\/strong> Neben der Seekiefer kommen in Feuchtgebieten auch Heidekraut, Farne und fleischfressende Pflanzen vor.<\/li><li data-sourcepos=\"20:1-21:0\"><strong>Feuchtgebiete :<\/strong> <a href=\"https:\/\/cparici.com\/de\/lacanau-see\/\">Die Seen<\/a>, les \u00e9tangs et les cours d\u2019eau de la for\u00eat abritent une faune aquatique riche et diversifi\u00e9e.<\/li><\/ul><div class=\"dynamic-element-wrapper\"><div class=\"attachment-container search-images\">\u00a0<\/div><\/div><h3 class=\"\" data-sourcepos=\"24:1-24:27\">Aktivit\u00e4ten f\u00fcr alle<\/h3><p data-sourcepos=\"25:1-25:65\">Der Wald von Les Landes bietet zahlreiche Freizeitm\u00f6glichkeiten:<\/p><ul data-sourcepos=\"27:1-29:15\"><li data-sourcepos=\"27:1-27:113\"><strong>Wandern und Mountainbiking :<\/strong> Auf zahlreichen markierten Wanderwegen k\u00f6nnen Sie den Wald zu Fu\u00df oder mit dem Fahrrad erkunden.<\/li><li data-sourcepos=\"28:1-28:79\"><strong>Angeln :<\/strong> Die Seen und Fl\u00fcsse des Waldes sind bei Anglern beliebt.<\/li><li data-sourcepos=\"29:1-29:15\"><strong>Naturbeobachtung :<\/strong> Der Wald ist ein idealer Spielplatz f\u00fcr Ornithologen und Naturliebhaber.<\/li><li data-sourcepos=\"30:1-31:0\"><strong>Wassersport :<\/strong> Auf den gro\u00dfen Seen kann man segeln, Kanu fahren oder paddeln.<\/li><\/ul><div class=\"dynamic-element-wrapper\"><div class=\"attachment-container search-images\">\u00a0<\/div><\/div><h3 class=\"\" data-sourcepos=\"34:1-34:28\">Eine Umweltherausforderung<\/h3><p data-sourcepos=\"35:1-35:268\">Der Wald der Landes ist ein empfindliches \u00d6kosystem, das zahlreichen Belastungen ausgesetzt ist: Br\u00e4nde, Baumkrankheiten, intensive forstwirtschaftliche Nutzung. Die nachhaltige Bewirtschaftung dieses Waldes ist daher eine gro\u00dfe Herausforderung, um seine Biodiversit\u00e4t und seine \u00f6kologischen Funktionen zu erhalten.<\/p><h3><strong>Wald von Rambouillet<\/strong><\/h3><figure id=\"attachment_42095\" aria-describedby=\"caption-attachment-42095\" style=\"width: 1500px\" class=\"wp-caption alignnone\"><a href=\"https:\/\/cparici.com\/wp-content\/uploads\/2024\/08\/foret-de-Rambouillet.jpg\"><img decoding=\"async\" class=\"size-full wp-image-42095\" src=\"https:\/\/cparici.com\/wp-content\/uploads\/2024\/08\/foret-de-Rambouillet.jpg\" alt=\"Wald von Rambouillet\" width=\"1500\" height=\"530\" srcset=\"https:\/\/cparici.com\/wp-content\/uploads\/2024\/08\/foret-de-Rambouillet.jpg 1500w, https:\/\/cparici.com\/wp-content\/uploads\/2024\/08\/foret-de-Rambouillet-600x212.jpg 600w, https:\/\/cparici.com\/wp-content\/uploads\/2024\/08\/foret-de-Rambouillet-300x106.jpg 300w, https:\/\/cparici.com\/wp-content\/uploads\/2024\/08\/foret-de-Rambouillet-1024x362.jpg 1024w, https:\/\/cparici.com\/wp-content\/uploads\/2024\/08\/foret-de-Rambouillet-768x271.jpg 768w\" sizes=\"(max-width: 1500px) 100vw, 1500px\" \/><\/a><figcaption id=\"caption-attachment-42095\" class=\"wp-caption-text\">Wald von Rambouillet<\/figcaption><\/figure><p>In der N\u00e4he von <a href=\"https:\/\/cparici.com\/de\/schloss-von-versailles\/\">Versailles<\/a>Dieser Wald ist f\u00fcr seine Artenvielfalt und seine malerischen Wanderwege bekannt.<\/p><p data-sourcepos=\"3:1-3:301\"><strong>Der Wald von Rambouillet<\/strong>, \u00e9galement connue sous le nom de for\u00eat d\u2019Yveline ou d\u2019Iveline, est l\u2019un des principaux massifs forestiers d\u2019\u00cele-de-France. Situ\u00e9e \u00e0 une quarantaine de kilom\u00e8tres au sud-ouest de Paris, elle s\u2019\u00e9tend sur pr\u00e8s de 200 km\u00b2, offrant un havre de paix aux Parisiens en qu\u00eate d\u2019\u00e9vasion.<\/p><h3 class=\"\" data-sourcepos=\"5:1-5:32\">Eine reiche und vielf\u00e4ltige Geschichte<\/h3><p data-sourcepos=\"6:1-6:74\">Anciennement domaine de chasse des rois de France, la for\u00eat de Rambouillet a \u00e9t\u00e9 fa\u00e7onn\u00e9e par l\u2019homme pendant des si\u00e8cles. Ses all\u00e9es majestueuses, ses \u00e9tangs paisibles et ses ch\u00e2teaux t\u00e9moignent de ce pass\u00e9 royal.<\/p><h3 class=\"\" data-sourcepos=\"10:1-10:32\">Bemerkenswerte Biodiversit\u00e4t<\/h3><p data-sourcepos=\"11:1-11:265\">Trotz seiner N\u00e4he zur Hauptstadt beherbergt der Wald von Rambouillet eine bemerkenswerte Artenvielfalt. Seine vielf\u00e4ltigen Lebensr\u00e4ume, die von Eichenw\u00e4ldern \u00fcber Feuchtgebiete bis hin zu trockenen Heidelandschaften reichen, bieten zahlreichen Tier- und Pflanzenarten einen Lebensraum.<\/p><ul data-sourcepos=\"13:1-13:66\"><li data-sourcepos=\"13:1-13:66\"><strong>Tierwelt :<\/strong> On y rencontre des chevreuils, des sangliers, des renards, ainsi qu\u2019une multitude d\u2019oiseaux, d\u2019insectes et de reptiles.<\/li><li data-sourcepos=\"14:1-15:0\"><strong>Flora :<\/strong> Der Wald besteht haupts\u00e4chlich aus Eichen, aber es gibt auch Buchen, Kiefern und viele Arten von Unterholz.<\/li><\/ul><h3 class=\"\" data-sourcepos=\"16:1-16:37\">Aktivit\u00e4ten f\u00fcr jeden Geschmack<\/h3><p data-sourcepos=\"17:1-17:77\">La for\u00eat de Rambouillet offre une multitude d\u2019activit\u00e9s pour tous les go\u00fbts :<\/p><ul data-sourcepos=\"19:1-24:0\"><li data-sourcepos=\"19:1-19:120\"><strong>Wandern :<\/strong> Auf zahlreichen markierten Wanderwegen k\u00f6nnen Sie die verschiedenen Landschaften des Waldes entdecken.<\/li><li data-sourcepos=\"20:1-20:78\"><strong>Mountainbiking :<\/strong> Durch den Wald f\u00fchren Routen, die f\u00fcr alle Niveaus geeignet sind.<\/li><li data-sourcepos=\"21:1-21:80\"><strong>L\u2019\u00e9quitation :<\/strong> Mehrere Reitzentren bieten Ausritte an.<\/li><li data-sourcepos=\"22:1-22:90\"><strong>Die <a href=\"https:\/\/cparici.com\/de\/nautischer-sport-nautische-aktivitaten-frankreich\/\">Wassersport<\/a> :<\/strong> In einigen Teichen kann man angeln oder Kanu fahren.<\/li><li data-sourcepos=\"23:1-24:0\"><strong>Spielerische Aktivit\u00e4ten :<\/strong> L\u2019Espace Rambouillet propose des parcours aventure, des aires de jeux pour enfants et un parc animalier.<\/li><\/ul><div class=\"dynamic-element-wrapper\"><div class=\"attachment-container search-images\">\u00a0<\/div><\/div><h3 class=\"\" data-sourcepos=\"27:1-27:32\">Ein reiches kulturelles Erbe<\/h3><p data-sourcepos=\"28:1-28:180\">Neben seinem nat\u00fcrlichen Reichtum besitzt der Wald von Rambouillet auch ein bedeutendes kulturelles Erbe. Zahlreiche Schl\u00f6sser, wie das Ch\u00e2teau de Rambouillet oder das Ch\u00e2teau de Villiers-le-Mahieu, zeugen von seiner Vergangenheit.<\/p><h3 class=\"\" data-sourcepos=\"32:1-32:21\">Ein gesch\u00fctzter Raum<\/h3><p data-sourcepos=\"33:1-33:229\">Afin de pr\u00e9server cet espace naturel exceptionnel, de nombreuses mesures de protection ont \u00e9t\u00e9 mises en place. La for\u00eat de Rambouillet est class\u00e9e en grande partie en for\u00eat domaniale et b\u00e9n\u00e9ficie d\u2019une gestion foresti\u00e8re durable.<\/p><h2><span style=\"font-size: 18pt;\"><strong>Sportaktivit\u00e4ten und Veranstaltungen in den W\u00e4ldern in Frankreich<\/strong><\/span><\/h2><h3><strong>Wanderung<\/strong><\/h3><p>Die franz\u00f6sischen W\u00e4lder bieten Hunderte von Kilometern an Wanderwegen, die f\u00fcr alle Niveaus geeignet sind.<\/p><h3><strong>Radfahren<\/strong><\/h3><p>Durch viele W\u00e4lder f\u00fchren Radwege, sodass Sie diese Landschaften auch mit dem Fahrrad erkunden k\u00f6nnen.<\/p><h3><a href=\"https:\/\/cparici.com\/de\/reitfuhrer-frankreich\/\"><strong>Reiten<\/strong><\/a><\/h3><p>La for\u00eat de Fontainebleau et d\u2019autres for\u00eats disposent de chemins \u00e9questres pour des balades \u00e0 cheval.<\/p><h3><strong>Jagen und Angeln<\/strong><\/h3><p>In einigen W\u00e4ldern ist das Jagen und Angeln erlaubt, das zum Schutz der lokalen Flora und Fauna reguliert wird.<\/p><h3><strong>Kulturelle Veranstaltungen<\/strong><\/h3><p>In mehreren franz\u00f6sischen W\u00e4ldern werden Festivals und kulturelle Veranstaltungen wie historische Reenactments und Open-Air-Konzerte veranstaltet.<\/p><h2><strong>Sportliche Wettk\u00e4mpfe in den W\u00e4ldern Frankreichs<\/strong><\/h2><h3><strong>Courses d\u2019Orientation<\/strong><\/h3><p>La France accueille r\u00e9guli\u00e8rement des comp\u00e9titions de course d\u2019orientation dans ses for\u00eats, attirant des participants de toute l\u2019Europe.<\/p><h3><strong>Trail<\/strong><\/h3><p>Des courses de trail, comme l\u2019Eco-Trail de Paris, se d\u00e9roulent dans les for\u00eats, offrant des parcours exigeants et pittoresques.<\/p><h3><strong>MOUNTAINBIKE<\/strong><\/h3><p>In W\u00e4ldern wie den Vogesen werden Mountainbike-Wettbewerbe veranstaltet, die technisch anspruchsvolle und abwechslungsreiche Strecken bieten.<\/p><h2><strong>Klassifizierte und gesch\u00fctzte W\u00e4lder in Frankreich<\/strong><\/h2><h3><strong>Wald von Fontainebleau<\/strong><\/h3><p>Class\u00e9e r\u00e9serve biosph\u00e8re par l\u2019UNESCO, elle est prot\u00e9g\u00e9e pour sa biodiversit\u00e9 unique.<\/p><h3><strong>Wald von Tron\u00e7ais<\/strong><\/h3><p>Dieser f\u00fcr seine jahrhundertealten Eichen ber\u00fchmte Wald wurde aufgrund seines \u00f6kologischen und historischen Wertes unter Schutz gestellt.<\/p><h3><strong>Nationalpark der Cevennen<\/strong><\/h3><p>Dieser Park beherbergt ausgedehnte W\u00e4lder, die wegen ihres Reichtums an Flora und Fauna gesch\u00fctzt sind.<\/p><h2><strong>L\u2019Office National des For\u00eats (ONF)<\/strong><\/h2><p data-sourcepos=\"3:1-3:321\">L'<strong>Office National des For\u00eats (ONF)<\/strong> est un \u00e9tablissement public fran\u00e7ais charg\u00e9 de la gestion d\u2019une grande partie des for\u00eats publiques fran\u00e7aises. Il joue un r\u00f4le essentiel dans la pr\u00e9servation de notre patrimoine forestier, la gestion durable des ressources foresti\u00e8res et la promotion des activit\u00e9s li\u00e9es \u00e0 la for\u00eat.<\/p><h3 class=\"\" data-sourcepos=\"5:1-5:37\">Les missions principales de l\u2019ONF<\/h3><ul data-sourcepos=\"7:1-9:191\"><li data-sourcepos=\"7:1-7:336\"><strong>Nachhaltige Forstwirtschaft :<\/strong> L\u2019ONF est responsable de l\u2019am\u00e9nagement et de l\u2019exploitation des for\u00eats publiques en veillant \u00e0 concilier les objectifs \u00e9conomiques, sociaux et environnementaux. Cela inclut la plantation d\u2019arbres, l\u2019entretien des for\u00eats, la lutte contre les incendies et les maladies, ainsi que l\u2019exploitation du bois.<\/li><li data-sourcepos=\"8:1-8:243\"><strong>Schutz der biologischen Vielfalt :<\/strong> L\u2019ONF s\u2019engage \u00e0 pr\u00e9server la biodiversit\u00e9 des for\u00eats en mettant en place des mesures de protection des esp\u00e8ces et de leurs habitats. Il contribue \u00e9galement \u00e0 la restauration des milieux naturels d\u00e9grad\u00e9s.<\/li><li data-sourcepos=\"9:1-9:191\"><strong>Raumplanung :<\/strong> L\u2019ONF joue un r\u00f4le important dans l\u2019am\u00e9nagement du territoire en contribuant \u00e0 la pr\u00e9vention des risques naturels (inondations, glissements de terrain), \u00e0 la protection des sols et \u00e0 la r\u00e9gulation du climat.<\/li><li data-sourcepos=\"10:1-10:236\"><strong>Empfang der \u00d6ffentlichkeit :<\/strong> L\u2019ONF am\u00e9nage et entretient les for\u00eats pour permettre au public de profiter de la nature. Il propose ainsi de nombreux sentiers de randonn\u00e9e, des aires de pique-nique et des activit\u00e9s de d\u00e9couverte de la for\u00eat.<\/li><li data-sourcepos=\"11:1-12:0\"><strong>Forschung und Innovation :<\/strong> L\u2019ONF m\u00e8ne des recherches pour am\u00e9liorer ses pratiques et d\u00e9velopper de nouvelles m\u00e9thodes de gestion foresti\u00e8re, plus respectueuses de l\u2019environnement.<\/li><\/ul><h3 class=\"\" data-sourcepos=\"13:1-13:52\">L\u2019ONF, un acteur cl\u00e9 de la transition \u00e9cologique<\/h3><p data-sourcepos=\"15:1-15:74\">L\u2019ONF est au c\u0153ur des enjeux de la transition \u00e9cologique. Il contribue \u00e0 :<\/p><ul data-sourcepos=\"17:1-20:0\"><li data-sourcepos=\"17:1-17:188\"><strong>Kampf gegen den Klimawandel :<\/strong> Les for\u00eats jouent un r\u00f4le essentiel dans la capture du carbone. L\u2019ONF s\u2019engage \u00e0 renforcer le stockage du carbone dans les for\u00eats fran\u00e7aises.<\/li><li data-sourcepos=\"18:1-18:123\"><strong>Die Wasserressourcen sch\u00fctzen :<\/strong> Les for\u00eats r\u00e9gulent le cycle de l\u2019eau et contribuent \u00e0 am\u00e9liorer la qualit\u00e9 de l\u2019eau.<\/li><li data-sourcepos=\"19:1-20:0\"><strong>B\u00f6den sch\u00fctzen :<\/strong> Les for\u00eats prot\u00e8gent les sols de l\u2019\u00e9rosion et contribuent \u00e0 la lutte contre la d\u00e9sertification.<\/li><\/ul><h2><strong>For\u00eats de France \u2013 FAQ<\/strong><\/h2><p><strong>Was ist der Unterschied zwischen einem Wald und einem Holz?<\/strong><br \/>Une for\u00eat est un vaste espace avec une v\u00e9g\u00e9tation dense et diversifi\u00e9e, tandis qu\u2019un bois est une zone bois\u00e9e plus petite, souvent utilis\u00e9e pour des activit\u00e9s r\u00e9cr\u00e9atives.<\/p><p><strong>Welche Arten von W\u00e4ldern gibt es in Frankreich?<\/strong><br \/>Es gibt Laub-, Nadel-, Misch- und mediterrane W\u00e4lder.<\/p><p><strong>Welche sind die ber\u00fchmtesten W\u00e4lder in Frankreich?<\/strong><br \/>Zu den bekanntesten W\u00e4ldern geh\u00f6ren der Wald von Fontainebleau, der Wald von Broc\u00e9liande, der Wald von Les Landes und der Wald von Rambouillet.<\/p><p><strong>Welche Aktivit\u00e4ten kann man in den franz\u00f6sischen W\u00e4ldern aus\u00fcben?<\/strong><br \/>On peut y pratiquer la randonn\u00e9e, le cyclisme, l\u2019\u00e9quitation, la chasse et la p\u00eache.<\/p><p><strong>Welche Sportwettk\u00e4mpfe werden in den franz\u00f6sischen W\u00e4ldern veranstaltet?<\/strong><br \/>Des courses d\u2019orientation, des courses de trail et des comp\u00e9titions de VTT sont courantes.<\/p><p><strong>Qu\u2019est-ce que l\u2019ONF et quel est son r\u00f4le?<\/strong><br \/>L\u2019ONF est l\u2019Office National des For\u00eats, charg\u00e9 de la gestion durable des for\u00eats publiques en France, incluant la pr\u00e9servation de la biodiversit\u00e9 et la pr\u00e9vention des incendies.<\/p>\t\t\t\t\t\t\t\t<\/div>\n\t\t\t\t\t<\/div>\n\t\t\t\t<\/div>\n\t\t\t\t<\/div>","protected":false},"excerpt":{"rendered":"<p>For\u00eats de France D\u00e9couvrez les for\u00eats de France, leurs essences d\u2019arbres, les activit\u00e9s sportives et \u00e9v\u00e9nements, ainsi que les for\u00eats class\u00e9es et prot\u00e9g\u00e9es. Introduction aux for\u00eats de France La France, riche en biodiversit\u00e9 et en paysages vari\u00e9s, abrite certaines des for\u00eats les plus majestueuses d\u2019Europe. Cet article vous emm\u00e8ne \u00e0 la d\u00e9couverte des for\u00eats fran\u00e7aises, [&hellip;]<\/p>\n","protected":false},"author":1,"featured_media":42089,"comment_status":"closed","ping_status":"open","sticky":false,"template":"elementor_header_footer","format":"standard","meta":{"ngg_post_thumbnail":0,"footnotes":""},"categories":[477],"tags":[1278],"class_list":["post-42083","post","type-post","status-publish","format-standard","has-post-thumbnail","hentry","category-france","tag-forets"],"_links":{"self":[{"href":"https:\/\/cparici.com\/de\/wp-json\/wp\/v2\/posts\/42083","targetHints":{"allow":["GET"]}}],"collection":[{"href":"https:\/\/cparici.com\/de\/wp-json\/wp\/v2\/posts"}],"about":[{"href":"https:\/\/cparici.com\/de\/wp-json\/wp\/v2\/types\/post"}],"author":[{"embeddable":true,"href":"https:\/\/cparici.com\/de\/wp-json\/wp\/v2\/users\/1"}],"replies":[{"embeddable":true,"href":"https:\/\/cparici.com\/de\/wp-json\/wp\/v2\/comments?post=42083"}],"version-history":[{"count":0,"href":"https:\/\/cparici.com\/de\/wp-json\/wp\/v2\/posts\/42083\/revisions"}],"wp:featuredmedia":[{"embeddable":true,"href":"https:\/\/cparici.com\/de\/wp-json\/wp\/v2\/media\/42089"}],"wp:attachment":[{"href":"https:\/\/cparici.com\/de\/wp-json\/wp\/v2\/media?parent=42083"}],"wp:term":[{"taxonomy":"category","embeddable":true,"href":"https:\/\/cparici.com\/de\/wp-json\/wp\/v2\/categories?post=42083"},{"taxonomy":"post_tag","embeddable":true,"href":"https:\/\/cparici.com\/de\/wp-json\/wp\/v2\/tags?post=42083"}],"curies":[{"name":"wp","href":"https:\/\/api.w.org\/{rel}","templated":true}]}}