{"id":42238,"date":"2024-08-05T22:19:38","date_gmt":"2024-08-05T20:19:38","guid":{"rendered":"https:\/\/cparici.com\/?p=42238"},"modified":"2025-04-11T09:07:54","modified_gmt":"2025-04-11T07:07:54","slug":"les-vieilles-charrues-festival","status":"publish","type":"post","link":"https:\/\/cparici.com\/de\/les-vieilles-charrues-festival\/","title":{"rendered":"Les Vieilles Charrues - Das unumg\u00e4ngliche Festival der Bretagne"},"content":{"rendered":"\t\t<div data-elementor-type=\"wp-post\" data-elementor-id=\"42238\" class=\"elementor elementor-42238\" data-elementor-post-type=\"post\">\n\t\t\t\t<div class=\"elementor-element elementor-element-804d87e e-con-full e-flex e-con e-parent\" data-id=\"804d87e\" data-element_type=\"container\" data-e-type=\"container\">\n\t\t\t\t<div class=\"elementor-element elementor-element-c128f09 elementor-widget elementor-widget-image\" data-id=\"c128f09\" data-element_type=\"widget\" data-e-type=\"widget\" data-widget_type=\"image.default\">\n\t\t\t\t\t\t\t\t\t\t\t\t\t\t\t<img decoding=\"async\" width=\"1500\" height=\"530\" src=\"https:\/\/cparici.com\/wp-content\/uploads\/2024\/08\/Vieilles-Charrues-Festival.jpg\" class=\"attachment-full size-full wp-image-42239\" alt=\"Vieilles Charrues Festival\" srcset=\"https:\/\/cparici.com\/wp-content\/uploads\/2024\/08\/Vieilles-Charrues-Festival.jpg 1500w, https:\/\/cparici.com\/wp-content\/uploads\/2024\/08\/Vieilles-Charrues-Festival-600x212.jpg 600w, https:\/\/cparici.com\/wp-content\/uploads\/2024\/08\/Vieilles-Charrues-Festival-300x106.jpg 300w, https:\/\/cparici.com\/wp-content\/uploads\/2024\/08\/Vieilles-Charrues-Festival-1024x362.jpg 1024w, https:\/\/cparici.com\/wp-content\/uploads\/2024\/08\/Vieilles-Charrues-Festival-768x271.jpg 768w\" sizes=\"(max-width: 1500px) 100vw, 1500px\" \/>\t\t\t\t\t\t\t\t\t\t\t\t\t\t\t<\/div>\n\t\t\t\t<\/div>\n\t\t<div class=\"elementor-element elementor-element-6ca1b27 e-flex e-con-boxed e-con e-parent\" data-id=\"6ca1b27\" data-element_type=\"container\" data-e-type=\"container\">\n\t\t\t\t\t<div class=\"e-con-inner\">\n\t\t\t\t<div class=\"elementor-element elementor-element-8792961 elementor-widget elementor-widget-global elementor-global-62046 elementor-widget-eael-advanced-search\" data-id=\"8792961\" data-element_type=\"widget\" data-e-type=\"widget\" data-widget_type=\"eael-advanced-search.default\">\n\t\t\t\t\t        <div class=\"eael-adv-search-wrapper\">\n            <div id=\"eael-advanced-search-widget-8792961\" class=\"eael-advanced-search-widget\">\n                <form data-settings=\"{&quot;post_per_page&quot;:5,&quot;search_among_taxonomies&quot;:&quot;&quot;,&quot;search_among_sku&quot;:&quot;no&quot;,&quot;show_popular_keyword&quot;:0,&quot;show_category&quot;:0,&quot;show_content_image&quot;:1,&quot;show_search_result_all_results&quot;:0,&quot;result_on_new_tab&quot;:&quot;no&quot;,&quot;show_product_price&quot;:&quot;no&quot;,&quot;include_current_page&quot;:&quot;no&quot;,&quot;current_post_id&quot;:42238,&quot;post_type&quot;:[&quot;post&quot;,&quot;listing&quot;]}\" method=\"POST\" name=\"eael-advanced-search-form-8792961\" class=\"eael-advanced-search-form eael-advanced-search-form-style-2\">\n                    <div class=\"eael-advanced-search-wrap\">\n                        <span class=\"eael-adv-search-loader\"><\/span>\n                        <span class=\"eael-adv-search-close\"><i class=\"fas fa-times\"><\/i><\/span>\n                        <span class=\"icon \"><i class=\"fas fa-search\"><\/i><\/span>\n\n                        <input type=\"text\"\n                               placeholder=\"Votre destination\"\n                               class=\"eael-advanced-search\" autocomplete=\"off\" name=\"eael_advanced_search\">\n                    <\/div>\n\t\t\t\t\t                                    <\/form>\n\n\t\t\t\t\n\t\t\t\t        <div class=\"eael-advanced-search-result\">\n            <div class=\"eael-advanced-search-popular-keyword\">\n\t\t\t\t<h4 class=\"eael-advanced-search-popular-keyword-text\">Recherches populaires<\/h4>                <div class=\"eael-popular-keyword-content\"><\/div>\n            <\/div>\n            <div class=\"eael-advanced-search-category\">\n\t\t\t\t<h4 class=\"eael-advanced-search-category-text\">Categories<\/h4>                <div class=\"eael-popular-category-content\"><\/div>\n            <\/div>\n\t\t\t<div class=\"eael-advanced-search-total-results-section\">\n\t\t\t\t\t\t\t<\/div>\n            <div class=\"eael-advanced-search-content eael-item-style-3\">\n            <\/div>\n            <div class=\"eael-advanced-search-not-found\">\n                <p>Pas de r\u00e9sultats<\/p><\/div>\n            <div class=\"eael-advanced-search-load-more\">\n\t\t\t\t<a \tclass=\"eael-advanced-search-load-more-button\"\n                \thref=\"#\">Voir tous les r\u00e9sultats<\/a>\n            <\/div>\n        <\/div>\n\n\t\t            <\/div>\n        <\/div>\n\n\t\t\t\t\t\t<\/div>\n\t\t\t\t\t<\/div>\n\t\t\t\t<\/div>\n\t\t<div class=\"elementor-element elementor-element-ad7e00a e-flex e-con-boxed e-con e-parent\" data-id=\"ad7e00a\" data-element_type=\"container\" data-e-type=\"container\">\n\t\t\t\t\t<div class=\"e-con-inner\">\n\t\t\t\t<div class=\"elementor-element elementor-element-39d08efc elementor-widget elementor-widget-text-editor\" data-id=\"39d08efc\" data-element_type=\"widget\" data-e-type=\"widget\" data-widget_type=\"text-editor.default\">\n\t\t\t\t\t\t\t\t\t<h1 style=\"text-align: center;\"><strong>Les Vieilles Charrues le festival<\/strong><\/h1><p><strong>Le festival Les Vieilles Charrues<\/strong>, situ\u00e9 \u00e0 Carhaix-Plouguer en <a href=\"https:\/\/cparici.com\/fr\/visiter-la-bretagne-guide-des-sites-et-villes-a-explorer\/\">Bretagne<\/a>, est l\u2019un des plus grands <a href=\"https:\/\/cparici.com\/fr\/festivals-en-france\/\">festivals<\/a> de musique en <a href=\"https:\/\/cparici.com\/fr\/visiter-la-france-guide-des-regions-et-sites-touristiques\/\">France<\/a>. Attirant des dizaines de milliers de spectateurs chaque ann\u00e9e, cet \u00e9v\u00e9nement est un incontournable pour les amateurs de musique et de culture.<\/p><h2><strong>Introduction et histoire du Festival Les Vieilles Charrues<\/strong><\/h2><h3><strong>Origines et Cr\u00e9ation<\/strong><\/h3><p>Les Vieilles Charrues ont vu le jour en 1992, fond\u00e9 par un groupe d\u2019amis d\u00e9sireux de dynamiser leur r\u00e9gion. Initialement un petit \u00e9v\u00e9nement local, le festival a rapidement gagn\u00e9 en popularit\u00e9 gr\u00e2ce \u00e0 son ambiance conviviale et \u00e0 la qualit\u00e9 de ses spectacles.<\/p><p data-sourcepos=\"7:1-7:49\">Tout a commenc\u00e9 en 1992, dans le petit village de Landeleau, par une f\u00eate entre amis. L\u2019id\u00e9e \u00e9tait simple : se retrouver, partager un bon moment et \u00e9couter de la musique. <strong>Le nom \u201cVieilles Charrues\u201d a \u00e9t\u00e9 choisi en clin d\u2019\u0153il aux \u201cVieux Gr\u00e9ements\u201d<\/strong>, une f\u00eate maritime qui se d\u00e9roulait \u00e0 Brest la m\u00eame ann\u00e9e.<\/p><p data-sourcepos=\"9:1-9:245\">Tr\u00e8s vite, cette f\u00eate a d\u00e9pass\u00e9 le cadre local pour devenir un \u00e9v\u00e9nement d\u2019envergure nationale, puis internationale. L\u2019ambiance bon enfant, la programmation \u00e9clectique et le cadre bucolique de Carhaix ont s\u00e9duit un public de plus en plus large.<\/p><h3><strong>\u00c9volution au Fil des Ans<\/strong><\/h3><p>Au fil des ann\u00e9es, Les Vieilles Charrues se sont transform\u00e9es en un \u00e9v\u00e9nement majeur. De quelques centaines de spectateurs lors de ses premi\u00e8res \u00e9ditions, le festival accueille aujourd\u2019hui pr\u00e8s de 270 000 personnes sur plusieurs jours. Cette croissance exponentielle t\u00e9moigne de l\u2019attrait et de la r\u00e9putation que Les Vieilles Charrues ont su b\u00e2tir.<\/p><h2><strong>Les Stars et Musiciens C\u00e9l\u00e8bres au Festival<\/strong><\/h2><h3><strong>Performances M\u00e9morables<\/strong><\/h3><p>Les Vieilles Charrues ont \u00e9t\u00e9 le th\u00e9\u00e2tre de performances inoubliables. Des moments de musique grav\u00e9s dans la m\u00e9moire collective des festivaliers, gr\u00e2ce \u00e0 des artistes qui ont su captiver leur audience.<\/p><h3><strong>Artistes Internationaux<\/strong><\/h3><p>Le festival a accueilli des l\u00e9gendes internationales telles que Bob Dylan, Bruce Springsteen, et Muse. Ces artistes ont apport\u00e9 une renomm\u00e9e mondiale \u00e0 l\u2019\u00e9v\u00e9nement, attirant des fans de toute l\u2019Europe et au-del\u00e0.<\/p><h3><strong>Ic\u00f4nes Fran\u00e7aises<\/strong><\/h3><p>Des stars fran\u00e7aises comme Stromae, Johnny Hallyday, et Christine and the Queens ont \u00e9galement brill\u00e9 sur la sc\u00e8ne des Vieilles Charrues. Leur pr\u00e9sence renforce l\u2019importance de la sc\u00e8ne musicale francophone au sein du festival.<\/p><figure id=\"attachment_64413\" aria-describedby=\"caption-attachment-64413\" style=\"width: 1024px\" class=\"wp-caption aligncenter\"><a href=\"https:\/\/cparici.com\/wp-content\/uploads\/2024\/08\/Les-vieilles-charrues-copie-decran-du-site-internet-officiel.jpg\"><img decoding=\"async\" class=\"wp-image-64413 size-large\" src=\"https:\/\/cparici.com\/wp-content\/uploads\/2024\/08\/Les-vieilles-charrues-copie-decran-du-site-internet-officiel-1024x494.jpg\" alt=\"Les vieilles charrues copie d'\u00e9cran du site internet officiel\" width=\"1024\" height=\"494\" srcset=\"https:\/\/cparici.com\/wp-content\/uploads\/2024\/08\/Les-vieilles-charrues-copie-decran-du-site-internet-officiel-1024x494.jpg 1024w, https:\/\/cparici.com\/wp-content\/uploads\/2024\/08\/Les-vieilles-charrues-copie-decran-du-site-internet-officiel-300x145.jpg 300w, https:\/\/cparici.com\/wp-content\/uploads\/2024\/08\/Les-vieilles-charrues-copie-decran-du-site-internet-officiel-768x370.jpg 768w, https:\/\/cparici.com\/wp-content\/uploads\/2024\/08\/Les-vieilles-charrues-copie-decran-du-site-internet-officiel-1536x741.jpg 1536w, https:\/\/cparici.com\/wp-content\/uploads\/2024\/08\/Les-vieilles-charrues-copie-decran-du-site-internet-officiel-18x9.jpg 18w, https:\/\/cparici.com\/wp-content\/uploads\/2024\/08\/Les-vieilles-charrues-copie-decran-du-site-internet-officiel-590x284.jpg 590w, https:\/\/cparici.com\/wp-content\/uploads\/2024\/08\/Les-vieilles-charrues-copie-decran-du-site-internet-officiel-1200x579.jpg 1200w, https:\/\/cparici.com\/wp-content\/uploads\/2024\/08\/Les-vieilles-charrues-copie-decran-du-site-internet-officiel-577x278.jpg 577w, https:\/\/cparici.com\/wp-content\/uploads\/2024\/08\/Les-vieilles-charrues-copie-decran-du-site-internet-officiel-600x289.jpg 600w, https:\/\/cparici.com\/wp-content\/uploads\/2024\/08\/Les-vieilles-charrues-copie-decran-du-site-internet-officiel.jpg 1881w\" sizes=\"(max-width: 1024px) 100vw, 1024px\" \/><\/a><figcaption id=\"caption-attachment-64413\" class=\"wp-caption-text\">Les vieilles charrues copie d\u2019\u00e9cran du site internet officiel<\/figcaption><\/figure><h2 data-start=\"166\" data-end=\"212\"><span style=\"font-size: 18pt;\">Programmation Vieilles Charrues 2025<\/span><\/h2><h3 class=\"\" data-start=\"166\" data-end=\"212\">Jeudi 17 juillet : Ouverture en fanfare<\/h3><p class=\"\" data-start=\"214\" data-end=\"409\"><span class=\"relative -mx-px my-[-0.2rem] rounded px-px py-[0.2rem] transition-colors duration-100 ease-in-out\">La premi\u00e8re journ\u00e9e mettra \u00e0 l\u2019honneur des artistes de renom tels que <strong data-start=\"70\" data-end=\"91\">Alanis Morissette<\/strong>, <strong data-start=\"93\" data-end=\"110\">Damiano David<\/strong> (chanteur de M\u00e5neskin en solo), et la DJ russe <strong data-start=\"158\" data-end=\"173\">Nina Kraviz<\/strong>.<\/span> <span class=\"relative -mx-px my-[-0.2rem] rounded px-px py-[0.2rem] transition-colors duration-100 ease-in-out\">Le rap sera repr\u00e9sent\u00e9 par <strong data-start=\"27\" data-end=\"38\">Tiakola<\/strong> et <strong data-start=\"42\" data-end=\"51\">Bekar<\/strong>, tandis que l\u2019\u00e9lectro sera assur\u00e9e par <strong data-start=\"91\" data-end=\"113\">Vladimir Cauchemar<\/strong> et <strong data-start=\"117\" data-end=\"125\">Trym<\/strong>.<\/span> <span class=\"relative -mx-px my-[-0.2rem] rounded px-px py-[0.2rem] transition-colors duration-100 ease-in-out\">Des groupes comme <strong data-start=\"18\" data-end=\"28\">Deluxe<\/strong>, <strong data-start=\"30\" data-end=\"38\">Naza<\/strong>, et <strong data-start=\"43\" data-end=\"69\">Sa\u00efan Supa Celebration<\/strong> compl\u00e9teront cette journ\u00e9e riche en diversit\u00e9 musicale.<\/span> \u200b<\/p><hr class=\"\" data-start=\"411\" data-end=\"414\" \/><h3 class=\"\" data-start=\"416\" data-end=\"462\">\ud83c\udfb6 Vendredi 18 juillet : Fusion des genres<\/h3><p class=\"\" data-start=\"464\" data-end=\"667\"><span class=\"relative -mx-px my-[-0.2rem] rounded px-px py-[0.2rem] transition-colors duration-100 ease-in-out\">Le vendredi verra se produire des artistes vari\u00e9s tels que <strong data-start=\"59\" data-end=\"76\">Gesaffelstein<\/strong>, <strong data-start=\"78\" data-end=\"93\">Julien Dor\u00e9<\/strong>, <strong data-start=\"95\" data-end=\"105\">Laylow<\/strong>, <strong data-start=\"107\" data-end=\"121\">Macklemore<\/strong>, <strong data-start=\"123\" data-end=\"136\">The Kills<\/strong>, et <strong data-start=\"141\" data-end=\"156\">Viagra Boys<\/strong>.<\/span> <span class=\"relative -mx-px my-[-0.2rem] rounded px-px py-[0.2rem] transition-colors duration-100 ease-in-out\">Des talents \u00e9mergents comme <strong data-start=\"28\" data-end=\"38\">Solann<\/strong>, <strong data-start=\"40\" data-end=\"47\">Tif<\/strong>, et <strong data-start=\"52\" data-end=\"67\">Aime Simone<\/strong> seront \u00e9galement pr\u00e9sents.<\/span> <span class=\"relative -mx-px my-[-0.2rem] rounded px-px py-[0.2rem] transition-colors duration-100 ease-in-out\">La sc\u00e8ne \u00e9lectro sera anim\u00e9e par <strong data-start=\"33\" data-end=\"45\">Alo Wala<\/strong>, <strong data-start=\"47\" data-end=\"69\">Horizontal Francis<\/strong>, et <strong data-start=\"74\" data-end=\"89\">Maraboutage<\/strong>, offrant une journ\u00e9e riche en d\u00e9couvertes musicales.<\/span> \u200b<\/p><hr class=\"\" data-start=\"669\" data-end=\"672\" \/><h3 class=\"\" data-start=\"674\" data-end=\"726\">\ud83c\udf1f Samedi 19 juillet : \u00c9lectro et rock en fusion<\/h3><p class=\"\" data-start=\"728\" data-end=\"933\"><span class=\"relative -mx-px my-[-0.2rem] rounded px-px py-[0.2rem] transition-colors duration-100 ease-in-out\">Le samedi mettra en avant des artistes tels que <strong data-start=\"48\" data-end=\"63\">Amelie Lens<\/strong>, <strong data-start=\"65\" data-end=\"75\">Aurora<\/strong>, <strong data-start=\"77\" data-end=\"87\">Luidji<\/strong>, <strong data-start=\"89\" data-end=\"107\">Martin Solveig<\/strong>, et <strong data-start=\"112\" data-end=\"129\">Stereophonics<\/strong>.<\/span> <span class=\"relative -mx-px my-[-0.2rem] rounded px-px py-[0.2rem] transition-colors duration-100 ease-in-out\">Des performances de <strong data-start=\"20\" data-end=\"39\">Ad\u00e8le Castillon<\/strong>, <strong data-start=\"41\" data-end=\"62\">Philippe Katerine<\/strong>, et <strong data-start=\"67\" data-end=\"88\">Worakls Orchestra<\/strong> sont \u00e9galement pr\u00e9vues.<\/span> <span class=\"relative -mx-px my-[-0.2rem] rounded px-px py-[0.2rem] transition-colors duration-100 ease-in-out\">La journ\u00e9e sera compl\u00e9t\u00e9e par des groupes comme <strong data-start=\"48\" data-end=\"64\">Fallen Alien<\/strong>, <strong data-start=\"66\" data-end=\"77\">Fleuves<\/strong>, et <strong data-start=\"82\" data-end=\"100\">Lambrini Girls<\/strong>, promettant une ambiance \u00e9lectrisante.<\/span> \u200b<\/p><hr class=\"\" data-start=\"935\" data-end=\"938\" \/><h3 class=\"\" data-start=\"940\" data-end=\"989\">\ud83c\udf89 Dimanche 20 juillet : Cl\u00f4ture en apoth\u00e9ose<\/h3><p class=\"\" data-start=\"991\" data-end=\"1196\"><span class=\"relative -mx-px my-[-0.2rem] rounded px-px py-[0.2rem] transition-colors duration-100 ease-in-out\">La derni\u00e8re journ\u00e9e accueillera des artistes majeurs tels que <strong data-start=\"62\" data-end=\"71\">Damso<\/strong>, <strong data-start=\"73\" data-end=\"85\">Ofenbach<\/strong>, <strong data-start=\"87\" data-end=\"121\">Sex Pistols feat. Frank Carter<\/strong>, <strong data-start=\"123\" data-end=\"142\">Zaho de Sagazan<\/strong>, et <strong data-start=\"147\" data-end=\"160\">Kompromat<\/strong>.<\/span> <span class=\"relative -mx-px my-[-0.2rem] rounded px-px py-[0.2rem] transition-colors duration-100 ease-in-out\">Des performances de <strong data-start=\"20\" data-end=\"34\">Last Train<\/strong>, <strong data-start=\"36\" data-end=\"49\">Ben Mazu\u00e9<\/strong>, <strong data-start=\"51\" data-end=\"62\">Ronisia<\/strong>, et <strong data-start=\"67\" data-end=\"74\">Yoa<\/strong> sont \u00e9galement pr\u00e9vues.<\/span> <span class=\"relative -mx-px my-[-0.2rem] rounded px-px py-[0.2rem] transition-colors duration-100 ease-in-out\">La diversit\u00e9 musicale sera au rendez-vous pour cl\u00f4turer le festival en beaut\u00e9.<\/span> \u200b<\/p><h2><strong>Informations Pratiques pour Assister au Festival<\/strong><\/h2><h3><strong>Dates et Lieu<\/strong><\/h3><h3 class=\"\" data-start=\"2836\" data-end=\"2860\">Le festival se d\u00e9roule habituellement \u00e0 la mi-juillet<span style=\"color: #707070; font-size: 16px;\">\u00a0sur le site de Kerampuilh \u00e0 Carhaix-Plouguer. Un cadre pittoresque qui se transforme en une v\u00e9ritable cit\u00e9 musicale pendant plusieurs jours.<\/span><\/h3><h3 class=\"\" data-start=\"2836\" data-end=\"2860\">Dates du festival 2025<\/h3><p class=\"\" data-start=\"2862\" data-end=\"2947\"><span class=\"relative -mx-px my-[-0.2rem] rounded px-px py-[0.2rem] transition-colors duration-100 ease-in-out\">Le festival se d\u00e9roulera du <strong data-start=\"28\" data-end=\"76\">jeudi 17 juillet au dimanche 20 juillet 2025<\/strong> sur le site de Kerampuilh \u00e0 Carhaix-Plouguer.<\/span><\/p><h3><strong>Tarifs et Billetterie 2025<\/strong><\/h3><p>Les tarifs des billets varient selon la dur\u00e9e de l\u2019\u00e9v\u00e9nement et les options choisies (pass journalier, pass multi-jours, etc.). Il est conseill\u00e9 d\u2019acheter ses billets \u00e0 l\u2019avance sur le site officiel du festival pour \u00e9viter les d\u00e9sagr\u00e9ments de derni\u00e8re minute.<\/p><table class=\"min-w-full\" data-start=\"181\" data-end=\"1496\"><thead data-start=\"181\" data-end=\"322\"><tr data-start=\"181\" data-end=\"322\"><th data-start=\"181\" data-end=\"210\">Type de billet<\/th><th data-start=\"210\" data-end=\"227\">Tarif \u201cPresto\u201d<\/th><th data-start=\"227\" data-end=\"245\">Tarif \u201cRegular\u201d<\/th><th data-start=\"245\" data-end=\"322\">Remarques<\/th><\/tr><\/thead><tbody data-start=\"465\" data-end=\"1496\"><tr data-start=\"465\" data-end=\"654\"><td class=\"\" data-start=\"465\" data-end=\"514\"><span class=\"relative -mx-px my-[-0.2rem] rounded px-px py-[0.2rem] transition-colors duration-100 ease-in-out\"><strong data-start=\"0\" data-end=\"17\" data-is-last-node=\"\" data-is-only-node=\"\">Billet 1 jour<\/strong><\/span><\/td><td class=\"\" data-start=\"514\" data-end=\"564\"><span class=\"relative -mx-px my-[-0.2rem] rounded px-px py-[0.2rem] transition-colors duration-100 ease-in-out\">52 \u20ac<\/span><\/td><td class=\"\" data-start=\"564\" data-end=\"611\"><span class=\"relative -mx-px my-[-0.2rem] rounded px-px py-[0.2rem] transition-colors duration-100 ease-in-out\">Variable<\/span><\/td><td class=\"\" data-start=\"611\" data-end=\"654\"><span class=\"relative -mx-px my-[-0.2rem] rounded px-px py-[0.2rem] transition-colors duration-100 ease-in-out\">Valable pour une journ\u00e9e au choix (jeudi, vendredi, samedi ou dimanche)<\/span><\/td><\/tr><tr data-start=\"655\" data-end=\"844\"><td class=\"\" data-start=\"655\" data-end=\"705\"><span class=\"relative -mx-px my-[-0.2rem] rounded px-px py-[0.2rem] transition-colors duration-100 ease-in-out\"><strong data-start=\"0\" data-end=\"16\" data-is-last-node=\"\" data-is-only-node=\"\">Pass 3 jours<\/strong><\/span><\/td><td class=\"\" data-start=\"705\" data-end=\"754\"><span class=\"relative -mx-px my-[-0.2rem] rounded px-px py-[0.2rem] transition-colors duration-100 ease-in-out\">144 \u20ac<\/span><\/td><td class=\"\" data-start=\"754\" data-end=\"801\"><span class=\"relative -mx-px my-[-0.2rem] rounded px-px py-[0.2rem] transition-colors duration-100 ease-in-out\">Variable<\/span><\/td><td class=\"\" data-start=\"801\" data-end=\"844\"><span class=\"relative -mx-px my-[-0.2rem] rounded px-px py-[0.2rem] transition-colors duration-100 ease-in-out\">Disponible pour les combinaisons : jeudi-vendredi-samedi ou vendredi-samedi-dimanche<\/span><\/td><\/tr><tr data-start=\"845\" data-end=\"1067\"><td class=\"\" data-start=\"845\" data-end=\"897\"><span class=\"relative -mx-px my-[-0.2rem] rounded px-px py-[0.2rem] transition-colors duration-100 ease-in-out\"><strong data-start=\"0\" data-end=\"16\" data-is-last-node=\"\" data-is-only-node=\"\">Pass 4 jours<\/strong><\/span><\/td><td class=\"\" data-start=\"897\" data-end=\"948\"><span class=\"relative -mx-px my-[-0.2rem] rounded px-px py-[0.2rem] transition-colors duration-100 ease-in-out\">191 \u20ac<\/span><\/td><td class=\"\" data-start=\"948\" data-end=\"1000\"><span class=\"relative -mx-px my-[-0.2rem] rounded px-px py-[0.2rem] transition-colors duration-100 ease-in-out\">199 \u20ac<\/span><\/td><td class=\"\" data-start=\"1000\" data-end=\"1067\"><span class=\"relative -mx-px my-[-0.2rem] rounded px-px py-[0.2rem] transition-colors duration-100 ease-in-out\">Acc\u00e8s complet au festival du 17 au 20 juillet 2025<\/span><\/td><\/tr><tr data-start=\"1068\" data-end=\"1265\"><td class=\"\" data-start=\"1068\" data-end=\"1115\"><span class=\"relative -mx-px my-[-0.2rem] rounded px-px py-[0.2rem] transition-colors duration-100 ease-in-out\"><strong data-start=\"0\" data-end=\"21\" data-is-last-node=\"\" data-is-only-node=\"\">Enfants (-14 ans)<\/strong><\/span><\/td><td class=\"\" data-start=\"1115\" data-end=\"1166\"><span class=\"relative -mx-px my-[-0.2rem] rounded px-px py-[0.2rem] transition-colors duration-100 ease-in-out\">-50 %<\/span><\/td><td class=\"\" data-start=\"1166\" data-end=\"1222\"><ul data-start=\"0\" data-end=\"1\" data-is-last-node=\"\" data-is-only-node=\"\"><li data-start=\"0\" data-end=\"1\" data-is-last-node=\"\">\u00a0<\/li><\/ul><\/td><td class=\"\" data-start=\"1222\" data-end=\"1265\"><span class=\"relative -mx-px my-[-0.2rem] rounded px-px py-[0.2rem] transition-colors duration-100 ease-in-out\">R\u00e9duction disponible uniquement en points de vente physiques ou par email<\/span><\/td><\/tr><tr data-start=\"1266\" data-end=\"1496\"><td class=\"\" data-start=\"1266\" data-end=\"1308\"><span class=\"relative -mx-px my-[-0.2rem] rounded px-px py-[0.2rem] transition-colors duration-100 ease-in-out\"><strong data-start=\"0\" data-end=\"44\" data-is-last-node=\"\" data-is-only-node=\"\">Personnes en situation de handicap (PSH)<\/strong><\/span><\/td><td class=\"\" data-start=\"1308\" data-end=\"1351\"><span class=\"relative -mx-px my-[-0.2rem] rounded px-px py-[0.2rem] transition-colors duration-100 ease-in-out\">Tarif standard<\/span><\/td><td class=\"\" data-start=\"1351\" data-end=\"1407\"><ul data-start=\"0\" data-end=\"1\" data-is-last-node=\"\" data-is-only-node=\"\"><li data-start=\"0\" data-end=\"1\" data-is-last-node=\"\">\u00a0<\/li><\/ul><\/td><td class=\"\" data-start=\"1407\" data-end=\"1449\"><span class=\"relative -mx-px my-[-0.2rem] rounded px-px py-[0.2rem] transition-colors duration-100 ease-in-out\">Billets disponibles sur la billetterie d\u00e9di\u00e9e avec infrastructures adapt\u00e9es<\/span><\/td><\/tr><\/tbody><\/table><h3 class=\"\" data-start=\"1639\" data-end=\"1682\">Points de vente et modalit\u00e9s d\u2019achat<\/h3><ul data-start=\"1684\" data-end=\"2102\"><li class=\"\" data-start=\"1684\" data-end=\"1798\"><p class=\"\" data-start=\"1686\" data-end=\"1798\"><strong data-start=\"1686\" data-end=\"1710\">Billetterie en ligne<\/strong> : <span class=\"relative -mx-px my-[-0.2rem] rounded px-px py-[0.2rem] transition-colors duration-100 ease-in-out\"><a href=\"https:\/\/www.vieillescharrues.asso.fr\/billetterie\/\" target=\"_new\" rel=\"noopener noreferrer\" data-start=\"0\" data-end=\"88\" data-is-last-node=\"\" data-is-only-node=\"\">Site officiel des Vieilles Charrues<\/a><\/span>\u200b<\/p><\/li><li class=\"\" data-start=\"1799\" data-end=\"2102\"><p class=\"\" data-start=\"1801\" data-end=\"1832\"><strong data-start=\"1801\" data-end=\"1830\">Points de vente physiques<\/strong> :<\/p><ul data-start=\"1835\" data-end=\"2102\"><li class=\"\" data-start=\"1835\" data-end=\"1922\"><p class=\"\" data-start=\"1837\" data-end=\"1922\"><span class=\"relative -mx-px my-[-0.2rem] rounded px-px py-[0.2rem] transition-colors duration-100 ease-in-out\">Dialogues Morlaix, 9 rue d\u2019Aiguillon, 29600 Morlaix<\/span>\u200b<\/p><\/li><li class=\"\" data-start=\"1925\" data-end=\"2012\"><p class=\"\" data-start=\"1927\" data-end=\"2012\"><span class=\"relative -mx-px my-[-0.2rem] rounded px-px py-[0.2rem] transition-colors duration-100 ease-in-out\">Maison de la Presse Rostrenen, 6 place de la R\u00e9publique, 22110 Rostrenen<\/span>\u200b<\/p><\/li><li class=\"\" data-start=\"2015\" data-end=\"2102\"><p class=\"\" data-start=\"2017\" data-end=\"2102\"><span class=\"relative -mx-px my-[-0.2rem] rounded px-px py-[0.2rem] transition-colors duration-100 ease-in-out\">Office du Tourisme \u2013 C\u00f4te des L\u00e9gendes, Place des trois piliers, 29260 Lesneven<\/span>\u200b<\/p><\/li><\/ul><\/li><\/ul><p class=\"\" data-start=\"2104\" data-end=\"2238\"><em data-start=\"2104\" data-end=\"2152\">\u200b<span class=\"relative -mx-px my-[-0.2rem] rounded px-px py-[0.2rem] transition-colors duration-100 ease-in-out\">Les billets pour enfants (-14 ans) sont disponibles uniquement dans ces points de vente physiques ou en contactant : <a href=\"mailto:bi*********@*******************so.fr\" data-original-string=\"szTMrEdAh3fVy3XJXRi+tA==25648mV\/Llv2negxZThz4UwCwOquZSLMWCKzFhH\/QRwJ+sY0rbkOo41d\/zirG+7IwzZ\" title=\"Dieser Kontakt wurde von Anti-Spam by CleanTalk verschl\u00fcsselt. Klicken Sie hier, um ihn zu entschl\u00fcsseln. Um die Entschl\u00fcsselung abzuschlie\u00dfen, stellen Sie sicher, dass JavaScript in Ihrem Browser aktiviert ist.\" data-start=\"117\" data-end=\"153\" data-is-last-node=\"\"><span \n                data-original-string='CmgoJgwKegWrOyx\/Uw\/kUA==256PgqkqgnxBWsIg+Daltdh8J2kgHlznV2n1agnHsSDZb8vtj7vXl51PxI6Y9YoP5oR'\n                class='apbct-email-encoder'\n                title='Dieser Kontakt wurde von Anti-Spam by CleanTalk verschl\u00fcsselt. Klicken Sie hier, um ihn zu entschl\u00fcsseln. Um die Entschl\u00fcsselung abzuschlie\u00dfen, stellen Sie sicher, dass JavaScript in Ihrem Browser aktiviert ist.'>bi<span class=\"apbct-blur\">*********<\/span>@<span class=\"apbct-blur\">*******************<\/span>so.fr<\/span><\/a><\/span><\/em><\/p><figure id=\"attachment_64414\" aria-describedby=\"caption-attachment-64414\" style=\"width: 1024px\" class=\"wp-caption aligncenter\"><a href=\"https:\/\/cparici.com\/wp-content\/uploads\/2024\/08\/tarifs_vieilles_charrues_2025.jpg\"><img decoding=\"async\" class=\"wp-image-64414 size-large\" src=\"https:\/\/cparici.com\/wp-content\/uploads\/2024\/08\/tarifs_vieilles_charrues_2025-1024x291.jpg\" alt=\"tarifs vieilles charrues 2025\" width=\"1024\" height=\"291\" srcset=\"https:\/\/cparici.com\/wp-content\/uploads\/2024\/08\/tarifs_vieilles_charrues_2025-1024x291.jpg 1024w, https:\/\/cparici.com\/wp-content\/uploads\/2024\/08\/tarifs_vieilles_charrues_2025-300x85.jpg 300w, https:\/\/cparici.com\/wp-content\/uploads\/2024\/08\/tarifs_vieilles_charrues_2025-768x219.jpg 768w, https:\/\/cparici.com\/wp-content\/uploads\/2024\/08\/tarifs_vieilles_charrues_2025-1536x437.jpg 1536w, https:\/\/cparici.com\/wp-content\/uploads\/2024\/08\/tarifs_vieilles_charrues_2025-2048x583.jpg 2048w, https:\/\/cparici.com\/wp-content\/uploads\/2024\/08\/tarifs_vieilles_charrues_2025-18x5.jpg 18w, https:\/\/cparici.com\/wp-content\/uploads\/2024\/08\/tarifs_vieilles_charrues_2025-590x168.jpg 590w, https:\/\/cparici.com\/wp-content\/uploads\/2024\/08\/tarifs_vieilles_charrues_2025-1200x342.jpg 1200w, https:\/\/cparici.com\/wp-content\/uploads\/2024\/08\/tarifs_vieilles_charrues_2025-577x164.jpg 577w, https:\/\/cparici.com\/wp-content\/uploads\/2024\/08\/tarifs_vieilles_charrues_2025-600x171.jpg 600w, https:\/\/cparici.com\/wp-content\/uploads\/2024\/08\/tarifs_vieilles_charrues_2025-350x100.jpg 350w\" sizes=\"(max-width: 1024px) 100vw, 1024px\" \/><\/a><figcaption id=\"caption-attachment-64414\" class=\"wp-caption-text\">tarifs vieilles charrues 2025<\/figcaption><\/figure><h2 data-sourcepos=\"1:1-1:73\">La bourse aux billets des Vieilles Charrues : un march\u00e9 \u00e0 part enti\u00e8re<\/h2><p data-sourcepos=\"3:1-3:180\"><strong>La bourse aux billets des Vieilles Charrues est un syst\u00e8me mis en place par le festival pour permettre aux festivaliers de revendre ou d\u2019acheter des billets en toute s\u00e9curit\u00e9.<\/strong><\/p><h3 data-sourcepos=\"5:1-5:45\">Pourquoi utiliser la bourse aux billets ?<\/h3><ul data-sourcepos=\"7:1-7:173\"><li data-sourcepos=\"7:1-7:173\"><strong>Vous ne pouvez plus venir ?<\/strong> Si vous avez achet\u00e9 un billet mais que vous ne pouvez finalement pas assister au festival, la bourse aux billets vous permet de le revendre \u00e0 un autre festivalier.<\/li><li data-sourcepos=\"8:1-8:93\"><strong>Vous n\u2019avez pas r\u00e9ussi \u00e0 avoir de billet ?<\/strong> Si la billetterie officielle est \u00e9puis\u00e9e, la bourse aux billets peut \u00eatre une solution pour trouver le pr\u00e9cieux s\u00e9same.<\/li><\/ul><h3 data-sourcepos=\"10:1-10:23\">Comment \u00e7a marche ?<\/h3><p data-sourcepos=\"12:1-12:221\">Le fonctionnement exact de la bourse aux billets peut varier d\u2019une ann\u00e9e \u00e0 l\u2019autre. Il est donc essentiel de consulter le site officiel des Vieilles Charrues pour conna\u00eetre les modalit\u00e9s en vigueur pour l\u2019\u00e9dition \u00e0 venir.<\/p><p data-sourcepos=\"14:1-14:255\">G\u00e9n\u00e9ralement, la bourse aux billets est accessible via une plateforme en ligne d\u00e9di\u00e9e. Vous pouvez y d\u00e9poser votre billet \u00e0 vendre en pr\u00e9cisant le prix souhait\u00e9. Les autres festivaliers peuvent alors consulter les offres disponibles et proc\u00e9der \u00e0 l\u2019achat.<\/p><p data-sourcepos=\"16:1-16:59\"><strong>Important :<\/strong> Pour garantir la s\u00e9curit\u00e9 des transactions, la bourse aux billets est souvent soumise \u00e0 des conditions particuli\u00e8res :<\/p><ul data-sourcepos=\"18:1-21:0\"><li data-sourcepos=\"18:1-18:77\"><strong>Prix:<\/strong> Le prix de revente est g\u00e9n\u00e9ralement encadr\u00e9 pour \u00e9viter les abus.<\/li><li data-sourcepos=\"19:1-19:80\"><strong>Frais:<\/strong> Des frais de service peuvent \u00eatre appliqu\u00e9s lors de la transaction.<\/li><li data-sourcepos=\"20:1-21:0\"><strong>Identification:<\/strong> Vous devrez peut-\u00eatre vous identifier pour effectuer une vente ou un achat.<\/li><\/ul><h3 data-sourcepos=\"22:1-22:29\">Les pr\u00e9cautions \u00e0 prendre<\/h3><ul data-sourcepos=\"24:1-27:0\"><li data-sourcepos=\"24:1-24:201\"><strong>V\u00e9rifiez l\u2019authenticit\u00e9 des billets :<\/strong> Avant d\u2019effectuer un achat, assurez-vous de l\u2019authenticit\u00e9 du billet propos\u00e9. N\u2019h\u00e9sitez pas \u00e0 contacter l\u2019organisation des Vieilles Charrues en cas de doute.<\/li><li data-sourcepos=\"25:1-25:134\"><strong>Utilisez les canaux officiels :<\/strong> Privil\u00e9giez les plateformes officielles mises en place par le festival pour \u00e9viter les arnaques.<\/li><li data-sourcepos=\"26:1-27:0\"><strong>Conservez les preuves de transaction :<\/strong> Gardez pr\u00e9cieusement les preuves de votre achat ou de votre vente pour pouvoir vous faire rembourser en cas de probl\u00e8me.<\/li><\/ul><h3><strong>Possibilit\u00e9s de Logement<\/strong><\/h3><p>Carhaix et ses environs offrent diverses possibilit\u00e9s de logement, allant du camping sur place aux h\u00f4tels et g\u00eetes. Le camping est tr\u00e8s pris\u00e9 pour son ambiance festive et sa proximit\u00e9 avec le site du festival.<\/p><h2 data-sourcepos=\"1:1-1:77\">Le camping des Vieilles Charrues : un village \u00e9ph\u00e9m\u00e8re au c\u0153ur du festival<\/h2><p data-sourcepos=\"3:1-3:272\">Le camping des Vieilles Charrues est bien plus qu\u2019un simple lieu pour dormir. C\u2019est un v\u00e9ritable village \u00e9ph\u00e9m\u00e8re qui s\u2019anime au rythme du festival. Il offre aux festivaliers la possibilit\u00e9 de vivre une exp\u00e9rience immersive et conviviale, en dehors des sc\u00e8nes principales.<\/p><h3 data-sourcepos=\"5:1-5:42\">Un acc\u00e8s gratuit, mais sur r\u00e9servation<\/h3><p data-sourcepos=\"6:1-6:18\">L\u2019acc\u00e8s au camping est <strong>gratuit<\/strong>, mais <strong>obligatoirement sur r\u00e9servation<\/strong>. Cette mesure permet \u00e0 l\u2019organisation de mieux g\u00e9rer les flux et d\u2019offrir un meilleur accueil aux campeurs.<\/p><h3 data-sourcepos=\"10:1-10:38\">Une ambiance festive et conviviale<\/h3><p data-sourcepos=\"11:1-11:186\">Le camping est un lieu de rencontres et d\u2019\u00e9changes. Les festivaliers y partagent leurs passions, cuisinent ensemble, organisent des soir\u00e9es \u00e0 th\u00e8me et cr\u00e9ent des souvenirs inoubliables.<\/p><h3 data-sourcepos=\"15:1-15:30\">Des services et animations<\/h3><p data-sourcepos=\"16:1-16:83\">Le camping dispose de nombreux services pour faciliter le s\u00e9jour des festivaliers :<\/p><ul data-sourcepos=\"18:1-18:102\"><li data-sourcepos=\"18:1-18:102\"><strong>Points d\u2019eau et sanitaires:<\/strong> Des blocs sanitaires sont r\u00e9partis sur tout le terrain, avec des douches chaudes et des lavabos.<\/li><li data-sourcepos=\"19:1-19:143\"><strong>Village camping:<\/strong> Un espace d\u00e9di\u00e9 aux animations et aux partenariats, avec des stands de restauration, des bars et des activit\u00e9s diverses.<\/li><li data-sourcepos=\"20:1-21:0\"><strong>Tri s\u00e9lectif:<\/strong> Le festival met \u00e0 disposition des poubelles de tri pour favoriser le respect de l\u2019environnement.<\/li><\/ul><h3 data-sourcepos=\"24:1-24:43\">Quelques conseils pour un s\u00e9jour r\u00e9ussi<\/h3><ul data-sourcepos=\"25:1-29:0\"><li data-sourcepos=\"25:1-25:122\"><strong>R\u00e9servez votre emplacement \u00e0 l\u2019avance:<\/strong> Les places sont limit\u00e9es, il est donc conseill\u00e9 de r\u00e9server d\u00e8s que possible.<\/li><li data-sourcepos=\"26:1-26:129\"><strong>Pr\u00e9voyez tout le n\u00e9cessaire:<\/strong> Tente, matelas, duvet, lampes frontales, v\u00eatements chauds, produits de toilette, nourriture\u2026<\/li><li data-sourcepos=\"27:1-27:117\"><strong>Soyez respectueux de l\u2019environnement:<\/strong> Triez vos d\u00e9chets, \u00e9conomisez l\u2019eau et faites le moins de bruit possible.<\/li><li data-sourcepos=\"28:1-29:0\"><strong>Profitez de l\u2019exp\u00e9rience:<\/strong> Le camping est un lieu unique pour vivre pleinement l\u2019esprit des Vieilles Charrues.<\/li><\/ul><h3 data-sourcepos=\"30:1-30:13\">En r\u00e9sum\u00e9<\/h3><p data-sourcepos=\"31:1-31:228\">Le camping des Vieilles Charrues est un incontournable pour tous les festivaliers qui souhaitent vivre une exp\u00e9rience compl\u00e8te et conviviale. C\u2019est un lieu de rencontres, de partage et de f\u00eate, o\u00f9 l\u2019on se sent comme \u00e0 la maison.<\/p><h3><strong>Acc\u00e8s et Transport<\/strong><\/h3><p>Carhaix est accessible en voiture, en train, et m\u00eame en bus sp\u00e9cial mis en place pour l\u2019occasion. Des navettes sont \u00e9galement disponibles pour faciliter le transport entre le site du festival et les principales gares et parkings.<\/p><h3><strong>Conseils pour une Meilleure Exp\u00e9rience<\/strong><\/h3><ul><li><strong>Pr\u00e9parez-vous pour la m\u00e9t\u00e9o<\/strong> : Le climat breton peut \u00eatre impr\u00e9visible. Apportez des v\u00eatements adapt\u00e9s \u00e0 toutes les conditions.<\/li><li><strong>Planifiez \u00e0 l\u2019avance<\/strong> : Consultez le programme et organisez votre emploi du temps pour ne pas manquer vos artistes pr\u00e9f\u00e9r\u00e9s.<\/li><li><strong>Respectez les r\u00e8gles<\/strong> : Suivez les consignes de s\u00e9curit\u00e9 et respectez les autres festivaliers pour une exp\u00e9rience agr\u00e9able pour tous.<\/li><\/ul><h3><strong>Ambiance et Atmosph\u00e8re du Festival<\/strong><\/h3><p>Les Vieilles Charrues se distinguent par une ambiance unique, alliant convivialit\u00e9, diversit\u00e9 musicale, et f\u00eate. Les festivaliers viennent de tous horizons pour partager un moment de joie et de musique dans un cadre chaleureux.<\/p><h3><strong>S\u00e9curit\u00e9 et R\u00e8glement<\/strong><\/h3><p>Le festival met un point d\u2019honneur \u00e0 assurer la s\u00e9curit\u00e9 de tous. Des mesures strictes sont en place pour garantir une exp\u00e9rience s\u00e9curis\u00e9e, avec des \u00e9quipes de s\u00e9curit\u00e9 pr\u00e9sentes sur tout le site.<\/p><h2><strong>Les Vieilles Charrues 2024<\/strong><\/h2><h3><strong>Dates<\/strong><\/h3><p>Pour l\u2019\u00e9dition 2024, le festival se tiendra du 11 au 14 juillet. Une programmation \u00e9clectique et excitante est pr\u00e9vue, avec des t\u00eates d\u2019affiche qui promettent de faire vibrer les festivaliers.<\/p><p class=\"\" data-start=\"40\" data-end=\"159\"><span class=\"relative -mx-px my-[-0.2rem] rounded px-px py-[0.2rem] transition-colors duration-100 ease-in-out\">Le festival des <strong data-start=\"16\" data-end=\"42\">Vieilles Charrues 2024<\/strong> s\u2019est d\u00e9roul\u00e9 du <strong data-start=\"60\" data-end=\"85\">11 au 14 juillet 2024<\/strong> \u00e0 Carhaix-Plouguer, en Bretagne.<\/span> <span class=\"relative -mx-px my-[-0.2rem] rounded px-px py-[0.2rem] transition-colors duration-100 ease-in-out\">Cette 32\u1d49 \u00e9dition, plac\u00e9e sous le th\u00e8me de la sorcellerie, a offert une programmation riche et vari\u00e9e, m\u00ealant artistes internationaux et talents francophones.<\/span>\u200b<\/p><h3 class=\"\" data-start=\"161\" data-end=\"186\">Jeudi 11 juillet 2024<\/h3><p class=\"\" data-start=\"188\" data-end=\"345\"><span class=\"relative -mx-px my-[-0.2rem] rounded px-px py-[0.2rem] transition-colors duration-100 ease-in-out\">La journ\u00e9e d\u2019ouverture a \u00e9t\u00e9 marqu\u00e9e par des performances de <strong data-start=\"61\" data-end=\"74\">Sam Smith<\/strong>, <strong data-start=\"76\" data-end=\"86\">Gossip<\/strong>, <strong data-start=\"88\" data-end=\"95\">PLK<\/strong>, et <strong data-start=\"100\" data-end=\"108\">Shay<\/strong>.<\/span> <span class=\"relative -mx-px my-[-0.2rem] rounded px-px py-[0.2rem] transition-colors duration-100 ease-in-out\">Le public a \u00e9galement pu appr\u00e9cier les prestations de <strong data-start=\"54\" data-end=\"85\">Apashe with Brass Orchestra<\/strong>, <strong data-start=\"87\" data-end=\"98\">Cerrone<\/strong>, <strong data-start=\"100\" data-end=\"109\">Herv\u00e9<\/strong>, <strong data-start=\"111\" data-end=\"128\">L\u2019Imp\u00e9ratrice<\/strong>, <strong data-start=\"130\" data-end=\"138\">Yam\u00ea<\/strong>, <strong data-start=\"140\" data-end=\"151\">Zamdane<\/strong>, <strong data-start=\"153\" data-end=\"162\">Zaoui<\/strong>, <strong data-start=\"164\" data-end=\"173\">Alias<\/strong>, <strong data-start=\"175\" data-end=\"191\">Baby Volcano<\/strong>, <strong data-start=\"193\" data-end=\"210\">Lucie Antunes<\/strong>, et <strong data-start=\"215\" data-end=\"224\">Meule<\/strong>.<\/span> \u200b<\/p><h3 class=\"\" data-start=\"347\" data-end=\"375\">Vendredi 12 juillet 2024<\/h3><p class=\"\" data-start=\"377\" data-end=\"538\"><span class=\"relative -mx-px my-[-0.2rem] rounded px-px py-[0.2rem] transition-colors duration-100 ease-in-out\">Le second jour a vu se succ\u00e9der sur sc\u00e8ne <strong data-start=\"42\" data-end=\"51\">Sting<\/strong>, <strong data-start=\"53\" data-end=\"66\">PJ Harvey<\/strong>, <strong data-start=\"68\" data-end=\"77\">Hoshi<\/strong>, <strong data-start=\"79\" data-end=\"91\">Yungblud<\/strong>, <strong data-start=\"93\" data-end=\"104\">Jok\u2019Air<\/strong>, et <strong data-start=\"109\" data-end=\"119\">Trinix<\/strong>.<\/span> <span class=\"relative -mx-px my-[-0.2rem] rounded px-px py-[0.2rem] transition-colors duration-100 ease-in-out\">D\u2019autres artistes tels que <strong data-start=\"27\" data-end=\"44\">Flavia Coelho<\/strong>, <strong data-start=\"46\" data-end=\"65\">Kid Francescoli<\/strong>, <strong data-start=\"67\" data-end=\"79\">Molecule<\/strong>, <strong data-start=\"81\" data-end=\"99\">Roland Cristal<\/strong>, <strong data-start=\"101\" data-end=\"110\">Santa<\/strong>, <strong data-start=\"112\" data-end=\"122\">Simony<\/strong>, <strong data-start=\"124\" data-end=\"138\">Championne<\/strong>, <strong data-start=\"140\" data-end=\"154\">Our Lights<\/strong>, <strong data-start=\"156\" data-end=\"170\">Bab L\u2019Bluz<\/strong>, <strong data-start=\"172\" data-end=\"192\">In C\u201920 Sonneurs<\/strong>, <strong data-start=\"194\" data-end=\"205\">Labelle<\/strong>, et <strong data-start=\"210\" data-end=\"226\">Mademoiselle<\/strong> ont \u00e9galement contribu\u00e9 \u00e0 l\u2019ambiance festive de la journ\u00e9e.<\/span> \u200b<\/p><h3 class=\"\" data-start=\"540\" data-end=\"566\">Samedi 13 juillet 2024<\/h3><p class=\"\" data-start=\"568\" data-end=\"733\"><span class=\"relative -mx-px my-[-0.2rem] rounded px-px py-[0.2rem] transition-colors duration-100 ease-in-out\">Le troisi\u00e8me jour a \u00e9t\u00e9 anim\u00e9 par des artistes comme <strong data-start=\"53\" data-end=\"75\">Grand Corps Malade<\/strong>, <strong data-start=\"77\" data-end=\"91\">Rival Sons<\/strong>, <strong data-start=\"93\" data-end=\"105\">Soolking<\/strong>, <strong data-start=\"107\" data-end=\"125\">Caravan Palace<\/strong>, <strong data-start=\"127\" data-end=\"142\">Creeds Live<\/strong>, <strong data-start=\"144\" data-end=\"155\">La F\u00e8ve<\/strong>, <strong data-start=\"157\" data-end=\"169\">Lala &ce<\/strong>, <strong data-start=\"171\" data-end=\"186\">Olivia Ruiz<\/strong>, <strong data-start=\"188\" data-end=\"197\">Atoem<\/strong>, <strong data-start=\"199\" data-end=\"217\">Dakh Daughters<\/strong>, <strong data-start=\"219\" data-end=\"228\">Ivarh<\/strong>, <strong data-start=\"230\" data-end=\"244\">Lagon Noir<\/strong>, <strong data-start=\"246\" data-end=\"254\">Ojos<\/strong>, <strong data-start=\"256\" data-end=\"266\">Sierra<\/strong>, et <strong data-start=\"271\" data-end=\"296\">Les Vulves Assassines<\/strong>.<\/span> <span class=\"relative -mx-px my-[-0.2rem] rounded px-px py-[0.2rem] transition-colors duration-100 ease-in-out\">Un fest-noz a \u00e9galement \u00e9t\u00e9 organis\u00e9 avec <strong data-start=\"42\" data-end=\"53\">Skolvan<\/strong>, <strong data-start=\"55\" data-end=\"64\">Dixit<\/strong>, <strong data-start=\"66\" data-end=\"90\">L\u2019Haridon-Le Pottier<\/strong>, et <strong data-start=\"95\" data-end=\"116\">C\u2019hoarezed Gu\u00e9lou<\/strong>, mettant \u00e0 l\u2019honneur la culture bretonne.<\/span><\/p><h3 class=\"\" data-start=\"735\" data-end=\"763\">Dimanche 14 juillet 2024<\/h3><p class=\"\" data-start=\"765\" data-end=\"930\"><span class=\"relative -mx-px my-[-0.2rem] rounded px-px py-[0.2rem] transition-colors duration-100 ease-in-out\">La cl\u00f4ture du festival a \u00e9t\u00e9 assur\u00e9e par des performances de <strong data-start=\"61\" data-end=\"78\">Kings of Leon<\/strong>, <strong data-start=\"80\" data-end=\"96\">Simple Minds<\/strong>, <strong data-start=\"98\" data-end=\"116\">Djadja & Dinaz<\/strong>, <strong data-start=\"118\" data-end=\"131\">The Blaze<\/strong>, <strong data-start=\"133\" data-end=\"153\">Charlotte Cardin<\/strong>, <strong data-start=\"155\" data-end=\"173\">Eddy de Pretto<\/strong>, <strong data-start=\"175\" data-end=\"194\">Ang\u00e9lique Kidjo<\/strong>, et <strong data-start=\"199\" data-end=\"214\">Baxter Dury<\/strong>.<\/span> <span class=\"relative -mx-px my-[-0.2rem] rounded px-px py-[0.2rem] transition-colors duration-100 ease-in-out\">D\u2019autres artistes tels que <strong data-start=\"27\" data-end=\"44\">Bon Entendeur<\/strong>, <strong data-start=\"46\" data-end=\"61\">Chinese Man<\/strong>, <strong data-start=\"63\" data-end=\"72\">Doria<\/strong>, <strong data-start=\"74\" data-end=\"91\">Julien Granel<\/strong>, <strong data-start=\"93\" data-end=\"100\">CXK<\/strong>, <strong data-start=\"102\" data-end=\"110\">\u00c9loi<\/strong>, <strong data-start=\"112\" data-end=\"139\">Komodrag & The Mounodor<\/strong>, <strong data-start=\"141\" data-end=\"150\">Liraz<\/strong>, et <strong data-start=\"155\" data-end=\"163\">Maar<\/strong> ont \u00e9galement particip\u00e9 \u00e0 cette derni\u00e8re journ\u00e9e, offrant une diversit\u00e9 musicale appr\u00e9ci\u00e9e des festivaliers.<\/span><\/p><h2><strong>Les Vieilles Charrues 2023<\/strong><\/h2><p class=\"\" data-start=\"40\" data-end=\"198\"><span class=\"relative -mx-px my-[-0.2rem] rounded px-px py-[0.2rem] transition-colors duration-100 ease-in-out\">Le festival des <strong data-start=\"16\" data-end=\"42\">Vieilles Charrues 2023<\/strong> s\u2019est tenu du <strong data-start=\"57\" data-end=\"77\">13 au 17 juillet<\/strong> \u00e0 Carhaix-Plouguer, en Bretagne.<\/span> <span class=\"relative -mx-px my-[-0.2rem] rounded px-px py-[0.2rem] transition-colors duration-100 ease-in-out\">Cette 31\u1d49 \u00e9dition a marqu\u00e9 l\u2019histoire du festival en s\u2019\u00e9tendant pour la premi\u00e8re fois sur cinq jours, attirant environ <strong data-start=\"119\" data-end=\"143\">346 000 festivaliers<\/strong>, un record de fr\u00e9quentation<\/span> .<\/p><h3 class=\"\" data-start=\"200\" data-end=\"225\">Jeudi 13 juillet 2023<\/h3><p class=\"\" data-start=\"227\" data-end=\"385\"><span class=\"relative -mx-px my-[-0.2rem] rounded px-px py-[0.2rem] transition-colors duration-100 ease-in-out\">La journ\u00e9e d\u2019ouverture a \u00e9t\u00e9 marqu\u00e9e par la performance de <strong data-start=\"59\" data-end=\"78\">Robbie Williams<\/strong>, rempla\u00e7ant <strong data-start=\"91\" data-end=\"106\">C\u00e9line Dion<\/strong> dont le concert a \u00e9t\u00e9 annul\u00e9 pour raisons de sant\u00e9.<\/span> <span class=\"relative -mx-px my-[-0.2rem] rounded px-px py-[0.2rem] transition-colors duration-100 ease-in-out\">Le public a \u00e9galement pu appr\u00e9cier <strong data-start=\"35\" data-end=\"51\">Bigflo & Oli<\/strong>, <strong data-start=\"53\" data-end=\"62\">Disiz<\/strong>, <strong data-start=\"64\" data-end=\"81\">Hyphen Hyphen<\/strong>, <strong data-start=\"83\" data-end=\"96\">Morcheeba<\/strong>, <strong data-start=\"98\" data-end=\"115\">Petit Biscuit<\/strong>, <strong data-start=\"117\" data-end=\"157\">Orange Blossom & Les Fleurs de m\u00e9tal<\/strong>, <strong data-start=\"159\" data-end=\"178\">Pierre de Maere<\/strong>, <strong data-start=\"180\" data-end=\"198\">Silly Boy Blue<\/strong>, <strong data-start=\"200\" data-end=\"214\">Uzi Freyja<\/strong>, <strong data-start=\"216\" data-end=\"229\">The Waeve<\/strong>, <strong data-start=\"231\" data-end=\"243\">Tramhaus<\/strong>, et <strong data-start=\"248\" data-end=\"257\" data-is-last-node=\"\">Tukan<\/strong><\/span> .\u200b<\/p><h3 class=\"\" data-start=\"387\" data-end=\"415\">Vendredi 14 juillet 2023<\/h3><p class=\"\" data-start=\"417\" data-end=\"541\"><span class=\"relative -mx-px my-[-0.2rem] rounded px-px py-[0.2rem] transition-colors duration-100 ease-in-out\">Cette journ\u00e9e a vu se produire <strong data-start=\"31\" data-end=\"39\">Blur<\/strong>, <strong data-start=\"41\" data-end=\"57\">Aya Nakamura<\/strong>, <strong data-start=\"59\" data-end=\"67\">Gazo<\/strong>, <strong data-start=\"69\" data-end=\"85\">Jeanne Added<\/strong>, <strong data-start=\"87\" data-end=\"101\">Shaka Ponk<\/strong>, <strong data-start=\"103\" data-end=\"115\">Ko Ko Mo<\/strong>, <strong data-start=\"117\" data-end=\"130\">Agar Agar<\/strong>, <strong data-start=\"132\" data-end=\"142\">Agoria<\/strong>, <strong data-start=\"144\" data-end=\"157\">Biga*Ranx<\/strong>, <strong data-start=\"159\" data-end=\"167\">Lass<\/strong>, <strong data-start=\"169\" data-end=\"195\">The Celtic Social Club<\/strong>, <strong data-start=\"197\" data-end=\"206\">Meryl<\/strong>, <strong data-start=\"208\" data-end=\"217\">Reynz<\/strong>, <strong data-start=\"219\" data-end=\"228\">SBRBS<\/strong>, <strong data-start=\"230\" data-end=\"239\">Brama<\/strong>, <strong data-start=\"241\" data-end=\"254\">La Bruulu<\/strong>, et <strong data-start=\"259\" data-end=\"277\" data-is-last-node=\"\">The Wacky Jugs<\/strong><\/span> .\u200b<\/p><h3 class=\"\" data-start=\"543\" data-end=\"569\">Samedi 15 juillet 2023<\/h3><p class=\"\" data-start=\"571\" data-end=\"697\"><span class=\"relative -mx-px my-[-0.2rem] rounded px-px py-[0.2rem] transition-colors duration-100 ease-in-out\">Le samedi a \u00e9t\u00e9 anim\u00e9 par <strong data-start=\"26\" data-end=\"37\">Rosal\u00eda<\/strong>, <strong data-start=\"39\" data-end=\"50\">Lomepal<\/strong>, <strong data-start=\"52\" data-end=\"61\">Idles<\/strong>, <strong data-start=\"63\" data-end=\"72\">Kungs<\/strong>, <strong data-start=\"74\" data-end=\"83\">Pomme<\/strong>, <strong data-start=\"85\" data-end=\"95\">Suzane<\/strong>, <strong data-start=\"97\" data-end=\"106\">Billx<\/strong>, <strong data-start=\"108\" data-end=\"121\">Easy Life<\/strong>, <strong data-start=\"123\" data-end=\"142\">Johnnie Carwash<\/strong>, <strong data-start=\"144\" data-end=\"159\">Lewis Ofman<\/strong>, <strong data-start=\"161\" data-end=\"179\">Minuit Machine<\/strong>, <strong data-start=\"181\" data-end=\"190\">Voyou<\/strong>, <strong data-start=\"192\" data-end=\"211\">Zaho de Sagazan<\/strong>, <strong data-start=\"213\" data-end=\"244\">Barrut & Diridollou Lavigne<\/strong>, <strong data-start=\"246\" data-end=\"261\">Maya Kamaty<\/strong>, <strong data-start=\"263\" data-end=\"277\">De La Crau<\/strong>, et un <strong data-start=\"285\" data-end=\"297\" data-is-last-node=\"\">Fest Noz<\/strong><\/span> .\u200b<\/p><h3 class=\"\" data-start=\"699\" data-end=\"727\">Dimanche 16 juillet 2023<\/h3><p class=\"\" data-start=\"729\" data-end=\"855\"><span class=\"relative -mx-px my-[-0.2rem] rounded px-px py-[0.2rem] transition-colors duration-100 ease-in-out\">La journ\u00e9e a \u00e9t\u00e9 marqu\u00e9e par les performances de <strong data-start=\"49\" data-end=\"60\">Soprano<\/strong>, <strong data-start=\"62\" data-end=\"73\">Phoenix<\/strong>, <strong data-start=\"75\" data-end=\"87\">Hot Chip<\/strong>, <strong data-start=\"89\" data-end=\"97\">Jain<\/strong>, <strong data-start=\"99\" data-end=\"110\">Lorenzo<\/strong>, <strong data-start=\"112\" data-end=\"123\">Moderat<\/strong>, <strong data-start=\"125\" data-end=\"145\">Paul Kalkbrenner<\/strong>, <strong data-start=\"147\" data-end=\"154\">Ad\u00e9<\/strong>, <strong data-start=\"156\" data-end=\"169\">Acid Arab<\/strong>, <strong data-start=\"171\" data-end=\"185\">Gwendoline<\/strong>, <strong data-start=\"187\" data-end=\"200\">Joy.s.a.d<\/strong>, <strong data-start=\"202\" data-end=\"212\">Kalika<\/strong>, <strong data-start=\"214\" data-end=\"232\">Mademoiselle K<\/strong>, <strong data-start=\"234\" data-end=\"251\">Stuffed Foxes<\/strong>, <strong data-start=\"253\" data-end=\"272\">Avalanche Kaito<\/strong>, <strong data-start=\"274\" data-end=\"285\">Kaolila<\/strong>, <strong data-start=\"287\" data-end=\"307\">Parranda La Cruz<\/strong>, et <strong data-start=\"312\" data-end=\"323\" data-is-last-node=\"\">Mazalda<\/strong><\/span> .\u200b<\/p><h3 class=\"\" data-start=\"857\" data-end=\"882\">Lundi 17 juillet 2023<\/h3><p class=\"\" data-start=\"884\" data-end=\"1091\"><span class=\"relative -mx-px my-[-0.2rem] rounded px-px py-[0.2rem] transition-colors duration-100 ease-in-out\">Le festival s\u2019est cl\u00f4tur\u00e9 en apoth\u00e9ose avec le concert tr\u00e8s attendu des <strong data-start=\"72\" data-end=\"97\">Red Hot Chili Peppers<\/strong>, dont le cachet a atteint pr\u00e8s de deux millions d\u2019euros, un record pour le festival<\/span> . <span class=\"relative -mx-px my-[-0.2rem] rounded px-px py-[0.2rem] transition-colors duration-100 ease-in-out\">Ils ont partag\u00e9 la sc\u00e8ne avec <strong data-start=\"30\" data-end=\"44\">Nova Twins<\/strong>, <strong data-start=\"46\" data-end=\"59\">Silmarils<\/strong>, <strong data-start=\"61\" data-end=\"77\">Skip The Use<\/strong>, et <strong data-start=\"82\" data-end=\"105\" data-is-last-node=\"\">The Inspector Cluzo<\/strong><\/span> .\u200b<\/p><p class=\"\" data-start=\"1093\" data-end=\"1178\"><span class=\"relative -mx-px my-[-0.2rem] rounded px-px py-[0.2rem] transition-colors duration-100 ease-in-out\">L\u2019\u00e9dition 2023 des Vieilles Charrues a ainsi confirm\u00e9 sa place parmi les festivals incontournables de l\u2019\u00e9t\u00e9 en France, offrant une programmation \u00e9clectique et de qualit\u00e9.<\/span><\/p><h2><strong>Les Vieilles Charrues 2022<\/strong><\/h2><p class=\"\" data-start=\"40\" data-end=\"121\"><span class=\"relative -mx-px my-[-0.2rem] rounded px-px py-[0.2rem] transition-colors duration-100 ease-in-out\">Le festival des <strong data-start=\"16\" data-end=\"42\">Vieilles Charrues 2022<\/strong> s\u2019est tenu du <strong data-start=\"57\" data-end=\"77\">14 au 17 juillet<\/strong> \u00e0 Carhaix-Plouguer, en Bretagne, c\u00e9l\u00e9brant sa 30\u1d49 \u00e9dition avec une programmation \u00e9clectique m\u00ealant t\u00eates d\u2019affiche internationales et talents \u00e9mergents.<\/span>\u200b<\/p><h3 class=\"\" data-start=\"123\" data-end=\"148\">Jeudi 14 juillet 2022<\/h3><p class=\"\" data-start=\"150\" data-end=\"269\"><span class=\"relative -mx-px my-[-0.2rem] rounded px-px py-[0.2rem] transition-colors duration-100 ease-in-out\">La journ\u00e9e d\u2019ouverture a \u00e9t\u00e9 marqu\u00e9e par la performance de <strong data-start=\"59\" data-end=\"70\">Stromae<\/strong>, accompagn\u00e9 de <strong data-start=\"86\" data-end=\"103\">Clara Luciani<\/strong>, <strong data-start=\"105\" data-end=\"119\">Last Train<\/strong>, <strong data-start=\"121\" data-end=\"137\">T\u00eates Raides<\/strong>, <strong data-start=\"139\" data-end=\"148\">Meute<\/strong>, <strong data-start=\"150\" data-end=\"157\">SCH<\/strong>, <strong data-start=\"159\" data-end=\"175\">Bianca Costa<\/strong>, <strong data-start=\"177\" data-end=\"187\">Chilla<\/strong>, <strong data-start=\"189\" data-end=\"202\">La Jungle<\/strong>, <strong data-start=\"204\" data-end=\"213\">Laeti<\/strong>, <strong data-start=\"215\" data-end=\"235\">Vendredi sur mer<\/strong>, <strong data-start=\"237\" data-end=\"267\">Laetitia Sh\u00e9riff & Friends<\/strong>, <strong data-start=\"269\" data-end=\"282\">Le Juiice<\/strong>, et <strong data-start=\"287\" data-end=\"305\">Lulu van Trapp<\/strong>.<\/span> \u200b<\/p><h3 class=\"\" data-start=\"271\" data-end=\"299\">Vendredi 15 juillet 2022<\/h3><p class=\"\" data-start=\"301\" data-end=\"420\"><span class=\"relative -mx-px my-[-0.2rem] rounded px-px py-[0.2rem] transition-colors duration-100 ease-in-out\">Cette journ\u00e9e a vu se produire <strong data-start=\"31\" data-end=\"43\">DJ Snake<\/strong>, <strong data-start=\"45\" data-end=\"55\">Ang\u00e8le<\/strong>, <strong data-start=\"57\" data-end=\"77\">Juliette Armanet<\/strong>, <strong data-start=\"79\" data-end=\"91\">Matmatah<\/strong> (avec la Kevrenn Alr\u00e9), <strong data-start=\"116\" data-end=\"125\">Ril\u00e8s<\/strong>, <strong data-start=\"127\" data-end=\"149\">Vladimir Cauchemar<\/strong>, <strong data-start=\"151\" data-end=\"169\">Alo\u00efse Sauvage<\/strong>, <strong data-start=\"171\" data-end=\"186\">Catastrophe<\/strong>, <strong data-start=\"188\" data-end=\"209\">Dirtyphonics Live<\/strong>, <strong data-start=\"211\" data-end=\"232\">Fatoumata Diawara<\/strong>, <strong data-start=\"234\" data-end=\"250\">Ir\u00e8ne Dr\u00e9sel<\/strong>, <strong data-start=\"252\" data-end=\"262\">Luidji<\/strong>, <strong data-start=\"264\" data-end=\"285\">Stand High Patrol<\/strong>, <strong data-start=\"287\" data-end=\"303\">Johnny Mafia<\/strong>, <strong data-start=\"305\" data-end=\"322\">Badume\u2019s Band<\/strong>, <strong data-start=\"324\" data-end=\"333\">Crimi<\/strong>, <strong data-start=\"335\" data-end=\"347\">Dordogne<\/strong>, et <strong data-start=\"352\" data-end=\"362\">Ludj\u00ear<\/strong>.<\/span><\/p><h3 class=\"\" data-start=\"422\" data-end=\"448\">Samedi 16 juillet 2022<\/h3><p class=\"\" data-start=\"450\" data-end=\"573\"><span class=\"relative -mx-px my-[-0.2rem] rounded px-px py-[0.2rem] transition-colors duration-100 ease-in-out\">Le samedi a \u00e9t\u00e9 anim\u00e9 par <strong data-start=\"26\" data-end=\"33\">-M-<\/strong>, <strong data-start=\"35\" data-end=\"51\">Midnight Oil<\/strong> (rempla\u00e7ant Queens of the Stone Age), <strong data-start=\"90\" data-end=\"122\">Bob Sinclar b2b Pedro Winter<\/strong>, <strong data-start=\"124\" data-end=\"132\">Iz\u00efa<\/strong>, <strong data-start=\"134\" data-end=\"143\">Ninho<\/strong>, <strong data-start=\"145\" data-end=\"156\">Vitalic<\/strong>, <strong data-start=\"158\" data-end=\"169\">Celeste<\/strong>, <strong data-start=\"171\" data-end=\"182\">Dewaere<\/strong>, <strong data-start=\"184\" data-end=\"207\">Lous and the Yakuza<\/strong>, <strong data-start=\"209\" data-end=\"226\">Mansfield.Tya<\/strong>, <strong data-start=\"228\" data-end=\"246\">Minuit Machine<\/strong>, <strong data-start=\"248\" data-end=\"257\">Nemir<\/strong>, <strong data-start=\"259\" data-end=\"266\">NTO<\/strong>, <strong data-start=\"268\" data-end=\"281\">Thylacine<\/strong>, <strong data-start=\"283\" data-end=\"296\">Ma Petite<\/strong>, <strong data-start=\"298\" data-end=\"316\">Rodrigo Cuevas<\/strong>, <strong data-start=\"318\" data-end=\"359\">Sylvain Giro et le Chant de la Griffe<\/strong>, et un <strong data-start=\"367\" data-end=\"379\">Fest-Noz<\/strong> avec <strong data-start=\"385\" data-end=\"396\">Ducasse<\/strong>, <strong data-start=\"398\" data-end=\"414\">Herv\u00e9\/Morice<\/strong>, <strong data-start=\"416\" data-end=\"425\">KBA 8<\/strong>, <strong data-start=\"427\" data-end=\"449\">Le Brigand\/Prigent<\/strong>.<\/span> \u200b<\/p><h3 class=\"\" data-start=\"575\" data-end=\"603\">Dimanche 17 juillet 2022<\/h3><p class=\"\" data-start=\"605\" data-end=\"730\"><span class=\"relative -mx-px my-[-0.2rem] rounded px-px py-[0.2rem] transition-colors duration-100 ease-in-out\">La cl\u00f4ture du festival a \u00e9t\u00e9 assur\u00e9e par <strong data-start=\"41\" data-end=\"52\">Orelsan<\/strong>, <strong data-start=\"54\" data-end=\"64\">Madeon<\/strong>, <strong data-start=\"66\" data-end=\"85\">Feu! Chatterton<\/strong>, <strong data-start=\"87\" data-end=\"96\">Ibeyi<\/strong>, <strong data-start=\"98\" data-end=\"111\">Metronomy<\/strong>, <strong data-start=\"113\" data-end=\"127\">Polo & Pan<\/strong>, <strong data-start=\"129\" data-end=\"140\">Vianney<\/strong>, <strong data-start=\"142\" data-end=\"151\">Dinos<\/strong>, <strong data-start=\"153\" data-end=\"168\">Contrefa\u00e7on<\/strong>, <strong data-start=\"170\" data-end=\"183\">Garg\u00e4ntua<\/strong>, <strong data-start=\"185\" data-end=\"199\">Lolo Zoua\u00ef<\/strong>, <strong data-start=\"201\" data-end=\"213\">Lujipeka<\/strong>, et <strong data-start=\"218\" data-end=\"230\">La Perla<\/strong>.<\/span><\/p><h2><strong>FAQ sur Les Vieilles Charrues<\/strong><\/h2><p><strong>Quelles sont les dates du festival Les Vieilles Charrues 2024?<\/strong><\/p><p>Le festival se d\u00e9roulera du 11 au 14 juillet 2024.<\/p><p><strong>O\u00f9 puis-je acheter des billets pour le festival?<\/strong><\/p><p>Les billets sont disponibles sur le site officiel du festival ainsi que chez les revendeurs agr\u00e9\u00e9s.<\/p><p><strong>Quels types de logement sont disponibles \u00e0 proximit\u00e9 du festival?<\/strong><\/p><p>Vous pouvez opter pour le camping sur place, des h\u00f4tels, ou des g\u00eetes dans les environs.<\/p><p><strong>Le festival est-il accessible en transport en commun?<\/strong><\/p><p>Oui, des navettes et des bus sp\u00e9ciaux sont mis en place pour faciliter l\u2019acc\u00e8s au festival depuis les principales gares et parkings.<\/p><p><strong>Quels artistes ont d\u00e9j\u00e0 jou\u00e9 aux Vieilles Charrues?<\/strong><\/p><p>Des l\u00e9gendes comme Bob Dylan, Bruce Springsteen, Stromae, et Johnny Hallyday ont perform\u00e9 au festival.<\/p><p><strong>Quels sont les conseils pour profiter au mieux du festival?<\/strong><\/p><p>Pr\u00e9parez-vous pour la m\u00e9t\u00e9o, planifiez votre programme \u00e0 l\u2019avance, et respectez les consignes de s\u00e9curit\u00e9 et les autres festivaliers.<\/p><h2><strong>Festival Les Vieilles Charrues \u2013 Conclusion<\/strong><\/h2><p>Les Vieilles Charrues est un festival <a href=\"https:\/\/www.vieillescharrues.asso.fr\/\" target=\"_blank\" rel=\"noopener\">embl\u00e9matique<\/a> qui offre une exp\u00e9rience musicale et culturelle in\u00e9gal\u00e9e. Avec son histoire riche, sa programmation diversifi\u00e9e, et son ambiance unique, il est devenu un rendez-vous incontournable pour les amateurs de musique de tous horizons. Pr\u00e9parez-vous pour une \u00e9dition 2024 m\u00e9morable, pleine de surprises et de moments inoubliables.<\/p>\t\t\t\t\t\t\t\t<\/div>\n\t\t\t\t\t<\/div>\n\t\t\t\t<\/div>\n\t\t<div class=\"elementor-element elementor-element-7c0bcd6 e-flex e-con-boxed e-con e-parent\" data-id=\"7c0bcd6\" data-element_type=\"container\" data-e-type=\"container\">\n\t\t\t\t\t<div class=\"e-con-inner\">\n\t\t\t\t<div class=\"elementor-element elementor-element-bac3a41 elementor-widget elementor-widget-listeo-posts-grid\" data-id=\"bac3a41\" data-element_type=\"widget\" data-e-type=\"widget\" data-widget_type=\"listeo-posts-grid.default\">\n\t\t\t\t<div class=\"elementor-widget-container\">\n\t\t\t\t\t\t\t\n\t\t<div class=\"listeo-post-grid-wrapper\">\n\t\t\t<div class=\"row\">\n\n\t\t\t\n\n\t\t\t\t\t\t\t<div class=\"col-md-4\">\n                <a href=\"https:\/\/cparici.com\/de\/horaires-des-marees-concarneau\/\" class=\"blog-compact-item-container\">\n                    <div class=\"blog-compact-item\">\n                        <span class=\"blog-item-tag\">Bretagne<\/span>                        \n                        <div class=\"blog-compact-item-content\">\n                                                        <h3>Mar\u00e9e Concarneau \u2013 horaires des mar\u00e9es 2024<\/h3>\n                                                        <p>Mar\u00e9e Concarneau Mar\u00e9e Concarneau- Horaires des mar\u00e9es 2024 mis \u00e0 jour quotidiennement...                            <\/p>\n                                                    <\/div>\n                    <\/div>\n                <\/a>\n            <\/div>\n\t\t\t<div class=\"col-md-4\">\n                <a href=\"https:\/\/cparici.com\/de\/langoustine-guide-complet\/\" class=\"blog-compact-item-container\">\n                    <div class=\"blog-compact-item\">\n                        <img decoding=\"async\" width=\"577\" height=\"223\" src=\"https:\/\/cparici.com\/wp-content\/uploads\/2024\/07\/langoustine.jpg\" class=\"attachment-listeo-blog-related-post size-listeo-blog-related-post wp-post-image\" alt=\"Langoustine\" srcset=\"https:\/\/cparici.com\/wp-content\/uploads\/2024\/07\/langoustine.jpg 1371w, https:\/\/cparici.com\/wp-content\/uploads\/2024\/07\/langoustine-600x232.jpg 600w, https:\/\/cparici.com\/wp-content\/uploads\/2024\/07\/langoustine-300x116.jpg 300w, https:\/\/cparici.com\/wp-content\/uploads\/2024\/07\/langoustine-1024x396.jpg 1024w, https:\/\/cparici.com\/wp-content\/uploads\/2024\/07\/langoustine-768x297.jpg 768w\" sizes=\"(max-width: 577px) 100vw, 577px\" \/><span class=\"blog-item-tag\">Bretagne<\/span>                        \n                        <div class=\"blog-compact-item-content\">\n                                                        <h3>Langoustine : Guide avec les recettes et modes de cuisson<\/h3>\n                                                        <p>La langoustine, tr\u00e9sor de la mer : d\u00e9couvrez ses saveurs uniques, recettes vari\u00e9es, r\u00e9gions de...                            <\/p>\n                                                    <\/div>\n                    <\/div>\n                <\/a>\n            <\/div>\n\t\t\t<div class=\"col-md-4\">\n                <a href=\"https:\/\/cparici.com\/de\/dinard\/\" class=\"blog-compact-item-container\">\n                    <div class=\"blog-compact-item\">\n                        <img decoding=\"async\" width=\"577\" height=\"211\" src=\"https:\/\/cparici.com\/wp-content\/uploads\/2024\/06\/dinard.jpg\" class=\"attachment-listeo-blog-related-post size-listeo-blog-related-post wp-post-image\" alt=\"dinard\" srcset=\"https:\/\/cparici.com\/wp-content\/uploads\/2024\/06\/dinard.jpg 1450w, https:\/\/cparici.com\/wp-content\/uploads\/2024\/06\/dinard-600x219.jpg 600w, https:\/\/cparici.com\/wp-content\/uploads\/2024\/06\/dinard-300x110.jpg 300w, https:\/\/cparici.com\/wp-content\/uploads\/2024\/06\/dinard-1024x374.jpg 1024w, https:\/\/cparici.com\/wp-content\/uploads\/2024\/06\/dinard-768x281.jpg 768w\" sizes=\"(max-width: 577px) 100vw, 577px\" \/><span class=\"blog-item-tag\">Bretagne<\/span>                        \n                        <div class=\"blog-compact-item-content\">\n                                                        <h3>Dinard \u2013 d\u00e9couvrez la perle de la C\u00f4te d\u2019\u00c9meraude<\/h3>\n                                                        <p>Dinard, la perle de la C\u00f4te d'\u00c9meraude, vous r\u00e9serve des surprises. D\u00e9couvrez ses secrets dans...                            <\/p>\n                                                    <\/div>\n                    <\/div>\n                <\/a>\n            <\/div>\n  <\/div>\n        <\/div>\n        \t\t\t\t<\/div>\n\t\t\t\t<\/div>\n\t\t\t\t\t<\/div>\n\t\t\t\t<\/div>\n\t\t\t\t<\/div>\n\t\t","protected":false},"excerpt":{"rendered":"<p>Explorez l&#8217;histoire, les stars, les infos pratiques, le logement, et les tarifs du festival Les Vieilles Charrues. Un \u00e9v\u00e9nement musical incontournable !<\/p>","protected":false},"author":1,"featured_media":42239,"comment_status":"closed","ping_status":"open","sticky":false,"template":"elementor_header_footer","format":"standard","meta":{"ngg_post_thumbnail":0,"footnotes":""},"categories":[1302,478,2680,2681,479,477],"tags":[1287,1298,991,1303],"class_list":["post-42238","post","type-post","status-publish","format-standard","has-post-thumbnail","hentry","category-carhaix","category-bretagne","category-festival","category-festival-musique","category-finistere","category-france","tag-culture","tag-festivals","tag-loisirs","tag-musique"],"_links":{"self":[{"href":"https:\/\/cparici.com\/de\/wp-json\/wp\/v2\/posts\/42238","targetHints":{"allow":["GET"]}}],"collection":[{"href":"https:\/\/cparici.com\/de\/wp-json\/wp\/v2\/posts"}],"about":[{"href":"https:\/\/cparici.com\/de\/wp-json\/wp\/v2\/types\/post"}],"author":[{"embeddable":true,"href":"https:\/\/cparici.com\/de\/wp-json\/wp\/v2\/users\/1"}],"replies":[{"embeddable":true,"href":"https:\/\/cparici.com\/de\/wp-json\/wp\/v2\/comments?post=42238"}],"version-history":[{"count":0,"href":"https:\/\/cparici.com\/de\/wp-json\/wp\/v2\/posts\/42238\/revisions"}],"wp:featuredmedia":[{"embeddable":true,"href":"https:\/\/cparici.com\/de\/wp-json\/wp\/v2\/media\/42239"}],"wp:attachment":[{"href":"https:\/\/cparici.com\/de\/wp-json\/wp\/v2\/media?parent=42238"}],"wp:term":[{"taxonomy":"category","embeddable":true,"href":"https:\/\/cparici.com\/de\/wp-json\/wp\/v2\/categories?post=42238"},{"taxonomy":"post_tag","embeddable":true,"href":"https:\/\/cparici.com\/de\/wp-json\/wp\/v2\/tags?post=42238"}],"curies":[{"name":"wp","href":"https:\/\/api.w.org\/{rel}","templated":true}]}}