{"id":42488,"date":"2024-08-21T09:18:13","date_gmt":"2024-08-21T07:18:13","guid":{"rendered":"https:\/\/cparici.com\/?p=42488"},"modified":"2025-09-01T18:05:57","modified_gmt":"2025-09-01T16:05:57","slug":"schloss-der-mercerie","status":"publish","type":"post","link":"https:\/\/cparici.com\/de\/chateau-de-la-mercerie\/","title":{"rendered":"Schloss La Mercerie: Entdecken Sie seine Geschichte und seine Geheimnisse"},"content":{"rendered":"\t\t<div data-elementor-type=\"wp-post\" data-elementor-id=\"42488\" class=\"elementor elementor-42488\" data-elementor-post-type=\"post\">\n\t\t\t\t<div class=\"elementor-element elementor-element-35d59ef e-con-full e-flex e-con e-parent\" data-id=\"35d59ef\" data-element_type=\"container\" data-e-type=\"container\">\n\t\t\t\t<div class=\"elementor-element elementor-element-5ea2fa4 elementor-widget elementor-widget-image\" data-id=\"5ea2fa4\" data-element_type=\"widget\" data-e-type=\"widget\" data-widget_type=\"image.default\">\n\t\t\t\t\t\t\t\t\t\t\t\t\t\t\t<img decoding=\"async\" width=\"1500\" height=\"530\" src=\"https:\/\/cparici.com\/wp-content\/uploads\/2024\/08\/chateau-de-la-mercerie.jpg\" class=\"attachment-full size-full wp-image-42489\" alt=\"chateau de la mercerie\" srcset=\"https:\/\/cparici.com\/wp-content\/uploads\/2024\/08\/chateau-de-la-mercerie.jpg 1500w, https:\/\/cparici.com\/wp-content\/uploads\/2024\/08\/chateau-de-la-mercerie-600x212.jpg 600w, https:\/\/cparici.com\/wp-content\/uploads\/2024\/08\/chateau-de-la-mercerie-300x106.jpg 300w, https:\/\/cparici.com\/wp-content\/uploads\/2024\/08\/chateau-de-la-mercerie-1024x362.jpg 1024w, https:\/\/cparici.com\/wp-content\/uploads\/2024\/08\/chateau-de-la-mercerie-768x271.jpg 768w\" sizes=\"(max-width: 1500px) 100vw, 1500px\" \/>\t\t\t\t\t\t\t\t\t\t\t\t\t\t\t<\/div>\n\t\t\t\t<\/div>\n\t\t<aside class=\"elementor-element elementor-element-24cc0c5 e-flex e-con-boxed e-con e-parent\" data-id=\"24cc0c5\" data-element_type=\"container\" data-e-type=\"container\">\n\t\t\t\t\t<div class=\"e-con-inner\">\n\t\t\t\t<div class=\"elementor-element elementor-element-591968e elementor-widget elementor-widget-global elementor-global-62046 elementor-widget-eael-advanced-search\" data-id=\"591968e\" data-element_type=\"widget\" data-e-type=\"widget\" data-widget_type=\"eael-advanced-search.default\">\n\t\t\t\t\t        <div class=\"eael-adv-search-wrapper\">\n            <div id=\"eael-advanced-search-widget-591968e\" class=\"eael-advanced-search-widget\">\n                <form data-settings=\"{&quot;post_per_page&quot;:5,&quot;search_among_taxonomies&quot;:&quot;&quot;,&quot;search_among_sku&quot;:&quot;no&quot;,&quot;show_popular_keyword&quot;:0,&quot;show_category&quot;:0,&quot;show_content_image&quot;:1,&quot;show_search_result_all_results&quot;:0,&quot;result_on_new_tab&quot;:&quot;no&quot;,&quot;show_product_price&quot;:&quot;no&quot;,&quot;include_current_page&quot;:&quot;no&quot;,&quot;orderby&quot;:&quot;default&quot;,&quot;order&quot;:&quot;DESC&quot;,&quot;current_post_id&quot;:42488,&quot;post_type&quot;:[&quot;post&quot;,&quot;listing&quot;]}\" method=\"POST\" name=\"eael-advanced-search-form-591968e\" class=\"eael-advanced-search-form eael-advanced-search-form-style-2\">\n                    <div class=\"eael-advanced-search-wrap\">\n                        <span class=\"eael-adv-search-loader\"><\/span>\n                        <span class=\"eael-adv-search-close\"><i class=\"fas fa-times\"><\/i><\/span>\n                        <span class=\"icon \"><i class=\"fas fa-search\"><\/i><\/span>\n\n                        <input type=\"text\"\n                               placeholder=\"Votre destination\"\n                               class=\"eael-advanced-search\" autocomplete=\"off\" name=\"eael_advanced_search\">\n                    <\/div>\n\t\t\t\t\t                                    <\/form>\n\n\t\t\t\t\n\t\t\t\t        <div class=\"eael-advanced-search-result\">\n            <div class=\"eael-advanced-search-popular-keyword\">\n\t\t\t\t<h4 class=\"eael-advanced-search-popular-keyword-text\">Recherches populaires<\/h4>                <div class=\"eael-popular-keyword-content\"><\/div>\n            <\/div>\n            <div class=\"eael-advanced-search-category\">\n\t\t\t\t<h4 class=\"eael-advanced-search-category-text\">Categories<\/h4>                <div class=\"eael-popular-category-content\"><\/div>\n            <\/div>\n\t\t\t<div class=\"eael-advanced-search-total-results-section\">\n\t\t\t\t\t\t\t<\/div>\n            <div class=\"eael-advanced-search-content eael-item-style-3\">\n            <\/div>\n            <div class=\"eael-advanced-search-not-found\">\n                <p>Pas de r\u00e9sultats<\/p><\/div>\n            <div class=\"eael-advanced-search-load-more\">\n\t\t\t\t<a \tclass=\"eael-advanced-search-load-more-button\"\n                \thref=\"#\">Voir tous les r\u00e9sultats<\/a>\n            <\/div>\n        <\/div>\n\n\t\t            <\/div>\n        <\/div>\n\n\t\t\t\t\t\t<\/div>\n\t\t\t\t\t<\/div>\n\t\t\t\t<\/aside>\n\t\t<div class=\"elementor-element elementor-element-6eb63531 e-flex e-con-boxed e-con e-parent\" data-id=\"6eb63531\" data-element_type=\"container\" data-e-type=\"container\">\n\t\t\t\t\t<div class=\"e-con-inner\">\n\t\t\t\t<div class=\"elementor-element elementor-element-436828cc elementor-widget elementor-widget-text-editor\" data-id=\"436828cc\" data-element_type=\"widget\" data-e-type=\"widget\" data-widget_type=\"text-editor.default\">\n\t\t\t\t\t\t\t\t\t<h1 style=\"text-align: center;\"><span style=\"font-size: 18pt;\"><strong>Ch\u00e2teau de La Mercerie<\/strong><\/span><\/h1><p><strong>Le Ch\u00e2teau de La Mercerie<\/strong>, un tr\u00e9sor architectural nich\u00e9 dans la commune de Magnac-Lavalette-Villars en <a href=\"https:\/\/cparici.com\/fr\/visiter-la-charente-guide-complet-et-experiences-uniques\/\">Charente<\/a>, est souvent appel\u00e9 le Versailles charentais pour sa majestueuse fa\u00e7ade de style Renaissance italienne, s\u2019\u00e9tendant sur 220 m\u00e8tres. Ce chef-d\u2019\u0153uvre est l\u2019\u0153uvre de vie des fr\u00e8res Raymond et Alphonse R\u00e9thor\u00e9, qui ont d\u00e9di\u00e9 leurs existences \u00e0 b\u00e2tir et restaurer ce monument.<\/p><p>Cet article vous invite \u00e0 explorer la riche histoire et les myst\u00e8res de ce ch\u00e2teau qui a oscill\u00e9 entre faste et oubli, avant d\u2019\u00eatre r\u00e9anim\u00e9 par le d\u00e9vouement d\u2019une association de b\u00e9n\u00e9voles. Vous d\u00e9couvrirez \u00e9galement comment vivre l\u2019exp\u00e9rience unique de La Mercerie, \u00e0 travers des visites, des activit\u00e9s culturelles, et des escape games.<\/p><p>Immergez-vous dans l\u2019histoire fascinante et l\u2019ambiance envo\u00fbtante du Ch\u00e2teau de La Mercerie, et pr\u00e9parez-vous \u00e0 \u00eatre captiv\u00e9.<\/p><p>Envie d\u2019en savoir plus sur le chateau de Versailles? <a href=\"https:\/\/cparici.com\/fr\/chateau-de-versailles\/\">Lisez notre article d\u00e9taill\u00e9 ici<\/a>.<\/p><h2><span style=\"font-size: 18pt;\">L\u2019\u00e9nigmatique naissance du Chateau de La Mercerie<\/span><\/h2><h3>Origines et premiers propri\u00e9taires<\/h3><p>Le Chateau de La Mercerie prend racine sur un ancien site ch\u00e2telain, dont subsistent de rares vestiges. La famille Rousseau, premi\u00e8re propri\u00e9taire attest\u00e9e, se l\u2019approprie au XVIe si\u00e8cle, la transmettant jusqu\u2019au seuil du XIXe si\u00e8cle.<\/p><p>Cette lign\u00e9e noble, au service des souverains fran\u00e7ais, a \u00e9rig\u00e9 un premier logement au style Empire. Par la suite, ils ont b\u00e2ti un manoir de facture n\u00e9ogothique, d\u00e9sormais nomm\u00e9 ch\u00e2teau Saint-Paul.<\/p><h3>La vision des fr\u00e8res R\u00e9thor\u00e9<\/h3><p>En 1924, une nouvelle page s\u2019ouvre pour le ch\u00e2teau qui passe aux mains des fr\u00e8res R\u00e9thor\u00e9, Raymond et Alphonse, natifs d\u2019Anjou et h\u00e9ritiers d\u2019une consid\u00e9rable fortune. Raymond, industriel et homme politique, si\u00e8ge \u00e0 la Chambre en tant que d\u00e9put\u00e9 gaulliste de la Charente, tandis qu\u2019Alphonse, architecte autodidacte, se passionne pour l\u2019art et l\u2019histoire.<\/p><p>Conjointement, ils envisagent un projet d\u2019envergure : m\u00e9tamorphoser le domaine en un \u00e9cho charentais du Versailles, le dotant d\u2019une fa\u00e7ade majestueuse de style Renaissance italienne.<\/p><h3>L\u2019ambition d\u2019une folie architecturale<\/h3><p>Les travaux du chateau de la Mercerie s\u2019\u00e9tendent de 1939 \u00e0 1975. Malgr\u00e9 les vicissitudes historiques et les contraintes budg\u00e9taires, la fratrie R\u00e9thor\u00e9 mobilise des artisans du terroir et des mat\u00e9riaux de premier choix pour concr\u00e9tiser leur r\u00eave, dont ils dessinent personnellement les plans et dirigent le chantier.<\/p><p>La fa\u00e7ade, longue de 220 m\u00e8tres, se pare de colonnes, balustres, frontons, et sculptures. Sa conception s\u2019inspire des palazzi italiens, des \u00e9difices grecs antiques et du ch\u00e2teau de Versailles, lui valant une inscription au Guinness Book des records comme la plus grande fa\u00e7ade \u00e9rig\u00e9e au XXe si\u00e8cle. L\u2019int\u00e9rieur se distingue par des salles opulentes, agr\u00e9ment\u00e9es de mobilier, tableaux, sculptures et c\u00e9ramiques d\u2019\u00e9poque, ainsi que d\u2019une collection d\u2019art international.<\/p><p>\u00c0 l\u2019ext\u00e9rieur, ils arment le domaine d\u2019un arboretum, d\u2019une roseraie et d\u2019un \u00e9tang, ajoutant \u00e0 la grandeur du lieu.<\/p><h2><span style=\"font-size: 18pt;\">Architecture et singularit\u00e9s du Ch\u00e2teau<\/span><\/h2><h3>Un style \u00e9clectique et imposant<\/h3><p>Le Chateau de La Mercerie brille par son architecture \u00e9tonnante qui fusionne harmonieusement les styles n\u00e9ogothique, Renaissance et baroque. Cet ensemble architectural comprend un manoir du XIXe si\u00e8cle, un donjon datant du XVIe si\u00e8cle, ainsi qu\u2019une chapelle et une biblioth\u00e8que. Mais c\u2019est sa fa\u00e7ade monumentale de 220 m\u00e8tres de long, rappelant l\u2019opulence des palais italiens, la grandeur des temples grecs et la majest\u00e9 du ch\u00e2teau de Versailles, qui captive le plus l\u2019attention. R\u00e9pertori\u00e9e dans le Guinness Book des records comme la plus vaste fa\u00e7ade r\u00e9alis\u00e9e au XXe si\u00e8cle, elle se pare de colonnes, balustres, frontons et statues, refl\u00e9tant l\u2019audacieuse ambition des fr\u00e8res R\u00e9thor\u00e9, consid\u00e9r\u00e9s comme des visionnaires de l\u2019architecture.<\/p><h3>Les particularit\u00e9s int\u00e9rieures : des d\u00e9tails cach\u00e9s<\/h3><p>\u00c0 l\u2019int\u00e9rieur, le chateau d\u00e9voile des tr\u00e9sors cach\u00e9s et des d\u00e9tails surprenants h\u00e9rit\u00e9s des fr\u00e8res R\u00e9thor\u00e9. Des salles fastueuses se d\u00e9marquent, orn\u00e9es de mobilier, de tapisseries et d\u2019\u0153uvres d\u2019art de diverses origines et \u00e9poques. Parmi les espaces les plus exceptionnels figurent la galerie des Azulejos, avec sa remarquable collection de fa\u00efence portugaise, la galerie d\u2019acajou, qui expose des peintures de la famille Vernet, le salon de B\u00e9ruges, renfermant un secret \u00e9tonnant, et la chambre de Raymond R\u00e9thor\u00e9, conservant des archives de son engagement politique. Le ch\u00e2teau abrite \u00e9galement des lieux de culture et de recueillement comme une chapelle, une biblioth\u00e8que et un salon de musique, t\u00e9moins de la richesse culturelle et de la foi des fr\u00e8res R\u00e9thor\u00e9.<\/p><h3>L\u2019\u00e9volution des travaux \u00e0 travers le temps<\/h3><p>De 1939 \u00e0 1975, le Ch\u00e2teau de la Mercerie a travers\u00e9 des phases de construction et de transformation mouvement\u00e9es sous l\u2019\u00e9gide des fr\u00e8res R\u00e9thor\u00e9, bravant les p\u00e9riodes troubles et les contraintes financi\u00e8res. Gr\u00e2ce \u00e0 la collaboration d\u2019artisans locaux et \u00e0 l\u2019emploi de mat\u00e9riaux de premier choix, des avanc\u00e9es notables ont \u00e9t\u00e9 r\u00e9alis\u00e9es, bien que le projet soit rest\u00e9 inachev\u00e9. Laisse \u00e0 l\u2019abandon pendant trois d\u00e9cennies, il a finalement \u00e9t\u00e9 remis en lumi\u00e8re gr\u00e2ce \u00e0 une association de b\u00e9n\u00e9voles, encourag\u00e9e par le maire de Magnac-Lavalette-Villars. Depuis 2011, un ambitieux programme de restauration est en cours, visant \u00e0 sauvegarder et mettre en valeur ce tr\u00e9sor patrimonial pour le public.<\/p><h2><span style=\"font-size: 18pt;\">Les myst\u00e8res et l\u00e9gendes entourant La Mercerie<\/span><\/h2><h3>Des r\u00e9cits de fant\u00f4mes aux secrets cach\u00e9s<\/h3><p>Le Ch\u00e2teau de La Mercerie, plus qu\u2019un chef-d\u2019\u0153uvre architectural, est un lieu empreint de myst\u00e8res et de l\u00e9gendes. Selon certains, il serait hant\u00e9 par les fant\u00f4mes des fr\u00e8res R\u00e9thor\u00e9, qui auraient laiss\u00e9 derri\u00e8re eux des secrets inavouables. D\u2019autres soutiennent que le ch\u00e2teau cache des passages secrets, des souterrains et des pi\u00e8ces dissimul\u00e9es. Dans ces lieux secrets, les fr\u00e8res auraient cach\u00e9 des documents compromettants, des objets pr\u00e9cieux ou m\u00eame des \u0153uvres d\u2019art d\u00e9rob\u00e9es.<\/p><p>Ces histoires captivent l\u2019imaginaire des visiteurs, d\u00e9sireux de r\u00e9soudre les myst\u00e8res du ch\u00e2teau.<\/p><h3>Les tr\u00e9sors perdus et non d\u00e9couverts du Ch\u00e2teau<\/h3><p>Le Ch\u00e2teau de La Mercerie est aussi c\u00e9l\u00e8bre pour ses tr\u00e9sors non encore d\u00e9couverts, suscitant curiosit\u00e9 et convoitise. Au nombre de ces tr\u00e9sors figure le c\u00e9l\u00e8bre collier de la reine Marie-Antoinette, acquis aupr\u00e8s d\u2019un antiquaire russe par les fr\u00e8res R\u00e9thor\u00e9 mais disparu suite \u00e0 un cambriolage. On parle \u00e9galement d\u2019une collection de pi\u00e8ces d\u2019or enterr\u00e9e dans le parc du ch\u00e2teau, dont l\u2019emplacement reste un myst\u00e8re.<\/p><p>Une partie du mobilier et des \u0153uvres d\u2019art du ch\u00e2teau, suppos\u00e9ment vendus ou donn\u00e9s, ont aussi perdu trace, ajoutant au myst\u00e8re.<\/p><h3>La Mercerie dans la culture populaire<\/h3><p>Le Ch\u00e2teau de La Mercerie a inspir\u00e9 de nombreux artistes et cr\u00e9ateurs, devenant le d\u00e9cor de films, s\u00e9ries t\u00e9l\u00e9vis\u00e9es et documentaires. Parmi eux, \u201cLes Myst\u00e8res de l\u2019art\u201d, qui explore le destin des fr\u00e8res R\u00e9thor\u00e9, et \u201cLa Dame de Monsoreau\u201d, adapt\u00e9 du roman d\u2019Alexandre Dumas. Le ch\u00e2teau est aussi le th\u00e9\u00e2tre d\u2019animations culturelles et ludiques, comme des escape games invitant les visiteurs \u00e0 plonger dans l\u2019univers des \u00e9nigmes et des secrets qu\u2019il renferme.<\/p><p>Devenu un espace de culture et de divertissement, le ch\u00e2teau attire un large public.<\/p><h2><span style=\"font-size: 18pt;\">Chateau de la Mercerie \u2013 Conclusion<\/span><\/h2><p>Le Ch\u00e2teau de La Mercerie, un domaine hors du commun, vous ouvre ses portes pour une immersion dans son histoire fascinante et ses myst\u00e8res. Fruit de l\u2019ardente passion et de la vision de deux fr\u00e8res, Raymond et Alphonse R\u00e9thor\u00e9, ce ch\u00e2teau t\u00e9moigne de leur d\u00e9vouement absolu \u00e0 son \u00e9dification et \u00e0 sa pr\u00e9servation.<\/p><p>D\u00e9voilant une architecture singuli\u00e8re m\u00e9langeant harmonieusement \u00e9l\u00e9ments n\u00e9ogothiques, Renaissance et baroques, le ch\u00e2teau est une vitrine d\u2019un int\u00e9rieur somptueux orn\u00e9 d\u2019\u0153uvres d\u2019art et parsem\u00e9 de d\u00e9tails \u00e0 d\u00e9couvrir. Immersif, il est envelopp\u00e9 dans un voile de l\u00e9gendes invitant \u00e0 l\u2019\u00e9vasion et \u00e0 l\u2019exploration.<\/p><p>Berceau culturel, le Ch\u00e2teau de La Mercerie offre un \u00e9ventail d\u2019activit\u00e9s telles que des \u00e9v\u00e9nements culturels et des jeux d\u2019\u00e9vasion, enrichissant l\u2019exp\u00e9rience de chaque visiteur.<\/p><p>Pour planifier votre visite dans ce lieu embl\u00e9matique, le site officiel du ch\u00e2teau est \u00e0 votre disposition pour toute information sur les heures d\u2019ouverture, tarifs, modalit\u00e9s de paiement, et bien plus. Suivez \u00e9galement le ch\u00e2teau sur les r\u00e9seaux sociaux pour des mises \u00e0 jour r\u00e9guli\u00e8res, des photographies, vid\u00e9os et retours d\u2019exp\u00e9rience des visiteurs. Le Ch\u00e2teau de La Mercerie promet une exp\u00e9rience inoubliable que vous ne voudrez pas manquer.<\/p><h2><span style=\"font-size: 18pt;\">Chateau de la Mercerie \u2013 FAQ<\/span><\/h2><h3>Quand et par qui le Chateau de La Mercerie a-t-il \u00e9t\u00e9 construit ?<\/h3><p>Initi\u00e9 en 1924, le Ch\u00e2teau de La Mercerie a \u00e9t\u00e9 \u00e9rig\u00e9 par les fr\u00e8res R\u00e9thor\u00e9, Raymond et Alphonse. Ils ont utilis\u00e9 comme fondation un petit manoir du XIXe si\u00e8cle pour cr\u00e9er un vaste \u00e9difice dans un style Renaissance italienne, dans l\u2019ambition d\u2019en faire le \u201cVersailles charentais\u201d.<\/p><h3>Quelles sont les particularit\u00e9s architecturales et d\u00e9coratives du Ch\u00e2teau de La Mercerie ?<\/h3><p>Situ\u00e9 en Charente, le Ch\u00e2teau de La Mercerie, souvent appel\u00e9 le \u201cVersailles charentais\u201d, d\u00e9voile une impressionnante fa\u00e7ade de 220 m\u00e8tres de long au style Renaissance italienne. Son int\u00e9rieur ne manque pas de splendeur avec une d\u00e9coration riche incluant meubles, peintures, sculptures et tapisseries de diverses \u00e9poques.<\/p><h3>Quel est le lien entre le Ch\u00e2teau de La Mercerie et la famille de La Rochefoucauld ?<\/h3><p>Le Ch\u00e2teau de La Mercerie lie son histoire \u00e0 celle de la famille de La Rochefoucauld par ses b\u00e2tisseurs, Raymond et Alain Brunaud, cousins \u00e9loign\u00e9s des La Rochefoucauld. Les fr\u00e8res Brunaud ont aspir\u00e9 \u00e0 \u00e9riger un monument c\u00e9l\u00e9brant leur famille et leur prestigieuse lign\u00e9e.<\/p><h3>Comment peut-on visiter le Ch\u00e2teau de La Mercerie et soutenir sa restauration ?<\/h3><p>Le Ch\u00e2teau de La Mercerie accueille le public pour des visites guid\u00e9es disponibles en fran\u00e7ais, anglais ou n\u00e9erlandais, selon un calendrier et des tarifs disponibles sur le <a href=\"https:\/\/www.chateaudelamercerie.fr\/\" target=\"_blank\" rel=\"noopener\">site officiel<\/a> du ch\u00e2teau. Pour contribuer \u00e0 sa restauration, des dons peuvent \u00eatre adress\u00e9s \u00e0 l\u2019Association du Ch\u00e2teau de la Mercerie, engag\u00e9e dans la sauvegarde et la mise en valeur de ce patrimoine exceptionnel depuis 2011.<\/p>\t\t\t\t\t\t\t\t<\/div>\n\t\t\t\t\t<\/div>\n\t\t\t\t<\/div>\n\t\t<div class=\"elementor-element elementor-element-dca5744 e-flex e-con-boxed e-con e-parent\" data-id=\"dca5744\" data-element_type=\"container\" data-e-type=\"container\">\n\t\t\t\t\t<div class=\"e-con-inner\">\n\t\t\t\t\t<\/div>\n\t\t\t\t<\/div>\n\t\t<aside class=\"elementor-element elementor-element-37a68d1 e-flex e-con-boxed e-con e-parent\" data-id=\"37a68d1\" data-element_type=\"container\" data-e-type=\"container\">\n\t\t\t\t\t<div class=\"e-con-inner\">\n\t\t\t\t<div class=\"elementor-element elementor-element-5668d07 elementor-widget elementor-widget-listeo-posts-grid\" data-id=\"5668d07\" data-element_type=\"widget\" data-e-type=\"widget\" data-widget_type=\"listeo-posts-grid.default\">\n\t\t\t\t<div class=\"elementor-widget-container\">\n\t\t\t\t\t\t\t\n\t\t<div class=\"listeo-post-grid-wrapper\">\n\t\t\t<div class=\"row\">\n\n\t\t\t\n\n\t\t\t\t\t\t\t<div class=\"col-md-4\">\n                <a href=\"https:\/\/cparici.com\/de\/marathon-de-cognac\/\" class=\"blog-compact-item-container\">\n                    <div class=\"blog-compact-item\">\n                        <img decoding=\"async\" width=\"577\" height=\"204\" src=\"https:\/\/cparici.com\/wp-content\/uploads\/2024\/09\/cparici-2025-02-19T214703.002-577x204.jpg\" class=\"attachment-listeo-blog-related-post size-listeo-blog-related-post wp-post-image\" alt=\"Marathon de Cognac\" srcset=\"https:\/\/cparici.com\/wp-content\/uploads\/2024\/09\/cparici-2025-02-19T214703.002-577x204.jpg 577w, https:\/\/cparici.com\/wp-content\/uploads\/2024\/09\/cparici-2025-02-19T214703.002-300x106.jpg 300w, https:\/\/cparici.com\/wp-content\/uploads\/2024\/09\/cparici-2025-02-19T214703.002-1024x362.jpg 1024w, https:\/\/cparici.com\/wp-content\/uploads\/2024\/09\/cparici-2025-02-19T214703.002-768x271.jpg 768w, https:\/\/cparici.com\/wp-content\/uploads\/2024\/09\/cparici-2025-02-19T214703.002-590x208.jpg 590w, https:\/\/cparici.com\/wp-content\/uploads\/2024\/09\/cparici-2025-02-19T214703.002-1200x424.jpg 1200w, https:\/\/cparici.com\/wp-content\/uploads\/2024\/09\/cparici-2025-02-19T214703.002-600x212.jpg 600w, https:\/\/cparici.com\/wp-content\/uploads\/2024\/09\/cparici-2025-02-19T214703.002.jpg 1500w\" sizes=\"(max-width: 577px) 100vw, 577px\" \/><span class=\"blog-item-tag\">Charente<\/span>                        \n                        <div class=\"blog-compact-item-content\">\n                                                        <h3>Marathon de cognac<\/h3>\n                                                        <p>Participez au marathon de Cognac, une course festive \u00e0 travers les vignobles de Charente. D\u00e9couvrez...                            <\/p>\n                                                    <\/div>\n                    <\/div>\n                <\/a>\n            <\/div>\n\t\t\t<div class=\"col-md-4\">\n                <a href=\"https:\/\/cparici.com\/de\/megarama-garat\/\" class=\"blog-compact-item-container\">\n                    <div class=\"blog-compact-item\">\n                        <img decoding=\"async\" width=\"577\" height=\"193\" src=\"https:\/\/cparici.com\/wp-content\/uploads\/2024\/05\/cinema-rochefort-1.jpg\" class=\"attachment-listeo-blog-related-post size-listeo-blog-related-post wp-post-image\" alt=\"megarama garat\" srcset=\"https:\/\/cparici.com\/wp-content\/uploads\/2024\/05\/cinema-rochefort-1.jpg 1500w, https:\/\/cparici.com\/wp-content\/uploads\/2024\/05\/cinema-rochefort-1-600x201.jpg 600w, https:\/\/cparici.com\/wp-content\/uploads\/2024\/05\/cinema-rochefort-1-300x101.jpg 300w, https:\/\/cparici.com\/wp-content\/uploads\/2024\/05\/cinema-rochefort-1-1024x343.jpg 1024w, https:\/\/cparici.com\/wp-content\/uploads\/2024\/05\/cinema-rochefort-1-768x258.jpg 768w\" sizes=\"(max-width: 577px) 100vw, 577px\" \/><span class=\"blog-item-tag\">Charente<\/span>                        \n                        <div class=\"blog-compact-item-content\">\n                                                        <h3>Megarama Garat \u2013 infos pratiques et horaires<\/h3>\n                                                        <p>Megarama Garat  - D\u00e9couvrez les films, \u00e9v\u00e9nements, horaires et tarifs, et Vivez une exp\u00e9rience...                            <\/p>\n                                                    <\/div>\n                    <\/div>\n                <\/a>\n            <\/div>\n\t\t\t<div class=\"col-md-4\">\n                <a href=\"https:\/\/cparici.com\/de\/visiter-la-charente-guide-complet-et-experiences-uniques\/\" class=\"blog-compact-item-container\">\n                    <div class=\"blog-compact-item\">\n                        <img decoding=\"async\" width=\"577\" height=\"222\" src=\"https:\/\/cparici.com\/wp-content\/uploads\/2020\/11\/cognac-banniere.jpg\" class=\"attachment-listeo-blog-related-post size-listeo-blog-related-post wp-post-image\" alt=\"visiter la charente - ville de Cognac\" srcset=\"https:\/\/cparici.com\/wp-content\/uploads\/2020\/11\/cognac-banniere.jpg 1520w, https:\/\/cparici.com\/wp-content\/uploads\/2020\/11\/cognac-banniere-600x230.jpg 600w, https:\/\/cparici.com\/wp-content\/uploads\/2020\/11\/cognac-banniere-768x295.jpg 768w\" sizes=\"(max-width: 577px) 100vw, 577px\" \/><span class=\"blog-item-tag\">Charente<\/span>                        \n                        <div class=\"blog-compact-item-content\">\n                                                        <h3>Visiter la Charente \u2013 guide complet et exp\u00e9riences uniques<\/h3>\n                                                        <p>Visiter la Charente : d\u00e9couvrez les secrets de cette r\u00e9gion authentique et pleine de charme....                            <\/p>\n                                                    <\/div>\n                    <\/div>\n                <\/a>\n            <\/div>\n  <\/div>\n        <\/div>\n        \t\t\t\t<\/div>\n\t\t\t\t<\/div>\n\t\t\t\t\t<\/div>\n\t\t\t\t<\/aside>\n\t\t\t\t<\/div>\n\t\t","protected":false},"excerpt":{"rendered":"<p>Entdecken Sie das Schloss La Mercerie, ein architektonisches Wunderwerk, das viele Geheimnisse birgt. Dieser Artikel verr\u00e4t Ihnen seine Geschichte und ungew\u00f6hnliche Anekdoten.<\/p>","protected":false},"author":1,"featured_media":42489,"comment_status":"closed","ping_status":"open","sticky":false,"template":"elementor_header_footer","format":"standard","meta":{"ngg_post_thumbnail":0,"footnotes":""},"categories":[1348,525,477,480],"tags":[375,199],"class_list":["post-42488","post","type-post","status-publish","format-standard","has-post-thumbnail","hentry","category-magnac-lavalette-villars","category-charente","category-france","category-poitou-charentes","tag-chateaux","tag-patrimoine"],"_links":{"self":[{"href":"https:\/\/cparici.com\/de\/wp-json\/wp\/v2\/posts\/42488","targetHints":{"allow":["GET"]}}],"collection":[{"href":"https:\/\/cparici.com\/de\/wp-json\/wp\/v2\/posts"}],"about":[{"href":"https:\/\/cparici.com\/de\/wp-json\/wp\/v2\/types\/post"}],"author":[{"embeddable":true,"href":"https:\/\/cparici.com\/de\/wp-json\/wp\/v2\/users\/1"}],"replies":[{"embeddable":true,"href":"https:\/\/cparici.com\/de\/wp-json\/wp\/v2\/comments?post=42488"}],"version-history":[{"count":0,"href":"https:\/\/cparici.com\/de\/wp-json\/wp\/v2\/posts\/42488\/revisions"}],"wp:featuredmedia":[{"embeddable":true,"href":"https:\/\/cparici.com\/de\/wp-json\/wp\/v2\/media\/42489"}],"wp:attachment":[{"href":"https:\/\/cparici.com\/de\/wp-json\/wp\/v2\/media?parent=42488"}],"wp:term":[{"taxonomy":"category","embeddable":true,"href":"https:\/\/cparici.com\/de\/wp-json\/wp\/v2\/categories?post=42488"},{"taxonomy":"post_tag","embeddable":true,"href":"https:\/\/cparici.com\/de\/wp-json\/wp\/v2\/tags?post=42488"}],"curies":[{"name":"wp","href":"https:\/\/api.w.org\/{rel}","templated":true}]}}