{"id":42710,"date":"2024-08-26T10:39:57","date_gmt":"2024-08-26T08:39:57","guid":{"rendered":"https:\/\/cparici.com\/?p=42710"},"modified":"2025-03-25T20:39:59","modified_gmt":"2025-03-25T19:39:59","slug":"schulanfang","status":"publish","type":"post","link":"https:\/\/cparici.com\/de\/rentree-scolaire\/","title":{"rendered":"Schulanfang - Aktivit\u00e4ten und Freizeit vor Schulbeginn"},"content":{"rendered":"<div data-elementor-type=\"wp-post\" data-elementor-id=\"42710\" class=\"elementor elementor-42710\" data-elementor-post-type=\"post\">\n\t\t\t\t<div class=\"elementor-element elementor-element-126a2fe e-flex e-con-boxed e-con e-parent\" data-id=\"126a2fe\" data-element_type=\"container\" data-e-type=\"container\">\n\t\t\t\t\t<div class=\"e-con-inner\">\n\t\t\t\t<div class=\"elementor-element elementor-element-c67d9ae elementor-widget elementor-widget-image\" data-id=\"c67d9ae\" data-element_type=\"widget\" data-e-type=\"widget\" data-widget_type=\"image.default\">\n\t\t\t\t\t\t\t\t\t\t\t\t\t\t\t<img decoding=\"async\" width=\"1500\" height=\"530\" src=\"https:\/\/cparici.com\/wp-content\/uploads\/2024\/08\/rentree-scolaire-2024-dates.jpg\" class=\"attachment-full size-full wp-image-42711\" alt=\"Schulbeginn 2025 Termine\" srcset=\"https:\/\/cparici.com\/wp-content\/uploads\/2024\/08\/rentree-scolaire-2024-dates.jpg 1500w, https:\/\/cparici.com\/wp-content\/uploads\/2024\/08\/rentree-scolaire-2024-dates-600x212.jpg 600w, https:\/\/cparici.com\/wp-content\/uploads\/2024\/08\/rentree-scolaire-2024-dates-300x106.jpg 300w, https:\/\/cparici.com\/wp-content\/uploads\/2024\/08\/rentree-scolaire-2024-dates-1024x362.jpg 1024w, https:\/\/cparici.com\/wp-content\/uploads\/2024\/08\/rentree-scolaire-2024-dates-768x271.jpg 768w\" sizes=\"(max-width: 1500px) 100vw, 1500px\" \/>\t\t\t\t\t\t\t\t\t\t\t\t\t\t\t<\/div>\n\t\t\t\t\t<\/div>\n\t\t\t\t<\/div>\n\t\t<div class=\"elementor-element elementor-element-2ed8f485 e-flex e-con-boxed e-con e-parent\" data-id=\"2ed8f485\" data-element_type=\"container\" data-e-type=\"container\">\n\t\t\t\t\t<div class=\"e-con-inner\">\n\t\t\t\t<div class=\"elementor-element elementor-element-76b38d13 elementor-widget elementor-widget-text-editor\" data-id=\"76b38d13\" data-element_type=\"widget\" data-e-type=\"widget\" data-widget_type=\"text-editor.default\">\n\t\t\t\t\t\t\t\t\t<h1 style=\"text-align: center;\"><span style=\"font-size: 18pt;\"><strong>Schulbeginn 2025<\/strong><\/span><\/h1><p><strong>Der Schulanfang<\/strong> ist ein wichtiges Ereignis im Jahr, das die R\u00fcckkehr in die Schule nach der Sommerpause symbolisiert. In Frankreich wird er von Millionen von Sch\u00fclern, Eltern und Lehrern mit Ungeduld erwartet. Dieses j\u00e4hrliche Ereignis markiert den Beginn eines neuen akademischen Jahres und mit ihm neue Lern- und Entwicklungsm\u00f6glichkeiten. Im Jahr 2024 wird der Schulbeginn f\u00fcr alle Beteiligten der Bildungsgemeinschaft eine entscheidende Zeit sein, die eine sorgf\u00e4ltige Vorbereitung erfordert, um einen erfolgreichen Start zu gew\u00e4hrleisten.<\/p><p>Um den Schulferienkalender zu entdecken, <a href=\"https:\/\/cparici.com\/de\/kalender-der-schulferien-2025-in-frankreich\/\">geht es hier lang.<\/a><\/p><h2><span style=\"font-size: 18pt;\"><strong>Schl\u00fcsseldaten f\u00fcr den Schulanfang 2025<\/strong><\/span><\/h2><p>In Frankreich werden die Termine f\u00fcr den Schulanfang vom Bildungsministerium festgelegt. F\u00fcr das Jahr 2024 ist der Schulbeginn f\u00fcr die Sch\u00fcler auf Montag, den 2. September, festgelegt. Die Lehrkr\u00e4fte werden am Freitag, dem 30. August, ihren ersten Schultag absolvieren. Diese Termine gelten f\u00fcr alle \u00f6ffentlichen und privaten Vertragsschulen, von der Grundschule bis zum Gymnasium.<\/p><ul><li><h4><strong>Montag, 1. September 2025<\/strong>\u00a0: Schulanfang<\/h4><\/li><li><h4><strong>Freitag, 29. August 2025<\/strong> : Pre-Rentr\u00e9e der Lehrer<\/h4><\/li><\/ul><h3><strong>Wie der Schulanfang in Frankreich funktioniert<\/strong><\/h3><p>Der Schulanfang in Frankreich ist ein wichtiger Schritt, der je nach Schulstufe unterschiedlich ausf\u00e4llt:<\/p><h4><strong>Der Schulanfang f\u00fcr Vor- und Grundschulen<\/strong><\/h4><p>Kleine Kinder im Kindergarten und in der Grundschule werden an ihrem ersten Tag in der Regel von ihren Eltern begleitet. Dies ist ein entscheidender Moment f\u00fcr sie, da sie sich an eine neue Umgebung gew\u00f6hnen, neue Bekanntschaften machen und beginnen, sich mit dem Schulrhythmus vertraut zu machen. Die Lehrer spielen eine entscheidende Rolle dabei, diesen sanften \u00dcbergang zu erleichtern.<\/p><h4><strong>Der Schulanfang am Coll\u00e8ge<\/strong><\/h4><p>F\u00fcr Sch\u00fcler der Sekundarstufe I bedeutet der Schulbeginn h\u00e4ufig den \u00dcbergang in eine h\u00f6here Klassenstufe, was mit bedeutenden Ver\u00e4nderungen einhergehen kann, wie der Einf\u00fchrung neuer F\u00e4cher oder einem Lehrerwechsel. Es ist auch die Gelegenheit f\u00fcr die Sch\u00fcler, sich an au\u00dferschulischen Aktivit\u00e4ten zu beteiligen, die ihren Bildungsweg bereichern.<\/p><h4><strong>Der Schulanfang in der Lyc\u00e9e<\/strong><\/h4><p>F\u00fcr Gymnasiasten, insbesondere f\u00fcr diejenigen, die in die Seconde oder Terminale eintreten, ist der Schulbeginn eine entscheidende Zeit. Er kann ihre zuk\u00fcnftige Ausrichtung und ihre Vorbereitung auf nationale Pr\u00fcfungen wie das Abitur bestimmen.<\/p><h4><strong>Der Studienbeginn an der Universit\u00e4t und nach dem Abitur<\/strong><\/h4><p>F\u00fcr Studierende an Hochschulen bedeutet der Studienbeginn oft, dass sie neue Verantwortlichkeiten \u00fcbernehmen, ihre Unabh\u00e4ngigkeit verwalten und Optionen w\u00e4hlen m\u00fcssen, die ihre berufliche Zukunft pr\u00e4gen werden.<\/p><h3><strong>Vorbereitungen f\u00fcr den Schulanfang<\/strong><\/h3><p>Ein erfolgreicher Schulanfang h\u00e4ngt zu einem gro\u00dfen Teil von einer guten Vorbereitung ab.<\/p><h4><strong>Schulbedarf: Die Essentials<\/strong><\/h4><p>Schulbedarfslisten werden in der Regel am Ende des letzten Schuljahres verteilt oder sind online verf\u00fcgbar. Sie beinhalten Hefte, Stifte, Schulb\u00fccher und andere wichtige Utensilien f\u00fcr das kommende Schuljahr.<\/p><h4><strong>Familienorganisation und Zeitmanagement<\/strong><\/h4><p>Eine gute Familienorganisation ist entscheidend, um dem Schulbeginn gelassen entgegenzusehen. Die Planung von Zeitpl\u00e4nen, die Einrichtung einer t\u00e4glichen Routine und das Voraussehen von unvorhergesehenen Ereignissen sind Schl\u00fcsselfaktoren f\u00fcr einen erfolgreichen \u00dcbergang.<\/p><h2><strong>Reiseziele f\u00fcr den Urlaub vor dem Schulbeginn<\/strong><\/h2><p>Bevor sie in das Schuljahr eintauchen, nutzen viele Familien die letzten Tage im August, um in den Urlaub zu fahren.<\/p><h3><strong>Sonnige Reiseziele in Frankreich<\/strong><\/h3><p>Die s\u00fcdlichen Regionen Frankreichs, wie die C\u00f4te d'Azur oder Korsika, sind beliebte Reiseziele, um vor dem Schulbeginn noch einmal die Sonne zu genie\u00dfen. Die Mittelmeerstr\u00e4nde bieten eine idyllische Umgebung zum Entspannen.<\/p><h3><strong>Sonnige Reiseziele in Europa<\/strong><\/h3><p>F\u00fcr diejenigen, die ins Ausland reisen m\u00f6chten, bieten die griechischen Inseln, die spanischen K\u00fcsten oder S\u00fcditalien wundersch\u00f6ne Landschaften und angenehme Temperaturen.<\/p><h3><strong>Bergige Reiseziele in Frankreich<\/strong><\/h3><p>Die Alpen und die Pyren\u00e4en sind perfekt f\u00fcr diejenigen, die die Berge bevorzugen. Diese Regionen bieten Outdoor-Aktivit\u00e4ten wie Wandern, Radfahren oder einfach nur das Vergn\u00fcgen, an der frischen Luft zu sein.<\/p><h3><strong>Bergige Reiseziele in Europa<\/strong><\/h3><p>In Europa sind die Berge der Schweiz, \u00d6sterreichs oder Italiens ideale Ziele, um die Natur und die atemberaubenden Landschaften zu genie\u00dfen, bevor der Schulalltag wieder einsetzt.<\/p><h2><strong>Aktivit\u00e4ten und Freizeitaktivit\u00e4ten am Ende des Sommers, vor Schulbeginn<\/strong><\/h2><p>Am Ende des Sommers gibt es eine Vielzahl von Aktivit\u00e4ten, mit denen man die letzten Urlaubstage in vollen Z\u00fcgen genie\u00dfen kann.<\/p><h4><strong>Outdoor-Aktivit\u00e4ten<\/strong><\/h4><p>Camping, Waldspazierg\u00e4nge und Wassersport eignen sich hervorragend, um das Beste aus dem sch\u00f6nen Wetter zu machen.<\/p><h4><strong>Kulturelle Aktivit\u00e4ten<\/strong><\/h4><p>Museen, Sonderausstellungen und Besuche historischer St\u00e4tten bieten eine lehrreiche und unterhaltsame Art, den Urlaub abzuschlie\u00dfen.<\/p><h4><strong>Kreative Freizeitgestaltung f\u00fcr Kinder<\/strong><\/h4><p>Kreative Workshops wie Malen oder T\u00f6pfern machen nicht nur Spa\u00df, sondern sind auch eine gute M\u00f6glichkeit, die Kinder auf die R\u00fcckkehr in die Schule vorzubereiten.<\/p><h3><strong>Kulturelle Veranstaltungen von Ende August bis Anfang September<\/strong><\/h3><p>Die Zeit von Ende August bis Anfang September ist reich an kulturellen Veranstaltungen.<\/p><h4><strong>Lokale Festivals und Feste in Frankreich<\/strong><\/h4><p>\u00dcberall in Frankreich werden <a href=\"https:\/\/cparici.com\/de\/festivals-in-frankreich\/\">Festivals<\/a> Musikfestivals, Kunsthandwerksmessen und Dorffeste pr\u00e4gen diese Zeit. Veranstaltungen wie das Festival Rock en Seine in Paris oder die F\u00eate de la Saint-Louis in S\u00e8te sind ein Muss.<\/p><h4><strong>Kulturelle Veranstaltungen in Europa<\/strong><\/h4><p>In <a href=\"https:\/\/cparici.com\/de\/europa-2\/\">Europa<\/a>In den USA ziehen Veranstaltungen wie die Filmfestspiele in Venedig oder das M\u00fcnchner Bierfestival Besucher aus der ganzen Welt an.<\/p><h3><strong>Sp\u00e4tsommerliche Sportereignisse<\/strong><\/h3><p>Auch Sportbegeisterte kommen im Sp\u00e4tsommer nicht zu kurz.<\/p><h4><strong>Sportwettk\u00e4mpfe in Frankreich<\/strong><\/h4><p>Wettk\u00e4mpfe wie die Tour de France, die oft im Juli endet, die Ligue 1 im Fu\u00dfball oder auch die <a href=\"https:\/\/cparici.com\/de\/tennis-frankreich\/\">Tennis<\/a>Die meisten der in dieser Zeit stattfindenden Veranstaltungen werden von der Regierung organisiert.<\/p><h4><strong>Gro\u00dfe Sportereignisse in Europa<\/strong><\/h4><p>Fu\u00dfball mit den Europameisterschaften, Leichtathletikwettbewerbe und Radsportveranstaltungen werden von Millionen von Fans verfolgt.<\/p><h3><strong>Einen sanften \u00dcbergang zum Schulanfang vorbereiten<\/strong><\/h3><p>Der \u00dcbergang zum Schulbeginn kann stressig sein, aber mit ein paar Tricks kann er reibungslos ablaufen.<\/p><h4><strong>Stressmanagement f\u00fcr den Schulanfang<\/strong><\/h4><p>Sich die Zeit zu nehmen, mit den Kindern zu sprechen, sie zu beruhigen und sie in die Vorbereitungen einzubeziehen, kann sehr dazu beitragen, \u00c4ngste abzubauen.<\/p><h4><strong>Tipps f\u00fcr einen erfolgreichen Start ins neue Schuljahr<\/strong><\/h4><p>Routinen einzuf\u00fchren, gut zu schlafen und sich auf die positiven Aspekte des Schulanfangs zu konzentrieren, sind wirksame Mittel, um einen guten Start ins neue Jahr zu haben.<\/p><h2><strong>Schulanfang 2024 - Schlussfolgerung<\/strong><\/h2><p>Der Schulbeginn 2024 ist eine Zeit des Aufbruchs, der Herausforderungen und der Chancen. Durch sorgf\u00e4ltige Planung und Ber\u00fccksichtigung der Bed\u00fcrfnisse der gesamten Familie kann dieser Schl\u00fcsselmoment in eine positive und bereichernde Erfahrung verwandelt werden.<\/p><h2><strong>Schulanfang 2024 - FAQ<\/strong><\/h2><h3><strong>Was ist der Schulanfang in Frankreich?<\/strong><\/h3><p>Der Schulbeginn ist die R\u00fcckkehr der Sch\u00fclerinnen und Sch\u00fcler in die Schule nach den Sommerferien und markiert den Beginn des neuen Schuljahres.<\/p><h3><strong>Wann beginnt das neue Schuljahr 2024 in Frankreich?<\/strong><\/h3><p>Das Schuljahr 2024 beginnt f\u00fcr Sch\u00fclerinnen und Sch\u00fcler am Montag, den 2. September, und f\u00fcr Lehrkr\u00e4fte am Freitag, den 30. August.<\/p><h3><strong>Welches sind die besten Reiseziele f\u00fcr einen Urlaub vor dem Schulbeginn?<\/strong><\/h3><p>Zu den besten Reisezielen geh\u00f6ren die sonnigen Str\u00e4nde S\u00fcdfrankreichs und Europas sowie die Berge der Alpen und der Pyren\u00e4en.<\/p><h3><strong>Welche Sport- und Kulturveranstaltungen finden Ende August statt?<\/strong><\/h3><p>Kulturfestivals wie Rock en Seine und Sportereignisse wie die Spiele der Ligue 1 sind nur einige der vielen Veranstaltungen, die Sie nicht verpassen sollten.<\/p><p>Erfahren Sie mehr \u00fcber die Termine f\u00fcr den Schulbeginn 2024, <a href=\"https:\/\/www.service-public.fr\/particuliers\/actualites\/A17627\" target=\"_blank\" rel=\"noopener\">besuchen Sie die Website service-public.fr<\/a><\/p>\t\t\t\t\t\t\t\t<\/div>\n\t\t\t\t\t<\/div>\n\t\t\t\t<\/div>\n\t\t\t\t<\/div>","protected":false},"excerpt":{"rendered":"<p>Erfahren Sie alles \u00fcber den Schulbeginn 2024 in Frankreich: Schl\u00fcsseldaten, Vorbereitungen, Urlaubsziele, kulturelle und sportliche Veranstaltungen, die Sie nicht verpassen sollten.<\/p>","protected":false},"author":1,"featured_media":42711,"comment_status":"closed","ping_status":"open","sticky":false,"template":"elementor_header_footer","format":"standard","meta":{"ngg_post_thumbnail":0,"footnotes":""},"categories":[477],"tags":[1400,1399,1401,1403,1402],"class_list":["post-42710","post","type-post","status-publish","format-standard","has-post-thumbnail","hentry","category-france","tag-college","tag-ecole","tag-lycee","tag-rentree-scolaire","tag-universite"],"_links":{"self":[{"href":"https:\/\/cparici.com\/de\/wp-json\/wp\/v2\/posts\/42710","targetHints":{"allow":["GET"]}}],"collection":[{"href":"https:\/\/cparici.com\/de\/wp-json\/wp\/v2\/posts"}],"about":[{"href":"https:\/\/cparici.com\/de\/wp-json\/wp\/v2\/types\/post"}],"author":[{"embeddable":true,"href":"https:\/\/cparici.com\/de\/wp-json\/wp\/v2\/users\/1"}],"replies":[{"embeddable":true,"href":"https:\/\/cparici.com\/de\/wp-json\/wp\/v2\/comments?post=42710"}],"version-history":[{"count":0,"href":"https:\/\/cparici.com\/de\/wp-json\/wp\/v2\/posts\/42710\/revisions"}],"wp:featuredmedia":[{"embeddable":true,"href":"https:\/\/cparici.com\/de\/wp-json\/wp\/v2\/media\/42711"}],"wp:attachment":[{"href":"https:\/\/cparici.com\/de\/wp-json\/wp\/v2\/media?parent=42710"}],"wp:term":[{"taxonomy":"category","embeddable":true,"href":"https:\/\/cparici.com\/de\/wp-json\/wp\/v2\/categories?post=42710"},{"taxonomy":"post_tag","embeddable":true,"href":"https:\/\/cparici.com\/de\/wp-json\/wp\/v2\/tags?post=42710"}],"curies":[{"name":"wp","href":"https:\/\/api.w.org\/{rel}","templated":true}]}}