{"id":42751,"date":"2024-08-27T11:14:37","date_gmt":"2024-08-27T09:14:37","guid":{"rendered":"https:\/\/cparici.com\/?p=42751"},"modified":"2025-03-25T20:49:39","modified_gmt":"2025-03-25T19:49:39","slug":"markte-in-frankreich-leitfaden","status":"publish","type":"post","link":"https:\/\/cparici.com\/de\/marches-en-france-guide\/","title":{"rendered":"M\u00e4rkte in Frankreich - Lokale Produkte und Markthallen"},"content":{"rendered":"<div data-elementor-type=\"wp-post\" data-elementor-id=\"42751\" class=\"elementor elementor-42751\" data-elementor-post-type=\"post\">\n\t\t\t\t<div class=\"elementor-element elementor-element-180de30 e-con-full e-flex e-con e-parent\" data-id=\"180de30\" data-element_type=\"container\" data-e-type=\"container\">\n\t\t\t\t<div class=\"elementor-element elementor-element-e9e8a7f elementor-widget elementor-widget-image\" data-id=\"e9e8a7f\" data-element_type=\"widget\" data-e-type=\"widget\" data-widget_type=\"image.default\">\n\t\t\t\t\t\t\t\t\t\t\t\t\t\t\t<img decoding=\"async\" width=\"1500\" height=\"530\" src=\"https:\/\/cparici.com\/wp-content\/uploads\/2024\/08\/marches-en-france-produits-locaux-halles.jpg\" class=\"attachment-full size-full wp-image-42752\" alt=\"m\u00e4rkte in frankreich lokale produkte hallen\" srcset=\"https:\/\/cparici.com\/wp-content\/uploads\/2024\/08\/marches-en-france-produits-locaux-halles.jpg 1500w, https:\/\/cparici.com\/wp-content\/uploads\/2024\/08\/marches-en-france-produits-locaux-halles-600x212.jpg 600w, https:\/\/cparici.com\/wp-content\/uploads\/2024\/08\/marches-en-france-produits-locaux-halles-300x106.jpg 300w, https:\/\/cparici.com\/wp-content\/uploads\/2024\/08\/marches-en-france-produits-locaux-halles-1024x362.jpg 1024w, https:\/\/cparici.com\/wp-content\/uploads\/2024\/08\/marches-en-france-produits-locaux-halles-768x271.jpg 768w\" sizes=\"(max-width: 1500px) 100vw, 1500px\" \/>\t\t\t\t\t\t\t\t\t\t\t\t\t\t\t<\/div>\n\t\t\t\t<\/div>\n\t\t<div class=\"elementor-element elementor-element-136f0955 e-flex e-con-boxed e-con e-parent\" data-id=\"136f0955\" data-element_type=\"container\" data-e-type=\"container\">\n\t\t\t\t\t<div class=\"e-con-inner\">\n\t\t\t\t<div class=\"elementor-element elementor-element-27e56b46 elementor-widget elementor-widget-text-editor\" data-id=\"27e56b46\" data-element_type=\"widget\" data-e-type=\"widget\" data-widget_type=\"text-editor.default\">\n\t\t\t\t\t\t\t\t\t<h1 style=\"text-align: center;\"><span style=\"font-size: 18pt;\"><strong>M\u00e4rkte in Frankreich<\/strong><\/span><\/h1><p><strong>M\u00e4rkte in Frankreich<\/strong> sind weit mehr als nur Orte des Handels. Sie sind ein lebendiges Spiegelbild der lokalen Kultur und Traditionen und bieten ein authentisches Erlebnis des <a href=\"https:\/\/cparici.com\/de\/erbe-von-frankreich\/\">Erbe<\/a> <a href=\"https:\/\/cparici.com\/de\/gastronomie-in-frankreich-franzosische-kuche\/\">gastronomisch<\/a> und handwerklich hergestellten franz\u00f6sischen Produkten. Jede <a href=\"https:\/\/cparici.com\/de\/13-regions-de-france-der-leitfaden\/\">Region<\/a>jede Saison und sogar <strong>jedes Dorf hat seinen eigenen Markt<\/strong>, unique par son ambiance et les produits qu\u2019il propose. Que ce soit pour les produits frais, les sp\u00e9cialit\u00e9s locales ou les objets d\u2019art, les march\u00e9s sont une v\u00e9ritable institution en France, attirant aussi bien les habitants que les visiteurs.<\/p><p>Erfahren Sie mehr \u00fcber die sch\u00f6nsten D\u00f6rfer Frankreichs, <a href=\"https:\/\/cparici.com\/de\/schonstes-dorf-frankreichs\/\">lesen Sie hier unseren ausf\u00fchrlichen Artikel.<\/a><\/p><h2><span style=\"font-size: 18pt;\"><strong>Einleitung und h<\/strong><strong>ie Geschichte der M\u00e4rkte in Frankreich<\/strong><\/span><\/h2><p>Die M\u00e4rkte in Frankreich haben eine lange Geschichte, die bis ins Mittelalter zur\u00fcckreicht, in dem sie eine zentrale Rolle im wirtschaftlichen und sozialen Leben spielten. Urspr\u00fcnglich wurden M\u00e4rkte geschaffen, um den Austausch zwischen Erzeugern und Verbrauchern zu erleichtern, und waren Orte der Begegnung, des Handels und oft auch der Festlichkeiten. Im Laufe der Zeit entwickelten sie sich zu w\u00f6chentlichen oder saisonalen Treffpunkten, an denen lokale Produkte, handwerkliche Kreationen und vieles mehr angeboten werden.<\/p><h3><strong>Wochenm\u00e4rkte in den D\u00f6rfern<\/strong><\/h3><p>Wochenm\u00e4rkte sind ein grundlegender Bestandteil des l\u00e4ndlichen Lebens in Frankreich. Jedes noch so kleine Dorf veranstaltet seinen Markt, oft auf dem Hauptplatz. Dort werden vor allem lokale Produkte angeboten: Gem\u00fcse, Obst, K\u00e4se und Wurstwaren, <a href=\"https:\/\/cparici.com\/de\/weine-aus-frankreich\/\">Weine<\/a>und manchmal auch regionale Spezialit\u00e4ten wie <a href=\"https:\/\/cparici.com\/de\/austern-degustieren-in-charente-maritime-die-besten-spots\/\">Austern<\/a> an den K\u00fcsten oder Oliven in der Provence. Diese M\u00e4rkte sind nicht nur Orte des Handels, sondern auch Orte der Sozialisierung, an denen die Bewohner Neuigkeiten und Ratschl\u00e4ge austauschen.<\/p><h3><strong>Weihnachtsm\u00e4rkte in Frankreich<\/strong><\/h3><p>Les march\u00e9s de No\u00ebl sont un incontournable en France, particuli\u00e8rement dans les r\u00e9gions de l\u2019Est comme l\u2019Alsace. Ces march\u00e9s, souvent orn\u00e9s de d\u00e9corations festives, proposent des produits artisanaux, des gourmandises de No\u00ebl comme le pain d\u2019\u00e9pices et le vin chaud, ainsi que des objets d\u2019art traditionnels. Le plus c\u00e9l\u00e8bre d\u2019entre eux est sans doute le march\u00e9 de No\u00ebl de <a href=\"https:\/\/cparici.com\/de\/strasbourg-stadtfuhrer\/\">Stra\u00dfburg<\/a>, connu pour \u00eatre l\u2019un des plus anciens d\u2019<a href=\"https:\/\/cparici.com\/de\/europa-2\/\">Europa.<\/a><\/p><h3><strong>M\u00e4rkte f\u00fcr handwerkliche Produkte<\/strong><\/h3><p>Les march\u00e9s de produits artisanaux sont une vitrine pour l\u2019artisanat local. On y d\u00e9couvre des cr\u00e9ations originales, des objets faits main allant de la poterie \u00e0 la bijouterie, en passant par les textiles. Ces march\u00e9s, souvent organis\u00e9s en \u00e9t\u00e9 ou lors des f\u00eates locales, permettent de valoriser le savoir-faire des artisans et d\u2019acheter des produits uniques en leur genre.<\/p><h3><strong>K\u00fcnstlerm\u00e4rkte<\/strong><\/h3><p>Les march\u00e9s d\u2019artistes sont des \u00e9v\u00e9nements o\u00f9 les cr\u00e9ateurs locaux exposent et vendent leurs \u0153uvres. Peintures, sculptures, photographies, et autres formes d\u2019art y sont pr\u00e9sent\u00e9es, offrant aux visiteurs l\u2019occasion de rencontrer les artistes et d\u2019acqu\u00e9rir des pi\u00e8ces originales. Ces march\u00e9s sont tr\u00e8s populaires dans les villes \u00e0 forte identit\u00e9 artistique comme <a href=\"https:\/\/cparici.com\/de\/montmartre\/\">Montmartre<\/a> \u00e0 <a href=\"https:\/\/cparici.com\/de\/paris\/\">Paris<\/a> oder Saint-Paul-de-Vence in der Provence.<\/p><h2><span style=\"font-size: 18pt;\"><strong>M\u00e4rkte nach Regionen<\/strong><\/span><\/h2><h3><strong>M\u00e4rkte in der Provence<\/strong><\/h3><p>In <a href=\"https:\/\/cparici.com\/de\/die-provence\/\">Provence<\/a>, les march\u00e9s sont c\u00e9l\u00e8bres pour leurs couleurs vives et leurs saveurs ensoleill\u00e9es. On y trouve des produits typiques comme les herbes de Provence, l\u2019huile d\u2019olive, et les fromages de ch\u00e8vre. Le march\u00e9 d\u2019Apt ou celui de l\u2019Isle-sur-la-Sorgue sont parmi les plus connus.<\/p><h3><strong>M\u00e4rkte in der Bretagne<\/strong><\/h3><p>Die <a href=\"https:\/\/cparici.com\/de\/besuche-die-bretagne-fuhrer-der-zu-erkundenden-statten-und-stadte\/\">Bretagne<\/a> est renomm\u00e9e pour ses march\u00e9s o\u00f9 les produits de la mer sont \u00e0 l\u2019honneur. Poissons frais, hu\u00eetres, coquillages et cr\u00eapes bretonnes attirent les gourmets dans les march\u00e9s de Saint-Malo ou de <a href=\"https:\/\/cparici.com\/de\/besichtigen-quimper-top-der-unumganglichen-und-geheimen-orte\/\">Quimper<\/a>.<\/p><h3><strong>M\u00e4rkte im Elsass<\/strong><\/h3><p><a href=\"https:\/\/cparici.com\/de\/elsass\/\">L\u2019Alsace<\/a>Die deutsch gepr\u00e4gten M\u00e4rkte in Frankreich sind reich an Wurstwaren, Weinen und Backwaren wie dem ber\u00fchmten Gugelhupf. Die Weihnachtsm\u00e4rkte in Colmar und Stra\u00dfburg sind wegen ihrer m\u00e4rchenhaften Atmosph\u00e4re ein Muss.<\/p><h3><strong>M\u00e4rkte im S\u00fcdwesten<\/strong><\/h3><p>Der S\u00fcdwesten Frankreichs ist ein Paradies f\u00fcr Feinschmecker, mit M\u00e4rkten, auf denen man Foie gras, Tr\u00fcffel und andere regionale Produkte findet. Der Markt in <a href=\"https:\/\/cparici.com\/de\/sarlat-la-caneda\/\">Sarlat<\/a>Die \"Fastenzeit\" ist ein Muss f\u00fcr alle, die gerne essen.<\/p><h2><span style=\"font-size: 18pt;\"><strong>Die Saisonm\u00e4rkte<\/strong><\/span><\/h2><h3><strong>Sommerm\u00e4rkte<\/strong><\/h3><p>En \u00e9t\u00e9, les march\u00e9s d\u00e9bordent de fruits et l\u00e9gumes de saison : tomates, melons, p\u00eaches, et abricots sont \u00e0 l\u2019honneur. Ces march\u00e9s estivaux, souvent tenus en plein air, sont l\u2019occasion de go\u00fbter \u00e0 la g\u00e9n\u00e9rosit\u00e9 de la terre fran\u00e7aise.<\/p><h3><strong>Winterm\u00e4rkte<\/strong><\/h3><p>En hiver, les march\u00e9s proposent des produits plus robustes : charcuteries, fromages \u00e0 p\u00e2te dure, vins, et confitures. Ces march\u00e9s sont particuli\u00e8rement fr\u00e9quent\u00e9s avant les f\u00eates de fin d\u2019ann\u00e9e, lorsque les Fran\u00e7ais pr\u00e9parent leurs festins.<\/p><h2><span style=\"font-size: 18pt;\"><strong>Les Halles in Frankreich<\/strong><\/span><\/h2><p>Les halles sont des structures couvertes o\u00f9 se tiennent des march\u00e9s permanents ou semi-permanents. Elles jouent un r\u00f4le essentiel dans l\u2019approvisionnement quotidien des habitants des villes.<\/p><h3><strong>Les Plus Belles Halles de France (Die sch\u00f6nsten Markthallen Frankreichs)<\/strong><\/h3><p>Zu den bekanntesten Markthallen geh\u00f6ren die Halles de <a href=\"https:\/\/cparici.com\/de\/lyon-stadt\/\">Lyon<\/a> Paul Bocuse, ein Gourmettempel, in dem sich lokale und international bekannte Produkte vermischen. Ein weiteres symboltr\u00e4chtiges Beispiel sind die Halles de Narbonne mit ihrer bemerkenswerten Architektur und ihren bunten St\u00e4nden. Schlie\u00dflich sind die Halles de <a href=\"https:\/\/cparici.com\/de\/bayonne\/\">Bayonne<\/a> sind f\u00fcr ihre gesellige Atmosph\u00e4re und ihre authentischen baskischen Produkte bekannt.<\/p><h3><strong>Hallen mit bemerkenswerten Architekturen<\/strong><\/h3><p>Les halles en France se distinguent aussi par leur architecture. Les Halles Baltard \u00e0 Paris, bien que disparues, ont marqu\u00e9 l\u2019histoire de l\u2019architecture m\u00e9tallique du XIXe si\u00e8cle. Les Halles de Limoges, quant \u00e0 elles, se caract\u00e9risent par leur belle structure en fer forg\u00e9 et en verre, t\u00e9moignant du style Art Nouveau. Les Halles de <a href=\"https:\/\/cparici.com\/de\/marsch-von-royan\/\">die Stadt Royan<\/a>, sont embl\u00e9matiques de l\u2019architecture de l\u2019apr\u00e8s-guerre en France.<\/p><h3><strong>Le Concours \u201cLe Plus Beau March\u00e9 de France\u201d<\/strong><\/h3><p>Chaque ann\u00e9e, l\u2019\u00e9mission t\u00e9l\u00e9vis\u00e9e \u201cLe Plus Beau March\u00e9 de France\u201d met en comp\u00e9tition les march\u00e9s les plus pittoresques du pays. Ce concours, tr\u00e8s suivi, permet de mettre en lumi\u00e8re la diversit\u00e9 et la richesse des march\u00e9s fran\u00e7ais. Les march\u00e9s laur\u00e9ats voient souvent leur fr\u00e9quentation augmenter, attirant des visiteurs de toute la France et m\u00eame au-del\u00e0. Parmi les gagnants r\u00e9cents, on peut citer le march\u00e9 de Sanary-sur-Mer, qui a s\u00e9duit par son cadre m\u00e9diterran\u00e9en et ses produits typiques. Le march\u00e9 des Halles de <a href=\"https:\/\/cparici.com\/de\/niort\/\">Niort<\/a> in der <a href=\"https:\/\/cparici.com\/de\/franzosische-departements-karte-von-frankreich\/\">Abteilung<\/a> der <a href=\"https:\/\/cparici.com\/de\/besuchen-sie-die-beiden-sevres-guide-des-sites-incontournables\/\">Deux-S\u00e8vres<\/a>, laur\u00e9at 2024, est un bel exemple de march\u00e9 couvert traditionnel. Son architecture en fer et verre, ses \u00e9tals color\u00e9s et l\u2019ambiance conviviale en font un lieu incontournable pour les amateurs de produits frais et locaux.<\/p><h2><span style=\"font-size: 18pt;\"><strong>Die Urspr\u00fcnglichsten M\u00e4rkte in Frankreich<\/strong><\/span><\/h2><h3><strong>Markt in L'Isle-sur-la-Sorgue<\/strong><\/h3><p>Der als Paradies f\u00fcr Schn\u00e4ppchenj\u00e4ger bekannte Markt in L'Isle-sur-la-Sorgue ist ber\u00fchmt f\u00fcr seine Antiquit\u00e4ten und Brocantes. Dieser Markt zieht Sammler und Liebhaber von Antiquit\u00e4ten aus ganz Frankreich an.<\/p><h3><strong>Schwimmender Markt in L'Isle-Adam<\/strong><\/h3><p>Unique en France, le march\u00e9 flottant de l\u2019Isle-Adam se d\u00e9roule sur l\u2019eau, offrant une exp\u00e9rience in\u00e9dite o\u00f9 les visiteurs circulent entre les \u00e9tals en barque. Ce march\u00e9 propose principalement des produits locaux et artisanaux.<\/p><h3><strong>Blumenmarkt in Nizza<\/strong><\/h3><p>Der Blumenmarkt in Nizza, der sich auf dem Cours Saleya befindet, ist eine Explosion von Farben und D\u00fcften. Hier findet man frische Blumen, aromatische Pflanzen und Str\u00e4u\u00dfe f\u00fcr jeden Geschmack. Dieser Markt ist ein Muss f\u00fcr alle Besucher der <a href=\"https:\/\/cparici.com\/de\/cote-dazur-french-riviera\/\">C\u00f4te d'Azur<\/a>.<\/p><h2><span style=\"font-size: 18pt;\"><strong>March\u00e9s et Halles de France \u2013 Conclusion<\/strong><\/span><\/h2><p>Die M\u00e4rkte in Frankreich sind gut <a href=\"https:\/\/fr.wikipedia.org\/wiki\/March%C3%A9_(lieu)#:~:text=En%20France%2C%20les%20march%C3%A9s%20sont,%C3%AAtre%20marchande%20au%20niveau%20national.\" target=\"_blank\" rel=\"noopener\">plus qu\u2019un simple lieu de commerce<\/a> : ils sont une v\u00e9ritable institution culturelle. Que vous soyez \u00e0 la recherche de produits locaux, de souvenirs artisanaux ou simplement d\u2019une ambiance authentique, les march\u00e9s fran\u00e7ais offrent une diversit\u00e9 et une richesse in\u00e9gal\u00e9es. Ils sont le c\u0153ur battant des villes et villages, o\u00f9 tradition et modernit\u00e9 se rencontrent pour le plus grand plaisir des visiteurs.<\/p><h2><span style=\"font-size: 18pt;\"><strong>FAQs zu den M\u00e4rkten in Frankreich<\/strong><\/span><\/h2><h3><strong>Qu\u2019est-ce qui rend les march\u00e9s fran\u00e7ais si sp\u00e9ciaux ?<\/strong><\/h3><p>Die franz\u00f6sischen M\u00e4rkte sind aufgrund ihrer Vielfalt, ihrer Geschichte und ihrer zentralen Rolle im Alltagsleben der Franzosen einzigartig. Sie spiegeln das reiche gastronomische und handwerkliche Erbe jeder Region wider.<\/p><h3><strong>Welche sind die besten M\u00e4rkte, die man in Frankreich besuchen kann?<\/strong><\/h3><p>Zu den bekanntesten M\u00e4rkten geh\u00f6ren der Weihnachtsmarkt in Stra\u00dfburg, die Halles de Lyon Paul Bocuse und der Blumenmarkt in Nizza.<\/p><h3><strong>Les march\u00e9s en France sont-ils ouverts toute l\u2019ann\u00e9e ?<\/strong><\/h3><p>Oui, la plupart des march\u00e9s hebdomadaires sont ouverts toute l\u2019ann\u00e9e, bien que certains march\u00e9s saisonniers comme les march\u00e9s de No\u00ebl n\u2019aient lieu qu\u2019en hiver.<\/p><h3><strong>Qu\u2019est-ce qu\u2019une halle en France ?<\/strong><\/h3><p>Eine Markthalle ist ein \u00fcberdachtes Geb\u00e4ude, in dem permanente oder semi-permanente M\u00e4rkte abgehalten werden und das sich h\u00e4ufig im Zentrum von St\u00e4dten befindet.<\/p><h3><strong>Wie kann man am Wettbewerb \"Plus Beau March\u00e9 de France\" teilnehmen?<\/strong><\/h3><p>Der Wettbewerb ist offen f\u00fcr franz\u00f6sische M\u00e4rkte, und die Bewerbungen werden oft von lokalen Gemeinden unterst\u00fctzt. Die Gewinner werden durch eine \u00f6ffentliche Abstimmung ermittelt.<\/p><h3><strong>Welches sind die originellsten M\u00e4rkte in Frankreich?<\/strong><\/h3><p>Le march\u00e9 flottant de l\u2019Isle-Adam et le march\u00e9 de l\u2019Isle-sur-la-Sorgue sont parmi les march\u00e9s les plus originaux, offrant des exp\u00e9riences uniques.<\/p><h3>Wer ist der Gewinner des sch\u00f6nsten Marktes in Frankreich im Jahr 2024?<\/h3><p>Der Markt Les Halles in Niort im D\u00e9partement Deux-S\u00e8vres ist der Preistr\u00e4ger 2024,<\/p>\t\t\t\t\t\t\t\t<\/div>\n\t\t\t\t\t<\/div>\n\t\t\t\t<\/div>\n\t\t\t\t<\/div>","protected":false},"excerpt":{"rendered":"<p>Entdecken Sie die M\u00e4rkte in Frankreich: Wochenm\u00e4rkte, Weihnachtsm\u00e4rkte, Kunsthandwerksm\u00e4rkte und vieles mehr. Erkunden Sie die Markthallen, Wettbewerbe und die originellsten M\u00e4rkte des Landes.<\/p>","protected":false},"author":1,"featured_media":42752,"comment_status":"closed","ping_status":"open","sticky":false,"template":"elementor_header_footer","format":"standard","meta":{"ngg_post_thumbnail":0,"footnotes":""},"categories":[477],"tags":[471,1071,1409,1410,199],"class_list":["post-42751","post","type-post","status-publish","format-standard","has-post-thumbnail","hentry","category-france","tag-degustation","tag-gastronomie","tag-marches","tag-marches-de-noel","tag-patrimoine"],"_links":{"self":[{"href":"https:\/\/cparici.com\/de\/wp-json\/wp\/v2\/posts\/42751","targetHints":{"allow":["GET"]}}],"collection":[{"href":"https:\/\/cparici.com\/de\/wp-json\/wp\/v2\/posts"}],"about":[{"href":"https:\/\/cparici.com\/de\/wp-json\/wp\/v2\/types\/post"}],"author":[{"embeddable":true,"href":"https:\/\/cparici.com\/de\/wp-json\/wp\/v2\/users\/1"}],"replies":[{"embeddable":true,"href":"https:\/\/cparici.com\/de\/wp-json\/wp\/v2\/comments?post=42751"}],"version-history":[{"count":0,"href":"https:\/\/cparici.com\/de\/wp-json\/wp\/v2\/posts\/42751\/revisions"}],"wp:featuredmedia":[{"embeddable":true,"href":"https:\/\/cparici.com\/de\/wp-json\/wp\/v2\/media\/42752"}],"wp:attachment":[{"href":"https:\/\/cparici.com\/de\/wp-json\/wp\/v2\/media?parent=42751"}],"wp:term":[{"taxonomy":"category","embeddable":true,"href":"https:\/\/cparici.com\/de\/wp-json\/wp\/v2\/categories?post=42751"},{"taxonomy":"post_tag","embeddable":true,"href":"https:\/\/cparici.com\/de\/wp-json\/wp\/v2\/tags?post=42751"}],"curies":[{"name":"wp","href":"https:\/\/api.w.org\/{rel}","templated":true}]}}