{"id":42998,"date":"2024-09-02T09:21:12","date_gmt":"2024-09-02T07:21:12","guid":{"rendered":"https:\/\/cparici.com\/?p=42998"},"modified":"2025-06-18T10:40:25","modified_gmt":"2025-06-18T08:40:25","slug":"colmar","status":"publish","type":"post","link":"https:\/\/cparici.com\/de\/colmar\/","title":{"rendered":"Colmar - Reisef\u00fchrer f\u00fcr einen idealen Aufenthalt"},"content":{"rendered":"\t\t<div data-elementor-type=\"wp-post\" data-elementor-id=\"42998\" class=\"elementor elementor-42998\" data-elementor-post-type=\"post\">\n\t\t\t\t<div class=\"elementor-element elementor-element-a959a11 e-con-full e-flex e-con e-parent\" data-id=\"a959a11\" data-element_type=\"container\" data-e-type=\"container\">\n\t\t\t\t<div class=\"elementor-element elementor-element-b938def elementor-widget elementor-widget-image\" data-id=\"b938def\" data-element_type=\"widget\" data-e-type=\"widget\" data-widget_type=\"image.default\">\n\t\t\t\t\t\t\t\t\t\t\t\t\t\t\t<img decoding=\"async\" width=\"1500\" height=\"530\" src=\"https:\/\/cparici.com\/wp-content\/uploads\/2024\/09\/cparici-1.jpg\" class=\"attachment-full size-full wp-image-67009\" alt=\"Colmar vue de nuit\" srcset=\"https:\/\/cparici.com\/wp-content\/uploads\/2024\/09\/cparici-1.jpg 1500w, https:\/\/cparici.com\/wp-content\/uploads\/2024\/09\/cparici-1-300x106.jpg 300w, https:\/\/cparici.com\/wp-content\/uploads\/2024\/09\/cparici-1-1024x362.jpg 1024w, https:\/\/cparici.com\/wp-content\/uploads\/2024\/09\/cparici-1-768x271.jpg 768w, https:\/\/cparici.com\/wp-content\/uploads\/2024\/09\/cparici-1-18x6.jpg 18w, https:\/\/cparici.com\/wp-content\/uploads\/2024\/09\/cparici-1-590x208.jpg 590w, https:\/\/cparici.com\/wp-content\/uploads\/2024\/09\/cparici-1-1200x424.jpg 1200w, https:\/\/cparici.com\/wp-content\/uploads\/2024\/09\/cparici-1-577x204.jpg 577w, https:\/\/cparici.com\/wp-content\/uploads\/2024\/09\/cparici-1-600x212.jpg 600w\" sizes=\"(max-width: 1500px) 100vw, 1500px\" \/>\t\t\t\t\t\t\t\t\t\t\t\t\t\t\t<\/div>\n\t\t\t\t<\/div>\n\t\t<aside class=\"elementor-element elementor-element-d8c8596 e-flex e-con-boxed e-con e-parent\" data-id=\"d8c8596\" data-element_type=\"container\" data-e-type=\"container\">\n\t\t\t\t\t<div class=\"e-con-inner\">\n\t\t\t\t<div class=\"elementor-element elementor-element-cca36b6 elementor-widget elementor-widget-global elementor-global-62046 elementor-widget-eael-advanced-search\" data-id=\"cca36b6\" data-element_type=\"widget\" data-e-type=\"widget\" data-widget_type=\"eael-advanced-search.default\">\n\t\t\t\t\t        <div class=\"eael-adv-search-wrapper\">\n            <div id=\"eael-advanced-search-widget-cca36b6\" class=\"eael-advanced-search-widget\">\n                <form data-settings=\"{&quot;post_per_page&quot;:5,&quot;search_among_taxonomies&quot;:&quot;&quot;,&quot;search_among_sku&quot;:&quot;no&quot;,&quot;show_popular_keyword&quot;:0,&quot;show_category&quot;:0,&quot;show_content_image&quot;:1,&quot;show_search_result_all_results&quot;:0,&quot;result_on_new_tab&quot;:&quot;no&quot;,&quot;show_product_price&quot;:&quot;no&quot;,&quot;include_current_page&quot;:&quot;no&quot;,&quot;current_post_id&quot;:42998,&quot;post_type&quot;:[&quot;post&quot;,&quot;listing&quot;]}\" method=\"POST\" name=\"eael-advanced-search-form-cca36b6\" class=\"eael-advanced-search-form eael-advanced-search-form-style-2\">\n                    <div class=\"eael-advanced-search-wrap\">\n                        <span class=\"eael-adv-search-loader\"><\/span>\n                        <span class=\"eael-adv-search-close\"><i class=\"fas fa-times\"><\/i><\/span>\n                        <span class=\"icon \"><i class=\"fas fa-search\"><\/i><\/span>\n\n                        <input type=\"text\"\n                               placeholder=\"Votre destination\"\n                               class=\"eael-advanced-search\" autocomplete=\"off\" name=\"eael_advanced_search\">\n                    <\/div>\n\t\t\t\t\t                                    <\/form>\n\n\t\t\t\t\n\t\t\t\t        <div class=\"eael-advanced-search-result\">\n            <div class=\"eael-advanced-search-popular-keyword\">\n\t\t\t\t<h4 class=\"eael-advanced-search-popular-keyword-text\">Recherches populaires<\/h4>                <div class=\"eael-popular-keyword-content\"><\/div>\n            <\/div>\n            <div class=\"eael-advanced-search-category\">\n\t\t\t\t<h4 class=\"eael-advanced-search-category-text\">Categories<\/h4>                <div class=\"eael-popular-category-content\"><\/div>\n            <\/div>\n\t\t\t<div class=\"eael-advanced-search-total-results-section\">\n\t\t\t\t\t\t\t<\/div>\n            <div class=\"eael-advanced-search-content eael-item-style-3\">\n            <\/div>\n            <div class=\"eael-advanced-search-not-found\">\n                <p>Pas de r\u00e9sultats<\/p><\/div>\n            <div class=\"eael-advanced-search-load-more\">\n\t\t\t\t<a \tclass=\"eael-advanced-search-load-more-button\"\n                \thref=\"#\">Voir tous les r\u00e9sultats<\/a>\n            <\/div>\n        <\/div>\n\n\t\t            <\/div>\n        <\/div>\n\n\t\t\t\t\t\t<\/div>\n\t\t\t\t\t<\/div>\n\t\t\t\t<\/aside>\n\t\t<div class=\"elementor-element elementor-element-5d7046ba e-flex e-con-boxed e-con e-parent\" data-id=\"5d7046ba\" data-element_type=\"container\" data-e-type=\"container\">\n\t\t\t\t\t<div class=\"e-con-inner\">\n\t\t\t\t<div class=\"elementor-element elementor-element-458e2690 elementor-widget elementor-widget-text-editor\" data-id=\"458e2690\" data-element_type=\"widget\" data-e-type=\"widget\" data-widget_type=\"text-editor.default\">\n\t\t\t\t\t\t\t\t\t<h1 style=\"text-align: center;\">Colmar, guide de visite en 2025<\/h1><p>\u00cates-vous \u00e0 la recherche de la destination parfaite pour vos prochaines vacances ? Vous \u00eates passionn\u00e9 par les villes historiques, pleines de charme et offrant une cuisine exquise ? Alors, votre qu\u00eate s\u2019arr\u00eate ici : d\u00e9couvrez <strong>Colmar<\/strong> ! Situ\u00e9e en <strong>Alsace<\/strong>, dans le <a href=\"https:\/\/cparici.com\/fr\/departements-francais-carte-de-france\/\">d\u00e9partement<\/a> du <a href=\"https:\/\/cparici.com\/fr\/haut-rhin-departement\/\">Haut Rhin<\/a>, Colmar est la troisi\u00e8me ville la plus importante de la r\u00e9gion, pr\u00e9c\u00e9d\u00e9e par Strasbourg et Mulhouse. Elle se trouve au c\u0153ur de la route des vins d\u2019Alsace et se proclame fi\u00e8rement capitale de cette c\u00e9l\u00e8bre route viticole.<\/p><p><div id=\"ez-toc-container\" class=\"ez-toc-v2_0_82_2 counter-hierarchy ez-toc-counter ez-toc-custom ez-toc-container-direction\">\n<div class=\"ez-toc-title-container\">\n<p class=\"ez-toc-title\" style=\"cursor:inherit\">Dans cet article<\/p>\n<span class=\"ez-toc-title-toggle\"><\/span><\/div>\n<nav><ul class='ez-toc-list ez-toc-list-level-1 ' ><li class='ez-toc-page-1 ez-toc-heading-level-2'><a class=\"ez-toc-link ez-toc-heading-1\" href=\"https:\/\/cparici.com\/de\/colmar\/#Decouvrir_Colmar_une_plongee_au_coeur_de_lAlsace\">D\u00e9couvrir Colmar : une plong\u00e9e au c\u0153ur de l\u2019Alsace<\/a><\/li><li class='ez-toc-page-1 ez-toc-heading-level-2'><a class=\"ez-toc-link ez-toc-heading-2\" href=\"https:\/\/cparici.com\/de\/colmar\/#Les_meilleurs_hotels_de_Colmar_pour_un_sejour_memorable\">Les meilleurs h\u00f4tels de Colmar pour un s\u00e9jour m\u00e9morable<\/a><\/li><li class='ez-toc-page-1 ez-toc-heading-level-2'><a class=\"ez-toc-link ez-toc-heading-3\" href=\"https:\/\/cparici.com\/de\/colmar\/#Conseils_pratiques_pour_optimiser_votre_visite_a_Colmar\">Conseils pratiques pour optimiser votre visite \u00e0 Colmar<\/a><\/li><li class='ez-toc-page-1 ez-toc-heading-level-2'><a class=\"ez-toc-link ez-toc-heading-4\" href=\"https:\/\/cparici.com\/de\/colmar\/#CGR_Colmar_le_multiplexe_coeur_de_ville\">CGR Colmar : le multiplexe c\u0153ur de ville<\/a><\/li><li class='ez-toc-page-1 ez-toc-heading-level-2'><a class=\"ez-toc-link ez-toc-heading-5\" href=\"https:\/\/cparici.com\/de\/colmar\/#En_synthese\">En synth\u00e8se<\/a><\/li><li class='ez-toc-page-1 ez-toc-heading-level-2'><a class=\"ez-toc-link ez-toc-heading-6\" href=\"https:\/\/cparici.com\/de\/colmar\/#Meteo_Colmar_%E2%80%93_Climat_description_et_previsions\">M\u00e9t\u00e9o Colmar \u2013 Climat, description et pr\u00e9visions<\/a><\/li><li class='ez-toc-page-1 ez-toc-heading-level-2'><a class=\"ez-toc-link ez-toc-heading-7\" href=\"https:\/\/cparici.com\/de\/colmar\/#Elements_cles_du_climat\">\u00c9l\u00e9ments cl\u00e9s du climat<\/a><\/li><li class='ez-toc-page-1 ez-toc-heading-level-2'><a class=\"ez-toc-link ez-toc-heading-8\" href=\"https:\/\/cparici.com\/de\/colmar\/#Synthese_rapide\">Synth\u00e8se rapide<\/a><\/li><li class='ez-toc-page-1 ez-toc-heading-level-2'><a class=\"ez-toc-link ez-toc-heading-9\" href=\"https:\/\/cparici.com\/de\/colmar\/#En_resume\">En r\u00e9sum\u00e9<\/a><\/li><li class='ez-toc-page-1 ez-toc-heading-level-2'><a class=\"ez-toc-link ez-toc-heading-10\" href=\"https:\/\/cparici.com\/de\/colmar\/#Conclusion\">Conclusion<\/a><\/li><li class='ez-toc-page-1 ez-toc-heading-level-2'><a class=\"ez-toc-link ez-toc-heading-11\" href=\"https:\/\/cparici.com\/de\/colmar\/#FAQ\">FAQ<\/a><\/li><\/ul><\/nav><\/div>\n<\/p><p>Pour en savoir plus sur l\u2019Alsace, <a href=\"https:\/\/cparici.com\/fr\/alsace\/\">lisez notre article d\u00e9taill\u00e9 ici.<\/a><\/p><p>Reconnue pour son riche <a href=\"https:\/\/cparici.com\/fr\/patrimoine-de-france\/\">patrimoine<\/a> architectural, Colmar t\u00e9moigne d\u2019une histoire fascinante, marqu\u00e9e par des influences fran\u00e7aises et allemandes.<\/p><p>Dans cet article, nous vous offrons un guide touristique complet pour <strong>explorer Colmar et ses alentours<\/strong>. Nous mettrons en lumi\u00e8re les sites incontournables, les meilleurs \u00e9tablissements o\u00f9 loger, ainsi que des astuces pour tirer le meilleur parti de votre s\u00e9jour. Laissez-vous guider !<\/p><h2>D\u00e9couvrir Colmar : une plong\u00e9e au c\u0153ur de l\u2019Alsace<\/h2><p>Colmar, ville d\u2019exception, est une invitation \u00e0 la d\u00e9couverte pour les passionn\u00e9s d\u2019art, d\u2019<a href=\"https:\/\/cparici.com\/fr\/histoire-de-france\/\">histoire<\/a>, de <a href=\"https:\/\/cparici.com\/fr\/gastronomie-en-france-cuisine-francaise\/\">gastronomie<\/a> ou encore de nature. D\u00e9couvrons ensemble les joyaux incontournables qui font le charme unique de cette ville.<\/p><h3>La Petite Venise : fl\u00e2nerie et romantisme<\/h3><p><strong>La Petite Venise<\/strong>, quartier embl\u00e9matique longeant la rivi\u00e8re Lauch au sud de la vieille ville, est l\u2019un des sites les plus pittoresques et photographi\u00e9s de Colmar. Les maisons color\u00e9es se mirant dans l\u2019eau, les ponts orn\u00e9s de fleurs et les balades en barque offrent un cadre paisible et enchanteur.<\/p><p>Ce quartier marque \u00e9galement le point de d\u00e9part de la c\u00e9l\u00e8bre route des vins d\u2019Alsace, invitation \u00e0 explorer les vignobles et villages traditionnels de la r\u00e9gion.<\/p><p>Pour en savoir plus sur <strong>les vins d\u2019Alsace<\/strong>,<a href=\"https:\/\/cparici.com\/fr\/vins-d-alsace\/\"> lisez notre article ici.<\/a><\/p><h3>Le charme m\u00e9di\u00e9val du Quartier des Tanneurs<\/h3><figure id=\"attachment_43002\" aria-describedby=\"caption-attachment-43002\" style=\"width: 1500px\" class=\"wp-caption aligncenter\"><a href=\"https:\/\/cparici.com\/wp-content\/uploads\/2024\/09\/Colmar-maisons-a-Colombage-photo.jpg\"><img decoding=\"async\" class=\"wp-image-43002 size-full\" src=\"https:\/\/cparici.com\/wp-content\/uploads\/2024\/09\/Colmar-maisons-a-Colombage-photo.jpg\" alt=\"Colmar maisons \u00e0 Colombage Quartier des Tanneurs\" width=\"1500\" height=\"530\" srcset=\"https:\/\/cparici.com\/wp-content\/uploads\/2024\/09\/Colmar-maisons-a-Colombage-photo.jpg 1500w, https:\/\/cparici.com\/wp-content\/uploads\/2024\/09\/Colmar-maisons-a-Colombage-photo-600x212.jpg 600w, https:\/\/cparici.com\/wp-content\/uploads\/2024\/09\/Colmar-maisons-a-Colombage-photo-300x106.jpg 300w, https:\/\/cparici.com\/wp-content\/uploads\/2024\/09\/Colmar-maisons-a-Colombage-photo-1024x362.jpg 1024w, https:\/\/cparici.com\/wp-content\/uploads\/2024\/09\/Colmar-maisons-a-Colombage-photo-768x271.jpg 768w\" sizes=\"(max-width: 1500px) 100vw, 1500px\" \/><\/a><figcaption id=\"caption-attachment-43002\" class=\"wp-caption-text\">Colmar \u2013 maisons \u00e0 Colombage, quartier des Tanneurs<\/figcaption><\/figure><p>Au nord de la vieille ville, <strong>le Quartier des Tanneurs<\/strong>, historique et plein de caract\u00e8re, tire son nom des artisans du cuir qui y r\u00e9sidaient. Les maisons \u00e0 colombages, certaines datant du 17\u00e8me si\u00e8cle, se distinguent par leurs toits \u00e9lev\u00e9s, con\u00e7us pour le s\u00e9chage des peaux. Une promenade dans ce quartier offre un voyage dans le temps \u00e0 travers ses ruelles pav\u00e9es et ses fa\u00e7ades richement d\u00e9cor\u00e9es.<\/p><h3>Les incontournables mus\u00e9es : Unterlinden et Bartholdi<\/h3><p>Colmar, ville d\u2019art et de culture, abrite le <a href=\"https:\/\/cparici.com\/fr\/musees-en-france\/\">mus\u00e9e<\/a> Unterlinden.<\/p><p data-start=\"321\" data-end=\"614\">Ce mus\u00e9e est surtout renomm\u00e9 pour abriter le c\u00e9l\u00e8bre <strong data-start=\"374\" data-end=\"397\">Retable d\u2019Issenheim<\/strong>, chef-d\u2019\u0153uvre du peintre Matthias Gr\u00fcnewald, datant du XVIe si\u00e8cle. Ce polyptyque impressionnant attire chaque ann\u00e9e des milliers de visiteurs fascin\u00e9s par ses sc\u00e8nes religieuses poignantes et son symbolisme intense.<\/p><p data-start=\"616\" data-end=\"896\">Le mus\u00e9e offre \u00e9galement une collection riche en <strong data-start=\"665\" data-end=\"709\">beaux-arts, arch\u00e9ologie, arts d\u00e9coratifs<\/strong> et arts du XXe si\u00e8cle, incluant des \u0153uvres de Picasso, Monet, Dubuffet et de nombreux artistes alsaciens. Il couvre ainsi une vaste p\u00e9riode allant de la pr\u00e9histoire \u00e0 l\u2019art contemporain.<\/p><p data-start=\"898\" data-end=\"1171\">Facilement accessible depuis le centre de Colmar, le mus\u00e9e propose aussi des expositions temporaires, des ateliers p\u00e9dagogiques et un auditorium. Son architecture harmonieuse entre clo\u00eetre gothique et extension moderne fait de la visite une v\u00e9ritable exp\u00e9rience esth\u00e9tique.<\/p><p data-start=\"1173\" data-end=\"1337\" data-is-last-node=\"\" data-is-only-node=\"\">Le <strong data-start=\"1176\" data-end=\"1197\">mus\u00e9e Unterlinden<\/strong> est un lieu vivant, \u00e0 la fois m\u00e9moire du pass\u00e9 et espace de cr\u00e9ation contemporaine, parfaitement int\u00e9gr\u00e9 \u00e0 l\u2019identit\u00e9 culturelle de Colmar.<\/p><p><strong>Le mus\u00e9e Bartholdi, d\u00e9di\u00e9 \u00e0 Auguste Bartholdi<\/strong>, sculpteur de la statue de la Libert\u00e9, permet de d\u00e9couvrir ses \u0153uvres, dessins, maquettes et sa maison natale.<\/p><p data-start=\"0\" data-end=\"319\">e mus\u00e9e, install\u00e9 dans la maison natale de l\u2019artiste au c\u0153ur de la vieille ville, rend hommage \u00e0 son \u0153uvre monumentale et \u00e0 son parcours international.<\/p><p data-start=\"321\" data-end=\"661\">Le b\u00e2timent historique, datant du XVIIIe si\u00e8cle, abrite sur trois niveaux une collection vari\u00e9e de <strong data-start=\"420\" data-end=\"465\">maquettes, dessins, sculptures originales<\/strong>, ainsi que des documents personnels. Le visiteur y d\u00e9couvre les coulisses de cr\u00e9ations embl\u00e9matiques telles que la Statue de la Libert\u00e9, le Lion de Belfort ou encore les Grands Soutiens du monde.<\/p><p data-start=\"663\" data-end=\"893\">Le mus\u00e9e explore \u00e9galement l\u2019engagement de Bartholdi pour la R\u00e9publique et son int\u00e9r\u00eat pour la symbolique des \u0153uvres publiques. La cour int\u00e9rieure accueille plusieurs statues grandeur nature, dans un cadre paisible et authentique.<\/p><p data-start=\"895\" data-end=\"1225\" data-is-last-node=\"\" data-is-only-node=\"\">En plus de sa valeur historique, le <strong data-start=\"931\" data-end=\"950\">mus\u00e9e Bartholdi<\/strong> offre une plong\u00e9e dans le XIXe si\u00e8cle artistique et politique, \u00e0 travers la vie d\u2019un homme profond\u00e9ment attach\u00e9 \u00e0 sa ville natale. Il constitue une \u00e9tape incontournable pour comprendre le r\u00f4le de Colmar dans l\u2019histoire culturelle de la France et dans l\u2019imaginaire universel.<\/p><h3>Les march\u00e9s de No\u00ebl : une tradition \u00e0 ne pas manquer<\/h3><p>En d\u00e9cembre, la ville se transforme en un v\u00e9ritable conte de No\u00ebl alsacien, illumin\u00e9e et d\u00e9cor\u00e9e, <strong>accueillant cinq march\u00e9s de No\u00ebl r\u00e9partis dans la ville<\/strong>. Ces march\u00e9s offrent une s\u00e9lection de produits artisanaux, de sp\u00e9cialit\u00e9s culinaires et d\u2019animations pour petits et grands. Concerts, spectacles et expositions sur le th\u00e8me de No\u00ebl enrichissent cette exp\u00e9rience f\u00e9erique, faisant de Colmar une destination privil\u00e9gi\u00e9e pour les f\u00eates.<\/p><figure id=\"attachment_67009\" aria-describedby=\"caption-attachment-67009\" style=\"width: 1500px\" class=\"wp-caption aligncenter\"><a href=\"https:\/\/cparici.com\/wp-content\/uploads\/2024\/09\/cparici-1.jpg\"><img decoding=\"async\" class=\"wp-image-67009 size-full\" src=\"https:\/\/cparici.com\/wp-content\/uploads\/2024\/09\/cparici-1.jpg\" alt=\"Colmar vue de nuit\" width=\"1500\" height=\"530\" srcset=\"https:\/\/cparici.com\/wp-content\/uploads\/2024\/09\/cparici-1.jpg 1500w, https:\/\/cparici.com\/wp-content\/uploads\/2024\/09\/cparici-1-300x106.jpg 300w, https:\/\/cparici.com\/wp-content\/uploads\/2024\/09\/cparici-1-1024x362.jpg 1024w, https:\/\/cparici.com\/wp-content\/uploads\/2024\/09\/cparici-1-768x271.jpg 768w, https:\/\/cparici.com\/wp-content\/uploads\/2024\/09\/cparici-1-18x6.jpg 18w, https:\/\/cparici.com\/wp-content\/uploads\/2024\/09\/cparici-1-590x208.jpg 590w, https:\/\/cparici.com\/wp-content\/uploads\/2024\/09\/cparici-1-1200x424.jpg 1200w, https:\/\/cparici.com\/wp-content\/uploads\/2024\/09\/cparici-1-577x204.jpg 577w, https:\/\/cparici.com\/wp-content\/uploads\/2024\/09\/cparici-1-600x212.jpg 600w\" sizes=\"(max-width: 1500px) 100vw, 1500px\" \/><\/a><figcaption id=\"caption-attachment-67009\" class=\"wp-caption-text\">Colmar vue de nuit<\/figcaption><\/figure><h2><span class=\"ez-toc-section\" id=\"Les_meilleurs_hotels_de_Colmar_pour_un_sejour_memorable\"><\/span>Les meilleurs h\u00f4tels de Colmar pour un s\u00e9jour m\u00e9morable<span class=\"ez-toc-section-end\"><\/span><\/h2><p>Colmar, avec son vaste choix d\u2019h\u00f4tels adapt\u00e9s \u00e0 tous les go\u00fbts et budgets, promet des s\u00e9jours inoubliables. Que vous soyez \u00e0 la recherche d\u2019un h\u00f4tel plein de charme, d\u2019un logement \u00e0 deux pas de la Petite Venise, d\u2019une option abordable ou d\u2019un luxe in\u00e9gal\u00e9, la ville saura r\u00e9pondre \u00e0 vos attentes. D\u00e9couvrez notre s\u00e9lection d\u2019h\u00f4tels pour une exp\u00e9rience m\u00e9morable.<\/p><h3>H\u00f4tels de charme au c\u0153ur de la vieille ville<\/h3><p>Pour une immersion dans l\u2019ambiance historique de la ville, optez pour un h\u00f4tel de charme situ\u00e9 en plein c\u0153ur de la vieille ville. Vous profiterez ainsi de la proximit\u00e9 des sites touristiques, restaurants et boutiques. Le Colmar Hotel, avec son cadre moderne et ses chambres spacieuses, ainsi que le PAUL & PIA \u2013 Welcome Home Hotel, connu pour son atmosph\u00e8re cosy et ses chambres d\u00e9cor\u00e9es avec soin, sont des choix parfaits.<\/p><h3>Les h\u00e9bergements \u00e0 proximit\u00e9 de la Petite Venise<\/h3><p>Si le charme de la Petite Venise vous attire, privil\u00e9giez un h\u00e9bergement proche de ce quartier pittoresque. Admirez les maisons color\u00e9es, naviguez sur la rivi\u00e8re Lauch et savourez la cuisine alsacienne. Le Grand H\u00f4tel Bristol, un 4 \u00e9toiles offrant confort et \u00e9l\u00e9gance, et le Novotel Suites Colmar Centre, avec ses suites modernes, sont id\u00e9alement situ\u00e9s pour explorer cette zone.<\/p><h3>Options d\u2019h\u00f4tels pour les voyageurs soucieux de leur budget<\/h3><p>Les voyageurs \u00e0 budget limit\u00e9 trouveront \u00e9galement leur bonheur \u00e0 Colmar, avec des h\u00f4tels offrant un excellent rapport qualit\u00e9-prix. L\u2019Hotel Primo Colmar Centre propose des chambres fonctionnelles et un accueil 24h\/24, tandis que le Campanile Colmar \u2013 Parc des Expositions offre des chambres climatis\u00e9es et divers services, le tout \u00e0 un prix abordable.<\/p><h3>Des s\u00e9jours luxueux \u00e0 Colmar<\/h3><p>Pour une exp\u00e9rience haut de gamme, Colmar regorge d\u2019h\u00f4tels de luxe offrant un service exceptionnel et un cadre somptueux. La Maison des T\u00eates, un h\u00f4tel 5 \u00e9toiles log\u00e9 dans un b\u00e2timent du 17\u00e8me si\u00e8cle, et Le Colombier Suites, avec ses suites design dans une maison \u00e0 colombages, sont des \u00e9tablissements qui promettent un s\u00e9jour luxueux et inoubliable.<\/p><h2><span class=\"ez-toc-section\" id=\"Conseils_pratiques_pour_optimiser_votre_visite_a_Colmar\"><\/span>Conseils pratiques pour optimiser votre visite \u00e0 Colmar<span class=\"ez-toc-section-end\"><\/span><\/h2><p>Colmar, ville charmante accessible toute l\u2019ann\u00e9e, r\u00e9v\u00e8le ses attraits particuli\u00e8rement lors de certaines saisons. Pour une exp\u00e9rience enrichissante, que ce soit en mati\u00e8re de d\u00e9placement, de restauration ou de participation aux \u00e9v\u00e9nements et festivals locaux, suivez ces recommandations pratiques.<\/p><h3>Les meilleures saisons pour visiter<\/h3><p>Profitant d\u2019un climat continental, Colmar est id\u00e9ale au printemps, de mars \u00e0 mai, avec des temp\u00e9ratures agr\u00e9ables et moins de touristes, permettant de d\u00e9couvrir la ville en fleur en toute s\u00e9r\u00e9nit\u00e9. L\u2019automne, de septembre \u00e0 novembre, offre l\u2019occasion unique de participer aux vendanges et de savourer les vins d\u2019Alsace, tandis que l\u2019hiver, de d\u00e9cembre \u00e0 f\u00e9vrier, plonge la ville dans une atmosph\u00e8re f\u00e9erique avec ses march\u00e9s de No\u00ebl. L\u2019\u00e9t\u00e9, bien que chaud et propice aux activit\u00e9s en plein air, est aussi la p\u00e9riode la plus fr\u00e9quent\u00e9e et la plus on\u00e9reuse.<\/p><h3>Se d\u00e9placer \u00e0 Colmar et aux alentours<\/h3><p>Le c\u0153ur historique de Colmar se pr\u00eate parfaitement \u00e0 la d\u00e9couverte \u00e0 pied. Pour explorer plus loin, les transports en commun, les v\u00e9los en location, ou encore le train pour les excursions dans d\u2019autres villes d\u2019Alsace, sont des options pratiques. La location d\u2019une voiture, bien que plus co\u00fbteuse, offre davantage de libert\u00e9 pour parcourir la r\u00e9gion \u00e0 votre guise.<\/p><h3>Gastronomie alsacienne : les incontournables \u00e0 d\u00e9guster<\/h3><p>Colmar, avec sa gastronomie alsacienne riche, promet de d\u00e9licieuses d\u00e9couvertes culinaires. Ne manquez pas la choucroute, le baeckeoffe, la tarte flamb\u00e9e, le kougelhopf, les bredele, et bien s\u00fbr, les vins d\u2019Alsace, reflets de la diversit\u00e9 viticole de la r\u00e9gion.<\/p><h3>Ev\u00e9nements et festivals \u00e0 ne pas rater<\/h3><p>Colmar vibre au rythme d\u2019\u00e9v\u00e9nements et de festivals tout au long de l\u2019ann\u00e9e, valorisant son patrimoine et sa culture. Parmi eux, la foire aux vins d\u2019Alsace en ao\u00fbt, les march\u00e9s de No\u00ebl en fin d\u2019ann\u00e9e, le festival international de musique classique en juillet, et le festival du livre en novembre, sont des moments forts \u00e0 ne pas manquer.<\/p><article class=\"text-token-text-primary w-full\" dir=\"auto\" data-testid=\"conversation-turn-4\" data-scroll-anchor=\"true\"><div class=\"text-base my-auto mx-auto py-5 [--thread-content-margin:--spacing(4)] @[37rem]:[--thread-content-margin:--spacing(6)] @[72rem]:[--thread-content-margin:--spacing(16)] px-(--thread-content-margin)\"><div class=\"[--thread-content-max-width:32rem] @[34rem]:[--thread-content-max-width:40rem] @[64rem]:[--thread-content-max-width:48rem] mx-auto flex max-w-(--thread-content-max-width) flex-1 text-base gap-4 md:gap-5 lg:gap-6 group\/turn-messages focus-visible:outline-hidden\" tabindex=\"-1\"><div class=\"group\/conversation-turn relative flex w-full min-w-0 flex-col agent-turn\"><div class=\"relative flex-col gap-1 md:gap-3\"><div class=\"flex max-w-full flex-col grow\"><div class=\"min-h-8 text-message relative flex w-full flex-col items-end gap-2 text-start break-words whitespace-normal [.text-message+&]:mt-5\" dir=\"auto\" data-message-author-role=\"assistant\" data-message-id=\"50797f34-15d3-46ea-a0d1-e6e38fa8ba63\" data-message-model-slug=\"gpt-4o\"><div class=\"flex w-full flex-col gap-1 empty:hidden first:pt-[3px]\"><div class=\"markdown prose dark:prose-invert w-full break-words light\"><h2 data-start=\"86\" data-end=\"132\"><span class=\"ez-toc-section\" id=\"CGR_Colmar_le_multiplexe_coeur_de_ville\"><\/span>CGR Colmar : le multiplexe c\u0153ur de ville<span class=\"ez-toc-section-end\"><\/span><\/h2><p data-start=\"134\" data-end=\"287\"><span class=\"relative -mx-px my-[-0.2rem] rounded px-px py-[0.2rem] transition-colors duration-100 ease-in-out\">Le <strong data-start=\"3\" data-end=\"17\">CGR Colmar<\/strong>, aussi appel\u00e9 <strong data-start=\"32\" data-end=\"44\">M\u00e9ga CGR<\/strong>, est le seul cin\u00e9ma en activit\u00e9 \u00e0 Colmar depuis la fermeture du Colis\u00e9e en 2018.<\/span>\u00a0<span class=\"relative -mx-px my-[-0.2rem] rounded px-px py-[0.2rem] transition-colors duration-100 ease-in-out\">Inaugur\u00e9 en d\u00e9cembre 2006, il est implant\u00e9 en centre-ville, place Scheurer\u2011Kestner, proposant un <strong data-start=\"97\" data-end=\"133\">multiplexe moderne et accessible<\/strong>. Riche de <strong data-start=\"144\" data-end=\"168\">12 salles num\u00e9riques<\/strong>, ce complexe r\u00e9pond aux attentes du public local en offrant une <strong data-start=\"233\" data-end=\"263\">programmation grand public<\/strong> et des \u00e9v\u00e9nements sp\u00e9ciaux<\/span><\/p><h3 data-start=\"294\" data-end=\"339\">Qu\u2019offrent les salles et \u00e9quipements du CGR Colmar ?<\/h3><ul data-start=\"341\" data-end=\"662\"><li data-start=\"341\" data-end=\"419\"><p data-start=\"343\" data-end=\"419\"><span class=\"relative -mx-px my-[-0.2rem] rounded px-px py-[0.2rem] transition-colors duration-100 ease-in-out\"><strong data-start=\"0\" data-end=\"12\" data-is-only-node=\"\">Capacit\u00e9<\/strong> : environ 2\u202f400 fauteuils r\u00e9partis dans 12 salles, les plus grandes pouvant accueillir 576 places (salle\u202f1), les plus petites 72 \u00e0 79 places<\/span><\/p><\/li><li data-start=\"420\" data-end=\"498\"><p data-start=\"422\" data-end=\"498\"><span class=\"relative -mx-px my-[-0.2rem] rounded px-px py-[0.2rem] transition-colors duration-100 ease-in-out\"><strong data-start=\"0\" data-end=\"16\" data-is-only-node=\"\">Technologies<\/strong> : projection num\u00e9rique, salle premium <strong data-start=\"55\" data-end=\"62\">ICE<\/strong>, technologies immersives (LightVibes en salle\u202f6), et \u00e9quipement en <strong data-start=\"130\" data-end=\"136\">3D<\/strong> possible<\/span><\/p><\/li><li data-start=\"499\" data-end=\"662\"><p data-start=\"501\" data-end=\"662\"><span class=\"relative -mx-px my-[-0.2rem] rounded px-px py-[0.2rem] transition-colors duration-100 ease-in-out\"><strong data-start=\"0\" data-end=\"17\" data-is-only-node=\"\">Accessibilit\u00e9<\/strong> : ouvert 7\u202fjours sur\u202f7 de 10h30 \u00e0 23h00, avec parking gratuit (Silo Lacarre, Manufacture) \u00e0 proximit\u00e9<\/span> . <span class=\"relative -mx-px my-[-0.2rem] rounded px-px py-[0.2rem] transition-colors duration-100 ease-in-out\">Un d\u00e9fibrillateur est \u00e9galement pr\u00e9sent pour la s\u00e9curit\u00e9 publique<\/span><\/p><\/li><\/ul><h3 data-start=\"669\" data-end=\"706\">Programmation et vie du cin\u00e9ma<\/h3><ul data-start=\"708\" data-end=\"956\"><li data-start=\"708\" data-end=\"790\"><p data-start=\"710\" data-end=\"790\"><span class=\"relative -mx-px my-[-0.2rem] rounded px-px py-[0.2rem] transition-colors duration-100 ease-in-out\"><strong data-start=\"0\" data-end=\"21\" data-is-only-node=\"\">Films \u00e0 l\u2019affiche<\/strong> : blockbusters, animations familiales, com\u00e9dies, s\u00e9ances <strong data-start=\"79\" data-end=\"94\">Art & Essai<\/strong> accessibles avec carte, ainsi que retransmissions d\u2019op\u00e9ras, de concerts, \u00e9v\u00e9nements jeunesse (Super Wings, Pororo, Masha)<\/span><\/p><\/li><li data-start=\"791\" data-end=\"873\"><p data-start=\"793\" data-end=\"873\"><span class=\"relative -mx-px my-[-0.2rem] rounded px-px py-[0.2rem] transition-colors duration-100 ease-in-out\"><strong data-start=\"0\" data-end=\"24\" data-is-only-node=\"\">\u00c9v\u00e9nements r\u00e9guliers<\/strong> : avant-premi\u00e8res, s\u00e9ances sp\u00e9ciales Club CGR, formules Duo, menus Maxi Pop, concerts film\u00e9s (Andr\u00e9 Rieu\u2026)<\/span><\/p><\/li><li data-start=\"874\" data-end=\"956\"><p data-start=\"876\" data-end=\"956\"><span class=\"relative -mx-px my-[-0.2rem] rounded px-px py-[0.2rem] transition-colors duration-100 ease-in-out\"><strong data-start=\"0\" data-end=\"10\" data-is-only-node=\"\">Tarifs<\/strong> : plein tarif \u00e0 11,50\u202f\u20ac, tarif r\u00e9duit (\u00e9tudiants, familles etc.) 7,90\u202f\u20ac\u20138,50\u202f\u20ac, enfant (-\u202f16\u202fans) 6,40\u202f\u20ac. Tarifs Club CGR (7,50\u202f\u20ac) et majoration mod\u00e9r\u00e9e en versions ICE ou 3D<\/span><\/p><\/li><\/ul><h3 data-start=\"963\" data-end=\"1001\">Avis, ambiance et accessibilit\u00e9 du CGR Colmar<\/h3><ul data-start=\"1003\" data-end=\"1251\"><li data-start=\"1003\" data-end=\"1085\"><p data-start=\"1005\" data-end=\"1085\"><span class=\"relative -mx-px my-[-0.2rem] rounded px-px py-[0.2rem] transition-colors duration-100 ease-in-out\"><strong data-start=\"0\" data-end=\"25\" data-is-only-node=\"\">Atmosph\u00e8re conviviale<\/strong> : jug\u00e9e agr\u00e9able et confortable, si\u00e8ges spacieux, facilit\u00e9s de stationnement<\/span><\/p><\/li><li data-start=\"1086\" data-end=\"1168\"><p data-start=\"1088\" data-end=\"1168\"><span class=\"relative -mx-px my-[-0.2rem] rounded px-px py-[0.2rem] transition-colors duration-100 ease-in-out\"><strong data-start=\"0\" data-end=\"16\" data-is-only-node=\"\">Points forts<\/strong> : localisation centrale, choix vari\u00e9 de films, technologies modernes et services adapt\u00e9s<\/span><\/p><\/li><li data-start=\"1169\" data-end=\"1251\"><p data-start=\"1171\" data-end=\"1251\"><span class=\"relative -mx-px my-[-0.2rem] rounded px-px py-[0.2rem] transition-colors duration-100 ease-in-out\"><strong data-start=\"0\" data-end=\"23\" data-is-only-node=\"\">Axes d\u2019am\u00e9lioration<\/strong> : selon les internautes, le hall est parfois jug\u00e9 \u00ab trop grand, bruyant, pas tr\u00e8s propre \u00bb ; personnel perfectible, et prix de confiserie jug\u00e9s \u00e9lev\u00e9s<\/span><\/p><\/li><\/ul><h2 data-start=\"1258\" data-end=\"1275\"><span class=\"ez-toc-section\" id=\"En_synthese\"><\/span>En synth\u00e8se<span class=\"ez-toc-section-end\"><\/span><\/h2><p data-start=\"1277\" data-end=\"1316\"><span class=\"relative -mx-px my-[-0.2rem] rounded px-px py-[0.2rem] transition-colors duration-100 ease-in-out\">Le <strong data-start=\"3\" data-end=\"17\">CGR Colmar<\/strong> s\u2019affirme aujourd\u2019hui comme un pilier culturel de la ville, avec un <strong data-start=\"86\" data-end=\"126\">multiplexe complet au c\u0153ur du centre<\/strong>, facile d\u2019acc\u00e8s, offrant <strong data-start=\"152\" data-end=\"176\">12 salles num\u00e9riques<\/strong>, technologies immersives et <strong data-start=\"205\" data-end=\"234\">programmation diversifi\u00e9e<\/strong>, de <strong data-start=\"239\" data-end=\"261\">films grand public<\/strong> \u00e0 <strong data-start=\"264\" data-end=\"290\">\u00e9v\u00e9nements sp\u00e9cialis\u00e9s<\/strong>. Ouvert toute l\u2019ann\u00e9e, il propose des <strong data-start=\"329\" data-end=\"354\">tarifs adapt\u00e9s \u00e0 tous<\/strong> (enfants, \u00e9tudiants, Club CGR) et offre une exp\u00e9rience cin\u00e9ma moderne accessible \u00e0 tous.<\/span><\/p><p data-start=\"1323\" data-end=\"1347\"><strong data-start=\"1323\" data-end=\"1345\">Infos pratiques<\/strong><\/p><ul data-start=\"1348\" data-end=\"1641\"><li data-start=\"1348\" data-end=\"1391\"><p data-start=\"1350\" data-end=\"1391\"><span class=\"relative -mx-px my-[-0.2rem] rounded px-px py-[0.2rem] transition-colors duration-100 ease-in-out\"><strong data-start=\"0\" data-end=\"11\" data-is-only-node=\"\">Adresse<\/strong> : 1 place Scheurer\u2011Kestner, 68000 Colmar<\/span><\/p><\/li><li data-start=\"1392\" data-end=\"1475\"><p data-start=\"1394\" data-end=\"1475\"><span class=\"relative -mx-px my-[-0.2rem] rounded px-px py-[0.2rem] transition-colors duration-100 ease-in-out\"><strong data-start=\"0\" data-end=\"12\" data-is-only-node=\"\">Horaires<\/strong> : 10h30\u201323h, 7j\/7<\/span><\/p><\/li><li data-start=\"1476\" data-end=\"1559\"><p data-start=\"1478\" data-end=\"1559\"><span class=\"relative -mx-px my-[-0.2rem] rounded px-px py-[0.2rem] transition-colors duration-100 ease-in-out\"><strong data-start=\"0\" data-end=\"11\" data-is-only-node=\"\">Parking<\/strong> : Silo Lacarre (387 places) & Manufacture (197 places) gratuits<\/span><\/p><\/li><li data-start=\"1560\" data-end=\"1641\"><p data-start=\"1562\" data-end=\"1641\"><span class=\"relative -mx-px my-[-0.2rem] rounded px-px py-[0.2rem] transition-colors duration-100 ease-in-out\"><strong data-start=\"0\" data-end=\"11\" data-is-only-node=\"\">Contact<\/strong> : t\u00e9l. 03\u202f89\u202f20\u202f68\u202f92, site et e\u2011mail via CGR Events<\/span><\/p><\/li><\/ul><p data-start=\"1643\" data-end=\"1682\"><span class=\"relative -mx-px my-[-0.2rem] rounded px-px py-[0.2rem] transition-colors duration-100 ease-in-out\">Le <strong data-start=\"3\" data-end=\"17\">CGR Colmar<\/strong> est donc la r\u00e9f\u00e9rence pour les amateurs de cin\u00e9ma \u00e0 Colmar : technologique, diversifi\u00e9, et centr\u00e9 sur l\u2019exp\u00e9rience spectateur, m\u00eame s\u2019il peut encore am\u00e9liorer la propret\u00e9 des espaces communs et la relation client.<\/span><\/p><p data-start=\"1689\" data-end=\"1768\"><span class=\"relative -mx-px my-[-0.2rem] rounded px-px py-[0.2rem] transition-colors duration-100 ease-in-out\">D\u2019autres \u00e9tablissements culturels remarquables sont \u00e0 d\u00e9couvrir \u00e0 Colmar, notamment dans le quartier m\u00e9diatique\u202f: la biblioth\u00e8que des Dominicains, le P\u00f4le M\u00e9dia-Culture Edmond Gerrer, etc.<\/span><\/p><\/div><\/div><\/div><\/div><\/div><\/div><\/div><\/div><\/article><h2 data-start=\"535\" data-end=\"563\">M\u00e9t\u00e9o Colmar \u2013 Climat, description et pr\u00e9visions<\/h2><p data-start=\"565\" data-end=\"845\"><strong data-start=\"565\" data-end=\"575\">Colmar<\/strong>, situ\u00e9e dans le Haut\u2011Rhin en Alsace, b\u00e9n\u00e9ficie d\u2019un <strong data-start=\"628\" data-end=\"655\">climat semi\u2011continental<\/strong> (class\u00e9 Cfb selon K\u00f6ppen)\u202f: des <strong data-start=\"688\" data-end=\"713\">hivers froids et secs<\/strong>, des <strong data-start=\"719\" data-end=\"745\">\u00e9t\u00e9s chauds et orageux<\/strong>, une amplitude thermique marqu\u00e9e, et un ensoleillement \u00e9lev\u00e9<\/p><p data-start=\"565\" data-end=\"845\"><style id=\"sp_lw_dynamic_css67011\">#splw-location-weather-pro-67011.splw-main-wrapper:not(.weather-map),#splw-location-weather-pro-67011.splw-main-wrapper.tabs-view.weather-map ,#splw-location-weather-pro-67011.splw-main-wrapper.combined-view.weather-map,#splw-location-weather-pro-67011.splw-main-wrapper.accordion-view,#splw-location-weather-pro-67011.splw-main-wrapper.grid-view{max-width: 320px;margin : 16px auto;width: 100%; overflow: hidden;}#splw-location-weather-pro-67011.splw-main-wrapper.accordion-view .splw-weather-accordion{max-width: 320px;}#splw-location-weather-pro-67011.splw-main-wrapper.weather-map:not(.tabs-view,.combined-view,.accordion-view,.grid-view){max-width: 1200px;margin : 16px auto;height: 700px;border: 0px solid #e2e2e2;border-radius: 8px}#splw-location-weather-pro-67011.splw-main-wrapper.tabs-view.weather-map{border: 0;}#splw-location-weather-pro-67011.splw-main-wrapper.tabs-view.weather-map .lw-leaflet-container {border: 0px solid #e2e2e2;}#splw-location-weather-pro-67011.splw-main-wrapper.weather-map .lw-leaflet-container{border-radius: 8px}#splw-location-weather-pro-67011.splw-main-wrapper:is(.horizontal-view) .splw-weather-detailed-updated-time,#splw-location-weather-pro-67011.splw-main-wrapper:not(.horizontal-view,.tabs-view,.table-view,.template-one,.template-two,.template-three) .splw-pro-wrapper div:is(.splw-pro-header-title-wrapper,.splw-pro-current-temp,.splw-pro-weather-short-desc,.splw-other-opt,.splw-adv-forecast-days,.splw-weather-detailed-updated-time){margin-right : 20px;margin-left : 20px;}#splw-location-weather-pro-67011.grid-two .daily-forecast .splw-forecast-weather select,#splw-location-weather-pro-67011.splw-main-wrapper:is(.template-one,.template-two,.template-three) .splw-pro-wrapper div:is(.splw-pro-header-title-wrapper,.splw-pro-current-temp,.splw-pro-weather-short-desc,.splw-other-opt,.splw-adv-forecast-days,.splw-weather-detailed-updated-time){padding-right : 20px;padding-left : 20px;}#splw-location-weather-pro-67011.splw-main-wrapper:not(.horizontal-view,.tabs-view,.table-view) .splw-pro-wrapper{padding-top : 16px;}#splw-location-weather-pro-67011.splw-main-wrapper:is(.horizontal-view) .splw-pro-templates-body {margin-top : 16px;margin-right : 20px;margin-left : 20px;margin-bottom: 0px;}#splw-location-weather-pro-67011.table-one .lw-current-data div.lw-current-data-left-area,#splw-location-weather-pro-67011.accordion-view .splw-forecast-details-wrapper,#splw-location-weather-pro-67011.accordion-view .splw-accordion-three-header,#splw-location-weather-pro-67011.grid-view div:is(.splw-weather-current-card,.splw-hourly-section,.splw-forecast-daily-item),#splw-location-weather-pro-67011.grid-view .splw-grid-item:not(.hourly-forecast,.sp-weather-map),#splw-location-weather-pro-67011.table-two .lw-current-data-table,#splw-location-weather-pro-67011.splw-main-wrapper.tabs-view .splw-tab-content {padding : 16px 20px 0px 20px;}#splw-location-weather-pro-67011.accordion-four .splw-accordion-three-header{padding-bottom:0;}#splw-location-weather-pro-67011.splw-main-wrapper:not(.horizontal-view) .splw-pro-templates-body {margin-bottom: 0px;}#splw-location-weather-pro-67011.vertical-view:is(.template-one,.template-two,.template-three) .splw-pro-wrapper .splw-weather-attribution,#splw-location-weather-pro-67011.vertical-view:is(.template-one,.template-two,.template-three) .splw-pro-wrapper .splw-weather-detailed-updated-time,#splw-location-weather-pro-67011.vertical-view:is(.template-one,.template-two,.template-three) .splw-adv-forecast-days.both .lw-daily-hourly-forecast-buttons,#splw-location-weather-pro-67011.vertical-view:is(.template-one,.template-two,.template-three) .splw-pro-wrapper .splw-adv-forecast-days { background : transparent;}#splw-location-weather-pro-67011.vertical-view:is(.template-one,.template-two,.template-three) .splw-pro-wrapper .splw-adv-forecast-days { padding-top: 20px;padding-bottom: 0px;}#splw-location-weather-pro-67011.vertical-view:is(.template-one,.template-two,.template-three) .splw-pro-wrapper .splw-weather-attribution::before{ content:\"\";background-color:rgba(0, 0, 0, .2);position: absolute;left:0;top:0;right:0;bottom:0;height: 100%;width:100%;z-index:1;}#splw-location-weather-pro-67011 .splw-forecast-icons img, #splw-location-weather-pro-67011 .splw-forecast-icons i,#splw-location-weather-pro-67011 .forecast-icon img, #splw-location-weather-pro-67011 .forecast-icon i,#splw-location-weather-pro-67011 .splw-pro-wrapper .splw-forecast .forecast-icon i,#splw-location-weather-pro-67011 .splw-pro-wrapper .splw-forecast img,#splw-location-weather-pro-67011 .splw-forecast__icon img,#splw-location-weather-pro-67011 .splw-forecast__icon i{width:50px;font-size:50px;}#splw-location-weather-pro-67011 .forecast-icon i,#splw-location-weather-pro-67011 .splw-forecast__icon i,#splw-location-weather-pro-67011 .splw-forecast-icons i,#splw-location-weather-pro-67011 .splw-hourly-details .forecast-icon i,#splw-location-weather-pro-67011 .splw-pro-wrapper .splw-forecast .forecast-icon i{color:#fff;}#splw-location-weather-pro-67011:is(.horizontal-one,.grid-one) .splw-forecast-header-area,#splw-location-weather-pro-67011.grid-two .splw-hourly-section .splw-forecast-header-area{ border-bottom: 1px solid rgb(236 234 233 \/ 50%);margin-left: -20px; margin-right: -20px;}#splw-location-weather-pro-67011:is(.horizontal-one,.grid-view) .splw-forecast-header-area .splw-tabs{ padding-left: 20px;}#splw-location-weather-pro-67011.splw-main-wrapper:is(.template-one, .template-three, .template-five, .template-six,.horizontal-two,.horizontal-four,.grid-two,.grid-three) .splw-adv-forecast-days .forecast-wrapper{max-height: 320px;}#splw-location-weather-pro-67011.accordion-view .lw-daily-hourly-forecast-buttons .lw-button-wrapper,#splw-location-weather-pro-67011 .splw-adv-forecast-days .lw-daily-hourly-forecast-buttons .lw-button-wrapper{ width: fit-content;border: 2px solid #fff;}#splw-location-weather-pro-67011.accordion-view .lw-hourly-button, #splw-location-weather-pro-67011.accordion-view .lw-daily-button,#splw-location-weather-pro-67011 .splw-adv-forecast-days .lw-hourly-button, #splw-location-weather-pro-67011 .splw-adv-forecast-days .lw-daily-button{color: #fff; background-color: transparent;}#splw-location-weather-pro-67011.accordion-view .lw-daily-hourly-forecast-buttons span.active,#splw-location-weather-pro-67011 .lw-daily-hourly-forecast-buttons span.active{color: #EA6A1D; background-color: #fff;}#splw-location-weather-pro-67011:not(.tabs-view,.table-view) .splw-pro-wrapper{ border: 0px solid #e2e2e2}#splw-location-weather-pro-67011:not(.tabs-view,.table-view) .splw-pro-wrapper{border-radius: 8px;}#splw-location-weather-pro-67011 div:is(.splw-pro-header-title, .splw-weather-header__city,.splw-weather-header__current) {font-size: 27px;line-height: 38px;letter-spacing: 0px;margin-top: 0px; margin-bottom: 4px;color: #fff;text-transform: none;justify-content: center; }#splw-location-weather-pro-67011 div:is(.splw-pro-current-time,.splw-weather-header__time-value,.splw-weather-header__date) {font-size: 14px;line-height: 16px;letter-spacing: 0px;margin-top: 0px;margin-bottom: 10px;color: #fff;text-transform: none;text-align: center;justify-content: center;}#splw-location-weather-pro-67011:is(.template-two,.template-five) .splw-pro-wrapper .splw-pro-current-time { justify-content: space-between;}#splw-location-weather-pro-67011 div.splw-weather-header__time-value {text-align: left;}#splw-location-weather-pro-67011 .splw-pro-current-temp span.cur-temp,#splw-location-weather-pro-67011 .splw-weather-temperature__value {font-size: 48px;letter-spacing: 0px;margin-top: 0px;margin-bottom: 0px;color: #fff;text-transform: none;line-height: 56px;}#splw-location-weather-pro-67011.grid-two .splw-cur-temp{justify-content: center;}#splw-location-weather-pro-67011.combined-view .splw-weather-forecast__title{font-size: 20px;margin-bottom: 15px;margin-top: 0;color: #fff;}#splw-location-weather-pro-67011 .splw-pro-current-temp .temperature-scale,#splw-location-weather-pro-67011 .splw-weather-temperature .temperature-scale {font-size: 16px;line-height: 22px;margin-left: 4px;}#splw-location-weather-pro-67011 .splw-cur-temp i,#splw-location-weather-pro-67011 .splw-weather-temperature__icon img,#splw-location-weather-pro-67011 .splw-weather-temperature__icon svg,#splw-location-weather-pro-67011 .splw-pro-wrapper .splw-cur-temp img{ width: 58px;font-size: 58px;}#splw-location-weather-pro-67011 .splw-pro-current-temp span.temp-min-max,#splw-location-weather-pro-67011 .splw-weather-description__high-low{font-size: 16px;line-height: 20px;letter-spacing: 0px;color: #fff;text-transform: none;}#splw-location-weather-pro-67011 .splw-pro-current-temp .tem-min-max-wrapper{text-align: center ;margin-top: 10px;margin-bottom: 0px;}#splw-location-weather-pro-67011 .splw-pro-weather-short-desc,#splw-location-weather-pro-67011 .weather-feel-like,#splw-location-weather-pro-67011 .weather-desc,#splw-location-weather-pro-67011 .splw-weather-description__feels-like,#splw-location-weather-pro-67011 .splw-weather-description__condition{font-size: 16px;line-height: 20px;letter-spacing: 0px;margin-top: 8px;margin-bottom: 12px;color: #fff;text-transform: capitalize;text-align: center;}#splw-location-weather-pro-67011 .splw-weather-description__feels-like{font-size: 13px;}#splw-location-weather-pro-67011:is(.template-four,.horizontal-one,.horizontal-two) .splw-pro-weather-short-desc .weather-desc{font-size: 18px;font-weight: 500;}#splw-location-weather-pro-67011 .splw-pro-weather-short-desc .temperature-scale{font-size: 10px;font-weight: 500;vertical-align: top;margin-left: 3px;margin-top: -3px;}#splw-location-weather-pro-67011 .splw-weather-icons{font-size: 14px;line-height: 20px;letter-spacing: 0px;color: #fff;text-transform: none;margin-top: 12px;margin-bottom: 0px;}#splw-location-weather-pro-67011 .splw-other-opt,#splw-location-weather-pro-67011 .splw-grid-item:not(.hourly-forecast,.sp-weather-map),#splw-location-weather-pro-67011 .splw-weather-current-units,#splw-location-weather-pro-67011.horizontal-four .lw-sunrise-sunset-wrapper{font-size: 14px;line-height: 20px;letter-spacing: 0px;color: #fff;text-transform: none;margin-top: 20px;margin-bottom: 10px;text-align: center;}#splw-location-weather-pro-67011 .splw-grid-item:not(.hourly-forecast,.sp-weather-map,.daily-forecast) .options-value.bold{font-size:22px;}#splw-location-weather-pro-67011 .splw-weather-current-units .splw-weather-unit__title{font-size: 11px;color: #fff;}#splw-location-weather-pro-67011 .splw-weather-current-units .splw-weather-unit__value .wind-weather-direction svg g{fill:#fff;}#splw-location-weather-pro-67011 .splw-current-unit-pagination button,#splw-location-weather-pro-67011 .lw-current-data-table thead th{color: #fff;}#splw-location-weather-pro-67011.horizontal-four .lw-sunrise-sunset-wrapper{margin-top: 50px;}#splw-location-weather-pro-67011 .splw-other-opt .splw-gusts-wind svg polygon{fill:#fff;}#splw-location-weather-pro-67011:is(.template-two,.template-three,.template-four,.template-five,.horizontal-view) .splw-other-opt .options-value{font-weight: 600;}#splw-location-weather-pro-67011 .lw-carousel-wrapper .lw-current-arrow i{color:#ffffff;}#splw-location-weather-pro-67011 .lw-carousel-wrapper .lw-current-arrow:hover i{color: #ffffff;}#splw-location-weather-pro-67011 .lw-sunrise-sunset-wrapper .lw-sky{border-top-color:#ff7d7d;}#splw-location-weather-pro-67011 .lw-sunrise-sunset-wrapper .lw-sky i{color:#FFDF00;font-size:20px;}#splw-location-weather-pro-67011 .splw-moon-details .lw-sunrise-sunset-wrapper .lw-sky i{fill:#b1b1b1;font-size:20px;}#splw-location-weather-pro-67011:is(.tabs-view.tabs-one,.table-two) .lw-current-data .lw-sunrise-sunset-wrapper div{font-size: 14px;line-height: 20px;letter-spacing: 0px;color: #fff;text-transform: none;}#splw-location-weather-pro-67011.splw-main-wrapper .splw-weather-details div:not(.icons_splw) span.details-icon i,#splw-location-weather-pro-67011 .splw-weather-accordion .details-icon i,#splw-location-weather-pro-67011 .splw-weather-unit .details-icon i,#splw-location-weather-pro-67011 .splw-forecast-item .details-icon i,#splw-location-weather-pro-67011 .splw-grid-item .details-icon i,#splw-location-weather-pro-67011.splw-main-wrapper .lw-forecast-table th i{font-size:14px;color:#fff;}#splw-location-weather-pro-67011 .splw-weather-detailed-updated-time,#splw-location-weather-pro-67011 .splw-weather-attribution{font-size: 11px;line-height: 26px;letter-spacing: 0px;text-transform: none;text-align: center;}#splw-location-weather-pro-67011 .splw-pro-wrapper,#splw-location-weather-pro-67011 .splw-pro-wrapper .splw-weather-attribution a,#splw-location-weather-pro-67011 .splw-pro-wrapper .splw-weather-detailed-updated-time a{ color:#fff;text-decoration: none;}#splw-location-weather-pro-67011 .splw-pro-wrapper .splw-weather-detailed-updated-time a{text-decoration: underline dotted;text-decoration-color: #ffffff75;}#splw-location-weather-pro-67011 .splw-pro-wrapper .lw-footer{margin-top: 0px;margin-bottom: 0px;}#splw-location-weather-pro-67011.splw-main-wrapper:not(.template-one,.template-two,.template-three) .splw-adv-forecast-days{margin-top: 20px;margin-bottom: 0px;}#splw-location-weather-pro-67011 .splw-forecast,#splw-location-weather-pro-67011 .splw-accordion-item .splw-accordion-header,#splw-location-weather-pro-67011 .splw-accordion-item .splw-forecast-grid,#splw-location-weather-pro-67011 .splw-forecast-single-item .splw-accordion-three-header,#splw-location-weather-pro-67011 .splw-accordion-item .title,#splw-location-weather-pro-67011 .splw-accordion-item ,#splw-location-weather-pro-67011 .splw-weather-forecast__item,#splw-location-weather-pro-67011 .splw-weather-forecast__title,#splw-location-weather-pro-67011 .splw-adv-forecast-days,#splw-location-weather-pro-67011 .splw-forecast-weather select, #splw-location-weather-pro-67011 .splw-forecast-weather option,#splw-location-weather-pro-67011 .lw-forecast-table tr{font-size: 14px;letter-spacing: 0px;text-transform: none;margin-top: 0px;margin-bottom: 0px;color: #fff;line-height: 1.5;}#splw-location-weather-pro-67011.grid-one .splw-forecast-daily-item,#splw-location-weather-pro-67011.grid-view .splw-forecast-header-area,#splw-location-weather-pro-67011 .splw-hourly-item,#splw-location-weather-pro-67011 .splw-pagination-buttons button,#splw-location-weather-pro-67011 .splw-details-tab-content,#splw-location-weather-pro-67011 .lw-forecast-table th{color: #fff;}#splw-location-weather-pro-67011.grid-two .splw-hourly-section .splw-tab.active::after,#splw-location-weather-pro-67011.horizontal-one .splw-adv-forecast-days .splw-tab.active::after,#splw-location-weather-pro-67011.grid-one .splw-forecast-section .splw-tab.active::after{background: #fff;}#splw-location-weather-pro-67011 .splw-popup-modal .splw-forecast-item{color: #000000;}#splw-location-weather-pro-67011 .splw-accordion-item .title{color: #ff1200;}#splw-location-weather-pro-67011 .splw-accordion-item .value,#splw-location-weather-pro-67011 .splw-forecast-item .value,#splw-location-weather-pro-67011 .splw-accordion-item .splw-temperature-item,#splw-location-weather-pro-67011:is(.template-two,.template-four) .splw-forecast .splw-forecast-time{font-size: 16px;font-weight:500;}#splw-location-weather-pro-67011 .splw-accordion-item .splw-accordion-header .splw-temp{font-size: 20px;}#splw-location-weather-pro-67011 .splw-forecast-weather select {margin-top: 0;margin-bottom: 0;}#splw-location-weather-pro-67011.template-three .splw-forecast .splw-forecast-time{font-weight:500;}#splw-location-weather-pro-67011 .lw-forecast-carousel .lw-arrow i{color:#ffffff;}#splw-location-weather-pro-67011 .lw-forecast-carousel .lw-arrow:hover i{color: #ffffff;}#splw-location-weather-pro-67011 .splw-accordion-item .splw-accordion-header .splw-toggle i,#splw-location-weather-pro-67011 .lw-select-arrow i{color: #fff;}#splw-location-weather-pro-67011.horizontal-view.horizontal-three .splw-pro-templates-body div:is(.splw-pro-weather-short-desc, .splw-pro-header-title-wrapper, .splw-pro-header, .splw-pro-current-temp, .splw-other-opt, .temperature-scale, .splw-adv-forecast-days) { margin: auto 0;}#splw-location-weather-pro-67011 .splw-pro-wrapper .splw-forecast-weather::after {background-color: #fff;}#splw-location-weather-pro-67011:not(.tabs-view, .table-view,.table) .splw-pro-wrapper,#splw-location-weather-pro-67011 .splw-forecast-weather option{background:#F26C0D}#splw-location-weather-pro-67011.splw-main-wrapper .lw-national-weather-alerts:hover{color:#F26C0D ;border-color:#F26C0D ;}#splw-location-weather-pro-67011.splw-main-wrapper .splw-pro-daily-weather-details.lw-carousel-flat .lw-carousel-wrapper .swiper-wrapper div,#splw-location-weather-pro-67011.splw-main-wrapper.template-five .splw-pro-daily-weather-details.lw-carousel-simple .lw-carousel-wrapper .swiper-wrapper div, #splw-location-weather-pro-67011.template-six .splw-pro-daily-weather-details .lw-carousel-wrapper .swiper-wrapper div,#splw-location-weather-pro-67011.horizontal-four .splw-pro-wrapper .splw-pro-daily-weather-details .splw-other-opt div,#splw-location-weather-pro-67011:is(.template-six,.horizontal-four) .splw-forecast-icons,#splw-location-weather-pro-67011.horizontal-four .splw-pro-wrapper .splw-pro-header-title-wrapper{background:#ff8710;}#splw-location-weather-pro-67011 .splw-adv-forecast-days.hourly .lw-days,#splw-location-weather-pro-67011 #lw-hourly-content .lw-hourly-date,#splw-location-weather-pro-67011 .lw-hourly-forecast .lw-days{display: none;}#splw-location-weather-pro-67011.horizontal-three #lw-hourly-content .temp-min-mex span:is(.lw-forecast-separator, .low, .low-scale), #splw-location-weather-pro-67011.horizontal-three .splw-adv-forecast-days.hourly .temp-min-mex span:is(.lw-forecast-separator,.low, .low-scale),#splw-location-weather-pro-67011horizontal-three .lw-hourly-forecast .temp-min-mex span:is(.lw-forecast-separator, .lw-low-temp){display: none;}#splw-location-weather-pro-67011 .splw-pro-daily-weather-details.lw-center .splw-other-opt{text-align: center;}#splw-location-weather-pro-67011.splw-main-wrapper .splw-pro-daily-weather-details:is(.lw-center,.lw-left,.lw-justified) .splw-weather-details div:not(.lw-sunrise-sunset-wrapper,.lw-sunrise-sunset-wrapper div,.splw-weather-icons, .splw-weather-icons > div ) {margin: 0 0px;padding: 4px 0;}#splw-location-weather-pro-67011.splw-main-wrapper .splw-pro-daily-weather-details:not(.lw-center,.lw-left,.lw-justified,.lw-carousel-flat,.lw-carousel-simple,.lw-grid-three ) .splw-weather-details div:not(.lw-sunrise-sunset-wrapper,.lw-sunrise-sunset-wrapper div,.splw-weather-icons, .splw-weather-icons > div ) {padding: 4px 0px;}#splw-location-weather-pro-67011.table-view .lw-current-data div:is(.splw-pro-daily-weather-details) .splw-weather-details div:is(:nth-last-child(2)) { margin-bottom: 0;}\/\/ #splw-location-weather-pro-67011.table-view .lw-current-data div:is(.splw-pro-daily-weather-details) .splw-weather-details div:is(:nth-last-child(1)){\/\/ border-bottom-width: 1px;\/\/ }#splw-location-weather-pro-67011.splw-main-wrapper .lw-national-weather-alerts{color:#fff ;border-color:#fff ;}#splw-location-weather-pro-67011.splw-main-wrapper {position: relative;}#lw-preloader-67011{position: absolute;left: 0;top: 0;height: 100%;width: 100%;text-align: center;display: flex;align-items: center;justify-content: center;background: #fff;z-index: 9999;}<\/style><div id=\"splw-location-weather-pro-67011\" class=\"splw-main-wrapper vertical-view template-one\" data-shortcode-id=\"67011\" data-location=\"{&quot;autoLocation&quot;:&quot;&quot;}\"  data-custom-field=\"\">\n\n\t<!-- section title html area start -->\n<!-- section area end -->\n\t\t\t<div id=\"lw-preloader-67011\" class=\"lw-preloader\">\n\t\t\t<img decoding=\"async\" src=\"https:\/\/cparici.com\/wp-content\/plugins\/location-weather-pro\/assets\/images\/spinner.svg\" class=\"skip-lazy\" width=\"50\" height=\"50\" alt=\"loader-image\"\/>\n\t\t<\/div>\n\t\t\t<div class=\"splw-pro-wrapper  lw-preloader-wrapper\">\n\n\t\t<div class=\"splw-pro-header\">\n\t<div class=\"splw-pro-header-title-wrapper\">\n\t\t\t\t<div class=\"splw-pro-header-title\">\n\t\t\tColmar\n\t\t\t<span><\/span>\n\t\t<\/div>\n\t\t<!-- area end -->\n\t\t<!-- Current Date Time area start -->\n\t\t\t\t\t<div class=\"splw-pro-current-time\">\n\t\t\t\t\t\t\t\t<span class=\"lw-time\">7:41 p.m.,  <\/span>\n\t\t\t\t<!-- time area end -->\n\t\t\t\t\t\t\t\t<span class=\"lw-date\">Apr. 29, 2026<\/span>\n\t\t\t\t<!-- date area end -->\n\t\t\t<\/div>\n\t\t<!-- date time area end -->\n\t<\/div>\n<\/div>\n<!-- full area end -->\n\t\t<div class=\"splw-pro-templates-body\">\n\t\t\t<div class=\"splw-pro-current-temp\">\n\t<div class=\"splw-cur-temp\">\n\t\t<!-- weather icon html area start -->\n\t\t\t\t\t\t\t<img decoding=\"async\" src=\"https:\/\/cparici.com\/wp-content\/plugins\/location-weather-pro\/assets\/images\/icons\/weather-icons\/01d.svg\" class=\"weather-icon\" alt=\"weather icon\" title=\"clear sky\" width=\"58\" height=\"58\">\t\t<!-- weather icon html area end -->\n\t\t\t\t\t\t\t<span class=\"cur-temp\"> \n\t\t\t\t<span class=\"current-temperature\">21<\/span><span class=\"temperature-scale lw-metric\"><span data-scale=\"\u00b0C\" class=\"active lw-scale\">\u00b0C<\/span> <span class=\"separator\">|<\/span> <span data-scale=\"\u00b0F\" class=\" lw-scale\">\u00b0F<\/span><\/span>\t\t\t\t\t\t\t<\/span>\n\t\t<!-- temperature html area end -->\n\t\t\t<\/div>\n\t<!-- Low and high temperature html area start -->\n\t\t\t<div class=\"tem-min-max-wrapper\">\n\t\t\t\t<span class=\"temp-min-max\">\n\t\t\t\t\tL: <span class=\"low\">15<\/span>\u00b0\t\t\t\t<\/span>\n\t\t\t\t<span class=\"temp-min-max\">\n\t\t\t\t\tH: <span class=\"high\">21<\/span>\u00b0\t\t\t\t<\/span>\n\t\t<\/div>\n\t<!-- Low and high temperature html area end -->\n<\/div>\n\t<div class=\"splw-pro-weather-short-desc\">\n\t\t\t<span class=\"weather-feel-like\">\n\t\tFeels like <span class=\"feel-like-temperature\">20<\/span><span class=\"temperature-scale lw-metric\"><span data-scale=\"\u00b0C\" class=\"active lw-scale\">\u00b0C<\/span> <span class=\"separator\">|<\/span> <span data-scale=\"\u00b0F\" class=\" lw-scale\">\u00b0F<\/span><\/span>\u00b0\t<\/span>  \n\t<span class=\"weather-desc\">\n\t\tclear sky\t<\/span>\n\t<\/div>\n<div class=\"splw-pro-daily-weather-details  lw-center \">\n\t<div class=\"splw-weather-details splw-other-opt\">\n\t\t<!-- Start Carousel wrapper -->\n\t\t\t\t\t\t<div class=\"splw-weather-icons icons_splw\">\n\t\t\t\t\t\t<!-- conditions end -->\n\t\t\t\t\t\t<div class=\"splw-icon-humidity \">\n\t\t\t\t<span class=\"lw-title-wrapper\">\n\t\t\t\t\t<span class=\"details-icon\"><i class=\"splw-icon-humidity-1\"><\/i><\/span>\t\t\t\t\t<span class=\"options-title\">Humidity:<\/span>\n\t\t\t\t<\/span>\n\t\t\t\t<span class=\"options-value\">\n\t\t\t\t\t30 %\t\t\t\t<\/span>\n\t\t\t<\/div>\n\t\t\t\t\t\t<!-- humidity area end -->\n\t\t\t<!-- pressure area start -->\n\t\t\t\t\t\t<div class=\"splw-icon-pressure  \">\n\t\t\t\t<span class=\"lw-title-wrapper\">\n\t\t\t\t\t<span class=\"details-icon\"><i class=\"splw-icon-pressure-1\"><\/i><\/span>\t\t\t\t\t<span class=\"options-title\">Pressure:<\/span>\n\t\t\t\t<\/span>\n\t\t\t\t<span class=\"options-value\">\n\t\t\t\t\t1018 hPa\t\t\t\t<\/span>\n\t\t\t<\/div>\n\t\t\t\t\t\t<!-- pressure area end -->\n\t\t\t<!-- wind area start -->\n\t\t\t\t\t\t<div class=\"splw-icon-wind  \">\n\t\t\t\t<span class=\"lw-title-wrapper\">\n\t\t\t\t\t<span class=\"details-icon\" style=\"margin-left: 2px\"><i class=\"splw-icon-wind-1\"><\/i><\/span>\t\t\t\t\t<span class=\"options-title\"><\/span>\n\t\t\t\t<\/span>\n\t\t\t\t<span class=\"options-value\">\n\t\t\t\t\t<span class=\"lw-wind-value\" data-imperial=\"17 mph\" data-metric=\"28 Km\/h\">28 Km\/h<\/span>\t\t\t\t\t<span class=\"lw-wind-direction\" title=\"From North 10deg\">\n\t\t\t\t\t\t<span class=\"wind-weather-direction\"> N<\/span>\n\t\t\t\t\t<\/span>\n\t\t\t\t<\/span>\n\t\t\t<\/div>\n\t\t\t\t\t\t<!-- wind area end -->\n\t\t\t\t\t<\/div>\n\t\t\t\t<!-- conditions end -->\n\t\t<!-- Wind guest area start -->\n\t\t\t\t<div class=\"splw-gusts-wind  \">\n\t\t\t<span class=\"lw-title-wrapper\">\n\t\t\t\t<span class=\"details-icon\"><i class=\"splw-icon-wind-gust-1\"><\/i><\/span>\t\t\t\t<span class=\"options-title\">Wind Gust:<\/span>\n\t\t\t<\/span>\n\t\t\t<span class=\"options-value\">\n\t\t\t\t<span class=\"lw-wind-value\" data-imperial=\"0 mph\" data-metric=\"0 Km\/h\">0 Km\/h<\/span>\t\t\t<\/span>\n\t\t<\/div>\n\t\t\t\t<!-- Wind guest area end -->\n\t\t<!-- Uv Index area start -->\n\t\t\t\t<div class=\"splw-index  \">\n\t\t\t<span class=\"lw-title-wrapper\">\n\t\t\t\t<span class=\"details-icon\"><i class=\"splw-icon-uv-index-1\"><\/i><\/span>\t\t\t\t<span class=\"options-title\">UV Index:<\/span>\n\t\t\t<\/span>\n\t\t\t<span class=\"options-value\">0<\/span>\n\t\t<\/div>\n\t\t\t\t<!-- Uv Index area end -->\n\t\t<!-- Precipitation area start -->\n\t\t\t\t<div class=\"splw-precipitation  \">\n\t\t\t<span class=\"lw-title-wrapper\">\n\t\t\t\t<span class=\"details-icon\"><i class=\"splw-icon-precipitation-1\"><\/i><\/span>\t\t\t\t<span class=\"options-title\">Precipitation:<\/span>\n\t\t\t<\/span>\n\t\t\t<span class=\"options-value\">0 mm<\/span>\n\t\t<\/div>\n\t\t\t\t<!-- Precipitation area end -->\n\t\t<!-- Dew point area start -->\n\t\t\t\t<!-- Dew point area end -->\n\t\t<!-- Clouds area start -->\n\t\t\t\t<div class=\"splw-clouds \">\n\t\t\t<span class=\"lw-title-wrapper\">\n\t\t\t\t<span class=\"details-icon\"><i class=\"splw-icon-clouds-1\"><\/i><\/span>\t\t\t\t<span class=\"options-title\">Clouds:<\/span>\n\t\t\t<\/span>\n\t\t\t<span class=\"options-value\">0%<\/span>\n\t\t<\/div>\n\t\t\t\t<!-- Clouds area end -->\n\t\t<!-- Rain chance area start -->\n\t\t\t\t<div class=\"splw-rain-chance  \">\n\t\t\t<span class=\"lw-title-wrapper\">\n\t\t\t\t<span class=\"details-icon\"><i class=\"splw-icon-rain-chance-1\"><\/i><\/span>\t\t\t\t<span class=\"options-title\">Rain Chance:<\/span>\n\t\t\t<\/span>\n\t\t\t<span class=\"options-value\">0%<\/span>\n\t\t<\/div>\n\t\t\t\t<!-- Rain chance area end -->\n\t\t<!-- Snow area start -->\n\t\t\t\t<!-- Snow area end -->\n\t\t<!-- Visibility area start -->\n\t\t\t\t<div class=\"splw-visibility  \">\n\t\t\t<span class=\"lw-title-wrapper\">\n\t\t\t\t<span class=\"details-icon\"><i class=\"splw-icon-visibility-1\"><\/i><\/span>\t\t\t\t<span class=\"options-title\">Visibility:<\/span>\n\t\t\t<\/span>\n\t\t\t<span class=\"options-value\">10 km<\/span>\n\t\t<\/div>\n\t\t\t\t<!-- Visibility area end -->\n\t\t<!-- Air pollution area start -->\n\t\t\t\t<!-- Air area end -->\n\t\t<!-- Moon Phase area start -->\n\t\t\t\t<!-- Moon Phase area end -->\n\t\t\t\t\t\t<!-- Sunrise area start -->\n\t\t\t\t\t\t\t\t\t\t\t<div class=\"splw-sunrise \">\n\t\t\t\t<span class=\"lw-title-wrapper\">\n\t\t\t\t\t<span class=\"details-icon\"><i class=\"splw-icon-sunrise-1\"><\/i><\/span>\t\t\t\t\t<span class=\"options-title\">Sunrise:<\/span>\n\t\t\t\t<\/span>\n\t\t\t\t<span class=\"options-value\">6:15 am<\/span>\n\t\t\t<\/div>\n\t\t\t\t\n\t\t\t<div class=\"splw-sunset \">\n\t\t\t\t<span class=\"lw-title-wrapper\">\n\t\t\t\t\t<span class=\"details-icon\"><i class=\"splw-icon-sunset-1\"><\/i><\/span>\t\t\t\t\t<span class=\"options-title\">Sunset:<\/span>\n\t\t\t\t<\/span>\n\t\t\t\t<span class=\"options-value\">8:39 pm<\/span>\n\t\t\t<\/div>\n\t\t\t\t<!-- Sunset area end -->\n\n\t\t\t\t<!-- sunrise and sunset area end -->\n\t\t\t\t\t\t\t\t\t\t\t\t\t<!-- End swiper wrapper -->\n\t\t<!-- Carousel Navigation icon -->\n\t\t\t\t\t\t\t\t\t\t\t\t<!-- End carousel wrapper -->\n\t\t\t\t\t\t\t<!-- End main carousel wrapper -->\n\t\t\t<\/div>\n<\/div>\n\t\t\t\t\t<div class=\"splw-adv-forecast-days both\" data-chart=\"\">\n\t\t\t\t<div class=\"lw-daily-hourly-forecast-buttons\">\n\t\t\t<span class=\"lw-button-wrapper\"><span class=\"lw-daily-button active\" id=\"lw-daily\">Daily<\/span><span class=\"lw-hourly-button\" id=\"lw-hourly\">Hourly<\/span><\/span>\n\t\t<\/div>\n\t\t\t\t\n<div class=\"splw-forecast-header-area\">\n\t\t\t<div class=\"days\">\n\t\t\t<span class=\"daily-forecast-title\">Daily Forecast<\/span>\n\t\t\t<span class=\"hourly-forecast-title\">Hourly Forecast<\/span>\n\t\t<\/div>\n\t\t<div class=\"splw-forecast-weather\">\n\t\t\t<div class=\"lw-select-arrow\"><i class=\"splw-icon-chevron\"><\/i><\/div>\n\t\t\t<select id=\"forecast-select\">\n\t\t\t\t\t\t\t\t\t\t<option value=\"temp\">\n\t\t\t\t\t\t\tTemperature\t\t\t\t\t\t<\/option>\n\t\t\t\t\t\t\t\t\t\t\t\t<option value=\"precipitation\">\n\t\t\t\t\t\t\tPrecipitation\t\t\t\t\t\t<\/option>\n\t\t\t\t\t\t\t\t\t\t\t\t<option value=\"wind\">\n\t\t\t\t\t\t\tWind\t\t\t\t\t\t<\/option>\n\t\t\t\t\t\t\t\t\t\t\t\t<option value=\"humidity\">\n\t\t\t\t\t\t\tHumidity\t\t\t\t\t\t<\/option>\n\t\t\t\t\t\t\t\t\t\t\t\t<option value=\"pressure\">\n\t\t\t\t\t\t\tPressure\t\t\t\t\t\t<\/option>\n\t\t\t\t\t\t\t\t\t\t\t\t<option value=\"rainchance\">\n\t\t\t\t\t\t\tRain Chance\t\t\t\t\t\t<\/option>\n\t\t\t\t\t\t\t\t\t<\/select>\n\t\t<\/div>\n\t<\/div>\n<div class='lw-both-tabs' id='lw-daily-content'>\t<div class=\"forecast-wrapper\"> \n\t<!-- Forecast details html area start -->\n<div class=\"splw-forecast \">\n\t\t\t<div class=\"splw-forecast-time\">\n\t\t<span class=lw-days>Today<\/span>\n\t\t<span class=\"lw-hourly-forecast-time\"><span>11:00 p.m.<\/span><span class=\"lw-hourly-date\">Apr. 29, 2026<\/span><\/span>\t\t\t<\/div>\n\t\t\t\t<div class=\"splw-forecast-icons max\">\n\t\t\t<img decoding=\"async\" src=\"https:\/\/cparici.com\/wp-content\/plugins\/location-weather-pro\/assets\/images\/icons\/weather-icons\/01d.svg\" class=\"weather-icon\" alt=\"weather icon\" title=\"clear sky\" width=\"50\" height=\"50\">\t\t\t\t\t<\/div>\n\t\t\t\t\t<div class=\"splw-weather-details\">\n\t\t\t<span id=\"temperature\" data-tab-content class=\"temp-min-mex active\">\n\t\t\t<span class=lw-low-temp><span class=\"low\">15<\/span><span class=\"low-scale\">\u00b0<\/span><\/span><span class=\"lw-forecast-separator\"> \/ <\/span><span class=lw-high-temp><span class=\"high\">21<\/span><span class=\"high-scale\">\u00b0<\/span><span class=\"temperature-scale lw-metric\"><span data-scale=\"\u00b0C\" class=\"active lw-scale\">\u00b0C<\/span> <span class=\"separator\">|<\/span> <span data-scale=\"\u00b0F\" class=\" lw-scale\">\u00b0F<\/span><\/span><\/span>\t\t\t<\/span>\n\t\t\t<span id=\"precipitation\" data-tab-content class=\"temp-precipitation\">\n\t\t\t0 mm\t\t\t<\/span>\n\t\t\t<span id=\"rainchance\" data-tab-content class=\"temp-rainchance\">\n\t\t\t0%\t\t\t<\/span>\n\t\t\t<span id=\"wind\" data-tab-content class=\"temp-wind\">\n\t\t\t<span class=\"lw-wind-value\" data-imperial=\"13 mph\" data-metric=\"21 Km\/h\">21 Km\/h<\/span>\t\t\t<\/span>\n\t\t\t<span id=\"humidity\" data-tab-content class=\"temp-humidity\">\n\t\t\t37 %\t\t\t<\/span>\n\t\t\t<span id=\"pressure\" data-tab-content class=\"temp-pressure\">\n\t\t\t1020 hPa\t\t\t<\/span>\n\t\t\t<span id=\"snow\" data-tab-content class=\"temp-snow\">\n\t\t\t0 mm\/h\t\t\t<\/span>\n\t\t<\/div>\n\t\t\t<\/div>\n<!-- End forecast details area -->\n\t\t<!-- Forecast details html area start -->\n<div class=\"splw-forecast \">\n\t\t\t<div class=\"splw-forecast-time\">\n\t\t<span class=lw-days>Tomorrow<\/span>\n\t\t<span class=\"lw-hourly-forecast-time\"><span>11:00 p.m.<\/span><span class=\"lw-hourly-date\">Apr. 30, 2026<\/span><\/span>\t\t\t<\/div>\n\t\t\t\t<div class=\"splw-forecast-icons max\">\n\t\t\t<img decoding=\"async\" src=\"https:\/\/cparici.com\/wp-content\/plugins\/location-weather-pro\/assets\/images\/icons\/weather-icons\/01d.svg\" class=\"weather-icon\" alt=\"weather icon\" title=\"clear sky\" width=\"50\" height=\"50\">\t\t\t\t\t<\/div>\n\t\t\t\t\t<div class=\"splw-weather-details\">\n\t\t\t<span id=\"temperature\" data-tab-content class=\"temp-min-mex active\">\n\t\t\t<span class=lw-low-temp><span class=\"low\">8<\/span><span class=\"low-scale\">\u00b0<\/span><\/span><span class=\"lw-forecast-separator\"> \/ <\/span><span class=lw-high-temp><span class=\"high\">19<\/span><span class=\"high-scale\">\u00b0<\/span><span class=\"temperature-scale lw-metric\"><span data-scale=\"\u00b0C\" class=\"active lw-scale\">\u00b0C<\/span> <span class=\"separator\">|<\/span> <span data-scale=\"\u00b0F\" class=\" lw-scale\">\u00b0F<\/span><\/span><\/span>\t\t\t<\/span>\n\t\t\t<span id=\"precipitation\" data-tab-content class=\"temp-precipitation\">\n\t\t\t0 mm\t\t\t<\/span>\n\t\t\t<span id=\"rainchance\" data-tab-content class=\"temp-rainchance\">\n\t\t\t0%\t\t\t<\/span>\n\t\t\t<span id=\"wind\" data-tab-content class=\"temp-wind\">\n\t\t\t<span class=\"lw-wind-value\" data-imperial=\"16 mph\" data-metric=\"26 Km\/h\">26 Km\/h<\/span>\t\t\t<\/span>\n\t\t\t<span id=\"humidity\" data-tab-content class=\"temp-humidity\">\n\t\t\t60 %\t\t\t<\/span>\n\t\t\t<span id=\"pressure\" data-tab-content class=\"temp-pressure\">\n\t\t\t1024 hPa\t\t\t<\/span>\n\t\t\t<span id=\"snow\" data-tab-content class=\"temp-snow\">\n\t\t\t0 mm\/h\t\t\t<\/span>\n\t\t<\/div>\n\t\t\t<\/div>\n<!-- End forecast details area -->\n\t\t<!-- Forecast details html area start -->\n<div class=\"splw-forecast \">\n\t\t\t<div class=\"splw-forecast-time\">\n\t\t<span class=lw-days>Fr. Mai 26<\/span>\n\t\t<span class=\"lw-hourly-forecast-time\"><span>11:00 p.m.<\/span><span class=\"lw-hourly-date\">Mai 1, 2026<\/span><\/span>\t\t\t<\/div>\n\t\t\t\t<div class=\"splw-forecast-icons max\">\n\t\t\t<img decoding=\"async\" src=\"https:\/\/cparici.com\/wp-content\/plugins\/location-weather-pro\/assets\/images\/icons\/weather-icons\/01d.svg\" class=\"weather-icon\" alt=\"weather icon\" title=\"clear sky\" width=\"50\" height=\"50\">\t\t\t\t\t<\/div>\n\t\t\t\t\t<div class=\"splw-weather-details\">\n\t\t\t<span id=\"temperature\" data-tab-content class=\"temp-min-mex active\">\n\t\t\t<span class=lw-low-temp><span class=\"low\">5<\/span><span class=\"low-scale\">\u00b0<\/span><\/span><span class=\"lw-forecast-separator\"> \/ <\/span><span class=lw-high-temp><span class=\"high\">21<\/span><span class=\"high-scale\">\u00b0<\/span><span class=\"temperature-scale lw-metric\"><span data-scale=\"\u00b0C\" class=\"active lw-scale\">\u00b0C<\/span> <span class=\"separator\">|<\/span> <span data-scale=\"\u00b0F\" class=\" lw-scale\">\u00b0F<\/span><\/span><\/span>\t\t\t<\/span>\n\t\t\t<span id=\"precipitation\" data-tab-content class=\"temp-precipitation\">\n\t\t\t0 mm\t\t\t<\/span>\n\t\t\t<span id=\"rainchance\" data-tab-content class=\"temp-rainchance\">\n\t\t\t0%\t\t\t<\/span>\n\t\t\t<span id=\"wind\" data-tab-content class=\"temp-wind\">\n\t\t\t<span class=\"lw-wind-value\" data-imperial=\"5 mph\" data-metric=\"8 Km\/h\">8 Km\/h<\/span>\t\t\t<\/span>\n\t\t\t<span id=\"humidity\" data-tab-content class=\"temp-humidity\">\n\t\t\t64 %\t\t\t<\/span>\n\t\t\t<span id=\"pressure\" data-tab-content class=\"temp-pressure\">\n\t\t\t1027 hPa\t\t\t<\/span>\n\t\t\t<span id=\"snow\" data-tab-content class=\"temp-snow\">\n\t\t\t0 mm\/h\t\t\t<\/span>\n\t\t<\/div>\n\t\t\t<\/div>\n<!-- End forecast details area -->\n\t\t<!-- Forecast details html area start -->\n<div class=\"splw-forecast \">\n\t\t\t<div class=\"splw-forecast-time\">\n\t\t<span class=lw-days>Sa. Mai 26<\/span>\n\t\t<span class=\"lw-hourly-forecast-time\"><span>11:00 p.m.<\/span><span class=\"lw-hourly-date\">Mai 2, 2026<\/span><\/span>\t\t\t<\/div>\n\t\t\t\t<div class=\"splw-forecast-icons max\">\n\t\t\t<img decoding=\"async\" src=\"https:\/\/cparici.com\/wp-content\/plugins\/location-weather-pro\/assets\/images\/icons\/weather-icons\/10n.svg\" class=\"weather-icon\" alt=\"weather icon\" title=\"light rain\" width=\"50\" height=\"50\">\t\t\t\t\t<\/div>\n\t\t\t\t\t<div class=\"splw-weather-details\">\n\t\t\t<span id=\"temperature\" data-tab-content class=\"temp-min-mex active\">\n\t\t\t<span class=lw-low-temp><span class=\"low\">10<\/span><span class=\"low-scale\">\u00b0<\/span><\/span><span class=\"lw-forecast-separator\"> \/ <\/span><span class=lw-high-temp><span class=\"high\">24<\/span><span class=\"high-scale\">\u00b0<\/span><span class=\"temperature-scale lw-metric\"><span data-scale=\"\u00b0C\" class=\"active lw-scale\">\u00b0C<\/span> <span class=\"separator\">|<\/span> <span data-scale=\"\u00b0F\" class=\" lw-scale\">\u00b0F<\/span><\/span><\/span>\t\t\t<\/span>\n\t\t\t<span id=\"precipitation\" data-tab-content class=\"temp-precipitation\">\n\t\t\t0.99 mm\t\t\t<\/span>\n\t\t\t<span id=\"rainchance\" data-tab-content class=\"temp-rainchance\">\n\t\t\t99%\t\t\t<\/span>\n\t\t\t<span id=\"wind\" data-tab-content class=\"temp-wind\">\n\t\t\t<span class=\"lw-wind-value\" data-imperial=\"7 mph\" data-metric=\"12 Km\/h\">12 Km\/h<\/span>\t\t\t<\/span>\n\t\t\t<span id=\"humidity\" data-tab-content class=\"temp-humidity\">\n\t\t\t86 %\t\t\t<\/span>\n\t\t\t<span id=\"pressure\" data-tab-content class=\"temp-pressure\">\n\t\t\t1024 hPa\t\t\t<\/span>\n\t\t\t<span id=\"snow\" data-tab-content class=\"temp-snow\">\n\t\t\t0 mm\/h\t\t\t<\/span>\n\t\t<\/div>\n\t\t\t<\/div>\n<!-- End forecast details area -->\n\t\t<!-- Forecast details html area start -->\n<div class=\"splw-forecast \">\n\t\t\t<div class=\"splw-forecast-time\">\n\t\t<span class=lw-days>So. Mai 26<\/span>\n\t\t<span class=\"lw-hourly-forecast-time\"><span>11:00 p.m.<\/span><span class=\"lw-hourly-date\">Mai 3, 2026<\/span><\/span>\t\t\t<\/div>\n\t\t\t\t<div class=\"splw-forecast-icons max\">\n\t\t\t<img decoding=\"async\" src=\"https:\/\/cparici.com\/wp-content\/plugins\/location-weather-pro\/assets\/images\/icons\/weather-icons\/10d.svg\" class=\"weather-icon\" alt=\"weather icon\" title=\"light rain\" width=\"50\" height=\"50\">\t\t\t\t\t<\/div>\n\t\t\t\t\t<div class=\"splw-weather-details\">\n\t\t\t<span id=\"temperature\" data-tab-content class=\"temp-min-mex active\">\n\t\t\t<span class=lw-low-temp><span class=\"low\">14<\/span><span class=\"low-scale\">\u00b0<\/span><\/span><span class=\"lw-forecast-separator\"> \/ <\/span><span class=lw-high-temp><span class=\"high\">21<\/span><span class=\"high-scale\">\u00b0<\/span><span class=\"temperature-scale lw-metric\"><span data-scale=\"\u00b0C\" class=\"active lw-scale\">\u00b0C<\/span> <span class=\"separator\">|<\/span> <span data-scale=\"\u00b0F\" class=\" lw-scale\">\u00b0F<\/span><\/span><\/span>\t\t\t<\/span>\n\t\t\t<span id=\"precipitation\" data-tab-content class=\"temp-precipitation\">\n\t\t\t1 mm\t\t\t<\/span>\n\t\t\t<span id=\"rainchance\" data-tab-content class=\"temp-rainchance\">\n\t\t\t100%\t\t\t<\/span>\n\t\t\t<span id=\"wind\" data-tab-content class=\"temp-wind\">\n\t\t\t<span class=\"lw-wind-value\" data-imperial=\"7 mph\" data-metric=\"12 Km\/h\">12 Km\/h<\/span>\t\t\t<\/span>\n\t\t\t<span id=\"humidity\" data-tab-content class=\"temp-humidity\">\n\t\t\t93 %\t\t\t<\/span>\n\t\t\t<span id=\"pressure\" data-tab-content class=\"temp-pressure\">\n\t\t\t1017 hPa\t\t\t<\/span>\n\t\t\t<span id=\"snow\" data-tab-content class=\"temp-snow\">\n\t\t\t0 mm\/h\t\t\t<\/span>\n\t\t<\/div>\n\t\t\t<\/div>\n<!-- End forecast details area -->\n\t\t<\/div>\n\t<\/div><div class='lw-both-tabs' id='lw-hourly-content'>\t<div class=\"forecast-wrapper\"> \n\t<!-- Forecast details html area start -->\n<div class=\"splw-forecast \">\n\t\t\t<div class=\"splw-forecast-time\">\n\t\t<span class=lw-days>Today<\/span>\n\t\t<span class=\"lw-hourly-forecast-time\"><span>8:00 p.m.<\/span><span class=\"lw-hourly-date\">Apr. 29, 2026<\/span><\/span>\t\t\t<\/div>\n\t\t\t\t<div class=\"splw-forecast-icons max\">\n\t\t\t<img decoding=\"async\" src=\"https:\/\/cparici.com\/wp-content\/plugins\/location-weather-pro\/assets\/images\/icons\/weather-icons\/01d.svg\" class=\"weather-icon\" alt=\"weather icon\" title=\"clear sky\" width=\"50\" height=\"50\">\t\t\t\t\t<\/div>\n\t\t\t\t\t<div class=\"splw-weather-details\">\n\t\t\t<span id=\"temperature\" data-tab-content class=\"temp-min-mex active\">\n\t\t\t<span class=lw-low-temp><span class=\"low\">17<\/span><span class=\"low-scale\">\u00b0<\/span><\/span><span class=\"lw-forecast-separator\"> \/ <\/span><span class=lw-high-temp><span class=\"high\">21<\/span><span class=\"high-scale\">\u00b0<\/span><span class=\"temperature-scale lw-metric\"><span data-scale=\"\u00b0C\" class=\"active lw-scale\">\u00b0C<\/span> <span class=\"separator\">|<\/span> <span data-scale=\"\u00b0F\" class=\" lw-scale\">\u00b0F<\/span><\/span><\/span>\t\t\t<\/span>\n\t\t\t<span id=\"precipitation\" data-tab-content class=\"temp-precipitation\">\n\t\t\t0 mm\t\t\t<\/span>\n\t\t\t<span id=\"rainchance\" data-tab-content class=\"temp-rainchance\">\n\t\t\t0%\t\t\t<\/span>\n\t\t\t<span id=\"wind\" data-tab-content class=\"temp-wind\">\n\t\t\t<span class=\"lw-wind-value\" data-imperial=\"13 mph\" data-metric=\"21 Km\/h\">21 Km\/h<\/span>\t\t\t<\/span>\n\t\t\t<span id=\"humidity\" data-tab-content class=\"temp-humidity\">\n\t\t\t30 %\t\t\t<\/span>\n\t\t\t<span id=\"pressure\" data-tab-content class=\"temp-pressure\">\n\t\t\t1019 hPa\t\t\t<\/span>\n\t\t\t<span id=\"snow\" data-tab-content class=\"temp-snow\">\n\t\t\t0 mm\/h\t\t\t<\/span>\n\t\t<\/div>\n\t\t\t<\/div>\n<!-- End forecast details area -->\n\t\t<!-- Forecast details html area start -->\n<div class=\"splw-forecast \">\n\t\t\t<div class=\"splw-forecast-time\">\n\t\t<span class=lw-days>Today<\/span>\n\t\t<span class=\"lw-hourly-forecast-time\"><span>11:00 p.m.<\/span><span class=\"lw-hourly-date\">Apr. 29, 2026<\/span><\/span>\t\t\t<\/div>\n\t\t\t\t<div class=\"splw-forecast-icons max\">\n\t\t\t<img decoding=\"async\" src=\"https:\/\/cparici.com\/wp-content\/plugins\/location-weather-pro\/assets\/images\/icons\/weather-icons\/01n.svg\" class=\"weather-icon\" alt=\"weather icon\" title=\"clear sky\" width=\"50\" height=\"50\">\t\t\t\t\t<\/div>\n\t\t\t\t\t<div class=\"splw-weather-details\">\n\t\t\t<span id=\"temperature\" data-tab-content class=\"temp-min-mex active\">\n\t\t\t<span class=lw-low-temp><span class=\"low\">15<\/span><span class=\"low-scale\">\u00b0<\/span><\/span><span class=\"lw-forecast-separator\"> \/ <\/span><span class=lw-high-temp><span class=\"high\">19<\/span><span class=\"high-scale\">\u00b0<\/span><span class=\"temperature-scale lw-metric\"><span data-scale=\"\u00b0C\" class=\"active lw-scale\">\u00b0C<\/span> <span class=\"separator\">|<\/span> <span data-scale=\"\u00b0F\" class=\" lw-scale\">\u00b0F<\/span><\/span><\/span>\t\t\t<\/span>\n\t\t\t<span id=\"precipitation\" data-tab-content class=\"temp-precipitation\">\n\t\t\t0 mm\t\t\t<\/span>\n\t\t\t<span id=\"rainchance\" data-tab-content class=\"temp-rainchance\">\n\t\t\t0%\t\t\t<\/span>\n\t\t\t<span id=\"wind\" data-tab-content class=\"temp-wind\">\n\t\t\t<span class=\"lw-wind-value\" data-imperial=\"11 mph\" data-metric=\"18 Km\/h\">18 Km\/h<\/span>\t\t\t<\/span>\n\t\t\t<span id=\"humidity\" data-tab-content class=\"temp-humidity\">\n\t\t\t37 %\t\t\t<\/span>\n\t\t\t<span id=\"pressure\" data-tab-content class=\"temp-pressure\">\n\t\t\t1020 hPa\t\t\t<\/span>\n\t\t\t<span id=\"snow\" data-tab-content class=\"temp-snow\">\n\t\t\t0 mm\/h\t\t\t<\/span>\n\t\t<\/div>\n\t\t\t<\/div>\n<!-- End forecast details area -->\n\t\t<!-- Forecast details html area start -->\n<div class=\"splw-forecast \">\n\t\t\t<div class=\"splw-forecast-time\">\n\t\t<span class=lw-days>Tomorrow<\/span>\n\t\t<span class=\"lw-hourly-forecast-time\"><span>2:00 a.m.<\/span><span class=\"lw-hourly-date\">Apr. 30, 2026<\/span><\/span>\t\t\t<\/div>\n\t\t\t\t<div class=\"splw-forecast-icons max\">\n\t\t\t<img decoding=\"async\" src=\"https:\/\/cparici.com\/wp-content\/plugins\/location-weather-pro\/assets\/images\/icons\/weather-icons\/01n.svg\" class=\"weather-icon\" alt=\"weather icon\" title=\"clear sky\" width=\"50\" height=\"50\">\t\t\t\t\t<\/div>\n\t\t\t\t\t<div class=\"splw-weather-details\">\n\t\t\t<span id=\"temperature\" data-tab-content class=\"temp-min-mex active\">\n\t\t\t<span class=lw-low-temp><span class=\"low\">11<\/span><span class=\"low-scale\">\u00b0<\/span><\/span><span class=\"lw-forecast-separator\"> \/ <\/span><span class=lw-high-temp><span class=\"high\">14<\/span><span class=\"high-scale\">\u00b0<\/span><span class=\"temperature-scale lw-metric\"><span data-scale=\"\u00b0C\" class=\"active lw-scale\">\u00b0C<\/span> <span class=\"separator\">|<\/span> <span data-scale=\"\u00b0F\" class=\" lw-scale\">\u00b0F<\/span><\/span><\/span>\t\t\t<\/span>\n\t\t\t<span id=\"precipitation\" data-tab-content class=\"temp-precipitation\">\n\t\t\t0 mm\t\t\t<\/span>\n\t\t\t<span id=\"rainchance\" data-tab-content class=\"temp-rainchance\">\n\t\t\t0%\t\t\t<\/span>\n\t\t\t<span id=\"wind\" data-tab-content class=\"temp-wind\">\n\t\t\t<span class=\"lw-wind-value\" data-imperial=\"10 mph\" data-metric=\"17 Km\/h\">17 Km\/h<\/span>\t\t\t<\/span>\n\t\t\t<span id=\"humidity\" data-tab-content class=\"temp-humidity\">\n\t\t\t48 %\t\t\t<\/span>\n\t\t\t<span id=\"pressure\" data-tab-content class=\"temp-pressure\">\n\t\t\t1021 hPa\t\t\t<\/span>\n\t\t\t<span id=\"snow\" data-tab-content class=\"temp-snow\">\n\t\t\t0 mm\/h\t\t\t<\/span>\n\t\t<\/div>\n\t\t\t<\/div>\n<!-- End forecast details area -->\n\t\t<!-- Forecast details html area start -->\n<div class=\"splw-forecast \">\n\t\t\t<div class=\"splw-forecast-time\">\n\t\t<span class=lw-days>Tomorrow<\/span>\n\t\t<span class=\"lw-hourly-forecast-time\"><span>5:00 a.m.<\/span><span class=\"lw-hourly-date\">Apr. 30, 2026<\/span><\/span>\t\t\t<\/div>\n\t\t\t\t<div class=\"splw-forecast-icons max\">\n\t\t\t<img decoding=\"async\" src=\"https:\/\/cparici.com\/wp-content\/plugins\/location-weather-pro\/assets\/images\/icons\/weather-icons\/01n.svg\" class=\"weather-icon\" alt=\"weather icon\" title=\"clear sky\" width=\"50\" height=\"50\">\t\t\t\t\t<\/div>\n\t\t\t\t\t<div class=\"splw-weather-details\">\n\t\t\t<span id=\"temperature\" data-tab-content class=\"temp-min-mex active\">\n\t\t\t<span class=lw-low-temp><span class=\"low\">8<\/span><span class=\"low-scale\">\u00b0<\/span><\/span><span class=\"lw-forecast-separator\"> \/ <\/span><span class=lw-high-temp><span class=\"high\">8<\/span><span class=\"high-scale\">\u00b0<\/span><span class=\"temperature-scale lw-metric\"><span data-scale=\"\u00b0C\" class=\"active lw-scale\">\u00b0C<\/span> <span class=\"separator\">|<\/span> <span data-scale=\"\u00b0F\" class=\" lw-scale\">\u00b0F<\/span><\/span><\/span>\t\t\t<\/span>\n\t\t\t<span id=\"precipitation\" data-tab-content class=\"temp-precipitation\">\n\t\t\t0 mm\t\t\t<\/span>\n\t\t\t<span id=\"rainchance\" data-tab-content class=\"temp-rainchance\">\n\t\t\t0%\t\t\t<\/span>\n\t\t\t<span id=\"wind\" data-tab-content class=\"temp-wind\">\n\t\t\t<span class=\"lw-wind-value\" data-imperial=\"9 mph\" data-metric=\"15 Km\/h\">15 Km\/h<\/span>\t\t\t<\/span>\n\t\t\t<span id=\"humidity\" data-tab-content class=\"temp-humidity\">\n\t\t\t60 %\t\t\t<\/span>\n\t\t\t<span id=\"pressure\" data-tab-content class=\"temp-pressure\">\n\t\t\t1023 hPa\t\t\t<\/span>\n\t\t\t<span id=\"snow\" data-tab-content class=\"temp-snow\">\n\t\t\t0 mm\/h\t\t\t<\/span>\n\t\t<\/div>\n\t\t\t<\/div>\n<!-- End forecast details area -->\n\t\t<!-- Forecast details html area start -->\n<div class=\"splw-forecast \">\n\t\t\t<div class=\"splw-forecast-time\">\n\t\t<span class=lw-days>Tomorrow<\/span>\n\t\t<span class=\"lw-hourly-forecast-time\"><span>8:00 a.m.<\/span><span class=\"lw-hourly-date\">Apr. 30, 2026<\/span><\/span>\t\t\t<\/div>\n\t\t\t\t<div class=\"splw-forecast-icons max\">\n\t\t\t<img decoding=\"async\" src=\"https:\/\/cparici.com\/wp-content\/plugins\/location-weather-pro\/assets\/images\/icons\/weather-icons\/01d.svg\" class=\"weather-icon\" alt=\"weather icon\" title=\"clear sky\" width=\"50\" height=\"50\">\t\t\t\t\t<\/div>\n\t\t\t\t\t<div class=\"splw-weather-details\">\n\t\t\t<span id=\"temperature\" data-tab-content class=\"temp-min-mex active\">\n\t\t\t<span class=lw-low-temp><span class=\"low\">8<\/span><span class=\"low-scale\">\u00b0<\/span><\/span><span class=\"lw-forecast-separator\"> \/ <\/span><span class=lw-high-temp><span class=\"high\">8<\/span><span class=\"high-scale\">\u00b0<\/span><span class=\"temperature-scale lw-metric\"><span data-scale=\"\u00b0C\" class=\"active lw-scale\">\u00b0C<\/span> <span class=\"separator\">|<\/span> <span data-scale=\"\u00b0F\" class=\" lw-scale\">\u00b0F<\/span><\/span><\/span>\t\t\t<\/span>\n\t\t\t<span id=\"precipitation\" data-tab-content class=\"temp-precipitation\">\n\t\t\t0 mm\t\t\t<\/span>\n\t\t\t<span id=\"rainchance\" data-tab-content class=\"temp-rainchance\">\n\t\t\t0%\t\t\t<\/span>\n\t\t\t<span id=\"wind\" data-tab-content class=\"temp-wind\">\n\t\t\t<span class=\"lw-wind-value\" data-imperial=\"10 mph\" data-metric=\"17 Km\/h\">17 Km\/h<\/span>\t\t\t<\/span>\n\t\t\t<span id=\"humidity\" data-tab-content class=\"temp-humidity\">\n\t\t\t56 %\t\t\t<\/span>\n\t\t\t<span id=\"pressure\" data-tab-content class=\"temp-pressure\">\n\t\t\t1024 hPa\t\t\t<\/span>\n\t\t\t<span id=\"snow\" data-tab-content class=\"temp-snow\">\n\t\t\t0 mm\/h\t\t\t<\/span>\n\t\t<\/div>\n\t\t\t<\/div>\n<!-- End forecast details area -->\n\t\t<!-- Forecast details html area start -->\n<div class=\"splw-forecast \">\n\t\t\t<div class=\"splw-forecast-time\">\n\t\t<span class=lw-days>Tomorrow<\/span>\n\t\t<span class=\"lw-hourly-forecast-time\"><span>11:00 a.m.<\/span><span class=\"lw-hourly-date\">Apr. 30, 2026<\/span><\/span>\t\t\t<\/div>\n\t\t\t\t<div class=\"splw-forecast-icons max\">\n\t\t\t<img decoding=\"async\" src=\"https:\/\/cparici.com\/wp-content\/plugins\/location-weather-pro\/assets\/images\/icons\/weather-icons\/01d.svg\" class=\"weather-icon\" alt=\"weather icon\" title=\"clear sky\" width=\"50\" height=\"50\">\t\t\t\t\t<\/div>\n\t\t\t\t\t<div class=\"splw-weather-details\">\n\t\t\t<span id=\"temperature\" data-tab-content class=\"temp-min-mex active\">\n\t\t\t<span class=lw-low-temp><span class=\"low\">12<\/span><span class=\"low-scale\">\u00b0<\/span><\/span><span class=\"lw-forecast-separator\"> \/ <\/span><span class=lw-high-temp><span class=\"high\">12<\/span><span class=\"high-scale\">\u00b0<\/span><span class=\"temperature-scale lw-metric\"><span data-scale=\"\u00b0C\" class=\"active lw-scale\">\u00b0C<\/span> <span class=\"separator\">|<\/span> <span data-scale=\"\u00b0F\" class=\" lw-scale\">\u00b0F<\/span><\/span><\/span>\t\t\t<\/span>\n\t\t\t<span id=\"precipitation\" data-tab-content class=\"temp-precipitation\">\n\t\t\t0 mm\t\t\t<\/span>\n\t\t\t<span id=\"rainchance\" data-tab-content class=\"temp-rainchance\">\n\t\t\t0%\t\t\t<\/span>\n\t\t\t<span id=\"wind\" data-tab-content class=\"temp-wind\">\n\t\t\t<span class=\"lw-wind-value\" data-imperial=\"12 mph\" data-metric=\"19 Km\/h\">19 Km\/h<\/span>\t\t\t<\/span>\n\t\t\t<span id=\"humidity\" data-tab-content class=\"temp-humidity\">\n\t\t\t42 %\t\t\t<\/span>\n\t\t\t<span id=\"pressure\" data-tab-content class=\"temp-pressure\">\n\t\t\t1023 hPa\t\t\t<\/span>\n\t\t\t<span id=\"snow\" data-tab-content class=\"temp-snow\">\n\t\t\t0 mm\/h\t\t\t<\/span>\n\t\t<\/div>\n\t\t\t<\/div>\n<!-- End forecast details area -->\n\t\t<!-- Forecast details html area start -->\n<div class=\"splw-forecast \">\n\t\t\t<div class=\"splw-forecast-time\">\n\t\t<span class=lw-days>Tomorrow<\/span>\n\t\t<span class=\"lw-hourly-forecast-time\"><span>2:00 p.m.<\/span><span class=\"lw-hourly-date\">Apr. 30, 2026<\/span><\/span>\t\t\t<\/div>\n\t\t\t\t<div class=\"splw-forecast-icons max\">\n\t\t\t<img decoding=\"async\" src=\"https:\/\/cparici.com\/wp-content\/plugins\/location-weather-pro\/assets\/images\/icons\/weather-icons\/01d.svg\" class=\"weather-icon\" alt=\"weather icon\" title=\"clear sky\" width=\"50\" height=\"50\">\t\t\t\t\t<\/div>\n\t\t\t\t\t<div class=\"splw-weather-details\">\n\t\t\t<span id=\"temperature\" data-tab-content class=\"temp-min-mex active\">\n\t\t\t<span class=lw-low-temp><span class=\"low\">18<\/span><span class=\"low-scale\">\u00b0<\/span><\/span><span class=\"lw-forecast-separator\"> \/ <\/span><span class=lw-high-temp><span class=\"high\">18<\/span><span class=\"high-scale\">\u00b0<\/span><span class=\"temperature-scale lw-metric\"><span data-scale=\"\u00b0C\" class=\"active lw-scale\">\u00b0C<\/span> <span class=\"separator\">|<\/span> <span data-scale=\"\u00b0F\" class=\" lw-scale\">\u00b0F<\/span><\/span><\/span>\t\t\t<\/span>\n\t\t\t<span id=\"precipitation\" data-tab-content class=\"temp-precipitation\">\n\t\t\t0 mm\t\t\t<\/span>\n\t\t\t<span id=\"rainchance\" data-tab-content class=\"temp-rainchance\">\n\t\t\t0%\t\t\t<\/span>\n\t\t\t<span id=\"wind\" data-tab-content class=\"temp-wind\">\n\t\t\t<span class=\"lw-wind-value\" data-imperial=\"13 mph\" data-metric=\"21 Km\/h\">21 Km\/h<\/span>\t\t\t<\/span>\n\t\t\t<span id=\"humidity\" data-tab-content class=\"temp-humidity\">\n\t\t\t29 %\t\t\t<\/span>\n\t\t\t<span id=\"pressure\" data-tab-content class=\"temp-pressure\">\n\t\t\t1021 hPa\t\t\t<\/span>\n\t\t\t<span id=\"snow\" data-tab-content class=\"temp-snow\">\n\t\t\t0 mm\/h\t\t\t<\/span>\n\t\t<\/div>\n\t\t\t<\/div>\n<!-- End forecast details area -->\n\t\t<!-- Forecast details html area start -->\n<div class=\"splw-forecast \">\n\t\t\t<div class=\"splw-forecast-time\">\n\t\t<span class=lw-days>Tomorrow<\/span>\n\t\t<span class=\"lw-hourly-forecast-time\"><span>5:00 p.m.<\/span><span class=\"lw-hourly-date\">Apr. 30, 2026<\/span><\/span>\t\t\t<\/div>\n\t\t\t\t<div class=\"splw-forecast-icons max\">\n\t\t\t<img decoding=\"async\" src=\"https:\/\/cparici.com\/wp-content\/plugins\/location-weather-pro\/assets\/images\/icons\/weather-icons\/01d.svg\" class=\"weather-icon\" alt=\"weather icon\" title=\"clear sky\" width=\"50\" height=\"50\">\t\t\t\t\t<\/div>\n\t\t\t\t\t<div class=\"splw-weather-details\">\n\t\t\t<span id=\"temperature\" data-tab-content class=\"temp-min-mex active\">\n\t\t\t<span class=lw-low-temp><span class=\"low\">19<\/span><span class=\"low-scale\">\u00b0<\/span><\/span><span class=\"lw-forecast-separator\"> \/ <\/span><span class=lw-high-temp><span class=\"high\">19<\/span><span class=\"high-scale\">\u00b0<\/span><span class=\"temperature-scale lw-metric\"><span data-scale=\"\u00b0C\" class=\"active lw-scale\">\u00b0C<\/span> <span class=\"separator\">|<\/span> <span data-scale=\"\u00b0F\" class=\" lw-scale\">\u00b0F<\/span><\/span><\/span>\t\t\t<\/span>\n\t\t\t<span id=\"precipitation\" data-tab-content class=\"temp-precipitation\">\n\t\t\t0 mm\t\t\t<\/span>\n\t\t\t<span id=\"rainchance\" data-tab-content class=\"temp-rainchance\">\n\t\t\t0%\t\t\t<\/span>\n\t\t\t<span id=\"wind\" data-tab-content class=\"temp-wind\">\n\t\t\t<span class=\"lw-wind-value\" data-imperial=\"16 mph\" data-metric=\"26 Km\/h\">26 Km\/h<\/span>\t\t\t<\/span>\n\t\t\t<span id=\"humidity\" data-tab-content class=\"temp-humidity\">\n\t\t\t36 %\t\t\t<\/span>\n\t\t\t<span id=\"pressure\" data-tab-content class=\"temp-pressure\">\n\t\t\t1020 hPa\t\t\t<\/span>\n\t\t\t<span id=\"snow\" data-tab-content class=\"temp-snow\">\n\t\t\t0 mm\/h\t\t\t<\/span>\n\t\t<\/div>\n\t\t\t<\/div>\n<!-- End forecast details area -->\n\t\t<!-- Forecast details html area start -->\n<div class=\"splw-forecast \">\n\t\t\t<div class=\"splw-forecast-time\">\n\t\t<span class=lw-days>Tomorrow<\/span>\n\t\t<span class=\"lw-hourly-forecast-time\"><span>8:00 p.m.<\/span><span class=\"lw-hourly-date\">Apr. 30, 2026<\/span><\/span>\t\t\t<\/div>\n\t\t\t\t<div class=\"splw-forecast-icons max\">\n\t\t\t<img decoding=\"async\" src=\"https:\/\/cparici.com\/wp-content\/plugins\/location-weather-pro\/assets\/images\/icons\/weather-icons\/01d.svg\" class=\"weather-icon\" alt=\"weather icon\" title=\"clear sky\" width=\"50\" height=\"50\">\t\t\t\t\t<\/div>\n\t\t\t\t\t<div class=\"splw-weather-details\">\n\t\t\t<span id=\"temperature\" data-tab-content class=\"temp-min-mex active\">\n\t\t\t<span class=lw-low-temp><span class=\"low\">13<\/span><span class=\"low-scale\">\u00b0<\/span><\/span><span class=\"lw-forecast-separator\"> \/ <\/span><span class=lw-high-temp><span class=\"high\">13<\/span><span class=\"high-scale\">\u00b0<\/span><span class=\"temperature-scale lw-metric\"><span data-scale=\"\u00b0C\" class=\"active lw-scale\">\u00b0C<\/span> <span class=\"separator\">|<\/span> <span data-scale=\"\u00b0F\" class=\" lw-scale\">\u00b0F<\/span><\/span><\/span>\t\t\t<\/span>\n\t\t\t<span id=\"precipitation\" data-tab-content class=\"temp-precipitation\">\n\t\t\t0 mm\t\t\t<\/span>\n\t\t\t<span id=\"rainchance\" data-tab-content class=\"temp-rainchance\">\n\t\t\t0%\t\t\t<\/span>\n\t\t\t<span id=\"wind\" data-tab-content class=\"temp-wind\">\n\t\t\t<span class=\"lw-wind-value\" data-imperial=\"11 mph\" data-metric=\"18 Km\/h\">18 Km\/h<\/span>\t\t\t<\/span>\n\t\t\t<span id=\"humidity\" data-tab-content class=\"temp-humidity\">\n\t\t\t52 %\t\t\t<\/span>\n\t\t\t<span id=\"pressure\" data-tab-content class=\"temp-pressure\">\n\t\t\t1021 hPa\t\t\t<\/span>\n\t\t\t<span id=\"snow\" data-tab-content class=\"temp-snow\">\n\t\t\t0 mm\/h\t\t\t<\/span>\n\t\t<\/div>\n\t\t\t<\/div>\n<!-- End forecast details area -->\n\t\t<!-- Forecast details html area start -->\n<div class=\"splw-forecast \">\n\t\t\t<div class=\"splw-forecast-time\">\n\t\t<span class=lw-days>Tomorrow<\/span>\n\t\t<span class=\"lw-hourly-forecast-time\"><span>11:00 p.m.<\/span><span class=\"lw-hourly-date\">Apr. 30, 2026<\/span><\/span>\t\t\t<\/div>\n\t\t\t\t<div class=\"splw-forecast-icons max\">\n\t\t\t<img decoding=\"async\" src=\"https:\/\/cparici.com\/wp-content\/plugins\/location-weather-pro\/assets\/images\/icons\/weather-icons\/01n.svg\" class=\"weather-icon\" alt=\"weather icon\" title=\"clear sky\" width=\"50\" height=\"50\">\t\t\t\t\t<\/div>\n\t\t\t\t\t<div class=\"splw-weather-details\">\n\t\t\t<span id=\"temperature\" data-tab-content class=\"temp-min-mex active\">\n\t\t\t<span class=lw-low-temp><span class=\"low\">8<\/span><span class=\"low-scale\">\u00b0<\/span><\/span><span class=\"lw-forecast-separator\"> \/ <\/span><span class=lw-high-temp><span class=\"high\">8<\/span><span class=\"high-scale\">\u00b0<\/span><span class=\"temperature-scale lw-metric\"><span data-scale=\"\u00b0C\" class=\"active lw-scale\">\u00b0C<\/span> <span class=\"separator\">|<\/span> <span data-scale=\"\u00b0F\" class=\" lw-scale\">\u00b0F<\/span><\/span><\/span>\t\t\t<\/span>\n\t\t\t<span id=\"precipitation\" data-tab-content class=\"temp-precipitation\">\n\t\t\t0 mm\t\t\t<\/span>\n\t\t\t<span id=\"rainchance\" data-tab-content class=\"temp-rainchance\">\n\t\t\t0%\t\t\t<\/span>\n\t\t\t<span id=\"wind\" data-tab-content class=\"temp-wind\">\n\t\t\t<span class=\"lw-wind-value\" data-imperial=\"7 mph\" data-metric=\"11 Km\/h\">11 Km\/h<\/span>\t\t\t<\/span>\n\t\t\t<span id=\"humidity\" data-tab-content class=\"temp-humidity\">\n\t\t\t58 %\t\t\t<\/span>\n\t\t\t<span id=\"pressure\" data-tab-content class=\"temp-pressure\">\n\t\t\t1024 hPa\t\t\t<\/span>\n\t\t\t<span id=\"snow\" data-tab-content class=\"temp-snow\">\n\t\t\t0 mm\/h\t\t\t<\/span>\n\t\t<\/div>\n\t\t\t<\/div>\n<!-- End forecast details area -->\n\t\t<!-- Forecast details html area start -->\n<div class=\"splw-forecast \">\n\t\t\t<div class=\"splw-forecast-time\">\n\t\t<span class=lw-days>Fr. Mai 26<\/span>\n\t\t<span class=\"lw-hourly-forecast-time\"><span>2:00 a.m.<\/span><span class=\"lw-hourly-date\">Mai 1, 2026<\/span><\/span>\t\t\t<\/div>\n\t\t\t\t<div class=\"splw-forecast-icons max\">\n\t\t\t<img decoding=\"async\" src=\"https:\/\/cparici.com\/wp-content\/plugins\/location-weather-pro\/assets\/images\/icons\/weather-icons\/01n.svg\" class=\"weather-icon\" alt=\"weather icon\" title=\"clear sky\" width=\"50\" height=\"50\">\t\t\t\t\t<\/div>\n\t\t\t\t\t<div class=\"splw-weather-details\">\n\t\t\t<span id=\"temperature\" data-tab-content class=\"temp-min-mex active\">\n\t\t\t<span class=lw-low-temp><span class=\"low\">6<\/span><span class=\"low-scale\">\u00b0<\/span><\/span><span class=\"lw-forecast-separator\"> \/ <\/span><span class=lw-high-temp><span class=\"high\">6<\/span><span class=\"high-scale\">\u00b0<\/span><span class=\"temperature-scale lw-metric\"><span data-scale=\"\u00b0C\" class=\"active lw-scale\">\u00b0C<\/span> <span class=\"separator\">|<\/span> <span data-scale=\"\u00b0F\" class=\" lw-scale\">\u00b0F<\/span><\/span><\/span>\t\t\t<\/span>\n\t\t\t<span id=\"precipitation\" data-tab-content class=\"temp-precipitation\">\n\t\t\t0 mm\t\t\t<\/span>\n\t\t\t<span id=\"rainchance\" data-tab-content class=\"temp-rainchance\">\n\t\t\t0%\t\t\t<\/span>\n\t\t\t<span id=\"wind\" data-tab-content class=\"temp-wind\">\n\t\t\t<span class=\"lw-wind-value\" data-imperial=\"5 mph\" data-metric=\"8 Km\/h\">8 Km\/h<\/span>\t\t\t<\/span>\n\t\t\t<span id=\"humidity\" data-tab-content class=\"temp-humidity\">\n\t\t\t59 %\t\t\t<\/span>\n\t\t\t<span id=\"pressure\" data-tab-content class=\"temp-pressure\">\n\t\t\t1025 hPa\t\t\t<\/span>\n\t\t\t<span id=\"snow\" data-tab-content class=\"temp-snow\">\n\t\t\t0 mm\/h\t\t\t<\/span>\n\t\t<\/div>\n\t\t\t<\/div>\n<!-- End forecast details area -->\n\t\t<!-- Forecast details html area start -->\n<div class=\"splw-forecast \">\n\t\t\t<div class=\"splw-forecast-time\">\n\t\t<span class=lw-days>Fr. Mai 26<\/span>\n\t\t<span class=\"lw-hourly-forecast-time\"><span>5:00 a.m.<\/span><span class=\"lw-hourly-date\">Mai 1, 2026<\/span><\/span>\t\t\t<\/div>\n\t\t\t\t<div class=\"splw-forecast-icons max\">\n\t\t\t<img decoding=\"async\" src=\"https:\/\/cparici.com\/wp-content\/plugins\/location-weather-pro\/assets\/images\/icons\/weather-icons\/01n.svg\" class=\"weather-icon\" alt=\"weather icon\" title=\"clear sky\" width=\"50\" height=\"50\">\t\t\t\t\t<\/div>\n\t\t\t\t\t<div class=\"splw-weather-details\">\n\t\t\t<span id=\"temperature\" data-tab-content class=\"temp-min-mex active\">\n\t\t\t<span class=lw-low-temp><span class=\"low\">5<\/span><span class=\"low-scale\">\u00b0<\/span><\/span><span class=\"lw-forecast-separator\"> \/ <\/span><span class=lw-high-temp><span class=\"high\">5<\/span><span class=\"high-scale\">\u00b0<\/span><span class=\"temperature-scale lw-metric\"><span data-scale=\"\u00b0C\" class=\"active lw-scale\">\u00b0C<\/span> <span class=\"separator\">|<\/span> <span data-scale=\"\u00b0F\" class=\" lw-scale\">\u00b0F<\/span><\/span><\/span>\t\t\t<\/span>\n\t\t\t<span id=\"precipitation\" data-tab-content class=\"temp-precipitation\">\n\t\t\t0 mm\t\t\t<\/span>\n\t\t\t<span id=\"rainchance\" data-tab-content class=\"temp-rainchance\">\n\t\t\t0%\t\t\t<\/span>\n\t\t\t<span id=\"wind\" data-tab-content class=\"temp-wind\">\n\t\t\t<span class=\"lw-wind-value\" data-imperial=\"4 mph\" data-metric=\"6 Km\/h\">6 Km\/h<\/span>\t\t\t<\/span>\n\t\t\t<span id=\"humidity\" data-tab-content class=\"temp-humidity\">\n\t\t\t59 %\t\t\t<\/span>\n\t\t\t<span id=\"pressure\" data-tab-content class=\"temp-pressure\">\n\t\t\t1026 hPa\t\t\t<\/span>\n\t\t\t<span id=\"snow\" data-tab-content class=\"temp-snow\">\n\t\t\t0 mm\/h\t\t\t<\/span>\n\t\t<\/div>\n\t\t\t<\/div>\n<!-- End forecast details area -->\n\t\t<!-- Forecast details html area start -->\n<div class=\"splw-forecast \">\n\t\t\t<div class=\"splw-forecast-time\">\n\t\t<span class=lw-days>Fr. Mai 26<\/span>\n\t\t<span class=\"lw-hourly-forecast-time\"><span>8:00 a.m.<\/span><span class=\"lw-hourly-date\">Mai 1, 2026<\/span><\/span>\t\t\t<\/div>\n\t\t\t\t<div class=\"splw-forecast-icons max\">\n\t\t\t<img decoding=\"async\" src=\"https:\/\/cparici.com\/wp-content\/plugins\/location-weather-pro\/assets\/images\/icons\/weather-icons\/01d.svg\" class=\"weather-icon\" alt=\"weather icon\" title=\"clear sky\" width=\"50\" height=\"50\">\t\t\t\t\t<\/div>\n\t\t\t\t\t<div class=\"splw-weather-details\">\n\t\t\t<span id=\"temperature\" data-tab-content class=\"temp-min-mex active\">\n\t\t\t<span class=lw-low-temp><span class=\"low\">8<\/span><span class=\"low-scale\">\u00b0<\/span><\/span><span class=\"lw-forecast-separator\"> \/ <\/span><span class=lw-high-temp><span class=\"high\">8<\/span><span class=\"high-scale\">\u00b0<\/span><span class=\"temperature-scale lw-metric\"><span data-scale=\"\u00b0C\" class=\"active lw-scale\">\u00b0C<\/span> <span class=\"separator\">|<\/span> <span data-scale=\"\u00b0F\" class=\" lw-scale\">\u00b0F<\/span><\/span><\/span>\t\t\t<\/span>\n\t\t\t<span id=\"precipitation\" data-tab-content class=\"temp-precipitation\">\n\t\t\t0 mm\t\t\t<\/span>\n\t\t\t<span id=\"rainchance\" data-tab-content class=\"temp-rainchance\">\n\t\t\t0%\t\t\t<\/span>\n\t\t\t<span id=\"wind\" data-tab-content class=\"temp-wind\">\n\t\t\t<span class=\"lw-wind-value\" data-imperial=\"2 mph\" data-metric=\"3 Km\/h\">3 Km\/h<\/span>\t\t\t<\/span>\n\t\t\t<span id=\"humidity\" data-tab-content class=\"temp-humidity\">\n\t\t\t51 %\t\t\t<\/span>\n\t\t\t<span id=\"pressure\" data-tab-content class=\"temp-pressure\">\n\t\t\t1027 hPa\t\t\t<\/span>\n\t\t\t<span id=\"snow\" data-tab-content class=\"temp-snow\">\n\t\t\t0 mm\/h\t\t\t<\/span>\n\t\t<\/div>\n\t\t\t<\/div>\n<!-- End forecast details area -->\n\t\t<!-- Forecast details html area start -->\n<div class=\"splw-forecast \">\n\t\t\t<div class=\"splw-forecast-time\">\n\t\t<span class=lw-days>Fr. Mai 26<\/span>\n\t\t<span class=\"lw-hourly-forecast-time\"><span>11:00 a.m.<\/span><span class=\"lw-hourly-date\">Mai 1, 2026<\/span><\/span>\t\t\t<\/div>\n\t\t\t\t<div class=\"splw-forecast-icons max\">\n\t\t\t<img decoding=\"async\" src=\"https:\/\/cparici.com\/wp-content\/plugins\/location-weather-pro\/assets\/images\/icons\/weather-icons\/01d.svg\" class=\"weather-icon\" alt=\"weather icon\" title=\"clear sky\" width=\"50\" height=\"50\">\t\t\t\t\t<\/div>\n\t\t\t\t\t<div class=\"splw-weather-details\">\n\t\t\t<span id=\"temperature\" data-tab-content class=\"temp-min-mex active\">\n\t\t\t<span class=lw-low-temp><span class=\"low\">14<\/span><span class=\"low-scale\">\u00b0<\/span><\/span><span class=\"lw-forecast-separator\"> \/ <\/span><span class=lw-high-temp><span class=\"high\">14<\/span><span class=\"high-scale\">\u00b0<\/span><span class=\"temperature-scale lw-metric\"><span data-scale=\"\u00b0C\" class=\"active lw-scale\">\u00b0C<\/span> <span class=\"separator\">|<\/span> <span data-scale=\"\u00b0F\" class=\" lw-scale\">\u00b0F<\/span><\/span><\/span>\t\t\t<\/span>\n\t\t\t<span id=\"precipitation\" data-tab-content class=\"temp-precipitation\">\n\t\t\t0 mm\t\t\t<\/span>\n\t\t\t<span id=\"rainchance\" data-tab-content class=\"temp-rainchance\">\n\t\t\t0%\t\t\t<\/span>\n\t\t\t<span id=\"wind\" data-tab-content class=\"temp-wind\">\n\t\t\t<span class=\"lw-wind-value\" data-imperial=\"4 mph\" data-metric=\"7 Km\/h\">7 Km\/h<\/span>\t\t\t<\/span>\n\t\t\t<span id=\"humidity\" data-tab-content class=\"temp-humidity\">\n\t\t\t37 %\t\t\t<\/span>\n\t\t\t<span id=\"pressure\" data-tab-content class=\"temp-pressure\">\n\t\t\t1026 hPa\t\t\t<\/span>\n\t\t\t<span id=\"snow\" data-tab-content class=\"temp-snow\">\n\t\t\t0 mm\/h\t\t\t<\/span>\n\t\t<\/div>\n\t\t\t<\/div>\n<!-- End forecast details area -->\n\t\t<!-- Forecast details html area start -->\n<div class=\"splw-forecast \">\n\t\t\t<div class=\"splw-forecast-time\">\n\t\t<span class=lw-days>Fr. Mai 26<\/span>\n\t\t<span class=\"lw-hourly-forecast-time\"><span>2:00 p.m.<\/span><span class=\"lw-hourly-date\">Mai 1, 2026<\/span><\/span>\t\t\t<\/div>\n\t\t\t\t<div class=\"splw-forecast-icons max\">\n\t\t\t<img decoding=\"async\" src=\"https:\/\/cparici.com\/wp-content\/plugins\/location-weather-pro\/assets\/images\/icons\/weather-icons\/01d.svg\" class=\"weather-icon\" alt=\"weather icon\" title=\"clear sky\" width=\"50\" height=\"50\">\t\t\t\t\t<\/div>\n\t\t\t\t\t<div class=\"splw-weather-details\">\n\t\t\t<span id=\"temperature\" data-tab-content class=\"temp-min-mex active\">\n\t\t\t<span class=lw-low-temp><span class=\"low\">19<\/span><span class=\"low-scale\">\u00b0<\/span><\/span><span class=\"lw-forecast-separator\"> \/ <\/span><span class=lw-high-temp><span class=\"high\">19<\/span><span class=\"high-scale\">\u00b0<\/span><span class=\"temperature-scale lw-metric\"><span data-scale=\"\u00b0C\" class=\"active lw-scale\">\u00b0C<\/span> <span class=\"separator\">|<\/span> <span data-scale=\"\u00b0F\" class=\" lw-scale\">\u00b0F<\/span><\/span><\/span>\t\t\t<\/span>\n\t\t\t<span id=\"precipitation\" data-tab-content class=\"temp-precipitation\">\n\t\t\t0 mm\t\t\t<\/span>\n\t\t\t<span id=\"rainchance\" data-tab-content class=\"temp-rainchance\">\n\t\t\t0%\t\t\t<\/span>\n\t\t\t<span id=\"wind\" data-tab-content class=\"temp-wind\">\n\t\t\t<span class=\"lw-wind-value\" data-imperial=\"4 mph\" data-metric=\"7 Km\/h\">7 Km\/h<\/span>\t\t\t<\/span>\n\t\t\t<span id=\"humidity\" data-tab-content class=\"temp-humidity\">\n\t\t\t34 %\t\t\t<\/span>\n\t\t\t<span id=\"pressure\" data-tab-content class=\"temp-pressure\">\n\t\t\t1024 hPa\t\t\t<\/span>\n\t\t\t<span id=\"snow\" data-tab-content class=\"temp-snow\">\n\t\t\t0 mm\/h\t\t\t<\/span>\n\t\t<\/div>\n\t\t\t<\/div>\n<!-- End forecast details area -->\n\t\t<!-- Forecast details html area start -->\n<div class=\"splw-forecast \">\n\t\t\t<div class=\"splw-forecast-time\">\n\t\t<span class=lw-days>Fr. Mai 26<\/span>\n\t\t<span class=\"lw-hourly-forecast-time\"><span>5:00 p.m.<\/span><span class=\"lw-hourly-date\">Mai 1, 2026<\/span><\/span>\t\t\t<\/div>\n\t\t\t\t<div class=\"splw-forecast-icons max\">\n\t\t\t<img decoding=\"async\" src=\"https:\/\/cparici.com\/wp-content\/plugins\/location-weather-pro\/assets\/images\/icons\/weather-icons\/01d.svg\" class=\"weather-icon\" alt=\"weather icon\" title=\"clear sky\" width=\"50\" height=\"50\">\t\t\t\t\t<\/div>\n\t\t\t\t\t<div class=\"splw-weather-details\">\n\t\t\t<span id=\"temperature\" data-tab-content class=\"temp-min-mex active\">\n\t\t\t<span class=lw-low-temp><span class=\"low\">21<\/span><span class=\"low-scale\">\u00b0<\/span><\/span><span class=\"lw-forecast-separator\"> \/ <\/span><span class=lw-high-temp><span class=\"high\">21<\/span><span class=\"high-scale\">\u00b0<\/span><span class=\"temperature-scale lw-metric\"><span data-scale=\"\u00b0C\" class=\"active lw-scale\">\u00b0C<\/span> <span class=\"separator\">|<\/span> <span data-scale=\"\u00b0F\" class=\" lw-scale\">\u00b0F<\/span><\/span><\/span>\t\t\t<\/span>\n\t\t\t<span id=\"precipitation\" data-tab-content class=\"temp-precipitation\">\n\t\t\t0 mm\t\t\t<\/span>\n\t\t\t<span id=\"rainchance\" data-tab-content class=\"temp-rainchance\">\n\t\t\t0%\t\t\t<\/span>\n\t\t\t<span id=\"wind\" data-tab-content class=\"temp-wind\">\n\t\t\t<span class=\"lw-wind-value\" data-imperial=\"2 mph\" data-metric=\"4 Km\/h\">4 Km\/h<\/span>\t\t\t<\/span>\n\t\t\t<span id=\"humidity\" data-tab-content class=\"temp-humidity\">\n\t\t\t35 %\t\t\t<\/span>\n\t\t\t<span id=\"pressure\" data-tab-content class=\"temp-pressure\">\n\t\t\t1023 hPa\t\t\t<\/span>\n\t\t\t<span id=\"snow\" data-tab-content class=\"temp-snow\">\n\t\t\t0 mm\/h\t\t\t<\/span>\n\t\t<\/div>\n\t\t\t<\/div>\n<!-- End forecast details area -->\n\t\t<!-- Forecast details html area start -->\n<div class=\"splw-forecast \">\n\t\t\t<div class=\"splw-forecast-time\">\n\t\t<span class=lw-days>Fr. Mai 26<\/span>\n\t\t<span class=\"lw-hourly-forecast-time\"><span>8:00 p.m.<\/span><span class=\"lw-hourly-date\">Mai 1, 2026<\/span><\/span>\t\t\t<\/div>\n\t\t\t\t<div class=\"splw-forecast-icons max\">\n\t\t\t<img decoding=\"async\" src=\"https:\/\/cparici.com\/wp-content\/plugins\/location-weather-pro\/assets\/images\/icons\/weather-icons\/01d.svg\" class=\"weather-icon\" alt=\"weather icon\" title=\"clear sky\" width=\"50\" height=\"50\">\t\t\t\t\t<\/div>\n\t\t\t\t\t<div class=\"splw-weather-details\">\n\t\t\t<span id=\"temperature\" data-tab-content class=\"temp-min-mex active\">\n\t\t\t<span class=lw-low-temp><span class=\"low\">17<\/span><span class=\"low-scale\">\u00b0<\/span><\/span><span class=\"lw-forecast-separator\"> \/ <\/span><span class=lw-high-temp><span class=\"high\">17<\/span><span class=\"high-scale\">\u00b0<\/span><span class=\"temperature-scale lw-metric\"><span data-scale=\"\u00b0C\" class=\"active lw-scale\">\u00b0C<\/span> <span class=\"separator\">|<\/span> <span data-scale=\"\u00b0F\" class=\" lw-scale\">\u00b0F<\/span><\/span><\/span>\t\t\t<\/span>\n\t\t\t<span id=\"precipitation\" data-tab-content class=\"temp-precipitation\">\n\t\t\t0 mm\t\t\t<\/span>\n\t\t\t<span id=\"rainchance\" data-tab-content class=\"temp-rainchance\">\n\t\t\t0%\t\t\t<\/span>\n\t\t\t<span id=\"wind\" data-tab-content class=\"temp-wind\">\n\t\t\t<span class=\"lw-wind-value\" data-imperial=\"3 mph\" data-metric=\"4 Km\/h\">4 Km\/h<\/span>\t\t\t<\/span>\n\t\t\t<span id=\"humidity\" data-tab-content class=\"temp-humidity\">\n\t\t\t57 %\t\t\t<\/span>\n\t\t\t<span id=\"pressure\" data-tab-content class=\"temp-pressure\">\n\t\t\t1022 hPa\t\t\t<\/span>\n\t\t\t<span id=\"snow\" data-tab-content class=\"temp-snow\">\n\t\t\t0 mm\/h\t\t\t<\/span>\n\t\t<\/div>\n\t\t\t<\/div>\n<!-- End forecast details area -->\n\t\t<!-- Forecast details html area start -->\n<div class=\"splw-forecast \">\n\t\t\t<div class=\"splw-forecast-time\">\n\t\t<span class=lw-days>Fr. Mai 26<\/span>\n\t\t<span class=\"lw-hourly-forecast-time\"><span>11:00 p.m.<\/span><span class=\"lw-hourly-date\">Mai 1, 2026<\/span><\/span>\t\t\t<\/div>\n\t\t\t\t<div class=\"splw-forecast-icons max\">\n\t\t\t<img decoding=\"async\" src=\"https:\/\/cparici.com\/wp-content\/plugins\/location-weather-pro\/assets\/images\/icons\/weather-icons\/01n.svg\" class=\"weather-icon\" alt=\"weather icon\" title=\"clear sky\" width=\"50\" height=\"50\">\t\t\t\t\t<\/div>\n\t\t\t\t\t<div class=\"splw-weather-details\">\n\t\t\t<span id=\"temperature\" data-tab-content class=\"temp-min-mex active\">\n\t\t\t<span class=lw-low-temp><span class=\"low\">12<\/span><span class=\"low-scale\">\u00b0<\/span><\/span><span class=\"lw-forecast-separator\"> \/ <\/span><span class=lw-high-temp><span class=\"high\">12<\/span><span class=\"high-scale\">\u00b0<\/span><span class=\"temperature-scale lw-metric\"><span data-scale=\"\u00b0C\" class=\"active lw-scale\">\u00b0C<\/span> <span class=\"separator\">|<\/span> <span data-scale=\"\u00b0F\" class=\" lw-scale\">\u00b0F<\/span><\/span><\/span>\t\t\t<\/span>\n\t\t\t<span id=\"precipitation\" data-tab-content class=\"temp-precipitation\">\n\t\t\t0 mm\t\t\t<\/span>\n\t\t\t<span id=\"rainchance\" data-tab-content class=\"temp-rainchance\">\n\t\t\t0%\t\t\t<\/span>\n\t\t\t<span id=\"wind\" data-tab-content class=\"temp-wind\">\n\t\t\t<span class=\"lw-wind-value\" data-imperial=\"4 mph\" data-metric=\"7 Km\/h\">7 Km\/h<\/span>\t\t\t<\/span>\n\t\t\t<span id=\"humidity\" data-tab-content class=\"temp-humidity\">\n\t\t\t64 %\t\t\t<\/span>\n\t\t\t<span id=\"pressure\" data-tab-content class=\"temp-pressure\">\n\t\t\t1024 hPa\t\t\t<\/span>\n\t\t\t<span id=\"snow\" data-tab-content class=\"temp-snow\">\n\t\t\t0 mm\/h\t\t\t<\/span>\n\t\t<\/div>\n\t\t\t<\/div>\n<!-- End forecast details area -->\n\t\t<!-- Forecast details html area start -->\n<div class=\"splw-forecast \">\n\t\t\t<div class=\"splw-forecast-time\">\n\t\t<span class=lw-days>Sa. Mai 26<\/span>\n\t\t<span class=\"lw-hourly-forecast-time\"><span>2:00 a.m.<\/span><span class=\"lw-hourly-date\">Mai 2, 2026<\/span><\/span>\t\t\t<\/div>\n\t\t\t\t<div class=\"splw-forecast-icons max\">\n\t\t\t<img decoding=\"async\" src=\"https:\/\/cparici.com\/wp-content\/plugins\/location-weather-pro\/assets\/images\/icons\/weather-icons\/01n.svg\" class=\"weather-icon\" alt=\"weather icon\" title=\"clear sky\" width=\"50\" height=\"50\">\t\t\t\t\t<\/div>\n\t\t\t\t\t<div class=\"splw-weather-details\">\n\t\t\t<span id=\"temperature\" data-tab-content class=\"temp-min-mex active\">\n\t\t\t<span class=lw-low-temp><span class=\"low\">11<\/span><span class=\"low-scale\">\u00b0<\/span><\/span><span class=\"lw-forecast-separator\"> \/ <\/span><span class=lw-high-temp><span class=\"high\">11<\/span><span class=\"high-scale\">\u00b0<\/span><span class=\"temperature-scale lw-metric\"><span data-scale=\"\u00b0C\" class=\"active lw-scale\">\u00b0C<\/span> <span class=\"separator\">|<\/span> <span data-scale=\"\u00b0F\" class=\" lw-scale\">\u00b0F<\/span><\/span><\/span>\t\t\t<\/span>\n\t\t\t<span id=\"precipitation\" data-tab-content class=\"temp-precipitation\">\n\t\t\t0 mm\t\t\t<\/span>\n\t\t\t<span id=\"rainchance\" data-tab-content class=\"temp-rainchance\">\n\t\t\t0%\t\t\t<\/span>\n\t\t\t<span id=\"wind\" data-tab-content class=\"temp-wind\">\n\t\t\t<span class=\"lw-wind-value\" data-imperial=\"4 mph\" data-metric=\"6 Km\/h\">6 Km\/h<\/span>\t\t\t<\/span>\n\t\t\t<span id=\"humidity\" data-tab-content class=\"temp-humidity\">\n\t\t\t69 %\t\t\t<\/span>\n\t\t\t<span id=\"pressure\" data-tab-content class=\"temp-pressure\">\n\t\t\t1024 hPa\t\t\t<\/span>\n\t\t\t<span id=\"snow\" data-tab-content class=\"temp-snow\">\n\t\t\t0 mm\/h\t\t\t<\/span>\n\t\t<\/div>\n\t\t\t<\/div>\n<!-- End forecast details area -->\n\t\t<!-- Forecast details html area start -->\n<div class=\"splw-forecast \">\n\t\t\t<div class=\"splw-forecast-time\">\n\t\t<span class=lw-days>Sa. Mai 26<\/span>\n\t\t<span class=\"lw-hourly-forecast-time\"><span>5:00 a.m.<\/span><span class=\"lw-hourly-date\">Mai 2, 2026<\/span><\/span>\t\t\t<\/div>\n\t\t\t\t<div class=\"splw-forecast-icons max\">\n\t\t\t<img decoding=\"async\" src=\"https:\/\/cparici.com\/wp-content\/plugins\/location-weather-pro\/assets\/images\/icons\/weather-icons\/01n.svg\" class=\"weather-icon\" alt=\"weather icon\" title=\"clear sky\" width=\"50\" height=\"50\">\t\t\t\t\t<\/div>\n\t\t\t\t\t<div class=\"splw-weather-details\">\n\t\t\t<span id=\"temperature\" data-tab-content class=\"temp-min-mex active\">\n\t\t\t<span class=lw-low-temp><span class=\"low\">10<\/span><span class=\"low-scale\">\u00b0<\/span><\/span><span class=\"lw-forecast-separator\"> \/ <\/span><span class=lw-high-temp><span class=\"high\">10<\/span><span class=\"high-scale\">\u00b0<\/span><span class=\"temperature-scale lw-metric\"><span data-scale=\"\u00b0C\" class=\"active lw-scale\">\u00b0C<\/span> <span class=\"separator\">|<\/span> <span data-scale=\"\u00b0F\" class=\" lw-scale\">\u00b0F<\/span><\/span><\/span>\t\t\t<\/span>\n\t\t\t<span id=\"precipitation\" data-tab-content class=\"temp-precipitation\">\n\t\t\t0 mm\t\t\t<\/span>\n\t\t\t<span id=\"rainchance\" data-tab-content class=\"temp-rainchance\">\n\t\t\t0%\t\t\t<\/span>\n\t\t\t<span id=\"wind\" data-tab-content class=\"temp-wind\">\n\t\t\t<span class=\"lw-wind-value\" data-imperial=\"3 mph\" data-metric=\"5 Km\/h\">5 Km\/h<\/span>\t\t\t<\/span>\n\t\t\t<span id=\"humidity\" data-tab-content class=\"temp-humidity\">\n\t\t\t74 %\t\t\t<\/span>\n\t\t\t<span id=\"pressure\" data-tab-content class=\"temp-pressure\">\n\t\t\t1023 hPa\t\t\t<\/span>\n\t\t\t<span id=\"snow\" data-tab-content class=\"temp-snow\">\n\t\t\t0 mm\/h\t\t\t<\/span>\n\t\t<\/div>\n\t\t\t<\/div>\n<!-- End forecast details area -->\n\t\t<!-- Forecast details html area start -->\n<div class=\"splw-forecast \">\n\t\t\t<div class=\"splw-forecast-time\">\n\t\t<span class=lw-days>Sa. Mai 26<\/span>\n\t\t<span class=\"lw-hourly-forecast-time\"><span>8:00 a.m.<\/span><span class=\"lw-hourly-date\">Mai 2, 2026<\/span><\/span>\t\t\t<\/div>\n\t\t\t\t<div class=\"splw-forecast-icons max\">\n\t\t\t<img decoding=\"async\" src=\"https:\/\/cparici.com\/wp-content\/plugins\/location-weather-pro\/assets\/images\/icons\/weather-icons\/01d.svg\" class=\"weather-icon\" alt=\"weather icon\" title=\"clear sky\" width=\"50\" height=\"50\">\t\t\t\t\t<\/div>\n\t\t\t\t\t<div class=\"splw-weather-details\">\n\t\t\t<span id=\"temperature\" data-tab-content class=\"temp-min-mex active\">\n\t\t\t<span class=lw-low-temp><span class=\"low\">14<\/span><span class=\"low-scale\">\u00b0<\/span><\/span><span class=\"lw-forecast-separator\"> \/ <\/span><span class=lw-high-temp><span class=\"high\">14<\/span><span class=\"high-scale\">\u00b0<\/span><span class=\"temperature-scale lw-metric\"><span data-scale=\"\u00b0C\" class=\"active lw-scale\">\u00b0C<\/span> <span class=\"separator\">|<\/span> <span data-scale=\"\u00b0F\" class=\" lw-scale\">\u00b0F<\/span><\/span><\/span>\t\t\t<\/span>\n\t\t\t<span id=\"precipitation\" data-tab-content class=\"temp-precipitation\">\n\t\t\t0 mm\t\t\t<\/span>\n\t\t\t<span id=\"rainchance\" data-tab-content class=\"temp-rainchance\">\n\t\t\t0%\t\t\t<\/span>\n\t\t\t<span id=\"wind\" data-tab-content class=\"temp-wind\">\n\t\t\t<span class=\"lw-wind-value\" data-imperial=\"3 mph\" data-metric=\"5 Km\/h\">5 Km\/h<\/span>\t\t\t<\/span>\n\t\t\t<span id=\"humidity\" data-tab-content class=\"temp-humidity\">\n\t\t\t65 %\t\t\t<\/span>\n\t\t\t<span id=\"pressure\" data-tab-content class=\"temp-pressure\">\n\t\t\t1023 hPa\t\t\t<\/span>\n\t\t\t<span id=\"snow\" data-tab-content class=\"temp-snow\">\n\t\t\t0 mm\/h\t\t\t<\/span>\n\t\t<\/div>\n\t\t\t<\/div>\n<!-- End forecast details area -->\n\t\t<!-- Forecast details html area start -->\n<div class=\"splw-forecast \">\n\t\t\t<div class=\"splw-forecast-time\">\n\t\t<span class=lw-days>Sa. Mai 26<\/span>\n\t\t<span class=\"lw-hourly-forecast-time\"><span>11:00 a.m.<\/span><span class=\"lw-hourly-date\">Mai 2, 2026<\/span><\/span>\t\t\t<\/div>\n\t\t\t\t<div class=\"splw-forecast-icons max\">\n\t\t\t<img decoding=\"async\" src=\"https:\/\/cparici.com\/wp-content\/plugins\/location-weather-pro\/assets\/images\/icons\/weather-icons\/01d.svg\" class=\"weather-icon\" alt=\"weather icon\" title=\"clear sky\" width=\"50\" height=\"50\">\t\t\t\t\t<\/div>\n\t\t\t\t\t<div class=\"splw-weather-details\">\n\t\t\t<span id=\"temperature\" data-tab-content class=\"temp-min-mex active\">\n\t\t\t<span class=lw-low-temp><span class=\"low\">21<\/span><span class=\"low-scale\">\u00b0<\/span><\/span><span class=\"lw-forecast-separator\"> \/ <\/span><span class=lw-high-temp><span class=\"high\">21<\/span><span class=\"high-scale\">\u00b0<\/span><span class=\"temperature-scale lw-metric\"><span data-scale=\"\u00b0C\" class=\"active lw-scale\">\u00b0C<\/span> <span class=\"separator\">|<\/span> <span data-scale=\"\u00b0F\" class=\" lw-scale\">\u00b0F<\/span><\/span><\/span>\t\t\t<\/span>\n\t\t\t<span id=\"precipitation\" data-tab-content class=\"temp-precipitation\">\n\t\t\t0 mm\t\t\t<\/span>\n\t\t\t<span id=\"rainchance\" data-tab-content class=\"temp-rainchance\">\n\t\t\t0%\t\t\t<\/span>\n\t\t\t<span id=\"wind\" data-tab-content class=\"temp-wind\">\n\t\t\t<span class=\"lw-wind-value\" data-imperial=\"5 mph\" data-metric=\"8 Km\/h\">8 Km\/h<\/span>\t\t\t<\/span>\n\t\t\t<span id=\"humidity\" data-tab-content class=\"temp-humidity\">\n\t\t\t48 %\t\t\t<\/span>\n\t\t\t<span id=\"pressure\" data-tab-content class=\"temp-pressure\">\n\t\t\t1022 hPa\t\t\t<\/span>\n\t\t\t<span id=\"snow\" data-tab-content class=\"temp-snow\">\n\t\t\t0 mm\/h\t\t\t<\/span>\n\t\t<\/div>\n\t\t\t<\/div>\n<!-- End forecast details area -->\n\t\t<!-- Forecast details html area start -->\n<div class=\"splw-forecast \">\n\t\t\t<div class=\"splw-forecast-time\">\n\t\t<span class=lw-days>Sa. Mai 26<\/span>\n\t\t<span class=\"lw-hourly-forecast-time\"><span>2:00 p.m.<\/span><span class=\"lw-hourly-date\">Mai 2, 2026<\/span><\/span>\t\t\t<\/div>\n\t\t\t\t<div class=\"splw-forecast-icons max\">\n\t\t\t<img decoding=\"async\" src=\"https:\/\/cparici.com\/wp-content\/plugins\/location-weather-pro\/assets\/images\/icons\/weather-icons\/01d.svg\" class=\"weather-icon\" alt=\"weather icon\" title=\"clear sky\" width=\"50\" height=\"50\">\t\t\t\t\t<\/div>\n\t\t\t\t\t<div class=\"splw-weather-details\">\n\t\t\t<span id=\"temperature\" data-tab-content class=\"temp-min-mex active\">\n\t\t\t<span class=lw-low-temp><span class=\"low\">24<\/span><span class=\"low-scale\">\u00b0<\/span><\/span><span class=\"lw-forecast-separator\"> \/ <\/span><span class=lw-high-temp><span class=\"high\">24<\/span><span class=\"high-scale\">\u00b0<\/span><span class=\"temperature-scale lw-metric\"><span data-scale=\"\u00b0C\" class=\"active lw-scale\">\u00b0C<\/span> <span class=\"separator\">|<\/span> <span data-scale=\"\u00b0F\" class=\" lw-scale\">\u00b0F<\/span><\/span><\/span>\t\t\t<\/span>\n\t\t\t<span id=\"precipitation\" data-tab-content class=\"temp-precipitation\">\n\t\t\t0 mm\t\t\t<\/span>\n\t\t\t<span id=\"rainchance\" data-tab-content class=\"temp-rainchance\">\n\t\t\t0%\t\t\t<\/span>\n\t\t\t<span id=\"wind\" data-tab-content class=\"temp-wind\">\n\t\t\t<span class=\"lw-wind-value\" data-imperial=\"7 mph\" data-metric=\"12 Km\/h\">12 Km\/h<\/span>\t\t\t<\/span>\n\t\t\t<span id=\"humidity\" data-tab-content class=\"temp-humidity\">\n\t\t\t45 %\t\t\t<\/span>\n\t\t\t<span id=\"pressure\" data-tab-content class=\"temp-pressure\">\n\t\t\t1019 hPa\t\t\t<\/span>\n\t\t\t<span id=\"snow\" data-tab-content class=\"temp-snow\">\n\t\t\t0 mm\/h\t\t\t<\/span>\n\t\t<\/div>\n\t\t\t<\/div>\n<!-- End forecast details area -->\n\t\t<!-- Forecast details html area start -->\n<div class=\"splw-forecast \">\n\t\t\t<div class=\"splw-forecast-time\">\n\t\t<span class=lw-days>Sa. Mai 26<\/span>\n\t\t<span class=\"lw-hourly-forecast-time\"><span>5:00 p.m.<\/span><span class=\"lw-hourly-date\">Mai 2, 2026<\/span><\/span>\t\t\t<\/div>\n\t\t\t\t<div class=\"splw-forecast-icons max\">\n\t\t\t<img decoding=\"async\" src=\"https:\/\/cparici.com\/wp-content\/plugins\/location-weather-pro\/assets\/images\/icons\/weather-icons\/01d.svg\" class=\"weather-icon\" alt=\"weather icon\" title=\"clear sky\" width=\"50\" height=\"50\">\t\t\t\t\t<\/div>\n\t\t\t\t\t<div class=\"splw-weather-details\">\n\t\t\t<span id=\"temperature\" data-tab-content class=\"temp-min-mex active\">\n\t\t\t<span class=lw-low-temp><span class=\"low\">24<\/span><span class=\"low-scale\">\u00b0<\/span><\/span><span class=\"lw-forecast-separator\"> \/ <\/span><span class=lw-high-temp><span class=\"high\">24<\/span><span class=\"high-scale\">\u00b0<\/span><span class=\"temperature-scale lw-metric\"><span data-scale=\"\u00b0C\" class=\"active lw-scale\">\u00b0C<\/span> <span class=\"separator\">|<\/span> <span data-scale=\"\u00b0F\" class=\" lw-scale\">\u00b0F<\/span><\/span><\/span>\t\t\t<\/span>\n\t\t\t<span id=\"precipitation\" data-tab-content class=\"temp-precipitation\">\n\t\t\t0 mm\t\t\t<\/span>\n\t\t\t<span id=\"rainchance\" data-tab-content class=\"temp-rainchance\">\n\t\t\t0%\t\t\t<\/span>\n\t\t\t<span id=\"wind\" data-tab-content class=\"temp-wind\">\n\t\t\t<span class=\"lw-wind-value\" data-imperial=\"7 mph\" data-metric=\"11 Km\/h\">11 Km\/h<\/span>\t\t\t<\/span>\n\t\t\t<span id=\"humidity\" data-tab-content class=\"temp-humidity\">\n\t\t\t47 %\t\t\t<\/span>\n\t\t\t<span id=\"pressure\" data-tab-content class=\"temp-pressure\">\n\t\t\t1017 hPa\t\t\t<\/span>\n\t\t\t<span id=\"snow\" data-tab-content class=\"temp-snow\">\n\t\t\t0 mm\/h\t\t\t<\/span>\n\t\t<\/div>\n\t\t\t<\/div>\n<!-- End forecast details area -->\n\t\t<!-- Forecast details html area start -->\n<div class=\"splw-forecast \">\n\t\t\t<div class=\"splw-forecast-time\">\n\t\t<span class=lw-days>Sa. Mai 26<\/span>\n\t\t<span class=\"lw-hourly-forecast-time\"><span>8:00 p.m.<\/span><span class=\"lw-hourly-date\">Mai 2, 2026<\/span><\/span>\t\t\t<\/div>\n\t\t\t\t<div class=\"splw-forecast-icons max\">\n\t\t\t<img decoding=\"async\" src=\"https:\/\/cparici.com\/wp-content\/plugins\/location-weather-pro\/assets\/images\/icons\/weather-icons\/10d.svg\" class=\"weather-icon\" alt=\"weather icon\" title=\"light rain\" width=\"50\" height=\"50\">\t\t\t\t\t<\/div>\n\t\t\t\t\t<div class=\"splw-weather-details\">\n\t\t\t<span id=\"temperature\" data-tab-content class=\"temp-min-mex active\">\n\t\t\t<span class=lw-low-temp><span class=\"low\">20<\/span><span class=\"low-scale\">\u00b0<\/span><\/span><span class=\"lw-forecast-separator\"> \/ <\/span><span class=lw-high-temp><span class=\"high\">20<\/span><span class=\"high-scale\">\u00b0<\/span><span class=\"temperature-scale lw-metric\"><span data-scale=\"\u00b0C\" class=\"active lw-scale\">\u00b0C<\/span> <span class=\"separator\">|<\/span> <span data-scale=\"\u00b0F\" class=\" lw-scale\">\u00b0F<\/span><\/span><\/span>\t\t\t<\/span>\n\t\t\t<span id=\"precipitation\" data-tab-content class=\"temp-precipitation\">\n\t\t\t0.4 mm\t\t\t<\/span>\n\t\t\t<span id=\"rainchance\" data-tab-content class=\"temp-rainchance\">\n\t\t\t40%\t\t\t<\/span>\n\t\t\t<span id=\"wind\" data-tab-content class=\"temp-wind\">\n\t\t\t<span class=\"lw-wind-value\" data-imperial=\"3 mph\" data-metric=\"6 Km\/h\">6 Km\/h<\/span>\t\t\t<\/span>\n\t\t\t<span id=\"humidity\" data-tab-content class=\"temp-humidity\">\n\t\t\t70 %\t\t\t<\/span>\n\t\t\t<span id=\"pressure\" data-tab-content class=\"temp-pressure\">\n\t\t\t1017 hPa\t\t\t<\/span>\n\t\t\t<span id=\"snow\" data-tab-content class=\"temp-snow\">\n\t\t\t0 mm\/h\t\t\t<\/span>\n\t\t<\/div>\n\t\t\t<\/div>\n<!-- End forecast details area -->\n\t\t<!-- Forecast details html area start -->\n<div class=\"splw-forecast \">\n\t\t\t<div class=\"splw-forecast-time\">\n\t\t<span class=lw-days>Sa. Mai 26<\/span>\n\t\t<span class=\"lw-hourly-forecast-time\"><span>11:00 p.m.<\/span><span class=\"lw-hourly-date\">Mai 2, 2026<\/span><\/span>\t\t\t<\/div>\n\t\t\t\t<div class=\"splw-forecast-icons max\">\n\t\t\t<img decoding=\"async\" src=\"https:\/\/cparici.com\/wp-content\/plugins\/location-weather-pro\/assets\/images\/icons\/weather-icons\/10n.svg\" class=\"weather-icon\" alt=\"weather icon\" title=\"light rain\" width=\"50\" height=\"50\">\t\t\t\t\t<\/div>\n\t\t\t\t\t<div class=\"splw-weather-details\">\n\t\t\t<span id=\"temperature\" data-tab-content class=\"temp-min-mex active\">\n\t\t\t<span class=lw-low-temp><span class=\"low\">15<\/span><span class=\"low-scale\">\u00b0<\/span><\/span><span class=\"lw-forecast-separator\"> \/ <\/span><span class=lw-high-temp><span class=\"high\">15<\/span><span class=\"high-scale\">\u00b0<\/span><span class=\"temperature-scale lw-metric\"><span data-scale=\"\u00b0C\" class=\"active lw-scale\">\u00b0C<\/span> <span class=\"separator\">|<\/span> <span data-scale=\"\u00b0F\" class=\" lw-scale\">\u00b0F<\/span><\/span><\/span>\t\t\t<\/span>\n\t\t\t<span id=\"precipitation\" data-tab-content class=\"temp-precipitation\">\n\t\t\t0.99 mm\t\t\t<\/span>\n\t\t\t<span id=\"rainchance\" data-tab-content class=\"temp-rainchance\">\n\t\t\t99%\t\t\t<\/span>\n\t\t\t<span id=\"wind\" data-tab-content class=\"temp-wind\">\n\t\t\t<span class=\"lw-wind-value\" data-imperial=\"5 mph\" data-metric=\"9 Km\/h\">9 Km\/h<\/span>\t\t\t<\/span>\n\t\t\t<span id=\"humidity\" data-tab-content class=\"temp-humidity\">\n\t\t\t86 %\t\t\t<\/span>\n\t\t\t<span id=\"pressure\" data-tab-content class=\"temp-pressure\">\n\t\t\t1018 hPa\t\t\t<\/span>\n\t\t\t<span id=\"snow\" data-tab-content class=\"temp-snow\">\n\t\t\t0 mm\/h\t\t\t<\/span>\n\t\t<\/div>\n\t\t\t<\/div>\n<!-- End forecast details area -->\n\t\t<!-- Forecast details html area start -->\n<div class=\"splw-forecast \">\n\t\t\t<div class=\"splw-forecast-time\">\n\t\t<span class=lw-days>So. Mai 26<\/span>\n\t\t<span class=\"lw-hourly-forecast-time\"><span>2:00 a.m.<\/span><span class=\"lw-hourly-date\">Mai 3, 2026<\/span><\/span>\t\t\t<\/div>\n\t\t\t\t<div class=\"splw-forecast-icons max\">\n\t\t\t<img decoding=\"async\" src=\"https:\/\/cparici.com\/wp-content\/plugins\/location-weather-pro\/assets\/images\/icons\/weather-icons\/10n.svg\" class=\"weather-icon\" alt=\"weather icon\" title=\"light rain\" width=\"50\" height=\"50\">\t\t\t\t\t<\/div>\n\t\t\t\t\t<div class=\"splw-weather-details\">\n\t\t\t<span id=\"temperature\" data-tab-content class=\"temp-min-mex active\">\n\t\t\t<span class=lw-low-temp><span class=\"low\">14<\/span><span class=\"low-scale\">\u00b0<\/span><\/span><span class=\"lw-forecast-separator\"> \/ <\/span><span class=lw-high-temp><span class=\"high\">14<\/span><span class=\"high-scale\">\u00b0<\/span><span class=\"temperature-scale lw-metric\"><span data-scale=\"\u00b0C\" class=\"active lw-scale\">\u00b0C<\/span> <span class=\"separator\">|<\/span> <span data-scale=\"\u00b0F\" class=\" lw-scale\">\u00b0F<\/span><\/span><\/span>\t\t\t<\/span>\n\t\t\t<span id=\"precipitation\" data-tab-content class=\"temp-precipitation\">\n\t\t\t0.81 mm\t\t\t<\/span>\n\t\t\t<span id=\"rainchance\" data-tab-content class=\"temp-rainchance\">\n\t\t\t81%\t\t\t<\/span>\n\t\t\t<span id=\"wind\" data-tab-content class=\"temp-wind\">\n\t\t\t<span class=\"lw-wind-value\" data-imperial=\"4 mph\" data-metric=\"6 Km\/h\">6 Km\/h<\/span>\t\t\t<\/span>\n\t\t\t<span id=\"humidity\" data-tab-content class=\"temp-humidity\">\n\t\t\t90 %\t\t\t<\/span>\n\t\t\t<span id=\"pressure\" data-tab-content class=\"temp-pressure\">\n\t\t\t1017 hPa\t\t\t<\/span>\n\t\t\t<span id=\"snow\" data-tab-content class=\"temp-snow\">\n\t\t\t0 mm\/h\t\t\t<\/span>\n\t\t<\/div>\n\t\t\t<\/div>\n<!-- End forecast details area -->\n\t\t<!-- Forecast details html area start -->\n<div class=\"splw-forecast \">\n\t\t\t<div class=\"splw-forecast-time\">\n\t\t<span class=lw-days>So. Mai 26<\/span>\n\t\t<span class=\"lw-hourly-forecast-time\"><span>5:00 a.m.<\/span><span class=\"lw-hourly-date\">Mai 3, 2026<\/span><\/span>\t\t\t<\/div>\n\t\t\t\t<div class=\"splw-forecast-icons max\">\n\t\t\t<img decoding=\"async\" src=\"https:\/\/cparici.com\/wp-content\/plugins\/location-weather-pro\/assets\/images\/icons\/weather-icons\/10n.svg\" class=\"weather-icon\" alt=\"weather icon\" title=\"light rain\" width=\"50\" height=\"50\">\t\t\t\t\t<\/div>\n\t\t\t\t\t<div class=\"splw-weather-details\">\n\t\t\t<span id=\"temperature\" data-tab-content class=\"temp-min-mex active\">\n\t\t\t<span class=lw-low-temp><span class=\"low\">14<\/span><span class=\"low-scale\">\u00b0<\/span><\/span><span class=\"lw-forecast-separator\"> \/ <\/span><span class=lw-high-temp><span class=\"high\">14<\/span><span class=\"high-scale\">\u00b0<\/span><span class=\"temperature-scale lw-metric\"><span data-scale=\"\u00b0C\" class=\"active lw-scale\">\u00b0C<\/span> <span class=\"separator\">|<\/span> <span data-scale=\"\u00b0F\" class=\" lw-scale\">\u00b0F<\/span><\/span><\/span>\t\t\t<\/span>\n\t\t\t<span id=\"precipitation\" data-tab-content class=\"temp-precipitation\">\n\t\t\t1 mm\t\t\t<\/span>\n\t\t\t<span id=\"rainchance\" data-tab-content class=\"temp-rainchance\">\n\t\t\t100%\t\t\t<\/span>\n\t\t\t<span id=\"wind\" data-tab-content class=\"temp-wind\">\n\t\t\t<span class=\"lw-wind-value\" data-imperial=\"3 mph\" data-metric=\"5 Km\/h\">5 Km\/h<\/span>\t\t\t<\/span>\n\t\t\t<span id=\"humidity\" data-tab-content class=\"temp-humidity\">\n\t\t\t93 %\t\t\t<\/span>\n\t\t\t<span id=\"pressure\" data-tab-content class=\"temp-pressure\">\n\t\t\t1017 hPa\t\t\t<\/span>\n\t\t\t<span id=\"snow\" data-tab-content class=\"temp-snow\">\n\t\t\t0 mm\/h\t\t\t<\/span>\n\t\t<\/div>\n\t\t\t<\/div>\n<!-- End forecast details area -->\n\t\t<!-- Forecast details html area start -->\n<div class=\"splw-forecast \">\n\t\t\t<div class=\"splw-forecast-time\">\n\t\t<span class=lw-days>So. Mai 26<\/span>\n\t\t<span class=\"lw-hourly-forecast-time\"><span>8:00 a.m.<\/span><span class=\"lw-hourly-date\">Mai 3, 2026<\/span><\/span>\t\t\t<\/div>\n\t\t\t\t<div class=\"splw-forecast-icons max\">\n\t\t\t<img decoding=\"async\" src=\"https:\/\/cparici.com\/wp-content\/plugins\/location-weather-pro\/assets\/images\/icons\/weather-icons\/10d.svg\" class=\"weather-icon\" alt=\"weather icon\" title=\"light rain\" width=\"50\" height=\"50\">\t\t\t\t\t<\/div>\n\t\t\t\t\t<div class=\"splw-weather-details\">\n\t\t\t<span id=\"temperature\" data-tab-content class=\"temp-min-mex active\">\n\t\t\t<span class=lw-low-temp><span class=\"low\">14<\/span><span class=\"low-scale\">\u00b0<\/span><\/span><span class=\"lw-forecast-separator\"> \/ <\/span><span class=lw-high-temp><span class=\"high\">14<\/span><span class=\"high-scale\">\u00b0<\/span><span class=\"temperature-scale lw-metric\"><span data-scale=\"\u00b0C\" class=\"active lw-scale\">\u00b0C<\/span> <span class=\"separator\">|<\/span> <span data-scale=\"\u00b0F\" class=\" lw-scale\">\u00b0F<\/span><\/span><\/span>\t\t\t<\/span>\n\t\t\t<span id=\"precipitation\" data-tab-content class=\"temp-precipitation\">\n\t\t\t1 mm\t\t\t<\/span>\n\t\t\t<span id=\"rainchance\" data-tab-content class=\"temp-rainchance\">\n\t\t\t100%\t\t\t<\/span>\n\t\t\t<span id=\"wind\" data-tab-content class=\"temp-wind\">\n\t\t\t<span class=\"lw-wind-value\" data-imperial=\"4 mph\" data-metric=\"6 Km\/h\">6 Km\/h<\/span>\t\t\t<\/span>\n\t\t\t<span id=\"humidity\" data-tab-content class=\"temp-humidity\">\n\t\t\t90 %\t\t\t<\/span>\n\t\t\t<span id=\"pressure\" data-tab-content class=\"temp-pressure\">\n\t\t\t1017 hPa\t\t\t<\/span>\n\t\t\t<span id=\"snow\" data-tab-content class=\"temp-snow\">\n\t\t\t0 mm\/h\t\t\t<\/span>\n\t\t<\/div>\n\t\t\t<\/div>\n<!-- End forecast details area -->\n\t\t<!-- Forecast details html area start -->\n<div class=\"splw-forecast \">\n\t\t\t<div class=\"splw-forecast-time\">\n\t\t<span class=lw-days>So. Mai 26<\/span>\n\t\t<span class=\"lw-hourly-forecast-time\"><span>11:00 a.m.<\/span><span class=\"lw-hourly-date\">Mai 3, 2026<\/span><\/span>\t\t\t<\/div>\n\t\t\t\t<div class=\"splw-forecast-icons max\">\n\t\t\t<img decoding=\"async\" src=\"https:\/\/cparici.com\/wp-content\/plugins\/location-weather-pro\/assets\/images\/icons\/weather-icons\/10d.svg\" class=\"weather-icon\" alt=\"weather icon\" title=\"light rain\" width=\"50\" height=\"50\">\t\t\t\t\t<\/div>\n\t\t\t\t\t<div class=\"splw-weather-details\">\n\t\t\t<span id=\"temperature\" data-tab-content class=\"temp-min-mex active\">\n\t\t\t<span class=lw-low-temp><span class=\"low\">19<\/span><span class=\"low-scale\">\u00b0<\/span><\/span><span class=\"lw-forecast-separator\"> \/ <\/span><span class=lw-high-temp><span class=\"high\">19<\/span><span class=\"high-scale\">\u00b0<\/span><span class=\"temperature-scale lw-metric\"><span data-scale=\"\u00b0C\" class=\"active lw-scale\">\u00b0C<\/span> <span class=\"separator\">|<\/span> <span data-scale=\"\u00b0F\" class=\" lw-scale\">\u00b0F<\/span><\/span><\/span>\t\t\t<\/span>\n\t\t\t<span id=\"precipitation\" data-tab-content class=\"temp-precipitation\">\n\t\t\t1 mm\t\t\t<\/span>\n\t\t\t<span id=\"rainchance\" data-tab-content class=\"temp-rainchance\">\n\t\t\t100%\t\t\t<\/span>\n\t\t\t<span id=\"wind\" data-tab-content class=\"temp-wind\">\n\t\t\t<span class=\"lw-wind-value\" data-imperial=\"3 mph\" data-metric=\"4 Km\/h\">4 Km\/h<\/span>\t\t\t<\/span>\n\t\t\t<span id=\"humidity\" data-tab-content class=\"temp-humidity\">\n\t\t\t72 %\t\t\t<\/span>\n\t\t\t<span id=\"pressure\" data-tab-content class=\"temp-pressure\">\n\t\t\t1017 hPa\t\t\t<\/span>\n\t\t\t<span id=\"snow\" data-tab-content class=\"temp-snow\">\n\t\t\t0 mm\/h\t\t\t<\/span>\n\t\t<\/div>\n\t\t\t<\/div>\n<!-- End forecast details area -->\n\t\t<!-- Forecast details html area start -->\n<div class=\"splw-forecast \">\n\t\t\t<div class=\"splw-forecast-time\">\n\t\t<span class=lw-days>So. Mai 26<\/span>\n\t\t<span class=\"lw-hourly-forecast-time\"><span>2:00 p.m.<\/span><span class=\"lw-hourly-date\">Mai 3, 2026<\/span><\/span>\t\t\t<\/div>\n\t\t\t\t<div class=\"splw-forecast-icons max\">\n\t\t\t<img decoding=\"async\" src=\"https:\/\/cparici.com\/wp-content\/plugins\/location-weather-pro\/assets\/images\/icons\/weather-icons\/10d.svg\" class=\"weather-icon\" alt=\"weather icon\" title=\"light rain\" width=\"50\" height=\"50\">\t\t\t\t\t<\/div>\n\t\t\t\t\t<div class=\"splw-weather-details\">\n\t\t\t<span id=\"temperature\" data-tab-content class=\"temp-min-mex active\">\n\t\t\t<span class=lw-low-temp><span class=\"low\">20<\/span><span class=\"low-scale\">\u00b0<\/span><\/span><span class=\"lw-forecast-separator\"> \/ <\/span><span class=lw-high-temp><span class=\"high\">20<\/span><span class=\"high-scale\">\u00b0<\/span><span class=\"temperature-scale lw-metric\"><span data-scale=\"\u00b0C\" class=\"active lw-scale\">\u00b0C<\/span> <span class=\"separator\">|<\/span> <span data-scale=\"\u00b0F\" class=\" lw-scale\">\u00b0F<\/span><\/span><\/span>\t\t\t<\/span>\n\t\t\t<span id=\"precipitation\" data-tab-content class=\"temp-precipitation\">\n\t\t\t1 mm\t\t\t<\/span>\n\t\t\t<span id=\"rainchance\" data-tab-content class=\"temp-rainchance\">\n\t\t\t100%\t\t\t<\/span>\n\t\t\t<span id=\"wind\" data-tab-content class=\"temp-wind\">\n\t\t\t<span class=\"lw-wind-value\" data-imperial=\"3 mph\" data-metric=\"6 Km\/h\">6 Km\/h<\/span>\t\t\t<\/span>\n\t\t\t<span id=\"humidity\" data-tab-content class=\"temp-humidity\">\n\t\t\t62 %\t\t\t<\/span>\n\t\t\t<span id=\"pressure\" data-tab-content class=\"temp-pressure\">\n\t\t\t1017 hPa\t\t\t<\/span>\n\t\t\t<span id=\"snow\" data-tab-content class=\"temp-snow\">\n\t\t\t0 mm\/h\t\t\t<\/span>\n\t\t<\/div>\n\t\t\t<\/div>\n<!-- End forecast details area -->\n\t\t<!-- Forecast details html area start -->\n<div class=\"splw-forecast \">\n\t\t\t<div class=\"splw-forecast-time\">\n\t\t<span class=lw-days>So. Mai 26<\/span>\n\t\t<span class=\"lw-hourly-forecast-time\"><span>5:00 p.m.<\/span><span class=\"lw-hourly-date\">Mai 3, 2026<\/span><\/span>\t\t\t<\/div>\n\t\t\t\t<div class=\"splw-forecast-icons max\">\n\t\t\t<img decoding=\"async\" src=\"https:\/\/cparici.com\/wp-content\/plugins\/location-weather-pro\/assets\/images\/icons\/weather-icons\/10d.svg\" class=\"weather-icon\" alt=\"weather icon\" title=\"light rain\" width=\"50\" height=\"50\">\t\t\t\t\t<\/div>\n\t\t\t\t\t<div class=\"splw-weather-details\">\n\t\t\t<span id=\"temperature\" data-tab-content class=\"temp-min-mex active\">\n\t\t\t<span class=lw-low-temp><span class=\"low\">21<\/span><span class=\"low-scale\">\u00b0<\/span><\/span><span class=\"lw-forecast-separator\"> \/ <\/span><span class=lw-high-temp><span class=\"high\">21<\/span><span class=\"high-scale\">\u00b0<\/span><span class=\"temperature-scale lw-metric\"><span data-scale=\"\u00b0C\" class=\"active lw-scale\">\u00b0C<\/span> <span class=\"separator\">|<\/span> <span data-scale=\"\u00b0F\" class=\" lw-scale\">\u00b0F<\/span><\/span><\/span>\t\t\t<\/span>\n\t\t\t<span id=\"precipitation\" data-tab-content class=\"temp-precipitation\">\n\t\t\t0.2 mm\t\t\t<\/span>\n\t\t\t<span id=\"rainchance\" data-tab-content class=\"temp-rainchance\">\n\t\t\t20%\t\t\t<\/span>\n\t\t\t<span id=\"wind\" data-tab-content class=\"temp-wind\">\n\t\t\t<span class=\"lw-wind-value\" data-imperial=\"7 mph\" data-metric=\"12 Km\/h\">12 Km\/h<\/span>\t\t\t<\/span>\n\t\t\t<span id=\"humidity\" data-tab-content class=\"temp-humidity\">\n\t\t\t39 %\t\t\t<\/span>\n\t\t\t<span id=\"pressure\" data-tab-content class=\"temp-pressure\">\n\t\t\t1016 hPa\t\t\t<\/span>\n\t\t\t<span id=\"snow\" data-tab-content class=\"temp-snow\">\n\t\t\t0 mm\/h\t\t\t<\/span>\n\t\t<\/div>\n\t\t\t<\/div>\n<!-- End forecast details area -->\n\t\t<!-- Forecast details html area start -->\n<div class=\"splw-forecast \">\n\t\t\t<div class=\"splw-forecast-time\">\n\t\t<span class=lw-days>So. Mai 26<\/span>\n\t\t<span class=\"lw-hourly-forecast-time\"><span>8:00 p.m.<\/span><span class=\"lw-hourly-date\">Mai 3, 2026<\/span><\/span>\t\t\t<\/div>\n\t\t\t\t<div class=\"splw-forecast-icons max\">\n\t\t\t<img decoding=\"async\" src=\"https:\/\/cparici.com\/wp-content\/plugins\/location-weather-pro\/assets\/images\/icons\/weather-icons\/04d.svg\" class=\"weather-icon\" alt=\"weather icon\" title=\"overcast clouds\" width=\"50\" height=\"50\">\t\t\t\t\t<\/div>\n\t\t\t\t\t<div class=\"splw-weather-details\">\n\t\t\t<span id=\"temperature\" data-tab-content class=\"temp-min-mex active\">\n\t\t\t<span class=lw-low-temp><span class=\"low\">17<\/span><span class=\"low-scale\">\u00b0<\/span><\/span><span class=\"lw-forecast-separator\"> \/ <\/span><span class=lw-high-temp><span class=\"high\">17<\/span><span class=\"high-scale\">\u00b0<\/span><span class=\"temperature-scale lw-metric\"><span data-scale=\"\u00b0C\" class=\"active lw-scale\">\u00b0C<\/span> <span class=\"separator\">|<\/span> <span data-scale=\"\u00b0F\" class=\" lw-scale\">\u00b0F<\/span><\/span><\/span>\t\t\t<\/span>\n\t\t\t<span id=\"precipitation\" data-tab-content class=\"temp-precipitation\">\n\t\t\t0 mm\t\t\t<\/span>\n\t\t\t<span id=\"rainchance\" data-tab-content class=\"temp-rainchance\">\n\t\t\t0%\t\t\t<\/span>\n\t\t\t<span id=\"wind\" data-tab-content class=\"temp-wind\">\n\t\t\t<span class=\"lw-wind-value\" data-imperial=\"3 mph\" data-metric=\"5 Km\/h\">5 Km\/h<\/span>\t\t\t<\/span>\n\t\t\t<span id=\"humidity\" data-tab-content class=\"temp-humidity\">\n\t\t\t60 %\t\t\t<\/span>\n\t\t\t<span id=\"pressure\" data-tab-content class=\"temp-pressure\">\n\t\t\t1016 hPa\t\t\t<\/span>\n\t\t\t<span id=\"snow\" data-tab-content class=\"temp-snow\">\n\t\t\t0 mm\/h\t\t\t<\/span>\n\t\t<\/div>\n\t\t\t<\/div>\n<!-- End forecast details area -->\n\t\t<!-- Forecast details html area start -->\n<div class=\"splw-forecast \">\n\t\t\t<div class=\"splw-forecast-time\">\n\t\t<span class=lw-days>So. Mai 26<\/span>\n\t\t<span class=\"lw-hourly-forecast-time\"><span>11:00 p.m.<\/span><span class=\"lw-hourly-date\">Mai 3, 2026<\/span><\/span>\t\t\t<\/div>\n\t\t\t\t<div class=\"splw-forecast-icons max\">\n\t\t\t<img decoding=\"async\" src=\"https:\/\/cparici.com\/wp-content\/plugins\/location-weather-pro\/assets\/images\/icons\/weather-icons\/04n.svg\" class=\"weather-icon\" alt=\"weather icon\" title=\"overcast clouds\" width=\"50\" height=\"50\">\t\t\t\t\t<\/div>\n\t\t\t\t\t<div class=\"splw-weather-details\">\n\t\t\t<span id=\"temperature\" data-tab-content class=\"temp-min-mex active\">\n\t\t\t<span class=lw-low-temp><span class=\"low\">14<\/span><span class=\"low-scale\">\u00b0<\/span><\/span><span class=\"lw-forecast-separator\"> \/ <\/span><span class=lw-high-temp><span class=\"high\">14<\/span><span class=\"high-scale\">\u00b0<\/span><span class=\"temperature-scale lw-metric\"><span data-scale=\"\u00b0C\" class=\"active lw-scale\">\u00b0C<\/span> <span class=\"separator\">|<\/span> <span data-scale=\"\u00b0F\" class=\" lw-scale\">\u00b0F<\/span><\/span><\/span>\t\t\t<\/span>\n\t\t\t<span id=\"precipitation\" data-tab-content class=\"temp-precipitation\">\n\t\t\t0 mm\t\t\t<\/span>\n\t\t\t<span id=\"rainchance\" data-tab-content class=\"temp-rainchance\">\n\t\t\t0%\t\t\t<\/span>\n\t\t\t<span id=\"wind\" data-tab-content class=\"temp-wind\">\n\t\t\t<span class=\"lw-wind-value\" data-imperial=\"4 mph\" data-metric=\"6 Km\/h\">6 Km\/h<\/span>\t\t\t<\/span>\n\t\t\t<span id=\"humidity\" data-tab-content class=\"temp-humidity\">\n\t\t\t60 %\t\t\t<\/span>\n\t\t\t<span id=\"pressure\" data-tab-content class=\"temp-pressure\">\n\t\t\t1017 hPa\t\t\t<\/span>\n\t\t\t<span id=\"snow\" data-tab-content class=\"temp-snow\">\n\t\t\t0 mm\/h\t\t\t<\/span>\n\t\t<\/div>\n\t\t\t<\/div>\n<!-- End forecast details area -->\n\t\t<!-- Forecast details html area start -->\n<div class=\"splw-forecast \">\n\t\t\t<div class=\"splw-forecast-time\">\n\t\t<span class=lw-days>Mo. Mai 26<\/span>\n\t\t<span class=\"lw-hourly-forecast-time\"><span>2:00 a.m.<\/span><span class=\"lw-hourly-date\">Mai 4, 2026<\/span><\/span>\t\t\t<\/div>\n\t\t\t\t<div class=\"splw-forecast-icons max\">\n\t\t\t<img decoding=\"async\" src=\"https:\/\/cparici.com\/wp-content\/plugins\/location-weather-pro\/assets\/images\/icons\/weather-icons\/04n.svg\" class=\"weather-icon\" alt=\"weather icon\" title=\"overcast clouds\" width=\"50\" height=\"50\">\t\t\t\t\t<\/div>\n\t\t\t\t\t<div class=\"splw-weather-details\">\n\t\t\t<span id=\"temperature\" data-tab-content class=\"temp-min-mex active\">\n\t\t\t<span class=lw-low-temp><span class=\"low\">13<\/span><span class=\"low-scale\">\u00b0<\/span><\/span><span class=\"lw-forecast-separator\"> \/ <\/span><span class=lw-high-temp><span class=\"high\">13<\/span><span class=\"high-scale\">\u00b0<\/span><span class=\"temperature-scale lw-metric\"><span data-scale=\"\u00b0C\" class=\"active lw-scale\">\u00b0C<\/span> <span class=\"separator\">|<\/span> <span data-scale=\"\u00b0F\" class=\" lw-scale\">\u00b0F<\/span><\/span><\/span>\t\t\t<\/span>\n\t\t\t<span id=\"precipitation\" data-tab-content class=\"temp-precipitation\">\n\t\t\t0 mm\t\t\t<\/span>\n\t\t\t<span id=\"rainchance\" data-tab-content class=\"temp-rainchance\">\n\t\t\t0%\t\t\t<\/span>\n\t\t\t<span id=\"wind\" data-tab-content class=\"temp-wind\">\n\t\t\t<span class=\"lw-wind-value\" data-imperial=\"5 mph\" data-metric=\"8 Km\/h\">8 Km\/h<\/span>\t\t\t<\/span>\n\t\t\t<span id=\"humidity\" data-tab-content class=\"temp-humidity\">\n\t\t\t67 %\t\t\t<\/span>\n\t\t\t<span id=\"pressure\" data-tab-content class=\"temp-pressure\">\n\t\t\t1016 hPa\t\t\t<\/span>\n\t\t\t<span id=\"snow\" data-tab-content class=\"temp-snow\">\n\t\t\t0 mm\/h\t\t\t<\/span>\n\t\t<\/div>\n\t\t\t<\/div>\n<!-- End forecast details area -->\n\t\t<!-- Forecast details html area start -->\n<div class=\"splw-forecast \">\n\t\t\t<div class=\"splw-forecast-time\">\n\t\t<span class=lw-days>Mo. Mai 26<\/span>\n\t\t<span class=\"lw-hourly-forecast-time\"><span>5:00 a.m.<\/span><span class=\"lw-hourly-date\">Mai 4, 2026<\/span><\/span>\t\t\t<\/div>\n\t\t\t\t<div class=\"splw-forecast-icons max\">\n\t\t\t<img decoding=\"async\" src=\"https:\/\/cparici.com\/wp-content\/plugins\/location-weather-pro\/assets\/images\/icons\/weather-icons\/04n.svg\" class=\"weather-icon\" alt=\"weather icon\" title=\"overcast clouds\" width=\"50\" height=\"50\">\t\t\t\t\t<\/div>\n\t\t\t\t\t<div class=\"splw-weather-details\">\n\t\t\t<span id=\"temperature\" data-tab-content class=\"temp-min-mex active\">\n\t\t\t<span class=lw-low-temp><span class=\"low\">12<\/span><span class=\"low-scale\">\u00b0<\/span><\/span><span class=\"lw-forecast-separator\"> \/ <\/span><span class=lw-high-temp><span class=\"high\">12<\/span><span class=\"high-scale\">\u00b0<\/span><span class=\"temperature-scale lw-metric\"><span data-scale=\"\u00b0C\" class=\"active lw-scale\">\u00b0C<\/span> <span class=\"separator\">|<\/span> <span data-scale=\"\u00b0F\" class=\" lw-scale\">\u00b0F<\/span><\/span><\/span>\t\t\t<\/span>\n\t\t\t<span id=\"precipitation\" data-tab-content class=\"temp-precipitation\">\n\t\t\t0 mm\t\t\t<\/span>\n\t\t\t<span id=\"rainchance\" data-tab-content class=\"temp-rainchance\">\n\t\t\t0%\t\t\t<\/span>\n\t\t\t<span id=\"wind\" data-tab-content class=\"temp-wind\">\n\t\t\t<span class=\"lw-wind-value\" data-imperial=\"4 mph\" data-metric=\"6 Km\/h\">6 Km\/h<\/span>\t\t\t<\/span>\n\t\t\t<span id=\"humidity\" data-tab-content class=\"temp-humidity\">\n\t\t\t70 %\t\t\t<\/span>\n\t\t\t<span id=\"pressure\" data-tab-content class=\"temp-pressure\">\n\t\t\t1016 hPa\t\t\t<\/span>\n\t\t\t<span id=\"snow\" data-tab-content class=\"temp-snow\">\n\t\t\t0 mm\/h\t\t\t<\/span>\n\t\t<\/div>\n\t\t\t<\/div>\n<!-- End forecast details area -->\n\t\t<!-- Forecast details html area start -->\n<div class=\"splw-forecast \">\n\t\t\t<div class=\"splw-forecast-time\">\n\t\t<span class=lw-days>Mo. Mai 26<\/span>\n\t\t<span class=\"lw-hourly-forecast-time\"><span>8:00 a.m.<\/span><span class=\"lw-hourly-date\">Mai 4, 2026<\/span><\/span>\t\t\t<\/div>\n\t\t\t\t<div class=\"splw-forecast-icons max\">\n\t\t\t<img decoding=\"async\" src=\"https:\/\/cparici.com\/wp-content\/plugins\/location-weather-pro\/assets\/images\/icons\/weather-icons\/04d.svg\" class=\"weather-icon\" alt=\"weather icon\" title=\"overcast clouds\" width=\"50\" height=\"50\">\t\t\t\t\t<\/div>\n\t\t\t\t\t<div class=\"splw-weather-details\">\n\t\t\t<span id=\"temperature\" data-tab-content class=\"temp-min-mex active\">\n\t\t\t<span class=lw-low-temp><span class=\"low\">15<\/span><span class=\"low-scale\">\u00b0<\/span><\/span><span class=\"lw-forecast-separator\"> \/ <\/span><span class=lw-high-temp><span class=\"high\">15<\/span><span class=\"high-scale\">\u00b0<\/span><span class=\"temperature-scale lw-metric\"><span data-scale=\"\u00b0C\" class=\"active lw-scale\">\u00b0C<\/span> <span class=\"separator\">|<\/span> <span data-scale=\"\u00b0F\" class=\" lw-scale\">\u00b0F<\/span><\/span><\/span>\t\t\t<\/span>\n\t\t\t<span id=\"precipitation\" data-tab-content class=\"temp-precipitation\">\n\t\t\t0 mm\t\t\t<\/span>\n\t\t\t<span id=\"rainchance\" data-tab-content class=\"temp-rainchance\">\n\t\t\t0%\t\t\t<\/span>\n\t\t\t<span id=\"wind\" data-tab-content class=\"temp-wind\">\n\t\t\t<span class=\"lw-wind-value\" data-imperial=\"2 mph\" data-metric=\"3 Km\/h\">3 Km\/h<\/span>\t\t\t<\/span>\n\t\t\t<span id=\"humidity\" data-tab-content class=\"temp-humidity\">\n\t\t\t64 %\t\t\t<\/span>\n\t\t\t<span id=\"pressure\" data-tab-content class=\"temp-pressure\">\n\t\t\t1016 hPa\t\t\t<\/span>\n\t\t\t<span id=\"snow\" data-tab-content class=\"temp-snow\">\n\t\t\t0 mm\/h\t\t\t<\/span>\n\t\t<\/div>\n\t\t\t<\/div>\n<!-- End forecast details area -->\n\t\t<!-- Forecast details html area start -->\n<div class=\"splw-forecast \">\n\t\t\t<div class=\"splw-forecast-time\">\n\t\t<span class=lw-days>Mo. Mai 26<\/span>\n\t\t<span class=\"lw-hourly-forecast-time\"><span>11:00 a.m.<\/span><span class=\"lw-hourly-date\">Mai 4, 2026<\/span><\/span>\t\t\t<\/div>\n\t\t\t\t<div class=\"splw-forecast-icons max\">\n\t\t\t<img decoding=\"async\" src=\"https:\/\/cparici.com\/wp-content\/plugins\/location-weather-pro\/assets\/images\/icons\/weather-icons\/04d.svg\" class=\"weather-icon\" alt=\"weather icon\" title=\"overcast clouds\" width=\"50\" height=\"50\">\t\t\t\t\t<\/div>\n\t\t\t\t\t<div class=\"splw-weather-details\">\n\t\t\t<span id=\"temperature\" data-tab-content class=\"temp-min-mex active\">\n\t\t\t<span class=lw-low-temp><span class=\"low\">21<\/span><span class=\"low-scale\">\u00b0<\/span><\/span><span class=\"lw-forecast-separator\"> \/ <\/span><span class=lw-high-temp><span class=\"high\">21<\/span><span class=\"high-scale\">\u00b0<\/span><span class=\"temperature-scale lw-metric\"><span data-scale=\"\u00b0C\" class=\"active lw-scale\">\u00b0C<\/span> <span class=\"separator\">|<\/span> <span data-scale=\"\u00b0F\" class=\" lw-scale\">\u00b0F<\/span><\/span><\/span>\t\t\t<\/span>\n\t\t\t<span id=\"precipitation\" data-tab-content class=\"temp-precipitation\">\n\t\t\t0 mm\t\t\t<\/span>\n\t\t\t<span id=\"rainchance\" data-tab-content class=\"temp-rainchance\">\n\t\t\t0%\t\t\t<\/span>\n\t\t\t<span id=\"wind\" data-tab-content class=\"temp-wind\">\n\t\t\t<span class=\"lw-wind-value\" data-imperial=\"2 mph\" data-metric=\"4 Km\/h\">4 Km\/h<\/span>\t\t\t<\/span>\n\t\t\t<span id=\"humidity\" data-tab-content class=\"temp-humidity\">\n\t\t\t42 %\t\t\t<\/span>\n\t\t\t<span id=\"pressure\" data-tab-content class=\"temp-pressure\">\n\t\t\t1015 hPa\t\t\t<\/span>\n\t\t\t<span id=\"snow\" data-tab-content class=\"temp-snow\">\n\t\t\t0 mm\/h\t\t\t<\/span>\n\t\t<\/div>\n\t\t\t<\/div>\n<!-- End forecast details area -->\n\t\t<!-- Forecast details html area start -->\n<div class=\"splw-forecast \">\n\t\t\t<div class=\"splw-forecast-time\">\n\t\t<span class=lw-days>Mo. Mai 26<\/span>\n\t\t<span class=\"lw-hourly-forecast-time\"><span>2:00 p.m.<\/span><span class=\"lw-hourly-date\">Mai 4, 2026<\/span><\/span>\t\t\t<\/div>\n\t\t\t\t<div class=\"splw-forecast-icons max\">\n\t\t\t<img decoding=\"async\" src=\"https:\/\/cparici.com\/wp-content\/plugins\/location-weather-pro\/assets\/images\/icons\/weather-icons\/04d.svg\" class=\"weather-icon\" alt=\"weather icon\" title=\"overcast clouds\" width=\"50\" height=\"50\">\t\t\t\t\t<\/div>\n\t\t\t\t\t<div class=\"splw-weather-details\">\n\t\t\t<span id=\"temperature\" data-tab-content class=\"temp-min-mex active\">\n\t\t\t<span class=lw-low-temp><span class=\"low\">23<\/span><span class=\"low-scale\">\u00b0<\/span><\/span><span class=\"lw-forecast-separator\"> \/ <\/span><span class=lw-high-temp><span class=\"high\">23<\/span><span class=\"high-scale\">\u00b0<\/span><span class=\"temperature-scale lw-metric\"><span data-scale=\"\u00b0C\" class=\"active lw-scale\">\u00b0C<\/span> <span class=\"separator\">|<\/span> <span data-scale=\"\u00b0F\" class=\" lw-scale\">\u00b0F<\/span><\/span><\/span>\t\t\t<\/span>\n\t\t\t<span id=\"precipitation\" data-tab-content class=\"temp-precipitation\">\n\t\t\t0 mm\t\t\t<\/span>\n\t\t\t<span id=\"rainchance\" data-tab-content class=\"temp-rainchance\">\n\t\t\t0%\t\t\t<\/span>\n\t\t\t<span id=\"wind\" data-tab-content class=\"temp-wind\">\n\t\t\t<span class=\"lw-wind-value\" data-imperial=\"5 mph\" data-metric=\"8 Km\/h\">8 Km\/h<\/span>\t\t\t<\/span>\n\t\t\t<span id=\"humidity\" data-tab-content class=\"temp-humidity\">\n\t\t\t36 %\t\t\t<\/span>\n\t\t\t<span id=\"pressure\" data-tab-content class=\"temp-pressure\">\n\t\t\t1013 hPa\t\t\t<\/span>\n\t\t\t<span id=\"snow\" data-tab-content class=\"temp-snow\">\n\t\t\t0 mm\/h\t\t\t<\/span>\n\t\t<\/div>\n\t\t\t<\/div>\n<!-- End forecast details area -->\n\t\t<!-- Forecast details html area start -->\n<div class=\"splw-forecast \">\n\t\t\t<div class=\"splw-forecast-time\">\n\t\t<span class=lw-days>Mo. Mai 26<\/span>\n\t\t<span class=\"lw-hourly-forecast-time\"><span>5:00 p.m.<\/span><span class=\"lw-hourly-date\">Mai 4, 2026<\/span><\/span>\t\t\t<\/div>\n\t\t\t\t<div class=\"splw-forecast-icons max\">\n\t\t\t<img decoding=\"async\" src=\"https:\/\/cparici.com\/wp-content\/plugins\/location-weather-pro\/assets\/images\/icons\/weather-icons\/04d.svg\" class=\"weather-icon\" alt=\"weather icon\" title=\"overcast clouds\" width=\"50\" height=\"50\">\t\t\t\t\t<\/div>\n\t\t\t\t\t<div class=\"splw-weather-details\">\n\t\t\t<span id=\"temperature\" data-tab-content class=\"temp-min-mex active\">\n\t\t\t<span class=lw-low-temp><span class=\"low\">23<\/span><span class=\"low-scale\">\u00b0<\/span><\/span><span class=\"lw-forecast-separator\"> \/ <\/span><span class=lw-high-temp><span class=\"high\">23<\/span><span class=\"high-scale\">\u00b0<\/span><span class=\"temperature-scale lw-metric\"><span data-scale=\"\u00b0C\" class=\"active lw-scale\">\u00b0C<\/span> <span class=\"separator\">|<\/span> <span data-scale=\"\u00b0F\" class=\" lw-scale\">\u00b0F<\/span><\/span><\/span>\t\t\t<\/span>\n\t\t\t<span id=\"precipitation\" data-tab-content class=\"temp-precipitation\">\n\t\t\t0 mm\t\t\t<\/span>\n\t\t\t<span id=\"rainchance\" data-tab-content class=\"temp-rainchance\">\n\t\t\t0%\t\t\t<\/span>\n\t\t\t<span id=\"wind\" data-tab-content class=\"temp-wind\">\n\t\t\t<span class=\"lw-wind-value\" data-imperial=\"5 mph\" data-metric=\"9 Km\/h\">9 Km\/h<\/span>\t\t\t<\/span>\n\t\t\t<span id=\"humidity\" data-tab-content class=\"temp-humidity\">\n\t\t\t39 %\t\t\t<\/span>\n\t\t\t<span id=\"pressure\" data-tab-content class=\"temp-pressure\">\n\t\t\t1012 hPa\t\t\t<\/span>\n\t\t\t<span id=\"snow\" data-tab-content class=\"temp-snow\">\n\t\t\t0 mm\/h\t\t\t<\/span>\n\t\t<\/div>\n\t\t\t<\/div>\n<!-- End forecast details area -->\n\t\t<\/div>\n\t<\/div>\t\t\t<\/div>\n\t\t<\/div>\n\t\t\t\t\t<div class=\"lw-footer\">\n<!-- weather detailed and updated html area start -->\n\t<!-- weather detailed and updated html area end -->\n<!-- weather attribute html area start -->\n\t\t<div class=\"splw-weather-attribution\">\n\t\t\t\t\tWeather from OpenWeatherMap\t\t\t<\/div>\n<!-- weather attribute html area end -->\n<\/div>\n<!-- weather attribute html area end -->\n\t<\/div>\n<\/div>\n<\/p><h3 data-start=\"847\" data-end=\"871\">\u00c9t\u00e9 et saison chaude<\/h3><p data-start=\"872\" data-end=\"954\"><span class=\"relative -mx-px my-[-0.2rem] rounded px-px py-[0.2rem] transition-colors duration-100 ease-in-out\">La saison chaude s\u2019\u00e9tend d\u2019environ d\u00e9but juin \u00e0 mi\u2011septembre, soit pr\u00e8s de 3,3\u202fmois<\/span><\/p><ul data-start=\"955\" data-end=\"1207\"><li data-start=\"955\" data-end=\"1039\"><p data-start=\"957\" data-end=\"1039\"><span class=\"relative -mx-px my-[-0.2rem] rounded px-px py-[0.2rem] transition-colors duration-100 ease-in-out\">Les <strong data-start=\"4\" data-end=\"39\">temp\u00e9ratures moyennes estivales<\/strong> oscillent entre <strong data-start=\"56\" data-end=\"74\">23\u202f\u00b0C et 26\u202f\u00b0C<\/strong>, avec des maximales fr\u00e9quentes sup\u00e9rieures \u00e0 30\u202f\u00b0C durant les vagues de chaleur<\/span><\/p><\/li><li data-start=\"1040\" data-end=\"1124\"><p data-start=\"1042\" data-end=\"1124\"><span class=\"relative -mx-px my-[-0.2rem] rounded px-px py-[0.2rem] transition-colors duration-100 ease-in-out\">Les <strong data-start=\"4\" data-end=\"23\">orages estivaux<\/strong> sont mod\u00e9r\u00e9s, surtout en fin d\u2019apr\u00e8s-midi, apportant une certaine humidit\u00e9 ponctuelle<\/span><\/p><\/li><li data-start=\"1125\" data-end=\"1207\"><p data-start=\"1127\" data-end=\"1207\"><span class=\"relative -mx-px my-[-0.2rem] rounded px-px py-[0.2rem] transition-colors duration-100 ease-in-out\">Un atout majeur : <strong data-start=\"18\" data-end=\"63\">le micro\u2011climat sec d\u00fb \u00e0 l\u2019effet de foehn<\/strong> produit par les Vosges, rendant l\u2019air plus chaud et moins humide, id\u00e9al pour la vigne<\/span><\/p><\/li><\/ul><h3 data-start=\"1209\" data-end=\"1235\">Hiver et saison froide<\/h3><p data-start=\"1236\" data-end=\"1318\"><span class=\"relative -mx-px my-[-0.2rem] rounded px-px py-[0.2rem] transition-colors duration-100 ease-in-out\">La saison froide dure environ 3,5\u202fmois, de mi\u2011novembre \u00e0 d\u00e9but mars<\/span><\/p><ul data-start=\"1319\" data-end=\"1571\"><li data-start=\"1319\" data-end=\"1403\"><p data-start=\"1321\" data-end=\"1403\"><span class=\"relative -mx-px my-[-0.2rem] rounded px-px py-[0.2rem] transition-colors duration-100 ease-in-out\"><strong data-start=\"0\" data-end=\"34\" data-is-only-node=\"\">Temp\u00e9rature moyenne en janvier<\/strong> : max 5\u202f\u00b0C, mini \u20131\u202f\u00b0C<\/span><\/p><\/li><li data-start=\"1404\" data-end=\"1488\"><p data-start=\"1406\" data-end=\"1488\"><span class=\"relative -mx-px my-[-0.2rem] rounded px-px py-[0.2rem] transition-colors duration-100 ease-in-out\">Les <strong data-start=\"4\" data-end=\"24\">hivers sont secs<\/strong>\u202f: pr\u00e9cipitations faibles (~556\u202fmm par an) et jours de neige peu fr\u00e9quents<\/span><\/p><\/li><li data-start=\"1489\" data-end=\"1571\"><p data-start=\"1491\" data-end=\"1571\"><span class=\"relative -mx-px my-[-0.2rem] rounded px-px py-[0.2rem] transition-colors duration-100 ease-in-out\">Un facteur favorable : <strong data-start=\"23\" data-end=\"44\">le soleil d\u2019hiver<\/strong>, plus pr\u00e9sent qu\u2019ailleurs gr\u00e2ce \u00e0 la plaine d\u2019Alsace prot\u00e9g\u00e9e des brumes<\/span><\/p><\/li><\/ul><figure id=\"attachment_67010\" aria-describedby=\"caption-attachment-67010\" style=\"width: 1500px\" class=\"wp-caption aligncenter\"><a href=\"https:\/\/cparici.com\/wp-content\/uploads\/2024\/09\/cparici-2.jpg\"><img decoding=\"async\" class=\"wp-image-67010 size-full\" src=\"https:\/\/cparici.com\/wp-content\/uploads\/2024\/09\/cparici-2.jpg\" alt=\"m\u00e9t\u00e9o Colmar\" width=\"1500\" height=\"530\" srcset=\"https:\/\/cparici.com\/wp-content\/uploads\/2024\/09\/cparici-2.jpg 1500w, https:\/\/cparici.com\/wp-content\/uploads\/2024\/09\/cparici-2-300x106.jpg 300w, https:\/\/cparici.com\/wp-content\/uploads\/2024\/09\/cparici-2-1024x362.jpg 1024w, https:\/\/cparici.com\/wp-content\/uploads\/2024\/09\/cparici-2-768x271.jpg 768w, https:\/\/cparici.com\/wp-content\/uploads\/2024\/09\/cparici-2-18x6.jpg 18w, https:\/\/cparici.com\/wp-content\/uploads\/2024\/09\/cparici-2-590x208.jpg 590w, https:\/\/cparici.com\/wp-content\/uploads\/2024\/09\/cparici-2-1200x424.jpg 1200w, https:\/\/cparici.com\/wp-content\/uploads\/2024\/09\/cparici-2-577x204.jpg 577w, https:\/\/cparici.com\/wp-content\/uploads\/2024\/09\/cparici-2-600x212.jpg 600w\" sizes=\"(max-width: 1500px) 100vw, 1500px\" \/><\/a><figcaption id=\"caption-attachment-67010\" class=\"wp-caption-text\">m\u00e9t\u00e9o Colmar<\/figcaption><\/figure><h2 data-start=\"1578\" data-end=\"1604\"><span class=\"ez-toc-section\" id=\"Elements_cles_du_climat\"><\/span>\u00c9l\u00e9ments cl\u00e9s du climat<span class=\"ez-toc-section-end\"><\/span><\/h2><ul data-start=\"1606\" data-end=\"1943\"><li data-start=\"1606\" data-end=\"1690\"><p data-start=\"1608\" data-end=\"1690\"><span class=\"relative -mx-px my-[-0.2rem] rounded px-px py-[0.2rem] transition-colors duration-100 ease-in-out\"><strong data-start=\"0\" data-end=\"32\" data-is-only-node=\"\">Temp\u00e9rature annuelle moyenne<\/strong> : \u224810,4\u202f\u00b0C<\/span><\/p><\/li><li data-start=\"1691\" data-end=\"1775\"><p data-start=\"1693\" data-end=\"1775\"><span class=\"relative -mx-px my-[-0.2rem] rounded px-px py-[0.2rem] transition-colors duration-100 ease-in-out\"><strong data-start=\"0\" data-end=\"23\" data-is-only-node=\"\">Amplitude thermique<\/strong> : extr\u00eames de \u20131\u202f\u00b0C \u00e0 +26\u202f\u00b0C, records entre \u201324\u202f\u00b0C et +41\u202f\u00b0C<\/span><\/p><\/li><li data-start=\"1776\" data-end=\"1860\"><p data-start=\"1778\" data-end=\"1860\"><span class=\"relative -mx-px my-[-0.2rem] rounded px-px py-[0.2rem] transition-colors duration-100 ease-in-out\"><strong data-start=\"0\" data-end=\"28\" data-is-only-node=\"\">Pr\u00e9cipitations annuelles<\/strong> : ~556\u202fmm, avec un pic en mai\u2011juin (\u224868\u202fmm en juin)<\/span> .<\/p><\/li><li data-start=\"1861\" data-end=\"1943\"><p data-start=\"1863\" data-end=\"1943\"><span class=\"relative -mx-px my-[-0.2rem] rounded px-px py-[0.2rem] transition-colors duration-100 ease-in-out\"><strong data-start=\"0\" data-end=\"24\" data-is-only-node=\"\">Ensoleillement \u00e9lev\u00e9<\/strong> : la p\u00e9riode la plus lumineuse s\u2019\u00e9tend de mai \u00e0 ao\u00fbt (226\u2013239\u202fh\/mois), favorisant le tourisme et la viticulture<\/span> .<\/p><\/li><\/ul><h2 data-start=\"1950\" data-end=\"1971\"><span class=\"ez-toc-section\" id=\"Synthese_rapide\"><\/span>Synth\u00e8se rapide<span class=\"ez-toc-section-end\"><\/span><\/h2><p data-start=\"1973\" data-end=\"2012\"><span class=\"relative -mx-px my-[-0.2rem] rounded px-px py-[0.2rem] transition-colors duration-100 ease-in-out\">Colmar jouit d\u2019un <strong data-start=\"18\" data-end=\"46\">climat ensoleill\u00e9 et sec<\/strong>, gr\u00e2ce \u00e0 la protection des Vosges, avec des <strong data-start=\"91\" data-end=\"118\">\u00e9t\u00e9 chauds et agr\u00e9ables<\/strong>, des <strong data-start=\"124\" data-end=\"153\">hiver frais mais lumineux<\/strong>, et des pr\u00e9cipitations mod\u00e9r\u00e9es. Ce climat exceptionnel explique la renomm\u00e9e de son vignoble et son attrait touristique entre fin mai et septembre.<\/span><\/p><h2 data-start=\"2019\" data-end=\"2033\"><span class=\"ez-toc-section\" id=\"En_resume\"><\/span>En r\u00e9sum\u00e9<span class=\"ez-toc-section-end\"><\/span><\/h2><div class=\"_tableContainer_16hzy_1\"><div class=\"_tableWrapper_16hzy_14 group flex w-fit flex-col-reverse\" tabindex=\"-1\"><table class=\"w-fit min-w-(--thread-content-width)\" data-start=\"2034\" data-end=\"2365\"><thead data-start=\"2034\" data-end=\"2077\"><tr data-start=\"2034\" data-end=\"2077\"><th data-start=\"2034\" data-end=\"2043\" data-col-size=\"sm\">Saison<\/th><th data-start=\"2043\" data-end=\"2058\" data-col-size=\"sm\">Temp\u00e9ratures<\/th><th data-start=\"2058\" data-end=\"2067\" data-col-size=\"sm\">Climat<\/th><th data-start=\"2067\" data-end=\"2077\" data-col-size=\"sm\">Atouts<\/th><\/tr><\/thead><tbody data-start=\"2096\" data-end=\"2365\"><tr data-start=\"2096\" data-end=\"2229\"><td data-start=\"2096\" data-end=\"2102\" data-col-size=\"sm\">\u00c9t\u00e9<\/td><td data-start=\"2102\" data-end=\"2144\" data-col-size=\"sm\"><span class=\"relative -mx-px my-[-0.2rem] rounded px-px py-[0.2rem] transition-colors duration-100 ease-in-out\">23\u201326\u202f\u00b0C (max >30\u202f\u00b0C)<\/span><\/td><td data-col-size=\"sm\" data-start=\"2144\" data-end=\"2186\"><span class=\"relative -mx-px my-[-0.2rem] rounded px-px py-[0.2rem] transition-colors duration-100 ease-in-out\">Chaud, sec, orageux mod\u00e9r\u00e9ment<\/span><\/td><td data-col-size=\"sm\" data-start=\"2186\" data-end=\"2229\"><span class=\"relative -mx-px my-[-0.2rem] rounded px-px py-[0.2rem] transition-colors duration-100 ease-in-out\">Ensoleillement, id\u00e9al pour vin<\/span><\/td><\/tr><tr data-start=\"2230\" data-end=\"2365\"><td data-start=\"2230\" data-end=\"2238\" data-col-size=\"sm\">Hiver<\/td><td data-start=\"2238\" data-end=\"2280\" data-col-size=\"sm\"><span class=\"relative -mx-px my-[-0.2rem] rounded px-px py-[0.2rem] transition-colors duration-100 ease-in-out\">\u20131\u202f\u00b0C \u00e0 5\u202f\u00b0C<\/span><\/td><td data-start=\"2280\" data-end=\"2322\" data-col-size=\"sm\"><span class=\"relative -mx-px my-[-0.2rem] rounded px-px py-[0.2rem] transition-colors duration-100 ease-in-out\">Froid, peu humide, lumineux<\/span><\/td><td data-col-size=\"sm\" data-start=\"2322\" data-end=\"2365\"><span class=\"relative -mx-px my-[-0.2rem] rounded px-px py-[0.2rem] transition-colors duration-100 ease-in-out\">Moins de brume, neige rare<\/span><\/td><\/tr><\/tbody><\/table><div class=\"sticky end-(--thread-content-margin) h-0 self-end select-none\"><div class=\"absolute end-0 flex items-end\">\u00a0<\/div><\/div><\/div><\/div><p data-start=\"2372\" data-end=\"2451\"><span class=\"relative -mx-px my-[-0.2rem] rounded px-px py-[0.2rem] transition-colors duration-100 ease-in-out\">Ce climat fait de <strong data-start=\"18\" data-end=\"28\">Colmar<\/strong> une ville attrayante toute l\u2019ann\u00e9e\u202f: chaleureuse en \u00e9t\u00e9, fra\u00eeche mais ensoleill\u00e9e en hiver.<\/span><\/p><h2><span class=\"ez-toc-section\" id=\"Conclusion\"><\/span>Conclusion<span class=\"ez-toc-section-end\"><\/span><\/h2><p>Colmar, avec son charme captivant, son riche pass\u00e9, sa culture vibrante et sa gastronomie exquise, promet une exp\u00e9rience inoubliable. Que votre escapade soit motiv\u00e9e par le d\u00e9sir de romantisme, de d\u00e9couverte culturelle, de plaisirs culinaires ou de festivit\u00e9s, Colmar r\u00e9pondra \u00e0 toutes vos attentes.<\/p><p>D\u00e9couvrez les quartiers charmants de la vieille ville, visitez les mus\u00e9es embl\u00e9matiques, \u00e9merveillez-vous devant les march\u00e9s de No\u00ebl enchant\u00e9s et explorez les vignobles environnants. Choisissez parmi une vari\u00e9t\u00e9 d\u2019h\u00f4tels \u00e0 Colmar, tous garantissant confort et service de premi\u00e8re classe. Ne tardez pas, r\u00e9servez votre s\u00e9jour \u00e0 Colmar d\u00e8s maintenant pour vivre une aventure m\u00e9morable au c\u0153ur de l\u2019Alsace !<\/p><h2><span class=\"ez-toc-section\" id=\"FAQ\"><\/span>FAQ<span class=\"ez-toc-section-end\"><\/span><\/h2><h3 data-start=\"86\" data-end=\"141\">Que faire \u00e0 Colmar? 10 exp\u00e9riences incontournables \u00e0 vivre \u00e0 Colmar<\/h3><h4 data-start=\"143\" data-end=\"185\">1. Fl\u00e2ner dans la Petite Venise<\/h4><p data-start=\"186\" data-end=\"262\"><span class=\"relative -mx-px my-[-0.2rem] rounded px-px py-[0.2rem] transition-colors duration-100 ease-in-out\">Commencez par <strong data-start=\"14\" data-end=\"34\">la Petite Venise<\/strong>, ce quartier embl\u00e9matique aux <strong data-start=\"65\" data-end=\"89\">maisons \u00e0 colombages<\/strong> charmantes bordant le canal. Ses ruelles pittoresques offrent un cadre de conte de f\u00e9es\u202f; une balade au bord de l\u2019eau vous transporte dans une atmosph\u00e8re hors du temps<\/span><\/p><h4 data-start=\"264\" data-end=\"319\">2. Embarquer pour une croisi\u00e8re sur la Lauch<\/h4><p data-start=\"320\" data-end=\"396\"><span class=\"relative -mx-px my-[-0.2rem] rounded px-px py-[0.2rem] transition-colors duration-100 ease-in-out\">Admirez Colmar depuis l\u2019eau en montant \u00e0 bord d\u2019une <strong data-start=\"52\" data-end=\"77\">barque traditionnelle<\/strong>\u202f: balade relaxante et explications sur l\u2019histoire des anciens m\u00e9tiers du quartier<\/span><\/p><h4 data-start=\"398\" data-end=\"437\">3. Explorer la Vieille Ville<\/h4><p data-start=\"438\" data-end=\"514\"><span class=\"relative -mx-px my-[-0.2rem] rounded px-px py-[0.2rem] transition-colors duration-100 ease-in-out\">Perdez-vous dans le <strong data-start=\"20\" data-end=\"41\">centre historique<\/strong>, entre <strong data-start=\"49\" data-end=\"64\">rues pav\u00e9es<\/strong>, place de la Cath\u00e9drale, maisons de la Renaissance comme la Maison Pfister et la Maison des T\u00eates, v\u00e9ritables joyaux d\u2019architecture<\/span><\/p><h4 data-start=\"516\" data-end=\"564\">4. Admirer la Coll\u00e9giale Saint\u2011Martin<\/h4><p data-start=\"565\" data-end=\"641\"><span class=\"relative -mx-px my-[-0.2rem] rounded px-px py-[0.2rem] transition-colors duration-100 ease-in-out\">Faites un arr\u00eat \u00e0 l\u2019<strong data-start=\"20\" data-end=\"52\">\u00e9glise gothique Saint\u2011Martin<\/strong>, consid\u00e9r\u00e9e comme \u00ab\u202fla cath\u00e9drale\u202f\u00bb de Colmar. Elle date du XIII\u1d49\u2013XIV\u1d49\u202fsi\u00e8cle et d\u00e9voile de magnifiques vitraux<\/span><\/p><h4 data-start=\"643\" data-end=\"687\">5. D\u00e9couvrir le mus\u00e9e Unterlinden<\/h4><p data-start=\"688\" data-end=\"768\"><span class=\"relative -mx-px my-[-0.2rem] rounded px-px py-[0.2rem] transition-colors duration-100 ease-in-out\">Visitez ce mus\u00e9e embl\u00e9matique, abritant notamment l\u2019<strong data-start=\"52\" data-end=\"73\">Autel d\u2019Issenheim<\/strong>, chef\u2011d\u2019\u0153uvre de la peinture religieuse du XVI\u1d49 si\u00e8cle. C\u2019est un incontournable pour les amateurs d\u2019art<\/span> .<\/p><h4 data-start=\"770\" data-end=\"819\">6. Plonger dans l\u2019univers de Bartholdi<\/h4><p data-start=\"820\" data-end=\"900\"><span class=\"relative -mx-px my-[-0.2rem] rounded px-px py-[0.2rem] transition-colors duration-100 ease-in-out\">Rendez hommage \u00e0 <strong data-start=\"17\" data-end=\"38\">Auguste Bartholdi<\/strong> (\u2202e la Statue de la Libert\u00e9) en visitant son mus\u00e9e dans sa maison natale, rue des Marchands. Le mus\u00e9e pr\u00e9sente ses maquettes et statues, dont <em data-start=\"181\" data-end=\"211\" data-is-last-node=\"\">Les Grands Soutiens du monde<\/em><\/span><\/p><h4 data-start=\"902\" data-end=\"951\">7. Go\u00fbter l\u2019ambiance du march\u00e9 couvert<\/h4><p data-start=\"952\" data-end=\"1032\"><span class=\"relative -mx-px my-[-0.2rem] rounded px-px py-[0.2rem] transition-colors duration-100 ease-in-out\">Fl\u00e2nez au <strong data-start=\"10\" data-end=\"28\">march\u00e9 couvert<\/strong> (date de 1865) pour d\u00e9guster des produits locaux\u202f: fromages, charcuteries, pains et p\u00e2tisseries alsaciennes. Id\u00e9al pour go\u00fbter \u00e0 l\u2019authenticit\u00e9<\/span> .<\/p><h4 data-start=\"1034\" data-end=\"1088\">8. Monter \u00e0 bord du petit train touristique<\/h4><p data-start=\"1089\" data-end=\"1169\"><span class=\"relative -mx-px my-[-0.2rem] rounded px-px py-[0.2rem] transition-colors duration-100 ease-in-out\">Montez dans le <strong data-start=\"15\" data-end=\"42\">Petit Train Touristique<\/strong> pour un circuit comment\u00e9 de 35\u202fminutes qui vous permet d\u2019apercevoir l\u2019essentiel sans marcher. Parfait pour les familles et les personnes \u00e0 mobilit\u00e9 r\u00e9duite<\/span><\/p><h4 data-start=\"1171\" data-end=\"1221\">9. Se d\u00e9tendre au Parc du Champ de Mars<\/h4><p data-start=\"1222\" data-end=\"1302\"><span class=\"relative -mx-px my-[-0.2rem] rounded px-px py-[0.2rem] transition-colors duration-100 ease-in-out\">Profitez d\u2019un moment nature et d\u00e9tente au <strong data-start=\"42\" data-end=\"67\">Parc du Champ de Mars<\/strong>, le \u00ab\u202fpoumon vert\u202f\u00bb de la ville. En hiver, on y retrouve patinoire et animations de No\u00ebl<\/span><\/p><h4 data-start=\"1304\" data-end=\"1359\">10. Faire une escapade sur la Route des Vins<\/h4><p data-start=\"1360\" data-end=\"1440\"><span class=\"relative -mx-px my-[-0.2rem] rounded px-px py-[0.2rem] transition-colors duration-100 ease-in-out\">\u00c0 quelques kilom\u00e8tres, savourez un <strong data-start=\"35\" data-end=\"68\">d\u00e9gustation de vins alsaciens<\/strong> (Riesling, Gew\u00fcrztraminer\u2026) chez des producteurs locaux, et visitez des villages comme Eguisheim ou Riquewihr<\/span><\/p><h3>Quelle est la particularit\u00e9 de la ville de Colmar ?<\/h3><p>Colmar se distingue en tant que <a href=\"https:\/\/tourisme-colmar.com\/fr\/\" target=\"_blank\" rel=\"noopener\">cit\u00e9 riche en art<\/a>, histoire et patrimoine, c\u00e9l\u00e8bre pour son architecture charmante, ses canaux romantiques et ses maisons traditionnelles \u00e0 colombages. Cette ville est \u00e9galement renomm\u00e9e pour la qualit\u00e9 de ses vins d\u2019Alsace et son march\u00e9 de No\u00ebl enchanteur.<\/p><h3>Pourquoi Colmar est connu ?<\/h3><p>Reconnue comme la capitale des vins d\u2019Alsace, Colmar tire sa r\u00e9putation de sa position privil\u00e9gi\u00e9e au c\u0153ur du vignoble alsacien et d\u2019un climat favorable \u00e0 la viticulture. Ville de culture par excellence, elle abrite le mus\u00e9e Unterlinden o\u00f9 est expos\u00e9 le c\u00e9l\u00e8bre retable d\u2019Issenheim, chef-d\u2019\u0153uvre artistique du 16e si\u00e8cle.<\/p><h3>Comment visiter Colmar en 1 jour ?<\/h3><p>Si vous disposez d\u2019une journ\u00e9e pour d\u00e9couvrir Colmar, voici deux conseils essentiels : Premi\u00e8rement, explorez le centre historique, un \u00e9crin de maisons \u00e0 colombages, de canaux et de monuments remarquables. Ne ratez pas la Petite Venise, le quartier des Tanneurs, la Coll\u00e9giale Saint-Martin et le Mus\u00e9e Unterlinden. Deuxi\u00e8mement, offrez-vous une excursion dans le vignoble alsacien, accessible en voiture ou \u00e0 v\u00e9lo, pour visiter les villages alentours, d\u00e9guster les vins locaux et profiter des paysages verdoyants.<\/p><h3>O\u00f9 se promener \u00e0 Colmar ?<\/h3><p>Pour une agr\u00e9able promenade \u00e0 Colmar, consid\u00e9rez ces deux lieux incontournables : D\u2019une part, la Petite Venise, un quartier charmant avec ses maisons \u00e0 colombages le long du canal de la Lauch, o\u00f9 une balade en barque offre une perspective unique sur la ville. D\u2019autre part, la vieille ville, c\u0153ur historique de Colmar, invite \u00e0 la fl\u00e2nerie dans ses rues pav\u00e9es et \u00e0 l\u2019admiration de ses monuments embl\u00e9matiques tels que la maison Pfister, le Ko\u00effhus, l\u2019\u00e9glise Saint-Martin et le mus\u00e9e Unterlinden.<\/p>\t\t\t\t\t\t\t\t<\/div>\n\t\t\t\t\t<\/div>\n\t\t\t\t<\/div>\n\t\t\t\t<\/div>\n\t\t","protected":false},"excerpt":{"rendered":"<p>Colmar erwartet Sie mit seinem historischen Erbe, seinen Museen, seinen M\u00e4rkten und seiner Gastronomie. Folgen Sie unserem Reisef\u00fchrer und buchen Sie die besten Hotels f\u00fcr Ihren Aufenthalt.<\/p>","protected":false},"author":1,"featured_media":42999,"comment_status":"closed","ping_status":"open","sticky":false,"template":"elementor_header_footer","format":"standard","meta":{"ngg_post_thumbnail":0,"footnotes":""},"categories":[1450,1333,477,1170,1317],"tags":[906],"class_list":["post-42998","post","type-post","status-publish","format-standard","has-post-thumbnail","hentry","category-colmar","category-alsace","category-france","category-grand-est","category-haut-rhin-departement","tag-ville"],"_links":{"self":[{"href":"https:\/\/cparici.com\/de\/wp-json\/wp\/v2\/posts\/42998","targetHints":{"allow":["GET"]}}],"collection":[{"href":"https:\/\/cparici.com\/de\/wp-json\/wp\/v2\/posts"}],"about":[{"href":"https:\/\/cparici.com\/de\/wp-json\/wp\/v2\/types\/post"}],"author":[{"embeddable":true,"href":"https:\/\/cparici.com\/de\/wp-json\/wp\/v2\/users\/1"}],"replies":[{"embeddable":true,"href":"https:\/\/cparici.com\/de\/wp-json\/wp\/v2\/comments?post=42998"}],"version-history":[{"count":0,"href":"https:\/\/cparici.com\/de\/wp-json\/wp\/v2\/posts\/42998\/revisions"}],"wp:featuredmedia":[{"embeddable":true,"href":"https:\/\/cparici.com\/de\/wp-json\/wp\/v2\/media\/42999"}],"wp:attachment":[{"href":"https:\/\/cparici.com\/de\/wp-json\/wp\/v2\/media?parent=42998"}],"wp:term":[{"taxonomy":"category","embeddable":true,"href":"https:\/\/cparici.com\/de\/wp-json\/wp\/v2\/categories?post=42998"},{"taxonomy":"post_tag","embeddable":true,"href":"https:\/\/cparici.com\/de\/wp-json\/wp\/v2\/tags?post=42998"}],"curies":[{"name":"wp","href":"https:\/\/api.w.org\/{rel}","templated":true}]}}