{"id":43041,"date":"2024-09-03T09:33:32","date_gmt":"2024-09-03T07:33:32","guid":{"rendered":"https:\/\/cparici.com\/?p=43041"},"modified":"2025-12-24T10:35:39","modified_gmt":"2025-12-24T09:35:39","slug":"landwirtschaftsmesse","status":"publish","type":"post","link":"https:\/\/cparici.com\/de\/salon-de-l-agriculture\/","title":{"rendered":"Landwirtschaftsmesse - umfassender Leitfaden f\u00fcr Ihren Besuch"},"content":{"rendered":"\t\t<div data-elementor-type=\"wp-post\" data-elementor-id=\"43041\" class=\"elementor elementor-43041\" data-elementor-post-type=\"post\">\n\t\t\t\t<div class=\"elementor-element elementor-element-6cd6997 e-con-full e-flex e-con e-parent\" data-id=\"6cd6997\" data-element_type=\"container\" data-e-type=\"container\">\n\t\t\t\t<div class=\"elementor-element elementor-element-1355e79 elementor-widget elementor-widget-image\" data-id=\"1355e79\" data-element_type=\"widget\" data-e-type=\"widget\" data-widget_type=\"image.default\">\n\t\t\t\t\t\t\t\t\t\t\t\t\t\t\t<img decoding=\"async\" width=\"1500\" height=\"530\" src=\"https:\/\/cparici.com\/wp-content\/uploads\/2024\/09\/salon-de-lagriculture-paris.jpg\" class=\"attachment-full size-full wp-image-43042\" alt=\"salon de l&#039;agriculture paris\" srcset=\"https:\/\/cparici.com\/wp-content\/uploads\/2024\/09\/salon-de-lagriculture-paris.jpg 1500w, https:\/\/cparici.com\/wp-content\/uploads\/2024\/09\/salon-de-lagriculture-paris-600x212.jpg 600w, https:\/\/cparici.com\/wp-content\/uploads\/2024\/09\/salon-de-lagriculture-paris-300x106.jpg 300w, https:\/\/cparici.com\/wp-content\/uploads\/2024\/09\/salon-de-lagriculture-paris-1024x362.jpg 1024w, https:\/\/cparici.com\/wp-content\/uploads\/2024\/09\/salon-de-lagriculture-paris-768x271.jpg 768w\" sizes=\"(max-width: 1500px) 100vw, 1500px\" \/>\t\t\t\t\t\t\t\t\t\t\t\t\t\t\t<\/div>\n\t\t\t\t<\/div>\n\t\t<nav class=\"elementor-element elementor-element-4def40f e-flex e-con-boxed e-con e-parent\" data-id=\"4def40f\" data-element_type=\"container\" data-e-type=\"container\">\n\t\t\t\t\t<div class=\"e-con-inner\">\n\t\t\t\t<div class=\"elementor-element elementor-element-2a4ecf4 elementor-widget elementor-widget-global elementor-global-62046 elementor-widget-eael-advanced-search\" data-id=\"2a4ecf4\" data-element_type=\"widget\" data-e-type=\"widget\" data-widget_type=\"eael-advanced-search.default\">\n\t\t\t\t\t        <div class=\"eael-adv-search-wrapper\">\n            <div id=\"eael-advanced-search-widget-2a4ecf4\" class=\"eael-advanced-search-widget\">\n                <form data-settings=\"{&quot;post_per_page&quot;:5,&quot;search_among_taxonomies&quot;:&quot;&quot;,&quot;search_among_sku&quot;:&quot;no&quot;,&quot;show_popular_keyword&quot;:0,&quot;show_category&quot;:0,&quot;show_content_image&quot;:1,&quot;show_search_result_all_results&quot;:0,&quot;result_on_new_tab&quot;:&quot;no&quot;,&quot;show_product_price&quot;:&quot;no&quot;,&quot;include_current_page&quot;:&quot;no&quot;,&quot;orderby&quot;:&quot;default&quot;,&quot;order&quot;:&quot;DESC&quot;,&quot;current_post_id&quot;:43041,&quot;post_type&quot;:[&quot;post&quot;,&quot;listing&quot;]}\" method=\"POST\" name=\"eael-advanced-search-form-2a4ecf4\" class=\"eael-advanced-search-form eael-advanced-search-form-style-2\">\n                    <div class=\"eael-advanced-search-wrap\">\n                        <span class=\"eael-adv-search-loader\"><\/span>\n                        <span class=\"eael-adv-search-close\"><i class=\"fas fa-times\"><\/i><\/span>\n                        <span class=\"icon \"><i class=\"fas fa-search\"><\/i><\/span>\n\n                        <input type=\"text\"\n                               placeholder=\"Votre destination\"\n                               class=\"eael-advanced-search\" autocomplete=\"off\" name=\"eael_advanced_search\">\n                    <\/div>\n\t\t\t\t\t                                    <\/form>\n\n\t\t\t\t\n\t\t\t\t        <div class=\"eael-advanced-search-result\">\n            <div class=\"eael-advanced-search-popular-keyword\">\n\t\t\t\t<h4 class=\"eael-advanced-search-popular-keyword-text\">Recherches populaires<\/h4>                <div class=\"eael-popular-keyword-content\"><\/div>\n            <\/div>\n            <div class=\"eael-advanced-search-category\">\n\t\t\t\t<h4 class=\"eael-advanced-search-category-text\">Categories<\/h4>                <div class=\"eael-popular-category-content\"><\/div>\n            <\/div>\n\t\t\t<div class=\"eael-advanced-search-total-results-section\">\n\t\t\t\t\t\t\t<\/div>\n            <div class=\"eael-advanced-search-content eael-item-style-3\">\n            <\/div>\n            <div class=\"eael-advanced-search-not-found\">\n                <p>Pas de r\u00e9sultats<\/p><\/div>\n            <div class=\"eael-advanced-search-load-more\">\n\t\t\t\t<a \tclass=\"eael-advanced-search-load-more-button\"\n                \thref=\"#\">Voir tous les r\u00e9sultats<\/a>\n            <\/div>\n        <\/div>\n\n\t\t            <\/div>\n        <\/div>\n\n\t\t\t\t\t\t<\/div>\n\t\t\t\t\t<\/div>\n\t\t\t\t<\/nav>\n\t\t<div class=\"elementor-element elementor-element-66da770 e-flex e-con-boxed e-con e-parent\" data-id=\"66da770\" data-element_type=\"container\" data-e-type=\"container\">\n\t\t\t\t\t<div class=\"e-con-inner\">\n\t\t\t\t<div class=\"elementor-element elementor-element-d0a69f5 elementor-widget elementor-widget-text-editor\" data-id=\"d0a69f5\" data-element_type=\"widget\" data-e-type=\"widget\" data-widget_type=\"text-editor.default\">\n\t\t\t\t\t\t\t\t\t<h1 style=\"text-align: center;\"><span style=\"font-size: 18pt;\">Salon de l\u2019agriculture 2025<\/span><\/h1><p>Chaque ann\u00e9e \u00e0 Paris, <strong>le Salon de l\u2019Agriculture<\/strong> rassemble plus de 600 000 visiteurs, affirmant son statut d\u2019\u00e9v\u00e9nement agricole majeur \u00e0 l\u2019\u00e9chelle mondiale. Situ\u00e9 au Parc des Expositions de <a href=\"https:\/\/cparici.com\/fr\/paris\/\">Paris<\/a> Porte de <a href=\"https:\/\/cparici.com\/fr\/chateau-de-versailles\/\">Versailles<\/a>, ce salon de neuf jours est une plateforme o\u00f9 agriculteurs, \u00e9leveurs, industriels de l\u2019agroalimentaire, chercheurs et politiques partagent innovations et savoir-faire.<\/p><p>Il expose une diversit\u00e9 de produits et services, des machines agricoles aux sp\u00e9cialit\u00e9s alimentaires, incluant \u00e9levage et jardinage. C\u2019est une occasion unique de d\u00e9couvrir les sp\u00e9cialit\u00e9s r\u00e9gionales <a href=\"https:\/\/cparici.com\/fr\/visiter-la-france-guide-des-regions-et-sites-touristiques\/\">fran\u00e7aises<\/a>, les produits d\u2019outre-mer, et de profiter d\u2019ateliers et d\u00e9monstrations. Un \u00e9v\u00e9nement essentiel pour professionnels et passionn\u00e9s d\u2019agriculture, ce guide vise \u00e0 optimiser votre exp\u00e9rience.<\/p><p>Pour en savoir plus sur les <strong>producteurs locaux en France<\/strong>, <a href=\"https:\/\/cparici.com\/fr\/production-locale-petits-producteurs-locaux\/\">lisez notre article d\u00e9taill\u00e9 ici.<\/a><\/p><h2><span style=\"font-size: 18pt;\">Salon international de l\u2019agriculture 2026<\/span><\/h2><p data-start=\"0\" data-end=\"561\">Le <strong data-start=\"3\" data-end=\"58\">prochain Salon International de l\u2019Agriculture (SIA)<\/strong> se tiendra \u00e0 <strong data-start=\"72\" data-end=\"108\">Paris Expo \u2013 Porte de Versailles<\/strong> du <strong data-start=\"112\" data-end=\"159\">samedi 21 f\u00e9vrier au dimanche 1er mars 2026<\/strong>, <strong data-start=\"161\" data-end=\"191\">tous les jours de 9h \u00e0 19h<\/strong>. Pour bien pr\u00e9parer votre visite, privil\u00e9giez l\u2019achat de billets en ligne (entr\u00e9e plus rapide) et venez en transports : <strong data-start=\"350\" data-end=\"384\">m\u00e9tro 12 (Porte de Versailles)<\/strong>, <strong data-start=\"386\" data-end=\"406\">m\u00e9tro 8 (Balard)<\/strong>, <strong data-start=\"408\" data-end=\"445\">tram T2\/T3a (Porte de Versailles)<\/strong>, <strong data-start=\"447\" data-end=\"479\">bus 80 (Porte de Versailles)<\/strong> et <strong data-start=\"483\" data-end=\"522\">bus 39 (Desnouettes \/ Porte d\u2019Issy)<\/strong>.\u00a0<\/p><div class=\"TyagGW_tableContainer\"><div class=\"group TyagGW_tableWrapper flex w-fit flex-col-reverse\" tabindex=\"-1\"><table class=\"w-fit min-w-(--thread-content-width)\" data-start=\"563\" data-end=\"1135\"><thead data-start=\"563\" data-end=\"581\"><tr data-start=\"563\" data-end=\"581\"><th data-start=\"563\" data-end=\"570\" data-col-size=\"sm\">Info<\/th><th data-start=\"570\" data-end=\"581\" data-col-size=\"lg\">D\u00e9tails<\/th><\/tr><\/thead><tbody data-start=\"592\" data-end=\"1135\"><tr data-start=\"592\" data-end=\"668\"><td data-start=\"592\" data-end=\"600\" data-col-size=\"sm\">Dates<\/td><td data-start=\"600\" data-end=\"668\" data-col-size=\"lg\">21 f\u00e9vrier \u2192 1er mars 2026\u00a0<\/td><\/tr><tr data-start=\"669\" data-end=\"735\"><td data-start=\"669\" data-end=\"680\" data-col-size=\"sm\">Horaires<\/td><td data-start=\"680\" data-end=\"735\" data-col-size=\"lg\">09:00 \u2013 19:00\u00a0<\/td><\/tr><tr data-start=\"736\" data-end=\"827\"><td data-start=\"736\" data-end=\"743\" data-col-size=\"sm\">Lieu<\/td><td data-start=\"743\" data-end=\"827\" data-col-size=\"lg\">Paris Expo Porte de Versailles (Paris 15e)\u00a0<\/td><\/tr><tr data-start=\"828\" data-end=\"1001\"><td data-start=\"828\" data-end=\"849\" data-col-size=\"sm\">Billets \/ \u201chow to\u201d<\/td><td data-start=\"849\" data-end=\"1001\" data-col-size=\"lg\">1) Achetez en ligne (e-billet) 2) Pr\u00e9parez votre contr\u00f4le s\u00e9curit\u00e9 \u00e0 l\u2019entr\u00e9e 3) Arrivez t\u00f4t (moins d\u2019attente)\u00a0<\/td><\/tr><tr data-start=\"1002\" data-end=\"1135\"><td data-start=\"1002\" data-end=\"1021\" data-col-size=\"sm\">Acc\u00e8s transports<\/td><td data-start=\"1021\" data-end=\"1135\" data-col-size=\"lg\">M\u00e9tro 12 \u201cPorte de Versailles\u201d, m\u00e9tro 8 \u201cBalard\u201d, tram T2\/T3a, bus 80\/39<\/td><\/tr><\/tbody><\/table><\/div><\/div><h3>\u00a0<\/h3><h3>Salon de l\u2019agriculture 2025 date<\/h3><h4><strong>Le Salon International de l\u2019Agriculture se tiendra du 22 f\u00e9vrier au 2 mars 2025<\/strong><\/h4><p>Les visiteurs peuvent acc\u00e9der au salon de <strong>9h \u00e0 19h<\/strong> chaque jour. Pour optimiser votre exp\u00e9rience, il est recommand\u00e9 de choisir le moment de votre visite en fonction de vos disponibilit\u00e9s et de ce que vous souhaitez d\u00e9couvrir. Pour ceux cherchant \u00e0 \u00e9viter les grandes affluences, privil\u00e9giez une visite en semaine plut\u00f4t que pendant le week-end.<\/p><h3>Salon de l\u2019agriculture 2025 tarif<\/h3><h4><b>Adulte : 16 \u20ac<\/b> ; <b>Etudiants :9\u00a0<\/b><span style=\"font-weight: bold; text-align: var(--text-align);\">\u20ac;<\/span><span style=\"text-align: var(--text-align);\">\u00a0<\/span><b style=\"text-align: var(--text-align);\">Enfant (6-12 ans) : tarif sp\u00e9cial; <\/b><span style=\"text-align: var(--text-align);\">\u00a0<\/span><b style=\"text-align: var(--text-align);\">Groupe de 15 \u00e0 49 personnes : 14 \u20ac; groupe de plus de 50 personnes: 13\u00a0<\/b><span style=\"font-weight: bold; text-align: var(--text-align);\">\u20ac<\/span><\/h4><h3>Comment se rendre au salon : transports et acc\u00e8s<\/h3><p>Le salon a lieu au Parc des Expositions de Paris Porte de Versailles, facilement accessible par diff\u00e9rents moyens de transport. Vous pouvez utiliser la ligne 12 du m\u00e9tro, en direction de Mairie d\u2019Issy, et descendre \u00e0 l\u2019arr\u00eat Porte de Versailles. Sinon, la ligne de tramway T2, en direction de Paris, vous am\u00e8ne directement au terminus Porte de Versailles. Pour les visiteurs venant en voiture, il est important de noter que les places de parking sur le site sont limit\u00e9es. Il est donc conseill\u00e9 de stationner dans les parkings environnants.<\/p><h3>Conseils pour \u00e9viter les foules<\/h3><p>Pour r\u00e9duire les temps d\u2019attente et l\u2019affluence, pensez \u00e0 acheter vos billets en ligne avant de venir. Cela vous permettra une entr\u00e9e plus rapide et de gagner du temps. Arriver t\u00f4t le matin ou tard en fin de journ\u00e9e peut aussi vous offrir une exp\u00e9rience plus tranquille. Concernant la restauration sur place, il est pr\u00e9f\u00e9rable d\u2019\u00e9viter les heures de repas classiques, comme le midi, et de privil\u00e9gier les stands moins populaires pour une meilleure exp\u00e9rience.<\/p><h2><span style=\"font-size: 18pt;\">Explorer les sections du salon international de l\u2019agriculture<\/span><\/h2><h3>\u00c9levage et ses fili\u00e8res : quoi de neuf ?<\/h3><p><strong>La section d\u00e9di\u00e9e \u00e0 l\u2019\u00e9levage et ses fili\u00e8res<\/strong>, un des piliers du Salon International de l\u2019Agriculture, offre une d\u00e9couverte de plus de <strong>384 races d\u2019animaux<\/strong>, parmi lesquelles figurent vaches, taureaux, ch\u00e8vres, chevaux, \u00e2nes, lapins, porcs, chats et chiens.<\/p><p>Elle accueille aussi le <em>Concours G\u00e9n\u00e9ral Agricole<\/em>, vitrine des meilleurs sp\u00e9cimens de la g\u00e9n\u00e9tique fran\u00e7aise, o\u00f9 ils sont pr\u00e9sent\u00e9s et r\u00e9compens\u00e9s.<\/p><h3>Cultures et fili\u00e8res v\u00e9g\u00e9tales, jardin et potager<\/h3><p>Cette section vous plonge au c\u0153ur de la richesse de l\u2019agriculture fran\u00e7aise, avec des expositions sur la production c\u00e9r\u00e9ali\u00e8re, la culture de fruits et l\u00e9gumes, et les derni\u00e8res tendances en mati\u00e8re de jardinage.<\/p><p>Elle propose \u00e9galement des activit\u00e9s et animations pour tous, valorisant les nouvelles pratiques et innovations horticoles.<\/p><h3>Produits et saveurs de France et du monde<\/h3><p>Partez pour un voyage gastronomique dans la section des produits et saveurs de France et du monde. D\u00e9couvrez y des sp\u00e9cialit\u00e9s r\u00e9gionales fran\u00e7aises et des produits alimentaires internationaux.<\/p><p>Cette zone est une occasion de go\u00fbter \u00e0 des produits locaux et internationaux, d\u2019explorer les traditions culinaires de diverses r\u00e9gions et de rencontrer des producteurs et artisans passionn\u00e9s.<\/p><h3>D\u00e9couvrir les services et m\u00e9tiers de l\u2019agriculture<\/h3><p>Rencontrez les principaux acteurs du monde agricole dans la section d\u00e9di\u00e9e aux services et m\u00e9tiers de l\u2019agriculture. D\u00e9couvrez l\u2019expertise des professionnels, les derni\u00e8res innovations en services agricoles, et appr\u00e9hendez les d\u00e9fis et opportunit\u00e9s du secteur.<\/p><p>Cette zone offre \u00e9galement des informations sur les formations et carri\u00e8res dans l\u2019agriculture.<\/p><h2><span style=\"font-size: 18pt;\">Optimiser votre visite pour le salon<\/span><\/h2><h3>Application mobile du salon : fonctionnalit\u00e9s et avantages<\/h3><p>Pour tirer le meilleur parti de votre visite au Salon International de l\u2019Agriculture, ne passez pas \u00e0 c\u00f4t\u00e9 de l\u2019application mobile officielle. Cet outil essentiel enrichit votre exp\u00e9rience avec des parcours audioguid\u00e9s, des quizz, des mini-jeux, des podcasts et une vari\u00e9t\u00e9 de contenus exclusifs. Elle facilite \u00e9galement votre orientation au sein du parc des expositions, vous aide \u00e0 trouver les stands et les \u00e9v\u00e9nements de votre choix, et vous assiste dans l\u2019organisation efficace de votre journ\u00e9e.<\/p><p>En t\u00e9l\u00e9chargeant l\u2019application, vous enrichirez votre exp\u00e9rience du salon et optimiserez chaque moment de votre visite.<\/p><h3>Programme des conf\u00e9rences et ateliers : comment choisir ?<\/h3><p>Le Salon International de l\u2019Agriculture propose un programme riche et diversifi\u00e9 de conf\u00e9rences et ateliers, couvrant tous les domaines d\u2019int\u00e9r\u00eat. Pour s\u00e9lectionner les \u00e9v\u00e9nements qui vous correspondent le mieux, nous vous conseillons de consulter le programme en ligne en amont. Ciblez les sujets et les intervenants qui captivent votre attention, que ce soit dans les domaines de l\u2019agriculture durable, des innovations en \u00e9levage, ou des derni\u00e8res tendances en jardinage.<\/p><p>Pour en savoir plus sur l\u2019agriculture et les domaines agricoles en France, <a href=\"https:\/\/cparici.com\/fr\/agriculture-et-domaines-agricoles-en-france\/\">lisez notre article d\u00e9taill\u00e9 ici.<\/a><\/p><p>Pensez \u00e0 v\u00e9rifier les horaires et les lieux des \u00e9v\u00e9nements pour organiser votre temps efficacement et \u00e9viter tout chevauchement.<\/p><h3>Conseils pour interagir avec les exposants et maximiser votre r\u00e9seau<\/h3><p>Engager le dialogue avec les exposants est essentiel pour une exp\u00e9rience enrichissante du salon. Pour \u00e9largir votre r\u00e9seau professionnel, pr\u00e9parez-vous \u00e0 poser des questions et \u00e0 initier des discussions avec les experts pr\u00e9sents.<\/p><p>Emportez vos cartes de visite et soyez pr\u00eat \u00e0 parler de votre entreprise ou de vos projets. Visiter les stands de chambres d\u2019agriculture et de r\u00e9gions telles que la <a href=\"https:\/\/cparici.com\/fr\/nouvelle-aquitaine\/\">Nouvelle-Aquitaine<\/a> ou le Rh\u00f4ne-Alpes est parfait pour rencontrer des acteurs locaux et partager des id\u00e9es. N\u2019oubliez pas de prendre des notes et de demander des coordonn\u00e9es pour continuer les \u00e9changes apr\u00e8s le salon.<\/p><h2><span style=\"font-size: 18pt;\">Salon international de l\u2019agriculture Paris \u2013 Conclusion<\/span><\/h2><p>Participer au Salon International de l\u2019Agriculture repr\u00e9sente une occasion unique de s\u2019immerger au c\u0153ur de l\u2019agriculture, tant fran\u00e7aise qu\u2019internationale. En organisant votre visite avec soin, en d\u00e9couvrant les diff\u00e9rentes zones du salon et en g\u00e9rant efficacement votre temps, vous maximiserez votre exp\u00e9rience de cet \u00e9v\u00e9nement incontournable. C\u2019est l\u2019opportunit\u00e9 id\u00e9ale pour explorer les derni\u00e8res innovations, savourer des produits locaux, et vous d\u00e9lecter de sp\u00e9cialit\u00e9s r\u00e9gionales, tout cela en \u00e9changeant avec des experts du domaine.<\/p><p>N\u2019attendez plus pour r\u00e9server vos billets et pr\u00e9parez-vous \u00e0 une exp\u00e9rience agricole m\u00e9morable au Parc des Expositions de Paris Porte de Versailles.<\/p><h2><span style=\"font-size: 18pt;\">Salon de l\u2019agriculture \u2013 FAQ<\/span><\/h2><p data-start=\"66\" data-end=\"133\"><strong data-start=\"66\" data-end=\"133\">Qui accompagne Emmanuel Macron au Salon de l\u2019Agriculture 2025\u00a0?<\/strong><\/p><p data-start=\"135\" data-end=\"535\">Selon les informations disponibles, le pr\u00e9sident Emmanuel Macron a invit\u00e9 le roi du Maroc, Mohammed VI, \u00e0 l\u2019accompagner lors du Salon International de l\u2019Agriculture 2025. Cette invitation intervient dans un contexte de discussions autour de l\u2019accord de libre-\u00e9change entre la France et le Maroc. \u00c0 ce jour, le roi Mohammed VI n\u2019a pas encore confirm\u00e9 sa pr\u00e9sence.<\/p><p data-start=\"537\" data-end=\"590\"><strong data-start=\"537\" data-end=\"590\">Combien de temps dure le Salon de l\u2019Agriculture\u00a0?<\/strong><\/p><p data-start=\"592\" data-end=\"765\">Le Salon International de l\u2019Agriculture 2025 se tiendra du samedi 22\u00a0f\u00e9vrier au dimanche 2\u00a0mars 2025, soit une dur\u00e9e totale de 9\u00a0jours.<\/p><p data-start=\"767\" data-end=\"821\"><strong data-start=\"767\" data-end=\"821\">Comment se rendre au Salon de l\u2019Agriculture 2025\u00a0?<\/strong><\/p><p data-start=\"823\" data-end=\"924\">Le Salon se d\u00e9roule au Parc des Expositions de Paris, Porte de Versailles. Voici les moyens d\u2019acc\u00e8s\u00a0:<\/p><ul data-start=\"926\" data-end=\"1354\"><li data-start=\"926\" data-end=\"990\"><p data-start=\"928\" data-end=\"990\"><strong data-start=\"928\" data-end=\"941\">Adresse\u00a0:<\/strong> 1, place de la Porte de Versailles, 75015 Paris.<\/p><\/li><li data-start=\"992\" data-end=\"1210\"><p data-start=\"994\" data-end=\"1008\"><strong data-start=\"994\" data-end=\"1008\">En m\u00e9tro\u00a0:<\/strong><\/p><ul data-start=\"1011\" data-end=\"1210\"><li data-start=\"1011\" data-end=\"1114\">Ligne 12\u00a0: station \u201cPorte de Versailles\u201d. Cette ligne dessert les gares Montparnasse et Saint-Lazare.<\/li><li data-start=\"1117\" data-end=\"1210\">Ligne 8\u00a0: station \u201cBalard\u201d. Cette ligne dessert le terminal Invalides de l\u2019a\u00e9roport d\u2019Orly.<\/li><\/ul><\/li><li data-start=\"1212\" data-end=\"1287\"><p data-start=\"1214\" data-end=\"1230\"><strong data-start=\"1214\" data-end=\"1230\">En tramway\u00a0:<\/strong><\/p><ul data-start=\"1233\" data-end=\"1287\"><li data-start=\"1233\" data-end=\"1287\">Ligne T2 et Ligne T3a\u00a0: arr\u00eat \u201cPorte de Versailles\u201d.<\/li><\/ul><\/li><li data-start=\"1289\" data-end=\"1354\"><p data-start=\"1291\" data-end=\"1303\"><strong data-start=\"1291\" data-end=\"1303\">En bus\u00a0:<\/strong><\/p><ul data-start=\"1306\" data-end=\"1354\"><li data-start=\"1306\" data-end=\"1354\">Lignes 39 et 80\u00a0: arr\u00eat \u201cPorte de Versailles\u201d.<\/li><\/ul><\/li><\/ul><p data-start=\"1356\" data-end=\"1512\">Pour plus de d\u00e9tails sur les itin\u00e9raires et les options de transport, vous pouvez consulter le site officiel du Salon.<\/p><p data-start=\"1514\" data-end=\"1558\"><strong data-start=\"1514\" data-end=\"1558\">O\u00f9 se trouve le Salon de l\u2019Agriculture\u00a0?<\/strong><\/p><p data-start=\"1560\" data-end=\"1835\">Le Salon International de l\u2019Agriculture se tient au Parc des Expositions de Paris, situ\u00e9 \u00e0 la Porte de Versailles dans le 15\u1d49 arrondissement de Paris. C\u2019est un lieu embl\u00e9matique accueillant de nombreux \u00e9v\u00e9nements tout au long de l\u2019ann\u00e9e.<\/p><p data-start=\"1837\" data-end=\"1997\">Pour toute information compl\u00e9mentaire, n\u2019h\u00e9sitez pas \u00e0 consulter le site officiel du Salon International de l\u2019Agriculture.<\/p><div class=\"relative inline-flex items-center\"><a class=\"ml-1 inline-flex h-[22px] items-center rounded-xl bg-[#f4f4f4] px-2 text-[0.5em] font-medium text-token-text-secondary dark:bg-token-main-surface-secondary !text-token-text-secondary uppercase hover:bg-token-text-primary hover:!text-token-main-surface-secondary dark:hover:bg-token-text-primary group\" href=\"https:\/\/www.salon-agriculture.com\/?utm_source=chatgpt.com\" target=\"_blank\" rel=\"noopener\"><span class=\"truncate\">salon-agriculture.com<\/span><\/a><\/div><h3><strong><span style=\"font-size: 14pt;\">Quels sont les horaires d\u2019ouverture du Salon International de l\u2019Agriculture ?<\/span><\/strong><\/h3><p>Le Salon International de l\u2019Agriculture 2025 vous accueille chaque jour de 9h \u00e0 19h, entre le <strong>22 f\u00e9vrier au 2 mars 2025<\/strong><\/p><h3><strong><span style=\"font-size: 14pt;\">Combien co\u00fbte l\u2019entr\u00e9e au Salon International de l\u2019Agriculture et quels sont les tarifs pour les groupes ?<\/span><\/strong><\/h3><p>Un billet d\u2019entr\u00e9e pour un adulte au Salon International de l\u2019Agriculture est \u00e0 16 \u20ac. Pour les groupes, le tarif est r\u00e9duit \u00e0 14 \u20ac par personne pour des groupes de 15 \u00e0 49 adultes et \u00e0 13 \u20ac par personne pour des groupes de 50 personnes ou plus.<\/p><h3><strong><span style=\"font-size: 14pt;\">O\u00f9 se situe le Salon International de l\u2019Agriculture et comment y acc\u00e9der ?<\/span><\/strong><\/h3><p>Le Salon International de l\u2019Agriculture se trouve au Parc des Expositions de Paris, Porte de Versailles. L\u2019acc\u00e8s est facile via les transports en commun, en empruntant notamment la ligne 12 du m\u00e9tro jusqu\u2019\u00e0 la station Porte de Versailles, ou en bus.<\/p><h3><strong><span style=\"font-size: 14pt;\">Y a-t-il des services sp\u00e9ciaux pour les personnes \u00e0 mobilit\u00e9 r\u00e9duite au Salon International de l\u2019Agriculture ?<\/span><\/strong><\/h3><p>Bien que les informations sp\u00e9cifiques sur les services pour les personnes \u00e0 mobilit\u00e9 r\u00e9duite au Salon International de l\u2019Agriculture ne soient pas explicitement mentionn\u00e9es, les grands \u00e9v\u00e9nements de cette envergure proposent g\u00e9n\u00e9ralement des facilit\u00e9s d\u2019acc\u00e8s adapt\u00e9es. Il est recommand\u00e9 de contacter directement les organisateurs pour des d\u00e9tails pr\u00e9cis.<\/p>\t\t\t\t\t\t\t\t<\/div>\n\t\t\t\t\t<\/div>\n\t\t\t\t<\/div>\n\t\t<div class=\"elementor-element elementor-element-4e6cfd79 e-flex e-con-boxed e-con e-parent\" data-id=\"4e6cfd79\" data-element_type=\"container\" data-e-type=\"container\">\n\t\t\t\t\t<div class=\"e-con-inner\">\n\t\t<div class=\"elementor-element elementor-element-4244ef71 e-con-full e-flex e-con e-child\" data-id=\"4244ef71\" data-element_type=\"container\" data-e-type=\"container\">\n\t\t\t\t<div class=\"elementor-element elementor-element-42a215c9 elementor-widget elementor-widget-text-editor\" data-id=\"42a215c9\" data-element_type=\"widget\" data-e-type=\"widget\" data-widget_type=\"text-editor.default\">\n\t\t\t\t\t\t\t\t\t<p>Cet article a \u00e9t\u00e9 r\u00e9dig\u00e9 par Alex Arts,\u00a0<a href=\"https:\/\/alexantoine-photos.weebly.com\/\" target=\"_blank\" rel=\"noopener\">photographe<\/a>,\u00a0<a href=\"https:\/\/www.linkedin.com\/in\/alex-b-arts\/\" target=\"_blank\" rel=\"noopener\">cr\u00e9ateur de contenu<\/a>, et guide local.<\/p>\t\t\t\t\t\t\t\t<\/div>\n\t\t\t\t<div class=\"elementor-element elementor-element-213f26f6 elementor-widget elementor-widget-author-box\" data-id=\"213f26f6\" data-element_type=\"widget\" data-e-type=\"widget\" data-widget_type=\"author-box.default\">\n\t\t\t\t\t\t\t<div class=\"elementor-author-box\">\n\t\t\t\t\t\t\t<a href=\"https:\/\/www.linkedin.com\/in\/alex-b-arts\/\" class=\"elementor-author-box__avatar\" target=\"_blank\" rel=\"noopener\">\n\t\t\t\t\t<img decoding=\"async\" src=\"https:\/\/cparici.com\/wp-content\/uploads\/2024\/09\/photo-alex-arts-300x300.jpeg\" alt=\"Bild von Alex Arts\" loading=\"lazy\">\n\t\t\t\t<\/a>\n\t\t\t\n\t\t\t<div class=\"elementor-author-box__text\">\n\t\t\t\t\t\t\t\t\t<a href=\"https:\/\/www.linkedin.com\/in\/alex-b-arts\/\" target=\"_blank\" rel=\"noopener\">\n\t\t\t\t\t\t<h4 class=\"elementor-author-box__name\">\n\t\t\t\t\t\t\tAlex Arts\t\t\t\t\t\t<\/h4>\n\t\t\t\t\t<\/a>\n\t\t\t\t\n\t\t\t\t\t\t\t\t\t<div class=\"elementor-author-box__bio\">\n\t\t\t\t\t\t<p>Photographe, cr\u00e9ateur de contenu et local guide<\/p>\n\t\t\t\t\t<\/div>\n\t\t\t\t\n\t\t\t\t\t\t\t<\/div>\n\t\t<\/div>\n\t\t\t\t\t\t<\/div>\n\t\t\t\t<\/div>\n\t\t\t\t\t<\/div>\n\t\t\t\t<\/div>\n\t\t<div class=\"elementor-element elementor-element-2b75f0d e-flex e-con-boxed e-con e-parent\" data-id=\"2b75f0d\" data-element_type=\"container\" data-e-type=\"container\">\n\t\t\t\t\t<div class=\"e-con-inner\">\n\t\t\t\t<div class=\"elementor-element elementor-element-1ebd017 elementor-widget elementor-widget-listeo-posts-grid\" data-id=\"1ebd017\" data-element_type=\"widget\" data-e-type=\"widget\" data-widget_type=\"listeo-posts-grid.default\">\n\t\t\t\t<div class=\"elementor-widget-container\">\n\t\t\t\t\t\t\t\n\t\t<div class=\"listeo-post-grid-wrapper\">\n\t\t\t<div class=\"row\">\n\n\t\t\t\n\n\t\t\t\t\t\t\t<div class=\"col-md-4\">\n                <a href=\"https:\/\/cparici.com\/de\/paris-la-defense\/\" class=\"blog-compact-item-container\">\n                    <div class=\"blog-compact-item\">\n                        <img decoding=\"async\" width=\"577\" height=\"204\" src=\"https:\/\/cparici.com\/wp-content\/uploads\/2024\/07\/paris-la-defense.jpg\" class=\"attachment-listeo-blog-related-post size-listeo-blog-related-post wp-post-image\" alt=\"paris la d\u00e9fense\" srcset=\"https:\/\/cparici.com\/wp-content\/uploads\/2024\/07\/paris-la-defense.jpg 1500w, https:\/\/cparici.com\/wp-content\/uploads\/2024\/07\/paris-la-defense-600x212.jpg 600w, https:\/\/cparici.com\/wp-content\/uploads\/2024\/07\/paris-la-defense-300x106.jpg 300w, https:\/\/cparici.com\/wp-content\/uploads\/2024\/07\/paris-la-defense-1024x362.jpg 1024w, https:\/\/cparici.com\/wp-content\/uploads\/2024\/07\/paris-la-defense-768x271.jpg 768w\" sizes=\"(max-width: 577px) 100vw, 577px\" \/><span class=\"blog-item-tag\">France<\/span>                        \n                        <div class=\"blog-compact-item-content\">\n                                                        <h3>Paris la d\u00e9fense: le plus grand quartier d\u2019affaires d\u2019Europe<\/h3>\n                                                        <p>Paris La D\u00e9fense : tout savoir sur le quartier d'affaires et de loisirs. D\u00e9couvrez les...                            <\/p>\n                                                    <\/div>\n                    <\/div>\n                <\/a>\n            <\/div>\n\t\t\t<div class=\"col-md-4\">\n                <a href=\"https:\/\/cparici.com\/de\/jardin-des-plantes-paris\/\" class=\"blog-compact-item-container\">\n                    <div class=\"blog-compact-item\">\n                        <img decoding=\"async\" width=\"577\" height=\"204\" src=\"https:\/\/cparici.com\/wp-content\/uploads\/2024\/12\/cparici-3-577x204.png\" class=\"attachment-listeo-blog-related-post size-listeo-blog-related-post wp-post-image\" alt=\"Jardin des plantes paris\" srcset=\"https:\/\/cparici.com\/wp-content\/uploads\/2024\/12\/cparici-3-577x204.png 577w, https:\/\/cparici.com\/wp-content\/uploads\/2024\/12\/cparici-3-300x106.png 300w, https:\/\/cparici.com\/wp-content\/uploads\/2024\/12\/cparici-3-1024x362.png 1024w, https:\/\/cparici.com\/wp-content\/uploads\/2024\/12\/cparici-3-768x271.png 768w, https:\/\/cparici.com\/wp-content\/uploads\/2024\/12\/cparici-3-590x208.png 590w, https:\/\/cparici.com\/wp-content\/uploads\/2024\/12\/cparici-3-1200x424.png 1200w, https:\/\/cparici.com\/wp-content\/uploads\/2024\/12\/cparici-3-600x212.png 600w, https:\/\/cparici.com\/wp-content\/uploads\/2024\/12\/cparici-3.png 1500w\" sizes=\"(max-width: 577px) 100vw, 577px\" \/><span class=\"blog-item-tag\">5\u00e8me arrondissement<\/span>                        \n                        <div class=\"blog-compact-item-content\">\n                                                        <h3>Le Jardin des plantes a Paris<\/h3>\n                                                        <p>D\u00e9couvrez le Jardin des Plantes, ce jardin botanique cr\u00e9\u00e9 en 1626 \u00e0 Paris, g\u00e9r\u00e9 par...                            <\/p>\n                                                    <\/div>\n                    <\/div>\n                <\/a>\n            <\/div>\n\t\t\t<div class=\"col-md-4\">\n                <a href=\"https:\/\/cparici.com\/de\/opera-garnier\/\" class=\"blog-compact-item-container\">\n                    <div class=\"blog-compact-item\">\n                        <img decoding=\"async\" width=\"577\" height=\"204\" src=\"https:\/\/cparici.com\/wp-content\/uploads\/2025\/09\/cparici-2025-09-08T101828.473-577x204.jpg\" class=\"attachment-listeo-blog-related-post size-listeo-blog-related-post wp-post-image\" alt=\"Op\u00e9ra Garnier\" srcset=\"https:\/\/cparici.com\/wp-content\/uploads\/2025\/09\/cparici-2025-09-08T101828.473-577x204.jpg 577w, https:\/\/cparici.com\/wp-content\/uploads\/2025\/09\/cparici-2025-09-08T101828.473-300x106.jpg 300w, https:\/\/cparici.com\/wp-content\/uploads\/2025\/09\/cparici-2025-09-08T101828.473-1024x362.jpg 1024w, https:\/\/cparici.com\/wp-content\/uploads\/2025\/09\/cparici-2025-09-08T101828.473-768x271.jpg 768w, https:\/\/cparici.com\/wp-content\/uploads\/2025\/09\/cparici-2025-09-08T101828.473-18x6.jpg 18w, https:\/\/cparici.com\/wp-content\/uploads\/2025\/09\/cparici-2025-09-08T101828.473-590x208.jpg 590w, https:\/\/cparici.com\/wp-content\/uploads\/2025\/09\/cparici-2025-09-08T101828.473-1200x424.jpg 1200w, https:\/\/cparici.com\/wp-content\/uploads\/2025\/09\/cparici-2025-09-08T101828.473-600x212.jpg 600w, https:\/\/cparici.com\/wp-content\/uploads\/2025\/09\/cparici-2025-09-08T101828.473.jpg 1500w\" sizes=\"(max-width: 577px) 100vw, 577px\" \/><span class=\"blog-item-tag\">9\u00e8me arrondissement<\/span>                        \n                        <div class=\"blog-compact-item-content\">\n                                                        <h3>Op\u00e9ra Garnier<\/h3>\n                                                        <p>Recherches populaires Categories Pas de r\u00e9sultats Voir tous les r\u00e9sultats Op\u00e9ra Garnier Situ\u00e9 au c\u0153ur...                            <\/p>\n                                                    <\/div>\n                    <\/div>\n                <\/a>\n            <\/div>\n  <\/div>\n        <\/div>\n        \t\t\t\t<\/div>\n\t\t\t\t<\/div>\n\t\t\t\t\t<\/div>\n\t\t\t\t<\/div>\n\t\t\t\t<\/div>\n\t\t","protected":false},"excerpt":{"rendered":"<p>Visitez le Salon de l&#8217;agriculture en toute confiance avec notre guide pratique. Informations sur les billets, les horaires et les secteurs \u00e0 explorer pour une visite optimale.<\/p>","protected":false},"author":1,"featured_media":43042,"comment_status":"closed","ping_status":"open","sticky":false,"template":"","format":"standard","meta":{"ngg_post_thumbnail":0,"footnotes":""},"categories":[477],"tags":[1421,1463,991,199,1460,1455,1464],"class_list":["post-43041","post","type-post","status-publish","format-standard","has-post-thumbnail","hentry","category-france","tag-agriculture","tag-foire","tag-loisirs","tag-patrimoine","tag-producteurs-locaux","tag-production-locale","tag-salon"],"_links":{"self":[{"href":"https:\/\/cparici.com\/de\/wp-json\/wp\/v2\/posts\/43041","targetHints":{"allow":["GET"]}}],"collection":[{"href":"https:\/\/cparici.com\/de\/wp-json\/wp\/v2\/posts"}],"about":[{"href":"https:\/\/cparici.com\/de\/wp-json\/wp\/v2\/types\/post"}],"author":[{"embeddable":true,"href":"https:\/\/cparici.com\/de\/wp-json\/wp\/v2\/users\/1"}],"replies":[{"embeddable":true,"href":"https:\/\/cparici.com\/de\/wp-json\/wp\/v2\/comments?post=43041"}],"version-history":[{"count":0,"href":"https:\/\/cparici.com\/de\/wp-json\/wp\/v2\/posts\/43041\/revisions"}],"wp:featuredmedia":[{"embeddable":true,"href":"https:\/\/cparici.com\/de\/wp-json\/wp\/v2\/media\/43042"}],"wp:attachment":[{"href":"https:\/\/cparici.com\/de\/wp-json\/wp\/v2\/media?parent=43041"}],"wp:term":[{"taxonomy":"category","embeddable":true,"href":"https:\/\/cparici.com\/de\/wp-json\/wp\/v2\/categories?post=43041"},{"taxonomy":"post_tag","embeddable":true,"href":"https:\/\/cparici.com\/de\/wp-json\/wp\/v2\/tags?post=43041"}],"curies":[{"name":"wp","href":"https:\/\/api.w.org\/{rel}","templated":true}]}}