{"id":43286,"date":"2024-09-07T07:48:41","date_gmt":"2024-09-07T05:48:41","guid":{"rendered":"https:\/\/cparici.com\/?p=43286"},"modified":"2025-03-27T06:06:24","modified_gmt":"2025-03-27T05:06:24","slug":"col-du-tourmalet","status":"publish","type":"post","link":"https:\/\/cparici.com\/de\/col-du-tourmalet\/","title":{"rendered":"Col du Tourmalet - ein ber\u00fchmter Pass im Radsport"},"content":{"rendered":"<div data-elementor-type=\"wp-post\" data-elementor-id=\"43286\" class=\"elementor elementor-43286\" data-elementor-post-type=\"post\">\n\t\t\t\t<div class=\"elementor-element elementor-element-0322776 e-flex e-con-boxed e-con e-parent\" data-id=\"0322776\" data-element_type=\"container\" data-e-type=\"container\">\n\t\t\t\t\t<div class=\"e-con-inner\">\n\t\t\t\t<div class=\"elementor-element elementor-element-21444ec elementor-widget elementor-widget-image\" data-id=\"21444ec\" data-element_type=\"widget\" data-e-type=\"widget\" data-widget_type=\"image.default\">\n\t\t\t\t\t\t\t\t\t\t\t\t\t\t\t<img decoding=\"async\" width=\"1500\" height=\"530\" src=\"https:\/\/cparici.com\/wp-content\/uploads\/2024\/09\/col-du-tourmalet-cyclisme.jpg\" class=\"attachment-full size-full wp-image-43287\" alt=\"col du tourmalet - Radfahren\" srcset=\"https:\/\/cparici.com\/wp-content\/uploads\/2024\/09\/col-du-tourmalet-cyclisme.jpg 1500w, https:\/\/cparici.com\/wp-content\/uploads\/2024\/09\/col-du-tourmalet-cyclisme-600x212.jpg 600w, https:\/\/cparici.com\/wp-content\/uploads\/2024\/09\/col-du-tourmalet-cyclisme-300x106.jpg 300w, https:\/\/cparici.com\/wp-content\/uploads\/2024\/09\/col-du-tourmalet-cyclisme-1024x362.jpg 1024w, https:\/\/cparici.com\/wp-content\/uploads\/2024\/09\/col-du-tourmalet-cyclisme-768x271.jpg 768w\" sizes=\"(max-width: 1500px) 100vw, 1500px\" \/>\t\t\t\t\t\t\t\t\t\t\t\t\t\t\t<\/div>\n\t\t\t\t\t<\/div>\n\t\t\t\t<\/div>\n\t\t<div class=\"elementor-element elementor-element-52d4affe e-flex e-con-boxed e-con e-parent\" data-id=\"52d4affe\" data-element_type=\"container\" data-e-type=\"container\">\n\t\t\t\t\t<div class=\"e-con-inner\">\n\t\t\t\t<div class=\"elementor-element elementor-element-433cae33 elementor-widget elementor-widget-text-editor\" data-id=\"433cae33\" data-element_type=\"widget\" data-e-type=\"widget\" data-widget_type=\"text-editor.default\">\n\t\t\t\t\t\t\t\t\t<h1 style=\"text-align: center;\"><span style=\"font-size: 18pt;\"><strong>Tourmalet-Pass<\/strong><\/span><\/h1><p>Die <strong>Tourmalet-Pass<\/strong>, gelegen im Herzen der <a href=\"https:\/\/cparici.com\/de\/pyrenees-montagne\/\"><strong>Franz\u00f6sische Pyren\u00e4en<\/strong><\/a>ist ein wahres Monument f\u00fcr Radfahrer, Wanderer und Geschichtsliebhaber. Mit einer H\u00f6he von 2115 Metern ist er nicht nur ein H\u00f6hepunkt der Pyren\u00e4enroute, sondern auch ein Zeuge der Geschichte des <strong>Tour de France<\/strong> und die wichtigsten Ereignisse in der Region. In diesem Artikel erkunden wir ihre Geschichte, ihre Verbindung zum Radsport, die M\u00f6glichkeiten zum Wandern und die Orte in der Umgebung, die es zu entdecken gilt. F\u00fcr Besucher <a href=\"https:\/\/cparici.com\/de\/besuche-frankreich-fuhrer-der-regionen-und-sehenswurdigkeiten\/\">von <strong>Land<\/strong><\/a>Der Col du Tourmalet ist ein absolutes Muss.<\/p><h2><span style=\"font-size: 18pt;\">Col du Tourmalet \u2013 Qu\u2019est-ce qu\u2019un col en montagne ?<\/span><\/h2><p>Eine <strong>Kragen<\/strong> ist ein nat\u00fcrlicher Durchgang zwischen zwei Bergen, der h\u00e4ufig zur \u00dcberwindung einer Bergkette genutzt wird. In den <strong>Pyren\u00e4en<\/strong>Auf dem Weg durch die Bergregion gibt es zahlreiche P\u00e4sse, die Reisende durchqueren k\u00f6nnen. Diese hochgelegenen \u00dcberg\u00e4nge bieten spektakul\u00e4re Ausblicke und sind oft Schauplatz sportlicher Herausforderungen wie Radfahren oder Wandern. Die <strong>Tourmalet-Pass<\/strong>, en particulier, est l\u2019un des plus c\u00e9l\u00e8bres en raison de son altitude et de sa difficult\u00e9.<\/p><h3>Die geografische Lage des Col du Tourmalet<\/h3><p>Die <strong>Tourmalet-Pass<\/strong> befindet sich in der <a href=\"https:\/\/cparici.com\/de\/franzosische-departements-karte-von-frankreich\/\">Abteilung<\/a> der Hautes-Pyr\u00e9n\u00e9es, in der Region <strong>Okzitanien<\/strong>. Il est localis\u00e9 entre les vall\u00e9es de Campan \u00e0 l\u2019est et de Bar\u00e8ges \u00e0 l\u2019ouest. Ce col est accessible par la <strong>Departementsstra\u00dfe 918<\/strong> und bietet ein au\u00dfergew\u00f6hnliches Panorama auf die umliegenden Berge. Im Winter ist die Stra\u00dfe wegen des Schnees oft gesperrt, aber ab dem Fr\u00fchjahr wird sie zu einem beliebten Ziel f\u00fcr Radfahrer und Wanderer.<\/p><h3>Le Col du Tourmalet et l\u2019Histoire de France<\/h3><p>Abgesehen von seiner geografischen Bedeutung ist der <strong>Tourmalet-Pass<\/strong> est aussi un lieu charg\u00e9 d\u2019histoire. Utilis\u00e9 depuis des si\u00e8cles pour le commerce et les d\u00e9placements, il a vu passer d\u2019innombrables voyageurs. Durant la Seconde Guerre mondiale, le col a m\u00eame jou\u00e9 un r\u00f4le dans les r\u00e9seaux de r\u00e9sistance, permettant de faire passer des informations et des personnes entre la France occup\u00e9e et l\u2019Espagne.<\/p><h2><span style=\"font-size: 18pt;\">Der Col du Tourmalet und die Tour de France<\/span><\/h2><p>Die <strong>Tourmalet-Pass<\/strong> ist untrennbar mit der Legende des <strong>Tour de France<\/strong>. Ce col a \u00e9t\u00e9 gravi pour la premi\u00e8re fois en 1910 lors de l\u2019\u00e9dition du Tour, et depuis, il est devenu un classique incontournable. En fait, il est le col le plus franchi de l\u2019histoire de la course avec plus de 80 passages \u00e0 ce jour.<\/p><h3>Sieger und Anekdoten<\/h3><p>Parmi les cyclistes ayant marqu\u00e9 l\u2019histoire du Tour au <strong>Tourmalet-Pass<\/strong>Zu den Legenden geh\u00f6ren <strong>Eddy Merckx<\/strong> oder <strong>Fausto Coppi<\/strong>. Une anecdote c\u00e9l\u00e8bre raconte que lors du premier passage en 1910, Octave Lapize, ext\u00e9nu\u00e9, avait qualifi\u00e9 les organisateurs de \u00ab criminels \u00bb en raison de la difficult\u00e9 de l\u2019ascension. Ce qui est s\u00fbr, c\u2019est que ce col est devenu un symbole de courage et de d\u00e9termination pour les cyclistes du monde entier.<\/p><h3>Wanderungen und Spazierg\u00e4nge am Col du Tourmalet<\/h3><p>F\u00fcr diejenigen, die den <strong>Tourmalet<\/strong> zu Fu\u00df, viele Wanderwege von <a href=\"https:\/\/cparici.com\/de\/die-besten-wanderungen-in-frankreich-fuhrer\/\">Wanderung<\/a> erm\u00f6glichen es, diese wilde und spektakul\u00e4re Region zu erkunden. Zu den beliebtesten Strecken geh\u00f6ren :<\/p><ul><li><strong>Die Wanderung zum Pic du Midi de Bigorre<\/strong> : Un itin\u00e9raire qui m\u00e8ne \u00e0 l\u2019observatoire du Pic du Midi, offrant une vue imprenable sur la cha\u00eene des Pyr\u00e9n\u00e9es.<\/li><li><strong>Der Pfad der <a href=\"https:\/\/cparici.com\/de\/lacs-de-france\/\">Seen<\/a> d\u2019Isaby<\/strong> : Auf dieser leichten Wanderung k\u00f6nnen Sie die wundersch\u00f6nen Bergseen entdecken, die sich unweit des Passes befinden.<\/li><li><strong>Der GR10<\/strong> : Ce c\u00e9l\u00e8bre sentier de grande randonn\u00e9e traverse le col et permet de marcher d\u2019une vall\u00e9e \u00e0 l\u2019autre.<\/li><\/ul><p>Ces balades offrent des panoramas exceptionnels sur les Pyr\u00e9n\u00e9es et permettent de s\u2019impr\u00e9gner de la beaut\u00e9 sauvage de cette r\u00e9gion.<\/p><h3>Sehensw\u00fcrdigkeiten und Gemeinden rund um den Tourmalet<\/h3><p>Rund um den <strong>Tourmalet-Pass<\/strong>Es gibt viele D\u00f6rfer und Sehensw\u00fcrdigkeiten, die einen Besuch wert sind:<\/p><ul><li><strong>Bar\u00e8ges<\/strong> : Cette petite station thermale est situ\u00e9e \u00e0 l\u2019ouest du col et propose des bains relaxants apr\u00e8s une journ\u00e9e de randonn\u00e9e ou de v\u00e9lo.<\/li><li><strong>La Mongie<\/strong> : Ber\u00fchmter Skiort im Winter, ist er der Ausgangspunkt f\u00fcr den Zugang zum <strong>Pic du Midi<\/strong> mit der Seilbahn.<\/li><li><strong>Campan<\/strong> : Ein charmantes Dorf mit einem reichen Kulturerbe, das vor allem f\u00fcr seine ber\u00fchmten \"Mounaques\", handgefertigte Puppen, bekannt ist.<\/li><\/ul><p>Die <strong>Pic du Midi de Bigorre<\/strong>, accessible depuis le col, est l\u2019une des attractions majeures de la r\u00e9gion. Il abrite un observatoire astronomique et un mus\u00e9e d\u00e9di\u00e9 aux sciences de l\u2019espace. \u00c0 une altitude de 2 877 m\u00e8tres, il offre une vue \u00e0 couper le souffle sur les Pyr\u00e9n\u00e9es.<\/p><h2><span style=\"font-size: 18pt;\">H\u00e4ufig gestellte Fragen<\/span><\/h2><h3>Warum ist der Col du Tourmalet ber\u00fchmt?<\/h3><p>Die <strong>Tourmalet-Pass<\/strong> est mondialement connu pour \u00eatre l\u2019un des cols les plus gravis dans l\u2019histoire du <strong>Tour de France<\/strong>. Sein Schwierigkeitsgrad und seine H\u00f6he machen ihn zu einer gro\u00dfen Herausforderung f\u00fcr Radfahrer.<\/p><h3>Wann ist die beste Zeit, um den Pass zu besuchen?<\/h3><p>Die beste Zeit f\u00fcr einen Besuch des <strong>Tourmalet-Pass<\/strong> ist von Juni bis September, wenn der Schnee geschmolzen ist und die Stra\u00dfe f\u00fcr Fahrzeuge ge\u00f6ffnet ist.<\/p><h3>Kann man am Col du Tourmalet Fahrrad fahren?<\/h3><p>Ja, der <strong>Tourmalet-Pass<\/strong> ist eine gro\u00dfe Herausforderung f\u00fcr Radfahrer. Viele Radsportbegeisterte reisen jeden Sommer dorthin, um sich an diesem legend\u00e4ren Anstieg zu messen.<\/p><h3>Welche Wanderungen kann man rund um den Tourmalet machen?<\/h3><p>Es gibt mehrere Wanderwege um den Pass herum, darunter der Aufstieg zum <strong>Pic du Midi de Bigorre<\/strong> et les lacs d\u2019Isaby. Le <strong><a href=\"https:\/\/cparici.com\/de\/fernwanderwege-in-frankreich\/\">GR<\/a>10<\/strong> ist auch eine Option f\u00fcr erfahrene Wanderer.<\/p><h3>Welche St\u00e4dte kann man in der Umgebung von Tourmalet besuchen?<\/h3><p>Die St\u00e4dte in <strong>Bar\u00e8ges<\/strong>, <strong>La Mongie<\/strong> und <strong>Campan<\/strong> sind ideale Ausgangspunkte f\u00fcr die Erkundung des <strong>Tourmalet-Pass<\/strong>.<\/p><h3>Schlussfolgerung<\/h3><p>Die <strong>Tourmalet-Pass<\/strong> est bien plus qu\u2019un simple col de montagne. Il est un symbole de d\u00e9fi pour les cyclistes, un lieu riche en histoire, et une porte d\u2019entr\u00e9e vers les merveilles naturelles des <strong>Pyren\u00e4en<\/strong>. Que vous soyez passionn\u00e9 de randonn\u00e9e, de v\u00e9lo, ou simplement \u00e0 la recherche d\u2019une escapade paisible en pleine nature, le <strong>Tourmalet-Pass<\/strong> wird Sie begeistern.<\/p><p>Weitere Informationen \u00fcber die Geschichte der Pyren\u00e4en finden Sie unter <a href=\"https:\/\/fr.wikipedia.org\/wiki\/Tourmalet\" target=\"_new\" rel=\"noopener\">dieser Artikel<\/a>.<\/p>\t\t\t\t\t\t\t\t<\/div>\n\t\t\t\t\t<\/div>\n\t\t\t\t<\/div>\n\t\t\t\t<\/div>","protected":false},"excerpt":{"rendered":"<p>Erfahren Sie mehr \u00fcber den Col du Tourmalet, den ber\u00fchmten Pyren\u00e4enpass, seine Geschichte, seine Verbindung zur Tour de France und die unumg\u00e4nglichen Wanderungen, die Sie unternehmen sollten.<\/p>","protected":false},"author":1,"featured_media":43287,"comment_status":"closed","ping_status":"open","sticky":false,"template":"elementor_header_footer","format":"standard","meta":{"ngg_post_thumbnail":0,"footnotes":""},"categories":[1512,477,1165],"tags":[1513,1358,1357],"class_list":["post-43286","post","type-post","status-publish","format-standard","has-post-thumbnail","hentry","category-hautes-pyrenees","category-france","category-occitanie","tag-col-de-montagne","tag-massif-montagneux","tag-montagne"],"_links":{"self":[{"href":"https:\/\/cparici.com\/de\/wp-json\/wp\/v2\/posts\/43286","targetHints":{"allow":["GET"]}}],"collection":[{"href":"https:\/\/cparici.com\/de\/wp-json\/wp\/v2\/posts"}],"about":[{"href":"https:\/\/cparici.com\/de\/wp-json\/wp\/v2\/types\/post"}],"author":[{"embeddable":true,"href":"https:\/\/cparici.com\/de\/wp-json\/wp\/v2\/users\/1"}],"replies":[{"embeddable":true,"href":"https:\/\/cparici.com\/de\/wp-json\/wp\/v2\/comments?post=43286"}],"version-history":[{"count":0,"href":"https:\/\/cparici.com\/de\/wp-json\/wp\/v2\/posts\/43286\/revisions"}],"wp:featuredmedia":[{"embeddable":true,"href":"https:\/\/cparici.com\/de\/wp-json\/wp\/v2\/media\/43287"}],"wp:attachment":[{"href":"https:\/\/cparici.com\/de\/wp-json\/wp\/v2\/media?parent=43286"}],"wp:term":[{"taxonomy":"category","embeddable":true,"href":"https:\/\/cparici.com\/de\/wp-json\/wp\/v2\/categories?post=43286"},{"taxonomy":"post_tag","embeddable":true,"href":"https:\/\/cparici.com\/de\/wp-json\/wp\/v2\/tags?post=43286"}],"curies":[{"name":"wp","href":"https:\/\/api.w.org\/{rel}","templated":true}]}}