{"id":43325,"date":"2024-09-09T22:12:23","date_gmt":"2024-09-09T20:12:23","guid":{"rendered":"https:\/\/cparici.com\/?p=43325"},"modified":"2025-08-21T18:12:31","modified_gmt":"2025-08-21T16:12:31","slug":"mandelieu-la-napoule","status":"publish","type":"post","link":"https:\/\/cparici.com\/de\/mandelieu-la-napoule\/","title":{"rendered":"Mandelieu la Napoule - Vollst\u00e4ndiger Reisef\u00fchrer"},"content":{"rendered":"\t\t<div data-elementor-type=\"wp-post\" data-elementor-id=\"43325\" class=\"elementor elementor-43325\" data-elementor-post-type=\"post\">\n\t\t\t\t<div class=\"elementor-element elementor-element-2dd1543 e-con-full e-flex e-con e-parent\" data-id=\"2dd1543\" data-element_type=\"container\" data-e-type=\"container\">\n\t\t\t\t<div class=\"elementor-element elementor-element-34fbfa8 elementor-widget elementor-widget-image\" data-id=\"34fbfa8\" data-element_type=\"widget\" data-e-type=\"widget\" data-widget_type=\"image.default\">\n\t\t\t\t\t\t\t\t\t\t\t\t\t\t\t<img decoding=\"async\" width=\"1500\" height=\"530\" src=\"https:\/\/cparici.com\/wp-content\/uploads\/2024\/09\/mandelieu-la-napoule.jpg\" class=\"attachment-full size-full wp-image-43333\" alt=\"mandelieu la napoule\" srcset=\"https:\/\/cparici.com\/wp-content\/uploads\/2024\/09\/mandelieu-la-napoule.jpg 1500w, https:\/\/cparici.com\/wp-content\/uploads\/2024\/09\/mandelieu-la-napoule-600x212.jpg 600w, https:\/\/cparici.com\/wp-content\/uploads\/2024\/09\/mandelieu-la-napoule-300x106.jpg 300w, https:\/\/cparici.com\/wp-content\/uploads\/2024\/09\/mandelieu-la-napoule-1024x362.jpg 1024w, https:\/\/cparici.com\/wp-content\/uploads\/2024\/09\/mandelieu-la-napoule-768x271.jpg 768w\" sizes=\"(max-width: 1500px) 100vw, 1500px\" \/>\t\t\t\t\t\t\t\t\t\t\t\t\t\t\t<\/div>\n\t\t\t\t<\/div>\n\t\t<aside class=\"elementor-element elementor-element-e970c51 e-flex e-con-boxed e-con e-parent\" data-id=\"e970c51\" data-element_type=\"container\" data-e-type=\"container\">\n\t\t\t\t\t<div class=\"e-con-inner\">\n\t\t\t\t<div class=\"elementor-element elementor-element-475b8fa elementor-widget elementor-widget-global elementor-global-62046 elementor-widget-eael-advanced-search\" data-id=\"475b8fa\" data-element_type=\"widget\" data-e-type=\"widget\" data-widget_type=\"eael-advanced-search.default\">\n\t\t\t\t\t        <div class=\"eael-adv-search-wrapper\">\n            <div id=\"eael-advanced-search-widget-475b8fa\" class=\"eael-advanced-search-widget\">\n                <form data-settings=\"{&quot;post_per_page&quot;:5,&quot;search_among_taxonomies&quot;:&quot;&quot;,&quot;search_among_sku&quot;:&quot;no&quot;,&quot;show_popular_keyword&quot;:0,&quot;show_category&quot;:0,&quot;show_content_image&quot;:1,&quot;show_search_result_all_results&quot;:0,&quot;result_on_new_tab&quot;:&quot;no&quot;,&quot;show_product_price&quot;:&quot;no&quot;,&quot;include_current_page&quot;:&quot;no&quot;,&quot;current_post_id&quot;:43325,&quot;post_type&quot;:[&quot;post&quot;,&quot;listing&quot;]}\" method=\"POST\" name=\"eael-advanced-search-form-475b8fa\" class=\"eael-advanced-search-form eael-advanced-search-form-style-2\">\n                    <div class=\"eael-advanced-search-wrap\">\n                        <span class=\"eael-adv-search-loader\"><\/span>\n                        <span class=\"eael-adv-search-close\"><i class=\"fas fa-times\"><\/i><\/span>\n                        <span class=\"icon \"><i class=\"fas fa-search\"><\/i><\/span>\n\n                        <input type=\"text\"\n                               placeholder=\"Votre destination\"\n                               class=\"eael-advanced-search\" autocomplete=\"off\" name=\"eael_advanced_search\">\n                    <\/div>\n\t\t\t\t\t                                    <\/form>\n\n\t\t\t\t\n\t\t\t\t        <div class=\"eael-advanced-search-result\">\n            <div class=\"eael-advanced-search-popular-keyword\">\n\t\t\t\t<h4 class=\"eael-advanced-search-popular-keyword-text\">Recherches populaires<\/h4>                <div class=\"eael-popular-keyword-content\"><\/div>\n            <\/div>\n            <div class=\"eael-advanced-search-category\">\n\t\t\t\t<h4 class=\"eael-advanced-search-category-text\">Categories<\/h4>                <div class=\"eael-popular-category-content\"><\/div>\n            <\/div>\n\t\t\t<div class=\"eael-advanced-search-total-results-section\">\n\t\t\t\t\t\t\t<\/div>\n            <div class=\"eael-advanced-search-content eael-item-style-3\">\n            <\/div>\n            <div class=\"eael-advanced-search-not-found\">\n                <p>Pas de r\u00e9sultats<\/p><\/div>\n            <div class=\"eael-advanced-search-load-more\">\n\t\t\t\t<a \tclass=\"eael-advanced-search-load-more-button\"\n                \thref=\"#\">Voir tous les r\u00e9sultats<\/a>\n            <\/div>\n        <\/div>\n\n\t\t            <\/div>\n        <\/div>\n\n\t\t\t\t\t\t<\/div>\n\t\t\t\t\t<\/div>\n\t\t\t\t<\/aside>\n\t\t<div class=\"elementor-element elementor-element-2fdd267a e-flex e-con-boxed e-con e-parent\" data-id=\"2fdd267a\" data-element_type=\"container\" data-e-type=\"container\">\n\t\t\t\t\t<div class=\"e-con-inner\">\n\t\t\t\t<div class=\"elementor-element elementor-element-525b1787 elementor-widget elementor-widget-text-editor\" data-id=\"525b1787\" data-element_type=\"widget\" data-e-type=\"widget\" data-widget_type=\"text-editor.default\">\n\t\t\t\t\t\t\t\t\t<h1 style=\"text-align: center;\"><span style=\"font-size: 18pt;\"><strong>Mandelieu la Napoule<\/strong><\/span><\/h1><p>Situ\u00e9e entre <a href=\"https:\/\/cparici.com\/fr\/cannes-guide\/\"><strong>Cannes<\/strong><\/a> et les montagnes de l\u2019Esterel, <strong>Mandelieu-la-Napoule<\/strong> est une charmante commune du sud de la <a href=\"https:\/\/cparici.com\/fr\/visiter-la-france-guide-des-regions-et-sites-touristiques\/\">France<\/a>. Connue pour son cadre exceptionnel et son <a href=\"https:\/\/cparici.com\/fr\/patrimoine-de-france\/\">patrimoine<\/a> historique, cette ville attire les visiteurs du monde entier. Dans cet article, nous vous proposons de d\u00e9couvrir <strong>Mandelieu-la-Napoule<\/strong> sous tous ses angles, de ses monuments embl\u00e9matiques \u00e0 ses activit\u00e9s sportives et culturelles.<\/p><h2><span style=\"font-size: 18pt;\">Mandelieu-la-Napoule : Guide complet pour d\u00e9couvrir la perle de la C\u00f4te d\u2019Azur<\/span><\/h2><h4>Situation g\u00e9ographique de Mandelieu-la-Napoule<\/h4><p><strong>Mandelieu-la-Napoule<\/strong> est une ville de la <a href=\"https:\/\/cparici.com\/fr\/13-regions-de-france-le-guide\/\">r\u00e9gion<\/a> <strong>Provence-Alpes-C\u00f4te d\u2019Azur<\/strong>, situ\u00e9e dans le <a href=\"https:\/\/cparici.com\/fr\/departements-francais-carte-de-france\/\">d\u00e9partement<\/a> des <a href=\"https:\/\/cparici.com\/fr\/alpes-maritimes\/\"><strong>Alpes-Maritimes<\/strong><\/a>. Elle se trouve \u00e0 environ 7 kilom\u00e8tres de <strong>Cannes<\/strong> et \u00e0 une quarantaine de kilom\u00e8tres de <strong>Nice<\/strong>. La ville est bord\u00e9e par la M\u00e9diterran\u00e9e au sud et par le massif de l\u2019Est\u00e9rel \u00e0 l\u2019ouest, offrant ainsi un cadre naturel privil\u00e9gi\u00e9.<\/p><p>Pour en savoir plus sur la r\u00e9gion <a href=\"https:\/\/cparici.com\/fr\/provence-alpes-cote-dazur\/\">Provence Alpes C\u00f4te d\u2019Azur, lisez notre article d\u00e9taill\u00e9 ici.<\/a><\/p><h4>Communes environnantes<\/h4><p>Les communes voisines de <strong>Mandelieu-la-Napoule<\/strong> sont <strong>Th\u00e9oule-sur-Mer<\/strong>, <strong>Cannes<\/strong>, <strong>P\u00e9gomas<\/strong> et <strong>Auribeau-sur-Siagne<\/strong>. Ces localit\u00e9s, tout aussi charmantes, sont id\u00e9ales pour des excursions d\u2019une journ\u00e9e. <strong>Th\u00e9oule-sur-Mer<\/strong> est particuli\u00e8rement appr\u00e9ci\u00e9e pour ses criques et ses plages, tandis que <strong>Cannes<\/strong> est mondialement c\u00e9l\u00e8bre pour son festival du film et son ambiance glamour.<\/p><h2><span style=\"font-size: 18pt;\">Les monuments et sites \u00e0 visiter \u00e0 Mandelieu-la-Napoule<\/span><\/h2><h3>Le Ch\u00e2teau de la Napoule<\/h3><p>Le <strong>Ch\u00e2teau de la Napoule<\/strong> est sans doute le <a href=\"https:\/\/cparici.com\/fr\/les-monuments-historiques-en-france\/\">monument<\/a> le plus embl\u00e9matique de la ville. Ce ch\u00e2teau m\u00e9di\u00e9val, reconstruit au d\u00e9but du XXe si\u00e8cle par un couple d\u2019artistes am\u00e9ricains, surplombe la mer et offre une vue imprenable sur la baie. En plus des jardins, class\u00e9s \u201cjardins remarquables\u201d, le ch\u00e2teau abrite \u00e9galement un mus\u00e9e d\u2019art.<\/p><h3>La <a href=\"https:\/\/cparici.com\/fr\/cote-dazur-french-riviera\/\">C\u00f4te d\u2019Azur<\/a> au fil des si\u00e8cles<\/h3><p>Les passionn\u00e9s d\u2019<a href=\"https:\/\/cparici.com\/fr\/histoire-de-france\/\">histoire<\/a> appr\u00e9cieront une visite du <strong>Mus\u00e9e des Arts et Traditions Populaires<\/strong> de Mandelieu, qui retrace l\u2019histoire de la r\u00e9gion, du Moyen \u00c2ge \u00e0 nos jours.<\/p><h3>Les plages de Mandelieu-la-Napoule<\/h3><p>Les <a href=\"https:\/\/cparici.com\/fr\/plages-en-france\/\">plages<\/a> de <strong>Mandelieu-la-Napoule<\/strong> sont incontournables. Parmi les plus pris\u00e9es, la <strong>plage de la Raguette<\/strong> et la <strong>plage du Ch\u00e2teau<\/strong> offrent des eaux cristallines et des vues \u00e0 couper le souffle. Vous pourrez profiter d\u2019activit\u00e9s nautiques telles que le jet-ski, la voile ou le paddle.<\/p><h2><span style=\"font-size: 18pt;\">Les randonn\u00e9es autour de Mandelieu-la-Napoule<\/span><\/h2><h3>Le Massif de l\u2019Est\u00e9rel<\/h3><p>Pour les amateurs de nature, <strong>le massif de l\u2019Est\u00e9rel<\/strong> est un lieu de randonn\u00e9e id\u00e9al. Ce <a href=\"https:\/\/cparici.com\/fr\/montagnes-et-massifs-montagneux-en-france\/\">massif<\/a> de roches rouges offre des sentiers vari\u00e9s, accessibles \u00e0 tous les niveaux, avec des vues panoramiques sur la M\u00e9diterran\u00e9e. Les randonn\u00e9es comme celle du <strong>Pic de l\u2019Ours<\/strong> ou du <strong>Mont Vinaigre<\/strong> sont incontournables.<\/p><h3>Les sentiers c\u00f4tiers<\/h3><p>Si vous pr\u00e9f\u00e9rez les promenades en bord de mer, vous pourrez emprunter les <strong>sentiers c\u00f4tiers<\/strong> qui longent le <a href=\"https:\/\/cparici.com\/fr\/littoral-francais\/\">littoral<\/a> entre Mandelieu et Th\u00e9oule-sur-Mer, vous offrant des points de vue spectaculaires sur la mer et les criques cach\u00e9es.<\/p><h2><span style=\"font-size: 18pt;\">Les activit\u00e9s culturelles et sportives \u00e0 Mandelieu-la-Napoule<\/span><\/h2><h3>Activit\u00e9s sportives<\/h3><p>La ville propose une large gamme d\u2019<a href=\"https:\/\/cparici.com\/fr\/sports-en-france-guide-complet\/\">activit\u00e9s sportives<\/a>. Le <strong>golf Old Course<\/strong>, l\u2019un des plus anciens de la C\u00f4te d\u2019Azur, attire de nombreux amateurs. Pour les passionn\u00e9s de <a href=\"https:\/\/cparici.com\/fr\/sport-nautique-activites-nautiques-france\/\">sports nautiques<\/a>, la baie de Mandelieu est propice \u00e0 la pratique de la voile, du paddle et du jet-ski.<\/p><h3>Activit\u00e9s culturelles<\/h3><p>C\u00f4t\u00e9 culture, <strong>Mandelieu-la-Napoule<\/strong> organise plusieurs festivals et \u00e9v\u00e9nements tout au long de l\u2019ann\u00e9e, notamment la <strong>F\u00eate du Mimosa<\/strong> en f\u00e9vrier, qui c\u00e9l\u00e8bre cette fleur embl\u00e9matique de la r\u00e9gion.<\/p><h2><span style=\"font-size: 18pt;\">Le cin\u00e9ma \u00e0 Mandelieu-la-Napoule : informations pratiques<\/span><\/h2><p>Le <strong>Cin\u00e9ma Le Rex<\/strong> est le principal cin\u00e9ma de Mandelieu-la-Napoule. Situ\u00e9 en plein centre-ville, il propose une programmation vari\u00e9e, allant des films grand public aux \u0153uvres plus confidentielles. Il dispose de plusieurs salles modernes \u00e9quip\u00e9es des derni\u00e8res technologies. Pour ceux qui veulent allier plaisir de la plage et cin\u00e9ma, c\u2019est l\u2019endroit id\u00e9al pour une soir\u00e9e d\u00e9tente apr\u00e8s une journ\u00e9e bien remplie.<\/p><h2><span style=\"font-size: 18pt;\">Les restaurants \u00e0 Mandelieu-la-Napoule<\/span><\/h2><p>Mandelieu-la-Napoule regorge de restaurants o\u00f9 vous pourrez profiter de la <a href=\"https:\/\/cparici.com\/fr\/gastronomie-en-france-cuisine-francaise\/\">gastronomie fran\u00e7aise<\/a> et d\u00e9guster des sp\u00e9cialit\u00e9s m\u00e9diterran\u00e9ennes. Voici quelques suggestions :<\/p><ul><li><strong>La Rotonde<\/strong> : un restaurant en bord de mer r\u00e9put\u00e9 pour ses fruits de mer et poissons frais.<\/li><li><strong>Le Sweet<\/strong> : pour une cuisine plus moderne et inventive avec vue sur la mer.<\/li><li><strong>La Mandarine<\/strong> : un restaurant familial proposant des plats typiques de la r\u00e9gion.<\/li><\/ul><p>Que vous soyez amateur de cuisine traditionnelle ou de nouvelles saveurs, vous trouverez forc\u00e9ment votre bonheur dans cette ville.<\/p><h2><span style=\"font-size: 18pt;\">Les h\u00f4tels \u00e0 Mandelieu-la-Napoule<\/span><\/h2><p>Pour votre s\u00e9jour \u00e0 dans la ville, plusieurs options s\u2019offrent \u00e0 vous en termes d\u2019h\u00e9bergement.<\/p><ul><li><strong>Pullman Cannes Mandelieu Royal Casino<\/strong> : un h\u00f4tel 4 \u00e9toiles situ\u00e9 en bord de mer avec piscine, casino et salle de sport.<\/li><li><strong>H\u00f4tel Ermitage du Riou<\/strong> : un h\u00f4tel de charme avec vue sur le port de La Napoule, id\u00e9al pour un s\u00e9jour romantique.<\/li><li><strong>Ibis Cannes Mandelieu<\/strong> : une option plus abordable, mais tout aussi confortable, en plein centre-ville.<\/li><\/ul><h2><span style=\"font-size: 18pt;\">L\u2019artisanat et les cr\u00e9ateurs \u00e0 Mandelieu-la-Napoule<\/span><\/h2><p><strong>La ville<\/strong>\u00a0soutient l\u2019<a href=\"https:\/\/cparici.com\/fr\/artisanat-local-petits-artisans-en-france\/\">artisanat local<\/a> et abrite de nombreux cr\u00e9ateurs. Parmi eux, on retrouve des bijoutiers, c\u00e9ramistes et cr\u00e9ateurs de mode qui vous proposeront des objets uniques et faits main. Lors de la <strong>F\u00eate du Mimosa<\/strong>, plusieurs artisans locaux exposent leurs cr\u00e9ations, mettant en avant leur savoir-faire.<\/p><h2><span style=\"font-size: 18pt;\">Le d\u00e9partement des Alpes-Maritimes et la r\u00e9gion Provence-Alpes-C\u00f4te d\u2019Azur<\/span><\/h2><p><strong>Mandelieu-la-Napoule<\/strong> fait partie du d\u00e9partement des <strong>Alpes-Maritimes<\/strong>, une r\u00e9gion qui s\u2019\u00e9tend de la c\u00f4te m\u00e9diterran\u00e9enne aux montagnes alpines. La diversit\u00e9 des paysages de la r\u00e9gion <strong>Provence-Alpes-C\u00f4te d\u2019Azur<\/strong> en fait une destination pris\u00e9e des touristes. Vous y trouverez \u00e0 la fois des plages, des montagnes, des villages perch\u00e9s et des villes historiques comme <strong>Nice<\/strong>, <strong>Antibes<\/strong> et <strong>Grasse<\/strong>.<\/p><h2><span style=\"font-size: 18pt;\">FAQ sur Mandelieu-la-Napoule<\/span><\/h2><h3>Quelles sont les meilleures plages \u00e0 Mandelieu-la-Napoule ?<\/h3><p>Les plages de <strong>la Raguette<\/strong> et du <strong>Ch\u00e2teau<\/strong> sont parmi les plus populaires, avec des eaux limpides et un cadre idyllique.<\/p><h3>Quel est le meilleur moment pour visiter Mandelieu-la-Napoule ?<\/h3><p>Le printemps et l\u2019automne sont des p\u00e9riodes id\u00e9ales pour visiter, avec des temp\u00e9ratures agr\u00e9ables et moins de touristes qu\u2019en \u00e9t\u00e9.<\/p><h3>Y a-t-il des randonn\u00e9es pr\u00e8s de Mandelieu-la-Napoule ?<\/h3><p>Oui, le <strong>massif de l\u2019Est\u00e9rel<\/strong> propose de nombreux sentiers de randonn\u00e9e avec des vues panoramiques sur la M\u00e9diterran\u00e9e.<\/p><h3>O\u00f9 se trouve le Ch\u00e2teau de la Napoule ?<\/h3><p>Le <strong>Ch\u00e2teau de la Napoule<\/strong> est situ\u00e9 au bord de la mer, \u00e0 la sortie ouest de la ville, pr\u00e8s de la plage du m\u00eame nom.<\/p><h3>Quels sont les \u00e9v\u00e9nements culturels \u00e0 Mandelieu-la-Napoule ?<\/h3><p>La <strong>F\u00eate du Mimosa<\/strong> en f\u00e9vrier est l\u2019un des \u00e9v\u00e9nements les plus embl\u00e9matiques de la ville, c\u00e9l\u00e9brant cette fleur embl\u00e9matique de la r\u00e9gion.<\/p><h2><span style=\"font-size: 18pt;\">Conclusion<\/span><\/h2><p>En somme, <strong>Mandelieu-la-Napoule<\/strong> est une destination incontournable pour les amoureux de la nature, de la culture et de l\u2019histoire. Que vous soyez \u00e0 la recherche de d\u00e9tente sur ses plages, d\u2019aventure dans le massif de l\u2019Est\u00e9rel ou d\u2019une immersion culturelle, cette ville saura vous s\u00e9duire.<\/p><p>Pour en savoir plus sur la r\u00e9gion, visitez l\u2019article sur <a href=\"https:\/\/fr.wikipedia.org\/wiki\/Provence-Alpes-C%C3%B4te_d&#039;Azur\" target=\"_new\" rel=\"noopener\">la r\u00e9gion Provence-Alpes-C\u00f4te d\u2019Azur<\/a>.<\/p>\t\t\t\t\t\t\t\t<\/div>\n\t\t\t\t\t<\/div>\n\t\t\t\t<\/div>\n\t\t<aside class=\"elementor-element elementor-element-f94fc98 e-flex e-con-boxed e-con e-parent\" data-id=\"f94fc98\" data-element_type=\"container\" data-e-type=\"container\">\n\t\t\t\t\t<div class=\"e-con-inner\">\n\t\t\t\t<div class=\"elementor-element elementor-element-561e52f elementor-widget elementor-widget-listeo-posts-grid\" data-id=\"561e52f\" data-element_type=\"widget\" data-e-type=\"widget\" data-widget_type=\"listeo-posts-grid.default\">\n\t\t\t\t<div class=\"elementor-widget-container\">\n\t\t\t\t\t\t\t\n\t\t<div class=\"listeo-post-grid-wrapper\">\n\t\t\t<div class=\"row\">\n\n\t\t\t\n\n\t\t\t\t\t\t\t<div class=\"col-md-4\">\n                <a href=\"https:\/\/cparici.com\/de\/chateauneuf-du-pape\/\" class=\"blog-compact-item-container\">\n                    <div class=\"blog-compact-item\">\n                        <img decoding=\"async\" width=\"577\" height=\"204\" src=\"https:\/\/cparici.com\/wp-content\/uploads\/2024\/09\/cparici-87-577x204.jpg\" class=\"attachment-listeo-blog-related-post size-listeo-blog-related-post wp-post-image\" alt=\"Ch\u00e2teauneuf du Pape\" srcset=\"https:\/\/cparici.com\/wp-content\/uploads\/2024\/09\/cparici-87-577x204.jpg 577w, https:\/\/cparici.com\/wp-content\/uploads\/2024\/09\/cparici-87-300x106.jpg 300w, https:\/\/cparici.com\/wp-content\/uploads\/2024\/09\/cparici-87-1024x362.jpg 1024w, https:\/\/cparici.com\/wp-content\/uploads\/2024\/09\/cparici-87-768x271.jpg 768w, https:\/\/cparici.com\/wp-content\/uploads\/2024\/09\/cparici-87-590x208.jpg 590w, https:\/\/cparici.com\/wp-content\/uploads\/2024\/09\/cparici-87-1200x424.jpg 1200w, https:\/\/cparici.com\/wp-content\/uploads\/2024\/09\/cparici-87-600x212.jpg 600w, https:\/\/cparici.com\/wp-content\/uploads\/2024\/09\/cparici-87.jpg 1500w\" sizes=\"(max-width: 577px) 100vw, 577px\" \/><span class=\"blog-item-tag\">Chateauneuf-du-pape<\/span>                        \n                        <div class=\"blog-compact-item-content\">\n                                                        <h3>Ch\u00e2teauneuf-du-Pape \u2013 un joyau du Vaucluse<\/h3>\n                                                        <p>Ch\u00e2teauneuf-du-Pape : D\u00e9couvrez son patrimoine, ses vignobles renomm\u00e9s, ses activit\u00e9s culturelles et sportives, ainsi que...                            <\/p>\n                                                    <\/div>\n                    <\/div>\n                <\/a>\n            <\/div>\n\t\t\t<div class=\"col-md-4\">\n                <a href=\"https:\/\/cparici.com\/de\/var-departement\/\" class=\"blog-compact-item-container\">\n                    <div class=\"blog-compact-item\">\n                        <img decoding=\"async\" width=\"577\" height=\"225\" src=\"https:\/\/cparici.com\/wp-content\/uploads\/2024\/06\/Var-departement.jpg\" class=\"attachment-listeo-blog-related-post size-listeo-blog-related-post wp-post-image\" alt=\"Var D\u00e9partement\" srcset=\"https:\/\/cparici.com\/wp-content\/uploads\/2024\/06\/Var-departement.jpg 1500w, https:\/\/cparici.com\/wp-content\/uploads\/2024\/06\/Var-departement-600x234.jpg 600w, https:\/\/cparici.com\/wp-content\/uploads\/2024\/06\/Var-departement-300x117.jpg 300w, https:\/\/cparici.com\/wp-content\/uploads\/2024\/06\/Var-departement-1024x399.jpg 1024w, https:\/\/cparici.com\/wp-content\/uploads\/2024\/06\/Var-departement-768x299.jpg 768w\" sizes=\"(max-width: 577px) 100vw, 577px\" \/><span class=\"blog-item-tag\">D\u00e9partement de France<\/span>                        \n                        <div class=\"blog-compact-item-content\">\n                                                        <h3>Var \u2013 guide complet pour visiter le d\u00e9partement<\/h3>\n                                                        <p>Le d\u00e9partement Var vous attend avec ses paysages vari\u00e9s, son patrimoine historique et ses sp\u00e9cialit\u00e9s...                            <\/p>\n                                                    <\/div>\n                    <\/div>\n                <\/a>\n            <\/div>\n\t\t\t<div class=\"col-md-4\">\n                <a href=\"https:\/\/cparici.com\/de\/provence-alpes-cote-dazur\/\" class=\"blog-compact-item-container\">\n                    <div class=\"blog-compact-item\">\n                        <img decoding=\"async\" width=\"577\" height=\"226\" src=\"https:\/\/cparici.com\/wp-content\/uploads\/2024\/06\/provence-alpes-cote-dazur.jpg\" class=\"attachment-listeo-blog-related-post size-listeo-blog-related-post wp-post-image\" alt=\"provence alpes cote d&#039;azur\" srcset=\"https:\/\/cparici.com\/wp-content\/uploads\/2024\/06\/provence-alpes-cote-dazur.jpg 1500w, https:\/\/cparici.com\/wp-content\/uploads\/2024\/06\/provence-alpes-cote-dazur-600x235.jpg 600w, https:\/\/cparici.com\/wp-content\/uploads\/2024\/06\/provence-alpes-cote-dazur-300x118.jpg 300w, https:\/\/cparici.com\/wp-content\/uploads\/2024\/06\/provence-alpes-cote-dazur-1024x401.jpg 1024w, https:\/\/cparici.com\/wp-content\/uploads\/2024\/06\/provence-alpes-cote-dazur-768x301.jpg 768w\" sizes=\"(max-width: 577px) 100vw, 577px\" \/><span class=\"blog-item-tag\">France<\/span>                        \n                        <div class=\"blog-compact-item-content\">\n                                                        <h3>Provence Alpes C\u00f4te d\u2019Azur : destination incontournable<\/h3>\n                                                        <p>La r\u00e9gion Provence alpes c\u00f4te d'azur vous r\u00e9serve de belles surprises. Du Luberon \u00e0 la...                            <\/p>\n                                                    <\/div>\n                    <\/div>\n                <\/a>\n            <\/div>\n  <\/div>\n        <\/div>\n        \t\t\t\t<\/div>\n\t\t\t\t<\/div>\n\t\t\t\t\t<\/div>\n\t\t\t\t<\/aside>\n\t\t\t\t<\/div>\n\t\t","protected":false},"excerpt":{"rendered":"<p>Entdecken Sie Mandelieu-la-Napoule, eine Stadt zwischen Meer und Bergen. Erkunden Sie ihre Denkm\u00e4ler, Aktivit\u00e4ten, Wanderungen und bemerkenswerten Orte.<\/p>","protected":false},"author":1,"featured_media":43333,"comment_status":"closed","ping_status":"open","sticky":false,"template":"elementor_header_footer","format":"standard","meta":{"ngg_post_thumbnail":0,"footnotes":""},"categories":[1526,1000,477,995],"tags":[1002,906],"class_list":["post-43325","post","type-post","status-publish","format-standard","has-post-thumbnail","hentry","category-mandelieu-la-napoule","category-alpes-maritimes","category-france","category-provence-alpes-cote-dazur","tag-littoral","tag-ville"],"_links":{"self":[{"href":"https:\/\/cparici.com\/de\/wp-json\/wp\/v2\/posts\/43325","targetHints":{"allow":["GET"]}}],"collection":[{"href":"https:\/\/cparici.com\/de\/wp-json\/wp\/v2\/posts"}],"about":[{"href":"https:\/\/cparici.com\/de\/wp-json\/wp\/v2\/types\/post"}],"author":[{"embeddable":true,"href":"https:\/\/cparici.com\/de\/wp-json\/wp\/v2\/users\/1"}],"replies":[{"embeddable":true,"href":"https:\/\/cparici.com\/de\/wp-json\/wp\/v2\/comments?post=43325"}],"version-history":[{"count":0,"href":"https:\/\/cparici.com\/de\/wp-json\/wp\/v2\/posts\/43325\/revisions"}],"wp:featuredmedia":[{"embeddable":true,"href":"https:\/\/cparici.com\/de\/wp-json\/wp\/v2\/media\/43333"}],"wp:attachment":[{"href":"https:\/\/cparici.com\/de\/wp-json\/wp\/v2\/media?parent=43325"}],"wp:term":[{"taxonomy":"category","embeddable":true,"href":"https:\/\/cparici.com\/de\/wp-json\/wp\/v2\/categories?post=43325"},{"taxonomy":"post_tag","embeddable":true,"href":"https:\/\/cparici.com\/de\/wp-json\/wp\/v2\/tags?post=43325"}],"curies":[{"name":"wp","href":"https:\/\/api.w.org\/{rel}","templated":true}]}}