{"id":44223,"date":"2025-01-12T08:32:23","date_gmt":"2025-01-12T07:32:23","guid":{"rendered":"https:\/\/cparici.com\/?p=44223"},"modified":"2025-03-27T06:59:58","modified_gmt":"2025-03-27T05:59:58","slug":"saint-remy-de-provence","status":"publish","type":"post","link":"https:\/\/cparici.com\/de\/saint-remy-de-provence\/","title":{"rendered":"Saint-R\u00e9my-de-Provence: Ein Schatz im Herzen der Alpilles"},"content":{"rendered":"<div data-elementor-type=\"wp-post\" data-elementor-id=\"44223\" class=\"elementor elementor-44223\" data-elementor-post-type=\"post\">\n\t\t\t\t<div class=\"elementor-element elementor-element-fad8873 e-con-full e-flex e-con e-parent\" data-id=\"fad8873\" data-element_type=\"container\" data-e-type=\"container\">\n\t\t\t\t<div class=\"elementor-element elementor-element-1f544bd elementor-widget elementor-widget-image\" data-id=\"1f544bd\" data-element_type=\"widget\" data-e-type=\"widget\" data-widget_type=\"image.default\">\n\t\t\t\t\t\t\t\t\t\t\t\t\t\t\t<img decoding=\"async\" width=\"1500\" height=\"530\" src=\"https:\/\/cparici.com\/wp-content\/uploads\/2024\/09\/cparici-99.jpg\" class=\"attachment-full size-full wp-image-52630\" alt=\"Saint R\u00e9my de Provence\" srcset=\"https:\/\/cparici.com\/wp-content\/uploads\/2024\/09\/cparici-99.jpg 1500w, https:\/\/cparici.com\/wp-content\/uploads\/2024\/09\/cparici-99-300x106.jpg 300w, https:\/\/cparici.com\/wp-content\/uploads\/2024\/09\/cparici-99-1024x362.jpg 1024w, https:\/\/cparici.com\/wp-content\/uploads\/2024\/09\/cparici-99-768x271.jpg 768w, https:\/\/cparici.com\/wp-content\/uploads\/2024\/09\/cparici-99-590x208.jpg 590w, https:\/\/cparici.com\/wp-content\/uploads\/2024\/09\/cparici-99-1200x424.jpg 1200w, https:\/\/cparici.com\/wp-content\/uploads\/2024\/09\/cparici-99-577x204.jpg 577w, https:\/\/cparici.com\/wp-content\/uploads\/2024\/09\/cparici-99-600x212.jpg 600w\" sizes=\"(max-width: 1500px) 100vw, 1500px\" \/>\t\t\t\t\t\t\t\t\t\t\t\t\t\t\t<\/div>\n\t\t\t\t<\/div>\n\t\t<div class=\"elementor-element elementor-element-3863d73a e-flex e-con-boxed e-con e-parent\" data-id=\"3863d73a\" data-element_type=\"container\" data-e-type=\"container\">\n\t\t\t\t\t<div class=\"e-con-inner\">\n\t\t\t\t<div class=\"elementor-element elementor-element-42490af2 elementor-widget elementor-widget-text-editor\" data-id=\"42490af2\" data-element_type=\"widget\" data-e-type=\"widget\" data-widget_type=\"text-editor.default\">\n\t\t\t\t\t\t\t\t\t<h1 style=\"text-align: center;\"><span style=\"font-size: 18pt;\">Saint-R\u00e9my-de-Provence<\/span><\/h1><p><br \/>Saint-R\u00e9my-de-Provence, eingebettet in das D\u00e9partement des <a href=\"https:\/\/cparici.com\/de\/bouches-du-rhone\/\"><strong>Bouches-du-Rh\u00f4ne<\/strong><\/a>, est une destination pris\u00e9e par les amoureux de l\u2019authenticit\u00e9 proven\u00e7ale. Situ\u00e9e au c\u0153ur des <a href=\"https:\/\/cparici.com\/de\/die-alpillen-der-komplette-fuhrer\/\">Alpilles<\/a>Diese kleine Stadt vereint Kulturerbe, Natur und <strong>Landeskultur<\/strong>. Sie ist ein idealer Ausgangspunkt, um die Provence und ihre umliegenden Wunder zu erkunden.<\/p><h2><span style=\"font-size: 18pt;\">Wo liegt Saint-R\u00e9my-de-Provence?<\/span><\/h2><p>Saint-R\u00e9my-de-Provence est situ\u00e9e dans le sud de la France, dans la r\u00e9gion Provence-Alpes-C\u00f4te d\u2019Azur, plus pr\u00e9cis\u00e9ment dans le <strong>D\u00e9partement Bouches-du-Rh\u00f4ne<\/strong>. \u00c0 20 kilom\u00e8tres au sud d\u2019Avignon et \u00e0 25 kilom\u00e8tres au nord d\u2019Arles, cette commune proven\u00e7ale est id\u00e9alement plac\u00e9e entre les Alpilles, une petite cha\u00eene montagneuse, et la plaine de la Crau.<\/p><h3>Die umliegenden Gemeinden<\/h3><p>Saint-R\u00e9my ist umgeben von mehreren <strong>malerische Gemeinden<\/strong> qui m\u00e9ritent d\u2019\u00eatre d\u00e9couvertes lors d\u2019un s\u00e9jour. Parmi elles, on retrouve :<\/p><ul><li><strong>Les Baux-de-Provence<\/strong> : ber\u00fchmt f\u00fcr sein Schloss und die Carri\u00e8res de Lumi\u00e8res.<\/li><li><strong>Eygali\u00e8res<\/strong> : ein hoch gelegenes Dorf, das einen atemberaubenden Blick auf die Alpilles bietet.<\/li><li><strong>Maillane<\/strong> : das Geburtsdorf des provenzalischen Dichters Fr\u00e9d\u00e9ric Mistral.<\/li><li><strong>Tarascon<\/strong> und <strong>Fontvieille<\/strong> : mit ihrem reichen mittelalterlichen Erbe<\/li><\/ul><p>Ces villages authentiques renforcent l\u2019attractivit\u00e9 de Saint-R\u00e9my et offrent une exp\u00e9rience proven\u00e7ale inoubliable.<\/p><h2><span style=\"font-size: 18pt;\">Sehensw\u00fcrdigkeiten in und um Saint-R\u00e9my-de-Provence<\/span><\/h2><p><strong>Saint-R\u00e9my<\/strong> besitzt ein reiches historisches und architektonisches Erbe. Zu den <strong>unumg\u00e4ngliche Orte<\/strong>Sie finden :<\/p><h3>Denkm\u00e4ler in Saint-R\u00e9my-de-Provence<\/h3><ul><li><strong>Die Antike und die St\u00e4tte von Glanum<\/strong> : eine alte gallo-r\u00f6mische St\u00e4tte, in der man \u00dcberreste von Tempeln, Foren und Denkm\u00e4lern wie dem Triumphbogen und dem Julius-Mausoleum bewundern kann.<\/li><li><strong>Das Kloster Saint-Paul-de-Mausole<\/strong> : bekannt als Heimat des Malers Vincent van Gogh, der hier einige seiner ber\u00fchmtesten Werke schuf.<\/li><li><strong>Das Estrine-Museum<\/strong> : ist der modernen und zeitgen\u00f6ssischen Kunst gewidmet, mit einer Abteilung, die Van Gogh gewidmet ist.<\/li><li><strong>Die Stiftskirche Saint-Martin<\/strong> : eine neoklassizistische Kirche aus dem 19. Jahrhundert, die das Stadtzentrum dominiert.<\/li><\/ul><h4>Standorte in der N\u00e4he<\/h4><ul><li><strong>Das Schloss von Baux-de-Provence<\/strong> : auf einem Felsen thronend, bietet dieses Schloss einen unglaublichen Panoramablick auf das Tal der Alpilles.<\/li><li><strong>Die Karrieren des Lichts<\/strong> : Ein einzigartiger Ort, an dem in einem ehemaligen Steinbruch Kunstwerke in monumentaler Version projiziert werden.<\/li><\/ul><h3>Wandern und Natur in der Umgebung von Saint-R\u00e9my<\/h3><p>Die Region Alpilles bietet <strong>Wanderwege<\/strong> wundersch\u00f6nen Landschaften, die ideal sind, um die typischen provenzalischen Landschaften zu entdecken. Zu den beliebtesten Wanderungen geh\u00f6ren :<\/p><ul><li><strong>Der Alpilles-Pfad<\/strong> : Eine Wanderung, die in Saint-R\u00e9my beginnt und einen atemberaubenden Blick auf die Stadt, das Alpilles-Massiv und die umliegende Ebene bietet.<\/li><li><strong>Der Rundweg von Glanum nach Les Baux-de-Provence<\/strong> : Eine Wanderung, die diese beiden historischen St\u00e4tten durch unber\u00fchrte Natur miteinander verbindet.<\/li><li><strong>Der Weg der Transhumanz<\/strong> : Ein historischer Weg, den die Hirten fr\u00fcher benutzten, um ihre Herden auf die Weiden zu treiben.<\/li><\/ul><h2><span style=\"font-size: 18pt;\">Kulturelle und sportliche Aktivit\u00e4ten in Saint-R\u00e9my-de-Provence<\/span><\/h2><p>En plus de son patrimoine naturel et historique, Saint-R\u00e9my propose une multitude d\u2019<strong>kulturelle und sportliche Aktivit\u00e4ten<\/strong>.<\/p><h4>Kulturelle Aktivit\u00e4ten<\/h4><ul><li><strong>Les Rencontres Musicales de Saint-R\u00e9my (Musikalische Begegnungen in Saint-R\u00e9my)<\/strong> : ein j\u00e4hrlich stattfindendes Festival f\u00fcr klassische Musik, das international bekannte K\u00fcnstler anzieht.<\/li><li><strong>Der provenzalische Markt<\/strong> Markt: Jeden Mittwochmorgen bietet dieser Markt mit seinen lokalen Produkten eine Geschmacks- und Farbexplosion, die perfekt ist, um in die Kultur der Provence einzutauchen.<\/li><\/ul><h4>Sportliche Aktivit\u00e4ten<\/h4><ul><li><strong>Radfahren<\/strong> : Mit ihren h\u00fcgeligen Stra\u00dfen ist die Region Alpilles ideal f\u00fcr Fahrradliebhaber.<\/li><li><strong>Reiten<\/strong> : Mehrere Reitzentren rund um Saint-R\u00e9my bieten Ausritte durch die provenzalische Landschaft an.<\/li><li><strong>Klettern<\/strong> und <strong>Klettersteig<\/strong> in den Alpilles f\u00fcr die Abenteuerlustigen.<\/li><\/ul><h3><span style=\"font-size: 18pt;\">Wo kann man in Saint-R\u00e9my-de-Provence essen?<\/span><\/h3><p>Die <strong>provenzalische Gastronomie<\/strong> est \u00e0 l\u2019honneur \u00e0 Saint-R\u00e9my. Les restaurants y proposent une cuisine locale authentique, souvent \u00e9labor\u00e9e \u00e0 partir de produits frais du terroir. Voici quelques adresses r\u00e9put\u00e9es :<\/p><ul><li><strong>L\u2019Estagnol<\/strong> : Ein traditionelles Restaurant, das provenzalische Gerichte in einer reizvollen Umgebung anbietet.<\/li><li><strong>La Table d'Yvan<\/strong> : In einem provenzalischen Bauernhaus gelegen, bietet dieses Restaurant eine raffinierte und kreative K\u00fcche.<\/li><li><strong>Le Bistrot de Saint-R\u00e9my<\/strong> : eine gesellige Adresse, an der Sie s\u00fcdl\u00e4ndische Gerichte genie\u00dfen k\u00f6nnen.<\/li><\/ul><h3>Wo kann man in Saint-R\u00e9my-de-Provence \u00fcbernachten?<\/h3><p>Saint-R\u00e9my dispose d\u2019une <strong>vielf\u00e4ltiges Hotelangebot<\/strong>Die Auswahl reicht von charmanten Hotels bis hin zu authentischen provenzalischen Bauernh\u00e4usern. Einige Adressen zum Entdecken :<\/p><ul><li><strong>H\u00f4tel de l\u2019Image<\/strong> : ein 4-Sterne-Hotel im Zentrum von Saint-R\u00e9my mit einem wundersch\u00f6nen Garten.<\/li><li><strong>Das Schloss der Alpilles<\/strong> : un h\u00f4tel de luxe situ\u00e9 dans un parc arbor\u00e9 \u00e0 l\u2019\u00e9cart du centre-ville, parfait pour un s\u00e9jour paisible.<\/li><li><strong>Hotel Sous les Figuiers<\/strong> : Ein intimes Hotel mit Zimmern, die auf einen Garten voller Feigenb\u00e4ume blicken.<\/li><\/ul><h3>Kunsthandwerk und Designer in Saint-R\u00e9my-de-Provence<\/h3><p>Die Stadt ist auch ber\u00fchmt f\u00fcr ihre <strong>Kunsthandwerk<\/strong> lokale und seine zahlreichen Sch\u00f6pfer. Sie finden dort :<\/p><ul><li><strong>T\u00f6pferwaren und Keramik<\/strong> typisch provenzalisch, oft handgemacht.<\/li><li><strong>Schmiedeeiserne Gegenst\u00e4nde<\/strong> und geschnitzte Holzm\u00f6bel im traditionellen Stil.<\/li><li><strong>K\u00fcnstlerateliers<\/strong>Hier stellen lokale Maler und Bildhauer ihre Werke aus, die von den umliegenden Landschaften inspiriert sind.<\/li><\/ul><h3>Einige Worte \u00fcber das Departement und die Region<\/h3><p>Saint-R\u00e9my-de-Provence liegt in den <strong>Bouches-du-Rh\u00f4ne<\/strong>Die Region ist f\u00fcr ihre kulturelle und nat\u00fcrliche Vielfalt bekannt. Die Region <strong>Provence-Alpes-C\u00f4te d'Azur<\/strong> ist ber\u00fchmt f\u00fcr seine einzigartige Landschaft, die Berge, Meer und Landschaften miteinander verbindet. Zu den bekanntesten St\u00e4dten geh\u00f6ren <strong>Marseille<\/strong>, <strong>Aix-en-Provence<\/strong> und <strong>Nizza<\/strong>.<\/p><h3>H\u00e4ufig gestellte Fragen (FAQ)<\/h3><h4>Wann ist die beste Zeit, um Saint-R\u00e9my-de-Provence zu besuchen?<\/h4><p>Die beste Zeit f\u00fcr einen Besuch in Saint-R\u00e9my-de-Provence ist zwischen April und September, wenn das Klima sonnig und angenehm ist, ideal f\u00fcr Aktivit\u00e4ten im Freien.<\/p><h4>Wie komme ich nach Saint-R\u00e9my-de-Provence?<\/h4><p>Saint-R\u00e9my est facilement accessible en voiture depuis Avignon ou Arles. Les gares les plus proches sont celles d\u2019Avignon (TGV) et d\u2019Arles.<\/p><h4>Gibt es gef\u00fchrte Touren in Saint-R\u00e9my?<\/h4><p>Ja, in Saint-R\u00e9my werden mehrere F\u00fchrungen organisiert, insbesondere rund um die St\u00e4tte Glanum und das Kloster Saint-Paul-de-Mausole.<\/p><h4>Welche lokalen M\u00e4rkte gibt es in Saint-R\u00e9my?<\/h4><p>Der Hauptmarkt von Saint-R\u00e9my findet am Mittwochmorgen auf dem Place de la R\u00e9publique statt und bietet lokale Produkte und Kunsthandwerk aus der Provence an.<\/p><h4>Kann man die r\u00f6mischen St\u00e4tten rund um Saint-R\u00e9my besichtigen?<\/h4><p>Ja, die <strong>Antike aus Glanum<\/strong> sont accessibles aux visiteurs. Il s\u2019agit d\u2019un site arch\u00e9ologique majeur avec des vestiges romains impressionnants.<\/p><h3>Schlussfolgerung<\/h3><p>Saint-R\u00e9my-de-Provence ist ein ideales Reiseziel f\u00fcr alle, die die Provence lieben. Zwischen ihren historischen Denkm\u00e4lern, Naturlandschaften und kulturellen Aktivit\u00e4ten bietet diese Stadt eine <strong>unvergessliches Erlebnis<\/strong> \u00e0 tous ses visiteurs. Pour en savoir plus sur l\u2019histoire de la ville et ses environs, consultez cette page d\u00e9di\u00e9e sur <a href=\"https:\/\/fr.wikipedia.org\" target=\"_new\" rel=\"noopener\">Wikipedia<\/a>.<\/p>\t\t\t\t\t\t\t\t<\/div>\n\t\t\t\t\t<\/div>\n\t\t\t\t<\/div>\n\t\t\t\t<\/div>","protected":false},"excerpt":{"rendered":"<p>Entdecken Sie Saint-R\u00e9my-de-Provence, seine historischen Denkm\u00e4ler, Wanderungen, kulturellen und gastronomischen Aktivit\u00e4ten in einer einzigartigen Umgebung in der Provence.<\/p>","protected":false},"author":1,"featured_media":52630,"comment_status":"closed","ping_status":"closed","sticky":false,"template":"elementor_header_footer","format":"standard","meta":{"ngg_post_thumbnail":0,"footnotes":""},"categories":[1749,1750,1005,477,995],"tags":[2426,906],"class_list":["post-44223","post","type-post","status-publish","format-standard","has-post-thumbnail","hentry","category-saint-remy-de-provence","category-alpilles","category-bouches-du-rhone","category-france","category-provence-alpes-cote-dazur","tag-campagne","tag-ville"],"_links":{"self":[{"href":"https:\/\/cparici.com\/de\/wp-json\/wp\/v2\/posts\/44223","targetHints":{"allow":["GET"]}}],"collection":[{"href":"https:\/\/cparici.com\/de\/wp-json\/wp\/v2\/posts"}],"about":[{"href":"https:\/\/cparici.com\/de\/wp-json\/wp\/v2\/types\/post"}],"author":[{"embeddable":true,"href":"https:\/\/cparici.com\/de\/wp-json\/wp\/v2\/users\/1"}],"replies":[{"embeddable":true,"href":"https:\/\/cparici.com\/de\/wp-json\/wp\/v2\/comments?post=44223"}],"version-history":[{"count":0,"href":"https:\/\/cparici.com\/de\/wp-json\/wp\/v2\/posts\/44223\/revisions"}],"wp:featuredmedia":[{"embeddable":true,"href":"https:\/\/cparici.com\/de\/wp-json\/wp\/v2\/media\/52630"}],"wp:attachment":[{"href":"https:\/\/cparici.com\/de\/wp-json\/wp\/v2\/media?parent=44223"}],"wp:term":[{"taxonomy":"category","embeddable":true,"href":"https:\/\/cparici.com\/de\/wp-json\/wp\/v2\/categories?post=44223"},{"taxonomy":"post_tag","embeddable":true,"href":"https:\/\/cparici.com\/de\/wp-json\/wp\/v2\/tags?post=44223"}],"curies":[{"name":"wp","href":"https:\/\/api.w.org\/{rel}","templated":true}]}}