{"id":44251,"date":"2025-02-19T22:08:38","date_gmt":"2025-02-19T21:08:38","guid":{"rendered":"https:\/\/cparici.com\/?p=44251"},"modified":"2025-03-27T12:20:27","modified_gmt":"2025-03-27T11:20:27","slug":"festival-de-confolens","status":"publish","type":"post","link":"https:\/\/cparici.com\/de\/festival-de-confolens\/","title":{"rendered":"Festival in Confolens"},"content":{"rendered":"<div data-elementor-type=\"wp-post\" data-elementor-id=\"44251\" class=\"elementor elementor-44251\" data-elementor-post-type=\"post\">\n\t\t\t\t<div class=\"elementor-element elementor-element-6e62855 e-flex e-con-boxed e-con e-parent\" data-id=\"6e62855\" data-element_type=\"container\" data-e-type=\"container\">\n\t\t\t\t\t<div class=\"e-con-inner\">\n\t\t\t\t<div class=\"elementor-element elementor-element-75b4f97 elementor-widget elementor-widget-image\" data-id=\"75b4f97\" data-element_type=\"widget\" data-e-type=\"widget\" data-widget_type=\"image.default\">\n\t\t\t\t\t\t\t\t\t\t\t\t\t\t\t<img decoding=\"async\" width=\"1500\" height=\"530\" src=\"https:\/\/cparici.com\/wp-content\/uploads\/2024\/09\/cparici-2025-02-19T220343.901.jpg\" class=\"attachment-full size-full wp-image-57900\" alt=\"Festival in Confolens\" srcset=\"https:\/\/cparici.com\/wp-content\/uploads\/2024\/09\/cparici-2025-02-19T220343.901.jpg 1500w, https:\/\/cparici.com\/wp-content\/uploads\/2024\/09\/cparici-2025-02-19T220343.901-300x106.jpg 300w, https:\/\/cparici.com\/wp-content\/uploads\/2024\/09\/cparici-2025-02-19T220343.901-1024x362.jpg 1024w, https:\/\/cparici.com\/wp-content\/uploads\/2024\/09\/cparici-2025-02-19T220343.901-768x271.jpg 768w, https:\/\/cparici.com\/wp-content\/uploads\/2024\/09\/cparici-2025-02-19T220343.901-590x208.jpg 590w, https:\/\/cparici.com\/wp-content\/uploads\/2024\/09\/cparici-2025-02-19T220343.901-1200x424.jpg 1200w, https:\/\/cparici.com\/wp-content\/uploads\/2024\/09\/cparici-2025-02-19T220343.901-577x204.jpg 577w, https:\/\/cparici.com\/wp-content\/uploads\/2024\/09\/cparici-2025-02-19T220343.901-600x212.jpg 600w\" sizes=\"(max-width: 1500px) 100vw, 1500px\" \/>\t\t\t\t\t\t\t\t\t\t\t\t\t\t\t<\/div>\n\t\t\t\t\t<\/div>\n\t\t\t\t<\/div>\n\t\t<div class=\"elementor-element elementor-element-6cd1ca95 e-flex e-con-boxed e-con e-parent\" data-id=\"6cd1ca95\" data-element_type=\"container\" data-e-type=\"container\">\n\t\t\t\t\t<div class=\"e-con-inner\">\n\t\t\t\t<div class=\"elementor-element elementor-element-3b1fea6 elementor-widget elementor-widget-text-editor\" data-id=\"3b1fea6\" data-element_type=\"widget\" data-e-type=\"widget\" data-widget_type=\"text-editor.default\">\n\t\t\t\t\t\t\t\t\t<h1 style=\"text-align: center;\"><span style=\"font-size: 18pt;\"><strong>Festival in Confolens\u00a0<\/strong><\/span><\/h1>\r\nDie <strong>Festival in Confolens<\/strong> ist ein unumg\u00e4ngliches Ereignis, bei dem traditionelle Musik und T\u00e4nze aus der ganzen Welt gefeiert werden.\r\n<h2><span style=\"font-size: 18pt;\"><strong>Festival von Confolens : Eine kulturelle und musikalische Reise ins Herz der Charente<\/strong><\/span><\/h2>\r\nDas 1957 ins Leben gerufene Festival findet jedes Jahr im August in der Stadt Confolens statt, die im <a href=\"https:\/\/cparici.com\/de\/die-charente-besuchen-umfassender-fuhrer-und-einzigartige-erfahrungen\/\">Charente<\/a>, et attire des artistes et spectateurs des quatre coins du globe. Plongeons dans l\u2019univers de ce festival qui allie culture, tradition et convivialit\u00e9.\r\n<h3>Geschichte des Festivals<\/h3>\r\nDie <strong>Festival in Confolens<\/strong> a vu le jour sous l\u2019impulsion de <strong>Roger Morisseau<\/strong>, un passionn\u00e9 de musique et de danses folkloriques. D\u00e8s sa premi\u00e8re \u00e9dition, l\u2019objectif du festival \u00e9tait de promouvoir la richesse des <strong>Musiktraditionen<\/strong> de diff\u00e9rents pays et de favoriser les \u00e9changes culturels. Avec plus de six d\u00e9cennies d\u2019existence, ce rendez-vous culturel est devenu <a href=\"https:\/\/cparici.com\/de\/festivals-in-frankreich\/\">eines der \u00e4ltesten Festivals<\/a> von <strong>internationale Volksmusik<\/strong> en France.\r\n\r\nDepuis ses d\u00e9buts modestes, il s\u2019est d\u00e9velopp\u00e9 pour devenir un v\u00e9ritable <strong>Kreuzungspunkt der Kulturen<\/strong>, o\u00f9 se rencontrent chaque ann\u00e9e des milliers d\u2019artistes, de b\u00e9n\u00e9voles et de festivaliers. Les danses, les chants et les costumes color\u00e9s des participants offrent un spectacle \u00e0 la fois unique et enrichissant.\r\n<h2><span style=\"font-size: 18pt;\">Die Szenen des Festivals<\/span><\/h2>\r\nDie <strong>Festival in Confolens<\/strong> bietet mehrere B\u00fchnen, die \u00fcber die ganze Stadt verteilt sind und f\u00fcr unterschiedliche Stimmungen und musikalische Entdeckungen sorgen:\r\n<ul>\r\n \t<li><strong>Die Hauptb\u00fchne<\/strong> : Situ\u00e9e en plein c\u0153ur de la ville, cette sc\u00e8ne accueille les performances les plus spectaculaires. C\u2019est ici que les troupes internationales offrent des spectacles hauts en couleurs.<\/li>\r\n \t<li><strong>Die Wanderb\u00fchnen<\/strong> Sie erobern die Stra\u00dfen von Confolens und erm\u00f6glichen es den Festivalbesuchern, intimere, manchmal improvisierte Performances zu entdecken.<\/li>\r\n \t<li><strong>Les Bords de la Vienne (Die Ufer der Vienne)<\/strong> : Auf dieser Freilichtb\u00fchne am Flussufer finden eher entspannte Konzerte statt, die perfekt sind, um die Musik in einer idyllischen Umgebung zu genie\u00dfen.<\/li>\r\n<\/ul>\r\nDiese vielen R\u00e4ume schaffen eine <strong>Feststimmung<\/strong> in der ganzen Stadt und erm\u00f6glichen es den Festivalbesuchern, den Reichtum und die Vielfalt der Traditionen aus aller Welt zu entdecken.\r\n<h2><span style=\"font-size: 18pt;\">Ber\u00fchmte Bands und K\u00fcnstler des Festivals von Confolens<\/span><\/h2>\r\nIm Laufe der Jahre hat der <strong>Festival in Confolens<\/strong> a accueilli des centaines de troupes artistiques venues des quatre coins du monde. Parmi les groupes et artistes qui ont marqu\u00e9 l\u2019histoire du festival, on peut citer :\r\n<ul>\r\n \t<li><strong>La Kumpania Algazarra<\/strong> (Portugal), die f\u00fcr ihre festliche und mitrei\u00dfende Musik bekannt ist ;<\/li>\r\n \t<li><strong>Los Gauchos de Argentina<\/strong> die das Publikum mit ihren Folkloret\u00e4nzen verzauberten;<\/li>\r\n \t<li>Gruppen von <strong>traditionelle afrikanische T\u00e4nze<\/strong> die die Zuschauer mit hypnotischen und vibrierenden Darbietungen in eine andere Dimension versetzten.<\/li>\r\n<\/ul>\r\nLa programmation vari\u00e9e du festival permet \u00e0 chaque \u00e9dition de d\u00e9couvrir de nouveaux talents issus des traditions populaires, qu\u2019ils soient chanteurs, danseurs ou musiciens.\r\n<h2><span style=\"font-size: 18pt;\">Praktische Informationen, um das Festival in Confolens zu besuchen<\/span><\/h2>\r\n<h3>Termine der n\u00e4chsten Ausgaben<\/h3>\r\n<h4>Datum Festival Confolens 2025<\/h4>\r\n<h5>Das Festival wird vom 11. bis 17. August 2025 stattfinden.<\/h5>\r\nDie <strong>Festival in Confolens<\/strong> a lieu chaque ann\u00e9e pendant la deuxi\u00e8me semaine d\u2019ao\u00fbt. Pour la prochaine \u00e9dition, les festivit\u00e9s se d\u00e9rouleront du 11<strong> bis zum 17. August 2025<\/strong>. Durant cette p\u00e9riode, la ville s\u2019anime et vibre au rythme des <strong>t\u00e4nze und musik aus aller welt<\/strong>.\r\n<h3>Zugang und Unterbringung<\/h3>\r\nConfolens, petite ville de la Charente, est facilement accessible en voiture via la N141 ou en train en direction d\u2019Angoul\u00eame, puis en bus. Pour les festivaliers venant de plus loin, l\u2019a\u00e9roport de Limoges est \u00e0 environ une heure de route. Plusieurs <strong>Wohnl\u00f6sungen<\/strong> sont disponibles pour les festivaliers, des campings aux h\u00f4tels en passant par des chambres d\u2019h\u00f4tes, sans oublier des <strong>logements chez l\u2019habitant<\/strong> die authentische Begegnungen mit den Einheimischen erm\u00f6glichen.\r\n<h3>Preise f\u00fcr das Festival<\/h3>\r\nDie Eintrittspreise variieren je nach Auff\u00fchrung und Tag. Das Festival bietet einen <strong>Wochenpass<\/strong> qui donne acc\u00e8s \u00e0 tous les spectacles, ainsi que des billets \u00e0 la journ\u00e9e pour ceux qui souhaitent vivre l\u2019\u00e9v\u00e9nement de mani\u00e8re plus ponctuelle. Les prix oscillent g\u00e9n\u00e9ralement entre <strong>20 und 50 Euro<\/strong>Sie k\u00f6nnen in der Regel in der Schule bleiben und erhalten Erm\u00e4\u00dfigungen f\u00fcr Kinder und Gruppen.\r\n<h2><span style=\"font-size: 18pt;\">Was kann man in der Umgebung von Confolens unternehmen?<\/span><\/h2>\r\nW\u00e4hrend Ihres Aufenthalts im <strong>Festival in Confolens<\/strong>Nutzen Sie die Gelegenheit, um die <strong>Sehensw\u00fcrdigkeiten<\/strong> und Aktivit\u00e4ten in der Umgebung :\r\n<ul>\r\n \t<li><strong>Das Tal der Vienne<\/strong> bietet wundersch\u00f6ne Naturlandschaften, die sich f\u00fcr Spazierg\u00e4nge und Picknicks eignen.<\/li>\r\n \t<li><strong>Das Schloss von Rochebrune<\/strong>Die historische St\u00e4tte, die nur wenige Kilometer von Confolens entfernt liegt, ist ein Muss f\u00fcr jeden Besucher.<\/li>\r\n \t<li><strong>Die Abtei von Charroux<\/strong>Die Stadt ist ein architektonischer Schatz, der Liebhaber von Geschichte und Kulturerbe begeistern wird.<\/li>\r\n<\/ul>\r\nViele Gemeinden rund um Confolens wie <strong>Ansac-sur-Vienne<\/strong> und <strong>Saint-Germain-de-Confolens<\/strong> bieten auch M\u00f6glichkeiten f\u00fcr kulturelle und historische Entdeckungen.\r\n<h2><span style=\"font-size: 18pt;\">H\u00e4ufig gestellte Fragen (FAQ)<\/span><\/h2>\r\n<h3>Welche Arten von Auff\u00fchrungen werden beim Festival in Confolens angeboten?<\/h3>\r\nDas Festival bietet haupts\u00e4chlich Auff\u00fchrungen von <strong>traditionelle T\u00e4nze und Musik<\/strong> aus der ganzen Welt, mit Truppen aus allen f\u00fcnf Kontinenten.\r\n<h3>Wie komme ich zum Festival in Confolens?<\/h3>\r\nConfolens est accessible en voiture, en train via la gare d\u2019Angoul\u00eame, et en avion par l\u2019a\u00e9roport de Limoges, situ\u00e9 \u00e0 environ 1 heure de route.\r\n<h3>Wann ist die beste Zeit, um eine Unterkunft zu buchen?<\/h3>\r\nEs ist ratsam, sein <strong>Hosting<\/strong> mehrere Monate im Voraus, vor allem wenn Sie im Herzen der Stadt wohnen m\u00f6chten, da die Unterk\u00fcnfte schnell ausgebucht sind.\r\n<h3>Gibt es Erm\u00e4\u00dfigungen auf die Tickets?<\/h3>\r\nJa, es gibt Erm\u00e4\u00dfigungen f\u00fcr Kinder, Familien und Gruppen. Eine <strong>Wochenpass<\/strong> offre \u00e9galement un acc\u00e8s \u00e0 tarif r\u00e9duit pour l\u2019ensemble du festival.\r\n<h3>Quels types d\u2019artistes peut-on voir au festival ?<\/h3>\r\nDas Festival beherbergt <strong>Folkloregruppen<\/strong>In diesem Buch werden S\u00e4nger, Musiker und T\u00e4nzer aus verschiedenen Kulturen aus der ganzen Welt vorgestellt.\r\n<h3>Gibt es Aktivit\u00e4ten f\u00fcr Kinder?<\/h3>\r\nJa, das Festival bietet <strong>Workshops f\u00fcr Kinder<\/strong>Die Sch\u00fclerinnen und Sch\u00fcler haben die M\u00f6glichkeit, an einer Reihe von Veranstaltungen teilzunehmen, die f\u00fcr sie geeignet sind, sowie an spielerischen Animationen.\r\n<h3>Wie kann ich Tickets f\u00fcr das Festival kaufen?<\/h3>\r\nTickets k\u00f6nnen online auf der offiziellen Website des <strong>Festival in Confolens<\/strong>Sie k\u00f6nnen auch in einigen \u00f6rtlichen Gesch\u00e4ften einkaufen.\r\n<h3>Welche Verpflegungsm\u00f6glichkeiten gibt es vor Ort?<\/h3>\r\nZahlreiche St\u00e4nde von <strong>internationales Essen<\/strong> und lokale Restaurants sind w\u00e4hrend des Festivals verf\u00fcgbar und bieten eine abwechslungsreiche K\u00fcche f\u00fcr jeden Geschmack.\r\n<h3>Ist das Festival f\u00fcr Menschen mit eingeschr\u00e4nkter Mobilit\u00e4t zug\u00e4nglich?<\/h3>\r\nJa, der <strong>Festival in Confolens<\/strong> ist f\u00fcr Menschen mit eingeschr\u00e4nkter Mobilit\u00e4t zug\u00e4nglich und verf\u00fcgt \u00fcber entsprechende Einrichtungen.\r\n<h3>Was sind die beliebtesten Sehensw\u00fcrdigkeiten und Wahrzeichen in der N\u00e4he von Confolens?<\/h3>\r\nIn der Umgebung von Confolens k\u00f6nnen Sie Orte wie das <strong>Schloss Rochebrune<\/strong>Die <strong>Tal der Vienne<\/strong> und malerische D\u00f6rfer wie <strong>Ansac-sur-Vienne<\/strong>.\r\n<h2><span style=\"font-size: 18pt;\">Schlussfolgerung<\/span><\/h2>\r\nDie <strong>Festival in Confolens<\/strong> ist weit mehr als nur ein Musikereignis: Es ist eine wahre Feier der kulturellen Vielfalt der Welt. Jedes Jahr zieht es Tausende von Festivalbesuchern an, die neugierig sind auf die <strong>traditionelle T\u00e4nze und Musik<\/strong> de nombreux pays. Si vous \u00eates passionn\u00e9 par les arts et les cultures du monde, ce festival est une exp\u00e9rience unique \u00e0 vivre.\r\n\r\nPour plus d\u2019informations sur l\u2019histoire du festival, vous pouvez consulter <a href=\"https:\/\/fr.wikipedia.org\/wiki\/Festival_de_Confolens\" target=\"_new\" rel=\"noopener\">diese zus\u00e4tzliche Quelle<\/a>.\t\t\t\t\t\t\t\t<\/div>\n\t\t\t\t\t<\/div>\n\t\t\t\t<\/div>\n\t\t\t\t<\/div>","protected":false},"excerpt":{"rendered":"<p>Entdecken Sie das Festival de Confolens, ein kulturelles Ereignis in der Charente, das traditionelle Musik und T\u00e4nze aus aller Welt miteinander verbindet. Termine, Anreise, K\u00fcnstler und mehr.<\/p>","protected":false},"author":1,"featured_media":57900,"comment_status":"closed","ping_status":"closed","sticky":false,"template":"elementor_header_footer","format":"standard","meta":{"ngg_post_thumbnail":0,"footnotes":""},"categories":[477],"tags":[1044,1298,1303],"class_list":["post-44251","post","type-post","status-publish","format-standard","has-post-thumbnail","hentry","category-france","tag-festival","tag-festivals","tag-musique"],"_links":{"self":[{"href":"https:\/\/cparici.com\/de\/wp-json\/wp\/v2\/posts\/44251","targetHints":{"allow":["GET"]}}],"collection":[{"href":"https:\/\/cparici.com\/de\/wp-json\/wp\/v2\/posts"}],"about":[{"href":"https:\/\/cparici.com\/de\/wp-json\/wp\/v2\/types\/post"}],"author":[{"embeddable":true,"href":"https:\/\/cparici.com\/de\/wp-json\/wp\/v2\/users\/1"}],"replies":[{"embeddable":true,"href":"https:\/\/cparici.com\/de\/wp-json\/wp\/v2\/comments?post=44251"}],"version-history":[{"count":0,"href":"https:\/\/cparici.com\/de\/wp-json\/wp\/v2\/posts\/44251\/revisions"}],"wp:featuredmedia":[{"embeddable":true,"href":"https:\/\/cparici.com\/de\/wp-json\/wp\/v2\/media\/57900"}],"wp:attachment":[{"href":"https:\/\/cparici.com\/de\/wp-json\/wp\/v2\/media?parent=44251"}],"wp:term":[{"taxonomy":"category","embeddable":true,"href":"https:\/\/cparici.com\/de\/wp-json\/wp\/v2\/categories?post=44251"},{"taxonomy":"post_tag","embeddable":true,"href":"https:\/\/cparici.com\/de\/wp-json\/wp\/v2\/tags?post=44251"}],"curies":[{"name":"wp","href":"https:\/\/api.w.org\/{rel}","templated":true}]}}