{"id":44257,"date":"2025-02-16T09:16:41","date_gmt":"2025-02-16T08:16:41","guid":{"rendered":"https:\/\/cparici.com\/?p=44257"},"modified":"2025-03-27T12:03:18","modified_gmt":"2025-03-27T11:03:18","slug":"das-jahrhundert-der-aufklarung-in-frankreich","status":"publish","type":"post","link":"https:\/\/cparici.com\/de\/le-siecle-des-lumieres-en-france\/","title":{"rendered":"Die Aufkl\u00e4rung in Frankreich"},"content":{"rendered":"<div data-elementor-type=\"wp-post\" data-elementor-id=\"44257\" class=\"elementor elementor-44257\" data-elementor-post-type=\"post\">\n\t\t\t\t<div class=\"elementor-element elementor-element-ddc4e99 e-flex e-con-boxed e-con e-parent\" data-id=\"ddc4e99\" data-element_type=\"container\" data-e-type=\"container\">\n\t\t\t\t\t<div class=\"e-con-inner\">\n\t\t\t\t<div class=\"elementor-element elementor-element-cf952f7 elementor-widget elementor-widget-image\" data-id=\"cf952f7\" data-element_type=\"widget\" data-e-type=\"widget\" data-widget_type=\"image.default\">\n\t\t\t\t\t\t\t\t\t\t\t\t\t\t\t<img decoding=\"async\" width=\"1500\" height=\"530\" src=\"https:\/\/cparici.com\/wp-content\/uploads\/2025\/02\/cparici-2025-02-16T091405.066.jpg\" class=\"attachment-full size-full wp-image-57545\" alt=\"Die Aufkl\u00e4rung in Frankreich\" srcset=\"https:\/\/cparici.com\/wp-content\/uploads\/2025\/02\/cparici-2025-02-16T091405.066.jpg 1500w, https:\/\/cparici.com\/wp-content\/uploads\/2025\/02\/cparici-2025-02-16T091405.066-300x106.jpg 300w, https:\/\/cparici.com\/wp-content\/uploads\/2025\/02\/cparici-2025-02-16T091405.066-1024x362.jpg 1024w, https:\/\/cparici.com\/wp-content\/uploads\/2025\/02\/cparici-2025-02-16T091405.066-768x271.jpg 768w, https:\/\/cparici.com\/wp-content\/uploads\/2025\/02\/cparici-2025-02-16T091405.066-590x208.jpg 590w, https:\/\/cparici.com\/wp-content\/uploads\/2025\/02\/cparici-2025-02-16T091405.066-1200x424.jpg 1200w, https:\/\/cparici.com\/wp-content\/uploads\/2025\/02\/cparici-2025-02-16T091405.066-577x204.jpg 577w, https:\/\/cparici.com\/wp-content\/uploads\/2025\/02\/cparici-2025-02-16T091405.066-600x212.jpg 600w\" sizes=\"(max-width: 1500px) 100vw, 1500px\" \/>\t\t\t\t\t\t\t\t\t\t\t\t\t\t\t<\/div>\n\t\t\t\t\t<\/div>\n\t\t\t\t<\/div>\n\t\t<div class=\"elementor-element elementor-element-4663aec4 e-flex e-con-boxed e-con e-parent\" data-id=\"4663aec4\" data-element_type=\"container\" data-e-type=\"container\">\n\t\t\t\t\t<div class=\"e-con-inner\">\n\t\t\t\t<div class=\"elementor-element elementor-element-3cbc6bd0 elementor-widget elementor-widget-text-editor\" data-id=\"3cbc6bd0\" data-element_type=\"widget\" data-e-type=\"widget\" data-widget_type=\"text-editor.default\">\n\t\t\t\t\t\t\t\t\t<h1 style=\"text-align: center;\"><span style=\"font-size: 18pt;\">Die Aufkl\u00e4rung in Frankreich<\/span><\/h1>\r\nDie <strong>Aufkl\u00e4rung in Frankreich<\/strong> ist eine <a href=\"https:\/\/cparici.com\/de\/geschichte-frankreichs\/\">historische Periode<\/a> qui s\u2019\u00e9tend <strong>du d\u00e9but du XVIIIe si\u00e8cle jusqu\u2019\u00e0 la R\u00e9volution fran\u00e7aise de 1789<\/strong>. Ce mouvement intellectuel et philosophique a fa\u00e7onn\u00e9 la pens\u00e9e moderne, en promouvant la raison, les sciences et les droits de l\u2019homme.\r\n<h2><span style=\"font-size: 18pt;\">Die Aufkl\u00e4rung in Frankreich: Eine Periode der intellektuellen und kulturellen Revolution<\/span><\/h2>\r\nDie Epoche ist gepr\u00e4gt von einer intensiven Entwicklung der Philosophie, der Wissenschaft und der <a href=\"https:\/\/cparici.com\/de\/literatur-in-frankreich\/\">Literatur<\/a>, ainsi qu\u2019une remise en question des institutions politiques et religieuses. <em>Aus dem Land<\/em>Diese Zeit hat ein beeindruckendes kulturelles, k\u00fcnstlerisches und architektonisches Erbe hinterlassen.\r\n<h3>Die Aufkl\u00e4rung: Definition und historischer Kontext<\/h3>\r\nDie <strong>Zeitalter der Aufkl\u00e4rung<\/strong> ist eine Schl\u00fcsselepoche in der europ\u00e4ischen Geschichte, aber Frankreich ist ihr Epizentrum. Diese intellektuelle Bewegung entwickelte sich als Antwort auf den monarchischen Absolutismus und den starken Einfluss der katholischen Kirche. Die Periode zeichnete sich durch die Aufwertung der <strong>Grund<\/strong> und die F\u00f6rderung der <strong>Wissenschaft<\/strong> als Werkzeuge, um die Welt zu verstehen. Die Philosophen der Aufkl\u00e4rung, wie <strong>Voltaire<\/strong>, <strong>Montesquieu<\/strong> und <strong>Rousseau<\/strong>, se sont insurg\u00e9s contre l\u2019obscurantisme et ont pr\u00f4n\u00e9 l\u2019\u00e9mancipation de l\u2019esprit humain.\r\n<h2><span style=\"font-size: 18pt;\">Das k\u00fcnstlerische und kulturelle Erbe der Aufkl\u00e4rung in Frankreich<\/span><\/h2>\r\nDie <strong><a href=\"https:\/\/cparici.com\/de\/erbe-von-frankreich\/\">Erbe<\/a> kulturell<\/strong> der Aufkl\u00e4rung ist in Frankreich besonders reich. In dieser Zeit erlebten die K\u00fcnste, die Literatur und die Architektur einen beispiellosen Aufschwung. Hier sind einige Bereiche, in denen diese Zeit ein bleibendes Erbe hinterlassen hat:\r\n<h3>Literarisches und philosophisches Erbe<\/h3>\r\nLes grands \u00e9crivains et philosophes de l\u2019\u00e9poque ont non seulement contribu\u00e9 \u00e0 la diffusion des id\u00e9es des Lumi\u00e8res, mais ils ont aussi marqu\u00e9 la culture litt\u00e9raire fran\u00e7aise. Des \u0153uvres comme <em>Candide<\/em> von <strong>Voltaire<\/strong> und <em>L\u2019Esprit des lois<\/em> von <strong>Montesquieu<\/strong> hatten eine internationale Bedeutung. <strong>Denis Diderot<\/strong> und seine Enzyklop\u00e4die erm\u00f6glichten die Verbreitung von Wissen in einem bisher unbekannten Ausma\u00df.\r\n<h3>K\u00fcnstlerisches Erbe<\/h3>\r\nDie <strong>Zeitalter der Aufkl\u00e4rung<\/strong> sah auch die Entwicklung neuer Kunstrichtungen wie den <strong>Neoklassizismus<\/strong>. En r\u00e9action \u00e0 l\u2019extravagance du baroque, ce mouvement pr\u00f4nait un retour aux formes \u00e9pur\u00e9es de l\u2019antiquit\u00e9 gr\u00e9co-romaine. Des artistes comme <strong>Jacques-Louis David<\/strong> haben zu dieser Wiederbelebung beigetragen, mit Werken wie <em>Der Schwur der Horatier<\/em>Sie verk\u00f6rperten die Ideale der b\u00fcrgerlichen Tugend und der Vernunft.\r\n<h3>Architektonisches Erbe<\/h3>\r\nDie Architektur des 18. Jahrhunderts in Frankreich spiegelt ebenfalls den Geist der Aufkl\u00e4rung wider, mit \u00f6ffentlichen Geb\u00e4uden und Denkm\u00e4lern, die den \u00dcbergang zu einer aufgekl\u00e4rteren Gesellschaft markieren. Geb\u00e4ude wie das <strong>Pantheon<\/strong> \u00e0 Paris, initialement con\u00e7u comme une \u00e9glise d\u00e9di\u00e9e \u00e0 Sainte-Genevi\u00e8ve, ont \u00e9t\u00e9 transform\u00e9s en symboles de la nation, o\u00f9 reposent d\u00e9sormais des figures embl\u00e9matiques de la R\u00e9publique. D\u2019autres monuments, comme l\u2019<strong>Garnier-Oper<\/strong> oder die<strong>H\u00f4tel des Invalides<\/strong>, t\u00e9moignent de l\u2019architecture grandiose de l\u2019\u00e9poque.\r\n<h3>Gastronomisches Erbe<\/h3>\r\nSelbst die <a href=\"https:\/\/cparici.com\/de\/gastronomie-in-frankreich-franzosische-kuche\/\">Gastronomie<\/a> entwickelte sich w\u00e4hrend des <strong>Zeitalter der Aufkl\u00e4rung<\/strong>. Des repas plus raffin\u00e9s, inspir\u00e9s par l\u2019\u00e9lite intellectuelle et sociale, ont vu le jour. Des livres de recettes et des chefs renomm\u00e9s comme <strong>Marie-Antoine Car\u00eame<\/strong>, dem Vorreiter der franz\u00f6sischen Haute Cuisine, haben dazu beigetragen, den weltweiten Ruf der franz\u00f6sischen K\u00fcche zu begr\u00fcnden.\r\n<h3>Die wichtigsten historischen Ereignisse der Aufkl\u00e4rung in Frankreich<\/h3>\r\nDie <strong>Zeitalter der Aufkl\u00e4rung<\/strong> est jalonn\u00e9 d\u2019\u00e9v\u00e9nements majeurs qui ont fa\u00e7onn\u00e9 la France et le monde moderne. Certains d\u2019entre eux ont directement contribu\u00e9 \u00e0 l\u2019\u00e9mergence de la R\u00e9volution fran\u00e7aise.\r\n<h4>L\u2019Affaire Calas<\/h4>\r\nDer Fall <strong>Jean Calas<\/strong>im Jahr 1762 ist ein symbolisches Ereignis im Kampf gegen religi\u00f6se Intoleranz. Jean Calas wurde f\u00e4lschlicherweise des Mordes an seinem Sohn beschuldigt und nach einem unfairen Prozess hingerichtet. <strong>Voltaire<\/strong>Er verteidigte das Andenken von Calas und ver\u00f6ffentlichte ein Pamphlet, <em>Abhandlung \u00fcber Toleranz<\/em>Der Film war international bekannt.\r\n<h4>Die Amerikanische Revolution<\/h4>\r\nDie Ideale der Aufkl\u00e4rung beeinflussten auch die internationalen Ereignisse. Die <strong>Amerikanische Revolution<\/strong> (1775-1783) ist ein anschauliches Beispiel f\u00fcr den Einfluss der Ideen der Aufkl\u00e4rung auf die Weltpolitik. Franz\u00f6sische Philosophen wie <strong>Montesquieu<\/strong> und <strong>Rousseau<\/strong> inspirierten die amerikanischen Revolution\u00e4re, und Frankreich spielte eine entscheidende Rolle bei der Unterst\u00fctzung dieses Unabh\u00e4ngigkeitskampfes.\r\n<h4>Die Franz\u00f6sische Revolution<\/h4>\r\nDer H\u00f6hepunkt der Aufkl\u00e4rung in Frankreich gipfelte in der <strong>Franz\u00f6sische Revolution<\/strong> de 1789. Ce bouleversement majeur fut en partie inspir\u00e9 par les id\u00e9es de libert\u00e9, d\u2019\u00e9galit\u00e9 et de fraternit\u00e9 pr\u00f4n\u00e9es par les philosophes des Lumi\u00e8res. La R\u00e9volution mit fin \u00e0 l\u2019Ancien R\u00e9gime et donna naissance \u00e0 une nouvelle \u00e8re politique.\r\n<h2><span style=\"font-size: 18pt;\">Gro\u00dfe Pers\u00f6nlichkeiten der Aufkl\u00e4rung in Frankreich<\/span><\/h2>\r\nDie Zeit der Aufkl\u00e4rung wurde von zahlreichen intellektuellen, k\u00fcnstlerischen und politischen Figuren gepr\u00e4gt. Hier sind einige der prominentesten zu nennen:\r\n<h3>Voltaire (1694-1778)<\/h3>\r\nEiner der bekanntesten Philosophen der Aufkl\u00e4rung, <strong>Voltaire<\/strong> war ein starker Verfechter der Meinungsfreiheit und der religi\u00f6sen Toleranz. Seine Werke, wie <em>Candide<\/em> und seine zahlreichen Essays, haben in Frankreich und im Ausland einen erheblichen Einfluss ausge\u00fcbt.\r\n<h3>Jean-Jacques Rousseau (1712-1778)<\/h3>\r\n<strong>Rousseau<\/strong> pr\u00e4gte die Aufkl\u00e4rung mit seinen \u00dcberlegungen zu Bildung, Politik und Gesellschaft. Sein Werk <em>Der Gesellschaftsvertrag<\/em> hat unter anderem zahlreiche \u00dcberlegungen zur Volkssouver\u00e4nit\u00e4t und Demokratie inspiriert.\r\n<h3>Montesquieu (1689-1755)<\/h3>\r\n<strong>Montesquieu<\/strong> ist vor allem bekannt f\u00fcr sein Werk <em>\u00dcber den Geist der Gesetze<\/em>in dem er die verschiedenen Regierungssysteme analysiert und die Gewaltenteilung vorschl\u00e4gt. Dieses Konzept hatte einen gro\u00dfen Einfluss auf die modernen Verfassungen, insbesondere die der Vereinigten Staaten.\r\n<h2><span style=\"font-size: 18pt;\">Orte, die man besuchen sollte, um die Aufkl\u00e4rung in Frankreich zu verstehen<\/span><\/h2>\r\nUm in die Geschichte der Aufkl\u00e4rung einzutauchen, gibt es in Frankreich mehrere symboltr\u00e4chtige Orte, an denen man diese faszinierende Epoche entdecken kann:\r\n<ul>\r\n \t<li><strong>Die <a href=\"https:\/\/cparici.com\/de\/schloss-von-versailles\/\">Schloss von Versailles<\/a><\/strong> Dieser Palast symbolisiert die Gr\u00f6\u00dfe der k\u00f6niglichen Macht und den Kontext, in dem die revolution\u00e4ren Ideen der Aufkl\u00e4rung entstanden sind.<\/li>\r\n \t<li><strong>Das Pantheon<\/strong> in Paris: Ein Denkmal, das den gro\u00dfen M\u00e4nnern Frankreichs gewidmet ist und in dem mehrere Figuren der Aufkl\u00e4rung ruhen.<\/li>\r\n \t<li><strong>L\u2019Op\u00e9ra Garnier<\/strong> und <strong>Die Invaliden<\/strong> : Zeugnisse des architektonischen Erbes der damaligen Zeit.<\/li>\r\n \t<li><strong>Die franz\u00f6sische Nationalbibliothek<\/strong> Die reichen Sammlungen bieten einen \u00dcberblick \u00fcber die in dieser Zeit entstandenen Werke.<\/li>\r\n<\/ul>\r\n<h2>H\u00e4ufig gestellte Fragen \u00fcber die Aufkl\u00e4rung in Frankreich<\/h2>\r\n<h4>Was sind die Daten der Aufkl\u00e4rung in Frankreich?<\/h4>\r\nDie <strong>Zeitalter der Aufkl\u00e4rung<\/strong> s\u2019\u00e9tend du d\u00e9but du XVIIIe si\u00e8cle jusqu\u2019\u00e0 la R\u00e9volution fran\u00e7aise en 1789.\r\n<h4>Welches sind die wichtigsten Philosophen der Aufkl\u00e4rung?<\/h4>\r\nZu den wichtigsten Philosophen der Aufkl\u00e4rung geh\u00f6ren <strong>Voltaire<\/strong>, <strong>Rousseau<\/strong>, <strong>Montesquieu<\/strong> und <strong>Diderot<\/strong>.\r\n<h4>Wie ist die Franz\u00f6sische Revolution mit der Aufkl\u00e4rung verbunden?<\/h4>\r\nDie <strong>Franz\u00f6sische Revolution<\/strong> s\u2019est nourrie des id\u00e9es de libert\u00e9, d\u2019\u00e9galit\u00e9 et de fraternit\u00e9, issues des \u0153uvres des philosophes des Lumi\u00e8res.\r\n<h4>Welche Orte sollte man besuchen, um mehr \u00fcber die Aufkl\u00e4rung zu erfahren?<\/h4>\r\nZu den Sehensw\u00fcrdigkeiten geh\u00f6ren das <strong>Pantheon<\/strong>am <strong>Schloss von Versailles<\/strong>und die <strong>Franz\u00f6sische Nationalbibliothek<\/strong>.\r\n<h4>Welches sind die wichtigsten literarischen Werke der Aufkl\u00e4rung?<\/h4>\r\nZu den herausragenden Werken geh\u00f6ren <em>Candide<\/em> von <strong>Voltaire<\/strong>, <em>Der Gesellschaftsvertrag<\/em> von <strong>Rousseau<\/strong> und <em>Die Enzyklop\u00e4die<\/em> von <strong>Diderot<\/strong>.\r\n<h3>Schlussfolgerung<\/h3>\r\nDie <strong>Aufkl\u00e4rung in Frankreich<\/strong> a transform\u00e9 non seulement le pays, mais aussi le monde. Avec des contributions majeures dans la philosophie, la litt\u00e9rature, l\u2019art et la politique, cette p\u00e9riode continue d\u2019influencer notre \u00e9poque moderne. Vous pouvez plonger dans cette riche histoire en visitant des lieux embl\u00e9matiques tels que le Ch\u00e2teau de Versailles et le Panth\u00e9on, t\u00e9moins de cette \u00e8re r\u00e9volutionnaire.\r\n\r\nPour en savoir plus sur cette \u00e9poque, consultez cet article Wikip\u00e9dia sur <a href=\"https:\/\/fr.wikipedia.org\" target=\"_new\" rel=\"noopener\">l\u2019histoire intellectuelle de la France<\/a>.\t\t\t\t\t\t\t\t<\/div>\n\t\t\t\t\t<\/div>\n\t\t\t\t<\/div>\n\t\t\t\t<\/div>","protected":false},"excerpt":{"rendered":"<p>Entdecken Sie die Aufkl\u00e4rung in Frankreich, eine Zeit, die von intellektuellen, k\u00fcnstlerischen und kulturellen Revolutionen gepr\u00e4gt war, mit Orten, die Sie besuchen sollten.<\/p>","protected":false},"author":1,"featured_media":57545,"comment_status":"closed","ping_status":"closed","sticky":false,"template":"elementor_header_footer","format":"standard","meta":{"ngg_post_thumbnail":0,"footnotes":""},"categories":[477],"tags":[200,199,1771],"class_list":["post-44257","post","type-post","status-publish","format-standard","has-post-thumbnail","hentry","category-france","tag-histoire","tag-patrimoine","tag-siecle-des-lumieres"],"_links":{"self":[{"href":"https:\/\/cparici.com\/de\/wp-json\/wp\/v2\/posts\/44257","targetHints":{"allow":["GET"]}}],"collection":[{"href":"https:\/\/cparici.com\/de\/wp-json\/wp\/v2\/posts"}],"about":[{"href":"https:\/\/cparici.com\/de\/wp-json\/wp\/v2\/types\/post"}],"author":[{"embeddable":true,"href":"https:\/\/cparici.com\/de\/wp-json\/wp\/v2\/users\/1"}],"replies":[{"embeddable":true,"href":"https:\/\/cparici.com\/de\/wp-json\/wp\/v2\/comments?post=44257"}],"version-history":[{"count":0,"href":"https:\/\/cparici.com\/de\/wp-json\/wp\/v2\/posts\/44257\/revisions"}],"wp:featuredmedia":[{"embeddable":true,"href":"https:\/\/cparici.com\/de\/wp-json\/wp\/v2\/media\/57545"}],"wp:attachment":[{"href":"https:\/\/cparici.com\/de\/wp-json\/wp\/v2\/media?parent=44257"}],"wp:term":[{"taxonomy":"category","embeddable":true,"href":"https:\/\/cparici.com\/de\/wp-json\/wp\/v2\/categories?post=44257"},{"taxonomy":"post_tag","embeddable":true,"href":"https:\/\/cparici.com\/de\/wp-json\/wp\/v2\/tags?post=44257"}],"curies":[{"name":"wp","href":"https:\/\/api.w.org\/{rel}","templated":true}]}}