{"id":44312,"date":"2024-12-26T14:55:04","date_gmt":"2024-12-26T13:55:04","guid":{"rendered":"https:\/\/cparici.com\/?p=44312"},"modified":"2025-03-27T06:35:11","modified_gmt":"2025-03-27T05:35:11","slug":"jardin-des-plantes-paris","status":"publish","type":"post","link":"https:\/\/cparici.com\/de\/jardin-des-plantes-paris\/","title":{"rendered":"Der Jardin des plantes a Paris"},"content":{"rendered":"<div data-elementor-type=\"wp-post\" data-elementor-id=\"44312\" class=\"elementor elementor-44312\" data-elementor-post-type=\"post\">\n\t\t\t\t<div class=\"elementor-element elementor-element-7385d0c e-flex e-con-boxed e-con e-parent\" data-id=\"7385d0c\" data-element_type=\"container\" data-e-type=\"container\">\n\t\t\t\t\t<div class=\"e-con-inner\">\n\t\t\t\t<div class=\"elementor-element elementor-element-aec1f7d elementor-widget elementor-widget-image\" data-id=\"aec1f7d\" data-element_type=\"widget\" data-e-type=\"widget\" data-widget_type=\"image.default\">\n\t\t\t\t\t\t\t\t\t\t\t\t\t\t\t<img decoding=\"async\" width=\"1500\" height=\"530\" src=\"https:\/\/cparici.com\/wp-content\/uploads\/2024\/12\/cparici-3.png\" class=\"attachment-full size-full wp-image-48559\" alt=\"Jardin des plantes paris\" srcset=\"https:\/\/cparici.com\/wp-content\/uploads\/2024\/12\/cparici-3.png 1500w, https:\/\/cparici.com\/wp-content\/uploads\/2024\/12\/cparici-3-300x106.png 300w, https:\/\/cparici.com\/wp-content\/uploads\/2024\/12\/cparici-3-1024x362.png 1024w, https:\/\/cparici.com\/wp-content\/uploads\/2024\/12\/cparici-3-768x271.png 768w, https:\/\/cparici.com\/wp-content\/uploads\/2024\/12\/cparici-3-590x208.png 590w, https:\/\/cparici.com\/wp-content\/uploads\/2024\/12\/cparici-3-1200x424.png 1200w, https:\/\/cparici.com\/wp-content\/uploads\/2024\/12\/cparici-3-577x204.png 577w, https:\/\/cparici.com\/wp-content\/uploads\/2024\/12\/cparici-3-600x212.png 600w\" sizes=\"(max-width: 1500px) 100vw, 1500px\" \/>\t\t\t\t\t\t\t\t\t\t\t\t\t\t\t<\/div>\n\t\t\t\t\t<\/div>\n\t\t\t\t<\/div>\n\t\t<div class=\"elementor-element elementor-element-497a94d e-flex e-con-boxed e-con e-parent\" data-id=\"497a94d\" data-element_type=\"container\" data-e-type=\"container\">\n\t\t\t\t\t<div class=\"e-con-inner\">\n\t\t\t\t<div class=\"elementor-element elementor-element-7170779f elementor-widget elementor-widget-text-editor\" data-id=\"7170779f\" data-element_type=\"widget\" data-e-type=\"widget\" data-widget_type=\"text-editor.default\">\n\t\t\t\t\t\t\t\t\t<h1 style=\"text-align: center;\"><span style=\"font-size: 18pt;\">Jardin des Plantes a Paris<\/span><\/h1><p>Die <strong>Garten der Pflanzen<\/strong> ist ein emblematischer Naturraum in <a href=\"https:\/\/cparici.com\/de\/paris\/\">Paris<\/a>, alliant botanique, histoire et loisirs. Fond\u00e9 au XVIIe si\u00e8cle, ce lieu est non seulement un refuge pour la biodiversit\u00e9 mais aussi un centre de connaissances et d\u2019exploration pour petits et grands. Situ\u00e9 dans le <strong>5. Bezirk<\/strong>Dieser Park l\u00e4dt Sie dazu ein, eine gro\u00dfe Vielfalt an Pflanzen, Themenbereichen sowie kulturellen und wissenschaftlichen Einrichtungen zu entdecken.<\/p><h2><span style=\"font-size: 14pt;\">Jardin des Plantes : Un \u00c9crin de Nature et d\u2019Histoire au C\u0153ur de Paris<\/span><\/h2><h3>Qu\u2019est-ce que le Jardin des Plantes ?<\/h3><p>Die <strong>Garten der Pflanzen<\/strong> ist ein 1626 gegr\u00fcndeter botanischer Garten in Paris. Er wird vom <strong>National Museum of Natural History<\/strong>, et s\u2019\u00e9tend sur 23 hectares. Ce lieu a pour mission de pr\u00e9server les plantes et d\u2019\u00e9duquer le public \u00e0 la richesse de la flore. Ce jardin est c\u00e9l\u00e8bre pour sa collection de <strong>Heilpflanzen<\/strong>In den letzten Jahren hat sich der Park mit seinen gro\u00dfen, bl\u00fchenden Alleen und den Bereichen, die der botanischen Forschung gewidmet sind, einen Namen gemacht.<\/p><h2><span style=\"font-size: 14pt;\">Geschichte des Jardin des Plantes in Paris<\/span><\/h2><p>Die <strong>Garten der Pflanzen<\/strong> wurde 1635 von Ludwig XIII. unter dem Namen <strong>K\u00f6niglicher Garten der Heilpflanzen<\/strong>. Il a \u00e9t\u00e9 con\u00e7u \u00e0 l\u2019origine pour cultiver des herbes m\u00e9dicinales afin de former des m\u00e9decins et apothicaires du roi. C\u2019est en 1793, pendant la R\u00e9volution fran\u00e7aise, que le jardin prend son nom actuel. Parmi les personnages historiques qui ont marqu\u00e9 ce lieu, on retrouve <strong>Georges-Louis Leclerc<\/strong>, comte de Buffon, qui fut l\u2019un des plus grands naturalistes de l\u2019\u00e9poque. Il a enrichi le jardin et cr\u00e9\u00e9 de nombreuses collections encore visibles aujourd\u2019hui.<\/p><h2><span style=\"font-size: 18pt;\">Die R\u00e4ume des Jardin des Plantes<\/span><\/h2><h3>Der Rosengarten und der Alpengarten<\/h3><p>Die <strong>Rosengarten<\/strong> du Jardin des Plantes est un espace enchanteur, o\u00f9 diff\u00e9rentes vari\u00e9t\u00e9s de roses viennent parfumer l\u2019air d\u00e8s la fin du printemps. \u00c0 quelques pas, le <strong>Alpengarten<\/strong> bietet einen starken Kontrast mit seltenen Bergpflanzen, von denen einige aus der ganzen Welt stammen.<\/p><h3>Die Menagerie des Jardin des Plantes (Pflanzengarten)<\/h3><p>Die <strong>Menagerie<\/strong>einer der \u00e4ltesten <a href=\"https:\/\/cparici.com\/de\/zoofuhrer-frankreich-europa\/\">Zoos<\/a> du monde encore en activit\u00e9, est situ\u00e9e au c\u0153ur du jardin. Fond\u00e9e en 1794, elle accueille aujourd\u2019hui plus de 200 esp\u00e8ces d\u2019animaux, dont certaines en voie d\u2019extinction. On peut y observer des mammif\u00e8res, des oiseaux, et m\u00eame des reptiles dans un cadre historique.<\/p><h2><span style=\"font-size: 18pt;\">Praktische Informationen: \u00d6ffnungszeiten, Preise und Anreise<\/span><\/h2><ul><li><strong>\u00d6ffnungszeiten<\/strong> : Der Garten ist t\u00e4glich von 7:30 bis 19:00 Uhr ge\u00f6ffnet. Die \u00d6ffnungszeiten variieren je nach Jahreszeit.<\/li><li><strong>Tarife<\/strong> : L\u2019entr\u00e9e au jardin est gratuite, mais certaines expositions et la m\u00e9nagerie sont payantes. Le prix d\u2019entr\u00e9e \u00e0 la m\u00e9nagerie est de <strong>13 Euro<\/strong> f\u00fcr Erwachsene und von <strong>9 Euro<\/strong> f\u00fcr Kinder.<\/li><li><strong>Wie man zum Jardin des Plantes gelangt<\/strong> : Sie k\u00f6nnen den Garten \u00fcber die U-Bahn-Stationen erreichen. <strong>Jussieu<\/strong> (Linie 7) und <strong>Gare d\u2019Austerlitz<\/strong> (Linien 5 und 10). Mehrere Buslinien verkehren ebenfalls in der N\u00e4he.<\/li><\/ul><h3>Was man im Jardin des Plantes machen kann<\/h3><p>Die <strong>Garten der Pflanzen<\/strong> bietet eine Vielzahl von Aktivit\u00e4ten f\u00fcr Besucher. Neben Spazierg\u00e4ngen durch seine weitl\u00e4ufigen Anlagen werden auch F\u00fchrungen angeboten, bei denen Sie die botanischen und historischen Sch\u00e4tze des Parks kennenlernen k\u00f6nnen. F\u00fcr Kinder gibt es <strong>tropische Gew\u00e4chsh\u00e4user<\/strong>Die <strong>Bildungsworkshops<\/strong>und nat\u00fcrlich der <strong>Menagerie<\/strong> um die Tierwelt zu entdecken.<\/p><h3>Die Illuminationen im Jardin des Plantes<\/h3><p>Jedes Jahr wird der <strong>Garten der Pflanzen<\/strong> veranstaltet ein Lichtfestival : <strong>die Illuminationen des Jardin des Plantes (Pflanzengarten)<\/strong>. Dieses n\u00e4chtliche Spektakel verwandelt die Alleen in einen m\u00e4rchenhaften Parcours mit riesigen Lichtstrukturen, die Tiere, Pflanzen und Naturlandschaften darstellen. Eine Aktivit\u00e4t, die Sie sich w\u00e4hrend der Wintermonate nicht entgehen lassen sollten.<\/p><h3>Bei C\u00e4sar im Jardin des Plantes<\/h3><p>Das Restaurant <strong>Bei C\u00e4sar<\/strong>in der N\u00e4he des Gartens bietet traditionelle franz\u00f6sische K\u00fcche in einer gem\u00fctlichen Atmosph\u00e4re. Nach einem langen Spaziergang durch die bl\u00fchenden Alleen k\u00f6nnen Sie hier klassische Gerichte genie\u00dfen.<\/p><h2><span style=\"font-size: 18pt;\">Die Phare-Pflanzen des Jardin des Plantes (Pflanzengarten)<\/span><\/h2><p>Der Jardin des Plantes zeigt eine umfangreiche Sammlung von <strong>Heilpflanzen<\/strong>von <strong>Rosen<\/strong>und seltenen Arten in seinen <strong>tropische Gew\u00e4chsh\u00e4user<\/strong>. Die Besucher k\u00f6nnen <strong>Palmen<\/strong>Die <strong>Kakteen<\/strong>und <strong>Orchideen<\/strong>unter vielen anderen. Die <strong>\u00f6kologischer Garten<\/strong> stellt die nat\u00fcrlichen \u00d6kosysteme der \u00cele-de-France nach.<\/p><h3>Wann sollte man Garten-Iris pflanzen?<\/h3><p>Wenn Sie anbauen m\u00f6chten <strong>iris<\/strong>, la meilleure p\u00e9riode pour les planter est \u00e0 la fin de l\u2019\u00e9t\u00e9, entre ao\u00fbt et septembre. Ils pr\u00e9f\u00e8rent une exposition ensoleill\u00e9e et un sol bien drain\u00e9.<\/p><h2><span style=\"font-size: 18pt;\">Die Jardins des Plantes in Frankreich<\/span><\/h2><p>Die <strong>Garten der Pflanzen<\/strong> de Paris n\u2019est pas le seul en France. D\u2019autres villes abritent des jardins similaires, comme \u00e0 <strong>Nantes<\/strong>, <strong>Montpellier<\/strong>und <strong>Toulouse<\/strong>. Diese R\u00e4ume teilen den gleichen Auftrag zur botanischen und p\u00e4dagogischen Erhaltung.<\/p><h3>L\u2019Ambiance du Parc Jardin des Plantes<\/h3><p>Die Atmosph\u00e4re des <strong>Garten der Pflanzen<\/strong> ist friedlich und gesellig. Es ist ein Ort, an dem die Natur im Herzen der Stadt zur Geltung kommt. Seine gro\u00dfen, schattigen Alleen, sorgf\u00e4ltig gepflegten Gr\u00fcnfl\u00e4chen und lauschigen Ecken bieten den Besuchern einen Moment der Ruhe und Kontemplation fernab des Pariser Trubels.<\/p><h2><span style=\"font-size: 18pt;\">Sehensw\u00fcrdigkeiten in der Umgebung des Jardin des Plantes<\/span><\/h2><p>Rund um den <strong>Garten der Pflanzen<\/strong>In der Stadt k\u00f6nnen Sie viele andere Sehensw\u00fcrdigkeiten entdecken, wie z. B. die <strong>Gro\u00dfe Moschee von Paris<\/strong>am <strong>Museum f\u00fcr Naturgeschichte<\/strong> und der <strong>Lateinisches Viertel<\/strong>Die Stadt ist ber\u00fchmt f\u00fcr ihre Caf\u00e9s und Buchhandlungen. Die <strong>Pantheon<\/strong> und die <strong>Arena von Lutetia<\/strong> sind nur wenige Minuten zu Fu\u00df entfernt.<\/p><h3>D\u00e9partement et R\u00e9gion : D\u00e9couverte du 5e Arrondissement et de l\u2019\u00cele-de-France<\/h3><p>Die <strong>Garten der Pflanzen<\/strong> befindet sich in der <strong>5. Bezirk von Paris<\/strong>, l\u2019un des quartiers les plus historiques de la capitale. Ce quartier est \u00e9galement connu pour ses universit\u00e9s et ses institutions culturelles. Le jardin se trouve en plein c\u0153ur de la r\u00e9gion <strong>\u00cele-de-France<\/strong>In der bev\u00f6lkerungsreichsten und dynamischsten Region Frankreichs befindet sich die Hauptstadt.<\/p><h2><span style=\"font-size: 18pt;\">FAQ: Alles \u00fcber den Jardin des Plantes<\/span><\/h2><h3>Wie komme ich zum Jardin des Plantes?<\/h3><p>Um zum <strong>Garten der Pflanzen<\/strong>, prenez les lignes de m\u00e9tro 5, 7 ou 10 jusqu\u2019aux stations <strong>Gare d\u2019Austerlitz<\/strong> oder <strong>Jussieu<\/strong>. Die Busse 24, 63 und 89 fahren ebenfalls zum Garten.<\/p><h3>Wann sollte man Garteniris pflanzen?<\/h3><p>Iris werden am besten zwischen August und September in gut durchl\u00e4ssigen Boden an einem sonnigen Standort gepflanzt.<\/p><h3>Wie sind die \u00d6ffnungszeiten des Jardin des Plantes?<\/h3><p>Der Garten ist ge\u00f6ffnet von <strong>7:30 bis 19:00 Uhr<\/strong> jeden Tag, aber die Zeiten k\u00f6nnen je nach Jahreszeit variieren.<\/p><h3>Welche Aktivit\u00e4ten kann man im Jardin des Plantes unternehmen?<\/h3><p>Sie k\u00f6nnen den <strong>Zoo<\/strong>Besuchen Sie die <strong>tropische Gew\u00e4chsh\u00e4user<\/strong>, Teilnahme an <strong>Bildungsworkshops<\/strong> oder einfach nur durch die bl\u00fchenden Alleen schlendern.<\/p><h3>Quelle est l\u2019histoire du Jardin des Plantes ?<\/h3><p>Fond\u00e9 en 1635, le jardin a \u00e9t\u00e9 con\u00e7u comme un espace de culture pour les plantes m\u00e9dicinales et s\u2019est transform\u00e9 en un lieu d\u2019enseignement et de conservation botanique.<\/p><h2>Schlussfolgerung<\/h2><p>Die <strong>Garten der Pflanzen<\/strong> est un joyau de la biodiversit\u00e9 \u00e0 Paris, combinant histoire, \u00e9ducation et d\u00e9tente. Que vous soyez passionn\u00e9 de botanique, d\u2019animaux ou simplement \u00e0 la recherche d\u2019un coin de verdure, ce lieu iconique offre un moment de s\u00e9r\u00e9nit\u00e9 dans la capitale fran\u00e7aise.<\/p><p><em>Mehr \u00fcber die Geschichte des Gartens erfahren Sie unter <a href=\"https:\/\/fr.wikipedia.org\/wiki\/Jardin_des_plantes_de_Paris\" target=\"_new\" rel=\"noopener\">diese Seite<\/a>.<\/em><\/p>\t\t\t\t\t\t\t\t<\/div>\n\t\t\t\t\t<\/div>\n\t\t\t\t<\/div>\n\t\t\t\t<\/div>","protected":false},"excerpt":{"rendered":"<p>D\u00e9couvrez le Jardin des Plantes, ce jardin botanique cr\u00e9\u00e9 en 1626 \u00e0 Paris, g\u00e9r\u00e9 par le Mus\u00e9um national d&#8217;Histoire naturelle, sur 23 hectares<\/p>","protected":false},"author":1,"featured_media":48559,"comment_status":"closed","ping_status":"closed","sticky":false,"template":"elementor_header_footer","format":"standard","meta":{"ngg_post_thumbnail":0,"footnotes":""},"categories":[1022,1803,477,1021],"tags":[1804,1805,199],"class_list":["post-44312","post","type-post","status-publish","format-standard","has-post-thumbnail","hentry","category-paris","category-5eme-arrondissement","category-france","category-ile-de-france","tag-biodiversite","tag-jardin-botanique","tag-patrimoine"],"_links":{"self":[{"href":"https:\/\/cparici.com\/de\/wp-json\/wp\/v2\/posts\/44312","targetHints":{"allow":["GET"]}}],"collection":[{"href":"https:\/\/cparici.com\/de\/wp-json\/wp\/v2\/posts"}],"about":[{"href":"https:\/\/cparici.com\/de\/wp-json\/wp\/v2\/types\/post"}],"author":[{"embeddable":true,"href":"https:\/\/cparici.com\/de\/wp-json\/wp\/v2\/users\/1"}],"replies":[{"embeddable":true,"href":"https:\/\/cparici.com\/de\/wp-json\/wp\/v2\/comments?post=44312"}],"version-history":[{"count":0,"href":"https:\/\/cparici.com\/de\/wp-json\/wp\/v2\/posts\/44312\/revisions"}],"wp:featuredmedia":[{"embeddable":true,"href":"https:\/\/cparici.com\/de\/wp-json\/wp\/v2\/media\/48559"}],"wp:attachment":[{"href":"https:\/\/cparici.com\/de\/wp-json\/wp\/v2\/media?parent=44312"}],"wp:term":[{"taxonomy":"category","embeddable":true,"href":"https:\/\/cparici.com\/de\/wp-json\/wp\/v2\/categories?post=44312"},{"taxonomy":"post_tag","embeddable":true,"href":"https:\/\/cparici.com\/de\/wp-json\/wp\/v2\/tags?post=44312"}],"curies":[{"name":"wp","href":"https:\/\/api.w.org\/{rel}","templated":true}]}}