{"id":44463,"date":"2024-12-11T07:42:26","date_gmt":"2024-12-11T06:42:26","guid":{"rendered":"https:\/\/cparici.com\/?p=44463"},"modified":"2025-03-27T06:32:26","modified_gmt":"2025-03-27T05:32:26","slug":"die-cevennen","status":"publish","type":"post","link":"https:\/\/cparici.com\/de\/les-cevennes\/","title":{"rendered":"Die Cevennen - Natur und Kultur"},"content":{"rendered":"<div data-elementor-type=\"wp-post\" data-elementor-id=\"44463\" class=\"elementor elementor-44463\" data-elementor-post-type=\"post\">\n\t\t\t\t<div class=\"elementor-element elementor-element-81372aa e-flex e-con-boxed e-con e-parent\" data-id=\"81372aa\" data-element_type=\"container\" data-e-type=\"container\">\n\t\t\t\t\t<div class=\"e-con-inner\">\n\t\t\t\t<div class=\"elementor-element elementor-element-9fc75af elementor-widget elementor-widget-image\" data-id=\"9fc75af\" data-element_type=\"widget\" data-e-type=\"widget\" data-widget_type=\"image.default\">\n\t\t\t\t\t\t\t\t\t\t\t\t\t\t\t<img decoding=\"async\" width=\"1500\" height=\"530\" src=\"https:\/\/cparici.com\/wp-content\/uploads\/2024\/12\/cparici-2025-02-16T090656.103.jpg\" class=\"attachment-full size-full wp-image-57541\" alt=\"Die Cevennen\" srcset=\"https:\/\/cparici.com\/wp-content\/uploads\/2024\/12\/cparici-2025-02-16T090656.103.jpg 1500w, https:\/\/cparici.com\/wp-content\/uploads\/2024\/12\/cparici-2025-02-16T090656.103-300x106.jpg 300w, https:\/\/cparici.com\/wp-content\/uploads\/2024\/12\/cparici-2025-02-16T090656.103-1024x362.jpg 1024w, https:\/\/cparici.com\/wp-content\/uploads\/2024\/12\/cparici-2025-02-16T090656.103-768x271.jpg 768w, https:\/\/cparici.com\/wp-content\/uploads\/2024\/12\/cparici-2025-02-16T090656.103-590x208.jpg 590w, https:\/\/cparici.com\/wp-content\/uploads\/2024\/12\/cparici-2025-02-16T090656.103-1200x424.jpg 1200w, https:\/\/cparici.com\/wp-content\/uploads\/2024\/12\/cparici-2025-02-16T090656.103-577x204.jpg 577w, https:\/\/cparici.com\/wp-content\/uploads\/2024\/12\/cparici-2025-02-16T090656.103-600x212.jpg 600w\" sizes=\"(max-width: 1500px) 100vw, 1500px\" \/>\t\t\t\t\t\t\t\t\t\t\t\t\t\t\t<\/div>\n\t\t\t\t\t<\/div>\n\t\t\t\t<\/div>\n\t\t<div class=\"elementor-element elementor-element-53cb1947 e-flex e-con-boxed e-con e-parent\" data-id=\"53cb1947\" data-element_type=\"container\" data-e-type=\"container\">\n\t\t\t\t\t<div class=\"e-con-inner\">\n\t\t\t\t<div class=\"elementor-element elementor-element-4b66e934 elementor-widget elementor-widget-text-editor\" data-id=\"4b66e934\" data-element_type=\"widget\" data-e-type=\"widget\" data-widget_type=\"text-editor.default\">\n\t\t\t\t\t\t\t\t\t<h1 style=\"text-align: center;\"><span style=\"font-size: 18pt;\">Die <strong>Cevennen<\/strong><\/span><\/h1><p>Die <strong>Cevennen<\/strong> bilden eine einzigartige Region in S\u00fcdfrankreich, in der spektakul\u00e4re Landschaften, tief verwurzelte Traditionen und das Naturerbe zusammenkommen, um Besuchern ein unvergessliches Erlebnis zu bieten. Im Herzen des Zentralmassivs gelegen, bieten diese Berge eine Vielzahl von Aktivit\u00e4ten, die von Wanderungen \u00fcber kulturelle Entdeckungen bis hin zur lokalen Gastronomie reichen.<\/p><h2><span style=\"font-size: 18pt;\">Die Cevennen: Ein Naturpark zwischen Bergen und Geschichte<\/span><\/h2><p>Die <strong>Cevennen<\/strong> liegen zwischen den Departements du <strong>Gard<\/strong> und der <strong>Loz\u00e8re<\/strong>Sie sind Teil der Region Okzitanien. Dieses bergige Gebiet, das Teil des <strong>Nationalpark der Cevennen<\/strong>, est inscrit au patrimoine mondial de l\u2019UNESCO pour ses paysages exceptionnels et son agriculture traditionnelle. On y retrouve une grande diversit\u00e9 de paysages allant des vall\u00e9es verdoyantes aux cr\u00eates d\u00e9nud\u00e9es.<\/p><h3>Die Landschaften der Cevennen<\/h3><p>Die <strong>Cevennen<\/strong> sind f\u00fcr ihre abwechslungsreichen Landschaften bekannt: zerkl\u00fcftete Berge, gewundene Fl\u00fcsse wie der <strong>Tarn<\/strong> oder die <strong>Jonte<\/strong>Die Landschaft ist gepr\u00e4gt von dichten W\u00e4ldern. Eine der Besonderheiten der Cevennen ist das Vorhandensein von <strong>landwirtschaftliche Terrassen<\/strong>Sie sind von Menschenhand geschaffen worden, um das Land in einer zerkl\u00fcfteten Umgebung zu kultivieren. Diese einzigartigen Landschaften bieten den Besuchern eine ideale Umgebung, um sich zu erholen und die Natur zu genie\u00dfen.<\/p><h3>Die Fauna und Flora der Cevennen<\/h3><p>Die <strong>Nationalpark der Cevennen<\/strong> ist einer der wenigen bewohnten europ\u00e4ischen Parks, in dem die biologische Vielfalt sowohl gesch\u00fctzt als auch gef\u00f6rdert wird. Die <strong>Tierwelt<\/strong> Hier k\u00f6nnen Sie Hirsche, Wildschweine, Raubv\u00f6gel wie den Steinadler und eher unauff\u00e4llige Arten wie den Otter oder den Biber beobachten. Seite <strong>Flora<\/strong>Die Cevennen beherbergen eine gro\u00dfe Vielfalt an Pflanzen, von den <strong>Kastanienw\u00e4lder<\/strong>Die Landschaft ist gepr\u00e4gt von den f\u00fcr die Region typischen Heidelandschaften, die mit Heidekraut bedeckt sind.<\/p><h3>Traditionen und Gemeinden der Cevennen<\/h3><p>Die <strong>Cevennen-Traditionen<\/strong> sind tief im Alltag der Einwohner verwurzelt. Die <strong>Kastanie<\/strong>, appel\u00e9e \u201carbre \u00e0 pain\u201d, joue un r\u00f4le central dans la culture locale et sert encore de base \u00e0 de nombreuses recettes. La r\u00e9gion est \u00e9galement marqu\u00e9e par son pass\u00e9 protestant et par la <strong>Widerstand der Kamisarden<\/strong> im achtzehnten Jahrhundert. Unter den <strong>Gemeinden<\/strong> unumg\u00e4nglich, <strong>Le Vigan<\/strong>, <strong>Florac<\/strong>oder <strong>Saint-Jean-du-Gard<\/strong> sont des \u00e9tapes charmantes pour d\u00e9couvrir l\u2019authenticit\u00e9 des C\u00e9vennes.<\/p><h2><span style=\"font-size: 18pt;\">Sehensw\u00fcrdigkeiten in den Cevennen<\/span><\/h2><p>Die Region ist reich an <strong>historische Denkm\u00e4ler<\/strong> und von <strong>Naturst\u00e4tten<\/strong> die einem den Atem rauben. Zu den emblematischsten geh\u00f6ren :<\/p><ul><li><strong>Der Mont Aigoual<\/strong>Der h\u00f6chste Punkt der Cevennen mit einem atemberaubenden Panoramablick.<\/li><li><strong>Die H\u00f6hle von Dargilan<\/strong>, aussi appel\u00e9e \u201cgrotte rose\u201d, c\u00e9l\u00e8bre pour ses concr\u00e9tions naturelles.<\/li><li><strong>Das W\u00fcstenmuseum<\/strong> in Mialet, das die Geschichte des Protestantismus in den Cevennen nachzeichnet.<\/li><\/ul><p>An diesen Orten k\u00f6nnen Sie sowohl die Natur als auch die Geschichte der Region erkunden.<\/p><h3>Wandern in den Cevennen<\/h3><p>Die <strong>Cevennen<\/strong> sind ein Land der <strong>Wanderung<\/strong> par excellence. Die <strong>Stevensonweg<\/strong>, l\u2019un des plus c\u00e9l\u00e8bres, suit les traces de l\u2019\u00e9crivain \u00e9cossais Robert Louis Stevenson qui a travers\u00e9 la r\u00e9gion en 1878 avec son \u00e2ne. Les amateurs de randonn\u00e9e pourront aussi d\u00e9couvrir le <strong>Nationalpark<\/strong> dank zahlreicher markierter Wanderwege, die au\u00dfergew\u00f6hnliche Panoramen auf Schluchten und Berge bieten.<\/p><h3>Kulturelle und sportliche Aktivit\u00e4ten in den Cevennen<\/h3><p>Neben dem Wandern <strong>Sportaktivit\u00e4ten<\/strong>\u00a0sind zahlreich: Klettern, Kajakfahren in den Schluchten des Tarn, Mountainbiken auf steilen Pfaden oder Baden in den Fl\u00fcssen. Aus kultureller Sicht werden <strong>Musikfestivals<\/strong>Das ganze Jahr \u00fcber bestimmen Ausstellungen zeitgen\u00f6ssischer Kunst und lokale M\u00e4rkte den Rhythmus des Lebens in den Cevennen.<\/p><h3>Restaurants in den Cevennen<\/h3><p>Die Region ist auch ein Paradies f\u00fcr <strong>Gourmets<\/strong>. In den lokalen Restaurants werden die Produkte der Region hervorgehoben: die <strong>Kastanie<\/strong> in all seinen Formen (Suppe, Mehl, Marmelade), die <strong>glasierte Kastanien<\/strong>Die meisten Gerichte auf der Basis von<strong>Lamm<\/strong> oder von <strong>Schwein<\/strong> und nat\u00fcrlich die <strong>K\u00e4se<\/strong> der Region wie der <strong>P\u00e9lardon<\/strong>. Adressen wie das <strong>Mas Neu<\/strong> oder <strong>L\u2019Atelier Gourmand<\/strong> in Le Vigan werden Ihren Gaumen erfreuen.<\/p><h3>Die Hotels in den Cevennen<\/h3><p>F\u00fcr Ihren Aufenthalt in der Region steht Ihnen eine gro\u00dfe Auswahl an Unterk\u00fcnften zur Verf\u00fcgung, von <strong>G\u00e4stezimmer<\/strong> gesellig zu <strong>charmante Hotels<\/strong>. Unter den bemerkenswerten Adressen ist der <strong>Ch\u00e2teau d\u2019Ayres<\/strong> oder <strong>Die Bastide d'Aguyane<\/strong> bieten Ihnen ein authentisches Erlebnis mit allen modernen Annehmlichkeiten in einer gesch\u00fctzten nat\u00fcrlichen Umgebung.<\/p><h3>Das Kunsthandwerk und die Designer der Cevennen<\/h3><p>Die <strong>handwerkliches K\u00f6nnen<\/strong> ist einer der Stolz der Region. Die <a href=\"https:\/\/cparici.com\/de\/topferwerkstatten\/\"><strong>T\u00f6pfer<\/strong><\/a>, <strong>Weber<\/strong> und <a href=\"https:\/\/cparici.com\/de\/seifenfabriken-in-frankreich\/\"><strong>Seifensieder<\/strong><\/a> f\u00fchren althergebrachte Techniken fort, die oft von Generation zu Generation weitergegeben werden. Sie k\u00f6nnen diese Handwerker in D\u00f6rfern entdecken wie <strong>Saint-Hippolyte-du-Fort<\/strong>In dieser Stadt, in der Kunst und Kreativit\u00e4t einen hohen Stellenwert einnehmen, ist es wichtig, dass die Sch\u00fclerinnen und Sch\u00fcler in der Lage sind, sich selbst zu verwirklichen.<\/p><h3>Das Departement und die Region<\/h3><p>Die Region erstreckt sich haupts\u00e4chlich \u00fcber die D\u00e9partements du <a href=\"https:\/\/cparici.com\/de\/gard-departement\/\"><strong>Gard<\/strong><\/a> und der <strong>Loz\u00e8re<\/strong>in der Region <strong>Okzitanien<\/strong>. Diese Region ist reich an Geschichte und kultureller Vielfalt und bietet ihren Besuchern eine Vielzahl von Entdeckungsm\u00f6glichkeiten, sowohl in Bezug auf die Natur als auch auf das Kulturerbe.<\/p><h3>H\u00e4ufig gestellte Fragen zu den Cevennen<\/h3><h4>Was kann man in den Cevennen unternehmen?<\/h4><p>Die Cevennen bieten eine gro\u00dfe Vielfalt an Aktivit\u00e4ten: Wandern, Klettern, Besuche von H\u00f6hlen und Museen sowie die Entdeckung des lokalen Kunsthandwerks.<\/p><h4>Wo befinden sich die Cevennen?<\/h4><p>Die Region liegt im S\u00fcden Frankreichs zwischen den Departements Gard und Loz\u00e8re in der Region Okzitanien.<\/p><h4>Was kann man in den Cevennen besichtigen?<\/h4><p>Zu den Sehensw\u00fcrdigkeiten geh\u00f6ren der Mont Aigoual, die H\u00f6hle von Dargilan und das Mus\u00e9e du D\u00e9sert, das die protestantische Geschichte der Region dokumentiert.<\/p><h4>Was gibt es in den Cevennen zu sehen?<\/h4><p>Die Region bietet eine abwechslungsreiche Landschaft, die von zerkl\u00fcfteten Bergen bis hin zu gewundenen Fl\u00fcssen reicht. Landwirtschaftliche Terrassen, Kastanienw\u00e4lder und Wildtiere geh\u00f6ren zu den Natursch\u00e4tzen, die es zu beobachten gilt.<\/p><h3>Praktische Informationen f\u00fcr einen Besuch in den Cevennen<\/h3><p>Die <strong>Nationalpark<\/strong>\u00a0ist das ganze Jahr \u00fcber zug\u00e4nglich, aber die beste Reisezeit ist im Fr\u00fchling oder Herbst, wenn die Temperaturen angenehm sind und die Landschaften bl\u00fchen. F\u00fcr einen gelungenen Aufenthalt sollten Sie Ihre Wanderungen gut vorbereiten und sich vor Ihrer Abreise \u00fcber die Wetterbedingungen informieren.<\/p><hr \/><p>Mehr \u00fcber diese faszinierende Region erfahren Sie in der <a href=\"https:\/\/fr.wikipedia.org\/wiki\/C%C3%A9vennes\" target=\"_new\" rel=\"noopener\">Wikipedia-Seite<\/a><\/p><p>\u00a0<\/p>\t\t\t\t\t\t\t\t<\/div>\n\t\t\t\t\t<\/div>\n\t\t\t\t<\/div>\n\t\t<div class=\"elementor-element elementor-element-053ea4b e-flex e-con-boxed e-con e-parent\" data-id=\"053ea4b\" data-element_type=\"container\" data-e-type=\"container\">\n\t\t\t\t\t<div class=\"e-con-inner\">\n\t\t\t\t<div class=\"elementor-element elementor-element-1dd7416 elementor-grid-3 elementor-grid-tablet-2 elementor-grid-mobile-1 elementor-posts--thumbnail-top elementor-widget elementor-widget-posts\" data-id=\"1dd7416\" data-element_type=\"widget\" data-e-type=\"widget\" data-settings=\"{&quot;classic_columns&quot;:&quot;3&quot;,&quot;classic_columns_tablet&quot;:&quot;2&quot;,&quot;classic_columns_mobile&quot;:&quot;1&quot;,&quot;classic_row_gap&quot;:{&quot;unit&quot;:&quot;px&quot;,&quot;size&quot;:35,&quot;sizes&quot;:[]},&quot;classic_row_gap_tablet&quot;:{&quot;unit&quot;:&quot;px&quot;,&quot;size&quot;:&quot;&quot;,&quot;sizes&quot;:[]},&quot;classic_row_gap_mobile&quot;:{&quot;unit&quot;:&quot;px&quot;,&quot;size&quot;:&quot;&quot;,&quot;sizes&quot;:[]}}\" data-widget_type=\"posts.classic\">\n\t\t\t\t<div class=\"elementor-widget-container\">\n\t\t\t\t\t\t\t<div class=\"elementor-posts-container elementor-posts elementor-posts--skin-classic elementor-grid\" role=\"list\">\n\t\t\t\t<article class=\"elementor-post elementor-grid-item post-65547 post type-post status-publish format-standard has-post-thumbnail hentry category-nancy category-france category-grand-est category-meurthe-et-moselle\" role=\"listitem\">\n\t\t\t\t<a class=\"elementor-post__thumbnail__link\" href=\"https:\/\/cparici.com\/de\/nancy\/\" tabindex=\"-1\">\n\t\t\t<div class=\"elementor-post__thumbnail\"><img decoding=\"async\" width=\"300\" height=\"106\" src=\"https:\/\/cparici.com\/wp-content\/uploads\/2025\/04\/cparici-2025-04-29T093938.978-300x106.jpg\" class=\"attachment-medium size-medium wp-image-65552\" alt=\"Nancy\" srcset=\"https:\/\/cparici.com\/wp-content\/uploads\/2025\/04\/cparici-2025-04-29T093938.978-300x106.jpg 300w, https:\/\/cparici.com\/wp-content\/uploads\/2025\/04\/cparici-2025-04-29T093938.978-1024x362.jpg 1024w, https:\/\/cparici.com\/wp-content\/uploads\/2025\/04\/cparici-2025-04-29T093938.978-768x271.jpg 768w, https:\/\/cparici.com\/wp-content\/uploads\/2025\/04\/cparici-2025-04-29T093938.978-18x6.jpg 18w, https:\/\/cparici.com\/wp-content\/uploads\/2025\/04\/cparici-2025-04-29T093938.978-590x208.jpg 590w, https:\/\/cparici.com\/wp-content\/uploads\/2025\/04\/cparici-2025-04-29T093938.978-1200x424.jpg 1200w, https:\/\/cparici.com\/wp-content\/uploads\/2025\/04\/cparici-2025-04-29T093938.978-577x204.jpg 577w, https:\/\/cparici.com\/wp-content\/uploads\/2025\/04\/cparici-2025-04-29T093938.978-600x212.jpg 600w, https:\/\/cparici.com\/wp-content\/uploads\/2025\/04\/cparici-2025-04-29T093938.978.jpg 1500w\" sizes=\"(max-width: 300px) 100vw, 300px\" \/><\/div>\n\t\t<\/a>\n\t\t\t\t<div class=\"elementor-post__text\">\n\t\t\t\t<h3 class=\"elementor-post__title\">\n\t\t\t<a href=\"https:\/\/cparici.com\/de\/nancy\/\">\n\t\t\t\tNancy: Kompletter Reisef\u00fchrer, um die Stadt im Jahr 2026 zu entdecken\t\t\t<\/a>\n\t\t<\/h3>\n\t\t\n\t\t<a class=\"elementor-post__read-more\" href=\"https:\/\/cparici.com\/de\/nancy\/\" aria-label=\"Mehr \u00fcber Nancy : guide complet pour d\u00e9couvrir la ville en 2026\" tabindex=\"-1\">\n\t\t\tWeiterlesen \"\t\t<\/a>\n\n\t\t\t\t<\/div>\n\t\t\t\t<\/article>\n\t\t\t\t<article class=\"elementor-post elementor-grid-item post-59451 post type-post status-publish format-standard has-post-thumbnail hentry category-orschwiller category-bas-rhin category-france category-grand-est tag-orschwiller\" role=\"listitem\">\n\t\t\t\t<a class=\"elementor-post__thumbnail__link\" href=\"https:\/\/cparici.com\/de\/haut-koenigsbourg-guide-ultime-pour-le-chateau\/\" tabindex=\"-1\">\n\t\t\t<div class=\"elementor-post__thumbnail\"><img decoding=\"async\" width=\"300\" height=\"106\" src=\"https:\/\/cparici.com\/wp-content\/uploads\/2025\/03\/cparici-17-300x106.jpg\" class=\"attachment-medium size-medium wp-image-59452\" alt=\"Haut Koenigsbourg chateau et remparts (Burg und Stadtmauern)\" srcset=\"https:\/\/cparici.com\/wp-content\/uploads\/2025\/03\/cparici-17-300x106.jpg 300w, https:\/\/cparici.com\/wp-content\/uploads\/2025\/03\/cparici-17-1024x362.jpg 1024w, https:\/\/cparici.com\/wp-content\/uploads\/2025\/03\/cparici-17-768x271.jpg 768w, https:\/\/cparici.com\/wp-content\/uploads\/2025\/03\/cparici-17-18x6.jpg 18w, https:\/\/cparici.com\/wp-content\/uploads\/2025\/03\/cparici-17-590x208.jpg 590w, https:\/\/cparici.com\/wp-content\/uploads\/2025\/03\/cparici-17-1200x424.jpg 1200w, https:\/\/cparici.com\/wp-content\/uploads\/2025\/03\/cparici-17-577x204.jpg 577w, https:\/\/cparici.com\/wp-content\/uploads\/2025\/03\/cparici-17-600x212.jpg 600w, https:\/\/cparici.com\/wp-content\/uploads\/2025\/03\/cparici-17.jpg 1500w\" sizes=\"(max-width: 300px) 100vw, 300px\" \/><\/div>\n\t\t<\/a>\n\t\t\t\t<div class=\"elementor-post__text\">\n\t\t\t\t<h3 class=\"elementor-post__title\">\n\t\t\t<a href=\"https:\/\/cparici.com\/de\/haut-koenigsbourg-guide-ultime-pour-le-chateau\/\">\n\t\t\t\tHaut Koenigsbourg: Ultimativer F\u00fchrer zur Burg\t\t\t<\/a>\n\t\t<\/h3>\n\t\t\n\t\t<a class=\"elementor-post__read-more\" href=\"https:\/\/cparici.com\/de\/haut-koenigsbourg-guide-ultime-pour-le-chateau\/\" aria-label=\"Mehr \u00fcber Haut Koenigsbourg : guide ultime pour le ch\u00e2teau\" tabindex=\"-1\">\n\t\t\tWeiterlesen \"\t\t<\/a>\n\n\t\t\t\t<\/div>\n\t\t\t\t<\/article>\n\t\t\t\t<article class=\"elementor-post elementor-grid-item post-59443 post type-post status-publish format-standard has-post-thumbnail hentry category-troyes category-aube-departement category-france category-grand-est\" role=\"listitem\">\n\t\t\t\t<a class=\"elementor-post__thumbnail__link\" href=\"https:\/\/cparici.com\/de\/troyes-guide-ultime-pour-decouvrir-ses-tresors\/\" tabindex=\"-1\">\n\t\t\t<div class=\"elementor-post__thumbnail\"><img decoding=\"async\" width=\"300\" height=\"106\" src=\"https:\/\/cparici.com\/wp-content\/uploads\/2025\/03\/cparici-13-300x106.jpg\" class=\"attachment-medium size-medium wp-image-59444\" alt=\"Troyes\" srcset=\"https:\/\/cparici.com\/wp-content\/uploads\/2025\/03\/cparici-13-300x106.jpg 300w, https:\/\/cparici.com\/wp-content\/uploads\/2025\/03\/cparici-13-1024x362.jpg 1024w, https:\/\/cparici.com\/wp-content\/uploads\/2025\/03\/cparici-13-768x271.jpg 768w, https:\/\/cparici.com\/wp-content\/uploads\/2025\/03\/cparici-13-18x6.jpg 18w, https:\/\/cparici.com\/wp-content\/uploads\/2025\/03\/cparici-13-590x208.jpg 590w, https:\/\/cparici.com\/wp-content\/uploads\/2025\/03\/cparici-13-1200x424.jpg 1200w, https:\/\/cparici.com\/wp-content\/uploads\/2025\/03\/cparici-13-577x204.jpg 577w, https:\/\/cparici.com\/wp-content\/uploads\/2025\/03\/cparici-13-600x212.jpg 600w, https:\/\/cparici.com\/wp-content\/uploads\/2025\/03\/cparici-13.jpg 1500w\" sizes=\"(max-width: 300px) 100vw, 300px\" \/><\/div>\n\t\t<\/a>\n\t\t\t\t<div class=\"elementor-post__text\">\n\t\t\t\t<h3 class=\"elementor-post__title\">\n\t\t\t<a href=\"https:\/\/cparici.com\/de\/troyes-guide-ultime-pour-decouvrir-ses-tresors\/\">\n\t\t\t\tTroyes: Der ultimative F\u00fchrer zu den Sch\u00e4tzen der Stadt\t\t\t<\/a>\n\t\t<\/h3>\n\t\t\n\t\t<a class=\"elementor-post__read-more\" href=\"https:\/\/cparici.com\/de\/troyes-guide-ultime-pour-decouvrir-ses-tresors\/\" aria-label=\"Mehr \u00fcber Troyes: guide ultime pour d\u00e9couvrir ses tr\u00e9sors\" tabindex=\"-1\">\n\t\t\tWeiterlesen \"\t\t<\/a>\n\n\t\t\t\t<\/div>\n\t\t\t\t<\/article>\n\t\t\t\t<article class=\"elementor-post elementor-grid-item post-44272 post type-post status-publish format-standard has-post-thumbnail hentry category-chalons-en-champagne category-france category-grand-est category-marne tag-ville\" role=\"listitem\">\n\t\t\t\t<a class=\"elementor-post__thumbnail__link\" href=\"https:\/\/cparici.com\/de\/chalons-en-champagne\/\" tabindex=\"-1\">\n\t\t\t<div class=\"elementor-post__thumbnail\"><img decoding=\"async\" width=\"300\" height=\"106\" src=\"https:\/\/cparici.com\/wp-content\/uploads\/2025\/01\/cparici-89-300x106.jpg\" class=\"attachment-medium size-medium wp-image-50687\" alt=\"chalons en champagne\" srcset=\"https:\/\/cparici.com\/wp-content\/uploads\/2025\/01\/cparici-89-300x106.jpg 300w, https:\/\/cparici.com\/wp-content\/uploads\/2025\/01\/cparici-89-1024x362.jpg 1024w, https:\/\/cparici.com\/wp-content\/uploads\/2025\/01\/cparici-89-768x271.jpg 768w, https:\/\/cparici.com\/wp-content\/uploads\/2025\/01\/cparici-89-590x208.jpg 590w, https:\/\/cparici.com\/wp-content\/uploads\/2025\/01\/cparici-89-1200x424.jpg 1200w, https:\/\/cparici.com\/wp-content\/uploads\/2025\/01\/cparici-89-577x204.jpg 577w, https:\/\/cparici.com\/wp-content\/uploads\/2025\/01\/cparici-89-600x212.jpg 600w, https:\/\/cparici.com\/wp-content\/uploads\/2025\/01\/cparici-89.jpg 1500w\" sizes=\"(max-width: 300px) 100vw, 300px\" \/><\/div>\n\t\t<\/a>\n\t\t\t\t<div class=\"elementor-post__text\">\n\t\t\t\t<h3 class=\"elementor-post__title\">\n\t\t\t<a href=\"https:\/\/cparici.com\/de\/chalons-en-champagne\/\">\n\t\t\t\tChalons en Champagne\t\t\t<\/a>\n\t\t<\/h3>\n\t\t\n\t\t<a class=\"elementor-post__read-more\" href=\"https:\/\/cparici.com\/de\/chalons-en-champagne\/\" aria-label=\"Mehr \u00fcber Chalons en Champagne\" tabindex=\"-1\">\n\t\t\tWeiterlesen \"\t\t<\/a>\n\n\t\t\t\t<\/div>\n\t\t\t\t<\/article>\n\t\t\t\t<article class=\"elementor-post elementor-grid-item post-43181 post type-post status-publish format-standard has-post-thumbnail hentry category-france category-aisne category-aube-departement category-haute-marne category-marne category-seine-et-marne tag-champagne tag-degustation tag-gastronomie tag-vins tag-vins-mousseux\" role=\"listitem\">\n\t\t\t\t<a class=\"elementor-post__thumbnail__link\" href=\"https:\/\/cparici.com\/de\/champagne-region-vignobles\/\" tabindex=\"-1\">\n\t\t\t<div class=\"elementor-post__thumbnail\"><img decoding=\"async\" width=\"300\" height=\"106\" src=\"https:\/\/cparici.com\/wp-content\/uploads\/2024\/09\/champagne-region-grands-crus-et-vignobles-300x106.jpg\" class=\"attachment-medium size-medium wp-image-43183\" alt=\"champagner - region, gro\u00dfe weine und weinberge\" srcset=\"https:\/\/cparici.com\/wp-content\/uploads\/2024\/09\/champagne-region-grands-crus-et-vignobles-300x106.jpg 300w, https:\/\/cparici.com\/wp-content\/uploads\/2024\/09\/champagne-region-grands-crus-et-vignobles-600x212.jpg 600w, https:\/\/cparici.com\/wp-content\/uploads\/2024\/09\/champagne-region-grands-crus-et-vignobles-1024x362.jpg 1024w, https:\/\/cparici.com\/wp-content\/uploads\/2024\/09\/champagne-region-grands-crus-et-vignobles-768x271.jpg 768w, https:\/\/cparici.com\/wp-content\/uploads\/2024\/09\/champagne-region-grands-crus-et-vignobles.jpg 1500w\" sizes=\"(max-width: 300px) 100vw, 300px\" \/><\/div>\n\t\t<\/a>\n\t\t\t\t<div class=\"elementor-post__text\">\n\t\t\t\t<h3 class=\"elementor-post__title\">\n\t\t\t<a href=\"https:\/\/cparici.com\/de\/champagne-region-vignobles\/\">\n\t\t\t\tChampagne, Region und Weinbaugebiete: ein umfassender F\u00fchrer\t\t\t<\/a>\n\t\t<\/h3>\n\t\t\n\t\t<a class=\"elementor-post__read-more\" href=\"https:\/\/cparici.com\/de\/champagne-region-vignobles\/\" aria-label=\"Mehr \u00fcber Champagne, r\u00e9gion et vignobles : guide complet\" tabindex=\"-1\">\n\t\t\tWeiterlesen \"\t\t<\/a>\n\n\t\t\t\t<\/div>\n\t\t\t\t<\/article>\n\t\t\t\t<article class=\"elementor-post elementor-grid-item post-43006 post type-post status-publish format-standard has-post-thumbnail hentry category-reims category-france category-grand-est category-marne tag-ville\" role=\"listitem\">\n\t\t\t\t<a class=\"elementor-post__thumbnail__link\" href=\"https:\/\/cparici.com\/de\/reims\/\" tabindex=\"-1\">\n\t\t\t<div class=\"elementor-post__thumbnail\"><img decoding=\"async\" width=\"300\" height=\"106\" src=\"https:\/\/cparici.com\/wp-content\/uploads\/2024\/09\/Reims-ville-et-cathedrale-lieu-de-sacre-des-rois-de-france-300x106.jpg\" class=\"attachment-medium size-medium wp-image-43007\" alt=\"Reims - Stadt und Kathedrale, Ort der Kr\u00f6nung der K\u00f6nige von Frankreich\" srcset=\"https:\/\/cparici.com\/wp-content\/uploads\/2024\/09\/Reims-ville-et-cathedrale-lieu-de-sacre-des-rois-de-france-300x106.jpg 300w, https:\/\/cparici.com\/wp-content\/uploads\/2024\/09\/Reims-ville-et-cathedrale-lieu-de-sacre-des-rois-de-france-600x212.jpg 600w, https:\/\/cparici.com\/wp-content\/uploads\/2024\/09\/Reims-ville-et-cathedrale-lieu-de-sacre-des-rois-de-france-1024x362.jpg 1024w, https:\/\/cparici.com\/wp-content\/uploads\/2024\/09\/Reims-ville-et-cathedrale-lieu-de-sacre-des-rois-de-france-768x271.jpg 768w, https:\/\/cparici.com\/wp-content\/uploads\/2024\/09\/Reims-ville-et-cathedrale-lieu-de-sacre-des-rois-de-france.jpg 1500w\" sizes=\"(max-width: 300px) 100vw, 300px\" \/><\/div>\n\t\t<\/a>\n\t\t\t\t<div class=\"elementor-post__text\">\n\t\t\t\t<h3 class=\"elementor-post__title\">\n\t\t\t<a href=\"https:\/\/cparici.com\/de\/reims\/\">\n\t\t\t\tReims entdecken - umfassender F\u00fchrer\t\t\t<\/a>\n\t\t<\/h3>\n\t\t\n\t\t<a class=\"elementor-post__read-more\" href=\"https:\/\/cparici.com\/de\/reims\/\" aria-label=\"Mehr \u00fcber Reims d\u00e9couvertes \u2013 guide complet\" tabindex=\"-1\">\n\t\t\tWeiterlesen \"\t\t<\/a>\n\n\t\t\t\t<\/div>\n\t\t\t\t<\/article>\n\t\t\t\t<\/div>\n\t\t\n\t\t\t\t\t\t<\/div>\n\t\t\t\t<\/div>\n\t\t\t\t\t<\/div>\n\t\t\t\t<\/div>\n\t\t\t\t<\/div>","protected":false},"excerpt":{"rendered":"<p>Entdecken Sie die Cevennen, eine nat\u00fcrliche und historische Region in S\u00fcdfrankreich, mit ihren Landschaften, Traditionen, Wanderungen und kulturellen Aktivit\u00e4ten.<\/p>","protected":false},"author":1,"featured_media":57541,"comment_status":"closed","ping_status":"closed","sticky":false,"template":"elementor_header_footer","format":"standard","meta":{"ngg_post_thumbnail":0,"footnotes":""},"categories":[1842,477,1371,1165],"tags":[1844,909],"class_list":["post-44463","post","type-post","status-publish","format-standard","has-post-thumbnail","hentry","category-lozere","category-france","category-gard-occitanie","category-occitanie","tag-massif","tag-region"],"_links":{"self":[{"href":"https:\/\/cparici.com\/de\/wp-json\/wp\/v2\/posts\/44463","targetHints":{"allow":["GET"]}}],"collection":[{"href":"https:\/\/cparici.com\/de\/wp-json\/wp\/v2\/posts"}],"about":[{"href":"https:\/\/cparici.com\/de\/wp-json\/wp\/v2\/types\/post"}],"author":[{"embeddable":true,"href":"https:\/\/cparici.com\/de\/wp-json\/wp\/v2\/users\/1"}],"replies":[{"embeddable":true,"href":"https:\/\/cparici.com\/de\/wp-json\/wp\/v2\/comments?post=44463"}],"version-history":[{"count":0,"href":"https:\/\/cparici.com\/de\/wp-json\/wp\/v2\/posts\/44463\/revisions"}],"wp:featuredmedia":[{"embeddable":true,"href":"https:\/\/cparici.com\/de\/wp-json\/wp\/v2\/media\/57541"}],"wp:attachment":[{"href":"https:\/\/cparici.com\/de\/wp-json\/wp\/v2\/media?parent=44463"}],"wp:term":[{"taxonomy":"category","embeddable":true,"href":"https:\/\/cparici.com\/de\/wp-json\/wp\/v2\/categories?post=44463"},{"taxonomy":"post_tag","embeddable":true,"href":"https:\/\/cparici.com\/de\/wp-json\/wp\/v2\/tags?post=44463"}],"curies":[{"name":"wp","href":"https:\/\/api.w.org\/{rel}","templated":true}]}}