{"id":55709,"date":"2025-01-30T10:14:48","date_gmt":"2025-01-30T09:14:48","guid":{"rendered":"https:\/\/cparici.com\/?p=55709"},"modified":"2025-04-12T08:54:32","modified_gmt":"2025-04-12T06:54:32","slug":"tour-de-france","status":"publish","type":"post","link":"https:\/\/cparici.com\/de\/tour-de-france\/","title":{"rendered":"Tour de France"},"content":{"rendered":"\t\t<div data-elementor-type=\"wp-post\" data-elementor-id=\"55709\" class=\"elementor elementor-55709\" data-elementor-post-type=\"post\">\n\t\t\t\t<div class=\"elementor-element elementor-element-b83abd8 e-con-full e-flex e-con e-parent\" data-id=\"b83abd8\" data-element_type=\"container\" data-e-type=\"container\">\n\t\t\t\t<div class=\"elementor-element elementor-element-5b256ca elementor-widget elementor-widget-image\" data-id=\"5b256ca\" data-element_type=\"widget\" data-e-type=\"widget\" data-widget_type=\"image.default\">\n\t\t\t\t\t\t\t\t\t\t\t\t\t\t\t<img decoding=\"async\" width=\"1500\" height=\"530\" src=\"https:\/\/cparici.com\/wp-content\/uploads\/2025\/01\/cparici.png\" class=\"attachment-full size-full wp-image-55717\" alt=\"Tour de France\" srcset=\"https:\/\/cparici.com\/wp-content\/uploads\/2025\/01\/cparici.png 1500w, https:\/\/cparici.com\/wp-content\/uploads\/2025\/01\/cparici-300x106.png 300w, https:\/\/cparici.com\/wp-content\/uploads\/2025\/01\/cparici-1024x362.png 1024w, https:\/\/cparici.com\/wp-content\/uploads\/2025\/01\/cparici-768x271.png 768w, https:\/\/cparici.com\/wp-content\/uploads\/2025\/01\/cparici-590x208.png 590w, https:\/\/cparici.com\/wp-content\/uploads\/2025\/01\/cparici-1200x424.png 1200w, https:\/\/cparici.com\/wp-content\/uploads\/2025\/01\/cparici-577x204.png 577w, https:\/\/cparici.com\/wp-content\/uploads\/2025\/01\/cparici-600x212.png 600w\" sizes=\"(max-width: 1500px) 100vw, 1500px\" \/>\t\t\t\t\t\t\t\t\t\t\t\t\t\t\t<\/div>\n\t\t\t\t<\/div>\n\t\t<div class=\"elementor-element elementor-element-f472333 e-flex e-con-boxed e-con e-parent\" data-id=\"f472333\" data-element_type=\"container\" data-e-type=\"container\">\n\t\t\t\t\t<div class=\"e-con-inner\">\n\t\t\t\t<div class=\"elementor-element elementor-element-b9bdbb6 elementor-widget elementor-widget-global elementor-global-62046 elementor-widget-eael-advanced-search\" data-id=\"b9bdbb6\" data-element_type=\"widget\" data-e-type=\"widget\" data-widget_type=\"eael-advanced-search.default\">\n\t\t\t\t\t        <div class=\"eael-adv-search-wrapper\">\n            <div id=\"eael-advanced-search-widget-b9bdbb6\" class=\"eael-advanced-search-widget\">\n                <form data-settings=\"{&quot;post_per_page&quot;:5,&quot;search_among_taxonomies&quot;:&quot;&quot;,&quot;search_among_sku&quot;:&quot;no&quot;,&quot;show_popular_keyword&quot;:0,&quot;show_category&quot;:0,&quot;show_content_image&quot;:1,&quot;show_search_result_all_results&quot;:0,&quot;result_on_new_tab&quot;:&quot;no&quot;,&quot;show_product_price&quot;:&quot;no&quot;,&quot;include_current_page&quot;:&quot;no&quot;,&quot;current_post_id&quot;:55709,&quot;post_type&quot;:[&quot;post&quot;,&quot;listing&quot;]}\" method=\"POST\" name=\"eael-advanced-search-form-b9bdbb6\" class=\"eael-advanced-search-form eael-advanced-search-form-style-2\">\n                    <div class=\"eael-advanced-search-wrap\">\n                        <span class=\"eael-adv-search-loader\"><\/span>\n                        <span class=\"eael-adv-search-close\"><i class=\"fas fa-times\"><\/i><\/span>\n                        <span class=\"icon \"><i class=\"fas fa-search\"><\/i><\/span>\n\n                        <input type=\"text\"\n                               placeholder=\"Votre destination\"\n                               class=\"eael-advanced-search\" autocomplete=\"off\" name=\"eael_advanced_search\">\n                    <\/div>\n\t\t\t\t\t                                    <\/form>\n\n\t\t\t\t\n\t\t\t\t        <div class=\"eael-advanced-search-result\">\n            <div class=\"eael-advanced-search-popular-keyword\">\n\t\t\t\t<h4 class=\"eael-advanced-search-popular-keyword-text\">Recherches populaires<\/h4>                <div class=\"eael-popular-keyword-content\"><\/div>\n            <\/div>\n            <div class=\"eael-advanced-search-category\">\n\t\t\t\t<h4 class=\"eael-advanced-search-category-text\">Categories<\/h4>                <div class=\"eael-popular-category-content\"><\/div>\n            <\/div>\n\t\t\t<div class=\"eael-advanced-search-total-results-section\">\n\t\t\t\t\t\t\t<\/div>\n            <div class=\"eael-advanced-search-content eael-item-style-3\">\n            <\/div>\n            <div class=\"eael-advanced-search-not-found\">\n                <p>Pas de r\u00e9sultats<\/p><div id=\"ez-toc-container\" class=\"ez-toc-v2_0_82_2 counter-hierarchy ez-toc-counter ez-toc-custom ez-toc-container-direction\">\n<div class=\"ez-toc-title-container\">\n<p class=\"ez-toc-title\" style=\"cursor:inherit\">Dans cet article<\/p>\n<span class=\"ez-toc-title-toggle\"><\/span><\/div>\n<nav><ul class='ez-toc-list ez-toc-list-level-1 ' ><li class='ez-toc-page-1 ez-toc-heading-level-2'><a class=\"ez-toc-link ez-toc-heading-1\" href=\"https:\/\/cparici.com\/de\/puy-du-fou\/#Hebergements_de_Vacances_proche_Puy_du_Fou_en_direct\" >H\u00e9bergements de Vacances proche Puy du Fou en direct<\/a><\/li><li class='ez-toc-page-1 ez-toc-heading-level-2'><a class=\"ez-toc-link ez-toc-heading-2\" href=\"https:\/\/cparici.com\/de\/puy-du-fou\/#Preparer_votre_venue_au_Puy_du_Fou\" >Pr\u00e9parer votre venue au Puy du Fou<\/a><\/li><li class='ez-toc-page-1 ez-toc-heading-level-2'><a class=\"ez-toc-link ez-toc-heading-3\" href=\"https:\/\/cparici.com\/de\/puy-du-fou\/#Puy_du_Fou_tarif\" >Puy du Fou tarif<\/a><\/li><li class='ez-toc-page-1 ez-toc-heading-level-2'><a class=\"ez-toc-link ez-toc-heading-4\" href=\"https:\/\/cparici.com\/de\/puy-du-fou\/#Les_incontournables_du_Puy_du_Fou\" >Les incontournables du Puy du Fou<\/a><\/li><li class='ez-toc-page-1 ez-toc-heading-level-2'><a class=\"ez-toc-link ez-toc-heading-5\" href=\"https:\/\/cparici.com\/de\/puy-du-fou\/#Excalibur_la_nouvelle_chasse_au_tresor_du_Puy_du_Fou\" >Excalibur, la nouvelle chasse au tr\u00e9sor du Puy du Fou<\/a><\/li><li class='ez-toc-page-1 ez-toc-heading-level-2'><a class=\"ez-toc-link ez-toc-heading-6\" href=\"https:\/\/cparici.com\/de\/puy-du-fou\/#Planifier_votre_sejour_au_Puy_du_Fou_hebergement_et_astuces\" >Planifier votre s\u00e9jour au Puy du Fou : h\u00e9bergement et astuces<\/a><\/li><li class='ez-toc-page-1 ez-toc-heading-level-2'><a class=\"ez-toc-link ez-toc-heading-7\" href=\"https:\/\/cparici.com\/de\/puy-du-fou\/#Cinescenie_du_Puy_du_Fou_et_autres_evenements_nocturnes\" >Cin\u00e9sc\u00e9nie du Puy du Fou et autres \u00e9v\u00e9nements nocturnes<\/a><\/li><li class='ez-toc-page-1 ez-toc-heading-level-2'><a class=\"ez-toc-link ez-toc-heading-8\" href=\"https:\/\/cparici.com\/de\/puy-du-fou\/#Lheritage_historique_et_culturel\" >L\u2019h\u00e9ritage historique et culturel<\/a><\/li><li class='ez-toc-page-1 ez-toc-heading-level-2'><a class=\"ez-toc-link ez-toc-heading-9\" href=\"https:\/\/cparici.com\/de\/puy-du-fou\/#Hotel_Puy_du_Fou\" >H\u00f4tel Puy du Fou\u00a0<\/a><\/li><li class='ez-toc-page-1 ez-toc-heading-level-2'><a class=\"ez-toc-link ez-toc-heading-10\" href=\"https:\/\/cparici.com\/de\/puy-du-fou\/#Conclusion\" >Conclusion<\/a><\/li><li class='ez-toc-page-1 ez-toc-heading-level-2'><a class=\"ez-toc-link ez-toc-heading-11\" href=\"https:\/\/cparici.com\/de\/puy-du-fou\/#FAQ\" >FAQ<\/a><\/li><\/ul><\/nav><\/div>\n<\/div>\n            <div class=\"eael-advanced-search-load-more\">\n\t\t\t\t<a \tclass=\"eael-advanced-search-load-more-button\"\n                \thref=\"#\">Voir tous les r\u00e9sultats<\/a>\n            <\/div>\n        <\/div>\n\n\t\t            <\/div>\n        <\/div>\n\n\t\t\t\t\t\t<\/div>\n\t\t\t\t\t<\/div>\n\t\t\t\t<\/div>\n\t\t<div class=\"elementor-element elementor-element-376b4fa3 e-flex e-con-boxed e-con e-parent\" data-id=\"376b4fa3\" data-element_type=\"container\" data-e-type=\"container\">\n\t\t\t\t\t<div class=\"e-con-inner\">\n\t\t\t\t<div class=\"elementor-element elementor-element-4ee68bec elementor-widget elementor-widget-text-editor\" data-id=\"4ee68bec\" data-element_type=\"widget\" data-e-type=\"widget\" data-widget_type=\"text-editor.default\">\n\t\t\t\t\t\t\t\t\t<h1 style=\"text-align: center;\"><strong>Tour de France 2024, 2025<\/strong><\/h1><p>Le <strong>Tour de France 2024<\/strong> s&#8217;est d\u00e9roul\u00e9 du 29 juin au 21 juillet 2024, marquant la 111\u1d49 \u00e9dition de cette course cycliste embl\u00e9matique. Cette ann\u00e9e a \u00e9t\u00e9 particuli\u00e8re, car pour la premi\u00e8re fois, l&#8217;arriv\u00e9e ne s&#8217;est pas faite \u00e0 <a href=\"https:\/\/cparici.com\/paris\/\">Paris<\/a>, mais \u00e0 <a href=\"https:\/\/cparici.com\/nice\/\">Nice<\/a>, en raison des pr\u00e9paratifs pour les Jeux Olympiques de Paris 2024. Le <strong>Tour de France 2025<\/strong>, 112\u1d49 \u00e9dition de cette prestigieuse course cycliste, se d\u00e9roulera du 5 au 27 juillet 2025. Cette ann\u00e9e, le parcours est enti\u00e8rement trac\u00e9 <a href=\"https:\/\/cparici.com\/visiter-la-france-guide-des-regions-et-sites-touristiques\/\">\u00e0 l&#8217;int\u00e9rieur des fronti\u00e8res<\/a> fran\u00e7aises, une premi\u00e8re depuis 2020. Les coureurs traverseront 11 r\u00e9gions et 34 d\u00e9partements, avec un itin\u00e9raire con\u00e7u pour offrir des d\u00e9fis vari\u00e9s, notamment pour les grimpeurs.<\/p><p>Dans cet article, nous vous expliquons tout sur le tour de France 2024 et le Tour de France 2025.<\/p><h2><strong>Le Principe du Tour de France<\/strong><\/h2><p>Le Tour de France est une course cycliste annuelle qui se tient principalement en France, avec parfois des incursions dans les pays voisins. Les coureurs parcourent environ 3 500 kilom\u00e8tres r\u00e9partis sur 21 \u00e9tapes, incluant des parcours plats, vallonn\u00e9s et montagneux, ainsi que des contre-la-montre. Chaque \u00e9tape est chronom\u00e9tr\u00e9e, et le coureur avec le temps cumul\u00e9 le plus bas porte le prestigieux maillot jaune.<\/p><h2>Histoire du Tour de France<\/h2><p>Le <strong>Tour de France<\/strong> est l&#8217;une des comp\u00e9titions sportives les plus prestigieuses au monde et la plus c\u00e9l\u00e8bre des courses cyclistes. Cr\u00e9\u00e9 en <strong>1903<\/strong>, il est devenu un \u00e9v\u00e9nement incontournable du cyclisme, rassemblant chaque ann\u00e9e les meilleurs coureurs et des millions de spectateurs \u00e0 travers les routes de France. Cette course de plusieurs semaines traverse les paysages vari\u00e9s du pays, des plaines aux montagnes, et se termine traditionnellement sur les <strong>Champs-\u00c9lys\u00e9es<\/strong> \u00e0 Paris.<\/p><h3><strong>Les origines du Tour de France<\/strong><\/h3><h4><strong>La naissance d\u2019un mythe (1903)<\/strong><\/h4><p>Le <strong>Tour de France<\/strong> a \u00e9t\u00e9 cr\u00e9\u00e9 par le journaliste <strong>Henri Desgrange<\/strong>, r\u00e9dacteur en chef du journal <em>L\u2019Auto<\/em>, en r\u00e9ponse \u00e0 la concurrence du journal <em>Le V\u00e9lo<\/em>. L&#8217;objectif \u00e9tait de promouvoir <em>L\u2019Auto<\/em> en organisant une course cycliste d\u2019envergure nationale.<br \/>La <strong>premi\u00e8re \u00e9dition<\/strong> du Tour s\u2019est d\u00e9roul\u00e9e en <strong>1903<\/strong>, avec <strong>six \u00e9tapes<\/strong> et un parcours de <strong>2 428 km<\/strong>. La course a d\u00e9but\u00e9 \u00e0 <strong>Montgeron<\/strong>, en banlieue parisienne, et a travers\u00e9 des villes comme Lyon, Marseille, Toulouse, Bordeaux et Nantes avant de revenir \u00e0 Paris. <strong>Maurice Garin<\/strong> a \u00e9t\u00e9 le premier vainqueur du Tour de France.<\/p><figure id=\"attachment_64471\" aria-describedby=\"caption-attachment-64471\" style=\"width: 492px\" class=\"wp-caption aligncenter\"><a href=\"https:\/\/cparici.com\/wp-content\/uploads\/2025\/01\/ChatGPT-Image-12-avr.-2025-08_11_11.jpg\"><img decoding=\"async\" class=\"wp-image-64471 \" src=\"https:\/\/cparici.com\/wp-content\/uploads\/2025\/01\/ChatGPT-Image-12-avr.-2025-08_11_11-683x1024.jpg\" alt=\"Tour de France Histoire\" width=\"492\" height=\"738\" srcset=\"https:\/\/cparici.com\/wp-content\/uploads\/2025\/01\/ChatGPT-Image-12-avr.-2025-08_11_11-683x1024.jpg 683w, https:\/\/cparici.com\/wp-content\/uploads\/2025\/01\/ChatGPT-Image-12-avr.-2025-08_11_11-200x300.jpg 200w, https:\/\/cparici.com\/wp-content\/uploads\/2025\/01\/ChatGPT-Image-12-avr.-2025-08_11_11-768x1152.jpg 768w, https:\/\/cparici.com\/wp-content\/uploads\/2025\/01\/ChatGPT-Image-12-avr.-2025-08_11_11-8x12.jpg 8w, https:\/\/cparici.com\/wp-content\/uploads\/2025\/01\/ChatGPT-Image-12-avr.-2025-08_11_11-393x590.jpg 393w, https:\/\/cparici.com\/wp-content\/uploads\/2025\/01\/ChatGPT-Image-12-avr.-2025-08_11_11-447x670.jpg 447w, https:\/\/cparici.com\/wp-content\/uploads\/2025\/01\/ChatGPT-Image-12-avr.-2025-08_11_11-577x866.jpg 577w, https:\/\/cparici.com\/wp-content\/uploads\/2025\/01\/ChatGPT-Image-12-avr.-2025-08_11_11-600x900.jpg 600w, https:\/\/cparici.com\/wp-content\/uploads\/2025\/01\/ChatGPT-Image-12-avr.-2025-08_11_11.jpg 1024w\" sizes=\"(max-width: 492px) 100vw, 492px\" \/><\/a><figcaption id=\"caption-attachment-64471\" class=\"wp-caption-text\">Tour de France Histoire<\/figcaption><\/figure><h3><strong>L\u2019\u00e9volution du Tour de France<\/strong><\/h3><h3><strong>Les d\u00e9buts difficiles (1903-1914)<\/strong><\/h3><p>Les premi\u00e8res \u00e9ditions du Tour \u00e9taient tr\u00e8s diff\u00e9rentes de celles d\u2019aujourd\u2019hui. Les routes \u00e9taient en mauvais \u00e9tat, et les coureurs roulaient souvent de <strong>nuit<\/strong> sur des distances extr\u00eamement longues. Malgr\u00e9 cela, l\u2019engouement populaire pour la course s\u2019est rapidement d\u00e9velopp\u00e9.<br \/>En <strong>1904<\/strong>, une \u00e9dition marqu\u00e9e par des tricheries (dont des d\u00e9placements en train) a failli mettre fin au Tour. Henri Desgrange a d\u00fb renforcer les r\u00e8gles pour pr\u00e9server l\u2019int\u00e9grit\u00e9 de la course.<br \/>Avec l\u2019arriv\u00e9e de la <strong>Premi\u00e8re Guerre mondiale<\/strong>, le Tour de France a \u00e9t\u00e9 suspendu entre <strong>1915 et 1918<\/strong>.<\/p><h3><strong>L\u2019entre-deux-guerres et la professionnalisation (1919-1939)<\/strong><\/h3><p>Le Tour reprend en <strong>1919<\/strong> avec plusieurs innovations :<\/p><ul><li><strong>Le maillot jaune<\/strong> est introduit pour distinguer le leader du classement g\u00e9n\u00e9ral (port\u00e9 pour la premi\u00e8re fois par <strong>Eug\u00e8ne Christophe<\/strong>).<\/li><li>La course commence \u00e0 inclure des \u00e9tapes de montagne plus difficiles, notamment dans les <strong>Alpes<\/strong> et les <strong>Pyr\u00e9n\u00e9es<\/strong>.<\/li><li>La dur\u00e9e et la distance de la course augmentent.<\/li><\/ul><p>Dans les ann\u00e9es 1930, l\u2019organisation impose des \u00e9quipes nationales plut\u00f4t que des \u00e9quipes de marques commerciales pour \u00e9viter les conflits d\u2019int\u00e9r\u00eats.<\/p><h3><strong>L\u2019\u00e8re moderne et la mondialisation du Tour (1947-aujourd\u2019hui)<\/strong><\/h3><p>Apr\u00e8s la <strong>Seconde Guerre mondiale<\/strong>, le Tour reprend en <strong>1947<\/strong> et devient progressivement un \u00e9v\u00e9nement <strong>international<\/strong>. Les innovations marquantes comprennent :<\/p><ul><li><strong>L\u2019arriv\u00e9e des sponsors<\/strong>, qui financent les \u00e9quipes professionnelles.<\/li><li><strong>L\u2019introduction de la t\u00e9l\u00e9vision<\/strong>, qui popularise encore plus la course.<\/li><li><strong>L\u2019ajout d\u2019\u00e9tapes de contre-la-montre<\/strong>.<\/li><\/ul><p>Dans les ann\u00e9es <strong>1980-1990<\/strong>, des champions embl\u00e9matiques comme <strong>Bernard Hinault, Miguel Indurain et Greg LeMond<\/strong> marquent l\u2019histoire de la course.<br \/>Le <strong>XXI\u1d49 si\u00e8cle<\/strong> voit l\u2019\u00e9mergence de nouvelles figures comme <strong>Lance Armstrong (disqualifi\u00e9 pour dopage), Chris Froome, et Tadej Poga\u010dar<\/strong>. Malgr\u00e9 plusieurs scandales li\u00e9s au dopage, le Tour reste l\u2019\u00e9v\u00e9nement le plus suivi du cyclisme.<\/p><h3><strong>Les moments marquants de l\u2019histoire du Tour de France<\/strong><\/h3><h4><strong>Les premi\u00e8res ascensions des grands cols<\/strong><\/h4><p>En <strong>1910<\/strong>, les <strong>Pyr\u00e9n\u00e9es<\/strong> font leur apparition dans le Tour avec des cols mythiques comme le <strong>Tourmalet<\/strong>. L\u2019ann\u00e9e suivante, ce sont les <strong>Alpes<\/strong>, avec l\u2019ascension de <strong>l\u2019Alpe d\u2019Huez<\/strong> et du <strong>Galibier<\/strong>, qui ajoutent encore plus de difficult\u00e9.<\/p><figure id=\"attachment_64470\" aria-describedby=\"caption-attachment-64470\" style=\"width: 1024px\" class=\"wp-caption aligncenter\"><a href=\"https:\/\/cparici.com\/wp-content\/uploads\/2025\/01\/cparici-2025-04-12T080943.990.jpg\"><img decoding=\"async\" class=\"wp-image-64470 size-large\" src=\"https:\/\/cparici.com\/wp-content\/uploads\/2025\/01\/cparici-2025-04-12T080943.990-1024x362.jpg\" alt=\"Tour de France Histoire\" width=\"1024\" height=\"362\" srcset=\"https:\/\/cparici.com\/wp-content\/uploads\/2025\/01\/cparici-2025-04-12T080943.990-1024x362.jpg 1024w, https:\/\/cparici.com\/wp-content\/uploads\/2025\/01\/cparici-2025-04-12T080943.990-300x106.jpg 300w, https:\/\/cparici.com\/wp-content\/uploads\/2025\/01\/cparici-2025-04-12T080943.990-768x271.jpg 768w, https:\/\/cparici.com\/wp-content\/uploads\/2025\/01\/cparici-2025-04-12T080943.990-18x6.jpg 18w, https:\/\/cparici.com\/wp-content\/uploads\/2025\/01\/cparici-2025-04-12T080943.990-590x208.jpg 590w, https:\/\/cparici.com\/wp-content\/uploads\/2025\/01\/cparici-2025-04-12T080943.990-1200x424.jpg 1200w, https:\/\/cparici.com\/wp-content\/uploads\/2025\/01\/cparici-2025-04-12T080943.990-577x204.jpg 577w, https:\/\/cparici.com\/wp-content\/uploads\/2025\/01\/cparici-2025-04-12T080943.990-600x212.jpg 600w, https:\/\/cparici.com\/wp-content\/uploads\/2025\/01\/cparici-2025-04-12T080943.990.jpg 1500w\" sizes=\"(max-width: 1024px) 100vw, 1024px\" \/><\/a><figcaption id=\"caption-attachment-64470\" class=\"wp-caption-text\">Tour de France Histoire<\/figcaption><\/figure><h2><strong>Le Tour de France aujourd\u2019hui<\/strong><\/h2><p class=\"\" data-start=\"40\" data-end=\"159\"><span class=\"relative -mx-px my-[-0.2rem] rounded px-px py-[0.2rem] transition-colors duration-100 ease-in-out\">L&#8217;organisation du <strong data-start=\"18\" data-end=\"36\">Tour de France<\/strong> repose sur une structure bien \u00e9tablie, impliquant la s\u00e9lection des \u00e9quipes, la conception du parcours et la planification des \u00e9tapes.<\/span> <span class=\"relative -mx-px my-[-0.2rem] rounded px-px py-[0.2rem] transition-colors duration-100 ease-in-out\">Chaque \u00e9dition est orchestr\u00e9e par Amaury Sport Organisation (ASO), en collaboration avec l&#8217;Union Cycliste Internationale (UCI).<\/span>\u200b<\/p><h3 class=\"\" data-start=\"166\" data-end=\"191\">S\u00e9lection des \u00e9quipes<\/h3><p class=\"\" data-start=\"193\" data-end=\"389\"><span class=\"relative -mx-px my-[-0.2rem] rounded px-px py-[0.2rem] transition-colors duration-100 ease-in-out\">Pour l&#8217;\u00e9dition 2025, le peloton comprendra 23 \u00e9quipes, une augmentation par rapport aux ann\u00e9es pr\u00e9c\u00e9dentes.<\/span> <span class=\"relative -mx-px my-[-0.2rem] rounded px-px py-[0.2rem] transition-colors duration-100 ease-in-out\">Cette s\u00e9lection se compose des 18 \u00e9quipes UCI WorldTeams, qui b\u00e9n\u00e9ficient d&#8217;une invitation automatique, des deux meilleures \u00e9quipes ProTeams de l&#8217;ann\u00e9e pr\u00e9c\u00e9dente, et de trois \u00e9quipes invit\u00e9es par les organisateurs.<\/span> <span class=\"relative -mx-px my-[-0.2rem] rounded px-px py-[0.2rem] transition-colors duration-100 ease-in-out\">Pour 2025, ces derni\u00e8res sont Tudor Pro Cycling Team, TotalEnergies et Uno-X Mobility<\/span> .\u200b<\/p><h3 class=\"\" data-start=\"396\" data-end=\"422\">Conception du parcours<\/h3><p class=\"\" data-start=\"424\" data-end=\"507\"><span class=\"relative -mx-px my-[-0.2rem] rounded px-px py-[0.2rem] transition-colors duration-100 ease-in-out\">Le parcours du Tour est \u00e9labor\u00e9 avec soin pour offrir un \u00e9quilibre entre diff\u00e9rents types d&#8217;\u00e9tapes :<\/span>\u200b<\/p><ul data-start=\"509\" data-end=\"955\"><li class=\"\" data-start=\"509\" data-end=\"621\"><p class=\"\" data-start=\"511\" data-end=\"621\"><strong data-start=\"511\" data-end=\"533\">\u00c9tapes de montagne<\/strong> : <span class=\"relative -mx-px my-[-0.2rem] rounded px-px py-[0.2rem] transition-colors duration-100 ease-in-out\">traversant les Alpes et les Pyr\u00e9n\u00e9es, elles sont cruciales pour le classement g\u00e9n\u00e9ral.<\/span>\u200b<\/p><\/li><li class=\"\" data-start=\"622\" data-end=\"732\"><p class=\"\" data-start=\"624\" data-end=\"732\"><strong data-start=\"624\" data-end=\"644\">\u00c9tapes de plaine<\/strong> : <span class=\"relative -mx-px my-[-0.2rem] rounded px-px py-[0.2rem] transition-colors duration-100 ease-in-out\">souvent propices aux sprinteurs, elles offrent des opportunit\u00e9s pour des arriv\u00e9es massives.<\/span>\u200b<\/p><\/li><li class=\"\" data-start=\"733\" data-end=\"844\"><p class=\"\" data-start=\"735\" data-end=\"844\"><strong data-start=\"735\" data-end=\"756\">\u00c9tapes vallonn\u00e9es<\/strong> : <span class=\"relative -mx-px my-[-0.2rem] rounded px-px py-[0.2rem] transition-colors duration-100 ease-in-out\">pr\u00e9sentant des terrains accident\u00e9s, elles favorisent les \u00e9chapp\u00e9es et les baroudeurs.<\/span>\u200b<\/p><\/li><li class=\"\" data-start=\"845\" data-end=\"955\"><p class=\"\" data-start=\"847\" data-end=\"955\"><strong data-start=\"847\" data-end=\"867\">Contre-la-montre<\/strong> : <span class=\"relative -mx-px my-[-0.2rem] rounded px-px py-[0.2rem] transition-colors duration-100 ease-in-out\">individuels ou par \u00e9quipes, ils permettent de mesurer la performance pure des coureurs.<\/span>\u200b<\/p><\/li><\/ul><p class=\"\" data-start=\"957\" data-end=\"1123\"><span class=\"relative -mx-px my-[-0.2rem] rounded px-px py-[0.2rem] transition-colors duration-100 ease-in-out\">Le parcours est con\u00e7u pour traverser diverses r\u00e9gions fran\u00e7aises, mettant en valeur la diversit\u00e9 g\u00e9ographique du pays.<\/span> <span class=\"relative -mx-px my-[-0.2rem] rounded px-px py-[0.2rem] transition-colors duration-100 ease-in-out\">Par exemple, le Tour 2025 d\u00e9butera \u00e0 Lille et traversera les Alpes, les Pyr\u00e9n\u00e9es et le Massif central<\/span><\/p><h3 class=\"\" data-start=\"1130\" data-end=\"1158\">Planification des \u00e9tapes<\/h3><p class=\"\" data-start=\"1160\" data-end=\"1285\"><span class=\"relative -mx-px my-[-0.2rem] rounded px-px py-[0.2rem] transition-colors duration-100 ease-in-out\">Le Tour de France comprend g\u00e9n\u00e9ralement 21 \u00e9tapes r\u00e9parties sur trois semaines, incluant deux journ\u00e9es de repos.<\/span> <span class=\"relative -mx-px my-[-0.2rem] rounded px-px py-[0.2rem] transition-colors duration-100 ease-in-out\">Chaque \u00e9tape est soigneusement planifi\u00e9e pour offrir un spectacle sportif de qualit\u00e9, tout en assurant la s\u00e9curit\u00e9 des coureurs et la logistique n\u00e9cessaire \u00e0 une telle \u00e9preuve.<\/span>\u200b<\/p><h3><strong>Le parcours et les innovations<\/strong><\/h3><p>Le Tour de France se compose aujourd\u2019hui de <strong>21 \u00e9tapes<\/strong> sur une p\u00e9riode de <strong>trois semaines<\/strong>. Le parcours varie chaque ann\u00e9e, avec des \u00e9tapes :<\/p><ul><li><strong>Plates<\/strong>, favorisant les sprinteurs.<\/li><li><strong>De montagne<\/strong>, mettant en avant les grimpeurs.<\/li><li><strong>De contre-la-montre<\/strong>, pour les sp\u00e9cialistes de l\u2019effort individuel.<\/li><\/ul><p>L\u2019\u00e9dition moderne utilise des technologies avanc\u00e9es comme le suivi GPS, les analyses en direct et l\u2019am\u00e9lioration des \u00e9quipements cyclistes.<\/p><h2><span class=\"relative -mx-px my-[-0.2rem] rounded px-px py-[0.2rem] transition-colors duration-100 ease-in-out\" style=\"font-size: 18pt;\">Le <strong data-start=\"3\" data-end=\"26\">Tour de France 2024<\/strong><\/span><\/h2><p class=\"\" data-start=\"40\" data-end=\"235\"><span class=\"relative -mx-px my-[-0.2rem] rounded px-px py-[0.2rem] transition-colors duration-100 ease-in-out\">Le <strong data-start=\"3\" data-end=\"26\">Tour de France 2024<\/strong> a marqu\u00e9 l&#8217;histoire du cyclisme avec une \u00e9dition exceptionnelle, riche en rebondissements et en performances m\u00e9morables.<\/span> <span class=\"relative -mx-px my-[-0.2rem] rounded px-px py-[0.2rem] transition-colors duration-100 ease-in-out\">Pour la premi\u00e8re fois, la Grande Boucle a d\u00e9but\u00e9 en Italie et s&#8217;est conclue \u00e0 Nice, d\u00e9rogeant \u00e0 la tradition parisienne en raison des Jeux Olympiques.<\/span> <span class=\"relative -mx-px my-[-0.2rem] rounded px-px py-[0.2rem] transition-colors duration-100 ease-in-out\">Cette 111e \u00e9dition a \u00e9t\u00e9 domin\u00e9e par Tadej Poga\u010dar, qui a r\u00e9alis\u00e9 un doubl\u00e9 historique en remportant \u00e0 la fois le Giro d&#8217;Italia et le Tour de France la m\u00eame ann\u00e9e, une premi\u00e8re depuis 1998.<\/span> <span class=\"relative -mx-px my-[-0.2rem] rounded px-px py-[0.2rem] transition-colors duration-100 ease-in-out\">Le parcours, les \u00e9tapes cl\u00e9s, les performances individuelles et les moments marquants ont fait de cette \u00e9dition un \u00e9v\u00e9nement inoubliable du pays.<\/span>\u200b<\/p><h3 data-start=\"242\" data-end=\"275\">Un parcours in\u00e9dit et exigeant<\/h3><p class=\"\" data-start=\"277\" data-end=\"396\"><span class=\"relative -mx-px my-[-0.2rem] rounded px-px py-[0.2rem] transition-colors duration-100 ease-in-out\">Le <strong data-start=\"3\" data-end=\"26\">Tour de France 2024<\/strong> s&#8217;est distingu\u00e9 par un trac\u00e9 innovant, d\u00e9butant \u00e0 Florence, en Italie, et se terminant \u00e0 Nice, en France.<\/span> <span class=\"relative -mx-px my-[-0.2rem] rounded px-px py-[0.2rem] transition-colors duration-100 ease-in-out\">Cette configuration unique a offert aux coureurs un d\u00e9fi sans pr\u00e9c\u00e9dent, avec des \u00e9tapes vari\u00e9es traversant des paysages pittoresques et des terrains exigeants.<\/span>\u200b<\/p><h4 data-start=\"398\" data-end=\"444\">D\u00e9part en Italie : une premi\u00e8re historique<\/h4><p class=\"\" data-start=\"446\" data-end=\"569\"><span class=\"relative -mx-px my-[-0.2rem] rounded px-px py-[0.2rem] transition-colors duration-100 ease-in-out\">Pour la premi\u00e8re fois, Le <strong data-start=\"3\" data-end=\"26\">Tour de France 2024<\/strong> a pris son envol depuis l&#8217;Italie, rendant hommage au centenaire de la premi\u00e8re victoire italienne en 1924.<\/span> <span class=\"relative -mx-px my-[-0.2rem] rounded px-px py-[0.2rem] transition-colors duration-100 ease-in-out\">Les trois premi\u00e8res \u00e9tapes ont permis aux coureurs de d\u00e9couvrir les routes italiennes, avec des passages par Florence, Bologne et Turin, offrant un m\u00e9lange de terrains plats et vallonn\u00e9s.<\/span>\u200b<\/p><h4 data-start=\"571\" data-end=\"610\">Un parcours montagneux et technique<\/h4><p class=\"\" data-start=\"612\" data-end=\"737\"><span class=\"relative -mx-px my-[-0.2rem] rounded px-px py-[0.2rem] transition-colors duration-100 ease-in-out\">Le trac\u00e9 de cette \u00e9dition du <strong data-start=\"3\" data-end=\"26\">Tour de France 2024 <\/strong>comprenait cinq \u00e9tapes de haute montagne, neuf \u00e9tapes vallonn\u00e9es, dont une partiellement sur des chemins de gravier, cinq \u00e9tapes plates et deux contre-la-montre individuels.<\/span> <span class=\"relative -mx-px my-[-0.2rem] rounded px-px py-[0.2rem] transition-colors duration-100 ease-in-out\">Les coureurs ont affront\u00e9 des cols embl\u00e9matiques tels que le Col du Galibier et le Col de la Couillole, mettant \u00e0 l&#8217;\u00e9preuve leur endurance et leur strat\u00e9gie.<\/span>\u200b<\/p><h3 data-start=\"744\" data-end=\"774\">Les performances marquantes<\/h3><h4 data-start=\"776\" data-end=\"816\">Tadej Poga\u010dar : un doubl\u00e9 historique<\/h4><p class=\"\" data-start=\"818\" data-end=\"943\"><span class=\"relative -mx-px my-[-0.2rem] rounded px-px py-[0.2rem] transition-colors duration-100 ease-in-out\">Le Slov\u00e8ne Tadej Poga\u010dar a domin\u00e9 cette \u00e9dition, remportant six \u00e9tapes, dont les trois derni\u00e8res, et s&#8217;adjugeant le maillot jaune avec une avance de plus de six minutes sur son poursuivant.<\/span> <span class=\"relative -mx-px my-[-0.2rem] rounded px-px py-[0.2rem] transition-colors duration-100 ease-in-out\">Il devient ainsi le premier coureur depuis Marco Pantani en 1998 \u00e0 r\u00e9aliser le doubl\u00e9 Giro-Tour la m\u00eame ann\u00e9e.<\/span>\u200b<\/p><h4 data-start=\"945\" data-end=\"987\">Mark Cavendish : une l\u00e9gende en action<\/h4><p class=\"\" data-start=\"989\" data-end=\"1114\"><span class=\"relative -mx-px my-[-0.2rem] rounded px-px py-[0.2rem] transition-colors duration-100 ease-in-out\">Le Britannique Mark Cavendish a inscrit son nom dans l&#8217;histoire en remportant sa 35e victoire d&#8217;\u00e9tape sur le Tour, d\u00e9passant le record d\u00e9tenu par Eddy Merckx depuis 1975.<\/span> <span class=\"relative -mx-px my-[-0.2rem] rounded px-px py-[0.2rem] transition-colors duration-100 ease-in-out\">Cette performance exceptionnelle souligne la long\u00e9vit\u00e9 et le talent du sprinteur, qui a marqu\u00e9 de son empreinte cette \u00e9dition.<\/span>\u200b<\/p><h4 data-start=\"1116\" data-end=\"1158\">Biniam Girmay : une premi\u00e8re africaine<\/h4><p class=\"\" data-start=\"1160\" data-end=\"1285\"><span class=\"relative -mx-px my-[-0.2rem] rounded px-px py-[0.2rem] transition-colors duration-100 ease-in-out\">L&#8217;\u00c9rythr\u00e9en Biniam Girmay a brill\u00e9 en remportant trois \u00e9tapes et en s&#8217;adjugeant le maillot vert du classement par points.<\/span> <span class=\"relative -mx-px my-[-0.2rem] rounded px-px py-[0.2rem] transition-colors duration-100 ease-in-out\">Il devient ainsi le premier coureur africain \u00e0 remporter une \u00e9tape sur le Tour, ouvrant la voie \u00e0 une nouvelle g\u00e9n\u00e9ration de talents du continent.<\/span>\u200b<\/p><h3 data-start=\"1292\" data-end=\"1325\">Les moments forts de la course<\/h3><h4 data-start=\"1327\" data-end=\"1371\">\u00c9tape 4 : l&#8217;ascension du Col du Galibier<\/h4><p class=\"\" data-start=\"1373\" data-end=\"1458\"><span class=\"relative -mx-px my-[-0.2rem] rounded px-px py-[0.2rem] transition-colors duration-100 ease-in-out\">Cette \u00e9tape du <strong data-start=\"3\" data-end=\"26\">Tour de France 2024 <\/strong>a \u00e9t\u00e9 marqu\u00e9e par une attaque d\u00e9cisive de Poga\u010dar dans les derniers kilom\u00e8tres de l&#8217;ascension, lui permettant de creuser l&#8217;\u00e9cart avec ses rivaux et de consolider sa position de leader.<\/span>\u200b<\/p><h4 data-start=\"1460\" data-end=\"1496\">\u00c9tape 9 : les chemins de gravier<\/h4><p class=\"\" data-start=\"1498\" data-end=\"1623\"><span class=\"relative -mx-px my-[-0.2rem] rounded px-px py-[0.2rem] transition-colors duration-100 ease-in-out\">Une \u00e9tape in\u00e9dite avec des sections de gravier a mis \u00e0 l&#8217;\u00e9preuve la technique des coureurs.<\/span> <span class=\"relative -mx-px my-[-0.2rem] rounded px-px py-[0.2rem] transition-colors duration-100 ease-in-out\">Le Fran\u00e7ais Anthony Turgis a su tirer son \u00e9pingle du jeu en remportant cette \u00e9tape exigeante.<\/span><\/p><h4 data-start=\"1625\" data-end=\"1665\">\u00c9tape 21 : le contre-la-montre final<\/h4><p class=\"\" data-start=\"1667\" data-end=\"1792\"><span class=\"relative -mx-px my-[-0.2rem] rounded px-px py-[0.2rem] transition-colors duration-100 ease-in-out\">Le Tour s&#8217;est conclu par un contre-la-montre de 33,7 km entre Monaco et Nice.<\/span> <span class=\"relative -mx-px my-[-0.2rem] rounded px-px py-[0.2rem] transition-colors duration-100 ease-in-out\">Poga\u010dar a une fois de plus d\u00e9montr\u00e9 sa sup\u00e9riorit\u00e9 en remportant cette derni\u00e8re \u00e9tape, scellant ainsi sa victoire au classement g\u00e9n\u00e9ral.<\/span><\/p><h3><strong>Les \u00c9tapes Principales du Tour de France 2024<\/strong><\/h3><p>Voici un aper\u00e7u des \u00e9tapes cl\u00e9s du Tour de France 2024 :<\/p><ul><li><strong>29 juin : Florence &#8211; Rimini (206 km)<\/strong><br \/>Le Grand D\u00e9part a eu lieu \u00e0 Florence, marquant la premi\u00e8re fois que le Tour d\u00e9butait en Italie. Cette \u00e9tape vallonn\u00e9e s&#8217;est termin\u00e9e sur les rives de l&#8217;Adriatique \u00e0 Rimini<\/li><li><strong>30 juin : Cesenatico &#8211; Bologne (199,2 km)<\/strong><br \/>Partant de la ville natale de Marco Pantani, les coureurs ont affront\u00e9 les premi\u00e8res difficult\u00e9s avec des c\u00f4tes notables avant d&#8217;arriver \u00e0 Bologne<\/li><li><strong>1er juillet : Plaisance &#8211; Turin (230,8 km)<\/strong><br \/>Une longue \u00e9tape plate menant les cyclistes de Plaisance \u00e0 Turin, offrant des opportunit\u00e9s aux sprinteurs.<\/li><li><strong>2 juillet : Pinerolo &#8211; Valloire (139,6 km)<\/strong><br \/>Premi\u00e8re \u00e9tape de haute montagne, les coureurs ont travers\u00e9 les Alpes avec des ascensions exigeantes.<\/li><li><strong>21 juillet : Monaco &#8211; Nice (33,7 km &#8211; Contre-la-montre individuel)<\/strong><br \/>Pour la premi\u00e8re fois depuis 1989, le Tour s&#8217;est conclu par un contre-la-montre individuel, offrant un final palpitant sur la C\u00f4te d&#8217;Azur<\/li><\/ul><h3 data-start=\"1799\" data-end=\"1824\">Les classements finaux<\/h3><ul data-start=\"1826\" data-end=\"2456\"><li class=\"\" data-start=\"1826\" data-end=\"1954\"><p class=\"\" data-start=\"1828\" data-end=\"1954\"><strong data-start=\"1828\" data-end=\"1866\">Maillot jaune (classement g\u00e9n\u00e9ral)<\/strong> : <span class=\"relative -mx-px my-[-0.2rem] rounded px-px py-[0.2rem] transition-colors duration-100 ease-in-out\">Tadej Poga\u010dar (SLO)<\/span>\u200b<\/p><\/li><li class=\"\" data-start=\"1955\" data-end=\"2085\"><p class=\"\" data-start=\"1957\" data-end=\"2085\"><strong data-start=\"1957\" data-end=\"1997\">Maillot vert (classement par points)<\/strong> : <span class=\"relative -mx-px my-[-0.2rem] rounded px-px py-[0.2rem] transition-colors duration-100 ease-in-out\">Biniam Girmay (ERI)<\/span>\u200b<\/p><\/li><li class=\"\" data-start=\"2086\" data-end=\"2214\"><p class=\"\" data-start=\"2088\" data-end=\"2214\"><strong data-start=\"2088\" data-end=\"2126\">Maillot \u00e0 pois (meilleur grimpeur)<\/strong> : <span class=\"relative -mx-px my-[-0.2rem] rounded px-px py-[0.2rem] transition-colors duration-100 ease-in-out\">Richard Carapaz (ECU)<\/span>\u200b<\/p><\/li><li class=\"\" data-start=\"2215\" data-end=\"2339\"><p class=\"\" data-start=\"2217\" data-end=\"2339\"><strong data-start=\"2217\" data-end=\"2251\">Maillot blanc (meilleur jeune)<\/strong> : <span class=\"relative -mx-px my-[-0.2rem] rounded px-px py-[0.2rem] transition-colors duration-100 ease-in-out\">Remco Evenepoel (BEL)<\/span>\u200b<\/p><\/li><li class=\"\" data-start=\"2340\" data-end=\"2456\"><p class=\"\" data-start=\"2342\" data-end=\"2456\"><strong data-start=\"2342\" data-end=\"2368\">Classement par \u00e9quipes<\/strong> : <span class=\"relative -mx-px my-[-0.2rem] rounded px-px py-[0.2rem] transition-colors duration-100 ease-in-out\">UAE Team Emirates<\/span>\u200b<\/p><\/li><\/ul><h3><strong>Informations Pratiques<\/strong><\/h3><p>Pour assister au Tour de France, il est essentiel de planifier \u00e0 l&#8217;avance. Les h\u00e9bergements dans les villes \u00e9tapes se remplissent rapidement, et il est recommand\u00e9 d&#8217;arriver t\u00f4t sur les sites pour obtenir une bonne place. Des informations d\u00e9taill\u00e9es sur les itin\u00e9raires, les horaires et les restrictions de circulation sont disponibles sur le site officiel du Tour de France.<\/p><h2><strong>Les \u00c9tapes du Tour de France 2025<\/strong><\/h2><p>Le <strong>Tour de France 2025<\/strong>, 112\u1d49 \u00e9dition de cette prestigieuse course cycliste, se d\u00e9roulera du 5 au 27 juillet 2025. Cette ann\u00e9e, le parcours est enti\u00e8rement trac\u00e9 \u00e0 l&#8217;int\u00e9rieur des fronti\u00e8res fran\u00e7aises, une premi\u00e8re depuis 2020. Les coureurs traverseront 11 r\u00e9gions et 34 d\u00e9partements, avec un itin\u00e9raire con\u00e7u pour offrir des d\u00e9fis vari\u00e9s, notamment pour les grimpeurs.<\/p><figure id=\"attachment_64472\" aria-describedby=\"caption-attachment-64472\" style=\"width: 1024px\" class=\"wp-caption aligncenter\"><a href=\"https:\/\/www.letour.fr\/fr\" target=\"_blank\" rel=\"noopener\"><img decoding=\"async\" class=\"wp-image-64472 size-large\" title=\"Tour de France 2024 2025 - Capture d'\u00e9cran du site officiel\" src=\"https:\/\/cparici.com\/wp-content\/uploads\/2025\/01\/Tour-de-France-2024-2025-Captur-decran-du-site-officiel-1024x443.jpg\" alt=\"Tour de France 2024 2025 - Capture d'\u00e9cran du site officiel\" width=\"1024\" height=\"443\" srcset=\"https:\/\/cparici.com\/wp-content\/uploads\/2025\/01\/Tour-de-France-2024-2025-Captur-decran-du-site-officiel-1024x443.jpg 1024w, https:\/\/cparici.com\/wp-content\/uploads\/2025\/01\/Tour-de-France-2024-2025-Captur-decran-du-site-officiel-300x130.jpg 300w, https:\/\/cparici.com\/wp-content\/uploads\/2025\/01\/Tour-de-France-2024-2025-Captur-decran-du-site-officiel-768x332.jpg 768w, https:\/\/cparici.com\/wp-content\/uploads\/2025\/01\/Tour-de-France-2024-2025-Captur-decran-du-site-officiel-1536x665.jpg 1536w, https:\/\/cparici.com\/wp-content\/uploads\/2025\/01\/Tour-de-France-2024-2025-Captur-decran-du-site-officiel-18x8.jpg 18w, https:\/\/cparici.com\/wp-content\/uploads\/2025\/01\/Tour-de-France-2024-2025-Captur-decran-du-site-officiel-590x255.jpg 590w, https:\/\/cparici.com\/wp-content\/uploads\/2025\/01\/Tour-de-France-2024-2025-Captur-decran-du-site-officiel-1200x519.jpg 1200w, https:\/\/cparici.com\/wp-content\/uploads\/2025\/01\/Tour-de-France-2024-2025-Captur-decran-du-site-officiel-577x250.jpg 577w, https:\/\/cparici.com\/wp-content\/uploads\/2025\/01\/Tour-de-France-2024-2025-Captur-decran-du-site-officiel-600x260.jpg 600w, https:\/\/cparici.com\/wp-content\/uploads\/2025\/01\/Tour-de-France-2024-2025-Captur-decran-du-site-officiel.jpg 1830w\" sizes=\"(max-width: 1024px) 100vw, 1024px\" \/><\/a><figcaption id=\"caption-attachment-64472\" class=\"wp-caption-text\">Tour de France 2024 2025 &#8211; Capture d&#8217;\u00e9cran du site officiel<\/figcaption><\/figure><h3>Le parcours comprend 21 \u00e9tapes<\/h3><ul><li>7 \u00e9tapes de plaine<\/li><li>6 \u00e9tapes accident\u00e9es<\/li><li>6 \u00e9tapes de montagne, avec cinq arriv\u00e9es en altitude :<ul><li>Hautacam<\/li><li>Luchon-Superbagn\u00e8res<\/li><li>Mont Ventoux<\/li><li>Courchevel (col de la Loze)<\/li><li>La Plagne Tarentaise<\/li><\/ul><\/li><li>2 contre-la-montre individuels<\/li><\/ul><h3 class=\"\" data-start=\"209\" data-end=\"256\">Liste des \u00e9tapes du Tour de France 2025<\/h3><p class=\"\" data-start=\"258\" data-end=\"320\"><strong data-start=\"258\" data-end=\"320\">Semaine 1 : Nord, Normandie, Bretagne, Centre-Val de Loire<\/strong><\/p><ol data-start=\"322\" data-end=\"1441\"><li class=\"\" data-start=\"322\" data-end=\"429\"><p class=\"\" data-start=\"325\" data-end=\"429\"><strong data-start=\"325\" data-end=\"345\">Samedi 5 juillet<\/strong> : <span class=\"relative -mx-px my-[-0.2rem] rounded px-px py-[0.2rem] transition-colors duration-100 ease-in-out\">Lille M\u00e9tropole \u2192 Lille M\u00e9tropole \u2013 185 km (plaine)<\/span>\u200b<\/p><\/li><li class=\"\" data-start=\"430\" data-end=\"539\"><p class=\"\" data-start=\"433\" data-end=\"539\"><strong data-start=\"433\" data-end=\"455\">Dimanche 6 juillet<\/strong> : <span class=\"relative -mx-px my-[-0.2rem] rounded px-px py-[0.2rem] transition-colors duration-100 ease-in-out\">Lauwin-Planque \u2192 Boulogne-sur-Mer \u2013 212 km (vallonn\u00e9e)<\/span>\u200b<\/p><\/li><li class=\"\" data-start=\"540\" data-end=\"648\"><p class=\"\" data-start=\"543\" data-end=\"648\"><strong data-start=\"543\" data-end=\"562\">Lundi 7 juillet<\/strong> : <span class=\"relative -mx-px my-[-0.2rem] rounded px-px py-[0.2rem] transition-colors duration-100 ease-in-out\">Valenciennes \u2192 Dunkerque \u2013 172 km (plaine)<\/span>\u200b<\/p><\/li><li class=\"\" data-start=\"649\" data-end=\"759\"><p class=\"\" data-start=\"652\" data-end=\"759\"><strong data-start=\"652\" data-end=\"671\">Mardi 8 juillet<\/strong> : <span class=\"relative -mx-px my-[-0.2rem] rounded px-px py-[0.2rem] transition-colors duration-100 ease-in-out\">Amiens M\u00e9tropole \u2192 Rouen \u2013 173 km (vallonn\u00e9e)<\/span>\u200b<\/p><\/li><li class=\"\" data-start=\"760\" data-end=\"873\"><p class=\"\" data-start=\"763\" data-end=\"873\"><strong data-start=\"763\" data-end=\"785\">Mercredi 9 juillet<\/strong> : <span class=\"relative -mx-px my-[-0.2rem] rounded px-px py-[0.2rem] transition-colors duration-100 ease-in-out\">Caen \u2192 Caen \u2013 33 km (contre-la-montre individuel)<\/span>\u200b<\/p><\/li><li class=\"\" data-start=\"874\" data-end=\"985\"><p class=\"\" data-start=\"877\" data-end=\"985\"><strong data-start=\"877\" data-end=\"897\">Jeudi 10 juillet<\/strong> : <span class=\"relative -mx-px my-[-0.2rem] rounded px-px py-[0.2rem] transition-colors duration-100 ease-in-out\">Bayeux \u2192 Vire Normandie \u2013 201 km (vallonn\u00e9e)<\/span>\u200b<\/p><\/li><li class=\"\" data-start=\"986\" data-end=\"1100\"><p class=\"\" data-start=\"989\" data-end=\"1100\"><strong data-start=\"989\" data-end=\"1012\">Vendredi 11 juillet<\/strong> : <span class=\"relative -mx-px my-[-0.2rem] rounded px-px py-[0.2rem] transition-colors duration-100 ease-in-out\">Saint-Malo \u2192 M\u00fbr-de-Bretagne Guerl\u00e9dan \u2013 194 km (vallonn\u00e9e)<\/span>\u200b<\/p><\/li><li class=\"\" data-start=\"1101\" data-end=\"1213\"><p class=\"\" data-start=\"1104\" data-end=\"1213\"><strong data-start=\"1104\" data-end=\"1125\">Samedi 12 juillet<\/strong> : <span class=\"relative -mx-px my-[-0.2rem] rounded px-px py-[0.2rem] transition-colors duration-100 ease-in-out\">Saint-M\u00e9en-le-Grand \u2192 Laval Espace Mayenne \u2013 174 km (plaine)<\/span>\u200b<\/p><\/li><li class=\"\" data-start=\"1214\" data-end=\"1328\"><p class=\"\" data-start=\"1217\" data-end=\"1328\"><strong data-start=\"1217\" data-end=\"1240\">Dimanche 13 juillet<\/strong> : <span class=\"relative -mx-px my-[-0.2rem] rounded px-px py-[0.2rem] transition-colors duration-100 ease-in-out\">Chinon \u2192 Ch\u00e2teauroux \u2013 170 km (plaine)<\/span>\u200b<\/p><\/li><li class=\"\" data-start=\"1329\" data-end=\"1441\"><p class=\"\" data-start=\"1333\" data-end=\"1441\"><strong data-start=\"1333\" data-end=\"1353\">Lundi 14 juillet<\/strong> : <span class=\"relative -mx-px my-[-0.2rem] rounded px-px py-[0.2rem] transition-colors duration-100 ease-in-out\">Ennezat \u2192 Le Mont-Dore (Puy de Sancy) \u2013 163 km (montagne)<\/span>\u200b<\/p><\/li><\/ol><p class=\"\" data-start=\"1443\" data-end=\"1551\"><strong data-start=\"1443\" data-end=\"1463\">Mardi 15 juillet<\/strong> : <span class=\"relative -mx-px my-[-0.2rem] rounded px-px py-[0.2rem] transition-colors duration-100 ease-in-out\"><strong data-start=\"0\" data-end=\"31\" data-is-last-node=\"\" data-is-only-node=\"\">Journ\u00e9e de repos \u00e0 Toulouse<\/strong><\/span>\u200b<\/p><p class=\"\" data-start=\"1553\" data-end=\"1588\"><strong data-start=\"1553\" data-end=\"1588\">Semaine 2 : Occitanie, Pyr\u00e9n\u00e9es<\/strong><\/p><ol start=\"11\" data-start=\"1590\" data-end=\"2164\"><li class=\"\" data-start=\"1590\" data-end=\"1705\"><p class=\"\" data-start=\"1594\" data-end=\"1705\"><strong data-start=\"1594\" data-end=\"1617\">Mercredi 16 juillet<\/strong> : <span class=\"relative -mx-px my-[-0.2rem] rounded px-px py-[0.2rem] transition-colors duration-100 ease-in-out\">Toulouse \u2192 Toulouse \u2013 154 km (plaine)<\/span>\u200b<\/p><\/li><li class=\"\" data-start=\"1706\" data-end=\"1818\"><p class=\"\" data-start=\"1710\" data-end=\"1818\"><strong data-start=\"1710\" data-end=\"1730\">Jeudi 17 juillet<\/strong> : <span class=\"relative -mx-px my-[-0.2rem] rounded px-px py-[0.2rem] transition-colors duration-100 ease-in-out\">Auch \u2192 Hautacam \u2013 181 km (montagne)<\/span>\u200b<\/p><\/li><li class=\"\" data-start=\"1819\" data-end=\"1934\"><p class=\"\" data-start=\"1823\" data-end=\"1934\"><strong data-start=\"1823\" data-end=\"1846\">Vendredi 18 juillet<\/strong> : <span class=\"relative -mx-px my-[-0.2rem] rounded px-px py-[0.2rem] transition-colors duration-100 ease-in-out\">Loudenvielle \u2192 Peyragudes \u2013 11 km (contre-la-montre en c\u00f4te)<\/span>\u200b<\/p><\/li><li class=\"\" data-start=\"1935\" data-end=\"2048\"><p class=\"\" data-start=\"1939\" data-end=\"2048\"><strong data-start=\"1939\" data-end=\"1960\">Samedi 19 juillet<\/strong> : <span class=\"relative -mx-px my-[-0.2rem] rounded px-px py-[0.2rem] transition-colors duration-100 ease-in-out\">Pau \u2192 Luchon-Superbagn\u00e8res \u2013 183 km (montagne)<\/span>\u200b<\/p><\/li><li class=\"\" data-start=\"2049\" data-end=\"2164\"><p class=\"\" data-start=\"2053\" data-end=\"2164\"><strong data-start=\"2053\" data-end=\"2076\">Dimanche 20 juillet<\/strong> : <span class=\"relative -mx-px my-[-0.2rem] rounded px-px py-[0.2rem] transition-colors duration-100 ease-in-out\">Muret \u2192 Carcassonne \u2013 169 km (vallonn\u00e9e)<\/span>\u200b<\/p><\/li><\/ol><p class=\"\" data-start=\"2166\" data-end=\"2274\"><strong data-start=\"2166\" data-end=\"2186\">Lundi 21 juillet<\/strong> : <span class=\"relative -mx-px my-[-0.2rem] rounded px-px py-[0.2rem] transition-colors duration-100 ease-in-out\"><strong data-start=\"0\" data-end=\"34\" data-is-last-node=\"\" data-is-only-node=\"\">Journ\u00e9e de repos \u00e0 Montpellier<\/strong><\/span>\u200b<\/p><p class=\"\" data-start=\"2276\" data-end=\"2328\"><strong data-start=\"2276\" data-end=\"2328\">Semaine 3 : Provence, Alpes, Jura, \u00cele-de-France<\/strong><\/p><ol start=\"16\" data-start=\"2330\" data-end=\"3017\"><li class=\"\" data-start=\"2330\" data-end=\"2442\"><p class=\"\" data-start=\"2334\" data-end=\"2442\"><strong data-start=\"2334\" data-end=\"2354\">Mardi 22 juillet<\/strong> : <span class=\"relative -mx-px my-[-0.2rem] rounded px-px py-[0.2rem] transition-colors duration-100 ease-in-out\">Montpellier \u2192 Mont Ventoux \u2013 172 km (montagne)<\/span>\u200b<\/p><\/li><li class=\"\" data-start=\"2443\" data-end=\"2558\"><p class=\"\" data-start=\"2447\" data-end=\"2558\"><strong data-start=\"2447\" data-end=\"2470\">Mercredi 23 juillet<\/strong> : <span class=\"relative -mx-px my-[-0.2rem] rounded px-px py-[0.2rem] transition-colors duration-100 ease-in-out\">Boll\u00e8ne \u2192 Valence \u2013 161 km (plaine)<\/span>\u200b<\/p><\/li><li class=\"\" data-start=\"2559\" data-end=\"2671\"><p class=\"\" data-start=\"2563\" data-end=\"2671\"><strong data-start=\"2563\" data-end=\"2583\">Jeudi 24 juillet<\/strong> : <span class=\"relative -mx-px my-[-0.2rem] rounded px-px py-[0.2rem] transition-colors duration-100 ease-in-out\">Vif \u2192 Courchevel (Col de la Loze) \u2013 171 km (montagne)<\/span>\u200b<\/p><\/li><li class=\"\" data-start=\"2672\" data-end=\"2787\"><p class=\"\" data-start=\"2676\" data-end=\"2787\"><strong data-start=\"2676\" data-end=\"2699\">Vendredi 25 juillet<\/strong> : <span class=\"relative -mx-px my-[-0.2rem] rounded px-px py-[0.2rem] transition-colors duration-100 ease-in-out\">Albertville \u2192 La Plagne \u2013 130 km (montagne)<\/span>\u200b<\/p><\/li><li class=\"\" data-start=\"2788\" data-end=\"2901\"><p class=\"\" data-start=\"2792\" data-end=\"2901\"><strong data-start=\"2792\" data-end=\"2813\">Samedi 26 juillet<\/strong> : <span class=\"relative -mx-px my-[-0.2rem] rounded px-px py-[0.2rem] transition-colors duration-100 ease-in-out\">Nantua \u2192 Pontarlier \u2013 185 km (vallonn\u00e9e)<\/span>\u200b<\/p><\/li><li class=\"\" data-start=\"2902\" data-end=\"3017\"><p class=\"\" data-start=\"2906\" data-end=\"3017\"><strong data-start=\"2906\" data-end=\"2929\">Dimanche 27 juillet<\/strong> : <span class=\"relative -mx-px my-[-0.2rem] rounded px-px py-[0.2rem] transition-colors duration-100 ease-in-out\">Mantes-la-Ville \u2192 Paris (Champs-\u00c9lys\u00e9es) \u2013 120 km (plaine)<\/span>\u200b<\/p><\/li><\/ol><h3>Journ\u00e9es de repos<\/h3><p>Deux journ\u00e9es de repos sont pr\u00e9vues, \u00e0 Toulouse et Montpellier.<\/p><h3>D\u00e9nivel\u00e9 positif<\/h3><p>Le d\u00e9nivel\u00e9 positif total du Tour 2025 sera de 51 550 m\u00e8tres, avec des ascensions notables dans le Massif central, les Pyr\u00e9n\u00e9es, les Alpes et le Jura. Le col de la Loze, culminant \u00e0 2 304 m\u00e8tres, sera le point le plus \u00e9lev\u00e9 de cette \u00e9dition, gravi pour la premi\u00e8re fois par son versant est depuis Courchevel.<\/p><h3>Villes-\u00e9tapes Tour 2025<\/h3><p>Huit sites ou villes-\u00e9tapes feront leur apparition pour la premi\u00e8re fois dans l&#8217;histoire du Tour :<\/p><ul><li>Lauwin-Planque (d\u00e9part de la 2\u1d49 \u00e9tape)<\/li><li>Bayeux (d\u00e9part de la 6\u1d49 \u00e9tape)<\/li><li>Chinon (d\u00e9part de la 9\u1d49 \u00e9tape)<\/li><li>Ennezat (d\u00e9part de la 10\u1d49 \u00e9tape)<\/li><li>Le Mont-Dore Puy de Sancy (arriv\u00e9e de la 10\u1d49 \u00e9tape)<\/li><li>Boll\u00e8ne (d\u00e9part de la 17\u1d49 \u00e9tape)<\/li><li>Vif (d\u00e9part de la 18\u1d49 \u00e9tape)<\/li><li>Mantes-la-Ville (d\u00e9part de la 21\u1d49 \u00e9tape)<\/li><\/ul><p>Le Grand D\u00e9part aura lieu \u00e0 Lille le 5 juillet, et la course se terminera traditionnellement sur les Champs-\u00c9lys\u00e9es \u00e0 Paris le 27 juillet.<br \/>Pour une description d\u00e9taill\u00e9e des \u00e9tapes, vous pouvez consulter le site officiel du Tour de France.<\/p><h2><strong>Les Gagnants des \u00c9ditions Pr\u00e9c\u00e9dentes du Tour de France<\/strong><\/h2><p>Voici les vainqueurs des derni\u00e8res \u00e9ditions du Tour de France :<\/p><ul><li><strong>2024<\/strong> : Tadej Poga\u010dar (SLO)<\/li><li><strong>2023<\/strong> : Jonas Vingegaard (DEN)<\/li><li><strong>2022<\/strong> : Jonas Vingegaard (DEN)<\/li><li><strong>2021<\/strong> : Tadej Poga\u010dar (SLO)<\/li><li><strong>2020<\/strong> : Tadej Poga\u010dar (SLO)<\/li><\/ul><p>Ces derni\u00e8res ann\u00e9es ont \u00e9t\u00e9 marqu\u00e9es par la domination de jeunes talents, notamment Poga\u010dar et Vingegaard.<\/p><h3><strong>Les Cols L\u00e9gendaires du Tour de France<\/strong><\/h3><p>Le Tour de France est c\u00e9l\u00e8bre pour ses ascensions mythiques qui mettent les coureurs \u00e0 l&#8217;\u00e9preuve :<\/p><ul><li><strong>L&#8217;Alpe d&#8217;Huez<\/strong> : Avec ses 21 virages embl\u00e9matiques, cette mont\u00e9e de 13,8 km \u00e0 une pente moyenne de 7,9 % est un incontournable du Tour.<\/li><li><strong>Le Mont Ventoux<\/strong> : Surnomm\u00e9 le &#8220;G\u00e9ant de Provence&#8221;, ce col culmine \u00e0 1 909 m\u00e8tres et est redout\u00e9 pour ses pentes raides et son paysage lunaire.<\/li><li><strong>Le Col du Tourmalet<\/strong> : Situ\u00e9 dans les Pyr\u00e9n\u00e9es, il est l&#8217;un des cols les plus fr\u00e9quemment emprunt\u00e9s par le Tour, avec une altitude de 2 115 m\u00e8tres.<\/li><\/ul><h3>Coureurs embl\u00e9matiques ayant remport\u00e9 plusieurs Tours de France<\/h3><p>Jacques Anquetil (France) : 5 victoires<br \/>Eddy Merckx (Belgique) : 5 victoires<br \/>Bernard Hinault (France) : 5 victoires<br \/>Miguel Indurain (Espagne) : 5 victoires<br \/>Christopher Froome (Grande-Bretagne) : 4 victoires<\/p><h2 data-start=\"133\" data-end=\"174\">Le Tour de France 2023<\/h2><h3>Les \u00e9tapes-cl\u00e9 du Tour de France 2023<\/h3><h4 data-start=\"176\" data-end=\"201\">D\u00e9part au Pays basque<\/h4><p class=\"\" data-start=\"203\" data-end=\"322\"><span class=\"relative -mx-px my-[-0.2rem] rounded px-px py-[0.2rem] transition-colors duration-100 ease-in-out\">Le Grand D\u00e9part s&#8217;est tenu \u00e0 Bilbao, en Espagne, une premi\u00e8re depuis 1992.<\/span> <span class=\"relative -mx-px my-[-0.2rem] rounded px-px py-[0.2rem] transition-colors duration-100 ease-in-out\">Les deux premi\u00e8res \u00e9tapes ont mis en valeur les paysages vallonn\u00e9s du Pays basque, avec des victoires d&#8217;Adam Yates \u00e0 Bilbao et de Victor Lafay \u00e0 Saint-S\u00e9bastien.<\/span>\u200b<\/p><h4 data-start=\"324\" data-end=\"349\">Retour du Puy de D\u00f4me<\/h4><p class=\"\" data-start=\"351\" data-end=\"470\"><span class=\"relative -mx-px my-[-0.2rem] rounded px-px py-[0.2rem] transition-colors duration-100 ease-in-out\">La 9e \u00e9tape a marqu\u00e9 le retour du mythique Puy de D\u00f4me, absent depuis 1988.<\/span> <span class=\"relative -mx-px my-[-0.2rem] rounded px-px py-[0.2rem] transition-colors duration-100 ease-in-out\">Michael Woods s&#8217;y est impos\u00e9, offrant une performance m\u00e9morable sur cette ascension historique.<\/span>\u200b<\/p><h4 data-start=\"472\" data-end=\"500\">Contre-la-montre d\u00e9cisif<\/h4><p class=\"\" data-start=\"502\" data-end=\"625\"><span class=\"relative -mx-px my-[-0.2rem] rounded px-px py-[0.2rem] transition-colors duration-100 ease-in-out\">La 16e \u00e9tape, un contre-la-montre entre Passy et Combloux, a \u00e9t\u00e9 le tournant du Tour.<\/span> <span class=\"relative -mx-px my-[-0.2rem] rounded px-px py-[0.2rem] transition-colors duration-100 ease-in-out\">Jonas Vingegaard y a creus\u00e9 un \u00e9cart significatif sur Tadej Poga\u010dar, consolidant sa position de leader.<\/span>\u200b<\/p><h3 data-start=\"632\" data-end=\"653\">Classements finaux<\/h3><ul data-start=\"655\" data-end=\"1394\"><li class=\"\" data-start=\"655\" data-end=\"783\"><p class=\"\" data-start=\"657\" data-end=\"783\"><strong data-start=\"657\" data-end=\"695\">Maillot jaune (classement g\u00e9n\u00e9ral)<\/strong> : <span class=\"relative -mx-px my-[-0.2rem] rounded px-px py-[0.2rem] transition-colors duration-100 ease-in-out\">Jonas Vingegaard (Jumbo-Visma)<\/span>\u200b<\/p><\/li><li class=\"\" data-start=\"784\" data-end=\"914\"><p class=\"\" data-start=\"786\" data-end=\"914\"><strong data-start=\"786\" data-end=\"826\">Maillot vert (classement par points)<\/strong> : <span class=\"relative -mx-px my-[-0.2rem] rounded px-px py-[0.2rem] transition-colors duration-100 ease-in-out\">Jasper Philipsen (Alpecin-Deceuninck)<\/span>\u200b<\/p><\/li><li class=\"\" data-start=\"915\" data-end=\"1043\"><p class=\"\" data-start=\"917\" data-end=\"1043\"><strong data-start=\"917\" data-end=\"955\">Maillot \u00e0 pois (meilleur grimpeur)<\/strong> : <span class=\"relative -mx-px my-[-0.2rem] rounded px-px py-[0.2rem] transition-colors duration-100 ease-in-out\">Giulio Ciccone (Lidl-Trek)<\/span>\u200b<\/p><\/li><li class=\"\" data-start=\"1044\" data-end=\"1168\"><p class=\"\" data-start=\"1046\" data-end=\"1168\"><strong data-start=\"1046\" data-end=\"1080\">Maillot blanc (meilleur jeune)<\/strong> : <span class=\"relative -mx-px my-[-0.2rem] rounded px-px py-[0.2rem] transition-colors duration-100 ease-in-out\">Tadej Poga\u010dar (UAE Team Emirates)<\/span>\u200b<\/p><\/li><li class=\"\" data-start=\"1169\" data-end=\"1285\"><p class=\"\" data-start=\"1171\" data-end=\"1285\"><strong data-start=\"1171\" data-end=\"1197\">Classement par \u00e9quipes<\/strong> : <span class=\"relative -mx-px my-[-0.2rem] rounded px-px py-[0.2rem] transition-colors duration-100 ease-in-out\">Jumbo-Visma<\/span>\u200b<\/p><\/li><li class=\"\" data-start=\"1286\" data-end=\"1394\"><p class=\"\" data-start=\"1288\" data-end=\"1394\"><strong data-start=\"1288\" data-end=\"1306\">Super-combatif<\/strong> : <span class=\"relative -mx-px my-[-0.2rem] rounded px-px py-[0.2rem] transition-colors duration-100 ease-in-out\">Victor Campenaerts (Lotto Dstny)<\/span>\u200b<\/p><\/li><\/ul><h3 data-start=\"1401\" data-end=\"1425\">Moments forts du Tour<\/h3><ul data-start=\"1427\" data-end=\"1784\"><li class=\"\" data-start=\"1427\" data-end=\"1544\"><p class=\"\" data-start=\"1429\" data-end=\"1544\"><strong data-start=\"1429\" data-end=\"1456\">Duel Vingegaard-Poga\u010dar<\/strong> : <span class=\"relative -mx-px my-[-0.2rem] rounded px-px py-[0.2rem] transition-colors duration-100 ease-in-out\">Un affrontement \u00e9pique entre les deux champions, avec des rebondissements jusqu&#8217;\u00e0 la derni\u00e8re semaine.<\/span>\u200b<\/p><\/li><li class=\"\" data-start=\"1545\" data-end=\"1666\"><p class=\"\" data-start=\"1547\" data-end=\"1666\"><strong data-start=\"1547\" data-end=\"1578\">Exploit de Jasper Philipsen<\/strong> : <span class=\"relative -mx-px my-[-0.2rem] rounded px-px py-[0.2rem] transition-colors duration-100 ease-in-out\">Quatre victoires d&#8217;\u00e9tape pour le sprinteur belge, dominant les arriv\u00e9es massives.<\/span>\u200b<\/p><\/li><li class=\"\" data-start=\"1667\" data-end=\"1784\"><p class=\"\" data-start=\"1669\" data-end=\"1784\"><strong data-start=\"1669\" data-end=\"1696\">Retour de Thibaut Pinot<\/strong> : <span class=\"relative -mx-px my-[-0.2rem] rounded px-px py-[0.2rem] transition-colors duration-100 ease-in-out\">Une performance \u00e9motive dans les Vosges, salu\u00e9e par le public.<\/span><\/p><\/li><\/ul><h2><strong>Foire Aux Questions<\/strong><\/h2><h3><strong>Qu&#8217;est-ce que le maillot jaune ?<\/strong><\/h3><p>Le maillot jaune est port\u00e9 par le coureur ayant le temps cumul\u00e9 le plus bas au classement g\u00e9n\u00e9ral. Il symbolise le leader de la course.<\/p><h3><strong>Comment sont choisies les villes \u00e9tapes ?<\/strong><\/h3><p>Les villes \u00e9tapes sont s\u00e9lectionn\u00e9es par les organisateurs du Tour en fonction de crit\u00e8res logistiques, historiques et g\u00e9ographiques.<\/p><h3><strong>Combien d&#8217;\u00e9quipes participent au Tour ?<\/strong><\/h3><p>G\u00e9n\u00e9ralement, 22 \u00e9quipes participent, chacune compos\u00e9e de 8 coureurs, totalisant 176 participants.<\/p><h3><strong>Qu&#8217;est-ce qu&#8217;un contre-la-montre ?<\/strong><\/h3><p>C&#8217;est une \u00e9preuve o\u00f9 les coureurs partent individuellement \u00e0 intervalles r\u00e9guliers, l&#8217;objectif \u00e9tant de r\u00e9aliser le meilleur temps sur un parcours donn\u00e9.<\/p><h3><strong>Comment les coureurs se pr\u00e9parent-ils pour les \u00e9tapes de montagne ?<\/strong><\/h3><p>Les cyclistes s&#8217;entra\u00eenent sp\u00e9cifiquement en montagne, travaillent sur leur endurance et leur puissance, et ajustent leur alimentation pour optimiser leurs performances lors des ascensions.<\/p><p><a href=\"https:\/\/www.letour.fr\/fr\" target=\"_blank\" rel=\"noopener\">Site officiel<\/a> du Tour de France<\/p>\t\t\t\t\t\t\t\t<\/div>\n\t\t\t\t\t<\/div>\n\t\t\t\t<\/div>\n\t\t<div class=\"elementor-element elementor-element-e1429f1 e-flex e-con-boxed e-con e-parent\" data-id=\"e1429f1\" data-element_type=\"container\" data-e-type=\"container\">\n\t\t\t\t\t<div class=\"e-con-inner\">\n\t\t\t\t<div class=\"elementor-element elementor-element-eb3f198 elementor-widget elementor-widget-listeo-posts-grid\" data-id=\"eb3f198\" data-element_type=\"widget\" data-e-type=\"widget\" data-widget_type=\"listeo-posts-grid.default\">\n\t\t\t\t<div class=\"elementor-widget-container\">\n\t\t\t\t\t\t\t\n\t\t<div class=\"listeo-post-grid-wrapper\">\n\t\t\t<div class=\"row\">\n\n\t\t\t\n\n\t\t\t\t\t\t\t<div class=\"col-md-4\">\n                <a href=\"https:\/\/cparici.com\/de\/marathon-et-semi-marathon-la-rochelle-2024\/\" class=\"blog-compact-item-container\">\n                    <div class=\"blog-compact-item\">\n                        <img decoding=\"async\" width=\"577\" height=\"204\" src=\"https:\/\/cparici.com\/wp-content\/uploads\/2024\/08\/marathon-et-semi-marathon-La-Rochelle-2024.jpg\" class=\"attachment-listeo-blog-related-post size-listeo-blog-related-post wp-post-image\" alt=\"marathon et semi-marathon La Rochelle 2024\" srcset=\"https:\/\/cparici.com\/wp-content\/uploads\/2024\/08\/marathon-et-semi-marathon-La-Rochelle-2024.jpg 1500w, https:\/\/cparici.com\/wp-content\/uploads\/2024\/08\/marathon-et-semi-marathon-La-Rochelle-2024-600x212.jpg 600w, https:\/\/cparici.com\/wp-content\/uploads\/2024\/08\/marathon-et-semi-marathon-La-Rochelle-2024-300x106.jpg 300w, https:\/\/cparici.com\/wp-content\/uploads\/2024\/08\/marathon-et-semi-marathon-La-Rochelle-2024-1024x362.jpg 1024w, https:\/\/cparici.com\/wp-content\/uploads\/2024\/08\/marathon-et-semi-marathon-La-Rochelle-2024-768x271.jpg 768w\" sizes=\"(max-width: 577px) 100vw, 577px\" \/><span class=\"blog-item-tag\">Charente maritime<\/span>                        \n                        <div class=\"blog-compact-item-content\">\n                                                        <h3>Marathon et Semi-Marathon La Rochelle 2024 &#8211; Guide Complet<\/h3>\n                                                        <p>D\u00e9couvrez tout sur le marathon et semi-marathon de La Rochelle 2024 \u00e0 Paris : parcours,...                            <\/p>\n                                                    <\/div>\n                    <\/div>\n                <\/a>\n            <\/div>\n\t\t\t<div class=\"col-md-4\">\n                <a href=\"https:\/\/cparici.com\/de\/disneyland-paris-le-guide-complet\/\" class=\"blog-compact-item-container\">\n                    <div class=\"blog-compact-item\">\n                        <img decoding=\"async\" width=\"577\" height=\"204\" src=\"https:\/\/cparici.com\/wp-content\/uploads\/2025\/04\/cparici-2025-04-04T115554.571-577x204.jpg\" class=\"attachment-listeo-blog-related-post size-listeo-blog-related-post wp-post-image\" alt=\"Disneyland Paris\" srcset=\"https:\/\/cparici.com\/wp-content\/uploads\/2025\/04\/cparici-2025-04-04T115554.571-577x204.jpg 577w, https:\/\/cparici.com\/wp-content\/uploads\/2025\/04\/cparici-2025-04-04T115554.571-300x106.jpg 300w, https:\/\/cparici.com\/wp-content\/uploads\/2025\/04\/cparici-2025-04-04T115554.571-1024x362.jpg 1024w, https:\/\/cparici.com\/wp-content\/uploads\/2025\/04\/cparici-2025-04-04T115554.571-768x271.jpg 768w, https:\/\/cparici.com\/wp-content\/uploads\/2025\/04\/cparici-2025-04-04T115554.571-18x6.jpg 18w, https:\/\/cparici.com\/wp-content\/uploads\/2025\/04\/cparici-2025-04-04T115554.571-590x208.jpg 590w, https:\/\/cparici.com\/wp-content\/uploads\/2025\/04\/cparici-2025-04-04T115554.571-1200x424.jpg 1200w, https:\/\/cparici.com\/wp-content\/uploads\/2025\/04\/cparici-2025-04-04T115554.571-600x212.jpg 600w, https:\/\/cparici.com\/wp-content\/uploads\/2025\/04\/cparici-2025-04-04T115554.571.jpg 1500w\" sizes=\"(max-width: 577px) 100vw, 577px\" \/><span class=\"blog-item-tag\">Chessy<\/span>                        \n                        <div class=\"blog-compact-item-content\">\n                                                        <h3>La magie \u00e0 Disneyland Paris : le guide complet<\/h3>\n                                                        <p>Recherches populaires Categories Pas de r\u00e9sultats Voir tous les r\u00e9sultats Vivre la magie \u00e0 Disneyland...                            <\/p>\n                                                    <\/div>\n                    <\/div>\n                <\/a>\n            <\/div>\n\t\t\t<div class=\"col-md-4\">\n                <a href=\"https:\/\/cparici.com\/de\/puy-du-fou\/\" class=\"blog-compact-item-container\">\n                    <div class=\"blog-compact-item\">\n                        <img decoding=\"async\" width=\"577\" height=\"238\" src=\"https:\/\/cparici.com\/wp-content\/uploads\/2024\/06\/puy-du-fou.jpg\" class=\"attachment-listeo-blog-related-post size-listeo-blog-related-post wp-post-image\" alt=\"puy du fou\" srcset=\"https:\/\/cparici.com\/wp-content\/uploads\/2024\/06\/puy-du-fou.jpg 1500w, https:\/\/cparici.com\/wp-content\/uploads\/2024\/06\/puy-du-fou-600x247.jpg 600w, https:\/\/cparici.com\/wp-content\/uploads\/2024\/06\/puy-du-fou-300x124.jpg 300w, https:\/\/cparici.com\/wp-content\/uploads\/2024\/06\/puy-du-fou-1024x422.jpg 1024w, https:\/\/cparici.com\/wp-content\/uploads\/2024\/06\/puy-du-fou-768x316.jpg 768w\" sizes=\"(max-width: 577px) 100vw, 577px\" \/><span class=\"blog-item-tag\">Epesses<\/span>                        \n                        <div class=\"blog-compact-item-content\">\n                                                        <h3>Puy du fou : le guide ultime 2026<\/h3>\n                                                        <p>D\u00e9couvrez le Puy du fou, un parc \u00e0 th\u00e8me historique et culturel unique en France....                            <\/p>\n                                                    <\/div>\n                    <\/div>\n                <\/a>\n            <\/div>\n  <\/div>\n        <\/div>\n        \t\t\t\t<\/div>\n\t\t\t\t<\/div>\n\t\t\t\t\t<\/div>\n\t\t\t\t<\/div>\n\t\t\t\t<\/div>\n\t\t","protected":false},"excerpt":{"rendered":"<p>Recherches populaires Categories Pas de r\u00e9sultats Voir tous les r\u00e9sultats Tour de France 2024, 2025 Le Tour de France 2024 s&#8217;est d\u00e9roul\u00e9 du 29 juin au 21 juillet 2024, marquant la 111\u1d49 \u00e9dition de cette course cycliste embl\u00e9matique. Cette ann\u00e9e a \u00e9t\u00e9 particuli\u00e8re, car pour la premi\u00e8re fois, l&#8217;arriv\u00e9e ne s&#8217;est pas faite \u00e0 Paris, [&hellip;]<\/p>\n","protected":false},"author":1,"featured_media":55717,"comment_status":"closed","ping_status":"closed","sticky":false,"template":"elementor_header_footer","format":"standard","meta":{"ngg_post_thumbnail":0,"footnotes":""},"categories":[2694,2693,2692,477,2686],"tags":[],"class_list":["post-55709","post","type-post","status-publish","format-standard","has-post-thumbnail","hentry","category-tour-de-france","category-cyclisme","category-evenement-sportif","category-france","category-sport"],"_links":{"self":[{"href":"https:\/\/cparici.com\/de\/wp-json\/wp\/v2\/posts\/55709","targetHints":{"allow":["GET"]}}],"collection":[{"href":"https:\/\/cparici.com\/de\/wp-json\/wp\/v2\/posts"}],"about":[{"href":"https:\/\/cparici.com\/de\/wp-json\/wp\/v2\/types\/post"}],"author":[{"embeddable":true,"href":"https:\/\/cparici.com\/de\/wp-json\/wp\/v2\/users\/1"}],"replies":[{"embeddable":true,"href":"https:\/\/cparici.com\/de\/wp-json\/wp\/v2\/comments?post=55709"}],"version-history":[{"count":0,"href":"https:\/\/cparici.com\/de\/wp-json\/wp\/v2\/posts\/55709\/revisions"}],"wp:featuredmedia":[{"embeddable":true,"href":"https:\/\/cparici.com\/de\/wp-json\/wp\/v2\/media\/55717"}],"wp:attachment":[{"href":"https:\/\/cparici.com\/de\/wp-json\/wp\/v2\/media?parent=55709"}],"wp:term":[{"taxonomy":"category","embeddable":true,"href":"https:\/\/cparici.com\/de\/wp-json\/wp\/v2\/categories?post=55709"},{"taxonomy":"post_tag","embeddable":true,"href":"https:\/\/cparici.com\/de\/wp-json\/wp\/v2\/tags?post=55709"}],"curies":[{"name":"wp","href":"https:\/\/api.w.org\/{rel}","templated":true}]}}