{"id":55946,"date":"2025-01-31T17:29:50","date_gmt":"2025-01-31T16:29:50","guid":{"rendered":"https:\/\/cparici.com\/?p=55946"},"modified":"2025-03-27T07:41:08","modified_gmt":"2025-03-27T06:41:08","slug":"samoens","status":"publish","type":"post","link":"https:\/\/cparici.com\/de\/samoens\/","title":{"rendered":"Samoens"},"content":{"rendered":"\t\t<div data-elementor-type=\"wp-post\" data-elementor-id=\"55946\" class=\"elementor elementor-55946\" data-elementor-post-type=\"post\">\n\t\t\t\t<div class=\"elementor-element elementor-element-34cf664 e-flex e-con-boxed e-con e-parent\" data-id=\"34cf664\" data-element_type=\"container\" data-e-type=\"container\">\n\t\t\t\t\t<div class=\"e-con-inner\">\n\t\t\t\t<div class=\"elementor-element elementor-element-043db51 elementor-widget elementor-widget-image\" data-id=\"043db51\" data-element_type=\"widget\" data-e-type=\"widget\" data-widget_type=\"image.default\">\n\t\t\t\t\t\t\t\t\t\t\t\t\t\t\t<img decoding=\"async\" width=\"1500\" height=\"530\" src=\"https:\/\/cparici.com\/wp-content\/uploads\/2025\/01\/cparici-2025-01-31T172629.655.jpg\" class=\"attachment-full size-full wp-image-55947\" alt=\"Samoens\" srcset=\"https:\/\/cparici.com\/wp-content\/uploads\/2025\/01\/cparici-2025-01-31T172629.655.jpg 1500w, https:\/\/cparici.com\/wp-content\/uploads\/2025\/01\/cparici-2025-01-31T172629.655-300x106.jpg 300w, https:\/\/cparici.com\/wp-content\/uploads\/2025\/01\/cparici-2025-01-31T172629.655-1024x362.jpg 1024w, https:\/\/cparici.com\/wp-content\/uploads\/2025\/01\/cparici-2025-01-31T172629.655-768x271.jpg 768w, https:\/\/cparici.com\/wp-content\/uploads\/2025\/01\/cparici-2025-01-31T172629.655-590x208.jpg 590w, https:\/\/cparici.com\/wp-content\/uploads\/2025\/01\/cparici-2025-01-31T172629.655-1200x424.jpg 1200w, https:\/\/cparici.com\/wp-content\/uploads\/2025\/01\/cparici-2025-01-31T172629.655-577x204.jpg 577w, https:\/\/cparici.com\/wp-content\/uploads\/2025\/01\/cparici-2025-01-31T172629.655-600x212.jpg 600w\" sizes=\"(max-width: 1500px) 100vw, 1500px\" \/>\t\t\t\t\t\t\t\t\t\t\t\t\t\t\t<\/div>\n\t\t\t\t\t<\/div>\n\t\t\t\t<\/div>\n\t\t<div class=\"elementor-element elementor-element-ab328ea e-flex e-con-boxed e-con e-parent\" data-id=\"ab328ea\" data-element_type=\"container\" data-e-type=\"container\">\n\t\t\t\t\t<div class=\"e-con-inner\">\n\t\t\t\t<div class=\"elementor-element elementor-element-20e358a3 elementor-widget elementor-widget-text-editor\" data-id=\"20e358a3\" data-element_type=\"widget\" data-e-type=\"widget\" data-widget_type=\"text-editor.default\">\n\t\t\t\t\t\t\t\t\t<div class=\"flex-1 overflow-hidden @container\/thread\">\r\n<div class=\"h-full\">\r\n<div class=\"react-scroll-to-bottom--css-xjeiz-79elbk h-full\">\r\n<div class=\"react-scroll-to-bottom--css-xjeiz-1n7m0yu\">\r\n<div class=\"flex flex-col text-sm md:pb-9\"><article class=\"w-full text-token-text-primary focus-visible:outline-2 focus-visible:outline-offset-[-4px]\" dir=\"auto\" data-testid=\"conversation-turn-45\" data-scroll-anchor=\"true\">\r\n<div class=\"m-auto text-base py-[18px] px-3 md:px-4 w-full md:px-5 lg:px-4 xl:px-5\">\r\n<div class=\"mx-auto flex flex-1 gap-4 text-base md:gap-5 lg:gap-6 md:max-w-3xl lg:max-w-[40rem] xl:max-w-[48rem]\">\r\n<div class=\"group\/conversation-turn relative flex w-full min-w-0 flex-col agent-turn\">\r\n<div class=\"flex-col gap-1 md:gap-3\">\r\n<div class=\"flex max-w-full flex-col flex-grow\">\r\n<div class=\"min-h-8 text-message flex w-full flex-col items-end gap-2 whitespace-normal break-words text-start [.text-message+&]:mt-5\" dir=\"auto\" data-message-author-role=\"assistant\" data-message-id=\"0f06f068-00b7-4c49-8c3c-8e533da35c2d\" data-message-model-slug=\"gpt-4o\">\r\n<div class=\"flex w-full flex-col gap-1 empty:hidden first:pt-[3px]\">\r\n<div class=\"markdown prose w-full break-words dark:prose-invert light\">\r\n<h1 style=\"text-align: center;\"><span style=\"font-size: 18pt;\"><strong>Samo\u00ebns<\/strong><\/span><\/h1>\r\nNich\u00e9e dans la <strong>Vall\u00e9e du Giffre<\/strong>, en <a href=\"https:\/\/cparici.com\/fr\/haute-savoie\/\"><strong>Haute-Savoie<\/strong><\/a>, <strong>Samoens<\/strong> est une destination de montagne unique qui s\u00e9duit par son <strong>authenticit\u00e9, son patrimoine et son domaine skiable exceptionnel<\/strong>.\r\n<h2><span style=\"font-size: 18pt;\"><strong>Samoens : Village authentique et station de montagne au c\u0153ur des Alpes<\/strong><\/span><\/h2>\r\nCe charmant village savoyard, labellis\u00e9 <strong>\u201cPays d\u2019Art et d\u2019Histoire\u201d<\/strong>, est bien plus qu\u2019une station de ski : il offre une <strong>immersion totale dans la nature<\/strong> avec des paysages \u00e0 couper le souffle, une ambiance conviviale et des activit\u00e9s pour <strong>toutes les saisons<\/strong>. Situ\u00e9e au pied du <strong>domaine du Grand Massif<\/strong>, pr\u00e8s de <a href=\"https:\/\/cparici.com\/fr\/morzine\/\">Morzine<\/a>, <a href=\"https:\/\/cparici.com\/fr\/les-gets\/\">Les Gets<\/a> ou encore non loin d\u2019<a href=\"https:\/\/cparici.com\/fr\/avoriaz\/\">Avoriaz<\/a>, <strong>Samo\u00ebns<\/strong> est une destination id\u00e9ale pour les <strong>familles, les randonneurs et les amateurs de sports de montagne<\/strong>.\r\n<h2><span style=\"font-size: 18pt;\"><strong>Pourquoi choisir Samoens pour vos vacances en montagne ?<\/strong><\/span><\/h2>\r\n\u2714 <strong>Un village authentique<\/strong> : Maisons en pierre, traditions locales et artisanat savoyard.\r\n\u2714 <strong>Acc\u00e8s direct au Grand Massif<\/strong> : 265 km de pistes reli\u00e9es entre Flaine, Les Carroz, Morillon et Sixt-Fer-\u00e0-Cheval.\r\n\u2714 <strong>Des activit\u00e9s toute l\u2019ann\u00e9e<\/strong> : Ski, snowboard, randonn\u00e9es, VTT, parapente et bien-\u00eatre.\r\n\u2714 <strong>Un cadre naturel pr\u00e9serv\u00e9<\/strong> : Entre montagnes, for\u00eats et rivi\u00e8res.\r\n\u2714 <strong>Un patrimoine riche<\/strong> : Chapelles, jardins et la culture des tailleurs de pierre.\r\n<h2><span style=\"font-size: 18pt;\"><strong>Samoens en hiver : Un paradis pour le ski et les activit\u00e9s nordiques<\/strong><\/span><\/h2>\r\n<h3><strong>1. Domaine skiable du Grand Massif\u00a0<\/strong><\/h3>\r\nSamo\u00ebns fait partie du <strong>domaine du Grand Massif<\/strong>, l\u2019un des plus vastes des Alpes fran\u00e7aises. Il relie <strong>Samoens, Flaine, Les Carroz, Morillon et Sixt-Fer-\u00e0-Cheval<\/strong> pour offrir des <strong>pistes vari\u00e9es adapt\u00e9es \u00e0 tous les niveaux<\/strong>.\r\n\r\n<strong>Caract\u00e9ristiques du domaine skiable<\/strong> :\r\n<ul>\r\n \t<li><strong>265 km de pistes<\/strong> accessibles en t\u00e9l\u00e9cabine depuis le village.<\/li>\r\n \t<li><strong>Pistes pour tous niveaux<\/strong> : Des espaces d\u00e9butants aux descentes engag\u00e9es.<\/li>\r\n \t<li><strong>La Combe de Gers<\/strong> : Une des plus belles descentes freeride de la r\u00e9gion.<\/li>\r\n \t<li><strong>Enneigement garanti<\/strong> gr\u00e2ce \u00e0 l\u2019altitude et \u00e0 l\u2019exposition du domaine.<\/li>\r\n<\/ul>\r\n<strong>Bon \u00e0 savoir<\/strong> : Depuis Samo\u00ebns, la <strong>t\u00e9l\u00e9cabine du Grand Massif Express<\/strong> permet de rejoindre le domaine skiable en quelques minutes, \u00e9vitant ainsi l\u2019usage de la voiture.\r\n<h3><strong>2. Activit\u00e9s hivernales hors-ski \u2744\ufe0f<\/strong><\/h3>\r\nM\u00eame sans skier, Samoens propose de nombreuses activit\u00e9s hivernales :\r\n\r\n<strong>Balades en chiens de tra\u00eeneau<\/strong> pour une immersion nordique.\r\n<strong>Ski de fond et raquettes<\/strong> au Cirque du Fer-\u00e0-Cheval.\r\n<strong>Patinoire couverte<\/strong> en plein centre du village.\r\n<strong>Spa et bien-\u00eatre<\/strong> : D\u00e9tente apr\u00e8s une journ\u00e9e en montagne.\r\n<h2><span style=\"font-size: 18pt;\"><strong>Samo\u00ebns en \u00e9t\u00e9 : Nature et aventure au rendez-vous<\/strong><\/span><\/h2>\r\nL\u2019\u00e9t\u00e9, Samo\u00ebns devient un <strong>terrain de jeu id\u00e9al<\/strong> pour les amoureux de la nature.\r\n<h3><strong>1. Randonn\u00e9es et balades en montagne \ud83d\udeb6\u200d\u2642\ufe0f<\/strong><\/h3>\r\nSamo\u00ebns est entour\u00e9e de <strong>sentiers de randonn\u00e9e accessibles \u00e0 tous<\/strong>.\r\n\r\n<strong>Itin\u00e9raires incontournables<\/strong> :\r\n<ul>\r\n \t<li><strong>Le Cirque du Fer-\u00e0-Cheval<\/strong> : Un site grandiose avec ses cascades et falaises spectaculaires.<\/li>\r\n \t<li><strong>Le lac de Gers<\/strong> : Un lac d\u2019altitude sauvage et pr\u00e9serv\u00e9.<\/li>\r\n \t<li><strong>Les chalets de Bostan<\/strong> : Randonn\u00e9e avec vue panoramique sur la vall\u00e9e du Giffre.<\/li>\r\n<\/ul>\r\n<strong>Astuce<\/strong> : De nombreuses <strong>randonn\u00e9es guid\u00e9es<\/strong> sont propos\u00e9es pour d\u00e9couvrir la faune et la flore alpines.\r\n<h3><strong>2. VTT et sensations fortes \ud83d\udeb5\u200d\u2642\ufe0f<\/strong><\/h3>\r\nSamo\u00ebns est un <strong>spot pris\u00e9 pour le VTT<\/strong>, avec des <strong>itin\u00e9raires balis\u00e9s<\/strong> et des descentes adapt\u00e9es aux riders de tous niveaux.\r\n\r\n<strong>Bike Park de Samo\u00ebns<\/strong> : Des pistes am\u00e9nag\u00e9es pour le VTT de descente.\r\n<strong>Remont\u00e9es m\u00e9caniques ouvertes l\u2019\u00e9t\u00e9<\/strong> pour acc\u00e9der aux sommets rapidement.\r\n<strong>Parapente et via ferrata<\/strong> : Pour une exp\u00e9rience en altitude.\r\n<h3><strong>3. Activit\u00e9s en famille et d\u00e9tente\u00a0<\/strong><\/h3>\r\n<strong>Base de loisirs du Lac aux Dames<\/strong> : Aire de jeux, mini-golf et balades le long de l\u2019eau.\r\n<strong>Baignade et cano\u00eb sur le Giffre<\/strong> : Un moment rafra\u00eechissant en \u00e9t\u00e9.\r\n<strong>Balades \u00e0 cheval<\/strong> \u00e0 travers les alpages.\r\n<h2><span style=\"font-size: 18pt;\"><strong>Patrimoine et culture de Samoens<\/strong><\/span><\/h2>\r\nContrairement aux stations modernes, Samo\u00ebns a <strong>conserv\u00e9 son \u00e2me de village alpin<\/strong>.\r\n\r\n<strong>La Place du Gros Tilleul<\/strong> : Arbre centenaire et lieu de rassemblement du village.\r\n<strong>L\u2019\u00e9glise Notre-Dame de l\u2019Assomption<\/strong> : Un monument class\u00e9 historique.\r\n<strong>Le Jardin Botanique Alpin de la Ja\u00ffsinia<\/strong> : 2 500 esp\u00e8ces de plantes de montagne.\r\n<strong>Les maisons de tailleurs de pierre<\/strong> : T\u00e9moins du pass\u00e9 artisanal de Samo\u00ebns.\r\n\r\n<strong>Bon \u00e0 savoir<\/strong> : Le march\u00e9 de Samo\u00ebns, tous les mercredis, est <strong>l\u2019un des plus r\u00e9put\u00e9s de Haute-Savoie<\/strong> !\r\n<h2><span style=\"font-size: 18pt;\"><strong>O\u00f9 s\u00e9journer \u00e0 Samoens ?\u00a0<\/strong><\/span><\/h2>\r\nSamoens propose une vari\u00e9t\u00e9 d\u2019h\u00e9bergements adapt\u00e9s \u00e0 tous :\r\n<ul>\r\n \t<li><strong>Chalets de montagne<\/strong> : Luxe et authenticit\u00e9.<\/li>\r\n \t<li><strong>R\u00e9sidences de tourisme<\/strong> : Appartements tout confort.<\/li>\r\n \t<li><strong>H\u00f4tels chaleureux<\/strong> : De l\u2019h\u00f4tel familial au spa 4 \u00e9toiles.<\/li>\r\n \t<li><strong>G\u00eetes et chambres d\u2019h\u00f4tes<\/strong> : Pour une immersion locale.<\/li>\r\n<\/ul>\r\n<strong>Astuce<\/strong> : R\u00e9servez \u00e0 l\u2019avance en haute saison pour obtenir les meilleurs tarifs.\r\n<h2><span style=\"font-size: 18pt;\"><strong>Comment se rendre \u00e0 Samoens ?\u00a0<\/strong><\/span><\/h2>\r\n<strong>Localisation<\/strong> : Vall\u00e9e du Giffre, Haute-Savoie\r\n\r\n<strong>En voiture<\/strong> :\r\n<ul>\r\n \t<li><strong>Depuis Gen\u00e8ve<\/strong> : 1h via l\u2019A40.<\/li>\r\n \t<li><strong>Depuis Lyon<\/strong> : 2h30 de route.<\/li>\r\n<\/ul>\r\n<strong>En train<\/strong> :\r\n<ul>\r\n \t<li>Gare la plus proche : <strong>Cluses<\/strong> (\u00e0 20 km).<\/li>\r\n<\/ul>\r\n<strong>En avion<\/strong> :\r\n<ul>\r\n \t<li><strong>A\u00e9roport de Gen\u00e8ve<\/strong> avec navettes directes vers Samo\u00ebns.<\/li>\r\n<\/ul>\r\n<h2><span style=\"font-size: 18pt;\"><strong>FAQ sur Samo\u00ebns<\/strong><\/span><\/h2>\r\n<h3><strong>1. Quelle est la meilleure p\u00e9riode pour visiter Samo\u00ebns ?<\/strong><\/h3>\r\n<ul>\r\n \t<li><strong>Hiver (d\u00e9cembre \u00e0 avril)<\/strong> : Ski et sports de neige.<\/li>\r\n \t<li><strong>\u00c9t\u00e9 (juin \u00e0 septembre)<\/strong> : Randonn\u00e9e, VTT et sports nautiques.<\/li>\r\n<\/ul>\r\n<h3><strong>2. Samo\u00ebns est-elle adapt\u00e9e aux familles ?<\/strong><\/h3>\r\nOui, elle poss\u00e8de le <strong>label Famille Plus<\/strong> et propose de nombreuses activit\u00e9s pour enfants.\r\n<h3><strong>3. Peut-on skier \u00e0 Samo\u00ebns en avril ?<\/strong><\/h3>\r\nOui, gr\u00e2ce \u00e0 l\u2019acc\u00e8s au <strong>domaine du Grand Massif<\/strong>, qui garantit un bon enneigement jusqu\u2019au printemps.\r\n<h3><strong>4. Quels sont les meilleurs spots pour une randonn\u00e9e ?<\/strong><\/h3>\r\nLe <strong>Cirque du Fer-\u00e0-Cheval<\/strong>, le <strong>Lac de Gers<\/strong> et les <strong>Chalets de Bostan<\/strong>.\r\n<h3><strong>5. Y a-t-il des restaurants typiques \u00e0 Samo\u00ebns ?<\/strong><\/h3>\r\nOui, de nombreuses auberges et restaurants proposent des <strong>sp\u00e9cialit\u00e9s savoyardes<\/strong> comme la fondue et la tartiflette.\r\n<h2><span style=\"font-size: 18pt;\"><strong>Conclusion<\/strong><\/span><\/h2>\r\nQue ce soit pour <strong>un s\u00e9jour au ski, une escapade nature ou des vacances en famille<\/strong>, <strong>Samo\u00ebns<\/strong> offre une <strong>exp\u00e9rience authentique et d\u00e9paysante<\/strong>. Avec son <strong>patrimoine pr\u00e9serv\u00e9, son domaine skiable et ses paysages alpins<\/strong>, cette station-village a tout pour plaire aux amoureux de la montagne. <strong>Venez d\u00e9couvrir Samo\u00ebns et vivez des moments inoubliables au c\u0153ur des Alpes !<\/strong>\r\n\r\n<\/div>\r\n<\/div>\r\n<\/div>\r\n<\/div>\r\n<\/div>\r\n<\/div>\r\n<\/div>\r\n<\/div>\r\n<\/article><\/div>\r\n<\/div>\r\n<\/div>\r\n<\/div>\r\n<\/div>\t\t\t\t\t\t\t\t<\/div>\n\t\t\t\t\t<\/div>\n\t\t\t\t<\/div>\n\t\t\t\t<\/div>\n\t\t","protected":false},"excerpt":{"rendered":"<p>Samo\u00ebns Nich\u00e9e dans la Vall\u00e9e du Giffre, en Haute-Savoie, Samoens est une destination de montagne unique qui s\u00e9duit par son authenticit\u00e9, son patrimoine et son domaine skiable exceptionnel. Samoens : Village authentique et station de montagne au c\u0153ur des Alpes Ce charmant village savoyard, labellis\u00e9 \u201cPays d\u2019Art et d\u2019Histoire\u201d, est bien plus qu\u2019une station de [&hellip;]<\/p>\n","protected":false},"author":1,"featured_media":55947,"comment_status":"closed","ping_status":"closed","sticky":false,"template":"elementor_header_footer","format":"standard","meta":{"ngg_post_thumbnail":0,"footnotes":""},"categories":[2471,1359,1167,477,1363],"tags":[1469],"class_list":["post-55946","post","type-post","status-publish","format-standard","has-post-thumbnail","hentry","category-samoens","category-alpes","category-auvergne-rhone-alpes","category-france","category-haute-savoie","tag-station-de-ski"],"_links":{"self":[{"href":"https:\/\/cparici.com\/de\/wp-json\/wp\/v2\/posts\/55946","targetHints":{"allow":["GET"]}}],"collection":[{"href":"https:\/\/cparici.com\/de\/wp-json\/wp\/v2\/posts"}],"about":[{"href":"https:\/\/cparici.com\/de\/wp-json\/wp\/v2\/types\/post"}],"author":[{"embeddable":true,"href":"https:\/\/cparici.com\/de\/wp-json\/wp\/v2\/users\/1"}],"replies":[{"embeddable":true,"href":"https:\/\/cparici.com\/de\/wp-json\/wp\/v2\/comments?post=55946"}],"version-history":[{"count":0,"href":"https:\/\/cparici.com\/de\/wp-json\/wp\/v2\/posts\/55946\/revisions"}],"wp:featuredmedia":[{"embeddable":true,"href":"https:\/\/cparici.com\/de\/wp-json\/wp\/v2\/media\/55947"}],"wp:attachment":[{"href":"https:\/\/cparici.com\/de\/wp-json\/wp\/v2\/media?parent=55946"}],"wp:term":[{"taxonomy":"category","embeddable":true,"href":"https:\/\/cparici.com\/de\/wp-json\/wp\/v2\/categories?post=55946"},{"taxonomy":"post_tag","embeddable":true,"href":"https:\/\/cparici.com\/de\/wp-json\/wp\/v2\/tags?post=55946"}],"curies":[{"name":"wp","href":"https:\/\/api.w.org\/{rel}","templated":true}]}}