{"id":57932,"date":"2025-02-21T10:03:45","date_gmt":"2025-02-21T09:03:45","guid":{"rendered":"https:\/\/cparici.com\/?p=57932"},"modified":"2025-03-27T12:23:55","modified_gmt":"2025-03-27T11:23:55","slug":"libourne","status":"publish","type":"post","link":"https:\/\/cparici.com\/de\/libourne\/","title":{"rendered":"Libourne"},"content":{"rendered":"\t\t<div data-elementor-type=\"wp-post\" data-elementor-id=\"57932\" class=\"elementor elementor-57932\" data-elementor-post-type=\"post\">\n\t\t\t\t<div class=\"elementor-element elementor-element-95478c9 e-flex e-con-boxed e-con e-parent\" data-id=\"95478c9\" data-element_type=\"container\" data-e-type=\"container\">\n\t\t\t\t\t<div class=\"e-con-inner\">\n\t\t\t\t<div class=\"elementor-element elementor-element-02af6c5 elementor-widget elementor-widget-image\" data-id=\"02af6c5\" data-element_type=\"widget\" data-e-type=\"widget\" data-widget_type=\"image.default\">\n\t\t\t\t\t\t\t\t\t\t\t\t\t\t\t<img decoding=\"async\" width=\"1500\" height=\"530\" src=\"https:\/\/cparici.com\/wp-content\/uploads\/2025\/02\/cparici-2025-02-21T093143.395.jpg\" class=\"attachment-full size-full wp-image-57934\" alt=\"Libourne\" srcset=\"https:\/\/cparici.com\/wp-content\/uploads\/2025\/02\/cparici-2025-02-21T093143.395.jpg 1500w, https:\/\/cparici.com\/wp-content\/uploads\/2025\/02\/cparici-2025-02-21T093143.395-300x106.jpg 300w, https:\/\/cparici.com\/wp-content\/uploads\/2025\/02\/cparici-2025-02-21T093143.395-1024x362.jpg 1024w, https:\/\/cparici.com\/wp-content\/uploads\/2025\/02\/cparici-2025-02-21T093143.395-768x271.jpg 768w, https:\/\/cparici.com\/wp-content\/uploads\/2025\/02\/cparici-2025-02-21T093143.395-590x208.jpg 590w, https:\/\/cparici.com\/wp-content\/uploads\/2025\/02\/cparici-2025-02-21T093143.395-1200x424.jpg 1200w, https:\/\/cparici.com\/wp-content\/uploads\/2025\/02\/cparici-2025-02-21T093143.395-577x204.jpg 577w, https:\/\/cparici.com\/wp-content\/uploads\/2025\/02\/cparici-2025-02-21T093143.395-600x212.jpg 600w\" sizes=\"(max-width: 1500px) 100vw, 1500px\" \/>\t\t\t\t\t\t\t\t\t\t\t\t\t\t\t<\/div>\n\t\t\t\t\t<\/div>\n\t\t\t\t<\/div>\n\t\t<div class=\"elementor-element elementor-element-1f2ab585 e-flex e-con-boxed e-con e-parent\" data-id=\"1f2ab585\" data-element_type=\"container\" data-e-type=\"container\">\n\t\t\t\t\t<div class=\"e-con-inner\">\n\t\t\t\t<div class=\"elementor-element elementor-element-dd80922 elementor-widget elementor-widget-text-editor\" data-id=\"dd80922\" data-element_type=\"widget\" data-e-type=\"widget\" data-widget_type=\"text-editor.default\">\n\t\t\t\t\t\t\t\t\t<article class=\"w-full text-token-text-primary focus-visible:outline-2 focus-visible:outline-offset-[-4px]\" dir=\"auto\" data-testid=\"conversation-turn-21\" data-scroll-anchor=\"false\">\r\n<div class=\"m-auto text-base py-[18px] px-6\">\r\n<div class=\"mx-auto flex flex-1 text-base gap-4 md:gap-5 lg:gap-6 md:max-w-3xl lg:max-w-[40rem] xl:max-w-[48rem]\">\r\n<div class=\"group\/conversation-turn relative flex w-full min-w-0 flex-col agent-turn @xs\/thread:px-0 @sm\/thread:px-1.5 @md\/thread:px-4\">\r\n<div class=\"flex-col gap-1 md:gap-3\">\r\n<div class=\"flex max-w-full flex-col flex-grow\">\r\n<div class=\"min-h-8 text-message flex w-full flex-col items-end gap-2 whitespace-normal break-words text-start [.text-message+&]:mt-5\" dir=\"auto\" data-message-author-role=\"assistant\" data-message-id=\"158f9cd3-4683-4337-b8a2-5b67cbc7925c\" data-message-model-slug=\"gpt-4o\">\r\n<div class=\"flex w-full flex-col gap-1 empty:hidden first:pt-[3px]\">\r\n<div class=\"markdown prose w-full break-words dark:prose-invert light\">\r\n<h1 style=\"text-align: center;\" data-start=\"40\" data-end=\"105\"><span style=\"font-size: 18pt;\">Libourne : Une Bastide Historique au C\u0153ur du Vignoble Bordelais<\/span><\/h1>\r\n<p data-start=\"107\" data-end=\"466\">Situ\u00e9e au confluent de l\u2019Isle et de la Dordogne, <strong data-start=\"156\" data-end=\"168\">Libourne<\/strong> est une charmante commune du sud-ouest de la <a href=\"https:\/\/cparici.com\/fr\/visiter-la-france-guide-des-regions-et-sites-touristiques\/\">France<\/a>, dans le d\u00e9partement de la <a href=\"https:\/\/cparici.com\/fr\/la-gironde-le-departement\/\">Gironde<\/a>, reconnue pour son riche patrimoine historique et son r\u00f4le central dans la viticulture bordelaise. Fond\u00e9e en 1270 par Roger de Leybourne, un s\u00e9n\u00e9chal anglais de Gascogne, la ville a conserv\u00e9 son caract\u00e8re m\u00e9di\u00e9val tout en \u00e9voluant avec le temps.<\/p>\r\n\r\n<h2 data-start=\"468\" data-end=\"507\">Un Patrimoine Historique Remarquable<\/h2>\r\n<p data-start=\"509\" data-end=\"632\">En vous promenant dans les rues de Libourne, vous d\u00e9couvrirez des tr\u00e9sors architecturaux t\u00e9moignant de son pass\u00e9 glorieux :<\/p>\r\n\r\n<ul data-start=\"634\" data-end=\"1132\">\r\n \t<li data-start=\"634\" data-end=\"807\">\r\n<p data-start=\"636\" data-end=\"807\"><strong data-start=\"636\" data-end=\"656\">L\u2019H\u00f4tel de Ville<\/strong> : \u00c9difi\u00e9 au XVI\u1d49 si\u00e8cle, ce b\u00e2timent historique abrite aujourd\u2019hui un mus\u00e9e et une biblioth\u00e8que, offrant aux visiteurs un aper\u00e7u de l\u2019histoire locale.<\/p>\r\n<\/li>\r\n \t<li data-start=\"809\" data-end=\"974\">\r\n<p data-start=\"811\" data-end=\"974\"><strong data-start=\"811\" data-end=\"836\">La Tour du Grand Port<\/strong> : Vestige des fortifications du XIV\u1d49 si\u00e8cle, cette tour d\u00e9fensive rappelle l\u2019importance strat\u00e9gique de Libourne en tant que port fluvial.<\/p>\r\n<\/li>\r\n \t<li data-start=\"976\" data-end=\"1132\">\r\n<p data-start=\"978\" data-end=\"1132\"><strong data-start=\"978\" data-end=\"1010\">L\u2019\u00c9glise Saint-Jean-Baptiste<\/strong> : Cette \u00e9glise gothique, restaur\u00e9e au XIX\u1d49 si\u00e8cle, se distingue par sa fl\u00e8che en pierre culminant \u00e0 70 m\u00e8tres de hauteur.<\/p>\r\n<\/li>\r\n<\/ul>\r\n<h2 data-start=\"1134\" data-end=\"1171\">Capitale du Vin sur la Rive Droite<\/h2>\r\n<p data-start=\"1173\" data-end=\"1572\">Libourne est entour\u00e9e de vignobles prestigieux, notamment ceux de <a href=\"https:\/\/cparici.com\/fr\/saint-emilion-vin-un-terroir-exceptionnel\/\"><strong data-start=\"1239\" data-end=\"1256\">Saint-\u00c9milion<\/strong><\/a> et de <strong data-start=\"1263\" data-end=\"1274\">Pomerol<\/strong>. La ville sert de centre n\u00e9vralgique pour le commerce des vins de la r\u00e9gion, attirant amateurs et professionnels du monde entier. Les visiteurs peuvent explorer de nombreux ch\u00e2teaux viticoles, d\u00e9guster des crus renomm\u00e9s et en apprendre davantage sur les techniques de vinification traditionnelles.<\/p>\r\n\r\n\r\n<figure id=\"attachment_57937\" aria-describedby=\"caption-attachment-57937\" style=\"width: 1024px\" class=\"wp-caption alignnone\"><a href=\"https:\/\/cparici.com\/wp-content\/uploads\/2025\/02\/cparici-2025-02-21T095210.933.jpg\"><img decoding=\"async\" class=\"wp-image-57937 size-large\" src=\"https:\/\/cparici.com\/wp-content\/uploads\/2025\/02\/cparici-2025-02-21T095210.933-1024x362.jpg\" alt=\"Libourne vue sur la Gironde\" width=\"1024\" height=\"362\" srcset=\"https:\/\/cparici.com\/wp-content\/uploads\/2025\/02\/cparici-2025-02-21T095210.933-1024x362.jpg 1024w, https:\/\/cparici.com\/wp-content\/uploads\/2025\/02\/cparici-2025-02-21T095210.933-300x106.jpg 300w, https:\/\/cparici.com\/wp-content\/uploads\/2025\/02\/cparici-2025-02-21T095210.933-768x271.jpg 768w, https:\/\/cparici.com\/wp-content\/uploads\/2025\/02\/cparici-2025-02-21T095210.933-590x208.jpg 590w, https:\/\/cparici.com\/wp-content\/uploads\/2025\/02\/cparici-2025-02-21T095210.933-1200x424.jpg 1200w, https:\/\/cparici.com\/wp-content\/uploads\/2025\/02\/cparici-2025-02-21T095210.933-577x204.jpg 577w, https:\/\/cparici.com\/wp-content\/uploads\/2025\/02\/cparici-2025-02-21T095210.933-600x212.jpg 600w, https:\/\/cparici.com\/wp-content\/uploads\/2025\/02\/cparici-2025-02-21T095210.933.jpg 1500w\" sizes=\"(max-width: 1024px) 100vw, 1024px\" \/><\/a><figcaption id=\"caption-attachment-57937\" class=\"wp-caption-text\">Libourne vue sur la Gironde<\/figcaption><\/figure>\r\n<h2 data-start=\"1574\" data-end=\"1597\">Activit\u00e9s et Loisirs<\/h2>\r\n<p data-start=\"1599\" data-end=\"1692\">Outre son patrimoine et son vin, Libourne offre une vari\u00e9t\u00e9 d\u2019activit\u00e9s pour tous les go\u00fbts :<\/p>\r\n\r\n<ul data-start=\"1694\" data-end=\"2161\">\r\n \t<li data-start=\"1694\" data-end=\"1863\">\r\n<p data-start=\"1696\" data-end=\"1863\"><strong data-start=\"1696\" data-end=\"1721\">March\u00e9s Hebdomadaires<\/strong> : La place Abel Surchamp accueille l\u2019un des plus grands march\u00e9s de produits frais de la r\u00e9gion chaque vendredi, attirant locaux et touristes.<\/p>\r\n<\/li>\r\n \t<li data-start=\"1865\" data-end=\"1998\">\r\n<p data-start=\"1867\" data-end=\"1998\"><strong data-start=\"1867\" data-end=\"1888\">Balades Fluviales<\/strong> : Profitez de croisi\u00e8res sur la Dordogne pour admirer les paysages pittoresques et d\u00e9couvrir la faune locale.<\/p>\r\n<\/li>\r\n \t<li data-start=\"2000\" data-end=\"2161\">\r\n<p data-start=\"2002\" data-end=\"2161\"><strong data-start=\"2002\" data-end=\"2026\">\u00c9v\u00e9nements Culturels<\/strong> : Tout au long de l\u2019ann\u00e9e, la ville organise des festivals, des expositions et des concerts, refl\u00e9tant une sc\u00e8ne culturelle dynamique.<\/p>\r\n<\/li>\r\n<\/ul>\r\n<\/div>\r\n<\/div>\r\n<\/div>\r\n<\/div>\r\n<\/div>\r\n<\/div>\r\n<\/div>\r\n<\/div>\r\n<\/article><article class=\"w-full text-token-text-primary focus-visible:outline-2 focus-visible:outline-offset-[-4px]\" dir=\"auto\" data-testid=\"conversation-turn-23\" data-scroll-anchor=\"true\">\r\n<div class=\"m-auto text-base py-[18px] px-6\">\r\n<div class=\"mx-auto flex flex-1 text-base gap-4 md:gap-5 lg:gap-6 md:max-w-3xl lg:max-w-[40rem] xl:max-w-[48rem]\">\r\n<div class=\"group\/conversation-turn relative flex w-full min-w-0 flex-col agent-turn @xs\/thread:px-0 @sm\/thread:px-1.5 @md\/thread:px-4\">\r\n<div class=\"flex-col gap-1 md:gap-3\">\r\n<div class=\"flex max-w-full flex-col flex-grow\">\r\n<div class=\"min-h-8 text-message flex w-full flex-col items-end gap-2 whitespace-normal break-words text-start [.text-message+&]:mt-5\" dir=\"auto\" data-message-author-role=\"assistant\" data-message-id=\"ad9e3a07-84d7-447f-b5c3-d016402addb6\" data-message-model-slug=\"gpt-4o\">\r\n<div class=\"flex w-full flex-col gap-1 empty:hidden first:pt-[3px]\">\r\n<div class=\"markdown prose w-full break-words dark:prose-invert light\">\r\n<h2 data-start=\"40\" data-end=\"61\"><strong data-start=\"40\" data-end=\"61\">Cin\u00e9ma \u00e0 Libourne<\/strong><\/h2>\r\n<p data-start=\"63\" data-end=\"543\">Le <strong data-start=\"66\" data-end=\"90\">Grand \u00c9cran Libourne<\/strong> est le principal complexe cin\u00e9matographique de la ville, offrant une exp\u00e9rience cin\u00e9matographique de qualit\u00e9 aux habitants et visiteurs. Situ\u00e9 au 56 avenue Gallieni, ce cin\u00e9ma dispose de 10 salles modernes, dont une salle Premium CINEMAX\u00ae \u00e9quip\u00e9e de fauteuils en cuir inclinables et d\u2019un syst\u00e8me sonore immersif. Toutes les salles sont \u00e9quip\u00e9es de projecteurs laser garantissant une qualit\u00e9 d\u2019image exceptionnelle.<\/p>\r\n\r\n<h3 data-start=\"63\" data-end=\"543\">Programmation cin\u00e9ma \u00e0 Libourne<\/h3>\r\n<p data-start=\"545\" data-end=\"988\">Le Grand \u00c9cran Libourne propose une programmation vari\u00e9e, allant des blockbusters internationaux aux films d\u2019auteur fran\u00e7ais, en passant par des s\u00e9ances sp\u00e9ciales et des avant-premi\u00e8res. Les cin\u00e9philes peuvent consulter les horaires des s\u00e9ances et r\u00e9server leurs places en ligne via le site officiel du cin\u00e9ma. De plus, des bornes automatiques sont disponibles sur place pour faciliter l\u2019achat de billets.<\/p>\r\n<p data-start=\"990\" data-end=\"1427\">Pour compl\u00e9ter l\u2019exp\u00e9rience, le cin\u00e9ma offre un comptoir de confiseries proposant une s\u00e9lection de snacks et de boissons. Un parking gratuit est \u00e9galement \u00e0 la disposition des clients, et la proximit\u00e9 de la gare SNCF de Libourne facilite l\u2019acc\u00e8s pour ceux utilisant les transports en commun. Le Grand \u00c9cran Libourne s\u2019engage \u00e0 offrir un cadre confortable et moderne pour tous les amateurs de cin\u00e9ma.<\/p>\r\n\r\n<h2 data-start=\"1429\" data-end=\"1449\"><span style=\"font-size: 18pt;\"><strong data-start=\"1429\" data-end=\"1449\">M\u00e9t\u00e9o \u00e0 Libourne<\/strong><\/span><\/h2>\r\n<p data-start=\"1451\" data-end=\"1834\">Libourne b\u00e9n\u00e9ficie d\u2019un climat oc\u00e9anique, caract\u00e9ris\u00e9 par des hivers doux et des \u00e9t\u00e9s temp\u00e9r\u00e9s. Les pr\u00e9cipitations sont r\u00e9parties tout au long de l\u2019ann\u00e9e, avec une l\u00e9g\u00e8re augmentation en automne. Les temp\u00e9ratures hivernales oscillent g\u00e9n\u00e9ralement entre 5\u00b0C et 10\u00b0C, tandis que les mois d\u2019\u00e9t\u00e9 voient des temp\u00e9ratures comprises entre 20\u00b0C et 27\u00b0C.<\/p>\r\n\r\n<h3 data-start=\"1451\" data-end=\"1834\">Pr\u00e9visions m\u00e9t\u00e9o<\/h3>\r\n<p data-start=\"1836\" data-end=\"2325\">Les pr\u00e9visions m\u00e9t\u00e9orologiques pour les prochains jours indiquent des conditions variables. Par exemple, le 20 f\u00e9vrier 2025, le matin commencera avec un ciel voil\u00e9 par des nuages \u00e9lev\u00e9s et une temp\u00e9rature autour de 8\u00b0C. L\u2019apr\u00e8s-midi, une d\u00e9gradation nuageuse est attendue avec des temp\u00e9ratures atteignant 15\u00b0C. Il est conseill\u00e9 aux habitants et visiteurs de consulter r\u00e9guli\u00e8rement les pr\u00e9visions locales pour planifier leurs activit\u00e9s en cons\u00e9quence.<\/p>\r\n<p data-start=\"2327\" data-end=\"2654\">Pour des informations m\u00e9t\u00e9orologiques pr\u00e9cises et \u00e0 jour, les services de M\u00e9t\u00e9o-France fournissent des pr\u00e9visions d\u00e9taill\u00e9es pour Libourne et ses environs. Ces donn\u00e9es sont essentielles pour organiser des \u00e9v\u00e9nements en plein air, des activit\u00e9s sportives ou des d\u00e9placements dans la r\u00e9gion.<\/p>\r\n\r\n<h2 data-start=\"2656\" data-end=\"2671\"><span style=\"font-size: 18pt;\"><strong data-start=\"2656\" data-end=\"2671\">AS Libourne<\/strong><\/span><\/h2>\r\n<p data-start=\"2673\" data-end=\"3105\">L\u2019<strong data-start=\"2675\" data-end=\"2711\">Association Sportive de Libourne<\/strong>, commun\u00e9ment appel\u00e9e AS Libourne, est un club sportif embl\u00e9matique de la ville, principalement reconnu pour sa section football. Fond\u00e9 en 1935, le club a \u00e9volu\u00e9 au fil des d\u00e9cennies, atteignant notamment le championnat de France de Ligue 2 lors de la saison 2006-2007. Les matchs \u00e0 domicile se d\u00e9roulent au stade Jean-Antoine Moueix, offrant aux supporters locaux des rencontres passionnantes.<\/p>\r\n<p data-start=\"3107\" data-end=\"3522\">Outre le football, l\u2019AS Libourne propose diverses disciplines sportives, dont le basket-ball et le tennis de table. La section basket-ball accueille des joueurs de tous \u00e2ges et niveaux, avec des \u00e9quipes engag\u00e9es dans diff\u00e9rents championnats r\u00e9gionaux. Le club met l\u2019accent sur la formation des jeunes, favorisant le d\u00e9veloppement des comp\u00e9tences sportives et l\u2019esprit d\u2019\u00e9quipe.<\/p>\r\n<p data-start=\"3524\" data-end=\"3947\">La section tennis de table de l\u2019AS Libourne est \u00e9galement active, offrant des entra\u00eenements r\u00e9guliers et participant \u00e0 des comp\u00e9titions locales et r\u00e9gionales. Le club encourage la pratique du sport pour tous, mettant en avant des valeurs de convivialit\u00e9, de respect et de d\u00e9passement de soi. Les inscriptions sont ouvertes tout au long de l\u2019ann\u00e9e pour les nouveaux membres souhaitant rejoindre l\u2019une des sections sportives.<\/p>\r\n\r\n<h3 data-start=\"3949\" data-end=\"3973\"><strong data-start=\"3949\" data-end=\"3973\">Chez R\u00e9mi \u00e0 Libourne<\/strong><\/h3>\r\n<p data-start=\"3975\" data-end=\"4392\"><strong data-start=\"3975\" data-end=\"3988\">Chez R\u00e9mi<\/strong> est un restaurant appr\u00e9ci\u00e9 des habitants de Libourne pour sa cuisine traditionnelle fran\u00e7aise et son ambiance conviviale. Situ\u00e9 au c\u0153ur de la ville, l\u2019\u00e9tablissement propose une carte vari\u00e9e mettant en avant des produits locaux et de saison. Les plats du jour, renouvel\u00e9s r\u00e9guli\u00e8rement, offrent aux clients une exp\u00e9rience culinaire authentique \u00e0 des prix abordables.<\/p>\r\n\r\n<h2 data-start=\"4394\" data-end=\"4425\"><span style=\"font-size: 18pt;\"><strong data-start=\"4394\" data-end=\"4425\">Sous-pr\u00e9fecture de Libourne<\/strong><\/span><\/h2>\r\n<p data-start=\"4427\" data-end=\"4930\">La <strong data-start=\"4430\" data-end=\"4461\">sous-pr\u00e9fecture de Libourne<\/strong> est une institution administrative repr\u00e9sentant l\u2019\u00c9tat au niveau de l\u2019arrondissement de Libourne, dans le d\u00e9partement de la Gironde. Elle joue un r\u00f4le essentiel dans la mise en \u0153uvre des politiques gouvernementales et la coordination des services d\u00e9concentr\u00e9s de l\u2019\u00c9tat sur son territoire. Les citoyens peuvent s\u2019y rendre pour diverses d\u00e9marches administratives, telles que les demandes de cartes grises, les certificats de non-gage ou les d\u00e9clarations d\u2019associations.<\/p>\r\n<p data-start=\"4932\" data-end=\"5420\">Le b\u00e2timent de la sous-pr\u00e9fecture, situ\u00e9 au centre de Libourne, est un \u00e9difice historique qui t\u00e9moigne de l\u2019importance administrative de la ville depuis le XIX\u1d49 si\u00e8cle. Son architecture classique et son emplacement strat\u00e9gique en font un point de rep\u00e8re notable pour les habitants et les visiteurs. Des informations d\u00e9taill\u00e9es sur les services offerts, les horaires d\u2019ouverture et les modalit\u00e9s de prise de rendez-vous sont disponibles sur le site officiel de la pr\u00e9fecture de la Gironde.<\/p>\r\n<p data-start=\"5422\" data-end=\"5632\">En tant que relais entre l\u2019administration centrale et les communes de l\u2019arrondissement, la sous-pr\u00e9fecture de Libourne assure \u00e9galement la gestion des situations d\u2019urgence, la s\u00e9curit\u00e9 civile et la coordination<\/p>\r\n\r\n<h2 data-start=\"2163\" data-end=\"2204\">Foire Aux Questions (FAQ)<\/h2>\r\n<h3 data-start=\"2206\" data-end=\"2232\"><strong data-start=\"2206\" data-end=\"2232\">O\u00f9 se situe Libourne ?<\/strong><\/h3>\r\n<p data-start=\"2234\" data-end=\"2367\">Libourne est situ\u00e9e dans le d\u00e9partement de la Gironde, en r\u00e9gion Nouvelle-Aquitaine, \u00e0 environ 30 kilom\u00e8tres au nord-est de Bordeaux.<\/p>\r\n\r\n<h3 data-start=\"2369\" data-end=\"2417\"><strong data-start=\"2369\" data-end=\"2417\">Comment acc\u00e9der \u00e0 Libourne depuis Bordeaux ?<\/strong><\/h3>\r\n<p data-start=\"2419\" data-end=\"2628\">Libourne est accessible en train depuis la gare de Bordeaux-Saint-Jean, avec des trajets d\u2019environ 30 minutes. En voiture, empruntez l\u2019autoroute A89 en direction de P\u00e9rigueux et prenez la sortie vers Libourne.<\/p>\r\n\r\n<h3 data-start=\"2630\" data-end=\"2692\"><strong data-start=\"2630\" data-end=\"2692\">Quels sont les principaux sites touristiques de Libourne ?<\/strong><\/h3>\r\n<p data-start=\"2694\" data-end=\"2854\">Parmi les incontournables, on compte l\u2019H\u00f4tel de Ville, la Tour du Grand Port, l\u2019\u00c9glise Saint-Jean-Baptiste, ainsi que les quais am\u00e9nag\u00e9s le long de la Dordogne.<\/p>\r\n\r\n<h3 data-start=\"2856\" data-end=\"2908\"><strong data-start=\"2856\" data-end=\"2908\">Quels jours se tiennent les march\u00e9s \u00e0 Libourne ?<\/strong><\/h3>\r\n<p data-start=\"2910\" data-end=\"3010\">Les march\u00e9s principaux ont lieu les mardis, vendredis et dimanches matin sur la place Abel Surchamp.<\/p>\r\n\r\n<h3 data-start=\"3012\" data-end=\"3079\"><strong data-start=\"3012\" data-end=\"3079\">Quelles activit\u00e9s peut-on pratiquer aux alentours de Libourne ?<\/strong><\/h3>\r\n<p data-start=\"3081\" data-end=\"3230\">Les environs offrent des opportunit\u00e9s de visites de vignobles, de randonn\u00e9es p\u00e9destres et cyclistes, ainsi que des balades en bateau sur la Dordogne.<\/p>\r\n<p data-start=\"3232\" data-end=\"3443\">Libourne, avec son m\u00e9lange harmonieux de patrimoine historique, de culture viticole et d\u2019activit\u00e9s vari\u00e9es, est une destination incontournable pour ceux qui souhaitent d\u00e9couvrir le c\u0153ur authentique du Bordelais.<\/p>\r\n<a href=\"https:\/\/fr.wikipedia.org\/wiki\/Libourne\" target=\"_blank\" rel=\"noopener\">En savoir plus sur Wikip\u00e9dia<\/a>\r\n\r\n<\/div>\r\n<\/div>\r\n<\/div>\r\n<\/div>\r\n<\/div>\r\n<\/div>\r\n<\/div>\r\n<\/div>\r\n<\/article>\t\t\t\t\t\t\t\t<\/div>\n\t\t\t\t\t<\/div>\n\t\t\t\t<\/div>\n\t\t\t\t<\/div>\n\t\t","protected":false},"excerpt":{"rendered":"<p>Libourne : Une Bastide Historique au C\u0153ur du Vignoble Bordelais Situ\u00e9e au confluent de l\u2019Isle et de la Dordogne, Libourne est une charmante commune du sud-ouest de la France, dans le d\u00e9partement de la Gironde, reconnue pour son riche patrimoine historique et son r\u00f4le central dans la viticulture bordelaise. Fond\u00e9e en 1270 par Roger de [&hellip;]<\/p>\n","protected":false},"author":97,"featured_media":57934,"comment_status":"closed","ping_status":"closed","sticky":false,"template":"elementor_header_footer","format":"standard","meta":{"ngg_post_thumbnail":0,"footnotes":""},"categories":[2501,477,484],"tags":[],"class_list":["post-57932","post","type-post","status-publish","format-standard","has-post-thumbnail","hentry","category-libourne","category-france","category-gironde"],"_links":{"self":[{"href":"https:\/\/cparici.com\/de\/wp-json\/wp\/v2\/posts\/57932","targetHints":{"allow":["GET"]}}],"collection":[{"href":"https:\/\/cparici.com\/de\/wp-json\/wp\/v2\/posts"}],"about":[{"href":"https:\/\/cparici.com\/de\/wp-json\/wp\/v2\/types\/post"}],"author":[{"embeddable":true,"href":"https:\/\/cparici.com\/de\/wp-json\/wp\/v2\/users\/97"}],"replies":[{"embeddable":true,"href":"https:\/\/cparici.com\/de\/wp-json\/wp\/v2\/comments?post=57932"}],"version-history":[{"count":0,"href":"https:\/\/cparici.com\/de\/wp-json\/wp\/v2\/posts\/57932\/revisions"}],"wp:featuredmedia":[{"embeddable":true,"href":"https:\/\/cparici.com\/de\/wp-json\/wp\/v2\/media\/57934"}],"wp:attachment":[{"href":"https:\/\/cparici.com\/de\/wp-json\/wp\/v2\/media?parent=57932"}],"wp:term":[{"taxonomy":"category","embeddable":true,"href":"https:\/\/cparici.com\/de\/wp-json\/wp\/v2\/categories?post=57932"},{"taxonomy":"post_tag","embeddable":true,"href":"https:\/\/cparici.com\/de\/wp-json\/wp\/v2\/tags?post=57932"}],"curies":[{"name":"wp","href":"https:\/\/api.w.org\/{rel}","templated":true}]}}