{"id":58267,"date":"2025-02-27T11:04:41","date_gmt":"2025-02-27T10:04:41","guid":{"rendered":"https:\/\/cparici.com\/?p=58267"},"modified":"2025-03-29T19:17:50","modified_gmt":"2025-03-29T18:17:50","slug":"der-teure","status":"publish","type":"post","link":"https:\/\/cparici.com\/de\/le-cher\/","title":{"rendered":"Der Cher - Entdeckung des Departements"},"content":{"rendered":"\t\t<div data-elementor-type=\"wp-post\" data-elementor-id=\"58267\" class=\"elementor elementor-58267\" data-elementor-post-type=\"post\">\n\t\t\t\t<div class=\"elementor-element elementor-element-a2501ea e-con-full e-flex e-con e-parent\" data-id=\"a2501ea\" data-element_type=\"container\" data-e-type=\"container\">\n\t\t\t\t<div class=\"elementor-element elementor-element-6961c90 elementor-widget elementor-widget-image\" data-id=\"6961c90\" data-element_type=\"widget\" data-e-type=\"widget\" data-widget_type=\"image.default\">\n\t\t\t\t\t\t\t\t\t\t\t\t\t\t\t<img decoding=\"async\" width=\"1500\" height=\"530\" src=\"https:\/\/cparici.com\/wp-content\/uploads\/2025\/02\/cparici-2025-02-27T110115.231.jpg\" class=\"attachment-full size-full wp-image-58268\" alt=\"Le Cher d\u00e9partement\" srcset=\"https:\/\/cparici.com\/wp-content\/uploads\/2025\/02\/cparici-2025-02-27T110115.231.jpg 1500w, https:\/\/cparici.com\/wp-content\/uploads\/2025\/02\/cparici-2025-02-27T110115.231-300x106.jpg 300w, https:\/\/cparici.com\/wp-content\/uploads\/2025\/02\/cparici-2025-02-27T110115.231-1024x362.jpg 1024w, https:\/\/cparici.com\/wp-content\/uploads\/2025\/02\/cparici-2025-02-27T110115.231-768x271.jpg 768w, https:\/\/cparici.com\/wp-content\/uploads\/2025\/02\/cparici-2025-02-27T110115.231-18x6.jpg 18w, https:\/\/cparici.com\/wp-content\/uploads\/2025\/02\/cparici-2025-02-27T110115.231-590x208.jpg 590w, https:\/\/cparici.com\/wp-content\/uploads\/2025\/02\/cparici-2025-02-27T110115.231-1200x424.jpg 1200w, https:\/\/cparici.com\/wp-content\/uploads\/2025\/02\/cparici-2025-02-27T110115.231-577x204.jpg 577w, https:\/\/cparici.com\/wp-content\/uploads\/2025\/02\/cparici-2025-02-27T110115.231-600x212.jpg 600w\" sizes=\"(max-width: 1500px) 100vw, 1500px\" \/>\t\t\t\t\t\t\t\t\t\t\t\t\t\t\t<\/div>\n\t\t\t\t<\/div>\n\t\t<div class=\"elementor-element elementor-element-9b9df78 e-flex e-con-boxed e-con e-parent\" data-id=\"9b9df78\" data-element_type=\"container\" data-e-type=\"container\">\n\t\t\t\t\t<div class=\"e-con-inner\">\n\t\t\t\t<div class=\"elementor-element elementor-element-7488966 elementor-widget elementor-widget-global elementor-global-62046 elementor-widget-eael-advanced-search\" data-id=\"7488966\" data-element_type=\"widget\" data-e-type=\"widget\" data-widget_type=\"eael-advanced-search.default\">\n\t\t\t\t\t        <div class=\"eael-adv-search-wrapper\">\n            <div id=\"eael-advanced-search-widget-7488966\" class=\"eael-advanced-search-widget\">\n                <form data-settings=\"{&quot;post_per_page&quot;:5,&quot;search_among_taxonomies&quot;:&quot;&quot;,&quot;search_among_sku&quot;:&quot;no&quot;,&quot;show_popular_keyword&quot;:0,&quot;show_category&quot;:0,&quot;show_content_image&quot;:1,&quot;show_search_result_all_results&quot;:0,&quot;result_on_new_tab&quot;:&quot;no&quot;,&quot;show_product_price&quot;:&quot;no&quot;,&quot;include_current_page&quot;:&quot;no&quot;,&quot;current_post_id&quot;:58267,&quot;post_type&quot;:[&quot;post&quot;,&quot;listing&quot;]}\" method=\"POST\" name=\"eael-advanced-search-form-7488966\" class=\"eael-advanced-search-form eael-advanced-search-form-style-2\">\n                    <div class=\"eael-advanced-search-wrap\">\n                        <span class=\"eael-adv-search-loader\"><\/span>\n                        <span class=\"eael-adv-search-close\"><i class=\"fas fa-times\"><\/i><\/span>\n                        <span class=\"icon \"><i class=\"fas fa-search\"><\/i><\/span>\n\n                        <input type=\"text\"\n                               placeholder=\"Votre destination\"\n                               class=\"eael-advanced-search\" autocomplete=\"off\" name=\"eael_advanced_search\">\n                    <\/div>\n\t\t\t\t\t                                    <\/form>\n\n\t\t\t\t\n\t\t\t\t        <div class=\"eael-advanced-search-result\">\n            <div class=\"eael-advanced-search-popular-keyword\">\n\t\t\t\t<h4 class=\"eael-advanced-search-popular-keyword-text\">Recherches populaires<\/h4>                <div class=\"eael-popular-keyword-content\"><\/div>\n            <\/div>\n            <div class=\"eael-advanced-search-category\">\n\t\t\t\t<h4 class=\"eael-advanced-search-category-text\">Categories<\/h4>                <div class=\"eael-popular-category-content\"><\/div>\n            <\/div>\n\t\t\t<div class=\"eael-advanced-search-total-results-section\">\n\t\t\t\t\t\t\t<\/div>\n            <div class=\"eael-advanced-search-content eael-item-style-3\">\n            <\/div>\n            <div class=\"eael-advanced-search-not-found\">\n                <p>Pas de r\u00e9sultats<\/p><\/div>\n            <div class=\"eael-advanced-search-load-more\">\n\t\t\t\t<a \tclass=\"eael-advanced-search-load-more-button\"\n                \thref=\"#\">Voir tous les r\u00e9sultats<\/a>\n            <\/div>\n        <\/div>\n\n\t\t            <\/div>\n        <\/div>\n\n\t\t\t\t\t\t<\/div>\n\t\t\t\t\t<\/div>\n\t\t\t\t<\/div>\n\t\t<div class=\"elementor-element elementor-element-2485cb0a e-flex e-con-boxed e-con e-parent\" data-id=\"2485cb0a\" data-element_type=\"container\" data-e-type=\"container\">\n\t\t\t\t\t<div class=\"e-con-inner\">\n\t\t\t\t<div class=\"elementor-element elementor-element-45669cae elementor-widget elementor-widget-text-editor\" data-id=\"45669cae\" data-element_type=\"widget\" data-e-type=\"widget\" data-widget_type=\"text-editor.default\">\n\t\t\t\t\t\t\t\t\t<h1 style=\"text-align: center;\" data-start=\"40\" data-end=\"105\"><span style=\"font-size: 18pt;\">Le Cher \u2013 d\u00e9couverte du d\u00e9partement<\/span><\/h1><h2 data-start=\"40\" data-end=\"105\"><span style=\"font-size: 18pt;\"><strong data-start=\"40\" data-end=\"105\">\u00c0 la d\u00e9couverte du Cher : patrimoine, paysages et gastronomie<\/strong><\/span><\/h2><p data-start=\"107\" data-end=\"410\">Situ\u00e9 au c\u0153ur de la France, le <strong data-start=\"138\" data-end=\"146\">Cher<\/strong> est un <a href=\"https:\/\/cparici.com\/departements-francais-carte-de-france\/\">d\u00e9partement<\/a> riche en histoire, en paysages vari\u00e9s et en traditions culinaires. Faisant partie de la r\u00e9gion <a href=\"https:\/\/cparici.com\/centre-val-de-loire-guide-complet-des-activites-et-sites-a-visiter\/\">Centre-Val de Loire<\/a>, il offre aux visiteurs une multitude de sites touristiques, de villes pittoresques et de sp\u00e9cialit\u00e9s gastronomiques \u00e0 d\u00e9couvrir.<\/p><h2 data-start=\"412\" data-end=\"461\"><span style=\"font-size: 18pt;\">Les sites touristiques incontournables du Cher<\/span><\/h2><p data-start=\"463\" data-end=\"635\">Le Cher abrite de nombreux sites touristiques qui t\u00e9moignent de son riche pass\u00e9 historique et culturel. Voici une s\u00e9lection des lieux \u00e0 ne pas manquer lors de votre visite.<\/p><h3 data-start=\"637\" data-end=\"679\">La cath\u00e9drale Saint-\u00c9tienne de Bourges<\/h3><p data-start=\"681\" data-end=\"934\">Class\u00e9e au patrimoine mondial de l\u2019UNESCO, la cath\u00e9drale Saint-\u00c9tienne est un chef-d\u2019\u0153uvre de l\u2019architecture gothique. Ses vitraux remarquables et sa fa\u00e7ade imposante en font un monument embl\u00e9matique du d\u00e9partement.<\/p><h3 data-start=\"936\" data-end=\"962\">Le palais Jacques-C\u0153ur<\/h3><p data-start=\"964\" data-end=\"1262\">\u00c9difi\u00e9 au XVe si\u00e8cle par le grand argentier du roi Charles VII, le palais Jacques-C\u0153ur est un exemple remarquable de l\u2019architecture civile gothique en France. Ses salles richement d\u00e9cor\u00e9es et son histoire fascinante attirent de nombreux visiteurs chaque ann\u00e9e.<\/p><h3 data-start=\"1264\" data-end=\"1288\">Les ch\u00e2teaux du Cher<\/h3><p data-start=\"1290\" data-end=\"1543\">Le d\u00e9partement compte plusieurs ch\u00e2teaux dignes d\u2019int\u00e9r\u00eat, tels que le ch\u00e2teau de Meillant, un \u00e9difice gothique du XIIIe si\u00e8cle, et le ch\u00e2teau d\u2019Ainay-le-Vieil, datant du XIVe si\u00e8cle, entour\u00e9 de magnifiques jardins.<\/p><h3 data-start=\"1545\" data-end=\"1578\">Les mus\u00e9es et sites culturels<\/h3><p data-start=\"1580\" data-end=\"1819\">Parmi les mus\u00e9es incontournables, le mus\u00e9e des Fours Banaux \u00e0 Vierzon offre une plong\u00e9e dans l\u2019histoire locale, notamment celle des anciens fours seigneuriaux o\u00f9 les habitants venaient cuire leur pain.<\/p><h2 data-start=\"1821\" data-end=\"1850\"><span style=\"font-size: 18pt;\">Paysages et villes du Cher<\/span><\/h2><p data-start=\"1852\" data-end=\"1939\">Le Cher s\u00e9duit par la diversit\u00e9 de ses paysages et le charme de ses villes et villages.<\/p><h3 data-start=\"1941\" data-end=\"1972\">Les paysages vari\u00e9s du Cher<\/h3><p data-start=\"1974\" data-end=\"2247\">Le d\u00e9partement offre une mosa\u00efque de paysages, allant des for\u00eats denses de la Sologne aux vignobles vallonn\u00e9s de Sancerre. Les bords du canal de Berry et les rives du Cher sont propices aux balades paisibles et aux activit\u00e9s nautiques.<\/p><h3 data-start=\"2249\" data-end=\"2281\">Bourges, capitale historique<\/h3><p data-start=\"2283\" data-end=\"2574\">Pr\u00e9fecture du Cher, Bourges est une ville d\u2019art et d\u2019histoire. Outre sa c\u00e9l\u00e8bre cath\u00e9drale, la ville poss\u00e8de un centre m\u00e9di\u00e9val bien pr\u00e9serv\u00e9 avec des maisons \u00e0 colombages, des h\u00f4tels particuliers et des jardins remarquables, tels que les marais de Bourges, v\u00e9ritable poumon vert de la cit\u00e9.<\/p><h3 data-start=\"2576\" data-end=\"2605\">Les villages pittoresques<\/h3><p data-start=\"2607\" data-end=\"2888\">Le Cher est parsem\u00e9 de villages au charme authentique. Parmi eux, Sancerre, perch\u00e9 sur une colline, offre une vue imprenable sur les vignobles environnants et est r\u00e9put\u00e9 pour son vin blanc AOC. Saint-Amand-Montrond, connue pour sa tradition joailli\u00e8re, m\u00e9rite \u00e9galement une visite.<\/p><h2 data-start=\"2890\" data-end=\"2950\"><span style=\"font-size: 18pt;\">La r\u00e9gion Centre-Val de Loire et les d\u00e9partements voisins<\/span><\/h2><p data-start=\"2952\" data-end=\"3084\">Le Cher est entour\u00e9 de d\u00e9partements aux richesses naturelles et culturelles vari\u00e9es, formant ensemble la r\u00e9gion Centre-Val de Loire.<\/p><h3 data-start=\"3086\" data-end=\"3118\">Les d\u00e9partements limitrophes<\/h3><p data-start=\"3120\" data-end=\"3180\">Le Cher partage ses fronti\u00e8res avec plusieurs d\u00e9partements :<\/p><ul data-start=\"3182\" data-end=\"3824\"><li data-start=\"3182\" data-end=\"3287\"><p data-start=\"3184\" data-end=\"3287\"><a href=\"https:\/\/cparici.com\/indre\/\"><strong data-start=\"3184\" data-end=\"3195\">L\u2019Indre<\/strong><\/a> : \u00e0 l\u2019ouest, avec des sites naturels pr\u00e9serv\u00e9s comme le parc naturel r\u00e9gional de la Brenne.<\/p><\/li><li data-start=\"3289\" data-end=\"3391\"><p data-start=\"3291\" data-end=\"3391\"><strong data-start=\"3291\" data-end=\"3310\">Le <a href=\"https:\/\/cparici.com\/le-loir-et-cher\/\">Loir-et-Cher<\/a><\/strong> : au nord-ouest, c\u00e9l\u00e8bre pour ses ch\u00e2teaux de la Loire et ses for\u00eats solognotes.<\/p><\/li><li data-start=\"3393\" data-end=\"3489\"><p data-start=\"3395\" data-end=\"3489\"><strong data-start=\"3395\" data-end=\"3408\">Le Loiret<\/strong> : au nord, offrant un riche patrimoine historique avec des villes comme Orl\u00e9ans.<\/p><\/li><li data-start=\"3491\" data-end=\"3598\"><p data-start=\"3493\" data-end=\"3598\"><strong data-start=\"3493\" data-end=\"3506\">La Ni\u00e8vre<\/strong> : \u00e0 l\u2019est, en Bourgogne-Franche-Comt\u00e9, connue pour ses paysages vallonn\u00e9s et ses vignobles.<\/p><\/li><li data-start=\"3600\" data-end=\"3719\"><p data-start=\"3602\" data-end=\"3719\"><strong data-start=\"3602\" data-end=\"3614\">L\u2019Allier<\/strong> : au sud-est, en Auvergne-Rh\u00f4ne-Alpes, r\u00e9put\u00e9 pour ses stations thermales et son architecture m\u00e9di\u00e9vale.<\/p><\/li><li data-start=\"3721\" data-end=\"3824\"><p data-start=\"3723\" data-end=\"3824\"><strong data-start=\"3723\" data-end=\"3736\">La Creuse<\/strong> : au sud, en Nouvelle-Aquitaine, offrant des paysages bucoliques et un riche artisanat.<\/p><\/li><\/ul><h3 data-start=\"3826\" data-end=\"3859\">La r\u00e9gion Centre-Val de Loire<\/h3><p data-start=\"3861\" data-end=\"4172\">Compos\u00e9e de six d\u00e9partements (Cher, Indre, Indre-et-Loire, Loir-et-Cher, Loiret et Eure-et-Loir), la r\u00e9gion Centre-Val de Loire est le berceau de la Renaissance fran\u00e7aise. Elle est renomm\u00e9e pour ses ch\u00e2teaux majestueux, ses vignobles prestigieux et sa gastronomie raffin\u00e9e.<\/p><h2 data-start=\"4174\" data-end=\"4211\"><span style=\"font-size: 18pt;\">Gastronomie et sp\u00e9cialit\u00e9s du Cher<\/span><\/h2><p data-start=\"4213\" data-end=\"4299\">Le Cher poss\u00e8de une tradition culinaire riche, refl\u00e9tant la g\u00e9n\u00e9rosit\u00e9 de son terroir.<\/p><p data-start=\"0\" data-end=\"262\">Le <strong data-start=\"3\" data-end=\"11\">Cher<\/strong>, situ\u00e9 en r\u00e9gion <strong data-start=\"29\" data-end=\"52\">Centre-Val de Loire<\/strong>, est un territoire riche en <strong data-start=\"81\" data-end=\"107\">sp\u00e9cialit\u00e9s culinaires<\/strong> traditionnelles qui t\u00e9moignent de son terroir authentique et de son savoir-faire gastronomique. Voici quelques incontournables de la gastronomie du Cher :<\/p><h3 data-start=\"264\" data-end=\"302\"><strong data-start=\"268\" data-end=\"302\">Les sp\u00e9cialit\u00e9s sal\u00e9es du Cher<\/strong><\/h3><h4 data-start=\"303\" data-end=\"329\"><strong data-start=\"308\" data-end=\"329\">Le p\u00e2t\u00e9 berrichon<\/strong><\/h4><p data-start=\"330\" data-end=\"598\">Plat embl\u00e9matique du Berry, le <strong data-start=\"361\" data-end=\"379\">p\u00e2t\u00e9 berrichon<\/strong> est une tourte garnie d\u2019une farce \u00e0 base de <strong data-start=\"424\" data-end=\"442\">viande de porc<\/strong> et de <strong data-start=\"449\" data-end=\"457\">veau<\/strong>, agr\u00e9ment\u00e9e d\u2019<strong data-start=\"472\" data-end=\"485\">\u0153ufs durs<\/strong> en son centre. Cette sp\u00e9cialit\u00e9, souvent servie lors des repas de f\u00eate, se d\u00e9guste aussi bien chaude que froide.<\/p><h4 data-start=\"600\" data-end=\"638\"><strong data-start=\"605\" data-end=\"638\">La galette de pommes de terre<\/strong><\/h4><p data-start=\"639\" data-end=\"888\">Typique du Berry, la <strong data-start=\"660\" data-end=\"690\">galette de pommes de terre<\/strong> est une sorte de g\u00e2teau \u00e9pais \u00e0 base de pommes de terre r\u00e2p\u00e9es, de cr\u00e8me fra\u00eeche et parfois de fromage. Elle est cuite au four et peut \u00eatre servie en accompagnement ou seule, avec une salade verte.<\/p><h4 data-start=\"890\" data-end=\"926\"><strong data-start=\"895\" data-end=\"926\">Le boudin noir de Ligni\u00e8res<\/strong><\/h4><p data-start=\"927\" data-end=\"1143\">Le <strong data-start=\"930\" data-end=\"945\">boudin noir<\/strong>, pr\u00e9par\u00e9 selon une recette traditionnelle \u00e0 base de <strong data-start=\"998\" data-end=\"1027\">sang et de viande de porc<\/strong>, est une sp\u00e9cialit\u00e9 r\u00e9put\u00e9e \u00e0 <strong data-start=\"1058\" data-end=\"1071\">Ligni\u00e8res<\/strong>, petite commune du Cher. Il est souvent d\u00e9gust\u00e9 avec des pommes cuites.<\/p><h4 data-start=\"1145\" data-end=\"1179\"><strong data-start=\"1150\" data-end=\"1179\">Les crottins de Chavignol<\/strong><\/h4><p data-start=\"1180\" data-end=\"1448\">M\u00eame si ce fromage de <strong data-start=\"1202\" data-end=\"1216\">ch\u00e8vre AOP<\/strong> est aussi produit dans le d\u00e9partement voisin de la Ni\u00e8vre, il est embl\u00e9matique du Cher. Il peut \u00eatre d\u00e9gust\u00e9 frais, demi-sec ou affin\u00e9, et il est souvent utilis\u00e9 dans des recettes locales comme la <strong data-start=\"1414\" data-end=\"1447\">tarte au Crottin de Chavignol<\/strong>.<\/p><h3 data-start=\"1450\" data-end=\"1489\"><strong data-start=\"1454\" data-end=\"1489\">Les sp\u00e9cialit\u00e9s sucr\u00e9es du Cher<\/strong><\/h3><h4 data-start=\"1490\" data-end=\"1519\"><strong data-start=\"1495\" data-end=\"1519\">Les sabl\u00e9s de Nan\u00e7ay<\/strong><\/h4><p data-start=\"1520\" data-end=\"1771\">Petits biscuits ronds et dor\u00e9s, les <strong data-start=\"1556\" data-end=\"1576\">sabl\u00e9s de Nan\u00e7ay<\/strong> sont une sp\u00e9cialit\u00e9 sucr\u00e9e appr\u00e9ci\u00e9e dans tout le d\u00e9partement. Ils sont fabriqu\u00e9s artisanalement avec du beurre et de la farine locale, ce qui leur donne une texture fondante et un go\u00fbt d\u00e9licat.<\/p><h4 data-start=\"1773\" data-end=\"1807\"><strong data-start=\"1778\" data-end=\"1807\">Les forestines de Bourges<\/strong><\/h4><p data-start=\"1808\" data-end=\"2040\">Cr\u00e9\u00e9es \u00e0 Bourges \u00e0 la fin du XIXe si\u00e8cle, les <strong data-start=\"1854\" data-end=\"1868\">forestines<\/strong> sont des bonbons fourr\u00e9s d\u2019une ganache fondante enrob\u00e9e d\u2019une fine couche de sucre croquante. Cette confiserie est un incontournable pour les amateurs de douceurs sucr\u00e9es.<\/p><h4 data-start=\"2042\" data-end=\"2077\"><strong data-start=\"2047\" data-end=\"2077\">La poire tap\u00e9e de Sancerre<\/strong><\/h4><p data-start=\"2078\" data-end=\"2328\">Bien que plus connue dans la r\u00e9gion voisine de la Touraine, la <strong data-start=\"2141\" data-end=\"2156\">poire tap\u00e9e<\/strong> est une tradition culinaire qui a \u00e9galement marqu\u00e9 le Cher. Les poires sont s\u00e9ch\u00e9es dans des fours \u00e0 bois, puis aplaties, ce qui leur conf\u00e8re une saveur intense et sucr\u00e9e.<\/p><h3 data-start=\"2330\" data-end=\"2354\"><strong data-start=\"2334\" data-end=\"2354\">Les vins du Cher<\/strong><\/h3><p data-start=\"2355\" data-end=\"2604\">Le Cher est aussi connu pour ses <strong data-start=\"2388\" data-end=\"2405\">vins renomm\u00e9s<\/strong>, en particulier ceux du vignoble de <strong data-start=\"2442\" data-end=\"2454\">Sancerre<\/strong> et de <strong data-start=\"2461\" data-end=\"2478\">Menetou-Salon<\/strong>, qui produisent des <strong data-start=\"2499\" data-end=\"2530\">vins blancs secs et fruit\u00e9s<\/strong>, parfaits pour accompagner les fromages de ch\u00e8vre et les plats r\u00e9gionaux.<\/p><p data-start=\"2606\" data-end=\"2790\" data-is-last-node=\"\" data-is-only-node=\"\">Le <strong data-start=\"2609\" data-end=\"2617\">Cher<\/strong> est une destination id\u00e9ale pour les <strong data-start=\"2654\" data-end=\"2683\">amateurs de bonne cuisine<\/strong>, o\u00f9 l\u2019on peut d\u00e9couvrir un <strong data-start=\"2711\" data-end=\"2735\">patrimoine culinaire<\/strong> riche et des produits du terroir d\u2019une grande qualit\u00e9.<\/p><h2 data-start=\"0\" data-end=\"56\"><span style=\"font-size: 18pt;\"><strong data-start=\"3\" data-end=\"56\">Foire Aux Questions (FAQ) sur le Cher d\u00e9partement<\/strong><\/span><\/h2><h3 data-start=\"58\" data-end=\"127\"><strong data-start=\"62\" data-end=\"125\">Quels sont les sites touristiques incontournables du Cher ?<\/strong><\/h3><p data-start=\"128\" data-end=\"445\">Le <strong data-start=\"131\" data-end=\"139\">Cher<\/strong> regorge de lieux embl\u00e9matiques \u00e0 visiter. Parmi eux, la <strong data-start=\"196\" data-end=\"235\">cath\u00e9drale Saint-\u00c9tienne de Bourges<\/strong>, class\u00e9e \u00e0 l\u2019UNESCO, le <strong data-start=\"260\" data-end=\"283\">palais Jacques-C\u0153ur<\/strong>, ainsi que les <strong data-start=\"299\" data-end=\"343\">ch\u00e2teaux de Meillant et d\u2019Ainay-le-Vieil<\/strong>. Les vignobles de <strong data-start=\"362\" data-end=\"374\">Sancerre<\/strong> et les <strong data-start=\"382\" data-end=\"403\">marais de Bourges<\/strong> sont \u00e9galement des sites incontournables.<\/p><h3 data-start=\"447\" data-end=\"498\"><strong data-start=\"451\" data-end=\"496\">Quelle est la plus grande ville du Cher ?<\/strong><\/h3><p data-start=\"499\" data-end=\"707\">La plus grande ville et pr\u00e9fecture du Cher est <strong data-start=\"546\" data-end=\"557\">Bourges<\/strong>. Avec son riche patrimoine historique et culturel, elle attire de nombreux visiteurs chaque ann\u00e9e gr\u00e2ce \u00e0 ses monuments, ses festivals et ses marais.<\/p><h3 data-start=\"709\" data-end=\"764\"><strong data-start=\"713\" data-end=\"762\">Quels sont les d\u00e9partements voisins du Cher ?<\/strong><\/h3><p data-start=\"765\" data-end=\"815\">Le Cher est entour\u00e9 par plusieurs d\u00e9partements :<\/p><ul data-start=\"816\" data-end=\"980\"><li data-start=\"816\" data-end=\"841\"><strong data-start=\"818\" data-end=\"827\">Indre<\/strong> (\u00e0 l\u2019ouest)<\/li><li data-start=\"842\" data-end=\"878\"><strong data-start=\"844\" data-end=\"860\">Loir-et-Cher<\/strong> (au nord-ouest)<\/li><li data-start=\"879\" data-end=\"903\"><strong data-start=\"881\" data-end=\"891\">Loiret<\/strong> (au nord)<\/li><li data-start=\"904\" data-end=\"928\"><strong data-start=\"906\" data-end=\"916\">Ni\u00e8vre<\/strong> (\u00e0 l\u2019est)<\/li><li data-start=\"929\" data-end=\"956\"><strong data-start=\"931\" data-end=\"941\">Allier<\/strong> (au sud-est)<\/li><li data-start=\"957\" data-end=\"980\"><strong data-start=\"959\" data-end=\"969\">Creuse<\/strong> (au sud)<\/li><\/ul><p data-start=\"982\" data-end=\"1034\">Il fait partie de la r\u00e9gion <strong data-start=\"1010\" data-end=\"1033\">Centre-Val de Loire<\/strong>.<\/p><h3 data-start=\"1036\" data-end=\"1095\"><strong data-start=\"1040\" data-end=\"1093\">Quelles sont les sp\u00e9cialit\u00e9s culinaires du Cher ?<\/strong><\/h3><p data-start=\"1096\" data-end=\"1507\">Le <strong data-start=\"1099\" data-end=\"1107\">Cher<\/strong> poss\u00e8de une riche tradition gastronomique avec des plats comme le <strong data-start=\"1174\" data-end=\"1192\">p\u00e2t\u00e9 berrichon<\/strong>, la <strong data-start=\"1197\" data-end=\"1227\">galette de pommes de terre<\/strong>, et le <strong data-start=\"1235\" data-end=\"1263\">boudin noir de Ligni\u00e8res<\/strong>. C\u00f4t\u00e9 fromages, le <strong data-start=\"1283\" data-end=\"1307\">crottin de Chavignol<\/strong> est un incontournable. Parmi les douceurs sucr\u00e9es, on trouve les <strong data-start=\"1373\" data-end=\"1393\">sabl\u00e9s de Nan\u00e7ay<\/strong> et les <strong data-start=\"1401\" data-end=\"1426\">forestines de Bourges<\/strong>. Le tout s\u2019accompagne parfaitement des <strong data-start=\"1466\" data-end=\"1506\">vins de Sancerre et de Menetou-Salon<\/strong>.<\/p><h3 data-start=\"1509\" data-end=\"1553\"><strong data-start=\"1513\" data-end=\"1551\">Quel climat fait-il dans le Cher ?<\/strong><\/h3><p data-start=\"1554\" data-end=\"1838\">Le <strong data-start=\"1557\" data-end=\"1565\">Cher<\/strong> b\u00e9n\u00e9ficie d\u2019un <strong data-start=\"1581\" data-end=\"1609\">climat oc\u00e9anique d\u00e9grad\u00e9<\/strong>, avec des influences continentales. Les \u00e9t\u00e9s sont g\u00e9n\u00e9ralement <strong data-start=\"1673\" data-end=\"1691\">chauds et secs<\/strong>, tandis que les hivers sont <strong data-start=\"1720\" data-end=\"1759\">froids avec quelques pr\u00e9cipitations<\/strong>. Le printemps et l\u2019automne sont doux, offrant un cadre id\u00e9al pour le tourisme.<\/p><h3 data-start=\"1840\" data-end=\"1904\"><strong data-start=\"1844\" data-end=\"1902\">Quelle est la meilleure p\u00e9riode pour visiter le Cher ?<\/strong><\/h3><p data-start=\"1905\" data-end=\"2147\">La meilleure p\u00e9riode pour visiter le <strong data-start=\"1942\" data-end=\"1950\">Cher<\/strong> s\u2019\u00e9tend de <strong data-start=\"1962\" data-end=\"1981\">mai \u00e0 septembre<\/strong>, lorsque les temp\u00e9ratures sont agr\u00e9ables et les journ\u00e9es ensoleill\u00e9es. C\u2019est \u00e9galement la saison des festivals et des \u00e9v\u00e9nements culturels \u00e0 <strong data-start=\"2123\" data-end=\"2146\">Bourges et Sancerre<\/strong>.<\/p><h3 data-start=\"2149\" data-end=\"2216\"><strong data-start=\"2153\" data-end=\"2214\">Quelles activit\u00e9s peut-on faire en famille dans le Cher ?<\/strong><\/h3><p data-start=\"2217\" data-end=\"2301\">Le d\u00e9partement du <strong data-start=\"2235\" data-end=\"2243\">Cher<\/strong> propose de nombreuses activit\u00e9s adapt\u00e9es aux familles :<\/p><ul data-start=\"2302\" data-end=\"2514\"><li data-start=\"2302\" data-end=\"2350\"><strong data-start=\"2304\" data-end=\"2348\">Visite du parc animalier de Saint-Aignan<\/strong><\/li><li data-start=\"2351\" data-end=\"2393\"><strong data-start=\"2353\" data-end=\"2391\">Balades dans les marais de Bourges<\/strong><\/li><li data-start=\"2394\" data-end=\"2455\"><strong data-start=\"2396\" data-end=\"2453\">Randonn\u00e9es et circuits v\u00e9lo le long du canal de Berry<\/strong><\/li><li data-start=\"2456\" data-end=\"2514\"><strong data-start=\"2458\" data-end=\"2512\">D\u00e9couverte interactive du mus\u00e9e du Berry \u00e0 Bourges<\/strong><\/li><\/ul><h3 data-start=\"2516\" data-end=\"2555\"><strong data-start=\"2520\" data-end=\"2553\">Quels sont les vins du Cher ?<\/strong><\/h3><p data-start=\"2556\" data-end=\"2627\">Le <strong data-start=\"2559\" data-end=\"2567\">Cher<\/strong> est c\u00e9l\u00e8bre pour ses <strong data-start=\"2589\" data-end=\"2601\">vins AOC<\/strong> de qualit\u00e9, notamment :<\/p><ul data-start=\"2628\" data-end=\"2766\"><li data-start=\"2628\" data-end=\"2667\"><strong data-start=\"2630\" data-end=\"2642\">Sancerre<\/strong> (blanc, rouge et ros\u00e9)<\/li><li data-start=\"2668\" data-end=\"2710\"><strong data-start=\"2670\" data-end=\"2687\">Menetou-Salon<\/strong> (blanc, rouge, ros\u00e9)<\/li><li data-start=\"2711\" data-end=\"2766\"><strong data-start=\"2713\" data-end=\"2724\">Reuilly<\/strong> et <strong data-start=\"2728\" data-end=\"2738\">Quincy<\/strong> (sp\u00e9cialit\u00e9 de vin blanc)<\/li><\/ul><p data-start=\"2768\" data-end=\"2846\">Ces vins accompagnent parfaitement les plats locaux et les fromages de ch\u00e8vre.<\/p><h3 data-start=\"2848\" data-end=\"2890\"><strong data-start=\"2852\" data-end=\"2888\">Comment se rendre dans le Cher ?<\/strong><\/h3><p data-start=\"2891\" data-end=\"3107\">Le <strong data-start=\"2894\" data-end=\"2902\">Cher<\/strong> est accessible en voiture via l\u2019<strong data-start=\"2935\" data-end=\"2942\">A71<\/strong> et l\u2019<strong data-start=\"2948\" data-end=\"2955\">A85<\/strong>. En train, Bourges est desservie par des lignes reliant <strong data-start=\"3012\" data-end=\"3050\">Paris, Orl\u00e9ans et Clermont-Ferrand<\/strong>. L\u2019a\u00e9roport le plus proche est celui de <strong data-start=\"3091\" data-end=\"3106\">Ch\u00e2teauroux<\/strong>.<\/p><h3 data-start=\"3109\" data-end=\"3145\"><strong data-start=\"3113\" data-end=\"3143\">Pourquoi visiter le Cher ?<\/strong><\/h3><p data-start=\"3146\" data-end=\"3428\">Le <strong data-start=\"3149\" data-end=\"3157\">Cher<\/strong> est une destination id\u00e9ale pour les amateurs d\u2019histoire, de nature et de gastronomie. Entre ses <strong data-start=\"3254\" data-end=\"3275\">sites historiques<\/strong>, ses <strong data-start=\"3281\" data-end=\"3302\">vignobles r\u00e9put\u00e9s<\/strong>, ses <strong data-start=\"3308\" data-end=\"3333\">villages pittoresques<\/strong> et ses <strong data-start=\"3341\" data-end=\"3367\">sp\u00e9cialit\u00e9s culinaires<\/strong>, il offre une escapade authentique et pleine de d\u00e9couvertes.<\/p>\t\t\t\t\t\t\t\t<\/div>\n\t\t\t\t\t<\/div>\n\t\t\t\t<\/div>\n\t\t\t\t<\/div>\n\t\t","protected":false},"excerpt":{"rendered":"<p>Recherches populaires Categories Pas de r\u00e9sultats Voir tous les r\u00e9sultats Le Cher \u2013 d\u00e9couverte du d\u00e9partement \u00c0 la d\u00e9couverte du Cher : patrimoine, paysages et gastronomie Situ\u00e9 au c\u0153ur de la France, le Cher est un d\u00e9partement riche en histoire, en paysages vari\u00e9s et en traditions culinaires. Faisant partie de la r\u00e9gion Centre-Val de Loire, [&hellip;]<\/p>\n","protected":false},"author":97,"featured_media":58268,"comment_status":"closed","ping_status":"closed","sticky":false,"template":"elementor_header_footer","format":"standard","meta":{"ngg_post_thumbnail":0,"footnotes":""},"categories":[1798,605,2563,477],"tags":[883],"class_list":["post-58267","post","type-post","status-publish","format-standard","has-post-thumbnail","hentry","category-le-cher","category-centre-val-de-loire","category-departement-de-france","category-france","tag-departement"],"_links":{"self":[{"href":"https:\/\/cparici.com\/de\/wp-json\/wp\/v2\/posts\/58267","targetHints":{"allow":["GET"]}}],"collection":[{"href":"https:\/\/cparici.com\/de\/wp-json\/wp\/v2\/posts"}],"about":[{"href":"https:\/\/cparici.com\/de\/wp-json\/wp\/v2\/types\/post"}],"author":[{"embeddable":true,"href":"https:\/\/cparici.com\/de\/wp-json\/wp\/v2\/users\/97"}],"replies":[{"embeddable":true,"href":"https:\/\/cparici.com\/de\/wp-json\/wp\/v2\/comments?post=58267"}],"version-history":[{"count":0,"href":"https:\/\/cparici.com\/de\/wp-json\/wp\/v2\/posts\/58267\/revisions"}],"wp:featuredmedia":[{"embeddable":true,"href":"https:\/\/cparici.com\/de\/wp-json\/wp\/v2\/media\/58268"}],"wp:attachment":[{"href":"https:\/\/cparici.com\/de\/wp-json\/wp\/v2\/media?parent=58267"}],"wp:term":[{"taxonomy":"category","embeddable":true,"href":"https:\/\/cparici.com\/de\/wp-json\/wp\/v2\/categories?post=58267"},{"taxonomy":"post_tag","embeddable":true,"href":"https:\/\/cparici.com\/de\/wp-json\/wp\/v2\/tags?post=58267"}],"curies":[{"name":"wp","href":"https:\/\/api.w.org\/{rel}","templated":true}]}}