{"id":58295,"date":"2025-02-27T11:42:05","date_gmt":"2025-02-27T10:42:05","guid":{"rendered":"https:\/\/cparici.com\/?p=58295"},"modified":"2025-03-29T19:58:19","modified_gmt":"2025-03-29T18:58:19","slug":"goldkuste","status":"publish","type":"post","link":"https:\/\/cparici.com\/de\/cote-dor\/","title":{"rendered":"C\u00f4te-d'Or - Auf Entdeckungsreise durch das Departement"},"content":{"rendered":"\t\t<div data-elementor-type=\"wp-post\" data-elementor-id=\"58295\" class=\"elementor elementor-58295\" data-elementor-post-type=\"post\">\n\t\t\t\t<div class=\"elementor-element elementor-element-b4e4d2d e-con-full e-flex e-con e-parent\" data-id=\"b4e4d2d\" data-element_type=\"container\" data-e-type=\"container\">\n\t\t\t\t<div class=\"elementor-element elementor-element-f0810f8 elementor-widget elementor-widget-image\" data-id=\"f0810f8\" data-element_type=\"widget\" data-e-type=\"widget\" data-widget_type=\"image.default\">\n\t\t\t\t\t\t\t\t\t\t\t\t\t\t\t<img decoding=\"async\" width=\"1500\" height=\"530\" src=\"https:\/\/cparici.com\/wp-content\/uploads\/2025\/02\/cparici-2025-02-27T113329.304.jpg\" class=\"attachment-full size-full wp-image-58296\" alt=\"c\u00f4te d&#039;or d\u00e9partement\" srcset=\"https:\/\/cparici.com\/wp-content\/uploads\/2025\/02\/cparici-2025-02-27T113329.304.jpg 1500w, https:\/\/cparici.com\/wp-content\/uploads\/2025\/02\/cparici-2025-02-27T113329.304-300x106.jpg 300w, https:\/\/cparici.com\/wp-content\/uploads\/2025\/02\/cparici-2025-02-27T113329.304-1024x362.jpg 1024w, https:\/\/cparici.com\/wp-content\/uploads\/2025\/02\/cparici-2025-02-27T113329.304-768x271.jpg 768w, https:\/\/cparici.com\/wp-content\/uploads\/2025\/02\/cparici-2025-02-27T113329.304-18x6.jpg 18w, https:\/\/cparici.com\/wp-content\/uploads\/2025\/02\/cparici-2025-02-27T113329.304-590x208.jpg 590w, https:\/\/cparici.com\/wp-content\/uploads\/2025\/02\/cparici-2025-02-27T113329.304-1200x424.jpg 1200w, https:\/\/cparici.com\/wp-content\/uploads\/2025\/02\/cparici-2025-02-27T113329.304-577x204.jpg 577w, https:\/\/cparici.com\/wp-content\/uploads\/2025\/02\/cparici-2025-02-27T113329.304-600x212.jpg 600w\" sizes=\"(max-width: 1500px) 100vw, 1500px\" \/>\t\t\t\t\t\t\t\t\t\t\t\t\t\t\t<\/div>\n\t\t\t\t<\/div>\n\t\t<div class=\"elementor-element elementor-element-6b8201e e-flex e-con-boxed e-con e-parent\" data-id=\"6b8201e\" data-element_type=\"container\" data-e-type=\"container\">\n\t\t\t\t\t<div class=\"e-con-inner\">\n\t\t\t\t<div class=\"elementor-element elementor-element-eb83488 elementor-widget elementor-widget-global elementor-global-62046 elementor-widget-eael-advanced-search\" data-id=\"eb83488\" data-element_type=\"widget\" data-e-type=\"widget\" data-widget_type=\"eael-advanced-search.default\">\n\t\t\t\t\t        <div class=\"eael-adv-search-wrapper\">\n            <div id=\"eael-advanced-search-widget-eb83488\" class=\"eael-advanced-search-widget\">\n                <form data-settings=\"{&quot;post_per_page&quot;:5,&quot;search_among_taxonomies&quot;:&quot;&quot;,&quot;search_among_sku&quot;:&quot;no&quot;,&quot;show_popular_keyword&quot;:0,&quot;show_category&quot;:0,&quot;show_content_image&quot;:1,&quot;show_search_result_all_results&quot;:0,&quot;result_on_new_tab&quot;:&quot;no&quot;,&quot;show_product_price&quot;:&quot;no&quot;,&quot;include_current_page&quot;:&quot;no&quot;,&quot;current_post_id&quot;:58295,&quot;post_type&quot;:[&quot;post&quot;,&quot;listing&quot;]}\" method=\"POST\" name=\"eael-advanced-search-form-eb83488\" class=\"eael-advanced-search-form eael-advanced-search-form-style-2\">\n                    <div class=\"eael-advanced-search-wrap\">\n                        <span class=\"eael-adv-search-loader\"><\/span>\n                        <span class=\"eael-adv-search-close\"><i class=\"fas fa-times\"><\/i><\/span>\n                        <span class=\"icon \"><i class=\"fas fa-search\"><\/i><\/span>\n\n                        <input type=\"text\"\n                               placeholder=\"Votre destination\"\n                               class=\"eael-advanced-search\" autocomplete=\"off\" name=\"eael_advanced_search\">\n                    <\/div>\n\t\t\t\t\t                                    <\/form>\n\n\t\t\t\t\n\t\t\t\t        <div class=\"eael-advanced-search-result\">\n            <div class=\"eael-advanced-search-popular-keyword\">\n\t\t\t\t<h4 class=\"eael-advanced-search-popular-keyword-text\">Recherches populaires<\/h4>                <div class=\"eael-popular-keyword-content\"><\/div>\n            <\/div>\n            <div class=\"eael-advanced-search-category\">\n\t\t\t\t<h4 class=\"eael-advanced-search-category-text\">Categories<\/h4>                <div class=\"eael-popular-category-content\"><\/div>\n            <\/div>\n\t\t\t<div class=\"eael-advanced-search-total-results-section\">\n\t\t\t\t\t\t\t<\/div>\n            <div class=\"eael-advanced-search-content eael-item-style-3\">\n            <\/div>\n            <div class=\"eael-advanced-search-not-found\">\n                <p>Pas de r\u00e9sultats<\/p><\/div>\n            <div class=\"eael-advanced-search-load-more\">\n\t\t\t\t<a \tclass=\"eael-advanced-search-load-more-button\"\n                \thref=\"#\">Voir tous les r\u00e9sultats<\/a>\n            <\/div>\n        <\/div>\n\n\t\t            <\/div>\n        <\/div>\n\n\t\t\t\t\t\t<\/div>\n\t\t\t\t\t<\/div>\n\t\t\t\t<\/div>\n\t\t<div class=\"elementor-element elementor-element-316f850d e-flex e-con-boxed e-con e-parent\" data-id=\"316f850d\" data-element_type=\"container\" data-e-type=\"container\">\n\t\t\t\t\t<div class=\"e-con-inner\">\n\t\t\t\t<div class=\"elementor-element elementor-element-53dc2bd5 elementor-widget elementor-widget-text-editor\" data-id=\"53dc2bd5\" data-element_type=\"widget\" data-e-type=\"widget\" data-widget_type=\"text-editor.default\">\n\t\t\t\t\t\t\t\t\t<h1 style=\"text-align: center;\" data-start=\"40\" data-end=\"113\"><span style=\"font-size: 18pt;\">C\u00f4te d\u2019Or<\/span><\/h1><h2 data-start=\"40\" data-end=\"113\"><span style=\"font-size: 18pt;\"><strong data-start=\"40\" data-end=\"113\">\u00c0 la d\u00e9couverte de la C\u00f4te-d\u2019Or : patrimoine, paysages et gastronomie<\/strong><\/span><\/h2><p data-start=\"115\" data-end=\"399\">La <strong data-start=\"118\" data-end=\"131\">C\u00f4te-d\u2019Or<\/strong> est un <a href=\"https:\/\/cparici.com\/departements-francais-carte-de-france\/\">d\u00e9partement<\/a> fran\u00e7ais situ\u00e9 dans la r\u00e9gion Bourgogne-Franche-Comt\u00e9, r\u00e9put\u00e9 pour son riche patrimoine historique, ses paysages vari\u00e9s et sa gastronomie renomm\u00e9e. Sa pr\u00e9fecture, Dijon, est \u00e9galement le chef-lieu de la r\u00e9gion.<\/p><h2 data-start=\"401\" data-end=\"454\"><span style=\"font-size: 18pt;\">Sites touristiques incontournables de la C\u00f4te-d\u2019Or<\/span><\/h2><p data-start=\"456\" data-end=\"608\">La C\u00f4te-d\u2019Or offre une multitude de sites touristiques qui t\u00e9moignent de son histoire et de sa culture. Voici une s\u00e9lection des lieux \u00e0 ne pas manquer :<\/p><h3 data-start=\"610\" data-end=\"636\">Les Hospices de Beaune<\/h3><p data-start=\"638\" data-end=\"873\">Fond\u00e9s au XVe si\u00e8cle, les Hospices de Beaune sont c\u00e9l\u00e8bres pour leur architecture gothique et leurs toits aux tuiles verniss\u00e9es color\u00e9es. Ce monument historique abrite \u00e9galement une prestigieuse vente aux ench\u00e8res de vins chaque ann\u00e9e.<\/p><h3 data-start=\"875\" data-end=\"918\">Le Palais des Ducs de Bourgogne \u00e0 Dijon<\/h3><p data-start=\"920\" data-end=\"1133\">Ce palais majestueux, situ\u00e9 au c\u0153ur de Dijon, refl\u00e8te le pouvoir et la richesse des ducs de Bourgogne. Aujourd\u2019hui, il abrite le mus\u00e9e des Beaux-Arts, offrant aux visiteurs un voyage \u00e0 travers l\u2019art et l\u2019histoire.<\/p><h3 data-start=\"1135\" data-end=\"1159\">L\u2019Abbaye de Fontenay<\/h3><p data-start=\"1161\" data-end=\"1365\">Class\u00e9e au patrimoine mondial de l\u2019UNESCO, l\u2019Abbaye de Fontenay est un chef-d\u2019\u0153uvre de l\u2019architecture cistercienne. Fond\u00e9e en 1118, elle offre un cadre paisible propice \u00e0 la m\u00e9ditation et \u00e0 la d\u00e9couverte.<\/p><h3 data-start=\"1367\" data-end=\"1390\">Le Mus\u00e9oParc Al\u00e9sia<\/h3><p data-start=\"1392\" data-end=\"1577\">Ce site interactif retrace la c\u00e9l\u00e8bre bataille d\u2019Al\u00e9sia entre Jules C\u00e9sar et Vercing\u00e9torix. Les expositions et reconstitutions permettent de plonger au c\u0153ur de l\u2019histoire gallo-romaine.<\/p><h3 data-start=\"1579\" data-end=\"1612\">Le Ch\u00e2teau du Clos de Vougeot<\/h3><p data-start=\"1614\" data-end=\"1803\">Au milieu des vignobles, ce ch\u00e2teau du XIIe si\u00e8cle est un symbole de la viticulture bourguignonne. Il accueille aujourd\u2019hui des \u00e9v\u00e9nements culturels et des d\u00e9gustations de vins prestigieux.<\/p><h2 data-start=\"1805\" data-end=\"1856\"><span style=\"font-size: 18pt;\">Paysages et villes embl\u00e9matiques de la C\u00f4te-d\u2019Or<\/span><\/h2><p data-start=\"1858\" data-end=\"2085\">La diversit\u00e9 des paysages de la C\u00f4te-d\u2019Or est remarquable, allant des vignobles vallonn\u00e9s aux for\u00eats denses, en passant par des plaines fertiles. Cette vari\u00e9t\u00e9 offre aux visiteurs une multitude de panoramas \u00e0 couper le souffle.<\/p><h3 data-start=\"2087\" data-end=\"2148\">Les vignobles de la C\u00f4te de Nuits et de la C\u00f4te de Beaune<\/h3><p data-start=\"2150\" data-end=\"2407\">Ces vignobles, s\u2019\u00e9tendant de Dijon \u00e0 Santenay, produisent certains des vins les plus prestigieux au monde. Les routes des Grands Crus traversent ces paysages viticoles, offrant des opportunit\u00e9s de d\u00e9gustation et de d\u00e9couverte des techniques de vinification.<\/p><h3 data-start=\"2409\" data-end=\"2447\">Le Parc naturel r\u00e9gional du Morvan<\/h3><p data-start=\"2449\" data-end=\"2654\">\u00c0 l\u2019ouest du d\u00e9partement, le Morvan est une r\u00e9gion montagneuse offrant des for\u00eats luxuriantes, des lacs et des rivi\u00e8res. C\u2019est un lieu id\u00e9al pour les amateurs de randonn\u00e9e, de VTT et d\u2019activit\u00e9s nautiques.<\/p><h3 data-start=\"2656\" data-end=\"2687\">Dijon, la capitale des Ducs<\/h3><p data-start=\"2689\" data-end=\"2952\">Dijon est une ville riche en histoire avec un patrimoine architectural impressionnant. Ses rues pav\u00e9es, ses maisons \u00e0 colombages et ses h\u00f4tels particuliers t\u00e9moignent de son pass\u00e9 glorieux. La ville est \u00e9galement r\u00e9put\u00e9e pour sa gastronomie et ses march\u00e9s anim\u00e9s.<\/p><h3 data-start=\"2954\" data-end=\"2997\">Beaune, le c\u0153ur du vignoble bourguignon<\/h3><p data-start=\"2999\" data-end=\"3222\">Petite ville fortifi\u00e9e, Beaune est consid\u00e9r\u00e9e comme la capitale des vins de Bourgogne. Outre les Hospices, la ville offre de nombreuses caves \u00e0 visiter, des festivals et des \u00e9v\u00e9nements autour du vin tout au long de l\u2019ann\u00e9e.<\/p><h2 data-start=\"3224\" data-end=\"3288\"><span style=\"font-size: 18pt;\">La r\u00e9gion Bourgogne-Franche-Comt\u00e9 et les d\u00e9partements voisins<\/span><\/h2><p data-start=\"3290\" data-end=\"3445\">La C\u00f4te-d\u2019Or est entour\u00e9e de d\u00e9partements aux richesses culturelles et naturelles vari\u00e9es, contribuant \u00e0 la diversit\u00e9 de la r\u00e9gion Bourgogne-Franche-Comt\u00e9.<\/p><h3 data-start=\"3447\" data-end=\"3468\">La Sa\u00f4ne-et-Loire<\/h3><p data-start=\"3470\" data-end=\"3650\">Au sud, la Sa\u00f4ne-et-Loire est connue pour ses \u00e9glises romanes, ses ch\u00e2teaux et ses paysages verdoyants. Le Clunysois et le Charolais sont des zones embl\u00e9matiques de ce d\u00e9partement.<\/p><h3 data-start=\"3652\" data-end=\"3663\">L\u2019Yonne<\/h3><p data-start=\"3665\" data-end=\"3865\">\u00c0 l\u2019ouest, l\u2019Yonne offre des sites historiques tels que la basilique de V\u00e9zelay et les vignobles de Chablis. Les rivi\u00e8res et canaux qui traversent le d\u00e9partement sont propices aux activit\u00e9s nautiques.<\/p><h3 data-start=\"3867\" data-end=\"3885\">La Haute-Marne<\/h3><p data-start=\"3887\" data-end=\"4049\">Au nord, la Haute-Marne est caract\u00e9ris\u00e9e par ses vastes for\u00eats et ses lacs. C\u2019est un lieu privil\u00e9gi\u00e9 pour les amoureux de la nature et les activit\u00e9s de plein air.<\/p><h3 data-start=\"4051\" data-end=\"4062\"><a href=\"https:\/\/cparici.com\/jura\/\">Le Jura<\/a><\/h3><p data-start=\"4064\" data-end=\"4256\">\u00c0 l\u2019est, le Jura est r\u00e9put\u00e9 pour ses montagnes, ses lacs et ses sp\u00e9cialit\u00e9s fromag\u00e8res. Les stations de ski et les sentiers de randonn\u00e9e attirent de nombreux visiteurs tout au long de l\u2019ann\u00e9e.<\/p><h2 data-start=\"4258\" data-end=\"4303\">Gastronomie et sp\u00e9cialit\u00e9s de la C\u00f4te-d\u2019Or<\/h2><h3 data-start=\"292\" data-end=\"323\"><strong data-start=\"296\" data-end=\"323\">1. La Moutarde de Dijon<\/strong><\/h3><p data-start=\"324\" data-end=\"630\">La <strong data-start=\"327\" data-end=\"348\">moutarde de Dijon<\/strong> est sans doute le produit le plus embl\u00e9matique de la C\u00f4te-d\u2019Or. Ce condiment au go\u00fbt puissant et l\u00e9g\u00e8rement piquant est fabriqu\u00e9 \u00e0 partir de graines de moutarde brunes et de vinaigre. Son usage est vari\u00e9 : en assaisonnement, dans les sauces ou pour relever les viandes et poissons.<\/p><p data-start=\"632\" data-end=\"740\">\u27a1\ufe0f O\u00f9 la d\u00e9guster ? \u00c0 la <strong data-start=\"657\" data-end=\"674\">Maison Fallot<\/strong> \u00e0 Beaune, qui propose des visites et des ateliers de fabrication.<\/p><h3 data-start=\"747\" data-end=\"777\"><strong data-start=\"751\" data-end=\"777\">2. Le B\u0153uf Bourguignon<\/strong><\/h3><p data-start=\"778\" data-end=\"1072\">Le <strong data-start=\"781\" data-end=\"801\">b\u0153uf bourguignon<\/strong> est un plat traditionnel de la cuisine bourguignonne. Il s\u2019agit d\u2019un rago\u00fbt de viande de b\u0153uf mijot\u00e9 lentement dans un vin rouge de Bourgogne, accompagn\u00e9 de carottes, d\u2019oignons et d\u2019herbes aromatiques. Ce plat rustique et savoureux est parfait pour les repas conviviaux.<\/p><p data-start=\"1074\" data-end=\"1155\">\u27a1\ufe0f Accord mets et vins : un <strong data-start=\"1102\" data-end=\"1116\">Pinot Noir<\/strong> de la C\u00f4te de Nuits sublimera ce plat.<\/p><h3 data-start=\"1162\" data-end=\"1193\"><strong data-start=\"1166\" data-end=\"1193\">3. Les \u0152ufs en Meurette<\/strong><\/h3><p data-start=\"1194\" data-end=\"1459\">Les <strong data-start=\"1198\" data-end=\"1218\">\u0153ufs en meurette<\/strong> sont une autre sp\u00e9cialit\u00e9 incontournable. Ce plat consiste en des <strong data-start=\"1285\" data-end=\"1300\">\u0153ufs poch\u00e9s<\/strong> servis dans une sauce au vin rouge, agr\u00e9ment\u00e9e d\u2019\u00e9chalotes, de lardons et de champignons. Cette recette met en valeur les saveurs intenses du vin bourguignon.<\/p><p data-start=\"1461\" data-end=\"1541\">\u27a1\ufe0f Meilleur endroit pour en manger ? <strong data-start=\"1498\" data-end=\"1540\">Le restaurant Loiseau des Ducs \u00e0 Dijon<\/strong>.<\/p><h3 data-start=\"1548\" data-end=\"1594\"><strong data-start=\"1552\" data-end=\"1594\">4. L\u2019\u00c9poisses, le fromage embl\u00e9matique<\/strong><\/h3><p data-start=\"1595\" data-end=\"1846\">L\u2019<strong data-start=\"1597\" data-end=\"1609\">\u00c9poisses<\/strong> est un <strong data-start=\"1617\" data-end=\"1645\">fromage au lait de vache<\/strong>, \u00e0 p\u00e2te molle et cro\u00fbte lav\u00e9e, affin\u00e9 avec du marc de Bourgogne. Il se distingue par sa saveur puissante et sa texture cr\u00e9meuse. Son go\u00fbt est prononc\u00e9, avec des ar\u00f4mes bois\u00e9s et l\u00e9g\u00e8rement alcoolis\u00e9s.<\/p><p data-start=\"1848\" data-end=\"1928\">\u27a1\ufe0f \u00c0 go\u00fbter avec : un verre de <strong data-start=\"1879\" data-end=\"1890\">Chablis<\/strong> ou un vin blanc de la C\u00f4te de Beaune.<\/p><h3 data-start=\"1935\" data-end=\"1964\"><strong data-start=\"1939\" data-end=\"1964\">5. Le Jambon Persill\u00e9<\/strong><\/h3><p data-start=\"1965\" data-end=\"2212\">Le <strong data-start=\"1968\" data-end=\"1987\">jambon persill\u00e9<\/strong> est une sp\u00e9cialit\u00e9 charcuti\u00e8re compos\u00e9e de morceaux de jambon cuits, marin\u00e9s dans du vin blanc et du persil, puis moul\u00e9s dans une gel\u00e9e parfum\u00e9e \u00e0 l\u2019ail. Ce mets froid est souvent d\u00e9gust\u00e9 en entr\u00e9e, accompagn\u00e9 de cornichons.<\/p><p data-start=\"2214\" data-end=\"2306\">\u27a1\ufe0f O\u00f9 en acheter ? Dans les <strong data-start=\"2242\" data-end=\"2279\">charcuteries artisanales de Dijon<\/strong> ou sur les march\u00e9s locaux.<\/p><h3 data-start=\"2313\" data-end=\"2350\"><strong data-start=\"2317\" data-end=\"2350\">6. Les Escargots de Bourgogne<\/strong><\/h3><p data-start=\"2351\" data-end=\"2559\">La <strong data-start=\"2354\" data-end=\"2367\">C\u00f4te-d\u2019Or<\/strong> est le berceau des <strong data-start=\"2387\" data-end=\"2413\">escargots de Bourgogne<\/strong>, cuisin\u00e9s dans une persillade \u00e0 base de beurre, d\u2019ail et de persil. Ce plat est une v\u00e9ritable institution gastronomique, souvent servi en entr\u00e9e.<\/p><p data-start=\"2561\" data-end=\"2622\">\u27a1\ufe0f Accord vin : un <strong data-start=\"2580\" data-end=\"2591\">Aligot\u00e9<\/strong> de Bourgogne, frais et fruit\u00e9.<\/p><h3 data-start=\"2629\" data-end=\"2665\"><strong data-start=\"2633\" data-end=\"2665\">7. Le Pain d\u2019\u00c9pices de Dijon<\/strong><\/h3><p data-start=\"2666\" data-end=\"2881\">Le <strong data-start=\"2669\" data-end=\"2695\">pain d\u2019\u00e9pices de Dijon<\/strong> est une gourmandise sucr\u00e9e \u00e0 base de farine de froment, de miel et d\u2019\u00e9pices (cannelle, anis, clou de girofle). Il est moelleux et parfum\u00e9, id\u00e9al pour accompagner un th\u00e9 ou du foie gras.<\/p><p data-start=\"2883\" data-end=\"2960\">\u27a1\ufe0f \u00c0 d\u00e9couvrir \u00e0 la <strong data-start=\"2903\" data-end=\"2931\">Maison Mulot & Petitjean<\/strong>, une institution dijonnaise.<\/p><h3 data-start=\"2967\" data-end=\"3000\"><strong data-start=\"2971\" data-end=\"3000\">8. La Truffe de Bourgogne<\/strong><\/h3><p data-start=\"3001\" data-end=\"3181\">La <strong data-start=\"3004\" data-end=\"3027\">truffe de Bourgogne<\/strong> est un produit de luxe r\u00e9colt\u00e9 dans les for\u00eats de la C\u00f4te-d\u2019Or. Son parfum d\u00e9licat se marie parfaitement avec les \u0153ufs, les p\u00e2tes fra\u00eeches ou les sauces.<\/p><p data-start=\"3183\" data-end=\"3268\">\u27a1\ufe0f O\u00f9 en trouver ? \u00c0 <strong data-start=\"3204\" data-end=\"3227\">Nuits-Saint-Georges<\/strong>, lors des foires aux truffes en automne.<\/p><h3 data-start=\"3275\" data-end=\"3297\"><strong data-start=\"3279\" data-end=\"3297\">9. La P\u00f4chouse<\/strong><\/h3><p data-start=\"3298\" data-end=\"3538\">La <strong data-start=\"3301\" data-end=\"3313\">p\u00f4chouse<\/strong> est un plat traditionnel \u00e0 base de poissons d\u2019eau douce (brochet, perche, anguille), cuits dans une sauce au vin blanc et \u00e0 la cr\u00e8me. Cette sp\u00e9cialit\u00e9 bourguignonne est particuli\u00e8rement appr\u00e9ci\u00e9e pour sa richesse en saveurs.<\/p><h3 data-start=\"3545\" data-end=\"3569\"><strong data-start=\"3549\" data-end=\"3569\">10. Les Nonettes<\/strong><\/h3><p data-start=\"3570\" data-end=\"3762\">Les <strong data-start=\"3574\" data-end=\"3586\">nonettes<\/strong> sont de petits g\u00e2teaux individuels au miel et aux \u00e9pices, parfois fourr\u00e9s \u00e0 la confiture d\u2019orange ou de cassis. Elles sont originaires de Dijon et rappellent le pain d\u2019\u00e9pices.<\/p><p data-start=\"3764\" data-end=\"3838\">\u27a1\ufe0f \u00c0 d\u00e9guster avec un <strong data-start=\"3786\" data-end=\"3810\">cr\u00e9mant de Bourgogne<\/strong> pour une touche p\u00e9tillante.<\/p><h2 data-start=\"3845\" data-end=\"3876\"><strong data-start=\"3848\" data-end=\"3876\">Les vins de la C\u00f4te-d\u2019Or<\/strong><\/h2><p data-start=\"3877\" data-end=\"4016\">Impossible de parler de gastronomie sans \u00e9voquer les <strong data-start=\"3930\" data-end=\"3951\">vins de Bourgogne<\/strong>, dont certains des plus prestigieux sont produits en C\u00f4te-d\u2019Or :<\/p><ul data-start=\"4018\" data-end=\"4211\"><li data-start=\"4018\" data-end=\"4093\"><strong data-start=\"4020\" data-end=\"4037\">C\u00f4te de Nuits<\/strong> : Gevrey-Chambertin, Nuits-Saint-Georges, Vosne-Roman\u00e9e<\/li><li data-start=\"4094\" data-end=\"4155\"><strong data-start=\"4096\" data-end=\"4114\">C\u00f4te de Beaune<\/strong> : Meursault, Pommard, Puligny-Montrachet<\/li><li data-start=\"4156\" data-end=\"4211\"><strong data-start=\"4158\" data-end=\"4182\">Cr\u00e9mant de Bourgogne<\/strong> : pour une touche p\u00e9tillante<\/li><\/ul><h2 data-start=\"0\" data-end=\"41\"><strong data-start=\"3\" data-end=\"41\">FAQ sur la C\u00f4te-d\u2019Or (D\u00e9partement)<\/strong><\/h2><h3 data-start=\"43\" data-end=\"92\"><strong data-start=\"47\" data-end=\"90\">1. O\u00f9 se situe la C\u00f4te-d\u2019Or en France ?<\/strong><\/h3><p data-start=\"93\" data-end=\"317\">La <strong data-start=\"96\" data-end=\"109\">C\u00f4te-d\u2019Or<\/strong> est un d\u00e9partement de la r\u00e9gion <strong data-start=\"142\" data-end=\"169\">Bourgogne-Franche-Comt\u00e9<\/strong>, situ\u00e9 dans l\u2019est de la France. Sa pr\u00e9fecture est <strong data-start=\"220\" data-end=\"229\">Dijon<\/strong> et il est entour\u00e9 par l\u2019Yonne, la Sa\u00f4ne-et-Loire, la Ni\u00e8vre, la Haute-Marne et le Jura.<\/p><h3 data-start=\"324\" data-end=\"383\"><strong data-start=\"328\" data-end=\"381\">2. Pourquoi la C\u00f4te-d\u2019Or s\u2019appelle-t-elle ainsi ?<\/strong><\/h3><p data-start=\"384\" data-end=\"579\">Le nom <strong data-start=\"391\" data-end=\"404\">C\u00f4te-d\u2019Or<\/strong> fait r\u00e9f\u00e9rence \u00e0 la couleur dor\u00e9e que prennent les vignobles en automne le long de la C\u00f4te de Nuits et de la C\u00f4te de Beaune, c\u00e9l\u00e8bres pour leurs <strong data-start=\"550\" data-end=\"578\">grands crus de Bourgogne<\/strong>.<\/p><h3 data-start=\"586\" data-end=\"661\"><strong data-start=\"590\" data-end=\"659\">3. Quels sont les principaux sites touristiques de la C\u00f4te-d\u2019Or ?<\/strong><\/h3><p data-start=\"662\" data-end=\"718\">Parmi les incontournables de la C\u00f4te-d\u2019Or, on trouve :<\/p><ul data-start=\"719\" data-end=\"1080\"><li data-start=\"719\" data-end=\"772\"><strong data-start=\"721\" data-end=\"730\">Dijon<\/strong> et son <strong data-start=\"738\" data-end=\"770\">Palais des Ducs de Bourgogne<\/strong><\/li><li data-start=\"773\" data-end=\"848\"><strong data-start=\"775\" data-end=\"801\">Les Hospices de Beaune<\/strong>, c\u00e9l\u00e8bre pour ses toits en tuiles verniss\u00e9es<\/li><li data-start=\"849\" data-end=\"920\"><strong data-start=\"851\" data-end=\"875\">L\u2019Abbaye de Fontenay<\/strong>, class\u00e9e au patrimoine mondial de l\u2019UNESCO<\/li><li data-start=\"921\" data-end=\"1004\"><strong data-start=\"923\" data-end=\"946\">Le Mus\u00e9oParc Al\u00e9sia<\/strong>, d\u00e9di\u00e9 \u00e0 la bataille entre Jules C\u00e9sar et Vercing\u00e9torix<\/li><li data-start=\"1005\" data-end=\"1080\"><strong data-start=\"1007\" data-end=\"1040\">Le Ch\u00e2teau du Clos de Vougeot<\/strong>, embl\u00e9matique du vignoble bourguignon<\/li><\/ul><h3 data-start=\"1087\" data-end=\"1157\"><strong data-start=\"1091\" data-end=\"1155\">4. Quelles sont les sp\u00e9cialit\u00e9s culinaires de la C\u00f4te-d\u2019Or ?<\/strong><\/h3><p data-start=\"1158\" data-end=\"1249\">La <strong data-start=\"1161\" data-end=\"1174\">C\u00f4te-d\u2019Or<\/strong> est un haut lieu de la gastronomie fran\u00e7aise. Ses sp\u00e9cialit\u00e9s incluent :<\/p><ul data-start=\"1250\" data-end=\"1482\"><li data-start=\"1250\" data-end=\"1278\"><strong data-start=\"1252\" data-end=\"1276\">La moutarde de Dijon<\/strong><\/li><li data-start=\"1279\" data-end=\"1306\"><strong data-start=\"1281\" data-end=\"1304\">Le b\u0153uf bourguignon<\/strong><\/li><li data-start=\"1307\" data-end=\"1335\"><strong data-start=\"1309\" data-end=\"1333\">Les \u0153ufs en meurette<\/strong><\/li><li data-start=\"1336\" data-end=\"1386\"><strong data-start=\"1338\" data-end=\"1352\">L\u2019\u00c9poisses<\/strong>, un fromage puissant et cr\u00e9meux<\/li><li data-start=\"1387\" data-end=\"1413\"><strong data-start=\"1389\" data-end=\"1411\">Le jambon persill\u00e9<\/strong><\/li><li data-start=\"1414\" data-end=\"1448\"><strong data-start=\"1416\" data-end=\"1446\">Les escargots de Bourgogne<\/strong><\/li><li data-start=\"1449\" data-end=\"1482\"><strong data-start=\"1451\" data-end=\"1480\">Le pain d\u2019\u00e9pices de Dijon<\/strong><\/li><\/ul><h3 data-start=\"1489\" data-end=\"1553\"><strong data-start=\"1493\" data-end=\"1551\">5. Quels sont les vins embl\u00e9matiques de la C\u00f4te-d\u2019Or ?<\/strong><\/h3><p data-start=\"1554\" data-end=\"1627\">La <strong data-start=\"1557\" data-end=\"1570\">C\u00f4te-d\u2019Or<\/strong> est r\u00e9put\u00e9e pour ses <strong data-start=\"1592\" data-end=\"1612\">vins prestigieux<\/strong>, notamment :<\/p><ul data-start=\"1628\" data-end=\"1825\"><li data-start=\"1628\" data-end=\"1708\">En <strong data-start=\"1633\" data-end=\"1650\">C\u00f4te de Nuits<\/strong> : Gevrey-Chambertin, Nuits-Saint-Georges, Vosne-Roman\u00e9e<\/li><li data-start=\"1709\" data-end=\"1775\">En <strong data-start=\"1714\" data-end=\"1732\">C\u00f4te de Beaune<\/strong> : Meursault, Pommard, Puligny-Montrachet<\/li><li data-start=\"1776\" data-end=\"1825\">En <strong data-start=\"1781\" data-end=\"1797\">effervescent<\/strong> : le Cr\u00e9mant de Bourgogne<\/li><\/ul><h3 data-start=\"1832\" data-end=\"1904\"><strong data-start=\"1836\" data-end=\"1902\">6. Quelle est la meilleure p\u00e9riode pour visiter la C\u00f4te-d\u2019Or ?<\/strong><\/h3><p data-start=\"1905\" data-end=\"1990\">La C\u00f4te-d\u2019Or peut se visiter toute l\u2019ann\u00e9e, mais les <strong data-start=\"1958\" data-end=\"1981\">meilleures p\u00e9riodes<\/strong> sont :<\/p><ul data-start=\"1991\" data-end=\"2260\"><li data-start=\"1991\" data-end=\"2061\"><strong data-start=\"1993\" data-end=\"2013\">Printemps et \u00e9t\u00e9<\/strong> pour profiter des randonn\u00e9es et du patrimoine<\/li><li data-start=\"2062\" data-end=\"2169\"><strong data-start=\"2064\" data-end=\"2075\">Automne<\/strong> (septembre-octobre) pour admirer les couleurs dor\u00e9es des vignes et participer aux vendanges<\/li><li data-start=\"2170\" data-end=\"2260\"><strong data-start=\"2172\" data-end=\"2184\">D\u00e9cembre<\/strong> pour d\u00e9couvrir les march\u00e9s de No\u00ebl et d\u00e9guster les sp\u00e9cialit\u00e9s hivernales<\/li><\/ul><h3 data-start=\"2267\" data-end=\"2318\"><strong data-start=\"2271\" data-end=\"2316\">7. Quelles activit\u00e9s faire en C\u00f4te-d\u2019Or ?<\/strong><\/h3><ul data-start=\"2319\" data-end=\"2676\"><li data-start=\"2319\" data-end=\"2386\"><strong data-start=\"2321\" data-end=\"2384\">D\u00e9couvrir les vignobles et d\u00e9guster des vins dans les caves<\/strong><\/li><li data-start=\"2387\" data-end=\"2450\"><strong data-start=\"2389\" data-end=\"2427\">Parcourir la Route des Grands Crus<\/strong>, un circuit mythique<\/li><li data-start=\"2451\" data-end=\"2518\"><strong data-start=\"2453\" data-end=\"2516\">Faire une randonn\u00e9e dans le Parc naturel r\u00e9gional du Morvan<\/strong><\/li><li data-start=\"2519\" data-end=\"2589\"><strong data-start=\"2521\" data-end=\"2587\">Visiter les mus\u00e9es et monuments historiques de Dijon et Beaune<\/strong><\/li><li data-start=\"2590\" data-end=\"2676\"><strong data-start=\"2592\" data-end=\"2674\">Participer \u00e0 la vente aux ench\u00e8res des vins des Hospices de Beaune en novembre<\/strong><\/li><\/ul><h3 data-start=\"2683\" data-end=\"2728\"><strong data-start=\"2687\" data-end=\"2726\">8. Comment se rendre en C\u00f4te-d\u2019Or ?<\/strong><\/h3><p data-start=\"2729\" data-end=\"2798\">La C\u00f4te-d\u2019Or est bien desservie par plusieurs moyens de transport :<\/p><ul data-start=\"2799\" data-end=\"3009\"><li data-start=\"2799\" data-end=\"2870\"><strong data-start=\"2801\" data-end=\"2813\">En train<\/strong> : Dijon est accessible en <strong data-start=\"2840\" data-end=\"2847\">TGV<\/strong> depuis Paris en 1h30<\/li><li data-start=\"2871\" data-end=\"2932\"><strong data-start=\"2873\" data-end=\"2887\">En voiture<\/strong> : Via l\u2019autoroute A6 (Paris-Lyon) et l\u2019A31<\/li><li data-start=\"2933\" data-end=\"3009\"><strong data-start=\"2935\" data-end=\"2947\">En avion<\/strong> : L\u2019a\u00e9roport le plus proche est celui de Lyon-Saint-Exup\u00e9ry<\/li><\/ul><h3 data-start=\"3016\" data-end=\"3082\"><strong data-start=\"3020\" data-end=\"3080\">9. Quels sont les d\u00e9partements voisins de la C\u00f4te-d\u2019Or ?<\/strong><\/h3><p data-start=\"3083\" data-end=\"3127\">La C\u00f4te-d\u2019Or partage ses fronti\u00e8res avec :<\/p><ul data-start=\"3128\" data-end=\"3302\"><li data-start=\"3128\" data-end=\"3162\"><strong data-start=\"3130\" data-end=\"3146\">L\u2019Yonne (89)<\/strong> au nord-ouest<\/li><li data-start=\"3163\" data-end=\"3200\"><strong data-start=\"3165\" data-end=\"3191\">La Sa\u00f4ne-et-Loire (71)<\/strong> au sud<\/li><li data-start=\"3201\" data-end=\"3233\"><strong data-start=\"3203\" data-end=\"3221\">La Ni\u00e8vre (58)<\/strong> \u00e0 l\u2019ouest<\/li><li data-start=\"3234\" data-end=\"3273\"><strong data-start=\"3236\" data-end=\"3259\">La Haute-Marne (52)<\/strong> au nord-est<\/li><li data-start=\"3274\" data-end=\"3302\"><strong data-start=\"3276\" data-end=\"3292\">Le Jura (39)<\/strong> \u00e0 l\u2019est<\/li><\/ul><h3 data-start=\"3309\" data-end=\"3350\"><strong data-start=\"3313\" data-end=\"3348\">10. O\u00f9 s\u00e9journer en C\u00f4te-d\u2019Or ?<\/strong><\/h3><ul data-start=\"3351\" data-end=\"3674\"><li data-start=\"3351\" data-end=\"3414\"><strong data-start=\"3353\" data-end=\"3362\">Dijon<\/strong> : id\u00e9ale pour un s\u00e9jour culturel et gastronomique<\/li><li data-start=\"3415\" data-end=\"3482\"><strong data-start=\"3417\" data-end=\"3427\">Beaune<\/strong> : parfaite pour les amateurs de vin et de patrimoine<\/li><li data-start=\"3483\" data-end=\"3551\"><strong data-start=\"3485\" data-end=\"3498\">Le Morvan<\/strong> : pour les amoureux de la nature et des randonn\u00e9es<\/li><li data-start=\"3552\" data-end=\"3674\"><strong data-start=\"3554\" data-end=\"3580\">Les villages viticoles<\/strong> comme <strong data-start=\"3587\" data-end=\"3642\">Gevrey-Chambertin, Meursault ou Nuits-Saint-Georges<\/strong> pour une immersion \u0153nologique<\/li><\/ul>\t\t\t\t\t\t\t\t<\/div>\n\t\t\t\t\t<\/div>\n\t\t\t\t<\/div>\n\t\t\t\t<\/div>\n\t\t","protected":false},"excerpt":{"rendered":"<p>Recherches populaires Categories Pas de r\u00e9sultats Voir tous les r\u00e9sultats C\u00f4te d\u2019Or \u00c0 la d\u00e9couverte de la C\u00f4te-d\u2019Or : patrimoine, paysages et gastronomie La C\u00f4te-d\u2019Or est un d\u00e9partement fran\u00e7ais situ\u00e9 dans la r\u00e9gion Bourgogne-Franche-Comt\u00e9, r\u00e9put\u00e9 pour son riche patrimoine historique, ses paysages vari\u00e9s et sa gastronomie renomm\u00e9e. Sa pr\u00e9fecture, Dijon, est \u00e9galement le chef-lieu de [&hellip;]<\/p>\n","protected":false},"author":97,"featured_media":58296,"comment_status":"closed","ping_status":"closed","sticky":false,"template":"elementor_header_footer","format":"standard","meta":{"ngg_post_thumbnail":0,"footnotes":""},"categories":[1405,1168,2563,477],"tags":[883],"class_list":["post-58295","post","type-post","status-publish","format-standard","has-post-thumbnail","hentry","category-cote-dor","category-bourgogne-franche-comte","category-departement-de-france","category-france","tag-departement"],"_links":{"self":[{"href":"https:\/\/cparici.com\/de\/wp-json\/wp\/v2\/posts\/58295","targetHints":{"allow":["GET"]}}],"collection":[{"href":"https:\/\/cparici.com\/de\/wp-json\/wp\/v2\/posts"}],"about":[{"href":"https:\/\/cparici.com\/de\/wp-json\/wp\/v2\/types\/post"}],"author":[{"embeddable":true,"href":"https:\/\/cparici.com\/de\/wp-json\/wp\/v2\/users\/97"}],"replies":[{"embeddable":true,"href":"https:\/\/cparici.com\/de\/wp-json\/wp\/v2\/comments?post=58295"}],"version-history":[{"count":0,"href":"https:\/\/cparici.com\/de\/wp-json\/wp\/v2\/posts\/58295\/revisions"}],"wp:featuredmedia":[{"embeddable":true,"href":"https:\/\/cparici.com\/de\/wp-json\/wp\/v2\/media\/58296"}],"wp:attachment":[{"href":"https:\/\/cparici.com\/de\/wp-json\/wp\/v2\/media?parent=58295"}],"wp:term":[{"taxonomy":"category","embeddable":true,"href":"https:\/\/cparici.com\/de\/wp-json\/wp\/v2\/categories?post=58295"},{"taxonomy":"post_tag","embeddable":true,"href":"https:\/\/cparici.com\/de\/wp-json\/wp\/v2\/tags?post=58295"}],"curies":[{"name":"wp","href":"https:\/\/api.w.org\/{rel}","templated":true}]}}