{"id":58624,"date":"2025-03-03T08:22:26","date_gmt":"2025-03-03T07:22:26","guid":{"rendered":"https:\/\/cparici.com\/?p=58624"},"modified":"2026-04-16T19:32:18","modified_gmt":"2026-04-16T17:32:18","slug":"le-rhone-departement-a-decouvrir","status":"publish","type":"post","link":"https:\/\/cparici.com\/de\/le-rhone-departement-a-decouvrir\/","title":{"rendered":"Die Rh\u00f4ne D\u00e9partement zu entdecken"},"content":{"rendered":"\t\t<div data-elementor-type=\"wp-post\" data-elementor-id=\"58624\" class=\"elementor elementor-58624\" data-elementor-post-type=\"post\">\n\t\t\t\t<div class=\"elementor-element elementor-element-b6ec082 e-con-full e-flex e-con e-parent\" data-id=\"b6ec082\" data-element_type=\"container\" data-e-type=\"container\">\n\t\t\t\t<div class=\"elementor-element elementor-element-94f65f4 elementor-widget elementor-widget-image\" data-id=\"94f65f4\" data-element_type=\"widget\" data-e-type=\"widget\" data-widget_type=\"image.default\">\n\t\t\t\t\t\t\t\t\t\t\t\t\t\t\t<img decoding=\"async\" width=\"1500\" height=\"530\" src=\"https:\/\/cparici.com\/wp-content\/uploads\/2025\/03\/cparici-2025-03-03T081221.504.jpg\" class=\"attachment-full size-full wp-image-58625\" alt=\"Rh\u00f4ne d\u00e9partement\" srcset=\"https:\/\/cparici.com\/wp-content\/uploads\/2025\/03\/cparici-2025-03-03T081221.504.jpg 1500w, https:\/\/cparici.com\/wp-content\/uploads\/2025\/03\/cparici-2025-03-03T081221.504-300x106.jpg 300w, https:\/\/cparici.com\/wp-content\/uploads\/2025\/03\/cparici-2025-03-03T081221.504-1024x362.jpg 1024w, https:\/\/cparici.com\/wp-content\/uploads\/2025\/03\/cparici-2025-03-03T081221.504-768x271.jpg 768w, https:\/\/cparici.com\/wp-content\/uploads\/2025\/03\/cparici-2025-03-03T081221.504-18x6.jpg 18w, https:\/\/cparici.com\/wp-content\/uploads\/2025\/03\/cparici-2025-03-03T081221.504-590x208.jpg 590w, https:\/\/cparici.com\/wp-content\/uploads\/2025\/03\/cparici-2025-03-03T081221.504-1200x424.jpg 1200w, https:\/\/cparici.com\/wp-content\/uploads\/2025\/03\/cparici-2025-03-03T081221.504-577x204.jpg 577w, https:\/\/cparici.com\/wp-content\/uploads\/2025\/03\/cparici-2025-03-03T081221.504-600x212.jpg 600w\" sizes=\"(max-width: 1500px) 100vw, 1500px\" \/>\t\t\t\t\t\t\t\t\t\t\t\t\t\t\t<\/div>\n\t\t\t\t<\/div>\n\t\t<div class=\"elementor-element elementor-element-c801541 e-flex e-con-boxed e-con e-parent\" data-id=\"c801541\" data-element_type=\"container\" data-e-type=\"container\">\n\t\t\t\t\t<div class=\"e-con-inner\">\n\t\t\t\t<div class=\"elementor-element elementor-element-9b6166c elementor-widget elementor-widget-global elementor-global-62046 elementor-widget-eael-advanced-search\" data-id=\"9b6166c\" data-element_type=\"widget\" data-e-type=\"widget\" data-widget_type=\"eael-advanced-search.default\">\n\t\t\t\t\t        <div class=\"eael-adv-search-wrapper\">\n            <div id=\"eael-advanced-search-widget-9b6166c\" class=\"eael-advanced-search-widget\">\n                <form data-settings=\"{&quot;post_per_page&quot;:5,&quot;search_among_taxonomies&quot;:&quot;&quot;,&quot;search_among_sku&quot;:&quot;no&quot;,&quot;show_popular_keyword&quot;:0,&quot;show_category&quot;:0,&quot;show_content_image&quot;:1,&quot;show_search_result_all_results&quot;:0,&quot;result_on_new_tab&quot;:&quot;no&quot;,&quot;show_product_price&quot;:&quot;no&quot;,&quot;include_current_page&quot;:&quot;no&quot;,&quot;current_post_id&quot;:58624,&quot;post_type&quot;:[&quot;post&quot;,&quot;listing&quot;]}\" method=\"POST\" name=\"eael-advanced-search-form-9b6166c\" class=\"eael-advanced-search-form eael-advanced-search-form-style-2\">\n                    <div class=\"eael-advanced-search-wrap\">\n                        <span class=\"eael-adv-search-loader\"><\/span>\n                        <span class=\"eael-adv-search-close\"><i class=\"fas fa-times\"><\/i><\/span>\n                        <span class=\"icon \"><i class=\"fas fa-search\"><\/i><\/span>\n\n                        <input type=\"text\"\n                               placeholder=\"Votre destination\"\n                               class=\"eael-advanced-search\" autocomplete=\"off\" name=\"eael_advanced_search\">\n                    <\/div>\n\t\t\t\t\t                                    <\/form>\n\n\t\t\t\t\n\t\t\t\t        <div class=\"eael-advanced-search-result\">\n            <div class=\"eael-advanced-search-popular-keyword\">\n\t\t\t\t<h4 class=\"eael-advanced-search-popular-keyword-text\">Recherches populaires<\/h4>                <div class=\"eael-popular-keyword-content\"><\/div>\n            <\/div>\n            <div class=\"eael-advanced-search-category\">\n\t\t\t\t<h4 class=\"eael-advanced-search-category-text\">Categories<\/h4>                <div class=\"eael-popular-category-content\"><\/div>\n            <\/div>\n\t\t\t<div class=\"eael-advanced-search-total-results-section\">\n\t\t\t\t\t\t\t<\/div>\n            <div class=\"eael-advanced-search-content eael-item-style-3\">\n            <\/div>\n            <div class=\"eael-advanced-search-not-found\">\n                <p>Pas de r\u00e9sultats<\/p><\/div>\n            <div class=\"eael-advanced-search-load-more\">\n\t\t\t\t<a \tclass=\"eael-advanced-search-load-more-button\"\n                \thref=\"#\">Voir tous les r\u00e9sultats<\/a>\n            <\/div>\n        <\/div>\n\n\t\t            <\/div>\n        <\/div>\n\n\t\t\t\t\t\t<\/div>\n\t\t\t\t\t<\/div>\n\t\t\t\t<\/div>\n\t\t<div class=\"elementor-element elementor-element-31363fac e-flex e-con-boxed e-con e-parent\" data-id=\"31363fac\" data-element_type=\"container\" data-e-type=\"container\">\n\t\t\t\t\t<div class=\"e-con-inner\">\n\t\t\t\t<div class=\"elementor-element elementor-element-50933a81 elementor-widget elementor-widget-text-editor\" data-id=\"50933a81\" data-element_type=\"widget\" data-e-type=\"widget\" data-widget_type=\"text-editor.default\">\n\t\t\t\t\t\t\t\t\t<article class=\"w-full text-token-text-primary focus-visible:outline-2 focus-visible:outline-offset-[-4px]\" dir=\"auto\" data-testid=\"conversation-turn-9\" data-scroll-anchor=\"false\"><div class=\"m-auto text-base py-[18px] px-6\"><div class=\"mx-auto flex flex-1 text-base gap-4 md:gap-5 lg:gap-6 md:max-w-3xl lg:max-w-[40rem] xl:max-w-[48rem]\"><div class=\"group\/conversation-turn relative flex w-full min-w-0 flex-col agent-turn @xs\/thread:px-0 @sm\/thread:px-1.5 @md\/thread:px-4\"><div class=\"flex-col gap-1 md:gap-3\"><div class=\"flex max-w-full flex-col flex-grow\"><div class=\"min-h-8 text-message relative flex w-full flex-col items-end gap-2 whitespace-normal break-words text-start [.text-message+&]:mt-5\" dir=\"auto\" data-message-author-role=\"assistant\" data-message-id=\"3c7a9ca8-a456-480c-a33b-d77b5d6b42bb\" data-message-model-slug=\"gpt-4o\"><div class=\"flex w-full flex-col gap-1 empty:hidden first:pt-[3px]\"><div class=\"markdown prose w-full break-words dark:prose-invert light\"><h1 style=\"text-align: center;\" data-start=\"40\" data-end=\"159\"><span style=\"font-size: 18pt;\">Le Rh\u00f4ne d\u00e9partement \u00e0 d\u00e9couvrir<\/span><\/h1><p data-start=\"40\" data-end=\"159\"><span class=\"relative -mx-px my-[-0.2rem] rounded px-px py-[0.2rem]\">Le <strong data-start=\"3\" data-end=\"24\">Rh\u00f4ne d\u00e9partement<\/strong>, situ\u00e9 dans la r\u00e9gion <a href=\"https:\/\/cparici.com\/auvergne-rhone-alpes\/\">Auvergne-Rh\u00f4ne-Alpes<\/a>, est un territoire riche en histoire, en paysages vari\u00e9s et en traditions culinaires.<\/span> <span class=\"relative -mx-px my-[-0.2rem] rounded px-px py-[0.2rem]\">Ce d\u00e9partement offre une multitude de sites touristiques, des villes dynamiques et une gastronomie r\u00e9put\u00e9e qui s\u00e9duiront les voyageurs en qu\u00eate d\u2019authenticit\u00e9.<\/span>\u200b<\/p><h2 data-start=\"161\" data-end=\"198\"><span style=\"font-size: 18pt;\">Sites touristiques incontournables<\/span><\/h2><h3 data-start=\"200\" data-end=\"240\">La Basilique Notre-Dame de Fourvi\u00e8re<\/h3><p data-start=\"242\" data-end=\"361\"><span class=\"relative -mx-px my-[-0.2rem] rounded px-px py-[0.2rem]\">Perch\u00e9e sur la colline de Fourvi\u00e8re \u00e0 Lyon, la Basilique Notre-Dame de Fourvi\u00e8re est un chef-d\u2019\u0153uvre de l\u2019architecture religieuse du XIX\u1d49 si\u00e8cle.<\/span> <span class=\"relative -mx-px my-[-0.2rem] rounded px-px py-[0.2rem]\">Elle offre une vue panoramique sur la ville et abrite des mosa\u00efques somptueuses ainsi qu\u2019une crypte d\u00e9di\u00e9e \u00e0 saint Joseph.<\/span>\u200b<\/p><h3 data-start=\"363\" data-end=\"380\">Le Vieux Lyon<\/h3><p data-start=\"382\" data-end=\"541\"><span class=\"relative -mx-px my-[-0.2rem] rounded px-px py-[0.2rem]\"><a href=\"https:\/\/cparici.com\/lyon-ville\/\">Quartier historique de Lyon<\/a>, le Vieux Lyon est l\u2019un des plus vastes ensembles Renaissance d\u2019Europe.<\/span> <span class=\"relative -mx-px my-[-0.2rem] rounded px-px py-[0.2rem]\">Ses ruelles pav\u00e9es, ses traboules (passages couverts) et ses maisons color\u00e9es t\u00e9moignent du riche pass\u00e9 de la ville.<\/span> <span class=\"relative -mx-px my-[-0.2rem] rounded px-px py-[0.2rem]\">Ce quartier est \u00e9galement class\u00e9 au patrimoine mondial de l\u2019UNESCO.<\/span>\u200b<\/p><h3 data-start=\"543\" data-end=\"571\">Le Mus\u00e9e des Confluences<\/h3><p data-start=\"573\" data-end=\"698\"><span class=\"relative -mx-px my-[-0.2rem] rounded px-px py-[0.2rem]\">Situ\u00e9 \u00e0 la confluence du Rh\u00f4ne et de la Sa\u00f4ne, le Mus\u00e9e des Confluences est un mus\u00e9e d\u2019histoire naturelle, d\u2019anthropologie et des civilisations.<\/span> <span class=\"relative -mx-px my-[-0.2rem] rounded px-px py-[0.2rem]\">Son architecture futuriste et ses expositions interactives en font un lieu incontournable pour les amateurs de sciences et de d\u00e9couvertes.<\/span>\u200b<\/p><h3 data-start=\"700\" data-end=\"727\">Le Parc de la T\u00eate d\u2019Or<\/h3><p data-start=\"729\" data-end=\"894\"><span class=\"relative -mx-px my-[-0.2rem] rounded px-px py-[0.2rem]\">Plus grand parc urbain de France, le Parc de la T\u00eate d\u2019Or \u00e0 Lyon s\u2019\u00e9tend sur 117 hectares.<\/span> <span class=\"relative -mx-px my-[-0.2rem] rounded px-px py-[0.2rem]\">Il abrite un lac, un jardin botanique, une roseraie et m\u00eame un zoo gratuit.<\/span> <span class=\"relative -mx-px my-[-0.2rem] rounded px-px py-[0.2rem]\">C\u2019est un lieu de d\u00e9tente pris\u00e9 des Lyonnais et des touristes.<\/span>\u200b<\/p><h3 data-start=\"896\" data-end=\"913\">Le Beaujolais<\/h3><p data-start=\"915\" data-end=\"1040\"><span class=\"relative -mx-px my-[-0.2rem] rounded px-px py-[0.2rem]\">R\u00e9gion viticole renomm\u00e9e, le Beaujolais offre des paysages vallonn\u00e9s et des villages pittoresques comme Oingt ou Beaujeu.<\/span> <span class=\"relative -mx-px my-[-0.2rem] rounded px-px py-[0.2rem]\">Les amateurs de vin pourront d\u00e9guster les crus locaux et d\u00e9couvrir les secrets de la vinification.<\/span>\u200b<\/p><h2 data-start=\"1042\" data-end=\"1084\"><span style=\"font-size: 18pt;\">Paysages et villes du <\/span><span style=\"font-size: 18pt;\">d\u00e9partement du <\/span><span style=\"font-size: 18pt;\">Rh\u00f4ne<\/span><\/h2><h3 data-start=\"1086\" data-end=\"1094\">Lyon<\/h3><p data-start=\"1096\" data-end=\"1221\"><span class=\"relative -mx-px my-[-0.2rem] rounded px-px py-[0.2rem]\">Capitale des Gaules, Lyon est une m\u00e9tropole dynamique o\u00f9 se m\u00ealent histoire et modernit\u00e9.<\/span> <span class=\"relative -mx-px my-[-0.2rem] rounded px-px py-[0.2rem]\">Outre ses quartiers historiques, la ville est r\u00e9put\u00e9e pour sa gastronomie, ses festivals comme la F\u00eate des Lumi\u00e8res et ses institutions culturelles de renom. Outre les locations de vacances sur les plateformes ou sur le site cparici.com, <a href=\"https:\/\/cparici.com\/conciergerie-lyon-le-guide-complet\/\">les conciergeries de Lyon proposent des services<\/a> qui peuvent \u00eatre utiles lors d\u2019un s\u00e9jour dans la ville.<\/span>\u200b<\/p><h3 data-start=\"1223\" data-end=\"1249\">Villefranche-sur-Sa\u00f4ne<\/h3><p data-start=\"1251\" data-end=\"1376\"><span class=\"relative -mx-px my-[-0.2rem] rounded px-px py-[0.2rem]\">Situ\u00e9e au nord de Lyon, Villefranche-sur-Sa\u00f4ne est la capitale du Beaujolais.<\/span> <span class=\"relative -mx-px my-[-0.2rem] rounded px-px py-[0.2rem]\">Son centre-ville anim\u00e9, ses ruelles commer\u00e7antes et ses b\u00e2timents historiques en font une \u00e9tape agr\u00e9able pour les visiteurs.<\/span>\u200b<\/p><h3 data-start=\"1378\" data-end=\"1388\">Tarare<\/h3><p data-start=\"1390\" data-end=\"1515\"><span class=\"relative -mx-px my-[-0.2rem] rounded px-px py-[0.2rem]\">Nich\u00e9e entre les monts du Beaujolais et les monts du Lyonnais, Tarare est une ville au riche pass\u00e9 industriel.<\/span> <span class=\"relative -mx-px my-[-0.2rem] rounded px-px py-[0.2rem]\">Elle est entour\u00e9e de paysages verdoyants propices aux activit\u00e9s de plein air.<\/span>\u200b<\/p><h3 data-start=\"1517\" data-end=\"1526\">Oingt<\/h3><p data-start=\"1528\" data-end=\"1653\"><span class=\"relative -mx-px my-[-0.2rem] rounded px-px py-[0.2rem]\">Class\u00e9 parmi les \u201cPlus Beaux Villages de France\u201d, Oingt est un village m\u00e9di\u00e9val construit en pierres dor\u00e9es.<\/span> <span class=\"relative -mx-px my-[-0.2rem] rounded px-px py-[0.2rem]\">Ses ruelles pittoresques, son \u00e9glise romane et sa tour-donjon offrent un voyage dans le temps aux visiteurs.<\/span>\u200b<\/p><h2 data-start=\"1655\" data-end=\"1695\"><span style=\"font-size: 18pt;\">La r\u00e9gion et les d\u00e9partements voisins<\/span><\/h2><p data-start=\"1697\" data-end=\"1782\"><span class=\"relative -mx-px my-[-0.2rem] rounded px-px py-[0.2rem]\">Le Rh\u00f4ne est entour\u00e9 de plusieurs d\u00e9partements qui enrichissent la diversit\u00e9 de la r\u00e9gion Auvergne-Rh\u00f4ne-Alpes.<\/span>\u200b<\/p><h3 data-start=\"1784\" data-end=\"1793\">L\u2019Ain<\/h3><p data-start=\"1795\" data-end=\"1920\"><span class=\"relative -mx-px my-[-0.2rem] rounded px-px py-[0.2rem]\">\u00c0 l\u2019est, l\u2019Ain offre des paysages contrast\u00e9s entre la Bresse, le Bugey et le pays de Gex.<\/span> <span class=\"relative -mx-px my-[-0.2rem] rounded px-px py-[0.2rem]\">Ses villages pittoresques et ses sites naturels en font une destination pris\u00e9e des amoureux de la nature.<\/span>\u200b<\/p><h3 data-start=\"1922\" data-end=\"1933\">L\u2019Is\u00e8re<\/h3><p data-start=\"1935\" data-end=\"2060\"><span class=\"relative -mx-px my-[-0.2rem] rounded px-px py-[0.2rem]\">Au sud-est, l\u2019<a href=\"https:\/\/cparici.com\/isere\/\">Is\u00e8re<\/a> est un d\u00e9partement aux multiples facettes, des plaines du Dauphin\u00e9 aux sommets alpins.<\/span> <span class=\"relative -mx-px my-[-0.2rem] rounded px-px py-[0.2rem]\">Grenoble, sa pr\u00e9fecture, est une ville dynamique entour\u00e9e de montagnes.<\/span>\u200b<\/p><h3 data-start=\"2062\" data-end=\"2074\">La Loire<\/h3><p data-start=\"2076\" data-end=\"2201\"><span class=\"relative -mx-px my-[-0.2rem] rounded px-px py-[0.2rem]\">\u00c0 l\u2019ouest, la <a href=\"https:\/\/cparici.com\/departement-de-la-loire\/\">Loire<\/a> est marqu\u00e9e par le fleuve \u00e9ponyme et les monts du Forez.<\/span> <span class=\"relative -mx-px my-[-0.2rem] rounded px-px py-[0.2rem]\">Saint-\u00c9tienne, sa principale ville, est connue pour son pass\u00e9 industriel et son design contemporain.<\/span>\u200b<\/p><h3 data-start=\"2203\" data-end=\"2224\">La Sa\u00f4ne-et-Loire<\/h3><p data-start=\"2226\" data-end=\"2351\"><span class=\"relative -mx-px my-[-0.2rem] rounded px-px py-[0.2rem]\">Au nord, la Sa\u00f4ne-et-Loire appartient \u00e0 la r\u00e9gion Bourgogne-Franche-Comt\u00e9.<\/span> <span class=\"relative -mx-px my-[-0.2rem] rounded px-px py-[0.2rem]\">Elle est r\u00e9put\u00e9e pour ses vignobles, ses \u00e9glises romanes et ses paysages vallonn\u00e9s.<\/span>\u200b<\/p><\/div><\/div><\/div><\/div><\/div><\/div><\/div><\/div><\/article><article class=\"w-full text-token-text-primary focus-visible:outline-2 focus-visible:outline-offset-[-4px]\" dir=\"auto\" data-testid=\"conversation-turn-11\" data-scroll-anchor=\"false\"><div class=\"m-auto text-base py-[18px] px-6\"><div class=\"mx-auto flex flex-1 text-base gap-4 md:gap-5 lg:gap-6 md:max-w-3xl lg:max-w-[40rem] xl:max-w-[48rem]\"><div class=\"group\/conversation-turn relative flex w-full min-w-0 flex-col agent-turn @xs\/thread:px-0 @sm\/thread:px-1.5 @md\/thread:px-4\"><div class=\"flex-col gap-1 md:gap-3\"><div class=\"flex max-w-full flex-col flex-grow\"><div class=\"min-h-8 text-message relative flex w-full flex-col items-end gap-2 whitespace-normal break-words text-start [.text-message+&]:mt-5\" dir=\"auto\" data-message-author-role=\"assistant\" data-message-id=\"d15eb706-2354-496f-bf50-a8e968d88f23\" data-message-model-slug=\"gpt-4o\"><div class=\"flex w-full flex-col gap-1 empty:hidden first:pt-[3px]\"><div class=\"markdown prose w-full break-words dark:prose-invert light\"><h2 data-start=\"0\" data-end=\"65\"><span style=\"font-size: 18pt;\"><strong data-start=\"3\" data-end=\"65\">Gastronomie et sp\u00e9cialit\u00e9s culinaires du Rh\u00f4ne<\/strong><\/span><\/h2><p data-start=\"67\" data-end=\"502\">Le <strong data-start=\"70\" data-end=\"91\">Rh\u00f4ne d\u00e9partement<\/strong>, au c\u0153ur de la r\u00e9gion <strong data-start=\"114\" data-end=\"138\">Auvergne-Rh\u00f4ne-Alpes<\/strong>, est une v\u00e9ritable terre de gastronomie. Fortement influenc\u00e9 par la tradition culinaire lyonnaise, il offre une vari\u00e9t\u00e9 de <strong data-start=\"262\" data-end=\"330\">plats embl\u00e9matiques, de charcuteries, de fromages et de desserts<\/strong> qui ravissent les gourmets. La r\u00e9putation gastronomique du Rh\u00f4ne repose notamment sur ses <strong data-start=\"421\" data-end=\"442\">bouchons lyonnais<\/strong>, ses <strong data-start=\"448\" data-end=\"470\">vins du Beaujolais<\/strong> et ses <strong data-start=\"478\" data-end=\"501\">produits du terroir<\/strong>.<\/p><h3 data-start=\"2532\" data-end=\"2557\">Les bouchons lyonnais<\/h3><p data-start=\"2559\" data-end=\"2684\"><span class=\"relative -mx-px my-[-0.2rem] rounded px-px py-[0.2rem]\">Ces restaurants typiques proposent une cuisine conviviale et g\u00e9n\u00e9reuse.<\/span> <span class=\"relative -mx-px my-[-0.2rem] rounded px-px py-[0.2rem]\">Parmi les sp\u00e9cialit\u00e9s servies, on retrouve :<\/span>\u200b<\/p><ul data-start=\"2686\" data-end=\"3034\"><li data-start=\"2686\" data-end=\"2802\"><p data-start=\"2688\" data-end=\"2802\"><strong data-start=\"2688\" data-end=\"2714\">La quenelle de brochet<\/strong> : <span class=\"relative -mx-px my-[-0.2rem] rounded px-px py-[0.2rem]\">une p\u00e2te moelleuse \u00e0 base de brochet, servie avec une sauce Nantua.<\/span>\u200b<\/p><\/li><li data-start=\"2804\" data-end=\"2918\"><p data-start=\"2806\" data-end=\"2918\"><strong data-start=\"2806\" data-end=\"2830\">Le saucisson brioch\u00e9<\/strong> : <span class=\"relative -mx-px my-[-0.2rem] rounded px-px py-[0.2rem]\">un saucisson cuit enrob\u00e9 d\u2019une p\u00e2te brioch\u00e9e dor\u00e9e.<\/span>\u200b<\/p><\/li><li data-start=\"2920\" data-end=\"3034\"><p data-start=\"2922\" data-end=\"3034\"><strong data-start=\"2922\" data-end=\"2946\">La cervelle de canut<\/strong> : <span class=\"relative -mx-px my-[-0.2rem] rounded px-px py-[0.2rem]\">une pr\u00e9paration \u00e0 base de fromage blanc, d\u2019herbes fra\u00eeches et d\u2019ail, souvent tartin\u00e9e sur du pain.<\/span>\u200b<\/p><\/li><\/ul><h3 data-start=\"509\" data-end=\"555\"><strong data-start=\"513\" data-end=\"555\">Les plats typiques du Rh\u00f4ne et de Lyon<\/strong><\/h3><p data-start=\"557\" data-end=\"671\">La cuisine du Rh\u00f4ne est marqu\u00e9e par des <strong data-start=\"597\" data-end=\"629\">plats g\u00e9n\u00e9reux et conviviaux<\/strong>, souvent issus de la tradition populaire.<\/p><h4 data-start=\"673\" data-end=\"706\"><strong data-start=\"678\" data-end=\"706\">Les quenelles de brochet<\/strong><\/h4><p data-start=\"707\" data-end=\"961\">Les <strong data-start=\"711\" data-end=\"735\">quenelles de brochet<\/strong> sont l\u2019un des plats les plus embl\u00e9matiques de la r\u00e9gion. Cette p\u00e2te moelleuse, \u00e0 base de farine, de beurre, d\u2019\u0153ufs et de brochet, est g\u00e9n\u00e9ralement servie avec une <strong data-start=\"899\" data-end=\"915\">sauce Nantua<\/strong> (cr\u00e8me et \u00e9crevisses), qui sublime sa saveur.<\/p><h4 data-start=\"963\" data-end=\"992\"><strong data-start=\"968\" data-end=\"992\">Le tablier de sapeur<\/strong><\/h4><p data-start=\"993\" data-end=\"1231\">Sp\u00e9cialit\u00e9 surprenante, le <strong data-start=\"1020\" data-end=\"1041\">tablier de sapeur<\/strong> est un plat typiquement lyonnais. Il s\u2019agit d\u2019une pi\u00e8ce de <strong data-start=\"1101\" data-end=\"1137\">gras-double marin\u00e9e au vin blanc<\/strong>, pan\u00e9e et frite. Accompagn\u00e9 d\u2019une sauce gribiche ou tartare, il pla\u00eet aux amateurs de tripes.<\/p><h4 data-start=\"1233\" data-end=\"1262\"><strong data-start=\"1238\" data-end=\"1262\">Le saucisson brioch\u00e9<\/strong><\/h4><p data-start=\"1263\" data-end=\"1468\">Le <strong data-start=\"1266\" data-end=\"1287\">saucisson brioch\u00e9<\/strong> est un <strong data-start=\"1295\" data-end=\"1313\">saucisson cuit<\/strong> enrob\u00e9 d\u2019une <strong data-start=\"1327\" data-end=\"1354\">p\u00e2te brioch\u00e9e moelleuse<\/strong>. Servi chaud en entr\u00e9e ou en plat principal, il est souvent d\u00e9gust\u00e9 avec une salade verte ou des pommes de terre.<\/p><h4 data-start=\"1470\" data-end=\"1498\"><strong data-start=\"1475\" data-end=\"1498\">Le poulet C\u00e9lestine<\/strong><\/h4><p data-start=\"1499\" data-end=\"1715\">Sp\u00e9cialit\u00e9 traditionnelle de la cuisine lyonnaise, le <strong data-start=\"1553\" data-end=\"1573\">poulet C\u00e9lestine<\/strong> est pr\u00e9par\u00e9 avec <strong data-start=\"1591\" data-end=\"1647\">des champignons, du jambon et une sauce au vin blanc<\/strong>. Ce plat mijot\u00e9 est id\u00e9al pour un repas chaleureux et r\u00e9confortant.<\/p><h4 data-start=\"1717\" data-end=\"1745\"><strong data-start=\"1722\" data-end=\"1745\">La salade lyonnaise<\/strong><\/h4><p data-start=\"1746\" data-end=\"1960\">La <strong data-start=\"1749\" data-end=\"1769\">salade lyonnaise<\/strong> est une entr\u00e9e incontournable dans les <strong data-start=\"1809\" data-end=\"1830\">bouchons lyonnais<\/strong>. Elle se compose de <strong data-start=\"1851\" data-end=\"1891\">lardons, de cro\u00fbtons, d\u2019un \u0153uf poch\u00e9<\/strong> et de salade fris\u00e9e, le tout relev\u00e9 d\u2019une vinaigrette \u00e0 la moutarde.<\/p><h3 data-start=\"1967\" data-end=\"2018\"><strong data-start=\"1971\" data-end=\"2018\">Les charcuteries lyonnaises et rhodaniennes<\/strong><\/h3><p data-start=\"2020\" data-end=\"2136\">Le Rh\u00f4ne est r\u00e9put\u00e9 pour la qualit\u00e9 de ses <strong data-start=\"2063\" data-end=\"2079\">charcuteries<\/strong>, qui occupent une place centrale dans la cuisine locale.<\/p><h4 data-start=\"2138\" data-end=\"2165\"><strong data-start=\"2143\" data-end=\"2165\">La rosette de Lyon<\/strong><\/h4><p data-start=\"2166\" data-end=\"2395\">La <strong data-start=\"2169\" data-end=\"2188\">rosette de Lyon<\/strong> est un <strong data-start=\"2196\" data-end=\"2213\">saucisson sec<\/strong> fabriqu\u00e9 \u00e0 partir de viande de porc s\u00e9lectionn\u00e9e, assaisonn\u00e9e et affin\u00e9e pendant plusieurs semaines. Elle se d\u00e9guste en fines tranches \u00e0 l\u2019ap\u00e9ritif ou sur un plateau de charcuterie.<\/p><h4 data-start=\"2397\" data-end=\"2422\"><strong data-start=\"2402\" data-end=\"2422\">Le j\u00e9sus de Lyon<\/strong><\/h4><p data-start=\"2423\" data-end=\"2619\">Plus gros que la rosette, le <strong data-start=\"2452\" data-end=\"2469\">j\u00e9sus de Lyon<\/strong> est une charcuterie traditionnelle \u00e0 la saveur douce et l\u00e9g\u00e8rement poivr\u00e9e. Il est g\u00e9n\u00e9ralement tranch\u00e9 plus \u00e9pais et servi avec du pain de campagne.<\/p><h4 data-start=\"2621\" data-end=\"2640\"><strong data-start=\"2626\" data-end=\"2640\">Le sabodet<\/strong><\/h4><p data-start=\"2641\" data-end=\"2803\">Le <strong data-start=\"2644\" data-end=\"2655\">sabodet<\/strong> est une <strong data-start=\"2664\" data-end=\"2699\">saucisse \u00e0 base de t\u00eate de porc<\/strong>, parfum\u00e9e aux \u00e9pices et cuite \u00e0 l\u2019eau. Elle est souvent accompagn\u00e9e de pommes de terre ou de lentilles.<\/p><h4 data-start=\"2805\" data-end=\"2826\"><strong data-start=\"2810\" data-end=\"2826\">La caillette<\/strong><\/h4><p data-start=\"2827\" data-end=\"2983\">Originaire de la vall\u00e9e du Rh\u00f4ne, la <strong data-start=\"2864\" data-end=\"2877\">caillette<\/strong> est une petite <strong data-start=\"2893\" data-end=\"2924\">terrine de porc et d\u2019herbes<\/strong> qui se d\u00e9guste froide en entr\u00e9e ou chaude avec une salade.<\/p><h3 data-start=\"2990\" data-end=\"3045\"><strong data-start=\"2994\" data-end=\"3045\">Les fromages du Rh\u00f4ne et d\u2019Auvergne-Rh\u00f4ne-Alpes<\/strong><\/h3><p data-start=\"3047\" data-end=\"3171\">Si le Rh\u00f4ne ne produit pas de fromage sp\u00e9cifique, il b\u00e9n\u00e9ficie de la proximit\u00e9 avec plusieurs <strong data-start=\"3141\" data-end=\"3170\">grands fromages r\u00e9gionaux<\/strong>.<\/p><h4 data-start=\"3173\" data-end=\"3200\"><strong data-start=\"3178\" data-end=\"3200\">Le Saint-Marcellin<\/strong><\/h4><p data-start=\"3201\" data-end=\"3385\">Le <strong data-start=\"3204\" data-end=\"3223\">Saint-Marcellin<\/strong> est un petit <strong data-start=\"3237\" data-end=\"3288\">fromage de vache \u00e0 p\u00e2te molle et cro\u00fbte fleurie<\/strong>. Fondant et cr\u00e9meux, il est souvent d\u00e9gust\u00e9 avec du pain frais ou fondu sur des pommes de terre.<\/p><h4 data-start=\"3387\" data-end=\"3408\"><strong data-start=\"3392\" data-end=\"3408\">Le Mont d\u2019Or<\/strong><\/h4><p data-start=\"3409\" data-end=\"3588\">\u00c9galement appel\u00e9 <strong data-start=\"3426\" data-end=\"3452\">Vacherin du Haut-Doubs<\/strong>, ce fromage cr\u00e9meux est typiquement consomm\u00e9 <strong data-start=\"3498\" data-end=\"3516\">chaud et fondu<\/strong> dans sa bo\u00eete en bois, accompagn\u00e9 de pommes de terre et de charcuterie.<\/p><h4 data-start=\"3590\" data-end=\"3621\"><strong data-start=\"3595\" data-end=\"3621\">La Rigotte de Condrieu<\/strong><\/h4><p data-start=\"3622\" data-end=\"3845\">Petit fromage de ch\u00e8vre <strong data-start=\"3646\" data-end=\"3674\">affin\u00e9 en cro\u00fbte fleurie<\/strong>, la <strong data-start=\"3679\" data-end=\"3702\">Rigotte de Condrieu<\/strong> est produite dans le sud du d\u00e9partement, \u00e0 proximit\u00e9 du Parc naturel du Pilat. Elle d\u00e9veloppe des ar\u00f4mes subtils de noisette et de champignon.<\/p><h3 data-start=\"3852\" data-end=\"3897\"><strong data-start=\"3856\" data-end=\"3897\">Les desserts et gourmandises du Rh\u00f4ne<\/strong><\/h3><h4 data-start=\"3899\" data-end=\"3929\"><strong data-start=\"3904\" data-end=\"3929\">La tarte \u00e0 la praline<\/strong><\/h4><p data-start=\"3930\" data-end=\"4170\">Dessert iconique des p\u00e2tisseries lyonnaises, la <strong data-start=\"3978\" data-end=\"4000\">tarte \u00e0 la praline<\/strong> se compose d\u2019une <strong data-start=\"4018\" data-end=\"4091\">p\u00e2te sabl\u00e9e garnie d\u2019un m\u00e9lange de cr\u00e8me et de pralines roses fondues<\/strong>. Son go\u00fbt sucr\u00e9 et sa couleur rouge vif en font une sp\u00e9cialit\u00e9 incontournable.<\/p><h4 data-start=\"4172\" data-end=\"4202\"><strong data-start=\"4177\" data-end=\"4202\">Les bugnes lyonnaises<\/strong><\/h4><p data-start=\"4203\" data-end=\"4400\">Les <strong data-start=\"4207\" data-end=\"4217\">bugnes<\/strong> sont des beignets l\u00e9gers et croustillants, saupoudr\u00e9s de sucre glace. Traditionnellement consomm\u00e9es pour Mardi Gras, elles existent en <strong data-start=\"4353\" data-end=\"4399\">version moelleuse ou fine et croustillante<\/strong>.<\/p><h4 data-start=\"4402\" data-end=\"4429\"><strong data-start=\"4407\" data-end=\"4429\">La pogne de Romans<\/strong><\/h4><p data-start=\"4430\" data-end=\"4669\">Originaire de Romans-sur-Is\u00e8re mais tr\u00e8s appr\u00e9ci\u00e9e dans tout le Rh\u00f4ne, la <strong data-start=\"4504\" data-end=\"4513\">pogne<\/strong> est une <strong data-start=\"4522\" data-end=\"4563\">brioche parfum\u00e9e \u00e0 la fleur d\u2019oranger<\/strong>. Sa texture moelleuse et son go\u00fbt d\u00e9licat en font une douceur id\u00e9ale pour le petit-d\u00e9jeuner ou le go\u00fbter.<\/p><h4 data-start=\"4671\" data-end=\"4700\"><strong data-start=\"4676\" data-end=\"4700\">Les coussins de Lyon<\/strong><\/h4><p data-start=\"4701\" data-end=\"4905\">Confiserie embl\u00e9matique de Lyon, le <strong data-start=\"4737\" data-end=\"4756\">coussin de Lyon<\/strong> est une <strong data-start=\"4765\" data-end=\"4830\">p\u00e2te d\u2019amande fourr\u00e9e d\u2019une ganache au chocolat et au cura\u00e7ao<\/strong>. Son enrobage vert et sa forme de coussin lui donnent une allure \u00e9l\u00e9gante.<\/p><h3 data-start=\"4912\" data-end=\"4949\"><strong data-start=\"4916\" data-end=\"4949\">Les vins et boissons du Rh\u00f4ne<\/strong><\/h3><p data-start=\"4951\" data-end=\"5061\">Le <strong data-start=\"4954\" data-end=\"4975\">Rh\u00f4ne d\u00e9partement<\/strong> est une terre de <strong data-start=\"4993\" data-end=\"5013\">vins prestigieux<\/strong>, notamment gr\u00e2ce au vignoble du <strong data-start=\"5046\" data-end=\"5060\">Beaujolais<\/strong>.<\/p><h4 data-start=\"5063\" data-end=\"5094\"><strong data-start=\"5068\" data-end=\"5094\">Les vins du Beaujolais<\/strong><\/h4><p data-start=\"5095\" data-end=\"5253\">Le <strong data-start=\"5098\" data-end=\"5112\">Beaujolais<\/strong>, au nord du d\u00e9partement, produit des vins rouges r\u00e9put\u00e9s, principalement \u00e0 partir du c\u00e9page <strong data-start=\"5205\" data-end=\"5214\">Gamay<\/strong>. Les crus les plus c\u00e9l\u00e8bres incluent :<\/p><ul data-start=\"5254\" data-end=\"5438\"><li data-start=\"5254\" data-end=\"5312\"><strong data-start=\"5256\" data-end=\"5266\">Morgon<\/strong> : Un vin puissant aux ar\u00f4mes de fruits noirs.<\/li><li data-start=\"5313\" data-end=\"5363\"><strong data-start=\"5315\" data-end=\"5326\">Fleurie<\/strong> : Un vin \u00e9l\u00e9gant aux notes florales.<\/li><li data-start=\"5364\" data-end=\"5438\"><strong data-start=\"5366\" data-end=\"5383\">Moulin-\u00e0-Vent<\/strong> : Un des crus les plus structur\u00e9s et aptes \u00e0 la garde.<\/li><\/ul><h4 data-start=\"5440\" data-end=\"5466\"><strong data-start=\"5445\" data-end=\"5466\">Le C\u00f4tes-du-Rh\u00f4ne<\/strong><\/h4><p data-start=\"5467\" data-end=\"5640\">Bien que plus au sud, l\u2019appellation <strong data-start=\"5503\" data-end=\"5521\">C\u00f4tes-du-Rh\u00f4ne<\/strong> influence \u00e9galement la production viticole du d\u00e9partement, offrant des vins rouges, blancs et ros\u00e9s de grande qualit\u00e9.<\/p><h4 data-start=\"5642\" data-end=\"5671\"><strong data-start=\"5647\" data-end=\"5671\">La liqueur de g\u00e9n\u00e9pi<\/strong><\/h4><p data-start=\"5672\" data-end=\"5807\">Appr\u00e9ci\u00e9e en digestif, la <strong data-start=\"5698\" data-end=\"5719\">liqueur de g\u00e9n\u00e9pi<\/strong> est produite \u00e0 partir d\u2019une plante de montagne et poss\u00e8de des ar\u00f4mes herbac\u00e9s intenses.<\/p><h3 data-start=\"5814\" data-end=\"5832\"><strong data-start=\"5818\" data-end=\"5832\">Conclusion<\/strong><\/h3><p data-start=\"5833\" data-end=\"6315\" data-is-last-node=\"\" data-is-only-node=\"\">La <strong data-start=\"5836\" data-end=\"5872\">gastronomie du Rh\u00f4ne d\u00e9partement<\/strong> est un savant m\u00e9lange de <strong data-start=\"5898\" data-end=\"5946\">tradition lyonnaise et de terroirs viticoles<\/strong>. Avec ses <strong data-start=\"5957\" data-end=\"5978\">bouchons typiques<\/strong>, ses <strong data-start=\"5984\" data-end=\"6012\">charcuteries savoureuses<\/strong>, ses <strong data-start=\"6018\" data-end=\"6043\">fromages de caract\u00e8re<\/strong> et ses <strong data-start=\"6051\" data-end=\"6073\">desserts gourmands<\/strong>, la r\u00e9gion se place parmi les plus riches gastronomiquement en France. Une visite dans le Rh\u00f4ne est une invitation \u00e0 la d\u00e9couverte de ces <strong data-start=\"6212\" data-end=\"6238\">sp\u00e9cialit\u00e9s culinaires<\/strong> qui font la renomm\u00e9e du d\u00e9partement \u00e0 l\u2019\u00e9chelle nationale et internationale.<\/p><\/div><\/div><\/div><\/div><\/div><\/div><\/div><\/div><\/article><article class=\"w-full text-token-text-primary focus-visible:outline-2 focus-visible:outline-offset-[-4px]\" dir=\"auto\" data-testid=\"conversation-turn-13\" data-scroll-anchor=\"true\"><div class=\"m-auto text-base py-[18px] px-6\"><div class=\"mx-auto flex flex-1 text-base gap-4 md:gap-5 lg:gap-6 md:max-w-3xl lg:max-w-[40rem] xl:max-w-[48rem]\"><div class=\"group\/conversation-turn relative flex w-full min-w-0 flex-col agent-turn @xs\/thread:px-0 @sm\/thread:px-1.5 @md\/thread:px-4\"><div class=\"flex-col gap-1 md:gap-3\"><div class=\"flex max-w-full flex-col flex-grow\"><div class=\"min-h-8 text-message relative flex w-full flex-col items-end gap-2 whitespace-normal break-words text-start [.text-message+&]:mt-5\" dir=\"auto\" data-message-author-role=\"assistant\" data-message-id=\"68cee824-d5be-4ebb-be85-0858e2bfbcd0\" data-message-model-slug=\"gpt-4o\"><div class=\"flex w-full flex-col gap-1 empty:hidden first:pt-[3px]\"><div class=\"markdown prose w-full break-words dark:prose-invert light\"><h2 data-start=\"0\" data-end=\"30\"><span style=\"font-size: 18pt;\"><strong data-start=\"3\" data-end=\"30\">FAQ \u2013 Rh\u00f4ne d\u00e9partement<\/strong><\/span><\/h2><h3 data-start=\"32\" data-end=\"112\"><strong data-start=\"36\" data-end=\"112\">Quels sont les sites touristiques incontournables du Rh\u00f4ne d\u00e9partement ?<\/strong><\/h3><p data-start=\"113\" data-end=\"217\">Le <strong data-start=\"116\" data-end=\"137\">Rh\u00f4ne d\u00e9partement<\/strong> regorge de sites touristiques majeurs. Parmi les incontournables, on retrouve :<\/p><ul data-start=\"218\" data-end=\"668\"><li data-start=\"218\" data-end=\"293\"><strong data-start=\"220\" data-end=\"228\">Lyon<\/strong>, avec la Basilique de Fourvi\u00e8re, le Vieux Lyon et la Presqu\u2019\u00eele.<\/li><li data-start=\"294\" data-end=\"388\"><strong data-start=\"296\" data-end=\"313\">Le Beaujolais<\/strong>, c\u00e9l\u00e8bre pour ses vignobles et ses villages en pierres dor\u00e9es comme Oingt.<\/li><li data-start=\"389\" data-end=\"456\"><strong data-start=\"391\" data-end=\"418\">Le Parc de la T\u00eate d\u2019Or<\/strong>, le plus grand parc urbain de France.<\/li><li data-start=\"457\" data-end=\"546\"><strong data-start=\"459\" data-end=\"487\">Le Mus\u00e9e des Confluences<\/strong>, un mus\u00e9e moderne d\u00e9di\u00e9 aux sciences et aux civilisations.<\/li><li data-start=\"547\" data-end=\"668\"><strong data-start=\"549\" data-end=\"575\">Villefranche-sur-Sa\u00f4ne<\/strong>, la capitale du Beaujolais, r\u00e9put\u00e9e pour ses rues commer\u00e7antes et son patrimoine historique.<\/li><\/ul><h3 data-start=\"675\" data-end=\"746\"><strong data-start=\"679\" data-end=\"746\">Quels sont les paysages caract\u00e9ristiques du Rh\u00f4ne d\u00e9partement ?<\/strong><\/h3><p data-start=\"747\" data-end=\"812\">Le <strong data-start=\"750\" data-end=\"771\">Rh\u00f4ne d\u00e9partement<\/strong> offre une grande diversit\u00e9 de paysages :<\/p><ul data-start=\"813\" data-end=\"1241\"><li data-start=\"813\" data-end=\"895\"><strong data-start=\"815\" data-end=\"842\">Les monts du Beaujolais<\/strong>, avec leurs collines verdoyantes et leurs vignobles.<\/li><li data-start=\"896\" data-end=\"985\"><strong data-start=\"898\" data-end=\"923\">Les monts du Lyonnais<\/strong>, parfaits pour la randonn\u00e9e et offrant de superbes panoramas.<\/li><li data-start=\"986\" data-end=\"1076\"><strong data-start=\"988\" data-end=\"1025\">Les bords du Rh\u00f4ne et de la Sa\u00f4ne<\/strong>, propices aux balades et aux croisi\u00e8res fluviales.<\/li><li data-start=\"1077\" data-end=\"1158\"><strong data-start=\"1079\" data-end=\"1113\">Les villages en pierres dor\u00e9es<\/strong>, qui donnent un charme unique au territoire.<\/li><li data-start=\"1159\" data-end=\"1241\"><strong data-start=\"1161\" data-end=\"1187\">La m\u00e9tropole lyonnaise<\/strong>, qui allie patrimoine historique et dynamisme urbain.<\/li><\/ul><h3 data-start=\"1248\" data-end=\"1312\"><strong data-start=\"1252\" data-end=\"1312\">Quelle est la gastronomie typique du Rh\u00f4ne d\u00e9partement ?<\/strong><\/h3><p data-start=\"1313\" data-end=\"1468\">Le <strong data-start=\"1316\" data-end=\"1337\">Rh\u00f4ne d\u00e9partement<\/strong> est une terre de <strong data-start=\"1355\" data-end=\"1370\">gastronomie<\/strong>, principalement influenc\u00e9e par la cuisine lyonnaise. Parmi les sp\u00e9cialit\u00e9s locales, on retrouve :<\/p><ul data-start=\"1469\" data-end=\"1887\"><li data-start=\"1469\" data-end=\"1533\"><strong data-start=\"1471\" data-end=\"1499\">Les quenelles de brochet<\/strong>, accompagn\u00e9es d\u2019une sauce Nantua.<\/li><li data-start=\"1534\" data-end=\"1613\"><strong data-start=\"1536\" data-end=\"1560\">Le saucisson brioch\u00e9<\/strong>, un saucisson cuit envelopp\u00e9 dans une p\u00e2te brioch\u00e9e.<\/li><li data-start=\"1614\" data-end=\"1672\"><strong data-start=\"1616\" data-end=\"1640\">Le tablier de sapeur<\/strong>, du gras-double marin\u00e9 et pan\u00e9.<\/li><li data-start=\"1673\" data-end=\"1805\"><strong data-start=\"1675\" data-end=\"1700\">Les bouchons lyonnais<\/strong>, restaurants traditionnels servant des plats typiques comme la salade lyonnaise et la cervelle de canut.<\/li><li data-start=\"1806\" data-end=\"1887\"><strong data-start=\"1808\" data-end=\"1834\">Les vins du Beaujolais<\/strong>, mondialement connus, comme le Morgon et le Fleurie.<\/li><\/ul><h3 data-start=\"1894\" data-end=\"1948\"><strong data-start=\"1898\" data-end=\"1948\">Quels sont les d\u00e9partements voisins du Rh\u00f4ne ?<\/strong><\/h3><p data-start=\"1949\" data-end=\"2074\">Le <strong data-start=\"1952\" data-end=\"1973\">Rh\u00f4ne d\u00e9partement<\/strong> est entour\u00e9 par plusieurs d\u00e9partements qui offrent une grande diversit\u00e9 de paysages et d\u2019activit\u00e9s :<\/p><ul data-start=\"2075\" data-end=\"2359\"><li data-start=\"2075\" data-end=\"2131\"><strong data-start=\"2077\" data-end=\"2091\">L\u2019Ain (01)<\/strong> : c\u00e9l\u00e8bre pour la Dombes et ses \u00e9tangs.<\/li><li data-start=\"2132\" data-end=\"2194\"><strong data-start=\"2134\" data-end=\"2150\">L\u2019Is\u00e8re (38)<\/strong> : riche en montagnes et en stations de ski.<\/li><li data-start=\"2195\" data-end=\"2277\"><strong data-start=\"2197\" data-end=\"2214\">La Loire (42)<\/strong> : marqu\u00e9e par les monts du Forez et la ville de Saint-\u00c9tienne.<\/li><li data-start=\"2278\" data-end=\"2359\"><strong data-start=\"2280\" data-end=\"2306\">La Sa\u00f4ne-et-Loire (71)<\/strong> : connue pour ses vignobles et son patrimoine roman.<\/li><\/ul><h3 data-start=\"2366\" data-end=\"2438\"><strong data-start=\"2370\" data-end=\"2438\">Pourquoi Lyon est-elle surnomm\u00e9e la capitale de la gastronomie ?<\/strong><\/h3><p data-start=\"2439\" data-end=\"2514\">Lyon est souvent qualifi\u00e9e de <strong data-start=\"2469\" data-end=\"2499\">capitale de la gastronomie<\/strong> en raison de :<\/p><ul data-start=\"2515\" data-end=\"2919\"><li data-start=\"2515\" data-end=\"2609\">Son <strong data-start=\"2521\" data-end=\"2549\">h\u00e9ritage culinaire riche<\/strong>, port\u00e9 par des figures embl\u00e9matiques comme <strong data-start=\"2593\" data-end=\"2608\">Paul Bocuse<\/strong>.<\/li><li data-start=\"2610\" data-end=\"2702\">La pr\u00e9sence des <strong data-start=\"2628\" data-end=\"2649\">bouchons lyonnais<\/strong>, restaurants typiques servant une cuisine g\u00e9n\u00e9reuse.<\/li><li data-start=\"2703\" data-end=\"2790\">La diversit\u00e9 de ses <strong data-start=\"2725\" data-end=\"2749\">march\u00e9s alimentaires<\/strong>, dont le c\u00e9l\u00e8bre <strong data-start=\"2767\" data-end=\"2789\">Halles Paul Bocuse<\/strong>.<\/li><li data-start=\"2791\" data-end=\"2919\">Sa localisation privil\u00e9gi\u00e9e, qui lui permet d\u2019avoir acc\u00e8s \u00e0 des produits de haute qualit\u00e9 provenant des r\u00e9gions environnantes.<\/li><\/ul><h3 data-start=\"2926\" data-end=\"3003\"><strong data-start=\"2930\" data-end=\"3003\">Quels sont les \u00e9v\u00e9nements et festivals majeurs du Rh\u00f4ne d\u00e9partement ?<\/strong><\/h3><p data-start=\"3004\" data-end=\"3073\">Le <strong data-start=\"3007\" data-end=\"3028\">Rh\u00f4ne d\u00e9partement<\/strong> accueille plusieurs \u00e9v\u00e9nements d\u2019envergure :<\/p><ul data-start=\"3074\" data-end=\"3488\"><li data-start=\"3074\" data-end=\"3197\"><strong data-start=\"3076\" data-end=\"3107\">La F\u00eate des Lumi\u00e8res (Lyon)<\/strong> : chaque d\u00e9cembre, la ville s\u2019illumine avec des installations artistiques spectaculaires.<\/li><li data-start=\"3198\" data-end=\"3283\"><strong data-start=\"3200\" data-end=\"3225\">Le Beaujolais Nouveau<\/strong> : f\u00eate annuelle c\u00e9l\u00e9brant l\u2019arriv\u00e9e du nouveau mill\u00e9sime.<\/li><li data-start=\"3284\" data-end=\"3407\"><strong data-start=\"3286\" data-end=\"3312\">Les Nuits de Fourvi\u00e8re<\/strong> : festival de th\u00e9\u00e2tre, musique et danse dans le cadre exceptionnel du th\u00e9\u00e2tre antique de Lyon.<\/li><li data-start=\"3408\" data-end=\"3488\"><strong data-start=\"3410\" data-end=\"3444\">La Biennale d\u2019Art Contemporain<\/strong> : un \u00e9v\u00e9nement artistique majeur en France.<\/li><\/ul><h3 data-start=\"3495\" data-end=\"3573\"><strong data-start=\"3499\" data-end=\"3573\">Quels sont les meilleurs endroits pour d\u00e9guster du vin dans le Rh\u00f4ne ?<\/strong><\/h3><p data-start=\"3574\" data-end=\"3723\">Le <strong data-start=\"3577\" data-end=\"3591\">Beaujolais<\/strong>, au nord du d\u00e9partement, est le lieu id\u00e9al pour une d\u00e9gustation de vin. Parmi les <strong data-start=\"3674\" data-end=\"3706\">meilleurs domaines viticoles<\/strong>, on peut citer :<\/p><ul data-start=\"3724\" data-end=\"3953\"><li data-start=\"3724\" data-end=\"3816\"><strong data-start=\"3726\" data-end=\"3749\">Le Ch\u00e2teau de Pizay<\/strong>, un domaine prestigieux proposant des d\u00e9gustations et des visites.<\/li><li data-start=\"3817\" data-end=\"3878\"><strong data-start=\"3819\" data-end=\"3840\">Le Hameau Duboeuf<\/strong>, un mus\u00e9e du vin unique en son genre.<\/li><li data-start=\"3879\" data-end=\"3953\"><strong data-start=\"3881\" data-end=\"3918\">Les caves de Morgon et de Fleurie<\/strong>, pour d\u00e9couvrir des crus renomm\u00e9s.<\/li><\/ul><h3 data-start=\"3960\" data-end=\"4039\"><strong data-start=\"3964\" data-end=\"4039\">Quels sont les loisirs et activit\u00e9s \u00e0 faire dans le Rh\u00f4ne d\u00e9partement ?<\/strong><\/h3><p data-start=\"4040\" data-end=\"4100\">Le <strong data-start=\"4043\" data-end=\"4064\">Rh\u00f4ne d\u00e9partement<\/strong> offre une large gamme d\u2019activit\u00e9s :<\/p><ul data-start=\"4101\" data-end=\"4434\"><li data-start=\"4101\" data-end=\"4162\"><strong data-start=\"4103\" data-end=\"4117\">Randonn\u00e9es<\/strong> dans les monts du Beaujolais et du Lyonnais.<\/li><li data-start=\"4163\" data-end=\"4231\"><strong data-start=\"4165\" data-end=\"4183\">Balades \u00e0 v\u00e9lo<\/strong> le long des voies vertes et des bords de Sa\u00f4ne.<\/li><li data-start=\"4232\" data-end=\"4320\"><strong data-start=\"4234\" data-end=\"4257\">Visites culturelles<\/strong> \u00e0 Lyon, Villefranche-sur-Sa\u00f4ne et dans les villages m\u00e9di\u00e9vaux.<\/li><li data-start=\"4321\" data-end=\"4385\"><strong data-start=\"4323\" data-end=\"4351\">D\u00e9gustations \u0153nologiques<\/strong> dans les vignobles du Beaujolais.<\/li><li data-start=\"4386\" data-end=\"4434\"><strong data-start=\"4388\" data-end=\"4408\">Sports nautiques<\/strong> sur la Sa\u00f4ne et le Rh\u00f4ne.<\/li><\/ul><h3 data-start=\"4441\" data-end=\"4516\"><strong data-start=\"4445\" data-end=\"4516\">Quelle est la meilleure p\u00e9riode pour visiter le Rh\u00f4ne d\u00e9partement ?<\/strong><\/h3><p data-start=\"4517\" data-end=\"4593\">La meilleure p\u00e9riode pour visiter le Rh\u00f4ne d\u00e9pend de l\u2019activit\u00e9 recherch\u00e9e :<\/p><ul data-start=\"4594\" data-end=\"5019\"><li data-start=\"4594\" data-end=\"4690\"><strong data-start=\"4596\" data-end=\"4620\">Printemps (mars-mai)<\/strong> : id\u00e9al pour explorer les vignobles et profiter des paysages fleuris.<\/li><li data-start=\"4691\" data-end=\"4788\"><strong data-start=\"4693\" data-end=\"4712\">\u00c9t\u00e9 (juin-ao\u00fbt)<\/strong> : parfait pour les festivals, les randonn\u00e9es et les activit\u00e9s de plein air.<\/li><li data-start=\"4789\" data-end=\"4896\"><strong data-start=\"4791\" data-end=\"4823\">Automne (septembre-novembre)<\/strong> : recommand\u00e9 pour les amateurs de vin, avec les vendanges du Beaujolais.<\/li><li data-start=\"4897\" data-end=\"5019\"><strong data-start=\"4899\" data-end=\"4927\">Hiver (d\u00e9cembre-f\u00e9vrier)<\/strong> : propice aux march\u00e9s de No\u00ebl et \u00e0 la d\u00e9couverte des sp\u00e9cialit\u00e9s gastronomiques hivernales.<\/li><\/ul><\/div><\/div><\/div><\/div><\/div><\/div><\/div><\/div><\/article>\t\t\t\t\t\t\t\t<\/div>\n\t\t\t\t\t<\/div>\n\t\t\t\t<\/div>\n\t\t\t\t<\/div>\n\t\t","protected":false},"excerpt":{"rendered":"<p>Recherches populaires Categories Pas de r\u00e9sultats Voir tous les r\u00e9sultats Le Rh\u00f4ne d\u00e9partement \u00e0 d\u00e9couvrir Le Rh\u00f4ne d\u00e9partement, situ\u00e9 dans la r\u00e9gion Auvergne-Rh\u00f4ne-Alpes, est un territoire riche en histoire, en paysages vari\u00e9s et en traditions culinaires. Ce d\u00e9partement offre une multitude de sites touristiques, des villes dynamiques et une gastronomie r\u00e9put\u00e9e qui s\u00e9duiront les voyageurs [&hellip;]<\/p>\n","protected":false},"author":97,"featured_media":58625,"comment_status":"closed","ping_status":"closed","sticky":false,"template":"elementor_header_footer","format":"standard","meta":{"ngg_post_thumbnail":0,"footnotes":""},"categories":[1366,1167,2563,477],"tags":[883],"class_list":["post-58624","post","type-post","status-publish","format-standard","has-post-thumbnail","hentry","category-rhone","category-auvergne-rhone-alpes","category-departement-de-france","category-france","tag-departement"],"_links":{"self":[{"href":"https:\/\/cparici.com\/de\/wp-json\/wp\/v2\/posts\/58624","targetHints":{"allow":["GET"]}}],"collection":[{"href":"https:\/\/cparici.com\/de\/wp-json\/wp\/v2\/posts"}],"about":[{"href":"https:\/\/cparici.com\/de\/wp-json\/wp\/v2\/types\/post"}],"author":[{"embeddable":true,"href":"https:\/\/cparici.com\/de\/wp-json\/wp\/v2\/users\/97"}],"replies":[{"embeddable":true,"href":"https:\/\/cparici.com\/de\/wp-json\/wp\/v2\/comments?post=58624"}],"version-history":[{"count":2,"href":"https:\/\/cparici.com\/de\/wp-json\/wp\/v2\/posts\/58624\/revisions"}],"predecessor-version":[{"id":88601,"href":"https:\/\/cparici.com\/de\/wp-json\/wp\/v2\/posts\/58624\/revisions\/88601"}],"wp:featuredmedia":[{"embeddable":true,"href":"https:\/\/cparici.com\/de\/wp-json\/wp\/v2\/media\/58625"}],"wp:attachment":[{"href":"https:\/\/cparici.com\/de\/wp-json\/wp\/v2\/media?parent=58624"}],"wp:term":[{"taxonomy":"category","embeddable":true,"href":"https:\/\/cparici.com\/de\/wp-json\/wp\/v2\/categories?post=58624"},{"taxonomy":"post_tag","embeddable":true,"href":"https:\/\/cparici.com\/de\/wp-json\/wp\/v2\/tags?post=58624"}],"curies":[{"name":"wp","href":"https:\/\/api.w.org\/{rel}","templated":true}]}}