{"id":58676,"date":"2025-03-03T14:45:34","date_gmt":"2025-03-03T13:45:34","guid":{"rendered":"https:\/\/cparici.com\/?p=58676"},"modified":"2025-03-27T12:51:45","modified_gmt":"2025-03-27T11:51:45","slug":"laita","status":"publish","type":"post","link":"https:\/\/cparici.com\/de\/laita\/","title":{"rendered":"La\u00efta"},"content":{"rendered":"\t\t<div data-elementor-type=\"wp-post\" data-elementor-id=\"58676\" class=\"elementor elementor-58676\" data-elementor-post-type=\"post\">\n\t\t\t\t<div class=\"elementor-element elementor-element-b9208e8 e-con-full e-flex e-con e-parent\" data-id=\"b9208e8\" data-element_type=\"container\" data-e-type=\"container\">\n\t\t\t\t<div class=\"elementor-element elementor-element-e90c302 elementor-widget elementor-widget-image\" data-id=\"e90c302\" data-element_type=\"widget\" data-e-type=\"widget\" data-widget_type=\"image.default\">\n\t\t\t\t\t\t\t\t\t\t\t\t\t\t\t<img decoding=\"async\" width=\"1500\" height=\"530\" src=\"https:\/\/cparici.com\/wp-content\/uploads\/2025\/03\/cparici-2025-03-03T144030.971.jpg\" class=\"attachment-full size-full wp-image-58677\" alt=\"La La\u00efta\" srcset=\"https:\/\/cparici.com\/wp-content\/uploads\/2025\/03\/cparici-2025-03-03T144030.971.jpg 1500w, https:\/\/cparici.com\/wp-content\/uploads\/2025\/03\/cparici-2025-03-03T144030.971-300x106.jpg 300w, https:\/\/cparici.com\/wp-content\/uploads\/2025\/03\/cparici-2025-03-03T144030.971-1024x362.jpg 1024w, https:\/\/cparici.com\/wp-content\/uploads\/2025\/03\/cparici-2025-03-03T144030.971-768x271.jpg 768w, https:\/\/cparici.com\/wp-content\/uploads\/2025\/03\/cparici-2025-03-03T144030.971-18x6.jpg 18w, https:\/\/cparici.com\/wp-content\/uploads\/2025\/03\/cparici-2025-03-03T144030.971-590x208.jpg 590w, https:\/\/cparici.com\/wp-content\/uploads\/2025\/03\/cparici-2025-03-03T144030.971-1200x424.jpg 1200w, https:\/\/cparici.com\/wp-content\/uploads\/2025\/03\/cparici-2025-03-03T144030.971-577x204.jpg 577w, https:\/\/cparici.com\/wp-content\/uploads\/2025\/03\/cparici-2025-03-03T144030.971-600x212.jpg 600w\" sizes=\"(max-width: 1500px) 100vw, 1500px\" \/>\t\t\t\t\t\t\t\t\t\t\t\t\t\t\t<\/div>\n\t\t\t\t<\/div>\n\t\t<div class=\"elementor-element elementor-element-67e5c33d e-flex e-con-boxed e-con e-parent\" data-id=\"67e5c33d\" data-element_type=\"container\" data-e-type=\"container\">\n\t\t\t\t\t<div class=\"e-con-inner\">\n\t\t\t\t<div class=\"elementor-element elementor-element-88c4387 elementor-widget elementor-widget-text-editor\" data-id=\"88c4387\" data-element_type=\"widget\" data-e-type=\"widget\" data-widget_type=\"text-editor.default\">\n\t\t\t\t\t\t\t\t\t<article class=\"w-full text-token-text-primary focus-visible:outline-2 focus-visible:outline-offset-[-4px]\" dir=\"auto\" data-testid=\"conversation-turn-13\" data-scroll-anchor=\"false\"><div class=\"m-auto text-base py-[18px] px-6\"><div class=\"mx-auto flex flex-1 text-base gap-4 md:gap-5 lg:gap-6 md:max-w-3xl lg:max-w-[40rem] xl:max-w-[48rem]\"><div class=\"group\/conversation-turn relative flex w-full min-w-0 flex-col agent-turn @xs\/thread:px-0 @sm\/thread:px-1.5 @md\/thread:px-4\"><div class=\"flex-col gap-1 md:gap-3\"><div class=\"flex max-w-full flex-col flex-grow\"><div class=\"min-h-8 text-message relative flex w-full flex-col items-end gap-2 whitespace-normal break-words text-start [.text-message+&amp;]:mt-5\" dir=\"auto\" data-message-author-role=\"assistant\" data-message-id=\"cd682297-5e29-43fa-ae41-2b2f7097749e\" data-message-model-slug=\"gpt-4o\"><div class=\"flex w-full flex-col gap-1 empty:hidden first:pt-[3px]\"><div class=\"markdown prose w-full break-words dark:prose-invert light\"><h1 style=\"text-align: center;\" data-start=\"40\" data-end=\"159\"><span class=\"relative -mx-px my-[-0.2rem] rounded px-px py-[0.2rem]\" style=\"font-size: 18pt;\">La <strong data-start=\"3\" data-end=\"12\">La\u00efta<\/strong><\/span><\/h1><p data-start=\"40\" data-end=\"159\"><span class=\"relative -mx-px my-[-0.2rem] rounded px-px py-[0.2rem]\">La <strong data-start=\"3\" data-end=\"12\">La\u00efta<\/strong> est une rivi\u00e8re c\u00f4ti\u00e8re <a href=\"https:\/\/cparici.com\/visiter-la-bretagne-guide-des-sites-et-villes-a-explorer\/\">bretonne,<\/a> fruit de la confluence de l&#8217;Ell\u00e9 et de l&#8217;Isole \u00e0 Quimperl\u00e9, qui s&#8217;\u00e9tend sur environ 17 kilom\u00e8tres jusqu&#8217;\u00e0 son embouchure entre <strong data-start=\"174\" data-end=\"184\">Guidel<\/strong> (<a href=\"https:\/\/cparici.com\/visiter-le-morbihan-guide-des-sites-et-activites-a-ne-pas-manquer\/\">Morbihan<\/a>) et <strong data-start=\"199\" data-end=\"218\">Clohars-Carno\u00ebt<\/strong> (<a href=\"https:\/\/cparici.com\/visiter-le-finistere-guide-ultime-des-lieux-a-decouvrir\/\">Finist\u00e8re<\/a>).<\/span> <span class=\"relative -mx-px my-[-0.2rem] rounded px-px py-[0.2rem]\">Cette ria offre des paysages pittoresques entre terre et mer, constituant un cadre id\u00e9al pour diverses activit\u00e9s de plein air et la d\u00e9couverte d&#8217;un riche patrimoine naturel et culturel.<\/span>\u200b<\/p><h2 data-start=\"161\" data-end=\"213\"><span style=\"font-size: 18pt;\"><strong data-start=\"165\" data-end=\"213\">Communes Environnantes et Sites Remarquables de <span class=\"relative -mx-px my-[-0.2rem] rounded px-px py-[0.2rem]\">La La\u00efta<\/span><\/strong><\/span><\/h2><p data-start=\"215\" data-end=\"343\"><strong data-start=\"215\" data-end=\"225\">Guidel<\/strong> et <strong data-start=\"229\" data-end=\"248\">Clohars-Carno\u00ebt<\/strong> sont les deux principales communes bordant la La\u00efta, chacune offrant des attraits sp\u00e9cifiques.<\/p><ul data-start=\"345\" data-end=\"664\"><li data-start=\"345\" data-end=\"517\"><p data-start=\"347\" data-end=\"517\"><a href=\"https:\/\/cparici.com\/guidel\/\"><strong data-start=\"347\" data-end=\"357\">Guidel<\/strong><\/a> : <span class=\"relative -mx-px my-[-0.2rem] rounded px-px py-[0.2rem]\">Situ\u00e9e sur la rive droite, cette commune est r\u00e9put\u00e9e pour ses plages pris\u00e9es des surfeurs et ses sentiers de randonn\u00e9e le long de la La\u00efta.<\/span> <span class=\"relative -mx-px my-[-0.2rem] rounded px-px py-[0.2rem]\">Le sentier c\u00f4tier GR34 permet d&#8217;appr\u00e9cier la vall\u00e9e pr\u00e9serv\u00e9e de toute construction, offrant des panoramas naturels exceptionnels.<\/span> \u200b<\/p><\/li><li data-start=\"519\" data-end=\"664\"><p data-start=\"521\" data-end=\"664\"><a href=\"https:\/\/cparici.com\/clohars-carnoet\/\"><strong data-start=\"521\" data-end=\"540\">Clohars-Carno\u00ebt<\/strong><\/a> : <span class=\"relative -mx-px my-[-0.2rem] rounded px-px py-[0.2rem]\">Sur la rive gauche, cette commune abrite le charmant port du Pouldu, lieu de vill\u00e9giature de nombreux artistes, dont Paul Gauguin.<\/span> <span class=\"relative -mx-px my-[-0.2rem] rounded px-px py-[0.2rem]\">Le site abbatial de Saint-Maurice, situ\u00e9 au bord de la La\u00efta, est un lieu historique offrant des promenades paisibles dans un cadre verdoyant.<\/span>\u200b<\/p><\/li><\/ul><h3 data-start=\"666\" data-end=\"707\"><strong data-start=\"670\" data-end=\"707\">Activit\u00e9s \u00e0 R\u00e9aliser sur la La\u00efta<\/strong><\/h3><p data-start=\"709\" data-end=\"844\">La La\u00efta et ses environs proposent une multitude d&#8217;activit\u00e9s pour les amoureux de la nature, les sportifs et les passionn\u00e9s d&#8217;histoire.<\/p><ul data-start=\"846\" data-end=\"1765\"><li data-start=\"846\" data-end=\"1029\"><p data-start=\"848\" data-end=\"1029\"><strong data-start=\"848\" data-end=\"861\">Randonn\u00e9e<\/strong> : <span class=\"relative -mx-px my-[-0.2rem] rounded px-px py-[0.2rem]\">Les rives de la La\u00efta sont parcourues par des sentiers de randonn\u00e9e, notamment le GR34, offrant des vues imprenables sur la rivi\u00e8re et la for\u00eat environnante.<\/span> <span class=\"relative -mx-px my-[-0.2rem] rounded px-px py-[0.2rem]\">Ces chemins permettent de d\u00e9couvrir une faune et une flore riches, avec la possibilit\u00e9 d&#8217;observer des esp\u00e8ces d&#8217;oiseaux telles que le h\u00e9ron cendr\u00e9 ou l&#8217;aigrette garzette.<\/span> \u200b<\/p><\/li><li data-start=\"1031\" data-end=\"1224\"><p data-start=\"1033\" data-end=\"1224\"><strong data-start=\"1033\" data-end=\"1056\">Activit\u00e9s nautiques<\/strong> : <span class=\"relative -mx-px my-[-0.2rem] rounded px-px py-[0.2rem]\">La La\u00efta est propice \u00e0 la pratique du kayak et du cano\u00eb.<\/span> <span class=\"relative -mx-px my-[-0.2rem] rounded px-px py-[0.2rem]\">Des balades nautiques permettent d&#8217;explorer les m\u00e9andres de la rivi\u00e8re, offrant une perspective unique sur les paysages environnants.<\/span> \u200b<\/p><\/li><li data-start=\"1226\" data-end=\"1410\"><p data-start=\"1228\" data-end=\"1410\"><strong data-start=\"1228\" data-end=\"1242\">Croisi\u00e8res<\/strong> : <span class=\"relative -mx-px my-[-0.2rem] rounded px-px py-[0.2rem]\">Des croisi\u00e8res comment\u00e9es sont propos\u00e9es pour d\u00e9couvrir l&#8217;histoire de la La\u00efta, ancienne voie de commerce maritime.<\/span> <span class=\"relative -mx-px my-[-0.2rem] rounded px-px py-[0.2rem]\">Ces excursions permettent d&#8217;observer les anciens sites mytilicoles, les moulins \u00e0 mar\u00e9e et une nature pr\u00e9serv\u00e9e.<\/span><\/p><\/li><li data-start=\"1412\" data-end=\"1610\"><p data-start=\"1414\" data-end=\"1610\"><strong data-start=\"1414\" data-end=\"1442\">Observation de la nature<\/strong> : <span class=\"relative -mx-px my-[-0.2rem] rounded px-px py-[0.2rem]\">Les berges de la La\u00efta sont riches en biodiversit\u00e9.<\/span> <span class=\"relative -mx-px my-[-0.2rem] rounded px-px py-[0.2rem]\">Les amateurs d&#8217;ornithologie pourront y observer diverses esp\u00e8ces d&#8217;oiseaux, tandis que les promenades le long de la rivi\u00e8re offrent des opportunit\u00e9s d&#8217;immersion en pleine nature.<\/span> \u200b<\/p><\/li><li data-start=\"1612\" data-end=\"1765\"><p data-start=\"1614\" data-end=\"1765\"><strong data-start=\"1614\" data-end=\"1637\">Patrimoine culturel<\/strong> : <span class=\"relative -mx-px my-[-0.2rem] rounded px-px py-[0.2rem]\">La r\u00e9gion est riche en patrimoine avec des sites tels que le site abbatial de Saint-Maurice \u00e0 Clohars-Carno\u00ebt, offrant une plong\u00e9e dans l&#8217;histoire locale.<\/span> \u200b<\/p><\/li><\/ul><h3><span class=\"___SText_anxqe-ko_\" data-ui-name=\"Link.Text\">Port de plaisance de pouldu la\u00efta<\/span><\/h3><p data-start=\"40\" data-end=\"159\"><span class=\"relative -mx-px my-[-0.2rem] rounded px-px py-[0.2rem]\">Le <strong data-start=\"3\" data-end=\"27\">port du Pouldu-La\u00efta<\/strong> est un charmant port de plaisance situ\u00e9 \u00e0 l&#8217;embouchure de la La\u00efta, entre les communes de <strong data-start=\"118\" data-end=\"137\">Clohars-Carno\u00ebt<\/strong> (Finist\u00e8re) et <strong data-start=\"153\" data-end=\"163\">Guidel<\/strong> (Morbihan).<\/span> <span class=\"relative -mx-px my-[-0.2rem] rounded px-px py-[0.2rem]\">Ce site pr\u00e9serv\u00e9 offre un cadre id\u00e9al pour les plaisanciers souhaitant profiter des beaut\u00e9s naturelles de la Bretagne sud.<\/span>\u200b<\/p><h3 data-start=\"161\" data-end=\"189\">Caract\u00e9ristiques du Port<\/h3><ul data-start=\"191\" data-end=\"651\"><li data-start=\"191\" data-end=\"330\"><p data-start=\"193\" data-end=\"330\"><strong data-start=\"193\" data-end=\"208\">Emplacement<\/strong> : <span class=\"relative -mx-px my-[-0.2rem] rounded px-px py-[0.2rem]\">Le port se trouve \u00e0 l&#8217;embouchure de la La\u00efta, une rivi\u00e8re c\u00f4ti\u00e8re qui s\u00e9pare le Finist\u00e8re du Morbihan.<\/span> \u200b<\/p><\/li><li data-start=\"332\" data-end=\"470\"><p data-start=\"334\" data-end=\"470\"><strong data-start=\"334\" data-end=\"348\">Mouillages<\/strong> : <span class=\"relative -mx-px my-[-0.2rem] rounded px-px py-[0.2rem]\">Le port dispose d&#8217;environ <strong data-start=\"26\" data-end=\"54\">100 mouillages communaux<\/strong>, adapt\u00e9s aux bateaux de 4 \u00e0 13 m\u00e8tres.<\/span> \u200b<\/p><\/li><li data-start=\"472\" data-end=\"651\"><p data-start=\"474\" data-end=\"651\"><strong data-start=\"474\" data-end=\"483\">Acc\u00e8s<\/strong> : <span class=\"relative -mx-px my-[-0.2rem] rounded px-px py-[0.2rem]\">L&#8217;entr\u00e9e du port peut \u00eatre d\u00e9licate en raison des forts courants et des bancs de sable mouvants.<\/span> <span class=\"relative -mx-px my-[-0.2rem] rounded px-px py-[0.2rem]\">Il est recommand\u00e9 de naviguer avec prudence, surtout par gros temps.<\/span> \u200b<\/p><\/li><\/ul><h3 data-start=\"653\" data-end=\"677\">Services Disponibles<\/h3><ul data-start=\"679\" data-end=\"1153\"><li data-start=\"679\" data-end=\"824\"><p data-start=\"681\" data-end=\"824\"><strong data-start=\"681\" data-end=\"696\">\u00c9quipements<\/strong> : <span class=\"relative -mx-px my-[-0.2rem] rounded px-px py-[0.2rem]\">Le port offre des services essentiels tels qu&#8217;une cabine de douche, des toilettes et un bac \u00e0 vaisselle.<\/span>\u00a0<\/p><\/li><li data-start=\"826\" data-end=\"970\"><p data-start=\"828\" data-end=\"970\"><strong data-start=\"828\" data-end=\"842\">Assistance<\/strong> : <span class=\"relative -mx-px my-[-0.2rem] rounded px-px py-[0.2rem]\">Une assistance est disponible pour aider les bateaux \u00e0 entrer dans la rivi\u00e8re.<\/span> \u200b<\/p><\/li><li data-start=\"972\" data-end=\"1153\"><p data-start=\"974\" data-end=\"1153\"><strong data-start=\"974\" data-end=\"985\">Navette<\/strong> : <span class=\"relative -mx-px my-[-0.2rem] rounded px-px py-[0.2rem]\">Une navette, la <strong data-start=\"16\" data-end=\"30\">SIRENE III<\/strong>, assure le transport entre les deux rives de la La\u00efta, reliant les communes de Clohars-Carno\u00ebt et Guidel.<\/span> <span class=\"relative -mx-px my-[-0.2rem] rounded px-px py-[0.2rem]\">Cette travers\u00e9e est particuli\u00e8rement appr\u00e9ci\u00e9e des randonneurs et des cyclistes.<\/span>\u00a0<\/p><\/li><\/ul><h3>O\u00f9 acheter des moules de La La <span class=\"relative -mx-px my-[-0.2rem] rounded px-px py-[0.2rem]\">La\u00efta?<\/span><\/h3><p data-start=\"0\" data-end=\"133\"><span class=\"relative -mx-px my-[-0.2rem] rounded px-px py-[0.2rem]\">Pour savourer des <strong data-start=\"18\" data-end=\"40\">moules de la La\u00efta<\/strong>, vous pouvez vous adresser \u00e0 <strong data-start=\"70\" data-end=\"98\">Leslie et Julien Romagn\u00e9<\/strong>, producteurs locaux engag\u00e9s dans une mytiliculture responsable.<\/span> Voici comment vous procurer leurs produits :<\/p><ul data-start=\"135\" data-end=\"1055\"><li data-start=\"135\" data-end=\"529\"><p data-start=\"137\" data-end=\"239\"><strong data-start=\"137\" data-end=\"155\">March\u00e9s locaux<\/strong> : <span class=\"relative -mx-px my-[-0.2rem] rounded px-px py-[0.2rem]\">De juillet \u00e0 octobre, ils proposent leurs moules sur diff\u00e9rents march\u00e9s :<\/span>\u200b<\/p><ul data-start=\"242\" data-end=\"529\"><li data-start=\"242\" data-end=\"385\"><strong data-start=\"244\" data-end=\"263\">Clohars-Carno\u00ebt<\/strong> : <span class=\"relative -mx-px my-[-0.2rem] rounded px-px py-[0.2rem]\">Le samedi matin.<\/span> \u200b<\/li><li data-start=\"388\" data-end=\"529\"><strong data-start=\"390\" data-end=\"407\">Guidel-Plages<\/strong> : <span class=\"relative -mx-px my-[-0.2rem] rounded px-px py-[0.2rem]\">Le mercredi soir.<\/span> \u200b<\/li><\/ul><\/li><li data-start=\"531\" data-end=\"896\"><p data-start=\"533\" data-end=\"572\"><strong data-start=\"533\" data-end=\"570\">Points de vente \u00e0 Clohars-Carno\u00ebt<\/strong> :<\/p><ul data-start=\"575\" data-end=\"896\"><li data-start=\"575\" data-end=\"732\"><strong data-start=\"577\" data-end=\"604\">Halle \u00e0 mar\u00e9e de Do\u00eblan<\/strong> : <span class=\"relative -mx-px my-[-0.2rem] rounded px-px py-[0.2rem]\">Vente le vendredi \u00e0 partir de 15h, de juillet \u00e0 octobre.<\/span><\/li><li data-start=\"735\" data-end=\"896\"><strong data-start=\"737\" data-end=\"768\">\u00c9tal de vente dans le bourg<\/strong> : <span class=\"relative -mx-px my-[-0.2rem] rounded px-px py-[0.2rem]\">Vente le mardi \u00e0 partir de 16h, de juillet \u00e0 octobre.<\/span> \u200b<\/li><\/ul><\/li><li data-start=\"898\" data-end=\"1055\"><p data-start=\"900\" data-end=\"1055\"><strong data-start=\"900\" data-end=\"927\">Commandes et livraisons<\/strong> : <span class=\"relative -mx-px my-[-0.2rem] rounded px-px py-[0.2rem]\">Il est possible de passer commande par SMS pour des livraisons \u00e0 Clohars-Carno\u00ebt en fin de journ\u00e9e, notamment du mardi au jeudi.<\/span> \u200b<\/p><\/li><\/ul><p data-start=\"1767\" data-end=\"1852\"><span class=\"relative -mx-px my-[-0.2rem] rounded px-px py-[0.2rem]\">En somme, la La\u00efta est une destination de choix pour ceux qui souhaitent allier activit\u00e9s de plein air, d\u00e9couverte culturelle et immersion dans des paysages bretons authentiques.<\/span>\u200b<\/p><\/div><\/div><\/div><\/div><\/div><\/div><\/div><\/div><\/article><article class=\"w-full text-token-text-primary focus-visible:outline-2 focus-visible:outline-offset-[-4px]\" dir=\"auto\" data-testid=\"conversation-turn-15\" data-scroll-anchor=\"true\"><div class=\"m-auto text-base py-[18px] px-6\"><div class=\"mx-auto flex flex-1 text-base gap-4 md:gap-5 lg:gap-6 md:max-w-3xl lg:max-w-[40rem] xl:max-w-[48rem]\"><div class=\"group\/conversation-turn relative flex w-full min-w-0 flex-col agent-turn @xs\/thread:px-0 @sm\/thread:px-1.5 @md\/thread:px-4\"><div class=\"flex-col gap-1 md:gap-3\"><div class=\"flex max-w-full flex-col flex-grow\"><div class=\"min-h-8 text-message relative flex w-full flex-col items-end gap-2 whitespace-normal break-words text-start [.text-message+&amp;]:mt-5\" dir=\"auto\" data-message-author-role=\"assistant\" data-message-id=\"d72a2a05-0b7f-4a7c-aca3-037a5ad007ff\" data-message-model-slug=\"gpt-4o\"><div class=\"flex w-full flex-col gap-1 empty:hidden first:pt-[3px]\"><div class=\"markdown prose w-full break-words dark:prose-invert light\"><h3 data-start=\"0\" data-end=\"36\"><strong data-start=\"4\" data-end=\"34\">FAQ sur la La\u00efta<\/strong><\/h3><h4 data-start=\"38\" data-end=\"75\"><strong data-start=\"43\" data-end=\"73\">1. O\u00f9 se trouve la La\u00efta ?<\/strong><\/h4><p data-start=\"76\" data-end=\"328\">La <strong data-start=\"79\" data-end=\"88\">La\u00efta<\/strong> est une rivi\u00e8re c\u00f4ti\u00e8re situ\u00e9e en <strong data-start=\"123\" data-end=\"139\">Bretagne Sud<\/strong>. Elle prend sa source \u00e0 <strong data-start=\"164\" data-end=\"177\">Quimperl\u00e9<\/strong> (Finist\u00e8re) et s\u2019\u00e9tend sur environ <strong data-start=\"213\" data-end=\"222\">17 km<\/strong> avant de se jeter dans l\u2019oc\u00e9an Atlantique entre <strong data-start=\"271\" data-end=\"281\">Guidel<\/strong> (Morbihan) et <strong data-start=\"296\" data-end=\"315\">Clohars-Carno\u00ebt<\/strong> (Finist\u00e8re).<\/p><h4 data-start=\"335\" data-end=\"405\"><strong data-start=\"340\" data-end=\"403\">2. Pourquoi la La\u00efta est-elle un site naturel remarquable ?<\/strong><\/h4><p data-start=\"406\" data-end=\"640\">La <strong data-start=\"409\" data-end=\"418\">La\u00efta<\/strong> traverse une vall\u00e9e pr\u00e9serv\u00e9e o\u00f9 se m\u00ealent <strong data-start=\"462\" data-end=\"500\">for\u00eats, marais, falaises et plages<\/strong>. C\u2019est un \u00e9cosyst\u00e8me riche en biodiversit\u00e9 o\u00f9 l\u2019on peut observer une grande vari\u00e9t\u00e9 d\u2019oiseaux, dont le h\u00e9ron cendr\u00e9 et l\u2019aigrette garzette.<\/p><h4 data-start=\"647\" data-end=\"707\"><strong data-start=\"652\" data-end=\"705\">3. Quelles activit\u00e9s peut-on faire sur la La\u00efta ?<\/strong><\/h4><ul data-start=\"708\" data-end=\"1024\"><li data-start=\"708\" data-end=\"774\"><strong data-start=\"710\" data-end=\"723\">Randonn\u00e9e<\/strong> sur les sentiers c\u00f4tiers, notamment le <strong data-start=\"763\" data-end=\"771\">GR34<\/strong>.<\/li><li data-start=\"775\" data-end=\"840\"><strong data-start=\"777\" data-end=\"796\">Kayak et paddle<\/strong> pour explorer la rivi\u00e8re au fil de l\u2019eau.<\/li><li data-start=\"841\" data-end=\"898\"><strong data-start=\"843\" data-end=\"864\">Balades en bateau<\/strong> avec des croisi\u00e8res comment\u00e9es.<\/li><li data-start=\"899\" data-end=\"965\"><strong data-start=\"901\" data-end=\"943\">Observation de la faune et de la flore<\/strong> le long des berges.<\/li><li data-start=\"966\" data-end=\"1024\"><strong data-start=\"968\" data-end=\"1006\">P\u00eache en eau douce et en eau sal\u00e9e<\/strong> selon les mar\u00e9es.<\/li><\/ul><h4 data-start=\"1031\" data-end=\"1076\"><strong data-start=\"1036\" data-end=\"1074\">4. Peut-on naviguer sur la La\u00efta ?<\/strong><\/h4><p data-start=\"1077\" data-end=\"1287\">Oui, la <strong data-start=\"1085\" data-end=\"1108\">La\u00efta est navigable<\/strong> en kayak, paddle et bateau \u00e0 moteur. Des excursions en bateau sont organis\u00e9es au d\u00e9part de <strong data-start=\"1200\" data-end=\"1217\">Guidel-Plages<\/strong> et du <strong data-start=\"1224\" data-end=\"1234\">Pouldu<\/strong>, permettant d\u2019explorer la rivi\u00e8re en toute s\u00e9r\u00e9nit\u00e9.<\/p><h4 data-start=\"1294\" data-end=\"1376\"><strong data-start=\"1299\" data-end=\"1374\">5. Quels sont les sites incontournables \u00e0 visiter le long de la La\u00efta ?<\/strong><\/h4><ul data-start=\"1377\" data-end=\"1738\"><li data-start=\"1377\" data-end=\"1480\"><strong data-start=\"1379\" data-end=\"1416\">Le site abbatial de Saint-Maurice<\/strong> : un ancien monast\u00e8re cistercien nich\u00e9 au bord de la rivi\u00e8re.<\/li><li data-start=\"1481\" data-end=\"1560\"><strong data-start=\"1483\" data-end=\"1504\">Le port du Pouldu<\/strong> : un charmant port breton ayant inspir\u00e9 Paul Gauguin.<\/li><li data-start=\"1561\" data-end=\"1642\"><strong data-start=\"1563\" data-end=\"1600\">Les plages de Guidel et du Pouldu<\/strong>, parfaites pour la baignade et le surf.<\/li><li data-start=\"1643\" data-end=\"1738\"><strong data-start=\"1645\" data-end=\"1682\">Les marais et for\u00eats environnants<\/strong>, id\u00e9aux pour la randonn\u00e9e et l\u2019observation de la faune.<\/li><\/ul><h4 data-start=\"1745\" data-end=\"1814\"><strong data-start=\"1750\" data-end=\"1812\">6. Quelle est la meilleure p\u00e9riode pour visiter la La\u00efta ?<\/strong><\/h4><p data-start=\"1815\" data-end=\"2112\">La <strong data-start=\"1818\" data-end=\"1839\">meilleure p\u00e9riode<\/strong> pour visiter la La\u00efta est <strong data-start=\"1866\" data-end=\"1912\">du printemps \u00e0 l\u2019automne (avril \u00e0 octobre)<\/strong>. Le climat est agr\u00e9able, parfait pour les activit\u00e9s nautiques et les randonn\u00e9es. L\u2019\u00e9t\u00e9 est id\u00e9al pour la baignade et les croisi\u00e8res, tandis que l\u2019automne offre des couleurs magnifiques sur les rives.<\/p><h4 data-start=\"2119\" data-end=\"2162\"><strong data-start=\"2124\" data-end=\"2160\">7. Peut-on p\u00eacher sur la La\u00efta ?<\/strong><\/h4><p data-start=\"2163\" data-end=\"2425\">Oui, la <strong data-start=\"2171\" data-end=\"2194\">p\u00eache est autoris\u00e9e<\/strong> sur la La\u00efta, aussi bien en eau douce qu\u2019en eau sal\u00e9e selon la mar\u00e9e. On peut y trouver des esp\u00e8ces comme l\u2019<strong data-start=\"2303\" data-end=\"2344\">alose, l\u2019anguille, le mulet et le bar<\/strong>. Il est conseill\u00e9 de se renseigner sur la r\u00e9glementation locale avant de p\u00eacher.<\/p><h4 data-start=\"2432\" data-end=\"2501\"><strong data-start=\"2437\" data-end=\"2499\">8. Y a-t-il des sentiers de randonn\u00e9e autour de la La\u00efta ?<\/strong><\/h4><p data-start=\"2502\" data-end=\"2559\">Oui, plusieurs sentiers longent la rivi\u00e8re, notamment :<\/p><ul data-start=\"2560\" data-end=\"2838\"><li data-start=\"2560\" data-end=\"2653\"><strong data-start=\"2562\" data-end=\"2573\">Le GR34<\/strong>, qui permet de suivre la c\u00f4te et d\u2019avoir une vue imprenable sur l\u2019embouchure.<\/li><li data-start=\"2654\" data-end=\"2733\"><strong data-start=\"2656\" data-end=\"2682\">Le circuit de la La\u00efta<\/strong>, une boucle qui traverse la for\u00eat et les marais.<\/li><li data-start=\"2734\" data-end=\"2838\"><strong data-start=\"2736\" data-end=\"2790\">Les chemins vers le site abbatial de Saint-Maurice<\/strong>, parfaits pour une balade culturelle et nature.<\/li><\/ul><h4 data-start=\"2845\" data-end=\"2887\"><strong data-start=\"2850\" data-end=\"2885\">9. Comment acc\u00e9der \u00e0 la La\u00efta ?<\/strong><\/h4><ul data-start=\"2888\" data-end=\"3165\"><li data-start=\"2888\" data-end=\"2968\"><strong data-start=\"2890\" data-end=\"2904\">En voiture<\/strong> : depuis <a href=\"https:\/\/cparici.com\/lorient\/\">Lorient<\/a> (15 min), Quimperl\u00e9 (10 min) ou Vannes (1h).<\/li><li data-start=\"2969\" data-end=\"3072\"><strong data-start=\"2971\" data-end=\"2983\">En train<\/strong> : Gare de <a href=\"https:\/\/cparici.com\/quimperle\/\"><strong data-start=\"2994\" data-end=\"3007\">Quimperl\u00e9<\/strong><\/a> puis bus ou voiture jusqu\u2019\u00e0 <strong data-start=\"3036\" data-end=\"3046\">Guidel<\/strong> ou <strong data-start=\"3050\" data-end=\"3069\">Clohars-Carno\u00ebt<\/strong>.<\/li><li data-start=\"3073\" data-end=\"3165\"><strong data-start=\"3075\" data-end=\"3088\">En bateau<\/strong> : depuis <strong data-start=\"3098\" data-end=\"3115\">Guidel-Plages<\/strong> ou <strong data-start=\"3119\" data-end=\"3132\">Le Pouldu<\/strong>, avec des excursions organis\u00e9es.<\/li><\/ul><h4 data-start=\"3172\" data-end=\"3256\"><strong data-start=\"3177\" data-end=\"3254\">10. Quels sont les \u00e9v\u00e9nements et festivals organis\u00e9s autour de la La\u00efta ?<\/strong><\/h4><ul data-start=\"3257\" data-end=\"3556\"><li data-start=\"3257\" data-end=\"3333\"><strong data-start=\"3259\" data-end=\"3296\">Festival Interceltique de Lorient<\/strong> (ao\u00fbt) : musique et culture celte.<\/li><li data-start=\"3334\" data-end=\"3397\"><strong data-start=\"3336\" data-end=\"3372\">Fest-noz et animations estivales<\/strong> au Pouldu et \u00e0 Guidel.<\/li><li data-start=\"3398\" data-end=\"3462\"><strong data-start=\"3400\" data-end=\"3440\">Randonn\u00e9es guid\u00e9es et balades nature<\/strong> autour de la La\u00efta.<\/li><li data-start=\"3463\" data-end=\"3556\"><strong data-start=\"3465\" data-end=\"3512\">March\u00e9s locaux et \u00e9v\u00e9nements gastronomiques<\/strong> pour d\u00e9couvrir les sp\u00e9cialit\u00e9s bretonnes.<\/li><\/ul><h3 data-start=\"3563\" data-end=\"3583\"><strong data-start=\"3567\" data-end=\"3581\">Conclusion<\/strong><\/h3><p data-start=\"3584\" data-end=\"3871\" data-is-last-node=\"\" data-is-only-node=\"\">La <strong data-start=\"3587\" data-end=\"3596\">La\u00efta<\/strong> est un v\u00e9ritable joyau naturel offrant un large panel d\u2019activit\u00e9s entre <strong data-start=\"3669\" data-end=\"3685\">terre et mer<\/strong>. Que ce soit pour une randonn\u00e9e, une balade en bateau, du kayak ou simplement pour profiter de la nature pr\u00e9serv\u00e9e, cette rivi\u00e8re bretonne est une destination \u00e0 ne pas manquer !<\/p><\/div><\/div><\/div><\/div><\/div><\/div><\/div><\/div><\/article>\t\t\t\t\t\t\t\t<\/div>\n\t\t\t\t\t<\/div>\n\t\t\t\t<\/div>\n\t\t\t\t<\/div>\n\t\t","protected":false},"excerpt":{"rendered":"<p>La La\u00efta La La\u00efta est une rivi\u00e8re c\u00f4ti\u00e8re bretonne, fruit de la confluence de l&#8217;Ell\u00e9 et de l&#8217;Isole \u00e0 Quimperl\u00e9, qui s&#8217;\u00e9tend sur environ 17 kilom\u00e8tres jusqu&#8217;\u00e0 son embouchure entre Guidel (Morbihan) et Clohars-Carno\u00ebt (Finist\u00e8re). Cette ria offre des paysages pittoresques entre terre et mer, constituant un cadre id\u00e9al pour diverses activit\u00e9s de plein air [&hellip;]<\/p>\n","protected":false},"author":97,"featured_media":58677,"comment_status":"closed","ping_status":"closed","sticky":false,"template":"elementor_header_footer","format":"standard","meta":{"ngg_post_thumbnail":0,"footnotes":""},"categories":[479,478,592,477,529],"tags":[2532,867],"class_list":["post-58676","post","type-post","status-publish","format-standard","has-post-thumbnail","hentry","category-finistere","category-bretagne","category-bretagne-sud","category-france","category-morbihan","tag-ria","tag-riviere"],"_links":{"self":[{"href":"https:\/\/cparici.com\/de\/wp-json\/wp\/v2\/posts\/58676","targetHints":{"allow":["GET"]}}],"collection":[{"href":"https:\/\/cparici.com\/de\/wp-json\/wp\/v2\/posts"}],"about":[{"href":"https:\/\/cparici.com\/de\/wp-json\/wp\/v2\/types\/post"}],"author":[{"embeddable":true,"href":"https:\/\/cparici.com\/de\/wp-json\/wp\/v2\/users\/97"}],"replies":[{"embeddable":true,"href":"https:\/\/cparici.com\/de\/wp-json\/wp\/v2\/comments?post=58676"}],"version-history":[{"count":0,"href":"https:\/\/cparici.com\/de\/wp-json\/wp\/v2\/posts\/58676\/revisions"}],"wp:featuredmedia":[{"embeddable":true,"href":"https:\/\/cparici.com\/de\/wp-json\/wp\/v2\/media\/58677"}],"wp:attachment":[{"href":"https:\/\/cparici.com\/de\/wp-json\/wp\/v2\/media?parent=58676"}],"wp:term":[{"taxonomy":"category","embeddable":true,"href":"https:\/\/cparici.com\/de\/wp-json\/wp\/v2\/categories?post=58676"},{"taxonomy":"post_tag","embeddable":true,"href":"https:\/\/cparici.com\/de\/wp-json\/wp\/v2\/tags?post=58676"}],"curies":[{"name":"wp","href":"https:\/\/api.w.org\/{rel}","templated":true}]}}