{"id":58742,"date":"2025-03-03T20:51:09","date_gmt":"2025-03-03T19:51:09","guid":{"rendered":"https:\/\/cparici.com\/?p=58742"},"modified":"2026-02-03T14:18:44","modified_gmt":"2026-02-03T13:18:44","slug":"saint-pol-de-leon","status":"publish","type":"post","link":"https:\/\/cparici.com\/de\/saint-pol-de-leon\/","title":{"rendered":"Saint-Pol-de-L\u00e9on: eine Stadt zum Entdecken"},"content":{"rendered":"\t\t<div data-elementor-type=\"wp-post\" data-elementor-id=\"58742\" class=\"elementor elementor-58742\" data-elementor-post-type=\"post\">\n\t\t\t\t<div class=\"elementor-element elementor-element-59f118d e-con-full e-flex e-con e-parent\" data-id=\"59f118d\" data-element_type=\"container\" data-e-type=\"container\">\n\t\t\t\t<div class=\"elementor-element elementor-element-0f59c1c elementor-widget elementor-widget-image\" data-id=\"0f59c1c\" data-element_type=\"widget\" data-e-type=\"widget\" data-widget_type=\"image.default\">\n\t\t\t\t\t\t\t\t\t\t\t\t\t\t\t<img decoding=\"async\" width=\"1500\" height=\"530\" src=\"https:\/\/cparici.com\/wp-content\/uploads\/2025\/03\/cparici-2025-03-03T204540.264.jpg\" class=\"attachment-full size-full wp-image-58747\" alt=\"Saint Pol de L\u00e9on\" srcset=\"https:\/\/cparici.com\/wp-content\/uploads\/2025\/03\/cparici-2025-03-03T204540.264.jpg 1500w, https:\/\/cparici.com\/wp-content\/uploads\/2025\/03\/cparici-2025-03-03T204540.264-300x106.jpg 300w, https:\/\/cparici.com\/wp-content\/uploads\/2025\/03\/cparici-2025-03-03T204540.264-1024x362.jpg 1024w, https:\/\/cparici.com\/wp-content\/uploads\/2025\/03\/cparici-2025-03-03T204540.264-768x271.jpg 768w, https:\/\/cparici.com\/wp-content\/uploads\/2025\/03\/cparici-2025-03-03T204540.264-18x6.jpg 18w, https:\/\/cparici.com\/wp-content\/uploads\/2025\/03\/cparici-2025-03-03T204540.264-590x208.jpg 590w, https:\/\/cparici.com\/wp-content\/uploads\/2025\/03\/cparici-2025-03-03T204540.264-1200x424.jpg 1200w, https:\/\/cparici.com\/wp-content\/uploads\/2025\/03\/cparici-2025-03-03T204540.264-577x204.jpg 577w, https:\/\/cparici.com\/wp-content\/uploads\/2025\/03\/cparici-2025-03-03T204540.264-600x212.jpg 600w\" sizes=\"(max-width: 1500px) 100vw, 1500px\" \/>\t\t\t\t\t\t\t\t\t\t\t\t\t\t\t<\/div>\n\t\t\t\t<\/div>\n\t\t<aside class=\"elementor-element elementor-element-26a6b4c e-flex e-con-boxed e-con e-parent\" data-id=\"26a6b4c\" data-element_type=\"container\" data-e-type=\"container\">\n\t\t\t\t\t<div class=\"e-con-inner\">\n\t\t\t\t<div class=\"elementor-element elementor-element-7cacfc9 elementor-widget elementor-widget-global elementor-global-62046 elementor-widget-eael-advanced-search\" data-id=\"7cacfc9\" data-element_type=\"widget\" data-e-type=\"widget\" data-widget_type=\"eael-advanced-search.default\">\n\t\t\t\t\t        <div class=\"eael-adv-search-wrapper\">\n            <div id=\"eael-advanced-search-widget-7cacfc9\" class=\"eael-advanced-search-widget\">\n                <form data-settings=\"{&quot;post_per_page&quot;:5,&quot;search_among_taxonomies&quot;:&quot;&quot;,&quot;search_among_sku&quot;:&quot;no&quot;,&quot;show_popular_keyword&quot;:0,&quot;show_category&quot;:0,&quot;show_content_image&quot;:1,&quot;show_search_result_all_results&quot;:0,&quot;result_on_new_tab&quot;:&quot;no&quot;,&quot;show_product_price&quot;:&quot;no&quot;,&quot;include_current_page&quot;:&quot;no&quot;,&quot;current_post_id&quot;:58742,&quot;post_type&quot;:[&quot;post&quot;,&quot;listing&quot;]}\" method=\"POST\" name=\"eael-advanced-search-form-7cacfc9\" class=\"eael-advanced-search-form eael-advanced-search-form-style-2\">\n                    <div class=\"eael-advanced-search-wrap\">\n                        <span class=\"eael-adv-search-loader\"><\/span>\n                        <span class=\"eael-adv-search-close\"><i class=\"fas fa-times\"><\/i><\/span>\n                        <span class=\"icon \"><i class=\"fas fa-search\"><\/i><\/span>\n\n                        <input type=\"text\"\n                               placeholder=\"Votre destination\"\n                               class=\"eael-advanced-search\" autocomplete=\"off\" name=\"eael_advanced_search\">\n                    <\/div>\n\t\t\t\t\t                                    <\/form>\n\n\t\t\t\t\n\t\t\t\t        <div class=\"eael-advanced-search-result\">\n            <div class=\"eael-advanced-search-popular-keyword\">\n\t\t\t\t<h4 class=\"eael-advanced-search-popular-keyword-text\">Recherches populaires<\/h4>                <div class=\"eael-popular-keyword-content\"><\/div>\n            <\/div>\n            <div class=\"eael-advanced-search-category\">\n\t\t\t\t<h4 class=\"eael-advanced-search-category-text\">Categories<\/h4>                <div class=\"eael-popular-category-content\"><\/div>\n            <\/div>\n\t\t\t<div class=\"eael-advanced-search-total-results-section\">\n\t\t\t\t\t\t\t<\/div>\n            <div class=\"eael-advanced-search-content eael-item-style-3\">\n            <\/div>\n            <div class=\"eael-advanced-search-not-found\">\n                <p>Pas de r\u00e9sultats<\/p><\/div>\n            <div class=\"eael-advanced-search-load-more\">\n\t\t\t\t<a \tclass=\"eael-advanced-search-load-more-button\"\n                \thref=\"#\">Voir tous les r\u00e9sultats<\/a>\n            <\/div>\n        <\/div>\n\n\t\t            <\/div>\n        <\/div>\n\n\t\t\t\t\t\t<\/div>\n\t\t\t\t\t<\/div>\n\t\t\t\t<\/aside>\n\t\t<div class=\"elementor-element elementor-element-59652547 e-flex e-con-boxed e-con e-parent\" data-id=\"59652547\" data-element_type=\"container\" data-e-type=\"container\">\n\t\t\t\t\t<div class=\"e-con-inner\">\n\t\t\t\t<div class=\"elementor-element elementor-element-743e157b elementor-widget elementor-widget-text-editor\" data-id=\"743e157b\" data-element_type=\"widget\" data-e-type=\"widget\" data-widget_type=\"text-editor.default\">\n\t\t\t\t\t\t\t\t\t<h1 style=\"text-align: center;\" data-start=\"40\" data-end=\"110\"><span style=\"font-size: 18pt;\"><strong data-start=\"40\" data-end=\"110\">Saint-Pol-de-L\u00e9on<\/strong><\/span><\/h1><p data-start=\"112\" data-end=\"269\"><span class=\"relative -mx-px my-[-0.2rem] rounded px-px py-[0.2rem]\">Situ\u00e9e sur la c\u00f4te nord du <a href=\"https:\/\/cparici.com\/visiter-le-finistere-guide-ultime-des-lieux-a-decouvrir\/\">Finist\u00e8re<\/a>, <strong data-start=\"38\" data-end=\"59\">Saint-Pol-de-L\u00e9on<\/strong> est une commune riche en histoire et en patrimoine.<\/span> <span class=\"relative -mx-px my-[-0.2rem] rounded px-px py-[0.2rem]\">Ancienne cit\u00e9 \u00e9piscopale, elle s\u00e9duit par son architecture remarquable et ses paysages c\u00f4tiers pittoresques.<\/span> <span class=\"relative -mx-px my-[-0.2rem] rounded px-px py-[0.2rem]\">En tant que capitale l\u00e9gumi\u00e8re de la r\u00e9gion, elle offre \u00e9galement une immersion dans la culture bretonne authentique.<\/span>\u200b<\/p><h2 data-start=\"271\" data-end=\"321\"><span style=\"font-size: 18pt;\"><strong data-start=\"271\" data-end=\"321\">Description de la Commune de Saint-Pol-de-L\u00e9on<\/strong><\/span><\/h2><p data-start=\"323\" data-end=\"558\"><span class=\"relative -mx-px my-[-0.2rem] rounded px-px py-[0.2rem]\">Saint-Pol-de-L\u00e9on est une ville c\u00f4ti\u00e8re du Finist\u00e8re, en <a href=\"https:\/\/cparici.com\/visiter-la-bretagne-guide-des-sites-et-villes-a-explorer\/\">Bretagne<\/a>, reconnue pour son riche patrimoine historique et culturel.<\/span> <span class=\"relative -mx-px my-[-0.2rem] rounded px-px py-[0.2rem]\">Ancienne cit\u00e9 \u00e9piscopale, elle abrite des monuments remarquables tels que la cath\u00e9drale Saint-Paul-Aur\u00e9lien et la chapelle Notre-Dame du Kreisker, dont le clocher de 80 m\u00e8tres est le plus haut de Bretagne.<\/span> <span class=\"relative -mx-px my-[-0.2rem] rounded px-px py-[0.2rem]\">La ville est \u00e9galement r\u00e9put\u00e9e pour sa production l\u00e9gumi\u00e8re, notamment d\u2019artichauts et de choux-fleurs, gr\u00e2ce \u00e0 un climat doux et un sol fertile.<\/span> <span class=\"relative -mx-px my-[-0.2rem] rounded px-px py-[0.2rem]\">Avec ses 13 kilom\u00e8tres de c\u00f4tes, Saint-Pol-de-L\u00e9on offre des paysages maritimes vari\u00e9s, entre plages de sable fin et criques rocheuses, propices \u00e0 la d\u00e9tente et aux activit\u00e9s nautiques.<\/span> \u200b<\/p>\t\t\t\t\t\t\t\t<\/div>\n\t\t\t\t\t<\/div>\n\t\t\t\t<\/div>\n\t\t<aside class=\"elementor-element elementor-element-1730953f e-flex e-con-boxed e-con e-parent\" data-id=\"1730953f\" data-element_type=\"container\" data-e-type=\"container\" data-settings=\"{&quot;background_background&quot;:&quot;classic&quot;}\">\n\t\t\t\t\t<div class=\"e-con-inner\">\n\t\t\t\t<div class=\"elementor-element elementor-element-4f04b41f elementor-widget elementor-widget-spacer\" data-id=\"4f04b41f\" data-element_type=\"widget\" data-e-type=\"widget\" data-widget_type=\"spacer.default\">\n\t\t\t\t\t\t\t<div class=\"elementor-spacer\">\n\t\t\t<div class=\"elementor-spacer-inner\"><\/div>\n\t\t<\/div>\n\t\t\t\t\t\t<\/div>\n\t\t\t\t<div class=\"elementor-element elementor-element-d80b4e2 elementor-widget elementor-widget-heading\" data-id=\"d80b4e2\" data-element_type=\"widget\" data-e-type=\"widget\" data-widget_type=\"heading.default\">\n\t\t\t\t\t<h2 class=\"elementor-heading-title elementor-size-default\">H\u00e9bergements de Vacances St-Pol-de-L\u00e9on en direct<\/h2>\t\t\t\t<\/div>\n\t\t\t\t<div class=\"elementor-element elementor-element-4ce7852b elementor-widget elementor-widget-listeo-listings-carousel\" data-id=\"4ce7852b\" data-element_type=\"widget\" data-e-type=\"widget\" data-widget_type=\"listeo-listings-carousel.default\">\n\t\t\t\t<div class=\"elementor-widget-container\">\n\t\t\t\t\t        <!-- Carousel \/ Start -->\n        \t<div class=\"simple-slick-carousel dots-nav\" data-slick='{&quot;autoplay&quot;:true,&quot;autoplaySpeed&quot;:3000,&quot;slidesToShow&quot;:3,&quot;slidesToScroll&quot;:1,&quot;responsive&quot;:[{&quot;breakpoint&quot;:1024,&quot;settings&quot;:{&quot;slidesToShow&quot;:2,&quot;slidesToScroll&quot;:1}},{&quot;breakpoint&quot;:768,&quot;settings&quot;:{&quot;slidesToShow&quot;:1,&quot;slidesToScroll&quot;:1}}]}'>\n                            <div class=\"fw-carousel-item\">                    \n                        <!-- Listing Item -->\r\n            <div class=\"col-lg-6 col-md-12\">\r\n                <a href=\"https:\/\/cparici.com\/de\/annonce\/maison-de-vacances-ty-roscoff\/\"  class=\"listing-item-container listing-geo-data compact\" \r\n\t\tdata-title=\"Maison de vacances Ty Rosc\u2019OFF\"\r\n\t\tdata-listing-type=\"rental\"\r\n\t\tdata-classifieds-price=\"\u20ac\"\r\n\t\tdata-friendly-address=\"Roscoff 400m du centre historique\"\r\n\t\tdata-address=\"Roscoff 400m du centre historique\"\r\n\t\tdata-image=\"https:\/\/cparici.com\/wp-content\/uploads\/2026\/01\/maison-roscoff-520x397.jpeg\"\r\n\t\tdata-longitude=\"-3.971965312957764\"\r\n\t\tdata-latitude=\"48.72219081931061\"\r\n\t\t\t\t\tdata-rating=\"0\"\r\n\t\t\tdata-reviews=\"0\"\r\n\t\t\t\tdata-icon=\"<svg xmlns=&quot;http:\/\/www.w3.org\/2000\/svg&quot; width=&quot;800px&quot; height=&quot;800px&quot; viewBox=&quot;0 0 45 45&quot; fill=&quot;none&quot;>\n<path d=&quot;M24.155 8.78099L24.33 8.94499L37.402 21.787L36 23.213L34.2 21.445L34.201 35C34.201 36.054 33.385 36.918 32.35 36.994L32.201 37H12.201C11.147 37 10.283 36.184 10.206 35.149L10.201 35L10.2 21.446L8.402 23.213L7 21.787L20.058 8.95799C21.171 7.82199 22.966 7.75899 24.155 8.78099ZM21.569 10.285L21.473 10.372L12.2 19.481L12.201 35L17.2 34.999L17.201 25C17.201 23.946 18.017 23.082 19.052 23.005L19.201 23H25.201C26.255 23 27.119 23.816 27.196 24.851L27.201 25L27.2 34.999L32.201 35L32.2 19.48L22.901 10.344C22.537 9.98699 21.969 9.96499 21.569 10.285ZM25.201 25H19.201L19.2 34.999H25.2L25.201 25Z&quot; fill=&quot;#3C3C3C&quot;\/>\n<\/svg>\"\r\n\r\n\t>\r\n            <div class=\"listing-item  \">\r\n                <div class=\"listing-small-badges-container\">\r\n                                                                <div class=\"listing-small-badge pricing-badge\"><i class=\"fa fa-tag\"><\/i>140,00\u20ac - 280,00\u20ac<\/div>\r\n                                                            \r\n                                        \r\n                                        \r\n                <\/div>\r\n                <img decoding=\"async\" src=\"https:\/\/cparici.com\/wp-content\/uploads\/2026\/01\/maison-roscoff-520x397.jpeg\" alt=\"Maison de vacances Ty Rosc\u2019OFF\" class=\"listing-thumbnail\">\r\n                \r\n\r\n                <div class=\"listing-item-content\">\r\n                    \r\n                    <h3> Maison de vacances Ty Rosc\u2019OFF <\/h3>\r\n                    <span>Roscoff 400m du centre historique<\/span>\r\n                <\/div>\r\n                                        <span class=\"save like-icon tooltip left\" title=\"Login To Bookmark Items\"><\/span>\r\n                                                <\/div>\r\n        <\/a>\r\n                    <\/div>\r\n        \r\n\r\n        <!-- Listing Item \/ End -->\n                    <\/div>\n                                      <div class=\"fw-carousel-item\">                    \n                        <!-- Listing Item -->\r\n            <div class=\"col-lg-6 col-md-12\">\r\n                <a href=\"https:\/\/cparici.com\/de\/annonce\/maison-de-vacances-ty-eon-mor\/\"  class=\"listing-item-container listing-geo-data compact\" \r\n\t\tdata-title=\"Maison de Vacances Ty Eon Mor\"\r\n\t\tdata-listing-type=\"rental\"\r\n\t\tdata-classifieds-price=\"\u20ac\"\r\n\t\tdata-friendly-address=\"saint-Pol-de-L\u00e9on , 150 m plage de Sainte-Anne\"\r\n\t\tdata-address=\"saint-Pol-de-L\u00e9on , 150 m plage de Sainte-Anne\"\r\n\t\tdata-image=\"https:\/\/cparici.com\/wp-content\/uploads\/2026\/01\/IMG-20260130-WA0028-520x397.jpg\"\r\n\t\tdata-longitude=\"-3.969706\"\r\n\t\tdata-latitude=\"48.6889036\"\r\n\t\t\t\t\tdata-rating=\"0\"\r\n\t\t\tdata-reviews=\"0\"\r\n\t\t\t\tdata-icon=\"<svg xmlns=&quot;http:\/\/www.w3.org\/2000\/svg&quot; width=&quot;800px&quot; height=&quot;800px&quot; viewBox=&quot;0 0 45 45&quot; fill=&quot;none&quot;>\n<path d=&quot;M24.155 8.78099L24.33 8.94499L37.402 21.787L36 23.213L34.2 21.445L34.201 35C34.201 36.054 33.385 36.918 32.35 36.994L32.201 37H12.201C11.147 37 10.283 36.184 10.206 35.149L10.201 35L10.2 21.446L8.402 23.213L7 21.787L20.058 8.95799C21.171 7.82199 22.966 7.75899 24.155 8.78099ZM21.569 10.285L21.473 10.372L12.2 19.481L12.201 35L17.2 34.999L17.201 25C17.201 23.946 18.017 23.082 19.052 23.005L19.201 23H25.201C26.255 23 27.119 23.816 27.196 24.851L27.201 25L27.2 34.999L32.201 35L32.2 19.48L22.901 10.344C22.537 9.98699 21.969 9.96499 21.569 10.285ZM25.201 25H19.201L19.2 34.999H25.2L25.201 25Z&quot; fill=&quot;#3C3C3C&quot;\/>\n<\/svg>\"\r\n\r\n\t>\r\n            <div class=\"listing-item  featured-listing\">\r\n                <div class=\"listing-small-badges-container\">\r\n                                            <div class=\"listing-small-badge featured-badge\"><i class=\"fa fa-star\"><\/i> Featured<\/div>\r\n                                                                <div class=\"listing-small-badge pricing-badge\"><i class=\"fa fa-tag\"><\/i>93,00\u20ac - 207,00\u20ac<\/div>\r\n                                                            \r\n                                        \r\n                                        \r\n                <\/div>\r\n                <img decoding=\"async\" src=\"https:\/\/cparici.com\/wp-content\/uploads\/2026\/01\/IMG-20260130-WA0028-520x397.jpg\" alt=\"Maison de Vacances Ty Eon Mor\" class=\"listing-thumbnail\">\r\n                \r\n\r\n                <div class=\"listing-item-content\">\r\n                    \r\n                    <h3> Maison de Vacances Ty Eon Mor <\/h3>\r\n                    <span>saint-Pol-de-L\u00e9on , 150 m plage de Sainte-Anne<\/span>\r\n                <\/div>\r\n                                        <span class=\"save like-icon tooltip left\" title=\"Login To Bookmark Items\"><\/span>\r\n                                                <\/div>\r\n        <\/a>\r\n                    <\/div>\r\n        \r\n\r\n        <!-- Listing Item \/ End -->\n                    <\/div>\n                          <\/div>\n        \t\t\t\t<\/div>\n\t\t\t\t<\/div>\n\t\t\t\t\t<\/div>\n\t\t\t\t<\/aside>\n\t\t<div class=\"elementor-element elementor-element-e033fe7 e-flex e-con-boxed e-con e-parent\" data-id=\"e033fe7\" data-element_type=\"container\" data-e-type=\"container\">\n\t\t\t\t\t<div class=\"e-con-inner\">\n\t\t\t\t<div class=\"elementor-element elementor-element-261d6ad elementor-widget elementor-widget-text-editor\" data-id=\"261d6ad\" data-element_type=\"widget\" data-e-type=\"widget\" data-widget_type=\"text-editor.default\">\n\t\t\t\t\t\t\t\t\t<h3 data-start=\"560\" data-end=\"622\"><strong data-start=\"560\" data-end=\"622\">Les Sites Touristiques \u00e0 Saint-Pol-de-L\u00e9on et ses Environs<\/strong><\/h3><p data-start=\"624\" data-end=\"763\"><span class=\"relative -mx-px my-[-0.2rem] rounded px-px py-[0.2rem]\">La r\u00e9gion de Saint-Pol-de-L\u00e9on regorge de sites touristiques d\u2019exception qui t\u00e9moignent de son riche pass\u00e9 historique et de la beaut\u00e9 de ses paysages naturels.<\/span> Voici une s\u00e9lection des incontournables \u00e0 d\u00e9couvrir :\u200b<\/p><ul data-start=\"765\" data-end=\"1865\"><li data-start=\"765\" data-end=\"929\"><p data-start=\"767\" data-end=\"929\"><strong data-start=\"767\" data-end=\"801\">Cath\u00e9drale Saint-Paul-Aur\u00e9lien<\/strong> : <span class=\"relative -mx-px my-[-0.2rem] rounded px-px py-[0.2rem]\">\u00c9difi\u00e9e au XIII\u1d49 si\u00e8cle, cette cath\u00e9drale impressionne par son architecture gothique et ses vitraux remarquables. Elle est d\u00e9di\u00e9e \u00e0 saint Paul Aur\u00e9lien, l\u2019un des sept saints fondateurs de la Bretagne.<\/span> \u200b<\/p><\/li><li data-start=\"931\" data-end=\"1096\"><p data-start=\"933\" data-end=\"1096\"><strong data-start=\"933\" data-end=\"968\">Chapelle Notre-Dame du Kreisker<\/strong> : <span class=\"relative -mx-px my-[-0.2rem] rounded px-px py-[0.2rem]\">Son clocher de 80 m\u00e8tres, le plus haut de Bretagne, offre une vue panoramique sur la ville et ses environs. Cette chapelle du XIV\u1d49 si\u00e8cle est un chef-d\u2019\u0153uvre de l\u2019architecture gothique bretonne.<\/span> \u200b<\/p><\/li><li data-start=\"1098\" data-end=\"1248\"><p data-start=\"1100\" data-end=\"1248\"><strong data-start=\"1100\" data-end=\"1120\">\u00celot Sainte-Anne<\/strong> : <span class=\"relative -mx-px my-[-0.2rem] rounded px-px py-[0.2rem]\">Accessible \u00e0 mar\u00e9e basse, cet \u00eelot est un lieu de promenade pris\u00e9 pour ses paysages naturels pr\u00e9serv\u00e9s et sa tranquillit\u00e9.<\/span> \u200b<\/p><\/li><li data-start=\"1250\" data-end=\"1402\"><p data-start=\"1252\" data-end=\"1402\"><strong data-start=\"1252\" data-end=\"1274\">Manoir de K\u00e9roulas<\/strong> : <span class=\"relative -mx-px my-[-0.2rem] rounded px-px py-[0.2rem]\">Ce manoir du XVI\u1d49 si\u00e8cle est un exemple typique de l\u2019architecture Renaissance bretonne.<\/span> \u200b<\/p><\/li><li data-start=\"1404\" data-end=\"1564\"><p data-start=\"1406\" data-end=\"1564\"><strong data-start=\"1406\" data-end=\"1436\">Jardin Exotique de Roscoff<\/strong> : <span class=\"relative -mx-px my-[-0.2rem] rounded px-px py-[0.2rem]\">Situ\u00e9 \u00e0 proximit\u00e9, ce jardin pr\u00e9sente une collection exceptionnelle de plantes exotiques provenant des cinq continents, gr\u00e2ce au climat doux de la r\u00e9gion.<\/span> \u200b<\/p><\/li><li data-start=\"1566\" data-end=\"1718\"><p data-start=\"1568\" data-end=\"1718\"><strong data-start=\"1568\" data-end=\"1590\">Ch\u00e2teau du Taureau<\/strong> : <span class=\"relative -mx-px my-[-0.2rem] rounded px-px py-[0.2rem]\">Forteresse maritime du XVI\u1d49 si\u00e8cle, elle se dresse au milieu de la baie de Morlaix et offre une plong\u00e9e dans l\u2019histoire maritime bretonne.<\/span> \u200b<\/p><\/li><li data-start=\"1720\" data-end=\"1865\"><p data-start=\"1722\" data-end=\"1865\"><strong data-start=\"1722\" data-end=\"1737\">\u00cele de <a href=\"https:\/\/cparici.com\/batz-sur-mer\/\">Batz<\/a><\/strong> : <span class=\"relative -mx-px my-[-0.2rem] rounded px-px py-[0.2rem]\">\u00c0 quelques encablures de la c\u00f4te, cette \u00eele s\u00e9duit par ses plages, ses sentiers c\u00f4tiers et son phare offrant une vue imprenable sur la mer d\u2019Iroise.<\/span><\/p><\/li><\/ul><h3 data-start=\"1867\" data-end=\"1899\"><strong data-start=\"1867\" data-end=\"1899\">Les Plages et \u00celes \u00e0 Visiter<\/strong><\/h3><p data-start=\"1901\" data-end=\"2016\"><span class=\"relative -mx-px my-[-0.2rem] rounded px-px py-[0.2rem]\">La c\u00f4te l\u00e9onarde est parsem\u00e9e de plages et d\u2019\u00eeles qui raviront les amoureux de la mer et des paysages sauvages.<\/span> Parmi les plus remarquables :\u200b<\/p><ul data-start=\"2018\" data-end=\"2626\"><li data-start=\"2018\" data-end=\"2172\"><p data-start=\"2020\" data-end=\"2172\"><strong data-start=\"2020\" data-end=\"2044\">Plage de Sainte-Anne<\/strong> : <span class=\"relative -mx-px my-[-0.2rem] rounded px-px py-[0.2rem]\">Cette plage familiale de sable fin est id\u00e9ale pour la baignade et les activit\u00e9s nautiques.<\/span> \u200b<\/p><\/li><li data-start=\"2174\" data-end=\"2332\"><p data-start=\"2176\" data-end=\"2332\"><strong data-start=\"2176\" data-end=\"2204\">Plage du Dossen \u00e0 Santec<\/strong> : <span class=\"relative -mx-px my-[-0.2rem] rounded px-px py-[0.2rem]\">Situ\u00e9e \u00e0 proximit\u00e9, cette vaste plage est pris\u00e9e des surfeurs et des amateurs de char \u00e0 voile.<\/span> \u200b<\/p><\/li><li data-start=\"2334\" data-end=\"2478\"><p data-start=\"2336\" data-end=\"2478\"><strong data-start=\"2336\" data-end=\"2350\">\u00cele Callot<\/strong> : <span class=\"relative -mx-px my-[-0.2rem] rounded px-px py-[0.2rem]\">Accessible \u00e0 mar\u00e9e basse depuis Carantec, cette petite \u00eele offre des panoramas exceptionnels sur la baie de Morlaix et le ch\u00e2teau du Taureau.<\/span> \u200b<\/p><\/li><li data-start=\"2480\" data-end=\"2626\"><p data-start=\"2482\" data-end=\"2626\"><strong data-start=\"2482\" data-end=\"2498\">\u00cele de Sieck<\/strong> : <span class=\"relative -mx-px my-[-0.2rem] rounded px-px py-[0.2rem]\">Propri\u00e9t\u00e9 priv\u00e9e accessible \u00e0 mar\u00e9e basse, elle d\u00e9voile des paysages sauvages et pr\u00e9serv\u00e9s.<\/span><\/p><\/li><\/ul><h2 data-start=\"2628\" data-end=\"2669\"><span style=\"font-size: 18pt;\"><strong data-start=\"2628\" data-end=\"2669\">La R\u00e9gion Autour de Saint-Pol-de-L\u00e9on<\/strong><\/span><\/h2><p data-start=\"2671\" data-end=\"2796\"><span class=\"relative -mx-px my-[-0.2rem] rounded px-px py-[0.2rem]\">Le Pays L\u00e9onard, dont Saint-Pol-de-L\u00e9on est le c\u0153ur historique, est une r\u00e9gion riche en patrimoine et en paysages vari\u00e9s.<\/span> Voici quelques sites \u00e0 ne pas manquer :\u200b<\/p><ul data-start=\"2798\" data-end=\"3279\"><li data-start=\"2798\" data-end=\"2954\"><p data-start=\"2800\" data-end=\"2954\"><strong data-start=\"2800\" data-end=\"2826\">Les Enclos Paroissiaux<\/strong> : <span class=\"relative -mx-px my-[-0.2rem] rounded px-px py-[0.2rem]\">Ces ensembles architecturaux typiques du Haut Finist\u00e8re, compos\u00e9s d\u2019une \u00e9glise, d\u2019un ossuaire et d\u2019un calvaire, sont des tr\u00e9sors du patrimoine religieux breton. Les enclos de Saint-Th\u00e9gonnec et de Guimiliau sont particuli\u00e8rement remarquables.<\/span> \u200b<\/p><\/li><li data-start=\"2956\" data-end=\"3107\"><p data-start=\"2958\" data-end=\"3107\"><strong data-start=\"2958\" data-end=\"2979\">Les Monts d\u2019Arr\u00e9e<\/strong> : <span class=\"relative -mx-px my-[-0.2rem] rounded px-px py-[0.2rem]\">Ce massif montagneux offre des paysages sauvages et des panoramas \u00e0 couper le souffle. Les amateurs de randonn\u00e9e appr\u00e9cieront les nombreux sentiers balis\u00e9s.<\/span> \u200b<\/p><\/li><li data-start=\"3109\" data-end=\"3250\"><p data-start=\"3111\" data-end=\"3250\"><strong data-start=\"3111\" data-end=\"3122\">Morlaix<\/strong> : <span class=\"relative -mx-px my-[-0.2rem] rounded px-px py-[0.2rem]\">Cette ville historique, avec son c\u00e9l\u00e8bre viaduc et ses maisons \u00e0 pans de bois, m\u00e9rite une visite pour son riche patrimoine architectural.<\/span><\/p><\/li><\/ul><h2 data-start=\"0\" data-end=\"55\"><span style=\"font-size: 18pt;\"><strong data-start=\"4\" data-end=\"55\">Foire Aux Questions (FAQ) sur Saint-Pol-de-L\u00e9on<\/strong><\/span><\/h2><h3 data-start=\"57\" data-end=\"132\"><strong data-start=\"62\" data-end=\"130\">Quelle est la meilleure p\u00e9riode pour visiter Saint-Pol-de-L\u00e9on ?<\/strong><\/h3><p data-start=\"133\" data-end=\"437\">La meilleure p\u00e9riode pour visiter <strong data-start=\"167\" data-end=\"188\">Saint-Pol-de-L\u00e9on<\/strong> s\u2019\u00e9tend de mai \u00e0 septembre. Durant cette p\u00e9riode, le climat est doux et ensoleill\u00e9, parfait pour d\u00e9couvrir les plages, les \u00eeles et le patrimoine historique de la r\u00e9gion. L\u2019\u00e9t\u00e9 est id\u00e9al pour profiter des activit\u00e9s nautiques et des festivals locaux.<\/p><h3 data-start=\"439\" data-end=\"513\"><strong data-start=\"444\" data-end=\"511\">Quels sont les monuments incontournables de Saint-Pol-de-L\u00e9on ?<\/strong><\/h3><p data-start=\"514\" data-end=\"564\">Parmi les monuments embl\u00e9matiques, on retrouve :<\/p><ul data-start=\"565\" data-end=\"842\"><li data-start=\"565\" data-end=\"656\"><strong data-start=\"567\" data-end=\"604\">La cath\u00e9drale Saint-Paul-Aur\u00e9lien<\/strong>, un chef-d\u2019\u0153uvre gothique datant du XIII\u1d49 si\u00e8cle.<\/li><li data-start=\"657\" data-end=\"757\"><strong data-start=\"659\" data-end=\"697\">La chapelle Notre-Dame du Kreisker<\/strong>, avec son clocher de 80 m\u00e8tres, le plus haut de Bretagne.<\/li><li data-start=\"758\" data-end=\"842\"><strong data-start=\"760\" data-end=\"785\">Le manoir de K\u00e9roulas<\/strong>, un vestige de l\u2019architecture bretonne du XVI\u1d49 si\u00e8cle.<\/li><\/ul><h3 data-start=\"844\" data-end=\"913\"><strong data-start=\"849\" data-end=\"911\">Quelles sont les plus belles plages de Saint-Pol-de-L\u00e9on ?<\/strong><\/h3><p data-start=\"914\" data-end=\"965\">La commune poss\u00e8de plusieurs plages magnifiques :<\/p><ul data-start=\"966\" data-end=\"1221\"><li data-start=\"966\" data-end=\"1039\"><strong data-start=\"968\" data-end=\"995\">La plage de Sainte-Anne<\/strong>, id\u00e9ale pour la baignade et les familles.<\/li><li data-start=\"1040\" data-end=\"1121\"><strong data-start=\"1042\" data-end=\"1064\">La plage du Dossen<\/strong>, \u00e0 proximit\u00e9, r\u00e9put\u00e9e pour le surf et le char \u00e0 voile.<\/li><li data-start=\"1122\" data-end=\"1221\"><strong data-start=\"1124\" data-end=\"1146\">La plage de Tahiti<\/strong>, une crique plus sauvage avec une vue imprenable sur l\u2019\u00eelot Sainte-Anne.<\/li><\/ul><h3 data-start=\"1223\" data-end=\"1290\"><strong data-start=\"1228\" data-end=\"1288\">Peut-on visiter l\u2019\u00cele de Batz depuis Saint-Pol-de-L\u00e9on ?<\/strong><\/h3><p data-start=\"1291\" data-end=\"1568\">Oui, l\u2019<strong data-start=\"1298\" data-end=\"1313\">\u00cele de Batz<\/strong> est accessible en bateau depuis le port voisin de <strong data-start=\"1364\" data-end=\"1375\">Roscoff<\/strong> (5 km). En seulement 15 minutes de travers\u00e9e, vous pourrez explorer cette \u00eele magnifique, connue pour son <strong data-start=\"1482\" data-end=\"1491\">phare<\/strong>, ses <strong data-start=\"1497\" data-end=\"1521\">plages paradisiaques<\/strong>, et son <strong data-start=\"1530\" data-end=\"1567\">jardin exotique Georges Delaselle<\/strong>.<\/p><h3 data-start=\"1570\" data-end=\"1641\"><strong data-start=\"1575\" data-end=\"1639\">Quels sont les \u00e9v\u00e9nements et festivals dans la ville ?<\/strong><\/h3><p data-start=\"1642\" data-end=\"1727\">Saint-Pol-de-L\u00e9on propose plusieurs \u00e9v\u00e9nements tout au long de l\u2019ann\u00e9e, notamment :<\/p><ul data-start=\"1728\" data-end=\"1959\"><li data-start=\"1728\" data-end=\"1796\"><strong data-start=\"1730\" data-end=\"1754\">Le Festival des Rias<\/strong>, un festival de th\u00e9\u00e2tre de rue en ao\u00fbt.<\/li><li data-start=\"1797\" data-end=\"1876\"><strong data-start=\"1799\" data-end=\"1825\">La F\u00eate des Artichauts<\/strong>, qui c\u00e9l\u00e8bre la culture l\u00e9gumi\u00e8re locale en \u00e9t\u00e9.<\/li><li data-start=\"1877\" data-end=\"1959\"><strong data-start=\"1879\" data-end=\"1912\">Le Festival du Chant de Marin<\/strong> \u00e0 Paimpol, accessible en une heure de route.<\/li><\/ul><h3 data-start=\"1961\" data-end=\"2051\"><strong data-start=\"1966\" data-end=\"2049\">Quels sont les meilleurs itin\u00e9raires de randonn\u00e9e autour de la commune ?<\/strong><\/h3><p data-start=\"2052\" data-end=\"2120\">Les amateurs de randonn\u00e9e peuvent profiter de plusieurs circuits :<\/p><ul data-start=\"2121\" data-end=\"2393\"><li data-start=\"2121\" data-end=\"2212\"><strong data-start=\"2123\" data-end=\"2149\">Le sentier c\u00f4tier GR34<\/strong>, qui longe la c\u00f4te et offre des vues imprenables sur la mer.<\/li><li data-start=\"2213\" data-end=\"2296\"><strong data-start=\"2215\" data-end=\"2231\">L\u2019\u00cele Callot<\/strong>, accessible \u00e0 mar\u00e9e basse, pour une balade nature inoubliable.<\/li><li data-start=\"2297\" data-end=\"2393\"><strong data-start=\"2299\" data-end=\"2320\">Les Monts d\u2019Arr\u00e9e<\/strong>, \u00e0 40 km, avec des panoramas exceptionnels sur la Bretagne int\u00e9rieure.<\/li><\/ul><h3 data-start=\"2395\" data-end=\"2471\"><strong data-start=\"2400\" data-end=\"2469\">Saint-Pol-de-L\u00e9on est-elle une destination adapt\u00e9e aux familles ?<\/strong><\/h3><p data-start=\"2472\" data-end=\"2780\">Absolument ! Avec ses <strong data-start=\"2494\" data-end=\"2515\">plages s\u00e9curis\u00e9es<\/strong>, ses <strong data-start=\"2521\" data-end=\"2544\">activit\u00e9s nautiques<\/strong>, ses <strong data-start=\"2550\" data-end=\"2576\">balades en bord de mer<\/strong>, et ses <strong data-start=\"2585\" data-end=\"2617\">sites historiques fascinants<\/strong>, la ville est parfaite pour un s\u00e9jour en famille. L\u2019<strong data-start=\"2670\" data-end=\"2693\">Aquarium de Roscoff<\/strong> et le <strong data-start=\"2700\" data-end=\"2727\">Labyrinthe de Lanvellec<\/strong> sont \u00e9galement de bonnes options pour les enfants.<\/p><h3 data-start=\"2782\" data-end=\"2844\"><strong data-start=\"2787\" data-end=\"2842\">Quels plats typiques d\u00e9guster \u00e0 Saint-Pol-de-L\u00e9on ?<\/strong><\/h3><p data-start=\"2845\" data-end=\"2927\">La gastronomie bretonne est incontournable, avec des sp\u00e9cialit\u00e9s locales comme :<\/p><ul data-start=\"2928\" data-end=\"3163\"><li data-start=\"2928\" data-end=\"3000\"><strong data-start=\"2930\" data-end=\"2966\">Les cr\u00eapes et galettes bretonnes<\/strong> (\u00e0 accompagner de cidre local).<\/li><li data-start=\"3001\" data-end=\"3054\"><strong data-start=\"3003\" data-end=\"3051\">Les fruits de mer et les hu\u00eetres de Carantec<\/strong>.<\/li><li data-start=\"3055\" data-end=\"3108\"><strong data-start=\"3057\" data-end=\"3075\">Le Kig ha Farz<\/strong>, un plat traditionnel du L\u00e9on.<\/li><li data-start=\"3109\" data-end=\"3163\"><strong data-start=\"3111\" data-end=\"3140\">Les fraises de Plougastel<\/strong>, id\u00e9ales en dessert.<\/li><\/ul><h3 data-start=\"3491\" data-end=\"3541\"><strong data-start=\"3496\" data-end=\"3539\">Comment se rendre \u00e0 Saint-Pol-de-L\u00e9on ?<\/strong><\/h3><ul data-start=\"3542\" data-end=\"3761\"><li data-start=\"3542\" data-end=\"3609\"><strong data-start=\"3544\" data-end=\"3558\">En voiture<\/strong> : Accessible via la RN12 depuis Rennes ou Brest.<\/li><li data-start=\"3610\" data-end=\"3692\"><strong data-start=\"3612\" data-end=\"3624\">En train<\/strong> : Gare la plus proche \u00e0 Morlaix, avec des correspondances en bus.<\/li><li data-start=\"3693\" data-end=\"3761\"><strong data-start=\"3695\" data-end=\"3707\">En avion<\/strong> : A\u00e9roport de Brest-Bretagne \u00e0 45 minutes de route.<\/li><\/ul>\t\t\t\t\t\t\t\t<\/div>\n\t\t\t\t\t<\/div>\n\t\t\t\t<\/div>\n\t\t<aside class=\"elementor-element elementor-element-50e7c46e e-flex e-con-boxed e-con e-parent\" data-id=\"50e7c46e\" data-element_type=\"container\" data-e-type=\"container\">\n\t\t\t\t\t<div class=\"e-con-inner\">\n\t\t\t\t<div class=\"elementor-element elementor-element-7a0d3482 elementor-widget elementor-widget-listeo-posts-grid\" data-id=\"7a0d3482\" data-element_type=\"widget\" data-e-type=\"widget\" data-widget_type=\"listeo-posts-grid.default\">\n\t\t\t\t<div class=\"elementor-widget-container\">\n\t\t\t\t\t\t\t\n\t\t<div class=\"listeo-post-grid-wrapper\">\n\t\t\t<div class=\"row\">\n\n\t\t\t\n\n\t\t\t\t\t\t\t<div class=\"col-md-4\">\n                <a href=\"https:\/\/cparici.com\/de\/saint-pol-de-leon\/\" class=\"blog-compact-item-container\">\n                    <div class=\"blog-compact-item\">\n                        <img decoding=\"async\" width=\"577\" height=\"204\" src=\"https:\/\/cparici.com\/wp-content\/uploads\/2025\/03\/cparici-2025-03-03T204540.264-577x204.jpg\" class=\"attachment-listeo-blog-related-post size-listeo-blog-related-post wp-post-image\" alt=\"Saint Pol de L\u00e9on\" srcset=\"https:\/\/cparici.com\/wp-content\/uploads\/2025\/03\/cparici-2025-03-03T204540.264-577x204.jpg 577w, https:\/\/cparici.com\/wp-content\/uploads\/2025\/03\/cparici-2025-03-03T204540.264-300x106.jpg 300w, https:\/\/cparici.com\/wp-content\/uploads\/2025\/03\/cparici-2025-03-03T204540.264-1024x362.jpg 1024w, https:\/\/cparici.com\/wp-content\/uploads\/2025\/03\/cparici-2025-03-03T204540.264-768x271.jpg 768w, https:\/\/cparici.com\/wp-content\/uploads\/2025\/03\/cparici-2025-03-03T204540.264-18x6.jpg 18w, https:\/\/cparici.com\/wp-content\/uploads\/2025\/03\/cparici-2025-03-03T204540.264-590x208.jpg 590w, https:\/\/cparici.com\/wp-content\/uploads\/2025\/03\/cparici-2025-03-03T204540.264-1200x424.jpg 1200w, https:\/\/cparici.com\/wp-content\/uploads\/2025\/03\/cparici-2025-03-03T204540.264-600x212.jpg 600w, https:\/\/cparici.com\/wp-content\/uploads\/2025\/03\/cparici-2025-03-03T204540.264.jpg 1500w\" sizes=\"(max-width: 577px) 100vw, 577px\" \/><span class=\"blog-item-tag\">Bretagne<\/span>                        \n                        <div class=\"blog-compact-item-content\">\n                                                        <h3>Saint-Pol-de-L\u00e9on : une ville \u00e0 d\u00e9couvrir<\/h3>\n                                                        <p>Recherches populaires Categories Pas de r\u00e9sultats Voir tous les r\u00e9sultats Saint-Pol-de-L\u00e9on Situ\u00e9e sur la c\u00f4te...                            <\/p>\n                                                    <\/div>\n                    <\/div>\n                <\/a>\n            <\/div>\n\t\t\t<div class=\"col-md-4\">\n                <a href=\"https:\/\/cparici.com\/de\/roscoff\/\" class=\"blog-compact-item-container\">\n                    <div class=\"blog-compact-item\">\n                        <img decoding=\"async\" width=\"577\" height=\"211\" src=\"https:\/\/cparici.com\/wp-content\/uploads\/2024\/07\/roscoff.jpg\" class=\"attachment-listeo-blog-related-post size-listeo-blog-related-post wp-post-image\" alt=\"Roscoff\" srcset=\"https:\/\/cparici.com\/wp-content\/uploads\/2024\/07\/roscoff.jpg 1451w, https:\/\/cparici.com\/wp-content\/uploads\/2024\/07\/roscoff-600x219.jpg 600w, https:\/\/cparici.com\/wp-content\/uploads\/2024\/07\/roscoff-300x110.jpg 300w, https:\/\/cparici.com\/wp-content\/uploads\/2024\/07\/roscoff-1024x374.jpg 1024w, https:\/\/cparici.com\/wp-content\/uploads\/2024\/07\/roscoff-768x281.jpg 768w\" sizes=\"(max-width: 577px) 100vw, 577px\" \/><span class=\"blog-item-tag\">Bretagne<\/span>                        \n                        <div class=\"blog-compact-item-content\">\n                                                        <h3>Roscoff: d\u00e9couvrez la ville, de la thalasso aux jardins<\/h3>\n                                                        <p>Roscoff, un paradis pour les amoureux de la nature et de la d\u00e9tente. Explorez ses...                            <\/p>\n                                                    <\/div>\n                    <\/div>\n                <\/a>\n            <\/div>\n\t\t\t<div class=\"col-md-4\">\n                <a href=\"https:\/\/cparici.com\/de\/ile-de-batz\/\" class=\"blog-compact-item-container\">\n                    <div class=\"blog-compact-item\">\n                        <img decoding=\"async\" width=\"577\" height=\"206\" src=\"https:\/\/cparici.com\/wp-content\/uploads\/2024\/07\/ile-de-batz.jpg\" class=\"attachment-listeo-blog-related-post size-listeo-blog-related-post wp-post-image\" alt=\"ile de batz\" srcset=\"https:\/\/cparici.com\/wp-content\/uploads\/2024\/07\/ile-de-batz.jpg 1500w, https:\/\/cparici.com\/wp-content\/uploads\/2024\/07\/ile-de-batz-600x214.jpg 600w, https:\/\/cparici.com\/wp-content\/uploads\/2024\/07\/ile-de-batz-300x107.jpg 300w, https:\/\/cparici.com\/wp-content\/uploads\/2024\/07\/ile-de-batz-1024x366.jpg 1024w, https:\/\/cparici.com\/wp-content\/uploads\/2024\/07\/ile-de-batz-768x274.jpg 768w\" sizes=\"(max-width: 577px) 100vw, 577px\" \/><span class=\"blog-item-tag\">Bretagne<\/span>                        \n                        <div class=\"blog-compact-item-content\">\n                                                        <h3>Ile de Batz : guide complet pour une escapade inoubliable<\/h3>\n                                                        <p>Envie de changer d'air ? Partez \u00e0 la d\u00e9couverte de l'ile de Batz, une perle...                            <\/p>\n                                                    <\/div>\n                    <\/div>\n                <\/a>\n            <\/div>\n  <\/div>\n        <\/div>\n        \t\t\t\t<\/div>\n\t\t\t\t<\/div>\n\t\t\t\t\t<\/div>\n\t\t\t\t<\/aside>\n\t\t\t\t<\/div>\n\t\t","protected":false},"excerpt":{"rendered":"<p>Recherches populaires Categories Pas de r\u00e9sultats Voir tous les r\u00e9sultats Saint-Pol-de-L\u00e9on Situ\u00e9e sur la c\u00f4te nord du Finist\u00e8re, Saint-Pol-de-L\u00e9on est une commune riche en histoire et en patrimoine. Ancienne cit\u00e9 \u00e9piscopale, elle s\u00e9duit par son architecture remarquable et ses paysages c\u00f4tiers pittoresques. En tant que capitale l\u00e9gumi\u00e8re de la r\u00e9gion, elle offre \u00e9galement une immersion [&hellip;]<\/p>\n","protected":false},"author":97,"featured_media":58747,"comment_status":"closed","ping_status":"closed","sticky":false,"template":"","format":"standard","meta":{"ngg_post_thumbnail":0,"footnotes":""},"categories":[2533,478,479,477],"tags":[],"class_list":["post-58742","post","type-post","status-publish","format-standard","has-post-thumbnail","hentry","category-saint-pol-de-leon","category-bretagne","category-finistere","category-france"],"_links":{"self":[{"href":"https:\/\/cparici.com\/de\/wp-json\/wp\/v2\/posts\/58742","targetHints":{"allow":["GET"]}}],"collection":[{"href":"https:\/\/cparici.com\/de\/wp-json\/wp\/v2\/posts"}],"about":[{"href":"https:\/\/cparici.com\/de\/wp-json\/wp\/v2\/types\/post"}],"author":[{"embeddable":true,"href":"https:\/\/cparici.com\/de\/wp-json\/wp\/v2\/users\/97"}],"replies":[{"embeddable":true,"href":"https:\/\/cparici.com\/de\/wp-json\/wp\/v2\/comments?post=58742"}],"version-history":[{"count":0,"href":"https:\/\/cparici.com\/de\/wp-json\/wp\/v2\/posts\/58742\/revisions"}],"wp:featuredmedia":[{"embeddable":true,"href":"https:\/\/cparici.com\/de\/wp-json\/wp\/v2\/media\/58747"}],"wp:attachment":[{"href":"https:\/\/cparici.com\/de\/wp-json\/wp\/v2\/media?parent=58742"}],"wp:term":[{"taxonomy":"category","embeddable":true,"href":"https:\/\/cparici.com\/de\/wp-json\/wp\/v2\/categories?post=58742"},{"taxonomy":"post_tag","embeddable":true,"href":"https:\/\/cparici.com\/de\/wp-json\/wp\/v2\/tags?post=58742"}],"curies":[{"name":"wp","href":"https:\/\/api.w.org\/{rel}","templated":true}]}}